{"id":6111,"date":"2019-06-12T16:36:39","date_gmt":"2019-06-12T21:36:39","guid":{"rendered":"https:\/\/live-lajr.pantheonsite.io\/?p=6111"},"modified":"2020-06-10T13:54:37","modified_gmt":"2020-06-10T18:54:37","slug":"jornalista-de-radio-comunitaria-que-se-dedicava-a-temas-de-paz-e-assassinado-no-sul-da-colombia","status":"publish","type":"post","link":"https:\/\/latamjournalismreview.org\/pt-br\/articles\/jornalista-de-radio-comunitaria-que-se-dedicava-a-temas-de-paz-e-assassinado-no-sul-da-colombia\/","title":{"rendered":"Jornalista de r\u00e1dio comunit\u00e1ria que se dedicava a temas de paz \u00e9 assassinado no sul da Col\u00f4mbia"},"content":{"rendered":"<p dir=\"ltr\">O jornalista colombiano <a href=\"https:\/\/flip.org.co\/index.php\/es\/informacion\/pronunciamientos\/item\/2357-la-flip-rechaza-el-asesinato-del-periodista-libardo-montenegro-en-samaniego-y-exige-investigaciones\">Jos\u00e9 Libardo Montenegro, da r\u00e1dio comunit\u00e1ria Samaniego Est\u00e9reo, foi assassinado<\/a> na noite de 11 de junho no munic\u00edpio de Samaniego, no departamento de Nari\u00f1o, no sul do pa\u00eds.<\/p>\n<p dir=\"ltr\">Segundo informa\u00e7\u00f5es do governo de Nari\u00f1o \u00e0 Funda\u00e7\u00e3o para a Liberdade de Imprensa (FLIP), o assassinato foi cometido por dois pistoleiros em uma motocicleta.<\/p>\n<p dir=\"ltr\">Montenegro se concentrava em reportar not\u00edcias sobre o munic\u00edpio e o departamento em diferentes programas na esta\u00e7\u00e3o, de acordo com o que um colega do jornalista disse \u00e0 FLIP.<\/p>\n<p dir=\"ltr\">Segundo El Espectador, <a href=\"https:\/\/www.elespectador.com\/luto-en-samaniego-narino-por-asesinato-del-periodista-libardo-montenegro-articulo-865540\">ele recentemente se dedicava a trabalhar em quest\u00f5es relacionadas \u00e0 paz<\/a>. Na manh\u00e3 de seu assassinato, Montenegro deu uma entrevista a um colega de um programa de televis\u00e3o na qual falaram sobre um <a href=\"https:\/\/flip.org.co\/index.php\/es\/informacion\/pronunciamientos\/item\/2357-la-flip-rechaza-el-asesinato-del-periodista-libardo-montenegro-en-samaniego-y-exige-investigaciones\">encontro pela paz que Montenegro estava organizando para 14 de junho \"em defesa da vida<\/a> e dos direitos humanos em Samaniego\", informou a FLIP.<\/p>\n<p dir=\"ltr\">A r\u00e1dio <a href=\"https:\/\/www.facebook.com\/profile.php?id=100009422091645\">Samaniego Est\u00e9reo<\/a> faz parte do projeto de <a href=\"https:\/\/www.radioscomunitariasparalapaz.co\/proyecto-radios-comunitarias-para-la-paz-y-la-convivencia-resander\/\">R\u00e1dios Comunit\u00e1rias para a Paz e a Conviv\u00eancia<\/a>, apoiado em parte pela Uni\u00e3o Europeia, e que busca fortalecer as r\u00e1dios comunit\u00e1rias do pa\u00eds \"para a constru\u00e7\u00e3o de uma Cultura de Paz nos Territ\u00f3rios\", segundo a <a href=\"https:\/\/twitter.com\/RadiosParaLaPaz\">descri\u00e7\u00e3o em sua conta do Twitter<\/a>.<\/p>\n<p dir=\"ltr\">A embaixadora da Uni\u00e3o Europeia na Col\u00f4mbia, Patricia Llombart, condenou o crime por meio de sua conta no Twitter. \"<a href=\"https:\/\/twitter.com\/llombartpatUE\/status\/1138792886416416770\">Esperamos que com sua voz n\u00e3o se apague o esfor\u00e7o de uma comunidade que luta para construir a paz e a conviv\u00eancia<\/a>\", escreveu Llombart.<\/p>\n<p dir=\"ltr\">O Escrit\u00f3rio do Alto Comissariado das Na\u00e7\u00f5es Unidas para os Direitos Humanos na Col\u00f4mbia tamb\u00e9m condenou no Twitter o assassinato. \"Confiamos [que] as autoridades v\u00e3o investigar e sancionar este crime\", escreveu a organiza\u00e7\u00e3o, acrescentando que \"<a href=\"https:\/\/twitter.com\/ONUHumanRights\/status\/1138823731701305344\">atentar contra a imprensa \u00e9 atentar contra a liberdade de express\u00e3o e a democracia<\/a>\".<\/p>\n<p dir=\"ltr\">A FLIP tamb\u00e9m se uniu a esta condena\u00e7\u00e3o e solicitou uma imediata investiga\u00e7\u00e3o e puni\u00e7\u00e3o dos respons\u00e1veis. \"A FLIP <a href=\"https:\/\/flip.org.co\/index.php\/es\/informacion\/pronunciamientos\/item\/2357-la-flip-rechaza-el-asesinato-del-periodista-libardo-montenegro-en-samaniego-y-exige-investigaciones\">pede ao Minist\u00e9rio P\u00fablico que tenha como hip\u00f3tese da investiga\u00e7\u00e3o sobre os motivos do crime o desenvolvimento do seu trabalho jornal\u00edstico<\/a>\", acrescentou.<\/p>\n<p dir=\"ltr\">A organiza\u00e7\u00e3o colombiana observou com preocupa\u00e7\u00e3o uma declara\u00e7\u00e3o do subcomandante da pol\u00edcia de Nari\u00f1o, que disse que Montenegro fazia an\u00fancios por meio de um alto-falante pelo munic\u00edpio.<\/p>\n<p dir=\"ltr\">\u201cA qualifica\u00e7\u00e3o da Pol\u00edcia n\u00e3o \u00e9 apenas prec\u00e1ria, mas contradit\u00f3ria com o trabalho que Montenegro realizava no munic\u00edpio. Embora a rela\u00e7\u00e3o do assassinato com a profiss\u00e3o esteja em processo de documenta\u00e7\u00e3o, n\u00e3o h\u00e1 uma \u00fanica evid\u00eancia para que a pol\u00edcia desconsidere sua condi\u00e7\u00e3o de jornalista\", escreveu a FLIP. \"Quando as autoridades desconsideram o papel do jornalista, os n\u00fameros oficiais de registro e monitoramento do fen\u00f4meno da viol\u00eancia contra a imprensa podem ser afetados. Os impactos dessa rea\u00e7\u00e3o - imprudente - s\u00e3o agu\u00e7ados em munic\u00edpios como Samaniego, onde a imprensa regional \u00e9 escassa e vulner\u00e1vel\u201d.<\/p>\n<p dir=\"ltr\">De fato, a Samaniego Est\u00e9reo \u00e9 a \u00fanica esta\u00e7\u00e3o de r\u00e1dio comunit\u00e1ria no munic\u00edpio, de acordo com dados do projeto <a href=\"https:\/\/flip.org.co\/cartografias-informacion\/content\/nari%C3%B1o-regi%C3%B3n-del-centro-y-cordillera\">Cartografias da Informa\u00e7\u00e3o<\/a>, da FLIP. \"Samaniego faz parte dos 578 munic\u00edpios com um d\u00e9ficit de oferta de informa\u00e7\u00f5es locais ou zonas silenciadas\", escreveu a FLIP.<\/p>\n<p dir=\"ltr\">H\u00e1 cinco meios de comunica\u00e7\u00e3o no munic\u00edpio no total: dois pertencentes a for\u00e7as de seguran\u00e7a do Estado, uma esta\u00e7\u00e3o de r\u00e1dio comercial, um canal comunit\u00e1rio de televis\u00e3o e a esta\u00e7\u00e3o de r\u00e1dio comunit\u00e1ria. De todos os meios de comunica\u00e7\u00e3o, h\u00e1 apenas um programa de not\u00edcias e \u00e9 nesse em que Montenegro trabalhava, de acordo com o relat\u00f3rio da FLIP.<\/p>\n<p dir=\"ltr\">A cobertura e defesa dos direitos humanos levam riscos na Col\u00f4mbia.<\/p>\n<p dir=\"ltr\">Segundo a Funda\u00e7\u00e3o Paz e Desenvolvimento, Fundepaz, <a href=\"https:\/\/www.eltiempo.com\/colombia\/cali\/asesinaron-a-periodista-jose-libardo-montenegro-en-samaniego-narino-374510\">15 defensores dos direitos humanos foram assassinados neste ano em Nari\u00f1o<\/a>, departamento onde ocorreu o assassinato de Montenegro, informou o El Tiempo.<\/p>\n","protected":false},"excerpt":{"rendered":"<p>Montenegro se concentrava em reportar not\u00edcias sobre o munic\u00edpio e o departamento em diferentes programas na esta\u00e7\u00e3o, de acordo com o que um colega do jornalista disse \u00e0 FLIP.<\/p>\n","protected":false},"author":13,"featured_media":0,"comment_status":"closed","ping_status":"closed","sticky":false,"template":"","format":"standard","meta":{"inline_featured_image":false,"footnotes":""},"categories":[1221],"tags":[1552,1396],"coauthors":[],"class_list":["post-6111","post","type-post","status-publish","format-standard","hentry","category-violencia-contra-jornalistas-pt-br","tag-assassinatos-de-jornalistas-pt-br","tag-colombia-pt-br-2"],"acf":[],"yoast_head":"<!-- This site is optimized with the Yoast SEO Premium plugin v22.6 (Yoast SEO v27.4) - https:\/\/yoast.com\/product\/yoast-seo-premium-wordpress\/ -->\n<title>Jornalista de r\u00e1dio comunit\u00e1ria que se dedicava a temas de paz \u00e9 assassinado no sul da Col\u00f4mbia - LatAm Journalism Review by the Knight Center<\/title>\n<meta name=\"description\" content=\"Jornalista de r\u00e1dio comunit\u00e1ria que se dedicava a temas de paz \u00e9 assassinado no sul da Col\u00f4mbia Viol\u00eancia contra jornalistas. Latin American Journalism Review by The Knight Center at The University of Texas at Austin.\" \/>\n<meta name=\"robots\" content=\"index, follow, max-snippet:-1, max-image-preview:large, max-video-preview:-1\" \/>\n<link rel=\"canonical\" href=\"https:\/\/latamjournalismreview.org\/pt-br\/articles\/jornalista-de-radio-comunitaria-que-se-dedicava-a-temas-de-paz-e-assassinado-no-sul-da-colombia\/\" \/>\n<meta property=\"og:locale\" content=\"pt_BR\" \/>\n<meta property=\"og:type\" content=\"article\" \/>\n<meta property=\"og:title\" content=\"Jornalista de r\u00e1dio comunit\u00e1ria que se dedicava a temas de paz \u00e9 assassinado no sul da Col\u00f4mbia\" \/>\n<meta property=\"og:description\" content=\"Jornalista de r\u00e1dio comunit\u00e1ria que se dedicava a temas de paz \u00e9 assassinado no sul da Col\u00f4mbia Viol\u00eancia contra jornalistas. Latin American Journalism Review by The Knight Center at The University of Texas at Austin.\" \/>\n<meta property=\"og:url\" content=\"https:\/\/latamjournalismreview.org\/pt-br\/articles\/jornalista-de-radio-comunitaria-que-se-dedicava-a-temas-de-paz-e-assassinado-no-sul-da-colombia\/\" \/>\n<meta property=\"og:site_name\" content=\"LatAm Journalism Review by the Knight Center\" \/>\n<meta property=\"article:published_time\" content=\"2019-06-12T21:36:39+00:00\" \/>\n<meta property=\"article:modified_time\" content=\"2020-06-10T18:54:37+00:00\" \/>\n<meta name=\"author\" content=\"Silvia Higuera\" \/>\n<meta name=\"twitter:card\" content=\"summary_large_image\" \/>\n<meta name=\"twitter:creator\" content=\"@shiguerita\" \/>\n<meta name=\"twitter:site\" content=\"@LatAmJournalism\" \/>\n<meta name=\"twitter:label1\" content=\"Written by\" \/>\n\t<meta name=\"twitter:data1\" content=\"Silvia Higuera\" \/>\n\t<meta name=\"twitter:label2\" content=\"Est. reading time\" \/>\n\t<meta name=\"twitter:data2\" content=\"3 minutos\" \/>\n<script type=\"application\/ld+json\" class=\"yoast-schema-graph\">{\"@context\":\"https:\\\/\\\/schema.org\",\"@graph\":[{\"@type\":\"Article\",\"@id\":\"https:\\\/\\\/latamjournalismreview.org\\\/pt-br\\\/articles\\\/jornalista-de-radio-comunitaria-que-se-dedicava-a-temas-de-paz-e-assassinado-no-sul-da-colombia\\\/#article\",\"isPartOf\":{\"@id\":\"https:\\\/\\\/latamjournalismreview.org\\\/pt-br\\\/articles\\\/jornalista-de-radio-comunitaria-que-se-dedicava-a-temas-de-paz-e-assassinado-no-sul-da-colombia\\\/\"},\"author\":{\"name\":\"Silvia Higuera\",\"@id\":\"https:\\\/\\\/latamjournalismreview.org\\\/pt-br\\\/#\\\/schema\\\/person\\\/eac7baa6afada0957e047be9fc15703a\"},\"headline\":\"Jornalista de r\u00e1dio comunit\u00e1ria que se dedicava a temas de paz \u00e9 assassinado no sul da Col\u00f4mbia\",\"datePublished\":\"2019-06-12T21:36:39+00:00\",\"dateModified\":\"2020-06-10T18:54:37+00:00\",\"mainEntityOfPage\":{\"@id\":\"https:\\\/\\\/latamjournalismreview.org\\\/pt-br\\\/articles\\\/jornalista-de-radio-comunitaria-que-se-dedicava-a-temas-de-paz-e-assassinado-no-sul-da-colombia\\\/\"},\"wordCount\":701,\"publisher\":{\"@id\":\"https:\\\/\\\/latamjournalismreview.org\\\/pt-br\\\/#organization\"},\"keywords\":[\"Assassinatos de jornalistas\",\"Col\u00f4mbia\"],\"articleSection\":[\"Viol\u00eancia contra jornalistas\"],\"inLanguage\":\"pt-BR\"},{\"@type\":\"WebPage\",\"@id\":\"https:\\\/\\\/latamjournalismreview.org\\\/pt-br\\\/articles\\\/jornalista-de-radio-comunitaria-que-se-dedicava-a-temas-de-paz-e-assassinado-no-sul-da-colombia\\\/\",\"url\":\"https:\\\/\\\/latamjournalismreview.org\\\/pt-br\\\/articles\\\/jornalista-de-radio-comunitaria-que-se-dedicava-a-temas-de-paz-e-assassinado-no-sul-da-colombia\\\/\",\"name\":\"Jornalista de r\u00e1dio comunit\u00e1ria que se dedicava a temas de paz \u00e9 assassinado no sul da Col\u00f4mbia - LatAm Journalism Review by the Knight Center\",\"isPartOf\":{\"@id\":\"https:\\\/\\\/latamjournalismreview.org\\\/pt-br\\\/#website\"},\"datePublished\":\"2019-06-12T21:36:39+00:00\",\"dateModified\":\"2020-06-10T18:54:37+00:00\",\"description\":\"Jornalista de r\u00e1dio comunit\u00e1ria que se dedicava a temas de paz \u00e9 assassinado no sul da Col\u00f4mbia Viol\u00eancia contra jornalistas. Latin American Journalism Review by The Knight Center at The University of Texas at Austin.\",\"breadcrumb\":{\"@id\":\"https:\\\/\\\/latamjournalismreview.org\\\/pt-br\\\/articles\\\/jornalista-de-radio-comunitaria-que-se-dedicava-a-temas-de-paz-e-assassinado-no-sul-da-colombia\\\/#breadcrumb\"},\"inLanguage\":\"pt-BR\",\"potentialAction\":[{\"@type\":\"ReadAction\",\"target\":[\"https:\\\/\\\/latamjournalismreview.org\\\/pt-br\\\/articles\\\/jornalista-de-radio-comunitaria-que-se-dedicava-a-temas-de-paz-e-assassinado-no-sul-da-colombia\\\/\"]}]},{\"@type\":\"BreadcrumbList\",\"@id\":\"https:\\\/\\\/latamjournalismreview.org\\\/pt-br\\\/articles\\\/jornalista-de-radio-comunitaria-que-se-dedicava-a-temas-de-paz-e-assassinado-no-sul-da-colombia\\\/#breadcrumb\",\"itemListElement\":[{\"@type\":\"ListItem\",\"position\":1,\"name\":\"Home\",\"item\":\"https:\\\/\\\/latamjournalismreview.org\\\/pt-br\\\/\"},{\"@type\":\"ListItem\",\"position\":2,\"name\":\"Jornalista de r\u00e1dio comunit\u00e1ria que se dedicava a temas de paz \u00e9 assassinado no sul da Col\u00f4mbia\"}]},{\"@type\":\"WebSite\",\"@id\":\"https:\\\/\\\/latamjournalismreview.org\\\/pt-br\\\/#website\",\"url\":\"https:\\\/\\\/latamjournalismreview.org\\\/pt-br\\\/\",\"name\":\"LatAm Journalism Review\",\"description\":\"Digital magazine on journalism in Latin America\",\"publisher\":{\"@id\":\"https:\\\/\\\/latamjournalismreview.org\\\/pt-br\\\/#organization\"},\"potentialAction\":[{\"@type\":\"SearchAction\",\"target\":{\"@type\":\"EntryPoint\",\"urlTemplate\":\"https:\\\/\\\/latamjournalismreview.org\\\/pt-br\\\/?s={search_term_string}\"},\"query-input\":{\"@type\":\"PropertyValueSpecification\",\"valueRequired\":true,\"valueName\":\"search_term_string\"}}],\"inLanguage\":\"pt-BR\"},{\"@type\":\"Organization\",\"@id\":\"https:\\\/\\\/latamjournalismreview.org\\\/pt-br\\\/#organization\",\"name\":\"LatAm Journalism Review\",\"url\":\"https:\\\/\\\/latamjournalismreview.org\\\/pt-br\\\/\",\"logo\":{\"@type\":\"ImageObject\",\"inLanguage\":\"pt-BR\",\"@id\":\"https:\\\/\\\/latamjournalismreview.org\\\/pt-br\\\/#\\\/schema\\\/logo\\\/image\\\/\",\"url\":\"https:\\\/\\\/latamjournalismreview.org\\\/wp-content\\\/uploads\\\/2020\\\/05\\\/knight-latAm-review-logo.svg\",\"contentUrl\":\"https:\\\/\\\/latamjournalismreview.org\\\/wp-content\\\/uploads\\\/2020\\\/05\\\/knight-latAm-review-logo.svg\",\"width\":\"1024\",\"height\":\"1024\",\"caption\":\"LatAm Journalism Review\"},\"image\":{\"@id\":\"https:\\\/\\\/latamjournalismreview.org\\\/pt-br\\\/#\\\/schema\\\/logo\\\/image\\\/\"},\"sameAs\":[\"https:\\\/\\\/x.com\\\/LatAmJournalism\"]},{\"@type\":\"Person\",\"@id\":\"https:\\\/\\\/latamjournalismreview.org\\\/pt-br\\\/#\\\/schema\\\/person\\\/eac7baa6afada0957e047be9fc15703a\",\"name\":\"Silvia Higuera\",\"description\":\"Silvia A. Higuera Fl\u00f3rez is a Colombian journalist interested in covering Latin American issues and human rights, especially the right to freedom of expression, and investigative journalism. She studied Social Communication and Journalism at Universidad Pontificia Bolivariana in Bucaramanga (Colombia), and received her Master's of Arts in Journalism from the University of Texas at Austin in 2015. She worked with the Office of the Special Rapporteur for Freedom of Expression of the Inter-American Commission on Human Rights (IACHR) under the Orlando Sierra fellowship during 2014. She also worked for the Colombian newspaper Vanguardia Liberal and wrote for different magazines about local, economic and public order issues. Her work has also appeared in The Miami Herald and El Nuevo Herald of Miami. Email: silvia.knightcenter@gmail.com Silvia A. Higuera Fl\u00f3rez es una periodista colombiana con inter\u00e9s period\u00edstico es Am\u00e9rica Latina y los derechos humanos, particularmente el derecho a la libertad de expresi\u00f3n, as\u00ed como el periodismo de investigaci\u00f3n. Estudi\u00f3 Comunicaci\u00f3n Social \u2013 Periodismo en la Universidad Pontificia Bolivariana de Bucaramanga (Colombia), y recibi\u00f3 su maestr\u00eda en Periodismo en la Universidad de Texas, en Austin en 2015. Trabaj\u00f3 para la Relator\u00eda Especial para la Libertad de Expresi\u00f3n de la Comisi\u00f3n Interamericana de Derechos Humanos (CIDH) en el marco de la beca Orlando Sierra, durante 2014. Tambi\u00e9n hizo parte del diario Vanguardia Liberal y escribi\u00f3 para otras revistas colombianas cubriendo fuentes locales, econ\u00f3micas y judiciales. Algunos de sus trabajos han aparecido en The Miami Herald y El Nuevo Herald de Miami. Silvia A. Higuera Fl\u00f3rez \u00e9 uma jornalista colombiana e seu interesse jornal\u00edstico \u00e9 a Am\u00e9rica Latina e os direitos humanos, nomeadamente o direito \u00e0 liberdade de express\u00e3o. Estudou Comunica\u00e7\u00e3o Social \u2013 Jornalismo na Universidade Pontif\u00edcia Bolivariana de Bucaramanga, na Col\u00f4mbia e completou seu mestrado em jornalismo na Universidade do Texas em Austin. Silvia trabalhou na Relatoria para a Liberdade de Express\u00e3o da CIDH pela bolsa Orlando Sierra, em 2014. Trabalhou para o jornal Vanguardia Liberal e escreveu para outras revistas colombianas cobrindo temas locais, econ\u00f4micas e judici\u00e1rias. Alguns de seus trabalhos apareceram no The Miami Herald e no El Nuevo Herald de Miami.\",\"sameAs\":[\"https:\\\/\\\/x.com\\\/shiguerita\"],\"url\":\"https:\\\/\\\/latamjournalismreview.org\\\/pt-br\\\/articles\\\/author\\\/silvia-higuera\\\/\"}]}<\/script>\n<!-- \/ Yoast SEO Premium plugin. -->","yoast_head_json":{"title":"Jornalista de r\u00e1dio comunit\u00e1ria que se dedicava a temas de paz \u00e9 assassinado no sul da Col\u00f4mbia - LatAm Journalism Review by the Knight Center","description":"Jornalista de r\u00e1dio comunit\u00e1ria que se dedicava a temas de paz \u00e9 assassinado no sul da Col\u00f4mbia Viol\u00eancia contra jornalistas. Latin American Journalism Review by The Knight Center at The University of Texas at Austin.","robots":{"index":"index","follow":"follow","max-snippet":"max-snippet:-1","max-image-preview":"max-image-preview:large","max-video-preview":"max-video-preview:-1"},"canonical":"https:\/\/latamjournalismreview.org\/pt-br\/articles\/jornalista-de-radio-comunitaria-que-se-dedicava-a-temas-de-paz-e-assassinado-no-sul-da-colombia\/","og_locale":"pt_BR","og_type":"article","og_title":"Jornalista de r\u00e1dio comunit\u00e1ria que se dedicava a temas de paz \u00e9 assassinado no sul da Col\u00f4mbia","og_description":"Jornalista de r\u00e1dio comunit\u00e1ria que se dedicava a temas de paz \u00e9 assassinado no sul da Col\u00f4mbia Viol\u00eancia contra jornalistas. Latin American Journalism Review by The Knight Center at The University of Texas at Austin.","og_url":"https:\/\/latamjournalismreview.org\/pt-br\/articles\/jornalista-de-radio-comunitaria-que-se-dedicava-a-temas-de-paz-e-assassinado-no-sul-da-colombia\/","og_site_name":"LatAm Journalism Review by the Knight Center","article_published_time":"2019-06-12T21:36:39+00:00","article_modified_time":"2020-06-10T18:54:37+00:00","author":"Silvia Higuera","twitter_card":"summary_large_image","twitter_creator":"@shiguerita","twitter_site":"@LatAmJournalism","twitter_misc":{"Written by":"Silvia Higuera","Est. reading time":"3 minutos"},"schema":{"@context":"https:\/\/schema.org","@graph":[{"@type":"Article","@id":"https:\/\/latamjournalismreview.org\/pt-br\/articles\/jornalista-de-radio-comunitaria-que-se-dedicava-a-temas-de-paz-e-assassinado-no-sul-da-colombia\/#article","isPartOf":{"@id":"https:\/\/latamjournalismreview.org\/pt-br\/articles\/jornalista-de-radio-comunitaria-que-se-dedicava-a-temas-de-paz-e-assassinado-no-sul-da-colombia\/"},"author":{"name":"Silvia Higuera","@id":"https:\/\/latamjournalismreview.org\/pt-br\/#\/schema\/person\/eac7baa6afada0957e047be9fc15703a"},"headline":"Jornalista de r\u00e1dio comunit\u00e1ria que se dedicava a temas de paz \u00e9 assassinado no sul da Col\u00f4mbia","datePublished":"2019-06-12T21:36:39+00:00","dateModified":"2020-06-10T18:54:37+00:00","mainEntityOfPage":{"@id":"https:\/\/latamjournalismreview.org\/pt-br\/articles\/jornalista-de-radio-comunitaria-que-se-dedicava-a-temas-de-paz-e-assassinado-no-sul-da-colombia\/"},"wordCount":701,"publisher":{"@id":"https:\/\/latamjournalismreview.org\/pt-br\/#organization"},"keywords":["Assassinatos de jornalistas","Col\u00f4mbia"],"articleSection":["Viol\u00eancia contra jornalistas"],"inLanguage":"pt-BR"},{"@type":"WebPage","@id":"https:\/\/latamjournalismreview.org\/pt-br\/articles\/jornalista-de-radio-comunitaria-que-se-dedicava-a-temas-de-paz-e-assassinado-no-sul-da-colombia\/","url":"https:\/\/latamjournalismreview.org\/pt-br\/articles\/jornalista-de-radio-comunitaria-que-se-dedicava-a-temas-de-paz-e-assassinado-no-sul-da-colombia\/","name":"Jornalista de r\u00e1dio comunit\u00e1ria que se dedicava a temas de paz \u00e9 assassinado no sul da Col\u00f4mbia - LatAm Journalism Review by the Knight Center","isPartOf":{"@id":"https:\/\/latamjournalismreview.org\/pt-br\/#website"},"datePublished":"2019-06-12T21:36:39+00:00","dateModified":"2020-06-10T18:54:37+00:00","description":"Jornalista de r\u00e1dio comunit\u00e1ria que se dedicava a temas de paz \u00e9 assassinado no sul da Col\u00f4mbia Viol\u00eancia contra jornalistas. Latin American Journalism Review by The Knight Center at The University of Texas at Austin.","breadcrumb":{"@id":"https:\/\/latamjournalismreview.org\/pt-br\/articles\/jornalista-de-radio-comunitaria-que-se-dedicava-a-temas-de-paz-e-assassinado-no-sul-da-colombia\/#breadcrumb"},"inLanguage":"pt-BR","potentialAction":[{"@type":"ReadAction","target":["https:\/\/latamjournalismreview.org\/pt-br\/articles\/jornalista-de-radio-comunitaria-que-se-dedicava-a-temas-de-paz-e-assassinado-no-sul-da-colombia\/"]}]},{"@type":"BreadcrumbList","@id":"https:\/\/latamjournalismreview.org\/pt-br\/articles\/jornalista-de-radio-comunitaria-que-se-dedicava-a-temas-de-paz-e-assassinado-no-sul-da-colombia\/#breadcrumb","itemListElement":[{"@type":"ListItem","position":1,"name":"Home","item":"https:\/\/latamjournalismreview.org\/pt-br\/"},{"@type":"ListItem","position":2,"name":"Jornalista de r\u00e1dio comunit\u00e1ria que se dedicava a temas de paz \u00e9 assassinado no sul da Col\u00f4mbia"}]},{"@type":"WebSite","@id":"https:\/\/latamjournalismreview.org\/pt-br\/#website","url":"https:\/\/latamjournalismreview.org\/pt-br\/","name":"LatAm Journalism Review","description":"Digital magazine on journalism in Latin America","publisher":{"@id":"https:\/\/latamjournalismreview.org\/pt-br\/#organization"},"potentialAction":[{"@type":"SearchAction","target":{"@type":"EntryPoint","urlTemplate":"https:\/\/latamjournalismreview.org\/pt-br\/?s={search_term_string}"},"query-input":{"@type":"PropertyValueSpecification","valueRequired":true,"valueName":"search_term_string"}}],"inLanguage":"pt-BR"},{"@type":"Organization","@id":"https:\/\/latamjournalismreview.org\/pt-br\/#organization","name":"LatAm Journalism Review","url":"https:\/\/latamjournalismreview.org\/pt-br\/","logo":{"@type":"ImageObject","inLanguage":"pt-BR","@id":"https:\/\/latamjournalismreview.org\/pt-br\/#\/schema\/logo\/image\/","url":"https:\/\/latamjournalismreview.org\/wp-content\/uploads\/2020\/05\/knight-latAm-review-logo.svg","contentUrl":"https:\/\/latamjournalismreview.org\/wp-content\/uploads\/2020\/05\/knight-latAm-review-logo.svg","width":"1024","height":"1024","caption":"LatAm Journalism Review"},"image":{"@id":"https:\/\/latamjournalismreview.org\/pt-br\/#\/schema\/logo\/image\/"},"sameAs":["https:\/\/x.com\/LatAmJournalism"]},{"@type":"Person","@id":"https:\/\/latamjournalismreview.org\/pt-br\/#\/schema\/person\/eac7baa6afada0957e047be9fc15703a","name":"Silvia Higuera","description":"Silvia A. Higuera Fl\u00f3rez is a Colombian journalist interested in covering Latin American issues and human rights, especially the right to freedom of expression, and investigative journalism. She studied Social Communication and Journalism at Universidad Pontificia Bolivariana in Bucaramanga (Colombia), and received her Master's of Arts in Journalism from the University of Texas at Austin in 2015. She worked with the Office of the Special Rapporteur for Freedom of Expression of the Inter-American Commission on Human Rights (IACHR) under the Orlando Sierra fellowship during 2014. She also worked for the Colombian newspaper Vanguardia Liberal and wrote for different magazines about local, economic and public order issues. Her work has also appeared in The Miami Herald and El Nuevo Herald of Miami. Email: silvia.knightcenter@gmail.com Silvia A. Higuera Fl\u00f3rez es una periodista colombiana con inter\u00e9s period\u00edstico es Am\u00e9rica Latina y los derechos humanos, particularmente el derecho a la libertad de expresi\u00f3n, as\u00ed como el periodismo de investigaci\u00f3n. Estudi\u00f3 Comunicaci\u00f3n Social \u2013 Periodismo en la Universidad Pontificia Bolivariana de Bucaramanga (Colombia), y recibi\u00f3 su maestr\u00eda en Periodismo en la Universidad de Texas, en Austin en 2015. Trabaj\u00f3 para la Relator\u00eda Especial para la Libertad de Expresi\u00f3n de la Comisi\u00f3n Interamericana de Derechos Humanos (CIDH) en el marco de la beca Orlando Sierra, durante 2014. Tambi\u00e9n hizo parte del diario Vanguardia Liberal y escribi\u00f3 para otras revistas colombianas cubriendo fuentes locales, econ\u00f3micas y judiciales. Algunos de sus trabajos han aparecido en The Miami Herald y El Nuevo Herald de Miami. Silvia A. Higuera Fl\u00f3rez \u00e9 uma jornalista colombiana e seu interesse jornal\u00edstico \u00e9 a Am\u00e9rica Latina e os direitos humanos, nomeadamente o direito \u00e0 liberdade de express\u00e3o. Estudou Comunica\u00e7\u00e3o Social \u2013 Jornalismo na Universidade Pontif\u00edcia Bolivariana de Bucaramanga, na Col\u00f4mbia e completou seu mestrado em jornalismo na Universidade do Texas em Austin. Silvia trabalhou na Relatoria para a Liberdade de Express\u00e3o da CIDH pela bolsa Orlando Sierra, em 2014. Trabalhou para o jornal Vanguardia Liberal e escreveu para outras revistas colombianas cobrindo temas locais, econ\u00f4micas e judici\u00e1rias. Alguns de seus trabalhos apareceram no The Miami Herald e no El Nuevo Herald de Miami.","sameAs":["https:\/\/x.com\/shiguerita"],"url":"https:\/\/latamjournalismreview.org\/pt-br\/articles\/author\/silvia-higuera\/"}]}},"_links":{"self":[{"href":"https:\/\/latamjournalismreview.org\/pt-br\/wp-json\/wp\/v2\/posts\/6111","targetHints":{"allow":["GET"]}}],"collection":[{"href":"https:\/\/latamjournalismreview.org\/pt-br\/wp-json\/wp\/v2\/posts"}],"about":[{"href":"https:\/\/latamjournalismreview.org\/pt-br\/wp-json\/wp\/v2\/types\/post"}],"author":[{"embeddable":true,"href":"https:\/\/latamjournalismreview.org\/pt-br\/wp-json\/wp\/v2\/users\/13"}],"replies":[{"embeddable":true,"href":"https:\/\/latamjournalismreview.org\/pt-br\/wp-json\/wp\/v2\/comments?post=6111"}],"version-history":[{"count":1,"href":"https:\/\/latamjournalismreview.org\/pt-br\/wp-json\/wp\/v2\/posts\/6111\/revisions"}],"predecessor-version":[{"id":6112,"href":"https:\/\/latamjournalismreview.org\/pt-br\/wp-json\/wp\/v2\/posts\/6111\/revisions\/6112"}],"wp:attachment":[{"href":"https:\/\/latamjournalismreview.org\/pt-br\/wp-json\/wp\/v2\/media?parent=6111"}],"wp:term":[{"taxonomy":"category","embeddable":true,"href":"https:\/\/latamjournalismreview.org\/pt-br\/wp-json\/wp\/v2\/categories?post=6111"},{"taxonomy":"post_tag","embeddable":true,"href":"https:\/\/latamjournalismreview.org\/pt-br\/wp-json\/wp\/v2\/tags?post=6111"},{"taxonomy":"author","embeddable":true,"href":"https:\/\/latamjournalismreview.org\/pt-br\/wp-json\/wp\/v2\/coauthors?post=6111"}],"curies":[{"name":"wp","href":"https:\/\/api.w.org\/{rel}","templated":true}]}}