{"id":61885,"date":"2010-10-07T20:28:36","date_gmt":"2010-10-08T01:28:36","guid":{"rendered":"https:\/\/latamjournalismreview.org\/?p=61885"},"modified":"2022-07-18T20:42:01","modified_gmt":"2022-07-19T01:42:01","slug":"ex-presidente-uribe-assume-responsabilidade-pela-espionagem-de-jornalistas-e-opositores-na-colombia","status":"publish","type":"post","link":"https:\/\/latamjournalismreview.org\/pt-br\/articles\/ex-presidente-uribe-assume-responsabilidade-pela-espionagem-de-jornalistas-e-opositores-na-colombia\/","title":{"rendered":"Ex-presidente Uribe assume responsabilidade pela espionagem de jornalistas e opositores na Col\u00f4mbia"},"content":{"rendered":"<p><em>Por Maira Magro<\/em><\/p>\n<p>O ex-presidente da Col\u00f4mbia, \u00c1lvaro Uribe, assumiu \u201c<a href=\"http:\/\/lta.reuters.com\/article\/domesticNews\/idLTASIE69503K20101006\">responsabilidade jur\u00eddica e pol\u00edtica<\/a>\" pela\u00a0<a href=\"http:\/\/www.elespectador.com\/noticias\/politica\/articulo-227989-uribe-asume-responsabilidad-su-secretario-bernardo-moreno\">atua\u00e7\u00e3o de seu ex-chefe de gabinete<\/a>, Bernardo Moreno, um dos nove funcion\u00e1rios punidos pela espionagem\u00a0<a href=\"http:\/\/knightcenter.utexas.edu\/pt-br\/search\/node\/Col%C3%B4mbia%20espionagem%3C\/a\">de jornalistas, magistrados e opositores pol\u00edticos, noticiam a Reuters e El Espectador.<\/a><\/p>\n<p>Uribe tamb\u00e9m anunciou que\u00a0<a href=\"http:\/\/www.eltiempo.com\/justicia\/uribe-pone-su-limite-en-caso-das_8081621-4\">se coloca \u00e0 disposi\u00e7\u00e3o do Congresso e da Suprema Corte<\/a>, afirma o jornal El Tiempo, depois que um legislador pediu investiga\u00e7\u00f5es sobre sua responsabilidade pela espionagem feita pelo departamento de intelig\u00eancia do governo colombiano. Uribe negou que tenha determinado escutas telef\u00f4nicas ilegais.<\/p>\n<p>Bernardo Moreno foi declarado\u00a0<a href=\"http:\/\/www.google.com\/hostednews\/epa\/article\/ALeqM5jHqOpYt4uC47g3DQFs5zdq87WXAQ?docId=1377996\">impedido de assumir cargos p\u00fablicos por 18 anos<\/a>\u00a0pelo seu envolvimento no esc\u00e2ndalo, diz a EFE. Outros funcion\u00e1rios do c\u00edrculo mais pr\u00f3ximo ao presidente tamb\u00e9m foram sancionados,\u00a0<a href=\"http:\/\/www.bbc.co.uk\/mundo\/noticias\/2010\/10\/101004_colombia_sancion_colaborador_secretario_uribe_jp.shtml\">trazendo \u00e0 tona mais uma vez o debate sobre quem deu as ordens para a espionagem<\/a>, afirma a BBC Mundo.<\/p>\n<p>Simpatizantes de Uribe elogiaram seu posicionamento, mas opositores se perguntam se\u00a0<a href=\"http:\/\/www.bbc.co.uk\/mundo\/noticias\/2010\/10\/101005_colombia_escuhas_uribe_lav.shtml\">o presidente est\u00e1 fugindo de sua responsabilidade<\/a>\u00a0ao dizer que \"nunca prop\u00f4s atividades ilegais\".<\/p>\n<p><em>Nota do editor: Essa hist\u00f3ria foi publicada originalmente no blog de jornalismo nas Am\u00e9ricas do Centro Knight, o predecessor do LatAm Journalism Review.<\/em><\/p>\n","protected":false},"excerpt":{"rendered":"<p>O ex-presidente da Col\u00f4mbia, \u00c1lvaro Uribe, assumiu \u201cresponsabilidade jur\u00eddica e pol\u00edtica\" pela\u00a0atua\u00e7\u00e3o de seu ex-chefe de gabinete, Bernardo Moreno, um dos nove funcion\u00e1rios punidos pela espionagem\u00a0de jornalistas, magistrados e opositores pol\u00edticos, noticiam a Reuters e El Espectador.<\/p>\n","protected":false},"author":17,"featured_media":0,"comment_status":"closed","ping_status":"closed","sticky":false,"template":"","format":"standard","meta":{"inline_featured_image":false,"footnotes":""},"categories":[1219],"tags":[1396,1574,2051],"coauthors":[],"class_list":["post-61885","post","type-post","status-publish","format-standard","hentry","category-liberdade-de-imprensa-pt-br","tag-colombia-pt-br-2","tag-espionagem-pt-br","tag-liberdade-de-expressao-pt-br"],"acf":[],"yoast_head":"<!-- This site is optimized with the Yoast SEO Premium plugin v22.6 (Yoast SEO v27.4) - https:\/\/yoast.com\/product\/yoast-seo-premium-wordpress\/ -->\n<title>Ex-presidente Uribe assume responsabilidade pela espionagem de jornalistas e opositores na Col\u00f4mbia - LatAm Journalism Review by the Knight Center<\/title>\n<meta name=\"description\" content=\"Ex-presidente Uribe assume responsabilidade pela espionagem de jornalistas e opositores na Col\u00f4mbia Liberdade de imprensa. Latin American Journalism Review by The Knight Center at The University of Texas at Austin.\" \/>\n<meta name=\"robots\" content=\"index, follow, max-snippet:-1, max-image-preview:large, max-video-preview:-1\" \/>\n<link rel=\"canonical\" href=\"https:\/\/latamjournalismreview.org\/pt-br\/articles\/ex-presidente-uribe-assume-responsabilidade-pela-espionagem-de-jornalistas-e-opositores-na-colombia\/\" \/>\n<meta property=\"og:locale\" content=\"pt_BR\" \/>\n<meta property=\"og:type\" content=\"article\" \/>\n<meta property=\"og:title\" content=\"Ex-presidente Uribe assume responsabilidade pela espionagem de jornalistas e opositores na Col\u00f4mbia\" \/>\n<meta property=\"og:description\" content=\"Ex-presidente Uribe assume responsabilidade pela espionagem de jornalistas e opositores na Col\u00f4mbia Liberdade de imprensa. Latin American Journalism Review by The Knight Center at The University of Texas at Austin.\" \/>\n<meta property=\"og:url\" content=\"https:\/\/latamjournalismreview.org\/pt-br\/articles\/ex-presidente-uribe-assume-responsabilidade-pela-espionagem-de-jornalistas-e-opositores-na-colombia\/\" \/>\n<meta property=\"og:site_name\" content=\"LatAm Journalism Review by the Knight Center\" \/>\n<meta property=\"article:published_time\" content=\"2010-10-08T01:28:36+00:00\" \/>\n<meta property=\"article:modified_time\" content=\"2022-07-19T01:42:01+00:00\" \/>\n<meta name=\"author\" content=\"Guest\" \/>\n<meta name=\"twitter:card\" content=\"summary_large_image\" \/>\n<meta name=\"twitter:creator\" content=\"@LatAmJournalism\" \/>\n<meta name=\"twitter:site\" content=\"@LatAmJournalism\" \/>\n<meta name=\"twitter:label1\" content=\"Written by\" \/>\n\t<meta name=\"twitter:data1\" content=\"Guest\" \/>\n\t<meta name=\"twitter:label2\" content=\"Est. reading time\" \/>\n\t<meta name=\"twitter:data2\" content=\"1 minuto\" \/>\n<script type=\"application\/ld+json\" class=\"yoast-schema-graph\">{\"@context\":\"https:\\\/\\\/schema.org\",\"@graph\":[{\"@type\":\"Article\",\"@id\":\"https:\\\/\\\/latamjournalismreview.org\\\/pt-br\\\/articles\\\/ex-presidente-uribe-assume-responsabilidade-pela-espionagem-de-jornalistas-e-opositores-na-colombia\\\/#article\",\"isPartOf\":{\"@id\":\"https:\\\/\\\/latamjournalismreview.org\\\/pt-br\\\/articles\\\/ex-presidente-uribe-assume-responsabilidade-pela-espionagem-de-jornalistas-e-opositores-na-colombia\\\/\"},\"author\":{\"name\":\"Guest\",\"@id\":\"https:\\\/\\\/latamjournalismreview.org\\\/pt-br\\\/#\\\/schema\\\/person\\\/0315202e0b3c0963a2440f1c3012c360\"},\"headline\":\"Ex-presidente Uribe assume responsabilidade pela espionagem de jornalistas e opositores na Col\u00f4mbia\",\"datePublished\":\"2010-10-08T01:28:36+00:00\",\"dateModified\":\"2022-07-19T01:42:01+00:00\",\"mainEntityOfPage\":{\"@id\":\"https:\\\/\\\/latamjournalismreview.org\\\/pt-br\\\/articles\\\/ex-presidente-uribe-assume-responsabilidade-pela-espionagem-de-jornalistas-e-opositores-na-colombia\\\/\"},\"wordCount\":217,\"publisher\":{\"@id\":\"https:\\\/\\\/latamjournalismreview.org\\\/pt-br\\\/#organization\"},\"keywords\":[\"Col\u00f4mbia\",\"Espionagem\",\"Liberdade de express\u00e3o\"],\"articleSection\":[\"Liberdade de imprensa\"],\"inLanguage\":\"pt-BR\"},{\"@type\":\"WebPage\",\"@id\":\"https:\\\/\\\/latamjournalismreview.org\\\/pt-br\\\/articles\\\/ex-presidente-uribe-assume-responsabilidade-pela-espionagem-de-jornalistas-e-opositores-na-colombia\\\/\",\"url\":\"https:\\\/\\\/latamjournalismreview.org\\\/pt-br\\\/articles\\\/ex-presidente-uribe-assume-responsabilidade-pela-espionagem-de-jornalistas-e-opositores-na-colombia\\\/\",\"name\":\"Ex-presidente Uribe assume responsabilidade pela espionagem de jornalistas e opositores na Col\u00f4mbia - LatAm Journalism Review by the Knight Center\",\"isPartOf\":{\"@id\":\"https:\\\/\\\/latamjournalismreview.org\\\/pt-br\\\/#website\"},\"datePublished\":\"2010-10-08T01:28:36+00:00\",\"dateModified\":\"2022-07-19T01:42:01+00:00\",\"description\":\"Ex-presidente Uribe assume responsabilidade pela espionagem de jornalistas e opositores na Col\u00f4mbia Liberdade de imprensa. Latin American Journalism Review by The Knight Center at The University of Texas at Austin.\",\"breadcrumb\":{\"@id\":\"https:\\\/\\\/latamjournalismreview.org\\\/pt-br\\\/articles\\\/ex-presidente-uribe-assume-responsabilidade-pela-espionagem-de-jornalistas-e-opositores-na-colombia\\\/#breadcrumb\"},\"inLanguage\":\"pt-BR\",\"potentialAction\":[{\"@type\":\"ReadAction\",\"target\":[\"https:\\\/\\\/latamjournalismreview.org\\\/pt-br\\\/articles\\\/ex-presidente-uribe-assume-responsabilidade-pela-espionagem-de-jornalistas-e-opositores-na-colombia\\\/\"]}]},{\"@type\":\"BreadcrumbList\",\"@id\":\"https:\\\/\\\/latamjournalismreview.org\\\/pt-br\\\/articles\\\/ex-presidente-uribe-assume-responsabilidade-pela-espionagem-de-jornalistas-e-opositores-na-colombia\\\/#breadcrumb\",\"itemListElement\":[{\"@type\":\"ListItem\",\"position\":1,\"name\":\"Home\",\"item\":\"https:\\\/\\\/latamjournalismreview.org\\\/pt-br\\\/\"},{\"@type\":\"ListItem\",\"position\":2,\"name\":\"Ex-presidente Uribe assume responsabilidade pela espionagem de jornalistas e opositores na Col\u00f4mbia\"}]},{\"@type\":\"WebSite\",\"@id\":\"https:\\\/\\\/latamjournalismreview.org\\\/pt-br\\\/#website\",\"url\":\"https:\\\/\\\/latamjournalismreview.org\\\/pt-br\\\/\",\"name\":\"LatAm Journalism Review\",\"description\":\"Digital magazine on journalism in Latin America\",\"publisher\":{\"@id\":\"https:\\\/\\\/latamjournalismreview.org\\\/pt-br\\\/#organization\"},\"potentialAction\":[{\"@type\":\"SearchAction\",\"target\":{\"@type\":\"EntryPoint\",\"urlTemplate\":\"https:\\\/\\\/latamjournalismreview.org\\\/pt-br\\\/?s={search_term_string}\"},\"query-input\":{\"@type\":\"PropertyValueSpecification\",\"valueRequired\":true,\"valueName\":\"search_term_string\"}}],\"inLanguage\":\"pt-BR\"},{\"@type\":\"Organization\",\"@id\":\"https:\\\/\\\/latamjournalismreview.org\\\/pt-br\\\/#organization\",\"name\":\"LatAm Journalism Review\",\"url\":\"https:\\\/\\\/latamjournalismreview.org\\\/pt-br\\\/\",\"logo\":{\"@type\":\"ImageObject\",\"inLanguage\":\"pt-BR\",\"@id\":\"https:\\\/\\\/latamjournalismreview.org\\\/pt-br\\\/#\\\/schema\\\/logo\\\/image\\\/\",\"url\":\"https:\\\/\\\/latamjournalismreview.org\\\/wp-content\\\/uploads\\\/2020\\\/05\\\/knight-latAm-review-logo.svg\",\"contentUrl\":\"https:\\\/\\\/latamjournalismreview.org\\\/wp-content\\\/uploads\\\/2020\\\/05\\\/knight-latAm-review-logo.svg\",\"width\":\"1024\",\"height\":\"1024\",\"caption\":\"LatAm Journalism Review\"},\"image\":{\"@id\":\"https:\\\/\\\/latamjournalismreview.org\\\/pt-br\\\/#\\\/schema\\\/logo\\\/image\\\/\"},\"sameAs\":[\"https:\\\/\\\/x.com\\\/LatAmJournalism\"]},{\"@type\":\"Person\",\"@id\":\"https:\\\/\\\/latamjournalismreview.org\\\/pt-br\\\/#\\\/schema\\\/person\\\/0315202e0b3c0963a2440f1c3012c360\",\"name\":\"Guest\",\"url\":\"https:\\\/\\\/latamjournalismreview.org\\\/pt-br\\\/articles\\\/author\\\/guest\\\/\"}]}<\/script>\n<!-- \/ Yoast SEO Premium plugin. -->","yoast_head_json":{"title":"Ex-presidente Uribe assume responsabilidade pela espionagem de jornalistas e opositores na Col\u00f4mbia - LatAm Journalism Review by the Knight Center","description":"Ex-presidente Uribe assume responsabilidade pela espionagem de jornalistas e opositores na Col\u00f4mbia Liberdade de imprensa. Latin American Journalism Review by The Knight Center at The University of Texas at Austin.","robots":{"index":"index","follow":"follow","max-snippet":"max-snippet:-1","max-image-preview":"max-image-preview:large","max-video-preview":"max-video-preview:-1"},"canonical":"https:\/\/latamjournalismreview.org\/pt-br\/articles\/ex-presidente-uribe-assume-responsabilidade-pela-espionagem-de-jornalistas-e-opositores-na-colombia\/","og_locale":"pt_BR","og_type":"article","og_title":"Ex-presidente Uribe assume responsabilidade pela espionagem de jornalistas e opositores na Col\u00f4mbia","og_description":"Ex-presidente Uribe assume responsabilidade pela espionagem de jornalistas e opositores na Col\u00f4mbia Liberdade de imprensa. Latin American Journalism Review by The Knight Center at The University of Texas at Austin.","og_url":"https:\/\/latamjournalismreview.org\/pt-br\/articles\/ex-presidente-uribe-assume-responsabilidade-pela-espionagem-de-jornalistas-e-opositores-na-colombia\/","og_site_name":"LatAm Journalism Review by the Knight Center","article_published_time":"2010-10-08T01:28:36+00:00","article_modified_time":"2022-07-19T01:42:01+00:00","author":"Guest","twitter_card":"summary_large_image","twitter_creator":"@LatAmJournalism","twitter_site":"@LatAmJournalism","twitter_misc":{"Written by":"Guest","Est. reading time":"1 minuto"},"schema":{"@context":"https:\/\/schema.org","@graph":[{"@type":"Article","@id":"https:\/\/latamjournalismreview.org\/pt-br\/articles\/ex-presidente-uribe-assume-responsabilidade-pela-espionagem-de-jornalistas-e-opositores-na-colombia\/#article","isPartOf":{"@id":"https:\/\/latamjournalismreview.org\/pt-br\/articles\/ex-presidente-uribe-assume-responsabilidade-pela-espionagem-de-jornalistas-e-opositores-na-colombia\/"},"author":{"name":"Guest","@id":"https:\/\/latamjournalismreview.org\/pt-br\/#\/schema\/person\/0315202e0b3c0963a2440f1c3012c360"},"headline":"Ex-presidente Uribe assume responsabilidade pela espionagem de jornalistas e opositores na Col\u00f4mbia","datePublished":"2010-10-08T01:28:36+00:00","dateModified":"2022-07-19T01:42:01+00:00","mainEntityOfPage":{"@id":"https:\/\/latamjournalismreview.org\/pt-br\/articles\/ex-presidente-uribe-assume-responsabilidade-pela-espionagem-de-jornalistas-e-opositores-na-colombia\/"},"wordCount":217,"publisher":{"@id":"https:\/\/latamjournalismreview.org\/pt-br\/#organization"},"keywords":["Col\u00f4mbia","Espionagem","Liberdade de express\u00e3o"],"articleSection":["Liberdade de imprensa"],"inLanguage":"pt-BR"},{"@type":"WebPage","@id":"https:\/\/latamjournalismreview.org\/pt-br\/articles\/ex-presidente-uribe-assume-responsabilidade-pela-espionagem-de-jornalistas-e-opositores-na-colombia\/","url":"https:\/\/latamjournalismreview.org\/pt-br\/articles\/ex-presidente-uribe-assume-responsabilidade-pela-espionagem-de-jornalistas-e-opositores-na-colombia\/","name":"Ex-presidente Uribe assume responsabilidade pela espionagem de jornalistas e opositores na Col\u00f4mbia - LatAm Journalism Review by the Knight Center","isPartOf":{"@id":"https:\/\/latamjournalismreview.org\/pt-br\/#website"},"datePublished":"2010-10-08T01:28:36+00:00","dateModified":"2022-07-19T01:42:01+00:00","description":"Ex-presidente Uribe assume responsabilidade pela espionagem de jornalistas e opositores na Col\u00f4mbia Liberdade de imprensa. Latin American Journalism Review by The Knight Center at The University of Texas at Austin.","breadcrumb":{"@id":"https:\/\/latamjournalismreview.org\/pt-br\/articles\/ex-presidente-uribe-assume-responsabilidade-pela-espionagem-de-jornalistas-e-opositores-na-colombia\/#breadcrumb"},"inLanguage":"pt-BR","potentialAction":[{"@type":"ReadAction","target":["https:\/\/latamjournalismreview.org\/pt-br\/articles\/ex-presidente-uribe-assume-responsabilidade-pela-espionagem-de-jornalistas-e-opositores-na-colombia\/"]}]},{"@type":"BreadcrumbList","@id":"https:\/\/latamjournalismreview.org\/pt-br\/articles\/ex-presidente-uribe-assume-responsabilidade-pela-espionagem-de-jornalistas-e-opositores-na-colombia\/#breadcrumb","itemListElement":[{"@type":"ListItem","position":1,"name":"Home","item":"https:\/\/latamjournalismreview.org\/pt-br\/"},{"@type":"ListItem","position":2,"name":"Ex-presidente Uribe assume responsabilidade pela espionagem de jornalistas e opositores na Col\u00f4mbia"}]},{"@type":"WebSite","@id":"https:\/\/latamjournalismreview.org\/pt-br\/#website","url":"https:\/\/latamjournalismreview.org\/pt-br\/","name":"LatAm Journalism Review","description":"Digital magazine on journalism in Latin America","publisher":{"@id":"https:\/\/latamjournalismreview.org\/pt-br\/#organization"},"potentialAction":[{"@type":"SearchAction","target":{"@type":"EntryPoint","urlTemplate":"https:\/\/latamjournalismreview.org\/pt-br\/?s={search_term_string}"},"query-input":{"@type":"PropertyValueSpecification","valueRequired":true,"valueName":"search_term_string"}}],"inLanguage":"pt-BR"},{"@type":"Organization","@id":"https:\/\/latamjournalismreview.org\/pt-br\/#organization","name":"LatAm Journalism Review","url":"https:\/\/latamjournalismreview.org\/pt-br\/","logo":{"@type":"ImageObject","inLanguage":"pt-BR","@id":"https:\/\/latamjournalismreview.org\/pt-br\/#\/schema\/logo\/image\/","url":"https:\/\/latamjournalismreview.org\/wp-content\/uploads\/2020\/05\/knight-latAm-review-logo.svg","contentUrl":"https:\/\/latamjournalismreview.org\/wp-content\/uploads\/2020\/05\/knight-latAm-review-logo.svg","width":"1024","height":"1024","caption":"LatAm Journalism Review"},"image":{"@id":"https:\/\/latamjournalismreview.org\/pt-br\/#\/schema\/logo\/image\/"},"sameAs":["https:\/\/x.com\/LatAmJournalism"]},{"@type":"Person","@id":"https:\/\/latamjournalismreview.org\/pt-br\/#\/schema\/person\/0315202e0b3c0963a2440f1c3012c360","name":"Guest","url":"https:\/\/latamjournalismreview.org\/pt-br\/articles\/author\/guest\/"}]}},"_links":{"self":[{"href":"https:\/\/latamjournalismreview.org\/pt-br\/wp-json\/wp\/v2\/posts\/61885","targetHints":{"allow":["GET"]}}],"collection":[{"href":"https:\/\/latamjournalismreview.org\/pt-br\/wp-json\/wp\/v2\/posts"}],"about":[{"href":"https:\/\/latamjournalismreview.org\/pt-br\/wp-json\/wp\/v2\/types\/post"}],"author":[{"embeddable":true,"href":"https:\/\/latamjournalismreview.org\/pt-br\/wp-json\/wp\/v2\/users\/17"}],"replies":[{"embeddable":true,"href":"https:\/\/latamjournalismreview.org\/pt-br\/wp-json\/wp\/v2\/comments?post=61885"}],"version-history":[{"count":1,"href":"https:\/\/latamjournalismreview.org\/pt-br\/wp-json\/wp\/v2\/posts\/61885\/revisions"}],"predecessor-version":[{"id":61900,"href":"https:\/\/latamjournalismreview.org\/pt-br\/wp-json\/wp\/v2\/posts\/61885\/revisions\/61900"}],"wp:attachment":[{"href":"https:\/\/latamjournalismreview.org\/pt-br\/wp-json\/wp\/v2\/media?parent=61885"}],"wp:term":[{"taxonomy":"category","embeddable":true,"href":"https:\/\/latamjournalismreview.org\/pt-br\/wp-json\/wp\/v2\/categories?post=61885"},{"taxonomy":"post_tag","embeddable":true,"href":"https:\/\/latamjournalismreview.org\/pt-br\/wp-json\/wp\/v2\/tags?post=61885"},{"taxonomy":"author","embeddable":true,"href":"https:\/\/latamjournalismreview.org\/pt-br\/wp-json\/wp\/v2\/coauthors?post=61885"}],"curies":[{"name":"wp","href":"https:\/\/api.w.org\/{rel}","templated":true}]}}