{"id":62953,"date":"2010-09-02T08:20:13","date_gmt":"2010-09-02T13:20:13","guid":{"rendered":"https:\/\/latamjournalismreview.org\/?p=62953"},"modified":"2022-08-01T08:23:20","modified_gmt":"2022-08-01T13:23:20","slug":"ministerio-publico-da-bolivia-processa-jornalistas-por-apologia-ao-crime-contra-camponeses-indigenas","status":"publish","type":"post","link":"https:\/\/latamjournalismreview.org\/pt-br\/articles\/ministerio-publico-da-bolivia-processa-jornalistas-por-apologia-ao-crime-contra-camponeses-indigenas\/","title":{"rendered":"Minist\u00e9rio P\u00fablico da Bol\u00edvia processa jornalistas por apologia ao crime contra camponeses ind\u00edgenas"},"content":{"rendered":"<p><em>Por Maira Magro<\/em><\/p>\n<p>O Minist\u00e9rio P\u00fablico da Bol\u00edvia processou tr\u00eas jornalistas por \u201cusar os meios de comunica\u00e7\u00e3o para induzir a popula\u00e7\u00e3o a cometer delitos\" contra camponeses ind\u00edgenas, em um caso de viol\u00eancia e racismo na cidade de\u00a0<a href=\"http:\/\/es.wikipedia.org\/wiki\/Sucre\">Sucre<\/a>, em 24 de maio de 2008,\u00a0<a href=\"http:\/\/www.erbol.com.bo\/noticia.php?identificador=2147483933659\">informou o site Erbol<\/a>.<\/p>\n<p>Roger Gonz\u00e1lez, diretor do Canal 13 de TV Universit\u00e1ria; Delf\u00edn Ustares, ex-apresentador da rede Bolivisi\u00f3n; e Daniel Villavicencio, do jornal Correo del Sur, s\u00e3o acusados pelo MP de suposta \u201cinstiga\u00e7\u00e3o p\u00fablica a delinquir e apologia ao crime\u201d, ao escrever sobre o epis\u00f3dio em que\u00a0<a href=\"http:\/\/www.piensachile.com\/content\/view\/4182\/1\">pelo menos 18 camponeses foram feitos ref\u00e9ns<\/a>, agredidos fisicamente, humilhados e obrigados, seminus, a gritar insultos contra o governo da Bol\u00edvia em uma pra\u00e7a em Sucre, supostamente instigados por grupos de oposi\u00e7\u00e3o ao presidente Evo Morales, que tentavam impedir mudan\u00e7as na Constitui\u00e7\u00e3o. Os camponeses iriam se encontrar com Morales em uma festa c\u00edvica regional,\u00a0<a href=\"http:\/\/oglobo.globo.com\/mundo\/mat\/2008\/05\/27\/onu_denuncia_racismo_violacoes_aos_direitos_humanos_na_bolivia-546521815.asp\">explica O Globo<\/a>.<\/p>\n<p>Organiza\u00e7\u00f5es da imprensa afirmaram que os jornalistas est\u00e3o sendo perseguidos simplesmente por cobrir o epis\u00f3dio e transmitir informa\u00e7\u00f5es \u00e0 sociedade, e acusaram o Minist\u00e9rio P\u00fablico de \u201cexcesso e arbitrariedade\u201d,\u00a0<a href=\"http:\/\/www.la-razon.com\/version.php?ArticleId=117115&amp;EditionId=2272&amp;a=1\">disse o di\u00e1rio La Raz\u00f3n<\/a>. Jornalistas de Sucre fizeram um protesto na quarta-feira, 1 de setembro, em favor dos colegas processados,\u00a0<a href=\"http:\/\/www.correodelsur.com\/2010\/0902\/38.php\">relatou o Correo del Sur<\/a>.<\/p>\n<p><em>Nota do editor: Essa hist\u00f3ria foi publicada originalmente no blog de jornalismo nas Am\u00e9ricas do Centro Knight, o predecessor do LatAm Journalism Review.<\/em><\/p>\n","protected":false},"excerpt":{"rendered":"<p>O Minist\u00e9rio P\u00fablico da Bol\u00edvia processou tr\u00eas jornalistas por \u201cusar os meios de comunica\u00e7\u00e3o para induzir a popula\u00e7\u00e3o a cometer delitos\" contra camponeses ind\u00edgenas, em um caso de viol\u00eancia e racismo na cidade de\u00a0Sucre, em 24 de maio de 2008,\u00a0informou o site Erbol.<\/p>\n","protected":false},"author":17,"featured_media":0,"comment_status":"closed","ping_status":"closed","sticky":false,"template":"","format":"standard","meta":{"inline_featured_image":false,"footnotes":""},"categories":[1219],"tags":[1560,1379,2051],"coauthors":[],"class_list":["post-62953","post","type-post","status-publish","format-standard","hentry","category-liberdade-de-imprensa-pt-br","tag-bolivia-pt-br","tag-casos-judiciais-pt-br","tag-liberdade-de-expressao-pt-br"],"acf":[],"yoast_head":"<!-- This site is optimized with the Yoast SEO Premium plugin v22.6 (Yoast SEO v27.4) - https:\/\/yoast.com\/product\/yoast-seo-premium-wordpress\/ -->\n<title>Minist\u00e9rio P\u00fablico da Bol\u00edvia processa jornalistas por apologia ao crime contra camponeses ind\u00edgenas - LatAm Journalism Review by the Knight Center<\/title>\n<meta name=\"description\" content=\"Minist\u00e9rio P\u00fablico da Bol\u00edvia processa jornalistas por apologia ao crime contra camponeses ind\u00edgenas Liberdade de imprensa. Latin American Journalism Review by The Knight Center at The University of Texas at Austin.\" \/>\n<meta name=\"robots\" content=\"index, follow, max-snippet:-1, max-image-preview:large, max-video-preview:-1\" \/>\n<link rel=\"canonical\" href=\"https:\/\/latamjournalismreview.org\/pt-br\/articles\/ministerio-publico-da-bolivia-processa-jornalistas-por-apologia-ao-crime-contra-camponeses-indigenas\/\" \/>\n<meta property=\"og:locale\" content=\"pt_BR\" \/>\n<meta property=\"og:type\" content=\"article\" \/>\n<meta property=\"og:title\" content=\"Minist\u00e9rio P\u00fablico da Bol\u00edvia processa jornalistas por apologia ao crime contra camponeses ind\u00edgenas\" \/>\n<meta property=\"og:description\" content=\"Minist\u00e9rio P\u00fablico da Bol\u00edvia processa jornalistas por apologia ao crime contra camponeses ind\u00edgenas Liberdade de imprensa. Latin American Journalism Review by The Knight Center at The University of Texas at Austin.\" \/>\n<meta property=\"og:url\" content=\"https:\/\/latamjournalismreview.org\/pt-br\/articles\/ministerio-publico-da-bolivia-processa-jornalistas-por-apologia-ao-crime-contra-camponeses-indigenas\/\" \/>\n<meta property=\"og:site_name\" content=\"LatAm Journalism Review by the Knight Center\" \/>\n<meta property=\"article:published_time\" content=\"2010-09-02T13:20:13+00:00\" \/>\n<meta property=\"article:modified_time\" content=\"2022-08-01T13:23:20+00:00\" \/>\n<meta name=\"author\" content=\"Guest\" \/>\n<meta name=\"twitter:card\" content=\"summary_large_image\" \/>\n<meta name=\"twitter:creator\" content=\"@LatAmJournalism\" \/>\n<meta name=\"twitter:site\" content=\"@LatAmJournalism\" \/>\n<meta name=\"twitter:label1\" content=\"Written by\" \/>\n\t<meta name=\"twitter:data1\" content=\"Guest\" \/>\n\t<meta name=\"twitter:label2\" content=\"Est. reading time\" \/>\n\t<meta name=\"twitter:data2\" content=\"1 minuto\" \/>\n<script type=\"application\/ld+json\" class=\"yoast-schema-graph\">{\"@context\":\"https:\\\/\\\/schema.org\",\"@graph\":[{\"@type\":\"Article\",\"@id\":\"https:\\\/\\\/latamjournalismreview.org\\\/pt-br\\\/articles\\\/ministerio-publico-da-bolivia-processa-jornalistas-por-apologia-ao-crime-contra-camponeses-indigenas\\\/#article\",\"isPartOf\":{\"@id\":\"https:\\\/\\\/latamjournalismreview.org\\\/pt-br\\\/articles\\\/ministerio-publico-da-bolivia-processa-jornalistas-por-apologia-ao-crime-contra-camponeses-indigenas\\\/\"},\"author\":{\"name\":\"Guest\",\"@id\":\"https:\\\/\\\/latamjournalismreview.org\\\/pt-br\\\/#\\\/schema\\\/person\\\/0315202e0b3c0963a2440f1c3012c360\"},\"headline\":\"Minist\u00e9rio P\u00fablico da Bol\u00edvia processa jornalistas por apologia ao crime contra camponeses ind\u00edgenas\",\"datePublished\":\"2010-09-02T13:20:13+00:00\",\"dateModified\":\"2022-08-01T13:23:20+00:00\",\"mainEntityOfPage\":{\"@id\":\"https:\\\/\\\/latamjournalismreview.org\\\/pt-br\\\/articles\\\/ministerio-publico-da-bolivia-processa-jornalistas-por-apologia-ao-crime-contra-camponeses-indigenas\\\/\"},\"wordCount\":271,\"publisher\":{\"@id\":\"https:\\\/\\\/latamjournalismreview.org\\\/pt-br\\\/#organization\"},\"keywords\":[\"Bol\u00edvia\",\"Casos judiciais\",\"Liberdade de express\u00e3o\"],\"articleSection\":[\"Liberdade de imprensa\"],\"inLanguage\":\"pt-BR\"},{\"@type\":\"WebPage\",\"@id\":\"https:\\\/\\\/latamjournalismreview.org\\\/pt-br\\\/articles\\\/ministerio-publico-da-bolivia-processa-jornalistas-por-apologia-ao-crime-contra-camponeses-indigenas\\\/\",\"url\":\"https:\\\/\\\/latamjournalismreview.org\\\/pt-br\\\/articles\\\/ministerio-publico-da-bolivia-processa-jornalistas-por-apologia-ao-crime-contra-camponeses-indigenas\\\/\",\"name\":\"Minist\u00e9rio P\u00fablico da Bol\u00edvia processa jornalistas por apologia ao crime contra camponeses ind\u00edgenas - LatAm Journalism Review by the Knight Center\",\"isPartOf\":{\"@id\":\"https:\\\/\\\/latamjournalismreview.org\\\/pt-br\\\/#website\"},\"datePublished\":\"2010-09-02T13:20:13+00:00\",\"dateModified\":\"2022-08-01T13:23:20+00:00\",\"description\":\"Minist\u00e9rio P\u00fablico da Bol\u00edvia processa jornalistas por apologia ao crime contra camponeses ind\u00edgenas Liberdade de imprensa. Latin American Journalism Review by The Knight Center at The University of Texas at Austin.\",\"breadcrumb\":{\"@id\":\"https:\\\/\\\/latamjournalismreview.org\\\/pt-br\\\/articles\\\/ministerio-publico-da-bolivia-processa-jornalistas-por-apologia-ao-crime-contra-camponeses-indigenas\\\/#breadcrumb\"},\"inLanguage\":\"pt-BR\",\"potentialAction\":[{\"@type\":\"ReadAction\",\"target\":[\"https:\\\/\\\/latamjournalismreview.org\\\/pt-br\\\/articles\\\/ministerio-publico-da-bolivia-processa-jornalistas-por-apologia-ao-crime-contra-camponeses-indigenas\\\/\"]}]},{\"@type\":\"BreadcrumbList\",\"@id\":\"https:\\\/\\\/latamjournalismreview.org\\\/pt-br\\\/articles\\\/ministerio-publico-da-bolivia-processa-jornalistas-por-apologia-ao-crime-contra-camponeses-indigenas\\\/#breadcrumb\",\"itemListElement\":[{\"@type\":\"ListItem\",\"position\":1,\"name\":\"Home\",\"item\":\"https:\\\/\\\/latamjournalismreview.org\\\/pt-br\\\/\"},{\"@type\":\"ListItem\",\"position\":2,\"name\":\"Minist\u00e9rio P\u00fablico da Bol\u00edvia processa jornalistas por apologia ao crime contra camponeses ind\u00edgenas\"}]},{\"@type\":\"WebSite\",\"@id\":\"https:\\\/\\\/latamjournalismreview.org\\\/pt-br\\\/#website\",\"url\":\"https:\\\/\\\/latamjournalismreview.org\\\/pt-br\\\/\",\"name\":\"LatAm Journalism Review\",\"description\":\"Digital magazine on journalism in Latin America\",\"publisher\":{\"@id\":\"https:\\\/\\\/latamjournalismreview.org\\\/pt-br\\\/#organization\"},\"potentialAction\":[{\"@type\":\"SearchAction\",\"target\":{\"@type\":\"EntryPoint\",\"urlTemplate\":\"https:\\\/\\\/latamjournalismreview.org\\\/pt-br\\\/?s={search_term_string}\"},\"query-input\":{\"@type\":\"PropertyValueSpecification\",\"valueRequired\":true,\"valueName\":\"search_term_string\"}}],\"inLanguage\":\"pt-BR\"},{\"@type\":\"Organization\",\"@id\":\"https:\\\/\\\/latamjournalismreview.org\\\/pt-br\\\/#organization\",\"name\":\"LatAm Journalism Review\",\"url\":\"https:\\\/\\\/latamjournalismreview.org\\\/pt-br\\\/\",\"logo\":{\"@type\":\"ImageObject\",\"inLanguage\":\"pt-BR\",\"@id\":\"https:\\\/\\\/latamjournalismreview.org\\\/pt-br\\\/#\\\/schema\\\/logo\\\/image\\\/\",\"url\":\"https:\\\/\\\/latamjournalismreview.org\\\/wp-content\\\/uploads\\\/2020\\\/05\\\/knight-latAm-review-logo.svg\",\"contentUrl\":\"https:\\\/\\\/latamjournalismreview.org\\\/wp-content\\\/uploads\\\/2020\\\/05\\\/knight-latAm-review-logo.svg\",\"width\":\"1024\",\"height\":\"1024\",\"caption\":\"LatAm Journalism Review\"},\"image\":{\"@id\":\"https:\\\/\\\/latamjournalismreview.org\\\/pt-br\\\/#\\\/schema\\\/logo\\\/image\\\/\"},\"sameAs\":[\"https:\\\/\\\/x.com\\\/LatAmJournalism\"]},{\"@type\":\"Person\",\"@id\":\"https:\\\/\\\/latamjournalismreview.org\\\/pt-br\\\/#\\\/schema\\\/person\\\/0315202e0b3c0963a2440f1c3012c360\",\"name\":\"Guest\",\"url\":\"https:\\\/\\\/latamjournalismreview.org\\\/pt-br\\\/articles\\\/author\\\/guest\\\/\"}]}<\/script>\n<!-- \/ Yoast SEO Premium plugin. -->","yoast_head_json":{"title":"Minist\u00e9rio P\u00fablico da Bol\u00edvia processa jornalistas por apologia ao crime contra camponeses ind\u00edgenas - LatAm Journalism Review by the Knight Center","description":"Minist\u00e9rio P\u00fablico da Bol\u00edvia processa jornalistas por apologia ao crime contra camponeses ind\u00edgenas Liberdade de imprensa. Latin American Journalism Review by The Knight Center at The University of Texas at Austin.","robots":{"index":"index","follow":"follow","max-snippet":"max-snippet:-1","max-image-preview":"max-image-preview:large","max-video-preview":"max-video-preview:-1"},"canonical":"https:\/\/latamjournalismreview.org\/pt-br\/articles\/ministerio-publico-da-bolivia-processa-jornalistas-por-apologia-ao-crime-contra-camponeses-indigenas\/","og_locale":"pt_BR","og_type":"article","og_title":"Minist\u00e9rio P\u00fablico da Bol\u00edvia processa jornalistas por apologia ao crime contra camponeses ind\u00edgenas","og_description":"Minist\u00e9rio P\u00fablico da Bol\u00edvia processa jornalistas por apologia ao crime contra camponeses ind\u00edgenas Liberdade de imprensa. Latin American Journalism Review by The Knight Center at The University of Texas at Austin.","og_url":"https:\/\/latamjournalismreview.org\/pt-br\/articles\/ministerio-publico-da-bolivia-processa-jornalistas-por-apologia-ao-crime-contra-camponeses-indigenas\/","og_site_name":"LatAm Journalism Review by the Knight Center","article_published_time":"2010-09-02T13:20:13+00:00","article_modified_time":"2022-08-01T13:23:20+00:00","author":"Guest","twitter_card":"summary_large_image","twitter_creator":"@LatAmJournalism","twitter_site":"@LatAmJournalism","twitter_misc":{"Written by":"Guest","Est. reading time":"1 minuto"},"schema":{"@context":"https:\/\/schema.org","@graph":[{"@type":"Article","@id":"https:\/\/latamjournalismreview.org\/pt-br\/articles\/ministerio-publico-da-bolivia-processa-jornalistas-por-apologia-ao-crime-contra-camponeses-indigenas\/#article","isPartOf":{"@id":"https:\/\/latamjournalismreview.org\/pt-br\/articles\/ministerio-publico-da-bolivia-processa-jornalistas-por-apologia-ao-crime-contra-camponeses-indigenas\/"},"author":{"name":"Guest","@id":"https:\/\/latamjournalismreview.org\/pt-br\/#\/schema\/person\/0315202e0b3c0963a2440f1c3012c360"},"headline":"Minist\u00e9rio P\u00fablico da Bol\u00edvia processa jornalistas por apologia ao crime contra camponeses ind\u00edgenas","datePublished":"2010-09-02T13:20:13+00:00","dateModified":"2022-08-01T13:23:20+00:00","mainEntityOfPage":{"@id":"https:\/\/latamjournalismreview.org\/pt-br\/articles\/ministerio-publico-da-bolivia-processa-jornalistas-por-apologia-ao-crime-contra-camponeses-indigenas\/"},"wordCount":271,"publisher":{"@id":"https:\/\/latamjournalismreview.org\/pt-br\/#organization"},"keywords":["Bol\u00edvia","Casos judiciais","Liberdade de express\u00e3o"],"articleSection":["Liberdade de imprensa"],"inLanguage":"pt-BR"},{"@type":"WebPage","@id":"https:\/\/latamjournalismreview.org\/pt-br\/articles\/ministerio-publico-da-bolivia-processa-jornalistas-por-apologia-ao-crime-contra-camponeses-indigenas\/","url":"https:\/\/latamjournalismreview.org\/pt-br\/articles\/ministerio-publico-da-bolivia-processa-jornalistas-por-apologia-ao-crime-contra-camponeses-indigenas\/","name":"Minist\u00e9rio P\u00fablico da Bol\u00edvia processa jornalistas por apologia ao crime contra camponeses ind\u00edgenas - LatAm Journalism Review by the Knight Center","isPartOf":{"@id":"https:\/\/latamjournalismreview.org\/pt-br\/#website"},"datePublished":"2010-09-02T13:20:13+00:00","dateModified":"2022-08-01T13:23:20+00:00","description":"Minist\u00e9rio P\u00fablico da Bol\u00edvia processa jornalistas por apologia ao crime contra camponeses ind\u00edgenas Liberdade de imprensa. Latin American Journalism Review by The Knight Center at The University of Texas at Austin.","breadcrumb":{"@id":"https:\/\/latamjournalismreview.org\/pt-br\/articles\/ministerio-publico-da-bolivia-processa-jornalistas-por-apologia-ao-crime-contra-camponeses-indigenas\/#breadcrumb"},"inLanguage":"pt-BR","potentialAction":[{"@type":"ReadAction","target":["https:\/\/latamjournalismreview.org\/pt-br\/articles\/ministerio-publico-da-bolivia-processa-jornalistas-por-apologia-ao-crime-contra-camponeses-indigenas\/"]}]},{"@type":"BreadcrumbList","@id":"https:\/\/latamjournalismreview.org\/pt-br\/articles\/ministerio-publico-da-bolivia-processa-jornalistas-por-apologia-ao-crime-contra-camponeses-indigenas\/#breadcrumb","itemListElement":[{"@type":"ListItem","position":1,"name":"Home","item":"https:\/\/latamjournalismreview.org\/pt-br\/"},{"@type":"ListItem","position":2,"name":"Minist\u00e9rio P\u00fablico da Bol\u00edvia processa jornalistas por apologia ao crime contra camponeses ind\u00edgenas"}]},{"@type":"WebSite","@id":"https:\/\/latamjournalismreview.org\/pt-br\/#website","url":"https:\/\/latamjournalismreview.org\/pt-br\/","name":"LatAm Journalism Review","description":"Digital magazine on journalism in Latin America","publisher":{"@id":"https:\/\/latamjournalismreview.org\/pt-br\/#organization"},"potentialAction":[{"@type":"SearchAction","target":{"@type":"EntryPoint","urlTemplate":"https:\/\/latamjournalismreview.org\/pt-br\/?s={search_term_string}"},"query-input":{"@type":"PropertyValueSpecification","valueRequired":true,"valueName":"search_term_string"}}],"inLanguage":"pt-BR"},{"@type":"Organization","@id":"https:\/\/latamjournalismreview.org\/pt-br\/#organization","name":"LatAm Journalism Review","url":"https:\/\/latamjournalismreview.org\/pt-br\/","logo":{"@type":"ImageObject","inLanguage":"pt-BR","@id":"https:\/\/latamjournalismreview.org\/pt-br\/#\/schema\/logo\/image\/","url":"https:\/\/latamjournalismreview.org\/wp-content\/uploads\/2020\/05\/knight-latAm-review-logo.svg","contentUrl":"https:\/\/latamjournalismreview.org\/wp-content\/uploads\/2020\/05\/knight-latAm-review-logo.svg","width":"1024","height":"1024","caption":"LatAm Journalism Review"},"image":{"@id":"https:\/\/latamjournalismreview.org\/pt-br\/#\/schema\/logo\/image\/"},"sameAs":["https:\/\/x.com\/LatAmJournalism"]},{"@type":"Person","@id":"https:\/\/latamjournalismreview.org\/pt-br\/#\/schema\/person\/0315202e0b3c0963a2440f1c3012c360","name":"Guest","url":"https:\/\/latamjournalismreview.org\/pt-br\/articles\/author\/guest\/"}]}},"_links":{"self":[{"href":"https:\/\/latamjournalismreview.org\/pt-br\/wp-json\/wp\/v2\/posts\/62953","targetHints":{"allow":["GET"]}}],"collection":[{"href":"https:\/\/latamjournalismreview.org\/pt-br\/wp-json\/wp\/v2\/posts"}],"about":[{"href":"https:\/\/latamjournalismreview.org\/pt-br\/wp-json\/wp\/v2\/types\/post"}],"author":[{"embeddable":true,"href":"https:\/\/latamjournalismreview.org\/pt-br\/wp-json\/wp\/v2\/users\/17"}],"replies":[{"embeddable":true,"href":"https:\/\/latamjournalismreview.org\/pt-br\/wp-json\/wp\/v2\/comments?post=62953"}],"version-history":[{"count":1,"href":"https:\/\/latamjournalismreview.org\/pt-br\/wp-json\/wp\/v2\/posts\/62953\/revisions"}],"predecessor-version":[{"id":62959,"href":"https:\/\/latamjournalismreview.org\/pt-br\/wp-json\/wp\/v2\/posts\/62953\/revisions\/62959"}],"wp:attachment":[{"href":"https:\/\/latamjournalismreview.org\/pt-br\/wp-json\/wp\/v2\/media?parent=62953"}],"wp:term":[{"taxonomy":"category","embeddable":true,"href":"https:\/\/latamjournalismreview.org\/pt-br\/wp-json\/wp\/v2\/categories?post=62953"},{"taxonomy":"post_tag","embeddable":true,"href":"https:\/\/latamjournalismreview.org\/pt-br\/wp-json\/wp\/v2\/tags?post=62953"},{"taxonomy":"author","embeddable":true,"href":"https:\/\/latamjournalismreview.org\/pt-br\/wp-json\/wp\/v2\/coauthors?post=62953"}],"curies":[{"name":"wp","href":"https:\/\/api.w.org\/{rel}","templated":true}]}}