{"id":63078,"date":"2010-09-08T10:37:09","date_gmt":"2010-09-08T15:37:09","guid":{"rendered":"https:\/\/latamjournalismreview.org\/?p=63078"},"modified":"2022-08-01T10:38:59","modified_gmt":"2022-08-01T15:38:59","slug":"maiores-grupos-de-comunicacao-da-argentina-terao-um-ano-para-se-desfazer-de-licencas","status":"publish","type":"post","link":"https:\/\/latamjournalismreview.org\/pt-br\/articles\/maiores-grupos-de-comunicacao-da-argentina-terao-um-ano-para-se-desfazer-de-licencas\/","title":{"rendered":"Maiores grupos de comunica\u00e7\u00e3o da Argentina ter\u00e3o um ano para se desfazer de licen\u00e7as"},"content":{"rendered":"<p><em>Por Maira Magro<\/em><\/p>\n<p>O governo argentino publicou uma resolu\u00e7\u00e3o dizendo que come\u00e7a a valer na quinta-feira, 9 de setembro, o prazo de um ano para que os grandes grupos de comunica\u00e7\u00e3o se desfa\u00e7am de licen\u00e7as que excedam o n\u00famero m\u00e1ximo permitido na Lei de Meios Audiovisuais,\u00a0<a href=\"http:\/\/www.pagina12.com.ar\/diario\/ultimas\/20-152806-2010-09-08.html\">informou o P\u00e1gina 12<\/a>.<\/p>\n<p>A\u00a0<a href=\"http:\/\/knightcenter.utexas.edu\/pt-br\/blog\/argentina-regulamenta-lei-de-meios-de-comunicacao-audiovisuais\">lei estipula<\/a>\u00a0que uma empresa n\u00e3o pode ter mais de dez licen\u00e7as de r\u00e1dio e televis\u00e3o com alcance nacional, e nem um canal de TV aberta e outro a cabo em uma mesma localidade.<\/p>\n<p><a href=\"http:\/\/www.lanacion.com.ar\/nota.asp?nota_id=1302509\">Segundo La Naci\u00f3n<\/a>, uma das op\u00e7\u00f5es \u00e9 a adequa\u00e7\u00e3o volunt\u00e1ria, pela qual as empresas poder\u00e3o propor a regulariza\u00e7\u00e3o da sua situa\u00e7\u00e3o. Mas se isso n\u00e3o for feito no tempo previsto, diz o jornal, as licen\u00e7as ser\u00e3o obrigatoriamente transferidas. Outra resolu\u00e7\u00e3o publicada nesta quarta-feira mudou a organiza\u00e7\u00e3o das frequ\u00eancias dos canais de TV a cabo.<\/p>\n<p>O jornal Clar\u00edn, parte do grupo mais afetado pelas restri\u00e7\u00f5es,\u00a0<a href=\"http:\/\/www.clarin.com\/politica\/gobierno\/Medios-Gobierno-desinversion-numeros-canales_0_331766995.html\">afirmou<\/a>\u00a0que \u201cas duas resolu\u00e7\u00f5es contrariam diversas decis\u00f5es judiciais\u201d e \u201ct\u00eam o claro objetivo de prejudicar algumas empresas e beneficiar outras\u201d.<\/p>\n<p><em>Nota do editor: Essa hist\u00f3ria foi publicada originalmente no blog de jornalismo nas Am\u00e9ricas do Centro Knight, o predecessor do LatAm Journalism Review.<\/em><\/p>\n","protected":false},"excerpt":{"rendered":"<p>O governo argentino publicou uma resolu\u00e7\u00e3o dizendo que come\u00e7a a valer na quinta-feira, 9 de setembro, o prazo de um ano para que os grandes grupos de comunica\u00e7\u00e3o se desfa\u00e7am de licen\u00e7as que excedam o n\u00famero m\u00e1ximo permitido na Lei de Meios Audiovisuais,\u00a0informou o P\u00e1gina 12.<\/p>\n","protected":false},"author":17,"featured_media":0,"comment_status":"closed","ping_status":"closed","sticky":false,"template":"","format":"standard","meta":{"inline_featured_image":false,"footnotes":""},"categories":[1667],"tags":[1425,1584,1562,1547],"coauthors":[],"class_list":["post-63078","post","type-post","status-publish","format-standard","hentry","category-mercado-de-trabalho","tag-argentina-pt-br","tag-concessao-de-radio-e-tv-pt-br","tag-radio-e-tv-pt-br","tag-regulacao-pt-br"],"acf":[],"yoast_head":"<!-- This site is optimized with the Yoast SEO Premium plugin v22.6 (Yoast SEO v27.4) - https:\/\/yoast.com\/product\/yoast-seo-premium-wordpress\/ -->\n<title>Maiores grupos de comunica\u00e7\u00e3o da Argentina ter\u00e3o um ano para se desfazer de licen\u00e7as - LatAm Journalism Review by the Knight Center<\/title>\n<meta name=\"description\" content=\"Maiores grupos de comunica\u00e7\u00e3o da Argentina ter\u00e3o um ano para se desfazer de licen\u00e7as Mercado de trabalho. Latin American Journalism Review by The Knight Center at The University of Texas at Austin.\" \/>\n<meta name=\"robots\" content=\"index, follow, max-snippet:-1, max-image-preview:large, max-video-preview:-1\" \/>\n<link rel=\"canonical\" href=\"https:\/\/latamjournalismreview.org\/pt-br\/articles\/maiores-grupos-de-comunicacao-da-argentina-terao-um-ano-para-se-desfazer-de-licencas\/\" \/>\n<meta property=\"og:locale\" content=\"pt_BR\" \/>\n<meta property=\"og:type\" content=\"article\" \/>\n<meta property=\"og:title\" content=\"Maiores grupos de comunica\u00e7\u00e3o da Argentina ter\u00e3o um ano para se desfazer de licen\u00e7as\" \/>\n<meta property=\"og:description\" content=\"Maiores grupos de comunica\u00e7\u00e3o da Argentina ter\u00e3o um ano para se desfazer de licen\u00e7as Mercado de trabalho. Latin American Journalism Review by The Knight Center at The University of Texas at Austin.\" \/>\n<meta property=\"og:url\" content=\"https:\/\/latamjournalismreview.org\/pt-br\/articles\/maiores-grupos-de-comunicacao-da-argentina-terao-um-ano-para-se-desfazer-de-licencas\/\" \/>\n<meta property=\"og:site_name\" content=\"LatAm Journalism Review by the Knight Center\" \/>\n<meta property=\"article:published_time\" content=\"2010-09-08T15:37:09+00:00\" \/>\n<meta property=\"article:modified_time\" content=\"2022-08-01T15:38:59+00:00\" \/>\n<meta name=\"author\" content=\"Guest\" \/>\n<meta name=\"twitter:card\" content=\"summary_large_image\" \/>\n<meta name=\"twitter:creator\" content=\"@LatAmJournalism\" \/>\n<meta name=\"twitter:site\" content=\"@LatAmJournalism\" \/>\n<meta name=\"twitter:label1\" content=\"Written by\" \/>\n\t<meta name=\"twitter:data1\" content=\"Guest\" \/>\n\t<meta name=\"twitter:label2\" content=\"Est. reading time\" \/>\n\t<meta name=\"twitter:data2\" content=\"1 minuto\" \/>\n<script type=\"application\/ld+json\" class=\"yoast-schema-graph\">{\"@context\":\"https:\\\/\\\/schema.org\",\"@graph\":[{\"@type\":\"Article\",\"@id\":\"https:\\\/\\\/latamjournalismreview.org\\\/pt-br\\\/articles\\\/maiores-grupos-de-comunicacao-da-argentina-terao-um-ano-para-se-desfazer-de-licencas\\\/#article\",\"isPartOf\":{\"@id\":\"https:\\\/\\\/latamjournalismreview.org\\\/pt-br\\\/articles\\\/maiores-grupos-de-comunicacao-da-argentina-terao-um-ano-para-se-desfazer-de-licencas\\\/\"},\"author\":{\"name\":\"Guest\",\"@id\":\"https:\\\/\\\/latamjournalismreview.org\\\/pt-br\\\/#\\\/schema\\\/person\\\/0315202e0b3c0963a2440f1c3012c360\"},\"headline\":\"Maiores grupos de comunica\u00e7\u00e3o da Argentina ter\u00e3o um ano para se desfazer de licen\u00e7as\",\"datePublished\":\"2010-09-08T15:37:09+00:00\",\"dateModified\":\"2022-08-01T15:38:59+00:00\",\"mainEntityOfPage\":{\"@id\":\"https:\\\/\\\/latamjournalismreview.org\\\/pt-br\\\/articles\\\/maiores-grupos-de-comunicacao-da-argentina-terao-um-ano-para-se-desfazer-de-licencas\\\/\"},\"wordCount\":239,\"publisher\":{\"@id\":\"https:\\\/\\\/latamjournalismreview.org\\\/pt-br\\\/#organization\"},\"keywords\":[\"Argentina\",\"Concess\u00e3o de r\u00e1dio e TV\",\"R\u00e1dio e TV\",\"Regula\u00e7\u00e3o\"],\"articleSection\":[\"Mercado de trabalho\"],\"inLanguage\":\"pt-BR\"},{\"@type\":\"WebPage\",\"@id\":\"https:\\\/\\\/latamjournalismreview.org\\\/pt-br\\\/articles\\\/maiores-grupos-de-comunicacao-da-argentina-terao-um-ano-para-se-desfazer-de-licencas\\\/\",\"url\":\"https:\\\/\\\/latamjournalismreview.org\\\/pt-br\\\/articles\\\/maiores-grupos-de-comunicacao-da-argentina-terao-um-ano-para-se-desfazer-de-licencas\\\/\",\"name\":\"Maiores grupos de comunica\u00e7\u00e3o da Argentina ter\u00e3o um ano para se desfazer de licen\u00e7as - LatAm Journalism Review by the Knight Center\",\"isPartOf\":{\"@id\":\"https:\\\/\\\/latamjournalismreview.org\\\/pt-br\\\/#website\"},\"datePublished\":\"2010-09-08T15:37:09+00:00\",\"dateModified\":\"2022-08-01T15:38:59+00:00\",\"description\":\"Maiores grupos de comunica\u00e7\u00e3o da Argentina ter\u00e3o um ano para se desfazer de licen\u00e7as Mercado de trabalho. Latin American Journalism Review by The Knight Center at The University of Texas at Austin.\",\"breadcrumb\":{\"@id\":\"https:\\\/\\\/latamjournalismreview.org\\\/pt-br\\\/articles\\\/maiores-grupos-de-comunicacao-da-argentina-terao-um-ano-para-se-desfazer-de-licencas\\\/#breadcrumb\"},\"inLanguage\":\"pt-BR\",\"potentialAction\":[{\"@type\":\"ReadAction\",\"target\":[\"https:\\\/\\\/latamjournalismreview.org\\\/pt-br\\\/articles\\\/maiores-grupos-de-comunicacao-da-argentina-terao-um-ano-para-se-desfazer-de-licencas\\\/\"]}]},{\"@type\":\"BreadcrumbList\",\"@id\":\"https:\\\/\\\/latamjournalismreview.org\\\/pt-br\\\/articles\\\/maiores-grupos-de-comunicacao-da-argentina-terao-um-ano-para-se-desfazer-de-licencas\\\/#breadcrumb\",\"itemListElement\":[{\"@type\":\"ListItem\",\"position\":1,\"name\":\"Home\",\"item\":\"https:\\\/\\\/latamjournalismreview.org\\\/pt-br\\\/\"},{\"@type\":\"ListItem\",\"position\":2,\"name\":\"Maiores grupos de comunica\u00e7\u00e3o da Argentina ter\u00e3o um ano para se desfazer de licen\u00e7as\"}]},{\"@type\":\"WebSite\",\"@id\":\"https:\\\/\\\/latamjournalismreview.org\\\/pt-br\\\/#website\",\"url\":\"https:\\\/\\\/latamjournalismreview.org\\\/pt-br\\\/\",\"name\":\"LatAm Journalism Review\",\"description\":\"Digital magazine on journalism in Latin America\",\"publisher\":{\"@id\":\"https:\\\/\\\/latamjournalismreview.org\\\/pt-br\\\/#organization\"},\"potentialAction\":[{\"@type\":\"SearchAction\",\"target\":{\"@type\":\"EntryPoint\",\"urlTemplate\":\"https:\\\/\\\/latamjournalismreview.org\\\/pt-br\\\/?s={search_term_string}\"},\"query-input\":{\"@type\":\"PropertyValueSpecification\",\"valueRequired\":true,\"valueName\":\"search_term_string\"}}],\"inLanguage\":\"pt-BR\"},{\"@type\":\"Organization\",\"@id\":\"https:\\\/\\\/latamjournalismreview.org\\\/pt-br\\\/#organization\",\"name\":\"LatAm Journalism Review\",\"url\":\"https:\\\/\\\/latamjournalismreview.org\\\/pt-br\\\/\",\"logo\":{\"@type\":\"ImageObject\",\"inLanguage\":\"pt-BR\",\"@id\":\"https:\\\/\\\/latamjournalismreview.org\\\/pt-br\\\/#\\\/schema\\\/logo\\\/image\\\/\",\"url\":\"https:\\\/\\\/latamjournalismreview.org\\\/wp-content\\\/uploads\\\/2020\\\/05\\\/knight-latAm-review-logo.svg\",\"contentUrl\":\"https:\\\/\\\/latamjournalismreview.org\\\/wp-content\\\/uploads\\\/2020\\\/05\\\/knight-latAm-review-logo.svg\",\"width\":\"1024\",\"height\":\"1024\",\"caption\":\"LatAm Journalism Review\"},\"image\":{\"@id\":\"https:\\\/\\\/latamjournalismreview.org\\\/pt-br\\\/#\\\/schema\\\/logo\\\/image\\\/\"},\"sameAs\":[\"https:\\\/\\\/x.com\\\/LatAmJournalism\"]},{\"@type\":\"Person\",\"@id\":\"https:\\\/\\\/latamjournalismreview.org\\\/pt-br\\\/#\\\/schema\\\/person\\\/0315202e0b3c0963a2440f1c3012c360\",\"name\":\"Guest\",\"url\":\"https:\\\/\\\/latamjournalismreview.org\\\/pt-br\\\/articles\\\/author\\\/guest\\\/\"}]}<\/script>\n<!-- \/ Yoast SEO Premium plugin. -->","yoast_head_json":{"title":"Maiores grupos de comunica\u00e7\u00e3o da Argentina ter\u00e3o um ano para se desfazer de licen\u00e7as - LatAm Journalism Review by the Knight Center","description":"Maiores grupos de comunica\u00e7\u00e3o da Argentina ter\u00e3o um ano para se desfazer de licen\u00e7as Mercado de trabalho. Latin American Journalism Review by The Knight Center at The University of Texas at Austin.","robots":{"index":"index","follow":"follow","max-snippet":"max-snippet:-1","max-image-preview":"max-image-preview:large","max-video-preview":"max-video-preview:-1"},"canonical":"https:\/\/latamjournalismreview.org\/pt-br\/articles\/maiores-grupos-de-comunicacao-da-argentina-terao-um-ano-para-se-desfazer-de-licencas\/","og_locale":"pt_BR","og_type":"article","og_title":"Maiores grupos de comunica\u00e7\u00e3o da Argentina ter\u00e3o um ano para se desfazer de licen\u00e7as","og_description":"Maiores grupos de comunica\u00e7\u00e3o da Argentina ter\u00e3o um ano para se desfazer de licen\u00e7as Mercado de trabalho. Latin American Journalism Review by The Knight Center at The University of Texas at Austin.","og_url":"https:\/\/latamjournalismreview.org\/pt-br\/articles\/maiores-grupos-de-comunicacao-da-argentina-terao-um-ano-para-se-desfazer-de-licencas\/","og_site_name":"LatAm Journalism Review by the Knight Center","article_published_time":"2010-09-08T15:37:09+00:00","article_modified_time":"2022-08-01T15:38:59+00:00","author":"Guest","twitter_card":"summary_large_image","twitter_creator":"@LatAmJournalism","twitter_site":"@LatAmJournalism","twitter_misc":{"Written by":"Guest","Est. reading time":"1 minuto"},"schema":{"@context":"https:\/\/schema.org","@graph":[{"@type":"Article","@id":"https:\/\/latamjournalismreview.org\/pt-br\/articles\/maiores-grupos-de-comunicacao-da-argentina-terao-um-ano-para-se-desfazer-de-licencas\/#article","isPartOf":{"@id":"https:\/\/latamjournalismreview.org\/pt-br\/articles\/maiores-grupos-de-comunicacao-da-argentina-terao-um-ano-para-se-desfazer-de-licencas\/"},"author":{"name":"Guest","@id":"https:\/\/latamjournalismreview.org\/pt-br\/#\/schema\/person\/0315202e0b3c0963a2440f1c3012c360"},"headline":"Maiores grupos de comunica\u00e7\u00e3o da Argentina ter\u00e3o um ano para se desfazer de licen\u00e7as","datePublished":"2010-09-08T15:37:09+00:00","dateModified":"2022-08-01T15:38:59+00:00","mainEntityOfPage":{"@id":"https:\/\/latamjournalismreview.org\/pt-br\/articles\/maiores-grupos-de-comunicacao-da-argentina-terao-um-ano-para-se-desfazer-de-licencas\/"},"wordCount":239,"publisher":{"@id":"https:\/\/latamjournalismreview.org\/pt-br\/#organization"},"keywords":["Argentina","Concess\u00e3o de r\u00e1dio e TV","R\u00e1dio e TV","Regula\u00e7\u00e3o"],"articleSection":["Mercado de trabalho"],"inLanguage":"pt-BR"},{"@type":"WebPage","@id":"https:\/\/latamjournalismreview.org\/pt-br\/articles\/maiores-grupos-de-comunicacao-da-argentina-terao-um-ano-para-se-desfazer-de-licencas\/","url":"https:\/\/latamjournalismreview.org\/pt-br\/articles\/maiores-grupos-de-comunicacao-da-argentina-terao-um-ano-para-se-desfazer-de-licencas\/","name":"Maiores grupos de comunica\u00e7\u00e3o da Argentina ter\u00e3o um ano para se desfazer de licen\u00e7as - LatAm Journalism Review by the Knight Center","isPartOf":{"@id":"https:\/\/latamjournalismreview.org\/pt-br\/#website"},"datePublished":"2010-09-08T15:37:09+00:00","dateModified":"2022-08-01T15:38:59+00:00","description":"Maiores grupos de comunica\u00e7\u00e3o da Argentina ter\u00e3o um ano para se desfazer de licen\u00e7as Mercado de trabalho. Latin American Journalism Review by The Knight Center at The University of Texas at Austin.","breadcrumb":{"@id":"https:\/\/latamjournalismreview.org\/pt-br\/articles\/maiores-grupos-de-comunicacao-da-argentina-terao-um-ano-para-se-desfazer-de-licencas\/#breadcrumb"},"inLanguage":"pt-BR","potentialAction":[{"@type":"ReadAction","target":["https:\/\/latamjournalismreview.org\/pt-br\/articles\/maiores-grupos-de-comunicacao-da-argentina-terao-um-ano-para-se-desfazer-de-licencas\/"]}]},{"@type":"BreadcrumbList","@id":"https:\/\/latamjournalismreview.org\/pt-br\/articles\/maiores-grupos-de-comunicacao-da-argentina-terao-um-ano-para-se-desfazer-de-licencas\/#breadcrumb","itemListElement":[{"@type":"ListItem","position":1,"name":"Home","item":"https:\/\/latamjournalismreview.org\/pt-br\/"},{"@type":"ListItem","position":2,"name":"Maiores grupos de comunica\u00e7\u00e3o da Argentina ter\u00e3o um ano para se desfazer de licen\u00e7as"}]},{"@type":"WebSite","@id":"https:\/\/latamjournalismreview.org\/pt-br\/#website","url":"https:\/\/latamjournalismreview.org\/pt-br\/","name":"LatAm Journalism Review","description":"Digital magazine on journalism in Latin America","publisher":{"@id":"https:\/\/latamjournalismreview.org\/pt-br\/#organization"},"potentialAction":[{"@type":"SearchAction","target":{"@type":"EntryPoint","urlTemplate":"https:\/\/latamjournalismreview.org\/pt-br\/?s={search_term_string}"},"query-input":{"@type":"PropertyValueSpecification","valueRequired":true,"valueName":"search_term_string"}}],"inLanguage":"pt-BR"},{"@type":"Organization","@id":"https:\/\/latamjournalismreview.org\/pt-br\/#organization","name":"LatAm Journalism Review","url":"https:\/\/latamjournalismreview.org\/pt-br\/","logo":{"@type":"ImageObject","inLanguage":"pt-BR","@id":"https:\/\/latamjournalismreview.org\/pt-br\/#\/schema\/logo\/image\/","url":"https:\/\/latamjournalismreview.org\/wp-content\/uploads\/2020\/05\/knight-latAm-review-logo.svg","contentUrl":"https:\/\/latamjournalismreview.org\/wp-content\/uploads\/2020\/05\/knight-latAm-review-logo.svg","width":"1024","height":"1024","caption":"LatAm Journalism Review"},"image":{"@id":"https:\/\/latamjournalismreview.org\/pt-br\/#\/schema\/logo\/image\/"},"sameAs":["https:\/\/x.com\/LatAmJournalism"]},{"@type":"Person","@id":"https:\/\/latamjournalismreview.org\/pt-br\/#\/schema\/person\/0315202e0b3c0963a2440f1c3012c360","name":"Guest","url":"https:\/\/latamjournalismreview.org\/pt-br\/articles\/author\/guest\/"}]}},"_links":{"self":[{"href":"https:\/\/latamjournalismreview.org\/pt-br\/wp-json\/wp\/v2\/posts\/63078","targetHints":{"allow":["GET"]}}],"collection":[{"href":"https:\/\/latamjournalismreview.org\/pt-br\/wp-json\/wp\/v2\/posts"}],"about":[{"href":"https:\/\/latamjournalismreview.org\/pt-br\/wp-json\/wp\/v2\/types\/post"}],"author":[{"embeddable":true,"href":"https:\/\/latamjournalismreview.org\/pt-br\/wp-json\/wp\/v2\/users\/17"}],"replies":[{"embeddable":true,"href":"https:\/\/latamjournalismreview.org\/pt-br\/wp-json\/wp\/v2\/comments?post=63078"}],"version-history":[{"count":2,"href":"https:\/\/latamjournalismreview.org\/pt-br\/wp-json\/wp\/v2\/posts\/63078\/revisions"}],"predecessor-version":[{"id":63083,"href":"https:\/\/latamjournalismreview.org\/pt-br\/wp-json\/wp\/v2\/posts\/63078\/revisions\/63083"}],"wp:attachment":[{"href":"https:\/\/latamjournalismreview.org\/pt-br\/wp-json\/wp\/v2\/media?parent=63078"}],"wp:term":[{"taxonomy":"category","embeddable":true,"href":"https:\/\/latamjournalismreview.org\/pt-br\/wp-json\/wp\/v2\/categories?post=63078"},{"taxonomy":"post_tag","embeddable":true,"href":"https:\/\/latamjournalismreview.org\/pt-br\/wp-json\/wp\/v2\/tags?post=63078"},{"taxonomy":"author","embeddable":true,"href":"https:\/\/latamjournalismreview.org\/pt-br\/wp-json\/wp\/v2\/coauthors?post=63078"}],"curies":[{"name":"wp","href":"https:\/\/api.w.org\/{rel}","templated":true}]}}