{"id":63113,"date":"2010-09-13T10:57:07","date_gmt":"2010-09-13T15:57:07","guid":{"rendered":"https:\/\/latamjournalismreview.org\/?p=63113"},"modified":"2022-08-01T10:58:56","modified_gmt":"2022-08-01T15:58:56","slug":"jornalista-ameacada-na-colombia-tem-visto-negado-para-o-reino-unido","status":"publish","type":"post","link":"https:\/\/latamjournalismreview.org\/pt-br\/articles\/jornalista-ameacada-na-colombia-tem-visto-negado-para-o-reino-unido\/","title":{"rendered":"Jornalista amea\u00e7ada na Col\u00f4mbia tem visto negado para o Reino Unido"},"content":{"rendered":"<p>A jornalista colombiana Claudia Duque teve o\u00a0<a href=\"http:\/\/www.journalism.co.uk\/2\/articles\/540547.php\">pedido de visto negado para entrar no Reino Unido<\/a>, informaram os sites Journalism.co.uk e\u00a0<a href=\"http:\/\/www.noticias.com.co\/2010\/09\/11\/reino-unido-niega-visa-a-periodista-colombiana\">Noticias.com.co<\/a>. Recentemente, outro jornalista colombiano,\u00a0<a href=\"http:\/\/knightcenter.utexas.edu\/pt-br\/search\/node\/hollman%20morris\">Hollman Morris<\/a>, teve o visto negado para os Estados Unidos - mas, pressionado pela sociedade civil, o governo americano voltou atr\u00e1s e permitiu sua entrada no pa\u00eds como bolsista do programa Nieman, da Universidade de Harvard.<\/p>\n<p><a href=\"http:\/\/escolombiaparis.e-monsite.com\/rubrique,entrevista-con-claudia-duque,397523.html\">Claudia Duque<\/a>, uma\u00a0<a href=\"http:\/\/www.eltiempo.com\/domingoadomingo_eltiempo\/ARTICULO-WEB-PLANTILLA_NOTA_INTERIOR-7710013.html\">premiada jornalista que chegou a ser sequestrada e vem sofrendo amea\u00e7as de morte por causa de seu trabalho investigativo<\/a>, pediu um visto para o Reino Unido para dar uma palestra no Sindicato Nacional de Jornalistas (NUJ) sobre suas experi\u00eancias de reportagem sobre direitos humanos.<\/p>\n<p>Tanto o Sindicato Nacional de Jornalistas brit\u00e2nicos como a Federa\u00e7\u00e3o Internacional de Jornalistas (IFJ)\u00a0<a href=\"http:\/\/www.nuj.org.uk\/innerPagenuj.html?docid=1727\">condenaram a decis\u00e3o do Reino Unido<\/a>\u00a0e pediram ao governo que volte atr\u00e1s em sua decis\u00e3o.<\/p>\n<p>\u201cNum momento em que a comunidade internacional deveria enfrentar a impunidade e as viola\u00e7\u00f5es aos direitos dos jornalistas, \u00e9 espantoso que as autoridades do Reino Unido estejam fechando as portas para uma das jornalistas de maior destaque na Col\u00f4mbia, cujo trabalho \u00e9 uma inspira\u00e7\u00e3o na luta pela democracia e os direitos humanos\", afirmou o\u00a0<a href=\"http:\/\/www.ifj.org\/es\">secret\u00e1rio-geral do IFJ, Aidan White<\/a>.<\/p>\n<p><em>Nota do editor: Essa hist\u00f3ria foi publicada originalmente no blog de jornalismo nas Am\u00e9ricas do Centro Knight, o predecessor do LatAm Journalism Review.<\/em><\/p>\n","protected":false},"excerpt":{"rendered":"<p>A jornalista colombiana Claudia Duque teve o\u00a0pedido de visto negado para entrar no Reino Unido, informaram os sites Journalism.co.uk e\u00a0Noticias.com.co. Recentemente, outro jornalista colombiano,\u00a0Hollman Morris, teve o visto negado para os Estados Unidos - mas, pressionado pela sociedade civil, o governo americano voltou atr\u00e1s e permitiu sua entrada no pa\u00eds como bolsista do programa Nieman, da Universidade de Harvard.<\/p>\n","protected":false},"author":41,"featured_media":0,"comment_status":"closed","ping_status":"closed","sticky":false,"template":"","format":"standard","meta":{"inline_featured_image":false,"footnotes":""},"categories":[1221],"tags":[1613,1396,2051],"coauthors":[],"class_list":["post-63113","post","type-post","status-publish","format-standard","hentry","category-violencia-contra-jornalistas-pt-br","tag-ameacas-a-jornalistas-pt-br","tag-colombia-pt-br-2","tag-liberdade-de-expressao-pt-br"],"acf":[],"yoast_head":"<!-- This site is optimized with the Yoast SEO Premium plugin v22.6 (Yoast SEO v27.4) - https:\/\/yoast.com\/product\/yoast-seo-premium-wordpress\/ -->\n<title>Jornalista amea\u00e7ada na Col\u00f4mbia tem visto negado para o Reino Unido - LatAm Journalism Review by the Knight Center<\/title>\n<meta name=\"description\" content=\"Jornalista amea\u00e7ada na Col\u00f4mbia tem visto negado para o Reino Unido Viol\u00eancia contra jornalistas. Latin American Journalism Review by The Knight Center at The University of Texas at Austin.\" \/>\n<meta name=\"robots\" content=\"index, follow, max-snippet:-1, max-image-preview:large, max-video-preview:-1\" \/>\n<link rel=\"canonical\" href=\"https:\/\/latamjournalismreview.org\/pt-br\/articles\/jornalista-ameacada-na-colombia-tem-visto-negado-para-o-reino-unido\/\" \/>\n<meta property=\"og:locale\" content=\"pt_BR\" \/>\n<meta property=\"og:type\" content=\"article\" \/>\n<meta property=\"og:title\" content=\"Jornalista amea\u00e7ada na Col\u00f4mbia tem visto negado para o Reino Unido\" \/>\n<meta property=\"og:description\" content=\"Jornalista amea\u00e7ada na Col\u00f4mbia tem visto negado para o Reino Unido Viol\u00eancia contra jornalistas. Latin American Journalism Review by The Knight Center at The University of Texas at Austin.\" \/>\n<meta property=\"og:url\" content=\"https:\/\/latamjournalismreview.org\/pt-br\/articles\/jornalista-ameacada-na-colombia-tem-visto-negado-para-o-reino-unido\/\" \/>\n<meta property=\"og:site_name\" content=\"LatAm Journalism Review by the Knight Center\" \/>\n<meta property=\"article:published_time\" content=\"2010-09-13T15:57:07+00:00\" \/>\n<meta property=\"article:modified_time\" content=\"2022-08-01T15:58:56+00:00\" \/>\n<meta name=\"author\" content=\"Summer Harlow\" \/>\n<meta name=\"twitter:card\" content=\"summary_large_image\" \/>\n<meta name=\"twitter:creator\" content=\"@LatAmJournalism\" \/>\n<meta name=\"twitter:site\" content=\"@LatAmJournalism\" \/>\n<meta name=\"twitter:label1\" content=\"Written by\" \/>\n\t<meta name=\"twitter:data1\" content=\"Summer Harlow\" \/>\n\t<meta name=\"twitter:label2\" content=\"Est. reading time\" \/>\n\t<meta name=\"twitter:data2\" content=\"1 minuto\" \/>\n<script type=\"application\/ld+json\" class=\"yoast-schema-graph\">{\"@context\":\"https:\\\/\\\/schema.org\",\"@graph\":[{\"@type\":\"Article\",\"@id\":\"https:\\\/\\\/latamjournalismreview.org\\\/pt-br\\\/articles\\\/jornalista-ameacada-na-colombia-tem-visto-negado-para-o-reino-unido\\\/#article\",\"isPartOf\":{\"@id\":\"https:\\\/\\\/latamjournalismreview.org\\\/pt-br\\\/articles\\\/jornalista-ameacada-na-colombia-tem-visto-negado-para-o-reino-unido\\\/\"},\"author\":{\"name\":\"Summer Harlow\",\"@id\":\"https:\\\/\\\/latamjournalismreview.org\\\/pt-br\\\/#\\\/schema\\\/person\\\/571a4b578ae1200d03b8c555e5e75663\"},\"headline\":\"Jornalista amea\u00e7ada na Col\u00f4mbia tem visto negado para o Reino Unido\",\"datePublished\":\"2010-09-13T15:57:07+00:00\",\"dateModified\":\"2022-08-01T15:58:56+00:00\",\"mainEntityOfPage\":{\"@id\":\"https:\\\/\\\/latamjournalismreview.org\\\/pt-br\\\/articles\\\/jornalista-ameacada-na-colombia-tem-visto-negado-para-o-reino-unido\\\/\"},\"wordCount\":251,\"publisher\":{\"@id\":\"https:\\\/\\\/latamjournalismreview.org\\\/pt-br\\\/#organization\"},\"keywords\":[\"Amea\u00e7as a jornalistas\",\"Col\u00f4mbia\",\"Liberdade de express\u00e3o\"],\"articleSection\":[\"Viol\u00eancia contra jornalistas\"],\"inLanguage\":\"pt-BR\"},{\"@type\":\"WebPage\",\"@id\":\"https:\\\/\\\/latamjournalismreview.org\\\/pt-br\\\/articles\\\/jornalista-ameacada-na-colombia-tem-visto-negado-para-o-reino-unido\\\/\",\"url\":\"https:\\\/\\\/latamjournalismreview.org\\\/pt-br\\\/articles\\\/jornalista-ameacada-na-colombia-tem-visto-negado-para-o-reino-unido\\\/\",\"name\":\"Jornalista amea\u00e7ada na Col\u00f4mbia tem visto negado para o Reino Unido - LatAm Journalism Review by the Knight Center\",\"isPartOf\":{\"@id\":\"https:\\\/\\\/latamjournalismreview.org\\\/pt-br\\\/#website\"},\"datePublished\":\"2010-09-13T15:57:07+00:00\",\"dateModified\":\"2022-08-01T15:58:56+00:00\",\"description\":\"Jornalista amea\u00e7ada na Col\u00f4mbia tem visto negado para o Reino Unido Viol\u00eancia contra jornalistas. Latin American Journalism Review by The Knight Center at The University of Texas at Austin.\",\"breadcrumb\":{\"@id\":\"https:\\\/\\\/latamjournalismreview.org\\\/pt-br\\\/articles\\\/jornalista-ameacada-na-colombia-tem-visto-negado-para-o-reino-unido\\\/#breadcrumb\"},\"inLanguage\":\"pt-BR\",\"potentialAction\":[{\"@type\":\"ReadAction\",\"target\":[\"https:\\\/\\\/latamjournalismreview.org\\\/pt-br\\\/articles\\\/jornalista-ameacada-na-colombia-tem-visto-negado-para-o-reino-unido\\\/\"]}]},{\"@type\":\"BreadcrumbList\",\"@id\":\"https:\\\/\\\/latamjournalismreview.org\\\/pt-br\\\/articles\\\/jornalista-ameacada-na-colombia-tem-visto-negado-para-o-reino-unido\\\/#breadcrumb\",\"itemListElement\":[{\"@type\":\"ListItem\",\"position\":1,\"name\":\"Home\",\"item\":\"https:\\\/\\\/latamjournalismreview.org\\\/pt-br\\\/\"},{\"@type\":\"ListItem\",\"position\":2,\"name\":\"Jornalista amea\u00e7ada na Col\u00f4mbia tem visto negado para o Reino Unido\"}]},{\"@type\":\"WebSite\",\"@id\":\"https:\\\/\\\/latamjournalismreview.org\\\/pt-br\\\/#website\",\"url\":\"https:\\\/\\\/latamjournalismreview.org\\\/pt-br\\\/\",\"name\":\"LatAm Journalism Review\",\"description\":\"Digital magazine on journalism in Latin America\",\"publisher\":{\"@id\":\"https:\\\/\\\/latamjournalismreview.org\\\/pt-br\\\/#organization\"},\"potentialAction\":[{\"@type\":\"SearchAction\",\"target\":{\"@type\":\"EntryPoint\",\"urlTemplate\":\"https:\\\/\\\/latamjournalismreview.org\\\/pt-br\\\/?s={search_term_string}\"},\"query-input\":{\"@type\":\"PropertyValueSpecification\",\"valueRequired\":true,\"valueName\":\"search_term_string\"}}],\"inLanguage\":\"pt-BR\"},{\"@type\":\"Organization\",\"@id\":\"https:\\\/\\\/latamjournalismreview.org\\\/pt-br\\\/#organization\",\"name\":\"LatAm Journalism Review\",\"url\":\"https:\\\/\\\/latamjournalismreview.org\\\/pt-br\\\/\",\"logo\":{\"@type\":\"ImageObject\",\"inLanguage\":\"pt-BR\",\"@id\":\"https:\\\/\\\/latamjournalismreview.org\\\/pt-br\\\/#\\\/schema\\\/logo\\\/image\\\/\",\"url\":\"https:\\\/\\\/latamjournalismreview.org\\\/wp-content\\\/uploads\\\/2020\\\/05\\\/knight-latAm-review-logo.svg\",\"contentUrl\":\"https:\\\/\\\/latamjournalismreview.org\\\/wp-content\\\/uploads\\\/2020\\\/05\\\/knight-latAm-review-logo.svg\",\"width\":\"1024\",\"height\":\"1024\",\"caption\":\"LatAm Journalism Review\"},\"image\":{\"@id\":\"https:\\\/\\\/latamjournalismreview.org\\\/pt-br\\\/#\\\/schema\\\/logo\\\/image\\\/\"},\"sameAs\":[\"https:\\\/\\\/x.com\\\/LatAmJournalism\"]},{\"@type\":\"Person\",\"@id\":\"https:\\\/\\\/latamjournalismreview.org\\\/pt-br\\\/#\\\/schema\\\/person\\\/571a4b578ae1200d03b8c555e5e75663\",\"name\":\"Summer Harlow\",\"url\":\"https:\\\/\\\/latamjournalismreview.org\\\/pt-br\\\/articles\\\/author\\\/summer-harlow\\\/\"}]}<\/script>\n<!-- \/ Yoast SEO Premium plugin. -->","yoast_head_json":{"title":"Jornalista amea\u00e7ada na Col\u00f4mbia tem visto negado para o Reino Unido - LatAm Journalism Review by the Knight Center","description":"Jornalista amea\u00e7ada na Col\u00f4mbia tem visto negado para o Reino Unido Viol\u00eancia contra jornalistas. Latin American Journalism Review by The Knight Center at The University of Texas at Austin.","robots":{"index":"index","follow":"follow","max-snippet":"max-snippet:-1","max-image-preview":"max-image-preview:large","max-video-preview":"max-video-preview:-1"},"canonical":"https:\/\/latamjournalismreview.org\/pt-br\/articles\/jornalista-ameacada-na-colombia-tem-visto-negado-para-o-reino-unido\/","og_locale":"pt_BR","og_type":"article","og_title":"Jornalista amea\u00e7ada na Col\u00f4mbia tem visto negado para o Reino Unido","og_description":"Jornalista amea\u00e7ada na Col\u00f4mbia tem visto negado para o Reino Unido Viol\u00eancia contra jornalistas. Latin American Journalism Review by The Knight Center at The University of Texas at Austin.","og_url":"https:\/\/latamjournalismreview.org\/pt-br\/articles\/jornalista-ameacada-na-colombia-tem-visto-negado-para-o-reino-unido\/","og_site_name":"LatAm Journalism Review by the Knight Center","article_published_time":"2010-09-13T15:57:07+00:00","article_modified_time":"2022-08-01T15:58:56+00:00","author":"Summer Harlow","twitter_card":"summary_large_image","twitter_creator":"@LatAmJournalism","twitter_site":"@LatAmJournalism","twitter_misc":{"Written by":"Summer Harlow","Est. reading time":"1 minuto"},"schema":{"@context":"https:\/\/schema.org","@graph":[{"@type":"Article","@id":"https:\/\/latamjournalismreview.org\/pt-br\/articles\/jornalista-ameacada-na-colombia-tem-visto-negado-para-o-reino-unido\/#article","isPartOf":{"@id":"https:\/\/latamjournalismreview.org\/pt-br\/articles\/jornalista-ameacada-na-colombia-tem-visto-negado-para-o-reino-unido\/"},"author":{"name":"Summer Harlow","@id":"https:\/\/latamjournalismreview.org\/pt-br\/#\/schema\/person\/571a4b578ae1200d03b8c555e5e75663"},"headline":"Jornalista amea\u00e7ada na Col\u00f4mbia tem visto negado para o Reino Unido","datePublished":"2010-09-13T15:57:07+00:00","dateModified":"2022-08-01T15:58:56+00:00","mainEntityOfPage":{"@id":"https:\/\/latamjournalismreview.org\/pt-br\/articles\/jornalista-ameacada-na-colombia-tem-visto-negado-para-o-reino-unido\/"},"wordCount":251,"publisher":{"@id":"https:\/\/latamjournalismreview.org\/pt-br\/#organization"},"keywords":["Amea\u00e7as a jornalistas","Col\u00f4mbia","Liberdade de express\u00e3o"],"articleSection":["Viol\u00eancia contra jornalistas"],"inLanguage":"pt-BR"},{"@type":"WebPage","@id":"https:\/\/latamjournalismreview.org\/pt-br\/articles\/jornalista-ameacada-na-colombia-tem-visto-negado-para-o-reino-unido\/","url":"https:\/\/latamjournalismreview.org\/pt-br\/articles\/jornalista-ameacada-na-colombia-tem-visto-negado-para-o-reino-unido\/","name":"Jornalista amea\u00e7ada na Col\u00f4mbia tem visto negado para o Reino Unido - LatAm Journalism Review by the Knight Center","isPartOf":{"@id":"https:\/\/latamjournalismreview.org\/pt-br\/#website"},"datePublished":"2010-09-13T15:57:07+00:00","dateModified":"2022-08-01T15:58:56+00:00","description":"Jornalista amea\u00e7ada na Col\u00f4mbia tem visto negado para o Reino Unido Viol\u00eancia contra jornalistas. Latin American Journalism Review by The Knight Center at The University of Texas at Austin.","breadcrumb":{"@id":"https:\/\/latamjournalismreview.org\/pt-br\/articles\/jornalista-ameacada-na-colombia-tem-visto-negado-para-o-reino-unido\/#breadcrumb"},"inLanguage":"pt-BR","potentialAction":[{"@type":"ReadAction","target":["https:\/\/latamjournalismreview.org\/pt-br\/articles\/jornalista-ameacada-na-colombia-tem-visto-negado-para-o-reino-unido\/"]}]},{"@type":"BreadcrumbList","@id":"https:\/\/latamjournalismreview.org\/pt-br\/articles\/jornalista-ameacada-na-colombia-tem-visto-negado-para-o-reino-unido\/#breadcrumb","itemListElement":[{"@type":"ListItem","position":1,"name":"Home","item":"https:\/\/latamjournalismreview.org\/pt-br\/"},{"@type":"ListItem","position":2,"name":"Jornalista amea\u00e7ada na Col\u00f4mbia tem visto negado para o Reino Unido"}]},{"@type":"WebSite","@id":"https:\/\/latamjournalismreview.org\/pt-br\/#website","url":"https:\/\/latamjournalismreview.org\/pt-br\/","name":"LatAm Journalism Review","description":"Digital magazine on journalism in Latin America","publisher":{"@id":"https:\/\/latamjournalismreview.org\/pt-br\/#organization"},"potentialAction":[{"@type":"SearchAction","target":{"@type":"EntryPoint","urlTemplate":"https:\/\/latamjournalismreview.org\/pt-br\/?s={search_term_string}"},"query-input":{"@type":"PropertyValueSpecification","valueRequired":true,"valueName":"search_term_string"}}],"inLanguage":"pt-BR"},{"@type":"Organization","@id":"https:\/\/latamjournalismreview.org\/pt-br\/#organization","name":"LatAm Journalism Review","url":"https:\/\/latamjournalismreview.org\/pt-br\/","logo":{"@type":"ImageObject","inLanguage":"pt-BR","@id":"https:\/\/latamjournalismreview.org\/pt-br\/#\/schema\/logo\/image\/","url":"https:\/\/latamjournalismreview.org\/wp-content\/uploads\/2020\/05\/knight-latAm-review-logo.svg","contentUrl":"https:\/\/latamjournalismreview.org\/wp-content\/uploads\/2020\/05\/knight-latAm-review-logo.svg","width":"1024","height":"1024","caption":"LatAm Journalism Review"},"image":{"@id":"https:\/\/latamjournalismreview.org\/pt-br\/#\/schema\/logo\/image\/"},"sameAs":["https:\/\/x.com\/LatAmJournalism"]},{"@type":"Person","@id":"https:\/\/latamjournalismreview.org\/pt-br\/#\/schema\/person\/571a4b578ae1200d03b8c555e5e75663","name":"Summer Harlow","url":"https:\/\/latamjournalismreview.org\/pt-br\/articles\/author\/summer-harlow\/"}]}},"_links":{"self":[{"href":"https:\/\/latamjournalismreview.org\/pt-br\/wp-json\/wp\/v2\/posts\/63113","targetHints":{"allow":["GET"]}}],"collection":[{"href":"https:\/\/latamjournalismreview.org\/pt-br\/wp-json\/wp\/v2\/posts"}],"about":[{"href":"https:\/\/latamjournalismreview.org\/pt-br\/wp-json\/wp\/v2\/types\/post"}],"author":[{"embeddable":true,"href":"https:\/\/latamjournalismreview.org\/pt-br\/wp-json\/wp\/v2\/users\/41"}],"replies":[{"embeddable":true,"href":"https:\/\/latamjournalismreview.org\/pt-br\/wp-json\/wp\/v2\/comments?post=63113"}],"version-history":[{"count":2,"href":"https:\/\/latamjournalismreview.org\/pt-br\/wp-json\/wp\/v2\/posts\/63113\/revisions"}],"predecessor-version":[{"id":63118,"href":"https:\/\/latamjournalismreview.org\/pt-br\/wp-json\/wp\/v2\/posts\/63113\/revisions\/63118"}],"wp:attachment":[{"href":"https:\/\/latamjournalismreview.org\/pt-br\/wp-json\/wp\/v2\/media?parent=63113"}],"wp:term":[{"taxonomy":"category","embeddable":true,"href":"https:\/\/latamjournalismreview.org\/pt-br\/wp-json\/wp\/v2\/categories?post=63113"},{"taxonomy":"post_tag","embeddable":true,"href":"https:\/\/latamjournalismreview.org\/pt-br\/wp-json\/wp\/v2\/tags?post=63113"},{"taxonomy":"author","embeddable":true,"href":"https:\/\/latamjournalismreview.org\/pt-br\/wp-json\/wp\/v2\/coauthors?post=63113"}],"curies":[{"name":"wp","href":"https:\/\/api.w.org\/{rel}","templated":true}]}}