{"id":634,"date":"2020-03-02T21:48:12","date_gmt":"2020-03-03T02:48:12","guid":{"rendered":"https:\/\/live-lajr.pantheonsite.io\/?p=634"},"modified":"2020-06-04T10:55:20","modified_gmt":"2020-06-04T15:55:20","slug":"colaboracao-de-fact-checking-sobre-coronavirus-ja-reune-91-organizacoes-em-40-paises-e-pode-ser-a-maior-da-historia","status":"publish","type":"post","link":"https:\/\/latamjournalismreview.org\/pt-br\/articles\/colaboracao-de-fact-checking-sobre-coronavirus-ja-reune-91-organizacoes-em-40-paises-e-pode-ser-a-maior-da-historia\/","title":{"rendered":"Colabora\u00e7\u00e3o de fact-checking sobre coronav\u00edrus j\u00e1 re\u00fane 91 organiza\u00e7\u00f5es em 40 pa\u00edses e pode ser a maior da hist\u00f3ria"},"content":{"rendered":"<p class=\"p1\"><span class=\"s1\">Um projeto de colabora\u00e7\u00e3o global entre organiza\u00e7\u00f5es de fact-checking tem unido esfor\u00e7os para desmentir boatos e combater a desinforma\u00e7\u00e3o sobre a epidemia do coronav\u00edrus Sars-CoV-2. At\u00e9 27 de fevereiro, 91 organiza\u00e7\u00f5es de fact-checking de 40 pa\u00edses tinham aderido ao CoronaVirusFacts Alliance (o nome em espanhol \u00e9 DataCoronaVirus).<\/span><\/p>\n<p class=\"p1\"><span class=\"s1\">Na Am\u00e9rica Latina, dez organiza\u00e7\u00f5es da Argentina, Brasil, Col\u00f4mbia, Equador, M\u00e9xico e Venezuela j\u00e1 fazem parte da colabora\u00e7\u00e3o, que foi lan\u00e7ada em 24 de janeiro. S\u00e3o elas: Aos Fatos, Ag\u00eancia Lupa, Agence France-Presse (AFP), Animal Pol\u00edtico, Chequeado, ColombiaCheck, Ecuador Chequea, Efecto Cocuyo, Estad\u00e3o Verifica e La Silla Vac\u00eda.<\/span><\/p>\n<div id=\"attachment_350\" style=\"width: 400px\" class=\"wp-caption aligncenter\"><img loading=\"lazy\" decoding=\"async\" aria-describedby=\"caption-attachment-350\" class=\"wp-image-350 size-full\" src=\"https:\/\/live-lajr.pantheonsite.io\/wp-content\/uploads\/2020\/03\/Coronavirus.png\" alt=\"Coronavirus\" width=\"390\" height=\"216\" srcset=\"https:\/\/latamjournalismreview.org\/wp-content\/uploads\/2020\/03\/Coronavirus.png 390w, https:\/\/latamjournalismreview.org\/wp-content\/uploads\/2020\/03\/Coronavirus-300x166.png 300w\" sizes=\"auto, (max-width: 390px) 100vw, 390px\" \/><p id=\"caption-attachment-350\" class=\"wp-caption-text\">(Image: CDC)<\/p><\/div>\n<p class=\"p1\"><span class=\"s1\">Segundo a diretora-adjunta da\u00a0<a href=\"https:\/\/www.poynter.org\/ifcn\/\"><span class=\"s2\">International Fact-Checking Network (IFCN)<\/span><\/a>\u00a0e fundadora da Ag\u00eancia Lupa, Cristina Tard\u00e1guila, respons\u00e1vel por coordenar o projeto, a colabora\u00e7\u00e3o pode se tornar a maior alian\u00e7a de checadores da hist\u00f3ria. Em apenas 33 dias, o esfor\u00e7o de reportagem j\u00e1 produziu 576 checagens, em 15 l\u00ednguas diferentes.<\/span><\/p>\n<p class=\"p1\"><span class=\"s1\">\u201cA maior colabora\u00e7\u00e3o que eu j\u00e1 vi foi feita\u00a0<a href=\"https:\/\/knightcenter.utexas.edu\/pt-br\/blog\/00-21112-partir-de-licoes-de-brasil-e-mexico-projeto-argentino-reverso-une-130-meios-em-fact-ch\"><span class=\"s2\">nas elei\u00e7\u00f5es na Argentina, o Reverso<\/span><\/a>\u201d, disse Tard\u00e1guila, ao\u00a0<b>Centro Knight<\/b>. O\u00a0<a href=\"https:\/\/reversoar.com\/\"><span class=\"s2\">Reverso<\/span><\/a>\u00a0teve 127 ve\u00edculos aliados (40 deles como produtores), durou seis meses e produziu 180 verifica\u00e7\u00f5es, 40 \u00e1udios e 32 v\u00eddeos. Tamb\u00e9m capacitou 451 jornalistas e teve um milh\u00e3o de visitas mensais no per\u00edodo em que esteve vigente.<\/span><\/p>\n<p class=\"p1\"><span class=\"s1\">\u201cN\u00f3s, com 90 meios de comunica\u00e7\u00e3o, em um m\u00eas, j\u00e1 fizemos 570 checagens. Se a gente ficar um ano cobrindo coronavirus, isso vai explodir. Tem muito potencial, em termos de intensidade de produ\u00e7\u00e3o, e n\u00e3o temos horizonte para terminar\u201d, diz Tard\u00e1guila. A IFCN ainda n\u00e3o tem dados do p\u00fablico impactado, mas Tard\u00e1guila afirma que as publica\u00e7\u00f5es t\u00eam tido muita audi\u00eancia. Para acompanhar o trabalho, veja\u00a0<a href=\"https:\/\/t.co\/jZKcWmNXsg?ssr=true\"><span class=\"s2\">a lista de checagens do projeto no Twitter<\/span><\/a>.<\/span><\/p>\n<p class=\"p1\"><span class=\"s1\">A IFCN, que faz parte do instituto de jornalismo Poynter, costuma organizar coberturas conjuntas entre organiza\u00e7\u00f5es de fact-checking em grandes eventos pol\u00edticos, econ\u00f4micos ou ambientais, como o G20, F\u00f3rum de Davos, Assembleia Geral da ONU ou a COP. Mas a alian\u00e7a sobre o coronavirus \u00e9 especial, afirma Tard\u00e1guila.<\/span><\/p>\n<p class=\"p1\"><span class=\"s1\">\u201cTem uma grande diferen\u00e7a. Normalmente as nossas colabora\u00e7\u00f5es t\u00eam um prazo para acabar, agora a gente n\u00e3o faz a menor ideia de quanto tempo vamos ter de desinforma\u00e7\u00e3o sobre o coronav\u00edrus\u201d, diz.<\/span><\/p>\n<p class=\"p1\"><span class=\"s1\">A iniciativa surgiu ap\u00f3s uma mat\u00e9ria que Tard\u00e1guila fez com a editora-chefe do Taiwan FactCheck Center, Summer Chen, em janeiro. A\u00a0<a href=\"https:\/\/www.poynter.org\/fact-checking\/2020\/the-2019-coronavirus-virus-lands-in-the-u-s-after-killing-17-and-taking-eight-to-prison\/\"><span class=\"s2\">reportagem era sobre relatos da pris\u00e3o de oito pessoas na China<\/span><\/a>, ap\u00f3s o governo considerar que elas publicaram not\u00edcias falsas sobre uma doen\u00e7a \u2013agora se sabe que se tratava do novo coronavirus. Ao longo da apura\u00e7\u00e3o, a cidade de Wuhan foi isolada e o governo precisou reconhecer a epidemia.<\/span><\/p>\n<p class=\"p1\"><span class=\"s1\">\u201cA Summer me avisou que esse assunto ia ficar grande. Ent\u00e3o eu mandei uma pergunta no nosso grupo de Slack, que tem cerca de 350 checadores, se eles tinham interesse em fazer uma colabora\u00e7\u00e3o sobre isso. Foi uma sexta-feira de manh\u00e3 e de tarde j\u00e1 tinha 60 checadores aderindo, todos muito preocupados e alertando sobre not\u00edcias falsas em seus pa\u00edses\u201d, conta Tard\u00e1guila.<\/span><\/p>\n<p class=\"p1\"><span class=\"s1\">O grupo segue a mesma metodologia das outras coberturas conjuntas da IFCN. Al\u00e9m do grupo no Slack para comunica\u00e7\u00e3o, eles criam tr\u00eas documentos no Google Drive.<\/span><\/p>\n<p class=\"p1\"><span class=\"s1\">Um deles \u00e9 uma tabela compartilhada, em ingl\u00eas, \u201ccom uma infinidade de colunas\u201d, explica Tard\u00e1guila. Ali h\u00e1 uma s\u00e9rie de informa\u00e7\u00f5es: a mentira que foi checada, com link e data, bem como um pequeno resumo da checagem, com link, data de publica\u00e7\u00e3o, nome e contato do checador, al\u00e9m de um campo para indicar se a verifica\u00e7\u00e3o passou por alguma corre\u00e7\u00e3o.<\/span><\/p>\n<p class=\"p1\"><span class=\"s1\">\u201cAinda temos mais dois documentos. Um com tudo que sabemos que \u00e9 falso, e outro com tudo que sabemos que \u00e9 verdadeiro\u201d, conta a jornalista.<\/span><\/p>\n<p class=\"p1\"><span class=\"s1\">Para participar, \u00e9 preciso seguir algumas regras simples, como contribuir com ao menos uma checagem, republicar conte\u00fado sempre com cr\u00e9dito do autor, e permitir que suas verifica\u00e7\u00f5es sejam traduzidas e publicadas por outros ve\u00edculos.<\/span><\/p>\n<p class=\"p1\"><span class=\"s1\">No in\u00edcio, o trabalho de coordena\u00e7\u00e3o foi mais intenso, porque foi preciso esclarecer d\u00favidas, determinar processos e aprimorar o m\u00e9todo, mas agora o projeto j\u00e1 caminha com as pr\u00f3prias pernas. Al\u00e9m disso, Tard\u00e1guila conta com aux\u00edlio de alguns dos jornalistas da alian\u00e7a.<\/span><\/p>\n<p class=\"p1\"><span class=\"s1\">\u201cPor exemplo, a Summer est\u00e1 ajudando a rede toda, porque tem muita informa\u00e7\u00e3o em mandarim ou canton\u00eas. E um dos desafios \u00e9 que n\u00f3s, do ocidente, n\u00e3o temos conta nas redes sociais de l\u00e1, como Line, ou Weibo. Por isso a ajuda dos checadores de Taiwan e Hong Kong tem sido vital\u201d, explica.<\/span><\/p>\n<p class=\"p1\"><span class=\"s1\">Um dos legados da colabora\u00e7\u00e3o, segundo Tard\u00e1guila, \u00e9 unir os jornalistas em prol de uma causa comum. \u201cOs checadores est\u00e3o demonstrando que n\u00e3o existe concorr\u00eancia na luta contra desinforma\u00e7\u00e3o, os jornalistas precisam atuar de forma amistosa e colaborativa. O furo \u00e9 para ser dado contra o produtor de not\u00edcia falsa, n\u00e3o contra o colega ou o portal concorrente\u201d, afirma.<\/span><\/p>\n<div id=\"attachment_627\" style=\"width: 310px\" class=\"wp-caption alignleft\"><img loading=\"lazy\" decoding=\"async\" aria-describedby=\"caption-attachment-627\" class=\"wp-image-627\" src=\"https:\/\/live-lajr.pantheonsite.io\/wp-content\/uploads\/2020\/03\/Cristina-Tardaguila-200x300.jpg\" alt=\"Cristina Tard\u00e1guila\" width=\"300\" height=\"450\" srcset=\"https:\/\/latamjournalismreview.org\/wp-content\/uploads\/2020\/03\/Cristina-Tardaguila-200x300.jpg 200w, https:\/\/latamjournalismreview.org\/wp-content\/uploads\/2020\/03\/Cristina-Tardaguila-683x1024.jpg 683w, https:\/\/latamjournalismreview.org\/wp-content\/uploads\/2020\/03\/Cristina-Tardaguila-768x1152.jpg 768w, https:\/\/latamjournalismreview.org\/wp-content\/uploads\/2020\/03\/Cristina-Tardaguila-1024x1536.jpg 1024w, https:\/\/latamjournalismreview.org\/wp-content\/uploads\/2020\/03\/Cristina-Tardaguila.jpg 1200w\" sizes=\"auto, (max-width: 300px) 100vw, 300px\" \/><p id=\"caption-attachment-627\" class=\"wp-caption-text\">Cristina Tard\u00e1guila (Photo: Petrobras\/Alexandre Grand)<\/p><\/div>\n<p class=\"p1\"><span class=\"s1\">Tard\u00e1guila explica que a colabora\u00e7\u00e3o permite encurtar o tempo em que uma mentira circula na Internet sem ser desmentida. Como toda checagem da alian\u00e7a traz as fontes e dados usados para chegar \u00e0quela conclus\u00e3o, os jornalistas do projeto podem verificar e compartilhar esse conte\u00fado com seus p\u00fablicos. Isso torna a resposta mais r\u00e1pida e potencializa a dissemina\u00e7\u00e3o da informa\u00e7\u00e3o verdadeira, porque \u00e9 publicada por diferentes organiza\u00e7\u00f5es espalhadas pelo mundo.<\/span><\/p>\n<p class=\"p1\"><span class=\"s1\">\u201cPercebemos que as mentiras s\u00e3o id\u00eanticas. Elas pipocam na \u00c1sia, na Europa, na Am\u00e9rica Latina. \u00c9 o mesmo v\u00eddeo, a mesma foto, o mesmo texto. Ent\u00e3o n\u00e3o precisa todo mundo fazer a mesma checagem. Quanto menor o tempo entre a publica\u00e7\u00e3o da mentira e do dado correto, menos pessoas s\u00e3o impactadas por esse conte\u00fado falso, o que \u00e9 fundamental, principalmente na sa\u00fade\u201d, diz.<\/span><\/p>\n<p class=\"p1\"><span class=\"s1\">Al\u00e9m de coordenar as checagens, a IFCN tem produzido an\u00e1lises sobre o fluxo de conte\u00fado falso sobre o coronavirus. Em um primeiro momento, eles identificaram\u00a0<a href=\"https:\/\/www.poynter.org\/fact-checking\/2020\/coronavirus-fact-checkers-from-30-countries-are-fighting-3-waves-of-misinformation\/\"><span class=\"s2\">tr\u00eas ondas de desinforma\u00e7\u00e3o<\/span><\/a>. Uma delas dizia que o v\u00edrus era antigo e teria sido criado para, posteriormente, vender uma vacina. A outra era sobre as origens falsas da doen\u00e7a, como bananas ou sopa de morcego. \u201cE havia, claro, e as teorias da conspira\u00e7\u00e3o: o Bill Gates era o respons\u00e1vel, ou as armas biol\u00f3gicas da China, etc\u201d, conta Tard\u00e1guila.<\/span><\/p>\n<p class=\"p1\"><span class=\"s1\">Depois foi o momento das\u00a0<a href=\"https:\/\/www.poynter.org\/fact-checking\/2020\/photos-and-videos-allegedly-showing-the-coronavirus-are-now-challenging-fact-checkers\/\"><span class=\"s2\">fotos e v\u00eddeos falsos<\/span><\/a>. \u201cV\u00e1rios v\u00eddeos de pessoas caindo eram na verdade v\u00edtimas de infarto ou estavam b\u00eabados. E editado junto parecia que todo mundo estava morrendo. Por volta do in\u00edcio de fevereiro, come\u00e7aram a aparecer as previs\u00f5es, o cap\u00edtulo dos\u00a0<a href=\"https:\/\/www.poynter.org\/fact-checking\/2020\/panic-and-fear-might-be-limiting-human-reasoning-and-fueling-hoaxes-about-coronavirus\/\"><span class=\"s2\">Simpsons, o livro ou filme<\/span><\/a>\u00a0que previram a chegada do v\u00edrus\u201d, diz Tard\u00e1guila.<\/span><\/p>\n<p class=\"p1\"><span class=\"s1\">Em meados de fevereiro, chegou a\u00a0<a href=\"https:\/\/www.poynter.org\/fact-checking\/2020\/these-are-false-cures-and-fake-preventative-measures-against-coronavirus-help-fact-checkers-spread-the-word\/\"><span class=\"s2\">onda das curas milagrosas:<\/span><\/a>\u00a0sopa de alho, \u00e1gua salgada, vitamina C. \u201cBeber \u00e1gua sanit\u00e1ria previne coronavirus, isso bombou nos EUA. Urina de vaca, bombou na \u00cdndia. Depois come\u00e7am a achar vacinas que n\u00e3o existem: \u2018ah, surgiu uma vacina em tal lugar\u2019\u201d, lembra.<\/span><\/p>\n<p class=\"p1\"><span class=\"s1\">Nessa \u00e9poca, afirma Tard\u00e1guila, Google, Facebook e Twitter \u201ccome\u00e7aram a se desesperar\u201d e\u00a0<a href=\"https:\/\/www.poynter.org\/fact-checking\/2020\/google-facebook-and-twitter-could-do-more-to-surface-fact-checks-about-coronavirus\/\"><span class=\"s2\">adotar medidas para combater a informa\u00e7\u00e3o falsa sobre o coronavirus<\/span><\/a>. \u201cElas poderiam fazer muit\u00edssimo mais. Tecnicamente as checagens est\u00e3o prontas para serem expostas pelas plataformas, mas fizemos um teste: jogamos no Google coronavirus em dez pa\u00edses em um determinado dia e n\u00e3o aparecia checagem em nenhuma l\u00edngua\u201d.<\/span><\/p>\n<p class=\"p1\"><span class=\"s1\">Atualmente, a jornalista identificou uma nova onda de desinforma\u00e7\u00e3o, que fala sobre\u00a0<a href=\"https:\/\/www.poynter.org\/fact-checking\/2020\/no-race-or-religion-can-prevent-coronavirus-dont-fall-for-these-hoaxes\/\"><span class=\"s2\">ra\u00e7as e religi\u00f5es<\/span><\/a>\u00a0que estariam mais vulner\u00e1veis ou mais protegidas da doen\u00e7a. \u201cPor exemplo: \u2018mu\u00e7ulmanos n\u00e3o pegam coronav\u00edrus, voc\u00ea deveria se converter\u2019. Ou \u2018se voc\u00ea for da ra\u00e7a tal, voc\u00ea carrega a doen\u00e7a\u2019. Por isso que expulsam pessoas de metr\u00f4 e das lojas, s\u00f3 por parecerem asi\u00e1ticos, j\u00e1 houve v\u00e1rios casos disso pelo mundo\u201d, exemplifica.<\/span><\/p>\n<p class=\"p1\"><span class=\"s1\">Tard\u00e1guila acredita que h\u00e1 um movimento coordenado de desinforma\u00e7\u00e3o sobre o coronav\u00edrus. Segundo ela, algumas not\u00edcias falsas parecem ser apenas fruto do medo diante de uma doen\u00e7a nova, outras s\u00e3o intencionais.<\/span><\/p>\n<p class=\"p1\"><span class=\"s1\">\u201c\u00d3bvio que tem coisa que \u00e9 mais ligada ao p\u00e2nico, \u00e9 a vov\u00f3 transmitindo no Whatsapp que sopa de alho e vitamina C ajudam. Mas d\u00e1 para ver que tem v\u00e1rios movimentos se aproveitando da desinforma\u00e7\u00e3o com o coronav\u00edrus para empurrar suas ideologias, suas bandeiras. \u00c9 o caso do movimento antivacina, movimentos racistas ou algumas religi\u00f5es\u201d.<\/span><\/p>\n<p class=\"p1\"><span class=\"s1\">Para a jornalista, as sucessivas ondas de not\u00edcias falsas mostram que o esfor\u00e7o de checagem tem surtido efeito. \u201cNo momento que todos os checadores atacam uma desinforma\u00e7\u00e3o, os produtores de not\u00edcia falsa migram para outra coisa.\u201d<\/span><\/p>\n<p class=\"p1\"><span class=\"s1\">Tard\u00e1guila tamb\u00e9m passou a coordenar uma equipe de acad\u00eamicos, que vai fazer pesquisas com a base de dados da alian\u00e7a. \u201cQueremos saber qual foi o caminho da mentira, onde come\u00e7ou, em qual l\u00edngua, e onde foi parar. E quantas pessoas foram impactadas pelas checagens e quantas viram os boatos\u201d.<\/span><\/p>\n","protected":false},"excerpt":{"rendered":"<p>Um projeto de colabora\u00e7\u00e3o global entre organiza\u00e7\u00f5es de fact-checking tem unido esfor\u00e7os para desmentir boatos e combater a desinforma\u00e7\u00e3o sobre a epidemia do coronav\u00edrus<\/p>\n","protected":false},"author":6,"featured_media":350,"comment_status":"closed","ping_status":"closed","sticky":false,"template":"","format":"standard","meta":{"inline_featured_image":false,"footnotes":""},"categories":[1212],"tags":[1432,1451],"coauthors":[],"class_list":["post-634","post","type-post","status-publish","format-standard","has-post-thumbnail","hentry","category-colaboracao-pt-br","tag-covid-19-pt-br","tag-fact-checking-pt-br"],"acf":[],"yoast_head":"<!-- This site is optimized with the Yoast SEO Premium plugin v22.6 (Yoast SEO v27.4) - https:\/\/yoast.com\/product\/yoast-seo-premium-wordpress\/ -->\n<title>Colabora\u00e7\u00e3o de fact-checking sobre coronav\u00edrus j\u00e1 re\u00fane 91 organiza\u00e7\u00f5es em 40 pa\u00edses e pode ser a maior da hist\u00f3ria - LatAm Journalism Review by the Knight Center<\/title>\n<meta name=\"description\" content=\"Colabora\u00e7\u00e3o de fact-checking sobre coronav\u00edrus j\u00e1 re\u00fane 91 organiza\u00e7\u00f5es em 40 pa\u00edses e pode ser a maior da hist\u00f3ria Colabora\u00e7\u00e3o. Latin American Journalism Review by The Knight Center at The University of Texas at Austin.\" \/>\n<meta name=\"robots\" content=\"index, follow, max-snippet:-1, max-image-preview:large, max-video-preview:-1\" \/>\n<link rel=\"canonical\" href=\"https:\/\/latamjournalismreview.org\/pt-br\/articles\/colaboracao-de-fact-checking-sobre-coronavirus-ja-reune-91-organizacoes-em-40-paises-e-pode-ser-a-maior-da-historia\/\" \/>\n<meta property=\"og:locale\" content=\"pt_BR\" \/>\n<meta property=\"og:type\" content=\"article\" \/>\n<meta property=\"og:title\" content=\"Colabora\u00e7\u00e3o de fact-checking sobre coronav\u00edrus j\u00e1 re\u00fane 91 organiza\u00e7\u00f5es em 40 pa\u00edses e pode ser a maior da hist\u00f3ria\" \/>\n<meta property=\"og:description\" content=\"Colabora\u00e7\u00e3o de fact-checking sobre coronav\u00edrus j\u00e1 re\u00fane 91 organiza\u00e7\u00f5es em 40 pa\u00edses e pode ser a maior da hist\u00f3ria Colabora\u00e7\u00e3o. Latin American Journalism Review by The Knight Center at The University of Texas at Austin.\" \/>\n<meta property=\"og:url\" content=\"https:\/\/latamjournalismreview.org\/pt-br\/articles\/colaboracao-de-fact-checking-sobre-coronavirus-ja-reune-91-organizacoes-em-40-paises-e-pode-ser-a-maior-da-historia\/\" \/>\n<meta property=\"og:site_name\" content=\"LatAm Journalism Review by the Knight Center\" \/>\n<meta property=\"article:published_time\" content=\"2020-03-03T02:48:12+00:00\" \/>\n<meta property=\"article:modified_time\" content=\"2020-06-04T15:55:20+00:00\" \/>\n<meta property=\"og:image\" content=\"https:\/\/latamjournalismreview.org\/wp-content\/uploads\/2020\/03\/Coronavirus.png\" \/>\n\t<meta property=\"og:image:width\" content=\"390\" \/>\n\t<meta property=\"og:image:height\" content=\"216\" \/>\n\t<meta property=\"og:image:type\" content=\"image\/png\" \/>\n<meta name=\"author\" content=\"Marina Estarque\" \/>\n<meta name=\"twitter:card\" content=\"summary_large_image\" \/>\n<meta name=\"twitter:creator\" content=\"@MarinaEstarque\" \/>\n<meta name=\"twitter:site\" content=\"@LatAmJournalism\" \/>\n<meta name=\"twitter:label1\" content=\"Written by\" \/>\n\t<meta name=\"twitter:data1\" content=\"Marina Estarque\" \/>\n\t<meta name=\"twitter:label2\" content=\"Est. reading time\" \/>\n\t<meta name=\"twitter:data2\" content=\"8 minutos\" \/>\n<script type=\"application\/ld+json\" class=\"yoast-schema-graph\">{\"@context\":\"https:\\\/\\\/schema.org\",\"@graph\":[{\"@type\":\"Article\",\"@id\":\"https:\\\/\\\/latamjournalismreview.org\\\/pt-br\\\/articles\\\/colaboracao-de-fact-checking-sobre-coronavirus-ja-reune-91-organizacoes-em-40-paises-e-pode-ser-a-maior-da-historia\\\/#article\",\"isPartOf\":{\"@id\":\"https:\\\/\\\/latamjournalismreview.org\\\/pt-br\\\/articles\\\/colaboracao-de-fact-checking-sobre-coronavirus-ja-reune-91-organizacoes-em-40-paises-e-pode-ser-a-maior-da-historia\\\/\"},\"author\":{\"name\":\"Marina Estarque\",\"@id\":\"https:\\\/\\\/latamjournalismreview.org\\\/pt-br\\\/#\\\/schema\\\/person\\\/041964d0921c867b6226b459cd5bf28b\"},\"headline\":\"Colabora\u00e7\u00e3o de fact-checking sobre coronav\u00edrus j\u00e1 re\u00fane 91 organiza\u00e7\u00f5es em 40 pa\u00edses e pode ser a maior da hist\u00f3ria\",\"datePublished\":\"2020-03-03T02:48:12+00:00\",\"dateModified\":\"2020-06-04T15:55:20+00:00\",\"mainEntityOfPage\":{\"@id\":\"https:\\\/\\\/latamjournalismreview.org\\\/pt-br\\\/articles\\\/colaboracao-de-fact-checking-sobre-coronavirus-ja-reune-91-organizacoes-em-40-paises-e-pode-ser-a-maior-da-historia\\\/\"},\"wordCount\":1616,\"publisher\":{\"@id\":\"https:\\\/\\\/latamjournalismreview.org\\\/pt-br\\\/#organization\"},\"image\":{\"@id\":\"https:\\\/\\\/latamjournalismreview.org\\\/pt-br\\\/articles\\\/colaboracao-de-fact-checking-sobre-coronavirus-ja-reune-91-organizacoes-em-40-paises-e-pode-ser-a-maior-da-historia\\\/#primaryimage\"},\"thumbnailUrl\":\"https:\\\/\\\/latamjournalismreview.org\\\/wp-content\\\/uploads\\\/2020\\\/03\\\/Coronavirus.png\",\"keywords\":[\"COVID-19\",\"Fact-checking\"],\"articleSection\":[\"Colabora\u00e7\u00e3o\"],\"inLanguage\":\"pt-BR\"},{\"@type\":\"WebPage\",\"@id\":\"https:\\\/\\\/latamjournalismreview.org\\\/pt-br\\\/articles\\\/colaboracao-de-fact-checking-sobre-coronavirus-ja-reune-91-organizacoes-em-40-paises-e-pode-ser-a-maior-da-historia\\\/\",\"url\":\"https:\\\/\\\/latamjournalismreview.org\\\/pt-br\\\/articles\\\/colaboracao-de-fact-checking-sobre-coronavirus-ja-reune-91-organizacoes-em-40-paises-e-pode-ser-a-maior-da-historia\\\/\",\"name\":\"Colabora\u00e7\u00e3o de fact-checking sobre coronav\u00edrus j\u00e1 re\u00fane 91 organiza\u00e7\u00f5es em 40 pa\u00edses e pode ser a maior da hist\u00f3ria - LatAm Journalism Review by the Knight Center\",\"isPartOf\":{\"@id\":\"https:\\\/\\\/latamjournalismreview.org\\\/pt-br\\\/#website\"},\"primaryImageOfPage\":{\"@id\":\"https:\\\/\\\/latamjournalismreview.org\\\/pt-br\\\/articles\\\/colaboracao-de-fact-checking-sobre-coronavirus-ja-reune-91-organizacoes-em-40-paises-e-pode-ser-a-maior-da-historia\\\/#primaryimage\"},\"image\":{\"@id\":\"https:\\\/\\\/latamjournalismreview.org\\\/pt-br\\\/articles\\\/colaboracao-de-fact-checking-sobre-coronavirus-ja-reune-91-organizacoes-em-40-paises-e-pode-ser-a-maior-da-historia\\\/#primaryimage\"},\"thumbnailUrl\":\"https:\\\/\\\/latamjournalismreview.org\\\/wp-content\\\/uploads\\\/2020\\\/03\\\/Coronavirus.png\",\"datePublished\":\"2020-03-03T02:48:12+00:00\",\"dateModified\":\"2020-06-04T15:55:20+00:00\",\"description\":\"Colabora\u00e7\u00e3o de fact-checking sobre coronav\u00edrus j\u00e1 re\u00fane 91 organiza\u00e7\u00f5es em 40 pa\u00edses e pode ser a maior da hist\u00f3ria Colabora\u00e7\u00e3o. Latin American Journalism Review by The Knight Center at The University of Texas at Austin.\",\"breadcrumb\":{\"@id\":\"https:\\\/\\\/latamjournalismreview.org\\\/pt-br\\\/articles\\\/colaboracao-de-fact-checking-sobre-coronavirus-ja-reune-91-organizacoes-em-40-paises-e-pode-ser-a-maior-da-historia\\\/#breadcrumb\"},\"inLanguage\":\"pt-BR\",\"potentialAction\":[{\"@type\":\"ReadAction\",\"target\":[\"https:\\\/\\\/latamjournalismreview.org\\\/pt-br\\\/articles\\\/colaboracao-de-fact-checking-sobre-coronavirus-ja-reune-91-organizacoes-em-40-paises-e-pode-ser-a-maior-da-historia\\\/\"]}]},{\"@type\":\"ImageObject\",\"inLanguage\":\"pt-BR\",\"@id\":\"https:\\\/\\\/latamjournalismreview.org\\\/pt-br\\\/articles\\\/colaboracao-de-fact-checking-sobre-coronavirus-ja-reune-91-organizacoes-em-40-paises-e-pode-ser-a-maior-da-historia\\\/#primaryimage\",\"url\":\"https:\\\/\\\/latamjournalismreview.org\\\/wp-content\\\/uploads\\\/2020\\\/03\\\/Coronavirus.png\",\"contentUrl\":\"https:\\\/\\\/latamjournalismreview.org\\\/wp-content\\\/uploads\\\/2020\\\/03\\\/Coronavirus.png\",\"width\":390,\"height\":216,\"caption\":\"(Image: CDC)\"},{\"@type\":\"BreadcrumbList\",\"@id\":\"https:\\\/\\\/latamjournalismreview.org\\\/pt-br\\\/articles\\\/colaboracao-de-fact-checking-sobre-coronavirus-ja-reune-91-organizacoes-em-40-paises-e-pode-ser-a-maior-da-historia\\\/#breadcrumb\",\"itemListElement\":[{\"@type\":\"ListItem\",\"position\":1,\"name\":\"Home\",\"item\":\"https:\\\/\\\/latamjournalismreview.org\\\/pt-br\\\/\"},{\"@type\":\"ListItem\",\"position\":2,\"name\":\"Colabora\u00e7\u00e3o de fact-checking sobre coronav\u00edrus j\u00e1 re\u00fane 91 organiza\u00e7\u00f5es em 40 pa\u00edses e pode ser a maior da hist\u00f3ria\"}]},{\"@type\":\"WebSite\",\"@id\":\"https:\\\/\\\/latamjournalismreview.org\\\/pt-br\\\/#website\",\"url\":\"https:\\\/\\\/latamjournalismreview.org\\\/pt-br\\\/\",\"name\":\"LatAm Journalism Review\",\"description\":\"Digital magazine on journalism in Latin America\",\"publisher\":{\"@id\":\"https:\\\/\\\/latamjournalismreview.org\\\/pt-br\\\/#organization\"},\"potentialAction\":[{\"@type\":\"SearchAction\",\"target\":{\"@type\":\"EntryPoint\",\"urlTemplate\":\"https:\\\/\\\/latamjournalismreview.org\\\/pt-br\\\/?s={search_term_string}\"},\"query-input\":{\"@type\":\"PropertyValueSpecification\",\"valueRequired\":true,\"valueName\":\"search_term_string\"}}],\"inLanguage\":\"pt-BR\"},{\"@type\":\"Organization\",\"@id\":\"https:\\\/\\\/latamjournalismreview.org\\\/pt-br\\\/#organization\",\"name\":\"LatAm Journalism Review\",\"url\":\"https:\\\/\\\/latamjournalismreview.org\\\/pt-br\\\/\",\"logo\":{\"@type\":\"ImageObject\",\"inLanguage\":\"pt-BR\",\"@id\":\"https:\\\/\\\/latamjournalismreview.org\\\/pt-br\\\/#\\\/schema\\\/logo\\\/image\\\/\",\"url\":\"https:\\\/\\\/latamjournalismreview.org\\\/wp-content\\\/uploads\\\/2020\\\/05\\\/knight-latAm-review-logo.svg\",\"contentUrl\":\"https:\\\/\\\/latamjournalismreview.org\\\/wp-content\\\/uploads\\\/2020\\\/05\\\/knight-latAm-review-logo.svg\",\"width\":\"1024\",\"height\":\"1024\",\"caption\":\"LatAm Journalism Review\"},\"image\":{\"@id\":\"https:\\\/\\\/latamjournalismreview.org\\\/pt-br\\\/#\\\/schema\\\/logo\\\/image\\\/\"},\"sameAs\":[\"https:\\\/\\\/x.com\\\/LatAmJournalism\"]},{\"@type\":\"Person\",\"@id\":\"https:\\\/\\\/latamjournalismreview.org\\\/pt-br\\\/#\\\/schema\\\/person\\\/041964d0921c867b6226b459cd5bf28b\",\"name\":\"Marina Estarque\",\"description\":\"Marina Estarque is a Brazilian journalist living in S\u00e3o Paulo. She has worked for Brazilian news organizations such as Folha de S.Paulo, O Estado de S. Paulo, O Dia and the fact-checking agency Lupa. Marina was a correspondent in Brazil for the German international broadcaster Deutsche Welle and a radio reporter for DW Africa in Germany. She also worked as a reporter for United Nations Radio, in New York, and for Spanish newspaper La Voz de Galicia. Marina graduated in Journalism from the Federal University of Rio de Janeiro and has a Master\u2019s degree in Editorial Journalism from the University of A Coru\u00f1a (Spain). Marina Estarque es una periodista brasile\u00f1a que vive en S\u00e3o Paulo. Ella ha trabajado para diversas organizaciones period\u00edsticas como Folha de S.Paulo, O Estado de S. Paulo, O Dia y en la agencia de fact-checking Lupa. Marina ha sido corresponsal en Brasil del canal internacional alem\u00e1n Deutsche Welle y reportera de radio de DW \u00c1frica en Alemania. Tambi\u00e9n trabaj\u00f3 como reportera de Radio de las Naciones Unidas en Nueva York y en el diario espa\u00f1ol La Voz de Galicia. Marina tiene una maestr\u00eda en edici\u00f3n period\u00edstica de la Universidad de Coru\u00f1a (Espa\u00f1a) y se gradu\u00f3 en periodismo en la Universidad Federal de R\u00edo de Janeiro. Marina Estarque \u00e9 uma jornalista brasileira que vive em S\u00e3o Paulo. Ela trabalhou para ve\u00edculos como Folha de S.Paulo, O Estado de S. Paulo, O Dia e a ag\u00eancia de fact-checking Lupa. Marina foi correspondente no Brasil para a emissora internacional da Alemanha, a Deutsche Welle, e rep\u00f3rter de r\u00e1dio para a DW \u00c1frica na Alemanha. Ela tamb\u00e9m foi rep\u00f3rter da R\u00e1dio das Na\u00e7\u00f5es Unidas em Nova York e do jornal espanhol La Voz de Galicia. Marina \u00e9 mestre em edi\u00e7\u00e3o jornal\u00edstica pela Universidade da Coru\u00f1a (Espanha) e graduada em jornalismo pela Universidade Federal do Rio de Janeiro.\",\"sameAs\":[\"https:\\\/\\\/x.com\\\/MarinaEstarque\"],\"url\":\"https:\\\/\\\/latamjournalismreview.org\\\/pt-br\\\/articles\\\/author\\\/marina-estarque\\\/\"}]}<\/script>\n<!-- \/ Yoast SEO Premium plugin. -->","yoast_head_json":{"title":"Colabora\u00e7\u00e3o de fact-checking sobre coronav\u00edrus j\u00e1 re\u00fane 91 organiza\u00e7\u00f5es em 40 pa\u00edses e pode ser a maior da hist\u00f3ria - LatAm Journalism Review by the Knight Center","description":"Colabora\u00e7\u00e3o de fact-checking sobre coronav\u00edrus j\u00e1 re\u00fane 91 organiza\u00e7\u00f5es em 40 pa\u00edses e pode ser a maior da hist\u00f3ria Colabora\u00e7\u00e3o. Latin American Journalism Review by The Knight Center at The University of Texas at Austin.","robots":{"index":"index","follow":"follow","max-snippet":"max-snippet:-1","max-image-preview":"max-image-preview:large","max-video-preview":"max-video-preview:-1"},"canonical":"https:\/\/latamjournalismreview.org\/pt-br\/articles\/colaboracao-de-fact-checking-sobre-coronavirus-ja-reune-91-organizacoes-em-40-paises-e-pode-ser-a-maior-da-historia\/","og_locale":"pt_BR","og_type":"article","og_title":"Colabora\u00e7\u00e3o de fact-checking sobre coronav\u00edrus j\u00e1 re\u00fane 91 organiza\u00e7\u00f5es em 40 pa\u00edses e pode ser a maior da hist\u00f3ria","og_description":"Colabora\u00e7\u00e3o de fact-checking sobre coronav\u00edrus j\u00e1 re\u00fane 91 organiza\u00e7\u00f5es em 40 pa\u00edses e pode ser a maior da hist\u00f3ria Colabora\u00e7\u00e3o. Latin American Journalism Review by The Knight Center at The University of Texas at Austin.","og_url":"https:\/\/latamjournalismreview.org\/pt-br\/articles\/colaboracao-de-fact-checking-sobre-coronavirus-ja-reune-91-organizacoes-em-40-paises-e-pode-ser-a-maior-da-historia\/","og_site_name":"LatAm Journalism Review by the Knight Center","article_published_time":"2020-03-03T02:48:12+00:00","article_modified_time":"2020-06-04T15:55:20+00:00","og_image":[{"width":390,"height":216,"url":"https:\/\/latamjournalismreview.org\/wp-content\/uploads\/2020\/03\/Coronavirus.png","type":"image\/png"}],"author":"Marina Estarque","twitter_card":"summary_large_image","twitter_creator":"@MarinaEstarque","twitter_site":"@LatAmJournalism","twitter_misc":{"Written by":"Marina Estarque","Est. reading time":"8 minutos"},"schema":{"@context":"https:\/\/schema.org","@graph":[{"@type":"Article","@id":"https:\/\/latamjournalismreview.org\/pt-br\/articles\/colaboracao-de-fact-checking-sobre-coronavirus-ja-reune-91-organizacoes-em-40-paises-e-pode-ser-a-maior-da-historia\/#article","isPartOf":{"@id":"https:\/\/latamjournalismreview.org\/pt-br\/articles\/colaboracao-de-fact-checking-sobre-coronavirus-ja-reune-91-organizacoes-em-40-paises-e-pode-ser-a-maior-da-historia\/"},"author":{"name":"Marina Estarque","@id":"https:\/\/latamjournalismreview.org\/pt-br\/#\/schema\/person\/041964d0921c867b6226b459cd5bf28b"},"headline":"Colabora\u00e7\u00e3o de fact-checking sobre coronav\u00edrus j\u00e1 re\u00fane 91 organiza\u00e7\u00f5es em 40 pa\u00edses e pode ser a maior da hist\u00f3ria","datePublished":"2020-03-03T02:48:12+00:00","dateModified":"2020-06-04T15:55:20+00:00","mainEntityOfPage":{"@id":"https:\/\/latamjournalismreview.org\/pt-br\/articles\/colaboracao-de-fact-checking-sobre-coronavirus-ja-reune-91-organizacoes-em-40-paises-e-pode-ser-a-maior-da-historia\/"},"wordCount":1616,"publisher":{"@id":"https:\/\/latamjournalismreview.org\/pt-br\/#organization"},"image":{"@id":"https:\/\/latamjournalismreview.org\/pt-br\/articles\/colaboracao-de-fact-checking-sobre-coronavirus-ja-reune-91-organizacoes-em-40-paises-e-pode-ser-a-maior-da-historia\/#primaryimage"},"thumbnailUrl":"https:\/\/latamjournalismreview.org\/wp-content\/uploads\/2020\/03\/Coronavirus.png","keywords":["COVID-19","Fact-checking"],"articleSection":["Colabora\u00e7\u00e3o"],"inLanguage":"pt-BR"},{"@type":"WebPage","@id":"https:\/\/latamjournalismreview.org\/pt-br\/articles\/colaboracao-de-fact-checking-sobre-coronavirus-ja-reune-91-organizacoes-em-40-paises-e-pode-ser-a-maior-da-historia\/","url":"https:\/\/latamjournalismreview.org\/pt-br\/articles\/colaboracao-de-fact-checking-sobre-coronavirus-ja-reune-91-organizacoes-em-40-paises-e-pode-ser-a-maior-da-historia\/","name":"Colabora\u00e7\u00e3o de fact-checking sobre coronav\u00edrus j\u00e1 re\u00fane 91 organiza\u00e7\u00f5es em 40 pa\u00edses e pode ser a maior da hist\u00f3ria - LatAm Journalism Review by the Knight Center","isPartOf":{"@id":"https:\/\/latamjournalismreview.org\/pt-br\/#website"},"primaryImageOfPage":{"@id":"https:\/\/latamjournalismreview.org\/pt-br\/articles\/colaboracao-de-fact-checking-sobre-coronavirus-ja-reune-91-organizacoes-em-40-paises-e-pode-ser-a-maior-da-historia\/#primaryimage"},"image":{"@id":"https:\/\/latamjournalismreview.org\/pt-br\/articles\/colaboracao-de-fact-checking-sobre-coronavirus-ja-reune-91-organizacoes-em-40-paises-e-pode-ser-a-maior-da-historia\/#primaryimage"},"thumbnailUrl":"https:\/\/latamjournalismreview.org\/wp-content\/uploads\/2020\/03\/Coronavirus.png","datePublished":"2020-03-03T02:48:12+00:00","dateModified":"2020-06-04T15:55:20+00:00","description":"Colabora\u00e7\u00e3o de fact-checking sobre coronav\u00edrus j\u00e1 re\u00fane 91 organiza\u00e7\u00f5es em 40 pa\u00edses e pode ser a maior da hist\u00f3ria Colabora\u00e7\u00e3o. Latin American Journalism Review by The Knight Center at The University of Texas at Austin.","breadcrumb":{"@id":"https:\/\/latamjournalismreview.org\/pt-br\/articles\/colaboracao-de-fact-checking-sobre-coronavirus-ja-reune-91-organizacoes-em-40-paises-e-pode-ser-a-maior-da-historia\/#breadcrumb"},"inLanguage":"pt-BR","potentialAction":[{"@type":"ReadAction","target":["https:\/\/latamjournalismreview.org\/pt-br\/articles\/colaboracao-de-fact-checking-sobre-coronavirus-ja-reune-91-organizacoes-em-40-paises-e-pode-ser-a-maior-da-historia\/"]}]},{"@type":"ImageObject","inLanguage":"pt-BR","@id":"https:\/\/latamjournalismreview.org\/pt-br\/articles\/colaboracao-de-fact-checking-sobre-coronavirus-ja-reune-91-organizacoes-em-40-paises-e-pode-ser-a-maior-da-historia\/#primaryimage","url":"https:\/\/latamjournalismreview.org\/wp-content\/uploads\/2020\/03\/Coronavirus.png","contentUrl":"https:\/\/latamjournalismreview.org\/wp-content\/uploads\/2020\/03\/Coronavirus.png","width":390,"height":216,"caption":"(Image: CDC)"},{"@type":"BreadcrumbList","@id":"https:\/\/latamjournalismreview.org\/pt-br\/articles\/colaboracao-de-fact-checking-sobre-coronavirus-ja-reune-91-organizacoes-em-40-paises-e-pode-ser-a-maior-da-historia\/#breadcrumb","itemListElement":[{"@type":"ListItem","position":1,"name":"Home","item":"https:\/\/latamjournalismreview.org\/pt-br\/"},{"@type":"ListItem","position":2,"name":"Colabora\u00e7\u00e3o de fact-checking sobre coronav\u00edrus j\u00e1 re\u00fane 91 organiza\u00e7\u00f5es em 40 pa\u00edses e pode ser a maior da hist\u00f3ria"}]},{"@type":"WebSite","@id":"https:\/\/latamjournalismreview.org\/pt-br\/#website","url":"https:\/\/latamjournalismreview.org\/pt-br\/","name":"LatAm Journalism Review","description":"Digital magazine on journalism in Latin America","publisher":{"@id":"https:\/\/latamjournalismreview.org\/pt-br\/#organization"},"potentialAction":[{"@type":"SearchAction","target":{"@type":"EntryPoint","urlTemplate":"https:\/\/latamjournalismreview.org\/pt-br\/?s={search_term_string}"},"query-input":{"@type":"PropertyValueSpecification","valueRequired":true,"valueName":"search_term_string"}}],"inLanguage":"pt-BR"},{"@type":"Organization","@id":"https:\/\/latamjournalismreview.org\/pt-br\/#organization","name":"LatAm Journalism Review","url":"https:\/\/latamjournalismreview.org\/pt-br\/","logo":{"@type":"ImageObject","inLanguage":"pt-BR","@id":"https:\/\/latamjournalismreview.org\/pt-br\/#\/schema\/logo\/image\/","url":"https:\/\/latamjournalismreview.org\/wp-content\/uploads\/2020\/05\/knight-latAm-review-logo.svg","contentUrl":"https:\/\/latamjournalismreview.org\/wp-content\/uploads\/2020\/05\/knight-latAm-review-logo.svg","width":"1024","height":"1024","caption":"LatAm Journalism Review"},"image":{"@id":"https:\/\/latamjournalismreview.org\/pt-br\/#\/schema\/logo\/image\/"},"sameAs":["https:\/\/x.com\/LatAmJournalism"]},{"@type":"Person","@id":"https:\/\/latamjournalismreview.org\/pt-br\/#\/schema\/person\/041964d0921c867b6226b459cd5bf28b","name":"Marina Estarque","description":"Marina Estarque is a Brazilian journalist living in S\u00e3o Paulo. She has worked for Brazilian news organizations such as Folha de S.Paulo, O Estado de S. Paulo, O Dia and the fact-checking agency Lupa. Marina was a correspondent in Brazil for the German international broadcaster Deutsche Welle and a radio reporter for DW Africa in Germany. She also worked as a reporter for United Nations Radio, in New York, and for Spanish newspaper La Voz de Galicia. Marina graduated in Journalism from the Federal University of Rio de Janeiro and has a Master\u2019s degree in Editorial Journalism from the University of A Coru\u00f1a (Spain). Marina Estarque es una periodista brasile\u00f1a que vive en S\u00e3o Paulo. Ella ha trabajado para diversas organizaciones period\u00edsticas como Folha de S.Paulo, O Estado de S. Paulo, O Dia y en la agencia de fact-checking Lupa. Marina ha sido corresponsal en Brasil del canal internacional alem\u00e1n Deutsche Welle y reportera de radio de DW \u00c1frica en Alemania. Tambi\u00e9n trabaj\u00f3 como reportera de Radio de las Naciones Unidas en Nueva York y en el diario espa\u00f1ol La Voz de Galicia. Marina tiene una maestr\u00eda en edici\u00f3n period\u00edstica de la Universidad de Coru\u00f1a (Espa\u00f1a) y se gradu\u00f3 en periodismo en la Universidad Federal de R\u00edo de Janeiro. Marina Estarque \u00e9 uma jornalista brasileira que vive em S\u00e3o Paulo. Ela trabalhou para ve\u00edculos como Folha de S.Paulo, O Estado de S. Paulo, O Dia e a ag\u00eancia de fact-checking Lupa. Marina foi correspondente no Brasil para a emissora internacional da Alemanha, a Deutsche Welle, e rep\u00f3rter de r\u00e1dio para a DW \u00c1frica na Alemanha. Ela tamb\u00e9m foi rep\u00f3rter da R\u00e1dio das Na\u00e7\u00f5es Unidas em Nova York e do jornal espanhol La Voz de Galicia. Marina \u00e9 mestre em edi\u00e7\u00e3o jornal\u00edstica pela Universidade da Coru\u00f1a (Espanha) e graduada em jornalismo pela Universidade Federal do Rio de Janeiro.","sameAs":["https:\/\/x.com\/MarinaEstarque"],"url":"https:\/\/latamjournalismreview.org\/pt-br\/articles\/author\/marina-estarque\/"}]}},"_links":{"self":[{"href":"https:\/\/latamjournalismreview.org\/pt-br\/wp-json\/wp\/v2\/posts\/634","targetHints":{"allow":["GET"]}}],"collection":[{"href":"https:\/\/latamjournalismreview.org\/pt-br\/wp-json\/wp\/v2\/posts"}],"about":[{"href":"https:\/\/latamjournalismreview.org\/pt-br\/wp-json\/wp\/v2\/types\/post"}],"author":[{"embeddable":true,"href":"https:\/\/latamjournalismreview.org\/pt-br\/wp-json\/wp\/v2\/users\/6"}],"replies":[{"embeddable":true,"href":"https:\/\/latamjournalismreview.org\/pt-br\/wp-json\/wp\/v2\/comments?post=634"}],"version-history":[{"count":1,"href":"https:\/\/latamjournalismreview.org\/pt-br\/wp-json\/wp\/v2\/posts\/634\/revisions"}],"predecessor-version":[{"id":635,"href":"https:\/\/latamjournalismreview.org\/pt-br\/wp-json\/wp\/v2\/posts\/634\/revisions\/635"}],"wp:featuredmedia":[{"embeddable":true,"href":"https:\/\/latamjournalismreview.org\/pt-br\/wp-json\/wp\/v2\/media\/350"}],"wp:attachment":[{"href":"https:\/\/latamjournalismreview.org\/pt-br\/wp-json\/wp\/v2\/media?parent=634"}],"wp:term":[{"taxonomy":"category","embeddable":true,"href":"https:\/\/latamjournalismreview.org\/pt-br\/wp-json\/wp\/v2\/categories?post=634"},{"taxonomy":"post_tag","embeddable":true,"href":"https:\/\/latamjournalismreview.org\/pt-br\/wp-json\/wp\/v2\/tags?post=634"},{"taxonomy":"author","embeddable":true,"href":"https:\/\/latamjournalismreview.org\/pt-br\/wp-json\/wp\/v2\/coauthors?post=634"}],"curies":[{"name":"wp","href":"https:\/\/api.w.org\/{rel}","templated":true}]}}