{"id":63572,"date":"2010-09-16T13:27:50","date_gmt":"2010-09-16T18:27:50","guid":{"rendered":"https:\/\/latamjournalismreview.org\/?p=63572"},"modified":"2022-08-04T13:30:00","modified_gmt":"2022-08-04T18:30:00","slug":"ministerio-publico-acusa-tv-globo-e-clube-dos-13-de-concorrencia-desleal","status":"publish","type":"post","link":"https:\/\/latamjournalismreview.org\/pt-br\/articles\/ministerio-publico-acusa-tv-globo-e-clube-dos-13-de-concorrencia-desleal\/","title":{"rendered":"Minist\u00e9rio P\u00fablico acusa TV Globo e Clube dos 13 de concorr\u00eancia desleal"},"content":{"rendered":"<p><em>Por Maira Magro<\/em><\/p>\n<p>O Minist\u00e9rio P\u00fablico Federal (MPF)\u00a0<a href=\"http:\/\/noticias.pgr.mpf.gov.br\/noticias\/noticias-do-site\/copy_of_consumidor-e-ordem-economica\/mpf-entra-com-acao-contra-tv-globo-e-clube-dos-treze-por-pratica-de-cartel\/?searchterm=SDE\">emitiu um parecer esta semana acusando a TV Globo e o Clube dos 13<\/a>\u00a0de pr\u00e1tica desleal de concorr\u00eancia na negocia\u00e7\u00e3o dos contratos de transmiss\u00e3o do Campeonato Brasileiro de Futebol, informou o site do MPF.<\/p>\n<p>Num processo que tramita no Conselho Administrativo de Defesa Econ\u00f4mica (Cade), a emissora e a entidade que re\u00fane os\u00a0<a href=\"http:\/\/clubedostreze.globo.com\/pt\/clube-dos-13\">maiores times de futebol do Brasil<\/a>\u00a0s\u00e3o acusadas de impedir o acesso de novas empresas ao mercado. Para o MPF, a Globo deve ser\u00a0<a href=\"http:\/\/esportes.terra.com.br\/futebol\/brasileiro\/2010\/noticias\/0,,OI4679888-EI15405,00-Ministerio+Publico+acusa+TV+Globo+e+Clube+dos+por+pratica+de+cartel.html\">condenada por se unir \u00e0 TV Bandeirantes para cobrir uma proposta feita pelo SBT<\/a>, por influenciar diretamente a venda dos direitos e atuar de maneira anticompetitiva ao exigir a prefer\u00eancia na renova\u00e7\u00e3o dos contratos, diz o Terra. O MPF tamb\u00e9m afirma que a emissora desrespeitou o artigo da Constitui\u00e7\u00e3o Federal segundo o qual \u201cos meios de comunica\u00e7\u00e3o social n\u00e3o podem, direta ou indiretamente, ser objeto de monop\u00f3lio ou oligop\u00f3lio\u201d.<\/p>\n<p>J\u00e1 o Clube dos 13 \u00e9 acusado de executar contratos sob regime de exclusividade. Muitas empresas de televis\u00e3o\u00a0<a href=\"http:\/\/esportes.r7.com\/futebol\/noticias\/mpf-acusa-globo-e-clube-dos-13-de-cartel-em-parecer-20100915.html\">reclamam que o grupo d\u00e1 prefer\u00eancia \u00e0 Globo<\/a>\u00a0na hora de negociar os direitos, afirma o site R7, da Rede Record. A Globo e o Clube dos 13 alegaram que n\u00e3o h\u00e1 danos \u00e0 concorr\u00eancia. A emissora defende que a cl\u00e1usula de prefer\u00eancia n\u00e3o impede que outras empresas tentem comprar os direitos a cada renova\u00e7\u00e3o de contrato, diz o MPF.<\/p>\n<p><em>Nota do editor: Essa hist\u00f3ria foi publicada originalmente no blog de jornalismo nas Am\u00e9ricas do Centro Knight, o predecessor do LatAm Journalism Review.<\/em><\/p>\n","protected":false},"excerpt":{"rendered":"<p>O Minist\u00e9rio P\u00fablico Federal (MPF)\u00a0emitiu um parecer esta semana acusando a TV Globo e o Clube dos 13\u00a0de pr\u00e1tica desleal de concorr\u00eancia na negocia\u00e7\u00e3o dos contratos de transmiss\u00e3o do Campeonato Brasileiro de Futebol, informou o site do MPF.<\/p>\n","protected":false},"author":17,"featured_media":0,"comment_status":"closed","ping_status":"closed","sticky":false,"template":"","format":"standard","meta":{"inline_featured_image":false,"footnotes":""},"categories":[1667],"tags":[],"coauthors":[],"class_list":["post-63572","post","type-post","status-publish","format-standard","hentry","category-mercado-de-trabalho"],"acf":[],"yoast_head":"<!-- This site is optimized with the Yoast SEO Premium plugin v22.6 (Yoast SEO v27.4) - https:\/\/yoast.com\/product\/yoast-seo-premium-wordpress\/ -->\n<title>Minist\u00e9rio P\u00fablico acusa TV Globo e Clube dos 13 de concorr\u00eancia desleal - LatAm Journalism Review by the Knight Center<\/title>\n<meta name=\"description\" content=\"Minist\u00e9rio P\u00fablico acusa TV Globo e Clube dos 13 de concorr\u00eancia desleal Mercado de trabalho. Latin American Journalism Review by The Knight Center at The University of Texas at Austin.\" \/>\n<meta name=\"robots\" content=\"index, follow, max-snippet:-1, max-image-preview:large, max-video-preview:-1\" \/>\n<link rel=\"canonical\" href=\"https:\/\/latamjournalismreview.org\/pt-br\/articles\/ministerio-publico-acusa-tv-globo-e-clube-dos-13-de-concorrencia-desleal\/\" \/>\n<meta property=\"og:locale\" content=\"pt_BR\" \/>\n<meta property=\"og:type\" content=\"article\" \/>\n<meta property=\"og:title\" content=\"Minist\u00e9rio P\u00fablico acusa TV Globo e Clube dos 13 de concorr\u00eancia desleal\" \/>\n<meta property=\"og:description\" content=\"Minist\u00e9rio P\u00fablico acusa TV Globo e Clube dos 13 de concorr\u00eancia desleal Mercado de trabalho. Latin American Journalism Review by The Knight Center at The University of Texas at Austin.\" \/>\n<meta property=\"og:url\" content=\"https:\/\/latamjournalismreview.org\/pt-br\/articles\/ministerio-publico-acusa-tv-globo-e-clube-dos-13-de-concorrencia-desleal\/\" \/>\n<meta property=\"og:site_name\" content=\"LatAm Journalism Review by the Knight Center\" \/>\n<meta property=\"article:published_time\" content=\"2010-09-16T18:27:50+00:00\" \/>\n<meta property=\"article:modified_time\" content=\"2022-08-04T18:30:00+00:00\" \/>\n<meta name=\"author\" content=\"Guest\" \/>\n<meta name=\"twitter:card\" content=\"summary_large_image\" \/>\n<meta name=\"twitter:creator\" content=\"@LatAmJournalism\" \/>\n<meta name=\"twitter:site\" content=\"@LatAmJournalism\" \/>\n<meta name=\"twitter:label1\" content=\"Written by\" \/>\n\t<meta name=\"twitter:data1\" content=\"Guest\" \/>\n\t<meta name=\"twitter:label2\" content=\"Est. reading time\" \/>\n\t<meta name=\"twitter:data2\" content=\"1 minuto\" \/>\n<script type=\"application\/ld+json\" class=\"yoast-schema-graph\">{\"@context\":\"https:\\\/\\\/schema.org\",\"@graph\":[{\"@type\":\"Article\",\"@id\":\"https:\\\/\\\/latamjournalismreview.org\\\/pt-br\\\/articles\\\/ministerio-publico-acusa-tv-globo-e-clube-dos-13-de-concorrencia-desleal\\\/#article\",\"isPartOf\":{\"@id\":\"https:\\\/\\\/latamjournalismreview.org\\\/pt-br\\\/articles\\\/ministerio-publico-acusa-tv-globo-e-clube-dos-13-de-concorrencia-desleal\\\/\"},\"author\":{\"name\":\"Guest\",\"@id\":\"https:\\\/\\\/latamjournalismreview.org\\\/pt-br\\\/#\\\/schema\\\/person\\\/0315202e0b3c0963a2440f1c3012c360\"},\"headline\":\"Minist\u00e9rio P\u00fablico acusa TV Globo e Clube dos 13 de concorr\u00eancia desleal\",\"datePublished\":\"2010-09-16T18:27:50+00:00\",\"dateModified\":\"2022-08-04T18:30:00+00:00\",\"mainEntityOfPage\":{\"@id\":\"https:\\\/\\\/latamjournalismreview.org\\\/pt-br\\\/articles\\\/ministerio-publico-acusa-tv-globo-e-clube-dos-13-de-concorrencia-desleal\\\/\"},\"wordCount\":290,\"publisher\":{\"@id\":\"https:\\\/\\\/latamjournalismreview.org\\\/pt-br\\\/#organization\"},\"articleSection\":[\"Mercado de trabalho\"],\"inLanguage\":\"pt-BR\"},{\"@type\":\"WebPage\",\"@id\":\"https:\\\/\\\/latamjournalismreview.org\\\/pt-br\\\/articles\\\/ministerio-publico-acusa-tv-globo-e-clube-dos-13-de-concorrencia-desleal\\\/\",\"url\":\"https:\\\/\\\/latamjournalismreview.org\\\/pt-br\\\/articles\\\/ministerio-publico-acusa-tv-globo-e-clube-dos-13-de-concorrencia-desleal\\\/\",\"name\":\"Minist\u00e9rio P\u00fablico acusa TV Globo e Clube dos 13 de concorr\u00eancia desleal - LatAm Journalism Review by the Knight Center\",\"isPartOf\":{\"@id\":\"https:\\\/\\\/latamjournalismreview.org\\\/pt-br\\\/#website\"},\"datePublished\":\"2010-09-16T18:27:50+00:00\",\"dateModified\":\"2022-08-04T18:30:00+00:00\",\"description\":\"Minist\u00e9rio P\u00fablico acusa TV Globo e Clube dos 13 de concorr\u00eancia desleal Mercado de trabalho. Latin American Journalism Review by The Knight Center at The University of Texas at Austin.\",\"breadcrumb\":{\"@id\":\"https:\\\/\\\/latamjournalismreview.org\\\/pt-br\\\/articles\\\/ministerio-publico-acusa-tv-globo-e-clube-dos-13-de-concorrencia-desleal\\\/#breadcrumb\"},\"inLanguage\":\"pt-BR\",\"potentialAction\":[{\"@type\":\"ReadAction\",\"target\":[\"https:\\\/\\\/latamjournalismreview.org\\\/pt-br\\\/articles\\\/ministerio-publico-acusa-tv-globo-e-clube-dos-13-de-concorrencia-desleal\\\/\"]}]},{\"@type\":\"BreadcrumbList\",\"@id\":\"https:\\\/\\\/latamjournalismreview.org\\\/pt-br\\\/articles\\\/ministerio-publico-acusa-tv-globo-e-clube-dos-13-de-concorrencia-desleal\\\/#breadcrumb\",\"itemListElement\":[{\"@type\":\"ListItem\",\"position\":1,\"name\":\"Home\",\"item\":\"https:\\\/\\\/latamjournalismreview.org\\\/pt-br\\\/\"},{\"@type\":\"ListItem\",\"position\":2,\"name\":\"Minist\u00e9rio P\u00fablico acusa TV Globo e Clube dos 13 de concorr\u00eancia desleal\"}]},{\"@type\":\"WebSite\",\"@id\":\"https:\\\/\\\/latamjournalismreview.org\\\/pt-br\\\/#website\",\"url\":\"https:\\\/\\\/latamjournalismreview.org\\\/pt-br\\\/\",\"name\":\"LatAm Journalism Review\",\"description\":\"Digital magazine on journalism in Latin America\",\"publisher\":{\"@id\":\"https:\\\/\\\/latamjournalismreview.org\\\/pt-br\\\/#organization\"},\"potentialAction\":[{\"@type\":\"SearchAction\",\"target\":{\"@type\":\"EntryPoint\",\"urlTemplate\":\"https:\\\/\\\/latamjournalismreview.org\\\/pt-br\\\/?s={search_term_string}\"},\"query-input\":{\"@type\":\"PropertyValueSpecification\",\"valueRequired\":true,\"valueName\":\"search_term_string\"}}],\"inLanguage\":\"pt-BR\"},{\"@type\":\"Organization\",\"@id\":\"https:\\\/\\\/latamjournalismreview.org\\\/pt-br\\\/#organization\",\"name\":\"LatAm Journalism Review\",\"url\":\"https:\\\/\\\/latamjournalismreview.org\\\/pt-br\\\/\",\"logo\":{\"@type\":\"ImageObject\",\"inLanguage\":\"pt-BR\",\"@id\":\"https:\\\/\\\/latamjournalismreview.org\\\/pt-br\\\/#\\\/schema\\\/logo\\\/image\\\/\",\"url\":\"https:\\\/\\\/latamjournalismreview.org\\\/wp-content\\\/uploads\\\/2020\\\/05\\\/knight-latAm-review-logo.svg\",\"contentUrl\":\"https:\\\/\\\/latamjournalismreview.org\\\/wp-content\\\/uploads\\\/2020\\\/05\\\/knight-latAm-review-logo.svg\",\"width\":\"1024\",\"height\":\"1024\",\"caption\":\"LatAm Journalism Review\"},\"image\":{\"@id\":\"https:\\\/\\\/latamjournalismreview.org\\\/pt-br\\\/#\\\/schema\\\/logo\\\/image\\\/\"},\"sameAs\":[\"https:\\\/\\\/x.com\\\/LatAmJournalism\"]},{\"@type\":\"Person\",\"@id\":\"https:\\\/\\\/latamjournalismreview.org\\\/pt-br\\\/#\\\/schema\\\/person\\\/0315202e0b3c0963a2440f1c3012c360\",\"name\":\"Guest\",\"url\":\"https:\\\/\\\/latamjournalismreview.org\\\/pt-br\\\/articles\\\/author\\\/guest\\\/\"}]}<\/script>\n<!-- \/ Yoast SEO Premium plugin. -->","yoast_head_json":{"title":"Minist\u00e9rio P\u00fablico acusa TV Globo e Clube dos 13 de concorr\u00eancia desleal - LatAm Journalism Review by the Knight Center","description":"Minist\u00e9rio P\u00fablico acusa TV Globo e Clube dos 13 de concorr\u00eancia desleal Mercado de trabalho. Latin American Journalism Review by The Knight Center at The University of Texas at Austin.","robots":{"index":"index","follow":"follow","max-snippet":"max-snippet:-1","max-image-preview":"max-image-preview:large","max-video-preview":"max-video-preview:-1"},"canonical":"https:\/\/latamjournalismreview.org\/pt-br\/articles\/ministerio-publico-acusa-tv-globo-e-clube-dos-13-de-concorrencia-desleal\/","og_locale":"pt_BR","og_type":"article","og_title":"Minist\u00e9rio P\u00fablico acusa TV Globo e Clube dos 13 de concorr\u00eancia desleal","og_description":"Minist\u00e9rio P\u00fablico acusa TV Globo e Clube dos 13 de concorr\u00eancia desleal Mercado de trabalho. Latin American Journalism Review by The Knight Center at The University of Texas at Austin.","og_url":"https:\/\/latamjournalismreview.org\/pt-br\/articles\/ministerio-publico-acusa-tv-globo-e-clube-dos-13-de-concorrencia-desleal\/","og_site_name":"LatAm Journalism Review by the Knight Center","article_published_time":"2010-09-16T18:27:50+00:00","article_modified_time":"2022-08-04T18:30:00+00:00","author":"Guest","twitter_card":"summary_large_image","twitter_creator":"@LatAmJournalism","twitter_site":"@LatAmJournalism","twitter_misc":{"Written by":"Guest","Est. reading time":"1 minuto"},"schema":{"@context":"https:\/\/schema.org","@graph":[{"@type":"Article","@id":"https:\/\/latamjournalismreview.org\/pt-br\/articles\/ministerio-publico-acusa-tv-globo-e-clube-dos-13-de-concorrencia-desleal\/#article","isPartOf":{"@id":"https:\/\/latamjournalismreview.org\/pt-br\/articles\/ministerio-publico-acusa-tv-globo-e-clube-dos-13-de-concorrencia-desleal\/"},"author":{"name":"Guest","@id":"https:\/\/latamjournalismreview.org\/pt-br\/#\/schema\/person\/0315202e0b3c0963a2440f1c3012c360"},"headline":"Minist\u00e9rio P\u00fablico acusa TV Globo e Clube dos 13 de concorr\u00eancia desleal","datePublished":"2010-09-16T18:27:50+00:00","dateModified":"2022-08-04T18:30:00+00:00","mainEntityOfPage":{"@id":"https:\/\/latamjournalismreview.org\/pt-br\/articles\/ministerio-publico-acusa-tv-globo-e-clube-dos-13-de-concorrencia-desleal\/"},"wordCount":290,"publisher":{"@id":"https:\/\/latamjournalismreview.org\/pt-br\/#organization"},"articleSection":["Mercado de trabalho"],"inLanguage":"pt-BR"},{"@type":"WebPage","@id":"https:\/\/latamjournalismreview.org\/pt-br\/articles\/ministerio-publico-acusa-tv-globo-e-clube-dos-13-de-concorrencia-desleal\/","url":"https:\/\/latamjournalismreview.org\/pt-br\/articles\/ministerio-publico-acusa-tv-globo-e-clube-dos-13-de-concorrencia-desleal\/","name":"Minist\u00e9rio P\u00fablico acusa TV Globo e Clube dos 13 de concorr\u00eancia desleal - LatAm Journalism Review by the Knight Center","isPartOf":{"@id":"https:\/\/latamjournalismreview.org\/pt-br\/#website"},"datePublished":"2010-09-16T18:27:50+00:00","dateModified":"2022-08-04T18:30:00+00:00","description":"Minist\u00e9rio P\u00fablico acusa TV Globo e Clube dos 13 de concorr\u00eancia desleal Mercado de trabalho. Latin American Journalism Review by The Knight Center at The University of Texas at Austin.","breadcrumb":{"@id":"https:\/\/latamjournalismreview.org\/pt-br\/articles\/ministerio-publico-acusa-tv-globo-e-clube-dos-13-de-concorrencia-desleal\/#breadcrumb"},"inLanguage":"pt-BR","potentialAction":[{"@type":"ReadAction","target":["https:\/\/latamjournalismreview.org\/pt-br\/articles\/ministerio-publico-acusa-tv-globo-e-clube-dos-13-de-concorrencia-desleal\/"]}]},{"@type":"BreadcrumbList","@id":"https:\/\/latamjournalismreview.org\/pt-br\/articles\/ministerio-publico-acusa-tv-globo-e-clube-dos-13-de-concorrencia-desleal\/#breadcrumb","itemListElement":[{"@type":"ListItem","position":1,"name":"Home","item":"https:\/\/latamjournalismreview.org\/pt-br\/"},{"@type":"ListItem","position":2,"name":"Minist\u00e9rio P\u00fablico acusa TV Globo e Clube dos 13 de concorr\u00eancia desleal"}]},{"@type":"WebSite","@id":"https:\/\/latamjournalismreview.org\/pt-br\/#website","url":"https:\/\/latamjournalismreview.org\/pt-br\/","name":"LatAm Journalism Review","description":"Digital magazine on journalism in Latin America","publisher":{"@id":"https:\/\/latamjournalismreview.org\/pt-br\/#organization"},"potentialAction":[{"@type":"SearchAction","target":{"@type":"EntryPoint","urlTemplate":"https:\/\/latamjournalismreview.org\/pt-br\/?s={search_term_string}"},"query-input":{"@type":"PropertyValueSpecification","valueRequired":true,"valueName":"search_term_string"}}],"inLanguage":"pt-BR"},{"@type":"Organization","@id":"https:\/\/latamjournalismreview.org\/pt-br\/#organization","name":"LatAm Journalism Review","url":"https:\/\/latamjournalismreview.org\/pt-br\/","logo":{"@type":"ImageObject","inLanguage":"pt-BR","@id":"https:\/\/latamjournalismreview.org\/pt-br\/#\/schema\/logo\/image\/","url":"https:\/\/latamjournalismreview.org\/wp-content\/uploads\/2020\/05\/knight-latAm-review-logo.svg","contentUrl":"https:\/\/latamjournalismreview.org\/wp-content\/uploads\/2020\/05\/knight-latAm-review-logo.svg","width":"1024","height":"1024","caption":"LatAm Journalism Review"},"image":{"@id":"https:\/\/latamjournalismreview.org\/pt-br\/#\/schema\/logo\/image\/"},"sameAs":["https:\/\/x.com\/LatAmJournalism"]},{"@type":"Person","@id":"https:\/\/latamjournalismreview.org\/pt-br\/#\/schema\/person\/0315202e0b3c0963a2440f1c3012c360","name":"Guest","url":"https:\/\/latamjournalismreview.org\/pt-br\/articles\/author\/guest\/"}]}},"_links":{"self":[{"href":"https:\/\/latamjournalismreview.org\/pt-br\/wp-json\/wp\/v2\/posts\/63572","targetHints":{"allow":["GET"]}}],"collection":[{"href":"https:\/\/latamjournalismreview.org\/pt-br\/wp-json\/wp\/v2\/posts"}],"about":[{"href":"https:\/\/latamjournalismreview.org\/pt-br\/wp-json\/wp\/v2\/types\/post"}],"author":[{"embeddable":true,"href":"https:\/\/latamjournalismreview.org\/pt-br\/wp-json\/wp\/v2\/users\/17"}],"replies":[{"embeddable":true,"href":"https:\/\/latamjournalismreview.org\/pt-br\/wp-json\/wp\/v2\/comments?post=63572"}],"version-history":[{"count":1,"href":"https:\/\/latamjournalismreview.org\/pt-br\/wp-json\/wp\/v2\/posts\/63572\/revisions"}],"predecessor-version":[{"id":63576,"href":"https:\/\/latamjournalismreview.org\/pt-br\/wp-json\/wp\/v2\/posts\/63572\/revisions\/63576"}],"wp:attachment":[{"href":"https:\/\/latamjournalismreview.org\/pt-br\/wp-json\/wp\/v2\/media?parent=63572"}],"wp:term":[{"taxonomy":"category","embeddable":true,"href":"https:\/\/latamjournalismreview.org\/pt-br\/wp-json\/wp\/v2\/categories?post=63572"},{"taxonomy":"post_tag","embeddable":true,"href":"https:\/\/latamjournalismreview.org\/pt-br\/wp-json\/wp\/v2\/tags?post=63572"},{"taxonomy":"author","embeddable":true,"href":"https:\/\/latamjournalismreview.org\/pt-br\/wp-json\/wp\/v2\/coauthors?post=63572"}],"curies":[{"name":"wp","href":"https:\/\/api.w.org\/{rel}","templated":true}]}}