{"id":63665,"date":"2010-09-20T16:27:02","date_gmt":"2010-09-20T21:27:02","guid":{"rendered":"https:\/\/latamjournalismreview.org\/?p=63665"},"modified":"2022-08-04T16:30:52","modified_gmt":"2022-08-04T21:30:52","slug":"governo-argentino-quer-prisao-de-donos-dos-jornais-clarin-e-la-nacion","status":"publish","type":"post","link":"https:\/\/latamjournalismreview.org\/pt-br\/articles\/governo-argentino-quer-prisao-de-donos-dos-jornais-clarin-e-la-nacion\/","title":{"rendered":"Governo argentino quer pris\u00e3o de donos dos jornais Clar\u00edn e La Naci\u00f3n"},"content":{"rendered":"<p><em>Por Ingrid Bachmann<br \/>\n<\/em><\/p>\n<p>A\u00a0<a href=\"http:\/\/knightcenter.utexas.edu\/es\/blog\/clarin-denuncia-%E2%80%9Cescalada-de-hostigamiento%E2%80%9D-del-gobierno-argentino\">ofensiva do governo argentino<\/a>\u00a0contra os dois principais jornais do pa\u00eds ter\u00e1 um novo cap\u00edtulo com a den\u00fancia penal contra a dona do Grupo Clar\u00edn, Ernestina Herrera de Noble, o diretor executivo do grupo, H\u00e9ctor Magnetto, e o diretor do jornal La Naci\u00f3n, Bartolom\u00e9 Mitre. Os empres\u00e1rios ser\u00e3o\u00a0<a href=\"http:\/\/www.diarioperfil.com.ar\/edimp\/0504\/articulo.php?art=24244&amp;ed=0504\">acusados de participa\u00e7\u00e3o em crimes contra os direitos humanos<\/a>\u00a0durante a\u00a0<a href=\"http:\/\/es.wikipedia.org\/wiki\/Proceso_de_Reorganizaci%C3%B3n_Nacional\">ditadura argentina<\/a>.<\/p>\n<p>A Perfil cita um relat\u00f3rio assinado pelo secret\u00e1rio de Direitos Humanos sobre\u00a0<a href=\"http:\/\/knightcenter.utexas.edu\/pt-br\/blog\/clarin-e-la-nacion-rebatem-acusacoes-do-governo-argentino-sobre-compra-de-fabrica-de-papel\">supostas irregularidades na transfer\u00eancia da propriedade da f\u00e1brica de papel para jornais Papel Prensa<\/a>, em 1976, que acusa oficiais do governo militar de praticarem crimes como extors\u00e3o, tortura e sequestro para for\u00e7ar a transa\u00e7\u00e3o. A den\u00fancia pede a deten\u00e7\u00e3o imediata de todos os envolvidos no caso, inclusive os c\u00famplices.<\/p>\n<p>O documento da den\u00fancia seria\u00a0<a href=\"http:\/\/www.lagaceta.com.ar\/nota\/399203\/Argentina\/Gobierno_pedira_inmediata_detencion_Noble_Magnetto.html\">apresentado nos pr\u00f3ximos dias<\/a>, afirma La Gaceta de Tucum\u00e1n.<\/p>\n<p><em>Nota do editor: Essa hist\u00f3ria foi publicada originalmente no blog de jornalismo nas Am\u00e9ricas do Centro Knight, o predecessor do LatAm Journalism Review.<\/em><\/p>\n","protected":false},"excerpt":{"rendered":"<p>A\u00a0ofensiva do governo argentino\u00a0contra os dois principais jornais do pa\u00eds ter\u00e1 um novo cap\u00edtulo com a den\u00fancia penal contra a dona do Grupo Clar\u00edn, Ernestina Herrera de Noble, o diretor executivo do grupo, H\u00e9ctor Magnetto, e o diretor do jornal La Naci\u00f3n, Bartolom\u00e9 Mitre. Os empres\u00e1rios ser\u00e3o\u00a0acusados de participa\u00e7\u00e3o em crimes contra os direitos humanos\u00a0durante a\u00a0ditadura argentina.<\/p>\n","protected":false},"author":17,"featured_media":0,"comment_status":"closed","ping_status":"closed","sticky":false,"template":"","format":"standard","meta":{"inline_featured_image":false,"footnotes":""},"categories":[1219],"tags":[1425,1379,1567],"coauthors":[],"class_list":["post-63665","post","type-post","status-publish","format-standard","hentry","category-liberdade-de-imprensa-pt-br","tag-argentina-pt-br","tag-casos-judiciais-pt-br","tag-detencoes-pt-br"],"acf":[],"yoast_head":"<!-- This site is optimized with the Yoast SEO Premium plugin v22.6 (Yoast SEO v27.4) - https:\/\/yoast.com\/product\/yoast-seo-premium-wordpress\/ -->\n<title>Governo argentino quer pris\u00e3o de donos dos jornais Clar\u00edn e La Naci\u00f3n - LatAm Journalism Review by the Knight Center<\/title>\n<meta name=\"description\" content=\"Governo argentino quer pris\u00e3o de donos dos jornais Clar\u00edn e La Naci\u00f3n Liberdade de imprensa. Latin American Journalism Review by The Knight Center at The University of Texas at Austin.\" \/>\n<meta name=\"robots\" content=\"index, follow, max-snippet:-1, max-image-preview:large, max-video-preview:-1\" \/>\n<link rel=\"canonical\" href=\"https:\/\/latamjournalismreview.org\/pt-br\/articles\/governo-argentino-quer-prisao-de-donos-dos-jornais-clarin-e-la-nacion\/\" \/>\n<meta property=\"og:locale\" content=\"pt_BR\" \/>\n<meta property=\"og:type\" content=\"article\" \/>\n<meta property=\"og:title\" content=\"Governo argentino quer pris\u00e3o de donos dos jornais Clar\u00edn e La Naci\u00f3n\" \/>\n<meta property=\"og:description\" content=\"Governo argentino quer pris\u00e3o de donos dos jornais Clar\u00edn e La Naci\u00f3n Liberdade de imprensa. Latin American Journalism Review by The Knight Center at The University of Texas at Austin.\" \/>\n<meta property=\"og:url\" content=\"https:\/\/latamjournalismreview.org\/pt-br\/articles\/governo-argentino-quer-prisao-de-donos-dos-jornais-clarin-e-la-nacion\/\" \/>\n<meta property=\"og:site_name\" content=\"LatAm Journalism Review by the Knight Center\" \/>\n<meta property=\"article:published_time\" content=\"2010-09-20T21:27:02+00:00\" \/>\n<meta property=\"article:modified_time\" content=\"2022-08-04T21:30:52+00:00\" \/>\n<meta name=\"author\" content=\"Guest\" \/>\n<meta name=\"twitter:card\" content=\"summary_large_image\" \/>\n<meta name=\"twitter:creator\" content=\"@LatAmJournalism\" \/>\n<meta name=\"twitter:site\" content=\"@LatAmJournalism\" \/>\n<meta name=\"twitter:label1\" content=\"Written by\" \/>\n\t<meta name=\"twitter:data1\" content=\"Guest\" \/>\n\t<meta name=\"twitter:label2\" content=\"Est. reading time\" \/>\n\t<meta name=\"twitter:data2\" content=\"1 minuto\" \/>\n<script type=\"application\/ld+json\" class=\"yoast-schema-graph\">{\"@context\":\"https:\\\/\\\/schema.org\",\"@graph\":[{\"@type\":\"Article\",\"@id\":\"https:\\\/\\\/latamjournalismreview.org\\\/pt-br\\\/articles\\\/governo-argentino-quer-prisao-de-donos-dos-jornais-clarin-e-la-nacion\\\/#article\",\"isPartOf\":{\"@id\":\"https:\\\/\\\/latamjournalismreview.org\\\/pt-br\\\/articles\\\/governo-argentino-quer-prisao-de-donos-dos-jornais-clarin-e-la-nacion\\\/\"},\"author\":{\"name\":\"Guest\",\"@id\":\"https:\\\/\\\/latamjournalismreview.org\\\/pt-br\\\/#\\\/schema\\\/person\\\/0315202e0b3c0963a2440f1c3012c360\"},\"headline\":\"Governo argentino quer pris\u00e3o de donos dos jornais Clar\u00edn e La Naci\u00f3n\",\"datePublished\":\"2010-09-20T21:27:02+00:00\",\"dateModified\":\"2022-08-04T21:30:52+00:00\",\"mainEntityOfPage\":{\"@id\":\"https:\\\/\\\/latamjournalismreview.org\\\/pt-br\\\/articles\\\/governo-argentino-quer-prisao-de-donos-dos-jornais-clarin-e-la-nacion\\\/\"},\"wordCount\":201,\"publisher\":{\"@id\":\"https:\\\/\\\/latamjournalismreview.org\\\/pt-br\\\/#organization\"},\"keywords\":[\"Argentina\",\"Casos judiciais\",\"Deten\u00e7\u00f5es\"],\"articleSection\":[\"Liberdade de imprensa\"],\"inLanguage\":\"pt-BR\"},{\"@type\":\"WebPage\",\"@id\":\"https:\\\/\\\/latamjournalismreview.org\\\/pt-br\\\/articles\\\/governo-argentino-quer-prisao-de-donos-dos-jornais-clarin-e-la-nacion\\\/\",\"url\":\"https:\\\/\\\/latamjournalismreview.org\\\/pt-br\\\/articles\\\/governo-argentino-quer-prisao-de-donos-dos-jornais-clarin-e-la-nacion\\\/\",\"name\":\"Governo argentino quer pris\u00e3o de donos dos jornais Clar\u00edn e La Naci\u00f3n - LatAm Journalism Review by the Knight Center\",\"isPartOf\":{\"@id\":\"https:\\\/\\\/latamjournalismreview.org\\\/pt-br\\\/#website\"},\"datePublished\":\"2010-09-20T21:27:02+00:00\",\"dateModified\":\"2022-08-04T21:30:52+00:00\",\"description\":\"Governo argentino quer pris\u00e3o de donos dos jornais Clar\u00edn e La Naci\u00f3n Liberdade de imprensa. Latin American Journalism Review by The Knight Center at The University of Texas at Austin.\",\"breadcrumb\":{\"@id\":\"https:\\\/\\\/latamjournalismreview.org\\\/pt-br\\\/articles\\\/governo-argentino-quer-prisao-de-donos-dos-jornais-clarin-e-la-nacion\\\/#breadcrumb\"},\"inLanguage\":\"pt-BR\",\"potentialAction\":[{\"@type\":\"ReadAction\",\"target\":[\"https:\\\/\\\/latamjournalismreview.org\\\/pt-br\\\/articles\\\/governo-argentino-quer-prisao-de-donos-dos-jornais-clarin-e-la-nacion\\\/\"]}]},{\"@type\":\"BreadcrumbList\",\"@id\":\"https:\\\/\\\/latamjournalismreview.org\\\/pt-br\\\/articles\\\/governo-argentino-quer-prisao-de-donos-dos-jornais-clarin-e-la-nacion\\\/#breadcrumb\",\"itemListElement\":[{\"@type\":\"ListItem\",\"position\":1,\"name\":\"Home\",\"item\":\"https:\\\/\\\/latamjournalismreview.org\\\/pt-br\\\/\"},{\"@type\":\"ListItem\",\"position\":2,\"name\":\"Governo argentino quer pris\u00e3o de donos dos jornais Clar\u00edn e La Naci\u00f3n\"}]},{\"@type\":\"WebSite\",\"@id\":\"https:\\\/\\\/latamjournalismreview.org\\\/pt-br\\\/#website\",\"url\":\"https:\\\/\\\/latamjournalismreview.org\\\/pt-br\\\/\",\"name\":\"LatAm Journalism Review\",\"description\":\"Digital magazine on journalism in Latin America\",\"publisher\":{\"@id\":\"https:\\\/\\\/latamjournalismreview.org\\\/pt-br\\\/#organization\"},\"potentialAction\":[{\"@type\":\"SearchAction\",\"target\":{\"@type\":\"EntryPoint\",\"urlTemplate\":\"https:\\\/\\\/latamjournalismreview.org\\\/pt-br\\\/?s={search_term_string}\"},\"query-input\":{\"@type\":\"PropertyValueSpecification\",\"valueRequired\":true,\"valueName\":\"search_term_string\"}}],\"inLanguage\":\"pt-BR\"},{\"@type\":\"Organization\",\"@id\":\"https:\\\/\\\/latamjournalismreview.org\\\/pt-br\\\/#organization\",\"name\":\"LatAm Journalism Review\",\"url\":\"https:\\\/\\\/latamjournalismreview.org\\\/pt-br\\\/\",\"logo\":{\"@type\":\"ImageObject\",\"inLanguage\":\"pt-BR\",\"@id\":\"https:\\\/\\\/latamjournalismreview.org\\\/pt-br\\\/#\\\/schema\\\/logo\\\/image\\\/\",\"url\":\"https:\\\/\\\/latamjournalismreview.org\\\/wp-content\\\/uploads\\\/2020\\\/05\\\/knight-latAm-review-logo.svg\",\"contentUrl\":\"https:\\\/\\\/latamjournalismreview.org\\\/wp-content\\\/uploads\\\/2020\\\/05\\\/knight-latAm-review-logo.svg\",\"width\":\"1024\",\"height\":\"1024\",\"caption\":\"LatAm Journalism Review\"},\"image\":{\"@id\":\"https:\\\/\\\/latamjournalismreview.org\\\/pt-br\\\/#\\\/schema\\\/logo\\\/image\\\/\"},\"sameAs\":[\"https:\\\/\\\/x.com\\\/LatAmJournalism\"]},{\"@type\":\"Person\",\"@id\":\"https:\\\/\\\/latamjournalismreview.org\\\/pt-br\\\/#\\\/schema\\\/person\\\/0315202e0b3c0963a2440f1c3012c360\",\"name\":\"Guest\",\"url\":\"https:\\\/\\\/latamjournalismreview.org\\\/pt-br\\\/articles\\\/author\\\/guest\\\/\"}]}<\/script>\n<!-- \/ Yoast SEO Premium plugin. -->","yoast_head_json":{"title":"Governo argentino quer pris\u00e3o de donos dos jornais Clar\u00edn e La Naci\u00f3n - LatAm Journalism Review by the Knight Center","description":"Governo argentino quer pris\u00e3o de donos dos jornais Clar\u00edn e La Naci\u00f3n Liberdade de imprensa. Latin American Journalism Review by The Knight Center at The University of Texas at Austin.","robots":{"index":"index","follow":"follow","max-snippet":"max-snippet:-1","max-image-preview":"max-image-preview:large","max-video-preview":"max-video-preview:-1"},"canonical":"https:\/\/latamjournalismreview.org\/pt-br\/articles\/governo-argentino-quer-prisao-de-donos-dos-jornais-clarin-e-la-nacion\/","og_locale":"pt_BR","og_type":"article","og_title":"Governo argentino quer pris\u00e3o de donos dos jornais Clar\u00edn e La Naci\u00f3n","og_description":"Governo argentino quer pris\u00e3o de donos dos jornais Clar\u00edn e La Naci\u00f3n Liberdade de imprensa. Latin American Journalism Review by The Knight Center at The University of Texas at Austin.","og_url":"https:\/\/latamjournalismreview.org\/pt-br\/articles\/governo-argentino-quer-prisao-de-donos-dos-jornais-clarin-e-la-nacion\/","og_site_name":"LatAm Journalism Review by the Knight Center","article_published_time":"2010-09-20T21:27:02+00:00","article_modified_time":"2022-08-04T21:30:52+00:00","author":"Guest","twitter_card":"summary_large_image","twitter_creator":"@LatAmJournalism","twitter_site":"@LatAmJournalism","twitter_misc":{"Written by":"Guest","Est. reading time":"1 minuto"},"schema":{"@context":"https:\/\/schema.org","@graph":[{"@type":"Article","@id":"https:\/\/latamjournalismreview.org\/pt-br\/articles\/governo-argentino-quer-prisao-de-donos-dos-jornais-clarin-e-la-nacion\/#article","isPartOf":{"@id":"https:\/\/latamjournalismreview.org\/pt-br\/articles\/governo-argentino-quer-prisao-de-donos-dos-jornais-clarin-e-la-nacion\/"},"author":{"name":"Guest","@id":"https:\/\/latamjournalismreview.org\/pt-br\/#\/schema\/person\/0315202e0b3c0963a2440f1c3012c360"},"headline":"Governo argentino quer pris\u00e3o de donos dos jornais Clar\u00edn e La Naci\u00f3n","datePublished":"2010-09-20T21:27:02+00:00","dateModified":"2022-08-04T21:30:52+00:00","mainEntityOfPage":{"@id":"https:\/\/latamjournalismreview.org\/pt-br\/articles\/governo-argentino-quer-prisao-de-donos-dos-jornais-clarin-e-la-nacion\/"},"wordCount":201,"publisher":{"@id":"https:\/\/latamjournalismreview.org\/pt-br\/#organization"},"keywords":["Argentina","Casos judiciais","Deten\u00e7\u00f5es"],"articleSection":["Liberdade de imprensa"],"inLanguage":"pt-BR"},{"@type":"WebPage","@id":"https:\/\/latamjournalismreview.org\/pt-br\/articles\/governo-argentino-quer-prisao-de-donos-dos-jornais-clarin-e-la-nacion\/","url":"https:\/\/latamjournalismreview.org\/pt-br\/articles\/governo-argentino-quer-prisao-de-donos-dos-jornais-clarin-e-la-nacion\/","name":"Governo argentino quer pris\u00e3o de donos dos jornais Clar\u00edn e La Naci\u00f3n - LatAm Journalism Review by the Knight Center","isPartOf":{"@id":"https:\/\/latamjournalismreview.org\/pt-br\/#website"},"datePublished":"2010-09-20T21:27:02+00:00","dateModified":"2022-08-04T21:30:52+00:00","description":"Governo argentino quer pris\u00e3o de donos dos jornais Clar\u00edn e La Naci\u00f3n Liberdade de imprensa. Latin American Journalism Review by The Knight Center at The University of Texas at Austin.","breadcrumb":{"@id":"https:\/\/latamjournalismreview.org\/pt-br\/articles\/governo-argentino-quer-prisao-de-donos-dos-jornais-clarin-e-la-nacion\/#breadcrumb"},"inLanguage":"pt-BR","potentialAction":[{"@type":"ReadAction","target":["https:\/\/latamjournalismreview.org\/pt-br\/articles\/governo-argentino-quer-prisao-de-donos-dos-jornais-clarin-e-la-nacion\/"]}]},{"@type":"BreadcrumbList","@id":"https:\/\/latamjournalismreview.org\/pt-br\/articles\/governo-argentino-quer-prisao-de-donos-dos-jornais-clarin-e-la-nacion\/#breadcrumb","itemListElement":[{"@type":"ListItem","position":1,"name":"Home","item":"https:\/\/latamjournalismreview.org\/pt-br\/"},{"@type":"ListItem","position":2,"name":"Governo argentino quer pris\u00e3o de donos dos jornais Clar\u00edn e La Naci\u00f3n"}]},{"@type":"WebSite","@id":"https:\/\/latamjournalismreview.org\/pt-br\/#website","url":"https:\/\/latamjournalismreview.org\/pt-br\/","name":"LatAm Journalism Review","description":"Digital magazine on journalism in Latin America","publisher":{"@id":"https:\/\/latamjournalismreview.org\/pt-br\/#organization"},"potentialAction":[{"@type":"SearchAction","target":{"@type":"EntryPoint","urlTemplate":"https:\/\/latamjournalismreview.org\/pt-br\/?s={search_term_string}"},"query-input":{"@type":"PropertyValueSpecification","valueRequired":true,"valueName":"search_term_string"}}],"inLanguage":"pt-BR"},{"@type":"Organization","@id":"https:\/\/latamjournalismreview.org\/pt-br\/#organization","name":"LatAm Journalism Review","url":"https:\/\/latamjournalismreview.org\/pt-br\/","logo":{"@type":"ImageObject","inLanguage":"pt-BR","@id":"https:\/\/latamjournalismreview.org\/pt-br\/#\/schema\/logo\/image\/","url":"https:\/\/latamjournalismreview.org\/wp-content\/uploads\/2020\/05\/knight-latAm-review-logo.svg","contentUrl":"https:\/\/latamjournalismreview.org\/wp-content\/uploads\/2020\/05\/knight-latAm-review-logo.svg","width":"1024","height":"1024","caption":"LatAm Journalism Review"},"image":{"@id":"https:\/\/latamjournalismreview.org\/pt-br\/#\/schema\/logo\/image\/"},"sameAs":["https:\/\/x.com\/LatAmJournalism"]},{"@type":"Person","@id":"https:\/\/latamjournalismreview.org\/pt-br\/#\/schema\/person\/0315202e0b3c0963a2440f1c3012c360","name":"Guest","url":"https:\/\/latamjournalismreview.org\/pt-br\/articles\/author\/guest\/"}]}},"_links":{"self":[{"href":"https:\/\/latamjournalismreview.org\/pt-br\/wp-json\/wp\/v2\/posts\/63665","targetHints":{"allow":["GET"]}}],"collection":[{"href":"https:\/\/latamjournalismreview.org\/pt-br\/wp-json\/wp\/v2\/posts"}],"about":[{"href":"https:\/\/latamjournalismreview.org\/pt-br\/wp-json\/wp\/v2\/types\/post"}],"author":[{"embeddable":true,"href":"https:\/\/latamjournalismreview.org\/pt-br\/wp-json\/wp\/v2\/users\/17"}],"replies":[{"embeddable":true,"href":"https:\/\/latamjournalismreview.org\/pt-br\/wp-json\/wp\/v2\/comments?post=63665"}],"version-history":[{"count":1,"href":"https:\/\/latamjournalismreview.org\/pt-br\/wp-json\/wp\/v2\/posts\/63665\/revisions"}],"predecessor-version":[{"id":63670,"href":"https:\/\/latamjournalismreview.org\/pt-br\/wp-json\/wp\/v2\/posts\/63665\/revisions\/63670"}],"wp:attachment":[{"href":"https:\/\/latamjournalismreview.org\/pt-br\/wp-json\/wp\/v2\/media?parent=63665"}],"wp:term":[{"taxonomy":"category","embeddable":true,"href":"https:\/\/latamjournalismreview.org\/pt-br\/wp-json\/wp\/v2\/categories?post=63665"},{"taxonomy":"post_tag","embeddable":true,"href":"https:\/\/latamjournalismreview.org\/pt-br\/wp-json\/wp\/v2\/tags?post=63665"},{"taxonomy":"author","embeddable":true,"href":"https:\/\/latamjournalismreview.org\/pt-br\/wp-json\/wp\/v2\/coauthors?post=63665"}],"curies":[{"name":"wp","href":"https:\/\/api.w.org\/{rel}","templated":true}]}}