{"id":63954,"date":"2010-09-28T09:40:19","date_gmt":"2010-09-28T14:40:19","guid":{"rendered":"https:\/\/latamjournalismreview.org\/?p=63954"},"modified":"2022-08-08T09:41:37","modified_gmt":"2022-08-08T14:41:37","slug":"radio-franca-internacional-rechaca-criticas-de-chavez-a-uma-de-suas-jornalistas","status":"publish","type":"post","link":"https:\/\/latamjournalismreview.org\/pt-br\/articles\/radio-franca-internacional-rechaca-criticas-de-chavez-a-uma-de-suas-jornalistas\/","title":{"rendered":"R\u00e1dio Fran\u00e7a Internacional recha\u00e7a cr\u00edticas de Ch\u00e1vez a uma de suas jornalistas"},"content":{"rendered":"<p><em>Por Ingrid Bachmann<\/em><\/p>\n<p>O grupo de comunica\u00e7\u00e3o\u00a0<a href=\"http:\/\/politica.eluniversal.com\/2010\/09\/28\/v2010_ava_radio-francia-rechaz_28A4530851.shtml\">R\u00e1dio Fran\u00e7a Internacional (RFI) saiu em defesa de sua correspondente em Caracas<\/a>, a jornalista Andre\u00edna Flores, chamada de ignorante pelo presidente venezuelano Hugo Ch\u00e1vez e acusada por ele de querer manipular informa\u00e7\u00f5es durante a confer\u00eancia de imprensa, reportou o jornal El Universal.<\/p>\n<p>Segundo a ag\u00eancia Europa Press, a jornalista, que tamb\u00e9m \u00e9 correspondente do grupo colombiano REC,\u00a0<a href=\"http:\/\/www.europapress.es\/latam\/venezuela\/noticia-venezuela-radio-francia-internacional-rechaza-criticas-chavez-periodistas-20100928162311.html\">deixou o presidente em uma saia justa<\/a>\u00a0ao pedir que ele explicasse por que o partido obteve 37 deputados a mais que a oposi\u00e7\u00e3o nas\u00a0<a href=\"http:\/\/www.bbc.co.uk\/mundo\/noticias\/2010\/09\/100927_venezuela_elecciones_parlamentarias_chavez_mr.shtml\">elei\u00e7\u00f5es do domingo passado<\/a>, dado que a\u00a0<a href=\"http:\/\/www.bbc.co.uk\/mundo\/noticias\/2010\/09\/100927_video_chavez_elecciones_venezuela_lr.shtml\">diferen\u00e7a de votos foi s\u00f3 de 100 mil<\/a>, e se isso daria raz\u00e3o \u00e0queles que criticam uma\u00a0<a href=\"http:\/\/www.espanol.rfi.fr\/americas\/20100928-la-ley-electoral-un-sistema-justo-o-precocinado\">manipula\u00e7\u00e3o do processo eleitoral<\/a>.<\/p>\n<p>Como resposta, Ch\u00e1vez lan\u00e7ou\u00a0<a href=\"http:\/\/elobservador.rctv.net\/Noticias\/Vernoticia.aspx?NoticiaId=287470&amp;Tipo=14\">duras cr\u00edticas \u00e0 rep\u00f3rter<\/a>. \u201cParece que voc\u00ea ignora totalmente o que se passou aqui, como se vivesse na lua\u201d, disse Ch\u00e1vez, que tamb\u00e9m acusou a r\u00e1dio francesa de \u201ctransmitir mentiras descaradamente\u201d, acrescenta o jornal El Observador<\/p>\n<p>Em um comunicado, o grupo RFI respondeu ao presidente que suas informa\u00e7\u00f5es relativas \u00e0 Venezuela s\u00e3o destinadas a um grupo internacional e que\u00a0<a href=\"http:\/\/www.espanol.rfi.fr\/americas\/20100928-rfi-responde-al-presidente-hugo-chavez\">seus jornalistas s\u00e3o pautados pela \u00e9tica<\/a>. \u201cSe o senhor desejar, presidente, o RFI lhe convida a falar em nossos microfones, numa entrevista marcada\u201d, o comunicado conclui.<\/p>\n<p><em>Nota do editor: Essa hist\u00f3ria foi publicada originalmente no blog de jornalismo nas Am\u00e9ricas do Centro Knight, o predecessor do LatAm Journalism Review.<\/em><\/p>\n","protected":false},"excerpt":{"rendered":"<p>O grupo de comunica\u00e7\u00e3o\u00a0R\u00e1dio Fran\u00e7a Internacional (RFI) saiu em defesa de sua correspondente em Caracas, a jornalista Andre\u00edna Flores, chamada de ignorante pelo presidente venezuelano Hugo Ch\u00e1vez e acusada por ele de querer manipular informa\u00e7\u00f5es durante a confer\u00eancia de imprensa, reportou o jornal El Universal.<\/p>\n","protected":false},"author":17,"featured_media":0,"comment_status":"closed","ping_status":"closed","sticky":false,"template":"","format":"standard","meta":{"inline_featured_image":false,"footnotes":""},"categories":[1219],"tags":[1546,2051,1402],"coauthors":[],"class_list":["post-63954","post","type-post","status-publish","format-standard","hentry","category-liberdade-de-imprensa-pt-br","tag-eleicoes-pt-br","tag-liberdade-de-expressao-pt-br","tag-venezuela-pt-br"],"acf":[],"yoast_head":"<!-- This site is optimized with the Yoast SEO Premium plugin v22.6 (Yoast SEO v27.4) - https:\/\/yoast.com\/product\/yoast-seo-premium-wordpress\/ -->\n<title>R\u00e1dio Fran\u00e7a Internacional recha\u00e7a cr\u00edticas de Ch\u00e1vez a uma de suas jornalistas - LatAm Journalism Review by the Knight Center<\/title>\n<meta name=\"description\" content=\"R\u00e1dio Fran\u00e7a Internacional recha\u00e7a cr\u00edticas de Ch\u00e1vez a uma de suas jornalistas Liberdade de imprensa. Latin American Journalism Review by The Knight Center at The University of Texas at Austin.\" \/>\n<meta name=\"robots\" content=\"index, follow, max-snippet:-1, max-image-preview:large, max-video-preview:-1\" \/>\n<link rel=\"canonical\" href=\"https:\/\/latamjournalismreview.org\/pt-br\/articles\/radio-franca-internacional-rechaca-criticas-de-chavez-a-uma-de-suas-jornalistas\/\" \/>\n<meta property=\"og:locale\" content=\"pt_BR\" \/>\n<meta property=\"og:type\" content=\"article\" \/>\n<meta property=\"og:title\" content=\"R\u00e1dio Fran\u00e7a Internacional recha\u00e7a cr\u00edticas de Ch\u00e1vez a uma de suas jornalistas\" \/>\n<meta property=\"og:description\" content=\"R\u00e1dio Fran\u00e7a Internacional recha\u00e7a cr\u00edticas de Ch\u00e1vez a uma de suas jornalistas Liberdade de imprensa. Latin American Journalism Review by The Knight Center at The University of Texas at Austin.\" \/>\n<meta property=\"og:url\" content=\"https:\/\/latamjournalismreview.org\/pt-br\/articles\/radio-franca-internacional-rechaca-criticas-de-chavez-a-uma-de-suas-jornalistas\/\" \/>\n<meta property=\"og:site_name\" content=\"LatAm Journalism Review by the Knight Center\" \/>\n<meta property=\"article:published_time\" content=\"2010-09-28T14:40:19+00:00\" \/>\n<meta property=\"article:modified_time\" content=\"2022-08-08T14:41:37+00:00\" \/>\n<meta name=\"author\" content=\"Guest\" \/>\n<meta name=\"twitter:card\" content=\"summary_large_image\" \/>\n<meta name=\"twitter:creator\" content=\"@LatAmJournalism\" \/>\n<meta name=\"twitter:site\" content=\"@LatAmJournalism\" \/>\n<meta name=\"twitter:label1\" content=\"Written by\" \/>\n\t<meta name=\"twitter:data1\" content=\"Guest\" \/>\n\t<meta name=\"twitter:label2\" content=\"Est. reading time\" \/>\n\t<meta name=\"twitter:data2\" content=\"1 minuto\" \/>\n<script type=\"application\/ld+json\" class=\"yoast-schema-graph\">{\"@context\":\"https:\\\/\\\/schema.org\",\"@graph\":[{\"@type\":\"Article\",\"@id\":\"https:\\\/\\\/latamjournalismreview.org\\\/pt-br\\\/articles\\\/radio-franca-internacional-rechaca-criticas-de-chavez-a-uma-de-suas-jornalistas\\\/#article\",\"isPartOf\":{\"@id\":\"https:\\\/\\\/latamjournalismreview.org\\\/pt-br\\\/articles\\\/radio-franca-internacional-rechaca-criticas-de-chavez-a-uma-de-suas-jornalistas\\\/\"},\"author\":{\"name\":\"Guest\",\"@id\":\"https:\\\/\\\/latamjournalismreview.org\\\/pt-br\\\/#\\\/schema\\\/person\\\/0315202e0b3c0963a2440f1c3012c360\"},\"headline\":\"R\u00e1dio Fran\u00e7a Internacional recha\u00e7a cr\u00edticas de Ch\u00e1vez a uma de suas jornalistas\",\"datePublished\":\"2010-09-28T14:40:19+00:00\",\"dateModified\":\"2022-08-08T14:41:37+00:00\",\"mainEntityOfPage\":{\"@id\":\"https:\\\/\\\/latamjournalismreview.org\\\/pt-br\\\/articles\\\/radio-franca-internacional-rechaca-criticas-de-chavez-a-uma-de-suas-jornalistas\\\/\"},\"wordCount\":267,\"publisher\":{\"@id\":\"https:\\\/\\\/latamjournalismreview.org\\\/pt-br\\\/#organization\"},\"keywords\":[\"Elei\u00e7\u00f5es\",\"Liberdade de express\u00e3o\",\"Venezuela\"],\"articleSection\":[\"Liberdade de imprensa\"],\"inLanguage\":\"pt-BR\"},{\"@type\":\"WebPage\",\"@id\":\"https:\\\/\\\/latamjournalismreview.org\\\/pt-br\\\/articles\\\/radio-franca-internacional-rechaca-criticas-de-chavez-a-uma-de-suas-jornalistas\\\/\",\"url\":\"https:\\\/\\\/latamjournalismreview.org\\\/pt-br\\\/articles\\\/radio-franca-internacional-rechaca-criticas-de-chavez-a-uma-de-suas-jornalistas\\\/\",\"name\":\"R\u00e1dio Fran\u00e7a Internacional recha\u00e7a cr\u00edticas de Ch\u00e1vez a uma de suas jornalistas - LatAm Journalism Review by the Knight Center\",\"isPartOf\":{\"@id\":\"https:\\\/\\\/latamjournalismreview.org\\\/pt-br\\\/#website\"},\"datePublished\":\"2010-09-28T14:40:19+00:00\",\"dateModified\":\"2022-08-08T14:41:37+00:00\",\"description\":\"R\u00e1dio Fran\u00e7a Internacional recha\u00e7a cr\u00edticas de Ch\u00e1vez a uma de suas jornalistas Liberdade de imprensa. Latin American Journalism Review by The Knight Center at The University of Texas at Austin.\",\"breadcrumb\":{\"@id\":\"https:\\\/\\\/latamjournalismreview.org\\\/pt-br\\\/articles\\\/radio-franca-internacional-rechaca-criticas-de-chavez-a-uma-de-suas-jornalistas\\\/#breadcrumb\"},\"inLanguage\":\"pt-BR\",\"potentialAction\":[{\"@type\":\"ReadAction\",\"target\":[\"https:\\\/\\\/latamjournalismreview.org\\\/pt-br\\\/articles\\\/radio-franca-internacional-rechaca-criticas-de-chavez-a-uma-de-suas-jornalistas\\\/\"]}]},{\"@type\":\"BreadcrumbList\",\"@id\":\"https:\\\/\\\/latamjournalismreview.org\\\/pt-br\\\/articles\\\/radio-franca-internacional-rechaca-criticas-de-chavez-a-uma-de-suas-jornalistas\\\/#breadcrumb\",\"itemListElement\":[{\"@type\":\"ListItem\",\"position\":1,\"name\":\"Home\",\"item\":\"https:\\\/\\\/latamjournalismreview.org\\\/pt-br\\\/\"},{\"@type\":\"ListItem\",\"position\":2,\"name\":\"R\u00e1dio Fran\u00e7a Internacional recha\u00e7a cr\u00edticas de Ch\u00e1vez a uma de suas jornalistas\"}]},{\"@type\":\"WebSite\",\"@id\":\"https:\\\/\\\/latamjournalismreview.org\\\/pt-br\\\/#website\",\"url\":\"https:\\\/\\\/latamjournalismreview.org\\\/pt-br\\\/\",\"name\":\"LatAm Journalism Review\",\"description\":\"Digital magazine on journalism in Latin America\",\"publisher\":{\"@id\":\"https:\\\/\\\/latamjournalismreview.org\\\/pt-br\\\/#organization\"},\"potentialAction\":[{\"@type\":\"SearchAction\",\"target\":{\"@type\":\"EntryPoint\",\"urlTemplate\":\"https:\\\/\\\/latamjournalismreview.org\\\/pt-br\\\/?s={search_term_string}\"},\"query-input\":{\"@type\":\"PropertyValueSpecification\",\"valueRequired\":true,\"valueName\":\"search_term_string\"}}],\"inLanguage\":\"pt-BR\"},{\"@type\":\"Organization\",\"@id\":\"https:\\\/\\\/latamjournalismreview.org\\\/pt-br\\\/#organization\",\"name\":\"LatAm Journalism Review\",\"url\":\"https:\\\/\\\/latamjournalismreview.org\\\/pt-br\\\/\",\"logo\":{\"@type\":\"ImageObject\",\"inLanguage\":\"pt-BR\",\"@id\":\"https:\\\/\\\/latamjournalismreview.org\\\/pt-br\\\/#\\\/schema\\\/logo\\\/image\\\/\",\"url\":\"https:\\\/\\\/latamjournalismreview.org\\\/wp-content\\\/uploads\\\/2020\\\/05\\\/knight-latAm-review-logo.svg\",\"contentUrl\":\"https:\\\/\\\/latamjournalismreview.org\\\/wp-content\\\/uploads\\\/2020\\\/05\\\/knight-latAm-review-logo.svg\",\"width\":\"1024\",\"height\":\"1024\",\"caption\":\"LatAm Journalism Review\"},\"image\":{\"@id\":\"https:\\\/\\\/latamjournalismreview.org\\\/pt-br\\\/#\\\/schema\\\/logo\\\/image\\\/\"},\"sameAs\":[\"https:\\\/\\\/x.com\\\/LatAmJournalism\"]},{\"@type\":\"Person\",\"@id\":\"https:\\\/\\\/latamjournalismreview.org\\\/pt-br\\\/#\\\/schema\\\/person\\\/0315202e0b3c0963a2440f1c3012c360\",\"name\":\"Guest\",\"url\":\"https:\\\/\\\/latamjournalismreview.org\\\/pt-br\\\/articles\\\/author\\\/guest\\\/\"}]}<\/script>\n<!-- \/ Yoast SEO Premium plugin. -->","yoast_head_json":{"title":"R\u00e1dio Fran\u00e7a Internacional recha\u00e7a cr\u00edticas de Ch\u00e1vez a uma de suas jornalistas - LatAm Journalism Review by the Knight Center","description":"R\u00e1dio Fran\u00e7a Internacional recha\u00e7a cr\u00edticas de Ch\u00e1vez a uma de suas jornalistas Liberdade de imprensa. Latin American Journalism Review by The Knight Center at The University of Texas at Austin.","robots":{"index":"index","follow":"follow","max-snippet":"max-snippet:-1","max-image-preview":"max-image-preview:large","max-video-preview":"max-video-preview:-1"},"canonical":"https:\/\/latamjournalismreview.org\/pt-br\/articles\/radio-franca-internacional-rechaca-criticas-de-chavez-a-uma-de-suas-jornalistas\/","og_locale":"pt_BR","og_type":"article","og_title":"R\u00e1dio Fran\u00e7a Internacional recha\u00e7a cr\u00edticas de Ch\u00e1vez a uma de suas jornalistas","og_description":"R\u00e1dio Fran\u00e7a Internacional recha\u00e7a cr\u00edticas de Ch\u00e1vez a uma de suas jornalistas Liberdade de imprensa. Latin American Journalism Review by The Knight Center at The University of Texas at Austin.","og_url":"https:\/\/latamjournalismreview.org\/pt-br\/articles\/radio-franca-internacional-rechaca-criticas-de-chavez-a-uma-de-suas-jornalistas\/","og_site_name":"LatAm Journalism Review by the Knight Center","article_published_time":"2010-09-28T14:40:19+00:00","article_modified_time":"2022-08-08T14:41:37+00:00","author":"Guest","twitter_card":"summary_large_image","twitter_creator":"@LatAmJournalism","twitter_site":"@LatAmJournalism","twitter_misc":{"Written by":"Guest","Est. reading time":"1 minuto"},"schema":{"@context":"https:\/\/schema.org","@graph":[{"@type":"Article","@id":"https:\/\/latamjournalismreview.org\/pt-br\/articles\/radio-franca-internacional-rechaca-criticas-de-chavez-a-uma-de-suas-jornalistas\/#article","isPartOf":{"@id":"https:\/\/latamjournalismreview.org\/pt-br\/articles\/radio-franca-internacional-rechaca-criticas-de-chavez-a-uma-de-suas-jornalistas\/"},"author":{"name":"Guest","@id":"https:\/\/latamjournalismreview.org\/pt-br\/#\/schema\/person\/0315202e0b3c0963a2440f1c3012c360"},"headline":"R\u00e1dio Fran\u00e7a Internacional recha\u00e7a cr\u00edticas de Ch\u00e1vez a uma de suas jornalistas","datePublished":"2010-09-28T14:40:19+00:00","dateModified":"2022-08-08T14:41:37+00:00","mainEntityOfPage":{"@id":"https:\/\/latamjournalismreview.org\/pt-br\/articles\/radio-franca-internacional-rechaca-criticas-de-chavez-a-uma-de-suas-jornalistas\/"},"wordCount":267,"publisher":{"@id":"https:\/\/latamjournalismreview.org\/pt-br\/#organization"},"keywords":["Elei\u00e7\u00f5es","Liberdade de express\u00e3o","Venezuela"],"articleSection":["Liberdade de imprensa"],"inLanguage":"pt-BR"},{"@type":"WebPage","@id":"https:\/\/latamjournalismreview.org\/pt-br\/articles\/radio-franca-internacional-rechaca-criticas-de-chavez-a-uma-de-suas-jornalistas\/","url":"https:\/\/latamjournalismreview.org\/pt-br\/articles\/radio-franca-internacional-rechaca-criticas-de-chavez-a-uma-de-suas-jornalistas\/","name":"R\u00e1dio Fran\u00e7a Internacional recha\u00e7a cr\u00edticas de Ch\u00e1vez a uma de suas jornalistas - LatAm Journalism Review by the Knight Center","isPartOf":{"@id":"https:\/\/latamjournalismreview.org\/pt-br\/#website"},"datePublished":"2010-09-28T14:40:19+00:00","dateModified":"2022-08-08T14:41:37+00:00","description":"R\u00e1dio Fran\u00e7a Internacional recha\u00e7a cr\u00edticas de Ch\u00e1vez a uma de suas jornalistas Liberdade de imprensa. Latin American Journalism Review by The Knight Center at The University of Texas at Austin.","breadcrumb":{"@id":"https:\/\/latamjournalismreview.org\/pt-br\/articles\/radio-franca-internacional-rechaca-criticas-de-chavez-a-uma-de-suas-jornalistas\/#breadcrumb"},"inLanguage":"pt-BR","potentialAction":[{"@type":"ReadAction","target":["https:\/\/latamjournalismreview.org\/pt-br\/articles\/radio-franca-internacional-rechaca-criticas-de-chavez-a-uma-de-suas-jornalistas\/"]}]},{"@type":"BreadcrumbList","@id":"https:\/\/latamjournalismreview.org\/pt-br\/articles\/radio-franca-internacional-rechaca-criticas-de-chavez-a-uma-de-suas-jornalistas\/#breadcrumb","itemListElement":[{"@type":"ListItem","position":1,"name":"Home","item":"https:\/\/latamjournalismreview.org\/pt-br\/"},{"@type":"ListItem","position":2,"name":"R\u00e1dio Fran\u00e7a Internacional recha\u00e7a cr\u00edticas de Ch\u00e1vez a uma de suas jornalistas"}]},{"@type":"WebSite","@id":"https:\/\/latamjournalismreview.org\/pt-br\/#website","url":"https:\/\/latamjournalismreview.org\/pt-br\/","name":"LatAm Journalism Review","description":"Digital magazine on journalism in Latin America","publisher":{"@id":"https:\/\/latamjournalismreview.org\/pt-br\/#organization"},"potentialAction":[{"@type":"SearchAction","target":{"@type":"EntryPoint","urlTemplate":"https:\/\/latamjournalismreview.org\/pt-br\/?s={search_term_string}"},"query-input":{"@type":"PropertyValueSpecification","valueRequired":true,"valueName":"search_term_string"}}],"inLanguage":"pt-BR"},{"@type":"Organization","@id":"https:\/\/latamjournalismreview.org\/pt-br\/#organization","name":"LatAm Journalism Review","url":"https:\/\/latamjournalismreview.org\/pt-br\/","logo":{"@type":"ImageObject","inLanguage":"pt-BR","@id":"https:\/\/latamjournalismreview.org\/pt-br\/#\/schema\/logo\/image\/","url":"https:\/\/latamjournalismreview.org\/wp-content\/uploads\/2020\/05\/knight-latAm-review-logo.svg","contentUrl":"https:\/\/latamjournalismreview.org\/wp-content\/uploads\/2020\/05\/knight-latAm-review-logo.svg","width":"1024","height":"1024","caption":"LatAm Journalism Review"},"image":{"@id":"https:\/\/latamjournalismreview.org\/pt-br\/#\/schema\/logo\/image\/"},"sameAs":["https:\/\/x.com\/LatAmJournalism"]},{"@type":"Person","@id":"https:\/\/latamjournalismreview.org\/pt-br\/#\/schema\/person\/0315202e0b3c0963a2440f1c3012c360","name":"Guest","url":"https:\/\/latamjournalismreview.org\/pt-br\/articles\/author\/guest\/"}]}},"_links":{"self":[{"href":"https:\/\/latamjournalismreview.org\/pt-br\/wp-json\/wp\/v2\/posts\/63954","targetHints":{"allow":["GET"]}}],"collection":[{"href":"https:\/\/latamjournalismreview.org\/pt-br\/wp-json\/wp\/v2\/posts"}],"about":[{"href":"https:\/\/latamjournalismreview.org\/pt-br\/wp-json\/wp\/v2\/types\/post"}],"author":[{"embeddable":true,"href":"https:\/\/latamjournalismreview.org\/pt-br\/wp-json\/wp\/v2\/users\/17"}],"replies":[{"embeddable":true,"href":"https:\/\/latamjournalismreview.org\/pt-br\/wp-json\/wp\/v2\/comments?post=63954"}],"version-history":[{"count":1,"href":"https:\/\/latamjournalismreview.org\/pt-br\/wp-json\/wp\/v2\/posts\/63954\/revisions"}],"predecessor-version":[{"id":63958,"href":"https:\/\/latamjournalismreview.org\/pt-br\/wp-json\/wp\/v2\/posts\/63954\/revisions\/63958"}],"wp:attachment":[{"href":"https:\/\/latamjournalismreview.org\/pt-br\/wp-json\/wp\/v2\/media?parent=63954"}],"wp:term":[{"taxonomy":"category","embeddable":true,"href":"https:\/\/latamjournalismreview.org\/pt-br\/wp-json\/wp\/v2\/categories?post=63954"},{"taxonomy":"post_tag","embeddable":true,"href":"https:\/\/latamjournalismreview.org\/pt-br\/wp-json\/wp\/v2\/tags?post=63954"},{"taxonomy":"author","embeddable":true,"href":"https:\/\/latamjournalismreview.org\/pt-br\/wp-json\/wp\/v2\/coauthors?post=63954"}],"curies":[{"name":"wp","href":"https:\/\/api.w.org\/{rel}","templated":true}]}}