{"id":64093,"date":"2010-08-03T09:35:56","date_gmt":"2010-08-03T14:35:56","guid":{"rendered":"https:\/\/latamjournalismreview.org\/?p=64093"},"modified":"2022-08-09T09:37:43","modified_gmt":"2022-08-09T14:37:43","slug":"candidato-a-vereador-no-peru-renuncia-ao-admitir-que-agrediu-jornalista","status":"publish","type":"post","link":"https:\/\/latamjournalismreview.org\/pt-br\/articles\/candidato-a-vereador-no-peru-renuncia-ao-admitir-que-agrediu-jornalista\/","title":{"rendered":"Candidato a vereador no Peru renuncia ao admitir que agrediu jornalista"},"content":{"rendered":"<p><em>Por Ingrid Bachmann<br \/>\n<\/em><\/p>\n<p>O jornal\u00a0<a href=\"http:\/\/elcomercio.pe\/noticia\/617703\/aspirante-regidor-admitio-agresion-periodista-renuncio-candidatura\">El Comercio<\/a>\u00a0informou que Jorge Luis Marim\u00f3n Lino Montes, candidato a vereador no distrito de Pueblo Libre, no Peru, agrediu brutalmente o jornalista \u00c1ngel Salazar em uma boate em Miraflores, distrito tur\u00edstico de Lima. Ele depois anunciou que estava abandonando sua candidatura.<\/p>\n<p>\u201cSim, houve uma agress\u00e3o da minha parte mas foi como rea\u00e7\u00e3o a uma agress\u00e3o inicial dele\", afirmou o pol\u00edtico, em cita\u00e7\u00e3o da\u00a0<a href=\"http:\/\/www.rpp.com.pe\/2010-08-02-agresor-de-periodista-angel-salazar-dimite-como-candidato-a-regidor-noticia_284699.html\">RPP<\/a>.<\/p>\n<p>Segundo o site\u00a0<a href=\"http:\/\/www.peru.com\/noticias\/policial20100803\/110818\/Candidato-a-regidor-de-Accion-Popular-desfigura-rostro-a-periodista\">Per\u00fa.com<\/a>, Lino Montes quer evitar que o incidente ganhe contornos pol\u00edticos e afirmou que ir\u00e1 apoiar o tratamento m\u00e9dico do jornalista.<\/p>\n<p><em>Nota do editor: Essa hist\u00f3ria foi publicada originalmente no blog de jornalismo nas Am\u00e9ricas do Centro Knight, o predecessor do LatAm Journalism Review.<\/em><\/p>\n","protected":false},"excerpt":{"rendered":"<p>O jornal\u00a0El Comercio\u00a0informou que Jorge Luis Marim\u00f3n Lino Montes, candidato a vereador no distrito de Pueblo Libre, no Peru, agrediu brutalmente o jornalista \u00c1ngel Salazar em uma boate em Miraflores, distrito tur\u00edstico de Lima. Ele depois anunciou que estava abandonando sua candidatura.<\/p>\n","protected":false},"author":17,"featured_media":0,"comment_status":"closed","ping_status":"closed","sticky":false,"template":"","format":"standard","meta":{"inline_featured_image":false,"footnotes":""},"categories":[1221],"tags":[1534,1597],"coauthors":[],"class_list":["post-64093","post","type-post","status-publish","format-standard","hentry","category-violencia-contra-jornalistas-pt-br","tag-ataques-contra-jornalistas-pt-br","tag-peru-pt-br"],"acf":[],"yoast_head":"<!-- This site is optimized with the Yoast SEO Premium plugin v22.6 (Yoast SEO v27.4) - https:\/\/yoast.com\/product\/yoast-seo-premium-wordpress\/ -->\n<title>Candidato a vereador no Peru renuncia ao admitir que agrediu jornalista - LatAm Journalism Review by the Knight Center<\/title>\n<meta name=\"description\" content=\"Candidato a vereador no Peru renuncia ao admitir que agrediu jornalista Viol\u00eancia contra jornalistas. Latin American Journalism Review by The Knight Center at The University of Texas at Austin.\" \/>\n<meta name=\"robots\" content=\"index, follow, max-snippet:-1, max-image-preview:large, max-video-preview:-1\" \/>\n<link rel=\"canonical\" href=\"https:\/\/latamjournalismreview.org\/pt-br\/articles\/candidato-a-vereador-no-peru-renuncia-ao-admitir-que-agrediu-jornalista\/\" \/>\n<meta property=\"og:locale\" content=\"pt_BR\" \/>\n<meta property=\"og:type\" content=\"article\" \/>\n<meta property=\"og:title\" content=\"Candidato a vereador no Peru renuncia ao admitir que agrediu jornalista\" \/>\n<meta property=\"og:description\" content=\"Candidato a vereador no Peru renuncia ao admitir que agrediu jornalista Viol\u00eancia contra jornalistas. Latin American Journalism Review by The Knight Center at The University of Texas at Austin.\" \/>\n<meta property=\"og:url\" content=\"https:\/\/latamjournalismreview.org\/pt-br\/articles\/candidato-a-vereador-no-peru-renuncia-ao-admitir-que-agrediu-jornalista\/\" \/>\n<meta property=\"og:site_name\" content=\"LatAm Journalism Review by the Knight Center\" \/>\n<meta property=\"article:published_time\" content=\"2010-08-03T14:35:56+00:00\" \/>\n<meta property=\"article:modified_time\" content=\"2022-08-09T14:37:43+00:00\" \/>\n<meta name=\"author\" content=\"Guest\" \/>\n<meta name=\"twitter:card\" content=\"summary_large_image\" \/>\n<meta name=\"twitter:creator\" content=\"@LatAmJournalism\" \/>\n<meta name=\"twitter:site\" content=\"@LatAmJournalism\" \/>\n<meta name=\"twitter:label1\" content=\"Written by\" \/>\n\t<meta name=\"twitter:data1\" content=\"Guest\" \/>\n\t<meta name=\"twitter:label2\" content=\"Est. reading time\" \/>\n\t<meta name=\"twitter:data2\" content=\"1 minuto\" \/>\n<script type=\"application\/ld+json\" class=\"yoast-schema-graph\">{\"@context\":\"https:\\\/\\\/schema.org\",\"@graph\":[{\"@type\":\"Article\",\"@id\":\"https:\\\/\\\/latamjournalismreview.org\\\/pt-br\\\/articles\\\/candidato-a-vereador-no-peru-renuncia-ao-admitir-que-agrediu-jornalista\\\/#article\",\"isPartOf\":{\"@id\":\"https:\\\/\\\/latamjournalismreview.org\\\/pt-br\\\/articles\\\/candidato-a-vereador-no-peru-renuncia-ao-admitir-que-agrediu-jornalista\\\/\"},\"author\":{\"name\":\"Guest\",\"@id\":\"https:\\\/\\\/latamjournalismreview.org\\\/pt-br\\\/#\\\/schema\\\/person\\\/0315202e0b3c0963a2440f1c3012c360\"},\"headline\":\"Candidato a vereador no Peru renuncia ao admitir que agrediu jornalista\",\"datePublished\":\"2010-08-03T14:35:56+00:00\",\"dateModified\":\"2022-08-09T14:37:43+00:00\",\"mainEntityOfPage\":{\"@id\":\"https:\\\/\\\/latamjournalismreview.org\\\/pt-br\\\/articles\\\/candidato-a-vereador-no-peru-renuncia-ao-admitir-que-agrediu-jornalista\\\/\"},\"wordCount\":140,\"publisher\":{\"@id\":\"https:\\\/\\\/latamjournalismreview.org\\\/pt-br\\\/#organization\"},\"keywords\":[\"Ataques contra jornalistas\",\"Peru\"],\"articleSection\":[\"Viol\u00eancia contra jornalistas\"],\"inLanguage\":\"pt-BR\"},{\"@type\":\"WebPage\",\"@id\":\"https:\\\/\\\/latamjournalismreview.org\\\/pt-br\\\/articles\\\/candidato-a-vereador-no-peru-renuncia-ao-admitir-que-agrediu-jornalista\\\/\",\"url\":\"https:\\\/\\\/latamjournalismreview.org\\\/pt-br\\\/articles\\\/candidato-a-vereador-no-peru-renuncia-ao-admitir-que-agrediu-jornalista\\\/\",\"name\":\"Candidato a vereador no Peru renuncia ao admitir que agrediu jornalista - LatAm Journalism Review by the Knight Center\",\"isPartOf\":{\"@id\":\"https:\\\/\\\/latamjournalismreview.org\\\/pt-br\\\/#website\"},\"datePublished\":\"2010-08-03T14:35:56+00:00\",\"dateModified\":\"2022-08-09T14:37:43+00:00\",\"description\":\"Candidato a vereador no Peru renuncia ao admitir que agrediu jornalista Viol\u00eancia contra jornalistas. Latin American Journalism Review by The Knight Center at The University of Texas at Austin.\",\"breadcrumb\":{\"@id\":\"https:\\\/\\\/latamjournalismreview.org\\\/pt-br\\\/articles\\\/candidato-a-vereador-no-peru-renuncia-ao-admitir-que-agrediu-jornalista\\\/#breadcrumb\"},\"inLanguage\":\"pt-BR\",\"potentialAction\":[{\"@type\":\"ReadAction\",\"target\":[\"https:\\\/\\\/latamjournalismreview.org\\\/pt-br\\\/articles\\\/candidato-a-vereador-no-peru-renuncia-ao-admitir-que-agrediu-jornalista\\\/\"]}]},{\"@type\":\"BreadcrumbList\",\"@id\":\"https:\\\/\\\/latamjournalismreview.org\\\/pt-br\\\/articles\\\/candidato-a-vereador-no-peru-renuncia-ao-admitir-que-agrediu-jornalista\\\/#breadcrumb\",\"itemListElement\":[{\"@type\":\"ListItem\",\"position\":1,\"name\":\"Home\",\"item\":\"https:\\\/\\\/latamjournalismreview.org\\\/pt-br\\\/\"},{\"@type\":\"ListItem\",\"position\":2,\"name\":\"Candidato a vereador no Peru renuncia ao admitir que agrediu jornalista\"}]},{\"@type\":\"WebSite\",\"@id\":\"https:\\\/\\\/latamjournalismreview.org\\\/pt-br\\\/#website\",\"url\":\"https:\\\/\\\/latamjournalismreview.org\\\/pt-br\\\/\",\"name\":\"LatAm Journalism Review\",\"description\":\"Digital magazine on journalism in Latin America\",\"publisher\":{\"@id\":\"https:\\\/\\\/latamjournalismreview.org\\\/pt-br\\\/#organization\"},\"potentialAction\":[{\"@type\":\"SearchAction\",\"target\":{\"@type\":\"EntryPoint\",\"urlTemplate\":\"https:\\\/\\\/latamjournalismreview.org\\\/pt-br\\\/?s={search_term_string}\"},\"query-input\":{\"@type\":\"PropertyValueSpecification\",\"valueRequired\":true,\"valueName\":\"search_term_string\"}}],\"inLanguage\":\"pt-BR\"},{\"@type\":\"Organization\",\"@id\":\"https:\\\/\\\/latamjournalismreview.org\\\/pt-br\\\/#organization\",\"name\":\"LatAm Journalism Review\",\"url\":\"https:\\\/\\\/latamjournalismreview.org\\\/pt-br\\\/\",\"logo\":{\"@type\":\"ImageObject\",\"inLanguage\":\"pt-BR\",\"@id\":\"https:\\\/\\\/latamjournalismreview.org\\\/pt-br\\\/#\\\/schema\\\/logo\\\/image\\\/\",\"url\":\"https:\\\/\\\/latamjournalismreview.org\\\/wp-content\\\/uploads\\\/2020\\\/05\\\/knight-latAm-review-logo.svg\",\"contentUrl\":\"https:\\\/\\\/latamjournalismreview.org\\\/wp-content\\\/uploads\\\/2020\\\/05\\\/knight-latAm-review-logo.svg\",\"width\":\"1024\",\"height\":\"1024\",\"caption\":\"LatAm Journalism Review\"},\"image\":{\"@id\":\"https:\\\/\\\/latamjournalismreview.org\\\/pt-br\\\/#\\\/schema\\\/logo\\\/image\\\/\"},\"sameAs\":[\"https:\\\/\\\/x.com\\\/LatAmJournalism\"]},{\"@type\":\"Person\",\"@id\":\"https:\\\/\\\/latamjournalismreview.org\\\/pt-br\\\/#\\\/schema\\\/person\\\/0315202e0b3c0963a2440f1c3012c360\",\"name\":\"Guest\",\"url\":\"https:\\\/\\\/latamjournalismreview.org\\\/pt-br\\\/articles\\\/author\\\/guest\\\/\"}]}<\/script>\n<!-- \/ Yoast SEO Premium plugin. -->","yoast_head_json":{"title":"Candidato a vereador no Peru renuncia ao admitir que agrediu jornalista - LatAm Journalism Review by the Knight Center","description":"Candidato a vereador no Peru renuncia ao admitir que agrediu jornalista Viol\u00eancia contra jornalistas. Latin American Journalism Review by The Knight Center at The University of Texas at Austin.","robots":{"index":"index","follow":"follow","max-snippet":"max-snippet:-1","max-image-preview":"max-image-preview:large","max-video-preview":"max-video-preview:-1"},"canonical":"https:\/\/latamjournalismreview.org\/pt-br\/articles\/candidato-a-vereador-no-peru-renuncia-ao-admitir-que-agrediu-jornalista\/","og_locale":"pt_BR","og_type":"article","og_title":"Candidato a vereador no Peru renuncia ao admitir que agrediu jornalista","og_description":"Candidato a vereador no Peru renuncia ao admitir que agrediu jornalista Viol\u00eancia contra jornalistas. Latin American Journalism Review by The Knight Center at The University of Texas at Austin.","og_url":"https:\/\/latamjournalismreview.org\/pt-br\/articles\/candidato-a-vereador-no-peru-renuncia-ao-admitir-que-agrediu-jornalista\/","og_site_name":"LatAm Journalism Review by the Knight Center","article_published_time":"2010-08-03T14:35:56+00:00","article_modified_time":"2022-08-09T14:37:43+00:00","author":"Guest","twitter_card":"summary_large_image","twitter_creator":"@LatAmJournalism","twitter_site":"@LatAmJournalism","twitter_misc":{"Written by":"Guest","Est. reading time":"1 minuto"},"schema":{"@context":"https:\/\/schema.org","@graph":[{"@type":"Article","@id":"https:\/\/latamjournalismreview.org\/pt-br\/articles\/candidato-a-vereador-no-peru-renuncia-ao-admitir-que-agrediu-jornalista\/#article","isPartOf":{"@id":"https:\/\/latamjournalismreview.org\/pt-br\/articles\/candidato-a-vereador-no-peru-renuncia-ao-admitir-que-agrediu-jornalista\/"},"author":{"name":"Guest","@id":"https:\/\/latamjournalismreview.org\/pt-br\/#\/schema\/person\/0315202e0b3c0963a2440f1c3012c360"},"headline":"Candidato a vereador no Peru renuncia ao admitir que agrediu jornalista","datePublished":"2010-08-03T14:35:56+00:00","dateModified":"2022-08-09T14:37:43+00:00","mainEntityOfPage":{"@id":"https:\/\/latamjournalismreview.org\/pt-br\/articles\/candidato-a-vereador-no-peru-renuncia-ao-admitir-que-agrediu-jornalista\/"},"wordCount":140,"publisher":{"@id":"https:\/\/latamjournalismreview.org\/pt-br\/#organization"},"keywords":["Ataques contra jornalistas","Peru"],"articleSection":["Viol\u00eancia contra jornalistas"],"inLanguage":"pt-BR"},{"@type":"WebPage","@id":"https:\/\/latamjournalismreview.org\/pt-br\/articles\/candidato-a-vereador-no-peru-renuncia-ao-admitir-que-agrediu-jornalista\/","url":"https:\/\/latamjournalismreview.org\/pt-br\/articles\/candidato-a-vereador-no-peru-renuncia-ao-admitir-que-agrediu-jornalista\/","name":"Candidato a vereador no Peru renuncia ao admitir que agrediu jornalista - LatAm Journalism Review by the Knight Center","isPartOf":{"@id":"https:\/\/latamjournalismreview.org\/pt-br\/#website"},"datePublished":"2010-08-03T14:35:56+00:00","dateModified":"2022-08-09T14:37:43+00:00","description":"Candidato a vereador no Peru renuncia ao admitir que agrediu jornalista Viol\u00eancia contra jornalistas. Latin American Journalism Review by The Knight Center at The University of Texas at Austin.","breadcrumb":{"@id":"https:\/\/latamjournalismreview.org\/pt-br\/articles\/candidato-a-vereador-no-peru-renuncia-ao-admitir-que-agrediu-jornalista\/#breadcrumb"},"inLanguage":"pt-BR","potentialAction":[{"@type":"ReadAction","target":["https:\/\/latamjournalismreview.org\/pt-br\/articles\/candidato-a-vereador-no-peru-renuncia-ao-admitir-que-agrediu-jornalista\/"]}]},{"@type":"BreadcrumbList","@id":"https:\/\/latamjournalismreview.org\/pt-br\/articles\/candidato-a-vereador-no-peru-renuncia-ao-admitir-que-agrediu-jornalista\/#breadcrumb","itemListElement":[{"@type":"ListItem","position":1,"name":"Home","item":"https:\/\/latamjournalismreview.org\/pt-br\/"},{"@type":"ListItem","position":2,"name":"Candidato a vereador no Peru renuncia ao admitir que agrediu jornalista"}]},{"@type":"WebSite","@id":"https:\/\/latamjournalismreview.org\/pt-br\/#website","url":"https:\/\/latamjournalismreview.org\/pt-br\/","name":"LatAm Journalism Review","description":"Digital magazine on journalism in Latin America","publisher":{"@id":"https:\/\/latamjournalismreview.org\/pt-br\/#organization"},"potentialAction":[{"@type":"SearchAction","target":{"@type":"EntryPoint","urlTemplate":"https:\/\/latamjournalismreview.org\/pt-br\/?s={search_term_string}"},"query-input":{"@type":"PropertyValueSpecification","valueRequired":true,"valueName":"search_term_string"}}],"inLanguage":"pt-BR"},{"@type":"Organization","@id":"https:\/\/latamjournalismreview.org\/pt-br\/#organization","name":"LatAm Journalism Review","url":"https:\/\/latamjournalismreview.org\/pt-br\/","logo":{"@type":"ImageObject","inLanguage":"pt-BR","@id":"https:\/\/latamjournalismreview.org\/pt-br\/#\/schema\/logo\/image\/","url":"https:\/\/latamjournalismreview.org\/wp-content\/uploads\/2020\/05\/knight-latAm-review-logo.svg","contentUrl":"https:\/\/latamjournalismreview.org\/wp-content\/uploads\/2020\/05\/knight-latAm-review-logo.svg","width":"1024","height":"1024","caption":"LatAm Journalism Review"},"image":{"@id":"https:\/\/latamjournalismreview.org\/pt-br\/#\/schema\/logo\/image\/"},"sameAs":["https:\/\/x.com\/LatAmJournalism"]},{"@type":"Person","@id":"https:\/\/latamjournalismreview.org\/pt-br\/#\/schema\/person\/0315202e0b3c0963a2440f1c3012c360","name":"Guest","url":"https:\/\/latamjournalismreview.org\/pt-br\/articles\/author\/guest\/"}]}},"_links":{"self":[{"href":"https:\/\/latamjournalismreview.org\/pt-br\/wp-json\/wp\/v2\/posts\/64093","targetHints":{"allow":["GET"]}}],"collection":[{"href":"https:\/\/latamjournalismreview.org\/pt-br\/wp-json\/wp\/v2\/posts"}],"about":[{"href":"https:\/\/latamjournalismreview.org\/pt-br\/wp-json\/wp\/v2\/types\/post"}],"author":[{"embeddable":true,"href":"https:\/\/latamjournalismreview.org\/pt-br\/wp-json\/wp\/v2\/users\/17"}],"replies":[{"embeddable":true,"href":"https:\/\/latamjournalismreview.org\/pt-br\/wp-json\/wp\/v2\/comments?post=64093"}],"version-history":[{"count":1,"href":"https:\/\/latamjournalismreview.org\/pt-br\/wp-json\/wp\/v2\/posts\/64093\/revisions"}],"predecessor-version":[{"id":64097,"href":"https:\/\/latamjournalismreview.org\/pt-br\/wp-json\/wp\/v2\/posts\/64093\/revisions\/64097"}],"wp:attachment":[{"href":"https:\/\/latamjournalismreview.org\/pt-br\/wp-json\/wp\/v2\/media?parent=64093"}],"wp:term":[{"taxonomy":"category","embeddable":true,"href":"https:\/\/latamjournalismreview.org\/pt-br\/wp-json\/wp\/v2\/categories?post=64093"},{"taxonomy":"post_tag","embeddable":true,"href":"https:\/\/latamjournalismreview.org\/pt-br\/wp-json\/wp\/v2\/tags?post=64093"},{"taxonomy":"author","embeddable":true,"href":"https:\/\/latamjournalismreview.org\/pt-br\/wp-json\/wp\/v2\/coauthors?post=64093"}],"curies":[{"name":"wp","href":"https:\/\/api.w.org\/{rel}","templated":true}]}}