{"id":64700,"date":"2010-08-26T08:27:03","date_gmt":"2010-08-26T13:27:03","guid":{"rendered":"https:\/\/latamjournalismreview.org\/?p=64700"},"modified":"2022-08-16T08:28:29","modified_gmt":"2022-08-16T13:28:29","slug":"stf-julgara-restricoes-ao-humor-e-a-opiniao-durante-campanha-eleitoral-no-brasil","status":"publish","type":"post","link":"https:\/\/latamjournalismreview.org\/pt-br\/articles\/stf-julgara-restricoes-ao-humor-e-a-opiniao-durante-campanha-eleitoral-no-brasil\/","title":{"rendered":"STF julgar\u00e1 restri\u00e7\u00f5es ao humor e \u00e0 opini\u00e3o durante campanha eleitoral no Brasil"},"content":{"rendered":"<p><em>Por Maira Magro<\/em><\/p>\n<p>A Associa\u00e7\u00e3o Brasileira das Emissoras de R\u00e1dio e Televis\u00e3o (Abert)\u00a0<a href=\"http:\/\/www.abert.org.br\/site\/index.php?option=com_content&amp;view=article&amp;id=2977:abert-ingressa-com-acao-no-stf-contra-restricoes-de-lei-eleitoral&amp;catid=1:noticias&amp;Itemid=29\">decidiu questionar<\/a>\u00a0no Supremo Tribunal Federal (STF) duas restri\u00e7\u00f5es da lei eleitoral: o trecho que pro\u00edbe piadas com pol\u00edticos e outro que impede as emissoras de difundir opini\u00e3o sobre os candidatos ou partidos durante a campanha.<\/p>\n<p>A Abert entrou no STF com uma\u00a0<a href=\"http:\/\/www.stf.jus.br\/portal\/processo\/verProcessoDetalhe.asp?incidente=3938343\">a\u00e7\u00e3o direta de inconstitucionalidade<\/a>\u00a0(Adin) argumentando que as restri\u00e7\u00f5es violam a liberdade de express\u00e3o. O processo pede a suspens\u00e3o imediata dos incisos da\u00a0<a href=\"http:\/\/www.planalto.gov.br\/ccivil_03\/Leis\/L9504.htm\">Lei 9.504\/97<\/a>\u00a0que pro\u00edbem o uso de \u201ctrucagem, montagem ou outro recurso de \u00e1udio ou v\u00eddeo que, de qualquer forma, degradem ou ridicularizem candidato, partido ou coliga\u00e7\u00e3o\u201d, e a difus\u00e3o de \u201copini\u00e3o favor\u00e1vel ou contr\u00e1ria a candidato, partido, coliga\u00e7\u00e3o, a seus \u00f3rg\u00e3os e representantes\u201d em programas de TV ou r\u00e1dio. A Abert diz que as normas provocam \u201cum grave efeito silenciador\u201d.<\/p>\n<p>No domingo,\u00a0<a href=\"http:\/\/knightcenter.utexas.edu\/archive\/blog\/?q=pt-br\/node\/8330\">humoristas fizeram um protesto<\/a>\u00a0no Rio de Janeiro contra as restri\u00e7\u00f5es da lei eleitoral. A ONG Rep\u00f3rteres sem Fronteiras aderiu a um abaixo-assinado organizado pelo grupo e\u00a0<a href=\"http:\/\/es.rsf.org\/brasil-o-direito-a-caricatura-durante-a-25-08-2010,38205.html\">afirmou em um comunicado<\/a>: \u201co direito \u00e0 caricatura e ao humor constitui um pilar fundamental da liberdade de express\u00e3o.\"<\/p>\n<p>Uma comiss\u00e3o de juristas criada pelo Senado est\u00e1 discutindo mudan\u00e7as no C\u00f3digo Eleitoral, e poderia propor mudan\u00e7as \u00e0s restri\u00e7\u00f5es ao humor,\u00a0<a href=\"http:\/\/oglobo.globo.com\/pais\/eleicoes2010\/mat\/2010\/08\/25\/comissao-de-juristas-criada-pelo-senado-esta-discutindo-pontos-polemicos-da-legislacao-eleitoral-917477254.asp\">diz O Globo<\/a>.<\/p>\n<p><em>Nota do editor: Essa hist\u00f3ria foi publicada originalmente no blog de jornalismo nas Am\u00e9ricas do Centro Knight, o predecessor do LatAm Journalism Review.<\/em><\/p>\n","protected":false},"excerpt":{"rendered":"<p>A Associa\u00e7\u00e3o Brasileira das Emissoras de R\u00e1dio e Televis\u00e3o (Abert)\u00a0decidiu questionar\u00a0no Supremo Tribunal Federal (STF) duas restri\u00e7\u00f5es da lei eleitoral: o trecho que pro\u00edbe piadas com pol\u00edticos e outro que impede as emissoras de difundir opini\u00e3o sobre os candidatos ou partidos durante a campanha.<\/p>\n","protected":false},"author":17,"featured_media":0,"comment_status":"closed","ping_status":"closed","sticky":false,"template":"","format":"standard","meta":{"inline_featured_image":false,"footnotes":""},"categories":[1219],"tags":[2050,1546,2051,1562],"coauthors":[],"class_list":["post-64700","post","type-post","status-publish","format-standard","hentry","category-liberdade-de-imprensa-pt-br","tag-censura-pt-br","tag-eleicoes-pt-br","tag-liberdade-de-expressao-pt-br","tag-radio-e-tv-pt-br"],"acf":[],"yoast_head":"<!-- This site is optimized with the Yoast SEO Premium plugin v22.6 (Yoast SEO v27.4) - https:\/\/yoast.com\/product\/yoast-seo-premium-wordpress\/ -->\n<title>STF julgar\u00e1 restri\u00e7\u00f5es ao humor e \u00e0 opini\u00e3o durante campanha eleitoral no Brasil - LatAm Journalism Review by the Knight Center<\/title>\n<meta name=\"description\" content=\"STF julgar\u00e1 restri\u00e7\u00f5es ao humor e \u00e0 opini\u00e3o durante campanha eleitoral no Brasil Liberdade de imprensa. Latin American Journalism Review by The Knight Center at The University of Texas at Austin.\" \/>\n<meta name=\"robots\" content=\"index, follow, max-snippet:-1, max-image-preview:large, max-video-preview:-1\" \/>\n<link rel=\"canonical\" href=\"https:\/\/latamjournalismreview.org\/pt-br\/articles\/stf-julgara-restricoes-ao-humor-e-a-opiniao-durante-campanha-eleitoral-no-brasil\/\" \/>\n<meta property=\"og:locale\" content=\"pt_BR\" \/>\n<meta property=\"og:type\" content=\"article\" \/>\n<meta property=\"og:title\" content=\"STF julgar\u00e1 restri\u00e7\u00f5es ao humor e \u00e0 opini\u00e3o durante campanha eleitoral no Brasil\" \/>\n<meta property=\"og:description\" content=\"STF julgar\u00e1 restri\u00e7\u00f5es ao humor e \u00e0 opini\u00e3o durante campanha eleitoral no Brasil Liberdade de imprensa. Latin American Journalism Review by The Knight Center at The University of Texas at Austin.\" \/>\n<meta property=\"og:url\" content=\"https:\/\/latamjournalismreview.org\/pt-br\/articles\/stf-julgara-restricoes-ao-humor-e-a-opiniao-durante-campanha-eleitoral-no-brasil\/\" \/>\n<meta property=\"og:site_name\" content=\"LatAm Journalism Review by the Knight Center\" \/>\n<meta property=\"article:published_time\" content=\"2010-08-26T13:27:03+00:00\" \/>\n<meta property=\"article:modified_time\" content=\"2022-08-16T13:28:29+00:00\" \/>\n<meta name=\"author\" content=\"Guest\" \/>\n<meta name=\"twitter:card\" content=\"summary_large_image\" \/>\n<meta name=\"twitter:creator\" content=\"@LatAmJournalism\" \/>\n<meta name=\"twitter:site\" content=\"@LatAmJournalism\" \/>\n<meta name=\"twitter:label1\" content=\"Written by\" \/>\n\t<meta name=\"twitter:data1\" content=\"Guest\" \/>\n\t<meta name=\"twitter:label2\" content=\"Est. reading time\" \/>\n\t<meta name=\"twitter:data2\" content=\"1 minuto\" \/>\n<script type=\"application\/ld+json\" class=\"yoast-schema-graph\">{\"@context\":\"https:\\\/\\\/schema.org\",\"@graph\":[{\"@type\":\"Article\",\"@id\":\"https:\\\/\\\/latamjournalismreview.org\\\/pt-br\\\/articles\\\/stf-julgara-restricoes-ao-humor-e-a-opiniao-durante-campanha-eleitoral-no-brasil\\\/#article\",\"isPartOf\":{\"@id\":\"https:\\\/\\\/latamjournalismreview.org\\\/pt-br\\\/articles\\\/stf-julgara-restricoes-ao-humor-e-a-opiniao-durante-campanha-eleitoral-no-brasil\\\/\"},\"author\":{\"name\":\"Guest\",\"@id\":\"https:\\\/\\\/latamjournalismreview.org\\\/pt-br\\\/#\\\/schema\\\/person\\\/0315202e0b3c0963a2440f1c3012c360\"},\"headline\":\"STF julgar\u00e1 restri\u00e7\u00f5es ao humor e \u00e0 opini\u00e3o durante campanha eleitoral no Brasil\",\"datePublished\":\"2010-08-26T13:27:03+00:00\",\"dateModified\":\"2022-08-16T13:28:29+00:00\",\"mainEntityOfPage\":{\"@id\":\"https:\\\/\\\/latamjournalismreview.org\\\/pt-br\\\/articles\\\/stf-julgara-restricoes-ao-humor-e-a-opiniao-durante-campanha-eleitoral-no-brasil\\\/\"},\"wordCount\":278,\"publisher\":{\"@id\":\"https:\\\/\\\/latamjournalismreview.org\\\/pt-br\\\/#organization\"},\"keywords\":[\"Censura\",\"Elei\u00e7\u00f5es\",\"Liberdade de express\u00e3o\",\"R\u00e1dio e TV\"],\"articleSection\":[\"Liberdade de imprensa\"],\"inLanguage\":\"pt-BR\"},{\"@type\":\"WebPage\",\"@id\":\"https:\\\/\\\/latamjournalismreview.org\\\/pt-br\\\/articles\\\/stf-julgara-restricoes-ao-humor-e-a-opiniao-durante-campanha-eleitoral-no-brasil\\\/\",\"url\":\"https:\\\/\\\/latamjournalismreview.org\\\/pt-br\\\/articles\\\/stf-julgara-restricoes-ao-humor-e-a-opiniao-durante-campanha-eleitoral-no-brasil\\\/\",\"name\":\"STF julgar\u00e1 restri\u00e7\u00f5es ao humor e \u00e0 opini\u00e3o durante campanha eleitoral no Brasil - LatAm Journalism Review by the Knight Center\",\"isPartOf\":{\"@id\":\"https:\\\/\\\/latamjournalismreview.org\\\/pt-br\\\/#website\"},\"datePublished\":\"2010-08-26T13:27:03+00:00\",\"dateModified\":\"2022-08-16T13:28:29+00:00\",\"description\":\"STF julgar\u00e1 restri\u00e7\u00f5es ao humor e \u00e0 opini\u00e3o durante campanha eleitoral no Brasil Liberdade de imprensa. Latin American Journalism Review by The Knight Center at The University of Texas at Austin.\",\"breadcrumb\":{\"@id\":\"https:\\\/\\\/latamjournalismreview.org\\\/pt-br\\\/articles\\\/stf-julgara-restricoes-ao-humor-e-a-opiniao-durante-campanha-eleitoral-no-brasil\\\/#breadcrumb\"},\"inLanguage\":\"pt-BR\",\"potentialAction\":[{\"@type\":\"ReadAction\",\"target\":[\"https:\\\/\\\/latamjournalismreview.org\\\/pt-br\\\/articles\\\/stf-julgara-restricoes-ao-humor-e-a-opiniao-durante-campanha-eleitoral-no-brasil\\\/\"]}]},{\"@type\":\"BreadcrumbList\",\"@id\":\"https:\\\/\\\/latamjournalismreview.org\\\/pt-br\\\/articles\\\/stf-julgara-restricoes-ao-humor-e-a-opiniao-durante-campanha-eleitoral-no-brasil\\\/#breadcrumb\",\"itemListElement\":[{\"@type\":\"ListItem\",\"position\":1,\"name\":\"Home\",\"item\":\"https:\\\/\\\/latamjournalismreview.org\\\/pt-br\\\/\"},{\"@type\":\"ListItem\",\"position\":2,\"name\":\"STF julgar\u00e1 restri\u00e7\u00f5es ao humor e \u00e0 opini\u00e3o durante campanha eleitoral no Brasil\"}]},{\"@type\":\"WebSite\",\"@id\":\"https:\\\/\\\/latamjournalismreview.org\\\/pt-br\\\/#website\",\"url\":\"https:\\\/\\\/latamjournalismreview.org\\\/pt-br\\\/\",\"name\":\"LatAm Journalism Review\",\"description\":\"Digital magazine on journalism in Latin America\",\"publisher\":{\"@id\":\"https:\\\/\\\/latamjournalismreview.org\\\/pt-br\\\/#organization\"},\"potentialAction\":[{\"@type\":\"SearchAction\",\"target\":{\"@type\":\"EntryPoint\",\"urlTemplate\":\"https:\\\/\\\/latamjournalismreview.org\\\/pt-br\\\/?s={search_term_string}\"},\"query-input\":{\"@type\":\"PropertyValueSpecification\",\"valueRequired\":true,\"valueName\":\"search_term_string\"}}],\"inLanguage\":\"pt-BR\"},{\"@type\":\"Organization\",\"@id\":\"https:\\\/\\\/latamjournalismreview.org\\\/pt-br\\\/#organization\",\"name\":\"LatAm Journalism Review\",\"url\":\"https:\\\/\\\/latamjournalismreview.org\\\/pt-br\\\/\",\"logo\":{\"@type\":\"ImageObject\",\"inLanguage\":\"pt-BR\",\"@id\":\"https:\\\/\\\/latamjournalismreview.org\\\/pt-br\\\/#\\\/schema\\\/logo\\\/image\\\/\",\"url\":\"https:\\\/\\\/latamjournalismreview.org\\\/wp-content\\\/uploads\\\/2020\\\/05\\\/knight-latAm-review-logo.svg\",\"contentUrl\":\"https:\\\/\\\/latamjournalismreview.org\\\/wp-content\\\/uploads\\\/2020\\\/05\\\/knight-latAm-review-logo.svg\",\"width\":\"1024\",\"height\":\"1024\",\"caption\":\"LatAm Journalism Review\"},\"image\":{\"@id\":\"https:\\\/\\\/latamjournalismreview.org\\\/pt-br\\\/#\\\/schema\\\/logo\\\/image\\\/\"},\"sameAs\":[\"https:\\\/\\\/x.com\\\/LatAmJournalism\"]},{\"@type\":\"Person\",\"@id\":\"https:\\\/\\\/latamjournalismreview.org\\\/pt-br\\\/#\\\/schema\\\/person\\\/0315202e0b3c0963a2440f1c3012c360\",\"name\":\"Guest\",\"url\":\"https:\\\/\\\/latamjournalismreview.org\\\/pt-br\\\/articles\\\/author\\\/guest\\\/\"}]}<\/script>\n<!-- \/ Yoast SEO Premium plugin. -->","yoast_head_json":{"title":"STF julgar\u00e1 restri\u00e7\u00f5es ao humor e \u00e0 opini\u00e3o durante campanha eleitoral no Brasil - LatAm Journalism Review by the Knight Center","description":"STF julgar\u00e1 restri\u00e7\u00f5es ao humor e \u00e0 opini\u00e3o durante campanha eleitoral no Brasil Liberdade de imprensa. Latin American Journalism Review by The Knight Center at The University of Texas at Austin.","robots":{"index":"index","follow":"follow","max-snippet":"max-snippet:-1","max-image-preview":"max-image-preview:large","max-video-preview":"max-video-preview:-1"},"canonical":"https:\/\/latamjournalismreview.org\/pt-br\/articles\/stf-julgara-restricoes-ao-humor-e-a-opiniao-durante-campanha-eleitoral-no-brasil\/","og_locale":"pt_BR","og_type":"article","og_title":"STF julgar\u00e1 restri\u00e7\u00f5es ao humor e \u00e0 opini\u00e3o durante campanha eleitoral no Brasil","og_description":"STF julgar\u00e1 restri\u00e7\u00f5es ao humor e \u00e0 opini\u00e3o durante campanha eleitoral no Brasil Liberdade de imprensa. Latin American Journalism Review by The Knight Center at The University of Texas at Austin.","og_url":"https:\/\/latamjournalismreview.org\/pt-br\/articles\/stf-julgara-restricoes-ao-humor-e-a-opiniao-durante-campanha-eleitoral-no-brasil\/","og_site_name":"LatAm Journalism Review by the Knight Center","article_published_time":"2010-08-26T13:27:03+00:00","article_modified_time":"2022-08-16T13:28:29+00:00","author":"Guest","twitter_card":"summary_large_image","twitter_creator":"@LatAmJournalism","twitter_site":"@LatAmJournalism","twitter_misc":{"Written by":"Guest","Est. reading time":"1 minuto"},"schema":{"@context":"https:\/\/schema.org","@graph":[{"@type":"Article","@id":"https:\/\/latamjournalismreview.org\/pt-br\/articles\/stf-julgara-restricoes-ao-humor-e-a-opiniao-durante-campanha-eleitoral-no-brasil\/#article","isPartOf":{"@id":"https:\/\/latamjournalismreview.org\/pt-br\/articles\/stf-julgara-restricoes-ao-humor-e-a-opiniao-durante-campanha-eleitoral-no-brasil\/"},"author":{"name":"Guest","@id":"https:\/\/latamjournalismreview.org\/pt-br\/#\/schema\/person\/0315202e0b3c0963a2440f1c3012c360"},"headline":"STF julgar\u00e1 restri\u00e7\u00f5es ao humor e \u00e0 opini\u00e3o durante campanha eleitoral no Brasil","datePublished":"2010-08-26T13:27:03+00:00","dateModified":"2022-08-16T13:28:29+00:00","mainEntityOfPage":{"@id":"https:\/\/latamjournalismreview.org\/pt-br\/articles\/stf-julgara-restricoes-ao-humor-e-a-opiniao-durante-campanha-eleitoral-no-brasil\/"},"wordCount":278,"publisher":{"@id":"https:\/\/latamjournalismreview.org\/pt-br\/#organization"},"keywords":["Censura","Elei\u00e7\u00f5es","Liberdade de express\u00e3o","R\u00e1dio e TV"],"articleSection":["Liberdade de imprensa"],"inLanguage":"pt-BR"},{"@type":"WebPage","@id":"https:\/\/latamjournalismreview.org\/pt-br\/articles\/stf-julgara-restricoes-ao-humor-e-a-opiniao-durante-campanha-eleitoral-no-brasil\/","url":"https:\/\/latamjournalismreview.org\/pt-br\/articles\/stf-julgara-restricoes-ao-humor-e-a-opiniao-durante-campanha-eleitoral-no-brasil\/","name":"STF julgar\u00e1 restri\u00e7\u00f5es ao humor e \u00e0 opini\u00e3o durante campanha eleitoral no Brasil - LatAm Journalism Review by the Knight Center","isPartOf":{"@id":"https:\/\/latamjournalismreview.org\/pt-br\/#website"},"datePublished":"2010-08-26T13:27:03+00:00","dateModified":"2022-08-16T13:28:29+00:00","description":"STF julgar\u00e1 restri\u00e7\u00f5es ao humor e \u00e0 opini\u00e3o durante campanha eleitoral no Brasil Liberdade de imprensa. Latin American Journalism Review by The Knight Center at The University of Texas at Austin.","breadcrumb":{"@id":"https:\/\/latamjournalismreview.org\/pt-br\/articles\/stf-julgara-restricoes-ao-humor-e-a-opiniao-durante-campanha-eleitoral-no-brasil\/#breadcrumb"},"inLanguage":"pt-BR","potentialAction":[{"@type":"ReadAction","target":["https:\/\/latamjournalismreview.org\/pt-br\/articles\/stf-julgara-restricoes-ao-humor-e-a-opiniao-durante-campanha-eleitoral-no-brasil\/"]}]},{"@type":"BreadcrumbList","@id":"https:\/\/latamjournalismreview.org\/pt-br\/articles\/stf-julgara-restricoes-ao-humor-e-a-opiniao-durante-campanha-eleitoral-no-brasil\/#breadcrumb","itemListElement":[{"@type":"ListItem","position":1,"name":"Home","item":"https:\/\/latamjournalismreview.org\/pt-br\/"},{"@type":"ListItem","position":2,"name":"STF julgar\u00e1 restri\u00e7\u00f5es ao humor e \u00e0 opini\u00e3o durante campanha eleitoral no Brasil"}]},{"@type":"WebSite","@id":"https:\/\/latamjournalismreview.org\/pt-br\/#website","url":"https:\/\/latamjournalismreview.org\/pt-br\/","name":"LatAm Journalism Review","description":"Digital magazine on journalism in Latin America","publisher":{"@id":"https:\/\/latamjournalismreview.org\/pt-br\/#organization"},"potentialAction":[{"@type":"SearchAction","target":{"@type":"EntryPoint","urlTemplate":"https:\/\/latamjournalismreview.org\/pt-br\/?s={search_term_string}"},"query-input":{"@type":"PropertyValueSpecification","valueRequired":true,"valueName":"search_term_string"}}],"inLanguage":"pt-BR"},{"@type":"Organization","@id":"https:\/\/latamjournalismreview.org\/pt-br\/#organization","name":"LatAm Journalism Review","url":"https:\/\/latamjournalismreview.org\/pt-br\/","logo":{"@type":"ImageObject","inLanguage":"pt-BR","@id":"https:\/\/latamjournalismreview.org\/pt-br\/#\/schema\/logo\/image\/","url":"https:\/\/latamjournalismreview.org\/wp-content\/uploads\/2020\/05\/knight-latAm-review-logo.svg","contentUrl":"https:\/\/latamjournalismreview.org\/wp-content\/uploads\/2020\/05\/knight-latAm-review-logo.svg","width":"1024","height":"1024","caption":"LatAm Journalism Review"},"image":{"@id":"https:\/\/latamjournalismreview.org\/pt-br\/#\/schema\/logo\/image\/"},"sameAs":["https:\/\/x.com\/LatAmJournalism"]},{"@type":"Person","@id":"https:\/\/latamjournalismreview.org\/pt-br\/#\/schema\/person\/0315202e0b3c0963a2440f1c3012c360","name":"Guest","url":"https:\/\/latamjournalismreview.org\/pt-br\/articles\/author\/guest\/"}]}},"_links":{"self":[{"href":"https:\/\/latamjournalismreview.org\/pt-br\/wp-json\/wp\/v2\/posts\/64700","targetHints":{"allow":["GET"]}}],"collection":[{"href":"https:\/\/latamjournalismreview.org\/pt-br\/wp-json\/wp\/v2\/posts"}],"about":[{"href":"https:\/\/latamjournalismreview.org\/pt-br\/wp-json\/wp\/v2\/types\/post"}],"author":[{"embeddable":true,"href":"https:\/\/latamjournalismreview.org\/pt-br\/wp-json\/wp\/v2\/users\/17"}],"replies":[{"embeddable":true,"href":"https:\/\/latamjournalismreview.org\/pt-br\/wp-json\/wp\/v2\/comments?post=64700"}],"version-history":[{"count":1,"href":"https:\/\/latamjournalismreview.org\/pt-br\/wp-json\/wp\/v2\/posts\/64700\/revisions"}],"predecessor-version":[{"id":64704,"href":"https:\/\/latamjournalismreview.org\/pt-br\/wp-json\/wp\/v2\/posts\/64700\/revisions\/64704"}],"wp:attachment":[{"href":"https:\/\/latamjournalismreview.org\/pt-br\/wp-json\/wp\/v2\/media?parent=64700"}],"wp:term":[{"taxonomy":"category","embeddable":true,"href":"https:\/\/latamjournalismreview.org\/pt-br\/wp-json\/wp\/v2\/categories?post=64700"},{"taxonomy":"post_tag","embeddable":true,"href":"https:\/\/latamjournalismreview.org\/pt-br\/wp-json\/wp\/v2\/tags?post=64700"},{"taxonomy":"author","embeddable":true,"href":"https:\/\/latamjournalismreview.org\/pt-br\/wp-json\/wp\/v2\/coauthors?post=64700"}],"curies":[{"name":"wp","href":"https:\/\/api.w.org\/{rel}","templated":true}]}}