{"id":64714,"date":"2022-08-16T08:44:29","date_gmt":"2022-08-16T13:44:29","guid":{"rendered":"https:\/\/latamjournalismreview.org\/?p=64714"},"modified":"2022-08-16T08:50:32","modified_gmt":"2022-08-16T13:50:32","slug":"iniciativa-da-oea-centro-de-integridade-de-midia-das-americas-quer-investir-em-jornalistas-para-fortalecer-democracia","status":"publish","type":"post","link":"https:\/\/latamjournalismreview.org\/pt-br\/articles\/iniciativa-da-oea-centro-de-integridade-de-midia-das-americas-quer-investir-em-jornalistas-para-fortalecer-democracia\/","title":{"rendered":"Iniciativa da OEA, Centro de Integridade de M\u00eddia das Am\u00e9ricas quer investir em jornalistas para fortalecer democracia"},"content":{"rendered":"<p>Consciente de que desinforma\u00e7\u00e3o generalizada e\u00a0amea\u00e7as \u00e0 liberdade de imprensa representam\u00a0amea\u00e7as \u00e0 democracia, a Secretaria-Geral da Organiza\u00e7\u00e3o dos Estados Americanos (OEA) lan\u00e7ou uma iniciativa para apoiar o jornalismo independente e o acesso \u00e0 informa\u00e7\u00e3o qualificada na regi\u00e3o. O Centro de Integridade de M\u00eddia das Am\u00e9ricas pretende investir na forma\u00e7\u00e3o e no trabalho de jornalistas como meio de fortalecimento das democracias americanas, e planeja sua primeira atividade, uma confer\u00eancia em Washington D.C., para setembro.<\/p>\n<p>O Centro foi anunciado por Luis Almagro, secret\u00e1rio-geral da OEA, durante a mais recente C\u00fapula das Am\u00e9ricas, que aconteceu em Los Angeles, nos Estados Unidos, no come\u00e7o de junho. O jornal\u00a0<a href=\"https:\/\/www.washingtonpost.com\/\">Washington Post<\/a> e a\u00a0<a href=\"https:\/\/fundaciongabo.org\/es\">Funda\u00e7\u00e3o Gabo<\/a> s\u00e3o s\u00f3cios fundadores do Centro, \u201cfazendo parte do\u00a0<a href=\"https:\/\/www.oas.org\/documents\/spa\/press\/CMI-Board-of-advisors-consolidated-07.06.22.pdf\">Conselho Consultivo<\/a> e como centros de convoca\u00e7\u00e3o, possivelmente sediando atividades futuras\u201d, segundo o\u00a0<a href=\"https:\/\/www.oas.org\/pt\/centro_midia\/nota_imprensa.asp?sCodigo=P-029\/22\">comunicado de imprensa<\/a> sobre o an\u00fancio da iniciativa.<\/p>\n<div id=\"attachment_64757\" style=\"width: 310px\" class=\"wp-caption alignleft\"><img loading=\"lazy\" decoding=\"async\" aria-describedby=\"caption-attachment-64757\" class=\"wp-image-64757 size-medium\" src=\"https:\/\/latamjournalismreview.org\/wp-content\/uploads\/2022\/08\/AlmagroOEA-300x200.jpg\" alt=\"Luis Almagro, OAS Secretary-General\" width=\"300\" height=\"200\" srcset=\"https:\/\/latamjournalismreview.org\/wp-content\/uploads\/2022\/08\/AlmagroOEA-300x200.jpg 300w, https:\/\/latamjournalismreview.org\/wp-content\/uploads\/2022\/08\/AlmagroOEA-768x512.jpg 768w, https:\/\/latamjournalismreview.org\/wp-content\/uploads\/2022\/08\/AlmagroOEA-507x340.jpg 507w, https:\/\/latamjournalismreview.org\/wp-content\/uploads\/2022\/08\/AlmagroOEA-350x234.jpg 350w, https:\/\/latamjournalismreview.org\/wp-content\/uploads\/2022\/08\/AlmagroOEA.jpg 799w\" sizes=\"auto, (max-width: 300px) 100vw, 300px\" \/><p id=\"caption-attachment-64757\" class=\"wp-caption-text\">Luis Almagro, Secret\u00e1rio-Geral da OEA. (Foto: Juan Manuel Herrera\/OEA)<\/p><\/div>\n<p>O comunicado tamb\u00e9m afirma que o Centro \u201cser\u00e1 inteiramente financiado por doa\u00e7\u00f5es volunt\u00e1rias dos setores privado, acad\u00eamico, da sociedade civil e filantr\u00f3pico\u201d e que, embora esteja sendo lan\u00e7ado como um projeto da Secretaria-Geral da OEA, em breve se tornar\u00e1 uma organiza\u00e7\u00e3o independente sem fins lucrativos. O Centro, portanto, n\u00e3o receber\u00e1 dinheiro de Estados-membros da OEA.<\/p>\n<p>O primeiro diretor-executivo do Centro \u00e9 o ex-embaixador dos EUA no Panam\u00e1 John Feeley, diplomata com anos de trabalho em pa\u00edses latino-americanos e caribenhos.<\/p>\n<p>\u201cBasicamente, o que vimos foi um ambiente midi\u00e1tico em todo o hemisf\u00e9rio \u2013 Estados Unidos, Am\u00e9rica Latina e Caribe \u2013 no qual polariza\u00e7\u00e3o, desinforma\u00e7\u00e3o e press\u00f5es sobre os jornalistas estavam aumentando significativamente\u201d, disse Feeley \u00e0\u00a0<strong>LatAm Journalism Review (LJR)<\/strong>. \u201cIsso obviamente tem um efeito negativo na qualidade das democracias. As liberdades de imprensa e de express\u00e3o, de uma forma ou de outra, est\u00e3o arraigadas nas Constitui\u00e7\u00f5es ou nas pr\u00e1ticas de todas as democracias vibrantes, e muito francamente, na \u00faltima d\u00e9cada, o que temos visto \u00e9 um encolhimento deste espa\u00e7o e uma press\u00e3o sobre este espa\u00e7o.\u201d<\/p>\n<p>Segundo ele, desde a OEA decidiu-se oferecer uma contribui\u00e7\u00e3o \u201cpara combater este ambiente midi\u00e1tico cada vez mais preocupante e que tem tido um efeito t\u00e3o negativo no jornalismo de qualidade\u201d.<\/p>\n<p>\u201cO que faremos \u00e9 fortalecer o capital humano, os pr\u00f3prios jornalistas que v\u00e3o escrever as reportagens investigativas em todas as plataformas, n\u00e3o importa se \u00e9 jornalismo escrito, podcasts, transmiss\u00e3o ao vivo, jornais digitais online, etc. O meio n\u00e3o \u00e9 importante. O que \u00e9 importante \u00e9 essa palavra em nosso t\u00edtulo: integridade. Que os jornalistas reportem o que est\u00e1 acontecendo com integridade e com altos padr\u00f5es jornal\u00edsticos\u201d, disse o diretor-executivo do Centro.<\/p>\n<p>Uma das linhas de atua\u00e7\u00e3o do Centro ser\u00e1 a realiza\u00e7\u00e3o de confer\u00eancias, disse Feeley, e a primeira atividade que est\u00e1 sendo planejada \u00e9 justamente uma confer\u00eancia a ser realizada em setembro, em Washington, D.C., capital dos EUA e cidade que abriga a sede da OEA.<\/p>\n<p>\u201c[A confer\u00eancia] ser\u00e1 intitulada \u2018Exilados, mas n\u00e3o silenciados\u2019, e planejamos receber v\u00e1rios jornalistas da Am\u00e9rica Latina e do Caribe que tiveram que deixar seus pa\u00edses de origem por terem sido amea\u00e7ados por governos ou por outros atores na sociedade, o que fez com que n\u00e3o seja mais seguro para eles exercer a profiss\u00e3o de jornalista em seu pa\u00eds\u201d, disse Feeley.<\/p>\n<div id=\"attachment_64760\" style=\"width: 156px\" class=\"wp-caption alignright\"><img loading=\"lazy\" decoding=\"async\" aria-describedby=\"caption-attachment-64760\" class=\"wp-image-64760 size-medium\" src=\"https:\/\/latamjournalismreview.org\/wp-content\/uploads\/2022\/08\/JohnFeeley-146x300.jpeg\" alt=\"John Feeley, executive-director of the Center for Media Integrity of the Americas\" width=\"146\" height=\"300\" srcset=\"https:\/\/latamjournalismreview.org\/wp-content\/uploads\/2022\/08\/JohnFeeley-146x300.jpeg 146w, https:\/\/latamjournalismreview.org\/wp-content\/uploads\/2022\/08\/JohnFeeley.jpeg 360w\" sizes=\"auto, (max-width: 146px) 100vw, 146px\" \/><p id=\"caption-attachment-64760\" class=\"wp-caption-text\">John Feeley, diretor-executivo do Centro de Integridade de M\u00eddia das Am\u00e9ricas. (Arquivo pessoal)<\/p><\/div>\n<p>O Centro pretende realizar uma s\u00e9rie de eventos para chamar a aten\u00e7\u00e3o para quest\u00f5es relacionadas \u00e0 liberdade de imprensa e ao jornalismo de qualidade, disse o diretor da iniciativa. Ele tamb\u00e9m destacou que o Centro est\u00e1 \u201cestreitamente coordenado\u201d com a Relatoria Especial para a Liberdade de Express\u00e3o (RELE) da Comiss\u00e3o Interamericana de Direitos Humanos (CIDH), principal \u00f3rg\u00e3o da OEA. O advogado colombiano Pedro Vaca, atual Relator Especial para a Liberdade de Express\u00e3o da CIDH, \u00e9 tamb\u00e9m membro do\u00a0<a href=\"https:\/\/www.oas.org\/documents\/spa\/press\/CMI-Board-of-advisors-consolidated-07.06.22.pdf\">Conselho Consultivo<\/a> do novo Centro.<\/p>\n<h3>Forma\u00e7\u00e3o e bolsas para jornalistas<\/h3>\n<p>O Centro pretende ajudar a fortalecer os jornalistas da regi\u00e3o por meio de semin\u00e1rios de capacita\u00e7\u00e3o e apoio \u00e0 produ\u00e7\u00e3o de investiga\u00e7\u00f5es jornal\u00edsticas. A inten\u00e7\u00e3o \u00e9 promover de maneira recorrente semin\u00e1rios de jornalismo liderados pela Faculdade de Jornalismo Philip Merrill da Universidade de Maryland, parceira estrat\u00e9gica do Centro. Segundo Feeley, tais semin\u00e1rios ter\u00e3o dura\u00e7\u00e3o de uma semana e receber\u00e3o entre 10 e 15 jornalistas e \u201cpossivelmente influenciadores de redes sociais\u201d das Am\u00e9ricas. \u201cVamos desenvolver um curr\u00edculo de semin\u00e1rios para n\u00e3o apenas revisar as melhores pr\u00e1ticas e como conduzir um jornalismo de alta qualidade, mas tamb\u00e9m para proporcionar\u00a0<i>networking<\/i> para essas pessoas\u201d, disse ele.<\/p>\n<p>Outra forma de apoio aos jornalistas da regi\u00e3o ser\u00e1 o oferecimento de bolsas de incentivo \u00e0 produ\u00e7\u00e3o de projetos jornal\u00edsticos. \u201cA ideia \u00e9 poder dar a um jornalista que j\u00e1 esteja trabalhando em determinado meio, ou talvez at\u00e9 mesmo um jornalista freelancer, de seis a 12 meses de dinheiro, basicamente, que lhe permita viver e produzir a investiga\u00e7\u00e3o que realmente o move, que o motiva, que ele considera importante compartilhar com os cidad\u00e3os de seu pa\u00eds para que eles tenham melhor informa\u00e7\u00e3o sobre o que est\u00e1 acontecendo ao seu redor\u201d, explicou Feeley.<\/p>\n<p>O Centro tamb\u00e9m espera oferecer aos jornalistas mentorias com alguns dos 31 profissionais que formam seu\u00a0<a href=\"https:\/\/www.oas.org\/documents\/spa\/press\/CMI-Board-of-advisors-consolidated-07.06.22.pdf\">Conselho Consultivo<\/a>. De acordo com Feeley, o Conselho est\u00e1 formado por \u201cpessoas que t\u00eam uma longa experi\u00eancia no jornalismo ou na comunica\u00e7\u00e3o, caracterizada por sua integridade\u201d.<\/p>\n<p>Os membros do Conselho Consultivo ser\u00e3o \u201cnossos olhos e ouvidos na regi\u00e3o\u201d, disse o diretor do Centro. \u201cEles v\u00e3o nos ajudar a selecionar os participantes dos semin\u00e1rios, atuar como jurados na sele\u00e7\u00e3o das pessoas que vamos incentivar com nossas bolsas, e finalmente e talvez mais importante, eles v\u00e3o servir como mentores.\u201d<\/p>\n<p>Segundo Feeley, os jornalistas que receber\u00e3o as bolsas \u201cpoder\u00e3o contatar o Conselho Consultivo para pedir ajuda e apoio, para conversar com algu\u00e9m que j\u00e1 passou por aquilo, que sabe como fazer e que pode encoraj\u00e1-los e ajud\u00e1-los concretamente no desenvolvimento do produto final de sua investiga\u00e7\u00e3o\u201d.<\/p>\n<h3>Influenciadores digitais como aliados do jornalismo<\/h3>\n<p>Um dos membros do Conselho Consultivo \u00e9 Jaime Abello, diretor e co-fundador da Funda\u00e7\u00e3o Gabo, s\u00f3cia fundadora da iniciativa. Segundo ele, o Centro \u201cvai servir, pela pr\u00f3pria natureza da organiza\u00e7\u00e3o que o respalda e que o promove, que \u00e9 a OEA, como ponto de encontro de l\u00edderes do jornalismo e da comunica\u00e7\u00e3o com outros setores, especialmente com setores da pol\u00edtica, dos governos. Tudo isso em fun\u00e7\u00e3o da ideia de um jornalismo independente, de um jornalismo que esteja do lado do p\u00fablico, dos cidad\u00e3os, que esteja a servi\u00e7o da informa\u00e7\u00e3o baseada em fatos verificados\u201d, disse Abello \u00e0\u00a0<strong>LJR<\/strong>.<\/p>\n<p>Abello tamb\u00e9m destacou que \u201ch\u00e1 de se notar que n\u00e3o apenas se vai trabalhar, segundo se pensou inicialmente, com jornalistas profissionais no sentido cl\u00e1ssico, mas tamb\u00e9m com esta nova modalidade, digamos, de lideran\u00e7a comunicativa que representam os chamados\u00a0<i>influencers<\/i> das redes sociais\u201d.<\/p>\n<p>De fato, uma das preocupa\u00e7\u00f5es que deu origem ao Centro \u00e9 a amea\u00e7a \u00e0 democracia representada por \u201catores mal-intencionados que fazem uso indevido das muitas tecnologias de comunica\u00e7\u00e3o atualmente \u00e0 nossa disposi\u00e7\u00e3o para espalhar desinforma\u00e7\u00e3o e informa\u00e7\u00f5es intencionalmente erradas, para promover seus interesses a qualquer custo\u201d,\u00a0<a href=\"https:\/\/www.oas.org\/pt\/centro_midia\/nota_imprensa.asp?sCodigo=P-029\/22\">conforme expressou o secret\u00e1rio-geral da OEA no lan\u00e7amento da iniciativa<\/a>.<\/p>\n<p>Assim, embora este seja um programa centrado no jornalismo, disse Feeley, \u201cinfluenciadores que tenham demonstrado uma disposi\u00e7\u00e3o para falar sobre quest\u00f5es de interesse p\u00fablico, pessoas que estejam mais envolvidas em comentar as atuais din\u00e2micas sociais, econ\u00f4micas e pol\u00edticas nos pa\u00edses onde tenham seus seguidores\u201d, tamb\u00e9m podem ser convidados a participar dos semin\u00e1rios formativos.<\/p>\n<h3>Controv\u00e9rsia com profissionais do Caribe<\/h3>\n<p>Em 16 de junho, dias ap\u00f3s o lan\u00e7amento oficial do Centro, a Associa\u00e7\u00e3o de Profissionais de M\u00eddia do Caribe (ACM, na sigla em ingl\u00eas) divulgou uma\u00a0<a href=\"https:\/\/acmpress.org\/2022\/06\/20\/oas\/\">carta aberta endere\u00e7ada ao secret\u00e1rio-geral da OEA\u00a0<\/a>expressando preocupa\u00e7\u00e3o pela suposta exclus\u00e3o de comunicadores caribenhos da iniciativa.<\/p>\n<p>\u201cReconhecemos o valor do contexto hemisf\u00e9rico conforme delineado\u201d na\u00a0<a href=\"https:\/\/www.oas.org\/pt\/centro_midia\/nota_imprensa.asp?sCodigo=DP-006\/22\">ficha informativa<\/a> da OEA sobre o novo Centro,\u00a0<a href=\"https:\/\/acmpress.org\/2022\/06\/20\/oas\/\">escreveu a ACM<\/a>. \u201cNo entanto, estamos preocupados que, como institui\u00e7\u00e3o a ser \u2018aninhada dentro da Organiza\u00e7\u00e3o dos Estados Americanos\u2019, n\u00e3o tenha havido absolutamente nenhuma consulta sobre o desenvolvimento de tal Centro com associa\u00e7\u00f5es profissionais de ponta, \u00f3rg\u00e3os representativos da ind\u00fastria e institui\u00e7\u00f5es acad\u00eamicas ativas nos 14 Estados Membros da CARICOM [Comunidade do Caribe] da OEA.\u201d<\/p>\n<p>A ACM tamb\u00e9m criticou o fato de que, \u00e0quela altura, a lista de membros do Conselho Consultivo do novo Centro n\u00e3o contava com nenhum comunicador ou jornalista caribenho. \u201cEm nossa opini\u00e3o, isto n\u00e3o \u00e9 um bom aug\u00fario para a inclus\u00e3o necess\u00e1ria para garantir plenos engajamento, resili\u00eancia e sucesso hemisf\u00e9rico\u201d, afirmou a associa\u00e7\u00e3o.<\/p>\n<p>Nazima Raghubir, presidente da ACM, disse \u00e0\u00a0<strong>LJR<\/strong> que \u201cnossa observa\u00e7\u00e3o geral \u00e9 que h\u00e1 uma omiss\u00e3o rotineira do Caribe de l\u00edngua inglesa por um grande n\u00famero de grupos intergovernamentais, da sociedade civil e outros grupos hemisf\u00e9ricos quando quest\u00f5es de interesse para todos n\u00f3s est\u00e3o sendo discutidas e\/ou resolvidas. Este epis\u00f3dio \u00e9 simplesmente mais um para o qual nossa resposta foi elaborada a fim de chamar a aten\u00e7\u00e3o para a quest\u00e3o mais ampla da exclus\u00e3o\u201d.<\/p>\n<p>Segundo ela, Luis Almagro, secret\u00e1rio-geral da OEA, respondeu \u00e0 carta da ACM \u201cde forma muito oportuna\u201d. Raghubir disse que, em correspond\u00eancia \u00e0 associa\u00e7\u00e3o no dia 20 de junho, Almagro afirmou que comunicou a Feeley a \u201cnecessidade de incluir representantes do Caribe no Conselho Consultivo\u201d do Centro e que, na verdade, \u201cesta sempre foi a ideia desde o in\u00edcio, mas houve algumas quest\u00f5es que atrasaram a sele\u00e7\u00e3o de cidad\u00e3os dos pa\u00edses da Caricom que deveriam integrar o Conselho do projeto\u201d.<\/p>\n<p>Feeley disse \u00e0\u00a0<strong>LJR\u00a0<\/strong>que a forma\u00e7\u00e3o do Conselho Consultivo \u201clevou v\u00e1rios meses\u201d e que, originalmente, dois profissionais do Caribe foram convidados, mas declinaram devido a outros compromissos. \u201cEst\u00e1vamos um pouco correndo contra o tempo para nosso lan\u00e7amento na C\u00fapula das Am\u00e9ricas porque quer\u00edamos poder aproveitar essa oportunidade, e n\u00e3o t\u00ednhamos nenhum caribenho no Conselho naquele momento\u201d, afirmou ele.<\/p>\n<p>\u201cRecebemos a carta de Harvey Panka [secret\u00e1rio-geral da ACM] e literalmente em dois dias eu estava conversando com Harvey e seus colegas, e fico muito feliz em informar que temos duas mulheres excepcionais que s\u00e3o profissionais no Caribe de l\u00edngua inglesa e que est\u00e3o em nosso Conselho Consultivo no momento: Kiran Maharaj [de Trinidad e Tobago] e Sonia Gill [Jamaica]\u201d, disse Feeley.<\/p>\n<p>\u201cN\u00e3o ter\u00edamos contemplado fazer esta iniciativa hemisf\u00e9rica sem a participa\u00e7\u00e3o dos caribenhos e acho justo dizer que eles trar\u00e3o sua perspectiva \u00fanica de pequenas ilhas. Estes s\u00e3o pa\u00edses onde talvez a democracia n\u00e3o esteja t\u00e3o sob ataque quanto em alguns outros lugares, mas eles certamente t\u00eam seu pr\u00f3prio conjunto \u00fanico de desafios para produzir jornalismo de qualidade, e n\u00f3s queremos dar a esse esfor\u00e7o uma voz e uma plataforma\u201d, acrescentou o diretor do Centro.<\/p>\n","protected":false},"excerpt":{"rendered":"<p>Consciente de que desinforma\u00e7\u00e3o generalizada e amea\u00e7as \u00e0 liberdade de imprensa representam amea\u00e7as \u00e0 democracia, a Secretaria-Geral da Organiza\u00e7\u00e3o dos Estados Americanos (OEA) lan\u00e7ou o Centro de Integridade de M\u00eddia das Am\u00e9ricas, que pretende realizar semin\u00e1rios formativos e confer\u00eancias e oferecer bolsas de incentivo \u00e0 produ\u00e7\u00e3o de investiga\u00e7\u00f5es jornal\u00edsticas. John Feeley, diretor-executivo do novo Centro, falou \u00e0 LatAm Journalism Review sobre a iniciativa.<\/p>\n","protected":false},"author":16,"featured_media":64721,"comment_status":"closed","ping_status":"closed","sticky":false,"template":"","format":"standard","meta":{"inline_featured_image":false,"footnotes":""},"categories":[1219],"tags":[],"coauthors":[],"class_list":["post-64714","post","type-post","status-publish","format-standard","has-post-thumbnail","hentry","category-liberdade-de-imprensa-pt-br"],"acf":[],"yoast_head":"<!-- This site is optimized with the Yoast SEO Premium plugin v22.6 (Yoast SEO v27.4) - https:\/\/yoast.com\/product\/yoast-seo-premium-wordpress\/ -->\n<title>Iniciativa da OEA, Centro de Integridade de M\u00eddia das Am\u00e9ricas quer investir em jornalistas para fortalecer democracia - LatAm Journalism Review by the Knight Center<\/title>\n<meta name=\"description\" content=\"Iniciativa da OEA, Centro de Integridade de M\u00eddia das Am\u00e9ricas quer investir em jornalistas para fortalecer democracia Liberdade de imprensa. Latin American Journalism Review by The Knight Center at The University of Texas at Austin.\" \/>\n<meta name=\"robots\" content=\"index, follow, max-snippet:-1, max-image-preview:large, max-video-preview:-1\" \/>\n<link rel=\"canonical\" href=\"https:\/\/latamjournalismreview.org\/pt-br\/articles\/iniciativa-da-oea-centro-de-integridade-de-midia-das-americas-quer-investir-em-jornalistas-para-fortalecer-democracia\/\" \/>\n<meta property=\"og:locale\" content=\"pt_BR\" \/>\n<meta property=\"og:type\" content=\"article\" \/>\n<meta property=\"og:title\" content=\"Iniciativa da OEA, Centro de Integridade de M\u00eddia das Am\u00e9ricas quer investir em jornalistas para fortalecer democracia\" \/>\n<meta property=\"og:description\" content=\"Iniciativa da OEA, Centro de Integridade de M\u00eddia das Am\u00e9ricas quer investir em jornalistas para fortalecer democracia Liberdade de imprensa. Latin American Journalism Review by The Knight Center at The University of Texas at Austin.\" \/>\n<meta property=\"og:url\" content=\"https:\/\/latamjournalismreview.org\/pt-br\/articles\/iniciativa-da-oea-centro-de-integridade-de-midia-das-americas-quer-investir-em-jornalistas-para-fortalecer-democracia\/\" \/>\n<meta property=\"og:site_name\" content=\"LatAm Journalism Review by the Knight Center\" \/>\n<meta property=\"article:published_time\" content=\"2022-08-16T13:44:29+00:00\" \/>\n<meta property=\"article:modified_time\" content=\"2022-08-16T13:50:32+00:00\" \/>\n<meta property=\"og:image\" content=\"https:\/\/latamjournalismreview.org\/wp-content\/uploads\/2022\/08\/Featured-OEA.png\" \/>\n\t<meta property=\"og:image:width\" content=\"507\" \/>\n\t<meta property=\"og:image:height\" content=\"340\" \/>\n\t<meta property=\"og:image:type\" content=\"image\/png\" \/>\n<meta name=\"author\" content=\"Carolina de Assis\" \/>\n<meta name=\"twitter:card\" content=\"summary_large_image\" \/>\n<meta name=\"twitter:creator\" content=\"@LatAmJournalism\" \/>\n<meta name=\"twitter:site\" content=\"@LatAmJournalism\" \/>\n<meta name=\"twitter:label1\" content=\"Written by\" \/>\n\t<meta name=\"twitter:data1\" content=\"Carolina de Assis\" \/>\n\t<meta name=\"twitter:label2\" content=\"Est. reading time\" \/>\n\t<meta name=\"twitter:data2\" content=\"10 minutos\" \/>\n<script type=\"application\/ld+json\" class=\"yoast-schema-graph\">{\"@context\":\"https:\\\/\\\/schema.org\",\"@graph\":[{\"@type\":\"Article\",\"@id\":\"https:\\\/\\\/latamjournalismreview.org\\\/pt-br\\\/articles\\\/iniciativa-da-oea-centro-de-integridade-de-midia-das-americas-quer-investir-em-jornalistas-para-fortalecer-democracia\\\/#article\",\"isPartOf\":{\"@id\":\"https:\\\/\\\/latamjournalismreview.org\\\/pt-br\\\/articles\\\/iniciativa-da-oea-centro-de-integridade-de-midia-das-americas-quer-investir-em-jornalistas-para-fortalecer-democracia\\\/\"},\"author\":{\"name\":\"Carolina de Assis\",\"@id\":\"https:\\\/\\\/latamjournalismreview.org\\\/pt-br\\\/#\\\/schema\\\/person\\\/f98b544e2f231a237f39a56cc9a00a9a\"},\"headline\":\"Iniciativa da OEA, Centro de Integridade de M\u00eddia das Am\u00e9ricas quer investir em jornalistas para fortalecer democracia\",\"datePublished\":\"2022-08-16T13:44:29+00:00\",\"dateModified\":\"2022-08-16T13:50:32+00:00\",\"mainEntityOfPage\":{\"@id\":\"https:\\\/\\\/latamjournalismreview.org\\\/pt-br\\\/articles\\\/iniciativa-da-oea-centro-de-integridade-de-midia-das-americas-quer-investir-em-jornalistas-para-fortalecer-democracia\\\/\"},\"wordCount\":1968,\"publisher\":{\"@id\":\"https:\\\/\\\/latamjournalismreview.org\\\/pt-br\\\/#organization\"},\"image\":{\"@id\":\"https:\\\/\\\/latamjournalismreview.org\\\/pt-br\\\/articles\\\/iniciativa-da-oea-centro-de-integridade-de-midia-das-americas-quer-investir-em-jornalistas-para-fortalecer-democracia\\\/#primaryimage\"},\"thumbnailUrl\":\"https:\\\/\\\/latamjournalismreview.org\\\/wp-content\\\/uploads\\\/2022\\\/08\\\/Featured-OEA.png\",\"articleSection\":[\"Liberdade de imprensa\"],\"inLanguage\":\"pt-BR\"},{\"@type\":\"WebPage\",\"@id\":\"https:\\\/\\\/latamjournalismreview.org\\\/pt-br\\\/articles\\\/iniciativa-da-oea-centro-de-integridade-de-midia-das-americas-quer-investir-em-jornalistas-para-fortalecer-democracia\\\/\",\"url\":\"https:\\\/\\\/latamjournalismreview.org\\\/pt-br\\\/articles\\\/iniciativa-da-oea-centro-de-integridade-de-midia-das-americas-quer-investir-em-jornalistas-para-fortalecer-democracia\\\/\",\"name\":\"Iniciativa da OEA, Centro de Integridade de M\u00eddia das Am\u00e9ricas quer investir em jornalistas para fortalecer democracia - LatAm Journalism Review by the Knight Center\",\"isPartOf\":{\"@id\":\"https:\\\/\\\/latamjournalismreview.org\\\/pt-br\\\/#website\"},\"primaryImageOfPage\":{\"@id\":\"https:\\\/\\\/latamjournalismreview.org\\\/pt-br\\\/articles\\\/iniciativa-da-oea-centro-de-integridade-de-midia-das-americas-quer-investir-em-jornalistas-para-fortalecer-democracia\\\/#primaryimage\"},\"image\":{\"@id\":\"https:\\\/\\\/latamjournalismreview.org\\\/pt-br\\\/articles\\\/iniciativa-da-oea-centro-de-integridade-de-midia-das-americas-quer-investir-em-jornalistas-para-fortalecer-democracia\\\/#primaryimage\"},\"thumbnailUrl\":\"https:\\\/\\\/latamjournalismreview.org\\\/wp-content\\\/uploads\\\/2022\\\/08\\\/Featured-OEA.png\",\"datePublished\":\"2022-08-16T13:44:29+00:00\",\"dateModified\":\"2022-08-16T13:50:32+00:00\",\"description\":\"Iniciativa da OEA, Centro de Integridade de M\u00eddia das Am\u00e9ricas quer investir em jornalistas para fortalecer democracia Liberdade de imprensa. Latin American Journalism Review by The Knight Center at The University of Texas at Austin.\",\"breadcrumb\":{\"@id\":\"https:\\\/\\\/latamjournalismreview.org\\\/pt-br\\\/articles\\\/iniciativa-da-oea-centro-de-integridade-de-midia-das-americas-quer-investir-em-jornalistas-para-fortalecer-democracia\\\/#breadcrumb\"},\"inLanguage\":\"pt-BR\",\"potentialAction\":[{\"@type\":\"ReadAction\",\"target\":[\"https:\\\/\\\/latamjournalismreview.org\\\/pt-br\\\/articles\\\/iniciativa-da-oea-centro-de-integridade-de-midia-das-americas-quer-investir-em-jornalistas-para-fortalecer-democracia\\\/\"]}]},{\"@type\":\"ImageObject\",\"inLanguage\":\"pt-BR\",\"@id\":\"https:\\\/\\\/latamjournalismreview.org\\\/pt-br\\\/articles\\\/iniciativa-da-oea-centro-de-integridade-de-midia-das-americas-quer-investir-em-jornalistas-para-fortalecer-democracia\\\/#primaryimage\",\"url\":\"https:\\\/\\\/latamjournalismreview.org\\\/wp-content\\\/uploads\\\/2022\\\/08\\\/Featured-OEA.png\",\"contentUrl\":\"https:\\\/\\\/latamjournalismreview.org\\\/wp-content\\\/uploads\\\/2022\\\/08\\\/Featured-OEA.png\",\"width\":507,\"height\":340,\"caption\":\"Organization of American States' flag\"},{\"@type\":\"BreadcrumbList\",\"@id\":\"https:\\\/\\\/latamjournalismreview.org\\\/pt-br\\\/articles\\\/iniciativa-da-oea-centro-de-integridade-de-midia-das-americas-quer-investir-em-jornalistas-para-fortalecer-democracia\\\/#breadcrumb\",\"itemListElement\":[{\"@type\":\"ListItem\",\"position\":1,\"name\":\"Home\",\"item\":\"https:\\\/\\\/latamjournalismreview.org\\\/pt-br\\\/\"},{\"@type\":\"ListItem\",\"position\":2,\"name\":\"Iniciativa da OEA, Centro de Integridade de M\u00eddia das Am\u00e9ricas quer investir em jornalistas para fortalecer democracia\"}]},{\"@type\":\"WebSite\",\"@id\":\"https:\\\/\\\/latamjournalismreview.org\\\/pt-br\\\/#website\",\"url\":\"https:\\\/\\\/latamjournalismreview.org\\\/pt-br\\\/\",\"name\":\"LatAm Journalism Review\",\"description\":\"Digital magazine on journalism in Latin America\",\"publisher\":{\"@id\":\"https:\\\/\\\/latamjournalismreview.org\\\/pt-br\\\/#organization\"},\"potentialAction\":[{\"@type\":\"SearchAction\",\"target\":{\"@type\":\"EntryPoint\",\"urlTemplate\":\"https:\\\/\\\/latamjournalismreview.org\\\/pt-br\\\/?s={search_term_string}\"},\"query-input\":{\"@type\":\"PropertyValueSpecification\",\"valueRequired\":true,\"valueName\":\"search_term_string\"}}],\"inLanguage\":\"pt-BR\"},{\"@type\":\"Organization\",\"@id\":\"https:\\\/\\\/latamjournalismreview.org\\\/pt-br\\\/#organization\",\"name\":\"LatAm Journalism Review\",\"url\":\"https:\\\/\\\/latamjournalismreview.org\\\/pt-br\\\/\",\"logo\":{\"@type\":\"ImageObject\",\"inLanguage\":\"pt-BR\",\"@id\":\"https:\\\/\\\/latamjournalismreview.org\\\/pt-br\\\/#\\\/schema\\\/logo\\\/image\\\/\",\"url\":\"https:\\\/\\\/latamjournalismreview.org\\\/wp-content\\\/uploads\\\/2020\\\/05\\\/knight-latAm-review-logo.svg\",\"contentUrl\":\"https:\\\/\\\/latamjournalismreview.org\\\/wp-content\\\/uploads\\\/2020\\\/05\\\/knight-latAm-review-logo.svg\",\"width\":\"1024\",\"height\":\"1024\",\"caption\":\"LatAm Journalism Review\"},\"image\":{\"@id\":\"https:\\\/\\\/latamjournalismreview.org\\\/pt-br\\\/#\\\/schema\\\/logo\\\/image\\\/\"},\"sameAs\":[\"https:\\\/\\\/x.com\\\/LatAmJournalism\"]},{\"@type\":\"Person\",\"@id\":\"https:\\\/\\\/latamjournalismreview.org\\\/pt-br\\\/#\\\/schema\\\/person\\\/f98b544e2f231a237f39a56cc9a00a9a\",\"name\":\"Carolina de Assis\",\"description\":\"Carolina de Assis is a Brazilian journalist and researcher who lives in Juiz de Fora, MG, Brazil. She holds a master's degree in Women\u2019s and Gender Studies from the GEMMA Programme \u2013 Universit\u00e0 di Bologna (Italy) \\\/ Universiteit Utrecht (The Netherlands) and has worked as an editor at G\u00eanero e N\u00famero, a Brazilian digital magazine focused on data journalism and gender issues. She is especially interested in journalistic initiatives aimed at promoting human rights and gender justice. You can find her on Twitter: @caroldeassis _________ Carolina de Assis es una periodista e investigadora brasile\u00f1a que vive en Juiz de Fora, MG, Brasil . Tiene una maestr\u00eda en Estudios de las Mujeres y de G\u00e9nero del programa GEMMA \u2013 Universit\u00e0 di Bologna (Italia) \\\/ Universiteit Utrecht (Holanda). Trabaj\u00f3 como editora en la revista digital brasile\u00f1a G\u00eanero e N\u00famero. Le interesan especialmente iniciativas period\u00edsticas que tienen el objetivo de promover los derechos humanos y la justicia de g\u00e9nero. Puedes encontrarla en Twitter: @caroldeassis. _______ Carolina de Assis \u00e9 uma jornalista e pesquisadora brasileira que vive em Juiz de Fora (MG). \u00c9 mestra em Estudos da Mulher e de G\u00eanero pelo programa GEMMA \u2013 Universit\u00e0 di Bologna (It\u00e1lia) \\\/ Universiteit Utrecht (Holanda). Trabalhou como editora na revista digital G\u00eanero e N\u00famero e se interessa especialmente por iniciativas jornal\u00edsticas que promovam os direitos humanos e a justi\u00e7a de g\u00eanero. Voc\u00ea pode encontr\u00e1-la no Twitter em @caroldeassis.\",\"url\":\"https:\\\/\\\/latamjournalismreview.org\\\/pt-br\\\/articles\\\/author\\\/carolina-de-assis\\\/\"}]}<\/script>\n<!-- \/ Yoast SEO Premium plugin. -->","yoast_head_json":{"title":"Iniciativa da OEA, Centro de Integridade de M\u00eddia das Am\u00e9ricas quer investir em jornalistas para fortalecer democracia - LatAm Journalism Review by the Knight Center","description":"Iniciativa da OEA, Centro de Integridade de M\u00eddia das Am\u00e9ricas quer investir em jornalistas para fortalecer democracia Liberdade de imprensa. Latin American Journalism Review by The Knight Center at The University of Texas at Austin.","robots":{"index":"index","follow":"follow","max-snippet":"max-snippet:-1","max-image-preview":"max-image-preview:large","max-video-preview":"max-video-preview:-1"},"canonical":"https:\/\/latamjournalismreview.org\/pt-br\/articles\/iniciativa-da-oea-centro-de-integridade-de-midia-das-americas-quer-investir-em-jornalistas-para-fortalecer-democracia\/","og_locale":"pt_BR","og_type":"article","og_title":"Iniciativa da OEA, Centro de Integridade de M\u00eddia das Am\u00e9ricas quer investir em jornalistas para fortalecer democracia","og_description":"Iniciativa da OEA, Centro de Integridade de M\u00eddia das Am\u00e9ricas quer investir em jornalistas para fortalecer democracia Liberdade de imprensa. Latin American Journalism Review by The Knight Center at The University of Texas at Austin.","og_url":"https:\/\/latamjournalismreview.org\/pt-br\/articles\/iniciativa-da-oea-centro-de-integridade-de-midia-das-americas-quer-investir-em-jornalistas-para-fortalecer-democracia\/","og_site_name":"LatAm Journalism Review by the Knight Center","article_published_time":"2022-08-16T13:44:29+00:00","article_modified_time":"2022-08-16T13:50:32+00:00","og_image":[{"width":507,"height":340,"url":"https:\/\/latamjournalismreview.org\/wp-content\/uploads\/2022\/08\/Featured-OEA.png","type":"image\/png"}],"author":"Carolina de Assis","twitter_card":"summary_large_image","twitter_creator":"@LatAmJournalism","twitter_site":"@LatAmJournalism","twitter_misc":{"Written by":"Carolina de Assis","Est. reading time":"10 minutos"},"schema":{"@context":"https:\/\/schema.org","@graph":[{"@type":"Article","@id":"https:\/\/latamjournalismreview.org\/pt-br\/articles\/iniciativa-da-oea-centro-de-integridade-de-midia-das-americas-quer-investir-em-jornalistas-para-fortalecer-democracia\/#article","isPartOf":{"@id":"https:\/\/latamjournalismreview.org\/pt-br\/articles\/iniciativa-da-oea-centro-de-integridade-de-midia-das-americas-quer-investir-em-jornalistas-para-fortalecer-democracia\/"},"author":{"name":"Carolina de Assis","@id":"https:\/\/latamjournalismreview.org\/pt-br\/#\/schema\/person\/f98b544e2f231a237f39a56cc9a00a9a"},"headline":"Iniciativa da OEA, Centro de Integridade de M\u00eddia das Am\u00e9ricas quer investir em jornalistas para fortalecer democracia","datePublished":"2022-08-16T13:44:29+00:00","dateModified":"2022-08-16T13:50:32+00:00","mainEntityOfPage":{"@id":"https:\/\/latamjournalismreview.org\/pt-br\/articles\/iniciativa-da-oea-centro-de-integridade-de-midia-das-americas-quer-investir-em-jornalistas-para-fortalecer-democracia\/"},"wordCount":1968,"publisher":{"@id":"https:\/\/latamjournalismreview.org\/pt-br\/#organization"},"image":{"@id":"https:\/\/latamjournalismreview.org\/pt-br\/articles\/iniciativa-da-oea-centro-de-integridade-de-midia-das-americas-quer-investir-em-jornalistas-para-fortalecer-democracia\/#primaryimage"},"thumbnailUrl":"https:\/\/latamjournalismreview.org\/wp-content\/uploads\/2022\/08\/Featured-OEA.png","articleSection":["Liberdade de imprensa"],"inLanguage":"pt-BR"},{"@type":"WebPage","@id":"https:\/\/latamjournalismreview.org\/pt-br\/articles\/iniciativa-da-oea-centro-de-integridade-de-midia-das-americas-quer-investir-em-jornalistas-para-fortalecer-democracia\/","url":"https:\/\/latamjournalismreview.org\/pt-br\/articles\/iniciativa-da-oea-centro-de-integridade-de-midia-das-americas-quer-investir-em-jornalistas-para-fortalecer-democracia\/","name":"Iniciativa da OEA, Centro de Integridade de M\u00eddia das Am\u00e9ricas quer investir em jornalistas para fortalecer democracia - LatAm Journalism Review by the Knight Center","isPartOf":{"@id":"https:\/\/latamjournalismreview.org\/pt-br\/#website"},"primaryImageOfPage":{"@id":"https:\/\/latamjournalismreview.org\/pt-br\/articles\/iniciativa-da-oea-centro-de-integridade-de-midia-das-americas-quer-investir-em-jornalistas-para-fortalecer-democracia\/#primaryimage"},"image":{"@id":"https:\/\/latamjournalismreview.org\/pt-br\/articles\/iniciativa-da-oea-centro-de-integridade-de-midia-das-americas-quer-investir-em-jornalistas-para-fortalecer-democracia\/#primaryimage"},"thumbnailUrl":"https:\/\/latamjournalismreview.org\/wp-content\/uploads\/2022\/08\/Featured-OEA.png","datePublished":"2022-08-16T13:44:29+00:00","dateModified":"2022-08-16T13:50:32+00:00","description":"Iniciativa da OEA, Centro de Integridade de M\u00eddia das Am\u00e9ricas quer investir em jornalistas para fortalecer democracia Liberdade de imprensa. Latin American Journalism Review by The Knight Center at The University of Texas at Austin.","breadcrumb":{"@id":"https:\/\/latamjournalismreview.org\/pt-br\/articles\/iniciativa-da-oea-centro-de-integridade-de-midia-das-americas-quer-investir-em-jornalistas-para-fortalecer-democracia\/#breadcrumb"},"inLanguage":"pt-BR","potentialAction":[{"@type":"ReadAction","target":["https:\/\/latamjournalismreview.org\/pt-br\/articles\/iniciativa-da-oea-centro-de-integridade-de-midia-das-americas-quer-investir-em-jornalistas-para-fortalecer-democracia\/"]}]},{"@type":"ImageObject","inLanguage":"pt-BR","@id":"https:\/\/latamjournalismreview.org\/pt-br\/articles\/iniciativa-da-oea-centro-de-integridade-de-midia-das-americas-quer-investir-em-jornalistas-para-fortalecer-democracia\/#primaryimage","url":"https:\/\/latamjournalismreview.org\/wp-content\/uploads\/2022\/08\/Featured-OEA.png","contentUrl":"https:\/\/latamjournalismreview.org\/wp-content\/uploads\/2022\/08\/Featured-OEA.png","width":507,"height":340,"caption":"Organization of American States' flag"},{"@type":"BreadcrumbList","@id":"https:\/\/latamjournalismreview.org\/pt-br\/articles\/iniciativa-da-oea-centro-de-integridade-de-midia-das-americas-quer-investir-em-jornalistas-para-fortalecer-democracia\/#breadcrumb","itemListElement":[{"@type":"ListItem","position":1,"name":"Home","item":"https:\/\/latamjournalismreview.org\/pt-br\/"},{"@type":"ListItem","position":2,"name":"Iniciativa da OEA, Centro de Integridade de M\u00eddia das Am\u00e9ricas quer investir em jornalistas para fortalecer democracia"}]},{"@type":"WebSite","@id":"https:\/\/latamjournalismreview.org\/pt-br\/#website","url":"https:\/\/latamjournalismreview.org\/pt-br\/","name":"LatAm Journalism Review","description":"Digital magazine on journalism in Latin America","publisher":{"@id":"https:\/\/latamjournalismreview.org\/pt-br\/#organization"},"potentialAction":[{"@type":"SearchAction","target":{"@type":"EntryPoint","urlTemplate":"https:\/\/latamjournalismreview.org\/pt-br\/?s={search_term_string}"},"query-input":{"@type":"PropertyValueSpecification","valueRequired":true,"valueName":"search_term_string"}}],"inLanguage":"pt-BR"},{"@type":"Organization","@id":"https:\/\/latamjournalismreview.org\/pt-br\/#organization","name":"LatAm Journalism Review","url":"https:\/\/latamjournalismreview.org\/pt-br\/","logo":{"@type":"ImageObject","inLanguage":"pt-BR","@id":"https:\/\/latamjournalismreview.org\/pt-br\/#\/schema\/logo\/image\/","url":"https:\/\/latamjournalismreview.org\/wp-content\/uploads\/2020\/05\/knight-latAm-review-logo.svg","contentUrl":"https:\/\/latamjournalismreview.org\/wp-content\/uploads\/2020\/05\/knight-latAm-review-logo.svg","width":"1024","height":"1024","caption":"LatAm Journalism Review"},"image":{"@id":"https:\/\/latamjournalismreview.org\/pt-br\/#\/schema\/logo\/image\/"},"sameAs":["https:\/\/x.com\/LatAmJournalism"]},{"@type":"Person","@id":"https:\/\/latamjournalismreview.org\/pt-br\/#\/schema\/person\/f98b544e2f231a237f39a56cc9a00a9a","name":"Carolina de Assis","description":"Carolina de Assis is a Brazilian journalist and researcher who lives in Juiz de Fora, MG, Brazil. She holds a master's degree in Women\u2019s and Gender Studies from the GEMMA Programme \u2013 Universit\u00e0 di Bologna (Italy) \/ Universiteit Utrecht (The Netherlands) and has worked as an editor at G\u00eanero e N\u00famero, a Brazilian digital magazine focused on data journalism and gender issues. She is especially interested in journalistic initiatives aimed at promoting human rights and gender justice. You can find her on Twitter: @caroldeassis _________ Carolina de Assis es una periodista e investigadora brasile\u00f1a que vive en Juiz de Fora, MG, Brasil . Tiene una maestr\u00eda en Estudios de las Mujeres y de G\u00e9nero del programa GEMMA \u2013 Universit\u00e0 di Bologna (Italia) \/ Universiteit Utrecht (Holanda). Trabaj\u00f3 como editora en la revista digital brasile\u00f1a G\u00eanero e N\u00famero. Le interesan especialmente iniciativas period\u00edsticas que tienen el objetivo de promover los derechos humanos y la justicia de g\u00e9nero. Puedes encontrarla en Twitter: @caroldeassis. _______ Carolina de Assis \u00e9 uma jornalista e pesquisadora brasileira que vive em Juiz de Fora (MG). \u00c9 mestra em Estudos da Mulher e de G\u00eanero pelo programa GEMMA \u2013 Universit\u00e0 di Bologna (It\u00e1lia) \/ Universiteit Utrecht (Holanda). Trabalhou como editora na revista digital G\u00eanero e N\u00famero e se interessa especialmente por iniciativas jornal\u00edsticas que promovam os direitos humanos e a justi\u00e7a de g\u00eanero. Voc\u00ea pode encontr\u00e1-la no Twitter em @caroldeassis.","url":"https:\/\/latamjournalismreview.org\/pt-br\/articles\/author\/carolina-de-assis\/"}]}},"_links":{"self":[{"href":"https:\/\/latamjournalismreview.org\/pt-br\/wp-json\/wp\/v2\/posts\/64714","targetHints":{"allow":["GET"]}}],"collection":[{"href":"https:\/\/latamjournalismreview.org\/pt-br\/wp-json\/wp\/v2\/posts"}],"about":[{"href":"https:\/\/latamjournalismreview.org\/pt-br\/wp-json\/wp\/v2\/types\/post"}],"author":[{"embeddable":true,"href":"https:\/\/latamjournalismreview.org\/pt-br\/wp-json\/wp\/v2\/users\/16"}],"replies":[{"embeddable":true,"href":"https:\/\/latamjournalismreview.org\/pt-br\/wp-json\/wp\/v2\/comments?post=64714"}],"version-history":[{"count":5,"href":"https:\/\/latamjournalismreview.org\/pt-br\/wp-json\/wp\/v2\/posts\/64714\/revisions"}],"predecessor-version":[{"id":64768,"href":"https:\/\/latamjournalismreview.org\/pt-br\/wp-json\/wp\/v2\/posts\/64714\/revisions\/64768"}],"wp:featuredmedia":[{"embeddable":true,"href":"https:\/\/latamjournalismreview.org\/pt-br\/wp-json\/wp\/v2\/media\/64721"}],"wp:attachment":[{"href":"https:\/\/latamjournalismreview.org\/pt-br\/wp-json\/wp\/v2\/media?parent=64714"}],"wp:term":[{"taxonomy":"category","embeddable":true,"href":"https:\/\/latamjournalismreview.org\/pt-br\/wp-json\/wp\/v2\/categories?post=64714"},{"taxonomy":"post_tag","embeddable":true,"href":"https:\/\/latamjournalismreview.org\/pt-br\/wp-json\/wp\/v2\/tags?post=64714"},{"taxonomy":"author","embeddable":true,"href":"https:\/\/latamjournalismreview.org\/pt-br\/wp-json\/wp\/v2\/coauthors?post=64714"}],"curies":[{"name":"wp","href":"https:\/\/api.w.org\/{rel}","templated":true}]}}