{"id":65270,"date":"2010-07-15T17:44:21","date_gmt":"2010-07-15T22:44:21","guid":{"rendered":"https:\/\/latamjournalismreview.org\/?p=65270"},"modified":"2022-08-18T17:50:56","modified_gmt":"2022-08-18T22:50:56","slug":"organizacoes-internacionais-pedem-aos-eua-que-revejam-negativa-de-visto-ao-jornalista-hollman-morris","status":"publish","type":"post","link":"https:\/\/latamjournalismreview.org\/pt-br\/articles\/organizacoes-internacionais-pedem-aos-eua-que-revejam-negativa-de-visto-ao-jornalista-hollman-morris\/","title":{"rendered":"Organiza\u00e7\u00f5es internacionais pedem aos EUA que revejam negativa de visto ao jornalista Hollman Morris"},"content":{"rendered":"<p>Numa demonstra\u00e7\u00e3o de solidariedade internacional, organiza\u00e7\u00f5es de jornalismo e de direitos humanos de todo o hemisf\u00e9rio se uniram para pedir ao governo dos Estados Unidos que reverta a decis\u00e3o proibindo o renomado jornalista colombiano\u00a0<a href=\"http:\/\/knightcenter.utexas.edu\/archive\/blog\/?q=pt-br\/search\/node\/hollman+morris\">Hollman Morris<\/a>\u00a0de entrar no pa\u00eds como bolsista da Funda\u00e7\u00e3o Nieman, na Universidade de Harvard.<\/p>\n<p>A embaixada americana em Bogot\u00e1 negou o visto ao jornalista, impedindo sua participa\u00e7\u00e3o nos estudos. Em seu premiado programa de televis\u00e3o Contrav\u00eda, Morris faz duras cr\u00edticas ao conflito armado na Col\u00f4mbia e \u00e0s pol\u00edticas governamentais nessa \u00e1rea. Ele revelou liga\u00e7\u00f5es entre chefes paramilitares e representantes do governo colombiano, causando a pris\u00e3o de 30 parlamentares, como relata uma mat\u00e9ria da\u00a0<a href=\"http:\/\/www.cjr.org\/behind_the_news\/colombian_journalists_track_gu.php\">Columbia Journalism Review<\/a>.<\/p>\n<p>Apesar \u2013 ou talvez por causa \u2013 de seu trabalho com direitos humanos, Morris foi considerado permanentemente ineleg\u00edvel para um visto americano, com base na se\u00e7\u00e3o do Ato Patriota dos EUA que trata de \"atividades terroristas\", informaram a\u00a0<a href=\"http:\/\/www.google.com\/hostednews\/ap\/article\/ALeqM5hgl6QDMsRPSO9Wa32a9Az-rEpdQAD9GR4UI81\">Associated Press<\/a>, o\u00a0<a href=\"http:\/\/www.washingtonpost.com\/wp-dyn\/content\/article\/2010\/07\/09\/AR2010070905438.html\">Washington Post<\/a>\u00a0e\u00a0<a href=\"http:\/\/oglobo.globo.com\/mundo\/mat\/2010\/07\/13\/entidades-pedem-que-eua-revejam-recusa-de-visto-para-renomado-jornalista-colombiano-917140423.asp\">O Globo<\/a>.<\/p>\n<p>\"Ficamos muito surpresos. Isso nunca aconteceu antes\", disse \u00e0 Associated Press o curador da Funda\u00e7\u00e3o Nieman, Bob Giles. \"Hollman havia viajado anteriormente para os Estados Unidos para dar palestras e receber pr\u00eamios\". Morris participou do\u00a0<a href=\"http:\/\/www.knightcenter.utexas.edu\/austinforum_article.php?page=9760\">Austin F\u00f3rum sobre Jornalismo nas Am\u00e9ricas<\/a>\u00a0em 2009, quando falou sobre \"O outro lado das tecnologias digitais: como os governos usam a tecnologia para espionar jornalistas e defensores dos direitos humanos \u2014 o caso da Col\u00f4mbia\".<\/p>\n<p>A\u00a0<a href=\"http:\/\/www.sipiapa.org\/v4\/index.php?page=cont_comunicados&amp;seccion=detalles&amp;idioma=sp&amp;id=4404\">Sociedade Interamericana de Imprensa<\/a>, o\u00a0<a href=\"http:\/\/cpj.org\/pt\/2010\/07\/cpj-insta-clinton-a-reconsiderar-a-recusa-de-visto.php\">Comit\u00ea para a Prote\u00e7\u00e3o dos Jornalistas<\/a>\u00a0(CPJ), a\u00a0<a href=\"http:\/\/www.ifj.org\/es\/articles\/ifj-calls-on-united-states-to-withdraw-perverse-bar-on-colombian-journalist\">Federa\u00e7\u00e3o Internacional de Jornalistas<\/a>\u00a0(IFJ), a\u00a0<a href=\"http:\/\/dartsociety.com\/?p=1411\">Sociedade Dart<\/a>\u00a0e a\u00a0<a href=\"http:\/\/www.ire.org\/irenews\/pr\/ire-board-protests-state-depts-visa-denial-for-colombian-investigative-journalist\">Rep\u00f3rteres e Editores Investigativos<\/a>\u00a0s\u00e3o algumas das organiza\u00e7\u00f5es de imprensa que pedem ao governo dos EUA que reveja a decis\u00e3o.<\/p>\n<p>\"As leis antiterrorismo s\u00e3o uma amea\u00e7a \u00e0 democracia se podem causar a vitimiza\u00e7\u00e3o chocante e perversa de pessoas como Hollman Morris, verdadeiros defensores dos direitos humanos\", disse Aidan White, secret\u00e1rio-geral da IFJ.<\/p>\n<p>O CPJ advertiu que negar o visto a Morris,\u00a0<a href=\"http:\/\/www.lanacion.com.ar\/nota.asp?nota_id=1276622\">v\u00edtima de amea\u00e7as de morte<\/a>\u00a0e de uma\u00a0<a href=\"http:\/\/knightcenter.utexas.edu\/archive\/blog\/?q=es\/node\/3277\">campanha para desacredit\u00e1-lo<\/a>, pode colocar sua vida em perigo ainda maior. Como lembra o CPJ, Morris teve seu telefone grampeado, foi espionado pela ag\u00eancia colombiana de intelig\u00eancia e\u00a0<a href=\"http:\/\/www.cpj.org\/2010\/02\/attacks-on-the-press-2009-colombia.php\">acusado pelo presidente \u00c1lvaro Uribe de ter liga\u00e7\u00f5es<\/a>\u00a0com as For\u00e7as Armadas Revolucion\u00e1rias da Col\u00f4mbia (FARC) - um grupo considerado terrorista pelos governos dos Estados Unidos e da Col\u00f4mbia.<\/p>\n<p>As organiza\u00e7\u00f5es\u00a0<a href=\"http:\/\/www.aclu.org\/national-security\/free-speech-groups-ask-secretary-clinton-review-exclusion-colombian-journalist\">American Civil Liberties Union<\/a>,\u00a0<a href=\"http:\/\/www.aaup.org\/AAUP\/newsroom\/2010PRS\/Morris.htm\">American Association of University Professors<\/a>\u00a0e\u00a0<a href=\"http:\/\/www.pen.org\/viewmedia.php\/prmMID\/5171\/prmID\/174\">PEN American Center<\/a>\u00a0enviaram uma carta \u00e0 secret\u00e1ria de Estado, Hillary Clinton, pedindo que a entrada de Morris seja autorizada.<\/p>\n<p>No in\u00edcio deste ano, Clinton reverteu restri\u00e7\u00f5es semelhantes contra o professor de ci\u00eancias pol\u00edticas sul-africano Adam Habib, e o professor su\u00ed\u00e7o de estudos isl\u00e2micos Tariq Ramadan. Na carta enviada a Hillary, as organiza\u00e7\u00f5es observam que \"a recente not\u00edcia de que Morris teve seu visto negado contradiz as decis\u00f5es do governo nos casos Habib e Ramadan\".<\/p>\n<p>A carta tamb\u00e9m afirma que \"nenhum interesse leg\u00edtimo \u00e9 favorecido pela exclus\u00e3o de cidad\u00e3os estrangeiros por motivos ideol\u00f3gicos. A exclus\u00e3o ideol\u00f3gica empobrece a investiga\u00e7\u00e3o intelectual e o debate nos Estados Unidos, sugerindo ao mundo que nosso pa\u00eds est\u00e1 mais interessado em silenciar que engajar seus cr\u00edticos, e enfraquece nossa capacidade de apoiar o dissenso em na\u00e7\u00f5es politicamente repressivas\".<\/p>\n<p>A\u00a0<a href=\"http:\/\/knightcenter.utexas.edu\/archive\/blog\/?q=pt-br\/node\/7845\">Associa\u00e7\u00e3o Nacional de Jornalistas Hisp\u00e2nicos<\/a>\u00a0e a\u00a0<a href=\"http:\/\/www.unityjournalists.org\/images\/LetterstoAmbassadorBrownfield.pdf\">UNITY: Journalists of Color<\/a>\u00a0se dirigiram ao embaixador dos EUA em Bogot\u00e1, pedindo que reveja a decis\u00e3o.<\/p>\n<p>Recentemente, Morris foi\u00a0<a href=\"http:\/\/knightcenter.utexas.edu\/archive\/blog\/?q=pt-br\/node\/7689\">homenageado<\/a>\u00a0na Col\u00f4mbia por demonstrar coragem em sua luta pela verdade, a paz e a democracia, lembra o\u00a0<a href=\"http:\/\/www.cinep.org.co\/node\/965\">Centro de Investiga\u00e7\u00e3o e Educa\u00e7\u00e3o Popular<\/a>\u00a0(CINEP), uma das organiza\u00e7\u00f5es respons\u00e1veis pela homenagem.<\/p>\n<p><em>Nota do editor: Essa hist\u00f3ria foi publicada originalmente no blog de jornalismo nas Am\u00e9ricas do Centro Knight, o predecessor do LatAm Journalism Review.<\/em><\/p>\n","protected":false},"excerpt":{"rendered":"<p>Numa demonstra\u00e7\u00e3o de solidariedade internacional, organiza\u00e7\u00f5es de jornalismo e de direitos humanos de todo o hemisf\u00e9rio se uniram para pedir ao governo dos Estados Unidos que reverta a decis\u00e3o proibindo o renomado jornalista colombiano\u00a0Hollman Morris\u00a0de entrar no pa\u00eds como bolsista da Funda\u00e7\u00e3o Nieman, na Universidade de Harvard.<\/p>\n","protected":false},"author":41,"featured_media":0,"comment_status":"closed","ping_status":"closed","sticky":false,"template":"","format":"standard","meta":{"inline_featured_image":false,"footnotes":""},"categories":[1219],"tags":[1396,2051],"coauthors":[],"class_list":["post-65270","post","type-post","status-publish","format-standard","hentry","category-liberdade-de-imprensa-pt-br","tag-colombia-pt-br-2","tag-liberdade-de-expressao-pt-br"],"acf":[],"yoast_head":"<!-- This site is optimized with the Yoast SEO Premium plugin v22.6 (Yoast SEO v27.4) - https:\/\/yoast.com\/product\/yoast-seo-premium-wordpress\/ -->\n<title>Organiza\u00e7\u00f5es internacionais pedem aos EUA que revejam negativa de visto ao jornalista Hollman Morris - LatAm Journalism Review by the Knight Center<\/title>\n<meta name=\"description\" content=\"Organiza\u00e7\u00f5es internacionais pedem aos EUA que revejam negativa de visto ao jornalista Hollman Morris Liberdade de imprensa. Latin American Journalism Review by The Knight Center at The University of Texas at Austin.\" \/>\n<meta name=\"robots\" content=\"index, follow, max-snippet:-1, max-image-preview:large, max-video-preview:-1\" \/>\n<link rel=\"canonical\" href=\"https:\/\/latamjournalismreview.org\/pt-br\/articles\/organizacoes-internacionais-pedem-aos-eua-que-revejam-negativa-de-visto-ao-jornalista-hollman-morris\/\" \/>\n<meta property=\"og:locale\" content=\"pt_BR\" \/>\n<meta property=\"og:type\" content=\"article\" \/>\n<meta property=\"og:title\" content=\"Organiza\u00e7\u00f5es internacionais pedem aos EUA que revejam negativa de visto ao jornalista Hollman Morris\" \/>\n<meta property=\"og:description\" content=\"Organiza\u00e7\u00f5es internacionais pedem aos EUA que revejam negativa de visto ao jornalista Hollman Morris Liberdade de imprensa. Latin American Journalism Review by The Knight Center at The University of Texas at Austin.\" \/>\n<meta property=\"og:url\" content=\"https:\/\/latamjournalismreview.org\/pt-br\/articles\/organizacoes-internacionais-pedem-aos-eua-que-revejam-negativa-de-visto-ao-jornalista-hollman-morris\/\" \/>\n<meta property=\"og:site_name\" content=\"LatAm Journalism Review by the Knight Center\" \/>\n<meta property=\"article:published_time\" content=\"2010-07-15T22:44:21+00:00\" \/>\n<meta property=\"article:modified_time\" content=\"2022-08-18T22:50:56+00:00\" \/>\n<meta name=\"author\" content=\"Summer Harlow\" \/>\n<meta name=\"twitter:card\" content=\"summary_large_image\" \/>\n<meta name=\"twitter:creator\" content=\"@LatAmJournalism\" \/>\n<meta name=\"twitter:site\" content=\"@LatAmJournalism\" \/>\n<meta name=\"twitter:label1\" content=\"Written by\" \/>\n\t<meta name=\"twitter:data1\" content=\"Summer Harlow\" \/>\n\t<meta name=\"twitter:label2\" content=\"Est. reading time\" \/>\n\t<meta name=\"twitter:data2\" content=\"3 minutos\" \/>\n<script type=\"application\/ld+json\" class=\"yoast-schema-graph\">{\"@context\":\"https:\\\/\\\/schema.org\",\"@graph\":[{\"@type\":\"Article\",\"@id\":\"https:\\\/\\\/latamjournalismreview.org\\\/pt-br\\\/articles\\\/organizacoes-internacionais-pedem-aos-eua-que-revejam-negativa-de-visto-ao-jornalista-hollman-morris\\\/#article\",\"isPartOf\":{\"@id\":\"https:\\\/\\\/latamjournalismreview.org\\\/pt-br\\\/articles\\\/organizacoes-internacionais-pedem-aos-eua-que-revejam-negativa-de-visto-ao-jornalista-hollman-morris\\\/\"},\"author\":{\"name\":\"Summer Harlow\",\"@id\":\"https:\\\/\\\/latamjournalismreview.org\\\/pt-br\\\/#\\\/schema\\\/person\\\/571a4b578ae1200d03b8c555e5e75663\"},\"headline\":\"Organiza\u00e7\u00f5es internacionais pedem aos EUA que revejam negativa de visto ao jornalista Hollman Morris\",\"datePublished\":\"2010-07-15T22:44:21+00:00\",\"dateModified\":\"2022-08-18T22:50:56+00:00\",\"mainEntityOfPage\":{\"@id\":\"https:\\\/\\\/latamjournalismreview.org\\\/pt-br\\\/articles\\\/organizacoes-internacionais-pedem-aos-eua-que-revejam-negativa-de-visto-ao-jornalista-hollman-morris\\\/\"},\"wordCount\":685,\"publisher\":{\"@id\":\"https:\\\/\\\/latamjournalismreview.org\\\/pt-br\\\/#organization\"},\"keywords\":[\"Col\u00f4mbia\",\"Liberdade de express\u00e3o\"],\"articleSection\":[\"Liberdade de imprensa\"],\"inLanguage\":\"pt-BR\"},{\"@type\":\"WebPage\",\"@id\":\"https:\\\/\\\/latamjournalismreview.org\\\/pt-br\\\/articles\\\/organizacoes-internacionais-pedem-aos-eua-que-revejam-negativa-de-visto-ao-jornalista-hollman-morris\\\/\",\"url\":\"https:\\\/\\\/latamjournalismreview.org\\\/pt-br\\\/articles\\\/organizacoes-internacionais-pedem-aos-eua-que-revejam-negativa-de-visto-ao-jornalista-hollman-morris\\\/\",\"name\":\"Organiza\u00e7\u00f5es internacionais pedem aos EUA que revejam negativa de visto ao jornalista Hollman Morris - LatAm Journalism Review by the Knight Center\",\"isPartOf\":{\"@id\":\"https:\\\/\\\/latamjournalismreview.org\\\/pt-br\\\/#website\"},\"datePublished\":\"2010-07-15T22:44:21+00:00\",\"dateModified\":\"2022-08-18T22:50:56+00:00\",\"description\":\"Organiza\u00e7\u00f5es internacionais pedem aos EUA que revejam negativa de visto ao jornalista Hollman Morris Liberdade de imprensa. Latin American Journalism Review by The Knight Center at The University of Texas at Austin.\",\"breadcrumb\":{\"@id\":\"https:\\\/\\\/latamjournalismreview.org\\\/pt-br\\\/articles\\\/organizacoes-internacionais-pedem-aos-eua-que-revejam-negativa-de-visto-ao-jornalista-hollman-morris\\\/#breadcrumb\"},\"inLanguage\":\"pt-BR\",\"potentialAction\":[{\"@type\":\"ReadAction\",\"target\":[\"https:\\\/\\\/latamjournalismreview.org\\\/pt-br\\\/articles\\\/organizacoes-internacionais-pedem-aos-eua-que-revejam-negativa-de-visto-ao-jornalista-hollman-morris\\\/\"]}]},{\"@type\":\"BreadcrumbList\",\"@id\":\"https:\\\/\\\/latamjournalismreview.org\\\/pt-br\\\/articles\\\/organizacoes-internacionais-pedem-aos-eua-que-revejam-negativa-de-visto-ao-jornalista-hollman-morris\\\/#breadcrumb\",\"itemListElement\":[{\"@type\":\"ListItem\",\"position\":1,\"name\":\"Home\",\"item\":\"https:\\\/\\\/latamjournalismreview.org\\\/pt-br\\\/\"},{\"@type\":\"ListItem\",\"position\":2,\"name\":\"Organiza\u00e7\u00f5es internacionais pedem aos EUA que revejam negativa de visto ao jornalista Hollman Morris\"}]},{\"@type\":\"WebSite\",\"@id\":\"https:\\\/\\\/latamjournalismreview.org\\\/pt-br\\\/#website\",\"url\":\"https:\\\/\\\/latamjournalismreview.org\\\/pt-br\\\/\",\"name\":\"LatAm Journalism Review\",\"description\":\"Digital magazine on journalism in Latin America\",\"publisher\":{\"@id\":\"https:\\\/\\\/latamjournalismreview.org\\\/pt-br\\\/#organization\"},\"potentialAction\":[{\"@type\":\"SearchAction\",\"target\":{\"@type\":\"EntryPoint\",\"urlTemplate\":\"https:\\\/\\\/latamjournalismreview.org\\\/pt-br\\\/?s={search_term_string}\"},\"query-input\":{\"@type\":\"PropertyValueSpecification\",\"valueRequired\":true,\"valueName\":\"search_term_string\"}}],\"inLanguage\":\"pt-BR\"},{\"@type\":\"Organization\",\"@id\":\"https:\\\/\\\/latamjournalismreview.org\\\/pt-br\\\/#organization\",\"name\":\"LatAm Journalism Review\",\"url\":\"https:\\\/\\\/latamjournalismreview.org\\\/pt-br\\\/\",\"logo\":{\"@type\":\"ImageObject\",\"inLanguage\":\"pt-BR\",\"@id\":\"https:\\\/\\\/latamjournalismreview.org\\\/pt-br\\\/#\\\/schema\\\/logo\\\/image\\\/\",\"url\":\"https:\\\/\\\/latamjournalismreview.org\\\/wp-content\\\/uploads\\\/2020\\\/05\\\/knight-latAm-review-logo.svg\",\"contentUrl\":\"https:\\\/\\\/latamjournalismreview.org\\\/wp-content\\\/uploads\\\/2020\\\/05\\\/knight-latAm-review-logo.svg\",\"width\":\"1024\",\"height\":\"1024\",\"caption\":\"LatAm Journalism Review\"},\"image\":{\"@id\":\"https:\\\/\\\/latamjournalismreview.org\\\/pt-br\\\/#\\\/schema\\\/logo\\\/image\\\/\"},\"sameAs\":[\"https:\\\/\\\/x.com\\\/LatAmJournalism\"]},{\"@type\":\"Person\",\"@id\":\"https:\\\/\\\/latamjournalismreview.org\\\/pt-br\\\/#\\\/schema\\\/person\\\/571a4b578ae1200d03b8c555e5e75663\",\"name\":\"Summer Harlow\",\"url\":\"https:\\\/\\\/latamjournalismreview.org\\\/pt-br\\\/articles\\\/author\\\/summer-harlow\\\/\"}]}<\/script>\n<!-- \/ Yoast SEO Premium plugin. -->","yoast_head_json":{"title":"Organiza\u00e7\u00f5es internacionais pedem aos EUA que revejam negativa de visto ao jornalista Hollman Morris - LatAm Journalism Review by the Knight Center","description":"Organiza\u00e7\u00f5es internacionais pedem aos EUA que revejam negativa de visto ao jornalista Hollman Morris Liberdade de imprensa. Latin American Journalism Review by The Knight Center at The University of Texas at Austin.","robots":{"index":"index","follow":"follow","max-snippet":"max-snippet:-1","max-image-preview":"max-image-preview:large","max-video-preview":"max-video-preview:-1"},"canonical":"https:\/\/latamjournalismreview.org\/pt-br\/articles\/organizacoes-internacionais-pedem-aos-eua-que-revejam-negativa-de-visto-ao-jornalista-hollman-morris\/","og_locale":"pt_BR","og_type":"article","og_title":"Organiza\u00e7\u00f5es internacionais pedem aos EUA que revejam negativa de visto ao jornalista Hollman Morris","og_description":"Organiza\u00e7\u00f5es internacionais pedem aos EUA que revejam negativa de visto ao jornalista Hollman Morris Liberdade de imprensa. Latin American Journalism Review by The Knight Center at The University of Texas at Austin.","og_url":"https:\/\/latamjournalismreview.org\/pt-br\/articles\/organizacoes-internacionais-pedem-aos-eua-que-revejam-negativa-de-visto-ao-jornalista-hollman-morris\/","og_site_name":"LatAm Journalism Review by the Knight Center","article_published_time":"2010-07-15T22:44:21+00:00","article_modified_time":"2022-08-18T22:50:56+00:00","author":"Summer Harlow","twitter_card":"summary_large_image","twitter_creator":"@LatAmJournalism","twitter_site":"@LatAmJournalism","twitter_misc":{"Written by":"Summer Harlow","Est. reading time":"3 minutos"},"schema":{"@context":"https:\/\/schema.org","@graph":[{"@type":"Article","@id":"https:\/\/latamjournalismreview.org\/pt-br\/articles\/organizacoes-internacionais-pedem-aos-eua-que-revejam-negativa-de-visto-ao-jornalista-hollman-morris\/#article","isPartOf":{"@id":"https:\/\/latamjournalismreview.org\/pt-br\/articles\/organizacoes-internacionais-pedem-aos-eua-que-revejam-negativa-de-visto-ao-jornalista-hollman-morris\/"},"author":{"name":"Summer Harlow","@id":"https:\/\/latamjournalismreview.org\/pt-br\/#\/schema\/person\/571a4b578ae1200d03b8c555e5e75663"},"headline":"Organiza\u00e7\u00f5es internacionais pedem aos EUA que revejam negativa de visto ao jornalista Hollman Morris","datePublished":"2010-07-15T22:44:21+00:00","dateModified":"2022-08-18T22:50:56+00:00","mainEntityOfPage":{"@id":"https:\/\/latamjournalismreview.org\/pt-br\/articles\/organizacoes-internacionais-pedem-aos-eua-que-revejam-negativa-de-visto-ao-jornalista-hollman-morris\/"},"wordCount":685,"publisher":{"@id":"https:\/\/latamjournalismreview.org\/pt-br\/#organization"},"keywords":["Col\u00f4mbia","Liberdade de express\u00e3o"],"articleSection":["Liberdade de imprensa"],"inLanguage":"pt-BR"},{"@type":"WebPage","@id":"https:\/\/latamjournalismreview.org\/pt-br\/articles\/organizacoes-internacionais-pedem-aos-eua-que-revejam-negativa-de-visto-ao-jornalista-hollman-morris\/","url":"https:\/\/latamjournalismreview.org\/pt-br\/articles\/organizacoes-internacionais-pedem-aos-eua-que-revejam-negativa-de-visto-ao-jornalista-hollman-morris\/","name":"Organiza\u00e7\u00f5es internacionais pedem aos EUA que revejam negativa de visto ao jornalista Hollman Morris - LatAm Journalism Review by the Knight Center","isPartOf":{"@id":"https:\/\/latamjournalismreview.org\/pt-br\/#website"},"datePublished":"2010-07-15T22:44:21+00:00","dateModified":"2022-08-18T22:50:56+00:00","description":"Organiza\u00e7\u00f5es internacionais pedem aos EUA que revejam negativa de visto ao jornalista Hollman Morris Liberdade de imprensa. Latin American Journalism Review by The Knight Center at The University of Texas at Austin.","breadcrumb":{"@id":"https:\/\/latamjournalismreview.org\/pt-br\/articles\/organizacoes-internacionais-pedem-aos-eua-que-revejam-negativa-de-visto-ao-jornalista-hollman-morris\/#breadcrumb"},"inLanguage":"pt-BR","potentialAction":[{"@type":"ReadAction","target":["https:\/\/latamjournalismreview.org\/pt-br\/articles\/organizacoes-internacionais-pedem-aos-eua-que-revejam-negativa-de-visto-ao-jornalista-hollman-morris\/"]}]},{"@type":"BreadcrumbList","@id":"https:\/\/latamjournalismreview.org\/pt-br\/articles\/organizacoes-internacionais-pedem-aos-eua-que-revejam-negativa-de-visto-ao-jornalista-hollman-morris\/#breadcrumb","itemListElement":[{"@type":"ListItem","position":1,"name":"Home","item":"https:\/\/latamjournalismreview.org\/pt-br\/"},{"@type":"ListItem","position":2,"name":"Organiza\u00e7\u00f5es internacionais pedem aos EUA que revejam negativa de visto ao jornalista Hollman Morris"}]},{"@type":"WebSite","@id":"https:\/\/latamjournalismreview.org\/pt-br\/#website","url":"https:\/\/latamjournalismreview.org\/pt-br\/","name":"LatAm Journalism Review","description":"Digital magazine on journalism in Latin America","publisher":{"@id":"https:\/\/latamjournalismreview.org\/pt-br\/#organization"},"potentialAction":[{"@type":"SearchAction","target":{"@type":"EntryPoint","urlTemplate":"https:\/\/latamjournalismreview.org\/pt-br\/?s={search_term_string}"},"query-input":{"@type":"PropertyValueSpecification","valueRequired":true,"valueName":"search_term_string"}}],"inLanguage":"pt-BR"},{"@type":"Organization","@id":"https:\/\/latamjournalismreview.org\/pt-br\/#organization","name":"LatAm Journalism Review","url":"https:\/\/latamjournalismreview.org\/pt-br\/","logo":{"@type":"ImageObject","inLanguage":"pt-BR","@id":"https:\/\/latamjournalismreview.org\/pt-br\/#\/schema\/logo\/image\/","url":"https:\/\/latamjournalismreview.org\/wp-content\/uploads\/2020\/05\/knight-latAm-review-logo.svg","contentUrl":"https:\/\/latamjournalismreview.org\/wp-content\/uploads\/2020\/05\/knight-latAm-review-logo.svg","width":"1024","height":"1024","caption":"LatAm Journalism Review"},"image":{"@id":"https:\/\/latamjournalismreview.org\/pt-br\/#\/schema\/logo\/image\/"},"sameAs":["https:\/\/x.com\/LatAmJournalism"]},{"@type":"Person","@id":"https:\/\/latamjournalismreview.org\/pt-br\/#\/schema\/person\/571a4b578ae1200d03b8c555e5e75663","name":"Summer Harlow","url":"https:\/\/latamjournalismreview.org\/pt-br\/articles\/author\/summer-harlow\/"}]}},"_links":{"self":[{"href":"https:\/\/latamjournalismreview.org\/pt-br\/wp-json\/wp\/v2\/posts\/65270","targetHints":{"allow":["GET"]}}],"collection":[{"href":"https:\/\/latamjournalismreview.org\/pt-br\/wp-json\/wp\/v2\/posts"}],"about":[{"href":"https:\/\/latamjournalismreview.org\/pt-br\/wp-json\/wp\/v2\/types\/post"}],"author":[{"embeddable":true,"href":"https:\/\/latamjournalismreview.org\/pt-br\/wp-json\/wp\/v2\/users\/41"}],"replies":[{"embeddable":true,"href":"https:\/\/latamjournalismreview.org\/pt-br\/wp-json\/wp\/v2\/comments?post=65270"}],"version-history":[{"count":1,"href":"https:\/\/latamjournalismreview.org\/pt-br\/wp-json\/wp\/v2\/posts\/65270\/revisions"}],"predecessor-version":[{"id":65275,"href":"https:\/\/latamjournalismreview.org\/pt-br\/wp-json\/wp\/v2\/posts\/65270\/revisions\/65275"}],"wp:attachment":[{"href":"https:\/\/latamjournalismreview.org\/pt-br\/wp-json\/wp\/v2\/media?parent=65270"}],"wp:term":[{"taxonomy":"category","embeddable":true,"href":"https:\/\/latamjournalismreview.org\/pt-br\/wp-json\/wp\/v2\/categories?post=65270"},{"taxonomy":"post_tag","embeddable":true,"href":"https:\/\/latamjournalismreview.org\/pt-br\/wp-json\/wp\/v2\/tags?post=65270"},{"taxonomy":"author","embeddable":true,"href":"https:\/\/latamjournalismreview.org\/pt-br\/wp-json\/wp\/v2\/coauthors?post=65270"}],"curies":[{"name":"wp","href":"https:\/\/api.w.org\/{rel}","templated":true}]}}