{"id":65381,"date":"2010-07-22T12:59:13","date_gmt":"2010-07-22T17:59:13","guid":{"rendered":"https:\/\/latamjournalismreview.org\/?p=65381"},"modified":"2022-08-19T13:01:37","modified_gmt":"2022-08-19T18:01:37","slug":"universidade-de-columbia-premia-jornalistas-pela-cobertura-da-america-latina","status":"publish","type":"post","link":"https:\/\/latamjournalismreview.org\/pt-br\/articles\/universidade-de-columbia-premia-jornalistas-pela-cobertura-da-america-latina\/","title":{"rendered":"Universidade de Columbia premia jornalistas pela cobertura da Am\u00e9rica Latina"},"content":{"rendered":"<p><em>Por Ingrid Bachmann<\/em><\/p>\n<p>A Escola de Jornalismo da Universidade de Columbia anunciou os quatro vencedores da edi\u00e7\u00e3o 2010 do\u00a0<a href=\"http:\/\/www.journalism.columbia.edu\/cs\/ContentServer\/jrn\/1165270052298\/JRN_News_C\/1212612719873\/JRNNewsDetail.htm\">Pr\u00eamio Maria Moors Cabot de Jornalismo<\/a>, que escolhe os melhores trabalhos de cobertura da Am\u00e9rica Latina e do Caribe.<\/p>\n<p>Um dos vencedores \u00e9 o proeminente jornalista nicaraguense\u00a0<a href=\"http:\/\/knightcenter.utexas.edu\/archive\/blog\/?q=pt-br\/search\/node\/carlos+fernando+chamorro\">Carlos Fernando Chamorro<\/a>, diretor do programa \"Esta Noche\" e do seman\u00e1rio \"Confidencial\". A vida pessoal de Chamorro \"est\u00e1 relacionada a todos os cap\u00edtulos dolorosos da hist\u00f3ria recente da Nicar\u00e1gua\", dizem os organizadores do pr\u00eamio em um\u00a0<a href=\"http:\/\/www.journalism.columbia.edu\/cs\/ContentServer\/jrn\/1165270052298\/JRN_News_C\/1212612719873\/JRNNewsDetail.htm\">comunicado<\/a>, e seu trabalho se caracteriza por \"sua exatid\u00e3o e imparcialidade em um ambiente altamente politizado.\"<\/p>\n<p>O pai do jornalista,\u00a0<a href=\"http:\/\/es.wikipedia.org\/wiki\/Pedro_Joaqu%C3%ADn_Chamorro_Cardenal\">Pedro Joaqu\u00edn Chamorro<\/a>, recebeu o mesmo pr\u00eamio em 1977, meses antes de ser morto durante a\u00a0<a href=\"http:\/\/pt.wikipedia.org\/wiki\/Anastasio_Somoza_Debayle\">ditadura de Anastasio Somoza<\/a>, lembrou\u00a0<a href=\"http:\/\/www.laprensa.com.ni\/2010\/07\/21\/nacionales\/32220\">La Prensa<\/a>. \"Eu sou obrigado a aceit\u00e1-lo com humildade, reconhecendo que isto me imp\u00f5e um compromisso ainda maior de honrar duplamente a sua mem\u00f3ria\", declarou Chamorro ao\u00a0<a href=\"http:\/\/www.elnuevodiario.com.ni\/nacionales\/79350\">Nuevo Diario<\/a>.<\/p>\n<p>O jornalista americano Norman Gall, que trabalha em S\u00e3o Paulo desde 1977, tamb\u00e9m foi premiado por seus coment\u00e1rios e an\u00e1lises sobre a Am\u00e9rica Latina, atualmente publicados em ingl\u00eas, portugu\u00eas e espanhol atrav\u00e9s do\u00a0<a href=\"http:\/\/www.braudel.org.br\/\">Instituto Fernand Braudel de Economia Mundial<\/a>: \"Seu trabalho \u00e9 inigual\u00e1vel em qualidade, abrang\u00eancia e alcance.\"<\/p>\n<p>Outro vencedor \u00e9 o rep\u00f3rter americano Tyler Bridges, freelancer no Peru, cobrindo a Am\u00e9rica Latina. \"Mesmo depois que o Miami Herald eliminou sua posi\u00e7\u00e3o como rep\u00f3rter em per\u00edodo integral, ele continuou em Lima escrevendo para uma variedade de publica\u00e7\u00f5es\", dizem os organizadores do pr\u00eamio. \"Ele se tornou um dos principais rep\u00f3rteres da regi\u00e3o para os leitores americanos\".<\/p>\n<p>O tamb\u00e9m premiado jornalista Joaquim Ibarz, correspondente no M\u00e9xico do jornal espanhol La Vanguardia e autor do blog\u00a0<a href=\"http:\/\/www.lavanguardia.es\/mexico\/index.html\">Diario da Am\u00e9rica Latina<\/a>, \u00e9 reconhecido por \"fazer seu trabalho com o entusiasmo contagiante de um jovem rep\u00f3rter\".<\/p>\n<p>Os organizadores do Pr\u00eamio Moors Cabot fizeram ainda uma men\u00e7\u00e3o honrosa \u00e0 r\u00e1dio haitiana\u00a0<a href=\"http:\/\/www.signalfmhaiti.com\/\">Signal FM<\/a>\u00a0e ao programa da CNN\u00a0<a href=\"http:\/\/ac360.blogs.cnn.com\/\">Anderson Cooper 360\u00ba<\/a>, pela\u00a0<a href=\"http:\/\/knightcenter.utexas.edu\/archive\/blog\/?q=pt-br\/node\/6213\">cobertura do terremoto<\/a>\u00a0que assolou o Haiti em janeiro.<\/p>\n<p>Leia mais sobre os vencedores\u00a0<a href=\"http:\/\/www.journalism.columbia.edu\/cs\/ContentServer?pagename=JRN\/Render\/DocURL&amp;binaryid=1212612719625\">aqui<\/a>\u00a0(PDF, em ingl\u00eas).<\/p>\n<p><em>Nota do editor: Essa hist\u00f3ria foi publicada originalmente no blog de jornalismo nas Am\u00e9ricas do Centro Knight, o predecessor do LatAm Journalism Review.<\/em><\/p>\n","protected":false},"excerpt":{"rendered":"<p>A Escola de Jornalismo da Universidade de Columbia anunciou os quatro vencedores da edi\u00e7\u00e3o 2010 do\u00a0Pr\u00eamio Maria Moors Cabot de Jornalismo, que escolhe os melhores trabalhos de cobertura da Am\u00e9rica Latina e do Caribe.<\/p>\n","protected":false},"author":17,"featured_media":0,"comment_status":"closed","ping_status":"closed","sticky":false,"template":"","format":"standard","meta":{"inline_featured_image":false,"footnotes":""},"categories":[1353],"tags":[1535,1591,1559],"coauthors":[],"class_list":["post-65381","post","type-post","status-publish","format-standard","hentry","category-premios-e-oportunidades-pt-br","tag-haiti-pt-br","tag-nicaragua-pt-br","tag-premios-pt-br"],"acf":[],"yoast_head":"<!-- This site is optimized with the Yoast SEO Premium plugin v22.6 (Yoast SEO v27.4) - https:\/\/yoast.com\/product\/yoast-seo-premium-wordpress\/ -->\n<title>Universidade de Columbia premia jornalistas pela cobertura da Am\u00e9rica Latina - LatAm Journalism Review by the Knight Center<\/title>\n<meta name=\"description\" content=\"Universidade de Columbia premia jornalistas pela cobertura da Am\u00e9rica Latina Pr\u00eamios e oportunidades. Latin American Journalism Review by The Knight Center at The University of Texas at Austin.\" \/>\n<meta name=\"robots\" content=\"index, follow, max-snippet:-1, max-image-preview:large, max-video-preview:-1\" \/>\n<link rel=\"canonical\" href=\"https:\/\/latamjournalismreview.org\/pt-br\/articles\/universidade-de-columbia-premia-jornalistas-pela-cobertura-da-america-latina\/\" \/>\n<meta property=\"og:locale\" content=\"pt_BR\" \/>\n<meta property=\"og:type\" content=\"article\" \/>\n<meta property=\"og:title\" content=\"Universidade de Columbia premia jornalistas pela cobertura da Am\u00e9rica Latina\" \/>\n<meta property=\"og:description\" content=\"Universidade de Columbia premia jornalistas pela cobertura da Am\u00e9rica Latina Pr\u00eamios e oportunidades. Latin American Journalism Review by The Knight Center at The University of Texas at Austin.\" \/>\n<meta property=\"og:url\" content=\"https:\/\/latamjournalismreview.org\/pt-br\/articles\/universidade-de-columbia-premia-jornalistas-pela-cobertura-da-america-latina\/\" \/>\n<meta property=\"og:site_name\" content=\"LatAm Journalism Review by the Knight Center\" \/>\n<meta property=\"article:published_time\" content=\"2010-07-22T17:59:13+00:00\" \/>\n<meta property=\"article:modified_time\" content=\"2022-08-19T18:01:37+00:00\" \/>\n<meta name=\"author\" content=\"Guest\" \/>\n<meta name=\"twitter:card\" content=\"summary_large_image\" \/>\n<meta name=\"twitter:creator\" content=\"@LatAmJournalism\" \/>\n<meta name=\"twitter:site\" content=\"@LatAmJournalism\" \/>\n<meta name=\"twitter:label1\" content=\"Written by\" \/>\n\t<meta name=\"twitter:data1\" content=\"Guest\" \/>\n\t<meta name=\"twitter:label2\" content=\"Est. reading time\" \/>\n\t<meta name=\"twitter:data2\" content=\"2 minutos\" \/>\n<script type=\"application\/ld+json\" class=\"yoast-schema-graph\">{\"@context\":\"https:\\\/\\\/schema.org\",\"@graph\":[{\"@type\":\"Article\",\"@id\":\"https:\\\/\\\/latamjournalismreview.org\\\/pt-br\\\/articles\\\/universidade-de-columbia-premia-jornalistas-pela-cobertura-da-america-latina\\\/#article\",\"isPartOf\":{\"@id\":\"https:\\\/\\\/latamjournalismreview.org\\\/pt-br\\\/articles\\\/universidade-de-columbia-premia-jornalistas-pela-cobertura-da-america-latina\\\/\"},\"author\":{\"name\":\"Guest\",\"@id\":\"https:\\\/\\\/latamjournalismreview.org\\\/pt-br\\\/#\\\/schema\\\/person\\\/0315202e0b3c0963a2440f1c3012c360\"},\"headline\":\"Universidade de Columbia premia jornalistas pela cobertura da Am\u00e9rica Latina\",\"datePublished\":\"2010-07-22T17:59:13+00:00\",\"dateModified\":\"2022-08-19T18:01:37+00:00\",\"mainEntityOfPage\":{\"@id\":\"https:\\\/\\\/latamjournalismreview.org\\\/pt-br\\\/articles\\\/universidade-de-columbia-premia-jornalistas-pela-cobertura-da-america-latina\\\/\"},\"wordCount\":404,\"publisher\":{\"@id\":\"https:\\\/\\\/latamjournalismreview.org\\\/pt-br\\\/#organization\"},\"keywords\":[\"Haiti\",\"Nicar\u00e1gua\",\"Pr\u00eamios\"],\"articleSection\":[\"Pr\u00eamios e oportunidades\"],\"inLanguage\":\"pt-BR\"},{\"@type\":\"WebPage\",\"@id\":\"https:\\\/\\\/latamjournalismreview.org\\\/pt-br\\\/articles\\\/universidade-de-columbia-premia-jornalistas-pela-cobertura-da-america-latina\\\/\",\"url\":\"https:\\\/\\\/latamjournalismreview.org\\\/pt-br\\\/articles\\\/universidade-de-columbia-premia-jornalistas-pela-cobertura-da-america-latina\\\/\",\"name\":\"Universidade de Columbia premia jornalistas pela cobertura da Am\u00e9rica Latina - LatAm Journalism Review by the Knight Center\",\"isPartOf\":{\"@id\":\"https:\\\/\\\/latamjournalismreview.org\\\/pt-br\\\/#website\"},\"datePublished\":\"2010-07-22T17:59:13+00:00\",\"dateModified\":\"2022-08-19T18:01:37+00:00\",\"description\":\"Universidade de Columbia premia jornalistas pela cobertura da Am\u00e9rica Latina Pr\u00eamios e oportunidades. Latin American Journalism Review by The Knight Center at The University of Texas at Austin.\",\"breadcrumb\":{\"@id\":\"https:\\\/\\\/latamjournalismreview.org\\\/pt-br\\\/articles\\\/universidade-de-columbia-premia-jornalistas-pela-cobertura-da-america-latina\\\/#breadcrumb\"},\"inLanguage\":\"pt-BR\",\"potentialAction\":[{\"@type\":\"ReadAction\",\"target\":[\"https:\\\/\\\/latamjournalismreview.org\\\/pt-br\\\/articles\\\/universidade-de-columbia-premia-jornalistas-pela-cobertura-da-america-latina\\\/\"]}]},{\"@type\":\"BreadcrumbList\",\"@id\":\"https:\\\/\\\/latamjournalismreview.org\\\/pt-br\\\/articles\\\/universidade-de-columbia-premia-jornalistas-pela-cobertura-da-america-latina\\\/#breadcrumb\",\"itemListElement\":[{\"@type\":\"ListItem\",\"position\":1,\"name\":\"Home\",\"item\":\"https:\\\/\\\/latamjournalismreview.org\\\/pt-br\\\/\"},{\"@type\":\"ListItem\",\"position\":2,\"name\":\"Universidade de Columbia premia jornalistas pela cobertura da Am\u00e9rica Latina\"}]},{\"@type\":\"WebSite\",\"@id\":\"https:\\\/\\\/latamjournalismreview.org\\\/pt-br\\\/#website\",\"url\":\"https:\\\/\\\/latamjournalismreview.org\\\/pt-br\\\/\",\"name\":\"LatAm Journalism Review\",\"description\":\"Digital magazine on journalism in Latin America\",\"publisher\":{\"@id\":\"https:\\\/\\\/latamjournalismreview.org\\\/pt-br\\\/#organization\"},\"potentialAction\":[{\"@type\":\"SearchAction\",\"target\":{\"@type\":\"EntryPoint\",\"urlTemplate\":\"https:\\\/\\\/latamjournalismreview.org\\\/pt-br\\\/?s={search_term_string}\"},\"query-input\":{\"@type\":\"PropertyValueSpecification\",\"valueRequired\":true,\"valueName\":\"search_term_string\"}}],\"inLanguage\":\"pt-BR\"},{\"@type\":\"Organization\",\"@id\":\"https:\\\/\\\/latamjournalismreview.org\\\/pt-br\\\/#organization\",\"name\":\"LatAm Journalism Review\",\"url\":\"https:\\\/\\\/latamjournalismreview.org\\\/pt-br\\\/\",\"logo\":{\"@type\":\"ImageObject\",\"inLanguage\":\"pt-BR\",\"@id\":\"https:\\\/\\\/latamjournalismreview.org\\\/pt-br\\\/#\\\/schema\\\/logo\\\/image\\\/\",\"url\":\"https:\\\/\\\/latamjournalismreview.org\\\/wp-content\\\/uploads\\\/2020\\\/05\\\/knight-latAm-review-logo.svg\",\"contentUrl\":\"https:\\\/\\\/latamjournalismreview.org\\\/wp-content\\\/uploads\\\/2020\\\/05\\\/knight-latAm-review-logo.svg\",\"width\":\"1024\",\"height\":\"1024\",\"caption\":\"LatAm Journalism Review\"},\"image\":{\"@id\":\"https:\\\/\\\/latamjournalismreview.org\\\/pt-br\\\/#\\\/schema\\\/logo\\\/image\\\/\"},\"sameAs\":[\"https:\\\/\\\/x.com\\\/LatAmJournalism\"]},{\"@type\":\"Person\",\"@id\":\"https:\\\/\\\/latamjournalismreview.org\\\/pt-br\\\/#\\\/schema\\\/person\\\/0315202e0b3c0963a2440f1c3012c360\",\"name\":\"Guest\",\"url\":\"https:\\\/\\\/latamjournalismreview.org\\\/pt-br\\\/articles\\\/author\\\/guest\\\/\"}]}<\/script>\n<!-- \/ Yoast SEO Premium plugin. -->","yoast_head_json":{"title":"Universidade de Columbia premia jornalistas pela cobertura da Am\u00e9rica Latina - LatAm Journalism Review by the Knight Center","description":"Universidade de Columbia premia jornalistas pela cobertura da Am\u00e9rica Latina Pr\u00eamios e oportunidades. Latin American Journalism Review by The Knight Center at The University of Texas at Austin.","robots":{"index":"index","follow":"follow","max-snippet":"max-snippet:-1","max-image-preview":"max-image-preview:large","max-video-preview":"max-video-preview:-1"},"canonical":"https:\/\/latamjournalismreview.org\/pt-br\/articles\/universidade-de-columbia-premia-jornalistas-pela-cobertura-da-america-latina\/","og_locale":"pt_BR","og_type":"article","og_title":"Universidade de Columbia premia jornalistas pela cobertura da Am\u00e9rica Latina","og_description":"Universidade de Columbia premia jornalistas pela cobertura da Am\u00e9rica Latina Pr\u00eamios e oportunidades. Latin American Journalism Review by The Knight Center at The University of Texas at Austin.","og_url":"https:\/\/latamjournalismreview.org\/pt-br\/articles\/universidade-de-columbia-premia-jornalistas-pela-cobertura-da-america-latina\/","og_site_name":"LatAm Journalism Review by the Knight Center","article_published_time":"2010-07-22T17:59:13+00:00","article_modified_time":"2022-08-19T18:01:37+00:00","author":"Guest","twitter_card":"summary_large_image","twitter_creator":"@LatAmJournalism","twitter_site":"@LatAmJournalism","twitter_misc":{"Written by":"Guest","Est. reading time":"2 minutos"},"schema":{"@context":"https:\/\/schema.org","@graph":[{"@type":"Article","@id":"https:\/\/latamjournalismreview.org\/pt-br\/articles\/universidade-de-columbia-premia-jornalistas-pela-cobertura-da-america-latina\/#article","isPartOf":{"@id":"https:\/\/latamjournalismreview.org\/pt-br\/articles\/universidade-de-columbia-premia-jornalistas-pela-cobertura-da-america-latina\/"},"author":{"name":"Guest","@id":"https:\/\/latamjournalismreview.org\/pt-br\/#\/schema\/person\/0315202e0b3c0963a2440f1c3012c360"},"headline":"Universidade de Columbia premia jornalistas pela cobertura da Am\u00e9rica Latina","datePublished":"2010-07-22T17:59:13+00:00","dateModified":"2022-08-19T18:01:37+00:00","mainEntityOfPage":{"@id":"https:\/\/latamjournalismreview.org\/pt-br\/articles\/universidade-de-columbia-premia-jornalistas-pela-cobertura-da-america-latina\/"},"wordCount":404,"publisher":{"@id":"https:\/\/latamjournalismreview.org\/pt-br\/#organization"},"keywords":["Haiti","Nicar\u00e1gua","Pr\u00eamios"],"articleSection":["Pr\u00eamios e oportunidades"],"inLanguage":"pt-BR"},{"@type":"WebPage","@id":"https:\/\/latamjournalismreview.org\/pt-br\/articles\/universidade-de-columbia-premia-jornalistas-pela-cobertura-da-america-latina\/","url":"https:\/\/latamjournalismreview.org\/pt-br\/articles\/universidade-de-columbia-premia-jornalistas-pela-cobertura-da-america-latina\/","name":"Universidade de Columbia premia jornalistas pela cobertura da Am\u00e9rica Latina - LatAm Journalism Review by the Knight Center","isPartOf":{"@id":"https:\/\/latamjournalismreview.org\/pt-br\/#website"},"datePublished":"2010-07-22T17:59:13+00:00","dateModified":"2022-08-19T18:01:37+00:00","description":"Universidade de Columbia premia jornalistas pela cobertura da Am\u00e9rica Latina Pr\u00eamios e oportunidades. Latin American Journalism Review by The Knight Center at The University of Texas at Austin.","breadcrumb":{"@id":"https:\/\/latamjournalismreview.org\/pt-br\/articles\/universidade-de-columbia-premia-jornalistas-pela-cobertura-da-america-latina\/#breadcrumb"},"inLanguage":"pt-BR","potentialAction":[{"@type":"ReadAction","target":["https:\/\/latamjournalismreview.org\/pt-br\/articles\/universidade-de-columbia-premia-jornalistas-pela-cobertura-da-america-latina\/"]}]},{"@type":"BreadcrumbList","@id":"https:\/\/latamjournalismreview.org\/pt-br\/articles\/universidade-de-columbia-premia-jornalistas-pela-cobertura-da-america-latina\/#breadcrumb","itemListElement":[{"@type":"ListItem","position":1,"name":"Home","item":"https:\/\/latamjournalismreview.org\/pt-br\/"},{"@type":"ListItem","position":2,"name":"Universidade de Columbia premia jornalistas pela cobertura da Am\u00e9rica Latina"}]},{"@type":"WebSite","@id":"https:\/\/latamjournalismreview.org\/pt-br\/#website","url":"https:\/\/latamjournalismreview.org\/pt-br\/","name":"LatAm Journalism Review","description":"Digital magazine on journalism in Latin America","publisher":{"@id":"https:\/\/latamjournalismreview.org\/pt-br\/#organization"},"potentialAction":[{"@type":"SearchAction","target":{"@type":"EntryPoint","urlTemplate":"https:\/\/latamjournalismreview.org\/pt-br\/?s={search_term_string}"},"query-input":{"@type":"PropertyValueSpecification","valueRequired":true,"valueName":"search_term_string"}}],"inLanguage":"pt-BR"},{"@type":"Organization","@id":"https:\/\/latamjournalismreview.org\/pt-br\/#organization","name":"LatAm Journalism Review","url":"https:\/\/latamjournalismreview.org\/pt-br\/","logo":{"@type":"ImageObject","inLanguage":"pt-BR","@id":"https:\/\/latamjournalismreview.org\/pt-br\/#\/schema\/logo\/image\/","url":"https:\/\/latamjournalismreview.org\/wp-content\/uploads\/2020\/05\/knight-latAm-review-logo.svg","contentUrl":"https:\/\/latamjournalismreview.org\/wp-content\/uploads\/2020\/05\/knight-latAm-review-logo.svg","width":"1024","height":"1024","caption":"LatAm Journalism Review"},"image":{"@id":"https:\/\/latamjournalismreview.org\/pt-br\/#\/schema\/logo\/image\/"},"sameAs":["https:\/\/x.com\/LatAmJournalism"]},{"@type":"Person","@id":"https:\/\/latamjournalismreview.org\/pt-br\/#\/schema\/person\/0315202e0b3c0963a2440f1c3012c360","name":"Guest","url":"https:\/\/latamjournalismreview.org\/pt-br\/articles\/author\/guest\/"}]}},"_links":{"self":[{"href":"https:\/\/latamjournalismreview.org\/pt-br\/wp-json\/wp\/v2\/posts\/65381","targetHints":{"allow":["GET"]}}],"collection":[{"href":"https:\/\/latamjournalismreview.org\/pt-br\/wp-json\/wp\/v2\/posts"}],"about":[{"href":"https:\/\/latamjournalismreview.org\/pt-br\/wp-json\/wp\/v2\/types\/post"}],"author":[{"embeddable":true,"href":"https:\/\/latamjournalismreview.org\/pt-br\/wp-json\/wp\/v2\/users\/17"}],"replies":[{"embeddable":true,"href":"https:\/\/latamjournalismreview.org\/pt-br\/wp-json\/wp\/v2\/comments?post=65381"}],"version-history":[{"count":1,"href":"https:\/\/latamjournalismreview.org\/pt-br\/wp-json\/wp\/v2\/posts\/65381\/revisions"}],"predecessor-version":[{"id":65386,"href":"https:\/\/latamjournalismreview.org\/pt-br\/wp-json\/wp\/v2\/posts\/65381\/revisions\/65386"}],"wp:attachment":[{"href":"https:\/\/latamjournalismreview.org\/pt-br\/wp-json\/wp\/v2\/media?parent=65381"}],"wp:term":[{"taxonomy":"category","embeddable":true,"href":"https:\/\/latamjournalismreview.org\/pt-br\/wp-json\/wp\/v2\/categories?post=65381"},{"taxonomy":"post_tag","embeddable":true,"href":"https:\/\/latamjournalismreview.org\/pt-br\/wp-json\/wp\/v2\/tags?post=65381"},{"taxonomy":"author","embeddable":true,"href":"https:\/\/latamjournalismreview.org\/pt-br\/wp-json\/wp\/v2\/coauthors?post=65381"}],"curies":[{"name":"wp","href":"https:\/\/api.w.org\/{rel}","templated":true}]}}