{"id":65635,"date":"2010-06-01T10:46:52","date_gmt":"2010-06-01T15:46:52","guid":{"rendered":"https:\/\/latamjournalismreview.org\/?p=65635"},"modified":"2022-08-22T10:49:23","modified_gmt":"2022-08-22T15:49:23","slug":"dono-de-jornal-acusado-de-extorquir-deputado-sai-da-prisao","status":"publish","type":"post","link":"https:\/\/latamjournalismreview.org\/pt-br\/articles\/dono-de-jornal-acusado-de-extorquir-deputado-sai-da-prisao\/","title":{"rendered":"Dono de jornal acusado de extorquir deputado sai da pris\u00e3o"},"content":{"rendered":"<p><em>Por Maira Magro<br \/>\n<\/em><\/p>\n<p>Maur\u00edcio Machado, dono do Jornal Atualidades, da cidade de Mar\u00edlia, no interior de S\u00e3o Paulo, recebeu liberdade provis\u00f3ria no dia 27 de maio, informou\u00a0<a href=\"http:\/\/www.estadao.com.br\/noticias\/nacional,juiz-libera-dono-de-jornal-acusado-de-extorquir-deputado,558141,0.htm\">O Estado de S. Paulo<\/a>. Ele estava preso desde o dia 21, acusado pelo Minist\u00e9rio P\u00fablico Federal (MPF) de extorquir o deputado federal S\u00e9rgio Nechar (PP-SP). Mas a Justi\u00e7a permitiu que aguarde o julgamento em liberdade.<\/p>\n<p>O empres\u00e1rio e jornalista teria passado a publicar inverdades sobre o deputado para for\u00e7\u00e1-lo a destinar verbas publicit\u00e1rias ao jornal, diz a den\u00fancia do MPF, citada pelo Estad\u00e3o. Segundo o\u00a0<a href=\"http:\/\/noticias.terra.com.br\/brasil\/noticias\/0,,OI4453864-EI5030,00-SP+MPF+denuncia+jornalista+por+extorquir+deputado+federal.html\">Portal Terra<\/a>, Machado foi filmado no escrit\u00f3rio do deputado, supostamente exigindo o pagamento de R$ 15 mil para n\u00e3o publicar mat\u00e9rias contra ele, al\u00e9m de outras demandas.<\/p>\n<p>Em uma coletiva de imprensa depois de deixar a pris\u00e3o, o empres\u00e1rio fez diversas acusa\u00e7\u00f5es contra o deputado e negou qualquer tentativa de extors\u00e3o: afirmou que recebia uma parcela de uma d\u00edvida do pol\u00edtico com o jornal,\u00a0<a href=\"http:\/\/www.diariodemarilia.com.br\/Noticias\/83237\/Ex-scios-Palhinha-acusa-Nechar-de-manter-laranjas-em-negcio\">conta o Di\u00e1rio de Mar\u00edlia<\/a>.<\/p>\n<p><em>Nota do editor: Essa hist\u00f3ria foi publicada originalmente no blog de jornalismo nas Am\u00e9ricas do Centro Knight, o predecessor do LatAm Journalism Review.<\/em><\/p>\n","protected":false},"excerpt":{"rendered":"<p>Maur\u00edcio Machado, dono do Jornal Atualidades, da cidade de Mar\u00edlia, no interior de S\u00e3o Paulo, recebeu liberdade provis\u00f3ria no dia 27 de maio, informou\u00a0O Estado de S. Paulo. Ele estava preso desde o dia 21, acusado pelo Minist\u00e9rio P\u00fablico Federal (MPF) de extorquir o deputado federal S\u00e9rgio Nechar (PP-SP). Mas a Justi\u00e7a permitiu que aguarde o julgamento em liberdade.<\/p>\n","protected":false},"author":17,"featured_media":0,"comment_status":"closed","ping_status":"closed","sticky":false,"template":"","format":"standard","meta":{"inline_featured_image":false,"footnotes":""},"categories":[1235],"tags":[1567,1576,1621],"coauthors":[],"class_list":["post-65635","post","type-post","status-publish","format-standard","hentry","category-noticias-falsas-e-desinformacao-pt-br","tag-detencoes-pt-br","tag-noticias-falsas-pt-br","tag-publicidade-oficial-pt-br"],"acf":[],"yoast_head":"<!-- This site is optimized with the Yoast SEO Premium plugin v22.6 (Yoast SEO v27.4) - https:\/\/yoast.com\/product\/yoast-seo-premium-wordpress\/ -->\n<title>Dono de jornal acusado de extorquir deputado sai da pris\u00e3o - LatAm Journalism Review by the Knight Center<\/title>\n<meta name=\"description\" content=\"Dono de jornal acusado de extorquir deputado sai da pris\u00e3o Not\u00edcias falsas e desinforma\u00e7\u00e3o. Latin American Journalism Review by The Knight Center at The University of Texas at Austin.\" \/>\n<meta name=\"robots\" content=\"index, follow, max-snippet:-1, max-image-preview:large, max-video-preview:-1\" \/>\n<link rel=\"canonical\" href=\"https:\/\/latamjournalismreview.org\/pt-br\/articles\/dono-de-jornal-acusado-de-extorquir-deputado-sai-da-prisao\/\" \/>\n<meta property=\"og:locale\" content=\"pt_BR\" \/>\n<meta property=\"og:type\" content=\"article\" \/>\n<meta property=\"og:title\" content=\"Dono de jornal acusado de extorquir deputado sai da pris\u00e3o\" \/>\n<meta property=\"og:description\" content=\"Dono de jornal acusado de extorquir deputado sai da pris\u00e3o Not\u00edcias falsas e desinforma\u00e7\u00e3o. Latin American Journalism Review by The Knight Center at The University of Texas at Austin.\" \/>\n<meta property=\"og:url\" content=\"https:\/\/latamjournalismreview.org\/pt-br\/articles\/dono-de-jornal-acusado-de-extorquir-deputado-sai-da-prisao\/\" \/>\n<meta property=\"og:site_name\" content=\"LatAm Journalism Review by the Knight Center\" \/>\n<meta property=\"article:published_time\" content=\"2010-06-01T15:46:52+00:00\" \/>\n<meta property=\"article:modified_time\" content=\"2022-08-22T15:49:23+00:00\" \/>\n<meta name=\"author\" content=\"Guest\" \/>\n<meta name=\"twitter:card\" content=\"summary_large_image\" \/>\n<meta name=\"twitter:creator\" content=\"@LatAmJournalism\" \/>\n<meta name=\"twitter:site\" content=\"@LatAmJournalism\" \/>\n<meta name=\"twitter:label1\" content=\"Written by\" \/>\n\t<meta name=\"twitter:data1\" content=\"Guest\" \/>\n\t<meta name=\"twitter:label2\" content=\"Est. reading time\" \/>\n\t<meta name=\"twitter:data2\" content=\"1 minuto\" \/>\n<script type=\"application\/ld+json\" class=\"yoast-schema-graph\">{\"@context\":\"https:\\\/\\\/schema.org\",\"@graph\":[{\"@type\":\"Article\",\"@id\":\"https:\\\/\\\/latamjournalismreview.org\\\/pt-br\\\/articles\\\/dono-de-jornal-acusado-de-extorquir-deputado-sai-da-prisao\\\/#article\",\"isPartOf\":{\"@id\":\"https:\\\/\\\/latamjournalismreview.org\\\/pt-br\\\/articles\\\/dono-de-jornal-acusado-de-extorquir-deputado-sai-da-prisao\\\/\"},\"author\":{\"name\":\"Guest\",\"@id\":\"https:\\\/\\\/latamjournalismreview.org\\\/pt-br\\\/#\\\/schema\\\/person\\\/0315202e0b3c0963a2440f1c3012c360\"},\"headline\":\"Dono de jornal acusado de extorquir deputado sai da pris\u00e3o\",\"datePublished\":\"2010-06-01T15:46:52+00:00\",\"dateModified\":\"2022-08-22T15:49:23+00:00\",\"mainEntityOfPage\":{\"@id\":\"https:\\\/\\\/latamjournalismreview.org\\\/pt-br\\\/articles\\\/dono-de-jornal-acusado-de-extorquir-deputado-sai-da-prisao\\\/\"},\"wordCount\":220,\"publisher\":{\"@id\":\"https:\\\/\\\/latamjournalismreview.org\\\/pt-br\\\/#organization\"},\"keywords\":[\"Deten\u00e7\u00f5es\",\"Not\u00edcias falsas\",\"Publicidade oficial\"],\"articleSection\":[\"Not\u00edcias falsas e desinforma\u00e7\u00e3o\"],\"inLanguage\":\"pt-BR\"},{\"@type\":\"WebPage\",\"@id\":\"https:\\\/\\\/latamjournalismreview.org\\\/pt-br\\\/articles\\\/dono-de-jornal-acusado-de-extorquir-deputado-sai-da-prisao\\\/\",\"url\":\"https:\\\/\\\/latamjournalismreview.org\\\/pt-br\\\/articles\\\/dono-de-jornal-acusado-de-extorquir-deputado-sai-da-prisao\\\/\",\"name\":\"Dono de jornal acusado de extorquir deputado sai da pris\u00e3o - LatAm Journalism Review by the Knight Center\",\"isPartOf\":{\"@id\":\"https:\\\/\\\/latamjournalismreview.org\\\/pt-br\\\/#website\"},\"datePublished\":\"2010-06-01T15:46:52+00:00\",\"dateModified\":\"2022-08-22T15:49:23+00:00\",\"description\":\"Dono de jornal acusado de extorquir deputado sai da pris\u00e3o Not\u00edcias falsas e desinforma\u00e7\u00e3o. Latin American Journalism Review by The Knight Center at The University of Texas at Austin.\",\"breadcrumb\":{\"@id\":\"https:\\\/\\\/latamjournalismreview.org\\\/pt-br\\\/articles\\\/dono-de-jornal-acusado-de-extorquir-deputado-sai-da-prisao\\\/#breadcrumb\"},\"inLanguage\":\"pt-BR\",\"potentialAction\":[{\"@type\":\"ReadAction\",\"target\":[\"https:\\\/\\\/latamjournalismreview.org\\\/pt-br\\\/articles\\\/dono-de-jornal-acusado-de-extorquir-deputado-sai-da-prisao\\\/\"]}]},{\"@type\":\"BreadcrumbList\",\"@id\":\"https:\\\/\\\/latamjournalismreview.org\\\/pt-br\\\/articles\\\/dono-de-jornal-acusado-de-extorquir-deputado-sai-da-prisao\\\/#breadcrumb\",\"itemListElement\":[{\"@type\":\"ListItem\",\"position\":1,\"name\":\"Home\",\"item\":\"https:\\\/\\\/latamjournalismreview.org\\\/pt-br\\\/\"},{\"@type\":\"ListItem\",\"position\":2,\"name\":\"Dono de jornal acusado de extorquir deputado sai da pris\u00e3o\"}]},{\"@type\":\"WebSite\",\"@id\":\"https:\\\/\\\/latamjournalismreview.org\\\/pt-br\\\/#website\",\"url\":\"https:\\\/\\\/latamjournalismreview.org\\\/pt-br\\\/\",\"name\":\"LatAm Journalism Review\",\"description\":\"Digital magazine on journalism in Latin America\",\"publisher\":{\"@id\":\"https:\\\/\\\/latamjournalismreview.org\\\/pt-br\\\/#organization\"},\"potentialAction\":[{\"@type\":\"SearchAction\",\"target\":{\"@type\":\"EntryPoint\",\"urlTemplate\":\"https:\\\/\\\/latamjournalismreview.org\\\/pt-br\\\/?s={search_term_string}\"},\"query-input\":{\"@type\":\"PropertyValueSpecification\",\"valueRequired\":true,\"valueName\":\"search_term_string\"}}],\"inLanguage\":\"pt-BR\"},{\"@type\":\"Organization\",\"@id\":\"https:\\\/\\\/latamjournalismreview.org\\\/pt-br\\\/#organization\",\"name\":\"LatAm Journalism Review\",\"url\":\"https:\\\/\\\/latamjournalismreview.org\\\/pt-br\\\/\",\"logo\":{\"@type\":\"ImageObject\",\"inLanguage\":\"pt-BR\",\"@id\":\"https:\\\/\\\/latamjournalismreview.org\\\/pt-br\\\/#\\\/schema\\\/logo\\\/image\\\/\",\"url\":\"https:\\\/\\\/latamjournalismreview.org\\\/wp-content\\\/uploads\\\/2020\\\/05\\\/knight-latAm-review-logo.svg\",\"contentUrl\":\"https:\\\/\\\/latamjournalismreview.org\\\/wp-content\\\/uploads\\\/2020\\\/05\\\/knight-latAm-review-logo.svg\",\"width\":\"1024\",\"height\":\"1024\",\"caption\":\"LatAm Journalism Review\"},\"image\":{\"@id\":\"https:\\\/\\\/latamjournalismreview.org\\\/pt-br\\\/#\\\/schema\\\/logo\\\/image\\\/\"},\"sameAs\":[\"https:\\\/\\\/x.com\\\/LatAmJournalism\"]},{\"@type\":\"Person\",\"@id\":\"https:\\\/\\\/latamjournalismreview.org\\\/pt-br\\\/#\\\/schema\\\/person\\\/0315202e0b3c0963a2440f1c3012c360\",\"name\":\"Guest\",\"url\":\"https:\\\/\\\/latamjournalismreview.org\\\/pt-br\\\/articles\\\/author\\\/guest\\\/\"}]}<\/script>\n<!-- \/ Yoast SEO Premium plugin. -->","yoast_head_json":{"title":"Dono de jornal acusado de extorquir deputado sai da pris\u00e3o - LatAm Journalism Review by the Knight Center","description":"Dono de jornal acusado de extorquir deputado sai da pris\u00e3o Not\u00edcias falsas e desinforma\u00e7\u00e3o. Latin American Journalism Review by The Knight Center at The University of Texas at Austin.","robots":{"index":"index","follow":"follow","max-snippet":"max-snippet:-1","max-image-preview":"max-image-preview:large","max-video-preview":"max-video-preview:-1"},"canonical":"https:\/\/latamjournalismreview.org\/pt-br\/articles\/dono-de-jornal-acusado-de-extorquir-deputado-sai-da-prisao\/","og_locale":"pt_BR","og_type":"article","og_title":"Dono de jornal acusado de extorquir deputado sai da pris\u00e3o","og_description":"Dono de jornal acusado de extorquir deputado sai da pris\u00e3o Not\u00edcias falsas e desinforma\u00e7\u00e3o. Latin American Journalism Review by The Knight Center at The University of Texas at Austin.","og_url":"https:\/\/latamjournalismreview.org\/pt-br\/articles\/dono-de-jornal-acusado-de-extorquir-deputado-sai-da-prisao\/","og_site_name":"LatAm Journalism Review by the Knight Center","article_published_time":"2010-06-01T15:46:52+00:00","article_modified_time":"2022-08-22T15:49:23+00:00","author":"Guest","twitter_card":"summary_large_image","twitter_creator":"@LatAmJournalism","twitter_site":"@LatAmJournalism","twitter_misc":{"Written by":"Guest","Est. reading time":"1 minuto"},"schema":{"@context":"https:\/\/schema.org","@graph":[{"@type":"Article","@id":"https:\/\/latamjournalismreview.org\/pt-br\/articles\/dono-de-jornal-acusado-de-extorquir-deputado-sai-da-prisao\/#article","isPartOf":{"@id":"https:\/\/latamjournalismreview.org\/pt-br\/articles\/dono-de-jornal-acusado-de-extorquir-deputado-sai-da-prisao\/"},"author":{"name":"Guest","@id":"https:\/\/latamjournalismreview.org\/pt-br\/#\/schema\/person\/0315202e0b3c0963a2440f1c3012c360"},"headline":"Dono de jornal acusado de extorquir deputado sai da pris\u00e3o","datePublished":"2010-06-01T15:46:52+00:00","dateModified":"2022-08-22T15:49:23+00:00","mainEntityOfPage":{"@id":"https:\/\/latamjournalismreview.org\/pt-br\/articles\/dono-de-jornal-acusado-de-extorquir-deputado-sai-da-prisao\/"},"wordCount":220,"publisher":{"@id":"https:\/\/latamjournalismreview.org\/pt-br\/#organization"},"keywords":["Deten\u00e7\u00f5es","Not\u00edcias falsas","Publicidade oficial"],"articleSection":["Not\u00edcias falsas e desinforma\u00e7\u00e3o"],"inLanguage":"pt-BR"},{"@type":"WebPage","@id":"https:\/\/latamjournalismreview.org\/pt-br\/articles\/dono-de-jornal-acusado-de-extorquir-deputado-sai-da-prisao\/","url":"https:\/\/latamjournalismreview.org\/pt-br\/articles\/dono-de-jornal-acusado-de-extorquir-deputado-sai-da-prisao\/","name":"Dono de jornal acusado de extorquir deputado sai da pris\u00e3o - LatAm Journalism Review by the Knight Center","isPartOf":{"@id":"https:\/\/latamjournalismreview.org\/pt-br\/#website"},"datePublished":"2010-06-01T15:46:52+00:00","dateModified":"2022-08-22T15:49:23+00:00","description":"Dono de jornal acusado de extorquir deputado sai da pris\u00e3o Not\u00edcias falsas e desinforma\u00e7\u00e3o. Latin American Journalism Review by The Knight Center at The University of Texas at Austin.","breadcrumb":{"@id":"https:\/\/latamjournalismreview.org\/pt-br\/articles\/dono-de-jornal-acusado-de-extorquir-deputado-sai-da-prisao\/#breadcrumb"},"inLanguage":"pt-BR","potentialAction":[{"@type":"ReadAction","target":["https:\/\/latamjournalismreview.org\/pt-br\/articles\/dono-de-jornal-acusado-de-extorquir-deputado-sai-da-prisao\/"]}]},{"@type":"BreadcrumbList","@id":"https:\/\/latamjournalismreview.org\/pt-br\/articles\/dono-de-jornal-acusado-de-extorquir-deputado-sai-da-prisao\/#breadcrumb","itemListElement":[{"@type":"ListItem","position":1,"name":"Home","item":"https:\/\/latamjournalismreview.org\/pt-br\/"},{"@type":"ListItem","position":2,"name":"Dono de jornal acusado de extorquir deputado sai da pris\u00e3o"}]},{"@type":"WebSite","@id":"https:\/\/latamjournalismreview.org\/pt-br\/#website","url":"https:\/\/latamjournalismreview.org\/pt-br\/","name":"LatAm Journalism Review","description":"Digital magazine on journalism in Latin America","publisher":{"@id":"https:\/\/latamjournalismreview.org\/pt-br\/#organization"},"potentialAction":[{"@type":"SearchAction","target":{"@type":"EntryPoint","urlTemplate":"https:\/\/latamjournalismreview.org\/pt-br\/?s={search_term_string}"},"query-input":{"@type":"PropertyValueSpecification","valueRequired":true,"valueName":"search_term_string"}}],"inLanguage":"pt-BR"},{"@type":"Organization","@id":"https:\/\/latamjournalismreview.org\/pt-br\/#organization","name":"LatAm Journalism Review","url":"https:\/\/latamjournalismreview.org\/pt-br\/","logo":{"@type":"ImageObject","inLanguage":"pt-BR","@id":"https:\/\/latamjournalismreview.org\/pt-br\/#\/schema\/logo\/image\/","url":"https:\/\/latamjournalismreview.org\/wp-content\/uploads\/2020\/05\/knight-latAm-review-logo.svg","contentUrl":"https:\/\/latamjournalismreview.org\/wp-content\/uploads\/2020\/05\/knight-latAm-review-logo.svg","width":"1024","height":"1024","caption":"LatAm Journalism Review"},"image":{"@id":"https:\/\/latamjournalismreview.org\/pt-br\/#\/schema\/logo\/image\/"},"sameAs":["https:\/\/x.com\/LatAmJournalism"]},{"@type":"Person","@id":"https:\/\/latamjournalismreview.org\/pt-br\/#\/schema\/person\/0315202e0b3c0963a2440f1c3012c360","name":"Guest","url":"https:\/\/latamjournalismreview.org\/pt-br\/articles\/author\/guest\/"}]}},"_links":{"self":[{"href":"https:\/\/latamjournalismreview.org\/pt-br\/wp-json\/wp\/v2\/posts\/65635","targetHints":{"allow":["GET"]}}],"collection":[{"href":"https:\/\/latamjournalismreview.org\/pt-br\/wp-json\/wp\/v2\/posts"}],"about":[{"href":"https:\/\/latamjournalismreview.org\/pt-br\/wp-json\/wp\/v2\/types\/post"}],"author":[{"embeddable":true,"href":"https:\/\/latamjournalismreview.org\/pt-br\/wp-json\/wp\/v2\/users\/17"}],"replies":[{"embeddable":true,"href":"https:\/\/latamjournalismreview.org\/pt-br\/wp-json\/wp\/v2\/comments?post=65635"}],"version-history":[{"count":1,"href":"https:\/\/latamjournalismreview.org\/pt-br\/wp-json\/wp\/v2\/posts\/65635\/revisions"}],"predecessor-version":[{"id":65639,"href":"https:\/\/latamjournalismreview.org\/pt-br\/wp-json\/wp\/v2\/posts\/65635\/revisions\/65639"}],"wp:attachment":[{"href":"https:\/\/latamjournalismreview.org\/pt-br\/wp-json\/wp\/v2\/media?parent=65635"}],"wp:term":[{"taxonomy":"category","embeddable":true,"href":"https:\/\/latamjournalismreview.org\/pt-br\/wp-json\/wp\/v2\/categories?post=65635"},{"taxonomy":"post_tag","embeddable":true,"href":"https:\/\/latamjournalismreview.org\/pt-br\/wp-json\/wp\/v2\/tags?post=65635"},{"taxonomy":"author","embeddable":true,"href":"https:\/\/latamjournalismreview.org\/pt-br\/wp-json\/wp\/v2\/coauthors?post=65635"}],"curies":[{"name":"wp","href":"https:\/\/api.w.org\/{rel}","templated":true}]}}