{"id":66786,"date":"2010-05-28T08:55:45","date_gmt":"2010-05-28T13:55:45","guid":{"rendered":"https:\/\/latamjournalismreview.org\/?p=66786"},"modified":"2022-08-29T08:58:18","modified_gmt":"2022-08-29T13:58:18","slug":"tres-jornalistas-latino-americanos-serao-bolsistas-da-fundacao-nieman-em-2011","status":"publish","type":"post","link":"https:\/\/latamjournalismreview.org\/pt-br\/articles\/tres-jornalistas-latino-americanos-serao-bolsistas-da-fundacao-nieman-em-2011\/","title":{"rendered":"Tr\u00eas jornalistas latino-americanos ser\u00e3o bolsistas da Funda\u00e7\u00e3o Nieman em 2011"},"content":{"rendered":"<p><em>Por Joseph Vavrus<br \/>\n<\/em><\/p>\n<p>A\u00a0<a href=\"http:\/\/www.nieman.harvard.edu\/NiemanFoundation.aspx\">Funda\u00e7\u00e3o Nieman<\/a>, da\u00a0<a href=\"http:\/\/www.harvard.edu\/\">Universidade de Harvard<\/a>, selecionou\u00a0<a href=\"http:\/\/www.nieman.harvard.edu\/NiemanFoundation\/NiemanFellowships\/MeetTheFellows\/CurrentFellows.aspx\">25 jornalistas<\/a>\u00a0do mundo inteiro para participar de seu\u00a0<a href=\"http:\/\/www.nieman.harvard.edu\/NiemanFoundation\/NiemanFellowships\/FellowshipProgramAtAGlance.aspx\">programa anual de bolsas<\/a>. Eles ir\u00e3o cursar\u00a0<a href=\"http:\/\/www.nieman.harvard.edu\/NiemanFoundation\/NiemanFellowships\/FellowshipProgramAtAGlance\/HarvardClassesAndPrograms.aspx\">disciplinas em Harvard<\/a>\u00a0e participar de\u00a0<a href=\"http:\/\/www.nieman.harvard.edu\/NiemanFoundation\/NiemanFellowships\/FellowshipProgramAtAGlance\/NiemanActivitiesAndPrograms.aspx\">oficinas e semin\u00e1rios<\/a>\u00a0sobre temas como narrativa, edi\u00e7\u00e3o de v\u00eddeo e reportagem auxiliada por computador.<\/p>\n<p>Os tr\u00eas latino-americanos selecionados s\u00e3o:<\/p>\n<p>*<a href=\"http:\/\/knightcenter.utexas.edu\/archive\/blog\/?q=en\/search\/node\/Hollman+Morris\">Hollman Morris Rinc\u00f3n<\/a>, jornalista independente da Col\u00f4mbia que dirige o\u00a0<a href=\"http:\/\/www.hrw.org\/en\/news\/2007\/10\/09\/human-rights-watch-honors-activists\">premiado<\/a>\u00a0programa de TV\u00a0<a href=\"http:\/\/www.contravia.tv\/\">Contrav\u00eda<\/a>.<\/p>\n<p>*Fernando Berguido, editor do jornal\u00a0<a href=\"http:\/\/www.prensa.com\/\">La Prensa<\/a>, do Panam\u00e1.<\/p>\n<p>*<a href=\"http:\/\/pablocorralvega.net\/\">Pablo Corral Vega<\/a>, fotojornalista e fundador do\u00a0<a href=\"http:\/\/www.nuestramirada.org\/\">nuestramirada.org<\/a>, do Equador, a maior rede online de fot\u00f3grafos documentaristas do pa\u00eds.<\/p>\n<p>Eles planejam estudar temas que incluem as rela\u00e7\u00f5es entre a cobertura jornal\u00edstica e o poder, direitos humanos, legisla\u00e7\u00e3o internacional e ferramentas colaborativas para promover a transpar\u00eancia. Morris e Vega tamb\u00e9m s\u00e3o os bolsistas latino-americanos da\u00a0<a href=\"http:\/\/www.knightfoundation.org\/\">Funda\u00e7\u00e3o John S. e James L. Knight<\/a>\u00a0em 2011.<\/p>\n<p>Para mais informa\u00e7\u00f5es sobre o programa, veja o\u00a0<a href=\"http:\/\/www.nieman.harvard.edu\/newsitem.aspx?id=100137\">an\u00fancio da Funda\u00e7\u00e3o Nieman<\/a>.<\/p>\n<p><em>Nota do editor: Essa hist\u00f3ria foi publicada originalmente no blog de jornalismo nas Am\u00e9ricas do Centro Knight, o predecessor do LatAm Journalism Review.<\/em><\/p>\n","protected":false},"excerpt":{"rendered":"<p>A\u00a0Funda\u00e7\u00e3o Nieman, da\u00a0Universidade de Harvard, selecionou\u00a025 jornalistas\u00a0do mundo inteiro para participar de seu\u00a0programa anual de bolsas. Eles ir\u00e3o cursar\u00a0disciplinas em Harvard\u00a0e participar de\u00a0oficinas e semin\u00e1rios\u00a0sobre temas como narrativa, edi\u00e7\u00e3o de v\u00eddeo e reportagem auxiliada por computador.<\/p>\n","protected":false},"author":17,"featured_media":0,"comment_status":"closed","ping_status":"closed","sticky":false,"template":"","format":"standard","meta":{"inline_featured_image":false,"footnotes":""},"categories":[],"tags":[1607,1554],"coauthors":[],"class_list":["post-66786","post","type-post","status-publish","format-standard","hentry","tag-bolsas-pt-br","tag-ensino-de-jornalismo-pt-br"],"acf":[],"yoast_head":"<!-- This site is optimized with the Yoast SEO Premium plugin v22.6 (Yoast SEO v27.4) - https:\/\/yoast.com\/product\/yoast-seo-premium-wordpress\/ -->\n<title>Tr\u00eas jornalistas latino-americanos ser\u00e3o bolsistas da Funda\u00e7\u00e3o Nieman em 2011 - LatAm Journalism Review by the Knight Center<\/title>\n<meta name=\"description\" content=\"Tr\u00eas jornalistas latino-americanos ser\u00e3o bolsistas da Funda\u00e7\u00e3o Nieman em 2011 . Latin American Journalism Review by The Knight Center at The University of Texas at Austin.\" \/>\n<meta name=\"robots\" content=\"index, follow, max-snippet:-1, max-image-preview:large, max-video-preview:-1\" \/>\n<link rel=\"canonical\" href=\"https:\/\/latamjournalismreview.org\/pt-br\/articles\/tres-jornalistas-latino-americanos-serao-bolsistas-da-fundacao-nieman-em-2011\/\" \/>\n<meta property=\"og:locale\" content=\"pt_BR\" \/>\n<meta property=\"og:type\" content=\"article\" \/>\n<meta property=\"og:title\" content=\"Tr\u00eas jornalistas latino-americanos ser\u00e3o bolsistas da Funda\u00e7\u00e3o Nieman em 2011\" \/>\n<meta property=\"og:description\" content=\"Tr\u00eas jornalistas latino-americanos ser\u00e3o bolsistas da Funda\u00e7\u00e3o Nieman em 2011 . Latin American Journalism Review by The Knight Center at The University of Texas at Austin.\" \/>\n<meta property=\"og:url\" content=\"https:\/\/latamjournalismreview.org\/pt-br\/articles\/tres-jornalistas-latino-americanos-serao-bolsistas-da-fundacao-nieman-em-2011\/\" \/>\n<meta property=\"og:site_name\" content=\"LatAm Journalism Review by the Knight Center\" \/>\n<meta property=\"article:published_time\" content=\"2010-05-28T13:55:45+00:00\" \/>\n<meta property=\"article:modified_time\" content=\"2022-08-29T13:58:18+00:00\" \/>\n<meta name=\"author\" content=\"Guest\" \/>\n<meta name=\"twitter:card\" content=\"summary_large_image\" \/>\n<meta name=\"twitter:creator\" content=\"@LatAmJournalism\" \/>\n<meta name=\"twitter:site\" content=\"@LatAmJournalism\" \/>\n<meta name=\"twitter:label1\" content=\"Written by\" \/>\n\t<meta name=\"twitter:data1\" content=\"Guest\" \/>\n\t<meta name=\"twitter:label2\" content=\"Est. reading time\" \/>\n\t<meta name=\"twitter:data2\" content=\"1 minuto\" \/>\n<script type=\"application\/ld+json\" class=\"yoast-schema-graph\">{\"@context\":\"https:\\\/\\\/schema.org\",\"@graph\":[{\"@type\":\"Article\",\"@id\":\"https:\\\/\\\/latamjournalismreview.org\\\/pt-br\\\/articles\\\/tres-jornalistas-latino-americanos-serao-bolsistas-da-fundacao-nieman-em-2011\\\/#article\",\"isPartOf\":{\"@id\":\"https:\\\/\\\/latamjournalismreview.org\\\/pt-br\\\/articles\\\/tres-jornalistas-latino-americanos-serao-bolsistas-da-fundacao-nieman-em-2011\\\/\"},\"author\":{\"name\":\"Guest\",\"@id\":\"https:\\\/\\\/latamjournalismreview.org\\\/pt-br\\\/#\\\/schema\\\/person\\\/0315202e0b3c0963a2440f1c3012c360\"},\"headline\":\"Tr\u00eas jornalistas latino-americanos ser\u00e3o bolsistas da Funda\u00e7\u00e3o Nieman em 2011\",\"datePublished\":\"2010-05-28T13:55:45+00:00\",\"dateModified\":\"2022-08-29T13:58:18+00:00\",\"mainEntityOfPage\":{\"@id\":\"https:\\\/\\\/latamjournalismreview.org\\\/pt-br\\\/articles\\\/tres-jornalistas-latino-americanos-serao-bolsistas-da-fundacao-nieman-em-2011\\\/\"},\"wordCount\":210,\"publisher\":{\"@id\":\"https:\\\/\\\/latamjournalismreview.org\\\/pt-br\\\/#organization\"},\"keywords\":[\"Bolsas\",\"Ensino de jornalismo\"],\"inLanguage\":\"pt-BR\"},{\"@type\":\"WebPage\",\"@id\":\"https:\\\/\\\/latamjournalismreview.org\\\/pt-br\\\/articles\\\/tres-jornalistas-latino-americanos-serao-bolsistas-da-fundacao-nieman-em-2011\\\/\",\"url\":\"https:\\\/\\\/latamjournalismreview.org\\\/pt-br\\\/articles\\\/tres-jornalistas-latino-americanos-serao-bolsistas-da-fundacao-nieman-em-2011\\\/\",\"name\":\"Tr\u00eas jornalistas latino-americanos ser\u00e3o bolsistas da Funda\u00e7\u00e3o Nieman em 2011 - LatAm Journalism Review by the Knight Center\",\"isPartOf\":{\"@id\":\"https:\\\/\\\/latamjournalismreview.org\\\/pt-br\\\/#website\"},\"datePublished\":\"2010-05-28T13:55:45+00:00\",\"dateModified\":\"2022-08-29T13:58:18+00:00\",\"description\":\"Tr\u00eas jornalistas latino-americanos ser\u00e3o bolsistas da Funda\u00e7\u00e3o Nieman em 2011 . Latin American Journalism Review by The Knight Center at The University of Texas at Austin.\",\"breadcrumb\":{\"@id\":\"https:\\\/\\\/latamjournalismreview.org\\\/pt-br\\\/articles\\\/tres-jornalistas-latino-americanos-serao-bolsistas-da-fundacao-nieman-em-2011\\\/#breadcrumb\"},\"inLanguage\":\"pt-BR\",\"potentialAction\":[{\"@type\":\"ReadAction\",\"target\":[\"https:\\\/\\\/latamjournalismreview.org\\\/pt-br\\\/articles\\\/tres-jornalistas-latino-americanos-serao-bolsistas-da-fundacao-nieman-em-2011\\\/\"]}]},{\"@type\":\"BreadcrumbList\",\"@id\":\"https:\\\/\\\/latamjournalismreview.org\\\/pt-br\\\/articles\\\/tres-jornalistas-latino-americanos-serao-bolsistas-da-fundacao-nieman-em-2011\\\/#breadcrumb\",\"itemListElement\":[{\"@type\":\"ListItem\",\"position\":1,\"name\":\"Home\",\"item\":\"https:\\\/\\\/latamjournalismreview.org\\\/pt-br\\\/\"},{\"@type\":\"ListItem\",\"position\":2,\"name\":\"Tr\u00eas jornalistas latino-americanos ser\u00e3o bolsistas da Funda\u00e7\u00e3o Nieman em 2011\"}]},{\"@type\":\"WebSite\",\"@id\":\"https:\\\/\\\/latamjournalismreview.org\\\/pt-br\\\/#website\",\"url\":\"https:\\\/\\\/latamjournalismreview.org\\\/pt-br\\\/\",\"name\":\"LatAm Journalism Review\",\"description\":\"Digital magazine on journalism in Latin America\",\"publisher\":{\"@id\":\"https:\\\/\\\/latamjournalismreview.org\\\/pt-br\\\/#organization\"},\"potentialAction\":[{\"@type\":\"SearchAction\",\"target\":{\"@type\":\"EntryPoint\",\"urlTemplate\":\"https:\\\/\\\/latamjournalismreview.org\\\/pt-br\\\/?s={search_term_string}\"},\"query-input\":{\"@type\":\"PropertyValueSpecification\",\"valueRequired\":true,\"valueName\":\"search_term_string\"}}],\"inLanguage\":\"pt-BR\"},{\"@type\":\"Organization\",\"@id\":\"https:\\\/\\\/latamjournalismreview.org\\\/pt-br\\\/#organization\",\"name\":\"LatAm Journalism Review\",\"url\":\"https:\\\/\\\/latamjournalismreview.org\\\/pt-br\\\/\",\"logo\":{\"@type\":\"ImageObject\",\"inLanguage\":\"pt-BR\",\"@id\":\"https:\\\/\\\/latamjournalismreview.org\\\/pt-br\\\/#\\\/schema\\\/logo\\\/image\\\/\",\"url\":\"https:\\\/\\\/latamjournalismreview.org\\\/wp-content\\\/uploads\\\/2020\\\/05\\\/knight-latAm-review-logo.svg\",\"contentUrl\":\"https:\\\/\\\/latamjournalismreview.org\\\/wp-content\\\/uploads\\\/2020\\\/05\\\/knight-latAm-review-logo.svg\",\"width\":\"1024\",\"height\":\"1024\",\"caption\":\"LatAm Journalism Review\"},\"image\":{\"@id\":\"https:\\\/\\\/latamjournalismreview.org\\\/pt-br\\\/#\\\/schema\\\/logo\\\/image\\\/\"},\"sameAs\":[\"https:\\\/\\\/x.com\\\/LatAmJournalism\"]},{\"@type\":\"Person\",\"@id\":\"https:\\\/\\\/latamjournalismreview.org\\\/pt-br\\\/#\\\/schema\\\/person\\\/0315202e0b3c0963a2440f1c3012c360\",\"name\":\"Guest\",\"url\":\"https:\\\/\\\/latamjournalismreview.org\\\/pt-br\\\/articles\\\/author\\\/guest\\\/\"}]}<\/script>\n<!-- \/ Yoast SEO Premium plugin. -->","yoast_head_json":{"title":"Tr\u00eas jornalistas latino-americanos ser\u00e3o bolsistas da Funda\u00e7\u00e3o Nieman em 2011 - LatAm Journalism Review by the Knight Center","description":"Tr\u00eas jornalistas latino-americanos ser\u00e3o bolsistas da Funda\u00e7\u00e3o Nieman em 2011 . Latin American Journalism Review by The Knight Center at The University of Texas at Austin.","robots":{"index":"index","follow":"follow","max-snippet":"max-snippet:-1","max-image-preview":"max-image-preview:large","max-video-preview":"max-video-preview:-1"},"canonical":"https:\/\/latamjournalismreview.org\/pt-br\/articles\/tres-jornalistas-latino-americanos-serao-bolsistas-da-fundacao-nieman-em-2011\/","og_locale":"pt_BR","og_type":"article","og_title":"Tr\u00eas jornalistas latino-americanos ser\u00e3o bolsistas da Funda\u00e7\u00e3o Nieman em 2011","og_description":"Tr\u00eas jornalistas latino-americanos ser\u00e3o bolsistas da Funda\u00e7\u00e3o Nieman em 2011 . Latin American Journalism Review by The Knight Center at The University of Texas at Austin.","og_url":"https:\/\/latamjournalismreview.org\/pt-br\/articles\/tres-jornalistas-latino-americanos-serao-bolsistas-da-fundacao-nieman-em-2011\/","og_site_name":"LatAm Journalism Review by the Knight Center","article_published_time":"2010-05-28T13:55:45+00:00","article_modified_time":"2022-08-29T13:58:18+00:00","author":"Guest","twitter_card":"summary_large_image","twitter_creator":"@LatAmJournalism","twitter_site":"@LatAmJournalism","twitter_misc":{"Written by":"Guest","Est. reading time":"1 minuto"},"schema":{"@context":"https:\/\/schema.org","@graph":[{"@type":"Article","@id":"https:\/\/latamjournalismreview.org\/pt-br\/articles\/tres-jornalistas-latino-americanos-serao-bolsistas-da-fundacao-nieman-em-2011\/#article","isPartOf":{"@id":"https:\/\/latamjournalismreview.org\/pt-br\/articles\/tres-jornalistas-latino-americanos-serao-bolsistas-da-fundacao-nieman-em-2011\/"},"author":{"name":"Guest","@id":"https:\/\/latamjournalismreview.org\/pt-br\/#\/schema\/person\/0315202e0b3c0963a2440f1c3012c360"},"headline":"Tr\u00eas jornalistas latino-americanos ser\u00e3o bolsistas da Funda\u00e7\u00e3o Nieman em 2011","datePublished":"2010-05-28T13:55:45+00:00","dateModified":"2022-08-29T13:58:18+00:00","mainEntityOfPage":{"@id":"https:\/\/latamjournalismreview.org\/pt-br\/articles\/tres-jornalistas-latino-americanos-serao-bolsistas-da-fundacao-nieman-em-2011\/"},"wordCount":210,"publisher":{"@id":"https:\/\/latamjournalismreview.org\/pt-br\/#organization"},"keywords":["Bolsas","Ensino de jornalismo"],"inLanguage":"pt-BR"},{"@type":"WebPage","@id":"https:\/\/latamjournalismreview.org\/pt-br\/articles\/tres-jornalistas-latino-americanos-serao-bolsistas-da-fundacao-nieman-em-2011\/","url":"https:\/\/latamjournalismreview.org\/pt-br\/articles\/tres-jornalistas-latino-americanos-serao-bolsistas-da-fundacao-nieman-em-2011\/","name":"Tr\u00eas jornalistas latino-americanos ser\u00e3o bolsistas da Funda\u00e7\u00e3o Nieman em 2011 - LatAm Journalism Review by the Knight Center","isPartOf":{"@id":"https:\/\/latamjournalismreview.org\/pt-br\/#website"},"datePublished":"2010-05-28T13:55:45+00:00","dateModified":"2022-08-29T13:58:18+00:00","description":"Tr\u00eas jornalistas latino-americanos ser\u00e3o bolsistas da Funda\u00e7\u00e3o Nieman em 2011 . Latin American Journalism Review by The Knight Center at The University of Texas at Austin.","breadcrumb":{"@id":"https:\/\/latamjournalismreview.org\/pt-br\/articles\/tres-jornalistas-latino-americanos-serao-bolsistas-da-fundacao-nieman-em-2011\/#breadcrumb"},"inLanguage":"pt-BR","potentialAction":[{"@type":"ReadAction","target":["https:\/\/latamjournalismreview.org\/pt-br\/articles\/tres-jornalistas-latino-americanos-serao-bolsistas-da-fundacao-nieman-em-2011\/"]}]},{"@type":"BreadcrumbList","@id":"https:\/\/latamjournalismreview.org\/pt-br\/articles\/tres-jornalistas-latino-americanos-serao-bolsistas-da-fundacao-nieman-em-2011\/#breadcrumb","itemListElement":[{"@type":"ListItem","position":1,"name":"Home","item":"https:\/\/latamjournalismreview.org\/pt-br\/"},{"@type":"ListItem","position":2,"name":"Tr\u00eas jornalistas latino-americanos ser\u00e3o bolsistas da Funda\u00e7\u00e3o Nieman em 2011"}]},{"@type":"WebSite","@id":"https:\/\/latamjournalismreview.org\/pt-br\/#website","url":"https:\/\/latamjournalismreview.org\/pt-br\/","name":"LatAm Journalism Review","description":"Digital magazine on journalism in Latin America","publisher":{"@id":"https:\/\/latamjournalismreview.org\/pt-br\/#organization"},"potentialAction":[{"@type":"SearchAction","target":{"@type":"EntryPoint","urlTemplate":"https:\/\/latamjournalismreview.org\/pt-br\/?s={search_term_string}"},"query-input":{"@type":"PropertyValueSpecification","valueRequired":true,"valueName":"search_term_string"}}],"inLanguage":"pt-BR"},{"@type":"Organization","@id":"https:\/\/latamjournalismreview.org\/pt-br\/#organization","name":"LatAm Journalism Review","url":"https:\/\/latamjournalismreview.org\/pt-br\/","logo":{"@type":"ImageObject","inLanguage":"pt-BR","@id":"https:\/\/latamjournalismreview.org\/pt-br\/#\/schema\/logo\/image\/","url":"https:\/\/latamjournalismreview.org\/wp-content\/uploads\/2020\/05\/knight-latAm-review-logo.svg","contentUrl":"https:\/\/latamjournalismreview.org\/wp-content\/uploads\/2020\/05\/knight-latAm-review-logo.svg","width":"1024","height":"1024","caption":"LatAm Journalism Review"},"image":{"@id":"https:\/\/latamjournalismreview.org\/pt-br\/#\/schema\/logo\/image\/"},"sameAs":["https:\/\/x.com\/LatAmJournalism"]},{"@type":"Person","@id":"https:\/\/latamjournalismreview.org\/pt-br\/#\/schema\/person\/0315202e0b3c0963a2440f1c3012c360","name":"Guest","url":"https:\/\/latamjournalismreview.org\/pt-br\/articles\/author\/guest\/"}]}},"_links":{"self":[{"href":"https:\/\/latamjournalismreview.org\/pt-br\/wp-json\/wp\/v2\/posts\/66786","targetHints":{"allow":["GET"]}}],"collection":[{"href":"https:\/\/latamjournalismreview.org\/pt-br\/wp-json\/wp\/v2\/posts"}],"about":[{"href":"https:\/\/latamjournalismreview.org\/pt-br\/wp-json\/wp\/v2\/types\/post"}],"author":[{"embeddable":true,"href":"https:\/\/latamjournalismreview.org\/pt-br\/wp-json\/wp\/v2\/users\/17"}],"replies":[{"embeddable":true,"href":"https:\/\/latamjournalismreview.org\/pt-br\/wp-json\/wp\/v2\/comments?post=66786"}],"version-history":[{"count":1,"href":"https:\/\/latamjournalismreview.org\/pt-br\/wp-json\/wp\/v2\/posts\/66786\/revisions"}],"predecessor-version":[{"id":66791,"href":"https:\/\/latamjournalismreview.org\/pt-br\/wp-json\/wp\/v2\/posts\/66786\/revisions\/66791"}],"wp:attachment":[{"href":"https:\/\/latamjournalismreview.org\/pt-br\/wp-json\/wp\/v2\/media?parent=66786"}],"wp:term":[{"taxonomy":"category","embeddable":true,"href":"https:\/\/latamjournalismreview.org\/pt-br\/wp-json\/wp\/v2\/categories?post=66786"},{"taxonomy":"post_tag","embeddable":true,"href":"https:\/\/latamjournalismreview.org\/pt-br\/wp-json\/wp\/v2\/tags?post=66786"},{"taxonomy":"author","embeddable":true,"href":"https:\/\/latamjournalismreview.org\/pt-br\/wp-json\/wp\/v2\/coauthors?post=66786"}],"curies":[{"name":"wp","href":"https:\/\/api.w.org\/{rel}","templated":true}]}}