{"id":6729,"date":"2019-02-13T12:01:30","date_gmt":"2019-02-13T17:01:30","guid":{"rendered":"https:\/\/live-lajr.pantheonsite.io\/?p=6729"},"modified":"2020-06-11T12:08:26","modified_gmt":"2020-06-11T17:08:26","slug":"unesco-celebra-dia-mundial-do-radio-para-homenagear-meio-que-busca-um-mundo-mais-pacifico-e-tolerante","status":"publish","type":"post","link":"https:\/\/latamjournalismreview.org\/pt-br\/articles\/unesco-celebra-dia-mundial-do-radio-para-homenagear-meio-que-busca-um-mundo-mais-pacifico-e-tolerante\/","title":{"rendered":"UNESCO celebra Dia Mundial do R\u00e1dio para homenagear meio que busca \"um mundo mais pac\u00edfico e tolerante\""},"content":{"rendered":"<p dir=\"ltr\">Sob o tema \"Di\u00e1logo, toler\u00e2ncia e paz\", a Organiza\u00e7\u00e3o das Na\u00e7\u00f5es Unidas para a Educa\u00e7\u00e3o, a Ci\u00eancia e a Cultura (UNESCO) est\u00e1 mais uma vez liderando a celebra\u00e7\u00e3o do <a href=\"https:\/\/www.diamundialradio.org\/\">Dia Mundial do R\u00e1dio<\/a> em 13 de fevereiro para destacar a import\u00e2ncia da r\u00e1dio em sua busca por um \"<a href=\"https:\/\/en.unesco.org\/events\/world-radio-day-2019\">mundo mais pac\u00edfico e tolerante<\/a>\".<\/p>\n<div style=\"width: 420px; font-size: 80%; text-align: left; float: right; padding-left: 10px; padding-right: 10px;\">\n<div style=\"width: 510px\" class=\"wp-caption alignnone\"><a href=\"https:\/\/www.flickr.com\/photos\/utknightcenter\/40122077153\/in\/dateposted-public\/\" target=\"_blank\" rel=\"noopener noreferrer\"><img loading=\"lazy\" decoding=\"async\" style=\"width: 420px;\" src=\"https:\/\/farm8.staticflickr.com\/7927\/40122077153_49c1c5449d.jpg\" alt=\"Dia Mundial do R\u00e1dio. (Foto:\u00a0UNESCO).\" width=\"500\" height=\"233\" \/><\/a><p class=\"wp-caption-text\">Dia Mundial do R\u00e1dio. (Foto: UNESCO).<\/p><\/div>\n<\/div>\n<p dir=\"ltr\">Convencida do poder do r\u00e1dio para promover a compreens\u00e3o e um poderoso senso de comunidade, a UNESCO enfatiza o r\u00e1dio como \u201c<a href=\"https:\/\/en.unesco.org\/events\/world-radio-day-2019\">o meio perfeito para combater os apelos \u00e0 viol\u00eancia<\/a> e \u00e0 dissemina\u00e7\u00e3o de conflitos, especialmente em regi\u00f5es potencialmente mais expostas a tais realidades.<\/p>\n<p dir=\"ltr\">Em sua mensagem para comemorar este dia, a diretora-geral da UNESCO, Audrey Azoulay, <a href=\"https:\/\/www.diamundialradio.org\/node\/1912\">apontou como a r\u00e1dio se torna uma grande aliada para \"dissipar o medo\"<\/a> em \u00e1reas de conflito. Um exemplo, de acordo com Azoulay, \u00e9 no noroeste da Col\u00f4mbia, onde r\u00e1dios comunit\u00e1rias \u201cest\u00e3o curando velhas feridas ao destacar as boas a\u00e7\u00f5es dos combatentes desmobilizados\u201d.<\/p>\n<p dir=\"ltr\">\"At\u00e9 hoje, o di\u00e1logo atrav\u00e9s das ondas de r\u00e1dio pode oferecer um ant\u00eddoto para a negatividade que \u00e0s vezes parece predominar online, e \u00e9 por isso que a UNESCO trabalha em todo o mundo para melhorar a pluralidade e a diversidade das esta\u00e7\u00f5es de r\u00e1dio\", acrescentou.<\/p>\n<p dir=\"ltr\">Azoulay tamb\u00e9m destacou a necessidade de tornar o r\u00e1dio mais plural, incluindo popula\u00e7\u00f5es tradicionalmente marginalizadas, al\u00e9m de torn\u00e1-lo mais diversificado em termos de linguagem.<\/p>\n<p dir=\"ltr\">Como todos os anos, a UNESCO convidou qualquer pessoa ou organiza\u00e7\u00e3o para participar da comemora\u00e7\u00e3o do dia. O <a href=\"https:\/\/en.unesco.org\/feedback\/journee-mondiale-radio-world-radio-day\">evento principal, realizado em Paris, na Fran\u00e7a, consistiu em uma s\u00e9rie de oficinas de reda\u00e7\u00e3o para r\u00e1dio<\/a>, edi\u00e7\u00e3o de som, r\u00e1dio e internet, sons para podcasts, entre outros.<\/p>\n<p dir=\"ltr\">Diferentes conte\u00fados de uso gratuito est\u00e3o dispon\u00edveis no site principal do evento, incluindo entrevistas com pessoas que usaram <a href=\"https:\/\/www.diamundialradio.org\/download-and-broadcast\">o r\u00e1dio para melhorar a comunica\u00e7\u00e3o em zonas de conflito, fortalecer processos de paz<\/a> e at\u00e9 capacitar os jovens, entre outros temas. Tamb\u00e9m oferece <a href=\"https:\/\/www.diamundialradio.org\/10-ideas-for-celebrating-world-radio-day-2019\">maneiras de participar da comemora\u00e7\u00e3o que incluem o treinamento do p\u00fablico, incluindo pessoas que n\u00e3o t\u00eam voz<\/a>, celebrando o esp\u00edrito de comunidade, entre outros.<\/p>\n<p dir=\"ltr\">O <a href=\"https:\/\/en.unesco.org\/commemorations\/worldradioday\">Dia Mundial do R\u00e1dio foi proclamado pela Confer\u00eancia Geral da UNESCO em 2011<\/a> e aprovado por unanimidade pela Assembleia Geral das Na\u00e7\u00f5es Unidas em 2012. O dia 13 de fevereiro foi escolhido porque foi o dia em que a R\u00e1dio ONU foi fundada em 1946.<\/p>\n<p dir=\"ltr\">Seu objetivo \u00e9 \u201c<a href=\"https:\/\/en.unesco.org\/commemorations\/worldradioday\">aumentar a conscientiza\u00e7\u00e3o do p\u00fablico e da m\u00eddia sobre a import\u00e2ncia do r\u00e1dio<\/a>, encorajar as autoridades a estabelecer e fornecer acesso \u00e0 informa\u00e7\u00e3o por meio do r\u00e1dio e melhorar o trabalho em rede e a coopera\u00e7\u00e3o internacional entre os radiodifusores\u201d, segundo o site da UNESCO.<\/p>\n<p dir=\"ltr\">Para comemorar o dia 13 de fevereiro, os latino-americanos compartilharam o conte\u00fado produzido para a ocasi\u00e3o e suas pr\u00f3prias hist\u00f3rias no r\u00e1dio usando a hashtag <a href=\"https:\/\/twitter.com\/search?q=%23DiaMundialDeLaRadio&amp;src=typd\">#DiaMundialDeLaRadio<\/a> nas redes sociais.<\/p>\n","protected":false},"excerpt":{"rendered":"<p>Sob o tema \"Di\u00e1logo, toler\u00e2ncia e paz\", a UNESCO est\u00e1 mais uma vez liderando a celebra\u00e7\u00e3o do Dia Mundial do R\u00e1dio em 13 de fevereiro para destacar a import\u00e2ncia da r\u00e1dio em sua busca por um \"mundo mais pac\u00edfico e tolerante\"<\/p>\n","protected":false},"author":13,"featured_media":6727,"comment_status":"closed","ping_status":"closed","sticky":false,"template":"","format":"standard","meta":{"inline_featured_image":false,"footnotes":""},"categories":[17],"tags":[1562],"coauthors":[],"class_list":["post-6729","post","type-post","status-publish","format-standard","has-post-thumbnail","hentry","category-nao-categorizado","tag-radio-e-tv-pt-br"],"acf":[],"yoast_head":"<!-- This site is optimized with the Yoast SEO Premium plugin v22.6 (Yoast SEO v27.4) - https:\/\/yoast.com\/product\/yoast-seo-premium-wordpress\/ -->\n<title>UNESCO celebra Dia Mundial do R\u00e1dio para homenagear meio que busca &quot;um mundo mais pac\u00edfico e tolerante&quot; - LatAm Journalism Review by the Knight Center<\/title>\n<meta name=\"description\" content=\"UNESCO celebra Dia Mundial do R\u00e1dio para homenagear meio que busca &quot;um mundo mais pac\u00edfico e tolerante&quot; . Latin American Journalism Review by The Knight Center at The University of Texas at Austin.\" \/>\n<meta name=\"robots\" content=\"index, follow, max-snippet:-1, max-image-preview:large, max-video-preview:-1\" \/>\n<link rel=\"canonical\" href=\"https:\/\/latamjournalismreview.org\/pt-br\/articles\/unesco-celebra-dia-mundial-do-radio-para-homenagear-meio-que-busca-um-mundo-mais-pacifico-e-tolerante\/\" \/>\n<meta property=\"og:locale\" content=\"pt_BR\" \/>\n<meta property=\"og:type\" content=\"article\" \/>\n<meta property=\"og:title\" content=\"UNESCO celebra Dia Mundial do R\u00e1dio para homenagear meio que busca &quot;um mundo mais pac\u00edfico e tolerante&quot;\" \/>\n<meta property=\"og:description\" content=\"UNESCO celebra Dia Mundial do R\u00e1dio para homenagear meio que busca &quot;um mundo mais pac\u00edfico e tolerante&quot; . Latin American Journalism Review by The Knight Center at The University of Texas at Austin.\" \/>\n<meta property=\"og:url\" content=\"https:\/\/latamjournalismreview.org\/pt-br\/articles\/unesco-celebra-dia-mundial-do-radio-para-homenagear-meio-que-busca-um-mundo-mais-pacifico-e-tolerante\/\" \/>\n<meta property=\"og:site_name\" content=\"LatAm Journalism Review by the Knight Center\" \/>\n<meta property=\"article:published_time\" content=\"2019-02-13T17:01:30+00:00\" \/>\n<meta property=\"article:modified_time\" content=\"2020-06-11T17:08:26+00:00\" \/>\n<meta property=\"og:image\" content=\"https:\/\/latamjournalismreview.org\/wp-content\/uploads\/2020\/06\/Dia-Mundial-Radio-Unesco.jpg\" \/>\n\t<meta property=\"og:image:width\" content=\"507\" \/>\n\t<meta property=\"og:image:height\" content=\"340\" \/>\n\t<meta property=\"og:image:type\" content=\"image\/jpeg\" \/>\n<meta name=\"author\" content=\"Silvia Higuera\" \/>\n<meta name=\"twitter:card\" content=\"summary_large_image\" \/>\n<meta name=\"twitter:creator\" content=\"@shiguerita\" \/>\n<meta name=\"twitter:site\" content=\"@LatAmJournalism\" \/>\n<meta name=\"twitter:label1\" content=\"Written by\" \/>\n\t<meta name=\"twitter:data1\" content=\"Silvia Higuera\" \/>\n\t<meta name=\"twitter:label2\" content=\"Est. reading time\" \/>\n\t<meta name=\"twitter:data2\" content=\"3 minutos\" \/>\n<script type=\"application\/ld+json\" class=\"yoast-schema-graph\">{\"@context\":\"https:\\\/\\\/schema.org\",\"@graph\":[{\"@type\":\"Article\",\"@id\":\"https:\\\/\\\/latamjournalismreview.org\\\/pt-br\\\/articles\\\/unesco-celebra-dia-mundial-do-radio-para-homenagear-meio-que-busca-um-mundo-mais-pacifico-e-tolerante\\\/#article\",\"isPartOf\":{\"@id\":\"https:\\\/\\\/latamjournalismreview.org\\\/pt-br\\\/articles\\\/unesco-celebra-dia-mundial-do-radio-para-homenagear-meio-que-busca-um-mundo-mais-pacifico-e-tolerante\\\/\"},\"author\":{\"name\":\"Silvia Higuera\",\"@id\":\"https:\\\/\\\/latamjournalismreview.org\\\/pt-br\\\/#\\\/schema\\\/person\\\/eac7baa6afada0957e047be9fc15703a\"},\"headline\":\"UNESCO celebra Dia Mundial do R\u00e1dio para homenagear meio que busca \\\"um mundo mais pac\u00edfico e tolerante\\\"\",\"datePublished\":\"2019-02-13T17:01:30+00:00\",\"dateModified\":\"2020-06-11T17:08:26+00:00\",\"mainEntityOfPage\":{\"@id\":\"https:\\\/\\\/latamjournalismreview.org\\\/pt-br\\\/articles\\\/unesco-celebra-dia-mundial-do-radio-para-homenagear-meio-que-busca-um-mundo-mais-pacifico-e-tolerante\\\/\"},\"wordCount\":548,\"publisher\":{\"@id\":\"https:\\\/\\\/latamjournalismreview.org\\\/pt-br\\\/#organization\"},\"image\":{\"@id\":\"https:\\\/\\\/latamjournalismreview.org\\\/pt-br\\\/articles\\\/unesco-celebra-dia-mundial-do-radio-para-homenagear-meio-que-busca-um-mundo-mais-pacifico-e-tolerante\\\/#primaryimage\"},\"thumbnailUrl\":\"https:\\\/\\\/latamjournalismreview.org\\\/wp-content\\\/uploads\\\/2020\\\/06\\\/Dia-Mundial-Radio-Unesco.jpg\",\"keywords\":[\"R\u00e1dio e TV\"],\"articleSection\":[\"N\u00e3o categorizado\"],\"inLanguage\":\"pt-BR\"},{\"@type\":\"WebPage\",\"@id\":\"https:\\\/\\\/latamjournalismreview.org\\\/pt-br\\\/articles\\\/unesco-celebra-dia-mundial-do-radio-para-homenagear-meio-que-busca-um-mundo-mais-pacifico-e-tolerante\\\/\",\"url\":\"https:\\\/\\\/latamjournalismreview.org\\\/pt-br\\\/articles\\\/unesco-celebra-dia-mundial-do-radio-para-homenagear-meio-que-busca-um-mundo-mais-pacifico-e-tolerante\\\/\",\"name\":\"UNESCO celebra Dia Mundial do R\u00e1dio para homenagear meio que busca \\\"um mundo mais pac\u00edfico e tolerante\\\" - LatAm Journalism Review by the Knight Center\",\"isPartOf\":{\"@id\":\"https:\\\/\\\/latamjournalismreview.org\\\/pt-br\\\/#website\"},\"primaryImageOfPage\":{\"@id\":\"https:\\\/\\\/latamjournalismreview.org\\\/pt-br\\\/articles\\\/unesco-celebra-dia-mundial-do-radio-para-homenagear-meio-que-busca-um-mundo-mais-pacifico-e-tolerante\\\/#primaryimage\"},\"image\":{\"@id\":\"https:\\\/\\\/latamjournalismreview.org\\\/pt-br\\\/articles\\\/unesco-celebra-dia-mundial-do-radio-para-homenagear-meio-que-busca-um-mundo-mais-pacifico-e-tolerante\\\/#primaryimage\"},\"thumbnailUrl\":\"https:\\\/\\\/latamjournalismreview.org\\\/wp-content\\\/uploads\\\/2020\\\/06\\\/Dia-Mundial-Radio-Unesco.jpg\",\"datePublished\":\"2019-02-13T17:01:30+00:00\",\"dateModified\":\"2020-06-11T17:08:26+00:00\",\"description\":\"UNESCO celebra Dia Mundial do R\u00e1dio para homenagear meio que busca \\\"um mundo mais pac\u00edfico e tolerante\\\" . Latin American Journalism Review by The Knight Center at The University of Texas at Austin.\",\"breadcrumb\":{\"@id\":\"https:\\\/\\\/latamjournalismreview.org\\\/pt-br\\\/articles\\\/unesco-celebra-dia-mundial-do-radio-para-homenagear-meio-que-busca-um-mundo-mais-pacifico-e-tolerante\\\/#breadcrumb\"},\"inLanguage\":\"pt-BR\",\"potentialAction\":[{\"@type\":\"ReadAction\",\"target\":[\"https:\\\/\\\/latamjournalismreview.org\\\/pt-br\\\/articles\\\/unesco-celebra-dia-mundial-do-radio-para-homenagear-meio-que-busca-um-mundo-mais-pacifico-e-tolerante\\\/\"]}]},{\"@type\":\"ImageObject\",\"inLanguage\":\"pt-BR\",\"@id\":\"https:\\\/\\\/latamjournalismreview.org\\\/pt-br\\\/articles\\\/unesco-celebra-dia-mundial-do-radio-para-homenagear-meio-que-busca-um-mundo-mais-pacifico-e-tolerante\\\/#primaryimage\",\"url\":\"https:\\\/\\\/latamjournalismreview.org\\\/wp-content\\\/uploads\\\/2020\\\/06\\\/Dia-Mundial-Radio-Unesco.jpg\",\"contentUrl\":\"https:\\\/\\\/latamjournalismreview.org\\\/wp-content\\\/uploads\\\/2020\\\/06\\\/Dia-Mundial-Radio-Unesco.jpg\",\"width\":507,\"height\":340,\"caption\":\"D\u00eda Mundial de la Radio. Foto: Unesco.\"},{\"@type\":\"BreadcrumbList\",\"@id\":\"https:\\\/\\\/latamjournalismreview.org\\\/pt-br\\\/articles\\\/unesco-celebra-dia-mundial-do-radio-para-homenagear-meio-que-busca-um-mundo-mais-pacifico-e-tolerante\\\/#breadcrumb\",\"itemListElement\":[{\"@type\":\"ListItem\",\"position\":1,\"name\":\"Home\",\"item\":\"https:\\\/\\\/latamjournalismreview.org\\\/pt-br\\\/\"},{\"@type\":\"ListItem\",\"position\":2,\"name\":\"UNESCO celebra Dia Mundial do R\u00e1dio para homenagear meio que busca \\\"um mundo mais pac\u00edfico e tolerante\\\"\"}]},{\"@type\":\"WebSite\",\"@id\":\"https:\\\/\\\/latamjournalismreview.org\\\/pt-br\\\/#website\",\"url\":\"https:\\\/\\\/latamjournalismreview.org\\\/pt-br\\\/\",\"name\":\"LatAm Journalism Review\",\"description\":\"Digital magazine on journalism in Latin America\",\"publisher\":{\"@id\":\"https:\\\/\\\/latamjournalismreview.org\\\/pt-br\\\/#organization\"},\"potentialAction\":[{\"@type\":\"SearchAction\",\"target\":{\"@type\":\"EntryPoint\",\"urlTemplate\":\"https:\\\/\\\/latamjournalismreview.org\\\/pt-br\\\/?s={search_term_string}\"},\"query-input\":{\"@type\":\"PropertyValueSpecification\",\"valueRequired\":true,\"valueName\":\"search_term_string\"}}],\"inLanguage\":\"pt-BR\"},{\"@type\":\"Organization\",\"@id\":\"https:\\\/\\\/latamjournalismreview.org\\\/pt-br\\\/#organization\",\"name\":\"LatAm Journalism Review\",\"url\":\"https:\\\/\\\/latamjournalismreview.org\\\/pt-br\\\/\",\"logo\":{\"@type\":\"ImageObject\",\"inLanguage\":\"pt-BR\",\"@id\":\"https:\\\/\\\/latamjournalismreview.org\\\/pt-br\\\/#\\\/schema\\\/logo\\\/image\\\/\",\"url\":\"https:\\\/\\\/latamjournalismreview.org\\\/wp-content\\\/uploads\\\/2020\\\/05\\\/knight-latAm-review-logo.svg\",\"contentUrl\":\"https:\\\/\\\/latamjournalismreview.org\\\/wp-content\\\/uploads\\\/2020\\\/05\\\/knight-latAm-review-logo.svg\",\"width\":\"1024\",\"height\":\"1024\",\"caption\":\"LatAm Journalism Review\"},\"image\":{\"@id\":\"https:\\\/\\\/latamjournalismreview.org\\\/pt-br\\\/#\\\/schema\\\/logo\\\/image\\\/\"},\"sameAs\":[\"https:\\\/\\\/x.com\\\/LatAmJournalism\"]},{\"@type\":\"Person\",\"@id\":\"https:\\\/\\\/latamjournalismreview.org\\\/pt-br\\\/#\\\/schema\\\/person\\\/eac7baa6afada0957e047be9fc15703a\",\"name\":\"Silvia Higuera\",\"description\":\"Silvia A. Higuera Fl\u00f3rez is a Colombian journalist interested in covering Latin American issues and human rights, especially the right to freedom of expression, and investigative journalism. She studied Social Communication and Journalism at Universidad Pontificia Bolivariana in Bucaramanga (Colombia), and received her Master's of Arts in Journalism from the University of Texas at Austin in 2015. She worked with the Office of the Special Rapporteur for Freedom of Expression of the Inter-American Commission on Human Rights (IACHR) under the Orlando Sierra fellowship during 2014. She also worked for the Colombian newspaper Vanguardia Liberal and wrote for different magazines about local, economic and public order issues. Her work has also appeared in The Miami Herald and El Nuevo Herald of Miami. Email: silvia.knightcenter@gmail.com Silvia A. Higuera Fl\u00f3rez es una periodista colombiana con inter\u00e9s period\u00edstico es Am\u00e9rica Latina y los derechos humanos, particularmente el derecho a la libertad de expresi\u00f3n, as\u00ed como el periodismo de investigaci\u00f3n. Estudi\u00f3 Comunicaci\u00f3n Social \u2013 Periodismo en la Universidad Pontificia Bolivariana de Bucaramanga (Colombia), y recibi\u00f3 su maestr\u00eda en Periodismo en la Universidad de Texas, en Austin en 2015. Trabaj\u00f3 para la Relator\u00eda Especial para la Libertad de Expresi\u00f3n de la Comisi\u00f3n Interamericana de Derechos Humanos (CIDH) en el marco de la beca Orlando Sierra, durante 2014. Tambi\u00e9n hizo parte del diario Vanguardia Liberal y escribi\u00f3 para otras revistas colombianas cubriendo fuentes locales, econ\u00f3micas y judiciales. Algunos de sus trabajos han aparecido en The Miami Herald y El Nuevo Herald de Miami. Silvia A. Higuera Fl\u00f3rez \u00e9 uma jornalista colombiana e seu interesse jornal\u00edstico \u00e9 a Am\u00e9rica Latina e os direitos humanos, nomeadamente o direito \u00e0 liberdade de express\u00e3o. Estudou Comunica\u00e7\u00e3o Social \u2013 Jornalismo na Universidade Pontif\u00edcia Bolivariana de Bucaramanga, na Col\u00f4mbia e completou seu mestrado em jornalismo na Universidade do Texas em Austin. Silvia trabalhou na Relatoria para a Liberdade de Express\u00e3o da CIDH pela bolsa Orlando Sierra, em 2014. Trabalhou para o jornal Vanguardia Liberal e escreveu para outras revistas colombianas cobrindo temas locais, econ\u00f4micas e judici\u00e1rias. Alguns de seus trabalhos apareceram no The Miami Herald e no El Nuevo Herald de Miami.\",\"sameAs\":[\"https:\\\/\\\/x.com\\\/shiguerita\"],\"url\":\"https:\\\/\\\/latamjournalismreview.org\\\/pt-br\\\/articles\\\/author\\\/silvia-higuera\\\/\"}]}<\/script>\n<!-- \/ Yoast SEO Premium plugin. -->","yoast_head_json":{"title":"UNESCO celebra Dia Mundial do R\u00e1dio para homenagear meio que busca \"um mundo mais pac\u00edfico e tolerante\" - LatAm Journalism Review by the Knight Center","description":"UNESCO celebra Dia Mundial do R\u00e1dio para homenagear meio que busca \"um mundo mais pac\u00edfico e tolerante\" . Latin American Journalism Review by The Knight Center at The University of Texas at Austin.","robots":{"index":"index","follow":"follow","max-snippet":"max-snippet:-1","max-image-preview":"max-image-preview:large","max-video-preview":"max-video-preview:-1"},"canonical":"https:\/\/latamjournalismreview.org\/pt-br\/articles\/unesco-celebra-dia-mundial-do-radio-para-homenagear-meio-que-busca-um-mundo-mais-pacifico-e-tolerante\/","og_locale":"pt_BR","og_type":"article","og_title":"UNESCO celebra Dia Mundial do R\u00e1dio para homenagear meio que busca \"um mundo mais pac\u00edfico e tolerante\"","og_description":"UNESCO celebra Dia Mundial do R\u00e1dio para homenagear meio que busca \"um mundo mais pac\u00edfico e tolerante\" . Latin American Journalism Review by The Knight Center at The University of Texas at Austin.","og_url":"https:\/\/latamjournalismreview.org\/pt-br\/articles\/unesco-celebra-dia-mundial-do-radio-para-homenagear-meio-que-busca-um-mundo-mais-pacifico-e-tolerante\/","og_site_name":"LatAm Journalism Review by the Knight Center","article_published_time":"2019-02-13T17:01:30+00:00","article_modified_time":"2020-06-11T17:08:26+00:00","og_image":[{"width":507,"height":340,"url":"https:\/\/latamjournalismreview.org\/wp-content\/uploads\/2020\/06\/Dia-Mundial-Radio-Unesco.jpg","type":"image\/jpeg"}],"author":"Silvia Higuera","twitter_card":"summary_large_image","twitter_creator":"@shiguerita","twitter_site":"@LatAmJournalism","twitter_misc":{"Written by":"Silvia Higuera","Est. reading time":"3 minutos"},"schema":{"@context":"https:\/\/schema.org","@graph":[{"@type":"Article","@id":"https:\/\/latamjournalismreview.org\/pt-br\/articles\/unesco-celebra-dia-mundial-do-radio-para-homenagear-meio-que-busca-um-mundo-mais-pacifico-e-tolerante\/#article","isPartOf":{"@id":"https:\/\/latamjournalismreview.org\/pt-br\/articles\/unesco-celebra-dia-mundial-do-radio-para-homenagear-meio-que-busca-um-mundo-mais-pacifico-e-tolerante\/"},"author":{"name":"Silvia Higuera","@id":"https:\/\/latamjournalismreview.org\/pt-br\/#\/schema\/person\/eac7baa6afada0957e047be9fc15703a"},"headline":"UNESCO celebra Dia Mundial do R\u00e1dio para homenagear meio que busca \"um mundo mais pac\u00edfico e tolerante\"","datePublished":"2019-02-13T17:01:30+00:00","dateModified":"2020-06-11T17:08:26+00:00","mainEntityOfPage":{"@id":"https:\/\/latamjournalismreview.org\/pt-br\/articles\/unesco-celebra-dia-mundial-do-radio-para-homenagear-meio-que-busca-um-mundo-mais-pacifico-e-tolerante\/"},"wordCount":548,"publisher":{"@id":"https:\/\/latamjournalismreview.org\/pt-br\/#organization"},"image":{"@id":"https:\/\/latamjournalismreview.org\/pt-br\/articles\/unesco-celebra-dia-mundial-do-radio-para-homenagear-meio-que-busca-um-mundo-mais-pacifico-e-tolerante\/#primaryimage"},"thumbnailUrl":"https:\/\/latamjournalismreview.org\/wp-content\/uploads\/2020\/06\/Dia-Mundial-Radio-Unesco.jpg","keywords":["R\u00e1dio e TV"],"articleSection":["N\u00e3o categorizado"],"inLanguage":"pt-BR"},{"@type":"WebPage","@id":"https:\/\/latamjournalismreview.org\/pt-br\/articles\/unesco-celebra-dia-mundial-do-radio-para-homenagear-meio-que-busca-um-mundo-mais-pacifico-e-tolerante\/","url":"https:\/\/latamjournalismreview.org\/pt-br\/articles\/unesco-celebra-dia-mundial-do-radio-para-homenagear-meio-que-busca-um-mundo-mais-pacifico-e-tolerante\/","name":"UNESCO celebra Dia Mundial do R\u00e1dio para homenagear meio que busca \"um mundo mais pac\u00edfico e tolerante\" - LatAm Journalism Review by the Knight Center","isPartOf":{"@id":"https:\/\/latamjournalismreview.org\/pt-br\/#website"},"primaryImageOfPage":{"@id":"https:\/\/latamjournalismreview.org\/pt-br\/articles\/unesco-celebra-dia-mundial-do-radio-para-homenagear-meio-que-busca-um-mundo-mais-pacifico-e-tolerante\/#primaryimage"},"image":{"@id":"https:\/\/latamjournalismreview.org\/pt-br\/articles\/unesco-celebra-dia-mundial-do-radio-para-homenagear-meio-que-busca-um-mundo-mais-pacifico-e-tolerante\/#primaryimage"},"thumbnailUrl":"https:\/\/latamjournalismreview.org\/wp-content\/uploads\/2020\/06\/Dia-Mundial-Radio-Unesco.jpg","datePublished":"2019-02-13T17:01:30+00:00","dateModified":"2020-06-11T17:08:26+00:00","description":"UNESCO celebra Dia Mundial do R\u00e1dio para homenagear meio que busca \"um mundo mais pac\u00edfico e tolerante\" . Latin American Journalism Review by The Knight Center at The University of Texas at Austin.","breadcrumb":{"@id":"https:\/\/latamjournalismreview.org\/pt-br\/articles\/unesco-celebra-dia-mundial-do-radio-para-homenagear-meio-que-busca-um-mundo-mais-pacifico-e-tolerante\/#breadcrumb"},"inLanguage":"pt-BR","potentialAction":[{"@type":"ReadAction","target":["https:\/\/latamjournalismreview.org\/pt-br\/articles\/unesco-celebra-dia-mundial-do-radio-para-homenagear-meio-que-busca-um-mundo-mais-pacifico-e-tolerante\/"]}]},{"@type":"ImageObject","inLanguage":"pt-BR","@id":"https:\/\/latamjournalismreview.org\/pt-br\/articles\/unesco-celebra-dia-mundial-do-radio-para-homenagear-meio-que-busca-um-mundo-mais-pacifico-e-tolerante\/#primaryimage","url":"https:\/\/latamjournalismreview.org\/wp-content\/uploads\/2020\/06\/Dia-Mundial-Radio-Unesco.jpg","contentUrl":"https:\/\/latamjournalismreview.org\/wp-content\/uploads\/2020\/06\/Dia-Mundial-Radio-Unesco.jpg","width":507,"height":340,"caption":"D\u00eda Mundial de la Radio. Foto: Unesco."},{"@type":"BreadcrumbList","@id":"https:\/\/latamjournalismreview.org\/pt-br\/articles\/unesco-celebra-dia-mundial-do-radio-para-homenagear-meio-que-busca-um-mundo-mais-pacifico-e-tolerante\/#breadcrumb","itemListElement":[{"@type":"ListItem","position":1,"name":"Home","item":"https:\/\/latamjournalismreview.org\/pt-br\/"},{"@type":"ListItem","position":2,"name":"UNESCO celebra Dia Mundial do R\u00e1dio para homenagear meio que busca \"um mundo mais pac\u00edfico e tolerante\""}]},{"@type":"WebSite","@id":"https:\/\/latamjournalismreview.org\/pt-br\/#website","url":"https:\/\/latamjournalismreview.org\/pt-br\/","name":"LatAm Journalism Review","description":"Digital magazine on journalism in Latin America","publisher":{"@id":"https:\/\/latamjournalismreview.org\/pt-br\/#organization"},"potentialAction":[{"@type":"SearchAction","target":{"@type":"EntryPoint","urlTemplate":"https:\/\/latamjournalismreview.org\/pt-br\/?s={search_term_string}"},"query-input":{"@type":"PropertyValueSpecification","valueRequired":true,"valueName":"search_term_string"}}],"inLanguage":"pt-BR"},{"@type":"Organization","@id":"https:\/\/latamjournalismreview.org\/pt-br\/#organization","name":"LatAm Journalism Review","url":"https:\/\/latamjournalismreview.org\/pt-br\/","logo":{"@type":"ImageObject","inLanguage":"pt-BR","@id":"https:\/\/latamjournalismreview.org\/pt-br\/#\/schema\/logo\/image\/","url":"https:\/\/latamjournalismreview.org\/wp-content\/uploads\/2020\/05\/knight-latAm-review-logo.svg","contentUrl":"https:\/\/latamjournalismreview.org\/wp-content\/uploads\/2020\/05\/knight-latAm-review-logo.svg","width":"1024","height":"1024","caption":"LatAm Journalism Review"},"image":{"@id":"https:\/\/latamjournalismreview.org\/pt-br\/#\/schema\/logo\/image\/"},"sameAs":["https:\/\/x.com\/LatAmJournalism"]},{"@type":"Person","@id":"https:\/\/latamjournalismreview.org\/pt-br\/#\/schema\/person\/eac7baa6afada0957e047be9fc15703a","name":"Silvia Higuera","description":"Silvia A. Higuera Fl\u00f3rez is a Colombian journalist interested in covering Latin American issues and human rights, especially the right to freedom of expression, and investigative journalism. She studied Social Communication and Journalism at Universidad Pontificia Bolivariana in Bucaramanga (Colombia), and received her Master's of Arts in Journalism from the University of Texas at Austin in 2015. She worked with the Office of the Special Rapporteur for Freedom of Expression of the Inter-American Commission on Human Rights (IACHR) under the Orlando Sierra fellowship during 2014. She also worked for the Colombian newspaper Vanguardia Liberal and wrote for different magazines about local, economic and public order issues. Her work has also appeared in The Miami Herald and El Nuevo Herald of Miami. Email: silvia.knightcenter@gmail.com Silvia A. Higuera Fl\u00f3rez es una periodista colombiana con inter\u00e9s period\u00edstico es Am\u00e9rica Latina y los derechos humanos, particularmente el derecho a la libertad de expresi\u00f3n, as\u00ed como el periodismo de investigaci\u00f3n. Estudi\u00f3 Comunicaci\u00f3n Social \u2013 Periodismo en la Universidad Pontificia Bolivariana de Bucaramanga (Colombia), y recibi\u00f3 su maestr\u00eda en Periodismo en la Universidad de Texas, en Austin en 2015. Trabaj\u00f3 para la Relator\u00eda Especial para la Libertad de Expresi\u00f3n de la Comisi\u00f3n Interamericana de Derechos Humanos (CIDH) en el marco de la beca Orlando Sierra, durante 2014. Tambi\u00e9n hizo parte del diario Vanguardia Liberal y escribi\u00f3 para otras revistas colombianas cubriendo fuentes locales, econ\u00f3micas y judiciales. Algunos de sus trabajos han aparecido en The Miami Herald y El Nuevo Herald de Miami. Silvia A. Higuera Fl\u00f3rez \u00e9 uma jornalista colombiana e seu interesse jornal\u00edstico \u00e9 a Am\u00e9rica Latina e os direitos humanos, nomeadamente o direito \u00e0 liberdade de express\u00e3o. Estudou Comunica\u00e7\u00e3o Social \u2013 Jornalismo na Universidade Pontif\u00edcia Bolivariana de Bucaramanga, na Col\u00f4mbia e completou seu mestrado em jornalismo na Universidade do Texas em Austin. Silvia trabalhou na Relatoria para a Liberdade de Express\u00e3o da CIDH pela bolsa Orlando Sierra, em 2014. Trabalhou para o jornal Vanguardia Liberal e escreveu para outras revistas colombianas cobrindo temas locais, econ\u00f4micas e judici\u00e1rias. Alguns de seus trabalhos apareceram no The Miami Herald e no El Nuevo Herald de Miami.","sameAs":["https:\/\/x.com\/shiguerita"],"url":"https:\/\/latamjournalismreview.org\/pt-br\/articles\/author\/silvia-higuera\/"}]}},"_links":{"self":[{"href":"https:\/\/latamjournalismreview.org\/pt-br\/wp-json\/wp\/v2\/posts\/6729","targetHints":{"allow":["GET"]}}],"collection":[{"href":"https:\/\/latamjournalismreview.org\/pt-br\/wp-json\/wp\/v2\/posts"}],"about":[{"href":"https:\/\/latamjournalismreview.org\/pt-br\/wp-json\/wp\/v2\/types\/post"}],"author":[{"embeddable":true,"href":"https:\/\/latamjournalismreview.org\/pt-br\/wp-json\/wp\/v2\/users\/13"}],"replies":[{"embeddable":true,"href":"https:\/\/latamjournalismreview.org\/pt-br\/wp-json\/wp\/v2\/comments?post=6729"}],"version-history":[{"count":3,"href":"https:\/\/latamjournalismreview.org\/pt-br\/wp-json\/wp\/v2\/posts\/6729\/revisions"}],"predecessor-version":[{"id":6733,"href":"https:\/\/latamjournalismreview.org\/pt-br\/wp-json\/wp\/v2\/posts\/6729\/revisions\/6733"}],"wp:featuredmedia":[{"embeddable":true,"href":"https:\/\/latamjournalismreview.org\/pt-br\/wp-json\/wp\/v2\/media\/6727"}],"wp:attachment":[{"href":"https:\/\/latamjournalismreview.org\/pt-br\/wp-json\/wp\/v2\/media?parent=6729"}],"wp:term":[{"taxonomy":"category","embeddable":true,"href":"https:\/\/latamjournalismreview.org\/pt-br\/wp-json\/wp\/v2\/categories?post=6729"},{"taxonomy":"post_tag","embeddable":true,"href":"https:\/\/latamjournalismreview.org\/pt-br\/wp-json\/wp\/v2\/tags?post=6729"},{"taxonomy":"author","embeddable":true,"href":"https:\/\/latamjournalismreview.org\/pt-br\/wp-json\/wp\/v2\/coauthors?post=6729"}],"curies":[{"name":"wp","href":"https:\/\/api.w.org\/{rel}","templated":true}]}}