{"id":67428,"date":"2010-02-05T18:08:13","date_gmt":"2010-02-05T23:08:13","guid":{"rendered":"https:\/\/latamjournalismreview.org\/?p=67428"},"modified":"2022-08-31T18:12:26","modified_gmt":"2022-08-31T23:12:26","slug":"sip-expressa-preocupacao-com-iniciativas-para-regular-os-meios-de-comunicacao-no-panama","status":"publish","type":"post","link":"https:\/\/latamjournalismreview.org\/pt-br\/articles\/sip-expressa-preocupacao-com-iniciativas-para-regular-os-meios-de-comunicacao-no-panama\/","title":{"rendered":"SIP expressa preocupa\u00e7\u00e3o com iniciativas para regular os meios de comunica\u00e7\u00e3o no Panam\u00e1"},"content":{"rendered":"<p><em>Por Ingrid Bachmann<\/em><\/p>\n<p>Em resposta ao\u00a0<a href=\"http:\/\/knightcenter.utexas.edu\/archive\/blog\/?q=es\/node\/6317\">debate pelo conte\u00fado de alguns programas de televis\u00e3o<\/a>, v\u00e1rios parlamentares propuseram a cria\u00e7\u00e3o de organismos de censura e controle aos meios de comunica\u00e7\u00e3o, o que levou a\u00a0<a href=\"http:\/\/www.sipiapa.org\/v4\/index.php?page=cont_comunicados&amp;seccion=detalles&amp;idioma=sp&amp;id=4324\">Sociedade Interamericana de Imprensa<\/a>\u00a0(SIP, por suas siglas em espanhol) manifestar surpresa e preocupa\u00e7\u00e3o com a poss\u00edvel interfer\u00eancia do governo nos crit\u00e9rios editoriais da imprensa.<\/p>\n<p>Na semana passada, deputados da oposi\u00e7\u00e3o e da situa\u00e7\u00e3o propuseram reativar a chamada Junta de Censura \u2014vigente durante a ditadura\u2014 para regular os meios de comunica\u00e7\u00e3o privados, causando pol\u00eamica na imprensa do pa\u00eds, explica o\u00a0<a href=\"http:\/\/horacero.com.pa\/index.php?option=com_content&amp;view=article&amp;id=19403:hora-cero&amp;catid=129:politica\">Hora Cero<\/a>. A rea\u00e7\u00e3o fez com que o deputado presidente da Assembleia Nacional declarasse que a promo\u00e7\u00e3o desse tipo de organimo n\u00e3o \u00e9 parte da agenda do governo, acrescenta a\u00a0<a href=\"http:\/\/www.critica.com.pa\/archivo\/01292010\/politica.html#axzz0egUV6yNE\">Cr\u00edtica<\/a>.<\/p>\n<p><em>Nota do editor: Essa hist\u00f3ria foi publicada originalmente no blog de jornalismo nas Am\u00e9ricas do Centro Knight, o predecessor do LatAm Journalism Review.<\/em><\/p>\n","protected":false},"excerpt":{"rendered":"<p>Em resposta ao\u00a0debate pelo conte\u00fado de alguns programas de televis\u00e3o, v\u00e1rios parlamentares propuseram a cria\u00e7\u00e3o de organismos de censura e controle aos meios de comunica\u00e7\u00e3o, o que levou a\u00a0Sociedade Interamericana de Imprensa\u00a0(SIP, por suas siglas em espanhol) manifestar surpresa e preocupa\u00e7\u00e3o com a poss\u00edvel interfer\u00eancia do governo nos crit\u00e9rios editoriais da imprensa.<\/p>\n","protected":false},"author":17,"featured_media":0,"comment_status":"closed","ping_status":"closed","sticky":false,"template":"","format":"standard","meta":{"inline_featured_image":false,"footnotes":""},"categories":[1219],"tags":[2051,1386,1547],"coauthors":[],"class_list":["post-67428","post","type-post","status-publish","format-standard","hentry","category-liberdade-de-imprensa-pt-br","tag-liberdade-de-expressao-pt-br","tag-panama-pt-br","tag-regulacao-pt-br"],"acf":[],"yoast_head":"<!-- This site is optimized with the Yoast SEO Premium plugin v22.6 (Yoast SEO v27.4) - https:\/\/yoast.com\/product\/yoast-seo-premium-wordpress\/ -->\n<title>SIP expressa preocupa\u00e7\u00e3o com iniciativas para regular os meios de comunica\u00e7\u00e3o no Panam\u00e1 - LatAm Journalism Review by the Knight Center<\/title>\n<meta name=\"description\" content=\"SIP expressa preocupa\u00e7\u00e3o com iniciativas para regular os meios de comunica\u00e7\u00e3o no Panam\u00e1 Liberdade de imprensa. Latin American Journalism Review by The Knight Center at The University of Texas at Austin.\" \/>\n<meta name=\"robots\" content=\"index, follow, max-snippet:-1, max-image-preview:large, max-video-preview:-1\" \/>\n<link rel=\"canonical\" href=\"https:\/\/latamjournalismreview.org\/pt-br\/articles\/sip-expressa-preocupacao-com-iniciativas-para-regular-os-meios-de-comunicacao-no-panama\/\" \/>\n<meta property=\"og:locale\" content=\"pt_BR\" \/>\n<meta property=\"og:type\" content=\"article\" \/>\n<meta property=\"og:title\" content=\"SIP expressa preocupa\u00e7\u00e3o com iniciativas para regular os meios de comunica\u00e7\u00e3o no Panam\u00e1\" \/>\n<meta property=\"og:description\" content=\"SIP expressa preocupa\u00e7\u00e3o com iniciativas para regular os meios de comunica\u00e7\u00e3o no Panam\u00e1 Liberdade de imprensa. Latin American Journalism Review by The Knight Center at The University of Texas at Austin.\" \/>\n<meta property=\"og:url\" content=\"https:\/\/latamjournalismreview.org\/pt-br\/articles\/sip-expressa-preocupacao-com-iniciativas-para-regular-os-meios-de-comunicacao-no-panama\/\" \/>\n<meta property=\"og:site_name\" content=\"LatAm Journalism Review by the Knight Center\" \/>\n<meta property=\"article:published_time\" content=\"2010-02-05T23:08:13+00:00\" \/>\n<meta property=\"article:modified_time\" content=\"2022-08-31T23:12:26+00:00\" \/>\n<meta name=\"author\" content=\"Guest\" \/>\n<meta name=\"twitter:card\" content=\"summary_large_image\" \/>\n<meta name=\"twitter:creator\" content=\"@LatAmJournalism\" \/>\n<meta name=\"twitter:site\" content=\"@LatAmJournalism\" \/>\n<meta name=\"twitter:label1\" content=\"Written by\" \/>\n\t<meta name=\"twitter:data1\" content=\"Guest\" \/>\n\t<meta name=\"twitter:label2\" content=\"Est. reading time\" \/>\n\t<meta name=\"twitter:data2\" content=\"1 minuto\" \/>\n<script type=\"application\/ld+json\" class=\"yoast-schema-graph\">{\"@context\":\"https:\\\/\\\/schema.org\",\"@graph\":[{\"@type\":\"Article\",\"@id\":\"https:\\\/\\\/latamjournalismreview.org\\\/pt-br\\\/articles\\\/sip-expressa-preocupacao-com-iniciativas-para-regular-os-meios-de-comunicacao-no-panama\\\/#article\",\"isPartOf\":{\"@id\":\"https:\\\/\\\/latamjournalismreview.org\\\/pt-br\\\/articles\\\/sip-expressa-preocupacao-com-iniciativas-para-regular-os-meios-de-comunicacao-no-panama\\\/\"},\"author\":{\"name\":\"Guest\",\"@id\":\"https:\\\/\\\/latamjournalismreview.org\\\/pt-br\\\/#\\\/schema\\\/person\\\/0315202e0b3c0963a2440f1c3012c360\"},\"headline\":\"SIP expressa preocupa\u00e7\u00e3o com iniciativas para regular os meios de comunica\u00e7\u00e3o no Panam\u00e1\",\"datePublished\":\"2010-02-05T23:08:13+00:00\",\"dateModified\":\"2022-08-31T23:12:26+00:00\",\"mainEntityOfPage\":{\"@id\":\"https:\\\/\\\/latamjournalismreview.org\\\/pt-br\\\/articles\\\/sip-expressa-preocupacao-com-iniciativas-para-regular-os-meios-de-comunicacao-no-panama\\\/\"},\"wordCount\":181,\"publisher\":{\"@id\":\"https:\\\/\\\/latamjournalismreview.org\\\/pt-br\\\/#organization\"},\"keywords\":[\"Liberdade de express\u00e3o\",\"Panam\u00e1\",\"Regula\u00e7\u00e3o\"],\"articleSection\":[\"Liberdade de imprensa\"],\"inLanguage\":\"pt-BR\"},{\"@type\":\"WebPage\",\"@id\":\"https:\\\/\\\/latamjournalismreview.org\\\/pt-br\\\/articles\\\/sip-expressa-preocupacao-com-iniciativas-para-regular-os-meios-de-comunicacao-no-panama\\\/\",\"url\":\"https:\\\/\\\/latamjournalismreview.org\\\/pt-br\\\/articles\\\/sip-expressa-preocupacao-com-iniciativas-para-regular-os-meios-de-comunicacao-no-panama\\\/\",\"name\":\"SIP expressa preocupa\u00e7\u00e3o com iniciativas para regular os meios de comunica\u00e7\u00e3o no Panam\u00e1 - LatAm Journalism Review by the Knight Center\",\"isPartOf\":{\"@id\":\"https:\\\/\\\/latamjournalismreview.org\\\/pt-br\\\/#website\"},\"datePublished\":\"2010-02-05T23:08:13+00:00\",\"dateModified\":\"2022-08-31T23:12:26+00:00\",\"description\":\"SIP expressa preocupa\u00e7\u00e3o com iniciativas para regular os meios de comunica\u00e7\u00e3o no Panam\u00e1 Liberdade de imprensa. Latin American Journalism Review by The Knight Center at The University of Texas at Austin.\",\"breadcrumb\":{\"@id\":\"https:\\\/\\\/latamjournalismreview.org\\\/pt-br\\\/articles\\\/sip-expressa-preocupacao-com-iniciativas-para-regular-os-meios-de-comunicacao-no-panama\\\/#breadcrumb\"},\"inLanguage\":\"pt-BR\",\"potentialAction\":[{\"@type\":\"ReadAction\",\"target\":[\"https:\\\/\\\/latamjournalismreview.org\\\/pt-br\\\/articles\\\/sip-expressa-preocupacao-com-iniciativas-para-regular-os-meios-de-comunicacao-no-panama\\\/\"]}]},{\"@type\":\"BreadcrumbList\",\"@id\":\"https:\\\/\\\/latamjournalismreview.org\\\/pt-br\\\/articles\\\/sip-expressa-preocupacao-com-iniciativas-para-regular-os-meios-de-comunicacao-no-panama\\\/#breadcrumb\",\"itemListElement\":[{\"@type\":\"ListItem\",\"position\":1,\"name\":\"Home\",\"item\":\"https:\\\/\\\/latamjournalismreview.org\\\/pt-br\\\/\"},{\"@type\":\"ListItem\",\"position\":2,\"name\":\"SIP expressa preocupa\u00e7\u00e3o com iniciativas para regular os meios de comunica\u00e7\u00e3o no Panam\u00e1\"}]},{\"@type\":\"WebSite\",\"@id\":\"https:\\\/\\\/latamjournalismreview.org\\\/pt-br\\\/#website\",\"url\":\"https:\\\/\\\/latamjournalismreview.org\\\/pt-br\\\/\",\"name\":\"LatAm Journalism Review\",\"description\":\"Digital magazine on journalism in Latin America\",\"publisher\":{\"@id\":\"https:\\\/\\\/latamjournalismreview.org\\\/pt-br\\\/#organization\"},\"potentialAction\":[{\"@type\":\"SearchAction\",\"target\":{\"@type\":\"EntryPoint\",\"urlTemplate\":\"https:\\\/\\\/latamjournalismreview.org\\\/pt-br\\\/?s={search_term_string}\"},\"query-input\":{\"@type\":\"PropertyValueSpecification\",\"valueRequired\":true,\"valueName\":\"search_term_string\"}}],\"inLanguage\":\"pt-BR\"},{\"@type\":\"Organization\",\"@id\":\"https:\\\/\\\/latamjournalismreview.org\\\/pt-br\\\/#organization\",\"name\":\"LatAm Journalism Review\",\"url\":\"https:\\\/\\\/latamjournalismreview.org\\\/pt-br\\\/\",\"logo\":{\"@type\":\"ImageObject\",\"inLanguage\":\"pt-BR\",\"@id\":\"https:\\\/\\\/latamjournalismreview.org\\\/pt-br\\\/#\\\/schema\\\/logo\\\/image\\\/\",\"url\":\"https:\\\/\\\/latamjournalismreview.org\\\/wp-content\\\/uploads\\\/2020\\\/05\\\/knight-latAm-review-logo.svg\",\"contentUrl\":\"https:\\\/\\\/latamjournalismreview.org\\\/wp-content\\\/uploads\\\/2020\\\/05\\\/knight-latAm-review-logo.svg\",\"width\":\"1024\",\"height\":\"1024\",\"caption\":\"LatAm Journalism Review\"},\"image\":{\"@id\":\"https:\\\/\\\/latamjournalismreview.org\\\/pt-br\\\/#\\\/schema\\\/logo\\\/image\\\/\"},\"sameAs\":[\"https:\\\/\\\/x.com\\\/LatAmJournalism\"]},{\"@type\":\"Person\",\"@id\":\"https:\\\/\\\/latamjournalismreview.org\\\/pt-br\\\/#\\\/schema\\\/person\\\/0315202e0b3c0963a2440f1c3012c360\",\"name\":\"Guest\",\"url\":\"https:\\\/\\\/latamjournalismreview.org\\\/pt-br\\\/articles\\\/author\\\/guest\\\/\"}]}<\/script>\n<!-- \/ Yoast SEO Premium plugin. -->","yoast_head_json":{"title":"SIP expressa preocupa\u00e7\u00e3o com iniciativas para regular os meios de comunica\u00e7\u00e3o no Panam\u00e1 - LatAm Journalism Review by the Knight Center","description":"SIP expressa preocupa\u00e7\u00e3o com iniciativas para regular os meios de comunica\u00e7\u00e3o no Panam\u00e1 Liberdade de imprensa. Latin American Journalism Review by The Knight Center at The University of Texas at Austin.","robots":{"index":"index","follow":"follow","max-snippet":"max-snippet:-1","max-image-preview":"max-image-preview:large","max-video-preview":"max-video-preview:-1"},"canonical":"https:\/\/latamjournalismreview.org\/pt-br\/articles\/sip-expressa-preocupacao-com-iniciativas-para-regular-os-meios-de-comunicacao-no-panama\/","og_locale":"pt_BR","og_type":"article","og_title":"SIP expressa preocupa\u00e7\u00e3o com iniciativas para regular os meios de comunica\u00e7\u00e3o no Panam\u00e1","og_description":"SIP expressa preocupa\u00e7\u00e3o com iniciativas para regular os meios de comunica\u00e7\u00e3o no Panam\u00e1 Liberdade de imprensa. Latin American Journalism Review by The Knight Center at The University of Texas at Austin.","og_url":"https:\/\/latamjournalismreview.org\/pt-br\/articles\/sip-expressa-preocupacao-com-iniciativas-para-regular-os-meios-de-comunicacao-no-panama\/","og_site_name":"LatAm Journalism Review by the Knight Center","article_published_time":"2010-02-05T23:08:13+00:00","article_modified_time":"2022-08-31T23:12:26+00:00","author":"Guest","twitter_card":"summary_large_image","twitter_creator":"@LatAmJournalism","twitter_site":"@LatAmJournalism","twitter_misc":{"Written by":"Guest","Est. reading time":"1 minuto"},"schema":{"@context":"https:\/\/schema.org","@graph":[{"@type":"Article","@id":"https:\/\/latamjournalismreview.org\/pt-br\/articles\/sip-expressa-preocupacao-com-iniciativas-para-regular-os-meios-de-comunicacao-no-panama\/#article","isPartOf":{"@id":"https:\/\/latamjournalismreview.org\/pt-br\/articles\/sip-expressa-preocupacao-com-iniciativas-para-regular-os-meios-de-comunicacao-no-panama\/"},"author":{"name":"Guest","@id":"https:\/\/latamjournalismreview.org\/pt-br\/#\/schema\/person\/0315202e0b3c0963a2440f1c3012c360"},"headline":"SIP expressa preocupa\u00e7\u00e3o com iniciativas para regular os meios de comunica\u00e7\u00e3o no Panam\u00e1","datePublished":"2010-02-05T23:08:13+00:00","dateModified":"2022-08-31T23:12:26+00:00","mainEntityOfPage":{"@id":"https:\/\/latamjournalismreview.org\/pt-br\/articles\/sip-expressa-preocupacao-com-iniciativas-para-regular-os-meios-de-comunicacao-no-panama\/"},"wordCount":181,"publisher":{"@id":"https:\/\/latamjournalismreview.org\/pt-br\/#organization"},"keywords":["Liberdade de express\u00e3o","Panam\u00e1","Regula\u00e7\u00e3o"],"articleSection":["Liberdade de imprensa"],"inLanguage":"pt-BR"},{"@type":"WebPage","@id":"https:\/\/latamjournalismreview.org\/pt-br\/articles\/sip-expressa-preocupacao-com-iniciativas-para-regular-os-meios-de-comunicacao-no-panama\/","url":"https:\/\/latamjournalismreview.org\/pt-br\/articles\/sip-expressa-preocupacao-com-iniciativas-para-regular-os-meios-de-comunicacao-no-panama\/","name":"SIP expressa preocupa\u00e7\u00e3o com iniciativas para regular os meios de comunica\u00e7\u00e3o no Panam\u00e1 - LatAm Journalism Review by the Knight Center","isPartOf":{"@id":"https:\/\/latamjournalismreview.org\/pt-br\/#website"},"datePublished":"2010-02-05T23:08:13+00:00","dateModified":"2022-08-31T23:12:26+00:00","description":"SIP expressa preocupa\u00e7\u00e3o com iniciativas para regular os meios de comunica\u00e7\u00e3o no Panam\u00e1 Liberdade de imprensa. Latin American Journalism Review by The Knight Center at The University of Texas at Austin.","breadcrumb":{"@id":"https:\/\/latamjournalismreview.org\/pt-br\/articles\/sip-expressa-preocupacao-com-iniciativas-para-regular-os-meios-de-comunicacao-no-panama\/#breadcrumb"},"inLanguage":"pt-BR","potentialAction":[{"@type":"ReadAction","target":["https:\/\/latamjournalismreview.org\/pt-br\/articles\/sip-expressa-preocupacao-com-iniciativas-para-regular-os-meios-de-comunicacao-no-panama\/"]}]},{"@type":"BreadcrumbList","@id":"https:\/\/latamjournalismreview.org\/pt-br\/articles\/sip-expressa-preocupacao-com-iniciativas-para-regular-os-meios-de-comunicacao-no-panama\/#breadcrumb","itemListElement":[{"@type":"ListItem","position":1,"name":"Home","item":"https:\/\/latamjournalismreview.org\/pt-br\/"},{"@type":"ListItem","position":2,"name":"SIP expressa preocupa\u00e7\u00e3o com iniciativas para regular os meios de comunica\u00e7\u00e3o no Panam\u00e1"}]},{"@type":"WebSite","@id":"https:\/\/latamjournalismreview.org\/pt-br\/#website","url":"https:\/\/latamjournalismreview.org\/pt-br\/","name":"LatAm Journalism Review","description":"Digital magazine on journalism in Latin America","publisher":{"@id":"https:\/\/latamjournalismreview.org\/pt-br\/#organization"},"potentialAction":[{"@type":"SearchAction","target":{"@type":"EntryPoint","urlTemplate":"https:\/\/latamjournalismreview.org\/pt-br\/?s={search_term_string}"},"query-input":{"@type":"PropertyValueSpecification","valueRequired":true,"valueName":"search_term_string"}}],"inLanguage":"pt-BR"},{"@type":"Organization","@id":"https:\/\/latamjournalismreview.org\/pt-br\/#organization","name":"LatAm Journalism Review","url":"https:\/\/latamjournalismreview.org\/pt-br\/","logo":{"@type":"ImageObject","inLanguage":"pt-BR","@id":"https:\/\/latamjournalismreview.org\/pt-br\/#\/schema\/logo\/image\/","url":"https:\/\/latamjournalismreview.org\/wp-content\/uploads\/2020\/05\/knight-latAm-review-logo.svg","contentUrl":"https:\/\/latamjournalismreview.org\/wp-content\/uploads\/2020\/05\/knight-latAm-review-logo.svg","width":"1024","height":"1024","caption":"LatAm Journalism Review"},"image":{"@id":"https:\/\/latamjournalismreview.org\/pt-br\/#\/schema\/logo\/image\/"},"sameAs":["https:\/\/x.com\/LatAmJournalism"]},{"@type":"Person","@id":"https:\/\/latamjournalismreview.org\/pt-br\/#\/schema\/person\/0315202e0b3c0963a2440f1c3012c360","name":"Guest","url":"https:\/\/latamjournalismreview.org\/pt-br\/articles\/author\/guest\/"}]}},"_links":{"self":[{"href":"https:\/\/latamjournalismreview.org\/pt-br\/wp-json\/wp\/v2\/posts\/67428","targetHints":{"allow":["GET"]}}],"collection":[{"href":"https:\/\/latamjournalismreview.org\/pt-br\/wp-json\/wp\/v2\/posts"}],"about":[{"href":"https:\/\/latamjournalismreview.org\/pt-br\/wp-json\/wp\/v2\/types\/post"}],"author":[{"embeddable":true,"href":"https:\/\/latamjournalismreview.org\/pt-br\/wp-json\/wp\/v2\/users\/17"}],"replies":[{"embeddable":true,"href":"https:\/\/latamjournalismreview.org\/pt-br\/wp-json\/wp\/v2\/comments?post=67428"}],"version-history":[{"count":1,"href":"https:\/\/latamjournalismreview.org\/pt-br\/wp-json\/wp\/v2\/posts\/67428\/revisions"}],"predecessor-version":[{"id":67434,"href":"https:\/\/latamjournalismreview.org\/pt-br\/wp-json\/wp\/v2\/posts\/67428\/revisions\/67434"}],"wp:attachment":[{"href":"https:\/\/latamjournalismreview.org\/pt-br\/wp-json\/wp\/v2\/media?parent=67428"}],"wp:term":[{"taxonomy":"category","embeddable":true,"href":"https:\/\/latamjournalismreview.org\/pt-br\/wp-json\/wp\/v2\/categories?post=67428"},{"taxonomy":"post_tag","embeddable":true,"href":"https:\/\/latamjournalismreview.org\/pt-br\/wp-json\/wp\/v2\/tags?post=67428"},{"taxonomy":"author","embeddable":true,"href":"https:\/\/latamjournalismreview.org\/pt-br\/wp-json\/wp\/v2\/coauthors?post=67428"}],"curies":[{"name":"wp","href":"https:\/\/api.w.org\/{rel}","templated":true}]}}