{"id":69048,"date":"2022-10-18T16:28:59","date_gmt":"2022-10-18T21:28:59","guid":{"rendered":"https:\/\/latamjournalismreview.org\/?p=69048"},"modified":"2022-10-18T16:28:59","modified_gmt":"2022-10-18T21:28:59","slug":"nova-geracao-de-jornalistas-latino-americanos-recebe-premio-por-lideranca-e-impacto-social","status":"publish","type":"post","link":"https:\/\/latamjournalismreview.org\/pt-br\/articles\/nova-geracao-de-jornalistas-latino-americanos-recebe-premio-por-lideranca-e-impacto-social\/","title":{"rendered":"Nova gera\u00e7\u00e3o de jornalistas latino-americanos recebe pr\u00eamio por lideran\u00e7a e impacto social"},"content":{"rendered":"<p><span style=\"font-weight: 400;\">A nova gera\u00e7\u00e3o de jornalistas <\/span><i><span style=\"font-weight: 400;\">rock stars<\/span><\/i><span style=\"font-weight: 400;\">: assim foram apresentados os ganhadores do Pr\u00eamio de Jornalista do Ano 2022, outorgado pela organiza\u00e7\u00e3o One Young World, durante uma cerim\u00f4nia em Manchester, no Reino Unido, em setembro.<\/span><\/p>\n<p><span style=\"font-weight: 400;\">A organiza\u00e7\u00e3o re\u00fane jovens l\u00edderes de todo o mundo para desenvolver solu\u00e7\u00f5es para problemas sociais, independentemente de seu setor.\u00a0 Este pr\u00eamio, criado em 2020, procura homenagear cinco jovens l\u00edderes que tiveram um impacto social positivo por meio de seu trabalho e mudaram a maneira como as hist\u00f3rias s\u00e3o relatadas, fortalecendo outras pessoas.\u00a0<\/span><\/p>\n<p><span style=\"font-weight: 400;\">\"Tive a sorte de me pedirem para ser um dos jurados. O conte\u00fado das pessoas que vimos foi incr\u00edvel e not\u00e1vel, e as cinco pessoas que voc\u00ea v\u00ea no palco bateram incr\u00edveis jornalistas de todo o mundo. E sabemos como \u00e9 importante um jornalismo poderoso, independente e baseado na verdade\", disse Kamal Amhed, editor-chefe e co-fundador do <\/span><a href=\"https:\/\/thenewsmovement.com\/\"><span style=\"font-weight: 400;\">The News Movement<\/span><\/a><span style=\"font-weight: 400;\">.<\/span><\/p>\n<p><img loading=\"lazy\" decoding=\"async\" class=\"wp-image-69027\" src=\"https:\/\/latamjournalismreview.org\/wp-content\/uploads\/2022\/10\/GanadoresOywceremonia-300x200.jpg\" alt=\"eight people in a stage and smiling for a picture\" width=\"450\" height=\"300\" srcset=\"https:\/\/latamjournalismreview.org\/wp-content\/uploads\/2022\/10\/GanadoresOywceremonia-300x200.jpg 300w, https:\/\/latamjournalismreview.org\/wp-content\/uploads\/2022\/10\/GanadoresOywceremonia-1024x683.jpg 1024w, https:\/\/latamjournalismreview.org\/wp-content\/uploads\/2022\/10\/GanadoresOywceremonia-768x512.jpg 768w, https:\/\/latamjournalismreview.org\/wp-content\/uploads\/2022\/10\/GanadoresOywceremonia-1536x1024.jpg 1536w, https:\/\/latamjournalismreview.org\/wp-content\/uploads\/2022\/10\/GanadoresOywceremonia-2048x1366.jpg 2048w, https:\/\/latamjournalismreview.org\/wp-content\/uploads\/2022\/10\/GanadoresOywceremonia-350x234.jpg 350w\" sizes=\"auto, (max-width: 450px) 100vw, 450px\" \/><\/p>\n<p><span style=\"font-weight: 400;\">Dois dos cinco jornalistas que receberam o pr\u00eamio este ano s\u00e3o latino-americanos: Daniel Villatoro, da Guatemala, e Maria Paulina Baena, da Col\u00f4mbia. Villatoro coordena a Iniciativa Latino-Americana de Jornalismo LGBT+ da International Women's Media Foundation (<\/span><a href=\"https:\/\/iwmf.com\/\"><span style=\"font-weight: 400;\">IWMF<\/span><\/a><span style=\"font-weight: 400;\">) e suas \u00e1reas de trabalho incluem narrativas, dados abertos e inova\u00e7\u00e3o social, bem como a discrimina\u00e7\u00e3o com base na orienta\u00e7\u00e3o sexual. Baena trabalha para\u00a0 <\/span><a href=\"https:\/\/www.elespectador.com\/\"><span style=\"font-weight: 400;\">El Espectador<\/span><\/a><span style=\"font-weight: 400;\">, o jornal mais antigo da Col\u00f4mbia, e \u00e9 uma das criadoras, roteiristas e apresentadoras da popular coluna sat\u00edrica em v\u00eddeo que traz not\u00edcias para o p\u00fablico jovem, <\/span><a href=\"https:\/\/www.youtube.com\/c\/LaPulla\"><span style=\"font-weight: 400;\">La Pulla<\/span><\/a><span style=\"font-weight: 400;\">.<\/span><\/p>\n<p><span style=\"font-weight: 400;\">A <\/span><b>LatAm Journalism Review (LJR)<\/b><span style=\"font-weight: 400;\"> entrevistou esses jornalistas para saber suas impress\u00f5es sobre o pr\u00eamio, como \u00e9 fazer jornalismo da Am\u00e9rica Latina e a situa\u00e7\u00e3o atual em cada um de seus pa\u00edses.\u00a0<\/span><\/p>\n<p>&nbsp;<\/p>\n<h3><span style=\"font-weight: 400;\">Celebrando o esp\u00edrito jovem e inovador<\/span><\/h3>\n<p>&nbsp;<\/p>\n<p><span style=\"font-weight: 400;\">O painel de jurados que escolheu os vencedores do Pr\u00eamio Jornalista do Ano da One Young World foi formado por renomadas personalidades da m\u00eddia. O jornalista brit\u00e2nico Kamal Ahmed; Biz Stone, co-fundador do Twitter; James Chau, apresentador de The China Current; Lagipoiva Cherelle Jackson, jornalista das Ilhas do Pac\u00edfico; Stephanie Busari, jornalista nigeriana; e Ilia Calderon, \u00e2ncora da Univision e a \u00fanica latina do grupo.\u00a0<\/span><\/p>\n<p><span style=\"font-weight: 400;\">\"Eles est\u00e3o procurando pessoas que tenham tido um impacto social e n\u00e3o necessariamente que tenham feito um trabalho de investiga\u00e7\u00e3o em particular. Primeiro houve uma sele\u00e7\u00e3o maior e depois uma lista restrita de 15 jornalistas\", disse Villatoro \u00e0 <\/span><b>LJR<\/b><span style=\"font-weight: 400;\">. \"Acho que na decis\u00e3o de premia\u00e7\u00e3o influenciaram os programas de treinamento que fiz (tanto com a IWMF quanto com o <\/span><a href=\"https:\/\/knightcenter.utexas.edu\/es\/postule-al-nuevo-curso-en-espanol-sobre-cobertura-periodistica-con-perspectiva-de-genero\/\"><span style=\"font-weight: 400;\">Centro Knight<\/span><\/a><span style=\"font-weight: 400;\">) que tiveram muito alcance. Assim como o movimento da agenda da diversidade, a promo\u00e7\u00e3o da agenda da diversidade na Am\u00e9rica Latina\", acrescentou o jornalista.\u00a0<\/span><\/p>\n<p><span style=\"font-weight: 400;\">A lista pr\u00e9via de 15 candidatos inclu\u00eda jornalistas de todo o mundo: Inglaterra, Nova Zel\u00e2ndia, Afeganist\u00e3o, Qu\u00eania, etc.<\/span><\/p>\n<p><img loading=\"lazy\" decoding=\"async\" class=\"wp-image-69031 alignright\" src=\"https:\/\/latamjournalismreview.org\/wp-content\/uploads\/2022\/10\/MariaPaulinaduranteceremoniapremio-300x200.jpg\" alt=\"blonde girl speaks from a lectern on a stage\" width=\"400\" height=\"267\" srcset=\"https:\/\/latamjournalismreview.org\/wp-content\/uploads\/2022\/10\/MariaPaulinaduranteceremoniapremio-300x200.jpg 300w, https:\/\/latamjournalismreview.org\/wp-content\/uploads\/2022\/10\/MariaPaulinaduranteceremoniapremio-1024x683.jpg 1024w, https:\/\/latamjournalismreview.org\/wp-content\/uploads\/2022\/10\/MariaPaulinaduranteceremoniapremio-768x512.jpg 768w, https:\/\/latamjournalismreview.org\/wp-content\/uploads\/2022\/10\/MariaPaulinaduranteceremoniapremio-1536x1024.jpg 1536w, https:\/\/latamjournalismreview.org\/wp-content\/uploads\/2022\/10\/MariaPaulinaduranteceremoniapremio-2048x1366.jpg 2048w, https:\/\/latamjournalismreview.org\/wp-content\/uploads\/2022\/10\/MariaPaulinaduranteceremoniapremio-507x340.jpg 507w, https:\/\/latamjournalismreview.org\/wp-content\/uploads\/2022\/10\/MariaPaulinaduranteceremoniapremio-350x234.jpg 350w\" sizes=\"auto, (max-width: 400px) 100vw, 400px\" \/><\/p>\n<p><span style=\"font-weight: 400;\">\"Fui encorajado a apresentar um curr\u00edculo, um perfil curto, e envi\u00e1-lo para Londres porque me disseram que eu tinha uma chance de estar entre os escolhidos, mas nunca imaginei que estaria entre os cinco\", explicou Baena \u00e0 <\/span><b>LJR<\/b><span style=\"font-weight: 400;\">.<\/span><\/p>\n<p><span style=\"font-weight: 400;\">Normalmente os pr\u00eamios que exaltam a carreira de um jornalista s\u00e3o recebidos em idade avan\u00e7ada ou ap\u00f3s muitos anos de experi\u00eancia. Essa \u00e9 a particularidade deste pr\u00eamio, que reconhece e celebra a lideran\u00e7a e o trabalho jornal\u00edstico de jornalistas com menos de 35 anos.\u00a0<\/span><\/p>\n<p><span style=\"font-weight: 400;\">\"Pr\u00eamios como estes s\u00e3o um exemplo para outros jovens que querem mudar as coisas, porque se voc\u00ea encontrar muita resist\u00eancia no ecossistema em uma idade precoce voc\u00ea pode perder esse esp\u00edrito jovem e inovador\", disse Villatoro.\u00a0 \"Este pr\u00eamio me permitiu refletir muito sobre as escolhas de carreira que fiz e o que aprendi com meus editores\".<\/span><\/p>\n<p>&nbsp;<\/p>\n<h3><span style=\"font-weight: 400;\">\u2018A Am\u00e9rica Latina \u00e9 um laborat\u00f3rio n\u00e3o s\u00f3 de conflito, mas de jornalismo\u2019<\/span><\/h3>\n<h3><\/h3>\n<p><span style=\"font-weight: 400;\">\u00c9 a primeira vez que este pr\u00eamio \u00e9 concedido a jornalistas da Am\u00e9rica Latina. Os outros tr\u00eas jornalistas que ganharam o pr\u00eamio este ano s\u00e3o de Jap\u00e3o, Reino Unido e Afeganist\u00e3o, pa\u00edses com conflitos e realidades muito diferentes daquelas da Am\u00e9rica Latina.<\/span><\/p>\n<p><span style=\"font-weight: 400;\">Para Baena, h\u00e1 muitas amea\u00e7as a jornalistas e l\u00edderes de opini\u00e3o na Am\u00e9rica Latina. E embora o jornalismo continue sendo um grande desafio, \u00e9 necess\u00e1rio trazer \u00e0 luz a viol\u00eancia da regi\u00e3o.\u00a0<\/span><\/p>\n<p><span style=\"font-weight: 400;\">\"A Am\u00e9rica Latina \u00e9 um laborat\u00f3rio n\u00e3o s\u00f3 de conflitos, mas tamb\u00e9m de jornalismo, e devemos insistir para que o bom jornalismo continue a ser feito para que estas l\u00f3gicas comecem a ser revertidas e para que o jornalismo cumpra verdadeiramente uma fun\u00e7\u00e3o social. N\u00e3o apenas ser informativo, mas tamb\u00e9m para tornar os cidad\u00e3os melhores, mais cr\u00edticos e comprometidos com a paz\", disse a jornalista colombiana.<\/span><\/p>\n<p><img loading=\"lazy\" decoding=\"async\" class=\"wp-image-69034\" src=\"https:\/\/latamjournalismreview.org\/wp-content\/uploads\/2022\/10\/DanielVillatoroenceremoniapremio-300x200.jpg\" alt=\"a young man wearing a gray jacket speaking from a stage\" width=\"400\" height=\"267\" srcset=\"https:\/\/latamjournalismreview.org\/wp-content\/uploads\/2022\/10\/DanielVillatoroenceremoniapremio-300x200.jpg 300w, https:\/\/latamjournalismreview.org\/wp-content\/uploads\/2022\/10\/DanielVillatoroenceremoniapremio-1024x683.jpg 1024w, https:\/\/latamjournalismreview.org\/wp-content\/uploads\/2022\/10\/DanielVillatoroenceremoniapremio-768x512.jpg 768w, https:\/\/latamjournalismreview.org\/wp-content\/uploads\/2022\/10\/DanielVillatoroenceremoniapremio-1536x1024.jpg 1536w, https:\/\/latamjournalismreview.org\/wp-content\/uploads\/2022\/10\/DanielVillatoroenceremoniapremio-2048x1366.jpg 2048w, https:\/\/latamjournalismreview.org\/wp-content\/uploads\/2022\/10\/DanielVillatoroenceremoniapremio-507x340.jpg 507w, https:\/\/latamjournalismreview.org\/wp-content\/uploads\/2022\/10\/DanielVillatoroenceremoniapremio-350x234.jpg 350w\" sizes=\"auto, (max-width: 400px) 100vw, 400px\" \/><\/p>\n<p><span style=\"font-weight: 400;\">Quanto a Villatoro, o jornalista diz que ter recebido o pr\u00eamio deve-se em grande parte ao seu trabalho com a comunidade LGBT+, mas mais ainda ao fato de t\u00ea-lo feito a partir da Guatemala. Isto se deve \u00e0s dificuldades do pr\u00f3prio pa\u00eds e \u00e0s garantias sociais m\u00ednimas que eles t\u00eam.<\/span><\/p>\n<p><span style=\"font-weight: 400;\">\"Em outros ambientes, as pessoas LGBT+ t\u00eam alguns ganhos pol\u00edticos. Em contraste, na Guatemala, as \u00fanicas realiza\u00e7\u00f5es s\u00e3o narrativas e culturais, o pol\u00edtico n\u00e3o garantiu um piso pol\u00edtico importante\", disse Villatoro.<\/span><\/p>\n<p><span style=\"font-weight: 400;\">\u00a0Ainda assim, estar na Am\u00e9rica Latina tem suas vantagens. \"Em alguns lugares, n\u00e3o h\u00e1 uma percep\u00e7\u00e3o t\u00e3o forte da regionalidade como na Am\u00e9rica Latina. H\u00e1 uma quest\u00e3o cultural da percep\u00e7\u00e3o da Am\u00e9rica Latina como um espa\u00e7o integrado\", disse o jornalista guatemalteco. \"A rede latino-americana est\u00e1 sempre conectada e sincronizada e h\u00e1 uma abordagem colaborativa do jornalismo na regi\u00e3o.\u201d<\/span><\/p>\n<p>&nbsp;<\/p>\n","protected":false},"excerpt":{"rendered":"<p>A organiza\u00e7\u00e3o One Young World concedeu a Daniel Villatoro, da Guatemala, e Mar\u00eda Paulina Baena, da Col\u00f4mbia, o pr\u00eamio de Jornalistas do Ano 2022. LJR entrevistou ambos os jornalistas para saber suas impress\u00f5es sobre o pr\u00eamio, como \u00e9 fazer jornalismo desde a Am\u00e9rica Latina e a situa\u00e7\u00e3o atual em seus pa\u00edses. <\/p>\n","protected":false},"author":36,"featured_media":69040,"comment_status":"closed","ping_status":"closed","sticky":false,"template":"","format":"standard","meta":{"inline_featured_image":false,"footnotes":""},"categories":[1353],"tags":[],"coauthors":[],"class_list":["post-69048","post","type-post","status-publish","format-standard","has-post-thumbnail","hentry","category-premios-e-oportunidades-pt-br"],"acf":[],"yoast_head":"<!-- This site is optimized with the Yoast SEO Premium plugin v22.6 (Yoast SEO v27.4) - https:\/\/yoast.com\/product\/yoast-seo-premium-wordpress\/ -->\n<title>Nova gera\u00e7\u00e3o de jornalistas latino-americanos recebe pr\u00eamio por lideran\u00e7a e impacto social - LatAm Journalism Review by the Knight Center<\/title>\n<meta name=\"description\" content=\"Nova gera\u00e7\u00e3o de jornalistas latino-americanos recebe pr\u00eamio por lideran\u00e7a e impacto social Pr\u00eamios e oportunidades. Latin American Journalism Review by The Knight Center at The University of Texas at Austin.\" \/>\n<meta name=\"robots\" content=\"index, follow, max-snippet:-1, max-image-preview:large, max-video-preview:-1\" \/>\n<link rel=\"canonical\" href=\"https:\/\/latamjournalismreview.org\/pt-br\/articles\/nova-geracao-de-jornalistas-latino-americanos-recebe-premio-por-lideranca-e-impacto-social\/\" \/>\n<meta property=\"og:locale\" content=\"pt_BR\" \/>\n<meta property=\"og:type\" content=\"article\" \/>\n<meta property=\"og:title\" content=\"Nova gera\u00e7\u00e3o de jornalistas latino-americanos recebe pr\u00eamio por lideran\u00e7a e impacto social\" \/>\n<meta property=\"og:description\" content=\"Nova gera\u00e7\u00e3o de jornalistas latino-americanos recebe pr\u00eamio por lideran\u00e7a e impacto social Pr\u00eamios e oportunidades. Latin American Journalism Review by The Knight Center at The University of Texas at Austin.\" \/>\n<meta property=\"og:url\" content=\"https:\/\/latamjournalismreview.org\/pt-br\/articles\/nova-geracao-de-jornalistas-latino-americanos-recebe-premio-por-lideranca-e-impacto-social\/\" \/>\n<meta property=\"og:site_name\" content=\"LatAm Journalism Review by the Knight Center\" \/>\n<meta property=\"article:published_time\" content=\"2022-10-18T21:28:59+00:00\" \/>\n<meta property=\"og:image\" content=\"http:\/\/latamjournalismreview.org\/wp-content\/uploads\/2022\/10\/FeatureOYWawards.png\" \/>\n\t<meta property=\"og:image:width\" content=\"507\" \/>\n\t<meta property=\"og:image:height\" content=\"340\" \/>\n\t<meta property=\"og:image:type\" content=\"image\/png\" \/>\n<meta name=\"author\" content=\"Katherine Pennacchio\" \/>\n<meta name=\"twitter:card\" content=\"summary_large_image\" \/>\n<meta name=\"twitter:creator\" content=\"@kathypennacchio\" \/>\n<meta name=\"twitter:site\" content=\"@LatAmJournalism\" \/>\n<meta name=\"twitter:label1\" content=\"Written by\" \/>\n\t<meta name=\"twitter:data1\" content=\"Katherine Pennacchio\" \/>\n\t<meta name=\"twitter:label2\" content=\"Est. reading time\" \/>\n\t<meta name=\"twitter:data2\" content=\"5 minutos\" \/>\n<script type=\"application\/ld+json\" class=\"yoast-schema-graph\">{\"@context\":\"https:\\\/\\\/schema.org\",\"@graph\":[{\"@type\":\"Article\",\"@id\":\"https:\\\/\\\/latamjournalismreview.org\\\/pt-br\\\/articles\\\/nova-geracao-de-jornalistas-latino-americanos-recebe-premio-por-lideranca-e-impacto-social\\\/#article\",\"isPartOf\":{\"@id\":\"https:\\\/\\\/latamjournalismreview.org\\\/pt-br\\\/articles\\\/nova-geracao-de-jornalistas-latino-americanos-recebe-premio-por-lideranca-e-impacto-social\\\/\"},\"author\":{\"name\":\"Katherine Pennacchio\",\"@id\":\"https:\\\/\\\/latamjournalismreview.org\\\/pt-br\\\/#\\\/schema\\\/person\\\/35fb0fc8541711528b3683cd6bf42190\"},\"headline\":\"Nova gera\u00e7\u00e3o de jornalistas latino-americanos recebe pr\u00eamio por lideran\u00e7a e impacto social\",\"datePublished\":\"2022-10-18T21:28:59+00:00\",\"mainEntityOfPage\":{\"@id\":\"https:\\\/\\\/latamjournalismreview.org\\\/pt-br\\\/articles\\\/nova-geracao-de-jornalistas-latino-americanos-recebe-premio-por-lideranca-e-impacto-social\\\/\"},\"wordCount\":994,\"publisher\":{\"@id\":\"https:\\\/\\\/latamjournalismreview.org\\\/pt-br\\\/#organization\"},\"image\":{\"@id\":\"https:\\\/\\\/latamjournalismreview.org\\\/pt-br\\\/articles\\\/nova-geracao-de-jornalistas-latino-americanos-recebe-premio-por-lideranca-e-impacto-social\\\/#primaryimage\"},\"thumbnailUrl\":\"https:\\\/\\\/latamjournalismreview.org\\\/wp-content\\\/uploads\\\/2022\\\/10\\\/FeatureOYWawards.png\",\"articleSection\":[\"Pr\u00eamios e oportunidades\"],\"inLanguage\":\"pt-BR\"},{\"@type\":\"WebPage\",\"@id\":\"https:\\\/\\\/latamjournalismreview.org\\\/pt-br\\\/articles\\\/nova-geracao-de-jornalistas-latino-americanos-recebe-premio-por-lideranca-e-impacto-social\\\/\",\"url\":\"https:\\\/\\\/latamjournalismreview.org\\\/pt-br\\\/articles\\\/nova-geracao-de-jornalistas-latino-americanos-recebe-premio-por-lideranca-e-impacto-social\\\/\",\"name\":\"Nova gera\u00e7\u00e3o de jornalistas latino-americanos recebe pr\u00eamio por lideran\u00e7a e impacto social - LatAm Journalism Review by the Knight Center\",\"isPartOf\":{\"@id\":\"https:\\\/\\\/latamjournalismreview.org\\\/pt-br\\\/#website\"},\"primaryImageOfPage\":{\"@id\":\"https:\\\/\\\/latamjournalismreview.org\\\/pt-br\\\/articles\\\/nova-geracao-de-jornalistas-latino-americanos-recebe-premio-por-lideranca-e-impacto-social\\\/#primaryimage\"},\"image\":{\"@id\":\"https:\\\/\\\/latamjournalismreview.org\\\/pt-br\\\/articles\\\/nova-geracao-de-jornalistas-latino-americanos-recebe-premio-por-lideranca-e-impacto-social\\\/#primaryimage\"},\"thumbnailUrl\":\"https:\\\/\\\/latamjournalismreview.org\\\/wp-content\\\/uploads\\\/2022\\\/10\\\/FeatureOYWawards.png\",\"datePublished\":\"2022-10-18T21:28:59+00:00\",\"description\":\"Nova gera\u00e7\u00e3o de jornalistas latino-americanos recebe pr\u00eamio por lideran\u00e7a e impacto social Pr\u00eamios e oportunidades. Latin American Journalism Review by The Knight Center at The University of Texas at Austin.\",\"breadcrumb\":{\"@id\":\"https:\\\/\\\/latamjournalismreview.org\\\/pt-br\\\/articles\\\/nova-geracao-de-jornalistas-latino-americanos-recebe-premio-por-lideranca-e-impacto-social\\\/#breadcrumb\"},\"inLanguage\":\"pt-BR\",\"potentialAction\":[{\"@type\":\"ReadAction\",\"target\":[\"https:\\\/\\\/latamjournalismreview.org\\\/pt-br\\\/articles\\\/nova-geracao-de-jornalistas-latino-americanos-recebe-premio-por-lideranca-e-impacto-social\\\/\"]}]},{\"@type\":\"ImageObject\",\"inLanguage\":\"pt-BR\",\"@id\":\"https:\\\/\\\/latamjournalismreview.org\\\/pt-br\\\/articles\\\/nova-geracao-de-jornalistas-latino-americanos-recebe-premio-por-lideranca-e-impacto-social\\\/#primaryimage\",\"url\":\"https:\\\/\\\/latamjournalismreview.org\\\/wp-content\\\/uploads\\\/2022\\\/10\\\/FeatureOYWawards.png\",\"contentUrl\":\"https:\\\/\\\/latamjournalismreview.org\\\/wp-content\\\/uploads\\\/2022\\\/10\\\/FeatureOYWawards.png\",\"width\":507,\"height\":340,\"caption\":\"Two people talking on a stage\"},{\"@type\":\"BreadcrumbList\",\"@id\":\"https:\\\/\\\/latamjournalismreview.org\\\/pt-br\\\/articles\\\/nova-geracao-de-jornalistas-latino-americanos-recebe-premio-por-lideranca-e-impacto-social\\\/#breadcrumb\",\"itemListElement\":[{\"@type\":\"ListItem\",\"position\":1,\"name\":\"Home\",\"item\":\"https:\\\/\\\/latamjournalismreview.org\\\/pt-br\\\/\"},{\"@type\":\"ListItem\",\"position\":2,\"name\":\"Nova gera\u00e7\u00e3o de jornalistas latino-americanos recebe pr\u00eamio por lideran\u00e7a e impacto social\"}]},{\"@type\":\"WebSite\",\"@id\":\"https:\\\/\\\/latamjournalismreview.org\\\/pt-br\\\/#website\",\"url\":\"https:\\\/\\\/latamjournalismreview.org\\\/pt-br\\\/\",\"name\":\"LatAm Journalism Review\",\"description\":\"Digital magazine on journalism in Latin America\",\"publisher\":{\"@id\":\"https:\\\/\\\/latamjournalismreview.org\\\/pt-br\\\/#organization\"},\"potentialAction\":[{\"@type\":\"SearchAction\",\"target\":{\"@type\":\"EntryPoint\",\"urlTemplate\":\"https:\\\/\\\/latamjournalismreview.org\\\/pt-br\\\/?s={search_term_string}\"},\"query-input\":{\"@type\":\"PropertyValueSpecification\",\"valueRequired\":true,\"valueName\":\"search_term_string\"}}],\"inLanguage\":\"pt-BR\"},{\"@type\":\"Organization\",\"@id\":\"https:\\\/\\\/latamjournalismreview.org\\\/pt-br\\\/#organization\",\"name\":\"LatAm Journalism Review\",\"url\":\"https:\\\/\\\/latamjournalismreview.org\\\/pt-br\\\/\",\"logo\":{\"@type\":\"ImageObject\",\"inLanguage\":\"pt-BR\",\"@id\":\"https:\\\/\\\/latamjournalismreview.org\\\/pt-br\\\/#\\\/schema\\\/logo\\\/image\\\/\",\"url\":\"https:\\\/\\\/latamjournalismreview.org\\\/wp-content\\\/uploads\\\/2020\\\/05\\\/knight-latAm-review-logo.svg\",\"contentUrl\":\"https:\\\/\\\/latamjournalismreview.org\\\/wp-content\\\/uploads\\\/2020\\\/05\\\/knight-latAm-review-logo.svg\",\"width\":\"1024\",\"height\":\"1024\",\"caption\":\"LatAm Journalism Review\"},\"image\":{\"@id\":\"https:\\\/\\\/latamjournalismreview.org\\\/pt-br\\\/#\\\/schema\\\/logo\\\/image\\\/\"},\"sameAs\":[\"https:\\\/\\\/x.com\\\/LatAmJournalism\"]},{\"@type\":\"Person\",\"@id\":\"https:\\\/\\\/latamjournalismreview.org\\\/pt-br\\\/#\\\/schema\\\/person\\\/35fb0fc8541711528b3683cd6bf42190\",\"name\":\"Katherine Pennacchio\",\"description\":\"Katherine Pennacchio is a Venezuelan journalist with a master's degree in Investigative, Data and Visualization Journalism from Unidad Editorial and the Rey Juan Carlos University of Madrid. Katherine is passionate about data analysis and currently works as a freelancer. ____ Katherine Pennacchio es una periodista venezolana con una maestr\u00eda en Periodismo de Investigaci\u00f3n, Datos y Visualizaci\u00f3n de la Unidad Editorial y la Universidad Rey Juan Carlos de Madrid. Katherine es una apasionada del an\u00e1lisis de datos y actualmente trabaja como independiente.\",\"sameAs\":[\"https:\\\/\\\/x.com\\\/kathypennacchio\"],\"url\":\"https:\\\/\\\/latamjournalismreview.org\\\/pt-br\\\/articles\\\/author\\\/katherine-pennacchio\\\/\"}]}<\/script>\n<!-- \/ Yoast SEO Premium plugin. -->","yoast_head_json":{"title":"Nova gera\u00e7\u00e3o de jornalistas latino-americanos recebe pr\u00eamio por lideran\u00e7a e impacto social - LatAm Journalism Review by the Knight Center","description":"Nova gera\u00e7\u00e3o de jornalistas latino-americanos recebe pr\u00eamio por lideran\u00e7a e impacto social Pr\u00eamios e oportunidades. Latin American Journalism Review by The Knight Center at The University of Texas at Austin.","robots":{"index":"index","follow":"follow","max-snippet":"max-snippet:-1","max-image-preview":"max-image-preview:large","max-video-preview":"max-video-preview:-1"},"canonical":"https:\/\/latamjournalismreview.org\/pt-br\/articles\/nova-geracao-de-jornalistas-latino-americanos-recebe-premio-por-lideranca-e-impacto-social\/","og_locale":"pt_BR","og_type":"article","og_title":"Nova gera\u00e7\u00e3o de jornalistas latino-americanos recebe pr\u00eamio por lideran\u00e7a e impacto social","og_description":"Nova gera\u00e7\u00e3o de jornalistas latino-americanos recebe pr\u00eamio por lideran\u00e7a e impacto social Pr\u00eamios e oportunidades. Latin American Journalism Review by The Knight Center at The University of Texas at Austin.","og_url":"https:\/\/latamjournalismreview.org\/pt-br\/articles\/nova-geracao-de-jornalistas-latino-americanos-recebe-premio-por-lideranca-e-impacto-social\/","og_site_name":"LatAm Journalism Review by the Knight Center","article_published_time":"2022-10-18T21:28:59+00:00","og_image":[{"width":507,"height":340,"url":"http:\/\/latamjournalismreview.org\/wp-content\/uploads\/2022\/10\/FeatureOYWawards.png","type":"image\/png"}],"author":"Katherine Pennacchio","twitter_card":"summary_large_image","twitter_creator":"@kathypennacchio","twitter_site":"@LatAmJournalism","twitter_misc":{"Written by":"Katherine Pennacchio","Est. reading time":"5 minutos"},"schema":{"@context":"https:\/\/schema.org","@graph":[{"@type":"Article","@id":"https:\/\/latamjournalismreview.org\/pt-br\/articles\/nova-geracao-de-jornalistas-latino-americanos-recebe-premio-por-lideranca-e-impacto-social\/#article","isPartOf":{"@id":"https:\/\/latamjournalismreview.org\/pt-br\/articles\/nova-geracao-de-jornalistas-latino-americanos-recebe-premio-por-lideranca-e-impacto-social\/"},"author":{"name":"Katherine Pennacchio","@id":"https:\/\/latamjournalismreview.org\/pt-br\/#\/schema\/person\/35fb0fc8541711528b3683cd6bf42190"},"headline":"Nova gera\u00e7\u00e3o de jornalistas latino-americanos recebe pr\u00eamio por lideran\u00e7a e impacto social","datePublished":"2022-10-18T21:28:59+00:00","mainEntityOfPage":{"@id":"https:\/\/latamjournalismreview.org\/pt-br\/articles\/nova-geracao-de-jornalistas-latino-americanos-recebe-premio-por-lideranca-e-impacto-social\/"},"wordCount":994,"publisher":{"@id":"https:\/\/latamjournalismreview.org\/pt-br\/#organization"},"image":{"@id":"https:\/\/latamjournalismreview.org\/pt-br\/articles\/nova-geracao-de-jornalistas-latino-americanos-recebe-premio-por-lideranca-e-impacto-social\/#primaryimage"},"thumbnailUrl":"https:\/\/latamjournalismreview.org\/wp-content\/uploads\/2022\/10\/FeatureOYWawards.png","articleSection":["Pr\u00eamios e oportunidades"],"inLanguage":"pt-BR"},{"@type":"WebPage","@id":"https:\/\/latamjournalismreview.org\/pt-br\/articles\/nova-geracao-de-jornalistas-latino-americanos-recebe-premio-por-lideranca-e-impacto-social\/","url":"https:\/\/latamjournalismreview.org\/pt-br\/articles\/nova-geracao-de-jornalistas-latino-americanos-recebe-premio-por-lideranca-e-impacto-social\/","name":"Nova gera\u00e7\u00e3o de jornalistas latino-americanos recebe pr\u00eamio por lideran\u00e7a e impacto social - LatAm Journalism Review by the Knight Center","isPartOf":{"@id":"https:\/\/latamjournalismreview.org\/pt-br\/#website"},"primaryImageOfPage":{"@id":"https:\/\/latamjournalismreview.org\/pt-br\/articles\/nova-geracao-de-jornalistas-latino-americanos-recebe-premio-por-lideranca-e-impacto-social\/#primaryimage"},"image":{"@id":"https:\/\/latamjournalismreview.org\/pt-br\/articles\/nova-geracao-de-jornalistas-latino-americanos-recebe-premio-por-lideranca-e-impacto-social\/#primaryimage"},"thumbnailUrl":"https:\/\/latamjournalismreview.org\/wp-content\/uploads\/2022\/10\/FeatureOYWawards.png","datePublished":"2022-10-18T21:28:59+00:00","description":"Nova gera\u00e7\u00e3o de jornalistas latino-americanos recebe pr\u00eamio por lideran\u00e7a e impacto social Pr\u00eamios e oportunidades. Latin American Journalism Review by The Knight Center at The University of Texas at Austin.","breadcrumb":{"@id":"https:\/\/latamjournalismreview.org\/pt-br\/articles\/nova-geracao-de-jornalistas-latino-americanos-recebe-premio-por-lideranca-e-impacto-social\/#breadcrumb"},"inLanguage":"pt-BR","potentialAction":[{"@type":"ReadAction","target":["https:\/\/latamjournalismreview.org\/pt-br\/articles\/nova-geracao-de-jornalistas-latino-americanos-recebe-premio-por-lideranca-e-impacto-social\/"]}]},{"@type":"ImageObject","inLanguage":"pt-BR","@id":"https:\/\/latamjournalismreview.org\/pt-br\/articles\/nova-geracao-de-jornalistas-latino-americanos-recebe-premio-por-lideranca-e-impacto-social\/#primaryimage","url":"https:\/\/latamjournalismreview.org\/wp-content\/uploads\/2022\/10\/FeatureOYWawards.png","contentUrl":"https:\/\/latamjournalismreview.org\/wp-content\/uploads\/2022\/10\/FeatureOYWawards.png","width":507,"height":340,"caption":"Two people talking on a stage"},{"@type":"BreadcrumbList","@id":"https:\/\/latamjournalismreview.org\/pt-br\/articles\/nova-geracao-de-jornalistas-latino-americanos-recebe-premio-por-lideranca-e-impacto-social\/#breadcrumb","itemListElement":[{"@type":"ListItem","position":1,"name":"Home","item":"https:\/\/latamjournalismreview.org\/pt-br\/"},{"@type":"ListItem","position":2,"name":"Nova gera\u00e7\u00e3o de jornalistas latino-americanos recebe pr\u00eamio por lideran\u00e7a e impacto social"}]},{"@type":"WebSite","@id":"https:\/\/latamjournalismreview.org\/pt-br\/#website","url":"https:\/\/latamjournalismreview.org\/pt-br\/","name":"LatAm Journalism Review","description":"Digital magazine on journalism in Latin America","publisher":{"@id":"https:\/\/latamjournalismreview.org\/pt-br\/#organization"},"potentialAction":[{"@type":"SearchAction","target":{"@type":"EntryPoint","urlTemplate":"https:\/\/latamjournalismreview.org\/pt-br\/?s={search_term_string}"},"query-input":{"@type":"PropertyValueSpecification","valueRequired":true,"valueName":"search_term_string"}}],"inLanguage":"pt-BR"},{"@type":"Organization","@id":"https:\/\/latamjournalismreview.org\/pt-br\/#organization","name":"LatAm Journalism Review","url":"https:\/\/latamjournalismreview.org\/pt-br\/","logo":{"@type":"ImageObject","inLanguage":"pt-BR","@id":"https:\/\/latamjournalismreview.org\/pt-br\/#\/schema\/logo\/image\/","url":"https:\/\/latamjournalismreview.org\/wp-content\/uploads\/2020\/05\/knight-latAm-review-logo.svg","contentUrl":"https:\/\/latamjournalismreview.org\/wp-content\/uploads\/2020\/05\/knight-latAm-review-logo.svg","width":"1024","height":"1024","caption":"LatAm Journalism Review"},"image":{"@id":"https:\/\/latamjournalismreview.org\/pt-br\/#\/schema\/logo\/image\/"},"sameAs":["https:\/\/x.com\/LatAmJournalism"]},{"@type":"Person","@id":"https:\/\/latamjournalismreview.org\/pt-br\/#\/schema\/person\/35fb0fc8541711528b3683cd6bf42190","name":"Katherine Pennacchio","description":"Katherine Pennacchio is a Venezuelan journalist with a master's degree in Investigative, Data and Visualization Journalism from Unidad Editorial and the Rey Juan Carlos University of Madrid. Katherine is passionate about data analysis and currently works as a freelancer. ____ Katherine Pennacchio es una periodista venezolana con una maestr\u00eda en Periodismo de Investigaci\u00f3n, Datos y Visualizaci\u00f3n de la Unidad Editorial y la Universidad Rey Juan Carlos de Madrid. Katherine es una apasionada del an\u00e1lisis de datos y actualmente trabaja como independiente.","sameAs":["https:\/\/x.com\/kathypennacchio"],"url":"https:\/\/latamjournalismreview.org\/pt-br\/articles\/author\/katherine-pennacchio\/"}]}},"_links":{"self":[{"href":"https:\/\/latamjournalismreview.org\/pt-br\/wp-json\/wp\/v2\/posts\/69048","targetHints":{"allow":["GET"]}}],"collection":[{"href":"https:\/\/latamjournalismreview.org\/pt-br\/wp-json\/wp\/v2\/posts"}],"about":[{"href":"https:\/\/latamjournalismreview.org\/pt-br\/wp-json\/wp\/v2\/types\/post"}],"author":[{"embeddable":true,"href":"https:\/\/latamjournalismreview.org\/pt-br\/wp-json\/wp\/v2\/users\/36"}],"replies":[{"embeddable":true,"href":"https:\/\/latamjournalismreview.org\/pt-br\/wp-json\/wp\/v2\/comments?post=69048"}],"version-history":[{"count":1,"href":"https:\/\/latamjournalismreview.org\/pt-br\/wp-json\/wp\/v2\/posts\/69048\/revisions"}],"predecessor-version":[{"id":69052,"href":"https:\/\/latamjournalismreview.org\/pt-br\/wp-json\/wp\/v2\/posts\/69048\/revisions\/69052"}],"wp:featuredmedia":[{"embeddable":true,"href":"https:\/\/latamjournalismreview.org\/pt-br\/wp-json\/wp\/v2\/media\/69040"}],"wp:attachment":[{"href":"https:\/\/latamjournalismreview.org\/pt-br\/wp-json\/wp\/v2\/media?parent=69048"}],"wp:term":[{"taxonomy":"category","embeddable":true,"href":"https:\/\/latamjournalismreview.org\/pt-br\/wp-json\/wp\/v2\/categories?post=69048"},{"taxonomy":"post_tag","embeddable":true,"href":"https:\/\/latamjournalismreview.org\/pt-br\/wp-json\/wp\/v2\/tags?post=69048"},{"taxonomy":"author","embeddable":true,"href":"https:\/\/latamjournalismreview.org\/pt-br\/wp-json\/wp\/v2\/coauthors?post=69048"}],"curies":[{"name":"wp","href":"https:\/\/api.w.org\/{rel}","templated":true}]}}