{"id":69696,"date":"2022-11-09T00:32:53","date_gmt":"2022-11-09T05:32:53","guid":{"rendered":"https:\/\/latamjournalismreview.org\/?p=69696"},"modified":"2022-11-14T11:32:11","modified_gmt":"2022-11-14T16:32:11","slug":"violencia-brutalidade-policial-e-crise-economica-deixam-jornalismo-no-haiti-em-situacao-critica","status":"publish","type":"post","link":"https:\/\/latamjournalismreview.org\/pt-br\/articles\/violencia-brutalidade-policial-e-crise-economica-deixam-jornalismo-no-haiti-em-situacao-critica\/","title":{"rendered":"Viol\u00eancia, brutalidade policial e crise econ\u00f4mica deixam jornalismo no Haiti em situa\u00e7\u00e3o cr\u00edtica"},"content":{"rendered":"<p><em>*Este artigo foi atualizado para incluir o assassinato de Fritz Dorilas em 5 de novembro.<\/em><\/p>\n<p><span style=\"vertical-align: inherit;\"><span style=\"vertical-align: inherit;\">Na manh\u00e3 de domingo, 30 de outubro, Romelson Vilcin ficou indignado com a pris\u00e3o de seu colega Robeste Dimanche, que havia sido detido e espancado por membros da Pol\u00edcia Nacional do Haiti (PNH) no in\u00edcio daquele dia enquanto cobria um protesto.<\/span><\/span><\/p>\n<p><span style=\"vertical-align: inherit;\"><span style=\"vertical-align: inherit;\">Vilcin, que trabalhou como rep\u00f3rter da esta\u00e7\u00e3o de r\u00e1dio digital G\u00e9n\u00e9ration 80 e colaborou com o canal local SpotLight no distrito haitiano de Port-de-Paix,\u00a0 <\/span><\/span><a href=\"https:\/\/www.facebook.com\/journalistesromelson.vilcin\/posts\/pfbid02P8b98g7wVuMgNfV6ExjKPiHG7t6vgSQwaXHi4ikdnU5Vd2TCr5ZctVeAekko7AtUl\"><span style=\"vertical-align: inherit;\"><span style=\"vertical-align: inherit;\">alertou seus colegas por meio de sua conta no Facebook sobre a deten\u00e7\u00e3o arbitr\u00e1ria de Dimanche<\/span><\/span><\/a><span style=\"vertical-align: inherit;\"><span style=\"vertical-align: inherit;\">. <\/span><span style=\"vertical-align: inherit;\">Minutos depois, ele foi \u00e0 delegacia da PNH na Rua Delmas, 33, na capital haitiana, Porto Pr\u00edncipe, onde outros jornalistas e ativistas j\u00e1 estavam reunidos para exigir a liberta\u00e7\u00e3o de Dimanche.<\/span><\/span><\/p>\n<p><span style=\"vertical-align: inherit;\"><span style=\"vertical-align: inherit;\">A tens\u00e3o no local aumentou e os agentes dentro da esta\u00e7\u00e3o tentaram dispersar <span style=\"vertical-align: inherit;\">com g\u00e1s lacrimog\u00eaneo <\/span>a \"multid\u00e3o hostil\" que tentava entrar nas instala\u00e7\u00f5es. <\/span><span style=\"vertical-align: inherit;\">Uma das latas de g\u00e1s atingiu o lado esquerdo da cabe\u00e7a de Vilcin, segundo a vers\u00e3o policial. <\/span><span style=\"vertical-align: inherit;\">O jornalista foi levado ao Hospital Bernard Mevs, onde perdeu a vida cerca de tr\u00eas horas depois.<\/span><\/span><\/p>\n<div id=\"attachment_69598\" style=\"width: 510px\" class=\"wp-caption alignleft\"><img loading=\"lazy\" decoding=\"async\" aria-describedby=\"caption-attachment-69598\" class=\"wp-image-69600 \" src=\"https:\/\/latamjournalismreview.org\/wp-content\/uploads\/2022\/11\/Captura-de-Pantalla-2022-11-07-a-las-5.43.27-p.m..png\" alt=\"Delegacia de pol\u00edcia em Port-au-Prince, onde um jornalista foi morto.\" width=\"500\" height=\"281\" srcset=\"https:\/\/latamjournalismreview.org\/wp-content\/uploads\/2022\/11\/Captura-de-Pantalla-2022-11-07-a-las-5.43.27-p.m..png 1366w, https:\/\/latamjournalismreview.org\/wp-content\/uploads\/2022\/11\/Captura-de-Pantalla-2022-11-07-a-las-5.43.27-p.m.-300x169.png 300w, https:\/\/latamjournalismreview.org\/wp-content\/uploads\/2022\/11\/Captura-de-Pantalla-2022-11-07-a-las-5.43.27-p.m.-1024x576.png 1024w, https:\/\/latamjournalismreview.org\/wp-content\/uploads\/2022\/11\/Captura-de-Pantalla-2022-11-07-a-las-5.43.27-p.m.-768x432.png 768w\" sizes=\"auto, (max-width: 500px) 100vw, 500px\" \/><p id=\"caption-attachment-69598\" class=\"wp-caption-text\"><span style=\"vertical-align: inherit;\"><span style=\"vertical-align: inherit;\">O jornalista Romelson Vilcin foi assassinado na delegacia da Pol\u00edcia Nacional do Haiti em Porto Pr\u00edncipe, onde seu colega Robeste Dimanche estava detido. <\/span><span style=\"vertical-align: inherit;\">(Foto: Captura de tela de Machann Zen HA\u00cfTI no YouTube)<\/span><\/span><\/p><\/div>\n<p><span style=\"vertical-align: inherit;\"><span style=\"vertical-align: inherit;\">\"O alto comando da PNH expressa suas condol\u00eancias \u00e0 fam\u00edlia, aos membros da imprensa, em particular aos de Jim Studio, Zenyez TV e Radio de G\u00e9n\u00e9ration 80, bem como a todos os afetados por este desaparecimento inesperado\", disse a institui\u00e7\u00e3o <\/span><\/span><a href=\"https:\/\/www.facebook.com\/photo?fbid=503115051848346&amp;set=a.254490180044169\"><span style=\"vertical-align: inherit;\"><span style=\"vertical-align: inherit;\">em comunicado de 30 de outubro<\/span><\/span><\/a><span style=\"vertical-align: inherit;\"><span style=\"vertical-align: inherit;\">. <\/span><span style=\"vertical-align: inherit;\">\u201cDo mesmo modo, aproveitamos<\/span><\/span><span style=\"vertical-align: inherit;\"><span style=\"vertical-align: inherit;\"> para informar o p\u00fablico em geral, e os membros da imprensa em particular, que a Inspe\u00e7\u00e3o-Geral da PNH foi instru\u00edda a realizar uma investiga\u00e7\u00e3o sobre este fato para apurar as circunst\u00e2ncias e estabelecer, no seu caso, as responsabilidades.\"<\/span><\/span><\/p>\n<p><span style=\"vertical-align: inherit;\"><span style=\"vertical-align: inherit;\">No entanto, algumas testemunhas presentes no protesto, incluindo o jornalista\u00a0 <\/span><\/span><a href=\"https:\/\/www.actualitenews.org\/reynald-petit-frere-persiste-et-signe-que-son-confrere-romelson-vilsaint-a-ete-tue-par-balle\/\"><span style=\"vertical-align: inherit;\"><span style=\"vertical-align: inherit;\">Reynald Petit-Fr\u00e8re<\/span><\/span><\/a><span style=\"vertical-align: inherit;\"><span style=\"vertical-align: inherit;\">, presidente do Coletivo Haitiano de M\u00eddia Online (CMEL, na sigla em franc\u00eas), e <\/span><\/span><a href=\"https:\/\/www.latimes.com\/espanol\/internacional\/articulo\/2022-10-31\/haiti-muere-periodista-tras-ser-baleado-por-la-policia\"><span style=\"vertical-align: inherit;\"><span style=\"vertical-align: inherit;\">Richard Pierrin, fot\u00f3grafo da AFP,<\/span><\/span><\/a><span style=\"vertical-align: inherit;\"><span style=\"vertical-align: inherit;\"> afirmaram que alguns agentes abriram fogo contra a multid\u00e3o.<\/span><\/span><\/p>\n<p><span style=\"vertical-align: inherit;\"><span style=\"vertical-align: inherit;\">\u201cRomelson Vilcin foi morto a tiros no p\u00e1tio da delegacia de Delmas 33. Um policial que perdeu o controle de sua metralhadora abriu fogo na dire\u00e7\u00e3o de Romelson enquanto outros nos bombardeavam com g\u00e1s lacrimog\u00eaneo. <\/span><span style=\"vertical-align: inherit;\">V\u00e1rios outros funcion\u00e1rios da imprensa foram brutalizados pela pol\u00edcia\u201d, disse <\/span><\/span><a href=\"https:\/\/www.actualitenews.org\/reynald-petit-frere-persiste-et-signe-que-son-confrere-romelson-vilsaint-a-ete-tue-par-balle\/\"><span style=\"vertical-align: inherit;\"><span style=\"vertical-align: inherit;\">Petit-Fr\u00e8re<\/span><\/span><\/a><span style=\"vertical-align: inherit;\"><span style=\"vertical-align: inherit;\"> no programa de r\u00e1dio Panel Magik na segunda-feira, 31 de outubro, <\/span><\/span><a href=\"https:\/\/lenouvelliste.com\/article\/238772\/mort-de-romelson-vilcin-des-journalistes-denoncent-la-brutalite-policiere\"><span style=\"vertical-align: inherit;\"><span style=\"vertical-align: inherit;\">segundo o Le Nouvelliste<\/span><\/span><\/a><span style=\"vertical-align: inherit;\"><span style=\"vertical-align: inherit;\"> .<\/span><\/span><\/p>\n<p><span style=\"vertical-align: inherit;\"><span style=\"vertical-align: inherit;\">Imagens que circularam nas redes sociais mostravam o corpo im\u00f3vel de Vilcin no ch\u00e3o, de bru\u00e7os e com o bra\u00e7o direito dobrado e sangue pingando da cabe\u00e7a.<\/span><\/span><\/p>\n<p><span style=\"vertical-align: inherit;\"><span style=\"vertical-align: inherit;\">\u201cA SpotLight de Port-de-Paix tomou conhecimento com grande tristeza da morte de seu rep\u00f3rter, o jornalista Romelson Vilcin, que foi baleado dentro das instala\u00e7\u00f5es da Delmas 33 enquanto apoiava o jornalista Robeste Dimanche, detido pela PNH. <\/span><span style=\"vertical-align: inherit;\">Toda a equipe do jornal acredita que o jornalista Romelson Vilcin encontrar\u00e1 justi\u00e7a de alguma forma\", publicou o jornal <\/span><\/span><a href=\"https:\/\/www.facebook.com\/PPX.SpotLightHT\/posts\/pfbid02QKcKdXUQPgws7pVNeodP6LRRAuGcSH4DiWHVJTF1q6i5apshgsgmYAXHWhnC8rYFl\"><span style=\"vertical-align: inherit;\"><span style=\"vertical-align: inherit;\">em suas redes sociais<\/span><\/span><\/a><span style=\"vertical-align: inherit;\"><span style=\"vertical-align: inherit;\">.<\/span><\/span><\/p>\n<p><span style=\"vertical-align: inherit;\"><span style=\"vertical-align: inherit;\">Dias antes, Vilcin havia usado seu perfil no Facebook para comentar a <\/span><\/span><a href=\"https:\/\/latamjournalismreview.org\/es\/news\/periodista-de-haiti-escapa-de-intento-de-asesinato\/\"><span style=\"vertical-align: inherit;\"><span style=\"vertical-align: inherit;\">tentativa de assassinato do colega jornalista Roberson Alphonse<\/span><\/span><\/a><span style=\"vertical-align: inherit;\"><span style=\"vertical-align: inherit;\">, rep\u00f3rter do jornal Le Nouvelliste e colaborador do canal de TV T\u00e9l\u00e9 20 e da r\u00e1dio Magik9. <\/span><span style=\"vertical-align: inherit;\">Alphonse foi emboscado por homens armados em 25 de outubro nas ruas de Porto Pr\u00edncipe, a caminho do trabalho.<\/span><\/span><\/p>\n<p><span style=\"vertical-align: inherit;\"><span style=\"vertical-align: inherit;\">Os agressoras atiraram \u00e0 queima-roupa no carro do comunicador, que conseguiu escapar do ataque com vida. <\/span><span style=\"vertical-align: inherit;\">Com ferimentos de bala no bra\u00e7o, Alphonse conseguiu dirigir-se a um hospital, onde mais tarde foi relatado em condi\u00e7\u00e3o est\u00e1vel.<\/span><\/span><\/p>\n<p><span style=\"vertical-align: inherit;\"><span style=\"vertical-align: inherit;\">Por sua vez, Dimanche, rep\u00f3rter da rede Radio T\u00e9l\u00e9 Z\u00e9nith e porta-voz do CMEL, foi libertado no dia 30 de outubro, ap\u00f3s mais de 10 horas de deten\u00e7\u00e3o policial. <\/span><span style=\"vertical-align: inherit;\">O jornalista disse que agentes da Unidade Departamental de Aplica\u00e7\u00e3o da Lei (UDMO, na sigla em franc\u00eas) o colocaram em uma patrulha por volta das 9h30 de domingo, 30 de outubro, e o espancaram com armas em diferentes partes do corpo, principalmente na cabe\u00e7a.<\/span><\/span><\/p>\n<p><span style=\"vertical-align: inherit;\"><span style=\"vertical-align: inherit;\">\u201cDepois de me buscar, eles andaram por v\u00e1rias ruas em Delmas antes de decidir meu destino. <\/span><span style=\"vertical-align: inherit;\">Na parte de tr\u00e1s do ve\u00edculo, um deles sugeriu me executar na [comuna de] Cit\u00e9 Soleil. <\/span><span style=\"vertical-align: inherit;\">Eles finalmente me levaram para a delegacia de Delmas 33, onde passei mais de dez horas sob cust\u00f3dia policial\", disse Dimanche ao <\/span><\/span><a href=\"https:\/\/lenouvelliste.com\/article\/238772\/mort-de-romelson-vilcin-des-journalistes-denoncent-la-brutalite-policiere\"><span style=\"vertical-align: inherit;\"><span style=\"vertical-align: inherit;\">Le Nouvelliste<\/span><\/span><\/a><span style=\"vertical-align: inherit;\"><span style=\"vertical-align: inherit;\"> .<\/span><\/span><\/p>\n<p><span style=\"vertical-align: inherit;\"><span style=\"vertical-align: inherit;\">Vilcin, Dimanche e Alphonse s\u00e3o apenas as \u00faltimas v\u00edtimas da onda de ataques a jornalistas ocorridos nos \u00faltimos meses no Haiti. <\/span><span style=\"vertical-align: inherit;\">S\u00f3 em 2022, oito jornalistas foram assassinados no pa\u00eds caribenho, enquanto v\u00e1rios outros foram atacados ou detidos arbitrariamente por exercerem sua profiss\u00e3o.<\/span><\/span><\/p>\n<p><span style=\"vertical-align: inherit;\"><span style=\"vertical-align: inherit;\">Tanto organiza\u00e7\u00f5es nacionais como internacionais manifestaram seu rep\u00fadio aos atos de viol\u00eancia contra a imprensa e pediram justi\u00e7a e seguran\u00e7a para que os jornalistas possam exercer sua profiss\u00e3o.<\/span><\/span><\/p>\n<p><span style=\"vertical-align: inherit;\"><span style=\"vertical-align: inherit;\">A diretora-geral da UNESCO, Audrey Azoulay, condenou o assassinato de Vilcin e pediu esclarecimentos sobre os acontecimentos em que o jornalista perdeu a vida.<\/span><\/span><\/p>\n<p><span style=\"vertical-align: inherit;\"><span style=\"vertical-align: inherit;\">\u201cCondeno o assassinato de Romelson Vilcin. <\/span><span style=\"vertical-align: inherit;\">Os jornalistas devem ser livres para participar e investigar eventos de interesse p\u00fablico sem temer por sua seguran\u00e7a. <\/span><span style=\"vertical-align: inherit;\">Pe\u00e7o \u00e0s autoridades que investiguem as circunst\u00e2ncias da morte de Vilcin e garantam que os respons\u00e1veis \u200b\u200bsejam responsabilizados\", disse Azoulay em <\/span><\/span><a href=\"https:\/\/www.unesco.org\/en\/articles\/director-general-calls-investigation-killing-journalist-romelson-vilcin-haiti\"><span style=\"vertical-align: inherit;\"><span style=\"vertical-align: inherit;\">comunicado<\/span><\/span><\/a><span style=\"vertical-align: inherit;\"><span style=\"vertical-align: inherit;\"> enviado em 3 de novembro.<\/span><\/span><\/p>\n<p><span style=\"vertical-align: inherit;\"><span style=\"vertical-align: inherit;\">A Rep\u00f3rteres Sem Fronteiras <\/span><\/span><a href=\"https:\/\/rsf.org\/en\/rsf-horrified-frequent-murders-journalists-haiti\"><span style=\"vertical-align: inherit;\"><span style=\"vertical-align: inherit;\">disse estar horrorizada com a frequ\u00eancia com que jornalistas s\u00e3o mortos no Haiti<\/span><\/span><\/a><span style=\"vertical-align: inherit;\"><span style=\"vertical-align: inherit;\">. <\/span><span style=\"vertical-align: inherit;\">Em 3 de novembro, a organiza\u00e7\u00e3o pediu que medidas urgentes sejam tomadas para que os profissionais da imprensa possam trabalhar com seguran\u00e7a sem serem agredidos.<\/span><\/span><\/p>\n<div id=\"attachment_69595\" style=\"width: 510px\" class=\"wp-caption alignright\"><img loading=\"lazy\" decoding=\"async\" aria-describedby=\"caption-attachment-69595\" class=\"wp-image-69597 \" src=\"https:\/\/latamjournalismreview.org\/wp-content\/uploads\/2022\/11\/Captura-de-Pantalla-2022-11-07-a-las-5.40.10-p.m..png\" alt=\"O jornalista haitiano Robeste Dimanche\" width=\"500\" height=\"281\" srcset=\"https:\/\/latamjournalismreview.org\/wp-content\/uploads\/2022\/11\/Captura-de-Pantalla-2022-11-07-a-las-5.40.10-p.m..png 1366w, https:\/\/latamjournalismreview.org\/wp-content\/uploads\/2022\/11\/Captura-de-Pantalla-2022-11-07-a-las-5.40.10-p.m.-300x169.png 300w, https:\/\/latamjournalismreview.org\/wp-content\/uploads\/2022\/11\/Captura-de-Pantalla-2022-11-07-a-las-5.40.10-p.m.-1024x576.png 1024w, https:\/\/latamjournalismreview.org\/wp-content\/uploads\/2022\/11\/Captura-de-Pantalla-2022-11-07-a-las-5.40.10-p.m.-768x432.png 768w\" sizes=\"auto, (max-width: 500px) 100vw, 500px\" \/><p id=\"caption-attachment-69595\" class=\"wp-caption-text\"><span style=\"vertical-align: inherit;\"><span style=\"vertical-align: inherit;\">Robeste Dimanche, rep\u00f3rter da R\u00e1dio T\u00e9l\u00e9 Z\u00e9nith, passou mais de 10 horas detido ap\u00f3s ser espancado a bordo de um ve\u00edculo policial. <\/span><span style=\"vertical-align: inherit;\">(Foto: Captura de tela de Tande Koze no YouTube)<\/span><\/span><\/p><\/div>\n<p><span style=\"vertical-align: inherit;\"><span style=\"vertical-align: inherit;\">\"\u00c9 incompreens\u00edvel que um jornalista possa ser morto por um policial, quando est\u00e1 na porta de uma delegacia exigindo a liberta\u00e7\u00e3o de um colega detido por fazer seu trabalho\", disse Artur Romeu, diretor do Escrit\u00f3rio Latino-Americano da Rep\u00f3rteres Sem Fronteiras. \"As autoridades devem acabar com a viol\u00eancia contra os jornalistas no Haiti. Sua ina\u00e7\u00e3o e a sensa\u00e7\u00e3o de impunidade que dela deriva provocam cada vez mais agress\u00f5es\".<\/span><\/span><\/p>\n<p><span style=\"vertical-align: inherit;\"><span style=\"vertical-align: inherit;\">Segundo a Rep\u00f3rteres Sem Fronteiras, 2022 \u00e9 o ano com o maior n\u00famero de assassinatos de jornalistas no Haiti em duas d\u00e9cadas.<\/span><\/span><\/p>\n<p><span style=\"vertical-align: inherit;\"><span style=\"vertical-align: inherit;\">A Associa\u00e7\u00e3o Interamericana de Imprensa (SIP) aprovou em sua 78\u00aa Assembleia Geral, realizada de 27 a 30 de outubro,\u00a0 <\/span><\/span><a href=\"https:\/\/www.sipiapa.org\/notas\/1215547-haiti\"><span style=\"vertical-align: inherit;\"><span style=\"vertical-align: inherit;\">uma resolu\u00e7\u00e3o sobre o Haiti<\/span><\/span><\/a><span style=\"vertical-align: inherit;\"><span style=\"vertical-align: inherit;\">, na qual destaca que o clima de viol\u00eancia e a crise pol\u00edtica, econ\u00f4mica e de seguran\u00e7a em que o pa\u00eds se encontra mant\u00eam os jornalistas indefesos e em alto risco.<\/span><\/span><\/p>\n<p><span style=\"vertical-align: inherit;\"><span style=\"vertical-align: inherit;\">\u201c[A Assembleia resolveu] Pedir ao governo [do Haiti] que garanta a preserva\u00e7\u00e3o da liberdade de express\u00e3o e o exerc\u00edcio livre e seguro do jornalismo. <\/span><span style=\"vertical-align: inherit;\">Instar os \u00f3rg\u00e3os de imprensa das Am\u00e9ricas a expressar sua solidariedade e apoio aos jornalistas e meios de comunica\u00e7\u00e3o que continuam cumprindo sua miss\u00e3o informativa apesar das circunst\u00e2ncias de alto risco\u201d, disse a SIP em sua resolu\u00e7\u00e3o.<\/span><\/span><\/p>\n<p><span style=\"vertical-align: inherit;\"><span style=\"vertical-align: inherit;\">A Federa\u00e7\u00e3o Internacional de Jornalistas (FIJ) tamb\u00e9m condenou os acontecimentos e exigiu a implementa\u00e7\u00e3o no Haiti da <\/span><\/span><a href=\"https:\/\/www.ifj.org\/fileadmin\/user_upload\/Draft_Convention_Journalists_-_S.pdf\"><span style=\"vertical-align: inherit;\"><span style=\"vertical-align: inherit;\">Conven\u00e7\u00e3o para a Seguran\u00e7a e Independ\u00eancia dos Jornalistas<\/span><\/span><\/a><span style=\"vertical-align: inherit;\"><span style=\"vertical-align: inherit;\">, para evitar que os trabalhadores da imprensa do pa\u00eds continuem em perigo.<\/span><\/span><\/p>\n<p><span style=\"vertical-align: inherit;\"><span style=\"vertical-align: inherit;\">\u201cEste ano, a viol\u00eancia que assola o Haiti j\u00e1 deixou seis jornalistas mortos, v\u00edtimas tanto do crime organizado quanto da Pol\u00edcia, que, longe de garantir a seguran\u00e7a e a integridade, tornou-se mais um fator de risco para os jornalistas\u201d, disse a organiza\u00e7\u00e3o <\/span><\/span><a href=\"https:\/\/www.ifj.org\/media-centre\/news\/detail\/category\/end-impunity-2022\/article\/haiti-un-periodista-fue-asesinado-por-la-policia-mientras-reclamaba-por-la-libertad-de-un-colega.html\"><span style=\"vertical-align: inherit;\"><span style=\"vertical-align: inherit;\">em um comunicado<\/span><\/span><\/a><span style=\"vertical-align: inherit;\"><span style=\"vertical-align: inherit;\">. <\/span><span style=\"vertical-align: inherit;\">\u201cNeste contexto de crise, o papel dos comunicadores \u00e9 vital para divulgar a realidade que o povo haitiano est\u00e1 passando, e essa tarefa n\u00e3o pode ser realizada em liberdade sem condi\u00e7\u00f5es seguras de trabalho.\"<\/span><\/span><\/p>\n<p><span style=\"vertical-align: inherit;\"><span style=\"vertical-align: inherit;\">A Associa\u00e7\u00e3o de Trabalhadores da M\u00eddia do Caribe (ACM, na sigla em ingl\u00eas) pediu uma investiga\u00e7\u00e3o r\u00e1pida e completa que leve ao processo criminal dos respons\u00e1veis \u200b\u200bpelo assassinato de Vilcin. <\/span><span style=\"vertical-align: inherit;\">Ela tamb\u00e9m pediu \u00e0s autoridades que acabem com o exerc\u00edcio de pr\u00e1ticas violentas contra os trabalhadores da imprensa durante o desempenho de seu trabalho.<\/span><\/span><\/p>\n<p><span style=\"vertical-align: inherit;\"><span style=\"vertical-align: inherit;\">\"Estamos particularmente preocupados que, no atual clima de viol\u00eancia criminal generalizada, aparentemente n\u00e3o tenha havido nenhuma tentativa de garantir que o trabalho da imprensa livre seja observado e protegido\", disse a organiza\u00e7\u00e3o <\/span><\/span><a href=\"https:\/\/www.facebook.com\/acmediaworkers\/posts\/pfbid032eiALGcG2nUH63BVLkRXjFSfMfbgkLdbZNB3XndB1kH2Zc16cd5CesHWGgU9VgsZl\"><span style=\"vertical-align: inherit;\"><span style=\"vertical-align: inherit;\">em comunicado<\/span><\/span><\/a><span style=\"vertical-align: inherit;\"><span style=\"vertical-align: inherit;\">.<\/span><\/span><\/p>\n<h3><span style=\"vertical-align: inherit;\"><span style=\"vertical-align: inherit;\">Ano sangrento para o jornalismo haitiano<\/span><\/span><\/h3>\n<p><span style=\"vertical-align: inherit;\"><span style=\"vertical-align: inherit;\">Uma semana antes do assassinato de Vilcin, autoridades da cidade de Les Cayes, no sul do Haiti,\u00a0 <\/span><\/span><a href=\"https:\/\/www.aljazeera.com\/news\/2022\/10\/26\/prominent-haitian-journalist-survives-assassination-attempt\"><span style=\"vertical-align: inherit;\"><span style=\"vertical-align: inherit;\">anunciaram a descoberta do corpo sem vida do radialista Garry Tess<\/span><\/span><\/a><span style=\"vertical-align: inherit;\"><span style=\"vertical-align: inherit;\">, dado como desaparecido no dia 18 de outubro. <\/span><span style=\"vertical-align: inherit;\">Tess foi analista pol\u00edtica do programa de r\u00e1dio \u201cGran Lakou\u201d, da emissora Radio L\u00e9bon FM de Les Cayes.<\/span><\/span><\/p>\n<p><span style=\"vertical-align: inherit;\"><span style=\"vertical-align: inherit;\">O CMEL detalhou que os restos mortais de Tess foram encontrados debaixo de uma ponte em uma obra portu\u00e1ria no bairro conhecido como Foko. <\/span><span style=\"vertical-align: inherit;\">Em <\/span><\/span><a href=\"https:\/\/www.alterpresse.org\/spip.php?article28757\"><span style=\"vertical-align: inherit;\"><span style=\"vertical-align: inherit;\">comunicado de 25 de outubro<\/span><\/span><\/a><span style=\"vertical-align: inherit;\"><span style=\"vertical-align: inherit;\">, a organiza\u00e7\u00e3o destacou que, segundo sua pr\u00f3pria an\u00e1lise e depoimentos de familiares do comunicador, por tr\u00e1s do desaparecimento de Tess estariam o comiss\u00e1rio do governo em Les Cayes, Ronald Richemond, e o diretor da pol\u00edcia na regi\u00e3o, Daniel Comp\u00e8re.<\/span><\/span><\/p>\n<p><span style=\"vertical-align: inherit;\"><span style=\"vertical-align: inherit;\">Richemond <\/span><\/span><a href=\"https:\/\/planet-press.com\/2022\/10\/26\/accuse-dans-lassasinat-de-tess-garry-me-ronald-richemond-se-defend\/\"><span style=\"vertical-align: inherit;\"><span style=\"vertical-align: inherit;\">negou qualquer responsabilidade pelos eventos<\/span><\/span><\/a><span style=\"vertical-align: inherit;\"><span style=\"vertical-align: inherit;\"> e lembrou \u00e0 imprensa que Tess tinha um registro legal relacionado a uma disputa sobre a venda de terras. <\/span><span style=\"vertical-align: inherit;\">Por sua vez, o Comit\u00ea para a Prote\u00e7\u00e3o dos Jornalistas (CPJ) condenou o incidente e <\/span><\/span><a href=\"https:\/\/cpj.org\/2022\/10\/haitian-journalist-roberson-alphonse-survives-shooting-attack-in-port-au-prince-missing-radio-host-found-dead-in-les-cayes\/\"><span style=\"vertical-align: inherit;\"><span style=\"vertical-align: inherit;\">disse que vai investigar se a morte do comunicador est\u00e1 relacionada ao seu trabalho<\/span><\/span><\/a><span style=\"vertical-align: inherit;\"><span style=\"vertical-align: inherit;\">.<\/span><\/span><\/p>\n<div id=\"attachment_69786\" style=\"width: 517px\" class=\"wp-caption aligncenter\"><img loading=\"lazy\" decoding=\"async\" aria-describedby=\"caption-attachment-69786\" class=\"wp-image-69786 size-full\" src=\"https:\/\/latamjournalismreview.org\/wp-content\/uploads\/2022\/11\/Featured-Haiti-2.png\" alt=\"Journalists who have been killed in Haiti in 2022\" width=\"507\" height=\"340\" srcset=\"https:\/\/latamjournalismreview.org\/wp-content\/uploads\/2022\/11\/Featured-Haiti-2.png 507w, https:\/\/latamjournalismreview.org\/wp-content\/uploads\/2022\/11\/Featured-Haiti-2-300x201.png 300w, https:\/\/latamjournalismreview.org\/wp-content\/uploads\/2022\/11\/Featured-Haiti-2-350x234.png 350w\" sizes=\"auto, (max-width: 507px) 100vw, 507px\" \/><p id=\"caption-attachment-69786\" class=\"wp-caption-text\">Amady John Wesley, Wilguens Louissaint, Tayson Lartigue, Frantzsen Charles, Maxihen Lazarre, Garry Tess, Romelson Vilcin e Fritz Dorilas s\u00e3o os comunicadores que foram mortos at\u00e9 agora em 2022 no Haiti. (Foto: Facebook)<\/p><\/div>\n<p>&nbsp;<\/p>\n<p>&nbsp;<\/p>\n<p><span style=\"vertical-align: inherit;\"><span style=\"vertical-align: inherit;\">Aos jornalistas assassinados se somam Frantzsen Charles e Tayson Lartigue, que <\/span><\/span><a href=\"https:\/\/www.infobae.com\/america\/agencias\/2022\/09\/12\/asesinan-y-queman-a-dos-periodistas-en-haiti\/\"><span style=\"vertical-align: inherit;\"><span style=\"vertical-align: inherit;\">foram privados de suas vidas e depois queimados em 11 de setembro, enquanto faziam uma reportagem na comuna de Cit\u00e9 Soleil<\/span><\/span><\/a><span style=\"vertical-align: inherit;\"><span style=\"vertical-align: inherit;\">, palco de um confronto sangrento entre gangues.<\/span><\/span><\/p>\n<p><span style=\"vertical-align: inherit;\"><span style=\"vertical-align: inherit;\">No in\u00edcio deste ano, o fotojornalista <\/span><\/span><a href=\"https:\/\/prnoticias.com\/2022\/02\/28\/continuan-las-averiguaciones-por-el-asesinato-del-periodista-haitiano-lazzare-maxihen\/\"><span style=\"vertical-align: inherit;\"><span style=\"vertical-align: inherit;\">Maxihen Lazarre morreu com ferimentos de bala no est\u00f4mago enquanto cobria um protesto<\/span><\/span><\/a><span style=\"vertical-align: inherit;\"><span style=\"vertical-align: inherit;\"> de trabalhadores t\u00eaxteis em 23 de fevereiro. <\/span><span style=\"vertical-align: inherit;\">Testemunhas afirmaram que foram os policiais que efetuaram os disparos.<\/span><\/span><\/p>\n<p><span style=\"vertical-align: inherit;\"><span style=\"vertical-align: inherit;\">Em 6 de janeiro, Wilguens Louissaint e Amady John Wesley <\/span><\/span><a href=\"https:\/\/latamjournalismreview.org\/pt-br\/articles\/dois-jornalistas-sao-mortos-por-membros-de-gangue-no-haiti-durante-uma-cobertura\/\"><span style=\"vertical-align: inherit;\"><span style=\"vertical-align: inherit;\">tamb\u00e9m foram mortos a tiros enquanto cobriam conflitos de gangues<\/span><\/span><\/a><span style=\"vertical-align: inherit;\"><span style=\"vertical-align: inherit;\"> no bairro de Petion-Ville, em Porto Pr\u00edncipe. <\/span><span style=\"vertical-align: inherit;\">Wesley trabalhou para a esta\u00e7\u00e3o canadense Radio \u00c9coute FM, enquanto Louissaint foi rep\u00f3rter dos ve\u00edculos digitais Tele Patriote e Tambou Verite.<\/span><\/span><\/p>\n<h3><span style=\"vertical-align: inherit;\"><span style=\"vertical-align: inherit;\">'A situa\u00e7\u00e3o \u00e9 ca\u00f3tica'<\/span><\/span><\/h3>\n<p><span style=\"vertical-align: inherit;\"><span style=\"vertical-align: inherit;\">N\u00e3o apenas a viol\u00eancia e a brutalidade policial impedem os jornalistas haitianos de realizar seu trabalho livremente. <\/span><span style=\"vertical-align: inherit;\">M\u00faltiplos fatores da crise pol\u00edtica e social que o pa\u00eds vive tamb\u00e9m t\u00eam causado estragos no exerc\u00edcio da liberdade de imprensa.<\/span><\/span><\/p>\n<p><span style=\"vertical-align: inherit;\"><span style=\"vertical-align: inherit;\">Godson Lubrun, presidente da Associa\u00e7\u00e3o Haitiana de M\u00eddia Online (AHML), <\/span><\/span><a href=\"https:\/\/www.swissinfo.ch\/spa\/hait%C3%AD-prensa_la-prensa-no-escapa-a-la-crisis-en-hait%C3%AD-y-sigue-sumando-v%C3%ADctimas\/48022240\"><span style=\"vertical-align: inherit;\"><span style=\"vertical-align: inherit;\">descreveu a situa\u00e7\u00e3o vivida pela m\u00eddia em seu pa\u00eds como \u201cca\u00f3tica\u201d<\/span><\/span><\/a><span style=\"vertical-align: inherit;\"><span style=\"vertical-align: inherit;\">. <\/span><span style=\"vertical-align: inherit;\">O jornalista disse \u00e0 EFE que, desde 2010, dezenas de colegas deixaram o pa\u00eds para se refugiar nos Estados Unidos, no Canad\u00e1 e na Rep\u00fablica Dominicana devido \u00e0 inseguran\u00e7a, \u00e0s m\u00e1s condi\u00e7\u00f5es de trabalho e \u00e0 pobreza.<\/span><\/span><\/p>\n<p><span style=\"vertical-align: inherit;\"><span style=\"vertical-align: inherit;\">A escassez de \u00e1gua e combust\u00edvel afetou diretamente a m\u00eddia. <\/span><span style=\"vertical-align: inherit;\">O jornal Le Nouvelliste <\/span><\/span><a href=\"https:\/\/www.resumenlatinoamericano.org\/2022\/10\/28\/haiti-crisis-del-combustible-el-diario-le-nouvelliste-obligado-a-suspender-su-publicacion-en-papel-hasta-nuevo-aviso\/\"><span style=\"vertical-align: inherit;\"><span style=\"vertical-align: inherit;\">anunciou em outubro deste ano a suspens\u00e3o tempor\u00e1ria da publica\u00e7\u00e3o de sua vers\u00e3o impressa devido \u00e0 crise dos combust\u00edveis<\/span><\/span><\/a><span style=\"vertical-align: inherit;\"><span style=\"vertical-align: inherit;\">.<\/span><\/span><\/p>\n<div id=\"attachment_69601\" style=\"width: 377px\" class=\"wp-caption alignleft\"><img loading=\"lazy\" decoding=\"async\" aria-describedby=\"caption-attachment-69601\" class=\"wp-image-69603 \" src=\"https:\/\/latamjournalismreview.org\/wp-content\/uploads\/2022\/11\/Le-Nouvelliste.jpeg\" alt=\"Capa do jornal Hait Le Nouvelliste\" width=\"367\" height=\"549\" srcset=\"https:\/\/latamjournalismreview.org\/wp-content\/uploads\/2022\/11\/Le-Nouvelliste.jpeg 1284w, https:\/\/latamjournalismreview.org\/wp-content\/uploads\/2022\/11\/Le-Nouvelliste-201x300.jpeg 201w, https:\/\/latamjournalismreview.org\/wp-content\/uploads\/2022\/11\/Le-Nouvelliste-685x1024.jpeg 685w, https:\/\/latamjournalismreview.org\/wp-content\/uploads\/2022\/11\/Le-Nouvelliste-768x1148.jpeg 768w, https:\/\/latamjournalismreview.org\/wp-content\/uploads\/2022\/11\/Le-Nouvelliste-1027x1536.jpeg 1027w\" sizes=\"auto, (max-width: 367px) 100vw, 367px\" \/><p id=\"caption-attachment-69601\" class=\"wp-caption-text\"><span style=\"vertical-align: inherit;\"><span style=\"vertical-align: inherit;\">Em sua edi\u00e7\u00e3o de 27 de outubro, o jornal Le Nouvelliste anunciou que deixaria de imprimir sua vers\u00e3o em papel e a tentativa de assassinato do jornalista Roberson Alphonse. <\/span><span style=\"vertical-align: inherit;\">(Foto: Twitter @nouvelliste)<\/span><\/span><\/p><\/div>\n<p><span style=\"vertical-align: inherit;\"><span style=\"vertical-align: inherit;\">\u201cA dire\u00e7\u00e3o do jornal Le Nouvelliste est\u00e1 nessa penosa obriga\u00e7\u00e3o, pela impossibilidade de reabastecer, distribuir o jornal e depois de esgotar seu \u00faltimo estoque de papel\u201d, anunciou <span style=\"vertical-align: inherit;\">em 27 de outubro<\/span> o ve\u00edculo, que \u00e9 o \u00fanico jornal impresso do Haiti e o jornal de l\u00edngua francesa <span style=\"vertical-align: inherit;\">mais antigo <\/span>do continente, fundado em 1898.<\/span><\/span><\/p>\n<p><span style=\"vertical-align: inherit;\"><span style=\"vertical-align: inherit;\">Devido \u00e0 crise na m\u00eddia, muitos jornalistas haitianos est\u00e3o se tornando profissionais independentes ou trabalhando como<\/span><\/span><span style=\"vertical-align: inherit;\"><span style=\"vertical-align: inherit;\">\u00a0<\/span><\/span><i><span style=\"vertical-align: inherit;\"><span style=\"vertical-align: inherit;\">freelancers<\/span><\/span><\/i><span style=\"vertical-align: inherit;\"><span style=\"vertical-align: inherit;\"> para a m\u00eddia estrangeira, embora esses tipos de empregos n\u00e3o sejam suficientes para se sustentar.<\/span><\/span><\/p>\n<p><span style=\"vertical-align: inherit;\"><span style=\"vertical-align: inherit;\">\u201cAs oportunidades para jornalistas <\/span><\/span><i><span style=\"vertical-align: inherit;\"><span style=\"vertical-align: inherit;\">freelancers<\/span><\/span><\/i><span style=\"vertical-align: inherit;\"><span style=\"vertical-align: inherit;\"> no Haiti s\u00e3o m\u00ednimas, [\u2026] porque h\u00e1 muito poucos meios de comunica\u00e7\u00e3o locais que solicitam trabalho <\/span><\/span><i><span style=\"vertical-align: inherit;\"><span style=\"vertical-align: inherit;\">freelancer<\/span><\/span><\/i><span style=\"vertical-align: inherit;\"><span style=\"vertical-align: inherit;\">. <\/span><span style=\"vertical-align: inherit;\">Esta \u00e9 uma situa\u00e7\u00e3o que enfraquece economicamente os jornalistas independentes\u201d, disse Milo Milfort <\/span><span style=\"vertical-align: inherit;\">, editor-chefe do ve\u00edculo de investiga\u00e7\u00e3o haitiano Enquet'Action, \u00e0 <\/span><\/span><a href=\"https:\/\/ijnet.org\/fr\/story\/les-journalistes-ha%C3%AFtiens-ne-sont-contact%C3%A9s-par-les-agences-ou-m%C3%A9dias-internationaux-qu%E2%80%99en\"><span style=\"vertical-align: inherit;\"><span style=\"vertical-align: inherit;\">Rede Internacional de Jornalistas (IJNET) .<\/span><\/span><\/a><\/p>\n<p><span style=\"vertical-align: inherit;\"><span style=\"vertical-align: inherit;\">A ACM alegou que n\u00e3o houve tentativa por parte das autoridades de garantir o respeito e a prote\u00e7\u00e3o do trabalho da imprensa. <\/span><span style=\"vertical-align: inherit;\">Ela tamb\u00e9m disse que a suspens\u00e3o da vers\u00e3o impressa do Le Nouvelliste \u00e9 uma consequ\u00eancia direta dessa indiferen\u00e7a.<\/span><\/span><\/p>\n<p><span style=\"vertical-align: inherit;\"><span style=\"vertical-align: inherit;\">\"A ACM compartilha a profunda preocupa\u00e7\u00e3o de todos os jornalistas caribenhos sobre a deteriora\u00e7\u00e3o da situa\u00e7\u00e3o no Haiti e seu impacto na pr\u00e1tica do jornalismo independente\", disse a organiza\u00e7\u00e3o. <\/span><span style=\"vertical-align: inherit;\">\"Nossos bravos colegas t\u00eam todo o nosso apoio, e incentivamos mais esfor\u00e7os diplom\u00e1ticos e regionais que possam ter o impacto de colocar a situa\u00e7\u00e3o sob algum controle.\"<\/span><\/span><\/p>\n","protected":false},"excerpt":{"rendered":"<p>Um jornalista assassinado, outro baleado e um preso e espancado pela pol\u00edcia s\u00e3o as \u00faltimas v\u00edtimas da onda de viol\u00eancia contra a imprensa no Haiti, onde oito jornalistas j\u00e1 foram mortos neste ano. Ao mesmo tempo, a crise sociopol\u00edtica e a pobreza est\u00e3o lentamente sufocando os meios de comunica\u00e7\u00e3o do pa\u00eds.<\/p>\n","protected":false},"author":19,"featured_media":69786,"comment_status":"closed","ping_status":"closed","sticky":false,"template":"","format":"standard","meta":{"inline_featured_image":false,"footnotes":""},"categories":[1221],"tags":[1552,2042],"coauthors":[],"class_list":["post-69696","post","type-post","status-publish","format-standard","has-post-thumbnail","hentry","category-violencia-contra-jornalistas-pt-br","tag-assassinatos-de-jornalistas-pt-br","tag-crise-da-midia"],"acf":[],"yoast_head":"<!-- This site is optimized with the Yoast SEO Premium plugin v22.6 (Yoast SEO v27.4) - https:\/\/yoast.com\/product\/yoast-seo-premium-wordpress\/ -->\n<title>Viol\u00eancia, brutalidade policial e crise econ\u00f4mica deixam jornalismo no Haiti em situa\u00e7\u00e3o cr\u00edtica - LatAm Journalism Review by the Knight Center<\/title>\n<meta name=\"description\" content=\"Viol\u00eancia, brutalidade policial e crise econ\u00f4mica deixam jornalismo no Haiti em situa\u00e7\u00e3o cr\u00edtica . Latin American Journalism Review by The Knight Center at The University of Texas at Austin.\" \/>\n<meta name=\"robots\" content=\"index, follow, max-snippet:-1, max-image-preview:large, max-video-preview:-1\" \/>\n<link rel=\"canonical\" href=\"https:\/\/latamjournalismreview.org\/pt-br\/articles\/violencia-brutalidade-policial-e-crise-economica-deixam-jornalismo-no-haiti-em-situacao-critica\/\" \/>\n<meta property=\"og:locale\" content=\"pt_BR\" \/>\n<meta property=\"og:type\" content=\"article\" \/>\n<meta property=\"og:title\" content=\"Viol\u00eancia, brutalidade policial e crise econ\u00f4mica deixam jornalismo no Haiti em situa\u00e7\u00e3o cr\u00edtica\" \/>\n<meta property=\"og:description\" content=\"Viol\u00eancia, brutalidade policial e crise econ\u00f4mica deixam jornalismo no Haiti em situa\u00e7\u00e3o cr\u00edtica . Latin American Journalism Review by The Knight Center at The University of Texas at Austin.\" \/>\n<meta property=\"og:url\" content=\"https:\/\/latamjournalismreview.org\/pt-br\/articles\/violencia-brutalidade-policial-e-crise-economica-deixam-jornalismo-no-haiti-em-situacao-critica\/\" \/>\n<meta property=\"og:site_name\" content=\"LatAm Journalism Review by the Knight Center\" \/>\n<meta property=\"article:published_time\" content=\"2022-11-09T05:32:53+00:00\" \/>\n<meta property=\"article:modified_time\" content=\"2022-11-14T16:32:11+00:00\" \/>\n<meta property=\"og:image\" content=\"https:\/\/latamjournalismreview.org\/wp-content\/uploads\/2022\/11\/Featured-Haiti-2.png\" \/>\n\t<meta property=\"og:image:width\" content=\"507\" \/>\n\t<meta property=\"og:image:height\" content=\"340\" \/>\n\t<meta property=\"og:image:type\" content=\"image\/png\" \/>\n<meta name=\"author\" content=\"C\u00e9sar L\u00f3pez Linares\" \/>\n<meta name=\"twitter:card\" content=\"summary_large_image\" \/>\n<meta name=\"twitter:creator\" content=\"@cesarisch\" \/>\n<meta name=\"twitter:site\" content=\"@LatAmJournalism\" \/>\n<meta name=\"twitter:label1\" content=\"Written by\" \/>\n\t<meta name=\"twitter:data1\" content=\"C\u00e9sar L\u00f3pez Linares\" \/>\n\t<meta name=\"twitter:label2\" content=\"Est. reading time\" \/>\n\t<meta name=\"twitter:data2\" content=\"11 minutos\" \/>\n<script type=\"application\/ld+json\" class=\"yoast-schema-graph\">{\"@context\":\"https:\\\/\\\/schema.org\",\"@graph\":[{\"@type\":\"Article\",\"@id\":\"https:\\\/\\\/latamjournalismreview.org\\\/pt-br\\\/articles\\\/violencia-brutalidade-policial-e-crise-economica-deixam-jornalismo-no-haiti-em-situacao-critica\\\/#article\",\"isPartOf\":{\"@id\":\"https:\\\/\\\/latamjournalismreview.org\\\/pt-br\\\/articles\\\/violencia-brutalidade-policial-e-crise-economica-deixam-jornalismo-no-haiti-em-situacao-critica\\\/\"},\"author\":{\"name\":\"C\u00e9sar L\u00f3pez Linares\",\"@id\":\"https:\\\/\\\/latamjournalismreview.org\\\/pt-br\\\/#\\\/schema\\\/person\\\/dcf6dcdd6226ac8d939e2796645d17c6\"},\"headline\":\"Viol\u00eancia, brutalidade policial e crise econ\u00f4mica deixam jornalismo no Haiti em situa\u00e7\u00e3o cr\u00edtica\",\"datePublished\":\"2022-11-09T05:32:53+00:00\",\"dateModified\":\"2022-11-14T16:32:11+00:00\",\"mainEntityOfPage\":{\"@id\":\"https:\\\/\\\/latamjournalismreview.org\\\/pt-br\\\/articles\\\/violencia-brutalidade-policial-e-crise-economica-deixam-jornalismo-no-haiti-em-situacao-critica\\\/\"},\"wordCount\":2309,\"publisher\":{\"@id\":\"https:\\\/\\\/latamjournalismreview.org\\\/pt-br\\\/#organization\"},\"image\":{\"@id\":\"https:\\\/\\\/latamjournalismreview.org\\\/pt-br\\\/articles\\\/violencia-brutalidade-policial-e-crise-economica-deixam-jornalismo-no-haiti-em-situacao-critica\\\/#primaryimage\"},\"thumbnailUrl\":\"https:\\\/\\\/latamjournalismreview.org\\\/wp-content\\\/uploads\\\/2022\\\/11\\\/Featured-Haiti-2.png\",\"keywords\":[\"Assassinatos de jornalistas\",\"Crise da m\u00eddia\"],\"articleSection\":[\"Viol\u00eancia contra jornalistas\"],\"inLanguage\":\"pt-BR\"},{\"@type\":\"WebPage\",\"@id\":\"https:\\\/\\\/latamjournalismreview.org\\\/pt-br\\\/articles\\\/violencia-brutalidade-policial-e-crise-economica-deixam-jornalismo-no-haiti-em-situacao-critica\\\/\",\"url\":\"https:\\\/\\\/latamjournalismreview.org\\\/pt-br\\\/articles\\\/violencia-brutalidade-policial-e-crise-economica-deixam-jornalismo-no-haiti-em-situacao-critica\\\/\",\"name\":\"Viol\u00eancia, brutalidade policial e crise econ\u00f4mica deixam jornalismo no Haiti em situa\u00e7\u00e3o cr\u00edtica - LatAm Journalism Review by the Knight Center\",\"isPartOf\":{\"@id\":\"https:\\\/\\\/latamjournalismreview.org\\\/pt-br\\\/#website\"},\"primaryImageOfPage\":{\"@id\":\"https:\\\/\\\/latamjournalismreview.org\\\/pt-br\\\/articles\\\/violencia-brutalidade-policial-e-crise-economica-deixam-jornalismo-no-haiti-em-situacao-critica\\\/#primaryimage\"},\"image\":{\"@id\":\"https:\\\/\\\/latamjournalismreview.org\\\/pt-br\\\/articles\\\/violencia-brutalidade-policial-e-crise-economica-deixam-jornalismo-no-haiti-em-situacao-critica\\\/#primaryimage\"},\"thumbnailUrl\":\"https:\\\/\\\/latamjournalismreview.org\\\/wp-content\\\/uploads\\\/2022\\\/11\\\/Featured-Haiti-2.png\",\"datePublished\":\"2022-11-09T05:32:53+00:00\",\"dateModified\":\"2022-11-14T16:32:11+00:00\",\"description\":\"Viol\u00eancia, brutalidade policial e crise econ\u00f4mica deixam jornalismo no Haiti em situa\u00e7\u00e3o cr\u00edtica . Latin American Journalism Review by The Knight Center at The University of Texas at Austin.\",\"breadcrumb\":{\"@id\":\"https:\\\/\\\/latamjournalismreview.org\\\/pt-br\\\/articles\\\/violencia-brutalidade-policial-e-crise-economica-deixam-jornalismo-no-haiti-em-situacao-critica\\\/#breadcrumb\"},\"inLanguage\":\"pt-BR\",\"potentialAction\":[{\"@type\":\"ReadAction\",\"target\":[\"https:\\\/\\\/latamjournalismreview.org\\\/pt-br\\\/articles\\\/violencia-brutalidade-policial-e-crise-economica-deixam-jornalismo-no-haiti-em-situacao-critica\\\/\"]}]},{\"@type\":\"ImageObject\",\"inLanguage\":\"pt-BR\",\"@id\":\"https:\\\/\\\/latamjournalismreview.org\\\/pt-br\\\/articles\\\/violencia-brutalidade-policial-e-crise-economica-deixam-jornalismo-no-haiti-em-situacao-critica\\\/#primaryimage\",\"url\":\"https:\\\/\\\/latamjournalismreview.org\\\/wp-content\\\/uploads\\\/2022\\\/11\\\/Featured-Haiti-2.png\",\"contentUrl\":\"https:\\\/\\\/latamjournalismreview.org\\\/wp-content\\\/uploads\\\/2022\\\/11\\\/Featured-Haiti-2.png\",\"width\":507,\"height\":340,\"caption\":\"Journalists who have been killed in Haiti in 2022\"},{\"@type\":\"BreadcrumbList\",\"@id\":\"https:\\\/\\\/latamjournalismreview.org\\\/pt-br\\\/articles\\\/violencia-brutalidade-policial-e-crise-economica-deixam-jornalismo-no-haiti-em-situacao-critica\\\/#breadcrumb\",\"itemListElement\":[{\"@type\":\"ListItem\",\"position\":1,\"name\":\"Home\",\"item\":\"https:\\\/\\\/latamjournalismreview.org\\\/pt-br\\\/\"},{\"@type\":\"ListItem\",\"position\":2,\"name\":\"Viol\u00eancia, brutalidade policial e crise econ\u00f4mica deixam jornalismo no Haiti em situa\u00e7\u00e3o cr\u00edtica\"}]},{\"@type\":\"WebSite\",\"@id\":\"https:\\\/\\\/latamjournalismreview.org\\\/pt-br\\\/#website\",\"url\":\"https:\\\/\\\/latamjournalismreview.org\\\/pt-br\\\/\",\"name\":\"LatAm Journalism Review\",\"description\":\"Digital magazine on journalism in Latin America\",\"publisher\":{\"@id\":\"https:\\\/\\\/latamjournalismreview.org\\\/pt-br\\\/#organization\"},\"potentialAction\":[{\"@type\":\"SearchAction\",\"target\":{\"@type\":\"EntryPoint\",\"urlTemplate\":\"https:\\\/\\\/latamjournalismreview.org\\\/pt-br\\\/?s={search_term_string}\"},\"query-input\":{\"@type\":\"PropertyValueSpecification\",\"valueRequired\":true,\"valueName\":\"search_term_string\"}}],\"inLanguage\":\"pt-BR\"},{\"@type\":\"Organization\",\"@id\":\"https:\\\/\\\/latamjournalismreview.org\\\/pt-br\\\/#organization\",\"name\":\"LatAm Journalism Review\",\"url\":\"https:\\\/\\\/latamjournalismreview.org\\\/pt-br\\\/\",\"logo\":{\"@type\":\"ImageObject\",\"inLanguage\":\"pt-BR\",\"@id\":\"https:\\\/\\\/latamjournalismreview.org\\\/pt-br\\\/#\\\/schema\\\/logo\\\/image\\\/\",\"url\":\"https:\\\/\\\/latamjournalismreview.org\\\/wp-content\\\/uploads\\\/2020\\\/05\\\/knight-latAm-review-logo.svg\",\"contentUrl\":\"https:\\\/\\\/latamjournalismreview.org\\\/wp-content\\\/uploads\\\/2020\\\/05\\\/knight-latAm-review-logo.svg\",\"width\":\"1024\",\"height\":\"1024\",\"caption\":\"LatAm Journalism Review\"},\"image\":{\"@id\":\"https:\\\/\\\/latamjournalismreview.org\\\/pt-br\\\/#\\\/schema\\\/logo\\\/image\\\/\"},\"sameAs\":[\"https:\\\/\\\/x.com\\\/LatAmJournalism\"]},{\"@type\":\"Person\",\"@id\":\"https:\\\/\\\/latamjournalismreview.org\\\/pt-br\\\/#\\\/schema\\\/person\\\/dcf6dcdd6226ac8d939e2796645d17c6\",\"name\":\"C\u00e9sar L\u00f3pez Linares\",\"description\":\"C\u00e9sar L\u00f3pez Linares began his career at the Mexican newspaper REFORMA as an entertainment and media co-editor. He has written for publications such as TODO Austin, Texas Music Magazine and The Austin Chronicle. C\u00e9sar has a Master's degree in Journalism from the University of Texas at Austin and a Bachelors degree in Communication from the National Autonomous University of Mexico. He previously wrote about innovation in journalism for the Gabo Foundation in Colombia and currently reports for the Knight Center's LatAmJournalism Review digital magazine. A native of Mexico City, C\u00e9sar has become a digital nomad combining content creation with his passion for travel. ________ C\u00e9sar L\u00f3pez Linares inici\u00f3 su carrera en el diario mexicano REFORMA como coeditor de entretenimiento y medios. Ha escrito para publicaciones como TODO Austin, Texas Music Magazine y The Austin Chronicle. C\u00e9sar tiene una Maestr\u00eda en Periodismo de la Universidad de Texas en Austin y una Licenciatura en Comunicaci\u00f3n de la Universidad Nacional Aut\u00f3noma de M\u00e9xico. Previamente escribi\u00f3 sobre innovaci\u00f3n en periodismo para la Fundaci\u00f3n Gabo en Colombia y actualmente escribe para la revista digital LatAmJournalism Review del Centro Knight. Originario de la Ciudad de M\u00e9xico, C\u00e9sar se ha convertido en un n\u00f3mada digital que combina la creaci\u00f3n de contenido con su pasi\u00f3n por viajar. _________ C\u00e9sar L\u00f3pez Linares come\u00e7ou sua carreira no jornal mexicano REFORMA como coeditor de entretenimento e m\u00eddia. Ele escreveu para publica\u00e7\u00f5es como TODO Austin, Texas Music Magazine e The Austin Chronicle. C\u00e9sar tem mestrado em jornalismo pela University of Texas em Austin e \u00e9 bacharel em comunica\u00e7\u00e3o pela Universidad Nacional Aut\u00f3noma de M\u00e9xico. Antes disso, ele escreveu sobre inova\u00e7\u00e3o no jornalismo para a Funda\u00e7\u00e3o Gabo na Col\u00f4mbia. Atualmente escreve para a revista digital LatAmJournalism Review do Centro Knight. Nascido na Cidade do M\u00e9xico, C\u00e9sar se tornou um n\u00f4made digital combinando a cria\u00e7\u00e3o de conte\u00fado com sua paix\u00e3o por viagens.\",\"sameAs\":[\"https:\\\/\\\/x.com\\\/cesarisch\"],\"url\":\"https:\\\/\\\/latamjournalismreview.org\\\/pt-br\\\/articles\\\/author\\\/cesar-lopez-linares\\\/\"}]}<\/script>\n<!-- \/ Yoast SEO Premium plugin. -->","yoast_head_json":{"title":"Viol\u00eancia, brutalidade policial e crise econ\u00f4mica deixam jornalismo no Haiti em situa\u00e7\u00e3o cr\u00edtica - LatAm Journalism Review by the Knight Center","description":"Viol\u00eancia, brutalidade policial e crise econ\u00f4mica deixam jornalismo no Haiti em situa\u00e7\u00e3o cr\u00edtica . Latin American Journalism Review by The Knight Center at The University of Texas at Austin.","robots":{"index":"index","follow":"follow","max-snippet":"max-snippet:-1","max-image-preview":"max-image-preview:large","max-video-preview":"max-video-preview:-1"},"canonical":"https:\/\/latamjournalismreview.org\/pt-br\/articles\/violencia-brutalidade-policial-e-crise-economica-deixam-jornalismo-no-haiti-em-situacao-critica\/","og_locale":"pt_BR","og_type":"article","og_title":"Viol\u00eancia, brutalidade policial e crise econ\u00f4mica deixam jornalismo no Haiti em situa\u00e7\u00e3o cr\u00edtica","og_description":"Viol\u00eancia, brutalidade policial e crise econ\u00f4mica deixam jornalismo no Haiti em situa\u00e7\u00e3o cr\u00edtica . Latin American Journalism Review by The Knight Center at The University of Texas at Austin.","og_url":"https:\/\/latamjournalismreview.org\/pt-br\/articles\/violencia-brutalidade-policial-e-crise-economica-deixam-jornalismo-no-haiti-em-situacao-critica\/","og_site_name":"LatAm Journalism Review by the Knight Center","article_published_time":"2022-11-09T05:32:53+00:00","article_modified_time":"2022-11-14T16:32:11+00:00","og_image":[{"width":507,"height":340,"url":"https:\/\/latamjournalismreview.org\/wp-content\/uploads\/2022\/11\/Featured-Haiti-2.png","type":"image\/png"}],"author":"C\u00e9sar L\u00f3pez Linares","twitter_card":"summary_large_image","twitter_creator":"@cesarisch","twitter_site":"@LatAmJournalism","twitter_misc":{"Written by":"C\u00e9sar L\u00f3pez Linares","Est. reading time":"11 minutos"},"schema":{"@context":"https:\/\/schema.org","@graph":[{"@type":"Article","@id":"https:\/\/latamjournalismreview.org\/pt-br\/articles\/violencia-brutalidade-policial-e-crise-economica-deixam-jornalismo-no-haiti-em-situacao-critica\/#article","isPartOf":{"@id":"https:\/\/latamjournalismreview.org\/pt-br\/articles\/violencia-brutalidade-policial-e-crise-economica-deixam-jornalismo-no-haiti-em-situacao-critica\/"},"author":{"name":"C\u00e9sar L\u00f3pez Linares","@id":"https:\/\/latamjournalismreview.org\/pt-br\/#\/schema\/person\/dcf6dcdd6226ac8d939e2796645d17c6"},"headline":"Viol\u00eancia, brutalidade policial e crise econ\u00f4mica deixam jornalismo no Haiti em situa\u00e7\u00e3o cr\u00edtica","datePublished":"2022-11-09T05:32:53+00:00","dateModified":"2022-11-14T16:32:11+00:00","mainEntityOfPage":{"@id":"https:\/\/latamjournalismreview.org\/pt-br\/articles\/violencia-brutalidade-policial-e-crise-economica-deixam-jornalismo-no-haiti-em-situacao-critica\/"},"wordCount":2309,"publisher":{"@id":"https:\/\/latamjournalismreview.org\/pt-br\/#organization"},"image":{"@id":"https:\/\/latamjournalismreview.org\/pt-br\/articles\/violencia-brutalidade-policial-e-crise-economica-deixam-jornalismo-no-haiti-em-situacao-critica\/#primaryimage"},"thumbnailUrl":"https:\/\/latamjournalismreview.org\/wp-content\/uploads\/2022\/11\/Featured-Haiti-2.png","keywords":["Assassinatos de jornalistas","Crise da m\u00eddia"],"articleSection":["Viol\u00eancia contra jornalistas"],"inLanguage":"pt-BR"},{"@type":"WebPage","@id":"https:\/\/latamjournalismreview.org\/pt-br\/articles\/violencia-brutalidade-policial-e-crise-economica-deixam-jornalismo-no-haiti-em-situacao-critica\/","url":"https:\/\/latamjournalismreview.org\/pt-br\/articles\/violencia-brutalidade-policial-e-crise-economica-deixam-jornalismo-no-haiti-em-situacao-critica\/","name":"Viol\u00eancia, brutalidade policial e crise econ\u00f4mica deixam jornalismo no Haiti em situa\u00e7\u00e3o cr\u00edtica - LatAm Journalism Review by the Knight Center","isPartOf":{"@id":"https:\/\/latamjournalismreview.org\/pt-br\/#website"},"primaryImageOfPage":{"@id":"https:\/\/latamjournalismreview.org\/pt-br\/articles\/violencia-brutalidade-policial-e-crise-economica-deixam-jornalismo-no-haiti-em-situacao-critica\/#primaryimage"},"image":{"@id":"https:\/\/latamjournalismreview.org\/pt-br\/articles\/violencia-brutalidade-policial-e-crise-economica-deixam-jornalismo-no-haiti-em-situacao-critica\/#primaryimage"},"thumbnailUrl":"https:\/\/latamjournalismreview.org\/wp-content\/uploads\/2022\/11\/Featured-Haiti-2.png","datePublished":"2022-11-09T05:32:53+00:00","dateModified":"2022-11-14T16:32:11+00:00","description":"Viol\u00eancia, brutalidade policial e crise econ\u00f4mica deixam jornalismo no Haiti em situa\u00e7\u00e3o cr\u00edtica . Latin American Journalism Review by The Knight Center at The University of Texas at Austin.","breadcrumb":{"@id":"https:\/\/latamjournalismreview.org\/pt-br\/articles\/violencia-brutalidade-policial-e-crise-economica-deixam-jornalismo-no-haiti-em-situacao-critica\/#breadcrumb"},"inLanguage":"pt-BR","potentialAction":[{"@type":"ReadAction","target":["https:\/\/latamjournalismreview.org\/pt-br\/articles\/violencia-brutalidade-policial-e-crise-economica-deixam-jornalismo-no-haiti-em-situacao-critica\/"]}]},{"@type":"ImageObject","inLanguage":"pt-BR","@id":"https:\/\/latamjournalismreview.org\/pt-br\/articles\/violencia-brutalidade-policial-e-crise-economica-deixam-jornalismo-no-haiti-em-situacao-critica\/#primaryimage","url":"https:\/\/latamjournalismreview.org\/wp-content\/uploads\/2022\/11\/Featured-Haiti-2.png","contentUrl":"https:\/\/latamjournalismreview.org\/wp-content\/uploads\/2022\/11\/Featured-Haiti-2.png","width":507,"height":340,"caption":"Journalists who have been killed in Haiti in 2022"},{"@type":"BreadcrumbList","@id":"https:\/\/latamjournalismreview.org\/pt-br\/articles\/violencia-brutalidade-policial-e-crise-economica-deixam-jornalismo-no-haiti-em-situacao-critica\/#breadcrumb","itemListElement":[{"@type":"ListItem","position":1,"name":"Home","item":"https:\/\/latamjournalismreview.org\/pt-br\/"},{"@type":"ListItem","position":2,"name":"Viol\u00eancia, brutalidade policial e crise econ\u00f4mica deixam jornalismo no Haiti em situa\u00e7\u00e3o cr\u00edtica"}]},{"@type":"WebSite","@id":"https:\/\/latamjournalismreview.org\/pt-br\/#website","url":"https:\/\/latamjournalismreview.org\/pt-br\/","name":"LatAm Journalism Review","description":"Digital magazine on journalism in Latin America","publisher":{"@id":"https:\/\/latamjournalismreview.org\/pt-br\/#organization"},"potentialAction":[{"@type":"SearchAction","target":{"@type":"EntryPoint","urlTemplate":"https:\/\/latamjournalismreview.org\/pt-br\/?s={search_term_string}"},"query-input":{"@type":"PropertyValueSpecification","valueRequired":true,"valueName":"search_term_string"}}],"inLanguage":"pt-BR"},{"@type":"Organization","@id":"https:\/\/latamjournalismreview.org\/pt-br\/#organization","name":"LatAm Journalism Review","url":"https:\/\/latamjournalismreview.org\/pt-br\/","logo":{"@type":"ImageObject","inLanguage":"pt-BR","@id":"https:\/\/latamjournalismreview.org\/pt-br\/#\/schema\/logo\/image\/","url":"https:\/\/latamjournalismreview.org\/wp-content\/uploads\/2020\/05\/knight-latAm-review-logo.svg","contentUrl":"https:\/\/latamjournalismreview.org\/wp-content\/uploads\/2020\/05\/knight-latAm-review-logo.svg","width":"1024","height":"1024","caption":"LatAm Journalism Review"},"image":{"@id":"https:\/\/latamjournalismreview.org\/pt-br\/#\/schema\/logo\/image\/"},"sameAs":["https:\/\/x.com\/LatAmJournalism"]},{"@type":"Person","@id":"https:\/\/latamjournalismreview.org\/pt-br\/#\/schema\/person\/dcf6dcdd6226ac8d939e2796645d17c6","name":"C\u00e9sar L\u00f3pez Linares","description":"C\u00e9sar L\u00f3pez Linares began his career at the Mexican newspaper REFORMA as an entertainment and media co-editor. He has written for publications such as TODO Austin, Texas Music Magazine and The Austin Chronicle. C\u00e9sar has a Master's degree in Journalism from the University of Texas at Austin and a Bachelors degree in Communication from the National Autonomous University of Mexico. He previously wrote about innovation in journalism for the Gabo Foundation in Colombia and currently reports for the Knight Center's LatAmJournalism Review digital magazine. A native of Mexico City, C\u00e9sar has become a digital nomad combining content creation with his passion for travel. ________ C\u00e9sar L\u00f3pez Linares inici\u00f3 su carrera en el diario mexicano REFORMA como coeditor de entretenimiento y medios. Ha escrito para publicaciones como TODO Austin, Texas Music Magazine y The Austin Chronicle. C\u00e9sar tiene una Maestr\u00eda en Periodismo de la Universidad de Texas en Austin y una Licenciatura en Comunicaci\u00f3n de la Universidad Nacional Aut\u00f3noma de M\u00e9xico. Previamente escribi\u00f3 sobre innovaci\u00f3n en periodismo para la Fundaci\u00f3n Gabo en Colombia y actualmente escribe para la revista digital LatAmJournalism Review del Centro Knight. Originario de la Ciudad de M\u00e9xico, C\u00e9sar se ha convertido en un n\u00f3mada digital que combina la creaci\u00f3n de contenido con su pasi\u00f3n por viajar. _________ C\u00e9sar L\u00f3pez Linares come\u00e7ou sua carreira no jornal mexicano REFORMA como coeditor de entretenimento e m\u00eddia. Ele escreveu para publica\u00e7\u00f5es como TODO Austin, Texas Music Magazine e The Austin Chronicle. C\u00e9sar tem mestrado em jornalismo pela University of Texas em Austin e \u00e9 bacharel em comunica\u00e7\u00e3o pela Universidad Nacional Aut\u00f3noma de M\u00e9xico. Antes disso, ele escreveu sobre inova\u00e7\u00e3o no jornalismo para a Funda\u00e7\u00e3o Gabo na Col\u00f4mbia. Atualmente escreve para a revista digital LatAmJournalism Review do Centro Knight. Nascido na Cidade do M\u00e9xico, C\u00e9sar se tornou um n\u00f4made digital combinando a cria\u00e7\u00e3o de conte\u00fado com sua paix\u00e3o por viagens.","sameAs":["https:\/\/x.com\/cesarisch"],"url":"https:\/\/latamjournalismreview.org\/pt-br\/articles\/author\/cesar-lopez-linares\/"}]}},"_links":{"self":[{"href":"https:\/\/latamjournalismreview.org\/pt-br\/wp-json\/wp\/v2\/posts\/69696","targetHints":{"allow":["GET"]}}],"collection":[{"href":"https:\/\/latamjournalismreview.org\/pt-br\/wp-json\/wp\/v2\/posts"}],"about":[{"href":"https:\/\/latamjournalismreview.org\/pt-br\/wp-json\/wp\/v2\/types\/post"}],"author":[{"embeddable":true,"href":"https:\/\/latamjournalismreview.org\/pt-br\/wp-json\/wp\/v2\/users\/19"}],"replies":[{"embeddable":true,"href":"https:\/\/latamjournalismreview.org\/pt-br\/wp-json\/wp\/v2\/comments?post=69696"}],"version-history":[{"count":5,"href":"https:\/\/latamjournalismreview.org\/pt-br\/wp-json\/wp\/v2\/posts\/69696\/revisions"}],"predecessor-version":[{"id":69794,"href":"https:\/\/latamjournalismreview.org\/pt-br\/wp-json\/wp\/v2\/posts\/69696\/revisions\/69794"}],"wp:featuredmedia":[{"embeddable":true,"href":"https:\/\/latamjournalismreview.org\/pt-br\/wp-json\/wp\/v2\/media\/69786"}],"wp:attachment":[{"href":"https:\/\/latamjournalismreview.org\/pt-br\/wp-json\/wp\/v2\/media?parent=69696"}],"wp:term":[{"taxonomy":"category","embeddable":true,"href":"https:\/\/latamjournalismreview.org\/pt-br\/wp-json\/wp\/v2\/categories?post=69696"},{"taxonomy":"post_tag","embeddable":true,"href":"https:\/\/latamjournalismreview.org\/pt-br\/wp-json\/wp\/v2\/tags?post=69696"},{"taxonomy":"author","embeddable":true,"href":"https:\/\/latamjournalismreview.org\/pt-br\/wp-json\/wp\/v2\/coauthors?post=69696"}],"curies":[{"name":"wp","href":"https:\/\/api.w.org\/{rel}","templated":true}]}}