{"id":70618,"date":"2022-12-13T11:12:55","date_gmt":"2022-12-13T16:12:55","guid":{"rendered":"https:\/\/latamjournalismreview.org\/?p=70618"},"modified":"2022-12-13T11:13:49","modified_gmt":"2022-12-13T16:13:49","slug":"aos-23-anos-jornalista-guatemalteco-carlos-kestler-da-visibilidade-ao-jornalismo-de-seu-pais-com-especial-premiado-internacionalmente","status":"publish","type":"post","link":"https:\/\/latamjournalismreview.org\/pt-br\/articles\/aos-23-anos-jornalista-guatemalteco-carlos-kestler-da-visibilidade-ao-jornalismo-de-seu-pais-com-especial-premiado-internacionalmente\/","title":{"rendered":"Aos 23 anos, jornalista guatemalteco Carlos Kestler d\u00e1 visibilidade ao jornalismo de seu pa\u00eds com especial premiado internacionalmente"},"content":{"rendered":"<p>Pouco mais de um ano depois de se formar na universidade, o jornalista guatemalteco Carlos Ra\u00fal Kestler j\u00e1 irritou o presidente de seu pa\u00eds, foi nomeado para um pr\u00eamio internacional e fez tremer as autoridades de comunica\u00e7\u00f5es da Guatemala com uma reportagem investigativa.<\/p>\n<p>Este ano, Kestler tornou-se um dos tr\u00eas finalistas do pr\u00eamio Jovem Jornalista do Ano da Thomson Foundation, na\u00a0<a href=\"https:\/\/www.fpalondon.org\/fpa-media-awards\">premia\u00e7\u00e3o da Associa\u00e7\u00e3o de Imprensa Estrangeira de Londres<\/a> (FPA, na sigla em ingl\u00eas), realizada na capital brit\u00e2nica em 28 de novembro. Mais de 300 participantes com menos de 30 anos idade e vindos de pa\u00edses em desenvolvimento se candidataram ao pr\u00eamio, com o\u00a0<a href=\"https:\/\/freepresskashmir.news\/2022\/11\/29\/journalist-yashraj-sharma-wins-thomson-foundation-young-journalist-award-2022\/\">primeiro lugar outorgado a Yashraj Sharma, da \u00cdndia<\/a>.<\/p>\n<p>\"A oportunidade do trabalho que fazemos na Guatemala ser visto internacionalmente \u00e9 algo muito bom, especialmente porque na Guatemala a imprensa est\u00e1 trabalhando em uma situa\u00e7\u00e3o muito complicada\", disse Kestler em uma entrevista com a\u00a0<strong>LatAm Journalism Review (LJR)\u00a0<\/strong>em seu retorno de Londres.<\/p>\n<div id=\"attachment_70591\" style=\"width: 509px\" class=\"wp-caption aligncenter\"><img loading=\"lazy\" decoding=\"async\" aria-describedby=\"caption-attachment-70591\" class=\"wp-image-70593 \" src=\"https:\/\/latamjournalismreview.org\/wp-content\/uploads\/2022\/12\/IMG_9756.jpg\" alt=\"Guatemalan journalist Carlos Kestler accepting an award by the Foreign Press Association of London\" width=\"499\" height=\"334\" srcset=\"https:\/\/latamjournalismreview.org\/wp-content\/uploads\/2022\/12\/IMG_9756.jpg 1799w, https:\/\/latamjournalismreview.org\/wp-content\/uploads\/2022\/12\/IMG_9756-300x201.jpg 300w, https:\/\/latamjournalismreview.org\/wp-content\/uploads\/2022\/12\/IMG_9756-1024x686.jpg 1024w, https:\/\/latamjournalismreview.org\/wp-content\/uploads\/2022\/12\/IMG_9756-768x514.jpg 768w, https:\/\/latamjournalismreview.org\/wp-content\/uploads\/2022\/12\/IMG_9756-1536x1029.jpg 1536w, https:\/\/latamjournalismreview.org\/wp-content\/uploads\/2022\/12\/IMG_9756-507x340.jpg 507w, https:\/\/latamjournalismreview.org\/wp-content\/uploads\/2022\/12\/IMG_9756-350x234.jpg 350w\" sizes=\"auto, (max-width: 499px) 100vw, 499px\" \/><p id=\"caption-attachment-70591\" class=\"wp-caption-text\">Carlos Kestler recebeu um diploma como finalista do pr\u00eamio Jovem Jornalista do Ano na London Foreign Press Association. (Foto: Cortesia Carlos Kestler)<\/p><\/div>\n<p>&nbsp;<\/p>\n<p>&nbsp;<\/p>\n<p>Ao longo de 2022,\u00a0<a href=\"https:\/\/www.agenciaocote.com\/blog\/2022\/10\/06\/jueces-fiscales-periodistas-ciudadanos-perseguidos-guatemala\/\">v\u00e1rios jornalistas tiveram que fugir da Guatemala<\/a> devido a press\u00f5es, intimida\u00e7\u00f5es, ataques ou amea\u00e7as. Isto se soma ao fato de que sob o governo do presidente Alejandro Giammattei, o acesso \u00e0 informa\u00e7\u00e3o p\u00fablica tem sido dificultado.<\/p>\n<p>\"Apesar de todas as complica\u00e7\u00f5es, \u00e9 muito bom para mim que o trabalho do jornalismo guatemalteco se destaque internacionalmente e que jornalistas de todo o mundo possam v\u00ea-lo\", disse Kestler.<\/p>\n<p>O trabalho pelo qual Kestler recebeu o pr\u00eamio \u00e9 intitulado\u00a0<a href=\"https:\/\/www.prensalibre.com\/pl-plus\/guatemala\/comunitario\/especial-conectividad-rota-problemas-y-soluciones-de-la-red-vial\/\">\u201cConectividad rota\u201d<\/a>. Trata-se de uma s\u00e9rie de quatro reportagens sobre como o mau estado das estradas do pa\u00eds centro-americano cobra um alto custo nas vidas dos guatemaltecos. As reportagens foram publicadas tanto no jornal Prensa Libre como em v\u00eddeo no Noticiero Guatevisi\u00f3n, meios nos quais Kestler trabalha como rep\u00f3rter.<\/p>\n<p>\u201cConectividad Rota\u201d foi elogiada pelo j\u00fari da FPA por sua narrativa fresca e acess\u00edvel sobre uma quest\u00e3o s\u00e9ria que afeta milh\u00f5es de pessoas.<\/p>\n<p>\"[O trabalho de Kestler] me pareceu um retrato assombroso da Guatemala atrav\u00e9s da qualidade de suas estradas. Me cativou por completo\", disse Alessandro Alocca, jornalista do di\u00e1rio italiano La Repubblica, um dos membros do j\u00fari, \u00e0\u00a0<strong>LJR<\/strong>. \"Encontrei alegria e felicidade no meio do desastre que s\u00e3o as estradas. Carlos injetou humor em uma situa\u00e7\u00e3o grave com grande efeito\".<\/p>\n<p>Em um momento em que a hostilidade e a viol\u00eancia s\u00e3o o p\u00e3o de cada dia do jornalismo na Guatemala, Kestler diz que \"Conectividad Rota\" representa o tipo de jornalismo que ele quer fazer: jornalismo fresco que atraia novos p\u00fablicos, mantendo os valores b\u00e1sicos da profiss\u00e3o e colocando as pessoas no centro das hist\u00f3rias.<\/p>\n<div id=\"attachment_70588\" style=\"width: 460px\" class=\"wp-caption alignleft\"><img loading=\"lazy\" decoding=\"async\" aria-describedby=\"caption-attachment-70588\" class=\"wp-image-70590 \" src=\"https:\/\/latamjournalismreview.org\/wp-content\/uploads\/2022\/12\/Conectividad-Rota-Carlos-Kestler.png\" alt=\"Collage of images from the &quot;Broken Connectivity&quot; report printed version\" width=\"450\" height=\"302\" srcset=\"https:\/\/latamjournalismreview.org\/wp-content\/uploads\/2022\/12\/Conectividad-Rota-Carlos-Kestler.png 507w, https:\/\/latamjournalismreview.org\/wp-content\/uploads\/2022\/12\/Conectividad-Rota-Carlos-Kestler-300x201.png 300w, https:\/\/latamjournalismreview.org\/wp-content\/uploads\/2022\/12\/Conectividad-Rota-Carlos-Kestler-350x234.png 350w\" sizes=\"auto, (max-width: 450px) 100vw, 450px\" \/><p id=\"caption-attachment-70588\" class=\"wp-caption-text\">A vers\u00e3o impressa de \"Conectividad Rota\" foi publicada no jornal guatemalteco Prensa Libre. (Foto: Prensa Libre)<\/p><\/div>\n<p>\"Talvez esta seja a maneira de alcan\u00e7ar aquelas pessoas que evitam as not\u00edcias, que \u00e9 um grupo que est\u00e1 crescendo cada vez mais\", disse ele. \"Jornalismo que n\u00e3o \u00e9 t\u00e3o quadrado, esquematizado e n\u00e3o t\u00e3o s\u00e9rio, no sentido de chato e inacess\u00edvel. Talvez essa seja a maneira das pessoas continuarem a confiar nos jornalistas e no trabalho que fazemos, porque no final das contas \u00e9 isso o que buscamos, servir ao p\u00fablico.\u201d<\/p>\n<p>Kestler sabe que ser finalista dos pr\u00eamios da Thomson Foundation e ganhar notoriedade para uma investiga\u00e7\u00e3o aos 23 anos de idade estabelece uma barra muito alta e eleva a a exig\u00eancia para o futuro de sua carreira. No entanto, o jornalista toma como motiva\u00e7\u00e3o continuar produzindo hist\u00f3rias que lhe permitam empatizar com os problemas que afetam seus compatriotas.<\/p>\n<p>\"Sim, sinto a press\u00e3o para continuar a atingir altos n\u00edveis de qualidade em meu trabalho, mas tento torn\u00e1-la motiva\u00e7\u00e3o em vez de press\u00e3o\", disse ele. \"H\u00e1 muitas realidades e hist\u00f3rias de vida que merecem ser ouvidas e que merecem ter o microfone por um momento. [O pr\u00eamio] me motiva a continuar fazendo jornalismo onde a pessoa humana seja o centro de tudo.\u201d<\/p>\n<h3>Intenso trabalho de reportagem no terreno<\/h3>\n<p>Muito tem sido dito nos meios de comunica\u00e7\u00e3o guatemaltecos sobre o mau estado da rede vi\u00e1ria e como \u00e9 dif\u00edcil acessar algumas comunidades. Entretanto, nunca antes um jornalista havia viajado por esta rede rodovi\u00e1ria e captado por escrito e em v\u00eddeo as dificuldades de viajar para o interior do pa\u00eds.<\/p>\n<p>Para fazer \"Conectividad Rota\", Kestler, o fotojornalista Carlos Hern\u00e1ndez e um motorista percorreram mais de 3.600 quil\u00f4metros de estrada durante um m\u00eas. Isso \u00e9 cerca de um quarto do total de estradas na Guatemala.<\/p>\n<div id=\"attachment_70576\" style=\"width: 460px\" class=\"wp-caption alignright\"><img loading=\"lazy\" decoding=\"async\" aria-describedby=\"caption-attachment-70576\" class=\"wp-image-70578 \" src=\"https:\/\/latamjournalismreview.org\/wp-content\/uploads\/2022\/12\/Captura-de-Pantalla-2022-12-12-a-las-1.46.18-p.m..png\" alt=\"Guatemalan journalist Carlos Kestler during the making of the &quot;Broken Connectivity&quot; special report\" width=\"450\" height=\"282\" srcset=\"https:\/\/latamjournalismreview.org\/wp-content\/uploads\/2022\/12\/Captura-de-Pantalla-2022-12-12-a-las-1.46.18-p.m..png 1122w, https:\/\/latamjournalismreview.org\/wp-content\/uploads\/2022\/12\/Captura-de-Pantalla-2022-12-12-a-las-1.46.18-p.m.-300x188.png 300w, https:\/\/latamjournalismreview.org\/wp-content\/uploads\/2022\/12\/Captura-de-Pantalla-2022-12-12-a-las-1.46.18-p.m.-1024x642.png 1024w, https:\/\/latamjournalismreview.org\/wp-content\/uploads\/2022\/12\/Captura-de-Pantalla-2022-12-12-a-las-1.46.18-p.m.-768x481.png 768w\" sizes=\"auto, (max-width: 450px) 100vw, 450px\" \/><p id=\"caption-attachment-70576\" class=\"wp-caption-text\">Kestler e sua equipe viajaram pelas estradas da Guatemala durante um m\u00eas para as reportagens. (Foto: Captura de tela do YouTube)<\/p><\/div>\n<p>\"Estamos falando de mais de 30 [estradas] a n\u00edvel nacional, portanto, a magnitude na qual mostramos o problema e o fato de termos percorrido 25% da rede rodovi\u00e1ria do pa\u00eds nunca havia sido feito antes\", disse ele.<\/p>\n<p>Entretanto, para Kestler, a principal inova\u00e7\u00e3o de seu trabalho \u00e9 o fato de que ele foi al\u00e9m de denunciar o mau estado da infraestrutura vi\u00e1ria. Desde o in\u00edcio, a equipe do Prensa Libre e Guatevisi\u00f3n decidiu que cada uma das reportagens teria como protagonistas homens e mulheres guatemaltecos.<\/p>\n<p>\"Tivemos que dizer, bem, sim, esta estrada tem buracos, mas o que as pessoas dizem sobre isso? Como isso afeta as pessoas que dependem do turismo, ou pessoas que trabalham com transporte, ou pessoas que vivem em lugares onde n\u00e3o h\u00e1 estradas?\", disse ele. \"Atr\u00e1s de cada buraco tinha que haver algu\u00e9m que pudesse relatar porque aquele buraco \u00e9 um grande problema, al\u00e9m do fato de haver um buraco no caminho\".<\/p>\n<p>A primeira parte de \"Conectividad rota\" conta como o mau estado da rede rodovi\u00e1ria afeta \u00e1reas da vida econ\u00f4mica da Guatemala, como o turismo. A segunda parte narra como estradas defeituosas prejudicam o desenvolvimento social do pa\u00eds. A terceiro reportagem enfoca as consequ\u00eancias para o com\u00e9rcio interno e externo, enquanto a quarta parte fala sobre a responsabilidade do Minist\u00e9rio das Comunica\u00e7\u00f5es pelo problema.<\/p>\n<p>Quando as reportagens foram publicadas, entre junho e julho de 2022, elas tiveram repercuss\u00e3o imediata nas redes sociais, principalmente por causa da indigna\u00e7\u00e3o das pessoas ao conhecer a magnitude do problema, de acordo com Kestler. Al\u00e9m disso, ap\u00f3s a publica\u00e7\u00e3o da s\u00e9rie, as autoridades come\u00e7aram a reparar pelo menos dois dos trechos de estrada mencionados nas reportagens.<\/p>\n<p>\"N\u00e3o posso dizer com certeza que a decis\u00e3o de adiantar o conserto dessas duas estradas foi por causa da reportagem, mas isso aconteceu depois [da publica\u00e7\u00e3o] da hist\u00f3ria\", disse Kestler. \"Seria preciso perguntar \u00e0s autoridades, mas se pode ver essa diferen\u00e7a\".<\/p>\n<h3>\u2018Bronca\u2019 presidencial por questionar<\/h3>\n<p>O Presidente Alejandro Giammattei realizou uma coletiva de imprensa em 12 de outubro deste ano nas instala\u00e7\u00f5es da Coordenadoria Nacional de Redu\u00e7\u00e3o de Desastres (CONRED), por ocasi\u00e3o da passagem da tempestade \"Julia\" pela Guatemala.<\/p>\n<p>Ap\u00f3s falar sobre a situa\u00e7\u00e3o de emerg\u00eancia e responder a algumas perguntas da imprensa, o presidente encerrou abruptamente a coletiva de imprensa ap\u00f3s algumas perguntas de Kestler.<\/p>\n<p>O jornalista questionou algumas das decis\u00f5es que o presidente havia tomado para combater a emerg\u00eancia que, no passado, haviam se mostrado ineficazes e, ao contr\u00e1rio, haviam servido para atos de corrup\u00e7\u00e3o.<\/p>\n<p>Giammattei\u00a0<a href=\"https:\/\/twitter.com\/prensa_libre\/status\/1580025075730092034\">ficou incomodado, elevou seu tom de voz<\/a> e acusou o jornalista de sugerir que ele n\u00e3o deveria ajudar as v\u00edtimas.<\/p>\n<p>\"Parab\u00e9ns para voc\u00ea, n\u00e3o fa\u00e7amos nada e deixemos as pessoas continuarem a morrer. [...] A resposta \u00e9 \u2018n\u00e3o vamos dragar [os rios para evitar enchentes] e deixar o povo morrer\u2019? Desculpe-me, senhor jornalista. Isso me parece uma posi\u00e7\u00e3o totalmente irrespons\u00e1vel\", respondeu o presidente, e depois se levantou e foi embora.<\/p>\n<div id=\"attachment_70585\" style=\"width: 460px\" class=\"wp-caption alignleft\"><img loading=\"lazy\" decoding=\"async\" aria-describedby=\"caption-attachment-70585\" class=\"wp-image-70587 \" src=\"https:\/\/latamjournalismreview.org\/wp-content\/uploads\/2022\/12\/Carlos-Kestler-1.jpeg\" alt=\"Guatemalan journalist Carlos Kestler accepting an award by the Foreign Press Association of London\" width=\"450\" height=\"300\" srcset=\"https:\/\/latamjournalismreview.org\/wp-content\/uploads\/2022\/12\/Carlos-Kestler-1.jpeg 1500w, https:\/\/latamjournalismreview.org\/wp-content\/uploads\/2022\/12\/Carlos-Kestler-1-300x200.jpeg 300w, https:\/\/latamjournalismreview.org\/wp-content\/uploads\/2022\/12\/Carlos-Kestler-1-1024x683.jpeg 1024w, https:\/\/latamjournalismreview.org\/wp-content\/uploads\/2022\/12\/Carlos-Kestler-1-768x512.jpeg 768w, https:\/\/latamjournalismreview.org\/wp-content\/uploads\/2022\/12\/Carlos-Kestler-1-350x234.jpeg 350w\" sizes=\"auto, (max-width: 450px) 100vw, 450px\" \/><p id=\"caption-attachment-70585\" class=\"wp-caption-text\">A cerim\u00f4nia de premia\u00e7\u00e3o ocorreu em 28 de novembro em Londres, Inglaterra. (Foto: Cortesia FPA)<\/p><\/div>\n<p>O desencontro entre Kestler e Giammattei foi retirado dos canais oficiais da Presid\u00eancia guatemalteca. Esta coletiva de imprensa foi uma das poucas em que o presidente permitiu perguntas de rep\u00f3rteres.<\/p>\n<p>Para Kestler, a rea\u00e7\u00e3o do presidente ao seu questionamento reflete com precis\u00e3o a postura de opacidade e pouca transpar\u00eancia que tem existido ao longo de sua administra\u00e7\u00e3o.<\/p>\n<p>Giammattei participou de eventos p\u00fablicos at\u00e9 quatro vezes por semana desde que tomou posse em janeiro de 2020. No entanto, ele raramente responde \u00e0s perguntas dos jornalistas e, se responde, ele escolhe os rep\u00f3rteres que podem question\u00e1-lo, de acordo com a an\u00e1lise\u00a0<a href=\"https:\/\/lahora.gt\/nacionales\/fatima\/2022\/09\/07\/giammattei-el-presidente-que-no-habla-con-la-prensa\/\">\"Giammattei, o presidente que n\u00e3o fala com a imprensa\"<\/a>, preparada pelo jornal La Hora.<\/p>\n<p>\"Essa pequena anedota \u00e9 apenas uma pequena amostra da atmosfera tensa para jornalistas na Guatemala\", disse Kestler. \"Talvez ele [Giammattei] me respondeu mal e interrompeu a confer\u00eancia por minha causa, mas outros [jornalistas] est\u00e3o amea\u00e7ados de morte, intimidam suas fam\u00edlias, espalham conte\u00fado privado, t\u00eam suas redes sociais invadidas ou s\u00e3o colocados na pris\u00e3o.\u201d<\/p>\n<p>Em 29 de julho de 2022,\u00a0<a href=\"https:\/\/latamjournalismreview.org\/es\/articles\/es-el-mensaje-mas-descarado-de-un-gobierno-en-contra-de-la-libertad-de-prensa-subdirectora-de-elperiodico-sobre-caso-jose-ruben-zamora-en-guatemala\/\">o jornalista e fundador do jornal ElPeri\u00f3dico, Jos\u00e9 Rub\u00e9n Zamora, foi detido<\/a> sob acusa\u00e7\u00f5es de lavagem de dinheiro e tr\u00e1fico de influ\u00eancia pela Procuradoria Geral da Guatemala, poucos dias ap\u00f3s lan\u00e7ar fortes cr\u00edticas ao governo de Giammattei em seu jornal.<\/p>\n<p>A casa do jornalista e a reda\u00e7\u00e3o do ElPeri\u00f3dico foram invadidas e as contas banc\u00e1rias do meio de comunica\u00e7\u00e3o foram congeladas pelas autoridades. Em 8 de dezembro,\u00a0<a href=\"https:\/\/www.infobae.com\/america\/america-latina\/2022\/12\/09\/la-justicia-de-guatemala-ordeno-enjuiciar-al-periodista-jose-ruben-zamora-marroquin\/\">um juiz ordenou que Zamora fosse a julgamento<\/a> em um caso que as organiza\u00e7\u00f5es internacionais de defesa da liberdade de imprensa descreveram como uma tentativa de silenciar vozes cr\u00edticas na Guatemala.<\/p>\n<p>Para Kestler, o caso de Zamora e elPeri\u00f3dico \u00e9 um reflexo de como est\u00e1 se tornando perigoso exercer o jornalismo na Guatemala.<\/p>\n<p>\"\u00c9 uma consequ\u00eancia de constante e crescente persegui\u00e7\u00e3o e ass\u00e9dio a jornalistas que acabam deixando de contar as coisas em plataformas t\u00e3o importantes como elPeri\u00f3dico\", disse ele. \"[O caso de Zamora] \u00e9 visto como um precedente muito, muito ruim para este governo e para o jornalismo na Guatemala, que esperamos n\u00e3o se repita com outros meios de comunica\u00e7\u00e3o\".<\/p>\n<p>Longe de optar por deixar de revelar a corrup\u00e7\u00e3o para evitar ser alvo do governo, Kestler acredita que os jornalistas devem se proteger com trabalho irrefut\u00e1vel, com dados precisos e verificados.<\/p>\n<p>\"[Deixar de cobrir a corrup\u00e7\u00e3o] n\u00e3o \u00e9 uma medida que eu queira tomar, porque isso seria como n\u00e3o fazer nosso trabalho e no final das contas \u00e9 isso que as pessoas no poder querem, que n\u00e3o se fale delas e que n\u00e3o se contem as hist\u00f3rias que as exp\u00f5em\", disse ele.<\/p>\n","protected":false},"excerpt":{"rendered":"<p>Em um ano de hostilidade e opacidade em rela\u00e7\u00e3o ao jornalismo por parte do governo guatemalteco, o rep\u00f3rter de Prensa Libre e Guatevisi\u00f3n Carlos Kestler foi escolhido como finalista para o pr\u00eamio Jovem Jornalista do Ano da Thomson Foundation por sua s\u00e9rie de reportagens 'Conectividad Rota'.<\/p>\n","protected":false},"author":19,"featured_media":70596,"comment_status":"closed","ping_status":"closed","sticky":false,"template":"","format":"standard","meta":{"inline_featured_image":false,"footnotes":""},"categories":[1353],"tags":[1458,2432],"coauthors":[],"class_list":["post-70618","post","type-post","status-publish","format-standard","has-post-thumbnail","hentry","category-premios-e-oportunidades-pt-br","tag-guatemala-pt-br","tag-inovacao"],"acf":[],"yoast_head":"<!-- This site is optimized with the Yoast SEO Premium plugin v22.6 (Yoast SEO v27.4) - https:\/\/yoast.com\/product\/yoast-seo-premium-wordpress\/ -->\n<title>Aos 23 anos, jornalista guatemalteco Carlos Kestler d\u00e1 visibilidade ao jornalismo de seu pa\u00eds com especial premiado internacionalmente - LatAm Journalism Review by the Knight Center<\/title>\n<meta name=\"description\" content=\"Aos 23 anos, jornalista guatemalteco Carlos Kestler d\u00e1 visibilidade ao jornalismo de seu pa\u00eds com especial premiado internacionalmente Pr\u00eamios e oportunidades. Latin American Journalism Review by The Knight Center at The University of Texas at Austin.\" \/>\n<meta name=\"robots\" content=\"index, follow, max-snippet:-1, max-image-preview:large, max-video-preview:-1\" \/>\n<link rel=\"canonical\" href=\"https:\/\/latamjournalismreview.org\/pt-br\/articles\/aos-23-anos-jornalista-guatemalteco-carlos-kestler-da-visibilidade-ao-jornalismo-de-seu-pais-com-especial-premiado-internacionalmente\/\" \/>\n<meta property=\"og:locale\" content=\"pt_BR\" \/>\n<meta property=\"og:type\" content=\"article\" \/>\n<meta property=\"og:title\" content=\"Aos 23 anos, jornalista guatemalteco Carlos Kestler d\u00e1 visibilidade ao jornalismo de seu pa\u00eds com especial premiado internacionalmente\" \/>\n<meta property=\"og:description\" content=\"Aos 23 anos, jornalista guatemalteco Carlos Kestler d\u00e1 visibilidade ao jornalismo de seu pa\u00eds com especial premiado internacionalmente Pr\u00eamios e oportunidades. Latin American Journalism Review by The Knight Center at The University of Texas at Austin.\" \/>\n<meta property=\"og:url\" content=\"https:\/\/latamjournalismreview.org\/pt-br\/articles\/aos-23-anos-jornalista-guatemalteco-carlos-kestler-da-visibilidade-ao-jornalismo-de-seu-pais-com-especial-premiado-internacionalmente\/\" \/>\n<meta property=\"og:site_name\" content=\"LatAm Journalism Review by the Knight Center\" \/>\n<meta property=\"article:published_time\" content=\"2022-12-13T16:12:55+00:00\" \/>\n<meta property=\"article:modified_time\" content=\"2022-12-13T16:13:49+00:00\" \/>\n<meta property=\"og:image\" content=\"https:\/\/latamjournalismreview.org\/wp-content\/uploads\/2022\/12\/IMG_9757.jpg\" \/>\n\t<meta property=\"og:image:width\" content=\"1811\" \/>\n\t<meta property=\"og:image:height\" content=\"1213\" \/>\n\t<meta property=\"og:image:type\" content=\"image\/jpeg\" \/>\n<meta name=\"author\" content=\"C\u00e9sar L\u00f3pez Linares\" \/>\n<meta name=\"twitter:card\" content=\"summary_large_image\" \/>\n<meta name=\"twitter:creator\" content=\"@cesarisch\" \/>\n<meta name=\"twitter:site\" content=\"@LatAmJournalism\" \/>\n<meta name=\"twitter:label1\" content=\"Written by\" \/>\n\t<meta name=\"twitter:data1\" content=\"C\u00e9sar L\u00f3pez Linares\" \/>\n\t<meta name=\"twitter:label2\" content=\"Est. reading time\" \/>\n\t<meta name=\"twitter:data2\" content=\"9 minutos\" \/>\n<script type=\"application\/ld+json\" class=\"yoast-schema-graph\">{\"@context\":\"https:\\\/\\\/schema.org\",\"@graph\":[{\"@type\":\"Article\",\"@id\":\"https:\\\/\\\/latamjournalismreview.org\\\/pt-br\\\/articles\\\/aos-23-anos-jornalista-guatemalteco-carlos-kestler-da-visibilidade-ao-jornalismo-de-seu-pais-com-especial-premiado-internacionalmente\\\/#article\",\"isPartOf\":{\"@id\":\"https:\\\/\\\/latamjournalismreview.org\\\/pt-br\\\/articles\\\/aos-23-anos-jornalista-guatemalteco-carlos-kestler-da-visibilidade-ao-jornalismo-de-seu-pais-com-especial-premiado-internacionalmente\\\/\"},\"author\":{\"name\":\"C\u00e9sar L\u00f3pez Linares\",\"@id\":\"https:\\\/\\\/latamjournalismreview.org\\\/pt-br\\\/#\\\/schema\\\/person\\\/dcf6dcdd6226ac8d939e2796645d17c6\"},\"headline\":\"Aos 23 anos, jornalista guatemalteco Carlos Kestler d\u00e1 visibilidade ao jornalismo de seu pa\u00eds com especial premiado internacionalmente\",\"datePublished\":\"2022-12-13T16:12:55+00:00\",\"dateModified\":\"2022-12-13T16:13:49+00:00\",\"mainEntityOfPage\":{\"@id\":\"https:\\\/\\\/latamjournalismreview.org\\\/pt-br\\\/articles\\\/aos-23-anos-jornalista-guatemalteco-carlos-kestler-da-visibilidade-ao-jornalismo-de-seu-pais-com-especial-premiado-internacionalmente\\\/\"},\"wordCount\":1885,\"publisher\":{\"@id\":\"https:\\\/\\\/latamjournalismreview.org\\\/pt-br\\\/#organization\"},\"image\":{\"@id\":\"https:\\\/\\\/latamjournalismreview.org\\\/pt-br\\\/articles\\\/aos-23-anos-jornalista-guatemalteco-carlos-kestler-da-visibilidade-ao-jornalismo-de-seu-pais-com-especial-premiado-internacionalmente\\\/#primaryimage\"},\"thumbnailUrl\":\"https:\\\/\\\/latamjournalismreview.org\\\/wp-content\\\/uploads\\\/2022\\\/12\\\/IMG_9757.jpg\",\"keywords\":[\"Guatemala\",\"Inova\u00e7\u00e3o\"],\"articleSection\":[\"Pr\u00eamios e oportunidades\"],\"inLanguage\":\"pt-BR\"},{\"@type\":\"WebPage\",\"@id\":\"https:\\\/\\\/latamjournalismreview.org\\\/pt-br\\\/articles\\\/aos-23-anos-jornalista-guatemalteco-carlos-kestler-da-visibilidade-ao-jornalismo-de-seu-pais-com-especial-premiado-internacionalmente\\\/\",\"url\":\"https:\\\/\\\/latamjournalismreview.org\\\/pt-br\\\/articles\\\/aos-23-anos-jornalista-guatemalteco-carlos-kestler-da-visibilidade-ao-jornalismo-de-seu-pais-com-especial-premiado-internacionalmente\\\/\",\"name\":\"Aos 23 anos, jornalista guatemalteco Carlos Kestler d\u00e1 visibilidade ao jornalismo de seu pa\u00eds com especial premiado internacionalmente - LatAm Journalism Review by the Knight Center\",\"isPartOf\":{\"@id\":\"https:\\\/\\\/latamjournalismreview.org\\\/pt-br\\\/#website\"},\"primaryImageOfPage\":{\"@id\":\"https:\\\/\\\/latamjournalismreview.org\\\/pt-br\\\/articles\\\/aos-23-anos-jornalista-guatemalteco-carlos-kestler-da-visibilidade-ao-jornalismo-de-seu-pais-com-especial-premiado-internacionalmente\\\/#primaryimage\"},\"image\":{\"@id\":\"https:\\\/\\\/latamjournalismreview.org\\\/pt-br\\\/articles\\\/aos-23-anos-jornalista-guatemalteco-carlos-kestler-da-visibilidade-ao-jornalismo-de-seu-pais-com-especial-premiado-internacionalmente\\\/#primaryimage\"},\"thumbnailUrl\":\"https:\\\/\\\/latamjournalismreview.org\\\/wp-content\\\/uploads\\\/2022\\\/12\\\/IMG_9757.jpg\",\"datePublished\":\"2022-12-13T16:12:55+00:00\",\"dateModified\":\"2022-12-13T16:13:49+00:00\",\"description\":\"Aos 23 anos, jornalista guatemalteco Carlos Kestler d\u00e1 visibilidade ao jornalismo de seu pa\u00eds com especial premiado internacionalmente Pr\u00eamios e oportunidades. Latin American Journalism Review by The Knight Center at The University of Texas at Austin.\",\"breadcrumb\":{\"@id\":\"https:\\\/\\\/latamjournalismreview.org\\\/pt-br\\\/articles\\\/aos-23-anos-jornalista-guatemalteco-carlos-kestler-da-visibilidade-ao-jornalismo-de-seu-pais-com-especial-premiado-internacionalmente\\\/#breadcrumb\"},\"inLanguage\":\"pt-BR\",\"potentialAction\":[{\"@type\":\"ReadAction\",\"target\":[\"https:\\\/\\\/latamjournalismreview.org\\\/pt-br\\\/articles\\\/aos-23-anos-jornalista-guatemalteco-carlos-kestler-da-visibilidade-ao-jornalismo-de-seu-pais-com-especial-premiado-internacionalmente\\\/\"]}]},{\"@type\":\"ImageObject\",\"inLanguage\":\"pt-BR\",\"@id\":\"https:\\\/\\\/latamjournalismreview.org\\\/pt-br\\\/articles\\\/aos-23-anos-jornalista-guatemalteco-carlos-kestler-da-visibilidade-ao-jornalismo-de-seu-pais-com-especial-premiado-internacionalmente\\\/#primaryimage\",\"url\":\"https:\\\/\\\/latamjournalismreview.org\\\/wp-content\\\/uploads\\\/2022\\\/12\\\/IMG_9757.jpg\",\"contentUrl\":\"https:\\\/\\\/latamjournalismreview.org\\\/wp-content\\\/uploads\\\/2022\\\/12\\\/IMG_9757.jpg\",\"width\":1811,\"height\":1213,\"caption\":\"Guatemalan journalist Carlos Kestler accepting an award by the Foreign Press Association of London with a Guatemalan flag as background\"},{\"@type\":\"BreadcrumbList\",\"@id\":\"https:\\\/\\\/latamjournalismreview.org\\\/pt-br\\\/articles\\\/aos-23-anos-jornalista-guatemalteco-carlos-kestler-da-visibilidade-ao-jornalismo-de-seu-pais-com-especial-premiado-internacionalmente\\\/#breadcrumb\",\"itemListElement\":[{\"@type\":\"ListItem\",\"position\":1,\"name\":\"Home\",\"item\":\"https:\\\/\\\/latamjournalismreview.org\\\/pt-br\\\/\"},{\"@type\":\"ListItem\",\"position\":2,\"name\":\"Aos 23 anos, jornalista guatemalteco Carlos Kestler d\u00e1 visibilidade ao jornalismo de seu pa\u00eds com especial premiado internacionalmente\"}]},{\"@type\":\"WebSite\",\"@id\":\"https:\\\/\\\/latamjournalismreview.org\\\/pt-br\\\/#website\",\"url\":\"https:\\\/\\\/latamjournalismreview.org\\\/pt-br\\\/\",\"name\":\"LatAm Journalism Review\",\"description\":\"Digital magazine on journalism in Latin America\",\"publisher\":{\"@id\":\"https:\\\/\\\/latamjournalismreview.org\\\/pt-br\\\/#organization\"},\"potentialAction\":[{\"@type\":\"SearchAction\",\"target\":{\"@type\":\"EntryPoint\",\"urlTemplate\":\"https:\\\/\\\/latamjournalismreview.org\\\/pt-br\\\/?s={search_term_string}\"},\"query-input\":{\"@type\":\"PropertyValueSpecification\",\"valueRequired\":true,\"valueName\":\"search_term_string\"}}],\"inLanguage\":\"pt-BR\"},{\"@type\":\"Organization\",\"@id\":\"https:\\\/\\\/latamjournalismreview.org\\\/pt-br\\\/#organization\",\"name\":\"LatAm Journalism Review\",\"url\":\"https:\\\/\\\/latamjournalismreview.org\\\/pt-br\\\/\",\"logo\":{\"@type\":\"ImageObject\",\"inLanguage\":\"pt-BR\",\"@id\":\"https:\\\/\\\/latamjournalismreview.org\\\/pt-br\\\/#\\\/schema\\\/logo\\\/image\\\/\",\"url\":\"https:\\\/\\\/latamjournalismreview.org\\\/wp-content\\\/uploads\\\/2020\\\/05\\\/knight-latAm-review-logo.svg\",\"contentUrl\":\"https:\\\/\\\/latamjournalismreview.org\\\/wp-content\\\/uploads\\\/2020\\\/05\\\/knight-latAm-review-logo.svg\",\"width\":\"1024\",\"height\":\"1024\",\"caption\":\"LatAm Journalism Review\"},\"image\":{\"@id\":\"https:\\\/\\\/latamjournalismreview.org\\\/pt-br\\\/#\\\/schema\\\/logo\\\/image\\\/\"},\"sameAs\":[\"https:\\\/\\\/x.com\\\/LatAmJournalism\"]},{\"@type\":\"Person\",\"@id\":\"https:\\\/\\\/latamjournalismreview.org\\\/pt-br\\\/#\\\/schema\\\/person\\\/dcf6dcdd6226ac8d939e2796645d17c6\",\"name\":\"C\u00e9sar L\u00f3pez Linares\",\"description\":\"C\u00e9sar L\u00f3pez Linares began his career at the Mexican newspaper REFORMA as an entertainment and media co-editor. He has written for publications such as TODO Austin, Texas Music Magazine and The Austin Chronicle. C\u00e9sar has a Master's degree in Journalism from the University of Texas at Austin and a Bachelors degree in Communication from the National Autonomous University of Mexico. He previously wrote about innovation in journalism for the Gabo Foundation in Colombia and currently reports for the Knight Center's LatAmJournalism Review digital magazine. A native of Mexico City, C\u00e9sar has become a digital nomad combining content creation with his passion for travel. ________ C\u00e9sar L\u00f3pez Linares inici\u00f3 su carrera en el diario mexicano REFORMA como coeditor de entretenimiento y medios. Ha escrito para publicaciones como TODO Austin, Texas Music Magazine y The Austin Chronicle. C\u00e9sar tiene una Maestr\u00eda en Periodismo de la Universidad de Texas en Austin y una Licenciatura en Comunicaci\u00f3n de la Universidad Nacional Aut\u00f3noma de M\u00e9xico. Previamente escribi\u00f3 sobre innovaci\u00f3n en periodismo para la Fundaci\u00f3n Gabo en Colombia y actualmente escribe para la revista digital LatAmJournalism Review del Centro Knight. Originario de la Ciudad de M\u00e9xico, C\u00e9sar se ha convertido en un n\u00f3mada digital que combina la creaci\u00f3n de contenido con su pasi\u00f3n por viajar. _________ C\u00e9sar L\u00f3pez Linares come\u00e7ou sua carreira no jornal mexicano REFORMA como coeditor de entretenimento e m\u00eddia. Ele escreveu para publica\u00e7\u00f5es como TODO Austin, Texas Music Magazine e The Austin Chronicle. C\u00e9sar tem mestrado em jornalismo pela University of Texas em Austin e \u00e9 bacharel em comunica\u00e7\u00e3o pela Universidad Nacional Aut\u00f3noma de M\u00e9xico. Antes disso, ele escreveu sobre inova\u00e7\u00e3o no jornalismo para a Funda\u00e7\u00e3o Gabo na Col\u00f4mbia. Atualmente escreve para a revista digital LatAmJournalism Review do Centro Knight. Nascido na Cidade do M\u00e9xico, C\u00e9sar se tornou um n\u00f4made digital combinando a cria\u00e7\u00e3o de conte\u00fado com sua paix\u00e3o por viagens.\",\"sameAs\":[\"https:\\\/\\\/x.com\\\/cesarisch\"],\"url\":\"https:\\\/\\\/latamjournalismreview.org\\\/pt-br\\\/articles\\\/author\\\/cesar-lopez-linares\\\/\"}]}<\/script>\n<!-- \/ Yoast SEO Premium plugin. -->","yoast_head_json":{"title":"Aos 23 anos, jornalista guatemalteco Carlos Kestler d\u00e1 visibilidade ao jornalismo de seu pa\u00eds com especial premiado internacionalmente - LatAm Journalism Review by the Knight Center","description":"Aos 23 anos, jornalista guatemalteco Carlos Kestler d\u00e1 visibilidade ao jornalismo de seu pa\u00eds com especial premiado internacionalmente Pr\u00eamios e oportunidades. Latin American Journalism Review by The Knight Center at The University of Texas at Austin.","robots":{"index":"index","follow":"follow","max-snippet":"max-snippet:-1","max-image-preview":"max-image-preview:large","max-video-preview":"max-video-preview:-1"},"canonical":"https:\/\/latamjournalismreview.org\/pt-br\/articles\/aos-23-anos-jornalista-guatemalteco-carlos-kestler-da-visibilidade-ao-jornalismo-de-seu-pais-com-especial-premiado-internacionalmente\/","og_locale":"pt_BR","og_type":"article","og_title":"Aos 23 anos, jornalista guatemalteco Carlos Kestler d\u00e1 visibilidade ao jornalismo de seu pa\u00eds com especial premiado internacionalmente","og_description":"Aos 23 anos, jornalista guatemalteco Carlos Kestler d\u00e1 visibilidade ao jornalismo de seu pa\u00eds com especial premiado internacionalmente Pr\u00eamios e oportunidades. Latin American Journalism Review by The Knight Center at The University of Texas at Austin.","og_url":"https:\/\/latamjournalismreview.org\/pt-br\/articles\/aos-23-anos-jornalista-guatemalteco-carlos-kestler-da-visibilidade-ao-jornalismo-de-seu-pais-com-especial-premiado-internacionalmente\/","og_site_name":"LatAm Journalism Review by the Knight Center","article_published_time":"2022-12-13T16:12:55+00:00","article_modified_time":"2022-12-13T16:13:49+00:00","og_image":[{"width":1811,"height":1213,"url":"https:\/\/latamjournalismreview.org\/wp-content\/uploads\/2022\/12\/IMG_9757.jpg","type":"image\/jpeg"}],"author":"C\u00e9sar L\u00f3pez Linares","twitter_card":"summary_large_image","twitter_creator":"@cesarisch","twitter_site":"@LatAmJournalism","twitter_misc":{"Written by":"C\u00e9sar L\u00f3pez Linares","Est. reading time":"9 minutos"},"schema":{"@context":"https:\/\/schema.org","@graph":[{"@type":"Article","@id":"https:\/\/latamjournalismreview.org\/pt-br\/articles\/aos-23-anos-jornalista-guatemalteco-carlos-kestler-da-visibilidade-ao-jornalismo-de-seu-pais-com-especial-premiado-internacionalmente\/#article","isPartOf":{"@id":"https:\/\/latamjournalismreview.org\/pt-br\/articles\/aos-23-anos-jornalista-guatemalteco-carlos-kestler-da-visibilidade-ao-jornalismo-de-seu-pais-com-especial-premiado-internacionalmente\/"},"author":{"name":"C\u00e9sar L\u00f3pez Linares","@id":"https:\/\/latamjournalismreview.org\/pt-br\/#\/schema\/person\/dcf6dcdd6226ac8d939e2796645d17c6"},"headline":"Aos 23 anos, jornalista guatemalteco Carlos Kestler d\u00e1 visibilidade ao jornalismo de seu pa\u00eds com especial premiado internacionalmente","datePublished":"2022-12-13T16:12:55+00:00","dateModified":"2022-12-13T16:13:49+00:00","mainEntityOfPage":{"@id":"https:\/\/latamjournalismreview.org\/pt-br\/articles\/aos-23-anos-jornalista-guatemalteco-carlos-kestler-da-visibilidade-ao-jornalismo-de-seu-pais-com-especial-premiado-internacionalmente\/"},"wordCount":1885,"publisher":{"@id":"https:\/\/latamjournalismreview.org\/pt-br\/#organization"},"image":{"@id":"https:\/\/latamjournalismreview.org\/pt-br\/articles\/aos-23-anos-jornalista-guatemalteco-carlos-kestler-da-visibilidade-ao-jornalismo-de-seu-pais-com-especial-premiado-internacionalmente\/#primaryimage"},"thumbnailUrl":"https:\/\/latamjournalismreview.org\/wp-content\/uploads\/2022\/12\/IMG_9757.jpg","keywords":["Guatemala","Inova\u00e7\u00e3o"],"articleSection":["Pr\u00eamios e oportunidades"],"inLanguage":"pt-BR"},{"@type":"WebPage","@id":"https:\/\/latamjournalismreview.org\/pt-br\/articles\/aos-23-anos-jornalista-guatemalteco-carlos-kestler-da-visibilidade-ao-jornalismo-de-seu-pais-com-especial-premiado-internacionalmente\/","url":"https:\/\/latamjournalismreview.org\/pt-br\/articles\/aos-23-anos-jornalista-guatemalteco-carlos-kestler-da-visibilidade-ao-jornalismo-de-seu-pais-com-especial-premiado-internacionalmente\/","name":"Aos 23 anos, jornalista guatemalteco Carlos Kestler d\u00e1 visibilidade ao jornalismo de seu pa\u00eds com especial premiado internacionalmente - LatAm Journalism Review by the Knight Center","isPartOf":{"@id":"https:\/\/latamjournalismreview.org\/pt-br\/#website"},"primaryImageOfPage":{"@id":"https:\/\/latamjournalismreview.org\/pt-br\/articles\/aos-23-anos-jornalista-guatemalteco-carlos-kestler-da-visibilidade-ao-jornalismo-de-seu-pais-com-especial-premiado-internacionalmente\/#primaryimage"},"image":{"@id":"https:\/\/latamjournalismreview.org\/pt-br\/articles\/aos-23-anos-jornalista-guatemalteco-carlos-kestler-da-visibilidade-ao-jornalismo-de-seu-pais-com-especial-premiado-internacionalmente\/#primaryimage"},"thumbnailUrl":"https:\/\/latamjournalismreview.org\/wp-content\/uploads\/2022\/12\/IMG_9757.jpg","datePublished":"2022-12-13T16:12:55+00:00","dateModified":"2022-12-13T16:13:49+00:00","description":"Aos 23 anos, jornalista guatemalteco Carlos Kestler d\u00e1 visibilidade ao jornalismo de seu pa\u00eds com especial premiado internacionalmente Pr\u00eamios e oportunidades. Latin American Journalism Review by The Knight Center at The University of Texas at Austin.","breadcrumb":{"@id":"https:\/\/latamjournalismreview.org\/pt-br\/articles\/aos-23-anos-jornalista-guatemalteco-carlos-kestler-da-visibilidade-ao-jornalismo-de-seu-pais-com-especial-premiado-internacionalmente\/#breadcrumb"},"inLanguage":"pt-BR","potentialAction":[{"@type":"ReadAction","target":["https:\/\/latamjournalismreview.org\/pt-br\/articles\/aos-23-anos-jornalista-guatemalteco-carlos-kestler-da-visibilidade-ao-jornalismo-de-seu-pais-com-especial-premiado-internacionalmente\/"]}]},{"@type":"ImageObject","inLanguage":"pt-BR","@id":"https:\/\/latamjournalismreview.org\/pt-br\/articles\/aos-23-anos-jornalista-guatemalteco-carlos-kestler-da-visibilidade-ao-jornalismo-de-seu-pais-com-especial-premiado-internacionalmente\/#primaryimage","url":"https:\/\/latamjournalismreview.org\/wp-content\/uploads\/2022\/12\/IMG_9757.jpg","contentUrl":"https:\/\/latamjournalismreview.org\/wp-content\/uploads\/2022\/12\/IMG_9757.jpg","width":1811,"height":1213,"caption":"Guatemalan journalist Carlos Kestler accepting an award by the Foreign Press Association of London with a Guatemalan flag as background"},{"@type":"BreadcrumbList","@id":"https:\/\/latamjournalismreview.org\/pt-br\/articles\/aos-23-anos-jornalista-guatemalteco-carlos-kestler-da-visibilidade-ao-jornalismo-de-seu-pais-com-especial-premiado-internacionalmente\/#breadcrumb","itemListElement":[{"@type":"ListItem","position":1,"name":"Home","item":"https:\/\/latamjournalismreview.org\/pt-br\/"},{"@type":"ListItem","position":2,"name":"Aos 23 anos, jornalista guatemalteco Carlos Kestler d\u00e1 visibilidade ao jornalismo de seu pa\u00eds com especial premiado internacionalmente"}]},{"@type":"WebSite","@id":"https:\/\/latamjournalismreview.org\/pt-br\/#website","url":"https:\/\/latamjournalismreview.org\/pt-br\/","name":"LatAm Journalism Review","description":"Digital magazine on journalism in Latin America","publisher":{"@id":"https:\/\/latamjournalismreview.org\/pt-br\/#organization"},"potentialAction":[{"@type":"SearchAction","target":{"@type":"EntryPoint","urlTemplate":"https:\/\/latamjournalismreview.org\/pt-br\/?s={search_term_string}"},"query-input":{"@type":"PropertyValueSpecification","valueRequired":true,"valueName":"search_term_string"}}],"inLanguage":"pt-BR"},{"@type":"Organization","@id":"https:\/\/latamjournalismreview.org\/pt-br\/#organization","name":"LatAm Journalism Review","url":"https:\/\/latamjournalismreview.org\/pt-br\/","logo":{"@type":"ImageObject","inLanguage":"pt-BR","@id":"https:\/\/latamjournalismreview.org\/pt-br\/#\/schema\/logo\/image\/","url":"https:\/\/latamjournalismreview.org\/wp-content\/uploads\/2020\/05\/knight-latAm-review-logo.svg","contentUrl":"https:\/\/latamjournalismreview.org\/wp-content\/uploads\/2020\/05\/knight-latAm-review-logo.svg","width":"1024","height":"1024","caption":"LatAm Journalism Review"},"image":{"@id":"https:\/\/latamjournalismreview.org\/pt-br\/#\/schema\/logo\/image\/"},"sameAs":["https:\/\/x.com\/LatAmJournalism"]},{"@type":"Person","@id":"https:\/\/latamjournalismreview.org\/pt-br\/#\/schema\/person\/dcf6dcdd6226ac8d939e2796645d17c6","name":"C\u00e9sar L\u00f3pez Linares","description":"C\u00e9sar L\u00f3pez Linares began his career at the Mexican newspaper REFORMA as an entertainment and media co-editor. He has written for publications such as TODO Austin, Texas Music Magazine and The Austin Chronicle. C\u00e9sar has a Master's degree in Journalism from the University of Texas at Austin and a Bachelors degree in Communication from the National Autonomous University of Mexico. He previously wrote about innovation in journalism for the Gabo Foundation in Colombia and currently reports for the Knight Center's LatAmJournalism Review digital magazine. A native of Mexico City, C\u00e9sar has become a digital nomad combining content creation with his passion for travel. ________ C\u00e9sar L\u00f3pez Linares inici\u00f3 su carrera en el diario mexicano REFORMA como coeditor de entretenimiento y medios. Ha escrito para publicaciones como TODO Austin, Texas Music Magazine y The Austin Chronicle. C\u00e9sar tiene una Maestr\u00eda en Periodismo de la Universidad de Texas en Austin y una Licenciatura en Comunicaci\u00f3n de la Universidad Nacional Aut\u00f3noma de M\u00e9xico. Previamente escribi\u00f3 sobre innovaci\u00f3n en periodismo para la Fundaci\u00f3n Gabo en Colombia y actualmente escribe para la revista digital LatAmJournalism Review del Centro Knight. Originario de la Ciudad de M\u00e9xico, C\u00e9sar se ha convertido en un n\u00f3mada digital que combina la creaci\u00f3n de contenido con su pasi\u00f3n por viajar. _________ C\u00e9sar L\u00f3pez Linares come\u00e7ou sua carreira no jornal mexicano REFORMA como coeditor de entretenimento e m\u00eddia. Ele escreveu para publica\u00e7\u00f5es como TODO Austin, Texas Music Magazine e The Austin Chronicle. C\u00e9sar tem mestrado em jornalismo pela University of Texas em Austin e \u00e9 bacharel em comunica\u00e7\u00e3o pela Universidad Nacional Aut\u00f3noma de M\u00e9xico. Antes disso, ele escreveu sobre inova\u00e7\u00e3o no jornalismo para a Funda\u00e7\u00e3o Gabo na Col\u00f4mbia. Atualmente escreve para a revista digital LatAmJournalism Review do Centro Knight. Nascido na Cidade do M\u00e9xico, C\u00e9sar se tornou um n\u00f4made digital combinando a cria\u00e7\u00e3o de conte\u00fado com sua paix\u00e3o por viagens.","sameAs":["https:\/\/x.com\/cesarisch"],"url":"https:\/\/latamjournalismreview.org\/pt-br\/articles\/author\/cesar-lopez-linares\/"}]}},"_links":{"self":[{"href":"https:\/\/latamjournalismreview.org\/pt-br\/wp-json\/wp\/v2\/posts\/70618","targetHints":{"allow":["GET"]}}],"collection":[{"href":"https:\/\/latamjournalismreview.org\/pt-br\/wp-json\/wp\/v2\/posts"}],"about":[{"href":"https:\/\/latamjournalismreview.org\/pt-br\/wp-json\/wp\/v2\/types\/post"}],"author":[{"embeddable":true,"href":"https:\/\/latamjournalismreview.org\/pt-br\/wp-json\/wp\/v2\/users\/19"}],"replies":[{"embeddable":true,"href":"https:\/\/latamjournalismreview.org\/pt-br\/wp-json\/wp\/v2\/comments?post=70618"}],"version-history":[{"count":2,"href":"https:\/\/latamjournalismreview.org\/pt-br\/wp-json\/wp\/v2\/posts\/70618\/revisions"}],"predecessor-version":[{"id":70622,"href":"https:\/\/latamjournalismreview.org\/pt-br\/wp-json\/wp\/v2\/posts\/70618\/revisions\/70622"}],"wp:featuredmedia":[{"embeddable":true,"href":"https:\/\/latamjournalismreview.org\/pt-br\/wp-json\/wp\/v2\/media\/70596"}],"wp:attachment":[{"href":"https:\/\/latamjournalismreview.org\/pt-br\/wp-json\/wp\/v2\/media?parent=70618"}],"wp:term":[{"taxonomy":"category","embeddable":true,"href":"https:\/\/latamjournalismreview.org\/pt-br\/wp-json\/wp\/v2\/categories?post=70618"},{"taxonomy":"post_tag","embeddable":true,"href":"https:\/\/latamjournalismreview.org\/pt-br\/wp-json\/wp\/v2\/tags?post=70618"},{"taxonomy":"author","embeddable":true,"href":"https:\/\/latamjournalismreview.org\/pt-br\/wp-json\/wp\/v2\/coauthors?post=70618"}],"curies":[{"name":"wp","href":"https:\/\/api.w.org\/{rel}","templated":true}]}}