{"id":70902,"date":"2022-12-19T20:17:49","date_gmt":"2022-12-20T01:17:49","guid":{"rendered":"https:\/\/latamjournalismreview.org\/?p=70902"},"modified":"2022-12-19T20:17:49","modified_gmt":"2022-12-20T01:17:49","slug":"sou-desses-que-acreditam-que-nao-se-deve-arriscar-a-vida-por-uma-foto-ou-uma-historia-5-perguntas-para-o-fotojornalista-mexicano-pedro-valtierra","status":"publish","type":"post","link":"https:\/\/latamjournalismreview.org\/pt-br\/articles\/sou-desses-que-acreditam-que-nao-se-deve-arriscar-a-vida-por-uma-foto-ou-uma-historia-5-perguntas-para-o-fotojornalista-mexicano-pedro-valtierra\/","title":{"rendered":"\u2018Sou desses que acreditam que n\u00e3o se deve arriscar a vida por uma foto ou uma hist\u00f3ria\u2019: 5 perguntas para o fotojornalista mexicano Pedro Valtierra"},"content":{"rendered":"<p>Pedro Valtierra Ruvalcaba \u00e9 o quarto fot\u00f3grafo a receber a Homenagem Nacional de Jornalismo Cultural \"Fernando Ben\u00edtez\" na Feira Internacional do Livro de Guadalajara (FIL), no M\u00e9xico,\u00a0<a href=\"https:\/\/www.fil.com.mx\/benitez\/benitez_somos.asp\">um pr\u00eamio que vem sendo dado anualmente desde 1992<\/a> a figuras do jornalismo com uma s\u00f3lida obra e uma ampla trajet\u00f3ria.<\/p>\n<p>A homenagem ocorreu no dia 4 de dezembro, durante a cerim\u00f4nia de encerramento da edi\u00e7\u00e3o de 2022 da FIL. O reconhecimento honra os 50 anos que Valtierra vem praticando a fotografia, desde que recebeu sua primeira c\u00e2mera, uma Kodak Instamatic, aos 16 anos de idade.<\/p>\n<div id=\"attachment_70834\" style=\"width: 517px\" class=\"wp-caption alignright\"><img loading=\"lazy\" decoding=\"async\" aria-describedby=\"caption-attachment-70834\" class=\"wp-image-70835 size-full\" src=\"https:\/\/latamjournalismreview.org\/wp-content\/uploads\/2022\/12\/5-Questions-Pedro-Valtierra1.png\" alt=\"Mexican photojournalist Pedro Valtierra\" width=\"507\" height=\"340\" srcset=\"https:\/\/latamjournalismreview.org\/wp-content\/uploads\/2022\/12\/5-Questions-Pedro-Valtierra1.png 507w, https:\/\/latamjournalismreview.org\/wp-content\/uploads\/2022\/12\/5-Questions-Pedro-Valtierra1-300x201.png 300w, https:\/\/latamjournalismreview.org\/wp-content\/uploads\/2022\/12\/5-Questions-Pedro-Valtierra1-350x234.png 350w\" sizes=\"auto, (max-width: 507px) 100vw, 507px\" \/><p id=\"caption-attachment-70834\" class=\"wp-caption-text\"><em>Foto: Isabel Mateos\/Cuartoscuro. Banner: Edgar Ch\u00e1vez\/Cuartoscuro<\/em><\/p><\/div>\n<p>Desde ent\u00e3o, Valtierra desenvolveu uma destacada carreira no fotojornalismo em emblem\u00e1ticos jornais mexicanos como El Sol de M\u00e9xico, Unom\u00e1suno e La Jornada. Mas tamb\u00e9m se deve a ele um importante impulso ao registro e preserva\u00e7\u00e3o da fotografia documental no M\u00e9xico, atrav\u00e9s da ag\u00eancia que ele fundou em 1984, a\u00a0<a href=\"https:\/\/www.cuartoscuro.com\/\">Cuartoscuro<\/a>, bem como\u00a0<a href=\"https:\/\/revistacuartoscuro.com\/\">a revista<\/a> de mesmo nome.<\/p>\n<p>Valtierra, nascido em Fresnillo, no estado de Zacatecas, define a Cuartoscuro como uma ag\u00eancia que tem se dedicado a registrar as quest\u00f5es importantes do pa\u00eds a partir de uma perspectiva independente e aberta. A revista j\u00e1 publicou o trabalho de mais de 4.500 fot\u00f3grafos, a maioria deles mexicanos.<\/p>\n<p>Duas semanas ap\u00f3s a homenagem, Valtierra falou \u00e0 LatAm Journalism Review (LJR) sobre a homenagem, sobre como usa as redes sociais para manter vivo seu trabalho fotogr\u00e1fico e sobre como para ele as amea\u00e7as e a viol\u00eancia sofridas pela imprensa n\u00e3o s\u00e3o novidade, pois ele as experimentou em primeira m\u00e3o durante d\u00e9cadas, quando cobriu a Revolu\u00e7\u00e3o Sandinista na Nicar\u00e1gua ou as manifesta\u00e7\u00f5es ind\u00edgenas em Chiapas.<\/p>\n<p><em>*Esta entrevista foi editada para maior concis\u00e3o e clareza.<\/em><\/p>\n<p>&nbsp;<\/p>\n<p><strong>LJR: O que significa para sua carreira ter recebido a Homenagem Nacional de Jornalismo Cultural \"Fernando Ben\u00edtez\" da FIL?<\/strong><\/p>\n<p><strong>Pedro Valtierra:<\/strong> \u00c9 uma homenagem muito significativa em minha carreira profissional, que j\u00e1 chega a quase 50 anos. \u00c9 um est\u00edmulo importante, especialmente vindo da FIL, uma organiza\u00e7\u00e3o importante na cultura mexicana, e com o nome de Fernando Ben\u00edtez [jornalista mexicano que fundou muitos suplementos culturais em importantes meios impressos no M\u00e9xico] \u00e9 algo que me faz sentir contente e grato. Esta distin\u00e7\u00e3o \u00e9 dada a muitas poucas pessoas, e agora que \u00e9 a minha vez, estou muito contente, muito grato. Como meu amigo [tamb\u00e9m fot\u00f3grafo] Julio Mayo costumava dizer, temos que receber os pr\u00eamios, ser grato por eles e apreci\u00e1-los. E tamb\u00e9m n\u00e3o acreditar neles.<\/p>\n<p>&nbsp;<\/p>\n<p><strong>LJR: Voc\u00ea tem uma conta de Instagram com mais de 10 mil seguidores. Que vantagens isso lhe traz como fotojornalista e o que voc\u00ea acha do fato de que novas tecnologias e redes sociais est\u00e3o ocupando o espa\u00e7o que antes era coberto pela fotografia?<\/strong><\/p>\n<p><strong>PV:<\/strong> N\u00e3o me traz muitas vantagens. Financeiramente, n\u00e3o. Mas [com Instagram] voc\u00ea est\u00e1 ciente, est\u00e1 atualizado, est\u00e1 atual. Estou postando minhas fotos hist\u00f3ricas e isso lhe d\u00e1 vig\u00eancia, lhe d\u00e1 uma presen\u00e7a no mundo contempor\u00e2neo. E bem, como dizem, voc\u00ea tem que se renovar, se atualizar. Estou l\u00e1 um pouco assessorado pelas pessoas que trabalham comigo.<\/p>\n<p>O M\u00e9xico \u00e9 um pa\u00eds no qual a situa\u00e7\u00e3o \u00e9 muito adversa para os jornalistas em geral, e bem, agora com todas essas coisas digitais, TikTok, redes sociais em geral, gerou uma situa\u00e7\u00e3o desvantajosa para os jornalistas, porque est\u00e1 tirando muitos empregos, muito trabalho. Mas n\u00e3o podemos fazer nada porque estes s\u00e3o tempos de mudan\u00e7a. N\u00e3o podemos fazer muito, s\u00f3 podemos oferecer qualidade, oferecer melhores alternativas como fot\u00f3grafos, melhores pontos de vista, melhor trabalho, com mais rigor. No mundo, o digital est\u00e1 mudando a m\u00eddia. As desvantagens que tem agora para a fotografia jornal\u00edstica profissional s\u00e3o muitas, porque agora a m\u00eddia \u00e9 abastecida em grande parte com fotos das redes, das pessoas na rua. Agora um telefone \u00e9 uma c\u00e2mera. E assim tudo \u00e9 retratado, tudo \u00e9 fotografado em todos os lugares e que, sim, a verdade \u00e9 que isso limita muito o desenvolvimento da fotografia. Estou apostando, acredito, estou confiante de que a fotografia de qualidade vai se impor no final. No final, a m\u00eddia tem que trabalhar mais com fotografia profissional.<\/p>\n<p>&nbsp;<\/p>\n<p><strong>LJR: Em sua carreira, voc\u00ea cobriu conflitos na Am\u00e9rica Central, onde hoje os jornalistas est\u00e3o sendo assediados e perseguidos, sobretudo judicialmente. Como foi para voc\u00ea cobrir esses conflitos nas \u00faltimas d\u00e9cadas?<\/strong><\/p>\n<p><strong>PV:<\/strong> Aqueles foram outros anos, foi um tempo diferente. Havia problemas na Am\u00e9rica Central. Por exemplo, eu apareci, junto com muitos outros jornalistas, em uma lista negra que um grupo paramilitar publicou. Na Nicar\u00e1gua, havia muita hostilidade contra fot\u00f3grafos e jornalistas de todos os meios de comunica\u00e7\u00e3o. [Os envolvidos] n\u00e3o queriam publicidade, n\u00e3o queriam promo\u00e7\u00e3o e bem, n\u00f3s jornalistas sempre procur\u00e1vamos informa\u00e7\u00f5es de todos os lugares e era interessante entrevistar os guerrilheiros, e isso n\u00e3o convinha ao Estado, ao Ex\u00e9rcito, aos governos. Isto colocou o trabalho dos jornalistas em uma situa\u00e7\u00e3o complexa.<\/p>\n<p>Entretanto, \u00e9 o que acontece, \u00e9 o risco do trabalho. Eu n\u00e3o me queixo. \u00c9 claro que nos anos 70 e 80 era uma situa\u00e7\u00e3o muito diferente da que estamos vivendo agora. Particularmente no M\u00e9xico, onde a viol\u00eancia tem sido terr\u00edvel contra jornalistas, contra fot\u00f3grafos.<\/p>\n<p>[...]<\/p>\n<p>Penso que a m\u00eddia mexicana deveria estar mais preocupada com estas quest\u00f5es [conflitos sociais na regi\u00e3o]. Porque no final s\u00e3o informa\u00e7\u00f5es que t\u00eam muito a ver com o que est\u00e1 acontecendo na Am\u00e9rica Latina e penso que \u00e9 importante que haja um rep\u00f3rter e um fot\u00f3grafo contando estas hist\u00f3rias de l\u00e1.<\/p>\n<p>&nbsp;<\/p>\n<p><strong>LJR: Falando em viol\u00eancia, um dos jornalistas assassinados este ano no M\u00e9xico foi um fot\u00f3grafo, Margarito Mart\u00ednez, em Baja California. Da mesma forma no Haiti, Maxihen Lazarre tamb\u00e9m era fotojornalista. Voc\u00ea acha que esta viol\u00eancia faz com que os fotojornalistas deixem de cobrir quest\u00f5es complicadas?<\/strong><\/p>\n<p><strong>PV:<\/strong> Penso que a id\u00e9ia [da viol\u00eancia] \u00e9 intimidar a imprensa, tanto de alguns governos locais quanto de grupos do crime organizado que intimidam as pessoas para que elas n\u00e3o publiquem. \u00c9 uma forma de tentar silenciar a imprensa. Por exemplo, h\u00e1 estados no M\u00e9xico como Tamaulipas, como Guanajuato, onde os jornalistas praticamente deixaram de existir. Eles n\u00e3o est\u00e3o nas ruas por causa do risco, por causa do medo justificado de serem mortos.<\/p>\n<p>O objetivo de todos esses assassinatos contra a imprensa \u00e9 limitar, calar, que a imprensa fique em sil\u00eancio em face dos fatos. E eu sou um daqueles que acreditam que n\u00e3o se deve arriscar a vida por uma foto ou uma hist\u00f3ria. Eu sei que o que estou dizendo \u00e9 um pouco complexo, mas vale a pena cuidar de n\u00f3s mesmos, porque a situa\u00e7\u00e3o \u00e9 realmente ruim. O caso Margarito, por exemplo, foi uma a\u00e7\u00e3o direta contra a imprensa para intimidar um fot\u00f3grafo que estava fazendo uma cobertura importante, cobertura policial que tinha a ver com esses grupos.<\/p>\n<p>[...]<\/p>\n<p>Cobrimos muito [os conflitos sociais em] Chiapas, onde houve uma terr\u00edvel repress\u00e3o. At\u00e9 recebemos amea\u00e7as do pr\u00f3prio Ex\u00e9rcito e nunca reclamamos ou paramos de cobrir. N\u00f3s tamb\u00e9m n\u00e3o somos imprudentes, fazemos tudo com cuidado. Mas, bem, temos que continuar na profiss\u00e3o. Eu digo aos meus colegas fot\u00f3grafos que est\u00e3o em Michoac\u00e1n ou em outros lugares perigosos: \"Escutem, voc\u00eas t\u00eam que permanecer calmos, voc\u00eas t\u00eam que permanecer honestos acima de tudo\". Fomos convidados por grupos do crime organizado a fazer algumas reportagens. N\u00f3s vamos, mas sempre mantemos nossa atitude de independ\u00eancia e sinto que muitos deles sabem disso. N\u00e3o estamos nem com o governo nem com os criminosos. N\u00f3s fazemos jornalismo. E n\u00f3s n\u00e3o julgamos, porque se julgamos, as portas se fecham. Prefiro registrar estas coisas de viol\u00eancia, que precisam ser registradas para o futuro e para informa\u00e7\u00f5es di\u00e1rias.<\/p>\n<p>&nbsp;<\/p>\n<p><strong>LJR: O que voc\u00ea acha que est\u00e1 faltando na fotografia documental no M\u00e9xico?<\/strong><\/p>\n<p><strong>PV:<\/strong> O que o M\u00e9xico precisa \u00e9 continuar trabalhando em quest\u00f5es sociais importantes. As quest\u00f5es do campo, as quest\u00f5es da cidade. H\u00e1 muitas quest\u00f5es que n\u00e3o estamos cobrindo. Talvez dediquemos mais tempo \u00e0 pol\u00edtica, mas \u00e9 importante cobrir todas as quest\u00f5es sociais, quest\u00f5es do mundo. \u00c9 disso que precisamos, quest\u00f5es sociais que s\u00e3o importantes para o povo.<\/p>\n<p>[...]<\/p>\n<p>Eu tenho 67 anos de idade. J\u00e1 estou mais l\u00e1 do que aqui, mas mantenho o esp\u00edrito jornal\u00edstico e, acima de tudo, este esp\u00edrito de liberdade que conquistamos h\u00e1 muitos anos.<\/p>\n","protected":false},"excerpt":{"rendered":"<p>O fot\u00f3grafo Pedro Valtierra, que captou imagens emblem\u00e1ticas da Revolu\u00e7\u00e3o Sandinista na Nicar\u00e1gua e das manifesta\u00e7\u00f5es ind\u00edgenas em Chiapas, e que foi homenageado na FIL de Guadalajara deste ano, diz que \u00e9 importante para os jornalistas registrar a viol\u00eancia e os conflitos sociais, mas sem ser imprudentes ou tomar partido.<\/p>\n","protected":false},"author":19,"featured_media":70841,"comment_status":"closed","ping_status":"closed","sticky":false,"template":"","format":"standard","meta":{"inline_featured_image":false,"footnotes":""},"categories":[2382],"tags":[1598],"coauthors":[],"class_list":["post-70902","post","type-post","status-publish","format-standard","has-post-thumbnail","hentry","category-5-perguntas","tag-fotojornalismo-pt-br"],"acf":[],"yoast_head":"<!-- This site is optimized with the Yoast SEO Premium plugin v22.6 (Yoast SEO v27.4) - https:\/\/yoast.com\/product\/yoast-seo-premium-wordpress\/ -->\n<title>\u2018Sou desses que acreditam que n\u00e3o se deve arriscar a vida por uma foto ou uma hist\u00f3ria\u2019: 5 perguntas para o fotojornalista mexicano Pedro Valtierra - LatAm Journalism Review by the Knight Center<\/title>\n<meta name=\"description\" content=\"\u2018Sou desses que acreditam que n\u00e3o se deve arriscar a vida por uma foto ou uma hist\u00f3ria\u2019: 5 perguntas para o fotojornalista mexicano Pedro Valtierra 5 Perguntas. Latin American Journalism Review by The Knight Center at The University of Texas at Austin.\" \/>\n<meta name=\"robots\" content=\"index, follow, max-snippet:-1, max-image-preview:large, max-video-preview:-1\" \/>\n<link rel=\"canonical\" href=\"https:\/\/latamjournalismreview.org\/pt-br\/articles\/sou-desses-que-acreditam-que-nao-se-deve-arriscar-a-vida-por-uma-foto-ou-uma-historia-5-perguntas-para-o-fotojornalista-mexicano-pedro-valtierra\/\" \/>\n<meta property=\"og:locale\" content=\"pt_BR\" \/>\n<meta property=\"og:type\" content=\"article\" \/>\n<meta property=\"og:title\" content=\"\u2018Sou desses que acreditam que n\u00e3o se deve arriscar a vida por uma foto ou uma hist\u00f3ria\u2019: 5 perguntas para o fotojornalista mexicano Pedro Valtierra\" \/>\n<meta property=\"og:description\" content=\"\u2018Sou desses que acreditam que n\u00e3o se deve arriscar a vida por uma foto ou uma hist\u00f3ria\u2019: 5 perguntas para o fotojornalista mexicano Pedro Valtierra 5 Perguntas. Latin American Journalism Review by The Knight Center at The University of Texas at Austin.\" \/>\n<meta property=\"og:url\" content=\"https:\/\/latamjournalismreview.org\/pt-br\/articles\/sou-desses-que-acreditam-que-nao-se-deve-arriscar-a-vida-por-uma-foto-ou-uma-historia-5-perguntas-para-o-fotojornalista-mexicano-pedro-valtierra\/\" \/>\n<meta property=\"og:site_name\" content=\"LatAm Journalism Review by the Knight Center\" \/>\n<meta property=\"article:published_time\" content=\"2022-12-20T01:17:49+00:00\" \/>\n<meta property=\"og:image\" content=\"https:\/\/latamjournalismreview.org\/wp-content\/uploads\/2022\/12\/5-Questions-Pedro-Valtierra3.png\" \/>\n\t<meta property=\"og:image:width\" content=\"507\" \/>\n\t<meta property=\"og:image:height\" content=\"340\" \/>\n\t<meta property=\"og:image:type\" content=\"image\/png\" \/>\n<meta name=\"author\" content=\"C\u00e9sar L\u00f3pez Linares\" \/>\n<meta name=\"twitter:card\" content=\"summary_large_image\" \/>\n<meta name=\"twitter:creator\" content=\"@cesarisch\" \/>\n<meta name=\"twitter:site\" content=\"@LatAmJournalism\" \/>\n<meta name=\"twitter:label1\" content=\"Written by\" \/>\n\t<meta name=\"twitter:data1\" content=\"C\u00e9sar L\u00f3pez Linares\" \/>\n\t<meta name=\"twitter:label2\" content=\"Est. reading time\" \/>\n\t<meta name=\"twitter:data2\" content=\"7 minutos\" \/>\n<script type=\"application\/ld+json\" class=\"yoast-schema-graph\">{\"@context\":\"https:\\\/\\\/schema.org\",\"@graph\":[{\"@type\":\"Article\",\"@id\":\"https:\\\/\\\/latamjournalismreview.org\\\/pt-br\\\/articles\\\/sou-desses-que-acreditam-que-nao-se-deve-arriscar-a-vida-por-uma-foto-ou-uma-historia-5-perguntas-para-o-fotojornalista-mexicano-pedro-valtierra\\\/#article\",\"isPartOf\":{\"@id\":\"https:\\\/\\\/latamjournalismreview.org\\\/pt-br\\\/articles\\\/sou-desses-que-acreditam-que-nao-se-deve-arriscar-a-vida-por-uma-foto-ou-uma-historia-5-perguntas-para-o-fotojornalista-mexicano-pedro-valtierra\\\/\"},\"author\":{\"name\":\"C\u00e9sar L\u00f3pez Linares\",\"@id\":\"https:\\\/\\\/latamjournalismreview.org\\\/pt-br\\\/#\\\/schema\\\/person\\\/dcf6dcdd6226ac8d939e2796645d17c6\"},\"headline\":\"\u2018Sou desses que acreditam que n\u00e3o se deve arriscar a vida por uma foto ou uma hist\u00f3ria\u2019: 5 perguntas para o fotojornalista mexicano Pedro Valtierra\",\"datePublished\":\"2022-12-20T01:17:49+00:00\",\"mainEntityOfPage\":{\"@id\":\"https:\\\/\\\/latamjournalismreview.org\\\/pt-br\\\/articles\\\/sou-desses-que-acreditam-que-nao-se-deve-arriscar-a-vida-por-uma-foto-ou-uma-historia-5-perguntas-para-o-fotojornalista-mexicano-pedro-valtierra\\\/\"},\"wordCount\":1514,\"publisher\":{\"@id\":\"https:\\\/\\\/latamjournalismreview.org\\\/pt-br\\\/#organization\"},\"image\":{\"@id\":\"https:\\\/\\\/latamjournalismreview.org\\\/pt-br\\\/articles\\\/sou-desses-que-acreditam-que-nao-se-deve-arriscar-a-vida-por-uma-foto-ou-uma-historia-5-perguntas-para-o-fotojornalista-mexicano-pedro-valtierra\\\/#primaryimage\"},\"thumbnailUrl\":\"https:\\\/\\\/latamjournalismreview.org\\\/wp-content\\\/uploads\\\/2022\\\/12\\\/5-Questions-Pedro-Valtierra3.png\",\"keywords\":[\"Fotojornalismo\"],\"articleSection\":[\"5 Perguntas\"],\"inLanguage\":\"pt-BR\"},{\"@type\":\"WebPage\",\"@id\":\"https:\\\/\\\/latamjournalismreview.org\\\/pt-br\\\/articles\\\/sou-desses-que-acreditam-que-nao-se-deve-arriscar-a-vida-por-uma-foto-ou-uma-historia-5-perguntas-para-o-fotojornalista-mexicano-pedro-valtierra\\\/\",\"url\":\"https:\\\/\\\/latamjournalismreview.org\\\/pt-br\\\/articles\\\/sou-desses-que-acreditam-que-nao-se-deve-arriscar-a-vida-por-uma-foto-ou-uma-historia-5-perguntas-para-o-fotojornalista-mexicano-pedro-valtierra\\\/\",\"name\":\"\u2018Sou desses que acreditam que n\u00e3o se deve arriscar a vida por uma foto ou uma hist\u00f3ria\u2019: 5 perguntas para o fotojornalista mexicano Pedro Valtierra - LatAm Journalism Review by the Knight Center\",\"isPartOf\":{\"@id\":\"https:\\\/\\\/latamjournalismreview.org\\\/pt-br\\\/#website\"},\"primaryImageOfPage\":{\"@id\":\"https:\\\/\\\/latamjournalismreview.org\\\/pt-br\\\/articles\\\/sou-desses-que-acreditam-que-nao-se-deve-arriscar-a-vida-por-uma-foto-ou-uma-historia-5-perguntas-para-o-fotojornalista-mexicano-pedro-valtierra\\\/#primaryimage\"},\"image\":{\"@id\":\"https:\\\/\\\/latamjournalismreview.org\\\/pt-br\\\/articles\\\/sou-desses-que-acreditam-que-nao-se-deve-arriscar-a-vida-por-uma-foto-ou-uma-historia-5-perguntas-para-o-fotojornalista-mexicano-pedro-valtierra\\\/#primaryimage\"},\"thumbnailUrl\":\"https:\\\/\\\/latamjournalismreview.org\\\/wp-content\\\/uploads\\\/2022\\\/12\\\/5-Questions-Pedro-Valtierra3.png\",\"datePublished\":\"2022-12-20T01:17:49+00:00\",\"description\":\"\u2018Sou desses que acreditam que n\u00e3o se deve arriscar a vida por uma foto ou uma hist\u00f3ria\u2019: 5 perguntas para o fotojornalista mexicano Pedro Valtierra 5 Perguntas. Latin American Journalism Review by The Knight Center at The University of Texas at Austin.\",\"breadcrumb\":{\"@id\":\"https:\\\/\\\/latamjournalismreview.org\\\/pt-br\\\/articles\\\/sou-desses-que-acreditam-que-nao-se-deve-arriscar-a-vida-por-uma-foto-ou-uma-historia-5-perguntas-para-o-fotojornalista-mexicano-pedro-valtierra\\\/#breadcrumb\"},\"inLanguage\":\"pt-BR\",\"potentialAction\":[{\"@type\":\"ReadAction\",\"target\":[\"https:\\\/\\\/latamjournalismreview.org\\\/pt-br\\\/articles\\\/sou-desses-que-acreditam-que-nao-se-deve-arriscar-a-vida-por-uma-foto-ou-uma-historia-5-perguntas-para-o-fotojornalista-mexicano-pedro-valtierra\\\/\"]}]},{\"@type\":\"ImageObject\",\"inLanguage\":\"pt-BR\",\"@id\":\"https:\\\/\\\/latamjournalismreview.org\\\/pt-br\\\/articles\\\/sou-desses-que-acreditam-que-nao-se-deve-arriscar-a-vida-por-uma-foto-ou-uma-historia-5-perguntas-para-o-fotojornalista-mexicano-pedro-valtierra\\\/#primaryimage\",\"url\":\"https:\\\/\\\/latamjournalismreview.org\\\/wp-content\\\/uploads\\\/2022\\\/12\\\/5-Questions-Pedro-Valtierra3.png\",\"contentUrl\":\"https:\\\/\\\/latamjournalismreview.org\\\/wp-content\\\/uploads\\\/2022\\\/12\\\/5-Questions-Pedro-Valtierra3.png\",\"width\":507,\"height\":340,\"caption\":\"Mexican photojournalist Pedro Valtierra\"},{\"@type\":\"BreadcrumbList\",\"@id\":\"https:\\\/\\\/latamjournalismreview.org\\\/pt-br\\\/articles\\\/sou-desses-que-acreditam-que-nao-se-deve-arriscar-a-vida-por-uma-foto-ou-uma-historia-5-perguntas-para-o-fotojornalista-mexicano-pedro-valtierra\\\/#breadcrumb\",\"itemListElement\":[{\"@type\":\"ListItem\",\"position\":1,\"name\":\"Home\",\"item\":\"https:\\\/\\\/latamjournalismreview.org\\\/pt-br\\\/\"},{\"@type\":\"ListItem\",\"position\":2,\"name\":\"\u2018Sou desses que acreditam que n\u00e3o se deve arriscar a vida por uma foto ou uma hist\u00f3ria\u2019: 5 perguntas para o fotojornalista mexicano Pedro Valtierra\"}]},{\"@type\":\"WebSite\",\"@id\":\"https:\\\/\\\/latamjournalismreview.org\\\/pt-br\\\/#website\",\"url\":\"https:\\\/\\\/latamjournalismreview.org\\\/pt-br\\\/\",\"name\":\"LatAm Journalism Review\",\"description\":\"Digital magazine on journalism in Latin America\",\"publisher\":{\"@id\":\"https:\\\/\\\/latamjournalismreview.org\\\/pt-br\\\/#organization\"},\"potentialAction\":[{\"@type\":\"SearchAction\",\"target\":{\"@type\":\"EntryPoint\",\"urlTemplate\":\"https:\\\/\\\/latamjournalismreview.org\\\/pt-br\\\/?s={search_term_string}\"},\"query-input\":{\"@type\":\"PropertyValueSpecification\",\"valueRequired\":true,\"valueName\":\"search_term_string\"}}],\"inLanguage\":\"pt-BR\"},{\"@type\":\"Organization\",\"@id\":\"https:\\\/\\\/latamjournalismreview.org\\\/pt-br\\\/#organization\",\"name\":\"LatAm Journalism Review\",\"url\":\"https:\\\/\\\/latamjournalismreview.org\\\/pt-br\\\/\",\"logo\":{\"@type\":\"ImageObject\",\"inLanguage\":\"pt-BR\",\"@id\":\"https:\\\/\\\/latamjournalismreview.org\\\/pt-br\\\/#\\\/schema\\\/logo\\\/image\\\/\",\"url\":\"https:\\\/\\\/latamjournalismreview.org\\\/wp-content\\\/uploads\\\/2020\\\/05\\\/knight-latAm-review-logo.svg\",\"contentUrl\":\"https:\\\/\\\/latamjournalismreview.org\\\/wp-content\\\/uploads\\\/2020\\\/05\\\/knight-latAm-review-logo.svg\",\"width\":\"1024\",\"height\":\"1024\",\"caption\":\"LatAm Journalism Review\"},\"image\":{\"@id\":\"https:\\\/\\\/latamjournalismreview.org\\\/pt-br\\\/#\\\/schema\\\/logo\\\/image\\\/\"},\"sameAs\":[\"https:\\\/\\\/x.com\\\/LatAmJournalism\"]},{\"@type\":\"Person\",\"@id\":\"https:\\\/\\\/latamjournalismreview.org\\\/pt-br\\\/#\\\/schema\\\/person\\\/dcf6dcdd6226ac8d939e2796645d17c6\",\"name\":\"C\u00e9sar L\u00f3pez Linares\",\"description\":\"C\u00e9sar L\u00f3pez Linares began his career at the Mexican newspaper REFORMA as an entertainment and media co-editor. He has written for publications such as TODO Austin, Texas Music Magazine and The Austin Chronicle. C\u00e9sar has a Master's degree in Journalism from the University of Texas at Austin and a Bachelors degree in Communication from the National Autonomous University of Mexico. He previously wrote about innovation in journalism for the Gabo Foundation in Colombia and currently reports for the Knight Center's LatAmJournalism Review digital magazine. A native of Mexico City, C\u00e9sar has become a digital nomad combining content creation with his passion for travel. ________ C\u00e9sar L\u00f3pez Linares inici\u00f3 su carrera en el diario mexicano REFORMA como coeditor de entretenimiento y medios. Ha escrito para publicaciones como TODO Austin, Texas Music Magazine y The Austin Chronicle. C\u00e9sar tiene una Maestr\u00eda en Periodismo de la Universidad de Texas en Austin y una Licenciatura en Comunicaci\u00f3n de la Universidad Nacional Aut\u00f3noma de M\u00e9xico. Previamente escribi\u00f3 sobre innovaci\u00f3n en periodismo para la Fundaci\u00f3n Gabo en Colombia y actualmente escribe para la revista digital LatAmJournalism Review del Centro Knight. Originario de la Ciudad de M\u00e9xico, C\u00e9sar se ha convertido en un n\u00f3mada digital que combina la creaci\u00f3n de contenido con su pasi\u00f3n por viajar. _________ C\u00e9sar L\u00f3pez Linares come\u00e7ou sua carreira no jornal mexicano REFORMA como coeditor de entretenimento e m\u00eddia. Ele escreveu para publica\u00e7\u00f5es como TODO Austin, Texas Music Magazine e The Austin Chronicle. C\u00e9sar tem mestrado em jornalismo pela University of Texas em Austin e \u00e9 bacharel em comunica\u00e7\u00e3o pela Universidad Nacional Aut\u00f3noma de M\u00e9xico. Antes disso, ele escreveu sobre inova\u00e7\u00e3o no jornalismo para a Funda\u00e7\u00e3o Gabo na Col\u00f4mbia. Atualmente escreve para a revista digital LatAmJournalism Review do Centro Knight. Nascido na Cidade do M\u00e9xico, C\u00e9sar se tornou um n\u00f4made digital combinando a cria\u00e7\u00e3o de conte\u00fado com sua paix\u00e3o por viagens.\",\"sameAs\":[\"https:\\\/\\\/x.com\\\/cesarisch\"],\"url\":\"https:\\\/\\\/latamjournalismreview.org\\\/pt-br\\\/articles\\\/author\\\/cesar-lopez-linares\\\/\"}]}<\/script>\n<!-- \/ Yoast SEO Premium plugin. -->","yoast_head_json":{"title":"\u2018Sou desses que acreditam que n\u00e3o se deve arriscar a vida por uma foto ou uma hist\u00f3ria\u2019: 5 perguntas para o fotojornalista mexicano Pedro Valtierra - LatAm Journalism Review by the Knight Center","description":"\u2018Sou desses que acreditam que n\u00e3o se deve arriscar a vida por uma foto ou uma hist\u00f3ria\u2019: 5 perguntas para o fotojornalista mexicano Pedro Valtierra 5 Perguntas. Latin American Journalism Review by The Knight Center at The University of Texas at Austin.","robots":{"index":"index","follow":"follow","max-snippet":"max-snippet:-1","max-image-preview":"max-image-preview:large","max-video-preview":"max-video-preview:-1"},"canonical":"https:\/\/latamjournalismreview.org\/pt-br\/articles\/sou-desses-que-acreditam-que-nao-se-deve-arriscar-a-vida-por-uma-foto-ou-uma-historia-5-perguntas-para-o-fotojornalista-mexicano-pedro-valtierra\/","og_locale":"pt_BR","og_type":"article","og_title":"\u2018Sou desses que acreditam que n\u00e3o se deve arriscar a vida por uma foto ou uma hist\u00f3ria\u2019: 5 perguntas para o fotojornalista mexicano Pedro Valtierra","og_description":"\u2018Sou desses que acreditam que n\u00e3o se deve arriscar a vida por uma foto ou uma hist\u00f3ria\u2019: 5 perguntas para o fotojornalista mexicano Pedro Valtierra 5 Perguntas. Latin American Journalism Review by The Knight Center at The University of Texas at Austin.","og_url":"https:\/\/latamjournalismreview.org\/pt-br\/articles\/sou-desses-que-acreditam-que-nao-se-deve-arriscar-a-vida-por-uma-foto-ou-uma-historia-5-perguntas-para-o-fotojornalista-mexicano-pedro-valtierra\/","og_site_name":"LatAm Journalism Review by the Knight Center","article_published_time":"2022-12-20T01:17:49+00:00","og_image":[{"width":507,"height":340,"url":"https:\/\/latamjournalismreview.org\/wp-content\/uploads\/2022\/12\/5-Questions-Pedro-Valtierra3.png","type":"image\/png"}],"author":"C\u00e9sar L\u00f3pez Linares","twitter_card":"summary_large_image","twitter_creator":"@cesarisch","twitter_site":"@LatAmJournalism","twitter_misc":{"Written by":"C\u00e9sar L\u00f3pez Linares","Est. reading time":"7 minutos"},"schema":{"@context":"https:\/\/schema.org","@graph":[{"@type":"Article","@id":"https:\/\/latamjournalismreview.org\/pt-br\/articles\/sou-desses-que-acreditam-que-nao-se-deve-arriscar-a-vida-por-uma-foto-ou-uma-historia-5-perguntas-para-o-fotojornalista-mexicano-pedro-valtierra\/#article","isPartOf":{"@id":"https:\/\/latamjournalismreview.org\/pt-br\/articles\/sou-desses-que-acreditam-que-nao-se-deve-arriscar-a-vida-por-uma-foto-ou-uma-historia-5-perguntas-para-o-fotojornalista-mexicano-pedro-valtierra\/"},"author":{"name":"C\u00e9sar L\u00f3pez Linares","@id":"https:\/\/latamjournalismreview.org\/pt-br\/#\/schema\/person\/dcf6dcdd6226ac8d939e2796645d17c6"},"headline":"\u2018Sou desses que acreditam que n\u00e3o se deve arriscar a vida por uma foto ou uma hist\u00f3ria\u2019: 5 perguntas para o fotojornalista mexicano Pedro Valtierra","datePublished":"2022-12-20T01:17:49+00:00","mainEntityOfPage":{"@id":"https:\/\/latamjournalismreview.org\/pt-br\/articles\/sou-desses-que-acreditam-que-nao-se-deve-arriscar-a-vida-por-uma-foto-ou-uma-historia-5-perguntas-para-o-fotojornalista-mexicano-pedro-valtierra\/"},"wordCount":1514,"publisher":{"@id":"https:\/\/latamjournalismreview.org\/pt-br\/#organization"},"image":{"@id":"https:\/\/latamjournalismreview.org\/pt-br\/articles\/sou-desses-que-acreditam-que-nao-se-deve-arriscar-a-vida-por-uma-foto-ou-uma-historia-5-perguntas-para-o-fotojornalista-mexicano-pedro-valtierra\/#primaryimage"},"thumbnailUrl":"https:\/\/latamjournalismreview.org\/wp-content\/uploads\/2022\/12\/5-Questions-Pedro-Valtierra3.png","keywords":["Fotojornalismo"],"articleSection":["5 Perguntas"],"inLanguage":"pt-BR"},{"@type":"WebPage","@id":"https:\/\/latamjournalismreview.org\/pt-br\/articles\/sou-desses-que-acreditam-que-nao-se-deve-arriscar-a-vida-por-uma-foto-ou-uma-historia-5-perguntas-para-o-fotojornalista-mexicano-pedro-valtierra\/","url":"https:\/\/latamjournalismreview.org\/pt-br\/articles\/sou-desses-que-acreditam-que-nao-se-deve-arriscar-a-vida-por-uma-foto-ou-uma-historia-5-perguntas-para-o-fotojornalista-mexicano-pedro-valtierra\/","name":"\u2018Sou desses que acreditam que n\u00e3o se deve arriscar a vida por uma foto ou uma hist\u00f3ria\u2019: 5 perguntas para o fotojornalista mexicano Pedro Valtierra - LatAm Journalism Review by the Knight Center","isPartOf":{"@id":"https:\/\/latamjournalismreview.org\/pt-br\/#website"},"primaryImageOfPage":{"@id":"https:\/\/latamjournalismreview.org\/pt-br\/articles\/sou-desses-que-acreditam-que-nao-se-deve-arriscar-a-vida-por-uma-foto-ou-uma-historia-5-perguntas-para-o-fotojornalista-mexicano-pedro-valtierra\/#primaryimage"},"image":{"@id":"https:\/\/latamjournalismreview.org\/pt-br\/articles\/sou-desses-que-acreditam-que-nao-se-deve-arriscar-a-vida-por-uma-foto-ou-uma-historia-5-perguntas-para-o-fotojornalista-mexicano-pedro-valtierra\/#primaryimage"},"thumbnailUrl":"https:\/\/latamjournalismreview.org\/wp-content\/uploads\/2022\/12\/5-Questions-Pedro-Valtierra3.png","datePublished":"2022-12-20T01:17:49+00:00","description":"\u2018Sou desses que acreditam que n\u00e3o se deve arriscar a vida por uma foto ou uma hist\u00f3ria\u2019: 5 perguntas para o fotojornalista mexicano Pedro Valtierra 5 Perguntas. Latin American Journalism Review by The Knight Center at The University of Texas at Austin.","breadcrumb":{"@id":"https:\/\/latamjournalismreview.org\/pt-br\/articles\/sou-desses-que-acreditam-que-nao-se-deve-arriscar-a-vida-por-uma-foto-ou-uma-historia-5-perguntas-para-o-fotojornalista-mexicano-pedro-valtierra\/#breadcrumb"},"inLanguage":"pt-BR","potentialAction":[{"@type":"ReadAction","target":["https:\/\/latamjournalismreview.org\/pt-br\/articles\/sou-desses-que-acreditam-que-nao-se-deve-arriscar-a-vida-por-uma-foto-ou-uma-historia-5-perguntas-para-o-fotojornalista-mexicano-pedro-valtierra\/"]}]},{"@type":"ImageObject","inLanguage":"pt-BR","@id":"https:\/\/latamjournalismreview.org\/pt-br\/articles\/sou-desses-que-acreditam-que-nao-se-deve-arriscar-a-vida-por-uma-foto-ou-uma-historia-5-perguntas-para-o-fotojornalista-mexicano-pedro-valtierra\/#primaryimage","url":"https:\/\/latamjournalismreview.org\/wp-content\/uploads\/2022\/12\/5-Questions-Pedro-Valtierra3.png","contentUrl":"https:\/\/latamjournalismreview.org\/wp-content\/uploads\/2022\/12\/5-Questions-Pedro-Valtierra3.png","width":507,"height":340,"caption":"Mexican photojournalist Pedro Valtierra"},{"@type":"BreadcrumbList","@id":"https:\/\/latamjournalismreview.org\/pt-br\/articles\/sou-desses-que-acreditam-que-nao-se-deve-arriscar-a-vida-por-uma-foto-ou-uma-historia-5-perguntas-para-o-fotojornalista-mexicano-pedro-valtierra\/#breadcrumb","itemListElement":[{"@type":"ListItem","position":1,"name":"Home","item":"https:\/\/latamjournalismreview.org\/pt-br\/"},{"@type":"ListItem","position":2,"name":"\u2018Sou desses que acreditam que n\u00e3o se deve arriscar a vida por uma foto ou uma hist\u00f3ria\u2019: 5 perguntas para o fotojornalista mexicano Pedro Valtierra"}]},{"@type":"WebSite","@id":"https:\/\/latamjournalismreview.org\/pt-br\/#website","url":"https:\/\/latamjournalismreview.org\/pt-br\/","name":"LatAm Journalism Review","description":"Digital magazine on journalism in Latin America","publisher":{"@id":"https:\/\/latamjournalismreview.org\/pt-br\/#organization"},"potentialAction":[{"@type":"SearchAction","target":{"@type":"EntryPoint","urlTemplate":"https:\/\/latamjournalismreview.org\/pt-br\/?s={search_term_string}"},"query-input":{"@type":"PropertyValueSpecification","valueRequired":true,"valueName":"search_term_string"}}],"inLanguage":"pt-BR"},{"@type":"Organization","@id":"https:\/\/latamjournalismreview.org\/pt-br\/#organization","name":"LatAm Journalism Review","url":"https:\/\/latamjournalismreview.org\/pt-br\/","logo":{"@type":"ImageObject","inLanguage":"pt-BR","@id":"https:\/\/latamjournalismreview.org\/pt-br\/#\/schema\/logo\/image\/","url":"https:\/\/latamjournalismreview.org\/wp-content\/uploads\/2020\/05\/knight-latAm-review-logo.svg","contentUrl":"https:\/\/latamjournalismreview.org\/wp-content\/uploads\/2020\/05\/knight-latAm-review-logo.svg","width":"1024","height":"1024","caption":"LatAm Journalism Review"},"image":{"@id":"https:\/\/latamjournalismreview.org\/pt-br\/#\/schema\/logo\/image\/"},"sameAs":["https:\/\/x.com\/LatAmJournalism"]},{"@type":"Person","@id":"https:\/\/latamjournalismreview.org\/pt-br\/#\/schema\/person\/dcf6dcdd6226ac8d939e2796645d17c6","name":"C\u00e9sar L\u00f3pez Linares","description":"C\u00e9sar L\u00f3pez Linares began his career at the Mexican newspaper REFORMA as an entertainment and media co-editor. He has written for publications such as TODO Austin, Texas Music Magazine and The Austin Chronicle. C\u00e9sar has a Master's degree in Journalism from the University of Texas at Austin and a Bachelors degree in Communication from the National Autonomous University of Mexico. He previously wrote about innovation in journalism for the Gabo Foundation in Colombia and currently reports for the Knight Center's LatAmJournalism Review digital magazine. A native of Mexico City, C\u00e9sar has become a digital nomad combining content creation with his passion for travel. ________ C\u00e9sar L\u00f3pez Linares inici\u00f3 su carrera en el diario mexicano REFORMA como coeditor de entretenimiento y medios. Ha escrito para publicaciones como TODO Austin, Texas Music Magazine y The Austin Chronicle. C\u00e9sar tiene una Maestr\u00eda en Periodismo de la Universidad de Texas en Austin y una Licenciatura en Comunicaci\u00f3n de la Universidad Nacional Aut\u00f3noma de M\u00e9xico. Previamente escribi\u00f3 sobre innovaci\u00f3n en periodismo para la Fundaci\u00f3n Gabo en Colombia y actualmente escribe para la revista digital LatAmJournalism Review del Centro Knight. Originario de la Ciudad de M\u00e9xico, C\u00e9sar se ha convertido en un n\u00f3mada digital que combina la creaci\u00f3n de contenido con su pasi\u00f3n por viajar. _________ C\u00e9sar L\u00f3pez Linares come\u00e7ou sua carreira no jornal mexicano REFORMA como coeditor de entretenimento e m\u00eddia. Ele escreveu para publica\u00e7\u00f5es como TODO Austin, Texas Music Magazine e The Austin Chronicle. C\u00e9sar tem mestrado em jornalismo pela University of Texas em Austin e \u00e9 bacharel em comunica\u00e7\u00e3o pela Universidad Nacional Aut\u00f3noma de M\u00e9xico. Antes disso, ele escreveu sobre inova\u00e7\u00e3o no jornalismo para a Funda\u00e7\u00e3o Gabo na Col\u00f4mbia. Atualmente escreve para a revista digital LatAmJournalism Review do Centro Knight. Nascido na Cidade do M\u00e9xico, C\u00e9sar se tornou um n\u00f4made digital combinando a cria\u00e7\u00e3o de conte\u00fado com sua paix\u00e3o por viagens.","sameAs":["https:\/\/x.com\/cesarisch"],"url":"https:\/\/latamjournalismreview.org\/pt-br\/articles\/author\/cesar-lopez-linares\/"}]}},"_links":{"self":[{"href":"https:\/\/latamjournalismreview.org\/pt-br\/wp-json\/wp\/v2\/posts\/70902","targetHints":{"allow":["GET"]}}],"collection":[{"href":"https:\/\/latamjournalismreview.org\/pt-br\/wp-json\/wp\/v2\/posts"}],"about":[{"href":"https:\/\/latamjournalismreview.org\/pt-br\/wp-json\/wp\/v2\/types\/post"}],"author":[{"embeddable":true,"href":"https:\/\/latamjournalismreview.org\/pt-br\/wp-json\/wp\/v2\/users\/19"}],"replies":[{"embeddable":true,"href":"https:\/\/latamjournalismreview.org\/pt-br\/wp-json\/wp\/v2\/comments?post=70902"}],"version-history":[{"count":1,"href":"https:\/\/latamjournalismreview.org\/pt-br\/wp-json\/wp\/v2\/posts\/70902\/revisions"}],"predecessor-version":[{"id":70903,"href":"https:\/\/latamjournalismreview.org\/pt-br\/wp-json\/wp\/v2\/posts\/70902\/revisions\/70903"}],"wp:featuredmedia":[{"embeddable":true,"href":"https:\/\/latamjournalismreview.org\/pt-br\/wp-json\/wp\/v2\/media\/70841"}],"wp:attachment":[{"href":"https:\/\/latamjournalismreview.org\/pt-br\/wp-json\/wp\/v2\/media?parent=70902"}],"wp:term":[{"taxonomy":"category","embeddable":true,"href":"https:\/\/latamjournalismreview.org\/pt-br\/wp-json\/wp\/v2\/categories?post=70902"},{"taxonomy":"post_tag","embeddable":true,"href":"https:\/\/latamjournalismreview.org\/pt-br\/wp-json\/wp\/v2\/tags?post=70902"},{"taxonomy":"author","embeddable":true,"href":"https:\/\/latamjournalismreview.org\/pt-br\/wp-json\/wp\/v2\/coauthors?post=70902"}],"curies":[{"name":"wp","href":"https:\/\/api.w.org\/{rel}","templated":true}]}}