{"id":7282,"date":"2019-03-27T17:53:30","date_gmt":"2019-03-27T22:53:30","guid":{"rendered":"https:\/\/live-lajr.pantheonsite.io\/articles\/jornalistas-de-ciencia-se-unem-em-redes-e-fomentam-integracao-nacional-e-latino-americana\/"},"modified":"2020-06-16T22:33:08","modified_gmt":"2020-06-17T03:33:08","slug":"jornalistas-de-ciencia-se-unem-em-redes-e-fomentam-integracao-nacional-e-latino-americana","status":"publish","type":"post","link":"https:\/\/latamjournalismreview.org\/pt-br\/articles\/jornalistas-de-ciencia-se-unem-em-redes-e-fomentam-integracao-nacional-e-latino-americana\/","title":{"rendered":"Jornalistas de ci\u00eancia se unem em redes e fomentam integra\u00e7\u00e3o nacional e latino-americana"},"content":{"rendered":"<p dir=\"ltr\"><span style=\"font-size: 1em;\">Assim como a pol\u00edtica, a ci\u00eancia \u00e9 um campo em que vicejam not\u00edcias falsas, as chamadas \u201cfake news\u201d. Boatos sobre supostas conex\u00f5es entre vacinas e autismo, curas mirabolantes para doen\u00e7as cr\u00f4nicas e o questionamento do aquecimento global provocado pela a\u00e7\u00e3o humana se alastram com facilidade pelas redes sociais. Seus impactos passam pela desinforma\u00e7\u00e3o generalizada ao risco \u00e0 sa\u00fade p\u00fablica.<img loading=\"lazy\" decoding=\"async\" class=\"alignnone\" style=\"width: 300px; height: 300px; margin: 5px; float: left;\" src=\"https:\/\/knightcenter.utexas.edu\/pt-br\/system\/files\/storyimages\/science_journalism.png\" alt=\"Social Journalism\" width=\"400\" height=\"400\" \/><\/span><\/p>\n<p dir=\"ltr\">Diante deste e de outros desafios, comunicadores que se dedicam ao jornalismo cient\u00edfico na Am\u00e9rica Latina buscam se fortalecer em redes e associa\u00e7\u00f5es. O fomento \u00e0 colabora\u00e7\u00e3o e \u00e0 integra\u00e7\u00e3o nacional e regional tem movido essas entidades em v\u00e1rios pa\u00edses da regi\u00e3o.<\/p>\n<p dir=\"ltr\"><a href=\"https:\/\/radpc.org\/\">Argentina<\/a>, <a href=\"https:\/\/achipec.org\/\">Chile<\/a>, <a href=\"http:\/\/acpc.com.co\/\">Col\u00f4mbia<\/a> e <a href=\"https:\/\/redmpc.wordpress.com\/\">M\u00e9xico<\/a> s\u00e3o alguns dos pa\u00edses com redes nacionais atuantes de jornalistas e comunicadores ligados ao jornalismo cient\u00edfico. Elas est\u00e3o entre as associa\u00e7\u00f5es que inspiraram a cria\u00e7\u00e3o da <a href=\"https:\/\/twitter.com\/redecomciencia\">Rede Com Ci\u00eancia - Rede Brasileira de Jornalistas e Comunicadores de Ci\u00eancia<\/a>, como contou ao <strong>Centro Knight<\/strong> o jornalista Andr\u00e9 Biernath. Ele \u00e9 cofundador e presidente da rede, oficialmente fundada em fevereiro de 2019, um ano depois de come\u00e7ar a se articular via Facebook.<\/p>\n<p dir=\"ltr\">Rep\u00f3rter na revista <a href=\"https:\/\/saude.abril.com.br\/\">Sa\u00fade<\/a> h\u00e1 quase 10 anos, em 2017 Biernath tirou f\u00e9rias para ir \u00e0 Confer\u00eancia Mundial de Jornalistas de Ci\u00eancia, <a href=\"http:\/\/wcsj2017.org\/\">cuja edi\u00e7\u00e3o naquele ano foi em S\u00e3o Francisco<\/a>, nos Estados Unidos, e de l\u00e1 veio o impulso para a cria\u00e7\u00e3o da rede brasileira.<\/p>\n<p dir=\"ltr\">\u201cFui de curiosidade, sem saber nada, e chegando l\u00e1 descobri que existiam v\u00e1rias associa\u00e7\u00f5es representativas de cada local\u201d, disse Biernath. \u201cEu at\u00e9 esperava que existissem associa\u00e7\u00f5es na Europa e nos EUA, mas o que realmente me chamou a aten\u00e7\u00e3o foi ver que existiam associa\u00e7\u00f5es em pa\u00edses que t\u00eam caracter\u00edsticas e condi\u00e7\u00f5es socioecon\u00f4micas e culturais mais parecidas com o Brasil, como a Argentina e o M\u00e9xico.\u201d<\/p>\n<p dir=\"ltr\">Biernath prop\u00f4s ent\u00e3o aos cerca de 10 colegas brasileiros no evento que se reunissem ao voltar ao pa\u00eds para fundar uma rede nos moldes das dos colegas latino-americanos. Eles come\u00e7aram com um grupo fechado no Facebook - que hoje conta mais de 600 membros - e logo come\u00e7aram a organizar reuni\u00f5es presenciais uma vez por m\u00eas em S\u00e3o Paulo.<\/p>\n<p dir=\"ltr\">\u201cA ideia no come\u00e7o era ser uma coisa mais informal, mas come\u00e7amos a perceber que para conseguir estabelecer parcerias, pensar em patroc\u00ednios e fazer tudo o que quer\u00edamos fazer, precis\u00e1vamos formalizar o grupo. N\u00e3o poderia mais ser s\u00f3 um grupo de Facebook, pois n\u00e3o conseguir\u00edamos crescer a partir disso\u201d, explicou Biernath.<\/p>\n<p dir=\"ltr\">A assembleia geral que em fevereiro <a href=\"https:\/\/twitter.com\/redecomciencia\/status\/1092582447487897601\">elegeu Biernath como presidente da rede e ocupantes de outros postos<\/a> tamb\u00e9m estabeleceu uma diretoria com cargos voltados para estrat\u00e9gias online, parcerias e conte\u00fado, integra\u00e7\u00e3o nacional e rela\u00e7\u00f5es internacionais.<\/p>\n<div style=\"width: 360px; font-size: 80%; text-align: left; float: right; padding-left: 10px; padding-right: 10px;\">\n<div style=\"width: 510px\" class=\"wp-caption alignnone\"><a href=\"https:\/\/twitter.com\/redecomciencia\" target=\"_blank\" rel=\"noopener noreferrer\"><img loading=\"lazy\" decoding=\"async\" style=\"width: 360px;\" src=\"https:\/\/farm8.staticflickr.com\/7927\/46758686344_1de079cc9a.jpg\" alt=\"Membros da Rede Com Ci\u00eancia.\" width=\"500\" height=\"281\" \/><\/a><p class=\"wp-caption-text\">Membros da Rede Com Ci\u00eancia. (Andr\u00e9 Biernath \/ Divulga\u00e7\u00e3o)<\/p><\/div>\n<\/div>\n<p dir=\"ltr\">Estes cargos t\u00eam a ver com as prioridades da Rede Com Ci\u00eancia: expandir seu alcance nas redes sociais; estabelecer contatos e parcerias institucionais para a realiza\u00e7\u00e3o de eventos e produ\u00e7\u00e3o de conte\u00fado; criar uma rede realmente brasileira, ampliando sua presen\u00e7a para al\u00e9m do eixo Rio de Janeiro-S\u00e3o Paulo; e estabelecer contato com associa\u00e7\u00f5es similares fora do Brasil para a troca de expertise e a realiza\u00e7\u00e3o de eventos transnacionais, al\u00e9m da filia\u00e7\u00e3o \u00e0 <a href=\"http:\/\/wfsj.org\/v2\/\">Federa\u00e7\u00e3o Mundial de Jornalistas de Ci\u00eancia<\/a>.<\/p>\n<p dir=\"ltr\">Biernath disse que se incomodou com o que considerou como \u201cfalta de representatividade\u201d do Brasil na confer\u00eancia mundial de que participou em S\u00e3o Francisco. \u201cVi algumas mesas em que deveria ter tido algum jornalista brasileiro ali, pois poder\u00edamos contribuir muito para a discuss\u00e3o\u201d, afirmou, usando como exemplo um debate sobre a cobertura da epidemia de zika, que teve o Brasil como um de seus focos no mundo em 2015 e 2016. \u201cPelo fato de n\u00e3o existir uma associa\u00e7\u00e3o, o bom trabalho que fazemos aqui na cobertura de v\u00e1rios eventos ficou meio apagado\u201d, avalia.<\/p>\n<p dir=\"ltr\">Al\u00e9m de destacar o trabalho feito no Brasil na cobertura de ci\u00eancia, a Rede Com Ci\u00eancia tem como um de seus principais objetivos aprimorar o jornalismo cient\u00edfico feito no pa\u00eds e auxiliar jornalistas e comunicadores que querem melhorar seu trabalho nesse campo. \u201cMuitos de n\u00f3s ca\u00edmos de paraquedas na \u00e1rea\u201d, disse Biernath, lembrando de sua pr\u00f3pria trajet\u00f3ria, tendo come\u00e7ado como estagi\u00e1rio na revista Sa\u00fade, sem ter tido forma\u00e7\u00e3o especializada em jornalismo de ci\u00eancia na universidade.<\/p>\n<p dir=\"ltr\">\u201cQuando nos reunimos para discutir e pensar sobre o que estamos fazendo, isso ajuda a melhorar nosso trabalho individual, pois conseguimos pensar melhor como estamos fazendo e de que maneira podemos aprimor\u00e1-lo, e tamb\u00e9m temos contato com oportunidades de trabalho\u201d, disse Biernath. \u201cNesse pouco mais de um ano de rede informal, a quantidade de contatos e de coisas sobre as quais eu fiquei sabendo s\u00f3 pelo fato de ter criado esse grupo j\u00e1 valeu a pena, acho que n\u00e3o s\u00f3 para mim mas para quem est\u00e1 l\u00e1 tamb\u00e9m.\u201d<\/p>\n<h4 dir=\"ltr\"><strong>Est\u00edmulo e aprimoramento em rede<\/strong><\/h4>\n<p dir=\"ltr\">Valeria Rom\u00e1n, cofundadora da <a href=\"https:\/\/radpc.org\/\">Red Argentina de Periodismo Cient\u00edfico (RADPC)<\/a>, disse algo parecido ao <strong>Centro Knight<\/strong>.<\/p>\n<p dir=\"ltr\">\u201cO trabalho em rede \u00e9 enriquecedor para si mesmo e para os outros, melhora a qualidade do trabalho de cada um e motiva a seguir adiante, a se renovar, a se capacitar o tempo todo, a saber mais\u201d, afirmou a jornalista, que se dedica ao jornalismo cient\u00edfico desde meados dos anos 1990.<\/p>\n<p dir=\"ltr\">Rom\u00e1n \u00e9 uma das profissionais que em 2007 cofundou a RADPC, tamb\u00e9m inspirada por redes similares de outros pa\u00edses e mesmo redes argentinas em outras \u00e1reas, como a <a href=\"http:\/\/www.ragcyt.org.ar\/index\">Red Argentina de G\u00e9nero, Ciencia y Tecnologia (RAGCyT)<\/a>, e foi a primeira presidente da rede.<\/p>\n<div style=\"width: 360px; font-size: 80%; text-align: left; float: left; padding-left: 10px; padding-right: 10px;\">\n<div style=\"width: 509px\" class=\"wp-caption alignnone\"><a href=\"https:\/\/radpc.org\/\" target=\"_blank\" rel=\"noopener noreferrer\"><img loading=\"lazy\" decoding=\"async\" style=\"width: 360px;\" src=\"https:\/\/farm8.staticflickr.com\/7861\/40516024523_648217e8c7.jpg\" alt=\"Membros da RADPC em Buenos Aires.\" width=\"499\" height=\"196\" \/><\/a><p class=\"wp-caption-text\">Membros da RADPC em Buenos Aires. (Valeria Rom\u00e1n\u00a0\/ Twitter)<\/p><\/div>\n<\/div>\n<p dir=\"ltr\">Assim como pretende a rede brasileira, sua an\u00e1loga argentina promove cursos de capacita\u00e7\u00e3o para jornalistas e eventos p\u00fablicos, como o que reuniu representantes da sociedade civil e do governo de Mauricio Macri no Congresso da Na\u00e7\u00e3o <a href=\"https:\/\/radpc.org\/institucional\/se-llevo-a-cabo-la-jornada-dinero-para-la-ciencia-argentina-en-el-congreso-de-la-nacion\/\">para tratar do financiamento \u00e0 ci\u00eancia no pa\u00eds<\/a> e compartilhar ferramentas sobre como acessar informa\u00e7\u00e3o p\u00fablica sobre o or\u00e7amento nacional.<\/p>\n<p dir=\"ltr\">\u201cFazer um evento no Congresso tamb\u00e9m \u00e9 um sinal de que, como rede, apoiamos o debate democr\u00e1tico e \u00e9 algo que fortalece a democracia\u201d, disse Rom\u00e1n. \u201cPara mim, o trabalho em rede \u00e9 fant\u00e1stico, porque te faz crescer e faz crescer todos os demais, e tamb\u00e9m de alguma maneira, talvez n\u00e3o t\u00e3o vis\u00edvel ou imediata, h\u00e1 uma contribui\u00e7\u00e3o deste trabalho em rede pelo jornalismo cient\u00edfico que pode impactar e que pode contribuir realmente ao desenvolvimento cient\u00edfico, social e econ\u00f4mico do pa\u00eds.\u201d<\/p>\n<p dir=\"ltr\">Entre outros aportes da RADPC nestes 12 anos de exist\u00eancia, Rom\u00e1n aponta que a rede contribuiu \u201cpara que haja um debate cr\u00edtico sobre as not\u00edcias vinculadas \u00e0 atividade cient\u00edfica, ambiental e tecnol\u00f3gica\u201d. Outra contribui\u00e7\u00e3o \u00e9 a integra\u00e7\u00e3o de jornalistas em todo o pa\u00eds: \u201cem geral, os jornalistas de Buenos Aires est\u00e1vamos muito desconectados do resto do pa\u00eds. Nos propusemos a ser uma rede realmente federal, ent\u00e3o temos associados em grande parte das prov\u00edncias da Argentina, e de alguma maneira a rede tamb\u00e9m nos ajuda a saber o que est\u00e3o fazendo jornalistas em outras partes do pa\u00eds\u201d.<\/p>\n<p dir=\"ltr\">Essa integra\u00e7\u00e3o e essa conversa coletiva tamb\u00e9m ajuda a melhorar a qualidade do jornalismo cient\u00edfico feito na Argentina, avalia Rom\u00e1n. \u201cSe voc\u00ea est\u00e1 em um grupo em que est\u00e1 todo mundo dizendo \u2018olha, fiz essa capacita\u00e7\u00e3o\u2019, e n\u00f3s colocamos em nossa p\u00e1gina no Facebook \u2018tal associado fez isso\u2019, \u2018tal associado ganhou um pr\u00eamio\u2019, isso inspira outros a fazer mais coisas, a se capacitar, a melhorar sua cobertura, a se candidatar a pr\u00eamios e bolsas.\u201d<\/p>\n<p dir=\"ltr\">Hoje a rede conta com cerca de 90 membros, que pagam uma taxa anual de 400 pesos argentinos (cerca de R$ 40). Os membros interagem principalmente por meio de um grupo de email e um grupo de WhatsApp, al\u00e9m de uma reuni\u00e3o mensal. \u201cFazer parte de um grupo estimula a seguir adiante no jornalismo cient\u00edfico. \u00c9 um grupo em que uma pessoa encontra seus pares e debate o que fazer para lidar com certas dificuldades\u201d, disse Rom\u00e1n.<\/p>\n<p dir=\"ltr\">Uma das dificuldades que a associa\u00e7\u00e3o evidencia \u00e9 o comprometimento com a colabora\u00e7\u00e3o, um dos pilares do trabalho em rede.<\/p>\n<p dir=\"ltr\">\u201cUma coisa \u00e9 falar, opinar sobre um tema, e outra coisa \u00e9 realmente se comprometer, trabalhar e dedicar seu tempo\u201d, considera a jornalista. \u201cNem todo mundo quer dedicar tempo a um trabalho em rede que talvez n\u00e3o tenha um resultado imediato, vis\u00edvel, ou econ\u00f4mico, por exemplo. Ent\u00e3o muitas vezes, em sociedades mercantilizadas como a nossa, muita gente n\u00e3o dedica seu tempo ao trabalho colaborativo porque pensa que isso n\u00e3o lhe retribui em nada. Mas, na realidade, oferecer-se a uma rede de profissionais, compartilhar sua experi\u00eancia e seu tempo e fazer atividades pelos outros te ajuda e te faz crescer sim.\u201d<\/p>\n<p dir=\"ltr\">Uma das principais quest\u00f5es na Argentina hoje em rela\u00e7\u00e3o ao jornalismo cient\u00edfico \u00e9 justamente a valoriza\u00e7\u00e3o do trabalho dos profissionais especializados nesta \u00e1rea, disse Rom\u00e1n. \u201cNos meios atuais ainda n\u00e3o se visibiliza o valor de ter um jornalista que saiba de temas de ci\u00eancia e sa\u00fade. \u00c9 muito dif\u00edcil conseguir trabalho em tempo integral nos meios, e tamb\u00e9m que os novos meios digitais considerem [contratar jornalistas de ci\u00eancia]\u201d, afirmou.<\/p>\n<p dir=\"ltr\">\u201cMuitos meios digitais, em lugar de contratar e pagar um jornalista de ci\u00eancia, preferem usar um cientista e lhe pedem um artigo de opini\u00e3o gratuito, ou \u00e0s vezes pedem para um m\u00e9dico opinar e esse profissional na verdade est\u00e1 fazendo publicidade encoberta, por isso escreve de gra\u00e7a\u201d, disse Rom\u00e1n. \u201c\u00c9 um grande conflito de interesses que n\u00e3o \u00e9 considerado.\u201d<\/p>\n<p dir=\"ltr\">Para ela, uma maneira de avan\u00e7ar \u00e9 \u201cfazer com que a import\u00e2ncia do jornalismo cient\u00edfico seja mais vis\u00edvel para donos de meios de comunica\u00e7\u00e3o, sejam digitais, impressos, audiovisuais\u201d, afirmou.<\/p>\n<h4 dir=\"ltr\"><strong>Integra\u00e7\u00e3o nacional e latino-americana<\/strong><\/h4>\n<p dir=\"ltr\">Estes problemas tamb\u00e9m s\u00e3o observados no M\u00e9xico, onde a <a href=\"https:\/\/redmpc.wordpress.com\/\">Red Mexicana de Periodistas de Ciencia<\/a> acabou sendo o caminho para o in\u00edcio de um meio digital. <a href=\"http:\/\/losintangibles.com\/\">Los Intangibles<\/a> \u00e9 um projeto de Manuel Lino, cofundador e presidente da rede que come\u00e7ou a se articular no fim de 2012 e se formalizou como associa\u00e7\u00e3o em 2016.<\/p>\n<p dir=\"ltr\">O Conselho Nacional de Ci\u00eancia e Tecnologia (Conacyt) do pa\u00eds tem um fundo de financiamento para iniciativas dedicadas \u00e0 ci\u00eancia e \u00e0 tecnologia <a href=\"http:\/\/losintangibles.com\/transparencia\/\">ao qual a rede solicitou fundos para a produ\u00e7\u00e3o de reportagens<\/a> sugeridas por seus membros. Com o dinheiro, Lino e sua equipe produziram as reportagens e colocaram de p\u00e9 o site que se dedica a \u201chist\u00f3rias de descobrimento e cria\u00e7\u00e3o\u201d, como disse ele ao <strong>Centro Knight<\/strong>.<\/p>\n<div style=\"width: 360px; font-size: 80%; text-align: left; float: right; padding-left: 10px; padding-right: 10px;\">\n<div style=\"width: 510px\" class=\"wp-caption alignnone\"><img loading=\"lazy\" decoding=\"async\" style=\"width: 360px;\" src=\"https:\/\/farm8.staticflickr.com\/7906\/40516031213_bc1c792d0b.jpg\" alt=\"Membros da Red Mexicana de Periodistas de Ciencia. \" width=\"500\" height=\"241\" \/><p class=\"wp-caption-text\">Membros da Red Mexicana de Periodistas de Ciencia. (Facebook \/ Divulga\u00e7\u00e3o)<\/p><\/div>\n<\/div>\n<p dir=\"ltr\">\u201cAgora mesmo v\u00e1rios meios demitiram muitos de seus integrantes sobretudo porque <a href=\"https:\/\/www.jornada.com.mx\/ultimas\/2019\/03\/06\/publicidad-oficial-al-50-de-2018-amlo-2634.html\">se anunciou que haveria uma diminui\u00e7\u00e3o da publicidade governamental<\/a>, e inclusive pessoas que estavam conectadas [na rede] sa\u00edram. Por isso tamb\u00e9m acreditamos que era importante come\u00e7ar a gerar novos meios\u201d, contou.<\/p>\n<p dir=\"ltr\">A rede mexicana re\u00fane hoje cerca de 115 integrantes que pagam uma cota anual de 1.000 pesos mexicanos (cerca de R$ 200). Um dos meios principais de contato dos membros da rede \u00e9 um grupo de WhatsApp, espa\u00e7o de debates acalorados, mas tamb\u00e9m de colabora\u00e7\u00e3o.<\/p>\n<p dir=\"ltr\">\u201cNo grupo de WhatsApp da rede estamos nos comunicando constantemente uns com os outros e nos questionando, brigamos e nos reconciliamos, concordamos e discordamos. Em 2017, quando houve o <a href=\"https:\/\/www.bbc.com\/mundo\/noticias-america-latina-45544734\">terremoto [que em 19 de setembro daquele ano<\/a> deixou mais de 350 mortos], [o grupo] foi muito importante, porque naquele momento n\u00e3o se tratava de discutir mas de compartilhar [recursos para a cobertura], e esse esp\u00edrito de coopera\u00e7\u00e3o se manteve\u201d, disse o jornalista.<\/p>\n<p dir=\"ltr\">A rede tem como um de seus principais objetivos aprimorar a forma\u00e7\u00e3o de seus membros e de outros profissionais interessados no tema, e para isso realiza cursos de jornalismo cient\u00edfico e de jornalismo em geral em v\u00e1rias regi\u00f5es do M\u00e9xico.<\/p>\n<p dir=\"ltr\">\u201cH\u00e1 muitos lugares no M\u00e9xico onde n\u00e3o \u00e9 poss\u00edvel pensar em jornalismo de ci\u00eancia, porque n\u00e3o se faz ci\u00eancia em muitos lugares do M\u00e9xico. Sou a favor de, nestes lugares, fomentar o jornalismo geral, mas baseado em conhecimento cient\u00edfico e verificado; ajudar os jornalistas para que se baseiem no conhecimento verificado que oferece a ci\u00eancia\u201d, disse Lino. \u201cTemos um p\u00fablico muito diverso, com cientistas que querem aprender a comunicar, comunicadores, jornalistas de outras \u00e1reas e um ou outro jornalista de ci\u00eancia.\u201d<\/p>\n<p dir=\"ltr\">Al\u00e9m dos cursos, a rede organiza o F\u00f3rum Hispano-Americano de Jornalismo Cient\u00edfico, que j\u00e1 teve duas edi\u00e7\u00f5es, em <a href=\"https:\/\/redmpc.wordpress.com\/2017\/06\/05\/forohpc2017-por-un-periodismo-colaborativo\/\">2017<\/a> e <a href=\"https:\/\/redmpc.wordpress.com\/2018\/10\/10\/ya-viene-2-forohpc\/\">2018<\/a>, na Cidade do M\u00e9xico. Os eventos tiveram a presen\u00e7a de jornalistas de Espanha e de pa\u00edses latino-americanos e promoveu debates e cursos, que \u201cficaram cheios\u201d, segundo Lino.<\/p>\n<p dir=\"ltr\">\u201cEstivemos conversando com pessoas da Federa\u00e7\u00e3o Mundial [de Jornalistas de Ci\u00eancia] e esperamos que o pr\u00f3ximo f\u00f3rum seja de alguma maneira uma esp\u00e9cie de reuni\u00e3o das associa\u00e7\u00f5es da Am\u00e9rica Latina\u201d, afirmou. A data da pr\u00f3xima edi\u00e7\u00e3o do f\u00f3rum mexicano ser\u00e1 decidida na assembleia geral da rede que ser\u00e1 realizada no dia 29 de mar\u00e7o, quando tamb\u00e9m ser\u00e1 realizada a elei\u00e7\u00e3o da nova diretoria. \u201cEstamos com este af\u00e3 de nos colocar em contato com mais latino-americanos porque n\u00e3o nos comparamos com o trabalho que podem fazer os franceses, os canadenses ou os estadunidenses. Temos nossas particularidades.\u201d<\/p>\n<p dir=\"ltr\">Lino acredita ser muito cedo para avaliar o impacto que a rede pode ter causado no jornalismo cient\u00edfico feito no M\u00e9xico, mas considera que se pode sim falar em impacto no trabalho dos jornalistas. \u201cA rede est\u00e1 come\u00e7ando a apoiar este trabalho individual e a formar pessoas. N\u00e3o temos uma escola nem nada, mas posso dizer que, por exemplo, os cursos que damos ficam cheios. H\u00e1 muit\u00edssimo interesse dentro da comunidade cient\u00edfica e de jornalistas.\u201d<\/p>\n","protected":false},"excerpt":{"rendered":"<p>Boatos sobre supostas conex\u00f5es entre vacinas e autismo, curas mirabolantes para doen\u00e7as cr\u00f4nicas e o questionamento do aquecimento global provocado pela a\u00e7\u00e3o humana se alastram com facilidade pelas redes sociais. Diante deste e de outros desafios, comunicadores que se dedicam ao jornalismo cient\u00edfico na Am\u00e9rica Latina buscam se fortalecer em redes e associa\u00e7\u00f5es.<\/p>\n","protected":false},"author":16,"featured_media":7274,"comment_status":"closed","ping_status":"closed","sticky":false,"template":"","format":"standard","meta":{"inline_featured_image":false,"footnotes":""},"categories":[1212],"tags":[1563,1608],"coauthors":[],"class_list":["post-7282","post","type-post","status-publish","format-standard","has-post-thumbnail","hentry","category-colaboracao-pt-br","tag-colaboracao-pt-br","tag-jornalismo-cientifico-pt-br"],"acf":[],"yoast_head":"<!-- This site is optimized with the Yoast SEO Premium plugin v22.6 (Yoast SEO v27.4) - https:\/\/yoast.com\/product\/yoast-seo-premium-wordpress\/ -->\n<title>Jornalistas de ci\u00eancia se unem em redes e fomentam integra\u00e7\u00e3o nacional e latino-americana - LatAm Journalism Review by the Knight Center<\/title>\n<meta name=\"description\" content=\"Jornalistas de ci\u00eancia se unem em redes e fomentam integra\u00e7\u00e3o nacional e latino-americana . Latin American Journalism Review by The Knight Center at The University of Texas at Austin.\" \/>\n<meta name=\"robots\" content=\"index, follow, max-snippet:-1, max-image-preview:large, max-video-preview:-1\" \/>\n<link rel=\"canonical\" href=\"https:\/\/latamjournalismreview.org\/pt-br\/articles\/jornalistas-de-ciencia-se-unem-em-redes-e-fomentam-integracao-nacional-e-latino-americana\/\" \/>\n<meta property=\"og:locale\" content=\"pt_BR\" \/>\n<meta property=\"og:type\" content=\"article\" \/>\n<meta property=\"og:title\" content=\"Jornalistas de ci\u00eancia se unem em redes e fomentam integra\u00e7\u00e3o nacional e latino-americana\" \/>\n<meta property=\"og:description\" content=\"Jornalistas de ci\u00eancia se unem em redes e fomentam integra\u00e7\u00e3o nacional e latino-americana . Latin American Journalism Review by The Knight Center at The University of Texas at Austin.\" \/>\n<meta property=\"og:url\" content=\"https:\/\/latamjournalismreview.org\/pt-br\/articles\/jornalistas-de-ciencia-se-unem-em-redes-e-fomentam-integracao-nacional-e-latino-americana\/\" \/>\n<meta property=\"og:site_name\" content=\"LatAm Journalism Review by the Knight Center\" \/>\n<meta property=\"article:published_time\" content=\"2019-03-27T22:53:30+00:00\" \/>\n<meta property=\"article:modified_time\" content=\"2020-06-17T03:33:08+00:00\" \/>\n<meta property=\"og:image\" content=\"https:\/\/latamjournalismreview.org\/wp-content\/uploads\/2020\/06\/Members-of-Rede-Com-Ci\u00eancia.-Andr\u00e9-Biernath-_-Courtesy.png\" \/>\n\t<meta property=\"og:image:width\" content=\"507\" \/>\n\t<meta property=\"og:image:height\" content=\"340\" \/>\n\t<meta property=\"og:image:type\" content=\"image\/png\" \/>\n<meta name=\"author\" content=\"Carolina de Assis\" \/>\n<meta name=\"twitter:card\" content=\"summary_large_image\" \/>\n<meta name=\"twitter:creator\" content=\"@LatAmJournalism\" \/>\n<meta name=\"twitter:site\" content=\"@LatAmJournalism\" \/>\n<meta name=\"twitter:label1\" content=\"Written by\" \/>\n\t<meta name=\"twitter:data1\" content=\"Carolina de Assis\" \/>\n\t<meta name=\"twitter:label2\" content=\"Est. reading time\" \/>\n\t<meta name=\"twitter:data2\" content=\"12 minutos\" \/>\n<script type=\"application\/ld+json\" class=\"yoast-schema-graph\">{\"@context\":\"https:\\\/\\\/schema.org\",\"@graph\":[{\"@type\":\"Article\",\"@id\":\"https:\\\/\\\/latamjournalismreview.org\\\/pt-br\\\/articles\\\/jornalistas-de-ciencia-se-unem-em-redes-e-fomentam-integracao-nacional-e-latino-americana\\\/#article\",\"isPartOf\":{\"@id\":\"https:\\\/\\\/latamjournalismreview.org\\\/pt-br\\\/articles\\\/jornalistas-de-ciencia-se-unem-em-redes-e-fomentam-integracao-nacional-e-latino-americana\\\/\"},\"author\":{\"name\":\"Carolina de Assis\",\"@id\":\"https:\\\/\\\/latamjournalismreview.org\\\/pt-br\\\/#\\\/schema\\\/person\\\/f98b544e2f231a237f39a56cc9a00a9a\"},\"headline\":\"Jornalistas de ci\u00eancia se unem em redes e fomentam integra\u00e7\u00e3o nacional e latino-americana\",\"datePublished\":\"2019-03-27T22:53:30+00:00\",\"dateModified\":\"2020-06-17T03:33:08+00:00\",\"mainEntityOfPage\":{\"@id\":\"https:\\\/\\\/latamjournalismreview.org\\\/pt-br\\\/articles\\\/jornalistas-de-ciencia-se-unem-em-redes-e-fomentam-integracao-nacional-e-latino-americana\\\/\"},\"wordCount\":2446,\"publisher\":{\"@id\":\"https:\\\/\\\/latamjournalismreview.org\\\/pt-br\\\/#organization\"},\"image\":{\"@id\":\"https:\\\/\\\/latamjournalismreview.org\\\/pt-br\\\/articles\\\/jornalistas-de-ciencia-se-unem-em-redes-e-fomentam-integracao-nacional-e-latino-americana\\\/#primaryimage\"},\"thumbnailUrl\":\"https:\\\/\\\/latamjournalismreview.org\\\/wp-content\\\/uploads\\\/2020\\\/06\\\/Members-of-Rede-Com-Ci\u00eancia.-Andr\u00e9-Biernath-_-Courtesy.png\",\"keywords\":[\"Colabora\u00e7\u00e3o\",\"Jornalismo cient\u00edfico\"],\"articleSection\":[\"Colabora\u00e7\u00e3o\"],\"inLanguage\":\"pt-BR\"},{\"@type\":\"WebPage\",\"@id\":\"https:\\\/\\\/latamjournalismreview.org\\\/pt-br\\\/articles\\\/jornalistas-de-ciencia-se-unem-em-redes-e-fomentam-integracao-nacional-e-latino-americana\\\/\",\"url\":\"https:\\\/\\\/latamjournalismreview.org\\\/pt-br\\\/articles\\\/jornalistas-de-ciencia-se-unem-em-redes-e-fomentam-integracao-nacional-e-latino-americana\\\/\",\"name\":\"Jornalistas de ci\u00eancia se unem em redes e fomentam integra\u00e7\u00e3o nacional e latino-americana - LatAm Journalism Review by the Knight Center\",\"isPartOf\":{\"@id\":\"https:\\\/\\\/latamjournalismreview.org\\\/pt-br\\\/#website\"},\"primaryImageOfPage\":{\"@id\":\"https:\\\/\\\/latamjournalismreview.org\\\/pt-br\\\/articles\\\/jornalistas-de-ciencia-se-unem-em-redes-e-fomentam-integracao-nacional-e-latino-americana\\\/#primaryimage\"},\"image\":{\"@id\":\"https:\\\/\\\/latamjournalismreview.org\\\/pt-br\\\/articles\\\/jornalistas-de-ciencia-se-unem-em-redes-e-fomentam-integracao-nacional-e-latino-americana\\\/#primaryimage\"},\"thumbnailUrl\":\"https:\\\/\\\/latamjournalismreview.org\\\/wp-content\\\/uploads\\\/2020\\\/06\\\/Members-of-Rede-Com-Ci\u00eancia.-Andr\u00e9-Biernath-_-Courtesy.png\",\"datePublished\":\"2019-03-27T22:53:30+00:00\",\"dateModified\":\"2020-06-17T03:33:08+00:00\",\"description\":\"Jornalistas de ci\u00eancia se unem em redes e fomentam integra\u00e7\u00e3o nacional e latino-americana . Latin American Journalism Review by The Knight Center at The University of Texas at Austin.\",\"breadcrumb\":{\"@id\":\"https:\\\/\\\/latamjournalismreview.org\\\/pt-br\\\/articles\\\/jornalistas-de-ciencia-se-unem-em-redes-e-fomentam-integracao-nacional-e-latino-americana\\\/#breadcrumb\"},\"inLanguage\":\"pt-BR\",\"potentialAction\":[{\"@type\":\"ReadAction\",\"target\":[\"https:\\\/\\\/latamjournalismreview.org\\\/pt-br\\\/articles\\\/jornalistas-de-ciencia-se-unem-em-redes-e-fomentam-integracao-nacional-e-latino-americana\\\/\"]}]},{\"@type\":\"ImageObject\",\"inLanguage\":\"pt-BR\",\"@id\":\"https:\\\/\\\/latamjournalismreview.org\\\/pt-br\\\/articles\\\/jornalistas-de-ciencia-se-unem-em-redes-e-fomentam-integracao-nacional-e-latino-americana\\\/#primaryimage\",\"url\":\"https:\\\/\\\/latamjournalismreview.org\\\/wp-content\\\/uploads\\\/2020\\\/06\\\/Members-of-Rede-Com-Ci\u00eancia.-Andr\u00e9-Biernath-_-Courtesy.png\",\"contentUrl\":\"https:\\\/\\\/latamjournalismreview.org\\\/wp-content\\\/uploads\\\/2020\\\/06\\\/Members-of-Rede-Com-Ci\u00eancia.-Andr\u00e9-Biernath-_-Courtesy.png\",\"width\":507,\"height\":340,\"caption\":\"communicators who are dedicated to science journalism in Latin America seek to strengthen themselves through networks and associations.\"},{\"@type\":\"BreadcrumbList\",\"@id\":\"https:\\\/\\\/latamjournalismreview.org\\\/pt-br\\\/articles\\\/jornalistas-de-ciencia-se-unem-em-redes-e-fomentam-integracao-nacional-e-latino-americana\\\/#breadcrumb\",\"itemListElement\":[{\"@type\":\"ListItem\",\"position\":1,\"name\":\"Home\",\"item\":\"https:\\\/\\\/latamjournalismreview.org\\\/pt-br\\\/\"},{\"@type\":\"ListItem\",\"position\":2,\"name\":\"Jornalistas de ci\u00eancia se unem em redes e fomentam integra\u00e7\u00e3o nacional e latino-americana\"}]},{\"@type\":\"WebSite\",\"@id\":\"https:\\\/\\\/latamjournalismreview.org\\\/pt-br\\\/#website\",\"url\":\"https:\\\/\\\/latamjournalismreview.org\\\/pt-br\\\/\",\"name\":\"LatAm Journalism Review\",\"description\":\"Digital magazine on journalism in Latin America\",\"publisher\":{\"@id\":\"https:\\\/\\\/latamjournalismreview.org\\\/pt-br\\\/#organization\"},\"potentialAction\":[{\"@type\":\"SearchAction\",\"target\":{\"@type\":\"EntryPoint\",\"urlTemplate\":\"https:\\\/\\\/latamjournalismreview.org\\\/pt-br\\\/?s={search_term_string}\"},\"query-input\":{\"@type\":\"PropertyValueSpecification\",\"valueRequired\":true,\"valueName\":\"search_term_string\"}}],\"inLanguage\":\"pt-BR\"},{\"@type\":\"Organization\",\"@id\":\"https:\\\/\\\/latamjournalismreview.org\\\/pt-br\\\/#organization\",\"name\":\"LatAm Journalism Review\",\"url\":\"https:\\\/\\\/latamjournalismreview.org\\\/pt-br\\\/\",\"logo\":{\"@type\":\"ImageObject\",\"inLanguage\":\"pt-BR\",\"@id\":\"https:\\\/\\\/latamjournalismreview.org\\\/pt-br\\\/#\\\/schema\\\/logo\\\/image\\\/\",\"url\":\"https:\\\/\\\/latamjournalismreview.org\\\/wp-content\\\/uploads\\\/2020\\\/05\\\/knight-latAm-review-logo.svg\",\"contentUrl\":\"https:\\\/\\\/latamjournalismreview.org\\\/wp-content\\\/uploads\\\/2020\\\/05\\\/knight-latAm-review-logo.svg\",\"width\":\"1024\",\"height\":\"1024\",\"caption\":\"LatAm Journalism Review\"},\"image\":{\"@id\":\"https:\\\/\\\/latamjournalismreview.org\\\/pt-br\\\/#\\\/schema\\\/logo\\\/image\\\/\"},\"sameAs\":[\"https:\\\/\\\/x.com\\\/LatAmJournalism\"]},{\"@type\":\"Person\",\"@id\":\"https:\\\/\\\/latamjournalismreview.org\\\/pt-br\\\/#\\\/schema\\\/person\\\/f98b544e2f231a237f39a56cc9a00a9a\",\"name\":\"Carolina de Assis\",\"description\":\"Carolina de Assis is a Brazilian journalist and researcher who lives in Juiz de Fora, MG, Brazil. She holds a master's degree in Women\u2019s and Gender Studies from the GEMMA Programme \u2013 Universit\u00e0 di Bologna (Italy) \\\/ Universiteit Utrecht (The Netherlands) and has worked as an editor at G\u00eanero e N\u00famero, a Brazilian digital magazine focused on data journalism and gender issues. She is especially interested in journalistic initiatives aimed at promoting human rights and gender justice. You can find her on Twitter: @caroldeassis _________ Carolina de Assis es una periodista e investigadora brasile\u00f1a que vive en Juiz de Fora, MG, Brasil . Tiene una maestr\u00eda en Estudios de las Mujeres y de G\u00e9nero del programa GEMMA \u2013 Universit\u00e0 di Bologna (Italia) \\\/ Universiteit Utrecht (Holanda). Trabaj\u00f3 como editora en la revista digital brasile\u00f1a G\u00eanero e N\u00famero. Le interesan especialmente iniciativas period\u00edsticas que tienen el objetivo de promover los derechos humanos y la justicia de g\u00e9nero. Puedes encontrarla en Twitter: @caroldeassis. _______ Carolina de Assis \u00e9 uma jornalista e pesquisadora brasileira que vive em Juiz de Fora (MG). \u00c9 mestra em Estudos da Mulher e de G\u00eanero pelo programa GEMMA \u2013 Universit\u00e0 di Bologna (It\u00e1lia) \\\/ Universiteit Utrecht (Holanda). Trabalhou como editora na revista digital G\u00eanero e N\u00famero e se interessa especialmente por iniciativas jornal\u00edsticas que promovam os direitos humanos e a justi\u00e7a de g\u00eanero. Voc\u00ea pode encontr\u00e1-la no Twitter em @caroldeassis.\",\"url\":\"https:\\\/\\\/latamjournalismreview.org\\\/pt-br\\\/articles\\\/author\\\/carolina-de-assis\\\/\"}]}<\/script>\n<!-- \/ Yoast SEO Premium plugin. -->","yoast_head_json":{"title":"Jornalistas de ci\u00eancia se unem em redes e fomentam integra\u00e7\u00e3o nacional e latino-americana - LatAm Journalism Review by the Knight Center","description":"Jornalistas de ci\u00eancia se unem em redes e fomentam integra\u00e7\u00e3o nacional e latino-americana . Latin American Journalism Review by The Knight Center at The University of Texas at Austin.","robots":{"index":"index","follow":"follow","max-snippet":"max-snippet:-1","max-image-preview":"max-image-preview:large","max-video-preview":"max-video-preview:-1"},"canonical":"https:\/\/latamjournalismreview.org\/pt-br\/articles\/jornalistas-de-ciencia-se-unem-em-redes-e-fomentam-integracao-nacional-e-latino-americana\/","og_locale":"pt_BR","og_type":"article","og_title":"Jornalistas de ci\u00eancia se unem em redes e fomentam integra\u00e7\u00e3o nacional e latino-americana","og_description":"Jornalistas de ci\u00eancia se unem em redes e fomentam integra\u00e7\u00e3o nacional e latino-americana . Latin American Journalism Review by The Knight Center at The University of Texas at Austin.","og_url":"https:\/\/latamjournalismreview.org\/pt-br\/articles\/jornalistas-de-ciencia-se-unem-em-redes-e-fomentam-integracao-nacional-e-latino-americana\/","og_site_name":"LatAm Journalism Review by the Knight Center","article_published_time":"2019-03-27T22:53:30+00:00","article_modified_time":"2020-06-17T03:33:08+00:00","og_image":[{"width":507,"height":340,"url":"https:\/\/latamjournalismreview.org\/wp-content\/uploads\/2020\/06\/Members-of-Rede-Com-Ci\u00eancia.-Andr\u00e9-Biernath-_-Courtesy.png","type":"image\/png"}],"author":"Carolina de Assis","twitter_card":"summary_large_image","twitter_creator":"@LatAmJournalism","twitter_site":"@LatAmJournalism","twitter_misc":{"Written by":"Carolina de Assis","Est. reading time":"12 minutos"},"schema":{"@context":"https:\/\/schema.org","@graph":[{"@type":"Article","@id":"https:\/\/latamjournalismreview.org\/pt-br\/articles\/jornalistas-de-ciencia-se-unem-em-redes-e-fomentam-integracao-nacional-e-latino-americana\/#article","isPartOf":{"@id":"https:\/\/latamjournalismreview.org\/pt-br\/articles\/jornalistas-de-ciencia-se-unem-em-redes-e-fomentam-integracao-nacional-e-latino-americana\/"},"author":{"name":"Carolina de Assis","@id":"https:\/\/latamjournalismreview.org\/pt-br\/#\/schema\/person\/f98b544e2f231a237f39a56cc9a00a9a"},"headline":"Jornalistas de ci\u00eancia se unem em redes e fomentam integra\u00e7\u00e3o nacional e latino-americana","datePublished":"2019-03-27T22:53:30+00:00","dateModified":"2020-06-17T03:33:08+00:00","mainEntityOfPage":{"@id":"https:\/\/latamjournalismreview.org\/pt-br\/articles\/jornalistas-de-ciencia-se-unem-em-redes-e-fomentam-integracao-nacional-e-latino-americana\/"},"wordCount":2446,"publisher":{"@id":"https:\/\/latamjournalismreview.org\/pt-br\/#organization"},"image":{"@id":"https:\/\/latamjournalismreview.org\/pt-br\/articles\/jornalistas-de-ciencia-se-unem-em-redes-e-fomentam-integracao-nacional-e-latino-americana\/#primaryimage"},"thumbnailUrl":"https:\/\/latamjournalismreview.org\/wp-content\/uploads\/2020\/06\/Members-of-Rede-Com-Ci\u00eancia.-Andr\u00e9-Biernath-_-Courtesy.png","keywords":["Colabora\u00e7\u00e3o","Jornalismo cient\u00edfico"],"articleSection":["Colabora\u00e7\u00e3o"],"inLanguage":"pt-BR"},{"@type":"WebPage","@id":"https:\/\/latamjournalismreview.org\/pt-br\/articles\/jornalistas-de-ciencia-se-unem-em-redes-e-fomentam-integracao-nacional-e-latino-americana\/","url":"https:\/\/latamjournalismreview.org\/pt-br\/articles\/jornalistas-de-ciencia-se-unem-em-redes-e-fomentam-integracao-nacional-e-latino-americana\/","name":"Jornalistas de ci\u00eancia se unem em redes e fomentam integra\u00e7\u00e3o nacional e latino-americana - LatAm Journalism Review by the Knight Center","isPartOf":{"@id":"https:\/\/latamjournalismreview.org\/pt-br\/#website"},"primaryImageOfPage":{"@id":"https:\/\/latamjournalismreview.org\/pt-br\/articles\/jornalistas-de-ciencia-se-unem-em-redes-e-fomentam-integracao-nacional-e-latino-americana\/#primaryimage"},"image":{"@id":"https:\/\/latamjournalismreview.org\/pt-br\/articles\/jornalistas-de-ciencia-se-unem-em-redes-e-fomentam-integracao-nacional-e-latino-americana\/#primaryimage"},"thumbnailUrl":"https:\/\/latamjournalismreview.org\/wp-content\/uploads\/2020\/06\/Members-of-Rede-Com-Ci\u00eancia.-Andr\u00e9-Biernath-_-Courtesy.png","datePublished":"2019-03-27T22:53:30+00:00","dateModified":"2020-06-17T03:33:08+00:00","description":"Jornalistas de ci\u00eancia se unem em redes e fomentam integra\u00e7\u00e3o nacional e latino-americana . Latin American Journalism Review by The Knight Center at The University of Texas at Austin.","breadcrumb":{"@id":"https:\/\/latamjournalismreview.org\/pt-br\/articles\/jornalistas-de-ciencia-se-unem-em-redes-e-fomentam-integracao-nacional-e-latino-americana\/#breadcrumb"},"inLanguage":"pt-BR","potentialAction":[{"@type":"ReadAction","target":["https:\/\/latamjournalismreview.org\/pt-br\/articles\/jornalistas-de-ciencia-se-unem-em-redes-e-fomentam-integracao-nacional-e-latino-americana\/"]}]},{"@type":"ImageObject","inLanguage":"pt-BR","@id":"https:\/\/latamjournalismreview.org\/pt-br\/articles\/jornalistas-de-ciencia-se-unem-em-redes-e-fomentam-integracao-nacional-e-latino-americana\/#primaryimage","url":"https:\/\/latamjournalismreview.org\/wp-content\/uploads\/2020\/06\/Members-of-Rede-Com-Ci\u00eancia.-Andr\u00e9-Biernath-_-Courtesy.png","contentUrl":"https:\/\/latamjournalismreview.org\/wp-content\/uploads\/2020\/06\/Members-of-Rede-Com-Ci\u00eancia.-Andr\u00e9-Biernath-_-Courtesy.png","width":507,"height":340,"caption":"communicators who are dedicated to science journalism in Latin America seek to strengthen themselves through networks and associations."},{"@type":"BreadcrumbList","@id":"https:\/\/latamjournalismreview.org\/pt-br\/articles\/jornalistas-de-ciencia-se-unem-em-redes-e-fomentam-integracao-nacional-e-latino-americana\/#breadcrumb","itemListElement":[{"@type":"ListItem","position":1,"name":"Home","item":"https:\/\/latamjournalismreview.org\/pt-br\/"},{"@type":"ListItem","position":2,"name":"Jornalistas de ci\u00eancia se unem em redes e fomentam integra\u00e7\u00e3o nacional e latino-americana"}]},{"@type":"WebSite","@id":"https:\/\/latamjournalismreview.org\/pt-br\/#website","url":"https:\/\/latamjournalismreview.org\/pt-br\/","name":"LatAm Journalism Review","description":"Digital magazine on journalism in Latin America","publisher":{"@id":"https:\/\/latamjournalismreview.org\/pt-br\/#organization"},"potentialAction":[{"@type":"SearchAction","target":{"@type":"EntryPoint","urlTemplate":"https:\/\/latamjournalismreview.org\/pt-br\/?s={search_term_string}"},"query-input":{"@type":"PropertyValueSpecification","valueRequired":true,"valueName":"search_term_string"}}],"inLanguage":"pt-BR"},{"@type":"Organization","@id":"https:\/\/latamjournalismreview.org\/pt-br\/#organization","name":"LatAm Journalism Review","url":"https:\/\/latamjournalismreview.org\/pt-br\/","logo":{"@type":"ImageObject","inLanguage":"pt-BR","@id":"https:\/\/latamjournalismreview.org\/pt-br\/#\/schema\/logo\/image\/","url":"https:\/\/latamjournalismreview.org\/wp-content\/uploads\/2020\/05\/knight-latAm-review-logo.svg","contentUrl":"https:\/\/latamjournalismreview.org\/wp-content\/uploads\/2020\/05\/knight-latAm-review-logo.svg","width":"1024","height":"1024","caption":"LatAm Journalism Review"},"image":{"@id":"https:\/\/latamjournalismreview.org\/pt-br\/#\/schema\/logo\/image\/"},"sameAs":["https:\/\/x.com\/LatAmJournalism"]},{"@type":"Person","@id":"https:\/\/latamjournalismreview.org\/pt-br\/#\/schema\/person\/f98b544e2f231a237f39a56cc9a00a9a","name":"Carolina de Assis","description":"Carolina de Assis is a Brazilian journalist and researcher who lives in Juiz de Fora, MG, Brazil. She holds a master's degree in Women\u2019s and Gender Studies from the GEMMA Programme \u2013 Universit\u00e0 di Bologna (Italy) \/ Universiteit Utrecht (The Netherlands) and has worked as an editor at G\u00eanero e N\u00famero, a Brazilian digital magazine focused on data journalism and gender issues. She is especially interested in journalistic initiatives aimed at promoting human rights and gender justice. You can find her on Twitter: @caroldeassis _________ Carolina de Assis es una periodista e investigadora brasile\u00f1a que vive en Juiz de Fora, MG, Brasil . Tiene una maestr\u00eda en Estudios de las Mujeres y de G\u00e9nero del programa GEMMA \u2013 Universit\u00e0 di Bologna (Italia) \/ Universiteit Utrecht (Holanda). Trabaj\u00f3 como editora en la revista digital brasile\u00f1a G\u00eanero e N\u00famero. Le interesan especialmente iniciativas period\u00edsticas que tienen el objetivo de promover los derechos humanos y la justicia de g\u00e9nero. Puedes encontrarla en Twitter: @caroldeassis. _______ Carolina de Assis \u00e9 uma jornalista e pesquisadora brasileira que vive em Juiz de Fora (MG). \u00c9 mestra em Estudos da Mulher e de G\u00eanero pelo programa GEMMA \u2013 Universit\u00e0 di Bologna (It\u00e1lia) \/ Universiteit Utrecht (Holanda). Trabalhou como editora na revista digital G\u00eanero e N\u00famero e se interessa especialmente por iniciativas jornal\u00edsticas que promovam os direitos humanos e a justi\u00e7a de g\u00eanero. Voc\u00ea pode encontr\u00e1-la no Twitter em @caroldeassis.","url":"https:\/\/latamjournalismreview.org\/pt-br\/articles\/author\/carolina-de-assis\/"}]}},"_links":{"self":[{"href":"https:\/\/latamjournalismreview.org\/pt-br\/wp-json\/wp\/v2\/posts\/7282","targetHints":{"allow":["GET"]}}],"collection":[{"href":"https:\/\/latamjournalismreview.org\/pt-br\/wp-json\/wp\/v2\/posts"}],"about":[{"href":"https:\/\/latamjournalismreview.org\/pt-br\/wp-json\/wp\/v2\/types\/post"}],"author":[{"embeddable":true,"href":"https:\/\/latamjournalismreview.org\/pt-br\/wp-json\/wp\/v2\/users\/16"}],"replies":[{"embeddable":true,"href":"https:\/\/latamjournalismreview.org\/pt-br\/wp-json\/wp\/v2\/comments?post=7282"}],"version-history":[{"count":3,"href":"https:\/\/latamjournalismreview.org\/pt-br\/wp-json\/wp\/v2\/posts\/7282\/revisions"}],"predecessor-version":[{"id":7285,"href":"https:\/\/latamjournalismreview.org\/pt-br\/wp-json\/wp\/v2\/posts\/7282\/revisions\/7285"}],"wp:featuredmedia":[{"embeddable":true,"href":"https:\/\/latamjournalismreview.org\/pt-br\/wp-json\/wp\/v2\/media\/7274"}],"wp:attachment":[{"href":"https:\/\/latamjournalismreview.org\/pt-br\/wp-json\/wp\/v2\/media?parent=7282"}],"wp:term":[{"taxonomy":"category","embeddable":true,"href":"https:\/\/latamjournalismreview.org\/pt-br\/wp-json\/wp\/v2\/categories?post=7282"},{"taxonomy":"post_tag","embeddable":true,"href":"https:\/\/latamjournalismreview.org\/pt-br\/wp-json\/wp\/v2\/tags?post=7282"},{"taxonomy":"author","embeddable":true,"href":"https:\/\/latamjournalismreview.org\/pt-br\/wp-json\/wp\/v2\/coauthors?post=7282"}],"curies":[{"name":"wp","href":"https:\/\/api.w.org\/{rel}","templated":true}]}}