{"id":73827,"date":"2023-04-04T15:09:35","date_gmt":"2023-04-04T20:09:35","guid":{"rendered":"https:\/\/latamjournalismreview.org\/?p=73827"},"modified":"2023-04-06T09:51:39","modified_gmt":"2023-04-06T14:51:39","slug":"governo-brasileiro-lanca-site-oficial-de-verificacao-de-fatos-e-desperta-criticas-de-agencias-independentes","status":"publish","type":"post","link":"https:\/\/latamjournalismreview.org\/pt-br\/articles\/governo-brasileiro-lanca-site-oficial-de-verificacao-de-fatos-e-desperta-criticas-de-agencias-independentes\/","title":{"rendered":"Governo brasileiro lan\u00e7a site oficial de verifica\u00e7\u00e3o de fatos e desperta cr\u00edticas de ag\u00eancias independentes"},"content":{"rendered":"<p><span style=\"font-weight: 400;\">Um novo site lan\u00e7ado pelo governo federal brasileiro com o prop\u00f3sito oficial de combater a desinforma\u00e7\u00e3o por meio de uma linguagem pr\u00f3pria a iniciativas de checagem de fatos motivou cr\u00edticas de profissionais e ag\u00eancias independentes de verifica\u00e7\u00e3o, que veem uma apropria\u00e7\u00e3o indevida de seu formato \u2014 por princ\u00edpio, isento e apartid\u00e1rio.\u00a0<\/span><\/p>\n<p><span style=\"font-weight: 400;\">Levado ao ar no dia 25 de mar\u00e7o pela Secretaria de Comunica\u00e7\u00e3o (Secom) do governo de Luiz In\u00e1cio Lula da Silva, o site <\/span><a href=\"https:\/\/www.gov.br\/secom\/pt-br\/fatos\/brasil-contra-fake\"><span style=\"font-weight: 400;\">Brasil Contra Fake<\/span><\/a><span style=\"font-weight: 400;\"> tem, como outras publica\u00e7\u00f5es governamentais, um \u00f3bvio vi\u00e9s favor\u00e1vel \u00e0s autoridades e pol\u00edticas no poder. Segundo seu release de lan\u00e7amento, no entanto, o seu objetivo \u00e9 tornar \u201cposs\u00edvel checar se um conte\u00fado recebido \u00e9 <\/span><i><span style=\"font-weight: 400;\">fake news<\/span><\/i><span style=\"font-weight: 400;\">\u201d \u2014 um vocabul\u00e1rio pr\u00f3prio aos verificadores de informa\u00e7\u00e3o.<\/span><\/p>\n<p><span style=\"font-weight: 400;\">A mistura entre checagem de fatos e propaganda, somada \u00e0 reprodu\u00e7\u00e3o indevida de conte\u00fados, \u00e0 n\u00e3o identifica\u00e7\u00e3o de algumas fontes e \u00e0 falta de crit\u00e9rio do que publicar, indignou jornalistas que trabalham h\u00e1 muito tempo com checagem de fatos, que lan\u00e7aram notas contra a iniciativa e se manifestaram em redes sociais. Em resposta, o governo promoveu pequenos ajustes no site, disse que as cr\u00edticas s\u00e3o bem-vindas e que n\u00e3o pretende ser uma ag\u00eancia de checagem.<\/span><\/p>\n<p><span style=\"font-weight: 400;\">A controv\u00e9rsia permite reflex\u00f5es sobre as diferen\u00e7as entre o jornalismo e a propaganda, e exp\u00f5e os desafios do governo brasileiro para combater a desinforma\u00e7\u00e3o, ap\u00f3s sofrer uma<\/span><a href=\"https:\/\/latamjournalismreview.org\/articles\/assault-robbery-and-death-threats-journalists-are-attacked-by-bolsonarists-while-covering-invasion-and-vandalism-of-public-buildings-in-brasilia\/\"><span style=\"font-weight: 400;\"> tentativa de golpe de estado no dia 8 de janeiro <\/span><\/a><span style=\"font-weight: 400;\">orquestrada por pessoas radicalizadas a partir de distor\u00e7\u00f5es e mentiras online.\u00a0\u00a0<\/span><\/p>\n<h3><span style=\"font-weight: 400;\">Saraivada de desmentidos<\/span><\/h3>\n<p><span style=\"font-weight: 400;\">A maioria do conte\u00fado do Brasil contra Fake, em sua primeira semana de vida, foi uma saraiva de desmentidos relacionados ao governo: \u201c<\/span><a href=\"https:\/\/www.gov.br\/secom\/pt-br\/fatos\/brasil-contra-fake\/noticias\/2023\/3\/e-falso-que-governo-vai-monitorar-telefonemas-whatsapp-e-redes-sociais-201ca-partir-de-amanha201d#:~:text=De%20acordo%20com%20apura%C3%A7%C3%A3o%20do,analisada%20pela%20Lupa%20%C3%A9%20falsa.\"><span style=\"font-weight: 400;\">\u00c9 falso que governo vai monitorar telefonemas, WhatsApp e redes sociais \u2018a partir de amanh\u00e3\u2019<\/span><\/a><span style=\"font-weight: 400;\">\u201d; \u201c<\/span><a href=\"https:\/\/www.gov.br\/secom\/pt-br\/fatos\/brasil-contra-fake\/noticias\/2023\/3\/e-fake-que-haddad-anunciou-em-2023-bolsa-travesti-no-valor-de-r-1-8-mil#:~:text=%C3%89%20falso!,travestis%20em%20situa%C3%A7%C3%A3o%20de%20vulnerabilidade.\"><span style=\"font-weight: 400;\">\u00c9 fake que Minist\u00e9rio da Fazenda tenha anunciado \u2018bolsa travesti\u2019 no valor de R$ 1,8 mil<\/span><\/a><span style=\"font-weight: 400;\">\u201d; \u201c<\/span><a href=\"https:\/\/www.gov.br\/secom\/pt-br\/fatos\/brasil-contra-fake\/noticias\/2023\/3\/e-falso-boato-que-projeto-de-lei-proibe-cultos-ao-ar-livre\"><span style=\"font-weight: 400;\">\u00c9 falso boato que projeto de lei pro\u00edbe cultos ao ar livre<\/span><\/a><span style=\"font-weight: 400;\">\u201d; \u201c<\/span><a href=\"https:\/\/www.gov.br\/secom\/pt-br\/fatos\/brasil-contra-fake\/noticias\/2023\/3\/e-falso-que-vacinas-contra-covid-19-causam-mal-subito\"><span style=\"font-weight: 400;\">\u00c9 falso que vacinas contra Covid-19 causem mal s\u00fabito<\/span><\/a><span style=\"font-weight: 400;\">\u201d; \u201c<\/span><a href=\"https:\/\/www.gov.br\/secom\/pt-br\/fatos\/brasil-contra-fake\/noticias\/2023\/3\/ministro-da-justica-nao-encontrou-traficantes-no-complexo-da-mare#:~:text=%C3%89%20falso%20que%20o%20ministro,sem%20nenhum%20lastro%20na%20realidade.\"><span style=\"font-weight: 400;\">Ministro da Justi\u00e7a n\u00e3o se encontrou com traficantes no Complexo da Mar\u00e9<\/span><\/a><span style=\"font-weight: 400;\">\u201d, foram algumas das notas publicadas no portal, rebatendo not\u00edcias falsas que circulam em m\u00eddias sociais.<\/span><\/p>\n<p><span style=\"font-weight: 400;\">Segundo as informa\u00e7\u00f5es das notas, alguns desses desmentidos foram apurados pelos pr\u00f3prios funcion\u00e1rios do governo, enquanto outros repetiram, sem autoriza\u00e7\u00e3o pr\u00e9via, conte\u00fado produzido por ve\u00edculos independentes de checagem. Esse foi o caso, por exemplo, de uma publica\u00e7\u00e3o refutando que a esposa de um dos mais poderosos traficantes brasileiros, Willians Camacho, o Marcola, assumiu um cargo no\u00a0 Minist\u00e9rio da Seguran\u00e7a P\u00fablica,<\/span><a href=\"https:\/\/lupa.uol.com.br\/jornalismo\/2022\/11\/11\/e-falso-que-lula-indicou-esposa-de-marcola-para-o-ministerio-da-seguranca-publica\"><span style=\"font-weight: 400;\"> informa\u00e7\u00e3o originalmente apurada pela Ag\u00eancia Lupa,<\/span><\/a><span style=\"font-weight: 400;\"> um dos ve\u00edculos pioneiros do fact checking brasileiro.<\/span><\/p>\n<div id=\"attachment_73836\" style=\"width: 450px\" class=\"wp-caption alignright\"><img loading=\"lazy\" decoding=\"async\" aria-describedby=\"caption-attachment-73836\" class=\"wp-image-73836\" src=\"https:\/\/latamjournalismreview.org\/wp-content\/uploads\/2023\/04\/print-brasil-contra-fake.png\" alt=\"Algumas publica\u00e7\u00f5es do Brasil Contra Fake\" width=\"440\" height=\"285\" srcset=\"https:\/\/latamjournalismreview.org\/wp-content\/uploads\/2023\/04\/print-brasil-contra-fake.png 937w, https:\/\/latamjournalismreview.org\/wp-content\/uploads\/2023\/04\/print-brasil-contra-fake-300x194.png 300w, https:\/\/latamjournalismreview.org\/wp-content\/uploads\/2023\/04\/print-brasil-contra-fake-768x497.png 768w\" sizes=\"auto, (max-width: 440px) 100vw, 440px\" \/><p id=\"caption-attachment-73836\" class=\"wp-caption-text\">Algumas publica\u00e7\u00f5es do Brasil Contra Fake (Imagem: Site Brasil Contra Fake\/Secom)<\/p><\/div>\n<p><span style=\"font-weight: 400;\">Ao lado dessas publica\u00e7\u00f5es com refuta\u00e7\u00f5es de falsidades, o site do governo inclui tamb\u00e9m informes sobre a\u00e7\u00f5es oficiais, e textos que rebatem opini\u00f5es \u2014 por natureza, subjetivas e imposs\u00edveis de desmentir.\u00a0\u00a0<\/span><\/p>\n<p><span style=\"font-weight: 400;\">Entre essas publica\u00e7\u00f5es que n\u00e3o se enquadram na categoria \u201dverifica\u00e7\u00e3o de fatos\u201d, h\u00e1 um comunicado sobre a prorroga\u00e7\u00e3o pelo <\/span><a href=\"https:\/\/www.gov.br\/secom\/pt-br\/fatos\/brasil-contra-fake\/noticias\/2023\/3\/governo-federal-prorroga-prazo-para-recadastramento-de-armas\"><span style=\"font-weight: 400;\">governo federal do prazo para o recadastramento de armas de fogo<\/span><\/a><span style=\"font-weight: 400;\">, um <\/span><a href=\"https:\/\/www.gov.br\/secom\/pt-br\/fatos\/brasil-contra-fake\/noticias\/2023\/3\/controladoria-geral-da-uniao-continua-sua-missao-no-combate-a-corrupcao\"><span style=\"font-weight: 400;\">artigo sobre como mudan\u00e7as na estrutura<\/span><\/a><span style=\"font-weight: 400;\"> da Controladoria-Geral da Uni\u00e3o (CGU) interferem no combate \u00e0 corrup\u00e7\u00e3o e uma <\/span><a href=\"https:\/\/www.gov.br\/secom\/pt-br\/fatos\/brasil-contra-fake\/noticias\/2023\/3\/governo-federal-esclarece-sobre-live-com-primeira-dama-em-canal-no-youtube\"><span style=\"font-weight: 400;\">nota defendendo a participa\u00e7\u00e3o<\/span><\/a><span style=\"font-weight: 400;\"> da primeira-dama em uma emissora de TV p\u00fablica \u2014 neste \u00faltimo caso, assim como em outras notas, n\u00e3o h\u00e1 nenhuma fonte a substanciar a publica\u00e7\u00e3o, contrariando outro princ\u00edpio b\u00e1sico da checagem.\u00a0<\/span><\/p>\n<h3><span style=\"font-weight: 400;\">Sem transpar\u00eancia, sem isen\u00e7\u00e3o<\/span><\/h3>\n<p><span style=\"font-weight: 400;\">Esta confus\u00e3o entre rela\u00e7\u00f5es p\u00fablicas e verifica\u00e7\u00e3o de informa\u00e7\u00f5es, somada \u00e0 apropria\u00e7\u00e3o de conte\u00fado e \u00e0 falta de crit\u00e9r sobre o que publicar, contraria pr\u00e1ticas consagradas por profissionais de fact checking. Segundo estes, a verifica\u00e7\u00e3o precisa ser sempre independente e transparente quanto a seus crit\u00e9rios. Tamb\u00e9m \u00e9 necess\u00e1rio explicitar quais fontes amparam suas informa\u00e7\u00f5es. Ao camuflar uma iniciativa publicit\u00e1ria com a apar\u00eancia de isen\u00e7\u00e3o jornal\u00edstica, afirmam os jornalistas, o governo acaba por minar quem realmente \u00e9 neutro, e contribui para a mesma desinforma\u00e7\u00e3o que diz pretender combater.\u00a0<\/span><\/p>\n<p><span style=\"font-weight: 400;\">\"S\u00f3 existe fact checking se ele for transparente, independente e apartid\u00e1rio. \u00c9 um tipo de ferramenta jornal\u00edstica criada justamente para fazer frente ao que o site do governo est\u00e1 fazendo, que \u00e9 propaganda\u201d, afirmou \u00e0 <strong>LatAm Journalism Review<\/strong> (<strong>LJR<\/strong>)<\/span><a href=\"https:\/\/twitter.com\/ctardaguila?ref_src=twsrc%5Egoogle%7Ctwcamp%5Eserp%7Ctwgr%5Eauthor\"><span style=\"font-weight: 400;\"> Cristina Tard\u00e1guila,<\/span><\/a><span style=\"font-weight: 400;\"> diretora de programas do International Center for Journalists (<\/span><a href=\"https:\/\/t.co\/oB7iBykZw8\"><span style=\"font-weight: 400;\">ICFJ<\/span><\/a><span style=\"font-weight: 400;\">), em Washington, e fundadora da <\/span><a href=\"https:\/\/lupa.uol.com.br\/\"><span style=\"font-weight: 400;\">Ag\u00eancia Lupa<\/span><\/a><span style=\"font-weight: 400;\">. \u201cQuando o governo denomina uma p\u00e1gina de propaganda como de checagem, ele envelopa a propaganda com contornos de verdade, e anula quem de fato verifica a sua propaganda\".\u00a0<\/span><\/p>\n<p><span style=\"font-weight: 400;\">Para <\/span><a href=\"https:\/\/twitter.com\/tainalon\"><span style=\"font-weight: 400;\">Tai Nalon<\/span><\/a><span style=\"font-weight: 400;\">, diretora-executiva da <\/span><a href=\"https:\/\/www.aosfatos.org\/\"><span style=\"font-weight: 400;\">Aos Fatos<\/span><\/a><span style=\"font-weight: 400;\">, outra ag\u00eancia brasileira de checagem pioneira, a iniciativa tem boas inten\u00e7\u00f5es, mas foi mal planejada e pode gerar mais desinforma\u00e7\u00e3o.\u00a0<\/span><\/p>\n<p><span style=\"font-weight: 400;\">\u201cO grande problema foi que o governo misturou notas<\/span><span style=\"font-weight: 400;\"> de esclarecimento, informa\u00e7\u00f5es oficiais e checagem de fatos\u201d, afirmou Nalon \u00e0 <strong>LJR<\/strong>. \u201cO governo obviamente deve prestar contas, mas ele \u00e9 uma parte interessada, e as partes interessadas s\u00e3o fontes no jornalismo, n\u00e3o praticam o jornalismo em si. A checagem \u00e9 uma t\u00e9cnica jornal\u00edstica que tem uma metodologia que garante algum grau de isen\u00e7\u00e3o e neutralidade. Quando \u00e9 usada pelo governo para fazer propaganda, no entanto, perde a confiabilidade\u201d.<\/span><\/p>\n<p><span style=\"font-weight: 400;\">Segundo <\/span><a href=\"https:\/\/twitter.com\/natalialevien\"><span style=\"font-weight: 400;\">Nat\u00e1lia Leal<\/span><\/a><span style=\"font-weight: 400;\">, atual CEO da Lupa, o site constitui uma \u201capropria\u00e7\u00e3o do discurso, que demonstra desconhecimento do que \u00e9 checagem de fatos por parte da Secom e da Secretaria de Imprensa do governo. A checagem \u00e9 feita sobre dois princ\u00edpios, a transpar\u00eancia e o apartidarismo. Se tem um lado, e todo governo tem um lado, ent\u00e3o n\u00e3o \u00e9 checagem\u201d.<\/span><\/p>\n<h3><span style=\"font-weight: 400;\">Celeuma e passo atr\u00e1s<\/span><\/h3>\n<p><span style=\"font-weight: 400;\">No meio jornal\u00edstico, a repercuss\u00e3o da iniciativa foi muito negativa. A <\/span><a href=\"https:\/\/lupa.uol.com.br\/jornalismo\/2023\/03\/27\/governo-site-brasil-contra-fakes\"><span style=\"font-weight: 400;\">Lupa publicou um texto<\/span><\/a><span style=\"font-weight: 400;\"> enumerando problemas da iniciativa do ponto de vista t\u00e9cnico. Nas redes sociais, professores de jornalismo, como Pedro Burgos, disseram que a iniciativa \u00e9 <\/span><a href=\"https:\/\/twitter.com\/Burgos\/status\/1641442594130644992\"><span style=\"font-weight: 400;\">\u201cp\u00e9ssima\u201d<\/span><\/a><span style=\"font-weight: 400;\">. Os tr\u00eas maiores jornais brasileiros, <\/span><a href=\"https:\/\/www1.folha.uol.com.br\/poder\/2023\/03\/agencias-de-checagem-veem-politizacao-em-acao-de-lula-contra-fake-news.shtml\"><span style=\"font-weight: 400;\">Folha de S\u00e3o Paulo, <\/span><\/a><a href=\"https:\/\/oglobo.globo.com\/politica\/noticia\/2023\/03\/lula-lanca-plataforma-para-dizer-o-que-e-fake-news-e-e-alvo-de-criticas.ghtml\"><span style=\"font-weight: 400;\">O Globo<\/span><\/a><span style=\"font-weight: 400;\"> e <\/span><a href=\"https:\/\/www.estadao.com.br\/politica\/checagem-de-fatos-vinda-do-setor-publico-soa-um-alarme-diz-conselheira-de-rede-de-fact-checking\/\"><span style=\"font-weight: 400;\">Estado de S\u00e3o Paulo<\/span><\/a><span style=\"font-weight: 400;\"> publicaram not\u00edcias e reportagens cr\u00edticos \u00e0 empreitada.<\/span><\/p>\n<p><span style=\"font-weight: 400;\">O governo reagiu \u00e0 repercuss\u00e3o, e parou de usar o vocabul\u00e1rio espec\u00edfico de sites de verifica\u00e7\u00e3o. Se, em<\/span><a href=\"https:\/\/web.archive.org\/web\/20230327192406\/https:\/\/www.gov.br\/secom\/pt-br\/fatos\/brasil-contra-fake\/campanha-brasil-contra-fake\"><span style=\"font-weight: 400;\"> sua descri\u00e7\u00e3o no lan\u00e7amento<\/span><\/a><span style=\"font-weight: 400;\">, a p\u00e1gina afirmava \u201cestamos aqui para te ajudar a checar fatos em rela\u00e7\u00e3o ao Governo Federal\u201d, o site foi desde ent\u00e3o atualizado e <\/span><a href=\"https:\/\/www.gov.br\/secom\/pt-br\/fatos\/brasil-contra-fake\/campanha-brasil-contra-fake\"><span style=\"font-weight: 400;\">diz agora<\/span><\/a><span style=\"font-weight: 400;\"> a vers\u00e3o um pouco mais neutra \u201c<\/span><span style=\"font-weight: 400;\">estamos aqui para te ajudar e esclarecer sobre a\u00e7\u00f5es do Governo Federal\u201d.<\/span><\/p>\n<p><span style=\"font-weight: 400;\">O <a href=\"https:\/\/twitter.com\/LulaOficial\/status\/1640076724665737218\">pr\u00f3prio presidente Lula chegou a tuitar<\/a> que tratava-se de \u201cuma plataforma de checagem de informa\u00e7\u00f5es e combate \u00e0 desinforma\u00e7\u00e3o\", mas agora o site n\u00e3o afirma mais ter esse prop\u00f3sito.<\/span><\/p>\n<p><span style=\"font-weight: 400;\">Em resposta a perguntas da reportagem, a Secom afirmou que \u201co site Brasil Contra Fake n\u00e3o \u00e9 uma ag\u00eancia de checagem. \u00c9 um espa\u00e7o de informa\u00e7\u00f5es e esclarecimentos sobre desinforma\u00e7\u00e3o referente \u00e0s a\u00e7\u00f5es institucionais e pol\u00edticas p\u00fablicas do Governo Federal\u201d.<\/span><\/p>\n<p><span style=\"font-weight: 400;\">O site, acrescentou a Secom,\u00a0 busca desmentir \u201cnot\u00edcias falsas ou distorcidas relacionadas \u00e0s pol\u00edticas do Governo Federal e todos os temas correlatos\u201d, e o trabalho \u00e9 feito por seus pr\u00f3prios funcion\u00e1rios.<\/span><\/p>\n<p><span style=\"font-weight: 400;\">Al\u00e9m dos ajustes no discurso oficial, a equipe respons\u00e1vel pelo site tamb\u00e9m marcou uma reuni\u00e3o por videochamada com representantes de ve\u00edculos de checagem de not\u00edcias na semana passada.\u00a0<\/span><\/p>\n<p><span style=\"font-weight: 400;\">Segundo duas pessoas presentes no encontro, que n\u00e3o quiseram se identificar, representantes da Secom pediram desculpas por terem replicado informa\u00e7\u00f5es sem autoriza\u00e7\u00e3o pr\u00e9via, e disseram que fizeram isso porque acharam que n\u00e3o haveria problemas. Tamb\u00e9m prometeram ajustar o discurso empregado para evitar atritos.<\/span><\/p>\n<p><span style=\"font-weight: 400;\">\u00c0 <\/span><b>LJR<\/b><span style=\"font-weight: 400;\">, a Secom disse que \u201co di\u00e1logo com as plataformas e com as entidades que debatem o problema da desinforma\u00e7\u00e3o ser\u00e1 constante e ampliado, especialmente pela gravidade do tema. Vamos sempre ouvir e processar todas as cr\u00edticas construtivas sobre este tema ou qualquer outro que envolva a Secom\u201d.<\/span><\/p>\n<h3><span style=\"font-weight: 400;\">Disputas sobre a linguagem<\/span><\/h3>\n<p><span style=\"font-weight: 400;\">O site Brasil Contra Fake integra uma campanha mais ampla, que inclui tamb\u00e9m a veicula\u00e7\u00e3o de pe\u00e7as publicit\u00e1rias sobre a desinforma\u00e7\u00e3o em canais de TVs abertos e fechados,em r\u00e1dios no interior do pa\u00eds, em cinema, portais e sites e em redes sociais. Essa \u00e9 a primeira fase da campanha, com previs\u00e3o inicial de veicula\u00e7\u00e3o por tr\u00eas meses.\u00a0<\/span><\/p>\n<p><span style=\"font-weight: 400;\">O governo n\u00e3o respondeu \u00e0 reportagem qual \u00e9 o custo da iniciativa, mas, <\/span><a href=\"https:\/\/a.storyblok.com\/f\/134103\/x\/5bbb807ed6\/resposta_secom.pdf\"><span style=\"font-weight: 400;\">\u00e0 Lupa,<\/span><\/a><span style=\"font-weight: 400;\"> disse que \u201ca campanha tem investimento de R$20 milh\u00f5es em m\u00eddia\u201d.<\/span><\/p>\n<p><span style=\"font-weight: 400;\">Al\u00e9m dos erros que j\u00e1 assumiu, o site desperta uma discuss\u00e3o sobre em que medida \u00e9 prejudicial a confus\u00e3o entre jornalismo e propaganda, e sobre quem tem o direito a usar cada linguagem.<\/span><\/p>\n<p><a href=\"https:\/\/twitter.com\/taisehttps:\/\/desinformante.com.br\/governos-checagem-de-fatos\/coisas\"><span style=\"font-weight: 400;\">Para Ta\u00eds Seibt<\/span><\/a><span style=\"font-weight: 400;\">, professora de jornalismo da Unisinos, no Rio Grande do Sul, que fez sua tese de doutorado sobre checagem de fatos, uma verifica\u00e7\u00e3o governamental pode ser bem-vinda, contanto seja baseada em fatos e deixe as suas fontes claras.<\/span><\/p>\n<p><span style=\"font-weight: 400;\">\u201dO problema n\u00e3o \u00e9 a iniciativa em si, mas como ela est\u00e1 sendo feita. Mas pode ser uma boa iniciativa, se apresentar m\u00e9todos mais claros baseados em fatos e dados\u201d, afirmou Seibt \u00e0 <strong>LJR<\/strong>. \u201cPrecisamos de mais atores produzindo informa\u00e7\u00f5es de qualidade, baseadas em fatos, e \u00e9 poss\u00edvel usar esse formato do fact checking. Mas uma coisa b\u00e1sica \u00e9 mostrar as fontes, e embasar as afirma\u00e7\u00f5es em evid\u00eancias. Se isso n\u00e3o est\u00e1 sendo feito, torna-se mais um problema a ser combatido\u201d.<\/span><\/p>\n<p><span style=\"font-weight: 400;\">Seibt observa que j\u00e1 houve v\u00e1rias outras iniciativas oficiais reivindicando para si o termo fact checking. Em 2018, durante o mandato de Michel Temer (MDB), o <\/span><a href=\"https:\/\/www.correiobraziliense.com.br\/app\/noticia\/brasil\/2018\/09\/20\/interna-brasil,707072\/ministerio-da-saude-identifica-185-focos-de-fake-news-e-reforca-campan.shtml\"><span style=\"font-weight: 400;\">Minist\u00e9rio da Sa\u00fade lan\u00e7ou um site<\/span><\/a><span style=\"font-weight: 400;\"> com a linguagem. No auge da pandemia de coronav\u00edrus, <\/span><a href=\"https:\/\/revistas.sopcom.pt\/index.php\/comunicando\/article\/view\/115\"><span style=\"font-weight: 400;\">alguns governos estaduais do PT<\/span><\/a><span style=\"font-weight: 400;\"> tamb\u00e9m empregaram a estrat\u00e9gia. Nas elei\u00e7\u00f5es do ano passado, v\u00e1rios candidatos tiveram sites do tipo, inclusive o pr\u00f3prio Lula \u2014 no caso, <\/span><a href=\"https:\/\/noticias.uol.com.br\/eleicoes\/2022\/09\/20\/tse-manda-tirar-do-ar-site-campanha-lula.htm\"><span style=\"font-weight: 400;\">a p\u00e1gina de verifica\u00e7\u00e3o do atual presidente foi tirada do ar pela Justi\u00e7a<\/span><\/a><span style=\"font-weight: 400;\">, por entender que se tratava de propaganda disfar\u00e7ada.<\/span><\/p>\n<p><span style=\"font-weight: 400;\">Para Tard\u00e1guila, do ICJF, essa pr\u00e1tica sempre foi errada, e \u201cganha outra escala\u201d no momento em que passa a ser praticada diretamente pela Presid\u00eancia da Rep\u00fablica. Ela afirma tamb\u00e9m que o esfor\u00e7o \u00e9 provavelmente in\u00fatil.\u00a0<\/span><\/p>\n<p><span style=\"font-weight: 400;\">\u201cComo rep\u00f3rter, e por toda a minha vida fui rep\u00f3rter, sempre que recebi uma posi\u00e7\u00e3o oficial, tive certeza de que aquela posi\u00e7\u00e3o era mentira. A sociedade tem a mesma posi\u00e7\u00e3o em rela\u00e7\u00e3o a desmentidos do governo\u201d, afirmou. \u201c\u00c9 muito dinheiro e muito esfor\u00e7o centrados em uma a\u00e7\u00e3o cujo retorno com certeza ser\u00e1 baix\u00edssimo. A pessoa que acredita em absurdos n\u00e3o vai deixar de acreditar porque o governo desdisse\u201d.<\/span><\/p>\n<p><span style=\"font-weight: 400;\">Al\u00e9m da pol\u00eamica sobre as diferen\u00e7as entre jornalismo e propaganda, o caso revela tamb\u00e9m a dificuldade do governo brasileiro, que assumiu em janeiro, para combater a desinforma\u00e7\u00e3o. Integrantes da Secom relatam haver uma busca urgente por medidas que deixem claro que o governo quer combater as chamadas not\u00edcias falsas e a desinforma\u00e7\u00e3o. Essa pressa enfrenta um problema complexo, para o qual existem poucos precedentes.<\/span><\/p>\n<p><span style=\"font-weight: 400;\">\u201cSe a gente soubesse como combater desinforma\u00e7\u00e3o de maneira eficiente, n\u00e3o estar\u00edamos enfrentando todos os problemas que atualmente enfrentamos\u201d, afirmou Tai Nalon, da Aos Fatos. \u201cEntendo que haja pressa em combater a desinforma\u00e7\u00e3o, sobretudo aquela que vem junto com o extremismo e a paranoia. Mas com certeza o governo tem estrat\u00e9gias muito mais eficientes para fazer isso, justamente porque tem dados, dinheiro e influ\u00eancia. Ele \u00e9 capaz de fazer campanhas mais estruturadas e planejadas. Me parece complicado usar uma roupagem jornal\u00edstica para esclarecimentos oficiais\u201d.<\/span><\/p>\n","protected":false},"excerpt":{"rendered":"<p>Um novo site lan\u00e7ado pelo governo federal brasileiro com o prop\u00f3sito oficial de combater a desinforma\u00e7\u00e3o por meio de uma linguagem pr\u00f3pria a iniciativas de checagem de fatos motivou cr\u00edticas de profissionais e ag\u00eancias independentes de verifica\u00e7\u00e3o, que veem uma apropria\u00e7\u00e3o indevida de seu formato \u2014 por princ\u00edpio, isento e apartid\u00e1rio.\u00a0<\/p>\n","protected":false},"author":63,"featured_media":73833,"comment_status":"closed","ping_status":"closed","sticky":false,"template":"","format":"standard","meta":{"inline_featured_image":false,"footnotes":""},"categories":[1235],"tags":[1555,1451],"coauthors":[],"class_list":["post-73827","post","type-post","status-publish","format-standard","has-post-thumbnail","hentry","category-noticias-falsas-e-desinformacao-pt-br","tag-acesso-a-informacao-pt-br","tag-fact-checking-pt-br"],"acf":[],"yoast_head":"<!-- This site is optimized with the Yoast SEO Premium plugin v22.6 (Yoast SEO v27.4) - https:\/\/yoast.com\/product\/yoast-seo-premium-wordpress\/ -->\n<title>Governo brasileiro lan\u00e7a site oficial de verifica\u00e7\u00e3o de fatos e desperta cr\u00edticas de ag\u00eancias independentes - LatAm Journalism Review by the Knight Center<\/title>\n<meta name=\"description\" content=\"Governo brasileiro lan\u00e7a site oficial de verifica\u00e7\u00e3o de fatos e desperta cr\u00edticas de ag\u00eancias independentes Not\u00edcias falsas e desinforma\u00e7\u00e3o. Latin American Journalism Review by The Knight Center at The University of Texas at Austin.\" \/>\n<meta name=\"robots\" content=\"index, follow, max-snippet:-1, max-image-preview:large, max-video-preview:-1\" \/>\n<link rel=\"canonical\" href=\"https:\/\/latamjournalismreview.org\/pt-br\/articles\/governo-brasileiro-lanca-site-oficial-de-verificacao-de-fatos-e-desperta-criticas-de-agencias-independentes\/\" \/>\n<meta property=\"og:locale\" content=\"pt_BR\" \/>\n<meta property=\"og:type\" content=\"article\" \/>\n<meta property=\"og:title\" content=\"Governo brasileiro lan\u00e7a site oficial de verifica\u00e7\u00e3o de fatos e desperta cr\u00edticas de ag\u00eancias independentes\" \/>\n<meta property=\"og:description\" content=\"Governo brasileiro lan\u00e7a site oficial de verifica\u00e7\u00e3o de fatos e desperta cr\u00edticas de ag\u00eancias independentes Not\u00edcias falsas e desinforma\u00e7\u00e3o. Latin American Journalism Review by The Knight Center at The University of Texas at Austin.\" \/>\n<meta property=\"og:url\" content=\"https:\/\/latamjournalismreview.org\/pt-br\/articles\/governo-brasileiro-lanca-site-oficial-de-verificacao-de-fatos-e-desperta-criticas-de-agencias-independentes\/\" \/>\n<meta property=\"og:site_name\" content=\"LatAm Journalism Review by the Knight Center\" \/>\n<meta property=\"article:published_time\" content=\"2023-04-04T20:09:35+00:00\" \/>\n<meta property=\"article:modified_time\" content=\"2023-04-06T14:51:39+00:00\" \/>\n<meta property=\"og:image\" content=\"https:\/\/latamjournalismreview.org\/wp-content\/uploads\/2023\/04\/Featured-brasil.png\" \/>\n\t<meta property=\"og:image:width\" content=\"507\" \/>\n\t<meta property=\"og:image:height\" content=\"340\" \/>\n\t<meta property=\"og:image:type\" content=\"image\/png\" \/>\n<meta name=\"author\" content=\"Andr\u00e9 Duchiade\" \/>\n<meta name=\"twitter:card\" content=\"summary_large_image\" \/>\n<meta name=\"twitter:creator\" content=\"@duchiadeandre\" \/>\n<meta name=\"twitter:site\" content=\"@LatAmJournalism\" \/>\n<meta name=\"twitter:label1\" content=\"Written by\" \/>\n\t<meta name=\"twitter:data1\" content=\"Andr\u00e9 Duchiade\" \/>\n\t<meta name=\"twitter:label2\" content=\"Est. reading time\" \/>\n\t<meta name=\"twitter:data2\" content=\"10 minutos\" \/>\n<script type=\"application\/ld+json\" class=\"yoast-schema-graph\">{\"@context\":\"https:\\\/\\\/schema.org\",\"@graph\":[{\"@type\":\"Article\",\"@id\":\"https:\\\/\\\/latamjournalismreview.org\\\/pt-br\\\/articles\\\/governo-brasileiro-lanca-site-oficial-de-verificacao-de-fatos-e-desperta-criticas-de-agencias-independentes\\\/#article\",\"isPartOf\":{\"@id\":\"https:\\\/\\\/latamjournalismreview.org\\\/pt-br\\\/articles\\\/governo-brasileiro-lanca-site-oficial-de-verificacao-de-fatos-e-desperta-criticas-de-agencias-independentes\\\/\"},\"author\":{\"name\":\"Andr\u00e9 Duchiade\",\"@id\":\"https:\\\/\\\/latamjournalismreview.org\\\/pt-br\\\/#\\\/schema\\\/person\\\/4a1fa2e1f971d8470c7b9fc6fe72468b\"},\"headline\":\"Governo brasileiro lan\u00e7a site oficial de verifica\u00e7\u00e3o de fatos e desperta cr\u00edticas de ag\u00eancias independentes\",\"datePublished\":\"2023-04-04T20:09:35+00:00\",\"dateModified\":\"2023-04-06T14:51:39+00:00\",\"mainEntityOfPage\":{\"@id\":\"https:\\\/\\\/latamjournalismreview.org\\\/pt-br\\\/articles\\\/governo-brasileiro-lanca-site-oficial-de-verificacao-de-fatos-e-desperta-criticas-de-agencias-independentes\\\/\"},\"wordCount\":2044,\"publisher\":{\"@id\":\"https:\\\/\\\/latamjournalismreview.org\\\/pt-br\\\/#organization\"},\"image\":{\"@id\":\"https:\\\/\\\/latamjournalismreview.org\\\/pt-br\\\/articles\\\/governo-brasileiro-lanca-site-oficial-de-verificacao-de-fatos-e-desperta-criticas-de-agencias-independentes\\\/#primaryimage\"},\"thumbnailUrl\":\"https:\\\/\\\/latamjournalismreview.org\\\/wp-content\\\/uploads\\\/2023\\\/04\\\/Featured-brasil.png\",\"keywords\":[\"Acesso a informa\u00e7\u00e3o\",\"Fact-checking\"],\"articleSection\":[\"Not\u00edcias falsas e desinforma\u00e7\u00e3o\"],\"inLanguage\":\"pt-BR\"},{\"@type\":\"WebPage\",\"@id\":\"https:\\\/\\\/latamjournalismreview.org\\\/pt-br\\\/articles\\\/governo-brasileiro-lanca-site-oficial-de-verificacao-de-fatos-e-desperta-criticas-de-agencias-independentes\\\/\",\"url\":\"https:\\\/\\\/latamjournalismreview.org\\\/pt-br\\\/articles\\\/governo-brasileiro-lanca-site-oficial-de-verificacao-de-fatos-e-desperta-criticas-de-agencias-independentes\\\/\",\"name\":\"Governo brasileiro lan\u00e7a site oficial de verifica\u00e7\u00e3o de fatos e desperta cr\u00edticas de ag\u00eancias independentes - LatAm Journalism Review by the Knight Center\",\"isPartOf\":{\"@id\":\"https:\\\/\\\/latamjournalismreview.org\\\/pt-br\\\/#website\"},\"primaryImageOfPage\":{\"@id\":\"https:\\\/\\\/latamjournalismreview.org\\\/pt-br\\\/articles\\\/governo-brasileiro-lanca-site-oficial-de-verificacao-de-fatos-e-desperta-criticas-de-agencias-independentes\\\/#primaryimage\"},\"image\":{\"@id\":\"https:\\\/\\\/latamjournalismreview.org\\\/pt-br\\\/articles\\\/governo-brasileiro-lanca-site-oficial-de-verificacao-de-fatos-e-desperta-criticas-de-agencias-independentes\\\/#primaryimage\"},\"thumbnailUrl\":\"https:\\\/\\\/latamjournalismreview.org\\\/wp-content\\\/uploads\\\/2023\\\/04\\\/Featured-brasil.png\",\"datePublished\":\"2023-04-04T20:09:35+00:00\",\"dateModified\":\"2023-04-06T14:51:39+00:00\",\"description\":\"Governo brasileiro lan\u00e7a site oficial de verifica\u00e7\u00e3o de fatos e desperta cr\u00edticas de ag\u00eancias independentes Not\u00edcias falsas e desinforma\u00e7\u00e3o. Latin American Journalism Review by The Knight Center at The University of Texas at Austin.\",\"breadcrumb\":{\"@id\":\"https:\\\/\\\/latamjournalismreview.org\\\/pt-br\\\/articles\\\/governo-brasileiro-lanca-site-oficial-de-verificacao-de-fatos-e-desperta-criticas-de-agencias-independentes\\\/#breadcrumb\"},\"inLanguage\":\"pt-BR\",\"potentialAction\":[{\"@type\":\"ReadAction\",\"target\":[\"https:\\\/\\\/latamjournalismreview.org\\\/pt-br\\\/articles\\\/governo-brasileiro-lanca-site-oficial-de-verificacao-de-fatos-e-desperta-criticas-de-agencias-independentes\\\/\"]}]},{\"@type\":\"ImageObject\",\"inLanguage\":\"pt-BR\",\"@id\":\"https:\\\/\\\/latamjournalismreview.org\\\/pt-br\\\/articles\\\/governo-brasileiro-lanca-site-oficial-de-verificacao-de-fatos-e-desperta-criticas-de-agencias-independentes\\\/#primaryimage\",\"url\":\"https:\\\/\\\/latamjournalismreview.org\\\/wp-content\\\/uploads\\\/2023\\\/04\\\/Featured-brasil.png\",\"contentUrl\":\"https:\\\/\\\/latamjournalismreview.org\\\/wp-content\\\/uploads\\\/2023\\\/04\\\/Featured-brasil.png\",\"width\":507,\"height\":340,\"caption\":\"Capa de entrada do site Brasil Contra Fake, lan\u00e7ado pelo Governo Federal Brasileiro (Imagem: Site Brasil Contra Fake\\\/Secom)\"},{\"@type\":\"BreadcrumbList\",\"@id\":\"https:\\\/\\\/latamjournalismreview.org\\\/pt-br\\\/articles\\\/governo-brasileiro-lanca-site-oficial-de-verificacao-de-fatos-e-desperta-criticas-de-agencias-independentes\\\/#breadcrumb\",\"itemListElement\":[{\"@type\":\"ListItem\",\"position\":1,\"name\":\"Home\",\"item\":\"https:\\\/\\\/latamjournalismreview.org\\\/pt-br\\\/\"},{\"@type\":\"ListItem\",\"position\":2,\"name\":\"Governo brasileiro lan\u00e7a site oficial de verifica\u00e7\u00e3o de fatos e desperta cr\u00edticas de ag\u00eancias independentes\"}]},{\"@type\":\"WebSite\",\"@id\":\"https:\\\/\\\/latamjournalismreview.org\\\/pt-br\\\/#website\",\"url\":\"https:\\\/\\\/latamjournalismreview.org\\\/pt-br\\\/\",\"name\":\"LatAm Journalism Review\",\"description\":\"Digital magazine on journalism in Latin America\",\"publisher\":{\"@id\":\"https:\\\/\\\/latamjournalismreview.org\\\/pt-br\\\/#organization\"},\"potentialAction\":[{\"@type\":\"SearchAction\",\"target\":{\"@type\":\"EntryPoint\",\"urlTemplate\":\"https:\\\/\\\/latamjournalismreview.org\\\/pt-br\\\/?s={search_term_string}\"},\"query-input\":{\"@type\":\"PropertyValueSpecification\",\"valueRequired\":true,\"valueName\":\"search_term_string\"}}],\"inLanguage\":\"pt-BR\"},{\"@type\":\"Organization\",\"@id\":\"https:\\\/\\\/latamjournalismreview.org\\\/pt-br\\\/#organization\",\"name\":\"LatAm Journalism Review\",\"url\":\"https:\\\/\\\/latamjournalismreview.org\\\/pt-br\\\/\",\"logo\":{\"@type\":\"ImageObject\",\"inLanguage\":\"pt-BR\",\"@id\":\"https:\\\/\\\/latamjournalismreview.org\\\/pt-br\\\/#\\\/schema\\\/logo\\\/image\\\/\",\"url\":\"https:\\\/\\\/latamjournalismreview.org\\\/wp-content\\\/uploads\\\/2020\\\/05\\\/knight-latAm-review-logo.svg\",\"contentUrl\":\"https:\\\/\\\/latamjournalismreview.org\\\/wp-content\\\/uploads\\\/2020\\\/05\\\/knight-latAm-review-logo.svg\",\"width\":\"1024\",\"height\":\"1024\",\"caption\":\"LatAm Journalism Review\"},\"image\":{\"@id\":\"https:\\\/\\\/latamjournalismreview.org\\\/pt-br\\\/#\\\/schema\\\/logo\\\/image\\\/\"},\"sameAs\":[\"https:\\\/\\\/x.com\\\/LatAmJournalism\"]},{\"@type\":\"Person\",\"@id\":\"https:\\\/\\\/latamjournalismreview.org\\\/pt-br\\\/#\\\/schema\\\/person\\\/4a1fa2e1f971d8470c7b9fc6fe72468b\",\"name\":\"Andr\u00e9 Duchiade\",\"description\":\"Andr\u00e9 Duchiade is a Brazilian journalist and translator based in Rio de Janeiro. Andr\u00e9 worked on the international politics desk at O Globo from 2018 to February 2023, and his stories have been published at The Scientific American, The Intercept, \u00c9poca, and Ag\u00eancia P\u00fablica de Jornalismo, among others. He is also a former Media Fellow at the Global Public Policy Institute (GPPi) in Berlin. Andr\u00e9 Duchiade es un periodista y traductor brasile\u00f1o que vive en R\u00edo de Janeiro. Andr\u00e9 trabaj\u00f3 en la redacci\u00f3n de pol\u00edtica internacional de O Globo entre 2018 y febrero de 2023, y se han publicado historias suyas en The Scientific American, The Intercept, \u00c9poca y Ag\u00eancia P\u00fablica de Jornalismo, entre otros. Tambi\u00e9n fue Media Fellow en el Global Public Policy Institute (GPPi) de Berl\u00edn. Andr\u00e9 Duchiade \u00e9 um jornalista e tradutor brasileiro que mora no Rio de Janeiro. Andr\u00e9 trabalhou como rep\u00f3rter na editoria de pol\u00edtica internacional de O Globo entre 2018 e fevereiro de 2023, e suas mat\u00e9ria foram publicadas em The Scientific American, The Intercept, \u00c9poca, Jornal do Brasil e Ag\u00eancia P\u00fablica de Jornalismo, entre outros. Ele tamb\u00e9m foi fellow de m\u00eddia no Global Public Policy Institute (GPPi) em Berlim em 2020 e 2021.\",\"sameAs\":[\"https:\\\/\\\/x.com\\\/duchiadeandre\"],\"url\":\"https:\\\/\\\/latamjournalismreview.org\\\/pt-br\\\/articles\\\/author\\\/andre-duchiade\\\/\"}]}<\/script>\n<!-- \/ Yoast SEO Premium plugin. -->","yoast_head_json":{"title":"Governo brasileiro lan\u00e7a site oficial de verifica\u00e7\u00e3o de fatos e desperta cr\u00edticas de ag\u00eancias independentes - LatAm Journalism Review by the Knight Center","description":"Governo brasileiro lan\u00e7a site oficial de verifica\u00e7\u00e3o de fatos e desperta cr\u00edticas de ag\u00eancias independentes Not\u00edcias falsas e desinforma\u00e7\u00e3o. Latin American Journalism Review by The Knight Center at The University of Texas at Austin.","robots":{"index":"index","follow":"follow","max-snippet":"max-snippet:-1","max-image-preview":"max-image-preview:large","max-video-preview":"max-video-preview:-1"},"canonical":"https:\/\/latamjournalismreview.org\/pt-br\/articles\/governo-brasileiro-lanca-site-oficial-de-verificacao-de-fatos-e-desperta-criticas-de-agencias-independentes\/","og_locale":"pt_BR","og_type":"article","og_title":"Governo brasileiro lan\u00e7a site oficial de verifica\u00e7\u00e3o de fatos e desperta cr\u00edticas de ag\u00eancias independentes","og_description":"Governo brasileiro lan\u00e7a site oficial de verifica\u00e7\u00e3o de fatos e desperta cr\u00edticas de ag\u00eancias independentes Not\u00edcias falsas e desinforma\u00e7\u00e3o. Latin American Journalism Review by The Knight Center at The University of Texas at Austin.","og_url":"https:\/\/latamjournalismreview.org\/pt-br\/articles\/governo-brasileiro-lanca-site-oficial-de-verificacao-de-fatos-e-desperta-criticas-de-agencias-independentes\/","og_site_name":"LatAm Journalism Review by the Knight Center","article_published_time":"2023-04-04T20:09:35+00:00","article_modified_time":"2023-04-06T14:51:39+00:00","og_image":[{"width":507,"height":340,"url":"https:\/\/latamjournalismreview.org\/wp-content\/uploads\/2023\/04\/Featured-brasil.png","type":"image\/png"}],"author":"Andr\u00e9 Duchiade","twitter_card":"summary_large_image","twitter_creator":"@duchiadeandre","twitter_site":"@LatAmJournalism","twitter_misc":{"Written by":"Andr\u00e9 Duchiade","Est. reading time":"10 minutos"},"schema":{"@context":"https:\/\/schema.org","@graph":[{"@type":"Article","@id":"https:\/\/latamjournalismreview.org\/pt-br\/articles\/governo-brasileiro-lanca-site-oficial-de-verificacao-de-fatos-e-desperta-criticas-de-agencias-independentes\/#article","isPartOf":{"@id":"https:\/\/latamjournalismreview.org\/pt-br\/articles\/governo-brasileiro-lanca-site-oficial-de-verificacao-de-fatos-e-desperta-criticas-de-agencias-independentes\/"},"author":{"name":"Andr\u00e9 Duchiade","@id":"https:\/\/latamjournalismreview.org\/pt-br\/#\/schema\/person\/4a1fa2e1f971d8470c7b9fc6fe72468b"},"headline":"Governo brasileiro lan\u00e7a site oficial de verifica\u00e7\u00e3o de fatos e desperta cr\u00edticas de ag\u00eancias independentes","datePublished":"2023-04-04T20:09:35+00:00","dateModified":"2023-04-06T14:51:39+00:00","mainEntityOfPage":{"@id":"https:\/\/latamjournalismreview.org\/pt-br\/articles\/governo-brasileiro-lanca-site-oficial-de-verificacao-de-fatos-e-desperta-criticas-de-agencias-independentes\/"},"wordCount":2044,"publisher":{"@id":"https:\/\/latamjournalismreview.org\/pt-br\/#organization"},"image":{"@id":"https:\/\/latamjournalismreview.org\/pt-br\/articles\/governo-brasileiro-lanca-site-oficial-de-verificacao-de-fatos-e-desperta-criticas-de-agencias-independentes\/#primaryimage"},"thumbnailUrl":"https:\/\/latamjournalismreview.org\/wp-content\/uploads\/2023\/04\/Featured-brasil.png","keywords":["Acesso a informa\u00e7\u00e3o","Fact-checking"],"articleSection":["Not\u00edcias falsas e desinforma\u00e7\u00e3o"],"inLanguage":"pt-BR"},{"@type":"WebPage","@id":"https:\/\/latamjournalismreview.org\/pt-br\/articles\/governo-brasileiro-lanca-site-oficial-de-verificacao-de-fatos-e-desperta-criticas-de-agencias-independentes\/","url":"https:\/\/latamjournalismreview.org\/pt-br\/articles\/governo-brasileiro-lanca-site-oficial-de-verificacao-de-fatos-e-desperta-criticas-de-agencias-independentes\/","name":"Governo brasileiro lan\u00e7a site oficial de verifica\u00e7\u00e3o de fatos e desperta cr\u00edticas de ag\u00eancias independentes - LatAm Journalism Review by the Knight Center","isPartOf":{"@id":"https:\/\/latamjournalismreview.org\/pt-br\/#website"},"primaryImageOfPage":{"@id":"https:\/\/latamjournalismreview.org\/pt-br\/articles\/governo-brasileiro-lanca-site-oficial-de-verificacao-de-fatos-e-desperta-criticas-de-agencias-independentes\/#primaryimage"},"image":{"@id":"https:\/\/latamjournalismreview.org\/pt-br\/articles\/governo-brasileiro-lanca-site-oficial-de-verificacao-de-fatos-e-desperta-criticas-de-agencias-independentes\/#primaryimage"},"thumbnailUrl":"https:\/\/latamjournalismreview.org\/wp-content\/uploads\/2023\/04\/Featured-brasil.png","datePublished":"2023-04-04T20:09:35+00:00","dateModified":"2023-04-06T14:51:39+00:00","description":"Governo brasileiro lan\u00e7a site oficial de verifica\u00e7\u00e3o de fatos e desperta cr\u00edticas de ag\u00eancias independentes Not\u00edcias falsas e desinforma\u00e7\u00e3o. Latin American Journalism Review by The Knight Center at The University of Texas at Austin.","breadcrumb":{"@id":"https:\/\/latamjournalismreview.org\/pt-br\/articles\/governo-brasileiro-lanca-site-oficial-de-verificacao-de-fatos-e-desperta-criticas-de-agencias-independentes\/#breadcrumb"},"inLanguage":"pt-BR","potentialAction":[{"@type":"ReadAction","target":["https:\/\/latamjournalismreview.org\/pt-br\/articles\/governo-brasileiro-lanca-site-oficial-de-verificacao-de-fatos-e-desperta-criticas-de-agencias-independentes\/"]}]},{"@type":"ImageObject","inLanguage":"pt-BR","@id":"https:\/\/latamjournalismreview.org\/pt-br\/articles\/governo-brasileiro-lanca-site-oficial-de-verificacao-de-fatos-e-desperta-criticas-de-agencias-independentes\/#primaryimage","url":"https:\/\/latamjournalismreview.org\/wp-content\/uploads\/2023\/04\/Featured-brasil.png","contentUrl":"https:\/\/latamjournalismreview.org\/wp-content\/uploads\/2023\/04\/Featured-brasil.png","width":507,"height":340,"caption":"Capa de entrada do site Brasil Contra Fake, lan\u00e7ado pelo Governo Federal Brasileiro (Imagem: Site Brasil Contra Fake\/Secom)"},{"@type":"BreadcrumbList","@id":"https:\/\/latamjournalismreview.org\/pt-br\/articles\/governo-brasileiro-lanca-site-oficial-de-verificacao-de-fatos-e-desperta-criticas-de-agencias-independentes\/#breadcrumb","itemListElement":[{"@type":"ListItem","position":1,"name":"Home","item":"https:\/\/latamjournalismreview.org\/pt-br\/"},{"@type":"ListItem","position":2,"name":"Governo brasileiro lan\u00e7a site oficial de verifica\u00e7\u00e3o de fatos e desperta cr\u00edticas de ag\u00eancias independentes"}]},{"@type":"WebSite","@id":"https:\/\/latamjournalismreview.org\/pt-br\/#website","url":"https:\/\/latamjournalismreview.org\/pt-br\/","name":"LatAm Journalism Review","description":"Digital magazine on journalism in Latin America","publisher":{"@id":"https:\/\/latamjournalismreview.org\/pt-br\/#organization"},"potentialAction":[{"@type":"SearchAction","target":{"@type":"EntryPoint","urlTemplate":"https:\/\/latamjournalismreview.org\/pt-br\/?s={search_term_string}"},"query-input":{"@type":"PropertyValueSpecification","valueRequired":true,"valueName":"search_term_string"}}],"inLanguage":"pt-BR"},{"@type":"Organization","@id":"https:\/\/latamjournalismreview.org\/pt-br\/#organization","name":"LatAm Journalism Review","url":"https:\/\/latamjournalismreview.org\/pt-br\/","logo":{"@type":"ImageObject","inLanguage":"pt-BR","@id":"https:\/\/latamjournalismreview.org\/pt-br\/#\/schema\/logo\/image\/","url":"https:\/\/latamjournalismreview.org\/wp-content\/uploads\/2020\/05\/knight-latAm-review-logo.svg","contentUrl":"https:\/\/latamjournalismreview.org\/wp-content\/uploads\/2020\/05\/knight-latAm-review-logo.svg","width":"1024","height":"1024","caption":"LatAm Journalism Review"},"image":{"@id":"https:\/\/latamjournalismreview.org\/pt-br\/#\/schema\/logo\/image\/"},"sameAs":["https:\/\/x.com\/LatAmJournalism"]},{"@type":"Person","@id":"https:\/\/latamjournalismreview.org\/pt-br\/#\/schema\/person\/4a1fa2e1f971d8470c7b9fc6fe72468b","name":"Andr\u00e9 Duchiade","description":"Andr\u00e9 Duchiade is a Brazilian journalist and translator based in Rio de Janeiro. Andr\u00e9 worked on the international politics desk at O Globo from 2018 to February 2023, and his stories have been published at The Scientific American, The Intercept, \u00c9poca, and Ag\u00eancia P\u00fablica de Jornalismo, among others. He is also a former Media Fellow at the Global Public Policy Institute (GPPi) in Berlin. Andr\u00e9 Duchiade es un periodista y traductor brasile\u00f1o que vive en R\u00edo de Janeiro. Andr\u00e9 trabaj\u00f3 en la redacci\u00f3n de pol\u00edtica internacional de O Globo entre 2018 y febrero de 2023, y se han publicado historias suyas en The Scientific American, The Intercept, \u00c9poca y Ag\u00eancia P\u00fablica de Jornalismo, entre otros. Tambi\u00e9n fue Media Fellow en el Global Public Policy Institute (GPPi) de Berl\u00edn. Andr\u00e9 Duchiade \u00e9 um jornalista e tradutor brasileiro que mora no Rio de Janeiro. Andr\u00e9 trabalhou como rep\u00f3rter na editoria de pol\u00edtica internacional de O Globo entre 2018 e fevereiro de 2023, e suas mat\u00e9ria foram publicadas em The Scientific American, The Intercept, \u00c9poca, Jornal do Brasil e Ag\u00eancia P\u00fablica de Jornalismo, entre outros. Ele tamb\u00e9m foi fellow de m\u00eddia no Global Public Policy Institute (GPPi) em Berlim em 2020 e 2021.","sameAs":["https:\/\/x.com\/duchiadeandre"],"url":"https:\/\/latamjournalismreview.org\/pt-br\/articles\/author\/andre-duchiade\/"}]}},"_links":{"self":[{"href":"https:\/\/latamjournalismreview.org\/pt-br\/wp-json\/wp\/v2\/posts\/73827","targetHints":{"allow":["GET"]}}],"collection":[{"href":"https:\/\/latamjournalismreview.org\/pt-br\/wp-json\/wp\/v2\/posts"}],"about":[{"href":"https:\/\/latamjournalismreview.org\/pt-br\/wp-json\/wp\/v2\/types\/post"}],"author":[{"embeddable":true,"href":"https:\/\/latamjournalismreview.org\/pt-br\/wp-json\/wp\/v2\/users\/63"}],"replies":[{"embeddable":true,"href":"https:\/\/latamjournalismreview.org\/pt-br\/wp-json\/wp\/v2\/comments?post=73827"}],"version-history":[{"count":8,"href":"https:\/\/latamjournalismreview.org\/pt-br\/wp-json\/wp\/v2\/posts\/73827\/revisions"}],"predecessor-version":[{"id":73927,"href":"https:\/\/latamjournalismreview.org\/pt-br\/wp-json\/wp\/v2\/posts\/73827\/revisions\/73927"}],"wp:featuredmedia":[{"embeddable":true,"href":"https:\/\/latamjournalismreview.org\/pt-br\/wp-json\/wp\/v2\/media\/73833"}],"wp:attachment":[{"href":"https:\/\/latamjournalismreview.org\/pt-br\/wp-json\/wp\/v2\/media?parent=73827"}],"wp:term":[{"taxonomy":"category","embeddable":true,"href":"https:\/\/latamjournalismreview.org\/pt-br\/wp-json\/wp\/v2\/categories?post=73827"},{"taxonomy":"post_tag","embeddable":true,"href":"https:\/\/latamjournalismreview.org\/pt-br\/wp-json\/wp\/v2\/tags?post=73827"},{"taxonomy":"author","embeddable":true,"href":"https:\/\/latamjournalismreview.org\/pt-br\/wp-json\/wp\/v2\/coauthors?post=73827"}],"curies":[{"name":"wp","href":"https:\/\/api.w.org\/{rel}","templated":true}]}}