{"id":74330,"date":"2023-04-17T12:10:55","date_gmt":"2023-04-17T17:10:55","guid":{"rendered":"https:\/\/latamjournalismreview.org\/?p=74330"},"modified":"2023-04-17T12:12:10","modified_gmt":"2023-04-17T17:12:10","slug":"jornalistas-debatem-futuro-do-combate-a-desinformacao-em-um-mundo-polarizado-no-isoj-2023","status":"publish","type":"post","link":"https:\/\/latamjournalismreview.org\/pt-br\/articles\/jornalistas-debatem-futuro-do-combate-a-desinformacao-em-um-mundo-polarizado-no-isoj-2023\/","title":{"rendered":"Jornalistas debatem futuro do combate \u00e0 desinforma\u00e7\u00e3o em um mundo polarizado no ISOJ 2023"},"content":{"rendered":"<p dir=\"ltr\"><strong>Por Keaton Peters*<\/strong><\/p>\n<p dir=\"ltr\">Com a ascens\u00e3o das redes sociais e a crescente polariza\u00e7\u00e3o pol\u00edtica, o fact-checking \u00e9 mais necess\u00e1rio do que nunca, mas tamb\u00e9m \u00e9 mais desafiador fazer com que o p\u00fablico acredite na verifica\u00e7\u00e3o dos fatos. As redes sociais permitem que a desinforma\u00e7\u00e3o prolifere rapidamente e, em um ambiente pol\u00edtico cada vez mais hiperpartid\u00e1rio, narrativas que se encaixam em uma agenda pol\u00edtica ganham facilmente tra\u00e7\u00e3o, sejam elas verdadeiras ou n\u00e3o.<\/p>\n<p dir=\"ltr\">\"O maior problema que voc\u00ea enfrenta no fact-checking \u00e9 o vi\u00e9s de confirma\u00e7\u00e3o\", disse\u00a0<a href=\"https:\/\/isoj.org\/speakers-2023\/glenn-kessler\/\" target=\"_blank\" rel=\"noopener noreferrer\"><u>Glenn Kessler<\/u><\/a>, o principal verificador de fatos do Washington Post. As pessoas s\u00e3o mais suscet\u00edveis a acreditar apenas em fatos que apoiam suas cren\u00e7as pr\u00e9-existentes, e descartam o que n\u00e3o confirma seus vieses.<\/p>\n<p dir=\"ltr\">Kessler falou no painel do 24\u00ba Simp\u00f3sio Internacional de Jornalismo Online (ISOJ) intitulado \"Mentir na pol\u00edtica, converter not\u00edcias falsas em armas e atacar jornalistas: O que aprendemos at\u00e9 agora e como reagir \u00e0 infodemia\"?<\/p>\n<div id=\"attachment_74275\" style=\"width: 588px\" class=\"wp-caption aligncenter\"><img loading=\"lazy\" decoding=\"async\" aria-describedby=\"caption-attachment-74275\" class=\"wp-image-74276 \" src=\"https:\/\/latamjournalismreview.org\/wp-content\/uploads\/2023\/04\/52819567603_5e69c08f6a_k-e1681660799977.jpg\" alt=\"Five panelists discuss on the ISOJ stage, at UT Austin.\" width=\"578\" height=\"331\" \/><p id=\"caption-attachment-74275\" class=\"wp-caption-text\">Painelistas enfatizaram a necessidade de checar afirma\u00e7\u00f5es vindas de todos os lados do debate pol\u00edtico. (Foto: Patricia Lim\/Knight Center)<\/p><\/div>\n<p>&nbsp;<\/p>\n<p>&nbsp;<\/p>\n<p dir=\"ltr\">O painel foi moderado por\u00a0<a href=\"https:\/\/isoj.org\/speakers-2023\/anya-schiffrin-4\/\" target=\"_blank\" rel=\"noopener noreferrer\"><u>Anya Schiffrin<\/u><\/a>, professora s\u00eanior e diretora de Tecnologia, M\u00eddia e Comunica\u00e7\u00e3o da Escola de Assuntos Internacionais e P\u00fablicos da Universidade de Columbia. Para Schiffrin, os riscos da hiperpolariza\u00e7\u00e3o s\u00e3o altos, e o jornalismo \u00e9 mais necess\u00e1rio do que nunca para discernir a verdade. \"Quando h\u00e1 polariza\u00e7\u00e3o, os jornalistas est\u00e3o na linha de frente e a verdade est\u00e1 na linha de frente\", disse Schiffrin.<\/p>\n<p dir=\"ltr\">Ap\u00f3s a introdu\u00e7\u00e3o de Schiffrin, o painel come\u00e7ou com coment\u00e1rios de\u00a0<a href=\"https:\/\/isoj.org\/speakers-2023\/khaya-himmelman\/\" target=\"_blank\" rel=\"noopener noreferrer\"><u>Khaya Himmelman<\/u><\/a>, que delineou dois exemplos recentes de desinforma\u00e7\u00e3o para ilustrar como ela pode come\u00e7ar pequena, mas eventualmente se torna perigosa. Himmelman \u00e9 uma jornalista baseada em Nova York que escreveu sobre desinforma\u00e7\u00e3o pol\u00edtica para The Dispatch antes de aceitar um emprego no The Messenger.<\/p>\n<p dir=\"ltr\">\"A desinforma\u00e7\u00e3o muitas vezes come\u00e7a em lugares pequenos e obscuros antes de se tornar viral\", disse Himmelman, descrevendo o caso de dois trabalhadores eleitorais no condado de Fulton, Ge\u00f3rgia, que foram falsamente acusados de fazer seu trabalho de uma forma que ajudou Joe Biden a vencer no estado em 2020. A mentira come\u00e7ou em um site de not\u00edcias pouco conhecido da direita, Gateway Pundit, mas acabou sendo repetida por Donald Trump em seu agora infame telefonema com o Secret\u00e1rio de Estado da Ge\u00f3rgia Brad Raffensberg. Os trabalhadores eleitorais est\u00e3o processando o Gateway Pundit por difama\u00e7\u00e3o.<\/p>\n<p dir=\"ltr\">O segundo exemplo de Himmelman ilustra como a desinforma\u00e7\u00e3o pode se espalhar quando h\u00e1 uma emerg\u00eancia e a resposta do governo ou \u00e9 tardia, inadequada ou ambas. No recente descarrilamento do trem na cidade de Palestina Oriental, no estado de Ohio, Himmelman disse que informa\u00e7\u00f5es falsas se espalharam rapidamente porque \"\u00e9 muito f\u00e1cil para os te\u00f3ricos da conspira\u00e7\u00e3o intervir quando os detalhes ainda s\u00e3o obscuros quando o governo n\u00e3o interv\u00e9m rapidamente\".<\/p>\n<p dir=\"ltr\">\"Os disseminadores da desinforma\u00e7\u00e3o v\u00e3o tirar vantagem desse momento\", disse Himmelman.<\/p>\n<p dir=\"ltr\">Tamb\u00e9m no painel,\u00a0<a href=\"https:\/\/isoj.org\/speakers-2023\/bill-adair\/\" target=\"_blank\" rel=\"noopener noreferrer\"><u>Bill Adair<\/u><\/a>, fundador da\u00a0<a href=\"https:\/\/www.politifact.com\/\" target=\"_blank\" rel=\"noopener noreferrer\"><u>PolitiFact<\/u><\/a>, c\u00e1tedra Knight de jornalismo e pol\u00edtica p\u00fablica na Duke University e diretor do laborat\u00f3rio da Duke Reporter, queria encontrar maneiras criativas de levar informa\u00e7\u00f5es checadas ao p\u00fablico.<\/p>\n<p dir=\"ltr\">\"A verifica\u00e7\u00e3o dos fatos precisa de uma reinicializa\u00e7\u00e3o. A verifica\u00e7\u00e3o dos fatos n\u00e3o est\u00e1 conseguindo alcan\u00e7ar as pessoas que mais precisam\", disse Adair.<\/p>\n<p dir=\"ltr\">Adair acredita que os jornalistas precisam ser criativos sobre como alcan\u00e7ar mais cidad\u00e3os e sugeriu incluir \"fact-checking nas bombas de gasolina\" nas telas que normalmente mostram an\u00fancios enquanto os motoristas enchem seus tanques.<\/p>\n<p dir=\"ltr\">Al\u00e9m de ideias ao n\u00edvel das ruas como colocar checagem de fatos em postos de gasolina, Adair tamb\u00e9m est\u00e1 procurando usar intelig\u00eancia artificial para melhorar a checagem de fatos, mas no outro lado, ele tamb\u00e9m disse que isso cria \"um campo de batalha totalmente novo\", pois tamb\u00e9m poderia aumentar a dissemina\u00e7\u00e3o de desinforma\u00e7\u00e3o.<\/p>\n<p dir=\"ltr\">\"A IA nos ajudar\u00e1 a detectar a desinforma\u00e7\u00e3o e nos ajudar\u00e1 a clonar as verifica\u00e7\u00f5es de fatos e a implant\u00e1-las onde for necess\u00e1rio\", disse Adair.<\/p>\n<p dir=\"ltr\">Existem lacunas significativas na verifica\u00e7\u00e3o de fatos nos Estados Unidos a n\u00edvel do governo local. Embora indiv\u00edduos como Donald Trump tenham suas declara\u00e7\u00f5es checadas in\u00fameras vezes, Adair citou estat\u00edsticas que menos da metade dos governadores dos EUA e apenas 8% dos membros do Congresso e apenas 47 representantes nos governos estaduais j\u00e1 haviam tido declara\u00e7\u00f5es checadas.<\/p>\n<p dir=\"ltr\">Fora dos Estados Unidos, os esfor\u00e7os para fazer o fact-checking de declara\u00e7\u00f5es de pol\u00edticos tamb\u00e9m criaram rela\u00e7\u00f5es cada vez mais hostis entre a imprensa e os chefes de estado que ela cobre. O painel do ISOJ incluiu\u00a0<a href=\"https:\/\/isoj.org\/speakers-2023\/sergio-davila\/\" target=\"_blank\" rel=\"noopener noreferrer\"><u>S\u00e9rgio D\u00e1vila<\/u><\/a>, editor-chefe da Folha de S.Paulo, um dos maiores jornais di\u00e1rios do Brasil, e que foi frequentemente alvo de ataques do ex-presidente Jair Bolsonaro.<\/p>\n<p dir=\"ltr\">D\u00e1vila apresentou uma compila\u00e7\u00e3o em v\u00eddeo de Bolsonaro criticando a cobertura da Folha de S.Paulo e degradando seus jornalistas, e falou sobre como Bolsonaro e seus filhos lideraram uma campanha online de ass\u00e9dio sexual acusando falsamente uma jornalista que escreveu uma cobertura negativa sobre Bolsonaro de trocar sexo por um furo sobre a hist\u00f3ria.<\/p>\n<p dir=\"ltr\">Com Bolsonaro fora do poder, D\u00e1vila disse que o novo presidente Luiz In\u00e1cio Lula da Silva, conhecido como Lula, \u00e9 \"muito mais respeitoso\", mas D\u00e1vila expressou preocupa\u00e7\u00e3o com as tentativas de Lula de criar um verificador oficial de fatos do governo.<\/p>\n<p dir=\"ltr\">\"Isso \u00e9 absurdo; isso \u00e9 orwelliano\", disse D\u00e1vila.<\/p>\n<p dir=\"ltr\">V\u00e1rios membros do painel enfatizaram a necessidade de verificar diligentemente as afirma\u00e7\u00f5es provenientes de ambos os lados da divis\u00e3o pol\u00edtica. Desde que fez da verifica\u00e7\u00e3o de fatos uma caracter\u00edstica permanente da cobertura do Washington Post a partir de 2011 para fazer \"verifica\u00e7\u00f5es de fatos de declara\u00e7\u00f5es discretas de pol\u00edticos\", Kessler disse que ele enfrentou hostilidade tanto da direita como da esquerda quando n\u00e3o concordaram com seu fact-checking.<\/p>\n<p dir=\"ltr\">Seguindo adiante, Schiffrin espera ver mais arcos narrativos para a verifica\u00e7\u00e3o de fatos que v\u00e3o al\u00e9m da verdade e falsidade das pr\u00f3prias afirma\u00e7\u00f5es e \"descobrir sistematicamente quais s\u00e3o as motiva\u00e7\u00f5es financeiras\" subjacentes \u00e0 dissemina\u00e7\u00e3o da desinforma\u00e7\u00e3o.<\/p>\n<p dir=\"ltr\">Com a campanha eleitoral de 2024 nos Estados Unidos j\u00e1 se aquecendo, a verifica\u00e7\u00e3o de fatos \u00e9 mais importante do que nunca.<\/p>\n<p dir=\"ltr\">\"Not\u00edcias falsas n\u00e3o v\u00e3o a lugar algum, mas h\u00e1 coisas que podemos fazer para nos anteciparmos a elas\", disse Himmelman.<\/p>\n<p><em>*Keaton Peters \u00e9 um jornalista freelancer baseado em Austin, Texas, cursando mestrado em jornalismo na Universidade do Texas em Austin. Suas reportagens foram publicadas no Austin-American Statesman, Reporting Texas e Branch Out, onde ele normalmente cobre energia, meio ambiente e pol\u00edtica, mas adora contar hist\u00f3rias convincentes, n\u00e3o importa a se\u00e7\u00e3o. Antes de se tornar jornalista, Keaton teve uma breve carreira em organiza\u00e7\u00f5es sem fins lucrativos e foi editor do Daily Californian, o jornal estudantil da Universidade da Calif\u00f3rnia em Berkeley, onde se formou com um bacharelado em Ret\u00f3rica.<\/em><\/p>\n","protected":false},"excerpt":{"rendered":"<p>Glenn Kessler, chefe de fact-checking no Washington Post, Khaya Himmelman, rep\u00f3rter de desinforma\u00e7\u00e3o pol\u00edtica, Bill Adair, fundador do PolitiFact, e S\u00e9rgio D\u00e1vila, editor-chefe do jornal brasileiro Folha de S.Paulo, falaram em um painel sobre fact-checking e desinforma\u00e7\u00e3o em tempos hiperpolarizados, moderado por Anya Schiffrin, da Universidade de Columbia.<\/p>\n","protected":false},"author":17,"featured_media":74279,"comment_status":"closed","ping_status":"closed","sticky":false,"template":"","format":"standard","meta":{"inline_featured_image":false,"footnotes":""},"categories":[1346],"tags":[1576],"coauthors":[],"class_list":["post-74330","post","type-post","status-publish","format-standard","has-post-thumbnail","hentry","category-isoj-pt-br","tag-noticias-falsas-pt-br"],"acf":[],"yoast_head":"<!-- This site is optimized with the Yoast SEO Premium plugin v22.6 (Yoast SEO v27.4) - https:\/\/yoast.com\/product\/yoast-seo-premium-wordpress\/ -->\n<title>Jornalistas debatem futuro do combate \u00e0 desinforma\u00e7\u00e3o em um mundo polarizado no ISOJ 2023 - LatAm Journalism Review by the Knight Center<\/title>\n<meta name=\"description\" content=\"Jornalistas debatem futuro do combate \u00e0 desinforma\u00e7\u00e3o em um mundo polarizado no ISOJ 2023 ISOJ. Latin American Journalism Review by The Knight Center at The University of Texas at Austin.\" \/>\n<meta name=\"robots\" content=\"index, follow, max-snippet:-1, max-image-preview:large, max-video-preview:-1\" \/>\n<link rel=\"canonical\" href=\"https:\/\/latamjournalismreview.org\/pt-br\/articles\/jornalistas-debatem-futuro-do-combate-a-desinformacao-em-um-mundo-polarizado-no-isoj-2023\/\" \/>\n<meta property=\"og:locale\" content=\"pt_BR\" \/>\n<meta property=\"og:type\" content=\"article\" \/>\n<meta property=\"og:title\" content=\"Jornalistas debatem futuro do combate \u00e0 desinforma\u00e7\u00e3o em um mundo polarizado no ISOJ 2023\" \/>\n<meta property=\"og:description\" content=\"Jornalistas debatem futuro do combate \u00e0 desinforma\u00e7\u00e3o em um mundo polarizado no ISOJ 2023 ISOJ. Latin American Journalism Review by The Knight Center at The University of Texas at Austin.\" \/>\n<meta property=\"og:url\" content=\"https:\/\/latamjournalismreview.org\/pt-br\/articles\/jornalistas-debatem-futuro-do-combate-a-desinformacao-em-um-mundo-polarizado-no-isoj-2023\/\" \/>\n<meta property=\"og:site_name\" content=\"LatAm Journalism Review by the Knight Center\" \/>\n<meta property=\"article:published_time\" content=\"2023-04-17T17:10:55+00:00\" \/>\n<meta property=\"article:modified_time\" content=\"2023-04-17T17:12:10+00:00\" \/>\n<meta property=\"og:image\" content=\"https:\/\/latamjournalismreview.org\/wp-content\/uploads\/2023\/04\/52819311194_52869b23c8_k.jpg\" \/>\n\t<meta property=\"og:image:width\" content=\"2047\" \/>\n\t<meta property=\"og:image:height\" content=\"1365\" \/>\n\t<meta property=\"og:image:type\" content=\"image\/jpeg\" \/>\n<meta name=\"author\" content=\"Guest\" \/>\n<meta name=\"twitter:card\" content=\"summary_large_image\" \/>\n<meta name=\"twitter:creator\" content=\"@LatAmJournalism\" \/>\n<meta name=\"twitter:site\" content=\"@LatAmJournalism\" \/>\n<meta name=\"twitter:label1\" content=\"Written by\" \/>\n\t<meta name=\"twitter:data1\" content=\"Guest\" \/>\n\t<meta name=\"twitter:label2\" content=\"Est. reading time\" \/>\n\t<meta name=\"twitter:data2\" content=\"6 minutos\" \/>\n<script type=\"application\/ld+json\" class=\"yoast-schema-graph\">{\"@context\":\"https:\\\/\\\/schema.org\",\"@graph\":[{\"@type\":\"Article\",\"@id\":\"https:\\\/\\\/latamjournalismreview.org\\\/pt-br\\\/articles\\\/jornalistas-debatem-futuro-do-combate-a-desinformacao-em-um-mundo-polarizado-no-isoj-2023\\\/#article\",\"isPartOf\":{\"@id\":\"https:\\\/\\\/latamjournalismreview.org\\\/pt-br\\\/articles\\\/jornalistas-debatem-futuro-do-combate-a-desinformacao-em-um-mundo-polarizado-no-isoj-2023\\\/\"},\"author\":{\"name\":\"Guest\",\"@id\":\"https:\\\/\\\/latamjournalismreview.org\\\/pt-br\\\/#\\\/schema\\\/person\\\/0315202e0b3c0963a2440f1c3012c360\"},\"headline\":\"Jornalistas debatem futuro do combate \u00e0 desinforma\u00e7\u00e3o em um mundo polarizado no ISOJ 2023\",\"datePublished\":\"2023-04-17T17:10:55+00:00\",\"dateModified\":\"2023-04-17T17:12:10+00:00\",\"mainEntityOfPage\":{\"@id\":\"https:\\\/\\\/latamjournalismreview.org\\\/pt-br\\\/articles\\\/jornalistas-debatem-futuro-do-combate-a-desinformacao-em-um-mundo-polarizado-no-isoj-2023\\\/\"},\"wordCount\":1244,\"publisher\":{\"@id\":\"https:\\\/\\\/latamjournalismreview.org\\\/pt-br\\\/#organization\"},\"image\":{\"@id\":\"https:\\\/\\\/latamjournalismreview.org\\\/pt-br\\\/articles\\\/jornalistas-debatem-futuro-do-combate-a-desinformacao-em-um-mundo-polarizado-no-isoj-2023\\\/#primaryimage\"},\"thumbnailUrl\":\"https:\\\/\\\/latamjournalismreview.org\\\/wp-content\\\/uploads\\\/2023\\\/04\\\/52819311194_52869b23c8_k.jpg\",\"keywords\":[\"Not\u00edcias falsas\"],\"articleSection\":[\"ISOJ\"],\"inLanguage\":\"pt-BR\"},{\"@type\":\"WebPage\",\"@id\":\"https:\\\/\\\/latamjournalismreview.org\\\/pt-br\\\/articles\\\/jornalistas-debatem-futuro-do-combate-a-desinformacao-em-um-mundo-polarizado-no-isoj-2023\\\/\",\"url\":\"https:\\\/\\\/latamjournalismreview.org\\\/pt-br\\\/articles\\\/jornalistas-debatem-futuro-do-combate-a-desinformacao-em-um-mundo-polarizado-no-isoj-2023\\\/\",\"name\":\"Jornalistas debatem futuro do combate \u00e0 desinforma\u00e7\u00e3o em um mundo polarizado no ISOJ 2023 - LatAm Journalism Review by the Knight Center\",\"isPartOf\":{\"@id\":\"https:\\\/\\\/latamjournalismreview.org\\\/pt-br\\\/#website\"},\"primaryImageOfPage\":{\"@id\":\"https:\\\/\\\/latamjournalismreview.org\\\/pt-br\\\/articles\\\/jornalistas-debatem-futuro-do-combate-a-desinformacao-em-um-mundo-polarizado-no-isoj-2023\\\/#primaryimage\"},\"image\":{\"@id\":\"https:\\\/\\\/latamjournalismreview.org\\\/pt-br\\\/articles\\\/jornalistas-debatem-futuro-do-combate-a-desinformacao-em-um-mundo-polarizado-no-isoj-2023\\\/#primaryimage\"},\"thumbnailUrl\":\"https:\\\/\\\/latamjournalismreview.org\\\/wp-content\\\/uploads\\\/2023\\\/04\\\/52819311194_52869b23c8_k.jpg\",\"datePublished\":\"2023-04-17T17:10:55+00:00\",\"dateModified\":\"2023-04-17T17:12:10+00:00\",\"description\":\"Jornalistas debatem futuro do combate \u00e0 desinforma\u00e7\u00e3o em um mundo polarizado no ISOJ 2023 ISOJ. Latin American Journalism Review by The Knight Center at The University of Texas at Austin.\",\"breadcrumb\":{\"@id\":\"https:\\\/\\\/latamjournalismreview.org\\\/pt-br\\\/articles\\\/jornalistas-debatem-futuro-do-combate-a-desinformacao-em-um-mundo-polarizado-no-isoj-2023\\\/#breadcrumb\"},\"inLanguage\":\"pt-BR\",\"potentialAction\":[{\"@type\":\"ReadAction\",\"target\":[\"https:\\\/\\\/latamjournalismreview.org\\\/pt-br\\\/articles\\\/jornalistas-debatem-futuro-do-combate-a-desinformacao-em-um-mundo-polarizado-no-isoj-2023\\\/\"]}]},{\"@type\":\"ImageObject\",\"inLanguage\":\"pt-BR\",\"@id\":\"https:\\\/\\\/latamjournalismreview.org\\\/pt-br\\\/articles\\\/jornalistas-debatem-futuro-do-combate-a-desinformacao-em-um-mundo-polarizado-no-isoj-2023\\\/#primaryimage\",\"url\":\"https:\\\/\\\/latamjournalismreview.org\\\/wp-content\\\/uploads\\\/2023\\\/04\\\/52819311194_52869b23c8_k.jpg\",\"contentUrl\":\"https:\\\/\\\/latamjournalismreview.org\\\/wp-content\\\/uploads\\\/2023\\\/04\\\/52819311194_52869b23c8_k.jpg\",\"width\":2047,\"height\":1365,\"caption\":\"Four panelists discuss on the ISOJ stage, at UT Austin.\"},{\"@type\":\"BreadcrumbList\",\"@id\":\"https:\\\/\\\/latamjournalismreview.org\\\/pt-br\\\/articles\\\/jornalistas-debatem-futuro-do-combate-a-desinformacao-em-um-mundo-polarizado-no-isoj-2023\\\/#breadcrumb\",\"itemListElement\":[{\"@type\":\"ListItem\",\"position\":1,\"name\":\"Home\",\"item\":\"https:\\\/\\\/latamjournalismreview.org\\\/pt-br\\\/\"},{\"@type\":\"ListItem\",\"position\":2,\"name\":\"Jornalistas debatem futuro do combate \u00e0 desinforma\u00e7\u00e3o em um mundo polarizado no ISOJ 2023\"}]},{\"@type\":\"WebSite\",\"@id\":\"https:\\\/\\\/latamjournalismreview.org\\\/pt-br\\\/#website\",\"url\":\"https:\\\/\\\/latamjournalismreview.org\\\/pt-br\\\/\",\"name\":\"LatAm Journalism Review\",\"description\":\"Digital magazine on journalism in Latin America\",\"publisher\":{\"@id\":\"https:\\\/\\\/latamjournalismreview.org\\\/pt-br\\\/#organization\"},\"potentialAction\":[{\"@type\":\"SearchAction\",\"target\":{\"@type\":\"EntryPoint\",\"urlTemplate\":\"https:\\\/\\\/latamjournalismreview.org\\\/pt-br\\\/?s={search_term_string}\"},\"query-input\":{\"@type\":\"PropertyValueSpecification\",\"valueRequired\":true,\"valueName\":\"search_term_string\"}}],\"inLanguage\":\"pt-BR\"},{\"@type\":\"Organization\",\"@id\":\"https:\\\/\\\/latamjournalismreview.org\\\/pt-br\\\/#organization\",\"name\":\"LatAm Journalism Review\",\"url\":\"https:\\\/\\\/latamjournalismreview.org\\\/pt-br\\\/\",\"logo\":{\"@type\":\"ImageObject\",\"inLanguage\":\"pt-BR\",\"@id\":\"https:\\\/\\\/latamjournalismreview.org\\\/pt-br\\\/#\\\/schema\\\/logo\\\/image\\\/\",\"url\":\"https:\\\/\\\/latamjournalismreview.org\\\/wp-content\\\/uploads\\\/2020\\\/05\\\/knight-latAm-review-logo.svg\",\"contentUrl\":\"https:\\\/\\\/latamjournalismreview.org\\\/wp-content\\\/uploads\\\/2020\\\/05\\\/knight-latAm-review-logo.svg\",\"width\":\"1024\",\"height\":\"1024\",\"caption\":\"LatAm Journalism Review\"},\"image\":{\"@id\":\"https:\\\/\\\/latamjournalismreview.org\\\/pt-br\\\/#\\\/schema\\\/logo\\\/image\\\/\"},\"sameAs\":[\"https:\\\/\\\/x.com\\\/LatAmJournalism\"]},{\"@type\":\"Person\",\"@id\":\"https:\\\/\\\/latamjournalismreview.org\\\/pt-br\\\/#\\\/schema\\\/person\\\/0315202e0b3c0963a2440f1c3012c360\",\"name\":\"Guest\",\"url\":\"https:\\\/\\\/latamjournalismreview.org\\\/pt-br\\\/articles\\\/author\\\/guest\\\/\"}]}<\/script>\n<!-- \/ Yoast SEO Premium plugin. -->","yoast_head_json":{"title":"Jornalistas debatem futuro do combate \u00e0 desinforma\u00e7\u00e3o em um mundo polarizado no ISOJ 2023 - LatAm Journalism Review by the Knight Center","description":"Jornalistas debatem futuro do combate \u00e0 desinforma\u00e7\u00e3o em um mundo polarizado no ISOJ 2023 ISOJ. Latin American Journalism Review by The Knight Center at The University of Texas at Austin.","robots":{"index":"index","follow":"follow","max-snippet":"max-snippet:-1","max-image-preview":"max-image-preview:large","max-video-preview":"max-video-preview:-1"},"canonical":"https:\/\/latamjournalismreview.org\/pt-br\/articles\/jornalistas-debatem-futuro-do-combate-a-desinformacao-em-um-mundo-polarizado-no-isoj-2023\/","og_locale":"pt_BR","og_type":"article","og_title":"Jornalistas debatem futuro do combate \u00e0 desinforma\u00e7\u00e3o em um mundo polarizado no ISOJ 2023","og_description":"Jornalistas debatem futuro do combate \u00e0 desinforma\u00e7\u00e3o em um mundo polarizado no ISOJ 2023 ISOJ. Latin American Journalism Review by The Knight Center at The University of Texas at Austin.","og_url":"https:\/\/latamjournalismreview.org\/pt-br\/articles\/jornalistas-debatem-futuro-do-combate-a-desinformacao-em-um-mundo-polarizado-no-isoj-2023\/","og_site_name":"LatAm Journalism Review by the Knight Center","article_published_time":"2023-04-17T17:10:55+00:00","article_modified_time":"2023-04-17T17:12:10+00:00","og_image":[{"width":2047,"height":1365,"url":"https:\/\/latamjournalismreview.org\/wp-content\/uploads\/2023\/04\/52819311194_52869b23c8_k.jpg","type":"image\/jpeg"}],"author":"Guest","twitter_card":"summary_large_image","twitter_creator":"@LatAmJournalism","twitter_site":"@LatAmJournalism","twitter_misc":{"Written by":"Guest","Est. reading time":"6 minutos"},"schema":{"@context":"https:\/\/schema.org","@graph":[{"@type":"Article","@id":"https:\/\/latamjournalismreview.org\/pt-br\/articles\/jornalistas-debatem-futuro-do-combate-a-desinformacao-em-um-mundo-polarizado-no-isoj-2023\/#article","isPartOf":{"@id":"https:\/\/latamjournalismreview.org\/pt-br\/articles\/jornalistas-debatem-futuro-do-combate-a-desinformacao-em-um-mundo-polarizado-no-isoj-2023\/"},"author":{"name":"Guest","@id":"https:\/\/latamjournalismreview.org\/pt-br\/#\/schema\/person\/0315202e0b3c0963a2440f1c3012c360"},"headline":"Jornalistas debatem futuro do combate \u00e0 desinforma\u00e7\u00e3o em um mundo polarizado no ISOJ 2023","datePublished":"2023-04-17T17:10:55+00:00","dateModified":"2023-04-17T17:12:10+00:00","mainEntityOfPage":{"@id":"https:\/\/latamjournalismreview.org\/pt-br\/articles\/jornalistas-debatem-futuro-do-combate-a-desinformacao-em-um-mundo-polarizado-no-isoj-2023\/"},"wordCount":1244,"publisher":{"@id":"https:\/\/latamjournalismreview.org\/pt-br\/#organization"},"image":{"@id":"https:\/\/latamjournalismreview.org\/pt-br\/articles\/jornalistas-debatem-futuro-do-combate-a-desinformacao-em-um-mundo-polarizado-no-isoj-2023\/#primaryimage"},"thumbnailUrl":"https:\/\/latamjournalismreview.org\/wp-content\/uploads\/2023\/04\/52819311194_52869b23c8_k.jpg","keywords":["Not\u00edcias falsas"],"articleSection":["ISOJ"],"inLanguage":"pt-BR"},{"@type":"WebPage","@id":"https:\/\/latamjournalismreview.org\/pt-br\/articles\/jornalistas-debatem-futuro-do-combate-a-desinformacao-em-um-mundo-polarizado-no-isoj-2023\/","url":"https:\/\/latamjournalismreview.org\/pt-br\/articles\/jornalistas-debatem-futuro-do-combate-a-desinformacao-em-um-mundo-polarizado-no-isoj-2023\/","name":"Jornalistas debatem futuro do combate \u00e0 desinforma\u00e7\u00e3o em um mundo polarizado no ISOJ 2023 - LatAm Journalism Review by the Knight Center","isPartOf":{"@id":"https:\/\/latamjournalismreview.org\/pt-br\/#website"},"primaryImageOfPage":{"@id":"https:\/\/latamjournalismreview.org\/pt-br\/articles\/jornalistas-debatem-futuro-do-combate-a-desinformacao-em-um-mundo-polarizado-no-isoj-2023\/#primaryimage"},"image":{"@id":"https:\/\/latamjournalismreview.org\/pt-br\/articles\/jornalistas-debatem-futuro-do-combate-a-desinformacao-em-um-mundo-polarizado-no-isoj-2023\/#primaryimage"},"thumbnailUrl":"https:\/\/latamjournalismreview.org\/wp-content\/uploads\/2023\/04\/52819311194_52869b23c8_k.jpg","datePublished":"2023-04-17T17:10:55+00:00","dateModified":"2023-04-17T17:12:10+00:00","description":"Jornalistas debatem futuro do combate \u00e0 desinforma\u00e7\u00e3o em um mundo polarizado no ISOJ 2023 ISOJ. Latin American Journalism Review by The Knight Center at The University of Texas at Austin.","breadcrumb":{"@id":"https:\/\/latamjournalismreview.org\/pt-br\/articles\/jornalistas-debatem-futuro-do-combate-a-desinformacao-em-um-mundo-polarizado-no-isoj-2023\/#breadcrumb"},"inLanguage":"pt-BR","potentialAction":[{"@type":"ReadAction","target":["https:\/\/latamjournalismreview.org\/pt-br\/articles\/jornalistas-debatem-futuro-do-combate-a-desinformacao-em-um-mundo-polarizado-no-isoj-2023\/"]}]},{"@type":"ImageObject","inLanguage":"pt-BR","@id":"https:\/\/latamjournalismreview.org\/pt-br\/articles\/jornalistas-debatem-futuro-do-combate-a-desinformacao-em-um-mundo-polarizado-no-isoj-2023\/#primaryimage","url":"https:\/\/latamjournalismreview.org\/wp-content\/uploads\/2023\/04\/52819311194_52869b23c8_k.jpg","contentUrl":"https:\/\/latamjournalismreview.org\/wp-content\/uploads\/2023\/04\/52819311194_52869b23c8_k.jpg","width":2047,"height":1365,"caption":"Four panelists discuss on the ISOJ stage, at UT Austin."},{"@type":"BreadcrumbList","@id":"https:\/\/latamjournalismreview.org\/pt-br\/articles\/jornalistas-debatem-futuro-do-combate-a-desinformacao-em-um-mundo-polarizado-no-isoj-2023\/#breadcrumb","itemListElement":[{"@type":"ListItem","position":1,"name":"Home","item":"https:\/\/latamjournalismreview.org\/pt-br\/"},{"@type":"ListItem","position":2,"name":"Jornalistas debatem futuro do combate \u00e0 desinforma\u00e7\u00e3o em um mundo polarizado no ISOJ 2023"}]},{"@type":"WebSite","@id":"https:\/\/latamjournalismreview.org\/pt-br\/#website","url":"https:\/\/latamjournalismreview.org\/pt-br\/","name":"LatAm Journalism Review","description":"Digital magazine on journalism in Latin America","publisher":{"@id":"https:\/\/latamjournalismreview.org\/pt-br\/#organization"},"potentialAction":[{"@type":"SearchAction","target":{"@type":"EntryPoint","urlTemplate":"https:\/\/latamjournalismreview.org\/pt-br\/?s={search_term_string}"},"query-input":{"@type":"PropertyValueSpecification","valueRequired":true,"valueName":"search_term_string"}}],"inLanguage":"pt-BR"},{"@type":"Organization","@id":"https:\/\/latamjournalismreview.org\/pt-br\/#organization","name":"LatAm Journalism Review","url":"https:\/\/latamjournalismreview.org\/pt-br\/","logo":{"@type":"ImageObject","inLanguage":"pt-BR","@id":"https:\/\/latamjournalismreview.org\/pt-br\/#\/schema\/logo\/image\/","url":"https:\/\/latamjournalismreview.org\/wp-content\/uploads\/2020\/05\/knight-latAm-review-logo.svg","contentUrl":"https:\/\/latamjournalismreview.org\/wp-content\/uploads\/2020\/05\/knight-latAm-review-logo.svg","width":"1024","height":"1024","caption":"LatAm Journalism Review"},"image":{"@id":"https:\/\/latamjournalismreview.org\/pt-br\/#\/schema\/logo\/image\/"},"sameAs":["https:\/\/x.com\/LatAmJournalism"]},{"@type":"Person","@id":"https:\/\/latamjournalismreview.org\/pt-br\/#\/schema\/person\/0315202e0b3c0963a2440f1c3012c360","name":"Guest","url":"https:\/\/latamjournalismreview.org\/pt-br\/articles\/author\/guest\/"}]}},"_links":{"self":[{"href":"https:\/\/latamjournalismreview.org\/pt-br\/wp-json\/wp\/v2\/posts\/74330","targetHints":{"allow":["GET"]}}],"collection":[{"href":"https:\/\/latamjournalismreview.org\/pt-br\/wp-json\/wp\/v2\/posts"}],"about":[{"href":"https:\/\/latamjournalismreview.org\/pt-br\/wp-json\/wp\/v2\/types\/post"}],"author":[{"embeddable":true,"href":"https:\/\/latamjournalismreview.org\/pt-br\/wp-json\/wp\/v2\/users\/17"}],"replies":[{"embeddable":true,"href":"https:\/\/latamjournalismreview.org\/pt-br\/wp-json\/wp\/v2\/comments?post=74330"}],"version-history":[{"count":2,"href":"https:\/\/latamjournalismreview.org\/pt-br\/wp-json\/wp\/v2\/posts\/74330\/revisions"}],"predecessor-version":[{"id":74332,"href":"https:\/\/latamjournalismreview.org\/pt-br\/wp-json\/wp\/v2\/posts\/74330\/revisions\/74332"}],"wp:featuredmedia":[{"embeddable":true,"href":"https:\/\/latamjournalismreview.org\/pt-br\/wp-json\/wp\/v2\/media\/74279"}],"wp:attachment":[{"href":"https:\/\/latamjournalismreview.org\/pt-br\/wp-json\/wp\/v2\/media?parent=74330"}],"wp:term":[{"taxonomy":"category","embeddable":true,"href":"https:\/\/latamjournalismreview.org\/pt-br\/wp-json\/wp\/v2\/categories?post=74330"},{"taxonomy":"post_tag","embeddable":true,"href":"https:\/\/latamjournalismreview.org\/pt-br\/wp-json\/wp\/v2\/tags?post=74330"},{"taxonomy":"author","embeddable":true,"href":"https:\/\/latamjournalismreview.org\/pt-br\/wp-json\/wp\/v2\/coauthors?post=74330"}],"curies":[{"name":"wp","href":"https:\/\/api.w.org\/{rel}","templated":true}]}}