{"id":7651,"date":"2018-09-26T13:44:30","date_gmt":"2018-09-26T18:44:30","guid":{"rendered":"https:\/\/live-lajr.pantheonsite.io\/?p=7651"},"modified":"2020-06-20T14:45:22","modified_gmt":"2020-06-20T19:45:22","slug":"jornalistas-do-brasil-e-da-venezuela-colaboram-em-reportagem-inovadora-sobre-conflito-mineiro-na-amazonia","status":"publish","type":"post","link":"https:\/\/latamjournalismreview.org\/pt-br\/articles\/jornalistas-do-brasil-e-da-venezuela-colaboram-em-reportagem-inovadora-sobre-conflito-mineiro-na-amazonia\/","title":{"rendered":"Jornalistas do Brasil e da Venezuela colaboram em reportagem inovadora sobre conflito mineiro na Amaz\u00f4nia"},"content":{"rendered":"<p>A intensa atividade de minera\u00e7\u00e3o que ocorre em uma vasta \u00e1rea da Amaz\u00f4nia venezuelana inspirou um grupo de jornalistas interessados em quest\u00f5es sociais e ambientais a trabalhar colaborativamente atrav\u00e9s das fronteiras.<\/p>\n<div style=\"width: 400px; font-size: 80%; text-align: left; float: right; padding-left: 10px; padding-right: 10px;\"><a target=\"_blank\" rel=\"noopener noreferrer\"><img decoding=\"async\" style=\"width: 400px;\" src=\"https:\/\/farm2.staticflickr.com\/1963\/31061020028_4573b1d6d8_o.png\" \/><\/a><\/div>\n<p>Foi assim que o jornal venezuelano Correo del Caron\u00ed, o site brasileiro InfoAmazonia e o jornalista investigativo holand\u00eas Bram Ebus passaram meses trabalhando na inovadora reportagem \"<a href=\"https:\/\/arcominero.infoamazonia.org\/\">Explorando o Arco Mineiro<\/a>\", recentemente reconhecida pelo <a href=\"https:\/\/knightcenter.utexas.edu\/blog\/00-20130-latin-american-newsrooms-among-winners-2018-online-journalism-awards\">Online Journalism Awards<\/a>.<\/p>\n<p>Gustavo Faleiros, coordenador da InfoAmazonia, disse ao <strong>Centro Knight <\/strong>que ap\u00f3s conhecer o editor do Correo del Caron\u00ed \u00d3scar Murillo durante o Festival de Jornalismo Gabriel Garc\u00eda M\u00e1rquez, em 2016, eles falaram sobre a necessidade de cobrir a \u00e1rea conflituosa conhecida como Arco Mineiro. Faleiros convidou Ebus para participar do projeto, j\u00e1 que sabia de seu interesse em escrever sobre aquela \u00e1rea do sul da Venezuela.<\/p>\n<p>Ebus e dois outros jornalistas do Correo del Caron\u00ed, Wilmer Gonz\u00e1lez e Leonardo Su\u00e1rez, realizaram o trabalho de campo no Arco Mineiro por tr\u00eas meses. Eles entrevistaram mineiros e suas fam\u00edlias, ind\u00edgenas da regi\u00e3o, pol\u00edticos, ativistas e acad\u00eamicos. Eles tiraram fotografias e fizeram v\u00eddeos, al\u00e9m de coletar muitas informa\u00e7\u00f5es sobre as caracter\u00edsticas do local e documentar o que acontece ali.<\/p>\n<p>Quanto \u00e0 sua experi\u00eancia, Ebus disse ao <strong>Centro Knight <\/strong>que os contatos obtidos pelo Correo del Caron\u00ed e seus rep\u00f3rteres no Arco Mineiro abriram muitas portas, pois eles possuem uma grande rede no Estado venezuelano de Bol\u00edvar.<\/p>\n<p>\"\u00c9 sempre fundamental ter contatos da regi\u00e3o, que em grande parte d\u00e3o legitimidade \u00e0 visita do rep\u00f3rter e, portanto, \u00e0 seguran\u00e7a\", disse ele.<\/p>\n<div style=\"width: 380px; font-size: 80%; text-align: left; float: right; padding-left: 10px; padding-right: 10px;\"><a target=\"_blank\" rel=\"noopener noreferrer\"><img decoding=\"async\" style=\"width: 380px;\" src=\"https:\/\/farm2.staticflickr.com\/1957\/44884573302_2f3d89a3bb_o.jpg\" \/><\/a><\/div>\n<p>\"Os desafios de reportar na Venezuela, e especialmente no sul do pa\u00eds, eram muitos. A falta de dinheiro em papel, problemas de acesso a combust\u00edvel, postos de controle da Guarda Nacional e basicamente a completa militariza\u00e7\u00e3o das \u00e1reas de minera\u00e7\u00e3o criaram v\u00e1rias desvantagens\", disse Ebus.<\/p>\n<p><a href=\"https:\/\/ipysvenezuela.org\/alerta\/amazonas-gnb-detuvo-periodista-holandes-desarrolla-investigacion-arco-minero\/\">Ebus foi detido por 24 horas em 21 de setembro<\/a> por agentes da Guarda Nacional da Venezuela, enquanto fazia trabalho de campo no Arco Mineiro. Segundo o rep\u00f3rter, foi fundamental ter feito v\u00e1rios contatos com ONGs que atuam na \u00e1rea, ter apoio local e conhecer a embaixada de seu pa\u00eds na Venezuela.<\/p>\n<p>Quando Ebus, Gonz\u00e1lez e Su\u00e1rez voltaram de sua viagem, trouxeram um grande acervo de fotografias e v\u00eddeos, muitos dos quais se tornariam parte da reportagem investigativa multim\u00eddia, que est\u00e1 dispon\u00edvel em espanhol, ingl\u00eas e portugu\u00eas.<\/p>\n<p>Murillo, do Correo del Caron\u00ed, e Faleiros, da InfoAmazonia, foram respons\u00e1veis \u200b\u200bpela edi\u00e7\u00e3o do texto. Por sua vez, Stefano Wrobleski, um dos editores da InfoAmazonia, foi encarregado de editar a plataforma criada por um dos membros da sua equipe de desenvolvedores, Miguel Peixe.<\/p>\n<p>\"Sab\u00edamos que depois de tr\u00eas meses no campo, nossos rep\u00f3rteres retornariam com muitos textos, fotos e v\u00eddeos, e precis\u00e1vamos pensar em um design vers\u00e1til que se destacasse al\u00e9m do texto - especialmente os mapas, que geralmente exigem mais espa\u00e7o para sua visualiza\u00e7\u00e3o\u201d, disse Wrobleski ao <strong>Centro Knight<\/strong>.<\/p>\n<p>De acordo com Wrobleski, eles queriam dar um novo espa\u00e7o \u00e0 reportagem levando em conta que o conte\u00fado multim\u00eddia no meio do texto tende a distrair o leitor e que p\u00e1ginas muito longas desestimulam a leitura.<\/p>\n<p>\"Do jeito que fizemos o design, o conte\u00fado multim\u00eddia est\u00e1 diretamente ligado ao texto, servindo como complemento, mas com igual import\u00e2ncia\", explicou.<\/p>\n<p>Na reportagem de 10.000 palavras e dezenas de imagens e v\u00eddeos, a InfoAmazonia usou uma t\u00e9cnica chamada \"scrollytelling\". Ela permite que o leitor continue lendo o texto sem que o conte\u00fado multim\u00eddia o interrompa. Isso faz com que as diferentes camadas de conte\u00fado se movam dinamicamente enquanto o leitor navega pelo texto, disse o editor da InfoAmazonia.<\/p>\n<div style=\"width: 470px; font-size: 80%; text-align: left; float: left; padding-right: 10px; padding-left: 10px;\"><a target=\"_blank\" rel=\"noopener noreferrer\"><img decoding=\"async\" style=\"width: 470px;\" src=\"https:\/\/farm2.staticflickr.com\/1954\/44213800004_d4a65c8e9d_o.png\" \/><\/a><\/div>\n<p>O dinamismo da reportagem \u00e9 tal que quando o p\u00fablico l\u00ea a primeira frase sobre um mineiro com m\u00e3os enlameadas atirando pedras em um moinho, tamb\u00e9m pode ver o homem, suas m\u00e3os, as pedras, a lama e a roda girando em um v\u00eddeo \u00e0 direita do texto. \u00c0 medida que o leitor l\u00ea e avan\u00e7a na p\u00e1gina, novas fotos, mapas e v\u00eddeos aparecem \u00e0 direita para complementar a hist\u00f3ria em desenvolvimento.<\/p>\n<p>O j\u00fari do Online Journalism Awards, que reconheceu \u201cExplorando o Arco Mineiro\u201d pela inova\u00e7\u00e3o no jornalismo investigativo, disse que \u201c<a href=\"https:\/\/knightcenter.utexas.edu\/blog\/00-20130-latin-american-newsrooms-among-winners-2018-online-journalism-awards\">a apresenta\u00e7\u00e3o digital tamb\u00e9m trabalhou para agregar valor ao texto sem ser uma distra\u00e7\u00e3o<\/a>\u201d.<\/p>\n<p>\"Com base na experi\u00eancia do Arco Mineiro, generalizamos a ideia de plataformas com <em>templates <\/em>que estamos adaptando a <a href=\"https:\/\/realidade.amazoniareal.com.br\/\">outras reportagens<\/a> em que estamos trabalhando em alian\u00e7a com outros meios\", revelou Faleiros.<\/p>\n<p>Faleiros comentou que eles est\u00e3o muito felizes com os resultados da reportagem e destacou que \u00e9 \u201cessencial\u201d trabalhar com aliados.<\/p>\n<p>\"Especialmente quando estamos falando sobre a quest\u00e3o da Amaz\u00f4nia, porque muitas vezes \u00e9 muito dif\u00edcil estabelecer as conex\u00f5es que existem entre dois pa\u00edses ou mostrar quest\u00f5es t\u00e3o complexas, como esta do Arco Mineiro, para um p\u00fablico no Brasil ou internacional\", disse ele.<\/p>\n<div style=\"width: 380px; font-size: 80%; text-align: left; float: right; padding-left: 10px; padding-right: 10px;\"><a target=\"_blank\" rel=\"noopener noreferrer\"><img decoding=\"async\" style=\"width: 380px;\" src=\"https:\/\/farm2.staticflickr.com\/1969\/44025317725_a9b0a71ab5_o.jpg\" \/><\/a> Foto via InfoAmazon\u00eda\/Correo del Caron\u00ed<\/div>\n<p>Esta reportagem colaborativa foi financiada pelo <a href=\"https:\/\/pulitzercenter.org\/\">Pulitzer Center on Crisis Reporting<\/a>.<\/p>\n<p>Ao falar sobre o projeto e o reconhecimento que recebeu, Faleiros e Ebus s\u00e3o r\u00e1pidos em expressar sua preocupa\u00e7\u00e3o por um de seus colaboradores do Correo del Caron\u00ed, a quem eles dedicaram o pr\u00eamio do Online Journalism Awards.<\/p>\n<p>Gonz\u00e1lez, fotojornalista do Correo del Caron\u00ed que participou da reportagem sobre o Arco Mineiro, <a href=\"http:\/\/www.correodelcaroni.com\/index.php\/sucesos\/item\/65689-reportero-grafico-del-correo-del-caroni-lleva-mas-de-seis-meses-desaparecido\">desapareceu poucos meses ap\u00f3s a conclus\u00e3o do trabalho de campo para a reportagem<\/a>, segundo o jornal venezuelano.<\/p>\n<p>De acordo com Correo del Caron\u00ed, sua fam\u00edlia n\u00e3o tem not\u00edcias dele desde mar\u00e7o deste ano, quando ele se comunicou com eles a partir de uma \u00e1rea de minera\u00e7\u00e3o em Piacoa, no Estado de Delta Amacuro, ao norte do Estado de Bol\u00edvar.<\/p>\n","protected":false},"excerpt":{"rendered":"<p>A intensa atividade de minera\u00e7\u00e3o que ocorre em uma vasta \u00e1rea da Amaz\u00f4nia venezuelana inspirou um grupo de jornalistas interessados em quest\u00f5es sociais e ambientais a trabalhar colaborativamente atrav\u00e9s das fronteiras.<\/p>\n","protected":false},"author":4,"featured_media":7649,"comment_status":"closed","ping_status":"closed","sticky":false,"template":"","format":"standard","meta":{"inline_featured_image":false,"footnotes":""},"categories":[1217,1414],"tags":[1572,1402],"coauthors":[],"class_list":["post-7651","post","type-post","status-publish","format-standard","has-post-thumbnail","hentry","category-inovacao-pt-br","category-sustentabilidade-pt-br","tag-jornalismo-ambiental-pt-br","tag-venezuela-pt-br"],"acf":[],"yoast_head":"<!-- This site is optimized with the Yoast SEO Premium plugin v22.6 (Yoast SEO v27.4) - https:\/\/yoast.com\/product\/yoast-seo-premium-wordpress\/ -->\n<title>Jornalistas do Brasil e da Venezuela colaboram em reportagem inovadora sobre conflito mineiro na Amaz\u00f4nia - LatAm Journalism Review by the Knight Center<\/title>\n<meta name=\"description\" content=\"Jornalistas do Brasil e da Venezuela colaboram em reportagem inovadora sobre conflito mineiro na Amaz\u00f4nia . Latin American Journalism Review by The Knight Center at The University of Texas at Austin.\" \/>\n<meta name=\"robots\" content=\"index, follow, max-snippet:-1, max-image-preview:large, max-video-preview:-1\" \/>\n<link rel=\"canonical\" href=\"https:\/\/latamjournalismreview.org\/pt-br\/articles\/jornalistas-do-brasil-e-da-venezuela-colaboram-em-reportagem-inovadora-sobre-conflito-mineiro-na-amazonia\/\" \/>\n<meta property=\"og:locale\" content=\"pt_BR\" \/>\n<meta property=\"og:type\" content=\"article\" \/>\n<meta property=\"og:title\" content=\"Jornalistas do Brasil e da Venezuela colaboram em reportagem inovadora sobre conflito mineiro na Amaz\u00f4nia\" \/>\n<meta property=\"og:description\" content=\"Jornalistas do Brasil e da Venezuela colaboram em reportagem inovadora sobre conflito mineiro na Amaz\u00f4nia . Latin American Journalism Review by The Knight Center at The University of Texas at Austin.\" \/>\n<meta property=\"og:url\" content=\"https:\/\/latamjournalismreview.org\/pt-br\/articles\/jornalistas-do-brasil-e-da-venezuela-colaboram-em-reportagem-inovadora-sobre-conflito-mineiro-na-amazonia\/\" \/>\n<meta property=\"og:site_name\" content=\"LatAm Journalism Review by the Knight Center\" \/>\n<meta property=\"article:published_time\" content=\"2018-09-26T18:44:30+00:00\" \/>\n<meta property=\"article:modified_time\" content=\"2020-06-20T19:45:22+00:00\" \/>\n<meta property=\"og:image\" content=\"https:\/\/latamjournalismreview.org\/wp-content\/uploads\/2018\/09\/Photo-via-InfoAmazoni\u0301a_Correo-del-Caroni\u0301.png\" \/>\n\t<meta property=\"og:image:width\" content=\"507\" \/>\n\t<meta property=\"og:image:height\" content=\"340\" \/>\n\t<meta property=\"og:image:type\" content=\"image\/png\" \/>\n<meta name=\"author\" content=\"Paola Nalvarte\" \/>\n<meta name=\"twitter:card\" content=\"summary_large_image\" \/>\n<meta name=\"twitter:creator\" content=\"@paolanalvarte\" \/>\n<meta name=\"twitter:site\" content=\"@LatAmJournalism\" \/>\n<meta name=\"twitter:label1\" content=\"Written by\" \/>\n\t<meta name=\"twitter:data1\" content=\"Paola Nalvarte\" \/>\n\t<meta name=\"twitter:label2\" content=\"Est. reading time\" \/>\n\t<meta name=\"twitter:data2\" content=\"5 minutos\" \/>\n<script type=\"application\/ld+json\" class=\"yoast-schema-graph\">{\"@context\":\"https:\\\/\\\/schema.org\",\"@graph\":[{\"@type\":\"Article\",\"@id\":\"https:\\\/\\\/latamjournalismreview.org\\\/pt-br\\\/articles\\\/jornalistas-do-brasil-e-da-venezuela-colaboram-em-reportagem-inovadora-sobre-conflito-mineiro-na-amazonia\\\/#article\",\"isPartOf\":{\"@id\":\"https:\\\/\\\/latamjournalismreview.org\\\/pt-br\\\/articles\\\/jornalistas-do-brasil-e-da-venezuela-colaboram-em-reportagem-inovadora-sobre-conflito-mineiro-na-amazonia\\\/\"},\"author\":{\"name\":\"Paola Nalvarte\",\"@id\":\"https:\\\/\\\/latamjournalismreview.org\\\/pt-br\\\/#\\\/schema\\\/person\\\/d0b9fa850ef1b6f56bb445e52f29f63f\"},\"headline\":\"Jornalistas do Brasil e da Venezuela colaboram em reportagem inovadora sobre conflito mineiro na Amaz\u00f4nia\",\"datePublished\":\"2018-09-26T18:44:30+00:00\",\"dateModified\":\"2020-06-20T19:45:22+00:00\",\"mainEntityOfPage\":{\"@id\":\"https:\\\/\\\/latamjournalismreview.org\\\/pt-br\\\/articles\\\/jornalistas-do-brasil-e-da-venezuela-colaboram-em-reportagem-inovadora-sobre-conflito-mineiro-na-amazonia\\\/\"},\"wordCount\":1020,\"publisher\":{\"@id\":\"https:\\\/\\\/latamjournalismreview.org\\\/pt-br\\\/#organization\"},\"image\":{\"@id\":\"https:\\\/\\\/latamjournalismreview.org\\\/pt-br\\\/articles\\\/jornalistas-do-brasil-e-da-venezuela-colaboram-em-reportagem-inovadora-sobre-conflito-mineiro-na-amazonia\\\/#primaryimage\"},\"thumbnailUrl\":\"https:\\\/\\\/latamjournalismreview.org\\\/wp-content\\\/uploads\\\/2018\\\/09\\\/Photo-via-InfoAmazoni\u0301a_Correo-del-Caroni\u0301.png\",\"keywords\":[\"Jornalismo ambiental\",\"Venezuela\"],\"articleSection\":[\"Inova\u00e7\u00e3o\",\"Sustentabilidade do jornalismo\"],\"inLanguage\":\"pt-BR\"},{\"@type\":\"WebPage\",\"@id\":\"https:\\\/\\\/latamjournalismreview.org\\\/pt-br\\\/articles\\\/jornalistas-do-brasil-e-da-venezuela-colaboram-em-reportagem-inovadora-sobre-conflito-mineiro-na-amazonia\\\/\",\"url\":\"https:\\\/\\\/latamjournalismreview.org\\\/pt-br\\\/articles\\\/jornalistas-do-brasil-e-da-venezuela-colaboram-em-reportagem-inovadora-sobre-conflito-mineiro-na-amazonia\\\/\",\"name\":\"Jornalistas do Brasil e da Venezuela colaboram em reportagem inovadora sobre conflito mineiro na Amaz\u00f4nia - LatAm Journalism Review by the Knight Center\",\"isPartOf\":{\"@id\":\"https:\\\/\\\/latamjournalismreview.org\\\/pt-br\\\/#website\"},\"primaryImageOfPage\":{\"@id\":\"https:\\\/\\\/latamjournalismreview.org\\\/pt-br\\\/articles\\\/jornalistas-do-brasil-e-da-venezuela-colaboram-em-reportagem-inovadora-sobre-conflito-mineiro-na-amazonia\\\/#primaryimage\"},\"image\":{\"@id\":\"https:\\\/\\\/latamjournalismreview.org\\\/pt-br\\\/articles\\\/jornalistas-do-brasil-e-da-venezuela-colaboram-em-reportagem-inovadora-sobre-conflito-mineiro-na-amazonia\\\/#primaryimage\"},\"thumbnailUrl\":\"https:\\\/\\\/latamjournalismreview.org\\\/wp-content\\\/uploads\\\/2018\\\/09\\\/Photo-via-InfoAmazoni\u0301a_Correo-del-Caroni\u0301.png\",\"datePublished\":\"2018-09-26T18:44:30+00:00\",\"dateModified\":\"2020-06-20T19:45:22+00:00\",\"description\":\"Jornalistas do Brasil e da Venezuela colaboram em reportagem inovadora sobre conflito mineiro na Amaz\u00f4nia . Latin American Journalism Review by The Knight Center at The University of Texas at Austin.\",\"breadcrumb\":{\"@id\":\"https:\\\/\\\/latamjournalismreview.org\\\/pt-br\\\/articles\\\/jornalistas-do-brasil-e-da-venezuela-colaboram-em-reportagem-inovadora-sobre-conflito-mineiro-na-amazonia\\\/#breadcrumb\"},\"inLanguage\":\"pt-BR\",\"potentialAction\":[{\"@type\":\"ReadAction\",\"target\":[\"https:\\\/\\\/latamjournalismreview.org\\\/pt-br\\\/articles\\\/jornalistas-do-brasil-e-da-venezuela-colaboram-em-reportagem-inovadora-sobre-conflito-mineiro-na-amazonia\\\/\"]}]},{\"@type\":\"ImageObject\",\"inLanguage\":\"pt-BR\",\"@id\":\"https:\\\/\\\/latamjournalismreview.org\\\/pt-br\\\/articles\\\/jornalistas-do-brasil-e-da-venezuela-colaboram-em-reportagem-inovadora-sobre-conflito-mineiro-na-amazonia\\\/#primaryimage\",\"url\":\"https:\\\/\\\/latamjournalismreview.org\\\/wp-content\\\/uploads\\\/2018\\\/09\\\/Photo-via-InfoAmazoni\u0301a_Correo-del-Caroni\u0301.png\",\"contentUrl\":\"https:\\\/\\\/latamjournalismreview.org\\\/wp-content\\\/uploads\\\/2018\\\/09\\\/Photo-via-InfoAmazoni\u0301a_Correo-del-Caroni\u0301.png\",\"width\":507,\"height\":340,\"caption\":\"Photo via InfoAmazon\u00eda\\\/Correo del Caron\u00ed\"},{\"@type\":\"BreadcrumbList\",\"@id\":\"https:\\\/\\\/latamjournalismreview.org\\\/pt-br\\\/articles\\\/jornalistas-do-brasil-e-da-venezuela-colaboram-em-reportagem-inovadora-sobre-conflito-mineiro-na-amazonia\\\/#breadcrumb\",\"itemListElement\":[{\"@type\":\"ListItem\",\"position\":1,\"name\":\"Home\",\"item\":\"https:\\\/\\\/latamjournalismreview.org\\\/pt-br\\\/\"},{\"@type\":\"ListItem\",\"position\":2,\"name\":\"Jornalistas do Brasil e da Venezuela colaboram em reportagem inovadora sobre conflito mineiro na Amaz\u00f4nia\"}]},{\"@type\":\"WebSite\",\"@id\":\"https:\\\/\\\/latamjournalismreview.org\\\/pt-br\\\/#website\",\"url\":\"https:\\\/\\\/latamjournalismreview.org\\\/pt-br\\\/\",\"name\":\"LatAm Journalism Review\",\"description\":\"Digital magazine on journalism in Latin America\",\"publisher\":{\"@id\":\"https:\\\/\\\/latamjournalismreview.org\\\/pt-br\\\/#organization\"},\"potentialAction\":[{\"@type\":\"SearchAction\",\"target\":{\"@type\":\"EntryPoint\",\"urlTemplate\":\"https:\\\/\\\/latamjournalismreview.org\\\/pt-br\\\/?s={search_term_string}\"},\"query-input\":{\"@type\":\"PropertyValueSpecification\",\"valueRequired\":true,\"valueName\":\"search_term_string\"}}],\"inLanguage\":\"pt-BR\"},{\"@type\":\"Organization\",\"@id\":\"https:\\\/\\\/latamjournalismreview.org\\\/pt-br\\\/#organization\",\"name\":\"LatAm Journalism Review\",\"url\":\"https:\\\/\\\/latamjournalismreview.org\\\/pt-br\\\/\",\"logo\":{\"@type\":\"ImageObject\",\"inLanguage\":\"pt-BR\",\"@id\":\"https:\\\/\\\/latamjournalismreview.org\\\/pt-br\\\/#\\\/schema\\\/logo\\\/image\\\/\",\"url\":\"https:\\\/\\\/latamjournalismreview.org\\\/wp-content\\\/uploads\\\/2020\\\/05\\\/knight-latAm-review-logo.svg\",\"contentUrl\":\"https:\\\/\\\/latamjournalismreview.org\\\/wp-content\\\/uploads\\\/2020\\\/05\\\/knight-latAm-review-logo.svg\",\"width\":\"1024\",\"height\":\"1024\",\"caption\":\"LatAm Journalism Review\"},\"image\":{\"@id\":\"https:\\\/\\\/latamjournalismreview.org\\\/pt-br\\\/#\\\/schema\\\/logo\\\/image\\\/\"},\"sameAs\":[\"https:\\\/\\\/x.com\\\/LatAmJournalism\"]},{\"@type\":\"Person\",\"@id\":\"https:\\\/\\\/latamjournalismreview.org\\\/pt-br\\\/#\\\/schema\\\/person\\\/d0b9fa850ef1b6f56bb445e52f29f63f\",\"name\":\"Paola Nalvarte\",\"description\":\"Paola Nalvarte is a Peruvian journalist and documentary photographer living in Austin, Texas. She focuses on covering and writing about the Andes region. In Peru, Paola worked in the Lima office of the Italian news agency ANSA, on the economic news desk of the daily Expreso, and for ten years she has been working on different editorial projects doing picture editing and research for one of the oldest Spanish-language papers in the world, the Peruvian newspaper El Comercio. She also enjoyed writing for the newspaper weekly magazine Somos. Paola Nalvarte es una periodista y fot\u00f3grafa documental peruana que vive en Austin, Texas. El foco de inter\u00e9s de su cobertura noticiosa es la regi\u00f3n andina. En Per\u00fa, Paola trabaj\u00f3 en la oficina de Lima de la agencia italiana de noticias ANSA, en la secci\u00f3n de econom\u00eda del diario Expreso y por diez a\u00f1os hizo investigaci\u00f3n fotogr\u00e1fica y edici\u00f3n de fotograf\u00eda editorial en el diario decano de la prensa peruana, El Comercio. Tambi\u00e9n escribi\u00f3 para Somos, la revista semanal del mismo diario\u200b, art\u00edculos sobre medio ambiente y cultura. Paola Nalvarte \u00e9 uma jornalista peruana e fot\u00f3grafa documentarista que vive em Austin, Texas. O foco de interesse da sua cobertura jornal\u00edstica \u00e9 a regi\u00e3o andina. No Peru, Paola trabalhou no escrit\u00f3rio de Lima da ag\u00eancia de not\u00edcias italiana ANSA, na se\u00e7\u00e3o de economia do jornal Expreso e, por dez anos, fez pesquisa fotogr\u00e1fica e edi\u00e7\u00e3o de fotografia editorial para um dos jornais em espanhol mais antigos do mundo, o jornal peruano El Comercio. Ela tamb\u00e9m escreveu artigos de meio ambiente e cultura para a Somos, a revista semanal do mesmo jornal.\",\"sameAs\":[\"https:\\\/\\\/x.com\\\/paolanalvarte\"],\"url\":\"https:\\\/\\\/latamjournalismreview.org\\\/pt-br\\\/articles\\\/author\\\/paola-nalvarte\\\/\"}]}<\/script>\n<!-- \/ Yoast SEO Premium plugin. -->","yoast_head_json":{"title":"Jornalistas do Brasil e da Venezuela colaboram em reportagem inovadora sobre conflito mineiro na Amaz\u00f4nia - LatAm Journalism Review by the Knight Center","description":"Jornalistas do Brasil e da Venezuela colaboram em reportagem inovadora sobre conflito mineiro na Amaz\u00f4nia . Latin American Journalism Review by The Knight Center at The University of Texas at Austin.","robots":{"index":"index","follow":"follow","max-snippet":"max-snippet:-1","max-image-preview":"max-image-preview:large","max-video-preview":"max-video-preview:-1"},"canonical":"https:\/\/latamjournalismreview.org\/pt-br\/articles\/jornalistas-do-brasil-e-da-venezuela-colaboram-em-reportagem-inovadora-sobre-conflito-mineiro-na-amazonia\/","og_locale":"pt_BR","og_type":"article","og_title":"Jornalistas do Brasil e da Venezuela colaboram em reportagem inovadora sobre conflito mineiro na Amaz\u00f4nia","og_description":"Jornalistas do Brasil e da Venezuela colaboram em reportagem inovadora sobre conflito mineiro na Amaz\u00f4nia . Latin American Journalism Review by The Knight Center at The University of Texas at Austin.","og_url":"https:\/\/latamjournalismreview.org\/pt-br\/articles\/jornalistas-do-brasil-e-da-venezuela-colaboram-em-reportagem-inovadora-sobre-conflito-mineiro-na-amazonia\/","og_site_name":"LatAm Journalism Review by the Knight Center","article_published_time":"2018-09-26T18:44:30+00:00","article_modified_time":"2020-06-20T19:45:22+00:00","og_image":[{"width":507,"height":340,"url":"https:\/\/latamjournalismreview.org\/wp-content\/uploads\/2018\/09\/Photo-via-InfoAmazoni\u0301a_Correo-del-Caroni\u0301.png","type":"image\/png"}],"author":"Paola Nalvarte","twitter_card":"summary_large_image","twitter_creator":"@paolanalvarte","twitter_site":"@LatAmJournalism","twitter_misc":{"Written by":"Paola Nalvarte","Est. reading time":"5 minutos"},"schema":{"@context":"https:\/\/schema.org","@graph":[{"@type":"Article","@id":"https:\/\/latamjournalismreview.org\/pt-br\/articles\/jornalistas-do-brasil-e-da-venezuela-colaboram-em-reportagem-inovadora-sobre-conflito-mineiro-na-amazonia\/#article","isPartOf":{"@id":"https:\/\/latamjournalismreview.org\/pt-br\/articles\/jornalistas-do-brasil-e-da-venezuela-colaboram-em-reportagem-inovadora-sobre-conflito-mineiro-na-amazonia\/"},"author":{"name":"Paola Nalvarte","@id":"https:\/\/latamjournalismreview.org\/pt-br\/#\/schema\/person\/d0b9fa850ef1b6f56bb445e52f29f63f"},"headline":"Jornalistas do Brasil e da Venezuela colaboram em reportagem inovadora sobre conflito mineiro na Amaz\u00f4nia","datePublished":"2018-09-26T18:44:30+00:00","dateModified":"2020-06-20T19:45:22+00:00","mainEntityOfPage":{"@id":"https:\/\/latamjournalismreview.org\/pt-br\/articles\/jornalistas-do-brasil-e-da-venezuela-colaboram-em-reportagem-inovadora-sobre-conflito-mineiro-na-amazonia\/"},"wordCount":1020,"publisher":{"@id":"https:\/\/latamjournalismreview.org\/pt-br\/#organization"},"image":{"@id":"https:\/\/latamjournalismreview.org\/pt-br\/articles\/jornalistas-do-brasil-e-da-venezuela-colaboram-em-reportagem-inovadora-sobre-conflito-mineiro-na-amazonia\/#primaryimage"},"thumbnailUrl":"https:\/\/latamjournalismreview.org\/wp-content\/uploads\/2018\/09\/Photo-via-InfoAmazoni\u0301a_Correo-del-Caroni\u0301.png","keywords":["Jornalismo ambiental","Venezuela"],"articleSection":["Inova\u00e7\u00e3o","Sustentabilidade do jornalismo"],"inLanguage":"pt-BR"},{"@type":"WebPage","@id":"https:\/\/latamjournalismreview.org\/pt-br\/articles\/jornalistas-do-brasil-e-da-venezuela-colaboram-em-reportagem-inovadora-sobre-conflito-mineiro-na-amazonia\/","url":"https:\/\/latamjournalismreview.org\/pt-br\/articles\/jornalistas-do-brasil-e-da-venezuela-colaboram-em-reportagem-inovadora-sobre-conflito-mineiro-na-amazonia\/","name":"Jornalistas do Brasil e da Venezuela colaboram em reportagem inovadora sobre conflito mineiro na Amaz\u00f4nia - LatAm Journalism Review by the Knight Center","isPartOf":{"@id":"https:\/\/latamjournalismreview.org\/pt-br\/#website"},"primaryImageOfPage":{"@id":"https:\/\/latamjournalismreview.org\/pt-br\/articles\/jornalistas-do-brasil-e-da-venezuela-colaboram-em-reportagem-inovadora-sobre-conflito-mineiro-na-amazonia\/#primaryimage"},"image":{"@id":"https:\/\/latamjournalismreview.org\/pt-br\/articles\/jornalistas-do-brasil-e-da-venezuela-colaboram-em-reportagem-inovadora-sobre-conflito-mineiro-na-amazonia\/#primaryimage"},"thumbnailUrl":"https:\/\/latamjournalismreview.org\/wp-content\/uploads\/2018\/09\/Photo-via-InfoAmazoni\u0301a_Correo-del-Caroni\u0301.png","datePublished":"2018-09-26T18:44:30+00:00","dateModified":"2020-06-20T19:45:22+00:00","description":"Jornalistas do Brasil e da Venezuela colaboram em reportagem inovadora sobre conflito mineiro na Amaz\u00f4nia . Latin American Journalism Review by The Knight Center at The University of Texas at Austin.","breadcrumb":{"@id":"https:\/\/latamjournalismreview.org\/pt-br\/articles\/jornalistas-do-brasil-e-da-venezuela-colaboram-em-reportagem-inovadora-sobre-conflito-mineiro-na-amazonia\/#breadcrumb"},"inLanguage":"pt-BR","potentialAction":[{"@type":"ReadAction","target":["https:\/\/latamjournalismreview.org\/pt-br\/articles\/jornalistas-do-brasil-e-da-venezuela-colaboram-em-reportagem-inovadora-sobre-conflito-mineiro-na-amazonia\/"]}]},{"@type":"ImageObject","inLanguage":"pt-BR","@id":"https:\/\/latamjournalismreview.org\/pt-br\/articles\/jornalistas-do-brasil-e-da-venezuela-colaboram-em-reportagem-inovadora-sobre-conflito-mineiro-na-amazonia\/#primaryimage","url":"https:\/\/latamjournalismreview.org\/wp-content\/uploads\/2018\/09\/Photo-via-InfoAmazoni\u0301a_Correo-del-Caroni\u0301.png","contentUrl":"https:\/\/latamjournalismreview.org\/wp-content\/uploads\/2018\/09\/Photo-via-InfoAmazoni\u0301a_Correo-del-Caroni\u0301.png","width":507,"height":340,"caption":"Photo via InfoAmazon\u00eda\/Correo del Caron\u00ed"},{"@type":"BreadcrumbList","@id":"https:\/\/latamjournalismreview.org\/pt-br\/articles\/jornalistas-do-brasil-e-da-venezuela-colaboram-em-reportagem-inovadora-sobre-conflito-mineiro-na-amazonia\/#breadcrumb","itemListElement":[{"@type":"ListItem","position":1,"name":"Home","item":"https:\/\/latamjournalismreview.org\/pt-br\/"},{"@type":"ListItem","position":2,"name":"Jornalistas do Brasil e da Venezuela colaboram em reportagem inovadora sobre conflito mineiro na Amaz\u00f4nia"}]},{"@type":"WebSite","@id":"https:\/\/latamjournalismreview.org\/pt-br\/#website","url":"https:\/\/latamjournalismreview.org\/pt-br\/","name":"LatAm Journalism Review","description":"Digital magazine on journalism in Latin America","publisher":{"@id":"https:\/\/latamjournalismreview.org\/pt-br\/#organization"},"potentialAction":[{"@type":"SearchAction","target":{"@type":"EntryPoint","urlTemplate":"https:\/\/latamjournalismreview.org\/pt-br\/?s={search_term_string}"},"query-input":{"@type":"PropertyValueSpecification","valueRequired":true,"valueName":"search_term_string"}}],"inLanguage":"pt-BR"},{"@type":"Organization","@id":"https:\/\/latamjournalismreview.org\/pt-br\/#organization","name":"LatAm Journalism Review","url":"https:\/\/latamjournalismreview.org\/pt-br\/","logo":{"@type":"ImageObject","inLanguage":"pt-BR","@id":"https:\/\/latamjournalismreview.org\/pt-br\/#\/schema\/logo\/image\/","url":"https:\/\/latamjournalismreview.org\/wp-content\/uploads\/2020\/05\/knight-latAm-review-logo.svg","contentUrl":"https:\/\/latamjournalismreview.org\/wp-content\/uploads\/2020\/05\/knight-latAm-review-logo.svg","width":"1024","height":"1024","caption":"LatAm Journalism Review"},"image":{"@id":"https:\/\/latamjournalismreview.org\/pt-br\/#\/schema\/logo\/image\/"},"sameAs":["https:\/\/x.com\/LatAmJournalism"]},{"@type":"Person","@id":"https:\/\/latamjournalismreview.org\/pt-br\/#\/schema\/person\/d0b9fa850ef1b6f56bb445e52f29f63f","name":"Paola Nalvarte","description":"Paola Nalvarte is a Peruvian journalist and documentary photographer living in Austin, Texas. She focuses on covering and writing about the Andes region. In Peru, Paola worked in the Lima office of the Italian news agency ANSA, on the economic news desk of the daily Expreso, and for ten years she has been working on different editorial projects doing picture editing and research for one of the oldest Spanish-language papers in the world, the Peruvian newspaper El Comercio. She also enjoyed writing for the newspaper weekly magazine Somos. Paola Nalvarte es una periodista y fot\u00f3grafa documental peruana que vive en Austin, Texas. El foco de inter\u00e9s de su cobertura noticiosa es la regi\u00f3n andina. En Per\u00fa, Paola trabaj\u00f3 en la oficina de Lima de la agencia italiana de noticias ANSA, en la secci\u00f3n de econom\u00eda del diario Expreso y por diez a\u00f1os hizo investigaci\u00f3n fotogr\u00e1fica y edici\u00f3n de fotograf\u00eda editorial en el diario decano de la prensa peruana, El Comercio. Tambi\u00e9n escribi\u00f3 para Somos, la revista semanal del mismo diario\u200b, art\u00edculos sobre medio ambiente y cultura. Paola Nalvarte \u00e9 uma jornalista peruana e fot\u00f3grafa documentarista que vive em Austin, Texas. O foco de interesse da sua cobertura jornal\u00edstica \u00e9 a regi\u00e3o andina. No Peru, Paola trabalhou no escrit\u00f3rio de Lima da ag\u00eancia de not\u00edcias italiana ANSA, na se\u00e7\u00e3o de economia do jornal Expreso e, por dez anos, fez pesquisa fotogr\u00e1fica e edi\u00e7\u00e3o de fotografia editorial para um dos jornais em espanhol mais antigos do mundo, o jornal peruano El Comercio. Ela tamb\u00e9m escreveu artigos de meio ambiente e cultura para a Somos, a revista semanal do mesmo jornal.","sameAs":["https:\/\/x.com\/paolanalvarte"],"url":"https:\/\/latamjournalismreview.org\/pt-br\/articles\/author\/paola-nalvarte\/"}]}},"_links":{"self":[{"href":"https:\/\/latamjournalismreview.org\/pt-br\/wp-json\/wp\/v2\/posts\/7651","targetHints":{"allow":["GET"]}}],"collection":[{"href":"https:\/\/latamjournalismreview.org\/pt-br\/wp-json\/wp\/v2\/posts"}],"about":[{"href":"https:\/\/latamjournalismreview.org\/pt-br\/wp-json\/wp\/v2\/types\/post"}],"author":[{"embeddable":true,"href":"https:\/\/latamjournalismreview.org\/pt-br\/wp-json\/wp\/v2\/users\/4"}],"replies":[{"embeddable":true,"href":"https:\/\/latamjournalismreview.org\/pt-br\/wp-json\/wp\/v2\/comments?post=7651"}],"version-history":[{"count":1,"href":"https:\/\/latamjournalismreview.org\/pt-br\/wp-json\/wp\/v2\/posts\/7651\/revisions"}],"predecessor-version":[{"id":7652,"href":"https:\/\/latamjournalismreview.org\/pt-br\/wp-json\/wp\/v2\/posts\/7651\/revisions\/7652"}],"wp:featuredmedia":[{"embeddable":true,"href":"https:\/\/latamjournalismreview.org\/pt-br\/wp-json\/wp\/v2\/media\/7649"}],"wp:attachment":[{"href":"https:\/\/latamjournalismreview.org\/pt-br\/wp-json\/wp\/v2\/media?parent=7651"}],"wp:term":[{"taxonomy":"category","embeddable":true,"href":"https:\/\/latamjournalismreview.org\/pt-br\/wp-json\/wp\/v2\/categories?post=7651"},{"taxonomy":"post_tag","embeddable":true,"href":"https:\/\/latamjournalismreview.org\/pt-br\/wp-json\/wp\/v2\/tags?post=7651"},{"taxonomy":"author","embeddable":true,"href":"https:\/\/latamjournalismreview.org\/pt-br\/wp-json\/wp\/v2\/coauthors?post=7651"}],"curies":[{"name":"wp","href":"https:\/\/api.w.org\/{rel}","templated":true}]}}