{"id":77263,"date":"2023-07-05T12:14:29","date_gmt":"2023-07-05T17:14:29","guid":{"rendered":"https:\/\/latamjournalismreview.org\/?p=77263"},"modified":"2023-07-05T16:51:24","modified_gmt":"2023-07-05T21:51:24","slug":"objetividade-jornalistica-em-debate-profissionais-defendem-autorreflexao-e-novas-praticas-no-congresso-da-abraji","status":"publish","type":"post","link":"https:\/\/latamjournalismreview.org\/pt-br\/articles\/objetividade-jornalistica-em-debate-profissionais-defendem-autorreflexao-e-novas-praticas-no-congresso-da-abraji\/","title":{"rendered":"Objetividade jornal\u00edstica em debate: Profissionais defendem autorreflex\u00e3o e novas pr\u00e1ticas no 18\u00ba Congresso da Abraji"},"content":{"rendered":"<p dir=\"ltr\">Todo relato jornal\u00edstico \u00e9 resultado de uma s\u00e9rie de escolhas: do enquadramento dado ao fato relatado \u00e0s fontes ouvidas e at\u00e9 as palavras ou imagens que d\u00e3o forma ao conte\u00fado final. Ao escolher o que incluir, a pessoa jornalista acaba escolhendo tamb\u00e9m o que vai ficar de fora, o que n\u00e3o ser\u00e1 contado. Que for\u00e7as moldam essas escolhas e como elas se relacionam com a objetividade jornal\u00edstica?<\/p>\n<p dir=\"ltr\">No\u00a0<a href=\"https:\/\/congresso.abraji.org.br\/\" target=\"_blank\" rel=\"noopener noreferrer\"><u>18<\/u><sup><u>o<\/u><\/sup><u> Congresso Internacional de Jornalismo Investigativo<\/u><\/a>, realizado pela\u00a0<a href=\"https:\/\/abraji.org.br\/\" target=\"_blank\" rel=\"noopener noreferrer\"><u>Associa\u00e7\u00e3o Brasileira de Jornalismo Investigativo (Abraji)<\/u><\/a> em S\u00e3o Paulo entre 28 de junho e 2 de julho, profissionais debateram a objetividade em face das mudan\u00e7as pelas quais o jornalismo vem passando nas \u00faltimas d\u00e9cadas. As jornalistas Fabiana Moraes, professora da Universidade Federal de Pernambuco (UFPE) e\u00a0<a href=\"https:\/\/www.intercept.com.br\/equipe\/fabiana-moraes\/\" target=\"_blank\" rel=\"noopener noreferrer\"><u>colunista do site The Intercept Brasil<\/u><\/a>, e Ana Rita Cunha, diretora de audi\u00eancia do site\u00a0<a href=\"https:\/\/www.aosfatos.org\/\" target=\"_blank\" rel=\"noopener noreferrer\"><u>Aos Fatos<\/u><\/a>, participaram de conversa moderada por Marcelo Tr\u00e4sel, professor da Universidade Federal do Rio Grande do Sul (UFRGS), no painel\u00a0<a href=\"https:\/\/congresso.abraji.org.br\/mesa\/objetividade-jornalistica-em-pauta\" target=\"_blank\" rel=\"noopener noreferrer\"><u>\u201cObjetividade jornal\u00edstica em pauta\u201d<\/u><\/a>.<\/p>\n<p dir=\"ltr\">O debate, realizado no dia 30 de junho, tratou de como a objetividade tem sido contestada e reelaborada enquanto pilar do jornalismo diante da reivindica\u00e7\u00e3o de novas perspectivas e abordagens na cobertura feita por, sobre e para grupos historicamente marginalizados e da desinforma\u00e7\u00e3o disseminada em ambientes online.<\/p>\n<div id=\"attachment_77266\" style=\"width: 430px\" class=\"wp-caption alignright\"><img loading=\"lazy\" decoding=\"async\" aria-describedby=\"caption-attachment-77266\" class=\"wp-image-77266\" src=\"https:\/\/latamjournalismreview.org\/wp-content\/uploads\/2023\/07\/Featured-Congresso-Abraji-2023-Objetividade.png\" alt=\"one man and two women sitting in front of a classroom\" width=\"420\" height=\"282\" srcset=\"https:\/\/latamjournalismreview.org\/wp-content\/uploads\/2023\/07\/Featured-Congresso-Abraji-2023-Objetividade.png 507w, https:\/\/latamjournalismreview.org\/wp-content\/uploads\/2023\/07\/Featured-Congresso-Abraji-2023-Objetividade-300x201.png 300w, https:\/\/latamjournalismreview.org\/wp-content\/uploads\/2023\/07\/Featured-Congresso-Abraji-2023-Objetividade-350x234.png 350w\" sizes=\"auto, (max-width: 420px) 100vw, 420px\" \/><p id=\"caption-attachment-77266\" class=\"wp-caption-text\">Marcelo Tras\u00ebl, Ana Rita Cunha e Fabiana Moraes durante painel no 18o Congresso da Abraji. (Foto: Pedro Moreira\/Abraji)<\/p><\/div>\n<p dir=\"ltr\">\u201cAfinal de contas, de que objetividade estamos falando?\u201d, perguntou Moraes no in\u00edcio do debate. \u201cDe forma geral, percebo uma perspectiva muito bin\u00e1ria da discuss\u00e3o sobre objetividade e subjetividade, quase como se uma coisa fosse a nega\u00e7\u00e3o da outra\u201d, disse ela. Em seu livro mais recente,\u00a0<a href=\"https:\/\/www.livrariaarquipelago.com.br\/a-pauta-e-uma-arma-de-combate-fabiana-moraes\" target=\"_blank\" rel=\"noopener noreferrer\"><u>\u201cA pauta \u00e9 uma arma de combate\u201d<\/u><\/a>, Moraes prop\u00f5e justamente esses questionamentos sobre\u00a0<a href=\"https:\/\/latamjournalismreview.org\/pt-br\/articles\/o-jornalismo-nao-e-o-lugar-de-uma-verdade-unica-5-perguntas-para-a-jornalista-brasileira-fabiana-moraes\/\" target=\"_blank\" rel=\"noopener noreferrer\"><u>\u201csubjetividade, pr\u00e1tica reflexiva e posicionamento para superar um jornalismo que desumaniza\u201d<\/u><\/a>, como estabelece o subt\u00edtulo do livro.<\/p>\n<p dir=\"ltr\">\u201cA objetividade \u00e9 necess\u00e1ria ao jornalismo \u2013 a apura\u00e7\u00e3o, a entrevista, a checagem de dados\u201d, disse Moraes, acrescentando que todas as reportagens que escreveu at\u00e9 hoje foram fruto de pesquisa e apura\u00e7\u00e3o. \u201cMas, obviamente, n\u00e3o podemos simplificar essa quest\u00e3o. Tudo que escolhi, para onde olhei, o que trouxe nos textos implicaram tamb\u00e9m escolhas sobre o que ficou de fora. Ou seja: fiz v\u00e1rias escolhas, e nenhuma delas \u2013 nem as minhas, nem as de voc\u00eas \u2013 \u00e9 inocente. Essas escolhas t\u00eam invariavelmente classe, ra\u00e7a, g\u00eanero, territ\u00f3rio\u201d, afirmou.<\/p>\n<p dir=\"ltr\">\u201cAo mesmo tempo em que eu tra\u00e7o essas escolhas objetivas, elas obviamente est\u00e3o baseadas em quest\u00f5es subjetivas\u201d, disse Moraes. Essa subjetividade est\u00e1 perpassada pelo contexto social e coletivo e, portanto, n\u00e3o pode ser reduzida \u00e0 individualidade de cada profissional.<\/p>\n<p dir=\"ltr\">\u201cA xenofobia, o racismo, o classismo n\u00e3o s\u00e3o quest\u00f5es individuais, mas s\u00e3o quest\u00f5es sociais e coletivas. E essas quest\u00f5es pautam minhas escolhas e pautam as escolhas de editores, fot\u00f3grafos, social m\u00eddia. (...) A subjetividade \u00e9 uma quest\u00e3o individual e \u00e9 uma quest\u00e3o coletiva. N\u00e3o podemos esquecer que n\u00f3s somos forjados coletivamente\u201d, afirmou.<\/p>\n<p dir=\"ltr\">Tr\u00e4sel observou que este debate tamb\u00e9m se conecta com o problema da desinforma\u00e7\u00e3o generalizada que se instalou nos \u00faltimos anos. \u201cAlgumas das rotinas produtivas que temos nas reda\u00e7\u00f5es passaram a ser de certa maneira \u2018hackeadas\u2019 por grupos de interesse\u201d, disse ele, ilustrando com o uso da imprensa pelo ex-presidente brasileiro Jair Bolsonaro para insuflar seus apoiadores contra jornalistas e disseminar mentiras.<\/p>\n<p dir=\"ltr\">Cunha trouxe ent\u00e3o o ponto de vista de ag\u00eancias de checagem e do combate \u00e0 desinforma\u00e7\u00e3o na discuss\u00e3o sobre objetividade jornal\u00edstica.<\/p>\n<p dir=\"ltr\">\u201cUma coisa que me incomoda nessa discuss\u00e3o \u00e9 que [a objetividade] \u00e9 sempre tratada como se fosse uma coisa s\u00f3 do rep\u00f3rter, e temos uma ind\u00fastria sofrendo h\u00e1 muito tempo um processo de precariza\u00e7\u00e3o que deixa os rep\u00f3rteres cada vez com menos tempo e menos recursos para trabalhar. Queremos discutir objetividade, mas o rep\u00f3rter trabalha 12 horas, ele tem que sair e entregar uma mat\u00e9ria no final [do dia] (...) S\u00f3 faz sentido discutir objetividade se voc\u00ea pensar a pr\u00e1tica coletiva do jornalismo\u201d, disse ela.<\/p>\n<p dir=\"ltr\">No contexto da desinforma\u00e7\u00e3o, o uso de ferramentas online de edi\u00e7\u00e3o de imagens e redes sociais, exemplificou Cunha, possibilitou que aquilo que antes dava \u201cuma cara de profissionalismo ao jornalismo\u201d \u00e9 hoje muito acess\u00edvel para ser replicado por qualquer pessoa.<\/p>\n<p dir=\"ltr\">\u201cEles [desinformadores] \u2018hackearam\u2019 um pouco o que n\u00f3s fazemos, s\u00f3 que eles fazem de uma forma que n\u00e3o podemos fazer no jornalismo, que \u00e9 sem compromisso \u00e9tico, e \u00e0s vezes conseguem atingir as pessoas. A \u00fanica forma de se contrapor \u00e9 sendo melhor do que essas pessoas. E a \u00fanica forma de ser melhor do que os desinformadores \u00e9 fazer um trabalho mais completo, mais s\u00e9rio, e esse \u00e9 um compromisso coletivo\u201d, disse Cunha.<\/p>\n<p dir=\"ltr\">Esse compromisso deve contemplar o aumento da diversidade nas reda\u00e7\u00f5es e um exerc\u00edcio de humildade e escuta ativa por parte dos jornalistas em rela\u00e7\u00e3o \u00e0 audi\u00eancia, disse ela. A queda da confian\u00e7a do p\u00fablico na imprensa, registrada nos \u00faltimos anos em pesquisas como\u00a0<a href=\"https:\/\/latamjournalismreview.org\/pt-br\/articles\/confianca-nas-noticias-enfraquece-e-tik-tok-ganha-terreno-revela-relatorio-anual-do-instituto-reuters\/\" target=\"_blank\" rel=\"noopener noreferrer\"><u>a realizada anualmente pelo Instituto Reuters<\/u><\/a>, imp\u00f5e uma mudan\u00e7a nas pr\u00e1ticas jornal\u00edsticas, defendeu Cunha.<\/p>\n<p dir=\"ltr\">\u201cJ\u00e1 n\u00e3o podemos partir do pressuposto de que as pessoas confiam em n\u00f3s\u201d, disse ela. \u201c\u00c9 um exerc\u00edcio novo que estamos sendo obrigadas a fazer. Como vamos fazer as pessoas voltarem a acreditar [no jornalismo]? \u00c9 uma coisa que n\u00e3o precis\u00e1vamos fazer h\u00e1 10 anos. N\u00e3o \u00e9 que todo mundo confiasse, mas havia um ambiente muito mais prop\u00edcio a aceitar a imprensa, e isso exige que revisemos algumas pr\u00e1ticas. Ser\u00e1 que n\u00e3o devemos dar mais informa\u00e7\u00e3o, explicar melhor o caminho que fizemos, por que fizemos certas escolhas? N\u00e3o dar isso como dado, como se as pessoas j\u00e1 entendessem todo o processo, como se tudo fosse \u00f3bvio\u201d, sugeriu Cunha.<\/p>\n","protected":false},"excerpt":{"rendered":"<p>Todo relato jornal\u00edstico \u00e9 resultado de escolhas. Que for\u00e7as moldam essas escolhas e como elas se relacionam com a objetividade jornal\u00edstica? No 18o Congresso Internacional de Jornalismo Investigativo, realizado pela Associa\u00e7\u00e3o Brasileira de Jornalismo Investigativo (Abraji) entre 28 de junho e 2 de julho, profissionais debateram a objetividade em face das mudan\u00e7as pelas quais o jornalismo vem passando nas \u00faltimas d\u00e9cadas.<\/p>\n","protected":false},"author":16,"featured_media":77266,"comment_status":"closed","ping_status":"closed","sticky":false,"template":"","format":"standard","meta":{"inline_featured_image":false,"footnotes":""},"categories":[2075],"tags":[],"coauthors":[],"class_list":["post-77263","post","type-post","status-publish","format-standard","has-post-thumbnail","hentry","category-reportagens-especiais"],"acf":[],"yoast_head":"<!-- This site is optimized with the Yoast SEO Premium plugin v22.6 (Yoast SEO v27.4) - https:\/\/yoast.com\/product\/yoast-seo-premium-wordpress\/ -->\n<title>Objetividade jornal\u00edstica em debate: Profissionais defendem autorreflex\u00e3o e novas pr\u00e1ticas no 18\u00ba Congresso da Abraji - LatAm Journalism Review by the Knight Center<\/title>\n<meta name=\"description\" content=\"Objetividade jornal\u00edstica em debate: Profissionais defendem autorreflex\u00e3o e novas pr\u00e1ticas no 18\u00ba Congresso da Abraji Reportagens especiais. Latin American Journalism Review by The Knight Center at The University of Texas at Austin.\" \/>\n<meta name=\"robots\" content=\"index, follow, max-snippet:-1, max-image-preview:large, max-video-preview:-1\" \/>\n<link rel=\"canonical\" href=\"https:\/\/latamjournalismreview.org\/pt-br\/articles\/objetividade-jornalistica-em-debate-profissionais-defendem-autorreflexao-e-novas-praticas-no-congresso-da-abraji\/\" \/>\n<meta property=\"og:locale\" content=\"pt_BR\" \/>\n<meta property=\"og:type\" content=\"article\" \/>\n<meta property=\"og:title\" content=\"Objetividade jornal\u00edstica em debate: Profissionais defendem autorreflex\u00e3o e novas pr\u00e1ticas no 18\u00ba Congresso da Abraji\" \/>\n<meta property=\"og:description\" content=\"Objetividade jornal\u00edstica em debate: Profissionais defendem autorreflex\u00e3o e novas pr\u00e1ticas no 18\u00ba Congresso da Abraji Reportagens especiais. Latin American Journalism Review by The Knight Center at The University of Texas at Austin.\" \/>\n<meta property=\"og:url\" content=\"https:\/\/latamjournalismreview.org\/pt-br\/articles\/objetividade-jornalistica-em-debate-profissionais-defendem-autorreflexao-e-novas-praticas-no-congresso-da-abraji\/\" \/>\n<meta property=\"og:site_name\" content=\"LatAm Journalism Review by the Knight Center\" \/>\n<meta property=\"article:published_time\" content=\"2023-07-05T17:14:29+00:00\" \/>\n<meta property=\"article:modified_time\" content=\"2023-07-05T21:51:24+00:00\" \/>\n<meta property=\"og:image\" content=\"https:\/\/latamjournalismreview.org\/wp-content\/uploads\/2023\/07\/Featured-Congresso-Abraji-2023-Objetividade.png\" \/>\n\t<meta property=\"og:image:width\" content=\"507\" \/>\n\t<meta property=\"og:image:height\" content=\"340\" \/>\n\t<meta property=\"og:image:type\" content=\"image\/png\" \/>\n<meta name=\"author\" content=\"Carolina de Assis\" \/>\n<meta name=\"twitter:card\" content=\"summary_large_image\" \/>\n<meta name=\"twitter:creator\" content=\"@LatAmJournalism\" \/>\n<meta name=\"twitter:site\" content=\"@LatAmJournalism\" \/>\n<meta name=\"twitter:label1\" content=\"Written by\" \/>\n\t<meta name=\"twitter:data1\" content=\"Carolina de Assis\" \/>\n\t<meta name=\"twitter:label2\" content=\"Est. reading time\" \/>\n\t<meta name=\"twitter:data2\" content=\"5 minutos\" \/>\n<script type=\"application\/ld+json\" class=\"yoast-schema-graph\">{\"@context\":\"https:\\\/\\\/schema.org\",\"@graph\":[{\"@type\":\"Article\",\"@id\":\"https:\\\/\\\/latamjournalismreview.org\\\/pt-br\\\/articles\\\/objetividade-jornalistica-em-debate-profissionais-defendem-autorreflexao-e-novas-praticas-no-congresso-da-abraji\\\/#article\",\"isPartOf\":{\"@id\":\"https:\\\/\\\/latamjournalismreview.org\\\/pt-br\\\/articles\\\/objetividade-jornalistica-em-debate-profissionais-defendem-autorreflexao-e-novas-praticas-no-congresso-da-abraji\\\/\"},\"author\":{\"name\":\"Carolina de Assis\",\"@id\":\"https:\\\/\\\/latamjournalismreview.org\\\/pt-br\\\/#\\\/schema\\\/person\\\/f98b544e2f231a237f39a56cc9a00a9a\"},\"headline\":\"Objetividade jornal\u00edstica em debate: Profissionais defendem autorreflex\u00e3o e novas pr\u00e1ticas no 18\u00ba Congresso da Abraji\",\"datePublished\":\"2023-07-05T17:14:29+00:00\",\"dateModified\":\"2023-07-05T21:51:24+00:00\",\"mainEntityOfPage\":{\"@id\":\"https:\\\/\\\/latamjournalismreview.org\\\/pt-br\\\/articles\\\/objetividade-jornalistica-em-debate-profissionais-defendem-autorreflexao-e-novas-praticas-no-congresso-da-abraji\\\/\"},\"wordCount\":1019,\"publisher\":{\"@id\":\"https:\\\/\\\/latamjournalismreview.org\\\/pt-br\\\/#organization\"},\"image\":{\"@id\":\"https:\\\/\\\/latamjournalismreview.org\\\/pt-br\\\/articles\\\/objetividade-jornalistica-em-debate-profissionais-defendem-autorreflexao-e-novas-praticas-no-congresso-da-abraji\\\/#primaryimage\"},\"thumbnailUrl\":\"https:\\\/\\\/latamjournalismreview.org\\\/wp-content\\\/uploads\\\/2023\\\/07\\\/Featured-Congresso-Abraji-2023-Objetividade.png\",\"articleSection\":[\"Reportagens especiais\"],\"inLanguage\":\"pt-BR\"},{\"@type\":\"WebPage\",\"@id\":\"https:\\\/\\\/latamjournalismreview.org\\\/pt-br\\\/articles\\\/objetividade-jornalistica-em-debate-profissionais-defendem-autorreflexao-e-novas-praticas-no-congresso-da-abraji\\\/\",\"url\":\"https:\\\/\\\/latamjournalismreview.org\\\/pt-br\\\/articles\\\/objetividade-jornalistica-em-debate-profissionais-defendem-autorreflexao-e-novas-praticas-no-congresso-da-abraji\\\/\",\"name\":\"Objetividade jornal\u00edstica em debate: Profissionais defendem autorreflex\u00e3o e novas pr\u00e1ticas no 18\u00ba Congresso da Abraji - LatAm Journalism Review by the Knight Center\",\"isPartOf\":{\"@id\":\"https:\\\/\\\/latamjournalismreview.org\\\/pt-br\\\/#website\"},\"primaryImageOfPage\":{\"@id\":\"https:\\\/\\\/latamjournalismreview.org\\\/pt-br\\\/articles\\\/objetividade-jornalistica-em-debate-profissionais-defendem-autorreflexao-e-novas-praticas-no-congresso-da-abraji\\\/#primaryimage\"},\"image\":{\"@id\":\"https:\\\/\\\/latamjournalismreview.org\\\/pt-br\\\/articles\\\/objetividade-jornalistica-em-debate-profissionais-defendem-autorreflexao-e-novas-praticas-no-congresso-da-abraji\\\/#primaryimage\"},\"thumbnailUrl\":\"https:\\\/\\\/latamjournalismreview.org\\\/wp-content\\\/uploads\\\/2023\\\/07\\\/Featured-Congresso-Abraji-2023-Objetividade.png\",\"datePublished\":\"2023-07-05T17:14:29+00:00\",\"dateModified\":\"2023-07-05T21:51:24+00:00\",\"description\":\"Objetividade jornal\u00edstica em debate: Profissionais defendem autorreflex\u00e3o e novas pr\u00e1ticas no 18\u00ba Congresso da Abraji Reportagens especiais. Latin American Journalism Review by The Knight Center at The University of Texas at Austin.\",\"breadcrumb\":{\"@id\":\"https:\\\/\\\/latamjournalismreview.org\\\/pt-br\\\/articles\\\/objetividade-jornalistica-em-debate-profissionais-defendem-autorreflexao-e-novas-praticas-no-congresso-da-abraji\\\/#breadcrumb\"},\"inLanguage\":\"pt-BR\",\"potentialAction\":[{\"@type\":\"ReadAction\",\"target\":[\"https:\\\/\\\/latamjournalismreview.org\\\/pt-br\\\/articles\\\/objetividade-jornalistica-em-debate-profissionais-defendem-autorreflexao-e-novas-praticas-no-congresso-da-abraji\\\/\"]}]},{\"@type\":\"ImageObject\",\"inLanguage\":\"pt-BR\",\"@id\":\"https:\\\/\\\/latamjournalismreview.org\\\/pt-br\\\/articles\\\/objetividade-jornalistica-em-debate-profissionais-defendem-autorreflexao-e-novas-praticas-no-congresso-da-abraji\\\/#primaryimage\",\"url\":\"https:\\\/\\\/latamjournalismreview.org\\\/wp-content\\\/uploads\\\/2023\\\/07\\\/Featured-Congresso-Abraji-2023-Objetividade.png\",\"contentUrl\":\"https:\\\/\\\/latamjournalismreview.org\\\/wp-content\\\/uploads\\\/2023\\\/07\\\/Featured-Congresso-Abraji-2023-Objetividade.png\",\"width\":507,\"height\":340,\"caption\":\"one man and two women sitting in front of a classroom\"},{\"@type\":\"BreadcrumbList\",\"@id\":\"https:\\\/\\\/latamjournalismreview.org\\\/pt-br\\\/articles\\\/objetividade-jornalistica-em-debate-profissionais-defendem-autorreflexao-e-novas-praticas-no-congresso-da-abraji\\\/#breadcrumb\",\"itemListElement\":[{\"@type\":\"ListItem\",\"position\":1,\"name\":\"Home\",\"item\":\"https:\\\/\\\/latamjournalismreview.org\\\/pt-br\\\/\"},{\"@type\":\"ListItem\",\"position\":2,\"name\":\"Objetividade jornal\u00edstica em debate: Profissionais defendem autorreflex\u00e3o e novas pr\u00e1ticas no 18\u00ba Congresso da Abraji\"}]},{\"@type\":\"WebSite\",\"@id\":\"https:\\\/\\\/latamjournalismreview.org\\\/pt-br\\\/#website\",\"url\":\"https:\\\/\\\/latamjournalismreview.org\\\/pt-br\\\/\",\"name\":\"LatAm Journalism Review\",\"description\":\"Digital magazine on journalism in Latin America\",\"publisher\":{\"@id\":\"https:\\\/\\\/latamjournalismreview.org\\\/pt-br\\\/#organization\"},\"potentialAction\":[{\"@type\":\"SearchAction\",\"target\":{\"@type\":\"EntryPoint\",\"urlTemplate\":\"https:\\\/\\\/latamjournalismreview.org\\\/pt-br\\\/?s={search_term_string}\"},\"query-input\":{\"@type\":\"PropertyValueSpecification\",\"valueRequired\":true,\"valueName\":\"search_term_string\"}}],\"inLanguage\":\"pt-BR\"},{\"@type\":\"Organization\",\"@id\":\"https:\\\/\\\/latamjournalismreview.org\\\/pt-br\\\/#organization\",\"name\":\"LatAm Journalism Review\",\"url\":\"https:\\\/\\\/latamjournalismreview.org\\\/pt-br\\\/\",\"logo\":{\"@type\":\"ImageObject\",\"inLanguage\":\"pt-BR\",\"@id\":\"https:\\\/\\\/latamjournalismreview.org\\\/pt-br\\\/#\\\/schema\\\/logo\\\/image\\\/\",\"url\":\"https:\\\/\\\/latamjournalismreview.org\\\/wp-content\\\/uploads\\\/2020\\\/05\\\/knight-latAm-review-logo.svg\",\"contentUrl\":\"https:\\\/\\\/latamjournalismreview.org\\\/wp-content\\\/uploads\\\/2020\\\/05\\\/knight-latAm-review-logo.svg\",\"width\":\"1024\",\"height\":\"1024\",\"caption\":\"LatAm Journalism Review\"},\"image\":{\"@id\":\"https:\\\/\\\/latamjournalismreview.org\\\/pt-br\\\/#\\\/schema\\\/logo\\\/image\\\/\"},\"sameAs\":[\"https:\\\/\\\/x.com\\\/LatAmJournalism\"]},{\"@type\":\"Person\",\"@id\":\"https:\\\/\\\/latamjournalismreview.org\\\/pt-br\\\/#\\\/schema\\\/person\\\/f98b544e2f231a237f39a56cc9a00a9a\",\"name\":\"Carolina de Assis\",\"description\":\"Carolina de Assis is a Brazilian journalist and researcher who lives in Juiz de Fora, MG, Brazil. She holds a master's degree in Women\u2019s and Gender Studies from the GEMMA Programme \u2013 Universit\u00e0 di Bologna (Italy) \\\/ Universiteit Utrecht (The Netherlands) and has worked as an editor at G\u00eanero e N\u00famero, a Brazilian digital magazine focused on data journalism and gender issues. She is especially interested in journalistic initiatives aimed at promoting human rights and gender justice. You can find her on Twitter: @caroldeassis _________ Carolina de Assis es una periodista e investigadora brasile\u00f1a que vive en Juiz de Fora, MG, Brasil . Tiene una maestr\u00eda en Estudios de las Mujeres y de G\u00e9nero del programa GEMMA \u2013 Universit\u00e0 di Bologna (Italia) \\\/ Universiteit Utrecht (Holanda). Trabaj\u00f3 como editora en la revista digital brasile\u00f1a G\u00eanero e N\u00famero. Le interesan especialmente iniciativas period\u00edsticas que tienen el objetivo de promover los derechos humanos y la justicia de g\u00e9nero. Puedes encontrarla en Twitter: @caroldeassis. _______ Carolina de Assis \u00e9 uma jornalista e pesquisadora brasileira que vive em Juiz de Fora (MG). \u00c9 mestra em Estudos da Mulher e de G\u00eanero pelo programa GEMMA \u2013 Universit\u00e0 di Bologna (It\u00e1lia) \\\/ Universiteit Utrecht (Holanda). Trabalhou como editora na revista digital G\u00eanero e N\u00famero e se interessa especialmente por iniciativas jornal\u00edsticas que promovam os direitos humanos e a justi\u00e7a de g\u00eanero. Voc\u00ea pode encontr\u00e1-la no Twitter em @caroldeassis.\",\"url\":\"https:\\\/\\\/latamjournalismreview.org\\\/pt-br\\\/articles\\\/author\\\/carolina-de-assis\\\/\"}]}<\/script>\n<!-- \/ Yoast SEO Premium plugin. -->","yoast_head_json":{"title":"Objetividade jornal\u00edstica em debate: Profissionais defendem autorreflex\u00e3o e novas pr\u00e1ticas no 18\u00ba Congresso da Abraji - LatAm Journalism Review by the Knight Center","description":"Objetividade jornal\u00edstica em debate: Profissionais defendem autorreflex\u00e3o e novas pr\u00e1ticas no 18\u00ba Congresso da Abraji Reportagens especiais. Latin American Journalism Review by The Knight Center at The University of Texas at Austin.","robots":{"index":"index","follow":"follow","max-snippet":"max-snippet:-1","max-image-preview":"max-image-preview:large","max-video-preview":"max-video-preview:-1"},"canonical":"https:\/\/latamjournalismreview.org\/pt-br\/articles\/objetividade-jornalistica-em-debate-profissionais-defendem-autorreflexao-e-novas-praticas-no-congresso-da-abraji\/","og_locale":"pt_BR","og_type":"article","og_title":"Objetividade jornal\u00edstica em debate: Profissionais defendem autorreflex\u00e3o e novas pr\u00e1ticas no 18\u00ba Congresso da Abraji","og_description":"Objetividade jornal\u00edstica em debate: Profissionais defendem autorreflex\u00e3o e novas pr\u00e1ticas no 18\u00ba Congresso da Abraji Reportagens especiais. Latin American Journalism Review by The Knight Center at The University of Texas at Austin.","og_url":"https:\/\/latamjournalismreview.org\/pt-br\/articles\/objetividade-jornalistica-em-debate-profissionais-defendem-autorreflexao-e-novas-praticas-no-congresso-da-abraji\/","og_site_name":"LatAm Journalism Review by the Knight Center","article_published_time":"2023-07-05T17:14:29+00:00","article_modified_time":"2023-07-05T21:51:24+00:00","og_image":[{"width":507,"height":340,"url":"https:\/\/latamjournalismreview.org\/wp-content\/uploads\/2023\/07\/Featured-Congresso-Abraji-2023-Objetividade.png","type":"image\/png"}],"author":"Carolina de Assis","twitter_card":"summary_large_image","twitter_creator":"@LatAmJournalism","twitter_site":"@LatAmJournalism","twitter_misc":{"Written by":"Carolina de Assis","Est. reading time":"5 minutos"},"schema":{"@context":"https:\/\/schema.org","@graph":[{"@type":"Article","@id":"https:\/\/latamjournalismreview.org\/pt-br\/articles\/objetividade-jornalistica-em-debate-profissionais-defendem-autorreflexao-e-novas-praticas-no-congresso-da-abraji\/#article","isPartOf":{"@id":"https:\/\/latamjournalismreview.org\/pt-br\/articles\/objetividade-jornalistica-em-debate-profissionais-defendem-autorreflexao-e-novas-praticas-no-congresso-da-abraji\/"},"author":{"name":"Carolina de Assis","@id":"https:\/\/latamjournalismreview.org\/pt-br\/#\/schema\/person\/f98b544e2f231a237f39a56cc9a00a9a"},"headline":"Objetividade jornal\u00edstica em debate: Profissionais defendem autorreflex\u00e3o e novas pr\u00e1ticas no 18\u00ba Congresso da Abraji","datePublished":"2023-07-05T17:14:29+00:00","dateModified":"2023-07-05T21:51:24+00:00","mainEntityOfPage":{"@id":"https:\/\/latamjournalismreview.org\/pt-br\/articles\/objetividade-jornalistica-em-debate-profissionais-defendem-autorreflexao-e-novas-praticas-no-congresso-da-abraji\/"},"wordCount":1019,"publisher":{"@id":"https:\/\/latamjournalismreview.org\/pt-br\/#organization"},"image":{"@id":"https:\/\/latamjournalismreview.org\/pt-br\/articles\/objetividade-jornalistica-em-debate-profissionais-defendem-autorreflexao-e-novas-praticas-no-congresso-da-abraji\/#primaryimage"},"thumbnailUrl":"https:\/\/latamjournalismreview.org\/wp-content\/uploads\/2023\/07\/Featured-Congresso-Abraji-2023-Objetividade.png","articleSection":["Reportagens especiais"],"inLanguage":"pt-BR"},{"@type":"WebPage","@id":"https:\/\/latamjournalismreview.org\/pt-br\/articles\/objetividade-jornalistica-em-debate-profissionais-defendem-autorreflexao-e-novas-praticas-no-congresso-da-abraji\/","url":"https:\/\/latamjournalismreview.org\/pt-br\/articles\/objetividade-jornalistica-em-debate-profissionais-defendem-autorreflexao-e-novas-praticas-no-congresso-da-abraji\/","name":"Objetividade jornal\u00edstica em debate: Profissionais defendem autorreflex\u00e3o e novas pr\u00e1ticas no 18\u00ba Congresso da Abraji - LatAm Journalism Review by the Knight Center","isPartOf":{"@id":"https:\/\/latamjournalismreview.org\/pt-br\/#website"},"primaryImageOfPage":{"@id":"https:\/\/latamjournalismreview.org\/pt-br\/articles\/objetividade-jornalistica-em-debate-profissionais-defendem-autorreflexao-e-novas-praticas-no-congresso-da-abraji\/#primaryimage"},"image":{"@id":"https:\/\/latamjournalismreview.org\/pt-br\/articles\/objetividade-jornalistica-em-debate-profissionais-defendem-autorreflexao-e-novas-praticas-no-congresso-da-abraji\/#primaryimage"},"thumbnailUrl":"https:\/\/latamjournalismreview.org\/wp-content\/uploads\/2023\/07\/Featured-Congresso-Abraji-2023-Objetividade.png","datePublished":"2023-07-05T17:14:29+00:00","dateModified":"2023-07-05T21:51:24+00:00","description":"Objetividade jornal\u00edstica em debate: Profissionais defendem autorreflex\u00e3o e novas pr\u00e1ticas no 18\u00ba Congresso da Abraji Reportagens especiais. Latin American Journalism Review by The Knight Center at The University of Texas at Austin.","breadcrumb":{"@id":"https:\/\/latamjournalismreview.org\/pt-br\/articles\/objetividade-jornalistica-em-debate-profissionais-defendem-autorreflexao-e-novas-praticas-no-congresso-da-abraji\/#breadcrumb"},"inLanguage":"pt-BR","potentialAction":[{"@type":"ReadAction","target":["https:\/\/latamjournalismreview.org\/pt-br\/articles\/objetividade-jornalistica-em-debate-profissionais-defendem-autorreflexao-e-novas-praticas-no-congresso-da-abraji\/"]}]},{"@type":"ImageObject","inLanguage":"pt-BR","@id":"https:\/\/latamjournalismreview.org\/pt-br\/articles\/objetividade-jornalistica-em-debate-profissionais-defendem-autorreflexao-e-novas-praticas-no-congresso-da-abraji\/#primaryimage","url":"https:\/\/latamjournalismreview.org\/wp-content\/uploads\/2023\/07\/Featured-Congresso-Abraji-2023-Objetividade.png","contentUrl":"https:\/\/latamjournalismreview.org\/wp-content\/uploads\/2023\/07\/Featured-Congresso-Abraji-2023-Objetividade.png","width":507,"height":340,"caption":"one man and two women sitting in front of a classroom"},{"@type":"BreadcrumbList","@id":"https:\/\/latamjournalismreview.org\/pt-br\/articles\/objetividade-jornalistica-em-debate-profissionais-defendem-autorreflexao-e-novas-praticas-no-congresso-da-abraji\/#breadcrumb","itemListElement":[{"@type":"ListItem","position":1,"name":"Home","item":"https:\/\/latamjournalismreview.org\/pt-br\/"},{"@type":"ListItem","position":2,"name":"Objetividade jornal\u00edstica em debate: Profissionais defendem autorreflex\u00e3o e novas pr\u00e1ticas no 18\u00ba Congresso da Abraji"}]},{"@type":"WebSite","@id":"https:\/\/latamjournalismreview.org\/pt-br\/#website","url":"https:\/\/latamjournalismreview.org\/pt-br\/","name":"LatAm Journalism Review","description":"Digital magazine on journalism in Latin America","publisher":{"@id":"https:\/\/latamjournalismreview.org\/pt-br\/#organization"},"potentialAction":[{"@type":"SearchAction","target":{"@type":"EntryPoint","urlTemplate":"https:\/\/latamjournalismreview.org\/pt-br\/?s={search_term_string}"},"query-input":{"@type":"PropertyValueSpecification","valueRequired":true,"valueName":"search_term_string"}}],"inLanguage":"pt-BR"},{"@type":"Organization","@id":"https:\/\/latamjournalismreview.org\/pt-br\/#organization","name":"LatAm Journalism Review","url":"https:\/\/latamjournalismreview.org\/pt-br\/","logo":{"@type":"ImageObject","inLanguage":"pt-BR","@id":"https:\/\/latamjournalismreview.org\/pt-br\/#\/schema\/logo\/image\/","url":"https:\/\/latamjournalismreview.org\/wp-content\/uploads\/2020\/05\/knight-latAm-review-logo.svg","contentUrl":"https:\/\/latamjournalismreview.org\/wp-content\/uploads\/2020\/05\/knight-latAm-review-logo.svg","width":"1024","height":"1024","caption":"LatAm Journalism Review"},"image":{"@id":"https:\/\/latamjournalismreview.org\/pt-br\/#\/schema\/logo\/image\/"},"sameAs":["https:\/\/x.com\/LatAmJournalism"]},{"@type":"Person","@id":"https:\/\/latamjournalismreview.org\/pt-br\/#\/schema\/person\/f98b544e2f231a237f39a56cc9a00a9a","name":"Carolina de Assis","description":"Carolina de Assis is a Brazilian journalist and researcher who lives in Juiz de Fora, MG, Brazil. She holds a master's degree in Women\u2019s and Gender Studies from the GEMMA Programme \u2013 Universit\u00e0 di Bologna (Italy) \/ Universiteit Utrecht (The Netherlands) and has worked as an editor at G\u00eanero e N\u00famero, a Brazilian digital magazine focused on data journalism and gender issues. She is especially interested in journalistic initiatives aimed at promoting human rights and gender justice. You can find her on Twitter: @caroldeassis _________ Carolina de Assis es una periodista e investigadora brasile\u00f1a que vive en Juiz de Fora, MG, Brasil . Tiene una maestr\u00eda en Estudios de las Mujeres y de G\u00e9nero del programa GEMMA \u2013 Universit\u00e0 di Bologna (Italia) \/ Universiteit Utrecht (Holanda). Trabaj\u00f3 como editora en la revista digital brasile\u00f1a G\u00eanero e N\u00famero. Le interesan especialmente iniciativas period\u00edsticas que tienen el objetivo de promover los derechos humanos y la justicia de g\u00e9nero. Puedes encontrarla en Twitter: @caroldeassis. _______ Carolina de Assis \u00e9 uma jornalista e pesquisadora brasileira que vive em Juiz de Fora (MG). \u00c9 mestra em Estudos da Mulher e de G\u00eanero pelo programa GEMMA \u2013 Universit\u00e0 di Bologna (It\u00e1lia) \/ Universiteit Utrecht (Holanda). Trabalhou como editora na revista digital G\u00eanero e N\u00famero e se interessa especialmente por iniciativas jornal\u00edsticas que promovam os direitos humanos e a justi\u00e7a de g\u00eanero. Voc\u00ea pode encontr\u00e1-la no Twitter em @caroldeassis.","url":"https:\/\/latamjournalismreview.org\/pt-br\/articles\/author\/carolina-de-assis\/"}]}},"_links":{"self":[{"href":"https:\/\/latamjournalismreview.org\/pt-br\/wp-json\/wp\/v2\/posts\/77263","targetHints":{"allow":["GET"]}}],"collection":[{"href":"https:\/\/latamjournalismreview.org\/pt-br\/wp-json\/wp\/v2\/posts"}],"about":[{"href":"https:\/\/latamjournalismreview.org\/pt-br\/wp-json\/wp\/v2\/types\/post"}],"author":[{"embeddable":true,"href":"https:\/\/latamjournalismreview.org\/pt-br\/wp-json\/wp\/v2\/users\/16"}],"replies":[{"embeddable":true,"href":"https:\/\/latamjournalismreview.org\/pt-br\/wp-json\/wp\/v2\/comments?post=77263"}],"version-history":[{"count":4,"href":"https:\/\/latamjournalismreview.org\/pt-br\/wp-json\/wp\/v2\/posts\/77263\/revisions"}],"predecessor-version":[{"id":77335,"href":"https:\/\/latamjournalismreview.org\/pt-br\/wp-json\/wp\/v2\/posts\/77263\/revisions\/77335"}],"wp:featuredmedia":[{"embeddable":true,"href":"https:\/\/latamjournalismreview.org\/pt-br\/wp-json\/wp\/v2\/media\/77266"}],"wp:attachment":[{"href":"https:\/\/latamjournalismreview.org\/pt-br\/wp-json\/wp\/v2\/media?parent=77263"}],"wp:term":[{"taxonomy":"category","embeddable":true,"href":"https:\/\/latamjournalismreview.org\/pt-br\/wp-json\/wp\/v2\/categories?post=77263"},{"taxonomy":"post_tag","embeddable":true,"href":"https:\/\/latamjournalismreview.org\/pt-br\/wp-json\/wp\/v2\/tags?post=77263"},{"taxonomy":"author","embeddable":true,"href":"https:\/\/latamjournalismreview.org\/pt-br\/wp-json\/wp\/v2\/coauthors?post=77263"}],"curies":[{"name":"wp","href":"https:\/\/api.w.org\/{rel}","templated":true}]}}