{"id":77853,"date":"2023-07-19T17:35:18","date_gmt":"2023-07-19T22:35:18","guid":{"rendered":"https:\/\/latamjournalismreview.org\/?p=77853"},"modified":"2023-08-02T15:07:31","modified_gmt":"2023-08-02T20:07:31","slug":"na-fronteira-brasil-bolivia-jornalistas-colaboram-entre-si-e-prestam-servicos-as-comunidades-locais","status":"publish","type":"post","link":"https:\/\/latamjournalismreview.org\/pt-br\/articles\/na-fronteira-brasil-bolivia-jornalistas-colaboram-entre-si-e-prestam-servicos-as-comunidades-locais\/","title":{"rendered":"Na fronteira Brasil-Bol\u00edvia, jornalistas colaboram entre si e prestam servi\u00e7os \u00e0s comunidades locais"},"content":{"rendered":"<p><span style=\"font-weight: 400;\">Em novembro de 2019, Pedro Montenegro foi extraditado para o Brasil acusado pelo crime de tr\u00e1fico de coca\u00edna. Era ent\u00e3o um dos homens mais procurados da Bol\u00edvia. A cobertura jornal\u00edstica de sua transfer\u00eancia para Corumb\u00e1, na divisa com a cidade boliviana Puerto Quijarro, reuniu Leonardo Cabral, do <\/span><a href=\"https:\/\/www.diarionline.com.br\/?s=noticia&amp;id=113816\"><span style=\"font-weight: 400;\">Di\u00e1rio Corumbaense<\/span><\/a><span style=\"font-weight: 400;\">, e Ariel Melgar Cabrera do <\/span><a href=\"https:\/\/eldeber.com.bo\/pais\/extraditan-a-pedro-montenegro-el-acusado-por-narcotrafico-sera-entregado-a-brasil-en-corumba_158149\"><span style=\"font-weight: 400;\">El Deber<\/span><\/a><span style=\"font-weight: 400;\">, para colaborarem em uma cobertura transnacional.<\/span><\/p>\n<p><span style=\"font-weight: 400;\">Frente \u00e0 velocidade dos fatos relacionados ao narcotr\u00e1fico por via terrestre, \u00e0 passagem de migrantes e a mudan\u00e7as s\u00fabitas nessa regi\u00e3o, Cabral e Melgar Cabrera trocaram fontes, dados sobre pris\u00f5es e narcotr\u00e1fico e at\u00e9 se ajudaram mutuamente com tradu\u00e7\u00f5es. \u201cSer jornalista na fronteira \u00e9 colaborar e fazer parceria com outros profissionais, porque precisamos uns dos outros\u201d, disse Cabral \u00e0 <\/span><b>LatAm Journalism Review (LJR)<\/b><span style=\"font-weight: 400;\">.<\/span><\/p>\n<div id=\"attachment_77734\" style=\"width: 460px\" class=\"wp-caption alignright\"><img loading=\"lazy\" decoding=\"async\" aria-describedby=\"caption-attachment-77734\" class=\"wp-image-77733\" src=\"https:\/\/latamjournalismreview.org\/wp-content\/uploads\/2023\/07\/EL-Periodista-Ariel-Medgar-Cabrera-de-El-Deber-Bolivia-300x225.jpeg\" alt=\"Man in a white shirt looks at the camera with a soccer field in the background\" width=\"450\" height=\"338\" srcset=\"https:\/\/latamjournalismreview.org\/wp-content\/uploads\/2023\/07\/EL-Periodista-Ariel-Medgar-Cabrera-de-El-Deber-Bolivia-300x225.jpeg 300w, https:\/\/latamjournalismreview.org\/wp-content\/uploads\/2023\/07\/EL-Periodista-Ariel-Medgar-Cabrera-de-El-Deber-Bolivia-768x576.jpeg 768w, https:\/\/latamjournalismreview.org\/wp-content\/uploads\/2023\/07\/EL-Periodista-Ariel-Medgar-Cabrera-de-El-Deber-Bolivia.jpeg 960w\" sizes=\"auto, (max-width: 450px) 100vw, 450px\" \/><p id=\"caption-attachment-77734\" class=\"wp-caption-text\">O jornalista Ariel Melgar Cabrera, do jornal boliviano El Deber\u00a0 (Foto: Cortesia)<\/p><\/div>\n<p><span style=\"font-weight: 400;\">Ariel Melgar Cabrera, do El Deber, refor\u00e7ou essa ideia de colabora\u00e7\u00e3o com uma anedota: \"Lembro que, para contatar a Pol\u00edcia Federal do Brasil, pedi ajuda ao Leonardo [Cabral]. A partir desse momento, ele se tornou uma fonte confi\u00e1vel em campo para pedir [informa\u00e7\u00f5es]\", acrescentou em entrevista por telefone da cidade de Santa Cruz de la Sierra.<\/span><\/p>\n<p><span style=\"font-weight: 400;\">O El Deber \u00e9 o jornal de maior circula\u00e7\u00e3o na Bol\u00edvia, e seu site recebe cerca de 30 milh\u00f5es de visitantes \u00fanicos por ano. \"\u00c9 independente, n\u00e3o \u00e9 estatal e todas as not\u00edcias s\u00e3o imparciais\", disse Melgar Cabrera. J\u00e1 a vers\u00e3o impressa do Di\u00e1rio Corumbaense \u00e9 distribu\u00edda localmente nos munic\u00edpios de Corumb\u00e1, Lad\u00e1rio e na regi\u00e3o do Pantanal. Cerca de 20 mil pessoas o leem online diariamente. \u201c\u00c9 not\u00e1vel como nas redes sociais do Di\u00e1rio Corumbaense recebemos coment\u00e1rios de cidad\u00e3os bolivianos\u201d, disse Cabral.<\/span><\/p>\n<p><span style=\"font-weight: 400;\">O territ\u00f3rio de Corumb\u00e1 faz fronteira com a Bol\u00edvia e tamb\u00e9m com o Paraguai, o que faz de Corumb\u00e1 \u2013 na regi\u00e3o pantanosa do Mato Grosso do Sul \u2013 um dos dez munic\u00edpios bifronteiri\u00e7os do Brasil. Segundo fontes da Receita Federal do Brasil que conversaram com a <\/span><b><i>LJR<\/i><\/b><span style=\"font-weight: 400;\">, cerca de 6 mil pessoas e 3 mil ve\u00edculos circulam diariamente pelo cruzamento desta cidade com Puerto Quijarro. \u201c\u00c9 uma \u00e1rea de situa\u00e7\u00f5es relevantes comuns aos dois pa\u00edses: o que aconteceria se n\u00e3o tiv\u00e9ssemos uma fonte imediata e confi\u00e1vel como o Di\u00e1rio Corumbaense na regi\u00e3o?\u201d, questionou o jornalista boliviano Melgar Cabrera.<\/span><\/p>\n<div id=\"attachment_77799\" style=\"width: 411px\" class=\"wp-caption alignleft\"><img loading=\"lazy\" decoding=\"async\" aria-describedby=\"caption-attachment-77799\" id=\"longdesc-return-77799\" class=\"wp-image-77801\" tabindex=\"-1\" src=\"https:\/\/latamjournalismreview.org\/wp-content\/uploads\/2023\/07\/Corumba.png\" alt=\"Map indicating the location of the municipality of Corumb\u00e1, in the Brazilian state of Mato Grosso do Sul.\" width=\"401\" height=\"210\" longdesc=\"https:\/\/latamjournalismreview.org?longdesc=77799&amp;referrer=77745\" srcset=\"https:\/\/latamjournalismreview.org\/wp-content\/uploads\/2023\/07\/Corumba.png 1240w, https:\/\/latamjournalismreview.org\/wp-content\/uploads\/2023\/07\/Corumba-300x157.png 300w, https:\/\/latamjournalismreview.org\/wp-content\/uploads\/2023\/07\/Corumba-1024x537.png 1024w, https:\/\/latamjournalismreview.org\/wp-content\/uploads\/2023\/07\/Corumba-768x403.png 768w\" sizes=\"auto, (max-width: 401px) 100vw, 401px\" \/><p id=\"caption-attachment-77799\" class=\"wp-caption-text\">Corumb\u00e1, pertencente ao estado de Mato Grosso do Sul, faz fronteira com a cidade de Puerto Quijarro, na Bol\u00edvia (Foto: Google Maps)<\/p><\/div>\n<p><span style=\"font-weight: 400;\">Fazer jornalismo em \u00e1reas fronteiri\u00e7as pode ser desafiador e exige\u00a0 um olhar atento. Isso levou Melgar Cabrera e Cabral a se ajudarem ao entrevistarem suas respectivas Pol\u00edcias Federais sobre temas ligados a drogas e ao tr\u00e1fico de drogas. Outro caso que abalou a regi\u00e3o no in\u00edcio de 2023 foi o de Ruddy Sandoval, um boliviano de 37 anos ligado ao tr\u00e1fico de drogas e a figuras pol\u00edticas daquele pa\u00eds, encontrado morto em um carro abandonado na cidade de Corumb\u00e1. Na ocasi\u00e3o, El Deber publicou<\/span><a href=\"https:\/\/eldeber.com.bo\/santa-cruz\/policia-civil-presume-que-ruddy-sandoval-acusado-por-narcotrafico-fue-ejecutado-en-bolivia-y-luego-d_319813\"><span style=\"font-weight: 400;\"> not\u00edcias<\/span><\/a><span style=\"font-weight: 400;\"> citando o Di\u00e1rio Corumbaense como fonte.<\/span><\/p>\n<p><span style=\"font-weight: 400;\">A colabora\u00e7\u00e3o em rede \u00e9 uma das caracter\u00edsticas do jornalismo contempor\u00e2neo e latino-americano. Segundo Adriana Amado, pesquisadora de m\u00eddia e comunica\u00e7\u00e3o, essas formas de trabalhar s\u00e3o uma esp\u00e9cie de \"jornalismo coral\", conceito que ela mencionou em seu livro intitulado em espanhol <\/span><a href=\"https:\/\/www.edicionesampersand.com\/product-page\/las-met%C3%A1foras-del-periodismo\"><span style=\"font-weight: 400;\">\"Met\u00e1foras jornal\u00edsticas: muta\u00e7\u00f5es e desafios.\"<\/span><\/a><span style=\"font-weight: 400;\"> Embora n\u00e3o haja contrato expl\u00edcito entre os dois jornalistas do Brasil e da Bol\u00edvia, h\u00e1 um fluxo de trabalho e acordos para compartilharem fontes e contatos.<\/span><\/p>\n<p><span style=\"font-weight: 400;\">Lucas L\u00e9lis, outro rep\u00f3rter de Corumb\u00e1, que trabalha na TV Morena (afiliada da TV Globo), disse: \"H\u00e1 uma peculiaridade em fazer jornalismo no interior [do pa\u00eds], que \u00e9 muito diferente dos grandes centros urbanos, onde h\u00e1 mais assessoria de imprensa e o trabalho \u00e9 mais individual. No interior, se a gente n\u00e3o se ajudar, a gente n\u00e3o consegue fazer nada\u201d, afirmou.<\/span><\/p>\n<h3><span style=\"font-weight: 400;\">Jornais como servi\u00e7os de informa\u00e7\u00e3o para uma comunidade de cidade fronteiri\u00e7a<\/span><\/h3>\n<p><span style=\"font-weight: 400;\">Informar a comunidade como um servi\u00e7o \u00e9 um conceito que a pesquisadora Adriana Amado desenvolve e defende para o jornalismo do s\u00e9culo XXI. \"Jornalistas s\u00e3o prestadores de servi\u00e7os para sua comunidade, desde esportes, a vida p\u00fablica, at\u00e9 Sa\u00fade. S\u00e3o considerados assuntos marginais, mas s\u00e3o conte\u00fados que devemos fornecer\",<\/span><a href=\"https:\/\/latamjournalismreview.org\/pt-br\/articles\/como-as-interacoes-com-comunidades-e-a-cultura-gamer-podem-ajudar-o-jornalismo-na-america-latina\/\"><span style=\"font-weight: 400;\"> disse Amando em entrevista publicada na <\/span><em><b>LJR<\/b><\/em><\/a><span style=\"font-weight: 400;\">. O Di\u00e1rio Corumbaense possui se\u00e7\u00f5es que atendem a comunidade local em diversas \u00e1reas, como Turismo, Cidadania e Servi\u00e7os como Sa\u00fade e Educa\u00e7\u00e3o.<\/span><\/p>\n<p><span style=\"font-weight: 400;\">A identidade binacional tamb\u00e9m faz parte de sua miss\u00e3o jornal\u00edstica. \"Somos uma cidade fronteiri\u00e7a e no Di\u00e1rio Corumbaense procuramos aproximar as culturas do Brasil e da Bol\u00edvia para nos unir mais por nossas tradi\u00e7\u00f5es\", disse o jornalista Cabral, brasileiro de m\u00e3e boliviana. Ele citou o exemplo da festa da Virgem Maria de Urkupi\u00f1a, que \u00e9 celebrada em mais de 20 cidades da Bol\u00edvia. Com uma missa e uma pequena entrada folcl\u00f3rica, a celebra\u00e7\u00e3o tamb\u00e9m marca presen\u00e7a em cortejos em Corumb\u00e1.<\/span><\/p>\n<p><span style=\"font-weight: 400;\">Em junho de 2023, os tradicionais festejos de junho ganharam espa\u00e7o nas p\u00e1ginas impressas e no site deste jornal local. \"<\/span><a href=\"https:\/\/www.diarionline.com.br\/?s=noticia&amp;id=138999\"><span style=\"font-weight: 400;\">Festeiros banham S\u00e3o Jo\u00e3o e renovam f\u00e9 e devo\u00e7\u00e3o nas \u00e1guas do rio Paraguai<\/span><\/a><span style=\"font-weight: 400;\">\", \u00e9 o t\u00edtulo de uma reportagem escrita em estilo de cr\u00f4nica no \u00faltimo dia 24 de junho sobre o cortejo popular que levou o S\u00e3o Jo\u00e3o em uma prociss\u00e3o at\u00e9 o rio Paraguai. Os habitantes de Corumb\u00e1 homenagearam o santo e o banharam em um gesto simb\u00f3lico de ben\u00e7\u00e3o. \"\u00c9 uma das manifesta\u00e7\u00f5es mais populares do centro-oeste brasileiro e \u00e9 reconhecida como Patrim\u00f4nio Imaterial da Humanidade desde 2021. E nos parece importante marc\u00e1-lo em nossa comunidade, que tamb\u00e9m inclui cidad\u00e3os bolivianos\", disse Cabral.<\/span><\/p>\n<div id=\"attachment_77731\" style=\"width: 460px\" class=\"wp-caption alignleft\"><img loading=\"lazy\" decoding=\"async\" aria-describedby=\"caption-attachment-77731\" class=\"wp-image-77730\" src=\"https:\/\/latamjournalismreview.org\/wp-content\/uploads\/2023\/07\/Jornalistas-Leonardo-Cabral-e-Anderson-Gallo-preparando-entrevista-no-ponto-de-fronteira-Brasil-Bolivia2-300x169.jpg\" alt=\"Two men at a border crossing in South America looking at a camera with a big lens and writing something in a notebook\" width=\"450\" height=\"253\" srcset=\"https:\/\/latamjournalismreview.org\/wp-content\/uploads\/2023\/07\/Jornalistas-Leonardo-Cabral-e-Anderson-Gallo-preparando-entrevista-no-ponto-de-fronteira-Brasil-Bolivia2-300x169.jpg 300w, https:\/\/latamjournalismreview.org\/wp-content\/uploads\/2023\/07\/Jornalistas-Leonardo-Cabral-e-Anderson-Gallo-preparando-entrevista-no-ponto-de-fronteira-Brasil-Bolivia2-1024x576.jpg 1024w, https:\/\/latamjournalismreview.org\/wp-content\/uploads\/2023\/07\/Jornalistas-Leonardo-Cabral-e-Anderson-Gallo-preparando-entrevista-no-ponto-de-fronteira-Brasil-Bolivia2-768x432.jpg 768w, https:\/\/latamjournalismreview.org\/wp-content\/uploads\/2023\/07\/Jornalistas-Leonardo-Cabral-e-Anderson-Gallo-preparando-entrevista-no-ponto-de-fronteira-Brasil-Bolivia2-1536x864.jpg 1536w, https:\/\/latamjournalismreview.org\/wp-content\/uploads\/2023\/07\/Jornalistas-Leonardo-Cabral-e-Anderson-Gallo-preparando-entrevista-no-ponto-de-fronteira-Brasil-Bolivia2-2048x1152.jpg 2048w\" sizes=\"auto, (max-width: 450px) 100vw, 450px\" \/><p id=\"caption-attachment-77731\" class=\"wp-caption-text\">Leonardo Cabral e Anderson Gallo se preparando para entrevista no ponto 2 da fronteira Brasil-Bol\u00edvia (Foto: Anderson Gallo e Leonardo Amaral, Di\u00e1rio Corumbaense)<\/p><\/div>\n<p><span style=\"font-weight: 400;\">A reda\u00e7\u00e3o do Di\u00e1rio Corumbaense est\u00e1 localizada no centro da cidade. Essa parte de Corumb\u00e1, n\u00e3o muito longe do rio Paraguai, ainda tem ares de bairro do interior, com ruas compridas, lojas e pr\u00e9dios em estilo moderno. Algumas casinhas ostentam arquitetura colonial. Em frente \u00e0 reda\u00e7\u00e3o, na hora da sesta, quase n\u00e3o h\u00e1 movimento de pessoas ou transporte. Os vizinhos recuam por causa do calor e do calor de mais de 30 graus . Ao lado da sala onde trabalham os tr\u00eas jornalistas do Di\u00e1rio Corumbaense, h\u00e1 uma enorme gr\u00e1fica onde os 1.500 exemplares semanais s\u00e3o impressos e vendidos por R$ 1,00 todas as quintas-feiras.<\/span><\/p>\n<p><span style=\"font-weight: 400;\">A credibilidade p\u00fablica e a \u00e9tica jornal\u00edstica s\u00e3o vitais para o sucesso do jornalismo. Luiz Juli\u00e3o Rocha tem 39 anos e mora em Corumb\u00e1, onde trabalha com turismo. \"O Di\u00e1rio Corumbaense escreve com riqueza de detalhes. Isso pode ser sentido na precis\u00e3o das informa\u00e7\u00f5es, em seus textos\", afirmou.<\/span><\/p>\n<p><span style=\"font-weight: 400;\">Por seu lado, Cabral recorda um dos coment\u00e1rios que mais\u00a0 orgulharam a si e aos colegas da redac\u00e7\u00e3o. \u201cCerta vez, por ocasi\u00e3o de uma entrevista que fiz com uma comandante militar da regi\u00e3o, ao final, ela me disse que as \u00fanicas not\u00edcias que ela acreditava serem verdadeiras eram as publicadas no Di\u00e1rio Corumbaense\u201d, contou.<\/span><\/p>\n<p><span style=\"font-weight: 400;\">O jornal \u00e9 sustentado por meio de publicidade de clientes regulares e outros que o apoiam temporariamente. \"H\u00e1 dezesseis anos, quando criamos o jornal, ele era distribu\u00eddo apenas em pontos de venda at\u00e9 migrar para o online. Hoje imprimimos apenas uma vez por semana e temos espa\u00e7o publicit\u00e1rio\", disse Rosana Nunes, diretora fundadora do Di\u00e1rio Corumbaense .<\/span><\/p>\n<p><span style=\"font-weight: 400;\">Vivemos em um mundo em que as hist\u00f3rias desaparecem em quest\u00e3o de segundos e hist\u00f3rias fugazes abundam online. Em meio a esse contexto, o Di\u00e1rio Corumbaense faz a diferen\u00e7a aos olhos de seus leitores. \u201cNeste jornal, a not\u00edcia adquire um ritmo din\u00e2mico e local que se baseia em um di\u00e1logo constante com as preocupa\u00e7\u00f5es e interesses da nossa comunidade\u201d, disse Juli\u00e3o Rocha, um dos leitores do jornal.<\/span><\/p>\n<p><span style=\"font-weight: 400;\">--<\/span><\/p>\n<p><i><span style=\"font-weight: 400;\">A colaboradora Soledad Dominguez \u00e9 uma jornalista que cobre e escreve reportagens sobre direitos humanos, igualdade racial e inova\u00e7\u00e3o no jornalismo na Argentina e no Brasil.<\/span><\/i><\/p>\n","protected":false},"excerpt":{"rendered":"<p>Jornalistas da Bol\u00edvia e do Brasil contam como cooperam em coberturas sobre narcotr\u00e1fico e migra\u00e7\u00f5es de fronteira entre os dois pa\u00edses. A LJR entrevistou Ariel Melgar Cabrera, do El Deber,  e Leonardo Cabral, do Di\u00e1rio Corumbaense, para contar como \u00e9 a sua colabora\u00e7\u00e3o transnacional.<\/p>\n","protected":false},"author":67,"featured_media":77739,"comment_status":"closed","ping_status":"closed","sticky":false,"template":"","format":"standard","meta":{"inline_featured_image":false,"footnotes":""},"categories":[1212,1219],"tags":[1542],"coauthors":[],"class_list":["post-77853","post","type-post","status-publish","format-standard","has-post-thumbnail","hentry","category-colaboracao-pt-br","category-liberdade-de-imprensa-pt-br","tag-jornalismo-comunitario-pt-br"],"acf":[],"yoast_head":"<!-- This site is optimized with the Yoast SEO Premium plugin v22.6 (Yoast SEO v27.4) - https:\/\/yoast.com\/product\/yoast-seo-premium-wordpress\/ -->\n<title>Na fronteira Brasil-Bol\u00edvia, jornalistas colaboram entre si e prestam servi\u00e7os \u00e0s comunidades locais - LatAm Journalism Review by the Knight Center<\/title>\n<meta name=\"description\" content=\"Na fronteira Brasil-Bol\u00edvia, jornalistas colaboram entre si e prestam servi\u00e7os \u00e0s comunidades locais Liberdade de imprensa. Latin American Journalism Review by The Knight Center at The University of Texas at Austin.\" \/>\n<meta name=\"robots\" content=\"index, follow, max-snippet:-1, max-image-preview:large, max-video-preview:-1\" \/>\n<link rel=\"canonical\" href=\"https:\/\/latamjournalismreview.org\/pt-br\/articles\/na-fronteira-brasil-bolivia-jornalistas-colaboram-entre-si-e-prestam-servicos-as-comunidades-locais\/\" \/>\n<meta property=\"og:locale\" content=\"pt_BR\" \/>\n<meta property=\"og:type\" content=\"article\" \/>\n<meta property=\"og:title\" content=\"Na fronteira Brasil-Bol\u00edvia, jornalistas colaboram entre si e prestam servi\u00e7os \u00e0s comunidades locais\" \/>\n<meta property=\"og:description\" content=\"Na fronteira Brasil-Bol\u00edvia, jornalistas colaboram entre si e prestam servi\u00e7os \u00e0s comunidades locais Liberdade de imprensa. Latin American Journalism Review by The Knight Center at The University of Texas at Austin.\" \/>\n<meta property=\"og:url\" content=\"https:\/\/latamjournalismreview.org\/pt-br\/articles\/na-fronteira-brasil-bolivia-jornalistas-colaboram-entre-si-e-prestam-servicos-as-comunidades-locais\/\" \/>\n<meta property=\"og:site_name\" content=\"LatAm Journalism Review by the Knight Center\" \/>\n<meta property=\"article:published_time\" content=\"2023-07-19T22:35:18+00:00\" \/>\n<meta property=\"article:modified_time\" content=\"2023-08-02T20:07:31+00:00\" \/>\n<meta property=\"og:image\" content=\"https:\/\/latamjournalismreview.org\/wp-content\/uploads\/2023\/07\/Equipo-de-Diario-Corumbaense-en-la-frontera-Brasil_Bolivia-4-scaled.jpg\" \/>\n\t<meta property=\"og:image:width\" content=\"2560\" \/>\n\t<meta property=\"og:image:height\" content=\"1440\" \/>\n\t<meta property=\"og:image:type\" content=\"image\/jpeg\" \/>\n<meta name=\"author\" content=\"Soledad Dom\u00ednguez\" \/>\n<meta name=\"twitter:card\" content=\"summary_large_image\" \/>\n<meta name=\"twitter:creator\" content=\"@LatAmJournalism\" \/>\n<meta name=\"twitter:site\" content=\"@LatAmJournalism\" \/>\n<meta name=\"twitter:label1\" content=\"Written by\" \/>\n\t<meta name=\"twitter:data1\" content=\"Soledad Dom\u00ednguez\" \/>\n\t<meta name=\"twitter:label2\" content=\"Est. reading time\" \/>\n\t<meta name=\"twitter:data2\" content=\"7 minutos\" \/>\n<script type=\"application\/ld+json\" class=\"yoast-schema-graph\">{\"@context\":\"https:\\\/\\\/schema.org\",\"@graph\":[{\"@type\":\"Article\",\"@id\":\"https:\\\/\\\/latamjournalismreview.org\\\/pt-br\\\/articles\\\/na-fronteira-brasil-bolivia-jornalistas-colaboram-entre-si-e-prestam-servicos-as-comunidades-locais\\\/#article\",\"isPartOf\":{\"@id\":\"https:\\\/\\\/latamjournalismreview.org\\\/pt-br\\\/articles\\\/na-fronteira-brasil-bolivia-jornalistas-colaboram-entre-si-e-prestam-servicos-as-comunidades-locais\\\/\"},\"author\":{\"name\":\"Soledad Dom\u00ednguez\",\"@id\":\"https:\\\/\\\/latamjournalismreview.org\\\/pt-br\\\/#\\\/schema\\\/person\\\/22f0a24d4abd2bce835a545a75eadd98\"},\"headline\":\"Na fronteira Brasil-Bol\u00edvia, jornalistas colaboram entre si e prestam servi\u00e7os \u00e0s comunidades locais\",\"datePublished\":\"2023-07-19T22:35:18+00:00\",\"dateModified\":\"2023-08-02T20:07:31+00:00\",\"mainEntityOfPage\":{\"@id\":\"https:\\\/\\\/latamjournalismreview.org\\\/pt-br\\\/articles\\\/na-fronteira-brasil-bolivia-jornalistas-colaboram-entre-si-e-prestam-servicos-as-comunidades-locais\\\/\"},\"wordCount\":1449,\"publisher\":{\"@id\":\"https:\\\/\\\/latamjournalismreview.org\\\/pt-br\\\/#organization\"},\"image\":{\"@id\":\"https:\\\/\\\/latamjournalismreview.org\\\/pt-br\\\/articles\\\/na-fronteira-brasil-bolivia-jornalistas-colaboram-entre-si-e-prestam-servicos-as-comunidades-locais\\\/#primaryimage\"},\"thumbnailUrl\":\"https:\\\/\\\/latamjournalismreview.org\\\/wp-content\\\/uploads\\\/2023\\\/07\\\/Equipo-de-Diario-Corumbaense-en-la-frontera-Brasil_Bolivia-4-scaled.jpg\",\"keywords\":[\"Jornalismo comunit\u00e1rio\"],\"articleSection\":[\"Colabora\u00e7\u00e3o\",\"Liberdade de imprensa\"],\"inLanguage\":\"pt-BR\"},{\"@type\":\"WebPage\",\"@id\":\"https:\\\/\\\/latamjournalismreview.org\\\/pt-br\\\/articles\\\/na-fronteira-brasil-bolivia-jornalistas-colaboram-entre-si-e-prestam-servicos-as-comunidades-locais\\\/\",\"url\":\"https:\\\/\\\/latamjournalismreview.org\\\/pt-br\\\/articles\\\/na-fronteira-brasil-bolivia-jornalistas-colaboram-entre-si-e-prestam-servicos-as-comunidades-locais\\\/\",\"name\":\"Na fronteira Brasil-Bol\u00edvia, jornalistas colaboram entre si e prestam servi\u00e7os \u00e0s comunidades locais - LatAm Journalism Review by the Knight Center\",\"isPartOf\":{\"@id\":\"https:\\\/\\\/latamjournalismreview.org\\\/pt-br\\\/#website\"},\"primaryImageOfPage\":{\"@id\":\"https:\\\/\\\/latamjournalismreview.org\\\/pt-br\\\/articles\\\/na-fronteira-brasil-bolivia-jornalistas-colaboram-entre-si-e-prestam-servicos-as-comunidades-locais\\\/#primaryimage\"},\"image\":{\"@id\":\"https:\\\/\\\/latamjournalismreview.org\\\/pt-br\\\/articles\\\/na-fronteira-brasil-bolivia-jornalistas-colaboram-entre-si-e-prestam-servicos-as-comunidades-locais\\\/#primaryimage\"},\"thumbnailUrl\":\"https:\\\/\\\/latamjournalismreview.org\\\/wp-content\\\/uploads\\\/2023\\\/07\\\/Equipo-de-Diario-Corumbaense-en-la-frontera-Brasil_Bolivia-4-scaled.jpg\",\"datePublished\":\"2023-07-19T22:35:18+00:00\",\"dateModified\":\"2023-08-02T20:07:31+00:00\",\"description\":\"Na fronteira Brasil-Bol\u00edvia, jornalistas colaboram entre si e prestam servi\u00e7os \u00e0s comunidades locais Liberdade de imprensa. Latin American Journalism Review by The Knight Center at The University of Texas at Austin.\",\"breadcrumb\":{\"@id\":\"https:\\\/\\\/latamjournalismreview.org\\\/pt-br\\\/articles\\\/na-fronteira-brasil-bolivia-jornalistas-colaboram-entre-si-e-prestam-servicos-as-comunidades-locais\\\/#breadcrumb\"},\"inLanguage\":\"pt-BR\",\"potentialAction\":[{\"@type\":\"ReadAction\",\"target\":[\"https:\\\/\\\/latamjournalismreview.org\\\/pt-br\\\/articles\\\/na-fronteira-brasil-bolivia-jornalistas-colaboram-entre-si-e-prestam-servicos-as-comunidades-locais\\\/\"]}]},{\"@type\":\"ImageObject\",\"inLanguage\":\"pt-BR\",\"@id\":\"https:\\\/\\\/latamjournalismreview.org\\\/pt-br\\\/articles\\\/na-fronteira-brasil-bolivia-jornalistas-colaboram-entre-si-e-prestam-servicos-as-comunidades-locais\\\/#primaryimage\",\"url\":\"https:\\\/\\\/latamjournalismreview.org\\\/wp-content\\\/uploads\\\/2023\\\/07\\\/Equipo-de-Diario-Corumbaense-en-la-frontera-Brasil_Bolivia-4-scaled.jpg\",\"contentUrl\":\"https:\\\/\\\/latamjournalismreview.org\\\/wp-content\\\/uploads\\\/2023\\\/07\\\/Equipo-de-Diario-Corumbaense-en-la-frontera-Brasil_Bolivia-4-scaled.jpg\",\"width\":2560,\"height\":1440,\"caption\":\"Equipe do Di\u00e1rio Corumbaense na fronteira Brasil-Bol\u00edvia\"},{\"@type\":\"BreadcrumbList\",\"@id\":\"https:\\\/\\\/latamjournalismreview.org\\\/pt-br\\\/articles\\\/na-fronteira-brasil-bolivia-jornalistas-colaboram-entre-si-e-prestam-servicos-as-comunidades-locais\\\/#breadcrumb\",\"itemListElement\":[{\"@type\":\"ListItem\",\"position\":1,\"name\":\"Home\",\"item\":\"https:\\\/\\\/latamjournalismreview.org\\\/pt-br\\\/\"},{\"@type\":\"ListItem\",\"position\":2,\"name\":\"Na fronteira Brasil-Bol\u00edvia, jornalistas colaboram entre si e prestam servi\u00e7os \u00e0s comunidades locais\"}]},{\"@type\":\"WebSite\",\"@id\":\"https:\\\/\\\/latamjournalismreview.org\\\/pt-br\\\/#website\",\"url\":\"https:\\\/\\\/latamjournalismreview.org\\\/pt-br\\\/\",\"name\":\"LatAm Journalism Review\",\"description\":\"Digital magazine on journalism in Latin America\",\"publisher\":{\"@id\":\"https:\\\/\\\/latamjournalismreview.org\\\/pt-br\\\/#organization\"},\"potentialAction\":[{\"@type\":\"SearchAction\",\"target\":{\"@type\":\"EntryPoint\",\"urlTemplate\":\"https:\\\/\\\/latamjournalismreview.org\\\/pt-br\\\/?s={search_term_string}\"},\"query-input\":{\"@type\":\"PropertyValueSpecification\",\"valueRequired\":true,\"valueName\":\"search_term_string\"}}],\"inLanguage\":\"pt-BR\"},{\"@type\":\"Organization\",\"@id\":\"https:\\\/\\\/latamjournalismreview.org\\\/pt-br\\\/#organization\",\"name\":\"LatAm Journalism Review\",\"url\":\"https:\\\/\\\/latamjournalismreview.org\\\/pt-br\\\/\",\"logo\":{\"@type\":\"ImageObject\",\"inLanguage\":\"pt-BR\",\"@id\":\"https:\\\/\\\/latamjournalismreview.org\\\/pt-br\\\/#\\\/schema\\\/logo\\\/image\\\/\",\"url\":\"https:\\\/\\\/latamjournalismreview.org\\\/wp-content\\\/uploads\\\/2020\\\/05\\\/knight-latAm-review-logo.svg\",\"contentUrl\":\"https:\\\/\\\/latamjournalismreview.org\\\/wp-content\\\/uploads\\\/2020\\\/05\\\/knight-latAm-review-logo.svg\",\"width\":\"1024\",\"height\":\"1024\",\"caption\":\"LatAm Journalism Review\"},\"image\":{\"@id\":\"https:\\\/\\\/latamjournalismreview.org\\\/pt-br\\\/#\\\/schema\\\/logo\\\/image\\\/\"},\"sameAs\":[\"https:\\\/\\\/x.com\\\/LatAmJournalism\"]},{\"@type\":\"Person\",\"@id\":\"https:\\\/\\\/latamjournalismreview.org\\\/pt-br\\\/#\\\/schema\\\/person\\\/22f0a24d4abd2bce835a545a75eadd98\",\"name\":\"Soledad Dom\u00ednguez\",\"url\":\"https:\\\/\\\/latamjournalismreview.org\\\/pt-br\\\/articles\\\/author\\\/soledad-dominguez\\\/\"}]}<\/script>\n<!-- \/ Yoast SEO Premium plugin. -->","yoast_head_json":{"title":"Na fronteira Brasil-Bol\u00edvia, jornalistas colaboram entre si e prestam servi\u00e7os \u00e0s comunidades locais - LatAm Journalism Review by the Knight Center","description":"Na fronteira Brasil-Bol\u00edvia, jornalistas colaboram entre si e prestam servi\u00e7os \u00e0s comunidades locais Liberdade de imprensa. Latin American Journalism Review by The Knight Center at The University of Texas at Austin.","robots":{"index":"index","follow":"follow","max-snippet":"max-snippet:-1","max-image-preview":"max-image-preview:large","max-video-preview":"max-video-preview:-1"},"canonical":"https:\/\/latamjournalismreview.org\/pt-br\/articles\/na-fronteira-brasil-bolivia-jornalistas-colaboram-entre-si-e-prestam-servicos-as-comunidades-locais\/","og_locale":"pt_BR","og_type":"article","og_title":"Na fronteira Brasil-Bol\u00edvia, jornalistas colaboram entre si e prestam servi\u00e7os \u00e0s comunidades locais","og_description":"Na fronteira Brasil-Bol\u00edvia, jornalistas colaboram entre si e prestam servi\u00e7os \u00e0s comunidades locais Liberdade de imprensa. Latin American Journalism Review by The Knight Center at The University of Texas at Austin.","og_url":"https:\/\/latamjournalismreview.org\/pt-br\/articles\/na-fronteira-brasil-bolivia-jornalistas-colaboram-entre-si-e-prestam-servicos-as-comunidades-locais\/","og_site_name":"LatAm Journalism Review by the Knight Center","article_published_time":"2023-07-19T22:35:18+00:00","article_modified_time":"2023-08-02T20:07:31+00:00","og_image":[{"width":2560,"height":1440,"url":"https:\/\/latamjournalismreview.org\/wp-content\/uploads\/2023\/07\/Equipo-de-Diario-Corumbaense-en-la-frontera-Brasil_Bolivia-4-scaled.jpg","type":"image\/jpeg"}],"author":"Soledad Dom\u00ednguez","twitter_card":"summary_large_image","twitter_creator":"@LatAmJournalism","twitter_site":"@LatAmJournalism","twitter_misc":{"Written by":"Soledad Dom\u00ednguez","Est. reading time":"7 minutos"},"schema":{"@context":"https:\/\/schema.org","@graph":[{"@type":"Article","@id":"https:\/\/latamjournalismreview.org\/pt-br\/articles\/na-fronteira-brasil-bolivia-jornalistas-colaboram-entre-si-e-prestam-servicos-as-comunidades-locais\/#article","isPartOf":{"@id":"https:\/\/latamjournalismreview.org\/pt-br\/articles\/na-fronteira-brasil-bolivia-jornalistas-colaboram-entre-si-e-prestam-servicos-as-comunidades-locais\/"},"author":{"name":"Soledad Dom\u00ednguez","@id":"https:\/\/latamjournalismreview.org\/pt-br\/#\/schema\/person\/22f0a24d4abd2bce835a545a75eadd98"},"headline":"Na fronteira Brasil-Bol\u00edvia, jornalistas colaboram entre si e prestam servi\u00e7os \u00e0s comunidades locais","datePublished":"2023-07-19T22:35:18+00:00","dateModified":"2023-08-02T20:07:31+00:00","mainEntityOfPage":{"@id":"https:\/\/latamjournalismreview.org\/pt-br\/articles\/na-fronteira-brasil-bolivia-jornalistas-colaboram-entre-si-e-prestam-servicos-as-comunidades-locais\/"},"wordCount":1449,"publisher":{"@id":"https:\/\/latamjournalismreview.org\/pt-br\/#organization"},"image":{"@id":"https:\/\/latamjournalismreview.org\/pt-br\/articles\/na-fronteira-brasil-bolivia-jornalistas-colaboram-entre-si-e-prestam-servicos-as-comunidades-locais\/#primaryimage"},"thumbnailUrl":"https:\/\/latamjournalismreview.org\/wp-content\/uploads\/2023\/07\/Equipo-de-Diario-Corumbaense-en-la-frontera-Brasil_Bolivia-4-scaled.jpg","keywords":["Jornalismo comunit\u00e1rio"],"articleSection":["Colabora\u00e7\u00e3o","Liberdade de imprensa"],"inLanguage":"pt-BR"},{"@type":"WebPage","@id":"https:\/\/latamjournalismreview.org\/pt-br\/articles\/na-fronteira-brasil-bolivia-jornalistas-colaboram-entre-si-e-prestam-servicos-as-comunidades-locais\/","url":"https:\/\/latamjournalismreview.org\/pt-br\/articles\/na-fronteira-brasil-bolivia-jornalistas-colaboram-entre-si-e-prestam-servicos-as-comunidades-locais\/","name":"Na fronteira Brasil-Bol\u00edvia, jornalistas colaboram entre si e prestam servi\u00e7os \u00e0s comunidades locais - LatAm Journalism Review by the Knight Center","isPartOf":{"@id":"https:\/\/latamjournalismreview.org\/pt-br\/#website"},"primaryImageOfPage":{"@id":"https:\/\/latamjournalismreview.org\/pt-br\/articles\/na-fronteira-brasil-bolivia-jornalistas-colaboram-entre-si-e-prestam-servicos-as-comunidades-locais\/#primaryimage"},"image":{"@id":"https:\/\/latamjournalismreview.org\/pt-br\/articles\/na-fronteira-brasil-bolivia-jornalistas-colaboram-entre-si-e-prestam-servicos-as-comunidades-locais\/#primaryimage"},"thumbnailUrl":"https:\/\/latamjournalismreview.org\/wp-content\/uploads\/2023\/07\/Equipo-de-Diario-Corumbaense-en-la-frontera-Brasil_Bolivia-4-scaled.jpg","datePublished":"2023-07-19T22:35:18+00:00","dateModified":"2023-08-02T20:07:31+00:00","description":"Na fronteira Brasil-Bol\u00edvia, jornalistas colaboram entre si e prestam servi\u00e7os \u00e0s comunidades locais Liberdade de imprensa. Latin American Journalism Review by The Knight Center at The University of Texas at Austin.","breadcrumb":{"@id":"https:\/\/latamjournalismreview.org\/pt-br\/articles\/na-fronteira-brasil-bolivia-jornalistas-colaboram-entre-si-e-prestam-servicos-as-comunidades-locais\/#breadcrumb"},"inLanguage":"pt-BR","potentialAction":[{"@type":"ReadAction","target":["https:\/\/latamjournalismreview.org\/pt-br\/articles\/na-fronteira-brasil-bolivia-jornalistas-colaboram-entre-si-e-prestam-servicos-as-comunidades-locais\/"]}]},{"@type":"ImageObject","inLanguage":"pt-BR","@id":"https:\/\/latamjournalismreview.org\/pt-br\/articles\/na-fronteira-brasil-bolivia-jornalistas-colaboram-entre-si-e-prestam-servicos-as-comunidades-locais\/#primaryimage","url":"https:\/\/latamjournalismreview.org\/wp-content\/uploads\/2023\/07\/Equipo-de-Diario-Corumbaense-en-la-frontera-Brasil_Bolivia-4-scaled.jpg","contentUrl":"https:\/\/latamjournalismreview.org\/wp-content\/uploads\/2023\/07\/Equipo-de-Diario-Corumbaense-en-la-frontera-Brasil_Bolivia-4-scaled.jpg","width":2560,"height":1440,"caption":"Equipe do Di\u00e1rio Corumbaense na fronteira Brasil-Bol\u00edvia"},{"@type":"BreadcrumbList","@id":"https:\/\/latamjournalismreview.org\/pt-br\/articles\/na-fronteira-brasil-bolivia-jornalistas-colaboram-entre-si-e-prestam-servicos-as-comunidades-locais\/#breadcrumb","itemListElement":[{"@type":"ListItem","position":1,"name":"Home","item":"https:\/\/latamjournalismreview.org\/pt-br\/"},{"@type":"ListItem","position":2,"name":"Na fronteira Brasil-Bol\u00edvia, jornalistas colaboram entre si e prestam servi\u00e7os \u00e0s comunidades locais"}]},{"@type":"WebSite","@id":"https:\/\/latamjournalismreview.org\/pt-br\/#website","url":"https:\/\/latamjournalismreview.org\/pt-br\/","name":"LatAm Journalism Review","description":"Digital magazine on journalism in Latin America","publisher":{"@id":"https:\/\/latamjournalismreview.org\/pt-br\/#organization"},"potentialAction":[{"@type":"SearchAction","target":{"@type":"EntryPoint","urlTemplate":"https:\/\/latamjournalismreview.org\/pt-br\/?s={search_term_string}"},"query-input":{"@type":"PropertyValueSpecification","valueRequired":true,"valueName":"search_term_string"}}],"inLanguage":"pt-BR"},{"@type":"Organization","@id":"https:\/\/latamjournalismreview.org\/pt-br\/#organization","name":"LatAm Journalism Review","url":"https:\/\/latamjournalismreview.org\/pt-br\/","logo":{"@type":"ImageObject","inLanguage":"pt-BR","@id":"https:\/\/latamjournalismreview.org\/pt-br\/#\/schema\/logo\/image\/","url":"https:\/\/latamjournalismreview.org\/wp-content\/uploads\/2020\/05\/knight-latAm-review-logo.svg","contentUrl":"https:\/\/latamjournalismreview.org\/wp-content\/uploads\/2020\/05\/knight-latAm-review-logo.svg","width":"1024","height":"1024","caption":"LatAm Journalism Review"},"image":{"@id":"https:\/\/latamjournalismreview.org\/pt-br\/#\/schema\/logo\/image\/"},"sameAs":["https:\/\/x.com\/LatAmJournalism"]},{"@type":"Person","@id":"https:\/\/latamjournalismreview.org\/pt-br\/#\/schema\/person\/22f0a24d4abd2bce835a545a75eadd98","name":"Soledad Dom\u00ednguez","url":"https:\/\/latamjournalismreview.org\/pt-br\/articles\/author\/soledad-dominguez\/"}]}},"_links":{"self":[{"href":"https:\/\/latamjournalismreview.org\/pt-br\/wp-json\/wp\/v2\/posts\/77853","targetHints":{"allow":["GET"]}}],"collection":[{"href":"https:\/\/latamjournalismreview.org\/pt-br\/wp-json\/wp\/v2\/posts"}],"about":[{"href":"https:\/\/latamjournalismreview.org\/pt-br\/wp-json\/wp\/v2\/types\/post"}],"author":[{"embeddable":true,"href":"https:\/\/latamjournalismreview.org\/pt-br\/wp-json\/wp\/v2\/users\/67"}],"replies":[{"embeddable":true,"href":"https:\/\/latamjournalismreview.org\/pt-br\/wp-json\/wp\/v2\/comments?post=77853"}],"version-history":[{"count":5,"href":"https:\/\/latamjournalismreview.org\/pt-br\/wp-json\/wp\/v2\/posts\/77853\/revisions"}],"predecessor-version":[{"id":77970,"href":"https:\/\/latamjournalismreview.org\/pt-br\/wp-json\/wp\/v2\/posts\/77853\/revisions\/77970"}],"wp:featuredmedia":[{"embeddable":true,"href":"https:\/\/latamjournalismreview.org\/pt-br\/wp-json\/wp\/v2\/media\/77739"}],"wp:attachment":[{"href":"https:\/\/latamjournalismreview.org\/pt-br\/wp-json\/wp\/v2\/media?parent=77853"}],"wp:term":[{"taxonomy":"category","embeddable":true,"href":"https:\/\/latamjournalismreview.org\/pt-br\/wp-json\/wp\/v2\/categories?post=77853"},{"taxonomy":"post_tag","embeddable":true,"href":"https:\/\/latamjournalismreview.org\/pt-br\/wp-json\/wp\/v2\/tags?post=77853"},{"taxonomy":"author","embeddable":true,"href":"https:\/\/latamjournalismreview.org\/pt-br\/wp-json\/wp\/v2\/coauthors?post=77853"}],"curies":[{"name":"wp","href":"https:\/\/api.w.org\/{rel}","templated":true}]}}