{"id":78434,"date":"2023-08-07T09:30:44","date_gmt":"2023-08-07T14:30:44","guid":{"rendered":"https:\/\/latamjournalismreview.org\/?p=78434"},"modified":"2023-08-07T09:37:10","modified_gmt":"2023-08-07T14:37:10","slug":"reportagem-vencedora-do-premio-gabo-do-meio-peruano-idl-reporteros-mostra-alcance-do-jornalismo-de-reconstrucao-para-cobrir-repressao-social","status":"publish","type":"post","link":"https:\/\/latamjournalismreview.org\/pt-br\/articles\/reportagem-vencedora-do-premio-gabo-do-meio-peruano-idl-reporteros-mostra-alcance-do-jornalismo-de-reconstrucao-para-cobrir-repressao-social\/","title":{"rendered":"Reportagem vencedora do Pr\u00eamio Gabo do meio peruano IDL Reporteros mostra alcance do jornalismo de reconstru\u00e7\u00e3o para cobrir repress\u00e3o social"},"content":{"rendered":"<p dir=\"ltr\">A cidade de Ayacucho, no sul do Peru, com uma popula\u00e7\u00e3o de pouco mais de 215 mil habitantes, foi o cen\u00e1rio de uma trag\u00e9dia que chocou o pa\u00eds em 15 de dezembro do ano passado. Um protesto que terminou em um confronto com as for\u00e7as de seguran\u00e7a deixou 10 manifestantes mortos, supostamente nas m\u00e3os de membros do Ex\u00e9rcito peruano.<\/p>\n<p dir=\"ltr\">O protesto ocorreu no contexto da convuls\u00e3o social pela qual o Peru vem passando desde\u00a0<a href=\"https:\/\/latamjournalismreview.org\/es\/news\/la-sip-condena-agresiones-contra-periodistas-y-medios-en-peru\/\" target=\"_blank\" rel=\"noopener noreferrer\"><u>a tentativa de autogolpe do ex-presidente Pedro Castillo<\/u><\/a> e a chegada ao poder da atual presidente, Dina Boluarte, em 7 de dezembro de 2022.\u00a0<a href=\"https:\/\/www.swissinfo.ch\/spa\/per%C3%BA-crisis_defensor%C3%ADa-de-per%C3%BA-pide-investigar-muertes-en-protestas-y-priorizar-di%C3%A1logo\/48341380\" target=\"_blank\" rel=\"noopener noreferrer\"><u>At\u00e9 o momento, as manifesta\u00e7\u00f5es deixaram quase 80 pessoas mortas<\/u><\/a>, de acordo com a Defensoria do Povo do Peru.<\/p>\n<p dir=\"ltr\">Ap\u00f3s o massacre em Ayacucho, a presidenta Boluarte declarou que as mortes ocorreram depois que uma \"avalanche de 4 mil pessoas\" tentou entrar no aeroporto da cidade e que as for\u00e7as armadas tiveram que intervir.<\/p>\n<p dir=\"ltr\">Entretanto, em meio a um ambiente de opacidade de informa\u00e7\u00f5es por parte do governo, uma dupla de jornalistas do site de jornalismo investigativo IDL Reporteros, com sede em Lima, conseguiu demonstrar, por meio de um trabalho de reconstru\u00e7\u00e3o forense, que o n\u00famero de manifestantes n\u00e3o ultrapassava 300 e que pelo menos seis das v\u00edtimas haviam morrido por balas disparadas pelos militares, longe do aeroporto, ao contr\u00e1rio do que afirmou a presidenta.<\/p>\n<div id=\"attachment_78412\" style=\"width: 611px\" class=\"wp-caption aligncenter\"><img loading=\"lazy\" decoding=\"async\" aria-describedby=\"caption-attachment-78412\" id=\"longdesc-return-78412\" class=\"wp-image-78414 \" tabindex=\"-1\" src=\"https:\/\/latamjournalismreview.org\/wp-content\/uploads\/2023\/08\/Ayacucho-Homicidios.png\" alt=\"Screenshot of the video investigation &quot;Ayacucho: Radiograf\u00eda de homicidios&quot;, by Peruvian media outlet IDL Reporteros.\" width=\"601\" height=\"376\" longdesc=\"https:\/\/latamjournalismreview.org?longdesc=78412&amp;referrer=78406\" srcset=\"https:\/\/latamjournalismreview.org\/wp-content\/uploads\/2023\/08\/Ayacucho-Homicidios.png 2880w, https:\/\/latamjournalismreview.org\/wp-content\/uploads\/2023\/08\/Ayacucho-Homicidios-300x188.png 300w, https:\/\/latamjournalismreview.org\/wp-content\/uploads\/2023\/08\/Ayacucho-Homicidios-1024x640.png 1024w, https:\/\/latamjournalismreview.org\/wp-content\/uploads\/2023\/08\/Ayacucho-Homicidios-768x480.png 768w, https:\/\/latamjournalismreview.org\/wp-content\/uploads\/2023\/08\/Ayacucho-Homicidios-1536x960.png 1536w, https:\/\/latamjournalismreview.org\/wp-content\/uploads\/2023\/08\/Ayacucho-Homicidios-2048x1280.png 2048w\" sizes=\"auto, (max-width: 601px) 100vw, 601px\" \/><p id=\"caption-attachment-78412\" class=\"wp-caption-text\">\u201cAyacucho: Radiograf\u00eda de homicidios\u201d foi produzido com material audiovisual de fontes abertas, fotos do arquivo de investiga\u00e7\u00e3o e imagens de sat\u00e9lite. (Foto: Captura de tela de IDL-Reporteros)<\/p><\/div>\n<p>&nbsp;<\/p>\n<p>&nbsp;<\/p>\n<p dir=\"ltr\">O trabalho foi registrado na reportagem em v\u00eddeo\u00a0<a href=\"https:\/\/www.idl-reporteros.pe\/radiografia-de-homicidios\/\" target=\"_blank\" rel=\"noopener noreferrer\"><u>\u201cAyacucho: Radiograf\u00eda de homicidios\u201d<\/u><\/a>, publicada em 12 de fevereiro, que marcou a hist\u00f3ria do meio digital e foi reconhecida com o\u00a0<a href=\"https:\/\/latamjournalismreview.org\/es\/articles\/premio-gabo-2023-reconoce-trabajos-periodisticos-de-america-latina-que-develan-casos-de-represion-injusticia-y-corrupcion\/\" target=\"_blank\" rel=\"noopener noreferrer\"><u>Pr\u00eamio Gabo 2023 na categoria Imagem na mais recente edi\u00e7\u00e3o da premia\u00e7\u00e3o<\/u><\/a>, em 30 de junho.<\/p>\n<p dir=\"ltr\">A investiga\u00e7\u00e3o n\u00e3o apenas revelou informa\u00e7\u00f5es inquestion\u00e1veis sobre o que aconteceu em Ayacucho, mas tamb\u00e9m demonstrou a utilidade do jornalismo de reconstru\u00e7\u00e3o com materiais de fonte aberta na cobertura de conflitos sociais na Am\u00e9rica Latina.<\/p>\n<p dir=\"ltr\">\"Naquele momento, as informa\u00e7\u00f5es que vinham das regi\u00f5es eram muito opacas. Havia v\u00eddeos, mas eram soltos, n\u00e3o mostravam muito bem o que havia acontecido, e a m\u00eddia peruana aqui em Lima, na capital, n\u00e3o cobriu o caso, n\u00e3o investigou, simplesmente reproduziu as declara\u00e7\u00f5es da presidenta\", disse Rosa Laura, jornalista do IDL Reporteros e autora da reportagem, \u00e0\u00a0<strong>LatAm Journalism Review (LJR)<\/strong>. \u201cDiante disso, nosso objetivo era investigar o que havia acontecido a fim de reconstruir os fatos, para descobrir exatamente o que aconteceu naquele dia de protesto em 15 de dezembro.\u201d<\/p>\n<p dir=\"ltr\">Laura e seu colega C\u00e9sar Prado, tamb\u00e9m autor da reportagem, iniciaram a tarefa de tentar dar sentido \u00e0s informa\u00e7\u00f5es audiovisuais nas redes sociais sobre os eventos em Ayacucho. Tamb\u00e9m obtiveram v\u00eddeos das fam\u00edlias das v\u00edtimas e de jornalistas locais que cobriram os eventos. Diante da quantidade esmagadora de material audiovisual, os jornalistas sabiam que precisavam fazer um trabalho em v\u00eddeo para que os leitores pudessem ver com seus pr\u00f3prios olhos como os eventos haviam ocorrido, sem deixar espa\u00e7o para d\u00favidas ou interpreta\u00e7\u00f5es.<\/p>\n<p dir=\"ltr\">Em um meio em que o texto tem sido o formato predominante, \"Ayacucho: Radiograf\u00eda de homicidios\" representou o desafio de se aventurar tanto no formato audiovisual quanto na narrativa de reconstru\u00e7\u00e3o.<\/p>\n<p dir=\"ltr\">\"Essa foi uma investiga\u00e7\u00e3o pioneira, n\u00e3o apenas para o meio, mas em geral, porque n\u00e3o tinham sido feitas muitas reconstru\u00e7\u00f5es [anteriormente], nem foi usado material de fonte aberta para reconstruir viola\u00e7\u00f5es de direitos humanos no pa\u00eds\", disse Laura. \"Especificamente no nosso meio, nunca houve uma reportagem audiovisual. Portanto, tamb\u00e9m foi um desafio poder escrever o roteiro, a narra\u00e7\u00e3o e a ideia de como contar os fatos.\u201d<\/p>\n<p dir=\"ltr\">O j\u00fari do Pr\u00eamio Gabo na categoria Imagem, composto pelos jornalistas Eliza Capai (Brasil), Leiqui Uriana (Col\u00f4mbia\/Venezuela) e Mart\u00edn Caparr\u00f3s (Argentina), destacou o uso do formato de reconstru\u00e7\u00e3o de v\u00eddeo, sem cair no sensacionalismo e na ostenta\u00e7\u00e3o de recursos t\u00e9cnicos, para contar o que o Estado peruano estava tentando esconder.<\/p>\n<p dir=\"ltr\">Os ju\u00edzes tamb\u00e9m pediram a outros jornalistas da regi\u00e3o que experimentassem o formato para contar hist\u00f3rias semelhantes em seus pa\u00edses.<\/p>\n<p dir=\"ltr\">\"Ayacucho...' \u00e9 um formato inovador que n\u00e3o se deleita em sua novidade, mas a utiliza para contar a hist\u00f3ria que interessa\", escreveu o j\u00fari em sua ata. \"N\u00e3o se trata apenas de um excelente trabalho jornal\u00edstico, mas, acima de tudo, de um modelo de trabalho que queremos propor aos nossos colegas de todo o continente.\u201d<\/p>\n<h3 id=\"ee0607c5f5d9b5de80e5530305aee47f5\" dir=\"ltr\">Recursos ao alcance de qualquer reda\u00e7\u00e3o<\/h3>\n<p dir=\"ltr\">A narrativa da reportagem de 10 minutos se desenvolve ao longo de uma linha do tempo que situa os eventos ao longo das mais de oito horas que duraram os confrontos de 15 de dezembro. Ela tamb\u00e9m se baseia em mapas e geolocaliza\u00e7\u00e3o para dar certeza quanto aos locais exatos onde ocorreram os assassinatos.<\/p>\n<p dir=\"ltr\">Na localiza\u00e7\u00e3o geogr\u00e1fica dos eventos, Prado desempenhou um papel fundamental. Como nativo de Ayacucho, ele conseguiu se aproximar dos jornalistas locais que haviam capturado imagens e v\u00eddeos dos protestos. Al\u00e9m disso, seu conhecimento das ruas e dos arredores da cidade facilitou a geolocaliza\u00e7\u00e3o dos pontos de conflito.<\/p>\n<div id=\"attachment_78409\" style=\"width: 461px\" class=\"wp-caption alignleft\"><img loading=\"lazy\" decoding=\"async\" aria-describedby=\"caption-attachment-78409\" id=\"longdesc-return-78409\" class=\"wp-image-78411 \" tabindex=\"-1\" src=\"https:\/\/latamjournalismreview.org\/wp-content\/uploads\/2023\/08\/Rosa-Laura-y-Ce\u0301sar-Prado.png\" alt=\"Peruvian journalists Rosa Laura and C\u00e9sar Prado receiving the Gabo Award 2023 in Bogot\u00e1, Colombia.\" width=\"451\" height=\"282\" longdesc=\"https:\/\/latamjournalismreview.org?longdesc=78409&amp;referrer=78406\" srcset=\"https:\/\/latamjournalismreview.org\/wp-content\/uploads\/2023\/08\/Rosa-Laura-y-Ce\u0301sar-Prado.png 2880w, https:\/\/latamjournalismreview.org\/wp-content\/uploads\/2023\/08\/Rosa-Laura-y-Ce\u0301sar-Prado-300x188.png 300w, https:\/\/latamjournalismreview.org\/wp-content\/uploads\/2023\/08\/Rosa-Laura-y-Ce\u0301sar-Prado-1024x640.png 1024w, https:\/\/latamjournalismreview.org\/wp-content\/uploads\/2023\/08\/Rosa-Laura-y-Ce\u0301sar-Prado-768x480.png 768w, https:\/\/latamjournalismreview.org\/wp-content\/uploads\/2023\/08\/Rosa-Laura-y-Ce\u0301sar-Prado-1536x960.png 1536w, https:\/\/latamjournalismreview.org\/wp-content\/uploads\/2023\/08\/Rosa-Laura-y-Ce\u0301sar-Prado-2048x1280.png 2048w\" sizes=\"auto, (max-width: 451px) 100vw, 451px\" \/><p id=\"caption-attachment-78409\" class=\"wp-caption-text\">Os jornalistas Rosa Laura e C\u00e9sar Prado receberam o Pr\u00eamio Gabo 2023 na categoria Imagem pela reportagem audiovisual. (Foto: Captura de tela do YouTube)<\/p><\/div>\n<p dir=\"ltr\">\"Foi muito importante saber, a partir de clipes muito curtos, de apenas alguns segundos, onde essas situa\u00e7\u00f5es estavam localizadas, em outras palavras, o que havia acontecido com alguns dos manifestantes\", disse Prado \u00e0\u00a0<strong>LJR<\/strong>. \"Tivemos v\u00eddeos curtos de manifestantes que foram atingidos por balas. N\u00e3o apenas os mortos, mas tamb\u00e9m os feridos\".<\/p>\n<p dir=\"ltr\">Laura e Prado disseram que tomaram como refer\u00eancia trabalhos de reconstru\u00e7\u00e3o forense de assassinatos nas m\u00e3os de policiais de outros meios de comunica\u00e7\u00e3o, como La Silla Vac\u00eda (Col\u00f4mbia), que em 2021 ganhou o Pr\u00eamio Gabo de Inova\u00e7\u00e3o pelo trabalho\u00a0<a href=\"https:\/\/www.youtube.com\/watch?v=2wpzA3_OYms\" target=\"_blank\" rel=\"noopener noreferrer\"><u>\u201cLa Silla reconstruye c\u00f3mo polic\u00edas mataron a los tres j\u00f3venes de Verbenal\u201d<\/u><\/a>; e Cerosetenta (Col\u00f4mbia), cujo trabalho de reconstru\u00e7\u00e3o\u00a0<a href=\"https:\/\/cerosetenta.uniandes.edu.co\/dilan-muerte-video\/\" target=\"_blank\" rel=\"noopener noreferrer\"><u>\u201cEl segundo a segundo del disparo que mat\u00f3 a Dilan Cruz\u201d<\/u><\/a> e\u00a0<a href=\"https:\/\/cerosetenta.uniandes.edu.co\/especiales\/siete-horas\/\" target=\"_blank\" rel=\"noopener noreferrer\"><u>\u201cSiete horas de angustia en La Modelo\u201d<\/u><\/a> foram finalista e indicado para o mesmo pr\u00eamio, respectivamente.<\/p>\n<p dir=\"ltr\">Eles tamb\u00e9m analisaram trabalhos semelhantes de meios internacionais, como The New York Times e The Washington Post (Estados Unidos), bem como de organiza\u00e7\u00f5es como Bellingcat e Forensic Architecture (Reino Unido).<\/p>\n<p dir=\"ltr\">Entretanto, ao contr\u00e1rio dessas organiza\u00e7\u00f5es, que contam com tecnologia e equipamentos abrangentes, \"Ayacucho: Radiograf\u00eda de homicidios\" foi realizado apenas por Laura, Prado e uma editora de v\u00eddeo.<\/p>\n<p dir=\"ltr\">\"Achamos que talvez [o trabalho] tenha sido um pouco rudimentar, mas foi muito intenso. Foram semanas de trabalho muito intenso para publicar o mais r\u00e1pido poss\u00edvel com os recursos que t\u00ednhamos\", disse Laura, que acrescentou que a fase de pesquisa come\u00e7ou poucos dias ap\u00f3s o massacre e levou tr\u00eas semanas.<\/p>\n<p dir=\"ltr\">Em termos da tecnologia utilizada, os jornalistas recorreram ao Google Earth, n\u00e3o apenas para geolocalizar os eventos na reportagem em v\u00eddeo, mas tamb\u00e9m para determinar as dist\u00e2ncias entre um ponto e outro com a fun\u00e7\u00e3o de medi\u00e7\u00e3o do aplicativo. Isso foi usado para comparar a dist\u00e2ncia entre as v\u00edtimas e os soldados com o alcance das armas usadas por eles.<\/p>\n<p dir=\"ltr\">Assim, depois de descobrir que o ex\u00e9rcito havia usado rifles com um alcance efetivo de 600 metros naquele dia, os jornalistas puderam calcular a localiza\u00e7\u00e3o dos oficiais que dispararam a partir do local onde as v\u00edtimas ca\u00edram.<\/p>\n<p dir=\"ltr\">\"N\u00f3s j\u00e1 sab\u00edamos onde procurar mais, por onde levar a investiga\u00e7\u00e3o, de acordo com a base que t\u00ednhamos. Ent\u00e3o, encontramos v\u00eddeos que mostravam os militares exatamente naquele momento, atirando do ponto que hav\u00edamos calculado, contra os manifestantes. Isso nos ajudou muito\", disse Laura. \"O conhecimento que o C\u00e9sar tinha dos lugares, das ruas, tamb\u00e9m foi muito importante para podermos identificar onde os v\u00eddeos tinham sido gravados.\u201d<\/p>\n<h3 id=\"e81a9ee057e75c64fec3305bcc30e4492\" dir=\"ltr\">Contornando a opacidade<\/h3>\n<p dir=\"ltr\">\"Ayacucho: Radiograf\u00eda de homicidios\" mostra imagens e dados das aut\u00f3psias das pessoas que morreram no massacre de 15 de dezembro. Gra\u00e7as a essas informa\u00e7\u00f5es, a reportagem conseguiu estabelecer outras liga\u00e7\u00f5es entre os ferimentos das v\u00edtimas e as armas usadas pelos militares naquele dia.<\/p>\n<p dir=\"ltr\">Mas os autores da reportagem n\u00e3o obtiveram essa ou qualquer informa\u00e7\u00e3o oficial das autoridades, apesar das v\u00e1rias tentativas de entrar em contato com os escrit\u00f3rios do Minist\u00e9rio P\u00fablico. As autoridades judiciais peruanas mantiveram at\u00e9 agora uma atitude de opacidade, n\u00e3o apenas no caso de Ayacucho, mas tamb\u00e9m em outros casos de viol\u00eancia em manifesta\u00e7\u00f5es em outras cidades do pa\u00eds, de acordo com Prado.<\/p>\n<p dir=\"ltr\">\"Tanto o Executivo quanto o Minist\u00e9rio P\u00fablico t\u00eam se mantido absolutamente fechados para fornecer qualquer informa\u00e7\u00e3o. Eles nem sequer respeitaram algo que \u00e9 muito \u00fatil para os jornalistas e que vem sendo exercido h\u00e1 muito tempo, que \u00e9 a Lei da Transpar\u00eancia. Pedimos informa\u00e7\u00f5es \u00e0 pol\u00edcia, ao ex\u00e9rcito e a outras institui\u00e7\u00f5es sobre o que aconteceu naquele dia, e a \u00fanica resposta que recebemos foi que as informa\u00e7\u00f5es eram secretas ou reservadas, e nada mais do que isso\", disse o jornalista.<\/p>\n<p dir=\"ltr\">Al\u00e9m de obter acesso ao arquivo de investiga\u00e7\u00e3o do Minist\u00e9rio P\u00fablico e aos documentos das aut\u00f3psias e exames de bal\u00edstica por meio dos advogados das v\u00edtimas, Laura e Prado recorreram a antrop\u00f3logos forenses para obter sua opini\u00e3o t\u00e9cnica sobre o que foi visto em cada um desses documentos. Gra\u00e7as a essas informa\u00e7\u00f5es, o IDL Reporteros foi o primeiro meio de comunica\u00e7\u00e3o a revelar a identidade dos supostos atiradores.<\/p>\n<p dir=\"ltr\">\"Com isso, fechamos completamente o c\u00edrculo, porque isso correspondia e corroborava o que hav\u00edamos encontrado nos v\u00eddeos\", disse Laura.<\/p>\n<div id=\"attachment_78421\" style=\"width: 510px\" class=\"wp-caption alignright\"><img loading=\"lazy\" decoding=\"async\" aria-describedby=\"caption-attachment-78421\" id=\"longdesc-return-78421\" class=\"wp-image-78423 \" tabindex=\"-1\" src=\"https:\/\/latamjournalismreview.org\/wp-content\/uploads\/2023\/08\/Ayacucho-Homicidios-2.png\" alt=\"\" width=\"500\" height=\"273\" longdesc=\"https:\/\/latamjournalismreview.org?longdesc=78421&amp;referrer=78406\" srcset=\"https:\/\/latamjournalismreview.org\/wp-content\/uploads\/2023\/08\/Ayacucho-Homicidios-2.png 2873w, https:\/\/latamjournalismreview.org\/wp-content\/uploads\/2023\/08\/Ayacucho-Homicidios-2-300x164.png 300w, https:\/\/latamjournalismreview.org\/wp-content\/uploads\/2023\/08\/Ayacucho-Homicidios-2-1024x559.png 1024w, https:\/\/latamjournalismreview.org\/wp-content\/uploads\/2023\/08\/Ayacucho-Homicidios-2-768x419.png 768w, https:\/\/latamjournalismreview.org\/wp-content\/uploads\/2023\/08\/Ayacucho-Homicidios-2-1536x838.png 1536w, https:\/\/latamjournalismreview.org\/wp-content\/uploads\/2023\/08\/Ayacucho-Homicidios-2-2048x1117.png 2048w\" sizes=\"auto, (max-width: 500px) 100vw, 500px\" \/><p id=\"caption-attachment-78421\" class=\"wp-caption-text\">IDL-Reporteros foi o primeiro meio a revelar as identidades dos supostos atiradores em Ayacucho. (Foto: Captura de tela de IDL-Reporteros)<\/p><\/div>\n<p dir=\"ltr\">A equipe tamb\u00e9m obteve informa\u00e7\u00f5es importantes dos familiares das v\u00edtimas que complementaram as informa\u00e7\u00f5es de fontes abertas. A urg\u00eancia das fam\u00edlias em encontrar os respons\u00e1veis pelos assassinatos as motivou a colaborar com os jornalistas, pois at\u00e9 aquele momento n\u00e3o havia ocorrido nenhuma pris\u00e3o ou progresso significativo na investiga\u00e7\u00e3o. Essa situa\u00e7\u00e3o permanece at\u00e9 hoje, apesar do fato de que,\u00a0<a href=\"https:\/\/larepublica.pe\/politica\/actualidad\/2023\/06\/15\/a-medio-ano-de-muertes-en-ayacucho-fiscalia-pide-al-poder-judicial-ordenar-que-aeropuerto-entregue-informacion-dina-boluarte-ministerio-publico-1042620\" target=\"_blank\" rel=\"noopener noreferrer\"><u>em junho passado, uma equipe especial da Procuradoria Geral da Rep\u00fablica ordenou que o Judici\u00e1rio peruano entregasse<\/u><\/a> informa\u00e7\u00f5es classificadas pelo ex\u00e9rcito como \"reservadas\".<\/p>\n<p dir=\"ltr\">\"Eles [os familiares] nos apoiaram porque conheciam o trabalho do IDL. O meio tem uma boa reputa\u00e7\u00e3o e, quando lhes contamos o que est\u00e1vamos fazendo, eles sabiam que t\u00ednhamos informa\u00e7\u00f5es suficientes e que est\u00e1vamos trabalhando de maneira correta e \u00e9tica\", disse Laura. \"Al\u00e9m disso, fomos abertos com o que t\u00ednhamos, pudemos dizer \u00e0 fam\u00edlia quais informa\u00e7\u00f5es t\u00ednhamos e o que estava faltando.\u201d<\/p>\n<h3 id=\"eac9a7278a6a94139b6f9119ac43b2241\" dir=\"ltr\">Sucesso intensifica os ataques<\/h3>\n<p dir=\"ltr\">Entre os impactos que \"Ayacucho: Radiograf\u00eda de homicidios\" teve est\u00e1 o fato de que a reportagem foi incorporada como prova no processo de investiga\u00e7\u00e3o quando o caso estava nas m\u00e3os do Minist\u00e9rio P\u00fablico local de Ayacucho. Al\u00e9m disso, depois de ganhar o Pr\u00eamio Gabo, o caso ganhou visibilidade internacional, o que os autores esperam que se traduza em maior press\u00e3o sobre as autoridades para que se fa\u00e7a justi\u00e7a.<\/p>\n<p dir=\"ltr\">No entanto, a contund\u00eancia da reportagem tamb\u00e9m teve impactos negativos para IDL Reporteros.\u00a0<a href=\"https:\/\/latamjournalismreview.org\/es\/news\/peru-grupo-extremista-ataca-sede-de-idl-reporteros\/\" target=\"_blank\" rel=\"noopener noreferrer\"><u>Ap\u00f3s a publica\u00e7\u00e3o, o meio foi v\u00edtima de ataques f\u00edsicos e online por grupos violentos<\/u><\/a> que disfar\u00e7am suas agress\u00f5es como defesa de institui\u00e7\u00f5es como a pol\u00edcia e o ex\u00e9rcito, disseram os jornalistas.<\/p>\n<p dir=\"ltr\">\"Depois que o trabalho foi publicado, eu me lembro que eles foram at\u00e9 l\u00e1 [\u00e0 sede do IDL] para fazer uma manifesta\u00e7\u00e3o. Recentemente, jogaram sacos de excrementos no IDL. Inclusive, quando uma jornalista mostrou a reportagem que fizemos sobre Ayacucho em seu programa, tamb\u00e9m foram \u00e0 casa dela para insult\u00e1-la e difam\u00e1-la. Portanto, tem sido um ataque constante\", disse Laura.<\/p>\n<p dir=\"ltr\">Os ataques v\u00eam ocorrendo h\u00e1 anos, desde que IDL Reporteros come\u00e7ou a publicar revela\u00e7\u00f5es sobre o envolvimento de autoridades peruanas no caso Lava Jato. Embora os ataques tenham come\u00e7ado na esfera digital, logo passaram para a esfera f\u00edsica, particularmente contra Gustavo Gorriti, diretor do meio, a ponto de, em 24 de julho deste ano,\u00a0<a href=\"https:\/\/latamjournalismreview.org\/es\/news\/la-cidh-otorga-medidas-cautelares-al-periodista-gustavo-gorriti-en-peru\/\" target=\"_blank\" rel=\"noopener noreferrer\"><u>a CIDH ter concedido medidas cautelares em favor do jornalista<\/u><\/a> ap\u00f3s determinar que ele estava em uma situa\u00e7\u00e3o de risco iminente.<\/p>\n<p dir=\"ltr\">No entanto, a atitude de Gorriti e sua equipe tem sido responder aos ataques com mais investiga\u00e7\u00f5es com o rigor necess\u00e1rio para que n\u00e3o possam ser refutadas e tenham impacto na realidade peruana. \"Ayacucho: Radiograf\u00eda de homicidios\" \u00e9 um exemplo disso. O formato da reportagem possibilitou mostrar as coisas o mais pr\u00f3ximo poss\u00edvel de como elas aconteceram, sem se basear na observa\u00e7\u00e3o de um jornalista ou na mem\u00f3ria de testemunhas, concordaram seus autores.<\/p>\n<p dir=\"ltr\">\"Acredito que o trabalho \u00e9 t\u00e3o preciso, n\u00f3s o verificamos tantas vezes e ele mostra fatos inquestion\u00e1veis, que ningu\u00e9m pode refutar o que as imagens mostram\", disse Laura. \"Acreditamos que conseguimos fornecer uma investiga\u00e7\u00e3o de qualidade para o p\u00fablico que teve um impacto na sociedade.\u201d<\/p>\n<p dir=\"ltr\"><em>Banner: Minist\u00e9rio da Defesa do Per\u00fa, <a href=\"https:\/\/creativecommons.org\/licenses\/by\/2.0\">CC BY 2.0<\/a>; Candy Sotomayor, <a href=\"https:\/\/creativecommons.org\/licenses\/by-sa\/4.0\">CC BY-SA 4.0<\/a>, via Wikimedia Commons<\/em><\/p>\n","protected":false},"excerpt":{"rendered":"<p>Com uma reportagem em v\u00eddeo baseada em reconstru\u00e7\u00e3o forense com fontes abertas, dois jornalistas do meio peruano IDL Reporteros desafiaram a opacidade do governo e revelaram a verdade sobre uma violenta repress\u00e3o na cidade de Ayacucho que deixou 10 pessoas mortas. O trabalho recebeu o Pr\u00eamio Gabo 2023 na categoria Imagem.<\/p>\n","protected":false},"author":19,"featured_media":78420,"comment_status":"closed","ping_status":"closed","sticky":false,"template":"","format":"standard","meta":{"inline_featured_image":false,"footnotes":""},"categories":[1217],"tags":[2432,1597],"coauthors":[],"class_list":["post-78434","post","type-post","status-publish","format-standard","has-post-thumbnail","hentry","category-inovacao-pt-br","tag-inovacao","tag-peru-pt-br"],"acf":[],"yoast_head":"<!-- This site is optimized with the Yoast SEO Premium plugin v22.6 (Yoast SEO v27.4) - https:\/\/yoast.com\/product\/yoast-seo-premium-wordpress\/ -->\n<title>Reportagem vencedora do Pr\u00eamio Gabo do meio peruano IDL Reporteros mostra alcance do jornalismo de reconstru\u00e7\u00e3o para cobrir repress\u00e3o social - LatAm Journalism Review by the Knight Center<\/title>\n<meta name=\"description\" content=\"Reportagem vencedora do Pr\u00eamio Gabo do meio peruano IDL Reporteros mostra alcance do jornalismo de reconstru\u00e7\u00e3o para cobrir repress\u00e3o social Inova\u00e7\u00e3o. Latin American Journalism Review by The Knight Center at The University of Texas at Austin.\" \/>\n<meta name=\"robots\" content=\"index, follow, max-snippet:-1, max-image-preview:large, max-video-preview:-1\" \/>\n<link rel=\"canonical\" href=\"https:\/\/latamjournalismreview.org\/pt-br\/articles\/reportagem-vencedora-do-premio-gabo-do-meio-peruano-idl-reporteros-mostra-alcance-do-jornalismo-de-reconstrucao-para-cobrir-repressao-social\/\" \/>\n<meta property=\"og:locale\" content=\"pt_BR\" \/>\n<meta property=\"og:type\" content=\"article\" \/>\n<meta property=\"og:title\" content=\"Reportagem vencedora do Pr\u00eamio Gabo do meio peruano IDL Reporteros mostra alcance do jornalismo de reconstru\u00e7\u00e3o para cobrir repress\u00e3o social\" \/>\n<meta property=\"og:description\" content=\"Reportagem vencedora do Pr\u00eamio Gabo do meio peruano IDL Reporteros mostra alcance do jornalismo de reconstru\u00e7\u00e3o para cobrir repress\u00e3o social Inova\u00e7\u00e3o. Latin American Journalism Review by The Knight Center at The University of Texas at Austin.\" \/>\n<meta property=\"og:url\" content=\"https:\/\/latamjournalismreview.org\/pt-br\/articles\/reportagem-vencedora-do-premio-gabo-do-meio-peruano-idl-reporteros-mostra-alcance-do-jornalismo-de-reconstrucao-para-cobrir-repressao-social\/\" \/>\n<meta property=\"og:site_name\" content=\"LatAm Journalism Review by the Knight Center\" \/>\n<meta property=\"article:published_time\" content=\"2023-08-07T14:30:44+00:00\" \/>\n<meta property=\"article:modified_time\" content=\"2023-08-07T14:37:10+00:00\" \/>\n<meta property=\"og:image\" content=\"https:\/\/latamjournalismreview.org\/wp-content\/uploads\/2023\/08\/Featured-IDL-Ayacucho.png\" \/>\n\t<meta property=\"og:image:width\" content=\"507\" \/>\n\t<meta property=\"og:image:height\" content=\"340\" \/>\n\t<meta property=\"og:image:type\" content=\"image\/png\" \/>\n<meta name=\"author\" content=\"C\u00e9sar L\u00f3pez Linares\" \/>\n<meta name=\"twitter:card\" content=\"summary_large_image\" \/>\n<meta name=\"twitter:creator\" content=\"@cesarisch\" \/>\n<meta name=\"twitter:site\" content=\"@LatAmJournalism\" \/>\n<meta name=\"twitter:label1\" content=\"Written by\" \/>\n\t<meta name=\"twitter:data1\" content=\"C\u00e9sar L\u00f3pez Linares\" \/>\n\t<meta name=\"twitter:label2\" content=\"Est. reading time\" \/>\n\t<meta name=\"twitter:data2\" content=\"12 minutos\" \/>\n<script type=\"application\/ld+json\" class=\"yoast-schema-graph\">{\"@context\":\"https:\\\/\\\/schema.org\",\"@graph\":[{\"@type\":\"Article\",\"@id\":\"https:\\\/\\\/latamjournalismreview.org\\\/pt-br\\\/articles\\\/reportagem-vencedora-do-premio-gabo-do-meio-peruano-idl-reporteros-mostra-alcance-do-jornalismo-de-reconstrucao-para-cobrir-repressao-social\\\/#article\",\"isPartOf\":{\"@id\":\"https:\\\/\\\/latamjournalismreview.org\\\/pt-br\\\/articles\\\/reportagem-vencedora-do-premio-gabo-do-meio-peruano-idl-reporteros-mostra-alcance-do-jornalismo-de-reconstrucao-para-cobrir-repressao-social\\\/\"},\"author\":{\"name\":\"C\u00e9sar L\u00f3pez Linares\",\"@id\":\"https:\\\/\\\/latamjournalismreview.org\\\/pt-br\\\/#\\\/schema\\\/person\\\/dcf6dcdd6226ac8d939e2796645d17c6\"},\"headline\":\"Reportagem vencedora do Pr\u00eamio Gabo do meio peruano IDL Reporteros mostra alcance do jornalismo de reconstru\u00e7\u00e3o para cobrir repress\u00e3o social\",\"datePublished\":\"2023-08-07T14:30:44+00:00\",\"dateModified\":\"2023-08-07T14:37:10+00:00\",\"mainEntityOfPage\":{\"@id\":\"https:\\\/\\\/latamjournalismreview.org\\\/pt-br\\\/articles\\\/reportagem-vencedora-do-premio-gabo-do-meio-peruano-idl-reporteros-mostra-alcance-do-jornalismo-de-reconstrucao-para-cobrir-repressao-social\\\/\"},\"wordCount\":2366,\"publisher\":{\"@id\":\"https:\\\/\\\/latamjournalismreview.org\\\/pt-br\\\/#organization\"},\"image\":{\"@id\":\"https:\\\/\\\/latamjournalismreview.org\\\/pt-br\\\/articles\\\/reportagem-vencedora-do-premio-gabo-do-meio-peruano-idl-reporteros-mostra-alcance-do-jornalismo-de-reconstrucao-para-cobrir-repressao-social\\\/#primaryimage\"},\"thumbnailUrl\":\"https:\\\/\\\/latamjournalismreview.org\\\/wp-content\\\/uploads\\\/2023\\\/08\\\/Featured-IDL-Ayacucho.png\",\"keywords\":[\"Inova\u00e7\u00e3o\",\"Peru\"],\"articleSection\":[\"Inova\u00e7\u00e3o\"],\"inLanguage\":\"pt-BR\"},{\"@type\":\"WebPage\",\"@id\":\"https:\\\/\\\/latamjournalismreview.org\\\/pt-br\\\/articles\\\/reportagem-vencedora-do-premio-gabo-do-meio-peruano-idl-reporteros-mostra-alcance-do-jornalismo-de-reconstrucao-para-cobrir-repressao-social\\\/\",\"url\":\"https:\\\/\\\/latamjournalismreview.org\\\/pt-br\\\/articles\\\/reportagem-vencedora-do-premio-gabo-do-meio-peruano-idl-reporteros-mostra-alcance-do-jornalismo-de-reconstrucao-para-cobrir-repressao-social\\\/\",\"name\":\"Reportagem vencedora do Pr\u00eamio Gabo do meio peruano IDL Reporteros mostra alcance do jornalismo de reconstru\u00e7\u00e3o para cobrir repress\u00e3o social - LatAm Journalism Review by the Knight Center\",\"isPartOf\":{\"@id\":\"https:\\\/\\\/latamjournalismreview.org\\\/pt-br\\\/#website\"},\"primaryImageOfPage\":{\"@id\":\"https:\\\/\\\/latamjournalismreview.org\\\/pt-br\\\/articles\\\/reportagem-vencedora-do-premio-gabo-do-meio-peruano-idl-reporteros-mostra-alcance-do-jornalismo-de-reconstrucao-para-cobrir-repressao-social\\\/#primaryimage\"},\"image\":{\"@id\":\"https:\\\/\\\/latamjournalismreview.org\\\/pt-br\\\/articles\\\/reportagem-vencedora-do-premio-gabo-do-meio-peruano-idl-reporteros-mostra-alcance-do-jornalismo-de-reconstrucao-para-cobrir-repressao-social\\\/#primaryimage\"},\"thumbnailUrl\":\"https:\\\/\\\/latamjournalismreview.org\\\/wp-content\\\/uploads\\\/2023\\\/08\\\/Featured-IDL-Ayacucho.png\",\"datePublished\":\"2023-08-07T14:30:44+00:00\",\"dateModified\":\"2023-08-07T14:37:10+00:00\",\"description\":\"Reportagem vencedora do Pr\u00eamio Gabo do meio peruano IDL Reporteros mostra alcance do jornalismo de reconstru\u00e7\u00e3o para cobrir repress\u00e3o social Inova\u00e7\u00e3o. Latin American Journalism Review by The Knight Center at The University of Texas at Austin.\",\"breadcrumb\":{\"@id\":\"https:\\\/\\\/latamjournalismreview.org\\\/pt-br\\\/articles\\\/reportagem-vencedora-do-premio-gabo-do-meio-peruano-idl-reporteros-mostra-alcance-do-jornalismo-de-reconstrucao-para-cobrir-repressao-social\\\/#breadcrumb\"},\"inLanguage\":\"pt-BR\",\"potentialAction\":[{\"@type\":\"ReadAction\",\"target\":[\"https:\\\/\\\/latamjournalismreview.org\\\/pt-br\\\/articles\\\/reportagem-vencedora-do-premio-gabo-do-meio-peruano-idl-reporteros-mostra-alcance-do-jornalismo-de-reconstrucao-para-cobrir-repressao-social\\\/\"]}]},{\"@type\":\"ImageObject\",\"inLanguage\":\"pt-BR\",\"@id\":\"https:\\\/\\\/latamjournalismreview.org\\\/pt-br\\\/articles\\\/reportagem-vencedora-do-premio-gabo-do-meio-peruano-idl-reporteros-mostra-alcance-do-jornalismo-de-reconstrucao-para-cobrir-repressao-social\\\/#primaryimage\",\"url\":\"https:\\\/\\\/latamjournalismreview.org\\\/wp-content\\\/uploads\\\/2023\\\/08\\\/Featured-IDL-Ayacucho.png\",\"contentUrl\":\"https:\\\/\\\/latamjournalismreview.org\\\/wp-content\\\/uploads\\\/2023\\\/08\\\/Featured-IDL-Ayacucho.png\",\"width\":507,\"height\":340,\"caption\":\"Collage of images of the social repression in Ayacucho, Per\u00fa on December 15, 2022.\"},{\"@type\":\"BreadcrumbList\",\"@id\":\"https:\\\/\\\/latamjournalismreview.org\\\/pt-br\\\/articles\\\/reportagem-vencedora-do-premio-gabo-do-meio-peruano-idl-reporteros-mostra-alcance-do-jornalismo-de-reconstrucao-para-cobrir-repressao-social\\\/#breadcrumb\",\"itemListElement\":[{\"@type\":\"ListItem\",\"position\":1,\"name\":\"Home\",\"item\":\"https:\\\/\\\/latamjournalismreview.org\\\/pt-br\\\/\"},{\"@type\":\"ListItem\",\"position\":2,\"name\":\"Reportagem vencedora do Pr\u00eamio Gabo do meio peruano IDL Reporteros mostra alcance do jornalismo de reconstru\u00e7\u00e3o para cobrir repress\u00e3o social\"}]},{\"@type\":\"WebSite\",\"@id\":\"https:\\\/\\\/latamjournalismreview.org\\\/pt-br\\\/#website\",\"url\":\"https:\\\/\\\/latamjournalismreview.org\\\/pt-br\\\/\",\"name\":\"LatAm Journalism Review\",\"description\":\"Digital magazine on journalism in Latin America\",\"publisher\":{\"@id\":\"https:\\\/\\\/latamjournalismreview.org\\\/pt-br\\\/#organization\"},\"potentialAction\":[{\"@type\":\"SearchAction\",\"target\":{\"@type\":\"EntryPoint\",\"urlTemplate\":\"https:\\\/\\\/latamjournalismreview.org\\\/pt-br\\\/?s={search_term_string}\"},\"query-input\":{\"@type\":\"PropertyValueSpecification\",\"valueRequired\":true,\"valueName\":\"search_term_string\"}}],\"inLanguage\":\"pt-BR\"},{\"@type\":\"Organization\",\"@id\":\"https:\\\/\\\/latamjournalismreview.org\\\/pt-br\\\/#organization\",\"name\":\"LatAm Journalism Review\",\"url\":\"https:\\\/\\\/latamjournalismreview.org\\\/pt-br\\\/\",\"logo\":{\"@type\":\"ImageObject\",\"inLanguage\":\"pt-BR\",\"@id\":\"https:\\\/\\\/latamjournalismreview.org\\\/pt-br\\\/#\\\/schema\\\/logo\\\/image\\\/\",\"url\":\"https:\\\/\\\/latamjournalismreview.org\\\/wp-content\\\/uploads\\\/2020\\\/05\\\/knight-latAm-review-logo.svg\",\"contentUrl\":\"https:\\\/\\\/latamjournalismreview.org\\\/wp-content\\\/uploads\\\/2020\\\/05\\\/knight-latAm-review-logo.svg\",\"width\":\"1024\",\"height\":\"1024\",\"caption\":\"LatAm Journalism Review\"},\"image\":{\"@id\":\"https:\\\/\\\/latamjournalismreview.org\\\/pt-br\\\/#\\\/schema\\\/logo\\\/image\\\/\"},\"sameAs\":[\"https:\\\/\\\/x.com\\\/LatAmJournalism\"]},{\"@type\":\"Person\",\"@id\":\"https:\\\/\\\/latamjournalismreview.org\\\/pt-br\\\/#\\\/schema\\\/person\\\/dcf6dcdd6226ac8d939e2796645d17c6\",\"name\":\"C\u00e9sar L\u00f3pez Linares\",\"description\":\"C\u00e9sar L\u00f3pez Linares began his career at the Mexican newspaper REFORMA as an entertainment and media co-editor. He has written for publications such as TODO Austin, Texas Music Magazine and The Austin Chronicle. C\u00e9sar has a Master's degree in Journalism from the University of Texas at Austin and a Bachelors degree in Communication from the National Autonomous University of Mexico. He previously wrote about innovation in journalism for the Gabo Foundation in Colombia and currently reports for the Knight Center's LatAmJournalism Review digital magazine. A native of Mexico City, C\u00e9sar has become a digital nomad combining content creation with his passion for travel. ________ C\u00e9sar L\u00f3pez Linares inici\u00f3 su carrera en el diario mexicano REFORMA como coeditor de entretenimiento y medios. Ha escrito para publicaciones como TODO Austin, Texas Music Magazine y The Austin Chronicle. C\u00e9sar tiene una Maestr\u00eda en Periodismo de la Universidad de Texas en Austin y una Licenciatura en Comunicaci\u00f3n de la Universidad Nacional Aut\u00f3noma de M\u00e9xico. Previamente escribi\u00f3 sobre innovaci\u00f3n en periodismo para la Fundaci\u00f3n Gabo en Colombia y actualmente escribe para la revista digital LatAmJournalism Review del Centro Knight. Originario de la Ciudad de M\u00e9xico, C\u00e9sar se ha convertido en un n\u00f3mada digital que combina la creaci\u00f3n de contenido con su pasi\u00f3n por viajar. _________ C\u00e9sar L\u00f3pez Linares come\u00e7ou sua carreira no jornal mexicano REFORMA como coeditor de entretenimento e m\u00eddia. Ele escreveu para publica\u00e7\u00f5es como TODO Austin, Texas Music Magazine e The Austin Chronicle. C\u00e9sar tem mestrado em jornalismo pela University of Texas em Austin e \u00e9 bacharel em comunica\u00e7\u00e3o pela Universidad Nacional Aut\u00f3noma de M\u00e9xico. Antes disso, ele escreveu sobre inova\u00e7\u00e3o no jornalismo para a Funda\u00e7\u00e3o Gabo na Col\u00f4mbia. Atualmente escreve para a revista digital LatAmJournalism Review do Centro Knight. Nascido na Cidade do M\u00e9xico, C\u00e9sar se tornou um n\u00f4made digital combinando a cria\u00e7\u00e3o de conte\u00fado com sua paix\u00e3o por viagens.\",\"sameAs\":[\"https:\\\/\\\/x.com\\\/cesarisch\"],\"url\":\"https:\\\/\\\/latamjournalismreview.org\\\/pt-br\\\/articles\\\/author\\\/cesar-lopez-linares\\\/\"}]}<\/script>\n<!-- \/ Yoast SEO Premium plugin. -->","yoast_head_json":{"title":"Reportagem vencedora do Pr\u00eamio Gabo do meio peruano IDL Reporteros mostra alcance do jornalismo de reconstru\u00e7\u00e3o para cobrir repress\u00e3o social - LatAm Journalism Review by the Knight Center","description":"Reportagem vencedora do Pr\u00eamio Gabo do meio peruano IDL Reporteros mostra alcance do jornalismo de reconstru\u00e7\u00e3o para cobrir repress\u00e3o social Inova\u00e7\u00e3o. Latin American Journalism Review by The Knight Center at The University of Texas at Austin.","robots":{"index":"index","follow":"follow","max-snippet":"max-snippet:-1","max-image-preview":"max-image-preview:large","max-video-preview":"max-video-preview:-1"},"canonical":"https:\/\/latamjournalismreview.org\/pt-br\/articles\/reportagem-vencedora-do-premio-gabo-do-meio-peruano-idl-reporteros-mostra-alcance-do-jornalismo-de-reconstrucao-para-cobrir-repressao-social\/","og_locale":"pt_BR","og_type":"article","og_title":"Reportagem vencedora do Pr\u00eamio Gabo do meio peruano IDL Reporteros mostra alcance do jornalismo de reconstru\u00e7\u00e3o para cobrir repress\u00e3o social","og_description":"Reportagem vencedora do Pr\u00eamio Gabo do meio peruano IDL Reporteros mostra alcance do jornalismo de reconstru\u00e7\u00e3o para cobrir repress\u00e3o social Inova\u00e7\u00e3o. Latin American Journalism Review by The Knight Center at The University of Texas at Austin.","og_url":"https:\/\/latamjournalismreview.org\/pt-br\/articles\/reportagem-vencedora-do-premio-gabo-do-meio-peruano-idl-reporteros-mostra-alcance-do-jornalismo-de-reconstrucao-para-cobrir-repressao-social\/","og_site_name":"LatAm Journalism Review by the Knight Center","article_published_time":"2023-08-07T14:30:44+00:00","article_modified_time":"2023-08-07T14:37:10+00:00","og_image":[{"width":507,"height":340,"url":"https:\/\/latamjournalismreview.org\/wp-content\/uploads\/2023\/08\/Featured-IDL-Ayacucho.png","type":"image\/png"}],"author":"C\u00e9sar L\u00f3pez Linares","twitter_card":"summary_large_image","twitter_creator":"@cesarisch","twitter_site":"@LatAmJournalism","twitter_misc":{"Written by":"C\u00e9sar L\u00f3pez Linares","Est. reading time":"12 minutos"},"schema":{"@context":"https:\/\/schema.org","@graph":[{"@type":"Article","@id":"https:\/\/latamjournalismreview.org\/pt-br\/articles\/reportagem-vencedora-do-premio-gabo-do-meio-peruano-idl-reporteros-mostra-alcance-do-jornalismo-de-reconstrucao-para-cobrir-repressao-social\/#article","isPartOf":{"@id":"https:\/\/latamjournalismreview.org\/pt-br\/articles\/reportagem-vencedora-do-premio-gabo-do-meio-peruano-idl-reporteros-mostra-alcance-do-jornalismo-de-reconstrucao-para-cobrir-repressao-social\/"},"author":{"name":"C\u00e9sar L\u00f3pez Linares","@id":"https:\/\/latamjournalismreview.org\/pt-br\/#\/schema\/person\/dcf6dcdd6226ac8d939e2796645d17c6"},"headline":"Reportagem vencedora do Pr\u00eamio Gabo do meio peruano IDL Reporteros mostra alcance do jornalismo de reconstru\u00e7\u00e3o para cobrir repress\u00e3o social","datePublished":"2023-08-07T14:30:44+00:00","dateModified":"2023-08-07T14:37:10+00:00","mainEntityOfPage":{"@id":"https:\/\/latamjournalismreview.org\/pt-br\/articles\/reportagem-vencedora-do-premio-gabo-do-meio-peruano-idl-reporteros-mostra-alcance-do-jornalismo-de-reconstrucao-para-cobrir-repressao-social\/"},"wordCount":2366,"publisher":{"@id":"https:\/\/latamjournalismreview.org\/pt-br\/#organization"},"image":{"@id":"https:\/\/latamjournalismreview.org\/pt-br\/articles\/reportagem-vencedora-do-premio-gabo-do-meio-peruano-idl-reporteros-mostra-alcance-do-jornalismo-de-reconstrucao-para-cobrir-repressao-social\/#primaryimage"},"thumbnailUrl":"https:\/\/latamjournalismreview.org\/wp-content\/uploads\/2023\/08\/Featured-IDL-Ayacucho.png","keywords":["Inova\u00e7\u00e3o","Peru"],"articleSection":["Inova\u00e7\u00e3o"],"inLanguage":"pt-BR"},{"@type":"WebPage","@id":"https:\/\/latamjournalismreview.org\/pt-br\/articles\/reportagem-vencedora-do-premio-gabo-do-meio-peruano-idl-reporteros-mostra-alcance-do-jornalismo-de-reconstrucao-para-cobrir-repressao-social\/","url":"https:\/\/latamjournalismreview.org\/pt-br\/articles\/reportagem-vencedora-do-premio-gabo-do-meio-peruano-idl-reporteros-mostra-alcance-do-jornalismo-de-reconstrucao-para-cobrir-repressao-social\/","name":"Reportagem vencedora do Pr\u00eamio Gabo do meio peruano IDL Reporteros mostra alcance do jornalismo de reconstru\u00e7\u00e3o para cobrir repress\u00e3o social - LatAm Journalism Review by the Knight Center","isPartOf":{"@id":"https:\/\/latamjournalismreview.org\/pt-br\/#website"},"primaryImageOfPage":{"@id":"https:\/\/latamjournalismreview.org\/pt-br\/articles\/reportagem-vencedora-do-premio-gabo-do-meio-peruano-idl-reporteros-mostra-alcance-do-jornalismo-de-reconstrucao-para-cobrir-repressao-social\/#primaryimage"},"image":{"@id":"https:\/\/latamjournalismreview.org\/pt-br\/articles\/reportagem-vencedora-do-premio-gabo-do-meio-peruano-idl-reporteros-mostra-alcance-do-jornalismo-de-reconstrucao-para-cobrir-repressao-social\/#primaryimage"},"thumbnailUrl":"https:\/\/latamjournalismreview.org\/wp-content\/uploads\/2023\/08\/Featured-IDL-Ayacucho.png","datePublished":"2023-08-07T14:30:44+00:00","dateModified":"2023-08-07T14:37:10+00:00","description":"Reportagem vencedora do Pr\u00eamio Gabo do meio peruano IDL Reporteros mostra alcance do jornalismo de reconstru\u00e7\u00e3o para cobrir repress\u00e3o social Inova\u00e7\u00e3o. Latin American Journalism Review by The Knight Center at The University of Texas at Austin.","breadcrumb":{"@id":"https:\/\/latamjournalismreview.org\/pt-br\/articles\/reportagem-vencedora-do-premio-gabo-do-meio-peruano-idl-reporteros-mostra-alcance-do-jornalismo-de-reconstrucao-para-cobrir-repressao-social\/#breadcrumb"},"inLanguage":"pt-BR","potentialAction":[{"@type":"ReadAction","target":["https:\/\/latamjournalismreview.org\/pt-br\/articles\/reportagem-vencedora-do-premio-gabo-do-meio-peruano-idl-reporteros-mostra-alcance-do-jornalismo-de-reconstrucao-para-cobrir-repressao-social\/"]}]},{"@type":"ImageObject","inLanguage":"pt-BR","@id":"https:\/\/latamjournalismreview.org\/pt-br\/articles\/reportagem-vencedora-do-premio-gabo-do-meio-peruano-idl-reporteros-mostra-alcance-do-jornalismo-de-reconstrucao-para-cobrir-repressao-social\/#primaryimage","url":"https:\/\/latamjournalismreview.org\/wp-content\/uploads\/2023\/08\/Featured-IDL-Ayacucho.png","contentUrl":"https:\/\/latamjournalismreview.org\/wp-content\/uploads\/2023\/08\/Featured-IDL-Ayacucho.png","width":507,"height":340,"caption":"Collage of images of the social repression in Ayacucho, Per\u00fa on December 15, 2022."},{"@type":"BreadcrumbList","@id":"https:\/\/latamjournalismreview.org\/pt-br\/articles\/reportagem-vencedora-do-premio-gabo-do-meio-peruano-idl-reporteros-mostra-alcance-do-jornalismo-de-reconstrucao-para-cobrir-repressao-social\/#breadcrumb","itemListElement":[{"@type":"ListItem","position":1,"name":"Home","item":"https:\/\/latamjournalismreview.org\/pt-br\/"},{"@type":"ListItem","position":2,"name":"Reportagem vencedora do Pr\u00eamio Gabo do meio peruano IDL Reporteros mostra alcance do jornalismo de reconstru\u00e7\u00e3o para cobrir repress\u00e3o social"}]},{"@type":"WebSite","@id":"https:\/\/latamjournalismreview.org\/pt-br\/#website","url":"https:\/\/latamjournalismreview.org\/pt-br\/","name":"LatAm Journalism Review","description":"Digital magazine on journalism in Latin America","publisher":{"@id":"https:\/\/latamjournalismreview.org\/pt-br\/#organization"},"potentialAction":[{"@type":"SearchAction","target":{"@type":"EntryPoint","urlTemplate":"https:\/\/latamjournalismreview.org\/pt-br\/?s={search_term_string}"},"query-input":{"@type":"PropertyValueSpecification","valueRequired":true,"valueName":"search_term_string"}}],"inLanguage":"pt-BR"},{"@type":"Organization","@id":"https:\/\/latamjournalismreview.org\/pt-br\/#organization","name":"LatAm Journalism Review","url":"https:\/\/latamjournalismreview.org\/pt-br\/","logo":{"@type":"ImageObject","inLanguage":"pt-BR","@id":"https:\/\/latamjournalismreview.org\/pt-br\/#\/schema\/logo\/image\/","url":"https:\/\/latamjournalismreview.org\/wp-content\/uploads\/2020\/05\/knight-latAm-review-logo.svg","contentUrl":"https:\/\/latamjournalismreview.org\/wp-content\/uploads\/2020\/05\/knight-latAm-review-logo.svg","width":"1024","height":"1024","caption":"LatAm Journalism Review"},"image":{"@id":"https:\/\/latamjournalismreview.org\/pt-br\/#\/schema\/logo\/image\/"},"sameAs":["https:\/\/x.com\/LatAmJournalism"]},{"@type":"Person","@id":"https:\/\/latamjournalismreview.org\/pt-br\/#\/schema\/person\/dcf6dcdd6226ac8d939e2796645d17c6","name":"C\u00e9sar L\u00f3pez Linares","description":"C\u00e9sar L\u00f3pez Linares began his career at the Mexican newspaper REFORMA as an entertainment and media co-editor. He has written for publications such as TODO Austin, Texas Music Magazine and The Austin Chronicle. C\u00e9sar has a Master's degree in Journalism from the University of Texas at Austin and a Bachelors degree in Communication from the National Autonomous University of Mexico. He previously wrote about innovation in journalism for the Gabo Foundation in Colombia and currently reports for the Knight Center's LatAmJournalism Review digital magazine. A native of Mexico City, C\u00e9sar has become a digital nomad combining content creation with his passion for travel. ________ C\u00e9sar L\u00f3pez Linares inici\u00f3 su carrera en el diario mexicano REFORMA como coeditor de entretenimiento y medios. Ha escrito para publicaciones como TODO Austin, Texas Music Magazine y The Austin Chronicle. C\u00e9sar tiene una Maestr\u00eda en Periodismo de la Universidad de Texas en Austin y una Licenciatura en Comunicaci\u00f3n de la Universidad Nacional Aut\u00f3noma de M\u00e9xico. Previamente escribi\u00f3 sobre innovaci\u00f3n en periodismo para la Fundaci\u00f3n Gabo en Colombia y actualmente escribe para la revista digital LatAmJournalism Review del Centro Knight. Originario de la Ciudad de M\u00e9xico, C\u00e9sar se ha convertido en un n\u00f3mada digital que combina la creaci\u00f3n de contenido con su pasi\u00f3n por viajar. _________ C\u00e9sar L\u00f3pez Linares come\u00e7ou sua carreira no jornal mexicano REFORMA como coeditor de entretenimento e m\u00eddia. Ele escreveu para publica\u00e7\u00f5es como TODO Austin, Texas Music Magazine e The Austin Chronicle. C\u00e9sar tem mestrado em jornalismo pela University of Texas em Austin e \u00e9 bacharel em comunica\u00e7\u00e3o pela Universidad Nacional Aut\u00f3noma de M\u00e9xico. Antes disso, ele escreveu sobre inova\u00e7\u00e3o no jornalismo para a Funda\u00e7\u00e3o Gabo na Col\u00f4mbia. Atualmente escreve para a revista digital LatAmJournalism Review do Centro Knight. Nascido na Cidade do M\u00e9xico, C\u00e9sar se tornou um n\u00f4made digital combinando a cria\u00e7\u00e3o de conte\u00fado com sua paix\u00e3o por viagens.","sameAs":["https:\/\/x.com\/cesarisch"],"url":"https:\/\/latamjournalismreview.org\/pt-br\/articles\/author\/cesar-lopez-linares\/"}]}},"_links":{"self":[{"href":"https:\/\/latamjournalismreview.org\/pt-br\/wp-json\/wp\/v2\/posts\/78434","targetHints":{"allow":["GET"]}}],"collection":[{"href":"https:\/\/latamjournalismreview.org\/pt-br\/wp-json\/wp\/v2\/posts"}],"about":[{"href":"https:\/\/latamjournalismreview.org\/pt-br\/wp-json\/wp\/v2\/types\/post"}],"author":[{"embeddable":true,"href":"https:\/\/latamjournalismreview.org\/pt-br\/wp-json\/wp\/v2\/users\/19"}],"replies":[{"embeddable":true,"href":"https:\/\/latamjournalismreview.org\/pt-br\/wp-json\/wp\/v2\/comments?post=78434"}],"version-history":[{"count":4,"href":"https:\/\/latamjournalismreview.org\/pt-br\/wp-json\/wp\/v2\/posts\/78434\/revisions"}],"predecessor-version":[{"id":78438,"href":"https:\/\/latamjournalismreview.org\/pt-br\/wp-json\/wp\/v2\/posts\/78434\/revisions\/78438"}],"wp:featuredmedia":[{"embeddable":true,"href":"https:\/\/latamjournalismreview.org\/pt-br\/wp-json\/wp\/v2\/media\/78420"}],"wp:attachment":[{"href":"https:\/\/latamjournalismreview.org\/pt-br\/wp-json\/wp\/v2\/media?parent=78434"}],"wp:term":[{"taxonomy":"category","embeddable":true,"href":"https:\/\/latamjournalismreview.org\/pt-br\/wp-json\/wp\/v2\/categories?post=78434"},{"taxonomy":"post_tag","embeddable":true,"href":"https:\/\/latamjournalismreview.org\/pt-br\/wp-json\/wp\/v2\/tags?post=78434"},{"taxonomy":"author","embeddable":true,"href":"https:\/\/latamjournalismreview.org\/pt-br\/wp-json\/wp\/v2\/coauthors?post=78434"}],"curies":[{"name":"wp","href":"https:\/\/api.w.org\/{rel}","templated":true}]}}