{"id":78566,"date":"2023-08-08T19:03:54","date_gmt":"2023-08-09T00:03:54","guid":{"rendered":"https:\/\/latamjournalismreview.org\/?p=78566"},"modified":"2023-08-08T19:10:42","modified_gmt":"2023-08-09T00:10:42","slug":"narcotrafico-faz-jornalistas-se-autocensurarem-em-cidades-de-fronteira-entre-brasil-e-paraguai","status":"publish","type":"post","link":"https:\/\/latamjournalismreview.org\/pt-br\/articles\/narcotrafico-faz-jornalistas-se-autocensurarem-em-cidades-de-fronteira-entre-brasil-e-paraguai\/","title":{"rendered":"Narcotr\u00e1fico faz jornalistas se autocensurarem em cidades de fronteira entre Brasil e Paraguai"},"content":{"rendered":"<p><b><i>*Para preservar a seguran\u00e7a de jornalistas mencionados nesta mat\u00e9ria, a identidade de alguns deles n\u00e3o ser\u00e1 revelada a pedidos devido \u00e0 sua situa\u00e7\u00e3o de risco e vulnerabilidade.<\/i><\/b><\/p>\n<p><span style=\"font-weight: 400;\">Perguntamos ao nosso primeiro entrevistado: \u201cQual \u00e9 o maior medo ao fazer jornalismo na fronteira entre Paraguai e Brasil?\u201d. Ele respondeu: \u201cEscrever e dizer coisas demais, sem medir a sua dimens\u00e3o de acordo com os c\u00f3digos da regi\u00e3o. Isso pode colocar a minha vida em risco'\", diz o jornalista multim\u00eddia \u00e0<\/span><b> LJR<\/b><span style=\"font-weight: 400;\"> na cidade de Ponta Por\u00e3, no estado de Mato Grosso do Sul, onde trabalha h\u00e1 25 anos.<\/span><\/p>\n<p><span style=\"font-weight: 400;\">A fronteira entre o Brasil e o Paraguai \u00e9 uma das mais perigosas em termos de narcotr\u00e1fico na Am\u00e9rica do Sul. Ela \u00e9 dominada pelo Primeiro Comando da Capital (PCC), que controla o <\/span><a href=\"https:\/\/insightcrime.org\/news\/pedro-juan-caballero-the-descent-into-madness-of-a-paraguay-border-town\/\"><span style=\"font-weight: 400;\">tr\u00e1fico <\/span><\/a><span style=\"font-weight: 400;\">de maconha e coca\u00edna na regi\u00e3o.<\/span><\/p>\n<p><span style=\"font-weight: 400;\">As amea\u00e7as ao exerc\u00edcio do jornalismo s\u00e3o comuns em Ponta Por\u00e3 e Pedro Juan Caballero. H\u00e1 um alerta di\u00e1rio que obriga os profissionais de comunica\u00e7\u00e3o a se autocensurarem. Isto \u00e9, nas not\u00edcias que publicam, eles evitam incluir nomes ou informa\u00e7\u00f5es que possam compromet\u00ea-los.<\/span><\/p>\n<p><span style=\"font-weight: 400;\">\"A vida aqui n\u00e3o vale nada\", acrescenta o jornalista, que prefere preservar a sua identidade.<\/span><\/p>\n<p><span style=\"font-weight: 400;\">As hist\u00f3rias de amea\u00e7as est\u00e3o sempre presentes na vida dos jornalistas da regi\u00e3o. Em 2016, <\/span><a href=\"https:\/\/elpais.com\/internacional\/2016\/06\/17\/actualidad\/1466198112_870703.html\"><span style=\"font-weight: 400;\">quando assassinaram o ent\u00e3o chefe do tr\u00e1fico Jorge Rafaat,<\/span><\/a><span style=\"font-weight: 400;\"> a not\u00edcia publicada no site de not\u00edcias coordenado por este jornalista teve que ser retirada a pedido expresso das gangues criminosas.<\/span><\/p>\n<p><span style=\"font-weight: 400;\">\"Hav\u00edamos publicado a not\u00edcia sobre o autor daquele assassinato, sobre as suas liga\u00e7\u00f5es com lavagem de dinheiro e a aquisi\u00e7\u00e3o de armas. Imediatamente me ligaram para tir\u00e1-la do ar\", conta. E como resultado de outra reportagem, \"tocaram a campainha da minha casa pedindo a mesma coisa em rela\u00e7\u00e3o a uma reportagem sobre o traficante brasileiro (Jarvis) Pav\u00e3o\".<\/span><\/p>\n<div id=\"attachment_78458\" style=\"width: 373px\" class=\"wp-caption alignright\"><img loading=\"lazy\" decoding=\"async\" aria-describedby=\"caption-attachment-78458\" id=\"longdesc-return-78457\" class=\"wp-image-78458\" tabindex=\"-1\" src=\"https:\/\/latamjournalismreview.org\/wp-content\/uploads\/2023\/08\/Journalists-Paraguay-Brazil-2-300x300.png\" alt=\"Sketch of a journalist talking by phone with a person who is threatening him.\" width=\"363\" height=\"363\" longdesc=\"https:\/\/latamjournalismreview.org?longdesc=78457&amp;referrer=78566\" srcset=\"https:\/\/latamjournalismreview.org\/wp-content\/uploads\/2023\/08\/Journalists-Paraguay-Brazil-2-300x300.png 300w, https:\/\/latamjournalismreview.org\/wp-content\/uploads\/2023\/08\/Journalists-Paraguay-Brazil-2-150x150.png 150w, https:\/\/latamjournalismreview.org\/wp-content\/uploads\/2023\/08\/Journalists-Paraguay-Brazil-2.png 338w\" sizes=\"auto, (max-width: 363px) 100vw, 363px\" \/><p id=\"caption-attachment-78458\" class=\"wp-caption-text\">Um jornalista recebeu amea\u00e7as por telefone ap\u00f3s publicar mat\u00e9ria sobre o assassinato do traficante Jorge Rafaat em 2016 (Ilustra\u00e7\u00e3o: Gerada com IA)<\/p><\/div>\n<p><span style=\"font-weight: 400;\">Uma rua com vegeta\u00e7\u00e3o verde escura divide Ponta Por\u00e3 (Brasil) de Pedro Juan Caballero (Paraguai). S\u00e3o cidades g\u00eameas. Em ambos os lados dessa linha divis\u00f3ria binacional, tremulam as bandeiras dos pa\u00edses. O estado de Mato Grosso do Sul divide com o Paraguai 438 km de extens\u00e3o da chamada fronteira seca (por terra).<\/span><\/p>\n<p><span style=\"font-weight: 400;\">Exercer o jornalismo nessa regi\u00e3o custa vidas e amea\u00e7as desde os anos 1990. Organiza\u00e7\u00f5es internacionais j\u00e1 noticiaram os casos e investigam-nos de fora da regi\u00e3o.<\/span><\/p>\n<p><span style=\"font-weight: 400;\">\"Foi o caso de Leo Veras, assassinado em fevereiro de 2020, e de Humberto Andr\u00e9s Coronel Godoy, assassinado em 6 de setembro de 2022. Os jornalistas dessa \u00e1rea s\u00e3o v\u00edtimas de viol\u00eancia, e os ataques contra eles permanecem impunes\", diz <\/span><a href=\"https:\/\/rsf.org\/pt-br\/pais\/paraguai\"><span style=\"font-weight: 400;\">o informe<\/span><\/a><span style=\"font-weight: 400;\"> da organiza\u00e7\u00e3o Rep\u00f3rteres Sem Fronteiras (RSF).<\/span><\/p>\n<p><span style=\"font-weight: 400;\">O medo os atinge durante as coberturas e ao escrever as mat\u00e9rias. Nessa fronteira, pelo menos <\/span><a href=\"https:\/\/latamjournalismreview.org\/pt-br\/news\/fronteira-brasil-paraguai-teve-ao-menos-10-mortes-de-jornalistas-na-decada\/\"><span style=\"font-weight: 400;\">10 jornalistas foram mortos<\/span><\/a><span style=\"font-weight: 400;\"> na \u00faltima d\u00e9cada.<\/span><\/p>\n<p><span style=\"font-weight: 400;\">Especialmente do lado paraguaio, ocorreram <\/span><a href=\"https:\/\/latamjournalismreview.org\/pt-br\/articles\/com-21-jornalistas-assassinados-em-30-anos-e-o-crime-cerceando-a-liberdade-de-expressao-ongs-paraguaias-elaboram-projeto-de-lei-para-proteger-jornalistas\/\"><span style=\"font-weight: 400;\">21 assassinatos de jornalistas em 30 anos<\/span><\/a><span style=\"font-weight: 400;\">. <\/span><a href=\"https:\/\/rsf.org\/pt-br\/pais\/paraguai\"><span style=\"font-weight: 400;\">O pa\u00eds est\u00e1 classificado em 103\u00ba lugar<\/span><\/a><span style=\"font-weight: 400;\">, de um total de 180 pa\u00edses classificados pela RSF, em um \u00edndice dos riscos durante o exerc\u00edcio da profiss\u00e3o. A lista come\u00e7a com uma classifica\u00e7\u00e3o da melhor \u00e0 pior situa\u00e7\u00e3o de liberdade de imprensa. O Brasil ocupa a 92\u00aa posi\u00e7\u00e3o, e ambos os pa\u00edses s\u00e3o definidos como \"problem\u00e1ticos\".<\/span><\/p>\n<p><span style=\"font-weight: 400;\">Em 2020, o caso do assassinato a sangue-frio de Leo Veras, jornalista que cobria quest\u00f5es policiais e de narcotr\u00e1fico, chocou a imprensa local e mobilizou os jornalistas da regi\u00e3o. A Associa\u00e7\u00e3o Brasileira de Jornalismo Investigativo (Abraji), que acompanha o caso, conversou com a LJR.<\/span><\/p>\n<p><span style=\"font-weight: 400;\">\"Essa sensa\u00e7\u00e3o de impunidade continua. At\u00e9 hoje n\u00e3o h\u00e1 not\u00edcias sobre os respons\u00e1veis da <\/span><a href=\"https:\/\/latamjournalismreview.org\/pt-br\/articles\/jornalista-brasileiro-ameacado-de-morte-e-assassinado-por-pistoleiros-no-paraguai-em-regiao-perigosa\/\"><span style=\"font-weight: 400;\">morte do Leo Veras<\/span><\/a><span style=\"font-weight: 400;\">. A pr\u00f3pria justi\u00e7a do Paraguai <\/span><a href=\"https:\/\/latamjournalismreview.org\/pt-br\/news\/sindicato-de-jornalistas-do-paraguai-repudia-sentenca-no-caso-do-assassinato-do-jornalista-leo-veras\/\"><span style=\"font-weight: 400;\">absolveu\u00a0 em 2022 Waldemar Pereira Rivas,<\/span><\/a><span style=\"font-weight: 400;\">\u00a0 o Cachorr\u00e3o, do PCC, um dos suspeitos no crime\",\u00a0 disse Angelina Nunes, coordenadora do Programa Tim Lopes de Abraji, \u00e0<\/span><b> LJR<\/b><span style=\"font-weight: 400;\">. \"Os jornalistas na fronteira est\u00e3o no fio da navalha\".<\/span><\/p>\n<p><span style=\"font-weight: 400;\">Entretanto, algum tempo depois, em mar\u00e7o de 2023, <\/span><a href=\"https:\/\/latamjournalismreview.org\/pt-br\/news\/justica-paraguaia-anula-absolvicao-de-suspeito-de-matar-jornalista-leo-veras\/\"><span style=\"font-weight: 400;\">a absolvi\u00e7\u00e3o foi revogada<\/span><\/a><span style=\"font-weight: 400;\"> e um novo julgamento foi ordenado.<\/span><\/p>\n<p><span style=\"font-weight: 400;\">A m\u00eddia, tanto televisiva quanto radiof\u00f4nica e online, <\/span><a href=\"https:\/\/www.pontaporainforma.com.br\/category\/policia\/\"><span style=\"font-weight: 400;\">relata o que \u00e9 factual<\/span><\/a><span style=\"font-weight: 400;\">, ou seja, os fatos, mas sem adentrar nos detalhes das investiga\u00e7\u00f5es para n\u00e3o comprometer nomes do narcotr\u00e1fico, da pol\u00edtica e do contrabando.<\/span><\/p>\n<p><span style=\"font-weight: 400;\">\"O que acontece na fronteira tamb\u00e9m se observa no Brasil mais profundo. Quando um jornalista morre ou desaparece, a comunidade local recua por medo. E ent\u00e3o, a forma de cobertura jornal\u00edstica se modifica, e uma s\u00e9rie de assuntos importantes deixa de ser acompanhada\", acrescenta Nunes, que estava na fronteira entre Pedro Juan Caballero e Ponta Por\u00e3 quando Veras foi assassinado.<\/span><\/p>\n<p><span style=\"font-weight: 400;\">Exercer a liberdade de express\u00e3o nesse territ\u00f3rio torna-se um exerc\u00edcio de autocensura, disse Marciano Candia, correspondente da Acci\u00f3n Multimedios, \u00e0<\/span><b> LJR<\/b><span style=\"font-weight: 400;\">: \u201cMuitas vezes, \u00e9 necess\u00e1rio dar um enfoque \u00e0 not\u00edcia que n\u00e3o \u00e9 o desejado e ter muito cuidado ao realizar investiga\u00e7\u00f5es profundas\u201d.\u00a0<\/span><\/p>\n<p><span style=\"font-weight: 400;\">Candia noticiou em 2022 as amea\u00e7as anteriores ao assassinato do radialista Humberto A. Coronel Godoy para <\/span><a href=\"https:\/\/www.ultimahora.com\/asesinan-periodista-pedro-juan-caballero-n3022003\"><span style=\"font-weight: 400;\">o jornal online \u00daltima Hora<\/span><\/a><span style=\"font-weight: 400;\">.<\/span><\/p>\n<p><span style=\"font-weight: 400;\">As condi\u00e7\u00f5es de trabalho dos jornalistas na regi\u00e3o aumentam sua exposi\u00e7\u00e3o ao perigo, e o medo faz parte do dia a dia.<\/span><\/p>\n<p><span style=\"font-weight: 400;\">\u201cMuitos deles trabalham em casa, onde vivem com suas fam\u00edlias e de onde escrevem, montam seus est\u00fadios de r\u00e1dio e transmitem programas online\u201d, disse Sergio Ramalho, jornalista investigativo que colabora com a Abraji no Programa Tim Lopes Contra a Viol\u00eancia contra Jornalistas, \u00e0 <\/span><b>LJR<\/b><span style=\"font-weight: 400;\">.<\/span><\/p>\n<p><span style=\"font-weight: 400;\">Embora existam redes de institui\u00e7\u00f5es e apoio a jornalistas em situa\u00e7\u00e3o de risco, cabe perguntar: o que deve ser feito al\u00e9m de retirar o jornalista da cidade onde ele corre perigo? Ser\u00e1 que apenas essa a\u00e7\u00e3o resolve a situa\u00e7\u00e3o? O que cabe \u00e0s autoridades dos dois pa\u00edses?<\/span><\/p>\n<p><span style=\"font-weight: 400;\">\u201cO principal e mais importante a deixar claro \u00e9 que, em nenhum caso, os jornalistas devem ficar calados. Em qualquer circunst\u00e2ncia, eles devem pedir ajuda\u201d, acrescentou a jornalista e pesquisadora Nunes.<\/span><\/p>\n<h3><span style=\"font-weight: 400;\">Do jornalismo na fronteira \u00e0 migra\u00e7\u00e3o para os Estados Unidos<\/span><\/h3>\n<p><span style=\"font-weight: 400;\">\u201cOu voc\u00ea trabalha com seguran\u00e7a policial 24 horas por dia ou precisa mudar-se para outro lugar\u201d, conta \u00e0 <\/span><b>LJR <\/b><span style=\"font-weight: 400;\">um jornalista de televis\u00e3o da regi\u00e3o fronteiri\u00e7a que preferiu manter seu nome e identidade an\u00f4nimos.<\/span><\/p>\n<div id=\"attachment_1387\" style=\"width: 460px\" class=\"wp-caption alignleft\"><img loading=\"lazy\" decoding=\"async\" aria-describedby=\"caption-attachment-1387\" id=\"longdesc-return-1387\" class=\"wp-image-1388\" tabindex=\"-1\" src=\"https:\/\/latamjournalismreview.org\/wp-content\/uploads\/2020\/05\/49558181821_c2669b34da_o-300x174.jpg\" alt=\"Man stands facing the camera, smiling, with pockets his pants, while two armed individuals stand next to him carrying machine guns to protect him\" width=\"450\" height=\"261\" longdesc=\"https:\/\/latamjournalismreview.org?longdesc=1387&amp;referrer=78566\" \/><p id=\"caption-attachment-1387\" class=\"wp-caption-text\">O jornalista C\u00e1ndido Figueredo (centro) vive com guardas armados 24 horas por dia (Foto: Cortesia)<\/p><\/div>\n<p><span style=\"font-weight: 400;\">Deixar o pa\u00eds foi a decis\u00e3o mais segura para o rep\u00f3rter paraguaio C\u00e1ndido Figueredo, vencedor em 2015 do Pr\u00eamio Internacional de Liberdade de Imprensa do Comit\u00ea para a Prote\u00e7\u00e3o dos Jornalistas (CPJ).\u00a0<\/span><\/p>\n<p><span style=\"font-weight: 400;\">Em 2020, depois de passar 24 anos e 8 meses<\/span><a href=\"https:\/\/latamjournalismreview.org\/pt-br\/articles\/jornalista-paraguaio-que-vive-sob-protecao-policial-recebe-premio-internacional-da-liberdade-de-imprensa-do-cpj\/\"><span style=\"font-weight: 400;\"> sob cust\u00f3dia policial e trabalhando para o jornal ABC Color,<\/span><\/a><span style=\"font-weight: 400;\"> Figueredo se mudou de Pedro Juan Caballero para os Estados Unidos, onde est\u00e1 atualmente em processo de solicita\u00e7\u00e3o de asilo.<\/span><\/p>\n<p><span style=\"font-weight: 400;\">\"O que marcou minha sa\u00edda do Paraguai foi o <\/span><a href=\"https:\/\/latamjournalismreview.org\/pt-br\/articles\/ha-rumores-de-que-o-pcc-estaria-planejando-ataques-contra-outros-jornalistas-diz-reporter-na-fronteira-do-brasil-e-paraguai\/\"><span style=\"font-weight: 400;\">assassinato de Leo Veras<\/span><\/a><span style=\"font-weight: 400;\">. No dia seguinte \u00e0 sua morte, a Pol\u00edcia Federal Brasileira me informou que haviam interceptado uma liga\u00e7\u00e3o telef\u00f4nica e que a pr\u00f3xima v\u00edtima seria eu\", conta \u00e0<\/span><b> LJR<\/b><span style=\"font-weight: 400;\"> a partir da Filad\u00e9lfia, onde vive e trabalha ensinando espanhol na Universidade Thomas Jefferson.<\/span><\/p>\n<p><span style=\"font-weight: 400;\">Figueredo viveu nas d\u00e9cadas de 90 e 2000 na fronteira. Foram tempos de crescimento da produ\u00e7\u00e3o e distribui\u00e7\u00e3o de drogas na regi\u00e3o. O medo foi tomando conta dos habitantes e cerceando a liberdade de express\u00e3o. Na fronteira entre Paraguai e Brasil, o tr\u00e1fico de drogas se fortaleceu n\u00e3o apenas em Ponta Por\u00e3 e Pedro Juan Caballero, mas tamb\u00e9m em Ciudad del Este, Foz do Igua\u00e7u e Saltos del Guair\u00e1.<\/span><\/p>\n<p><span style=\"font-weight: 400;\">\"As gangues assumiram o controle com base no terror, assassinatos e armas do PCC (de S\u00e3o Paulo) e do Comando Vermelho (do Rio de Janeiro). O medo fez com que as pessoas n\u00e3o quisessem mexer com eles, e muitos se dobraram \u00e0s m\u00e1fias em busca de benef\u00edcios, como pol\u00edticos paraguaios\", explica Figueredo.<\/span><\/p>\n<p><span style=\"font-weight: 400;\">Uma das hist\u00f3rias mais impactantes com envolvimento de Figueredo foi quando um advogado de uma fac\u00e7\u00e3o criminosa tentou suborn\u00e1-lo para que ele n\u00e3o escrevesse nem publicasse artigos que os comprometessem.<\/span><\/p>\n<p><span style=\"font-weight: 400;\">\"O advogado me visitou, eu continuei a conversa e perguntei quanto ele me pagaria para n\u00e3o publicar. 'Tr\u00eas mil d\u00f3lares', respondeu ele. Obtive uma grava\u00e7\u00e3o sonora da conversa com um gravador que eu tinha no bolso, e um texto escrito que o advogado redigiu para eventual publica\u00e7\u00e3o de acordo com seu crit\u00e9rio e que ele queria que eu publicasse\", detalha Figueredo.\u00a0<\/span><\/p>\n<p><span style=\"font-weight: 400;\">Depois que o advogado saiu, Figueredo escreveu um artigo sobre o epis\u00f3dio do suborno. E os 3 mil d\u00f3lares foram doados a um hospital infantil para comprar ventiladores. A not\u00edcia sobre o suborno foi publicada no ABC Color e chegou ao conhecimento de uma gangue local. A mensagem que ele recebeu foi clara: \"Assim que puder, eu vou te matar\".<\/span><\/p>\n<p><span style=\"font-weight: 400;\">As medidas de prote\u00e7\u00e3o que Figueredo adotou quando vivia no Paraguai eram uma estrat\u00e9gia de muito pouca exposi\u00e7\u00e3o p\u00fablica.<\/span><\/p>\n<div id=\"attachment_78467\" style=\"width: 409px\" class=\"wp-caption alignright\"><img loading=\"lazy\" decoding=\"async\" aria-describedby=\"caption-attachment-78467\" class=\"wp-image-78468\" src=\"https:\/\/latamjournalismreview.org\/wp-content\/uploads\/2023\/08\/2f3529b5-107a-4096-9112-9ffc4b83d1c0-300x300.jpg\" alt=\"Sketch of a man handing wads of banknotes to another man.\" width=\"399\" height=\"399\" srcset=\"https:\/\/latamjournalismreview.org\/wp-content\/uploads\/2023\/08\/2f3529b5-107a-4096-9112-9ffc4b83d1c0-300x300.jpg 300w, https:\/\/latamjournalismreview.org\/wp-content\/uploads\/2023\/08\/2f3529b5-107a-4096-9112-9ffc4b83d1c0.jpg 1024w, https:\/\/latamjournalismreview.org\/wp-content\/uploads\/2023\/08\/2f3529b5-107a-4096-9112-9ffc4b83d1c0-150x150.jpg 150w, https:\/\/latamjournalismreview.org\/wp-content\/uploads\/2023\/08\/2f3529b5-107a-4096-9112-9ffc4b83d1c0-768x768.jpg 768w\" sizes=\"auto, (max-width: 399px) 100vw, 399px\" \/><p id=\"caption-attachment-78467\" class=\"wp-caption-text\">Figueredo disse que um advogado de um grupo criminoso o subornou para n\u00e3o publicar artigos que comprometessem seus clientes. O jornalista doou o dinheiro para um hospital e escreveu sobre o epis\u00f3dio (Ilustra\u00e7\u00e3o: Gerado usando IA)<\/p><\/div>\n<p><span style=\"font-weight: 400;\">\"Nunca ia a bares, restaurantes, casamentos ou festas sociais. Al\u00e9m disso, eu tinha um acordo com meu c\u00edrculo mais pr\u00f3ximo. Meus familiares diziam que eu estava louco e que eles n\u00e3o estavam em contato comigo h\u00e1 muito tempo. Da minha parte, eu dizia que tamb\u00e9m n\u00e3o estava em contato com eles. Era um acordo familiar para tirar meus parentes da vista e do perigo do tr\u00e1fico de drogas\", relata.<\/span><\/p>\n<p><span style=\"font-weight: 400;\">De acordo com fontes de estat\u00edsticas policiais, na \u00e1rea das cidades fronteiri\u00e7as de Pedro Juan Caballero e Ponta Por\u00e3, h\u00e1 uma m\u00e9dia de 150 assassinatos por ano relacionados ao crime organizado. <\/span><a href=\"https:\/\/oglobo.globo.com\/brasil\/cidade-na-fronteira-entre-brasil-paraguai-concentra-10-dos-homicidios-do-ms-25241277\"><span style=\"font-weight: 400;\">A cidade de Ponta Por\u00e3 concentra 10,6% de todos os homic\u00eddios<\/span><\/a><span style=\"font-weight: 400;\"> registrados no estado de Mato Grosso do Sul.\u00a0<\/span><\/p>\n<p><span style=\"font-weight: 400;\">Onde o Estado n\u00e3o est\u00e1 presente, esses setores tomam o territ\u00f3rio e o poder.<\/span><\/p>\n<p><span style=\"font-weight: 400;\">\"Se as institui\u00e7\u00f5es funcionassem, ter\u00edamos mais seguran\u00e7a, mas isso n\u00e3o acontece e, por isso, os autores dos assassinatos de colegas jornalistas ainda n\u00e3o foram presos\", disse Figueredo.<\/span><\/p>\n","protected":false},"excerpt":{"rendered":"<p>O avan\u00e7o do tr\u00e1fico de drogas em cidades como como Pedro Juan Caballero e Ponta Por\u00e3 amea\u00e7a os profissionais que cobrem o tema na regi\u00e3o. A LatAm Journalism Review entrevistou quatro rep\u00f3rteres que explicam como se se protegem para n\u00e3o ficarem expostos \u00e0s amea\u00e7as do crime organizado.<\/p>\n","protected":false},"author":67,"featured_media":78473,"comment_status":"closed","ping_status":"closed","sticky":false,"template":"","format":"standard","meta":{"inline_featured_image":false,"footnotes":""},"categories":[1221],"tags":[2473,1614],"coauthors":[],"class_list":["post-78566","post","type-post","status-publish","format-standard","has-post-thumbnail","hentry","category-violencia-contra-jornalistas-pt-br","tag-autocensura","tag-jornalismo-transnacional-pt-br"],"acf":[],"yoast_head":"<!-- This site is optimized with the Yoast SEO Premium plugin v22.6 (Yoast SEO v27.4) - https:\/\/yoast.com\/product\/yoast-seo-premium-wordpress\/ -->\n<title>Narcotr\u00e1fico faz jornalistas se autocensurarem em cidades de fronteira entre Brasil e Paraguai - LatAm Journalism Review by the Knight Center<\/title>\n<meta name=\"description\" content=\"Narcotr\u00e1fico faz jornalistas se autocensurarem em cidades de fronteira entre Brasil e Paraguai Viol\u00eancia contra jornalistas. Latin American Journalism Review by The Knight Center at The University of Texas at Austin.\" \/>\n<meta name=\"robots\" content=\"index, follow, max-snippet:-1, max-image-preview:large, max-video-preview:-1\" \/>\n<link rel=\"canonical\" href=\"https:\/\/latamjournalismreview.org\/pt-br\/articles\/narcotrafico-faz-jornalistas-se-autocensurarem-em-cidades-de-fronteira-entre-brasil-e-paraguai\/\" \/>\n<meta property=\"og:locale\" content=\"pt_BR\" \/>\n<meta property=\"og:type\" content=\"article\" \/>\n<meta property=\"og:title\" content=\"Narcotr\u00e1fico faz jornalistas se autocensurarem em cidades de fronteira entre Brasil e Paraguai\" \/>\n<meta property=\"og:description\" content=\"Narcotr\u00e1fico faz jornalistas se autocensurarem em cidades de fronteira entre Brasil e Paraguai Viol\u00eancia contra jornalistas. Latin American Journalism Review by The Knight Center at The University of Texas at Austin.\" \/>\n<meta property=\"og:url\" content=\"https:\/\/latamjournalismreview.org\/pt-br\/articles\/narcotrafico-faz-jornalistas-se-autocensurarem-em-cidades-de-fronteira-entre-brasil-e-paraguai\/\" \/>\n<meta property=\"og:site_name\" content=\"LatAm Journalism Review by the Knight Center\" \/>\n<meta property=\"article:published_time\" content=\"2023-08-09T00:03:54+00:00\" \/>\n<meta property=\"article:modified_time\" content=\"2023-08-09T00:10:42+00:00\" \/>\n<meta property=\"og:image\" content=\"https:\/\/latamjournalismreview.org\/wp-content\/uploads\/2023\/08\/Featured-Brazil-Paraguay-Self-Censorship.png\" \/>\n\t<meta property=\"og:image:width\" content=\"507\" \/>\n\t<meta property=\"og:image:height\" content=\"340\" \/>\n\t<meta property=\"og:image:type\" content=\"image\/png\" \/>\n<meta name=\"author\" content=\"Soledad Dom\u00ednguez\" \/>\n<meta name=\"twitter:card\" content=\"summary_large_image\" \/>\n<meta name=\"twitter:creator\" content=\"@LatAmJournalism\" \/>\n<meta name=\"twitter:site\" content=\"@LatAmJournalism\" \/>\n<meta name=\"twitter:label1\" content=\"Written by\" \/>\n\t<meta name=\"twitter:data1\" content=\"Soledad Dom\u00ednguez\" \/>\n\t<meta name=\"twitter:label2\" content=\"Est. reading time\" \/>\n\t<meta name=\"twitter:data2\" content=\"9 minutos\" \/>\n<script type=\"application\/ld+json\" class=\"yoast-schema-graph\">{\"@context\":\"https:\\\/\\\/schema.org\",\"@graph\":[{\"@type\":\"Article\",\"@id\":\"https:\\\/\\\/latamjournalismreview.org\\\/pt-br\\\/articles\\\/narcotrafico-faz-jornalistas-se-autocensurarem-em-cidades-de-fronteira-entre-brasil-e-paraguai\\\/#article\",\"isPartOf\":{\"@id\":\"https:\\\/\\\/latamjournalismreview.org\\\/pt-br\\\/articles\\\/narcotrafico-faz-jornalistas-se-autocensurarem-em-cidades-de-fronteira-entre-brasil-e-paraguai\\\/\"},\"author\":{\"name\":\"Soledad Dom\u00ednguez\",\"@id\":\"https:\\\/\\\/latamjournalismreview.org\\\/pt-br\\\/#\\\/schema\\\/person\\\/22f0a24d4abd2bce835a545a75eadd98\"},\"headline\":\"Narcotr\u00e1fico faz jornalistas se autocensurarem em cidades de fronteira entre Brasil e Paraguai\",\"datePublished\":\"2023-08-09T00:03:54+00:00\",\"dateModified\":\"2023-08-09T00:10:42+00:00\",\"mainEntityOfPage\":{\"@id\":\"https:\\\/\\\/latamjournalismreview.org\\\/pt-br\\\/articles\\\/narcotrafico-faz-jornalistas-se-autocensurarem-em-cidades-de-fronteira-entre-brasil-e-paraguai\\\/\"},\"wordCount\":1808,\"publisher\":{\"@id\":\"https:\\\/\\\/latamjournalismreview.org\\\/pt-br\\\/#organization\"},\"image\":{\"@id\":\"https:\\\/\\\/latamjournalismreview.org\\\/pt-br\\\/articles\\\/narcotrafico-faz-jornalistas-se-autocensurarem-em-cidades-de-fronteira-entre-brasil-e-paraguai\\\/#primaryimage\"},\"thumbnailUrl\":\"https:\\\/\\\/latamjournalismreview.org\\\/wp-content\\\/uploads\\\/2023\\\/08\\\/Featured-Brazil-Paraguay-Self-Censorship.png\",\"keywords\":[\"Autocensura\",\"Jornalismo transnacional\"],\"articleSection\":[\"Viol\u00eancia contra jornalistas\"],\"inLanguage\":\"pt-BR\"},{\"@type\":\"WebPage\",\"@id\":\"https:\\\/\\\/latamjournalismreview.org\\\/pt-br\\\/articles\\\/narcotrafico-faz-jornalistas-se-autocensurarem-em-cidades-de-fronteira-entre-brasil-e-paraguai\\\/\",\"url\":\"https:\\\/\\\/latamjournalismreview.org\\\/pt-br\\\/articles\\\/narcotrafico-faz-jornalistas-se-autocensurarem-em-cidades-de-fronteira-entre-brasil-e-paraguai\\\/\",\"name\":\"Narcotr\u00e1fico faz jornalistas se autocensurarem em cidades de fronteira entre Brasil e Paraguai - LatAm Journalism Review by the Knight Center\",\"isPartOf\":{\"@id\":\"https:\\\/\\\/latamjournalismreview.org\\\/pt-br\\\/#website\"},\"primaryImageOfPage\":{\"@id\":\"https:\\\/\\\/latamjournalismreview.org\\\/pt-br\\\/articles\\\/narcotrafico-faz-jornalistas-se-autocensurarem-em-cidades-de-fronteira-entre-brasil-e-paraguai\\\/#primaryimage\"},\"image\":{\"@id\":\"https:\\\/\\\/latamjournalismreview.org\\\/pt-br\\\/articles\\\/narcotrafico-faz-jornalistas-se-autocensurarem-em-cidades-de-fronteira-entre-brasil-e-paraguai\\\/#primaryimage\"},\"thumbnailUrl\":\"https:\\\/\\\/latamjournalismreview.org\\\/wp-content\\\/uploads\\\/2023\\\/08\\\/Featured-Brazil-Paraguay-Self-Censorship.png\",\"datePublished\":\"2023-08-09T00:03:54+00:00\",\"dateModified\":\"2023-08-09T00:10:42+00:00\",\"description\":\"Narcotr\u00e1fico faz jornalistas se autocensurarem em cidades de fronteira entre Brasil e Paraguai Viol\u00eancia contra jornalistas. Latin American Journalism Review by The Knight Center at The University of Texas at Austin.\",\"breadcrumb\":{\"@id\":\"https:\\\/\\\/latamjournalismreview.org\\\/pt-br\\\/articles\\\/narcotrafico-faz-jornalistas-se-autocensurarem-em-cidades-de-fronteira-entre-brasil-e-paraguai\\\/#breadcrumb\"},\"inLanguage\":\"pt-BR\",\"potentialAction\":[{\"@type\":\"ReadAction\",\"target\":[\"https:\\\/\\\/latamjournalismreview.org\\\/pt-br\\\/articles\\\/narcotrafico-faz-jornalistas-se-autocensurarem-em-cidades-de-fronteira-entre-brasil-e-paraguai\\\/\"]}]},{\"@type\":\"ImageObject\",\"inLanguage\":\"pt-BR\",\"@id\":\"https:\\\/\\\/latamjournalismreview.org\\\/pt-br\\\/articles\\\/narcotrafico-faz-jornalistas-se-autocensurarem-em-cidades-de-fronteira-entre-brasil-e-paraguai\\\/#primaryimage\",\"url\":\"https:\\\/\\\/latamjournalismreview.org\\\/wp-content\\\/uploads\\\/2023\\\/08\\\/Featured-Brazil-Paraguay-Self-Censorship.png\",\"contentUrl\":\"https:\\\/\\\/latamjournalismreview.org\\\/wp-content\\\/uploads\\\/2023\\\/08\\\/Featured-Brazil-Paraguay-Self-Censorship.png\",\"width\":507,\"height\":340,\"caption\":\"Featured Brazil Paraguay Self-Censorship\"},{\"@type\":\"BreadcrumbList\",\"@id\":\"https:\\\/\\\/latamjournalismreview.org\\\/pt-br\\\/articles\\\/narcotrafico-faz-jornalistas-se-autocensurarem-em-cidades-de-fronteira-entre-brasil-e-paraguai\\\/#breadcrumb\",\"itemListElement\":[{\"@type\":\"ListItem\",\"position\":1,\"name\":\"Home\",\"item\":\"https:\\\/\\\/latamjournalismreview.org\\\/pt-br\\\/\"},{\"@type\":\"ListItem\",\"position\":2,\"name\":\"Narcotr\u00e1fico faz jornalistas se autocensurarem em cidades de fronteira entre Brasil e Paraguai\"}]},{\"@type\":\"WebSite\",\"@id\":\"https:\\\/\\\/latamjournalismreview.org\\\/pt-br\\\/#website\",\"url\":\"https:\\\/\\\/latamjournalismreview.org\\\/pt-br\\\/\",\"name\":\"LatAm Journalism Review\",\"description\":\"Digital magazine on journalism in Latin America\",\"publisher\":{\"@id\":\"https:\\\/\\\/latamjournalismreview.org\\\/pt-br\\\/#organization\"},\"potentialAction\":[{\"@type\":\"SearchAction\",\"target\":{\"@type\":\"EntryPoint\",\"urlTemplate\":\"https:\\\/\\\/latamjournalismreview.org\\\/pt-br\\\/?s={search_term_string}\"},\"query-input\":{\"@type\":\"PropertyValueSpecification\",\"valueRequired\":true,\"valueName\":\"search_term_string\"}}],\"inLanguage\":\"pt-BR\"},{\"@type\":\"Organization\",\"@id\":\"https:\\\/\\\/latamjournalismreview.org\\\/pt-br\\\/#organization\",\"name\":\"LatAm Journalism Review\",\"url\":\"https:\\\/\\\/latamjournalismreview.org\\\/pt-br\\\/\",\"logo\":{\"@type\":\"ImageObject\",\"inLanguage\":\"pt-BR\",\"@id\":\"https:\\\/\\\/latamjournalismreview.org\\\/pt-br\\\/#\\\/schema\\\/logo\\\/image\\\/\",\"url\":\"https:\\\/\\\/latamjournalismreview.org\\\/wp-content\\\/uploads\\\/2020\\\/05\\\/knight-latAm-review-logo.svg\",\"contentUrl\":\"https:\\\/\\\/latamjournalismreview.org\\\/wp-content\\\/uploads\\\/2020\\\/05\\\/knight-latAm-review-logo.svg\",\"width\":\"1024\",\"height\":\"1024\",\"caption\":\"LatAm Journalism Review\"},\"image\":{\"@id\":\"https:\\\/\\\/latamjournalismreview.org\\\/pt-br\\\/#\\\/schema\\\/logo\\\/image\\\/\"},\"sameAs\":[\"https:\\\/\\\/x.com\\\/LatAmJournalism\"]},{\"@type\":\"Person\",\"@id\":\"https:\\\/\\\/latamjournalismreview.org\\\/pt-br\\\/#\\\/schema\\\/person\\\/22f0a24d4abd2bce835a545a75eadd98\",\"name\":\"Soledad Dom\u00ednguez\",\"url\":\"https:\\\/\\\/latamjournalismreview.org\\\/pt-br\\\/articles\\\/author\\\/soledad-dominguez\\\/\"}]}<\/script>\n<!-- \/ Yoast SEO Premium plugin. -->","yoast_head_json":{"title":"Narcotr\u00e1fico faz jornalistas se autocensurarem em cidades de fronteira entre Brasil e Paraguai - LatAm Journalism Review by the Knight Center","description":"Narcotr\u00e1fico faz jornalistas se autocensurarem em cidades de fronteira entre Brasil e Paraguai Viol\u00eancia contra jornalistas. Latin American Journalism Review by The Knight Center at The University of Texas at Austin.","robots":{"index":"index","follow":"follow","max-snippet":"max-snippet:-1","max-image-preview":"max-image-preview:large","max-video-preview":"max-video-preview:-1"},"canonical":"https:\/\/latamjournalismreview.org\/pt-br\/articles\/narcotrafico-faz-jornalistas-se-autocensurarem-em-cidades-de-fronteira-entre-brasil-e-paraguai\/","og_locale":"pt_BR","og_type":"article","og_title":"Narcotr\u00e1fico faz jornalistas se autocensurarem em cidades de fronteira entre Brasil e Paraguai","og_description":"Narcotr\u00e1fico faz jornalistas se autocensurarem em cidades de fronteira entre Brasil e Paraguai Viol\u00eancia contra jornalistas. Latin American Journalism Review by The Knight Center at The University of Texas at Austin.","og_url":"https:\/\/latamjournalismreview.org\/pt-br\/articles\/narcotrafico-faz-jornalistas-se-autocensurarem-em-cidades-de-fronteira-entre-brasil-e-paraguai\/","og_site_name":"LatAm Journalism Review by the Knight Center","article_published_time":"2023-08-09T00:03:54+00:00","article_modified_time":"2023-08-09T00:10:42+00:00","og_image":[{"width":507,"height":340,"url":"https:\/\/latamjournalismreview.org\/wp-content\/uploads\/2023\/08\/Featured-Brazil-Paraguay-Self-Censorship.png","type":"image\/png"}],"author":"Soledad Dom\u00ednguez","twitter_card":"summary_large_image","twitter_creator":"@LatAmJournalism","twitter_site":"@LatAmJournalism","twitter_misc":{"Written by":"Soledad Dom\u00ednguez","Est. reading time":"9 minutos"},"schema":{"@context":"https:\/\/schema.org","@graph":[{"@type":"Article","@id":"https:\/\/latamjournalismreview.org\/pt-br\/articles\/narcotrafico-faz-jornalistas-se-autocensurarem-em-cidades-de-fronteira-entre-brasil-e-paraguai\/#article","isPartOf":{"@id":"https:\/\/latamjournalismreview.org\/pt-br\/articles\/narcotrafico-faz-jornalistas-se-autocensurarem-em-cidades-de-fronteira-entre-brasil-e-paraguai\/"},"author":{"name":"Soledad Dom\u00ednguez","@id":"https:\/\/latamjournalismreview.org\/pt-br\/#\/schema\/person\/22f0a24d4abd2bce835a545a75eadd98"},"headline":"Narcotr\u00e1fico faz jornalistas se autocensurarem em cidades de fronteira entre Brasil e Paraguai","datePublished":"2023-08-09T00:03:54+00:00","dateModified":"2023-08-09T00:10:42+00:00","mainEntityOfPage":{"@id":"https:\/\/latamjournalismreview.org\/pt-br\/articles\/narcotrafico-faz-jornalistas-se-autocensurarem-em-cidades-de-fronteira-entre-brasil-e-paraguai\/"},"wordCount":1808,"publisher":{"@id":"https:\/\/latamjournalismreview.org\/pt-br\/#organization"},"image":{"@id":"https:\/\/latamjournalismreview.org\/pt-br\/articles\/narcotrafico-faz-jornalistas-se-autocensurarem-em-cidades-de-fronteira-entre-brasil-e-paraguai\/#primaryimage"},"thumbnailUrl":"https:\/\/latamjournalismreview.org\/wp-content\/uploads\/2023\/08\/Featured-Brazil-Paraguay-Self-Censorship.png","keywords":["Autocensura","Jornalismo transnacional"],"articleSection":["Viol\u00eancia contra jornalistas"],"inLanguage":"pt-BR"},{"@type":"WebPage","@id":"https:\/\/latamjournalismreview.org\/pt-br\/articles\/narcotrafico-faz-jornalistas-se-autocensurarem-em-cidades-de-fronteira-entre-brasil-e-paraguai\/","url":"https:\/\/latamjournalismreview.org\/pt-br\/articles\/narcotrafico-faz-jornalistas-se-autocensurarem-em-cidades-de-fronteira-entre-brasil-e-paraguai\/","name":"Narcotr\u00e1fico faz jornalistas se autocensurarem em cidades de fronteira entre Brasil e Paraguai - LatAm Journalism Review by the Knight Center","isPartOf":{"@id":"https:\/\/latamjournalismreview.org\/pt-br\/#website"},"primaryImageOfPage":{"@id":"https:\/\/latamjournalismreview.org\/pt-br\/articles\/narcotrafico-faz-jornalistas-se-autocensurarem-em-cidades-de-fronteira-entre-brasil-e-paraguai\/#primaryimage"},"image":{"@id":"https:\/\/latamjournalismreview.org\/pt-br\/articles\/narcotrafico-faz-jornalistas-se-autocensurarem-em-cidades-de-fronteira-entre-brasil-e-paraguai\/#primaryimage"},"thumbnailUrl":"https:\/\/latamjournalismreview.org\/wp-content\/uploads\/2023\/08\/Featured-Brazil-Paraguay-Self-Censorship.png","datePublished":"2023-08-09T00:03:54+00:00","dateModified":"2023-08-09T00:10:42+00:00","description":"Narcotr\u00e1fico faz jornalistas se autocensurarem em cidades de fronteira entre Brasil e Paraguai Viol\u00eancia contra jornalistas. Latin American Journalism Review by The Knight Center at The University of Texas at Austin.","breadcrumb":{"@id":"https:\/\/latamjournalismreview.org\/pt-br\/articles\/narcotrafico-faz-jornalistas-se-autocensurarem-em-cidades-de-fronteira-entre-brasil-e-paraguai\/#breadcrumb"},"inLanguage":"pt-BR","potentialAction":[{"@type":"ReadAction","target":["https:\/\/latamjournalismreview.org\/pt-br\/articles\/narcotrafico-faz-jornalistas-se-autocensurarem-em-cidades-de-fronteira-entre-brasil-e-paraguai\/"]}]},{"@type":"ImageObject","inLanguage":"pt-BR","@id":"https:\/\/latamjournalismreview.org\/pt-br\/articles\/narcotrafico-faz-jornalistas-se-autocensurarem-em-cidades-de-fronteira-entre-brasil-e-paraguai\/#primaryimage","url":"https:\/\/latamjournalismreview.org\/wp-content\/uploads\/2023\/08\/Featured-Brazil-Paraguay-Self-Censorship.png","contentUrl":"https:\/\/latamjournalismreview.org\/wp-content\/uploads\/2023\/08\/Featured-Brazil-Paraguay-Self-Censorship.png","width":507,"height":340,"caption":"Featured Brazil Paraguay Self-Censorship"},{"@type":"BreadcrumbList","@id":"https:\/\/latamjournalismreview.org\/pt-br\/articles\/narcotrafico-faz-jornalistas-se-autocensurarem-em-cidades-de-fronteira-entre-brasil-e-paraguai\/#breadcrumb","itemListElement":[{"@type":"ListItem","position":1,"name":"Home","item":"https:\/\/latamjournalismreview.org\/pt-br\/"},{"@type":"ListItem","position":2,"name":"Narcotr\u00e1fico faz jornalistas se autocensurarem em cidades de fronteira entre Brasil e Paraguai"}]},{"@type":"WebSite","@id":"https:\/\/latamjournalismreview.org\/pt-br\/#website","url":"https:\/\/latamjournalismreview.org\/pt-br\/","name":"LatAm Journalism Review","description":"Digital magazine on journalism in Latin America","publisher":{"@id":"https:\/\/latamjournalismreview.org\/pt-br\/#organization"},"potentialAction":[{"@type":"SearchAction","target":{"@type":"EntryPoint","urlTemplate":"https:\/\/latamjournalismreview.org\/pt-br\/?s={search_term_string}"},"query-input":{"@type":"PropertyValueSpecification","valueRequired":true,"valueName":"search_term_string"}}],"inLanguage":"pt-BR"},{"@type":"Organization","@id":"https:\/\/latamjournalismreview.org\/pt-br\/#organization","name":"LatAm Journalism Review","url":"https:\/\/latamjournalismreview.org\/pt-br\/","logo":{"@type":"ImageObject","inLanguage":"pt-BR","@id":"https:\/\/latamjournalismreview.org\/pt-br\/#\/schema\/logo\/image\/","url":"https:\/\/latamjournalismreview.org\/wp-content\/uploads\/2020\/05\/knight-latAm-review-logo.svg","contentUrl":"https:\/\/latamjournalismreview.org\/wp-content\/uploads\/2020\/05\/knight-latAm-review-logo.svg","width":"1024","height":"1024","caption":"LatAm Journalism Review"},"image":{"@id":"https:\/\/latamjournalismreview.org\/pt-br\/#\/schema\/logo\/image\/"},"sameAs":["https:\/\/x.com\/LatAmJournalism"]},{"@type":"Person","@id":"https:\/\/latamjournalismreview.org\/pt-br\/#\/schema\/person\/22f0a24d4abd2bce835a545a75eadd98","name":"Soledad Dom\u00ednguez","url":"https:\/\/latamjournalismreview.org\/pt-br\/articles\/author\/soledad-dominguez\/"}]}},"_links":{"self":[{"href":"https:\/\/latamjournalismreview.org\/pt-br\/wp-json\/wp\/v2\/posts\/78566","targetHints":{"allow":["GET"]}}],"collection":[{"href":"https:\/\/latamjournalismreview.org\/pt-br\/wp-json\/wp\/v2\/posts"}],"about":[{"href":"https:\/\/latamjournalismreview.org\/pt-br\/wp-json\/wp\/v2\/types\/post"}],"author":[{"embeddable":true,"href":"https:\/\/latamjournalismreview.org\/pt-br\/wp-json\/wp\/v2\/users\/67"}],"replies":[{"embeddable":true,"href":"https:\/\/latamjournalismreview.org\/pt-br\/wp-json\/wp\/v2\/comments?post=78566"}],"version-history":[{"count":4,"href":"https:\/\/latamjournalismreview.org\/pt-br\/wp-json\/wp\/v2\/posts\/78566\/revisions"}],"predecessor-version":[{"id":78576,"href":"https:\/\/latamjournalismreview.org\/pt-br\/wp-json\/wp\/v2\/posts\/78566\/revisions\/78576"}],"wp:featuredmedia":[{"embeddable":true,"href":"https:\/\/latamjournalismreview.org\/pt-br\/wp-json\/wp\/v2\/media\/78473"}],"wp:attachment":[{"href":"https:\/\/latamjournalismreview.org\/pt-br\/wp-json\/wp\/v2\/media?parent=78566"}],"wp:term":[{"taxonomy":"category","embeddable":true,"href":"https:\/\/latamjournalismreview.org\/pt-br\/wp-json\/wp\/v2\/categories?post=78566"},{"taxonomy":"post_tag","embeddable":true,"href":"https:\/\/latamjournalismreview.org\/pt-br\/wp-json\/wp\/v2\/tags?post=78566"},{"taxonomy":"author","embeddable":true,"href":"https:\/\/latamjournalismreview.org\/pt-br\/wp-json\/wp\/v2\/coauthors?post=78566"}],"curies":[{"name":"wp","href":"https:\/\/api.w.org\/{rel}","templated":true}]}}