{"id":79759,"date":"2023-09-12T20:12:53","date_gmt":"2023-09-13T01:12:53","guid":{"rendered":"https:\/\/latamjournalismreview.org\/?p=79759"},"modified":"2023-09-12T20:14:08","modified_gmt":"2023-09-13T01:14:08","slug":"o-feitico-se-quebrou-cinco-jornalistas-com-burnout-contam-por-que-deixaram-seus-empregos-dos-sonhos","status":"publish","type":"post","link":"https:\/\/latamjournalismreview.org\/pt-br\/articles\/o-feitico-se-quebrou-cinco-jornalistas-com-burnout-contam-por-que-deixaram-seus-empregos-dos-sonhos\/","title":{"rendered":"O feiti\u00e7o se quebrou: Cinco jornalistas com burnout contam por que deixaram seus empregos dos sonhos"},"content":{"rendered":"<p><em><strong>Por <a href=\"https:\/\/reutersinstitute.politics.ox.ac.uk\/people\/murillo-camarotto\" target=\"_blank\" rel=\"noopener\">Murillo Camarotto<\/a><\/strong><\/em><\/p>\n<p><b><i>Esta mat\u00e9ria foi <\/i><\/b><a href=\"https:\/\/reutersinstitute.politics.ox.ac.uk\/news\/spell-broken-five-burned-out-journalists-why-they-left-their-dream-jobs\"><b><i>originalmente publicada pelo Instituto Reuters<\/i><\/b><\/a><b><i> na Universidade de Oxford e recebeu autoriza\u00e7\u00e3o para ser republicada pela LJR<\/i><\/b><\/p>\n<p><span style=\"font-weight: 400;\">Quando ainda era crian\u00e7a, <\/span><a href=\"https:\/\/twitter.com\/deboraduque\"><span style=\"font-weight: 400;\">D\u00e9bora Duque<\/span><\/a><span style=\"font-weight: 400;\">, agora com 34 anos, decidiu que queria ser jornalista. E n\u00e3o qualquer tipo de jornalista: ela queria cobrir pol\u00edtica para o Jornal do Commercio, o jornal mais influente de Recife, sua cidade natal.<\/span><\/p>\n<p><span style=\"font-weight: 400;\">Pouco tempo depois de se formar, Duque conseguiu o emprego dos sonhos e come\u00e7ou a cobrir pol\u00edtica no Jornal do Commercio. No entanto, n\u00e3o durou muito. Jornalistas experientes que trabalhavam com ela foram demitidos e os padr\u00f5es de qualidade do jornal estavam mais baixos do que nunca. Esgotada e desapontada, ela pediu demiss\u00e3o.<\/span><\/p>\n<p><span style=\"font-weight: 400;\">Em maio, a <\/span><a href=\"https:\/\/www.bbc.com\/worklife\/article\/20230509-is-it-time-to-quit-your-passion-job\"><span style=\"font-weight: 400;\">BBC publicou uma mat\u00e9ria<\/span><\/a><span style=\"font-weight: 400;\"> destacando muitos trabalhadores que se perguntavam se ainda valia a pena investir em seus empregos dos sonhos. A reportagem contou hist\u00f3rias de pessoas de diversas \u00e1reas e mostrou como esses empregos se tornaram insustent\u00e1veis, fosse devido a ambientes de trabalhos t\u00f3xicos, a instabilidade econ\u00f4mica ou a sensa\u00e7\u00e3o de esgotamento \u2013 a extenua\u00e7\u00e3o que em ingl\u00eas se convencionou chamar de burnout.<\/span><\/p>\n<div id=\"attachment_79661\" style=\"width: 360px\" class=\"wp-caption alignright\"><img loading=\"lazy\" decoding=\"async\" aria-describedby=\"caption-attachment-79661\" class=\"wp-image-79663 size-press\" src=\"https:\/\/latamjournalismreview.org\/wp-content\/uploads\/2023\/09\/debora_duque-350x234.jpg\" alt=\"a woman wearing glasses and smiling for the camara\" width=\"350\" height=\"234\" srcset=\"https:\/\/latamjournalismreview.org\/wp-content\/uploads\/2023\/09\/debora_duque-350x234.jpg 350w, https:\/\/latamjournalismreview.org\/wp-content\/uploads\/2023\/09\/debora_duque-507x340.jpg 507w\" sizes=\"auto, (max-width: 350px) 100vw, 350px\" \/><p id=\"caption-attachment-79661\" class=\"wp-caption-text\">A jornalista brasileira D\u00e9bora Duque (Foto: Instituto Reuters)<\/p><\/div>\n<p><span style=\"font-weight: 400;\">A mat\u00e9ria menciona um estudo da Coreia do Sul que diz que jovens cunharam o termo \"sal\u00e1rio da paix\u00e3o\" para descrever os baixos sal\u00e1rios pagos \u00e0queles que trabalham com o que amam.<\/span><\/p>\n<h3><span style=\"font-weight: 400;\">Por que as pessoas viram jornalistas?<\/span><\/h3>\n<p><span style=\"font-weight: 400;\">O jornalismo ainda \u00e9 um emprego dos sonhos? Muitos jovens ao redor do mundo ainda o veem como uma oportunidade para investigar corrup\u00e7\u00e3o, testemunhar momentos cruciais da Hist\u00f3ria e denunciar a injusti\u00e7a, fomes e guerras. Alguns at\u00e9 renunciam a sal\u00e1rios melhores para continuar no of\u00edcio.<\/span><\/p>\n<p><span style=\"font-weight: 400;\">\"\u00c9 um prazer que transcende o dinheiro. Viver a Hist\u00f3ria em tempo real, participar dela. Eu sempre digo que o historiador \u00e9 um comentarista de um jogo j\u00e1 jogado, enquanto o jornalista ainda pode desempenhar um papel nisso tudo. Eu estava t\u00e3o empolgado. Era um pouco ing\u00eanuo, acho. Eu s\u00f3 queria ser \u00fatil\", disse <\/span><a href=\"https:\/\/www.linkedin.com\/in\/gabrielrochagaspar\/\"><span style=\"font-weight: 400;\">Gabriel Rocha Gaspar<\/span><\/a><span style=\"font-weight: 400;\">, 40 anos, ex-correspondente da <\/span><a href=\"https:\/\/www.rfi.fr\/fr\/\"><span style=\"font-weight: 400;\">Radio France International<\/span><\/a><span style=\"font-weight: 400;\"> que deixou o jornalismo h\u00e1 alguns anos.<\/span><\/p>\n<p><span style=\"font-weight: 400;\">Com pai e m\u00e3e jornalistas cobrindo a ind\u00fastria da m\u00fasica, Rocha Gaspar nunca quis fazer outro trabalho. Como rep\u00f3rter, trabalhou em v\u00e1rias reda\u00e7\u00f5es, cobrindo economia, tecnologia e not\u00edcias internacionais. Quando a crise financeira atingiu as organiza\u00e7\u00f5es de m\u00eddia, ele come\u00e7ou a questionar seu futuro no jornalismo.<\/span><\/p>\n<p><span style=\"font-weight: 400;\">\"Existem v\u00e1rias categorias de censura que s\u00e3o invis\u00edveis de fora\", diz Rocha Gaspar. \"Ao trabalhar em uma reda\u00e7\u00e3o, voc\u00ea se depara com coisas como censura corporativa. Voc\u00ea percebe que os anunciantes t\u00eam um peso desproporcional nas not\u00edcias. Alguns modelos de neg\u00f3cios simplesmente n\u00e3o s\u00e3o sustent\u00e1veis e isso tem um impacto nas reda\u00e7\u00f5es e gera autocensura.\"<\/span><\/p>\n<p><span style=\"font-weight: 400;\">Desapontado com as reda\u00e7\u00f5es tradicionais, Rocha Gaspar se juntou a projetos independentes, mas encontrou muitos problemas tamb\u00e9m l\u00e1. \"Os jornalistas eram combativos, mas a produ\u00e7\u00e3o deles carecia de qualidade. N\u00e3o era muito profissional\", disse ele. Desapontado com a profiss\u00e3o, ele usou sua expertise em m\u00fasica e tecnologia e se juntou a uma grande empresa de m\u00fasica como gerente.<\/span><\/p>\n<p><span style=\"font-weight: 400;\">Em sua nova carreira, na qual tem um sal\u00e1rio mais alto, Rocha Gaspar conseguiu comprar um apartamento e n\u00e3o tem mais a necessidade sempre premente de conseguir dinheiro extra com trabalhos como freelancer. Durante seu per\u00edodo como jornalista, seus fins de semana eram quase todos tomados por trabalho extra, o que n\u00e3o lhe dava muita satisfa\u00e7\u00e3o pessoal.<\/span><\/p>\n<p><span style=\"font-weight: 400;\">\"Eu s\u00f3 fazia pelo dinheiro\", disse ele.<\/span><\/p>\n<h3><span style=\"font-weight: 400;\">Uma tend\u00eancia geracional?<\/span><\/h3>\n<p><span style=\"font-weight: 400;\">O consultor de neg\u00f3cios <\/span><a href=\"https:\/\/www.linkedin.com\/in\/airamcorrea\/\"><span style=\"font-weight: 400;\">Airam Corr\u00eaa<\/span><\/a><span style=\"font-weight: 400;\"> v\u00ea vest\u00edgios de uma mudan\u00e7a cultural e geracional por tr\u00e1s das decis\u00f5es de jornalistas como Gaspar e Duque.\u00a0<\/span><\/p>\n<p><span style=\"font-weight: 400;\">\"Cada gera\u00e7\u00e3o cria novos mitos\", disse ele. \"Na minha cidade natal, n\u00e3o existem mais candidatos a rock star e agora todos querem ser Mark Zuckerberg\".<\/span><\/p>\n<p><span style=\"font-weight: 400;\">Uma <\/span><a href=\"https:\/\/www.consultancy.uk\/news\/22954\/most-uk-creative-jobs-earn-less-than-average-annual-salary\"><span style=\"font-weight: 400;\">pesquisa<\/span><\/a><span style=\"font-weight: 400;\"> de 2019 no Reino Unido mostrou que as chamadas ind\u00fastrias criativas tem maior propens\u00e3o a explorarem a paix\u00e3o dos trabalhadores, pagando-lhes sal\u00e1rios mais baixos. <\/span><a href=\"https:\/\/journals.sagepub.com\/doi\/full\/10.1177\/1360780419895291\"><span style=\"font-weight: 400;\">Outra pesquisa<\/span><\/a><span style=\"font-weight: 400;\"> de 2020 revelou que 47% das pessoas com menos de 30 anos concordaram em trabalhar de gra\u00e7a por um tempo para depois conseguir chegar aos seus empregos dos sonhos.<\/span><\/p>\n<p><span style=\"font-weight: 400;\">\"Influenciados por frases como 'viva sua paix\u00e3o', muitas pessoas simplesmente desistem ou baixam a guarda\", explica Corr\u00eaa, que enfatiza que a economia tamb\u00e9m faz parte da equa\u00e7\u00e3o. Em tempos dif\u00edceis, as pessoas est\u00e3o menos dispostas a lutar por seu emprego dos sonhos.<\/span><\/p>\n<p><span style=\"font-weight: 400;\">No caso espec\u00edfico do jornalismo, dinheiro e estabilidade sempre foram fatores decisivos para afastar profissionais do campo.<\/span><\/p>\n<h3><span style=\"font-weight: 400;\">Deixando o jornalismo pela pol\u00edtica<\/span><\/h3>\n<p><span style=\"font-weight: 400;\">O jornalista argentino <\/span><a href=\"https:\/\/www.linkedin.com\/in\/dquinteros77\/\"><span style=\"font-weight: 400;\">Diego Quinteros<\/span><\/a><span style=\"font-weight: 400;\"> recentemente deixou a profiss\u00e3o depois de dez anos trabalhando como rep\u00f3rter no <\/span><a href=\"https:\/\/www.lanacion.com.ar\/\"><span style=\"font-weight: 400;\">La Naci\u00f3n<\/span><\/a><span style=\"font-weight: 400;\">, um dos principais jornais do pa\u00eds. Ele conseguiu uma bolsa para estudar na Espanha. O jornal n\u00e3o lhe deu a chance de tirar uma licen\u00e7a n\u00e3o remunerada por um tempo, mas ele decidiu ir em frente mesmo assim.<\/span><\/p>\n<p><span style=\"font-weight: 400;\">De volta a Buenos Aires, ele arranjou um emprego fora de uma reda\u00e7\u00e3o para pagar as contas. \"Quando voc\u00ea tem 20 anos, ganhar pouco dinheiro n\u00e3o importa tanto. Quando voc\u00ea tem 30, sem fins de semana e ainda ganhando pouco dinheiro, a equa\u00e7\u00e3o \u00e9 muito mais complexa\", disse Quinteros, que atualmente trabalha como assessor de um pol\u00edtico em seu pa\u00eds natal.<\/span><\/p>\n<p><span style=\"font-weight: 400;\">Um <\/span><a href=\"https:\/\/reutersinstitute.politics.ox.ac.uk\/our-research\/local-media-brazil-draining-newsrooms-countrys-poorest-region\"><span style=\"font-weight: 400;\">artigo<\/span><\/a><span style=\"font-weight: 400;\"> que publiquei em 2019, ap\u00f3s meu per\u00edodo como Jornalista bolsista no Instituto Reuters, mostrou como pol\u00edticos brasileiros estavam conseguindo capturar os melhores jornalistas do Nordeste do pa\u00eds. De acordo com minha pesquisa, quase 40% dos rep\u00f3rteres que deixaram suas reda\u00e7\u00f5es ao longo de um per\u00edodo de dez anos passaram a trabalhar como assessores de comunica\u00e7\u00e3o para pol\u00edticos ou \u00f3rg\u00e3os p\u00fablicos.<\/span><\/p>\n<p><span style=\"font-weight: 400;\">Embora alguns jornalistas estejam mudando suas trajet\u00f3rias profissionais de forma mais radical, tornar-se profissional de Rela\u00e7\u00f5es P\u00fablicas ou assessor de comunica\u00e7\u00e3o \u00e9 visto por muitos como a op\u00e7\u00e3o mais l\u00f3gica. O jornalista panamenho Luis Bur\u00f3n, que trabalhou por 12 anos nos jornais <\/span><a href=\"https:\/\/www.laestrella.com.pa\/\"><span style=\"font-weight: 400;\">La Estrella<\/span><\/a><span style=\"font-weight: 400;\"> e <\/span><a href=\"https:\/\/www.prensa.com\/\"><span style=\"font-weight: 400;\">La Prensa<\/span><\/a><span style=\"font-weight: 400;\">, agora trabalha no departamento de comunica\u00e7\u00e3o de uma ag\u00eancia da ONU. Como outras fontes nesta mat\u00e9ria, ele deixou o jornalismo por raz\u00f5es financeiras.<\/span><\/p>\n<p><span style=\"font-weight: 400;\">\"Embora eu estivesse trabalhando como freelancer, precisava de um arranjo mais est\u00e1vel\", disse ele. \u201cConsegui isso com um dos jornais com os quais estava trabalhando. Mas \u00e0 medida que a crise piorava, eles decidiram encerrar meu contrato, e quando perdi isso, o que ganhava com trabalhos mais ocasionais n\u00e3o era o suficiente para sobreviver\", disse Bur\u00f3n.<\/span><\/p>\n<p><span style=\"font-weight: 400;\">Fora da reda\u00e7\u00e3o, sua vida melhorou consideravelmente. \"Mudar de carreira me permitiu mudar para uma nova casa, comprar um carro melhor e oferecer mais para meu filho\", acrescentou.<\/span><\/p>\n<p><span style=\"font-weight: 400;\">Depois de deixar o jornalismo, D\u00e9bora Duque seguiu um caminho semelhante. Ela come\u00e7ou a trabalhar como oficial de comunica\u00e7\u00e3o para uma institui\u00e7\u00e3o p\u00fablica no Brasil. Seu principal objetivo era ganhar tempo e reformular sua paix\u00e3o: escrever sobre pol\u00edtica em seu pa\u00eds natal. Hoje ela tem mestrado em Ci\u00eancia Pol\u00edtica e est\u00e1 no doutorado na Universidade Brown nos Estados Unidos.<\/span><\/p>\n<h3><span style=\"font-weight: 400;\">Criando impacto al\u00e9m do jornalismo<\/span><\/h3>\n<p><span style=\"font-weight: 400;\">O rep\u00f3rter brit\u00e2nico <\/span><a href=\"https:\/\/www.linkedin.com\/in\/samdubberley\/\"><span style=\"font-weight: 400;\">Sam Dubberley<\/span><\/a><span style=\"font-weight: 400;\"> seguiu um caminho semelhante. Depois de mais de uma d\u00e9cada trabalhando para a <\/span><a href=\"https:\/\/www.ebu.ch\/home\"><span style=\"font-weight: 400;\">Uni\u00e3o Europeia de Radiodifus\u00e3o (EBU<\/span><\/a><span style=\"font-weight: 400;\">), ele agora atua como diretor-geral na <\/span><a href=\"https:\/\/www.hrw.org\/\"><span style=\"font-weight: 400;\">Human Rights Watch (HRW)<\/span><\/a><span style=\"font-weight: 400;\"> em Berlim. Antes de entrar para a HRW, ele aceitou um convite da Anistia Internacional, onde viu a oportunidade de ter um impacto significativo na sociedade.<\/span><\/p>\n<p><span style=\"font-weight: 400;\">\"Fui promovido a editor-chefe muito rapidamente e muito jovem, e estava muito infeliz nesse cargo de ger\u00eancia\", disse Dubberley. \"Provavelmente estava com burnout. Precisava de uma pausa e de uma mudan\u00e7a de dire\u00e7\u00e3o. Foi ent\u00e3o que me ofereceram uma posi\u00e7\u00e3o na Anistia Internacional. No entanto ainda me sentia muito ligado ao jornalismo e gostava do foco em criar impacto em vez de apenas compartilhar hist\u00f3rias.\"<\/span><\/p>\n<p><span style=\"font-weight: 400;\">Para Corr\u00eaa, o consultor de neg\u00f3cios, o \"glamour\" de uma vida como workaholic no jornalismo pode ser coisa do passado. Algumas empresas ainda podem estar tentando atrair jovens em busca de descobrir um sentido na vida por meio do trabalho. Mas ele acredita que buscar a felicidade exclusivamente atrav\u00e9s do trabalho \u00e9 a f\u00f3rmula perfeita para se tornar infeliz.<\/span><\/p>\n<p><span style=\"font-weight: 400;\">Corr\u00eaa recomenda o que ele chama de \"passion washing\", termo traduz\u00edvel como \u201cbanho de paix\u00e3o\u201d: \"Existem outros motores [na vida de algu\u00e9m] como o crescimento pessoal, a sa\u00fade de seus relacionamentos e a a atividade f\u00edsica. \u2018Quem sou eu?\u2019 e \u2018O que eu quero fazer?\u2019 s\u00e3o perguntas com as quais sempre temos que viver. A chave \u00e9 ter clareza sobre o que voc\u00ea est\u00e1 disposto a aceitar e n\u00e3o abandonar esses outros motores\".<\/span><\/p>\n<h3><span style=\"font-weight: 400;\">Um ex-jornalista ainda \u00e9 um jornalista?<\/span><\/h3>\n<p><span style=\"font-weight: 400;\">No artigo publicado pela BBC, a professora da Universidade de Michigan Erin Cech tamb\u00e9m aborda a quest\u00e3o existencial das carreiras baseadas em paix\u00e3o. \"Se voc\u00ea sair desse emprego, ou a organiza\u00e7\u00e3o [onde trabalha] desaparecer, de repente voc\u00ea corre o risco de perder uma parte central de quem voc\u00ea acha que \u00e9, e isso pode ser devastador\", disse ela.<\/span><\/p>\n<div id=\"attachment_79664\" style=\"width: 360px\" class=\"wp-caption alignleft\"><img loading=\"lazy\" decoding=\"async\" aria-describedby=\"caption-attachment-79664\" class=\"wp-image-79666 size-press\" src=\"https:\/\/latamjournalismreview.org\/wp-content\/uploads\/2023\/09\/Gabriel-Gaspar-350x234.jpg\" alt=\"a man wearing glasses and smiling to the camara\" width=\"350\" height=\"234\" srcset=\"https:\/\/latamjournalismreview.org\/wp-content\/uploads\/2023\/09\/Gabriel-Gaspar-350x234.jpg 350w, https:\/\/latamjournalismreview.org\/wp-content\/uploads\/2023\/09\/Gabriel-Gaspar-507x340.jpg 507w\" sizes=\"auto, (max-width: 350px) 100vw, 350px\" \/><p id=\"caption-attachment-79664\" class=\"wp-caption-text\">O jornalista brasileiro Gabriel Rocha Gaspar<\/p><\/div>\n<p><span style=\"font-weight: 400;\">Rocha Gaspar diz que, apesar da mudan\u00e7a, ele continua a se apresentar como jornalista. \"O fato de eu agora fazer jornalismo apenas como um hobby me liberta do que me tirou da profiss\u00e3o em primeiro lugar\", disse ele. Bur\u00f3n, o jornalista do Panam\u00e1, tamb\u00e9m continua a se apresentar como tal. \"Ser jornalista foi muito gratificante\", disse ele.<\/span><\/p>\n<p><span style=\"font-weight: 400;\">Mas nem todos concordam com Rocha Gaspar e Bur\u00f3n.<\/span><\/p>\n<p><span style=\"font-weight: 400;\">Quinteros, o jornalista da Argentina, diz que ainda preenche \"jornalista\" nos formul\u00e1rios, mas n\u00e3o se sente mais da mesma maneira que sentia no passado. \"N\u00e3o sinto nenhuma nostalgia e n\u00e3o consigo me imaginar de volta a uma reda\u00e7\u00e3o\", afirmou.<\/span><\/p>\n<p><span style=\"font-weight: 400;\">Duque, a jornalista brasileira, se apresenta como algu\u00e9m que \"se formou em jornalismo\" e acredita que a profiss\u00e3o ainda faz parte de sua identidade. Mas ela reconhece que \"o fasc\u00ednio do jornalismo n\u00e3o \u00e9 mais o mesmo\". O feiti\u00e7o se quebrou.<\/span><\/p>\n","protected":false},"excerpt":{"rendered":"<p>O Instituto Reuters entrevistou jornalistas que decidiram deixar a profiss\u00e3o devido a baixos sal\u00e1rios, censura corporativa e esgotamento profissional. Alguns deles est\u00e3o se reinventando em campos como a pol\u00edtica ou a comunica\u00e7\u00e3o corporativa. Para eles, o encanto e a paix\u00e3o pelo jornalismo minguaram.<\/p>\n","protected":false},"author":17,"featured_media":79674,"comment_status":"closed","ping_status":"closed","sticky":false,"template":"","format":"standard","meta":{"inline_featured_image":false,"footnotes":""},"categories":[1667],"tags":[],"coauthors":[],"class_list":["post-79759","post","type-post","status-publish","format-standard","has-post-thumbnail","hentry","category-mercado-de-trabalho"],"acf":[],"yoast_head":"<!-- This site is optimized with the Yoast SEO Premium plugin v22.6 (Yoast SEO v27.4) - https:\/\/yoast.com\/product\/yoast-seo-premium-wordpress\/ -->\n<title>O feiti\u00e7o se quebrou: Cinco jornalistas com burnout contam por que deixaram seus empregos dos sonhos - LatAm Journalism Review by the Knight Center<\/title>\n<meta name=\"description\" content=\"O feiti\u00e7o se quebrou: Cinco jornalistas com burnout contam por que deixaram seus empregos dos sonhos Mercado de trabalho. Latin American Journalism Review by The Knight Center at The University of Texas at Austin.\" \/>\n<meta name=\"robots\" content=\"index, follow, max-snippet:-1, max-image-preview:large, max-video-preview:-1\" \/>\n<link rel=\"canonical\" href=\"https:\/\/latamjournalismreview.org\/pt-br\/articles\/o-feitico-se-quebrou-cinco-jornalistas-com-burnout-contam-por-que-deixaram-seus-empregos-dos-sonhos\/\" \/>\n<meta property=\"og:locale\" content=\"pt_BR\" \/>\n<meta property=\"og:type\" content=\"article\" \/>\n<meta property=\"og:title\" content=\"O feiti\u00e7o se quebrou: Cinco jornalistas com burnout contam por que deixaram seus empregos dos sonhos\" \/>\n<meta property=\"og:description\" content=\"O feiti\u00e7o se quebrou: Cinco jornalistas com burnout contam por que deixaram seus empregos dos sonhos Mercado de trabalho. Latin American Journalism Review by The Knight Center at The University of Texas at Austin.\" \/>\n<meta property=\"og:url\" content=\"https:\/\/latamjournalismreview.org\/pt-br\/articles\/o-feitico-se-quebrou-cinco-jornalistas-com-burnout-contam-por-que-deixaram-seus-empregos-dos-sonhos\/\" \/>\n<meta property=\"og:site_name\" content=\"LatAm Journalism Review by the Knight Center\" \/>\n<meta property=\"article:published_time\" content=\"2023-09-13T01:12:53+00:00\" \/>\n<meta property=\"article:modified_time\" content=\"2023-09-13T01:14:08+00:00\" \/>\n<meta property=\"og:image\" content=\"https:\/\/latamjournalismreview.org\/wp-content\/uploads\/2023\/09\/Featuredreutersstory.png\" \/>\n\t<meta property=\"og:image:width\" content=\"507\" \/>\n\t<meta property=\"og:image:height\" content=\"340\" \/>\n\t<meta property=\"og:image:type\" content=\"image\/png\" \/>\n<meta name=\"author\" content=\"Guest\" \/>\n<meta name=\"twitter:card\" content=\"summary_large_image\" \/>\n<meta name=\"twitter:creator\" content=\"@LatAmJournalism\" \/>\n<meta name=\"twitter:site\" content=\"@LatAmJournalism\" \/>\n<meta name=\"twitter:label1\" content=\"Written by\" \/>\n\t<meta name=\"twitter:data1\" content=\"Guest\" \/>\n\t<meta name=\"twitter:label2\" content=\"Est. reading time\" \/>\n\t<meta name=\"twitter:data2\" content=\"9 minutos\" \/>\n<script type=\"application\/ld+json\" class=\"yoast-schema-graph\">{\"@context\":\"https:\\\/\\\/schema.org\",\"@graph\":[{\"@type\":\"Article\",\"@id\":\"https:\\\/\\\/latamjournalismreview.org\\\/pt-br\\\/articles\\\/o-feitico-se-quebrou-cinco-jornalistas-com-burnout-contam-por-que-deixaram-seus-empregos-dos-sonhos\\\/#article\",\"isPartOf\":{\"@id\":\"https:\\\/\\\/latamjournalismreview.org\\\/pt-br\\\/articles\\\/o-feitico-se-quebrou-cinco-jornalistas-com-burnout-contam-por-que-deixaram-seus-empregos-dos-sonhos\\\/\"},\"author\":{\"name\":\"Guest\",\"@id\":\"https:\\\/\\\/latamjournalismreview.org\\\/pt-br\\\/#\\\/schema\\\/person\\\/0315202e0b3c0963a2440f1c3012c360\"},\"headline\":\"O feiti\u00e7o se quebrou: Cinco jornalistas com burnout contam por que deixaram seus empregos dos sonhos\",\"datePublished\":\"2023-09-13T01:12:53+00:00\",\"dateModified\":\"2023-09-13T01:14:08+00:00\",\"mainEntityOfPage\":{\"@id\":\"https:\\\/\\\/latamjournalismreview.org\\\/pt-br\\\/articles\\\/o-feitico-se-quebrou-cinco-jornalistas-com-burnout-contam-por-que-deixaram-seus-empregos-dos-sonhos\\\/\"},\"wordCount\":1796,\"publisher\":{\"@id\":\"https:\\\/\\\/latamjournalismreview.org\\\/pt-br\\\/#organization\"},\"image\":{\"@id\":\"https:\\\/\\\/latamjournalismreview.org\\\/pt-br\\\/articles\\\/o-feitico-se-quebrou-cinco-jornalistas-com-burnout-contam-por-que-deixaram-seus-empregos-dos-sonhos\\\/#primaryimage\"},\"thumbnailUrl\":\"https:\\\/\\\/latamjournalismreview.org\\\/wp-content\\\/uploads\\\/2023\\\/09\\\/Featuredreutersstory.png\",\"articleSection\":[\"Mercado de trabalho\"],\"inLanguage\":\"pt-BR\"},{\"@type\":\"WebPage\",\"@id\":\"https:\\\/\\\/latamjournalismreview.org\\\/pt-br\\\/articles\\\/o-feitico-se-quebrou-cinco-jornalistas-com-burnout-contam-por-que-deixaram-seus-empregos-dos-sonhos\\\/\",\"url\":\"https:\\\/\\\/latamjournalismreview.org\\\/pt-br\\\/articles\\\/o-feitico-se-quebrou-cinco-jornalistas-com-burnout-contam-por-que-deixaram-seus-empregos-dos-sonhos\\\/\",\"name\":\"O feiti\u00e7o se quebrou: Cinco jornalistas com burnout contam por que deixaram seus empregos dos sonhos - LatAm Journalism Review by the Knight Center\",\"isPartOf\":{\"@id\":\"https:\\\/\\\/latamjournalismreview.org\\\/pt-br\\\/#website\"},\"primaryImageOfPage\":{\"@id\":\"https:\\\/\\\/latamjournalismreview.org\\\/pt-br\\\/articles\\\/o-feitico-se-quebrou-cinco-jornalistas-com-burnout-contam-por-que-deixaram-seus-empregos-dos-sonhos\\\/#primaryimage\"},\"image\":{\"@id\":\"https:\\\/\\\/latamjournalismreview.org\\\/pt-br\\\/articles\\\/o-feitico-se-quebrou-cinco-jornalistas-com-burnout-contam-por-que-deixaram-seus-empregos-dos-sonhos\\\/#primaryimage\"},\"thumbnailUrl\":\"https:\\\/\\\/latamjournalismreview.org\\\/wp-content\\\/uploads\\\/2023\\\/09\\\/Featuredreutersstory.png\",\"datePublished\":\"2023-09-13T01:12:53+00:00\",\"dateModified\":\"2023-09-13T01:14:08+00:00\",\"description\":\"O feiti\u00e7o se quebrou: Cinco jornalistas com burnout contam por que deixaram seus empregos dos sonhos Mercado de trabalho. Latin American Journalism Review by The Knight Center at The University of Texas at Austin.\",\"breadcrumb\":{\"@id\":\"https:\\\/\\\/latamjournalismreview.org\\\/pt-br\\\/articles\\\/o-feitico-se-quebrou-cinco-jornalistas-com-burnout-contam-por-que-deixaram-seus-empregos-dos-sonhos\\\/#breadcrumb\"},\"inLanguage\":\"pt-BR\",\"potentialAction\":[{\"@type\":\"ReadAction\",\"target\":[\"https:\\\/\\\/latamjournalismreview.org\\\/pt-br\\\/articles\\\/o-feitico-se-quebrou-cinco-jornalistas-com-burnout-contam-por-que-deixaram-seus-empregos-dos-sonhos\\\/\"]}]},{\"@type\":\"ImageObject\",\"inLanguage\":\"pt-BR\",\"@id\":\"https:\\\/\\\/latamjournalismreview.org\\\/pt-br\\\/articles\\\/o-feitico-se-quebrou-cinco-jornalistas-com-burnout-contam-por-que-deixaram-seus-empregos-dos-sonhos\\\/#primaryimage\",\"url\":\"https:\\\/\\\/latamjournalismreview.org\\\/wp-content\\\/uploads\\\/2023\\\/09\\\/Featuredreutersstory.png\",\"contentUrl\":\"https:\\\/\\\/latamjournalismreview.org\\\/wp-content\\\/uploads\\\/2023\\\/09\\\/Featuredreutersstory.png\",\"width\":507,\"height\":340,\"caption\":\"Black Letters surrounded with Office Supplies and Crumpled Papers\"},{\"@type\":\"BreadcrumbList\",\"@id\":\"https:\\\/\\\/latamjournalismreview.org\\\/pt-br\\\/articles\\\/o-feitico-se-quebrou-cinco-jornalistas-com-burnout-contam-por-que-deixaram-seus-empregos-dos-sonhos\\\/#breadcrumb\",\"itemListElement\":[{\"@type\":\"ListItem\",\"position\":1,\"name\":\"Home\",\"item\":\"https:\\\/\\\/latamjournalismreview.org\\\/pt-br\\\/\"},{\"@type\":\"ListItem\",\"position\":2,\"name\":\"O feiti\u00e7o se quebrou: Cinco jornalistas com burnout contam por que deixaram seus empregos dos sonhos\"}]},{\"@type\":\"WebSite\",\"@id\":\"https:\\\/\\\/latamjournalismreview.org\\\/pt-br\\\/#website\",\"url\":\"https:\\\/\\\/latamjournalismreview.org\\\/pt-br\\\/\",\"name\":\"LatAm Journalism Review\",\"description\":\"Digital magazine on journalism in Latin America\",\"publisher\":{\"@id\":\"https:\\\/\\\/latamjournalismreview.org\\\/pt-br\\\/#organization\"},\"potentialAction\":[{\"@type\":\"SearchAction\",\"target\":{\"@type\":\"EntryPoint\",\"urlTemplate\":\"https:\\\/\\\/latamjournalismreview.org\\\/pt-br\\\/?s={search_term_string}\"},\"query-input\":{\"@type\":\"PropertyValueSpecification\",\"valueRequired\":true,\"valueName\":\"search_term_string\"}}],\"inLanguage\":\"pt-BR\"},{\"@type\":\"Organization\",\"@id\":\"https:\\\/\\\/latamjournalismreview.org\\\/pt-br\\\/#organization\",\"name\":\"LatAm Journalism Review\",\"url\":\"https:\\\/\\\/latamjournalismreview.org\\\/pt-br\\\/\",\"logo\":{\"@type\":\"ImageObject\",\"inLanguage\":\"pt-BR\",\"@id\":\"https:\\\/\\\/latamjournalismreview.org\\\/pt-br\\\/#\\\/schema\\\/logo\\\/image\\\/\",\"url\":\"https:\\\/\\\/latamjournalismreview.org\\\/wp-content\\\/uploads\\\/2020\\\/05\\\/knight-latAm-review-logo.svg\",\"contentUrl\":\"https:\\\/\\\/latamjournalismreview.org\\\/wp-content\\\/uploads\\\/2020\\\/05\\\/knight-latAm-review-logo.svg\",\"width\":\"1024\",\"height\":\"1024\",\"caption\":\"LatAm Journalism Review\"},\"image\":{\"@id\":\"https:\\\/\\\/latamjournalismreview.org\\\/pt-br\\\/#\\\/schema\\\/logo\\\/image\\\/\"},\"sameAs\":[\"https:\\\/\\\/x.com\\\/LatAmJournalism\"]},{\"@type\":\"Person\",\"@id\":\"https:\\\/\\\/latamjournalismreview.org\\\/pt-br\\\/#\\\/schema\\\/person\\\/0315202e0b3c0963a2440f1c3012c360\",\"name\":\"Guest\",\"url\":\"https:\\\/\\\/latamjournalismreview.org\\\/pt-br\\\/articles\\\/author\\\/guest\\\/\"}]}<\/script>\n<!-- \/ Yoast SEO Premium plugin. -->","yoast_head_json":{"title":"O feiti\u00e7o se quebrou: Cinco jornalistas com burnout contam por que deixaram seus empregos dos sonhos - LatAm Journalism Review by the Knight Center","description":"O feiti\u00e7o se quebrou: Cinco jornalistas com burnout contam por que deixaram seus empregos dos sonhos Mercado de trabalho. Latin American Journalism Review by The Knight Center at The University of Texas at Austin.","robots":{"index":"index","follow":"follow","max-snippet":"max-snippet:-1","max-image-preview":"max-image-preview:large","max-video-preview":"max-video-preview:-1"},"canonical":"https:\/\/latamjournalismreview.org\/pt-br\/articles\/o-feitico-se-quebrou-cinco-jornalistas-com-burnout-contam-por-que-deixaram-seus-empregos-dos-sonhos\/","og_locale":"pt_BR","og_type":"article","og_title":"O feiti\u00e7o se quebrou: Cinco jornalistas com burnout contam por que deixaram seus empregos dos sonhos","og_description":"O feiti\u00e7o se quebrou: Cinco jornalistas com burnout contam por que deixaram seus empregos dos sonhos Mercado de trabalho. Latin American Journalism Review by The Knight Center at The University of Texas at Austin.","og_url":"https:\/\/latamjournalismreview.org\/pt-br\/articles\/o-feitico-se-quebrou-cinco-jornalistas-com-burnout-contam-por-que-deixaram-seus-empregos-dos-sonhos\/","og_site_name":"LatAm Journalism Review by the Knight Center","article_published_time":"2023-09-13T01:12:53+00:00","article_modified_time":"2023-09-13T01:14:08+00:00","og_image":[{"width":507,"height":340,"url":"https:\/\/latamjournalismreview.org\/wp-content\/uploads\/2023\/09\/Featuredreutersstory.png","type":"image\/png"}],"author":"Guest","twitter_card":"summary_large_image","twitter_creator":"@LatAmJournalism","twitter_site":"@LatAmJournalism","twitter_misc":{"Written by":"Guest","Est. reading time":"9 minutos"},"schema":{"@context":"https:\/\/schema.org","@graph":[{"@type":"Article","@id":"https:\/\/latamjournalismreview.org\/pt-br\/articles\/o-feitico-se-quebrou-cinco-jornalistas-com-burnout-contam-por-que-deixaram-seus-empregos-dos-sonhos\/#article","isPartOf":{"@id":"https:\/\/latamjournalismreview.org\/pt-br\/articles\/o-feitico-se-quebrou-cinco-jornalistas-com-burnout-contam-por-que-deixaram-seus-empregos-dos-sonhos\/"},"author":{"name":"Guest","@id":"https:\/\/latamjournalismreview.org\/pt-br\/#\/schema\/person\/0315202e0b3c0963a2440f1c3012c360"},"headline":"O feiti\u00e7o se quebrou: Cinco jornalistas com burnout contam por que deixaram seus empregos dos sonhos","datePublished":"2023-09-13T01:12:53+00:00","dateModified":"2023-09-13T01:14:08+00:00","mainEntityOfPage":{"@id":"https:\/\/latamjournalismreview.org\/pt-br\/articles\/o-feitico-se-quebrou-cinco-jornalistas-com-burnout-contam-por-que-deixaram-seus-empregos-dos-sonhos\/"},"wordCount":1796,"publisher":{"@id":"https:\/\/latamjournalismreview.org\/pt-br\/#organization"},"image":{"@id":"https:\/\/latamjournalismreview.org\/pt-br\/articles\/o-feitico-se-quebrou-cinco-jornalistas-com-burnout-contam-por-que-deixaram-seus-empregos-dos-sonhos\/#primaryimage"},"thumbnailUrl":"https:\/\/latamjournalismreview.org\/wp-content\/uploads\/2023\/09\/Featuredreutersstory.png","articleSection":["Mercado de trabalho"],"inLanguage":"pt-BR"},{"@type":"WebPage","@id":"https:\/\/latamjournalismreview.org\/pt-br\/articles\/o-feitico-se-quebrou-cinco-jornalistas-com-burnout-contam-por-que-deixaram-seus-empregos-dos-sonhos\/","url":"https:\/\/latamjournalismreview.org\/pt-br\/articles\/o-feitico-se-quebrou-cinco-jornalistas-com-burnout-contam-por-que-deixaram-seus-empregos-dos-sonhos\/","name":"O feiti\u00e7o se quebrou: Cinco jornalistas com burnout contam por que deixaram seus empregos dos sonhos - LatAm Journalism Review by the Knight Center","isPartOf":{"@id":"https:\/\/latamjournalismreview.org\/pt-br\/#website"},"primaryImageOfPage":{"@id":"https:\/\/latamjournalismreview.org\/pt-br\/articles\/o-feitico-se-quebrou-cinco-jornalistas-com-burnout-contam-por-que-deixaram-seus-empregos-dos-sonhos\/#primaryimage"},"image":{"@id":"https:\/\/latamjournalismreview.org\/pt-br\/articles\/o-feitico-se-quebrou-cinco-jornalistas-com-burnout-contam-por-que-deixaram-seus-empregos-dos-sonhos\/#primaryimage"},"thumbnailUrl":"https:\/\/latamjournalismreview.org\/wp-content\/uploads\/2023\/09\/Featuredreutersstory.png","datePublished":"2023-09-13T01:12:53+00:00","dateModified":"2023-09-13T01:14:08+00:00","description":"O feiti\u00e7o se quebrou: Cinco jornalistas com burnout contam por que deixaram seus empregos dos sonhos Mercado de trabalho. Latin American Journalism Review by The Knight Center at The University of Texas at Austin.","breadcrumb":{"@id":"https:\/\/latamjournalismreview.org\/pt-br\/articles\/o-feitico-se-quebrou-cinco-jornalistas-com-burnout-contam-por-que-deixaram-seus-empregos-dos-sonhos\/#breadcrumb"},"inLanguage":"pt-BR","potentialAction":[{"@type":"ReadAction","target":["https:\/\/latamjournalismreview.org\/pt-br\/articles\/o-feitico-se-quebrou-cinco-jornalistas-com-burnout-contam-por-que-deixaram-seus-empregos-dos-sonhos\/"]}]},{"@type":"ImageObject","inLanguage":"pt-BR","@id":"https:\/\/latamjournalismreview.org\/pt-br\/articles\/o-feitico-se-quebrou-cinco-jornalistas-com-burnout-contam-por-que-deixaram-seus-empregos-dos-sonhos\/#primaryimage","url":"https:\/\/latamjournalismreview.org\/wp-content\/uploads\/2023\/09\/Featuredreutersstory.png","contentUrl":"https:\/\/latamjournalismreview.org\/wp-content\/uploads\/2023\/09\/Featuredreutersstory.png","width":507,"height":340,"caption":"Black Letters surrounded with Office Supplies and Crumpled Papers"},{"@type":"BreadcrumbList","@id":"https:\/\/latamjournalismreview.org\/pt-br\/articles\/o-feitico-se-quebrou-cinco-jornalistas-com-burnout-contam-por-que-deixaram-seus-empregos-dos-sonhos\/#breadcrumb","itemListElement":[{"@type":"ListItem","position":1,"name":"Home","item":"https:\/\/latamjournalismreview.org\/pt-br\/"},{"@type":"ListItem","position":2,"name":"O feiti\u00e7o se quebrou: Cinco jornalistas com burnout contam por que deixaram seus empregos dos sonhos"}]},{"@type":"WebSite","@id":"https:\/\/latamjournalismreview.org\/pt-br\/#website","url":"https:\/\/latamjournalismreview.org\/pt-br\/","name":"LatAm Journalism Review","description":"Digital magazine on journalism in Latin America","publisher":{"@id":"https:\/\/latamjournalismreview.org\/pt-br\/#organization"},"potentialAction":[{"@type":"SearchAction","target":{"@type":"EntryPoint","urlTemplate":"https:\/\/latamjournalismreview.org\/pt-br\/?s={search_term_string}"},"query-input":{"@type":"PropertyValueSpecification","valueRequired":true,"valueName":"search_term_string"}}],"inLanguage":"pt-BR"},{"@type":"Organization","@id":"https:\/\/latamjournalismreview.org\/pt-br\/#organization","name":"LatAm Journalism Review","url":"https:\/\/latamjournalismreview.org\/pt-br\/","logo":{"@type":"ImageObject","inLanguage":"pt-BR","@id":"https:\/\/latamjournalismreview.org\/pt-br\/#\/schema\/logo\/image\/","url":"https:\/\/latamjournalismreview.org\/wp-content\/uploads\/2020\/05\/knight-latAm-review-logo.svg","contentUrl":"https:\/\/latamjournalismreview.org\/wp-content\/uploads\/2020\/05\/knight-latAm-review-logo.svg","width":"1024","height":"1024","caption":"LatAm Journalism Review"},"image":{"@id":"https:\/\/latamjournalismreview.org\/pt-br\/#\/schema\/logo\/image\/"},"sameAs":["https:\/\/x.com\/LatAmJournalism"]},{"@type":"Person","@id":"https:\/\/latamjournalismreview.org\/pt-br\/#\/schema\/person\/0315202e0b3c0963a2440f1c3012c360","name":"Guest","url":"https:\/\/latamjournalismreview.org\/pt-br\/articles\/author\/guest\/"}]}},"_links":{"self":[{"href":"https:\/\/latamjournalismreview.org\/pt-br\/wp-json\/wp\/v2\/posts\/79759","targetHints":{"allow":["GET"]}}],"collection":[{"href":"https:\/\/latamjournalismreview.org\/pt-br\/wp-json\/wp\/v2\/posts"}],"about":[{"href":"https:\/\/latamjournalismreview.org\/pt-br\/wp-json\/wp\/v2\/types\/post"}],"author":[{"embeddable":true,"href":"https:\/\/latamjournalismreview.org\/pt-br\/wp-json\/wp\/v2\/users\/17"}],"replies":[{"embeddable":true,"href":"https:\/\/latamjournalismreview.org\/pt-br\/wp-json\/wp\/v2\/comments?post=79759"}],"version-history":[{"count":2,"href":"https:\/\/latamjournalismreview.org\/pt-br\/wp-json\/wp\/v2\/posts\/79759\/revisions"}],"predecessor-version":[{"id":79761,"href":"https:\/\/latamjournalismreview.org\/pt-br\/wp-json\/wp\/v2\/posts\/79759\/revisions\/79761"}],"wp:featuredmedia":[{"embeddable":true,"href":"https:\/\/latamjournalismreview.org\/pt-br\/wp-json\/wp\/v2\/media\/79674"}],"wp:attachment":[{"href":"https:\/\/latamjournalismreview.org\/pt-br\/wp-json\/wp\/v2\/media?parent=79759"}],"wp:term":[{"taxonomy":"category","embeddable":true,"href":"https:\/\/latamjournalismreview.org\/pt-br\/wp-json\/wp\/v2\/categories?post=79759"},{"taxonomy":"post_tag","embeddable":true,"href":"https:\/\/latamjournalismreview.org\/pt-br\/wp-json\/wp\/v2\/tags?post=79759"},{"taxonomy":"author","embeddable":true,"href":"https:\/\/latamjournalismreview.org\/pt-br\/wp-json\/wp\/v2\/coauthors?post=79759"}],"curies":[{"name":"wp","href":"https:\/\/api.w.org\/{rel}","templated":true}]}}