{"id":80388,"date":"2023-09-29T13:17:09","date_gmt":"2023-09-29T18:17:09","guid":{"rendered":"https:\/\/latamjournalismreview.org\/?p=80388"},"modified":"2023-09-29T13:19:02","modified_gmt":"2023-09-29T18:19:02","slug":"cobertura-midiatica-sobre-migracao-no-uruguai-associa-fenomeno-a-conflitos-e-falta-de-controle-segundo-pesquisadores","status":"publish","type":"post","link":"https:\/\/latamjournalismreview.org\/pt-br\/articles\/cobertura-midiatica-sobre-migracao-no-uruguai-associa-fenomeno-a-conflitos-e-falta-de-controle-segundo-pesquisadores\/","title":{"rendered":"Cobertura midi\u00e1tica sobre migra\u00e7\u00e3o no Uruguai associa fen\u00f4meno a conflitos e falta de controle, segundo pesquisadores"},"content":{"rendered":"<p dir=\"ltr\">Depois de examinar mais de 1.200 not\u00edcias sobre migra\u00e7\u00e3o humana em meios de comunica\u00e7\u00e3o uruguaios, dois pesquisadores do observat\u00f3rio de m\u00eddia\u00a0<a href=\"https:\/\/migramedios.com.uy\/\" target=\"_blank\" rel=\"noopener noreferrer\"><u>MigraMedios<\/u><\/a> descobriram que a maioria das not\u00edcias se concentra nos aspectos negativos do fen\u00f4meno da migra\u00e7\u00e3o, fazendo associa\u00e7\u00f5es com problemas e conflitos.<\/p>\n<p dir=\"ltr\">Ao examinar as manchetes das not\u00edcias, o pesquisador e professor Mauricio Olivera descobriu que as principais met\u00e1foras usadas para falar sobre migra\u00e7\u00e3o est\u00e3o relacionadas a \u00e1gua, guerra, \u00e1rvores e animais.<\/p>\n<p dir=\"ltr\">\"Todas imagens que nos convidam a estar atentos a um fen\u00f4meno que tende \u00e0 desordem e \u00e0 falta de controle\",\u00a0<a href=\"https:\/\/migramedios.com.uy\/index.php\/prensa-titulares-y-metaforas-rios-de-tinta-corren-sobre-el-fenomeno-migratorio-en-uruguay\/\" target=\"_blank\" rel=\"noopener noreferrer\"><u>explicaram Olivera e a pesquisadora Pilar Uriarte<\/u><\/a> em sua recente pesquisa, na qual analisaram not\u00edcias sobre migra\u00e7\u00e3o humana nos seis meios de comunica\u00e7\u00e3o impressos mais lidos no Uruguai de 2014 a 2020.<\/p>\n<p dir=\"ltr\">Al\u00e9m do fato de que as contribui\u00e7\u00f5es positivas da migra\u00e7\u00e3o, como os aspectos sociais e culturais, n\u00e3o s\u00e3o consideradas na m\u00eddia, Olivera disse que\u00a0<a href=\"https:\/\/latamjournalismreview.org\/es\/articles\/periodistas-deben-ser-conscientes-de-sus-propios-prejuicios-cuando-cubren-migracion-panelistas-de-conferencia-sobre-diversidad-del-centro-knight\/\" target=\"_blank\" rel=\"noopener noreferrer\"><u>o fen\u00f4meno tamb\u00e9m n\u00e3o \u00e9 analisado em profundidade<\/u><\/a>.<\/p>\n<p dir=\"ltr\">O pesquisador tamb\u00e9m alertou que, em geral, isso acontece porque jornalistas trabalham em altos n\u00edveis de precariedade e porque\u00a0<a href=\"https:\/\/latamjournalismreview.org\/es\/articles\/la-migracion-debe-cubrirse-desde-angulos-que-ayuden-a-desestigmatizar-a-las-personas-en-movilidad-dicen-expertas-en-seminario-web\/\" target=\"_blank\" rel=\"noopener noreferrer\"><u>n\u00e3o t\u00eam as ferramentas ou a consci\u00eancia para lidar com o tratamento jornal\u00edstico<\/u><\/a> desse fen\u00f4meno.<\/p>\n<h3 id=\"ed158ce3fba553fb462e7923a90e1a846\" dir=\"ltr\">Seguindo as manchetes<\/h3>\n<p dir=\"ltr\">Olivera e Uriarte apresentaram os resultados de sua pesquisa em 1\u00ba de setembro na sede da organiza\u00e7\u00e3o Idas y Vueltas em Montevid\u00e9u.<\/p>\n<div id=\"attachment_80378\" style=\"width: 460px\" class=\"wp-caption alignright\"><img loading=\"lazy\" decoding=\"async\" aria-describedby=\"caption-attachment-80378\" class=\"wp-image-80379\" src=\"https:\/\/latamjournalismreview.org\/wp-content\/uploads\/2023\/09\/9-300x201.png\" alt=\"Woman with glasses and scarf looks at the camera. She's a researcher who specializes in migration and media.\" width=\"450\" height=\"302\" srcset=\"https:\/\/latamjournalismreview.org\/wp-content\/uploads\/2023\/09\/9-300x201.png 300w, https:\/\/latamjournalismreview.org\/wp-content\/uploads\/2023\/09\/9.png 507w, https:\/\/latamjournalismreview.org\/wp-content\/uploads\/2023\/09\/9-350x234.png 350w\" sizes=\"auto, (max-width: 450px) 100vw, 450px\" \/><p id=\"caption-attachment-80378\" class=\"wp-caption-text\"><span style=\"font-weight: 400;\">A professora e pesquisadora uruguaia Pilar Uriarte (Cortesia \/ Alessandro Maradei) <\/span><\/p><\/div>\n<p dir=\"ltr\">Ambos os pesquisadores se dedicam a estudar o fen\u00f4meno da migra\u00e7\u00e3o em um pa\u00eds que transformou profundamente sua din\u00e2mica de mobilidade humana nas \u00faltimas d\u00e9cadas.<\/p>\n<p dir=\"ltr\">O\u00a0<a href=\"https:\/\/migramedios.com.uy\/index.php\/bbdd\/\" target=\"_blank\" rel=\"noopener noreferrer\"><u>reposit\u00f3rio de not\u00edcias relacionadas \u00e0 mobilidade humana<\/u><\/a> do MigraMedios data de 2014.<\/p>\n<p dir=\"ltr\">Depois de analisar 1.224 not\u00edcias dos meios de comunica\u00e7\u00e3o El Pa\u00eds, El Observador, B\u00fasqueda, La Diaria, Caras y Caretas e Brecha, eles descobriram que o jornal El Pa\u00eds foi o que mais publicou artigos sobre migra\u00e7\u00e3o (44%). Em termos de g\u00eanero jornal\u00edstico, artigos ou informa\u00e7\u00f5es (78%) prevaleceram sobre os demais.<\/p>\n<p dir=\"ltr\"><a href=\"https:\/\/migramedios.com.uy\/index.php\/analisis1920\/\" target=\"_blank\" rel=\"noopener noreferrer\"><u>A pesquisa mostra<\/u><\/a> que 2015 e 2016 foram os anos com o maior n\u00famero de not\u00edcias relacionadas ao fen\u00f4meno da migra\u00e7\u00e3o, devido \u00e0 cobertura da chegada de fam\u00edlias s\u00edrias e das pessoas detidas em Guant\u00e1namo. Em 2016 e 2017, o n\u00famero de not\u00edcias aumentou devido a\u00a0<a href=\"https:\/\/www.elobservador.com.uy\/nota\/refugiados-sirios-quienes-son-y-por-que-se-quieren-ir-de-uruguay-201591010540\" target=\"_blank\" rel=\"noopener noreferrer\"><u>conflitos entre benefici\u00e1rios de esquemas de reassentamento e as autoridades<\/u><\/a>.<\/p>\n<p dir=\"ltr\">Depois, entre 2017 e 2018, houve uma diminui\u00e7\u00e3o significativa no n\u00famero de not\u00edcias sobre migra\u00e7\u00e3o no pa\u00eds, mas a cobertura da migra\u00e7\u00e3o latino-americana foi predominante. Em 2019, a constru\u00e7\u00e3o das not\u00edcias se baseia em quest\u00f5es de moradia e documenta\u00e7\u00e3o.<\/p>\n<p dir=\"ltr\">Para 2020, e com a pandemia da Covid-19, mostram que houve um aumento na cobertura jornal\u00edstica sobre mobilidade humana, devido \u00e0 entrada de pessoas pelas fronteiras com a Argentina e o Brasil e ao impulso dado pelo governo \u00e0 chegada de cidad\u00e3os argentinos, explicam no\u00a0<a href=\"https:\/\/migramedios.com.uy\/index.php\/analisis1920\/\" target=\"_blank\" rel=\"noopener noreferrer\"><u>site MigraMedios<\/u><\/a>.<\/p>\n<h3 id=\"e9ea04c33915f04bdfbceeef3a935129a\" dir=\"ltr\">Met\u00e1foras e narrativas sobre migra\u00e7\u00e3o na m\u00eddia<\/h3>\n<p dir=\"ltr\">Nas \u00faltimas d\u00e9cadas, o Uruguai\u00a0<a href=\"https:\/\/migramedios.com.uy\/index.php\/contexto\/\" target=\"_blank\" rel=\"noopener noreferrer\"><u>deixou de ser um pa\u00eds de origem para se tornar um pa\u00eds de tr\u00e2nsito<\/u><\/a> e assentamento de popula\u00e7\u00f5es migrantes e refugiadas.<\/p>\n<p dir=\"ltr\">Embora a principal origem dos estrangeiros no pa\u00eds tenha sido tradicionalmente a Argentina e o Brasil, desde 2013 houve um aumento da popula\u00e7\u00e3o de outros pa\u00edses latino-americanos, como Rep\u00fablica Dominicana, Cuba e Venezuela.<\/p>\n<p dir=\"ltr\">Em 2017, a popula\u00e7\u00e3o venezuelana chegou a superar a popula\u00e7\u00e3o argentina no n\u00famero de resid\u00eancias concedidas. Conforme detalhado no\u00a0<a href=\"https:\/\/migramedios.com.uy\/index.php\/contexto\/\" target=\"_blank\" rel=\"noopener noreferrer\"><u>site do projeto<\/u><\/a>, essas novas tend\u00eancias migrat\u00f3rias t\u00eam gerado desafios para \"garantir condi\u00e7\u00f5es adequadas para o exerc\u00edcio dos direitos garantidos na Lei de Migra\u00e7\u00e3o\", como acesso \u00e0 moradia, sa\u00fade, educa\u00e7\u00e3o e trabalho em condi\u00e7\u00f5es dignas.<\/p>\n<div id=\"attachment_80375\" style=\"width: 460px\" class=\"wp-caption alignleft\"><img loading=\"lazy\" decoding=\"async\" aria-describedby=\"caption-attachment-80375\" class=\"wp-image-80376\" src=\"https:\/\/latamjournalismreview.org\/wp-content\/uploads\/2023\/09\/10-300x201.png\" alt=\"Man with dark hair stands next tot a dark wall and looks at the camera, hands in his pockets. He specializes in migration and media. \" width=\"450\" height=\"302\" srcset=\"https:\/\/latamjournalismreview.org\/wp-content\/uploads\/2023\/09\/10-300x201.png 300w, https:\/\/latamjournalismreview.org\/wp-content\/uploads\/2023\/09\/10.png 507w, https:\/\/latamjournalismreview.org\/wp-content\/uploads\/2023\/09\/10-350x234.png 350w\" sizes=\"auto, (max-width: 450px) 100vw, 450px\" \/><p id=\"caption-attachment-80375\" class=\"wp-caption-text\"><span style=\"font-weight: 400;\">O professor e pesquisador uruguaio Mauricio Olivera. (Cortesia)<\/span><\/p><\/div>\n<p dir=\"ltr\">Naturalmente, esses desafios s\u00e3o detectados pela imprensa e s\u00e3o fonte de not\u00edcias, artigos, colunas editoriais e opini\u00f5es de jornalistas. Nesse sentido, o observat\u00f3rio busca analisar como a m\u00eddia uruguaia constr\u00f3i narrativas sobre a migra\u00e7\u00e3o. De acordo com Pilar Uriarte, a m\u00eddia influencia as pol\u00edticas de migra\u00e7\u00e3o dos pa\u00edses e os discursos sociais sobre o fen\u00f4meno.<\/p>\n<p dir=\"ltr\">Na apresenta\u00e7\u00e3o da pesquisa, Olivera explicou que a an\u00e1lise das not\u00edcias sobre migra\u00e7\u00e3o se baseia principalmente nas manchetes, porque elas desempenham \"um papel fundamental\" na apresenta\u00e7\u00e3o das not\u00edcias e \"\u00e9 a informa\u00e7\u00e3o com a qual a maioria dos leitores fica\".<\/p>\n<p dir=\"ltr\">Com rela\u00e7\u00e3o \u00e0 met\u00e1fora,\u00a0<a href=\"https:\/\/migramedios.com.uy\/index.php\/prensa-titulares-y-metaforas-rios-de-tinta-corren-sobre-el-fenomeno-migratorio-en-uruguay\/\" target=\"_blank\" rel=\"noopener noreferrer\"><u>os pesquisadores disseram<\/u><\/a> que ela \u00e9 um recurso por meio do qual se argumenta, molda e constr\u00f3i \"um conjunto de s\u00edmbolos coletivos que estabelecem estruturas cognitivas e interpretativas na opini\u00e3o p\u00fablica sobre o fen\u00f4meno da migra\u00e7\u00e3o no Uruguai\".<\/p>\n<p dir=\"ltr\">As principais met\u00e1foras usadas para falar sobre migra\u00e7\u00e3o, de acordo com Olivera, s\u00e3o aquelas relacionadas \u00e0 \u00e1gua (corrente, onda, torrente, avalanche); met\u00e1foras de guerra (invas\u00e3o, conquista, hostilidade); met\u00e1foras fitom\u00f3rficas (como a \u00e1rvore, com suas ra\u00edzes e desenraizamento); e met\u00e1foras zoom\u00f3rficas (como p\u00e1ssaros, referindo-se ao nomadismo e ao movimento permanente).<\/p>\n<p dir=\"ltr\">\"La ola que sobrepas\u00f3 al sistema\" (\u201cA onda que sobrecarregou o sistema\u201d) foi o t\u00edtulo de um\u00a0<a href=\"https:\/\/www.elpais.com.uy\/que-pasa\/la-ola-que-sobrepaso-al-sistema\" target=\"_blank\" rel=\"noopener noreferrer\"><u>artigo<\/u><\/a> publicado no jornal El Pa\u00eds em 4 de novembro de 2018 sobre as pessoas de origem cubana que procuraram o Minist\u00e9rio das Rela\u00e7\u00f5es Exteriores para solicitar seus vistos naquela \u00e9poca. Olivera leu as primeiras linhas do artigo: \"A chegada maci\u00e7a de cubanos, especialmente no \u00faltimo m\u00eas, transbordou as portas da Chancelaria e colapsou o sistema\". De acordo com o pesquisador, \"a imigra\u00e7\u00e3o cubana, identificada com essa onda, \u00e9 retratada como respons\u00e1vel pelo que, na realidade, \u00e9 uma incapacidade de gest\u00e3o do Minist\u00e9rio das Rela\u00e7\u00f5es Exteriores do Uruguai\".<\/p>\n<p dir=\"ltr\">Olivera tamb\u00e9m falou de uma \"alus\u00e3o a quantidades\", ou seja, quando \u00e9 relatado um aumento de imigrantes ou de um determinado n\u00famero de pessoas. Para ele, \"a quantifica\u00e7\u00e3o apenas despersonaliza e objetifica\" as pessoas, mas tamb\u00e9m magnifica o n\u00famero de imigrantes que chegam ao pa\u00eds sem explicar ou aprofundar seu contexto. Ele deu algumas manchetes como exemplo: \"H\u00e1 48% mais estrangeiros nas escolas do Centro\" (<a href=\"https:\/\/www.elpais.com.uy\/informacion\/educacion\/hay-48-mas-extranjeros-en-las-escuelas-del-centro\" target=\"_blank\" rel=\"noopener noreferrer\"><u>El Pa\u00eds<\/u><\/a>) ou \"Chancelaria rejeitou 24 de 34.800 resid\u00eancias em quatro anos\" (<a href=\"https:\/\/migramedios.com.uy\/index.php\/2019\/11\/04\/inmigrantes-residencias\/\" target=\"_blank\" rel=\"noopener noreferrer\"><u>El Observador<\/u><\/a>).<\/p>\n<p dir=\"ltr\">\"Restaurante multado em US$ 7.000 por empregar imigrantes ilegais\", foi a manchete de um\u00a0<a href=\"https:\/\/www.elobservador.com.uy\/nota\/multa-de-us-7-mil-a-restoran-por-empleados-extranjeros-ilegales--2016317500\" target=\"_blank\" rel=\"noopener noreferrer\"><u>artigo<\/u><\/a> no El Observador em 17 de mar\u00e7o de 2016.<\/p>\n<p dir=\"ltr\">\"A forma como a not\u00edcia \u00e9 apresentada \u00e9 perversa\", disse Olivera. \u201cNa manchete, se referem \u00e0 puni\u00e7\u00e3o e \u00e0 quantia. Al\u00e9m disso, quem comete o ato ilegal \u00e9 a empresa que contratou trabalhadores que est\u00e3o em situa\u00e7\u00e3o irregular, mas na manchete parece que a culpa recai sobre os 'imigrantes ilegais'.\u201d<\/p>\n<p dir=\"ltr\">Ao mesmo tempo, o pesquisador ressaltou que \"n\u00e3o existem pessoas ilegais, o que existem s\u00e3o atos ilegais. Pode haver pessoas que n\u00e3o regularizaram sua situa\u00e7\u00e3o, mas n\u00e3o ilegais\".<\/p>\n<p dir=\"ltr\">Outra das manchetes a que ele se referiu \u00e9 do\u00a0<a href=\"https:\/\/www.elpais.com.uy\/negocios\/noticias\/las-dos-corrientes-migratorias-que-refrescan-al-mercado-de-trabajo-uruguayo\" target=\"_blank\" rel=\"noopener noreferrer\"><u>El Pa\u00eds<\/u><\/a>: \"As duas correntes migrat\u00f3rias que est\u00e3o renovando o mercado de trabalho uruguaio\". Para Olivera, essa manchete mostra uma mudan\u00e7a na narrativa da m\u00eddia uruguaia sobre migra\u00e7\u00e3o, na qual a preocupa\u00e7\u00e3o com a chegada de estrangeiros n\u00e3o \u00e9 o foco. Ele at\u00e9 enfatizou a palavra \"renovar\" como algo positivo. No entanto, ele considerou que essa mudan\u00e7a se baseia em uma \"vis\u00e3o utilitarista\".<\/p>\n<p dir=\"ltr\">Parece que os dois motivos pelos quais as migra\u00e7\u00f5es latino-americanas s\u00e3o vistas de forma positiva no Uruguai s\u00e3o o fato de que elas \"renovam o mercado de trabalho ou porque\u00a0<a href=\"https:\/\/www.infobae.com\/america\/america-latina\/2023\/09\/04\/uruguay-estudiara-como-revertir-la-baja-natalidad-y-analiza-si-promueve-una-nueva-ola-migratoria\/\" target=\"_blank\" rel=\"noopener noreferrer\"><u>aumentam a taxa de natalidade<\/u><\/a>\" no pa\u00eds, acrescentou Uriarte.<\/p>\n<p dir=\"ltr\">Entretanto, os especialistas apresentam o outro lado dessa vis\u00e3o: \"isso mostra que aqueles que n\u00e3o renovam o mercado de trabalho n\u00e3o contribuem em nada, portanto podem ser exclu\u00eddos\" da sociedade.<\/p>\n<p dir=\"ltr\">A pesquisadora tamb\u00e9m destacou que \u00e9 muito comum na imprensa uruguaia mostrar o conflito, e explicou com um exemplo: \"Em 2014, foi imposto um visto para pessoas da Rep\u00fablica Dominicana, mas a m\u00eddia s\u00f3 falou sobre as 42 pessoas que chegaram da S\u00edria. Parecia que os \u00fanicos imigrantes eram s\u00edrios\".<\/p>\n<p dir=\"ltr\">Para melhorar a cobertura da m\u00eddia sobre migra\u00e7\u00e3o, Olivera recomendou consultar o\u00a0<a href=\"https:\/\/www.cac.cat\/sites\/default\/files\/2021-02\/Recomanacions_persones_migrades_refugiades_ES.pdf\" target=\"_blank\" rel=\"noopener noreferrer\"><u>manual de recomenda\u00e7\u00f5es<\/u><\/a> sobre o tratamento da m\u00eddia em rela\u00e7\u00e3o a migrantes e refugiados do Conselho Audiovisual da Catalunha.<\/p>\n<p>--<\/p>\n<p><em>Florencia Pagola \u00e9 uma jornalista freelancer do Uruguai. Ela pesquisa e escreve sobre direitos humanos e liberdade de express\u00e3o na Am\u00e9rica Latina.<\/em><\/p>\n","protected":false},"excerpt":{"rendered":"<p>Um observat\u00f3rio de m\u00eddia analisa not\u00edcias sobre migra\u00e7\u00e3o na m\u00eddia impressa mais lida do Uruguai. Seus pesquisadores dizem que, em geral, o fen\u00f4meno \u00e9 associado a perigo e conflito, e que n\u00e3o \u00e9 coberto em profundidade pela m\u00eddia. Isso se deve, em parte, ao alto n\u00edvel de precariedade em que jornalistas trabalham.<\/p>\n","protected":false},"author":65,"featured_media":80379,"comment_status":"closed","ping_status":"closed","sticky":false,"template":"","format":"standard","meta":{"inline_featured_image":false,"footnotes":""},"categories":[2075],"tags":[1549,1383],"coauthors":[],"class_list":["post-80388","post","type-post","status-publish","format-standard","has-post-thumbnail","hentry","category-reportagens-especiais","tag-migracao-pt-br","tag-uruguai-pt-br"],"acf":[],"yoast_head":"<!-- This site is optimized with the Yoast SEO Premium plugin v22.6 (Yoast SEO v27.4) - https:\/\/yoast.com\/product\/yoast-seo-premium-wordpress\/ -->\n<title>Cobertura midi\u00e1tica sobre migra\u00e7\u00e3o no Uruguai associa fen\u00f4meno a conflitos e falta de controle, segundo pesquisadores - LatAm Journalism Review by the Knight Center<\/title>\n<meta name=\"description\" content=\"Cobertura midi\u00e1tica sobre migra\u00e7\u00e3o no Uruguai associa fen\u00f4meno a conflitos e falta de controle, segundo pesquisadores . Latin American Journalism Review by The Knight Center at The University of Texas at Austin.\" \/>\n<meta name=\"robots\" content=\"index, follow, max-snippet:-1, max-image-preview:large, max-video-preview:-1\" \/>\n<link rel=\"canonical\" href=\"https:\/\/latamjournalismreview.org\/pt-br\/articles\/cobertura-midiatica-sobre-migracao-no-uruguai-associa-fenomeno-a-conflitos-e-falta-de-controle-segundo-pesquisadores\/\" \/>\n<meta property=\"og:locale\" content=\"pt_BR\" \/>\n<meta property=\"og:type\" content=\"article\" \/>\n<meta property=\"og:title\" content=\"Cobertura midi\u00e1tica sobre migra\u00e7\u00e3o no Uruguai associa fen\u00f4meno a conflitos e falta de controle, segundo pesquisadores\" \/>\n<meta property=\"og:description\" content=\"Cobertura midi\u00e1tica sobre migra\u00e7\u00e3o no Uruguai associa fen\u00f4meno a conflitos e falta de controle, segundo pesquisadores . Latin American Journalism Review by The Knight Center at The University of Texas at Austin.\" \/>\n<meta property=\"og:url\" content=\"https:\/\/latamjournalismreview.org\/pt-br\/articles\/cobertura-midiatica-sobre-migracao-no-uruguai-associa-fenomeno-a-conflitos-e-falta-de-controle-segundo-pesquisadores\/\" \/>\n<meta property=\"og:site_name\" content=\"LatAm Journalism Review by the Knight Center\" \/>\n<meta property=\"article:published_time\" content=\"2023-09-29T18:17:09+00:00\" \/>\n<meta property=\"article:modified_time\" content=\"2023-09-29T18:19:02+00:00\" \/>\n<meta property=\"og:image\" content=\"https:\/\/latamjournalismreview.org\/wp-content\/uploads\/2023\/09\/9.png\" \/>\n\t<meta property=\"og:image:width\" content=\"507\" \/>\n\t<meta property=\"og:image:height\" content=\"340\" \/>\n\t<meta property=\"og:image:type\" content=\"image\/png\" \/>\n<meta name=\"author\" content=\"Florencia Pagola\" \/>\n<meta name=\"twitter:card\" content=\"summary_large_image\" \/>\n<meta name=\"twitter:creator\" content=\"@FlorPagolaLuc\" \/>\n<meta name=\"twitter:site\" content=\"@LatAmJournalism\" \/>\n<meta name=\"twitter:label1\" content=\"Written by\" \/>\n\t<meta name=\"twitter:data1\" content=\"Florencia Pagola\" \/>\n\t<meta name=\"twitter:label2\" content=\"Est. reading time\" \/>\n\t<meta name=\"twitter:data2\" content=\"7 minutos\" \/>\n<script type=\"application\/ld+json\" class=\"yoast-schema-graph\">{\"@context\":\"https:\\\/\\\/schema.org\",\"@graph\":[{\"@type\":\"Article\",\"@id\":\"https:\\\/\\\/latamjournalismreview.org\\\/pt-br\\\/articles\\\/cobertura-midiatica-sobre-migracao-no-uruguai-associa-fenomeno-a-conflitos-e-falta-de-controle-segundo-pesquisadores\\\/#article\",\"isPartOf\":{\"@id\":\"https:\\\/\\\/latamjournalismreview.org\\\/pt-br\\\/articles\\\/cobertura-midiatica-sobre-migracao-no-uruguai-associa-fenomeno-a-conflitos-e-falta-de-controle-segundo-pesquisadores\\\/\"},\"author\":{\"name\":\"Florencia Pagola\",\"@id\":\"https:\\\/\\\/latamjournalismreview.org\\\/pt-br\\\/#\\\/schema\\\/person\\\/cc661cbbd619eff0de012077873b86e8\"},\"headline\":\"Cobertura midi\u00e1tica sobre migra\u00e7\u00e3o no Uruguai associa fen\u00f4meno a conflitos e falta de controle, segundo pesquisadores\",\"datePublished\":\"2023-09-29T18:17:09+00:00\",\"dateModified\":\"2023-09-29T18:19:02+00:00\",\"mainEntityOfPage\":{\"@id\":\"https:\\\/\\\/latamjournalismreview.org\\\/pt-br\\\/articles\\\/cobertura-midiatica-sobre-migracao-no-uruguai-associa-fenomeno-a-conflitos-e-falta-de-controle-segundo-pesquisadores\\\/\"},\"wordCount\":1481,\"publisher\":{\"@id\":\"https:\\\/\\\/latamjournalismreview.org\\\/pt-br\\\/#organization\"},\"image\":{\"@id\":\"https:\\\/\\\/latamjournalismreview.org\\\/pt-br\\\/articles\\\/cobertura-midiatica-sobre-migracao-no-uruguai-associa-fenomeno-a-conflitos-e-falta-de-controle-segundo-pesquisadores\\\/#primaryimage\"},\"thumbnailUrl\":\"https:\\\/\\\/latamjournalismreview.org\\\/wp-content\\\/uploads\\\/2023\\\/09\\\/9.png\",\"keywords\":[\"Migra\u00e7\u00e3o\",\"Uruguai\"],\"articleSection\":[\"Reportagens especiais\"],\"inLanguage\":\"pt-BR\"},{\"@type\":\"WebPage\",\"@id\":\"https:\\\/\\\/latamjournalismreview.org\\\/pt-br\\\/articles\\\/cobertura-midiatica-sobre-migracao-no-uruguai-associa-fenomeno-a-conflitos-e-falta-de-controle-segundo-pesquisadores\\\/\",\"url\":\"https:\\\/\\\/latamjournalismreview.org\\\/pt-br\\\/articles\\\/cobertura-midiatica-sobre-migracao-no-uruguai-associa-fenomeno-a-conflitos-e-falta-de-controle-segundo-pesquisadores\\\/\",\"name\":\"Cobertura midi\u00e1tica sobre migra\u00e7\u00e3o no Uruguai associa fen\u00f4meno a conflitos e falta de controle, segundo pesquisadores - LatAm Journalism Review by the Knight Center\",\"isPartOf\":{\"@id\":\"https:\\\/\\\/latamjournalismreview.org\\\/pt-br\\\/#website\"},\"primaryImageOfPage\":{\"@id\":\"https:\\\/\\\/latamjournalismreview.org\\\/pt-br\\\/articles\\\/cobertura-midiatica-sobre-migracao-no-uruguai-associa-fenomeno-a-conflitos-e-falta-de-controle-segundo-pesquisadores\\\/#primaryimage\"},\"image\":{\"@id\":\"https:\\\/\\\/latamjournalismreview.org\\\/pt-br\\\/articles\\\/cobertura-midiatica-sobre-migracao-no-uruguai-associa-fenomeno-a-conflitos-e-falta-de-controle-segundo-pesquisadores\\\/#primaryimage\"},\"thumbnailUrl\":\"https:\\\/\\\/latamjournalismreview.org\\\/wp-content\\\/uploads\\\/2023\\\/09\\\/9.png\",\"datePublished\":\"2023-09-29T18:17:09+00:00\",\"dateModified\":\"2023-09-29T18:19:02+00:00\",\"description\":\"Cobertura midi\u00e1tica sobre migra\u00e7\u00e3o no Uruguai associa fen\u00f4meno a conflitos e falta de controle, segundo pesquisadores . Latin American Journalism Review by The Knight Center at The University of Texas at Austin.\",\"breadcrumb\":{\"@id\":\"https:\\\/\\\/latamjournalismreview.org\\\/pt-br\\\/articles\\\/cobertura-midiatica-sobre-migracao-no-uruguai-associa-fenomeno-a-conflitos-e-falta-de-controle-segundo-pesquisadores\\\/#breadcrumb\"},\"inLanguage\":\"pt-BR\",\"potentialAction\":[{\"@type\":\"ReadAction\",\"target\":[\"https:\\\/\\\/latamjournalismreview.org\\\/pt-br\\\/articles\\\/cobertura-midiatica-sobre-migracao-no-uruguai-associa-fenomeno-a-conflitos-e-falta-de-controle-segundo-pesquisadores\\\/\"]}]},{\"@type\":\"ImageObject\",\"inLanguage\":\"pt-BR\",\"@id\":\"https:\\\/\\\/latamjournalismreview.org\\\/pt-br\\\/articles\\\/cobertura-midiatica-sobre-migracao-no-uruguai-associa-fenomeno-a-conflitos-e-falta-de-controle-segundo-pesquisadores\\\/#primaryimage\",\"url\":\"https:\\\/\\\/latamjournalismreview.org\\\/wp-content\\\/uploads\\\/2023\\\/09\\\/9.png\",\"contentUrl\":\"https:\\\/\\\/latamjournalismreview.org\\\/wp-content\\\/uploads\\\/2023\\\/09\\\/9.png\",\"width\":507,\"height\":340,\"caption\":\"Uruguayan professor and researcher Pilar Uriarte (Courtesy \\\/ Alessandro Maradei)\"},{\"@type\":\"BreadcrumbList\",\"@id\":\"https:\\\/\\\/latamjournalismreview.org\\\/pt-br\\\/articles\\\/cobertura-midiatica-sobre-migracao-no-uruguai-associa-fenomeno-a-conflitos-e-falta-de-controle-segundo-pesquisadores\\\/#breadcrumb\",\"itemListElement\":[{\"@type\":\"ListItem\",\"position\":1,\"name\":\"Home\",\"item\":\"https:\\\/\\\/latamjournalismreview.org\\\/pt-br\\\/\"},{\"@type\":\"ListItem\",\"position\":2,\"name\":\"Cobertura midi\u00e1tica sobre migra\u00e7\u00e3o no Uruguai associa fen\u00f4meno a conflitos e falta de controle, segundo pesquisadores\"}]},{\"@type\":\"WebSite\",\"@id\":\"https:\\\/\\\/latamjournalismreview.org\\\/pt-br\\\/#website\",\"url\":\"https:\\\/\\\/latamjournalismreview.org\\\/pt-br\\\/\",\"name\":\"LatAm Journalism Review\",\"description\":\"Digital magazine on journalism in Latin America\",\"publisher\":{\"@id\":\"https:\\\/\\\/latamjournalismreview.org\\\/pt-br\\\/#organization\"},\"potentialAction\":[{\"@type\":\"SearchAction\",\"target\":{\"@type\":\"EntryPoint\",\"urlTemplate\":\"https:\\\/\\\/latamjournalismreview.org\\\/pt-br\\\/?s={search_term_string}\"},\"query-input\":{\"@type\":\"PropertyValueSpecification\",\"valueRequired\":true,\"valueName\":\"search_term_string\"}}],\"inLanguage\":\"pt-BR\"},{\"@type\":\"Organization\",\"@id\":\"https:\\\/\\\/latamjournalismreview.org\\\/pt-br\\\/#organization\",\"name\":\"LatAm Journalism Review\",\"url\":\"https:\\\/\\\/latamjournalismreview.org\\\/pt-br\\\/\",\"logo\":{\"@type\":\"ImageObject\",\"inLanguage\":\"pt-BR\",\"@id\":\"https:\\\/\\\/latamjournalismreview.org\\\/pt-br\\\/#\\\/schema\\\/logo\\\/image\\\/\",\"url\":\"https:\\\/\\\/latamjournalismreview.org\\\/wp-content\\\/uploads\\\/2020\\\/05\\\/knight-latAm-review-logo.svg\",\"contentUrl\":\"https:\\\/\\\/latamjournalismreview.org\\\/wp-content\\\/uploads\\\/2020\\\/05\\\/knight-latAm-review-logo.svg\",\"width\":\"1024\",\"height\":\"1024\",\"caption\":\"LatAm Journalism Review\"},\"image\":{\"@id\":\"https:\\\/\\\/latamjournalismreview.org\\\/pt-br\\\/#\\\/schema\\\/logo\\\/image\\\/\"},\"sameAs\":[\"https:\\\/\\\/x.com\\\/LatAmJournalism\"]},{\"@type\":\"Person\",\"@id\":\"https:\\\/\\\/latamjournalismreview.org\\\/pt-br\\\/#\\\/schema\\\/person\\\/cc661cbbd619eff0de012077873b86e8\",\"name\":\"Florencia Pagola\",\"description\":\"Florencia Pagola is a freelance journalist in Uruguay with a diploma in Human Rights from the Inter-American Court. She investigates and writes about human rights, gender and press freedom in Latin America. She collaborates with La diaria. Periodista freelance en Uruguay y Diplomada en Derechos Humanos por la Corte IDH. Investiga y escribe sobre derechos humanos, g\u00e9nero y libertad de prensa en Am\u00e9rica Latina. Colabora en La diaria. Jornalista freelancer no Uruguai com diploma em Direitos Humanos pela Corte Interamericana de Direitos Humanos. Pesquisa e escreve sobre direitos humanos, g\u00eanero e liberdade de imprensa na Am\u00e9rica Latina. Contribui para o La diaria.\",\"sameAs\":[\"https:\\\/\\\/x.com\\\/FlorPagolaLuc\"],\"url\":\"https:\\\/\\\/latamjournalismreview.org\\\/pt-br\\\/articles\\\/author\\\/florencia-pagola\\\/\"}]}<\/script>\n<!-- \/ Yoast SEO Premium plugin. -->","yoast_head_json":{"title":"Cobertura midi\u00e1tica sobre migra\u00e7\u00e3o no Uruguai associa fen\u00f4meno a conflitos e falta de controle, segundo pesquisadores - LatAm Journalism Review by the Knight Center","description":"Cobertura midi\u00e1tica sobre migra\u00e7\u00e3o no Uruguai associa fen\u00f4meno a conflitos e falta de controle, segundo pesquisadores . Latin American Journalism Review by The Knight Center at The University of Texas at Austin.","robots":{"index":"index","follow":"follow","max-snippet":"max-snippet:-1","max-image-preview":"max-image-preview:large","max-video-preview":"max-video-preview:-1"},"canonical":"https:\/\/latamjournalismreview.org\/pt-br\/articles\/cobertura-midiatica-sobre-migracao-no-uruguai-associa-fenomeno-a-conflitos-e-falta-de-controle-segundo-pesquisadores\/","og_locale":"pt_BR","og_type":"article","og_title":"Cobertura midi\u00e1tica sobre migra\u00e7\u00e3o no Uruguai associa fen\u00f4meno a conflitos e falta de controle, segundo pesquisadores","og_description":"Cobertura midi\u00e1tica sobre migra\u00e7\u00e3o no Uruguai associa fen\u00f4meno a conflitos e falta de controle, segundo pesquisadores . Latin American Journalism Review by The Knight Center at The University of Texas at Austin.","og_url":"https:\/\/latamjournalismreview.org\/pt-br\/articles\/cobertura-midiatica-sobre-migracao-no-uruguai-associa-fenomeno-a-conflitos-e-falta-de-controle-segundo-pesquisadores\/","og_site_name":"LatAm Journalism Review by the Knight Center","article_published_time":"2023-09-29T18:17:09+00:00","article_modified_time":"2023-09-29T18:19:02+00:00","og_image":[{"width":507,"height":340,"url":"https:\/\/latamjournalismreview.org\/wp-content\/uploads\/2023\/09\/9.png","type":"image\/png"}],"author":"Florencia Pagola","twitter_card":"summary_large_image","twitter_creator":"@FlorPagolaLuc","twitter_site":"@LatAmJournalism","twitter_misc":{"Written by":"Florencia Pagola","Est. reading time":"7 minutos"},"schema":{"@context":"https:\/\/schema.org","@graph":[{"@type":"Article","@id":"https:\/\/latamjournalismreview.org\/pt-br\/articles\/cobertura-midiatica-sobre-migracao-no-uruguai-associa-fenomeno-a-conflitos-e-falta-de-controle-segundo-pesquisadores\/#article","isPartOf":{"@id":"https:\/\/latamjournalismreview.org\/pt-br\/articles\/cobertura-midiatica-sobre-migracao-no-uruguai-associa-fenomeno-a-conflitos-e-falta-de-controle-segundo-pesquisadores\/"},"author":{"name":"Florencia Pagola","@id":"https:\/\/latamjournalismreview.org\/pt-br\/#\/schema\/person\/cc661cbbd619eff0de012077873b86e8"},"headline":"Cobertura midi\u00e1tica sobre migra\u00e7\u00e3o no Uruguai associa fen\u00f4meno a conflitos e falta de controle, segundo pesquisadores","datePublished":"2023-09-29T18:17:09+00:00","dateModified":"2023-09-29T18:19:02+00:00","mainEntityOfPage":{"@id":"https:\/\/latamjournalismreview.org\/pt-br\/articles\/cobertura-midiatica-sobre-migracao-no-uruguai-associa-fenomeno-a-conflitos-e-falta-de-controle-segundo-pesquisadores\/"},"wordCount":1481,"publisher":{"@id":"https:\/\/latamjournalismreview.org\/pt-br\/#organization"},"image":{"@id":"https:\/\/latamjournalismreview.org\/pt-br\/articles\/cobertura-midiatica-sobre-migracao-no-uruguai-associa-fenomeno-a-conflitos-e-falta-de-controle-segundo-pesquisadores\/#primaryimage"},"thumbnailUrl":"https:\/\/latamjournalismreview.org\/wp-content\/uploads\/2023\/09\/9.png","keywords":["Migra\u00e7\u00e3o","Uruguai"],"articleSection":["Reportagens especiais"],"inLanguage":"pt-BR"},{"@type":"WebPage","@id":"https:\/\/latamjournalismreview.org\/pt-br\/articles\/cobertura-midiatica-sobre-migracao-no-uruguai-associa-fenomeno-a-conflitos-e-falta-de-controle-segundo-pesquisadores\/","url":"https:\/\/latamjournalismreview.org\/pt-br\/articles\/cobertura-midiatica-sobre-migracao-no-uruguai-associa-fenomeno-a-conflitos-e-falta-de-controle-segundo-pesquisadores\/","name":"Cobertura midi\u00e1tica sobre migra\u00e7\u00e3o no Uruguai associa fen\u00f4meno a conflitos e falta de controle, segundo pesquisadores - LatAm Journalism Review by the Knight Center","isPartOf":{"@id":"https:\/\/latamjournalismreview.org\/pt-br\/#website"},"primaryImageOfPage":{"@id":"https:\/\/latamjournalismreview.org\/pt-br\/articles\/cobertura-midiatica-sobre-migracao-no-uruguai-associa-fenomeno-a-conflitos-e-falta-de-controle-segundo-pesquisadores\/#primaryimage"},"image":{"@id":"https:\/\/latamjournalismreview.org\/pt-br\/articles\/cobertura-midiatica-sobre-migracao-no-uruguai-associa-fenomeno-a-conflitos-e-falta-de-controle-segundo-pesquisadores\/#primaryimage"},"thumbnailUrl":"https:\/\/latamjournalismreview.org\/wp-content\/uploads\/2023\/09\/9.png","datePublished":"2023-09-29T18:17:09+00:00","dateModified":"2023-09-29T18:19:02+00:00","description":"Cobertura midi\u00e1tica sobre migra\u00e7\u00e3o no Uruguai associa fen\u00f4meno a conflitos e falta de controle, segundo pesquisadores . Latin American Journalism Review by The Knight Center at The University of Texas at Austin.","breadcrumb":{"@id":"https:\/\/latamjournalismreview.org\/pt-br\/articles\/cobertura-midiatica-sobre-migracao-no-uruguai-associa-fenomeno-a-conflitos-e-falta-de-controle-segundo-pesquisadores\/#breadcrumb"},"inLanguage":"pt-BR","potentialAction":[{"@type":"ReadAction","target":["https:\/\/latamjournalismreview.org\/pt-br\/articles\/cobertura-midiatica-sobre-migracao-no-uruguai-associa-fenomeno-a-conflitos-e-falta-de-controle-segundo-pesquisadores\/"]}]},{"@type":"ImageObject","inLanguage":"pt-BR","@id":"https:\/\/latamjournalismreview.org\/pt-br\/articles\/cobertura-midiatica-sobre-migracao-no-uruguai-associa-fenomeno-a-conflitos-e-falta-de-controle-segundo-pesquisadores\/#primaryimage","url":"https:\/\/latamjournalismreview.org\/wp-content\/uploads\/2023\/09\/9.png","contentUrl":"https:\/\/latamjournalismreview.org\/wp-content\/uploads\/2023\/09\/9.png","width":507,"height":340,"caption":"Uruguayan professor and researcher Pilar Uriarte (Courtesy \/ Alessandro Maradei)"},{"@type":"BreadcrumbList","@id":"https:\/\/latamjournalismreview.org\/pt-br\/articles\/cobertura-midiatica-sobre-migracao-no-uruguai-associa-fenomeno-a-conflitos-e-falta-de-controle-segundo-pesquisadores\/#breadcrumb","itemListElement":[{"@type":"ListItem","position":1,"name":"Home","item":"https:\/\/latamjournalismreview.org\/pt-br\/"},{"@type":"ListItem","position":2,"name":"Cobertura midi\u00e1tica sobre migra\u00e7\u00e3o no Uruguai associa fen\u00f4meno a conflitos e falta de controle, segundo pesquisadores"}]},{"@type":"WebSite","@id":"https:\/\/latamjournalismreview.org\/pt-br\/#website","url":"https:\/\/latamjournalismreview.org\/pt-br\/","name":"LatAm Journalism Review","description":"Digital magazine on journalism in Latin America","publisher":{"@id":"https:\/\/latamjournalismreview.org\/pt-br\/#organization"},"potentialAction":[{"@type":"SearchAction","target":{"@type":"EntryPoint","urlTemplate":"https:\/\/latamjournalismreview.org\/pt-br\/?s={search_term_string}"},"query-input":{"@type":"PropertyValueSpecification","valueRequired":true,"valueName":"search_term_string"}}],"inLanguage":"pt-BR"},{"@type":"Organization","@id":"https:\/\/latamjournalismreview.org\/pt-br\/#organization","name":"LatAm Journalism Review","url":"https:\/\/latamjournalismreview.org\/pt-br\/","logo":{"@type":"ImageObject","inLanguage":"pt-BR","@id":"https:\/\/latamjournalismreview.org\/pt-br\/#\/schema\/logo\/image\/","url":"https:\/\/latamjournalismreview.org\/wp-content\/uploads\/2020\/05\/knight-latAm-review-logo.svg","contentUrl":"https:\/\/latamjournalismreview.org\/wp-content\/uploads\/2020\/05\/knight-latAm-review-logo.svg","width":"1024","height":"1024","caption":"LatAm Journalism Review"},"image":{"@id":"https:\/\/latamjournalismreview.org\/pt-br\/#\/schema\/logo\/image\/"},"sameAs":["https:\/\/x.com\/LatAmJournalism"]},{"@type":"Person","@id":"https:\/\/latamjournalismreview.org\/pt-br\/#\/schema\/person\/cc661cbbd619eff0de012077873b86e8","name":"Florencia Pagola","description":"Florencia Pagola is a freelance journalist in Uruguay with a diploma in Human Rights from the Inter-American Court. She investigates and writes about human rights, gender and press freedom in Latin America. She collaborates with La diaria. Periodista freelance en Uruguay y Diplomada en Derechos Humanos por la Corte IDH. Investiga y escribe sobre derechos humanos, g\u00e9nero y libertad de prensa en Am\u00e9rica Latina. Colabora en La diaria. Jornalista freelancer no Uruguai com diploma em Direitos Humanos pela Corte Interamericana de Direitos Humanos. Pesquisa e escreve sobre direitos humanos, g\u00eanero e liberdade de imprensa na Am\u00e9rica Latina. Contribui para o La diaria.","sameAs":["https:\/\/x.com\/FlorPagolaLuc"],"url":"https:\/\/latamjournalismreview.org\/pt-br\/articles\/author\/florencia-pagola\/"}]}},"_links":{"self":[{"href":"https:\/\/latamjournalismreview.org\/pt-br\/wp-json\/wp\/v2\/posts\/80388","targetHints":{"allow":["GET"]}}],"collection":[{"href":"https:\/\/latamjournalismreview.org\/pt-br\/wp-json\/wp\/v2\/posts"}],"about":[{"href":"https:\/\/latamjournalismreview.org\/pt-br\/wp-json\/wp\/v2\/types\/post"}],"author":[{"embeddable":true,"href":"https:\/\/latamjournalismreview.org\/pt-br\/wp-json\/wp\/v2\/users\/65"}],"replies":[{"embeddable":true,"href":"https:\/\/latamjournalismreview.org\/pt-br\/wp-json\/wp\/v2\/comments?post=80388"}],"version-history":[{"count":3,"href":"https:\/\/latamjournalismreview.org\/pt-br\/wp-json\/wp\/v2\/posts\/80388\/revisions"}],"predecessor-version":[{"id":80391,"href":"https:\/\/latamjournalismreview.org\/pt-br\/wp-json\/wp\/v2\/posts\/80388\/revisions\/80391"}],"wp:featuredmedia":[{"embeddable":true,"href":"https:\/\/latamjournalismreview.org\/pt-br\/wp-json\/wp\/v2\/media\/80379"}],"wp:attachment":[{"href":"https:\/\/latamjournalismreview.org\/pt-br\/wp-json\/wp\/v2\/media?parent=80388"}],"wp:term":[{"taxonomy":"category","embeddable":true,"href":"https:\/\/latamjournalismreview.org\/pt-br\/wp-json\/wp\/v2\/categories?post=80388"},{"taxonomy":"post_tag","embeddable":true,"href":"https:\/\/latamjournalismreview.org\/pt-br\/wp-json\/wp\/v2\/tags?post=80388"},{"taxonomy":"author","embeddable":true,"href":"https:\/\/latamjournalismreview.org\/pt-br\/wp-json\/wp\/v2\/coauthors?post=80388"}],"curies":[{"name":"wp","href":"https:\/\/api.w.org\/{rel}","templated":true}]}}