{"id":81092,"date":"2023-10-25T09:18:13","date_gmt":"2023-10-25T14:18:13","guid":{"rendered":"https:\/\/latamjournalismreview.org\/?p=81092"},"modified":"2023-10-25T09:18:13","modified_gmt":"2023-10-25T14:18:13","slug":"terceira-conferencia-latino-americana-sobre-diversidade-no-jornalismo-discute-como-visoes-interseccionais-beneficiam-cobertura-da-midia","status":"publish","type":"post","link":"https:\/\/latamjournalismreview.org\/pt-br\/articles\/terceira-conferencia-latino-americana-sobre-diversidade-no-jornalismo-discute-como-visoes-interseccionais-beneficiam-cobertura-da-midia\/","title":{"rendered":"Terceira Confer\u00eancia Latino-Americana sobre Diversidade no Jornalismo discute como vis\u00f5es interseccionais beneficiam cobertura da m\u00eddia"},"content":{"rendered":"<p><span style=\"font-weight: 400;\">\"O que aconteceu nestes dois dias foi realmente inspirador. N\u00f3s nos inspiramos no bom jornalismo, nas comunidades e na forma como podemos contar hist\u00f3rias quando unimos diferentes realidades, exploramos territ\u00f3rios e nos unimos respeitando as diferen\u00e7as\", disse Edilma Prada, editora do ve\u00edculo <\/span><a href=\"https:\/\/agendapropia.co\/\"><span style=\"font-weight: 400;\">Agenda Propria<\/span><\/a><span style=\"font-weight: 400;\">, da Col\u00f4mbia, durante o encerramento da Terceira Confer\u00eancia Latino-Americana sobre Diversidade no Jornalismo.<\/span><\/p>\n<p><span style=\"font-weight: 400;\">A <\/span><a href=\"https:\/\/diversidadenelperiodismo.org\/\"><span style=\"font-weight: 400;\">Rede para a Diversidade no Jornalismo Latino-Americano<\/span><\/a><span style=\"font-weight: 400;\"> (Redipe) realizou a sua terceira confer\u00eancia online gratuita nos dias 20 e 21 de outubro de 2023, com o apoio do Centro Knight para o Jornalismo nas Am\u00e9ricas.<\/span><\/p>\n<p><span style=\"font-weight: 400;\">A confer\u00eancia reuniu palestrantes de oito pa\u00edses da regi\u00e3o que se concentraram nos seguintes temas: jornalismo como forma de resist\u00eancia \u00e0s amea\u00e7as aos direitos humanos, cobertura da inf\u00e2ncia, defesa de territ\u00f3rio e comunidades ind\u00edgenas e suas culturas, import\u00e2ncia das novas narrativas e colabora\u00e7\u00e3o em redes; e liberdades individuais e direitos reprodutivos sexuais.<\/span><\/p>\n<div id=\"attachment_81061\" style=\"width: 410px\" class=\"wp-caption alignleft\"><img loading=\"lazy\" decoding=\"async\" aria-describedby=\"caption-attachment-81061\" class=\"wp-image-81063\" src=\"https:\/\/latamjournalismreview.org\/wp-content\/uploads\/2023\/10\/Screenshot-2023-10-21-at-9.58.03-300x215.png\" alt=\"a woman talking on a zoom call\" width=\"400\" height=\"287\" srcset=\"https:\/\/latamjournalismreview.org\/wp-content\/uploads\/2023\/10\/Screenshot-2023-10-21-at-9.58.03-300x215.png 300w, https:\/\/latamjournalismreview.org\/wp-content\/uploads\/2023\/10\/Screenshot-2023-10-21-at-9.58.03-1024x734.png 1024w, https:\/\/latamjournalismreview.org\/wp-content\/uploads\/2023\/10\/Screenshot-2023-10-21-at-9.58.03-768x551.png 768w, https:\/\/latamjournalismreview.org\/wp-content\/uploads\/2023\/10\/Screenshot-2023-10-21-at-9.58.03-1536x1102.png 1536w, https:\/\/latamjournalismreview.org\/wp-content\/uploads\/2023\/10\/Screenshot-2023-10-21-at-9.58.03-2048x1469.png 2048w\" sizes=\"auto, (max-width: 400px) 100vw, 400px\" \/><p id=\"caption-attachment-81061\" class=\"wp-caption-text\">Edilma Prada, editora do Agenda Propria, da Col\u00f4mbia (Foto: Captura de tela)<\/p><\/div>\n<p><span style=\"font-weight: 400;\">\"Estou convencida de que n\u00e3o \u00e9 hora de separar os ind\u00edgenas, os negros, as feministas, etc. Dessa forma, estamos nos dividindo e, sem perceber, estamos contando hist\u00f3rias usando essas divis\u00f5es. O jornalismo deve unir todas essas perspectivas e leituras, afinal, o que buscamos \u00e9 nos enxergar mutuamente\", disse Prada.<\/span><\/p>\n<p><span style=\"font-weight: 400;\">Durante a confer\u00eancia, foi enfatizada a import\u00e2ncia de incluir uma vis\u00e3o interseccional nas quest\u00f5es de diversidade.<\/span><\/p>\n<p><span style=\"font-weight: 400;\">No primeiro painel da confer\u00eancia, intitulado \"Desafios para uma cobertura livre de estere\u00f3tipos, discrimina\u00e7\u00e3o e discursos de \u00f3dio\", a jornalista e ativista pelos direitos das pessoas com defici\u00eancia B\u00e1rbara Anderson concordou que a interseccionalidade nesses assuntos \u00e9 importante.<\/span><\/p>\n<p><span style=\"font-weight: 400;\">\"Devemos come\u00e7ar a ver as pessoas de maneira mais integral. N\u00e3o podemos dizer: 'esta \u00e9 uma pessoa da comunidade da diversidade sexual e vou coloc\u00e1-la nesta categoria; e esta \u00e9 uma pessoa migrante e vou coloc\u00e1-la em outra categoria'. Todos n\u00f3s somos integrais e temos v\u00e1rias condi\u00e7\u00f5es que nos definem\", disse Anderson.<\/span><\/p>\n<p><span style=\"font-weight: 400;\">Para ela, uma pessoa pode se identificar com v\u00e1rias categorias, por exemplo, \u00e9 poss\u00edvel contar hist\u00f3rias de mulheres ind\u00edgenas que tamb\u00e9m tenham defici\u00eancia, sejam imigrantes e fa\u00e7am parte da comunidade LGBTQ+.<\/span><\/p>\n<p><span style=\"font-weight: 400;\">\"Seria fant\u00e1stico come\u00e7ar a conectar e aproveitar toda a variedade de experi\u00eancias e aprendizados que outras comunidades tiveram. Existem muitos pontos de conex\u00e3o e interesses comuns que nos permitiriam, sem d\u00favida, ampliar nossas perspectivas\", acrescentou Anderson.<\/span><\/p>\n<h3><span style=\"font-weight: 400;\">Diversidade e servi\u00e7o no jornalismo<\/span><\/h3>\n<p><span style=\"font-weight: 400;\">V\u00e1rios meios de comunica\u00e7\u00e3o independentes presentes na confer\u00eancia concordaram sobre a import\u00e2ncia de os jornalistas se capacitarem para abordar pessoas que passaram por situa\u00e7\u00f5es traum\u00e1ticas. Em muitos casos, os palestrantes jornalistas sentiram que, ao cobrir temas de diversidade, acabam realizando um <\/span><a href=\"https:\/\/latamjournalismreview.org\/pt-br\/articles\/jornalismo-de-solucoes-se-espalha-na-america-latina-com-foco-de-reporteres-em-como-cidadaos-podem-resolver-problemas-da-regiao\/\"><span style=\"font-weight: 400;\">jornalismo voltado para solu\u00e7\u00f5es ou servi\u00e7o<\/span><\/a><span style=\"font-weight: 400;\">.<\/span><\/p>\n<p><span style=\"font-weight: 400;\">No caso do ve\u00edculo <\/span><a href=\"https:\/\/laverdadjuarez.com\/\"><span style=\"font-weight: 400;\">La Verdad Ju\u00e1rez<\/span><\/a><span style=\"font-weight: 400;\">, do M\u00e9xico, seus jornalistas se tornaram pontos de refer\u00eancia para que migrantes e seus familiares exer\u00e7am seus direitos.<\/span><\/p>\n<p><span style=\"font-weight: 400;\">\"Houve um caso de um jovem trans que saiu de sua cidade, no Equador, se identificando como mulher e chegou \u00e0 fronteira se identificando como homem e foi assassinado. A fam\u00edlia n\u00e3o sabia a quem recorrer, n\u00e3o sabia como lidar com essa diversidade, n\u00e3o sabia como obter o apoio de sua embaixada, n\u00e3o tinha certeza se ele tinha desaparecido, atravessado a fronteira ou onde estava\", contou <\/span><a href=\"https:\/\/laverdadjuarez.com\/author\/rociogallegos\/\"><span style=\"font-weight: 400;\">Roc\u00edo Gallegos<\/span><\/a><span style=\"font-weight: 400;\">, jornalista e diretora do La Verdad.<\/span><\/p>\n<p><span style=\"font-weight: 400;\">Gallegos disse que a equipe do La Verdad conseguiu ajudar a fam\u00edlia e finalmente dar visibilidade ao incidente. Assim como nesse caso, a equipe do La Verdad \u00e9 contatada por centenas de migrantes e familiares que n\u00e3o sabem para onde recorrer em rela\u00e7\u00e3o a desaparecimentos ou crimes na fronteira. Eles acabam fazendo um trabalho que vai al\u00e9m de sua tarefa jornal\u00edstica.<\/span><\/p>\n<p><span style=\"font-weight: 400;\">Os palestrantes enfatizaram que, para que o p\u00fablico se sinta seguro ao entrar em contato com o ve\u00edculo, a informa\u00e7\u00e3o deve ser cuidadosamente verificada.<\/span><\/p>\n<p><span style=\"font-weight: 400;\">\"Se o jornalismo n\u00e3o ouvir seu p\u00fablico, se continuar o vendo como algu\u00e9m que\u00a0 apenas recebe informa\u00e7\u00f5es, acho que \u00e9 imposs\u00edvel estabelecer essa conex\u00e3o. O jornalismo deve servir algu\u00e9m, pois, do contr\u00e1rio, acredito que \u00e9 apenas um exerc\u00edcio de ego\", destacou a jornalista colombiana afrofeminista Beatriz Vald\u00e9s.<\/span><\/p>\n<h3><span style=\"font-weight: 400;\">Territ\u00f3rio e inf\u00e2ncia<\/span><\/h3>\n<p><span style=\"font-weight: 400;\">Durante a sess\u00e3o de abertura da confer\u00eancia, a comunicadora afroperuana Ana L\u00facia Mosquera falou sobre a necessidade de entender o jornalismo a partir e para as diversidades, como uma maneira de construir novas narrativas que devolvam a humanidade a comunidades historicamente marginalizadas.<\/span><\/p>\n<p><span style=\"font-weight: 400;\">Entre essas comunidades est\u00e3o povos ind\u00edgenas e afrodescendentes. Durante a confer\u00eancia, foi discutida a necessidade de as pr\u00f3prias comunidades contarem suas hist\u00f3rias.<\/span><\/p>\n<div id=\"attachment_81064\" style=\"width: 510px\" class=\"wp-caption alignright\"><img loading=\"lazy\" decoding=\"async\" aria-describedby=\"caption-attachment-81064\" class=\"wp-image-81066\" src=\"https:\/\/latamjournalismreview.org\/wp-content\/uploads\/2023\/10\/Screenshot-2023-10-21-at-12.25.32-1-300x195.png\" alt=\"a group of people on a zoom call\" width=\"500\" height=\"237\" \/><p id=\"caption-attachment-81064\" class=\"wp-caption-text\">A confer\u00eancia reuniu oito representantes de ve\u00edculos da regi\u00e3o (Foto: Captura de tela)<\/p><\/div>\n<p><span style=\"font-weight: 400;\">A jornalista venezuelana Madelen Sim\u00f3 apresentou sua experi\u00eancia na cria\u00e7\u00e3o da s\u00e9rie jornal\u00edstica intitulada \u201c<\/span><a href=\"https:\/\/agendapropia.co\/dibujando-mi-realidad-ninez-indigena\"><span style=\"font-weight: 400;\">Dibujando mi realidad<\/span><\/a><span style=\"font-weight: 400;\">\u201d, composta por reportagens e v\u00eddeos animados realizados em um processo de cocria\u00e7\u00e3o com crian\u00e7as de 13 territ\u00f3rios de povos e na\u00e7\u00f5es origin\u00e1rias. Sim\u00f3 aproveitou para compartilhar o manual editorial criado pelo meio independente Agenda Propria com instru\u00e7\u00f5es para reportar e produzir hist\u00f3rias sobre a inf\u00e2ncia ind\u00edgena.<\/span><\/p>\n<p><span style=\"font-weight: 400;\">Tamb\u00e9m foram apresentados outros projetos que buscam dar visibilidade a comunidades negligenciadas. A jornalista mexicana Aranzaz\u00fa Ayala Mart\u00ednez apresentou o projeto \u201c<\/span><a href=\"https:\/\/periodismodeloposible.com\/\"><span style=\"font-weight: 400;\">Periodismo de lo posible<\/span><\/a><span style=\"font-weight: 400;\">\u201d, que consiste em 12 podcasts realizados por jornalistas de r\u00e1dios comunit\u00e1rias e jornalistas comprometidos com as lutas sociais, narrando hist\u00f3rias em que as comunidades defendem seus territ\u00f3rios e identidades contra o despojo e a destrui\u00e7\u00e3o.<\/span><\/p>\n<p><span style=\"font-weight: 400;\">O objetivo desta confer\u00eancia, segundo seus organizadores, era reconhecer a diversidade e as diferentes redes que est\u00e3o se formando enquanto se promove uma maior participa\u00e7\u00e3o no jornalismo.<\/span><\/p>\n<p><span style=\"font-weight: 400;\">\"Eu fa\u00e7a um chamado para que, ap\u00f3s todas essas conversas e experi\u00eancias, n\u00f3s tamb\u00e9m promovamos um espa\u00e7o \u00e0 esperan\u00e7a\", disse Prada. \"Convido a dar espa\u00e7o a mais vozes de esperan\u00e7a em momentos em que h\u00e1 muita dor\".<\/span><\/p>\n","protected":false},"excerpt":{"rendered":"<p>A Rede para a Diversidade no Jornalismo Latino-Americano realizou sua terceira confer\u00eancia, na qual palestrantes de oito pa\u00edses enfatizaram a ado\u00e7\u00e3o de uma abordagem interseccional nas quest\u00f5es de diversidade. Eles tamb\u00e9m destacaram a necessidade de dar voz a m\u00faltiplas perspectivas na informa\u00e7\u00e3o.<\/p>\n","protected":false},"author":36,"featured_media":81072,"comment_status":"closed","ping_status":"closed","sticky":false,"template":"","format":"standard","meta":{"inline_featured_image":false,"footnotes":""},"categories":[17],"tags":[],"coauthors":[],"class_list":["post-81092","post","type-post","status-publish","format-standard","has-post-thumbnail","hentry","category-nao-categorizado"],"acf":[],"yoast_head":"<!-- This site is optimized with the Yoast SEO Premium plugin v22.6 (Yoast SEO v27.4) - https:\/\/yoast.com\/product\/yoast-seo-premium-wordpress\/ -->\n<title>Terceira Confer\u00eancia Latino-Americana sobre Diversidade no Jornalismo discute como vis\u00f5es interseccionais beneficiam cobertura da m\u00eddia - LatAm Journalism Review by the Knight Center<\/title>\n<meta name=\"description\" content=\"Terceira Confer\u00eancia Latino-Americana sobre Diversidade no Jornalismo discute como vis\u00f5es interseccionais beneficiam cobertura da m\u00eddia .Durante a Terceira Confer\u00eancia Latino-Americana sobre Diversidade no Jornalismo, palestrantes enfatizaram a import\u00e2ncia de incluir uma vis\u00e3o interseccional em quest\u00f5es de diversidade e de dar espa\u00e7o a m\u00faltiplas vozes nas hist\u00f3rias.\" \/>\n<meta name=\"robots\" content=\"index, follow, max-snippet:-1, max-image-preview:large, max-video-preview:-1\" \/>\n<link rel=\"canonical\" href=\"https:\/\/latamjournalismreview.org\/pt-br\/articles\/terceira-conferencia-latino-americana-sobre-diversidade-no-jornalismo-discute-como-visoes-interseccionais-beneficiam-cobertura-da-midia\/\" \/>\n<meta property=\"og:locale\" content=\"pt_BR\" \/>\n<meta property=\"og:type\" content=\"article\" \/>\n<meta property=\"og:title\" content=\"Terceira Confer\u00eancia Latino-Americana sobre Diversidade no Jornalismo discute como vis\u00f5es interseccionais beneficiam cobertura da m\u00eddia\" \/>\n<meta property=\"og:description\" content=\"Terceira Confer\u00eancia Latino-Americana sobre Diversidade no Jornalismo discute como vis\u00f5es interseccionais beneficiam cobertura da m\u00eddia .Durante a Terceira Confer\u00eancia Latino-Americana sobre Diversidade no Jornalismo, palestrantes enfatizaram a import\u00e2ncia de incluir uma vis\u00e3o interseccional em quest\u00f5es de diversidade e de dar espa\u00e7o a m\u00faltiplas vozes nas hist\u00f3rias.\" \/>\n<meta property=\"og:url\" content=\"https:\/\/latamjournalismreview.org\/pt-br\/articles\/terceira-conferencia-latino-americana-sobre-diversidade-no-jornalismo-discute-como-visoes-interseccionais-beneficiam-cobertura-da-midia\/\" \/>\n<meta property=\"og:site_name\" content=\"LatAm Journalism Review by the Knight Center\" \/>\n<meta property=\"article:published_time\" content=\"2023-10-25T14:18:13+00:00\" \/>\n<meta property=\"og:image\" content=\"https:\/\/latamjournalismreview.org\/wp-content\/uploads\/2023\/10\/FEATUREDconferencia.png\" \/>\n\t<meta property=\"og:image:width\" content=\"507\" \/>\n\t<meta property=\"og:image:height\" content=\"340\" \/>\n\t<meta property=\"og:image:type\" content=\"image\/png\" \/>\n<meta name=\"author\" content=\"Katherine Pennacchio\" \/>\n<meta name=\"twitter:card\" content=\"summary_large_image\" \/>\n<meta name=\"twitter:creator\" content=\"@kathypennacchio\" \/>\n<meta name=\"twitter:site\" content=\"@LatAmJournalism\" \/>\n<meta name=\"twitter:label1\" content=\"Written by\" \/>\n\t<meta name=\"twitter:data1\" content=\"Katherine Pennacchio\" \/>\n\t<meta name=\"twitter:label2\" content=\"Est. reading time\" \/>\n\t<meta name=\"twitter:data2\" content=\"5 minutos\" \/>\n<script type=\"application\/ld+json\" class=\"yoast-schema-graph\">{\"@context\":\"https:\\\/\\\/schema.org\",\"@graph\":[{\"@type\":\"Article\",\"@id\":\"https:\\\/\\\/latamjournalismreview.org\\\/pt-br\\\/articles\\\/terceira-conferencia-latino-americana-sobre-diversidade-no-jornalismo-discute-como-visoes-interseccionais-beneficiam-cobertura-da-midia\\\/#article\",\"isPartOf\":{\"@id\":\"https:\\\/\\\/latamjournalismreview.org\\\/pt-br\\\/articles\\\/terceira-conferencia-latino-americana-sobre-diversidade-no-jornalismo-discute-como-visoes-interseccionais-beneficiam-cobertura-da-midia\\\/\"},\"author\":{\"name\":\"Katherine Pennacchio\",\"@id\":\"https:\\\/\\\/latamjournalismreview.org\\\/pt-br\\\/#\\\/schema\\\/person\\\/35fb0fc8541711528b3683cd6bf42190\"},\"headline\":\"Terceira Confer\u00eancia Latino-Americana sobre Diversidade no Jornalismo discute como vis\u00f5es interseccionais beneficiam cobertura da m\u00eddia\",\"datePublished\":\"2023-10-25T14:18:13+00:00\",\"mainEntityOfPage\":{\"@id\":\"https:\\\/\\\/latamjournalismreview.org\\\/pt-br\\\/articles\\\/terceira-conferencia-latino-americana-sobre-diversidade-no-jornalismo-discute-como-visoes-interseccionais-beneficiam-cobertura-da-midia\\\/\"},\"wordCount\":1081,\"publisher\":{\"@id\":\"https:\\\/\\\/latamjournalismreview.org\\\/pt-br\\\/#organization\"},\"image\":{\"@id\":\"https:\\\/\\\/latamjournalismreview.org\\\/pt-br\\\/articles\\\/terceira-conferencia-latino-americana-sobre-diversidade-no-jornalismo-discute-como-visoes-interseccionais-beneficiam-cobertura-da-midia\\\/#primaryimage\"},\"thumbnailUrl\":\"https:\\\/\\\/latamjournalismreview.org\\\/wp-content\\\/uploads\\\/2023\\\/10\\\/FEATUREDconferencia.png\",\"articleSection\":[\"N\u00e3o categorizado\"],\"inLanguage\":\"pt-BR\"},{\"@type\":\"WebPage\",\"@id\":\"https:\\\/\\\/latamjournalismreview.org\\\/pt-br\\\/articles\\\/terceira-conferencia-latino-americana-sobre-diversidade-no-jornalismo-discute-como-visoes-interseccionais-beneficiam-cobertura-da-midia\\\/\",\"url\":\"https:\\\/\\\/latamjournalismreview.org\\\/pt-br\\\/articles\\\/terceira-conferencia-latino-americana-sobre-diversidade-no-jornalismo-discute-como-visoes-interseccionais-beneficiam-cobertura-da-midia\\\/\",\"name\":\"Terceira Confer\u00eancia Latino-Americana sobre Diversidade no Jornalismo discute como vis\u00f5es interseccionais beneficiam cobertura da m\u00eddia - LatAm Journalism Review by the Knight Center\",\"isPartOf\":{\"@id\":\"https:\\\/\\\/latamjournalismreview.org\\\/pt-br\\\/#website\"},\"primaryImageOfPage\":{\"@id\":\"https:\\\/\\\/latamjournalismreview.org\\\/pt-br\\\/articles\\\/terceira-conferencia-latino-americana-sobre-diversidade-no-jornalismo-discute-como-visoes-interseccionais-beneficiam-cobertura-da-midia\\\/#primaryimage\"},\"image\":{\"@id\":\"https:\\\/\\\/latamjournalismreview.org\\\/pt-br\\\/articles\\\/terceira-conferencia-latino-americana-sobre-diversidade-no-jornalismo-discute-como-visoes-interseccionais-beneficiam-cobertura-da-midia\\\/#primaryimage\"},\"thumbnailUrl\":\"https:\\\/\\\/latamjournalismreview.org\\\/wp-content\\\/uploads\\\/2023\\\/10\\\/FEATUREDconferencia.png\",\"datePublished\":\"2023-10-25T14:18:13+00:00\",\"description\":\"Terceira Confer\u00eancia Latino-Americana sobre Diversidade no Jornalismo discute como vis\u00f5es interseccionais beneficiam cobertura da m\u00eddia .Durante a Terceira Confer\u00eancia Latino-Americana sobre Diversidade no Jornalismo, palestrantes enfatizaram a import\u00e2ncia de incluir uma vis\u00e3o interseccional em quest\u00f5es de diversidade e de dar espa\u00e7o a m\u00faltiplas vozes nas hist\u00f3rias.\",\"breadcrumb\":{\"@id\":\"https:\\\/\\\/latamjournalismreview.org\\\/pt-br\\\/articles\\\/terceira-conferencia-latino-americana-sobre-diversidade-no-jornalismo-discute-como-visoes-interseccionais-beneficiam-cobertura-da-midia\\\/#breadcrumb\"},\"inLanguage\":\"pt-BR\",\"potentialAction\":[{\"@type\":\"ReadAction\",\"target\":[\"https:\\\/\\\/latamjournalismreview.org\\\/pt-br\\\/articles\\\/terceira-conferencia-latino-americana-sobre-diversidade-no-jornalismo-discute-como-visoes-interseccionais-beneficiam-cobertura-da-midia\\\/\"]}]},{\"@type\":\"ImageObject\",\"inLanguage\":\"pt-BR\",\"@id\":\"https:\\\/\\\/latamjournalismreview.org\\\/pt-br\\\/articles\\\/terceira-conferencia-latino-americana-sobre-diversidade-no-jornalismo-discute-como-visoes-interseccionais-beneficiam-cobertura-da-midia\\\/#primaryimage\",\"url\":\"https:\\\/\\\/latamjournalismreview.org\\\/wp-content\\\/uploads\\\/2023\\\/10\\\/FEATUREDconferencia.png\",\"contentUrl\":\"https:\\\/\\\/latamjournalismreview.org\\\/wp-content\\\/uploads\\\/2023\\\/10\\\/FEATUREDconferencia.png\",\"width\":507,\"height\":340,\"caption\":\"Ilustraci\u00f3n: Red para la Diversidad en el Periodismo Latinoamericano\"},{\"@type\":\"BreadcrumbList\",\"@id\":\"https:\\\/\\\/latamjournalismreview.org\\\/pt-br\\\/articles\\\/terceira-conferencia-latino-americana-sobre-diversidade-no-jornalismo-discute-como-visoes-interseccionais-beneficiam-cobertura-da-midia\\\/#breadcrumb\",\"itemListElement\":[{\"@type\":\"ListItem\",\"position\":1,\"name\":\"Home\",\"item\":\"https:\\\/\\\/latamjournalismreview.org\\\/pt-br\\\/\"},{\"@type\":\"ListItem\",\"position\":2,\"name\":\"Terceira Confer\u00eancia Latino-Americana sobre Diversidade no Jornalismo discute como vis\u00f5es interseccionais beneficiam cobertura da m\u00eddia\"}]},{\"@type\":\"WebSite\",\"@id\":\"https:\\\/\\\/latamjournalismreview.org\\\/pt-br\\\/#website\",\"url\":\"https:\\\/\\\/latamjournalismreview.org\\\/pt-br\\\/\",\"name\":\"LatAm Journalism Review\",\"description\":\"Digital magazine on journalism in Latin America\",\"publisher\":{\"@id\":\"https:\\\/\\\/latamjournalismreview.org\\\/pt-br\\\/#organization\"},\"potentialAction\":[{\"@type\":\"SearchAction\",\"target\":{\"@type\":\"EntryPoint\",\"urlTemplate\":\"https:\\\/\\\/latamjournalismreview.org\\\/pt-br\\\/?s={search_term_string}\"},\"query-input\":{\"@type\":\"PropertyValueSpecification\",\"valueRequired\":true,\"valueName\":\"search_term_string\"}}],\"inLanguage\":\"pt-BR\"},{\"@type\":\"Organization\",\"@id\":\"https:\\\/\\\/latamjournalismreview.org\\\/pt-br\\\/#organization\",\"name\":\"LatAm Journalism Review\",\"url\":\"https:\\\/\\\/latamjournalismreview.org\\\/pt-br\\\/\",\"logo\":{\"@type\":\"ImageObject\",\"inLanguage\":\"pt-BR\",\"@id\":\"https:\\\/\\\/latamjournalismreview.org\\\/pt-br\\\/#\\\/schema\\\/logo\\\/image\\\/\",\"url\":\"https:\\\/\\\/latamjournalismreview.org\\\/wp-content\\\/uploads\\\/2020\\\/05\\\/knight-latAm-review-logo.svg\",\"contentUrl\":\"https:\\\/\\\/latamjournalismreview.org\\\/wp-content\\\/uploads\\\/2020\\\/05\\\/knight-latAm-review-logo.svg\",\"width\":\"1024\",\"height\":\"1024\",\"caption\":\"LatAm Journalism Review\"},\"image\":{\"@id\":\"https:\\\/\\\/latamjournalismreview.org\\\/pt-br\\\/#\\\/schema\\\/logo\\\/image\\\/\"},\"sameAs\":[\"https:\\\/\\\/x.com\\\/LatAmJournalism\"]},{\"@type\":\"Person\",\"@id\":\"https:\\\/\\\/latamjournalismreview.org\\\/pt-br\\\/#\\\/schema\\\/person\\\/35fb0fc8541711528b3683cd6bf42190\",\"name\":\"Katherine Pennacchio\",\"description\":\"Katherine Pennacchio is a Venezuelan journalist with a master's degree in Investigative, Data and Visualization Journalism from Unidad Editorial and the Rey Juan Carlos University of Madrid. Katherine is passionate about data analysis and currently works as a freelancer. ____ Katherine Pennacchio es una periodista venezolana con una maestr\u00eda en Periodismo de Investigaci\u00f3n, Datos y Visualizaci\u00f3n de la Unidad Editorial y la Universidad Rey Juan Carlos de Madrid. Katherine es una apasionada del an\u00e1lisis de datos y actualmente trabaja como independiente.\",\"sameAs\":[\"https:\\\/\\\/x.com\\\/kathypennacchio\"],\"url\":\"https:\\\/\\\/latamjournalismreview.org\\\/pt-br\\\/articles\\\/author\\\/katherine-pennacchio\\\/\"}]}<\/script>\n<!-- \/ Yoast SEO Premium plugin. -->","yoast_head_json":{"title":"Terceira Confer\u00eancia Latino-Americana sobre Diversidade no Jornalismo discute como vis\u00f5es interseccionais beneficiam cobertura da m\u00eddia - LatAm Journalism Review by the Knight Center","description":"Terceira Confer\u00eancia Latino-Americana sobre Diversidade no Jornalismo discute como vis\u00f5es interseccionais beneficiam cobertura da m\u00eddia .Durante a Terceira Confer\u00eancia Latino-Americana sobre Diversidade no Jornalismo, palestrantes enfatizaram a import\u00e2ncia de incluir uma vis\u00e3o interseccional em quest\u00f5es de diversidade e de dar espa\u00e7o a m\u00faltiplas vozes nas hist\u00f3rias.","robots":{"index":"index","follow":"follow","max-snippet":"max-snippet:-1","max-image-preview":"max-image-preview:large","max-video-preview":"max-video-preview:-1"},"canonical":"https:\/\/latamjournalismreview.org\/pt-br\/articles\/terceira-conferencia-latino-americana-sobre-diversidade-no-jornalismo-discute-como-visoes-interseccionais-beneficiam-cobertura-da-midia\/","og_locale":"pt_BR","og_type":"article","og_title":"Terceira Confer\u00eancia Latino-Americana sobre Diversidade no Jornalismo discute como vis\u00f5es interseccionais beneficiam cobertura da m\u00eddia","og_description":"Terceira Confer\u00eancia Latino-Americana sobre Diversidade no Jornalismo discute como vis\u00f5es interseccionais beneficiam cobertura da m\u00eddia .Durante a Terceira Confer\u00eancia Latino-Americana sobre Diversidade no Jornalismo, palestrantes enfatizaram a import\u00e2ncia de incluir uma vis\u00e3o interseccional em quest\u00f5es de diversidade e de dar espa\u00e7o a m\u00faltiplas vozes nas hist\u00f3rias.","og_url":"https:\/\/latamjournalismreview.org\/pt-br\/articles\/terceira-conferencia-latino-americana-sobre-diversidade-no-jornalismo-discute-como-visoes-interseccionais-beneficiam-cobertura-da-midia\/","og_site_name":"LatAm Journalism Review by the Knight Center","article_published_time":"2023-10-25T14:18:13+00:00","og_image":[{"width":507,"height":340,"url":"https:\/\/latamjournalismreview.org\/wp-content\/uploads\/2023\/10\/FEATUREDconferencia.png","type":"image\/png"}],"author":"Katherine Pennacchio","twitter_card":"summary_large_image","twitter_creator":"@kathypennacchio","twitter_site":"@LatAmJournalism","twitter_misc":{"Written by":"Katherine Pennacchio","Est. reading time":"5 minutos"},"schema":{"@context":"https:\/\/schema.org","@graph":[{"@type":"Article","@id":"https:\/\/latamjournalismreview.org\/pt-br\/articles\/terceira-conferencia-latino-americana-sobre-diversidade-no-jornalismo-discute-como-visoes-interseccionais-beneficiam-cobertura-da-midia\/#article","isPartOf":{"@id":"https:\/\/latamjournalismreview.org\/pt-br\/articles\/terceira-conferencia-latino-americana-sobre-diversidade-no-jornalismo-discute-como-visoes-interseccionais-beneficiam-cobertura-da-midia\/"},"author":{"name":"Katherine Pennacchio","@id":"https:\/\/latamjournalismreview.org\/pt-br\/#\/schema\/person\/35fb0fc8541711528b3683cd6bf42190"},"headline":"Terceira Confer\u00eancia Latino-Americana sobre Diversidade no Jornalismo discute como vis\u00f5es interseccionais beneficiam cobertura da m\u00eddia","datePublished":"2023-10-25T14:18:13+00:00","mainEntityOfPage":{"@id":"https:\/\/latamjournalismreview.org\/pt-br\/articles\/terceira-conferencia-latino-americana-sobre-diversidade-no-jornalismo-discute-como-visoes-interseccionais-beneficiam-cobertura-da-midia\/"},"wordCount":1081,"publisher":{"@id":"https:\/\/latamjournalismreview.org\/pt-br\/#organization"},"image":{"@id":"https:\/\/latamjournalismreview.org\/pt-br\/articles\/terceira-conferencia-latino-americana-sobre-diversidade-no-jornalismo-discute-como-visoes-interseccionais-beneficiam-cobertura-da-midia\/#primaryimage"},"thumbnailUrl":"https:\/\/latamjournalismreview.org\/wp-content\/uploads\/2023\/10\/FEATUREDconferencia.png","articleSection":["N\u00e3o categorizado"],"inLanguage":"pt-BR"},{"@type":"WebPage","@id":"https:\/\/latamjournalismreview.org\/pt-br\/articles\/terceira-conferencia-latino-americana-sobre-diversidade-no-jornalismo-discute-como-visoes-interseccionais-beneficiam-cobertura-da-midia\/","url":"https:\/\/latamjournalismreview.org\/pt-br\/articles\/terceira-conferencia-latino-americana-sobre-diversidade-no-jornalismo-discute-como-visoes-interseccionais-beneficiam-cobertura-da-midia\/","name":"Terceira Confer\u00eancia Latino-Americana sobre Diversidade no Jornalismo discute como vis\u00f5es interseccionais beneficiam cobertura da m\u00eddia - LatAm Journalism Review by the Knight Center","isPartOf":{"@id":"https:\/\/latamjournalismreview.org\/pt-br\/#website"},"primaryImageOfPage":{"@id":"https:\/\/latamjournalismreview.org\/pt-br\/articles\/terceira-conferencia-latino-americana-sobre-diversidade-no-jornalismo-discute-como-visoes-interseccionais-beneficiam-cobertura-da-midia\/#primaryimage"},"image":{"@id":"https:\/\/latamjournalismreview.org\/pt-br\/articles\/terceira-conferencia-latino-americana-sobre-diversidade-no-jornalismo-discute-como-visoes-interseccionais-beneficiam-cobertura-da-midia\/#primaryimage"},"thumbnailUrl":"https:\/\/latamjournalismreview.org\/wp-content\/uploads\/2023\/10\/FEATUREDconferencia.png","datePublished":"2023-10-25T14:18:13+00:00","description":"Terceira Confer\u00eancia Latino-Americana sobre Diversidade no Jornalismo discute como vis\u00f5es interseccionais beneficiam cobertura da m\u00eddia .Durante a Terceira Confer\u00eancia Latino-Americana sobre Diversidade no Jornalismo, palestrantes enfatizaram a import\u00e2ncia de incluir uma vis\u00e3o interseccional em quest\u00f5es de diversidade e de dar espa\u00e7o a m\u00faltiplas vozes nas hist\u00f3rias.","breadcrumb":{"@id":"https:\/\/latamjournalismreview.org\/pt-br\/articles\/terceira-conferencia-latino-americana-sobre-diversidade-no-jornalismo-discute-como-visoes-interseccionais-beneficiam-cobertura-da-midia\/#breadcrumb"},"inLanguage":"pt-BR","potentialAction":[{"@type":"ReadAction","target":["https:\/\/latamjournalismreview.org\/pt-br\/articles\/terceira-conferencia-latino-americana-sobre-diversidade-no-jornalismo-discute-como-visoes-interseccionais-beneficiam-cobertura-da-midia\/"]}]},{"@type":"ImageObject","inLanguage":"pt-BR","@id":"https:\/\/latamjournalismreview.org\/pt-br\/articles\/terceira-conferencia-latino-americana-sobre-diversidade-no-jornalismo-discute-como-visoes-interseccionais-beneficiam-cobertura-da-midia\/#primaryimage","url":"https:\/\/latamjournalismreview.org\/wp-content\/uploads\/2023\/10\/FEATUREDconferencia.png","contentUrl":"https:\/\/latamjournalismreview.org\/wp-content\/uploads\/2023\/10\/FEATUREDconferencia.png","width":507,"height":340,"caption":"Ilustraci\u00f3n: Red para la Diversidad en el Periodismo Latinoamericano"},{"@type":"BreadcrumbList","@id":"https:\/\/latamjournalismreview.org\/pt-br\/articles\/terceira-conferencia-latino-americana-sobre-diversidade-no-jornalismo-discute-como-visoes-interseccionais-beneficiam-cobertura-da-midia\/#breadcrumb","itemListElement":[{"@type":"ListItem","position":1,"name":"Home","item":"https:\/\/latamjournalismreview.org\/pt-br\/"},{"@type":"ListItem","position":2,"name":"Terceira Confer\u00eancia Latino-Americana sobre Diversidade no Jornalismo discute como vis\u00f5es interseccionais beneficiam cobertura da m\u00eddia"}]},{"@type":"WebSite","@id":"https:\/\/latamjournalismreview.org\/pt-br\/#website","url":"https:\/\/latamjournalismreview.org\/pt-br\/","name":"LatAm Journalism Review","description":"Digital magazine on journalism in Latin America","publisher":{"@id":"https:\/\/latamjournalismreview.org\/pt-br\/#organization"},"potentialAction":[{"@type":"SearchAction","target":{"@type":"EntryPoint","urlTemplate":"https:\/\/latamjournalismreview.org\/pt-br\/?s={search_term_string}"},"query-input":{"@type":"PropertyValueSpecification","valueRequired":true,"valueName":"search_term_string"}}],"inLanguage":"pt-BR"},{"@type":"Organization","@id":"https:\/\/latamjournalismreview.org\/pt-br\/#organization","name":"LatAm Journalism Review","url":"https:\/\/latamjournalismreview.org\/pt-br\/","logo":{"@type":"ImageObject","inLanguage":"pt-BR","@id":"https:\/\/latamjournalismreview.org\/pt-br\/#\/schema\/logo\/image\/","url":"https:\/\/latamjournalismreview.org\/wp-content\/uploads\/2020\/05\/knight-latAm-review-logo.svg","contentUrl":"https:\/\/latamjournalismreview.org\/wp-content\/uploads\/2020\/05\/knight-latAm-review-logo.svg","width":"1024","height":"1024","caption":"LatAm Journalism Review"},"image":{"@id":"https:\/\/latamjournalismreview.org\/pt-br\/#\/schema\/logo\/image\/"},"sameAs":["https:\/\/x.com\/LatAmJournalism"]},{"@type":"Person","@id":"https:\/\/latamjournalismreview.org\/pt-br\/#\/schema\/person\/35fb0fc8541711528b3683cd6bf42190","name":"Katherine Pennacchio","description":"Katherine Pennacchio is a Venezuelan journalist with a master's degree in Investigative, Data and Visualization Journalism from Unidad Editorial and the Rey Juan Carlos University of Madrid. Katherine is passionate about data analysis and currently works as a freelancer. ____ Katherine Pennacchio es una periodista venezolana con una maestr\u00eda en Periodismo de Investigaci\u00f3n, Datos y Visualizaci\u00f3n de la Unidad Editorial y la Universidad Rey Juan Carlos de Madrid. Katherine es una apasionada del an\u00e1lisis de datos y actualmente trabaja como independiente.","sameAs":["https:\/\/x.com\/kathypennacchio"],"url":"https:\/\/latamjournalismreview.org\/pt-br\/articles\/author\/katherine-pennacchio\/"}]}},"_links":{"self":[{"href":"https:\/\/latamjournalismreview.org\/pt-br\/wp-json\/wp\/v2\/posts\/81092","targetHints":{"allow":["GET"]}}],"collection":[{"href":"https:\/\/latamjournalismreview.org\/pt-br\/wp-json\/wp\/v2\/posts"}],"about":[{"href":"https:\/\/latamjournalismreview.org\/pt-br\/wp-json\/wp\/v2\/types\/post"}],"author":[{"embeddable":true,"href":"https:\/\/latamjournalismreview.org\/pt-br\/wp-json\/wp\/v2\/users\/36"}],"replies":[{"embeddable":true,"href":"https:\/\/latamjournalismreview.org\/pt-br\/wp-json\/wp\/v2\/comments?post=81092"}],"version-history":[{"count":1,"href":"https:\/\/latamjournalismreview.org\/pt-br\/wp-json\/wp\/v2\/posts\/81092\/revisions"}],"predecessor-version":[{"id":81094,"href":"https:\/\/latamjournalismreview.org\/pt-br\/wp-json\/wp\/v2\/posts\/81092\/revisions\/81094"}],"wp:featuredmedia":[{"embeddable":true,"href":"https:\/\/latamjournalismreview.org\/pt-br\/wp-json\/wp\/v2\/media\/81072"}],"wp:attachment":[{"href":"https:\/\/latamjournalismreview.org\/pt-br\/wp-json\/wp\/v2\/media?parent=81092"}],"wp:term":[{"taxonomy":"category","embeddable":true,"href":"https:\/\/latamjournalismreview.org\/pt-br\/wp-json\/wp\/v2\/categories?post=81092"},{"taxonomy":"post_tag","embeddable":true,"href":"https:\/\/latamjournalismreview.org\/pt-br\/wp-json\/wp\/v2\/tags?post=81092"},{"taxonomy":"author","embeddable":true,"href":"https:\/\/latamjournalismreview.org\/pt-br\/wp-json\/wp\/v2\/coauthors?post=81092"}],"curies":[{"name":"wp","href":"https:\/\/api.w.org\/{rel}","templated":true}]}}