{"id":82747,"date":"2023-12-07T15:54:02","date_gmt":"2023-12-07T21:54:02","guid":{"rendered":"https:\/\/latamjournalismreview.org\/?p=82747"},"modified":"2023-12-07T15:56:27","modified_gmt":"2023-12-07T21:56:27","slug":"10-projetos-jornalisticos-inovadores-que-causaram-impacto-na-america-latina-em-2023","status":"publish","type":"post","link":"https:\/\/latamjournalismreview.org\/pt-br\/articles\/10-projetos-jornalisticos-inovadores-que-causaram-impacto-na-america-latina-em-2023\/","title":{"rendered":"10 projetos jornal\u00edsticos inovadores que causaram impacto na Am\u00e9rica Latina em 2023"},"content":{"rendered":"<p dir=\"ltr\">O jornalismo inovador \u00e9 forjado na interse\u00e7\u00e3o de tecnologia, narrativas e solu\u00e7\u00f5es criativas para melhorar a maneira como informamos e atendemos ao p\u00fablico.<\/p>\n<p dir=\"ltr\">Na\u00a0<strong>LatAm Journalism Review (LJR)<\/strong>, destacamos 10 projetos de jornalismo da Am\u00e9rica Latina que causaram impacto ou foram reconhecidos em 2023.<\/p>\n<p dir=\"ltr\">Ferramentas de intelig\u00eancia artificial, jogos interativos, narrativas com geolocaliza\u00e7\u00e3o e trabalho colaborativo s\u00e3o alguns dos elementos inovadores com os quais esses trabalhos fizeram uma cobertura excepcional de elei\u00e7\u00f5es, viola\u00e7\u00f5es de direitos humanos e mudan\u00e7as clim\u00e1ticas, entre outros temas.<\/p>\n<p dir=\"ltr\">Outros projetos propuseram solu\u00e7\u00f5es inovadoras para melhorar a pr\u00e1tica do jornalismo e combater a desinforma\u00e7\u00e3o e o discurso de \u00f3dio.<\/p>\n<h3 id=\"ea1bee309e0e0c2af1089222e450f36a5\" dir=\"ltr\">Radiograf\u00eda de homicidios<\/h3>\n<p dir=\"ltr\">O meio digital de jornalismo investigativo\u00a0<a href=\"https:\/\/www.idl-reporteros.pe\/\" target=\"_blank\" rel=\"noopener noreferrer\"><u>IDL-Reporteros<\/u><\/a>, do Peru, publicou em fevereiro deste ano\u00a0<a href=\"https:\/\/latamjournalismreview.org\/es\/articles\/reportaje-de-medio-peruano-idl-reporteros-ganador-del-premio-gabo-muestra-alcance-del-periodismo-de-reconstruccion-para-cubrir-represion-social\/\" target=\"_blank\" rel=\"noopener noreferrer\"><u>\"Ayacucho: Radiograf\u00eda de homicidios\"<\/u><\/a>, uma reportagem em v\u00eddeo que, por meio do uso de material audiovisual de fontes abertas, reconstruiu o massacre ocorrido na cidade de Ayacucho em dezembro de 2022.<\/p>\n<p dir=\"ltr\">Gra\u00e7as a uma an\u00e1lise minuciosa de imagens de testemunhas e redes sociais, bem como ao uso das fun\u00e7\u00f5es de geolocaliza\u00e7\u00e3o e medi\u00e7\u00e3o de dist\u00e2ncia do Google Earth, os autores informaram que pelo menos seis manifestantes foram mortos pelos militares, contradizendo a vers\u00e3o oficial do governo peruano.<\/p>\n<p dir=\"ltr\">De acordo com seus criadores, a reportagem foi incorporada como prova na investiga\u00e7\u00e3o do caso no Minist\u00e9rio P\u00fablico de Ayacucho.<\/p>\n<p dir=\"ltr\">Tamb\u00e9m ganhou o Pr\u00eamio Gabo 2023 na categoria Imagem. O j\u00fari destacou o uso do formato de reconstru\u00e7\u00e3o em v\u00eddeo pela IDL-Reporteros que, com recursos limitados e informa\u00e7\u00f5es oficiais escassas, conseguiu contar o que as autoridades ocultaram.<\/p>\n<p dir=\"ltr\">O j\u00fari tamb\u00e9m prop\u00f4s que os jornalistas da regi\u00e3o usem o modelo de trabalho por tr\u00e1s de \"Ayacucho: Radiograf\u00eda de homicidios\" para cobrir hist\u00f3rias de repress\u00e3o e viola\u00e7\u00f5es de direitos humanos.<\/p>\n<div class=\"wp-block-image\" style=\"padding-left: 40px;\"><img loading=\"lazy\" decoding=\"async\" id=\"longdesc-return-78421\" class=\"alignnone wp-image-78423\" tabindex=\"-1\" src=\"https:\/\/latamjournalismreview.org\/wp-content\/uploads\/2023\/08\/Ayacucho-Homicidios-2.png\" alt=\"Screenshot of the investigation &quot;Radiograf\u00eda de Homicidios&quot;, by Peruvian media outlet IDL-Reporteros.\" width=\"400\" height=\"218\" longdesc=\"https:\/\/latamjournalismreview.org?longdesc=78421&amp;referrer=82720\" srcset=\"https:\/\/latamjournalismreview.org\/wp-content\/uploads\/2023\/08\/Ayacucho-Homicidios-2.png 2873w, https:\/\/latamjournalismreview.org\/wp-content\/uploads\/2023\/08\/Ayacucho-Homicidios-2-300x164.png 300w, https:\/\/latamjournalismreview.org\/wp-content\/uploads\/2023\/08\/Ayacucho-Homicidios-2-1024x559.png 1024w, https:\/\/latamjournalismreview.org\/wp-content\/uploads\/2023\/08\/Ayacucho-Homicidios-2-768x419.png 768w, https:\/\/latamjournalismreview.org\/wp-content\/uploads\/2023\/08\/Ayacucho-Homicidios-2-1536x838.png 1536w, https:\/\/latamjournalismreview.org\/wp-content\/uploads\/2023\/08\/Ayacucho-Homicidios-2-2048x1117.png 2048w\" sizes=\"auto, (max-width: 400px) 100vw, 400px\" \/><\/div>\n<p dir=\"ltr\" style=\"padding-left: 40px;\"><strong>Nome:\u00a0<\/strong><a href=\"https:\/\/www.idl-reporteros.pe\/radiografia-de-homicidios\/\" target=\"_blank\" rel=\"noopener noreferrer\"><u>Ayacucho: Radiograf\u00eda de homicidios<\/u><\/a><\/p>\n<p dir=\"ltr\" style=\"padding-left: 40px;\"><strong>Criadores:\u00a0<\/strong>Rosa Laura e C\u00e9sar Prado (IDL-Reporteros, Peru)<\/p>\n<p dir=\"ltr\" style=\"padding-left: 40px;\"><strong>Data de lan\u00e7amento:\u00a0<\/strong>12 de fevereiro de 2023<\/p>\n<p dir=\"ltr\" style=\"padding-left: 40px;\"><strong>Financiamento:\u00a0<\/strong>Recursos do pr\u00f3prio meio<\/p>\n<p dir=\"ltr\" style=\"padding-left: 40px;\"><strong>Por que \u00e9 inovador:<\/strong> Utilizou t\u00e9cnicas de reconstru\u00e7\u00e3o forense com material de fontes abertas e uma narrativa em v\u00eddeo com elementos de georreferenciamento e linha do tempo.<\/p>\n<h3 id=\"e2090da8888fdf5e9c8730485ea2ac119\" dir=\"ltr\">La ciudad sumergida<\/h3>\n<p dir=\"ltr\">Uma investiga\u00e7\u00e3o inovadora reportou que infraestrutura crucial do Uruguai e tanto os bairros mais vulner\u00e1veis e mais ricos de sua capital correm o risco de ficar submersos se os efeitos das mudan\u00e7as clim\u00e1ticas n\u00e3o forem controlados. Trata-se de\u00a0<a href=\"https:\/\/latamjournalismreview.org\/es\/articles\/investigacion-sobre-el-impacto-del-cambio-climatico-en-uruguay-consigue-repercusion-mediatica-y-social\/\" target=\"_blank\" rel=\"noopener noreferrer\"><u>\u201cLa Ciudad Sumergida\u201d<\/u><\/a> (\"A Cidade Submersa\"), um projeto de jornalismo de dados com foco clim\u00e1tico desenvolvido pelo meio de jornalismo cient\u00edfico e tecnol\u00f3gico uruguaio\u00a0<a href=\"https:\/\/amenazaroboto.com\/\" target=\"_blank\" rel=\"noopener noreferrer\"><u>Amenaza Roboto<\/u><\/a>, em colabora\u00e7\u00e3o com uma equipe de cientistas.<\/p>\n<p dir=\"ltr\">A investiga\u00e7\u00e3o, a primeira no pa\u00eds a analisar a linha de inunda\u00e7\u00e3o e seu impacto sobre a popula\u00e7\u00e3o e a infraestrutura cr\u00edtica ao longo da costa de Montevid\u00e9u, revelou informa\u00e7\u00f5es relevantes para os cidad\u00e3os que permaneciam ocultas em documentos p\u00fablicos do Estado uruguaio. Como parte de sua metodologia, a Amenaza Roboto usou v\u00e1rios bancos de dados, bem como sistemas de informa\u00e7\u00f5es geogr\u00e1ficas (GIS) e outras ferramentas de visualiza\u00e7\u00e3o para mostrar os poss\u00edveis danos e a import\u00e2ncia de desenvolver estrat\u00e9gias de risco de inunda\u00e7\u00e3o.<\/p>\n<p dir=\"ltr\">Al\u00e9m de ganhar um pr\u00eamio Sigma pelo melhor em jornalismo de dados, \"La Ciudad Sumergida\" teve grande impacto social e midi\u00e1tico no Uruguai e, de acordo com seus criadores, inspirou outros meios de comunica\u00e7\u00e3o da regi\u00e3o a fazer investiga\u00e7\u00f5es semelhantes. Tamb\u00e9m deu origem a novos bancos de dados que foram disponibilizados ao p\u00fablico em formato aberto.<\/p>\n<p style=\"padding-left: 40px;\"><img loading=\"lazy\" decoding=\"async\" class=\"alignnone wp-image-3798 size-full\" src=\"https:\/\/latamjournalismreview.org\/wp-content\/uploads\/2020\/05\/Natalia-Arralde-Miguel-Dobrich-and-Salvador-Banchero-from-Amenaza-Roboto-at-ONA-2019.-Foto-Tali-Kimelman.jpg\" alt=\"Natalia Arralde, Miguel Dobrich y Salvador Banchero, de Amenaza Roboto, en ONA 2019. (Foto: Tali Kimelman).\" width=\"320\" height=\"213\" srcset=\"https:\/\/latamjournalismreview.org\/wp-content\/uploads\/2020\/05\/Natalia-Arralde-Miguel-Dobrich-and-Salvador-Banchero-from-Amenaza-Roboto-at-ONA-2019.-Foto-Tali-Kimelman.jpg 320w, https:\/\/latamjournalismreview.org\/wp-content\/uploads\/2020\/05\/Natalia-Arralde-Miguel-Dobrich-and-Salvador-Banchero-from-Amenaza-Roboto-at-ONA-2019.-Foto-Tali-Kimelman-300x200.jpg 300w\" sizes=\"auto, (max-width: 320px) 100vw, 320px\" \/><\/p>\n<p dir=\"ltr\" style=\"padding-left: 40px;\"><strong>Nome:<\/strong>\u00a0<a href=\"https:\/\/amenazaroboto.com\/uruguay2100\/montevideo\" target=\"_blank\" rel=\"noopener noreferrer\"><u>La ciudad sumergida<\/u><\/a> (A cidade submersa)<\/p>\n<p dir=\"ltr\" style=\"padding-left: 40px;\"><strong>Criadores:<\/strong> Gabriel Far\u00edas, Natalie Aubet, Miguel \u00c1ngel Dobrich e Nahuel Lamas (Uruguai)<\/p>\n<p dir=\"ltr\" style=\"padding-left: 40px;\"><strong>Data de lan\u00e7amento:<\/strong> 22 de novembro de 2022<\/p>\n<p dir=\"ltr\" style=\"padding-left: 40px;\"><strong>Financiamento:<\/strong> Fundos do Concurso de Dados Clim\u00e1ticos Abertos do Minist\u00e9rio do Meio Ambiente do Uruguai, Agesic, Open Data Charter e Banco Interamericano de Desenvolvimento.<\/p>\n<p dir=\"ltr\" style=\"padding-left: 40px;\"><strong>Por que \u00e9 inovador:<\/strong> Foi a primeira investiga\u00e7\u00e3o a analisar a linha de inunda\u00e7\u00e3o de Montevid\u00e9u e seu impacto na popula\u00e7\u00e3o e na infraestrutura.<\/p>\n<h3 id=\"e969fde572d02ed58e3afc9fe7456519c\" dir=\"ltr\">Image2Text<\/h3>\n<p dir=\"ltr\">Um grupo de jornalistas de pa\u00edses do Sul Global deu um passo em dire\u00e7\u00e3o ao desenvolvimento de uma intelig\u00eancia artificial mais inclusiva e com menos vi\u00e9s racial.<\/p>\n<p dir=\"ltr\">Jornalistas do\u00a0<a href=\"https:\/\/octubre.com\/\" target=\"_blank\" rel=\"noopener noreferrer\"><u>Grupo Octubre<\/u><\/a> (Argentina),\u00a0<a href=\"https:\/\/www.surtidor.com\/\" target=\"_blank\" rel=\"noopener noreferrer\"><u>El Surtidor<\/u><\/a> (Paraguai) e\u00a0<a href=\"https:\/\/www.gmanetwork.com\/\" target=\"_blank\" rel=\"noopener noreferrer\"><u>GMA Network<\/u><\/a> (Filipinas) criaram uma plataforma que usa intelig\u00eancia artificial para identificar e marcar imagens e v\u00eddeos do material de arquivo da reda\u00e7\u00e3o, com a inten\u00e7\u00e3o de tornar os processos de pesquisa mais eficientes.<\/p>\n<p dir=\"ltr\">O resultado foi o\u00a0<a href=\"https:\/\/latamjournalismreview.org\/es\/articles\/periodistas-de-argentina-paraguay-y-filipinas-desarrollan-modelo-de-reconocimiento-de-imagenes-que-busca-hacer-la-inteligencia-artificial-mas-inclusiva\/\" target=\"_blank\" rel=\"noopener noreferrer\"><u>Image2Text<\/u><\/a>, uma API (interface de programa\u00e7\u00e3o de aplicativos) que, al\u00e9m de ser capaz de reconhecer e marcar rostos em material audiovisual, foi criada de forma que cada usu\u00e1rio possa contribuir com suas pr\u00f3prias imagens para o treinamento de seus algoritmos. O objetivo \u00e9 fazer com que a ferramenta funcione cada vez melhor no contexto de pa\u00edses que n\u00e3o falam ingl\u00eas.<\/p>\n<p dir=\"ltr\">O projeto tem como precedente a\u00a0<a href=\"https:\/\/visionlatina.media\/\" target=\"_blank\" rel=\"noopener noreferrer\"><u>Visi\u00f3n Latina<\/u><\/a>, a plataforma de reconhecimento visual desenvolvida pelo Grupo Octubre como parte do\u00a0<a href=\"https:\/\/newsinitiative.withgoogle.com\/resources\/programs\/innovation-challenges\/\" target=\"_blank\" rel=\"noopener noreferrer\"><u>Desafio de Inova\u00e7\u00e3o 2021 da Google News Initiative<\/u><\/a>, que j\u00e1 \u00e9 usada pelos canais do grupo e est\u00e1 dispon\u00edvel para outros meios de comunica\u00e7\u00e3o.<\/p>\n<p dir=\"ltr\">O Image2Text foi lan\u00e7ado no in\u00edcio deste ano como um arquivo aberto no GitHub, acompanhado de um pacote inicial para que os meios de comunica\u00e7\u00e3o interessados possam executar a API em suas reda\u00e7\u00f5es. A pr\u00f3xima etapa do projeto \u00e9 criar uma interface f\u00e1cil de usar para que qualquer jornalista possa executar o Image2Text sem conhecimentos de programa\u00e7\u00e3o.<\/p>\n<p dir=\"ltr\" style=\"padding-left: 40px;\"><img loading=\"lazy\" decoding=\"async\" class=\"alignnone wp-image-71606 \" src=\"https:\/\/latamjournalismreview.org\/wp-content\/uploads\/2023\/01\/Featured-Image2Text-OK.png\" alt=\"Simulation of a face detector software over the faces of Brazil's president Lula Da Silva; Argentina's president Alberto Fern\u00e1ndez; and Colombia's vicepresident Francia Elena M\u00e1rquez and USAID's Chief Diversity Officer Neneh Diallo\" width=\"400\" height=\"268\" srcset=\"https:\/\/latamjournalismreview.org\/wp-content\/uploads\/2023\/01\/Featured-Image2Text-OK.png 507w, https:\/\/latamjournalismreview.org\/wp-content\/uploads\/2023\/01\/Featured-Image2Text-OK-300x201.png 300w, https:\/\/latamjournalismreview.org\/wp-content\/uploads\/2023\/01\/Featured-Image2Text-OK-350x234.png 350w\" sizes=\"auto, (max-width: 400px) 100vw, 400px\" \/><\/p>\n<p dir=\"ltr\" style=\"padding-left: 40px;\"><strong>Nome:<\/strong>\u00a0<a href=\"https:\/\/image2text.co\/\" target=\"_blank\" rel=\"noopener noreferrer\"><u>Image2Text<\/u><\/a><\/p>\n<p dir=\"ltr\" style=\"padding-left: 40px;\"><strong>Criadores:\u00a0<\/strong>Lucila Pinto, Nicolas Russo (Grupo Octubre, Argentina), Sara Campos, Eduardo Ayala (El Surtidor, Paraguai), Jaemark Tordecilla e Raymund Sarmiento (GMA News Online, Filipinas)<\/p>\n<p dir=\"ltr\" style=\"padding-left: 40px;\"><strong>Data de lan\u00e7amento:<\/strong> Janeiro de 2023<\/p>\n<p dir=\"ltr\" style=\"padding-left: 40px;\"><strong>Financiamento:<\/strong> Por meio da iniciativa JournalismAI Fellowship<\/p>\n<p dir=\"ltr\" style=\"padding-left: 40px;\"><strong>Por que \u00e9 inovador:\u00a0<\/strong>Aplica tecnologia de vis\u00e3o computacional de intelig\u00eancia artificial para melhorar o reconhecimento de imagens no contexto do Sul Global.<\/p>\n<h3 id=\"e69407056109d0c42b0777dcc56270925\" dir=\"ltr\">Repartiendo verdades<\/h3>\n<p dir=\"ltr\">O combate \u00e0 desinforma\u00e7\u00e3o e ao discurso de \u00f3dio via WhatsApp n\u00e3o requer um chatbot sofisticado ou outras ferramentas de IA. \u00c0s vezes, as solu\u00e7\u00f5es mais simples executadas com a estrat\u00e9gia certa s\u00e3o igualmente eficazes.<\/p>\n<p dir=\"ltr\">Isso foi demonstrado pelo\u00a0<a href=\"https:\/\/latamjournalismreview.org\/es\/articles\/repartiendo-verdades-una-iniciativa-para-combatir-el-discurso-de-odio-y-la-polarizacion-en-bolivia-desde-el-fact-checking\/\" target=\"_blank\" rel=\"noopener noreferrer\"><u>Repartiendo Verdades<\/u><\/a>, um projeto da organiza\u00e7\u00e3o sem fins lucrativos especializada em\u00a0<i>fact-checking<\/i> Bolivia Verifica, que tem como objetivo promover a reflex\u00e3o e uma cultura de paz monitorando e verificando o discurso de \u00f3dio na Bol\u00edvia. O projeto consiste em desenvolver artigos e pe\u00e7as gr\u00e1ficas com base em conte\u00fado verificado que s\u00e3o distribu\u00eddos via WhatsApp para desmentir publica\u00e7\u00f5es em redes sociais que usam discurso de \u00f3dio para criar confus\u00e3o.<\/p>\n<p dir=\"ltr\">Orientado e apoiado pela organiza\u00e7\u00e3o argentina de\u00a0<i>fact-checking<\/i>\u00a0<a href=\"https:\/\/www.desconfio.org\/\" target=\"_blank\" rel=\"noopener noreferrer\"><u>Proyecto Desconf\u00edo<\/u><\/a>,\u00a0<a href=\"https:\/\/latamjournalismreview.org\/es\/articles\/repartiendo-verdades-una-iniciativa-para-combatir-el-discurso-de-odio-y-la-polarizacion-en-bolivia-desde-el-fact-checking\/\" target=\"_blank\" rel=\"noopener noreferrer\"><u>Repartiendo Verdades<\/u><\/a> nasceu como parte da participa\u00e7\u00e3o da Bolivia Verifica no programa\u00a0<a href=\"https:\/\/www.poynter.org\/from-the-institute\/2022\/meet-the-recipients-of-the-spread-the-facts-grant-program\/\" target=\"_blank\" rel=\"noopener noreferrer\"><u>\u201cSpread the Facts\u201d<\/u><\/a> da International Fact-Checking Network (IFCN) em parceria com a Meta, que buscava apoiar projetos de combate \u00e0 desinforma\u00e7\u00e3o usando o WhatsApp. O Bolivia Verifica foi a \u00fanica reda\u00e7\u00e3o latino-americana a participar do programa.<\/p>\n<p dir=\"ltr\">Diferentemente de outras iniciativas de combate \u00e0 desinforma\u00e7\u00e3o no WhatsApp, o Repartiendo Verdades tem dois p\u00fablicos-alvo: os leitores bolivianos, especialmente os jovens, e os jornalistas que republicam o conte\u00fado em seu pr\u00f3prio meio, ajudando a ampliar o alcance das verifica\u00e7\u00f5es. O material \u00e9 publicado por meio de duas listas de distribui\u00e7\u00e3o no WhatsApp, uma para cada p\u00fablico-alvo.<\/p>\n<p style=\"padding-left: 40px;\"><img loading=\"lazy\" decoding=\"async\" class=\"alignnone wp-image-75782 \" src=\"https:\/\/latamjournalismreview.org\/wp-content\/uploads\/2023\/05\/NoAlOdio-Piezas.png\" alt=\"Examples of graphic pieces that are distributed on WhatsApp as part of the fact-checking initiative &quot;Repartiendo Verdades&quot; (Spreading Truths), by fact-checking organization Bolivia Verifica.\" width=\"351\" height=\"235\" srcset=\"https:\/\/latamjournalismreview.org\/wp-content\/uploads\/2023\/05\/NoAlOdio-Piezas.png 507w, https:\/\/latamjournalismreview.org\/wp-content\/uploads\/2023\/05\/NoAlOdio-Piezas-300x201.png 300w, https:\/\/latamjournalismreview.org\/wp-content\/uploads\/2023\/05\/NoAlOdio-Piezas-350x234.png 350w\" sizes=\"auto, (max-width: 351px) 100vw, 351px\" \/><\/p>\n<p dir=\"ltr\" style=\"padding-left: 40px;\"><strong>Nome:<\/strong>\u00a0<a href=\"https:\/\/www.noalodio.org\/\" target=\"_blank\" rel=\"noopener noreferrer\"><u>Repartiendo Verdades<\/u><\/a><\/p>\n<p dir=\"ltr\" style=\"padding-left: 40px;\"><strong>Criadores:<\/strong> Bolivia Verifica (Bol\u00edvia), com apoio do Proyecto Desconf\u00edo (Argentina)<\/p>\n<p dir=\"ltr\" style=\"padding-left: 40px;\"><strong>Data de lan\u00e7amento:<\/strong> Janeiro de 2023<\/p>\n<p dir=\"ltr\" style=\"padding-left: 40px;\"><strong>Financiamento:\u00a0<\/strong>Por meio do subs\u00eddio \"Spread the Facts\" da IFCN<\/p>\n<p dir=\"ltr\" style=\"padding-left: 40px;\"><strong>Por que \u00e9 inovador:<\/strong> Usa conte\u00fado simples para combater um tipo espec\u00edfico de desinforma\u00e7\u00e3o com mensagens claras, atendendo aos leitores, bem como a outros jornalistas e ve\u00edculos de m\u00eddia.<\/p>\n<h3 id=\"e5504cba5919146abd2ebe4e7cf063e2b\" dir=\"ltr\">Panzasverdes<u><\/u><\/h3>\n<p dir=\"ltr\">O\u00a0<a href=\"https:\/\/www.am.com.mx\/\" target=\"_blank\" rel=\"noopener noreferrer\"><u>jornal AM<\/u><\/a>, um tradicional di\u00e1rio com 45 anos de hist\u00f3ria em Le\u00f3n, no estado de Guanajuato, M\u00e9xico, tirou um momento para se afastar do v\u00f3rtice das not\u00edcias di\u00e1rias e experimentar novos formatos para contar hist\u00f3rias sobre sua cidade. O resultado foi\u00a0<a href=\"https:\/\/www.am.com.mx\/p\/comercial\/panzas-verdes.html\" target=\"_blank\" rel=\"noopener noreferrer\"><u>\u201cPanzasverdes\u201d<\/u><\/a>, uma miniss\u00e9rie de document\u00e1rios em v\u00eddeo que pretende ser um retrato de Le\u00f3n contado pelo pr\u00f3prio povo de Le\u00f3n.<\/p>\n<p dir=\"ltr\">O projeto foi a contribui\u00e7\u00e3o do jornal para a comemora\u00e7\u00e3o do 447\u00ba anivers\u00e1rio da cidade. Consiste em oito epis\u00f3dios de menos de 10 minutos cada, abordando temas como ind\u00fastria, cultura, gastronomia e costumes de Le\u00f3n, e o modo de ser de seus habitantes. Os epis\u00f3dios foram lan\u00e7ados em semanalmente entre janeiro e fevereiro deste ano.<\/p>\n<p dir=\"ltr\">O projeto, a primeira s\u00e9rie de v\u00eddeos do Grupo AM, foi reconhecido no Pr\u00eamio WAN-IFRA Digital Media Americas 2023 pelo Melhor Uso de V\u00eddeo na categoria de meios pequenos ou locais. A organiza\u00e7\u00e3o destacou o uso de entrevistas, pesquisas e redes sociais para contar a hist\u00f3ria de aspectos simb\u00f3licos da identidade de uma cidade.<\/p>\n<p style=\"padding-left: 40px;\"><img loading=\"lazy\" decoding=\"async\" class=\"alignnone wp-image-82724 \" src=\"https:\/\/latamjournalismreview.org\/wp-content\/uploads\/2023\/12\/PanzasVerdes.jpeg\" alt=\"Screenshot of an episodes of the documentary series &quot;Panzasverdes&quot;, by Mexican newspaper AM\" width=\"366\" height=\"206\" srcset=\"https:\/\/latamjournalismreview.org\/wp-content\/uploads\/2023\/12\/PanzasVerdes.jpeg 1280w, https:\/\/latamjournalismreview.org\/wp-content\/uploads\/2023\/12\/PanzasVerdes-300x169.jpeg 300w, https:\/\/latamjournalismreview.org\/wp-content\/uploads\/2023\/12\/PanzasVerdes-1024x576.jpeg 1024w, https:\/\/latamjournalismreview.org\/wp-content\/uploads\/2023\/12\/PanzasVerdes-768x432.jpeg 768w\" sizes=\"auto, (max-width: 366px) 100vw, 366px\" \/><\/p>\n<p dir=\"ltr\" style=\"padding-left: 40px;\"><strong>Nome:\u00a0<\/strong><a href=\"https:\/\/www.am.com.mx\/p\/comercial\/panzas-verdes.html\" target=\"_blank\" rel=\"noopener noreferrer\"><u>Panzasverdes<\/u><\/a><\/p>\n<p dir=\"ltr\" style=\"padding-left: 40px;\"><strong>Criadores:<\/strong> Grupo AM (M\u00e9xico)<\/p>\n<p dir=\"ltr\" style=\"padding-left: 40px;\"><strong>Data de lan\u00e7amento:<\/strong> Janeiro de 2023<\/p>\n<p dir=\"ltr\" style=\"padding-left: 40px;\"><strong>Financiamento:<\/strong> Publicidade<\/p>\n<p dir=\"ltr\" style=\"padding-left: 40px;\"><strong>Por que \u00e9 inovador:<\/strong> Al\u00e9m do uso inovador da narrativa em v\u00eddeo, foi a primeira miniss\u00e9rie documental desse meio local.<\/p>\n<h3 id=\"e1921c480a1ab88948dc8d85216b823cd\" dir=\"ltr\">Amaz\u00f4nia Vox<\/h3>\n<p dir=\"ltr\">A aten\u00e7\u00e3o mundial que a Amaz\u00f4nia ganhou nos \u00faltimos anos devido aos conflitos sociais e ambientais que enfrenta foi o estopim para que o jornalista brasileiro Daniel Nardin disponibilizasse para colegas de todo o mundo a lista de contatos que compilou ao longo de sua carreira em Bel\u00e9m, capital do estado amaz\u00f4nico do Par\u00e1.<\/p>\n<p dir=\"ltr\">Assim nasceu o\u00a0<a href=\"https:\/\/latamjournalismreview.org\/es\/articles\/plataforma-amazonia-vox-ofrece-un-banco-de-fuentes-y-comunicadores-freelance-para-promover-narrativas-de-la-amazonia-brasilena\/\" target=\"_blank\" rel=\"noopener noreferrer\"><u>Amaz\u00f4nia Vox<\/u><\/a>, uma plataforma que busca conectar jornalistas, fontes e outros profissionais da Amaz\u00f4nia brasileira com colegas e meios de comunica\u00e7\u00e3o de outras regi\u00f5es, a fim de gerar contatos confi\u00e1veis que se traduzam em uma melhor cobertura das quest\u00f5es amaz\u00f4nicas.<\/p>\n<p dir=\"ltr\">A vers\u00e3o beta da plataforma est\u00e1 ativa desde junho de 2023. Ela inclui os dados de mais de 300 jornalistas aut\u00f4nomos e quase 600 fontes coletadas por Nardin e a equipe do Amaz\u00f4nia Vox. Al\u00e9m disso, o site tem formul\u00e1rios abertos para que outros jornalistas e especialistas em diversas \u00e1reas se registrem para fazer parte do banco de dados.<\/p>\n<p dir=\"ltr\">A Amaz\u00f4nia Vox tamb\u00e9m tem como objetivo publicar jornalismo investigativo com foco no jornalismo de solu\u00e7\u00f5es, e assim propor poss\u00edveis respostas para os problemas da regi\u00e3o amaz\u00f4nica. Nardin tamb\u00e9m planeja aumentar o escopo do projeto por meio da tradu\u00e7\u00e3o do site para o ingl\u00eas e da expans\u00e3o para outros pa\u00edses com territ\u00f3rio na Amaz\u00f4nia.<\/p>\n<p style=\"padding-left: 40px;\"><img loading=\"lazy\" decoding=\"async\" class=\"alignnone wp-image-79920 \" src=\"https:\/\/latamjournalismreview.org\/wp-content\/uploads\/2023\/09\/DanielNardinAmazoniaVox.jpeg\" alt=\"man standing doing a presentation in front of an audience \" width=\"349\" height=\"233\" srcset=\"https:\/\/latamjournalismreview.org\/wp-content\/uploads\/2023\/09\/DanielNardinAmazoniaVox.jpeg 1560w, https:\/\/latamjournalismreview.org\/wp-content\/uploads\/2023\/09\/DanielNardinAmazoniaVox-300x200.jpeg 300w, https:\/\/latamjournalismreview.org\/wp-content\/uploads\/2023\/09\/DanielNardinAmazoniaVox-1024x683.jpeg 1024w, https:\/\/latamjournalismreview.org\/wp-content\/uploads\/2023\/09\/DanielNardinAmazoniaVox-768x512.jpeg 768w, https:\/\/latamjournalismreview.org\/wp-content\/uploads\/2023\/09\/DanielNardinAmazoniaVox-1536x1024.jpeg 1536w, https:\/\/latamjournalismreview.org\/wp-content\/uploads\/2023\/09\/DanielNardinAmazoniaVox-507x340.jpeg 507w, https:\/\/latamjournalismreview.org\/wp-content\/uploads\/2023\/09\/DanielNardinAmazoniaVox-350x234.jpeg 350w\" sizes=\"auto, (max-width: 349px) 100vw, 349px\" \/><\/p>\n<p dir=\"ltr\" style=\"padding-left: 40px;\"><strong>Nome:<\/strong>\u00a0<a href=\"https:\/\/latamjournalismreview.org\/es\/articles\/plataforma-amazonia-vox-ofrece-un-banco-de-fuentes-y-comunicadores-freelance-para-promover-narrativas-de-la-amazonia-brasilena\/\" target=\"_blank\" rel=\"noopener noreferrer\"><u>Amaz\u00f4nia Vox<\/u><\/a><\/p>\n<p dir=\"ltr\" style=\"padding-left: 40px;\"><strong>Criadores:<\/strong> Instituto Bem da Amaz\u00f4nia (Brasil)<\/p>\n<p dir=\"ltr\" style=\"padding-left: 40px;\"><strong>Data de lan\u00e7amento:<\/strong> Junho de 2023<\/p>\n<p dir=\"ltr\" style=\"padding-left: 40px;\"><strong>Financiamento:\u00a0<\/strong>Subs\u00eddios de funda\u00e7\u00f5es internacionais<\/p>\n<p dir=\"ltr\" style=\"padding-left: 40px;\"><strong>Por que \u00e9 inovador:\u00a0<\/strong>Busca conectar jornalistas e fontes de uma regi\u00e3o espec\u00edfica com comunicadores e meios do exterior.<\/p>\n<h3 id=\"e21ad200fab069997291b520c5244a7b2\" dir=\"ltr\">Attack Detector<\/h3>\n<p dir=\"ltr\">Nos \u00faltimos anos, o discurso de \u00f3dio provou ser uma das principais amea\u00e7as ao jornalismo na Am\u00e9rica Latina, especialmente em pa\u00edses com governos autorit\u00e1rios ou atitudes hostis em rela\u00e7\u00e3o \u00e0 imprensa, como aconteceu no Brasil ou no M\u00e9xico. Com isso em mente, jornalistas das organiza\u00e7\u00f5es\u00a0<a href=\"https:\/\/www.abraji.org.br\/\" target=\"_blank\" rel=\"noopener noreferrer\"><u>Abraji<\/u><\/a>\u00a0e\u00a0<a href=\"https:\/\/datacritica.org\/\" target=\"_blank\" rel=\"noopener noreferrer\"><u>Data Cr\u00edtica<\/u><\/a> desenvolveram o\u00a0<a href=\"https:\/\/latamjournalismreview.org\/es\/articles\/periodistas-de-mexico-y-brasil-desarrollan-herramienta-de-inteligencia-artificial-para-detectar-discurso-de-odio-en-linea-contra-comunicadores\/\" target=\"_blank\" rel=\"noopener noreferrer\"><u>Attack Detector<\/u><\/a>, uma ferramenta que usa intelig\u00eancia artificial para analisar o discurso de \u00f3dio nas redes sociais e detectar poss\u00edveis ataques contra jornalistas, ativistas e defensores da terra.<\/p>\n<p dir=\"ltr\">O projeto foi desenvolvido como parte da participa\u00e7\u00e3o das duas organiza\u00e7\u00f5es de m\u00eddia na\u00a0<a href=\"https:\/\/www.lse.ac.uk\/media-and-communications\/polis\/JournalismAI\/Fellowship-Programme\" target=\"_blank\" rel=\"noopener noreferrer\"><u>JournalismAI Fellowship<\/u><\/a>, uma iniciativa da JournalismAI, organiza\u00e7\u00e3o de pesquisa em jornalismo e intelig\u00eancia artificial da London School of Economics and Political Science (LSE).<\/p>\n<p dir=\"ltr\">A ferramenta foi desenvolvida com base em modelos de processamento de linguagem natural multil\u00edngue de c\u00f3digo aberto, incluindo modelos de \"an\u00e1lise de sentimento\" ou de extra\u00e7\u00e3o de opini\u00e3o, que s\u00e3o capazes de identificar o tom emocional por tr\u00e1s de um texto. O objetivo \u00e9 detectar n\u00e3o apenas ataques expl\u00edcitos, mas tamb\u00e9m agress\u00f5es com constru\u00e7\u00f5es menos literais, como ironia ou insultos disfar\u00e7ados.<\/p>\n<p dir=\"ltr\">A equipe por tr\u00e1s do Attack Detector concluiu a vers\u00e3o beta da ferramenta no in\u00edcio deste ano. No entanto, as mudan\u00e7as nas pol\u00edticas do Twitter em seu processo de transforma\u00e7\u00e3o para o X impediram a continuidade dos planos de cria\u00e7\u00e3o de uma API para que outras organiza\u00e7\u00f5es pudessem usar o modelo.<\/p>\n<p dir=\"ltr\" style=\"padding-left: 40px;\"><img loading=\"lazy\" decoding=\"async\" class=\"alignnone wp-image-73718 \" src=\"https:\/\/latamjournalismreview.org\/wp-content\/uploads\/2023\/04\/Attack-Detector-Team.webp\" alt=\"Fernanda Aguirre and Gibr\u00e1n Mena, from Mexico's Data Critica; and Reinaldo Chaves and Schirlei Alves, from Brazil's Abraji, speak during an online conference.\" width=\"381\" height=\"188\" srcset=\"https:\/\/latamjournalismreview.org\/wp-content\/uploads\/2023\/04\/Attack-Detector-Team.webp 1881w, https:\/\/latamjournalismreview.org\/wp-content\/uploads\/2023\/04\/Attack-Detector-Team-300x148.webp 300w, https:\/\/latamjournalismreview.org\/wp-content\/uploads\/2023\/04\/Attack-Detector-Team-1024x505.webp 1024w, https:\/\/latamjournalismreview.org\/wp-content\/uploads\/2023\/04\/Attack-Detector-Team-768x379.webp 768w, https:\/\/latamjournalismreview.org\/wp-content\/uploads\/2023\/04\/Attack-Detector-Team-1536x758.webp 1536w\" sizes=\"auto, (max-width: 381px) 100vw, 381px\" \/><\/p>\n<p dir=\"ltr\" style=\"padding-left: 40px;\"><strong>Nome:<\/strong>\u00a0<a href=\"https:\/\/github.com\/JournalismAI\/attackdetector\" target=\"_blank\" rel=\"noopener noreferrer\"><u>Attack Detector<\/u><\/a><\/p>\n<p dir=\"ltr\" style=\"padding-left: 40px;\"><strong>Criadores:\u00a0<\/strong>Fernanda Aguirre, Gibr\u00e1n Mena (Data Cr\u00edtica, M\u00e9xico), Schirlei Alves e Reinaldo Chaves (Abraji, Brasil)<\/p>\n<p dir=\"ltr\" style=\"padding-left: 40px;\"><strong>Data de lan\u00e7amento:<\/strong> Janeiro de 2023<\/p>\n<p dir=\"ltr\" style=\"padding-left: 40px;\"><strong>Financiamento:\u00a0<\/strong>Por meio da iniciativa JournalismAI Fellowship<\/p>\n<p dir=\"ltr\" style=\"padding-left: 40px;\"><strong>Por que \u00e9 inovador:<\/strong> Utilizou modelos de an\u00e1lise de sentimento, capazes de identificar o tom emocional por tr\u00e1s de um texto, no conte\u00fado do Twitter\/X em espanhol e portugu\u00eas.<\/p>\n<h3 id=\"e024bea3fee61677a2c4ac953077c572a\" dir=\"ltr\">Hecho en M\u00e9xico, \u00bfpero a qu\u00e9 costo?<\/h3>\n<p dir=\"ltr\">Uma s\u00e9rie de tr\u00eas reportagens e um jogo interativo revelam a realidade vivida pelas trabalhadoras t\u00eaxteis no M\u00e9xico. Trata-se do projeto\u00a0<a href=\"https:\/\/hechoenmx.datacivica.org\/\" target=\"_blank\" rel=\"noopener noreferrer\"><u>\u201cHecho en M\u00e9xico, \u00bfpero a qu\u00e9 costo?\u201d<\/u><\/a> (\u201cFeito no M\u00e9xico, mas a que custo?\u201d), da organiza\u00e7\u00e3o\u00a0<a href=\"https:\/\/datacivica.org\/\" target=\"_blank\" rel=\"noopener noreferrer\"><u>Data C\u00edvica<\/u><\/a> em parceria com o portal jornal\u00edstico independente\u00a0<a href=\"https:\/\/piedepagina.mx\/\" target=\"_blank\" rel=\"noopener noreferrer\"><u>Pie de P\u00e1gina<\/u><\/a>, traz \u00e0 tona as hist\u00f3rias de milh\u00f5es de mulheres que enfrentam m\u00faltiplas viola\u00e7\u00f5es de seus direitos na ind\u00fastria de vestu\u00e1rio mexicana.<\/p>\n<p dir=\"ltr\">Uma reportagem fala sobre como as mulheres do Estado do M\u00e9xico transformaram suas casas em maquilas de vestu\u00e1rio, na tentativa de obter uma renda sem negligenciar suas fam\u00edlias. Outro relatou as condi\u00e7\u00f5es de explora\u00e7\u00e3o nas oficinas de costura em um munic\u00edpio de Guanajuato. E o terceiro conta a hist\u00f3ria de como uma cidade no estado de Puebla deixou de ser um munic\u00edpio agr\u00edcola para se tornar um centro de produ\u00e7\u00e3o de jeans.<\/p>\n<p dir=\"ltr\">O jogo interativo, por outro lado, permite que o usu\u00e1rio se coloque no lugar de uma trabalhadora t\u00eaxtil que precisa escolher entre trabalhar, passar tempo com a filha ou tirar um tempo para si mesma.<\/p>\n<p dir=\"ltr\">Tanto as reportagens quanto o videogame foram publicados em um microsite e ilustrados com um estilo visual criado especialmente para o projeto pela designer mexicana Brenda Muro.<\/p>\n<p dir=\"ltr\">\u201cHecho en M\u00e9xico, \u00bfpero a qu\u00e9 costo?\u201d recebeu o primeiro lugar no Pr\u00eamio Walter Reuter na categoria de imprensa escrita por sua combina\u00e7\u00e3o de reportagem, entrevistas e an\u00e1lise de dados.<\/p>\n<p style=\"padding-left: 40px;\"><img loading=\"lazy\" decoding=\"async\" class=\"alignnone wp-image-82727 \" src=\"https:\/\/latamjournalismreview.org\/wp-content\/uploads\/2023\/12\/Hecho-en-Me\u0301xico.png\" alt=\"Screenshot of the investigation &quot;Hecho en M\u00e9xico, \u00bfpero a qu\u00e9 costo?&quot;, by Mexican media outlet Data C\u00edvica.\" width=\"352\" height=\"216\" srcset=\"https:\/\/latamjournalismreview.org\/wp-content\/uploads\/2023\/12\/Hecho-en-Me\u0301xico.png 1706w, https:\/\/latamjournalismreview.org\/wp-content\/uploads\/2023\/12\/Hecho-en-Me\u0301xico-300x184.png 300w, https:\/\/latamjournalismreview.org\/wp-content\/uploads\/2023\/12\/Hecho-en-Me\u0301xico-1024x628.png 1024w, https:\/\/latamjournalismreview.org\/wp-content\/uploads\/2023\/12\/Hecho-en-Me\u0301xico-768x471.png 768w, https:\/\/latamjournalismreview.org\/wp-content\/uploads\/2023\/12\/Hecho-en-Me\u0301xico-1536x942.png 1536w\" sizes=\"auto, (max-width: 352px) 100vw, 352px\" \/><\/p>\n<p dir=\"ltr\" style=\"padding-left: 40px;\"><strong>Nome:<\/strong>\u00a0<a href=\"https:\/\/hechoenmx.datacivica.org\/\" target=\"_blank\" rel=\"noopener noreferrer\"><u>Hecho en M\u00e9xico, \u00bfpero a qu\u00e9 costo?<\/u><\/a><\/p>\n<p dir=\"ltr\" style=\"padding-left: 40px;\"><strong>Criadores:<\/strong> Data C\u00edvica e Pie de P\u00e1gina (M\u00e9xico)<\/p>\n<p dir=\"ltr\" style=\"padding-left: 40px;\"><strong>Data de lan\u00e7amento:<\/strong> Julho de 2023<\/p>\n<p dir=\"ltr\" style=\"padding-left: 40px;\"><strong>Financiamento:<\/strong> Com o apoio da Iniciativa Arropa da Fundaci\u00f3n AVINA<\/p>\n<p dir=\"ltr\" style=\"padding-left: 40px;\"><strong>Por que \u00e9 inovador:<\/strong> Abordou um tema que raramente \u00e9 abordado na m\u00eddia mexicana de diferentes \u00e2ngulos e por meio de diferentes narrativas, desde textos e ilustra\u00e7\u00f5es at\u00e9 interatividade.<\/p>\n<h3 id=\"e7f27e76fa958191e8c1eff37b7060c72\" dir=\"ltr\">Amazon Underworld<\/h3>\n<p dir=\"ltr\">Grupos do crime organizado em todo o mundo est\u00e3o estabelecendo alian\u00e7as e redes de colabora\u00e7\u00e3o com grupos criminosos de outros pa\u00edses para aumentar seu poder e alcance. Diante dessa situa\u00e7\u00e3o, jornalistas precisam adotar estrat\u00e9gias semelhantes para cobrir com mais efic\u00e1cia as complexidades do mundo do crime.<\/p>\n<p dir=\"ltr\">Essa foi a premissa dos autores de\u00a0<a href=\"https:\/\/latamjournalismreview.org\/es\/articles\/periodismo-transfronterizo-desvelando-el-submundo-criminal-de-la-amazonia\/\" target=\"_blank\" rel=\"noopener noreferrer\"><u>Amazon Underworld<\/u><\/a>, uma investiga\u00e7\u00e3o transfronteiri\u00e7a e colaborativa sobre as redes criminosas que operam na Amaz\u00f4nia, que busca ajudar a entender a din\u00e2mica do crime organizado nessa vasta regi\u00e3o.<\/p>\n<p dir=\"ltr\">O projeto foi realizado por mais de 37 jornalistas de 11 pa\u00edses sob a coordena\u00e7\u00e3o de\u00a0<a href=\"https:\/\/infoamazonia.org\/es\/\" target=\"_blank\" rel=\"noopener noreferrer\"><u>InfoAmazonia<\/u><\/a> (Brasil),\u00a0<a href=\"https:\/\/armando.info\/\" target=\"_blank\" rel=\"noopener noreferrer\"><u>Armando.Info<\/u><\/a> (Venezuela) e\u00a0<a href=\"https:\/\/ligacontraelsilencio.com\/\" target=\"_blank\" rel=\"noopener noreferrer\"><u>La Liga Contra el Silencio<\/u><\/a> (Col\u00f4mbia), com o apoio da\u00a0<a href=\"https:\/\/pulitzercenter.org\/es\/grants-fellowships\/opportunities-journalists\/postula-para-unirte-la-red-de-investigaciones\" target=\"_blank\" rel=\"noopener noreferrer\"><u>Rainforest Research Network do Centro Pulitzer<\/u><\/a>. Consistiu em oito hist\u00f3rias publicadas em espanhol, ingl\u00eas e portugu\u00eas em agosto de 2023, que inclu\u00edam visualiza\u00e7\u00f5es de dados interativas e georreferenciadas.<\/p>\n<p dir=\"ltr\">O Amazon Underworld levou 15 meses de reportagens de campo, an\u00e1lise de dados e pesquisa de imagens de sat\u00e9lite para ser conclu\u00eddo. As reportagens revelaram descobertas importantes, como a presen\u00e7a de grupos armados e organiza\u00e7\u00f5es criminosas na maioria dos munic\u00edpios fronteiri\u00e7os de Bol\u00edvia, Brasil, Col\u00f4mbia, Equador, Peru e Venezuela, e a localiza\u00e7\u00e3o de zonas de extra\u00e7\u00e3o ilegal de ouro, cultivos il\u00edcitos e \u00e1reas de processamento de drogas e rotas do tr\u00e1fico. A investiga\u00e7\u00e3o tamb\u00e9m mostrou como esses grupos criminosos contribu\u00edram para a destrui\u00e7\u00e3o de \u00e1reas naturais protegidas e a invas\u00e3o de territ\u00f3rios ind\u00edgenas.<\/p>\n<p dir=\"ltr\" style=\"padding-left: 40px;\"><img loading=\"lazy\" decoding=\"async\" class=\"alignnone wp-image-78817 \" src=\"https:\/\/latamjournalismreview.org\/wp-content\/uploads\/2023\/08\/FEATUREDamazonunderworld.png\" alt=\"map of the Amazon and crime symbols\" width=\"351\" height=\"235\" srcset=\"https:\/\/latamjournalismreview.org\/wp-content\/uploads\/2023\/08\/FEATUREDamazonunderworld.png 507w, https:\/\/latamjournalismreview.org\/wp-content\/uploads\/2023\/08\/FEATUREDamazonunderworld-300x201.png 300w, https:\/\/latamjournalismreview.org\/wp-content\/uploads\/2023\/08\/FEATUREDamazonunderworld-350x234.png 350w\" sizes=\"auto, (max-width: 351px) 100vw, 351px\" \/><\/p>\n<p dir=\"ltr\" style=\"padding-left: 40px;\"><strong>Nome:<\/strong>\u00a0<a href=\"https:\/\/amazonunderworld.org\/es.html\" target=\"_blank\" rel=\"noopener noreferrer\"><u>Amazon Underworld<\/u><\/a><\/p>\n<p dir=\"ltr\" style=\"padding-left: 40px;\"><strong>Criadores:<\/strong> InfoAmazonia (Brasil), Armando.info (Venezuela) e La Liga Contra el Silencio (Col\u00f4mbia)<\/p>\n<p dir=\"ltr\" style=\"padding-left: 40px;\"><strong>Data de lan\u00e7amento:<\/strong> Agosto de 2023<\/p>\n<p dir=\"ltr\" style=\"padding-left: 40px;\"><strong>Financiamento:<\/strong> Financiado pela Open Society Foundation, pelo Foreign and Commonwealth Office do Reino Unido e pela International Union for Conservation of Nature (IUCN NL)<\/p>\n<p dir=\"ltr\" style=\"padding-left: 40px;\"><strong>Por que \u00e9 inovador:<\/strong> Foi um esfor\u00e7o colaborativo e em rede, e o uso de jornalismo de dados e visualiza\u00e7\u00f5es georreferenciadas e a apresenta\u00e7\u00e3o em tr\u00eas idiomas multiplicaram o alcance das descobertas.<\/p>\n<h3 id=\"e497828cd1b194c6a7de3f219473c4f50\" dir=\"ltr\">Desencanto<\/h3>\n<p dir=\"ltr\">No contexto das elei\u00e7\u00f5es locais na Col\u00f4mbia, em outubro deste ano, o meio de jornalismo investigativo nativo digital\u00a0<a href=\"https:\/\/cuestionpublica.com\/\" target=\"_blank\" rel=\"noopener noreferrer\"><u>Cuesti\u00f3n P\u00fablica<\/u><\/a> lan\u00e7ou\u00a0<a href=\"https:\/\/latamjournalismreview.org\/es\/articles\/medios-de-colombia-y-peru-apuestan-por-la-gamificacion-para-atraer-audiencias-jovenes-y-causar-impacto\/\" target=\"_blank\" rel=\"noopener noreferrer\"><u>\u201cDesencanto\u201d<\/u><\/a>, um jogo interativo que revela o lado obscuro de 27 candidatos que participaram do processo eleitoral.<\/p>\n<p dir=\"ltr\">O produto faz parte da aposta da Cuesti\u00f3n P\u00fablica na gamifica\u00e7\u00e3o, ap\u00f3s o sucesso de jogos interativos nos anos anteriores, que permitiram atrair o p\u00fablico jovem para suas investiga\u00e7\u00f5es jornal\u00edsticas e aumentar seu impacto na agenda p\u00fablica da Col\u00f4mbia.<\/p>\n<p dir=\"ltr\">\"Desencanto\" permite que os usu\u00e1rios conhe\u00e7am os supostos v\u00ednculos dos candidatos com o crime organizado ou grupos paramilitares, al\u00e9m de descobrir quais candidatos a cargos p\u00fablicos t\u00eam processos judiciais contra eles e quais grupos pol\u00edticos os est\u00e3o apoiando.<\/p>\n<p dir=\"ltr\">O jogo interativo foi criado com o Power BI, uma plataforma de Business Intelligence desenvolvida pela Microsoft que permite analisar, visualizar e compartilhar dados na forma de visualiza\u00e7\u00f5es interativas e reportagens a partir de v\u00e1rias fontes de dados.<\/p>\n<p dir=\"ltr\">Mas o produto tecnol\u00f3gico foi apoiado por um processo de investiga\u00e7\u00e3o e verifica\u00e7\u00e3o minucioso e rigoroso realizado pela equipe da Cuesti\u00f3n P\u00fablica, com o apoio de consultores especializados e advogados.<\/p>\n<p dir=\"ltr\" style=\"padding-left: 40px;\"><img loading=\"lazy\" decoding=\"async\" id=\"longdesc-return-82573\" class=\"alignnone wp-image-82575 \" tabindex=\"-1\" src=\"https:\/\/latamjournalismreview.org\/wp-content\/uploads\/2023\/12\/Desencanto.png\" alt=\"Screenshot of &quot;Desencanto&quot; videogame, created by Colombian news outlet Cuesti\u00f3n P\u00fablica.\" width=\"375\" height=\"173\" longdesc=\"https:\/\/latamjournalismreview.org?longdesc=82573&amp;referrer=82720\" srcset=\"https:\/\/latamjournalismreview.org\/wp-content\/uploads\/2023\/12\/Desencanto.png 2864w, https:\/\/latamjournalismreview.org\/wp-content\/uploads\/2023\/12\/Desencanto-300x139.png 300w, https:\/\/latamjournalismreview.org\/wp-content\/uploads\/2023\/12\/Desencanto-1024x473.png 1024w, https:\/\/latamjournalismreview.org\/wp-content\/uploads\/2023\/12\/Desencanto-768x355.png 768w, https:\/\/latamjournalismreview.org\/wp-content\/uploads\/2023\/12\/Desencanto-1536x710.png 1536w, https:\/\/latamjournalismreview.org\/wp-content\/uploads\/2023\/12\/Desencanto-2048x947.png 2048w, https:\/\/latamjournalismreview.org\/wp-content\/uploads\/2023\/12\/Desencanto-650x300.png 650w\" sizes=\"auto, (max-width: 375px) 100vw, 375px\" \/><\/p>\n<p dir=\"ltr\" style=\"padding-left: 40px;\"><strong>Nome:<\/strong>\u00a0<a href=\"https:\/\/cuestionpublica.com\/juega-desencanto\/\" target=\"_blank\" rel=\"noopener noreferrer\"><u>Desencanto<\/u><\/a><\/p>\n<p dir=\"ltr\" style=\"padding-left: 40px;\"><strong>Criadores:\u00a0<\/strong>Cuesti\u00f3n P\u00fablica, Col\u00f4mbia<\/p>\n<p dir=\"ltr\" style=\"padding-left: 40px;\"><strong>Data de lan\u00e7amento:<\/strong> 22 de outubro de 2023<\/p>\n<p dir=\"ltr\" style=\"padding-left: 40px;\"><strong>Financiamento:\u00a0<\/strong>Com financiamento de organiza\u00e7\u00f5es n\u00e3o governamentais<\/p>\n<p style=\"padding-left: 40px;\"><strong>Por que \u00e9 inovador:\u00a0<\/strong>\u00e9 o resultado de uma metodologia pr\u00f3pria de investiga\u00e7\u00e3o e desenvolvimento de narrativas l\u00fadicas e interativas que a Cuesti\u00f3n P\u00fablica vem aperfei\u00e7oando desde 2020.<\/p>\n","protected":false},"excerpt":{"rendered":"<p>Ferramentas de intelig\u00eancia artificial, jogos interativos e narrativas geolocalizadas s\u00e3o alguns dos elementos com os quais esses 10 projetos jornal\u00edsticos propuseram solu\u00e7\u00f5es para uma melhor pr\u00e1tica do jornalismo ou fizeram uma cobertura excepcional de elei\u00e7\u00f5es, viola\u00e7\u00f5es de direitos humanos e mudan\u00e7as clim\u00e1ticas, entre outros temas, este ano na Am\u00e9rica Latina.<\/p>\n","protected":false},"author":19,"featured_media":82733,"comment_status":"closed","ping_status":"closed","sticky":false,"template":"","format":"standard","meta":{"inline_featured_image":false,"footnotes":""},"categories":[1217],"tags":[2432],"coauthors":[2753],"class_list":["post-82747","post","type-post","status-publish","format-standard","has-post-thumbnail","hentry","category-inovacao-pt-br","tag-inovacao"],"acf":[],"yoast_head":"<!-- This site is optimized with the Yoast SEO Premium plugin v22.6 (Yoast SEO v27.4) - https:\/\/yoast.com\/product\/yoast-seo-premium-wordpress\/ -->\n<title>10 projetos de jornalismo latino-americano com impacto em 2023<\/title>\n<meta name=\"description\" content=\"De intelig\u00eancia artificial a jogos interativos, esses 10 projetos de jornalismo feitos na Am\u00e9rica Latina causaram impacto em 2023.\" \/>\n<meta name=\"robots\" content=\"index, follow, max-snippet:-1, max-image-preview:large, max-video-preview:-1\" \/>\n<link rel=\"canonical\" href=\"https:\/\/latamjournalismreview.org\/pt-br\/articles\/10-projetos-jornalisticos-inovadores-que-causaram-impacto-na-america-latina-em-2023\/\" \/>\n<meta property=\"og:locale\" content=\"pt_BR\" \/>\n<meta property=\"og:type\" content=\"article\" \/>\n<meta property=\"og:title\" content=\"10 projetos jornal\u00edsticos inovadores que causaram impacto na Am\u00e9rica Latina em 2023\" \/>\n<meta property=\"og:description\" content=\"De intelig\u00eancia artificial a jogos interativos, esses 10 projetos de jornalismo feitos na Am\u00e9rica Latina causaram impacto em 2023.\" \/>\n<meta property=\"og:url\" content=\"https:\/\/latamjournalismreview.org\/pt-br\/articles\/10-projetos-jornalisticos-inovadores-que-causaram-impacto-na-america-latina-em-2023\/\" \/>\n<meta property=\"og:site_name\" content=\"LatAm Journalism Review by the Knight Center\" \/>\n<meta property=\"article:published_time\" content=\"2023-12-07T21:54:02+00:00\" \/>\n<meta property=\"article:modified_time\" content=\"2023-12-07T21:56:27+00:00\" \/>\n<meta property=\"og:image\" content=\"https:\/\/latamjournalismreview.org\/wp-content\/uploads\/2023\/12\/FEATURED-Innovative-Projects-2023.png\" \/>\n\t<meta property=\"og:image:width\" content=\"507\" \/>\n\t<meta property=\"og:image:height\" content=\"340\" \/>\n\t<meta property=\"og:image:type\" content=\"image\/png\" \/>\n<meta name=\"author\" content=\"C\u00e9sar L\u00f3pez Linares\" \/>\n<meta name=\"twitter:card\" content=\"summary_large_image\" \/>\n<meta name=\"twitter:creator\" content=\"@cesarisch\" \/>\n<meta name=\"twitter:site\" content=\"@LatAmJournalism\" \/>\n<meta name=\"twitter:label1\" content=\"Written by\" \/>\n\t<meta name=\"twitter:data1\" content=\"C\u00e9sar L\u00f3pez Linares\" \/>\n\t<meta name=\"twitter:label2\" content=\"Est. reading time\" \/>\n\t<meta name=\"twitter:data2\" content=\"16 minutos\" \/>\n<script type=\"application\/ld+json\" class=\"yoast-schema-graph\">{\"@context\":\"https:\\\/\\\/schema.org\",\"@graph\":[{\"@type\":\"Article\",\"@id\":\"https:\\\/\\\/latamjournalismreview.org\\\/pt-br\\\/articles\\\/10-projetos-jornalisticos-inovadores-que-causaram-impacto-na-america-latina-em-2023\\\/#article\",\"isPartOf\":{\"@id\":\"https:\\\/\\\/latamjournalismreview.org\\\/pt-br\\\/articles\\\/10-projetos-jornalisticos-inovadores-que-causaram-impacto-na-america-latina-em-2023\\\/\"},\"author\":{\"name\":\"C\u00e9sar L\u00f3pez Linares\",\"@id\":\"https:\\\/\\\/latamjournalismreview.org\\\/pt-br\\\/#\\\/schema\\\/person\\\/dcf6dcdd6226ac8d939e2796645d17c6\"},\"headline\":\"10 projetos jornal\u00edsticos inovadores que causaram impacto na Am\u00e9rica Latina em 2023\",\"datePublished\":\"2023-12-07T21:54:02+00:00\",\"dateModified\":\"2023-12-07T21:56:27+00:00\",\"mainEntityOfPage\":{\"@id\":\"https:\\\/\\\/latamjournalismreview.org\\\/pt-br\\\/articles\\\/10-projetos-jornalisticos-inovadores-que-causaram-impacto-na-america-latina-em-2023\\\/\"},\"wordCount\":3164,\"publisher\":{\"@id\":\"https:\\\/\\\/latamjournalismreview.org\\\/pt-br\\\/#organization\"},\"image\":{\"@id\":\"https:\\\/\\\/latamjournalismreview.org\\\/pt-br\\\/articles\\\/10-projetos-jornalisticos-inovadores-que-causaram-impacto-na-america-latina-em-2023\\\/#primaryimage\"},\"thumbnailUrl\":\"https:\\\/\\\/latamjournalismreview.org\\\/wp-content\\\/uploads\\\/2023\\\/12\\\/FEATURED-Innovative-Projects-2023.png\",\"keywords\":[\"Inova\u00e7\u00e3o\"],\"articleSection\":[\"Inova\u00e7\u00e3o\"],\"inLanguage\":\"pt-BR\"},{\"@type\":\"WebPage\",\"@id\":\"https:\\\/\\\/latamjournalismreview.org\\\/pt-br\\\/articles\\\/10-projetos-jornalisticos-inovadores-que-causaram-impacto-na-america-latina-em-2023\\\/\",\"url\":\"https:\\\/\\\/latamjournalismreview.org\\\/pt-br\\\/articles\\\/10-projetos-jornalisticos-inovadores-que-causaram-impacto-na-america-latina-em-2023\\\/\",\"name\":\"10 projetos de jornalismo latino-americano com impacto em 2023\",\"isPartOf\":{\"@id\":\"https:\\\/\\\/latamjournalismreview.org\\\/pt-br\\\/#website\"},\"primaryImageOfPage\":{\"@id\":\"https:\\\/\\\/latamjournalismreview.org\\\/pt-br\\\/articles\\\/10-projetos-jornalisticos-inovadores-que-causaram-impacto-na-america-latina-em-2023\\\/#primaryimage\"},\"image\":{\"@id\":\"https:\\\/\\\/latamjournalismreview.org\\\/pt-br\\\/articles\\\/10-projetos-jornalisticos-inovadores-que-causaram-impacto-na-america-latina-em-2023\\\/#primaryimage\"},\"thumbnailUrl\":\"https:\\\/\\\/latamjournalismreview.org\\\/wp-content\\\/uploads\\\/2023\\\/12\\\/FEATURED-Innovative-Projects-2023.png\",\"datePublished\":\"2023-12-07T21:54:02+00:00\",\"dateModified\":\"2023-12-07T21:56:27+00:00\",\"description\":\"De intelig\u00eancia artificial a jogos interativos, esses 10 projetos de jornalismo feitos na Am\u00e9rica Latina causaram impacto em 2023.\",\"breadcrumb\":{\"@id\":\"https:\\\/\\\/latamjournalismreview.org\\\/pt-br\\\/articles\\\/10-projetos-jornalisticos-inovadores-que-causaram-impacto-na-america-latina-em-2023\\\/#breadcrumb\"},\"inLanguage\":\"pt-BR\",\"potentialAction\":[{\"@type\":\"ReadAction\",\"target\":[\"https:\\\/\\\/latamjournalismreview.org\\\/pt-br\\\/articles\\\/10-projetos-jornalisticos-inovadores-que-causaram-impacto-na-america-latina-em-2023\\\/\"]}]},{\"@type\":\"ImageObject\",\"inLanguage\":\"pt-BR\",\"@id\":\"https:\\\/\\\/latamjournalismreview.org\\\/pt-br\\\/articles\\\/10-projetos-jornalisticos-inovadores-que-causaram-impacto-na-america-latina-em-2023\\\/#primaryimage\",\"url\":\"https:\\\/\\\/latamjournalismreview.org\\\/wp-content\\\/uploads\\\/2023\\\/12\\\/FEATURED-Innovative-Projects-2023.png\",\"contentUrl\":\"https:\\\/\\\/latamjournalismreview.org\\\/wp-content\\\/uploads\\\/2023\\\/12\\\/FEATURED-Innovative-Projects-2023.png\",\"width\":507,\"height\":340,\"caption\":\"Collage of abstract watercolor images depicting different events. (Photo: Created with artificial intelligence by Canva's Magic Media)\"},{\"@type\":\"BreadcrumbList\",\"@id\":\"https:\\\/\\\/latamjournalismreview.org\\\/pt-br\\\/articles\\\/10-projetos-jornalisticos-inovadores-que-causaram-impacto-na-america-latina-em-2023\\\/#breadcrumb\",\"itemListElement\":[{\"@type\":\"ListItem\",\"position\":1,\"name\":\"Home\",\"item\":\"https:\\\/\\\/latamjournalismreview.org\\\/pt-br\\\/\"},{\"@type\":\"ListItem\",\"position\":2,\"name\":\"10 projetos jornal\u00edsticos inovadores que causaram impacto na Am\u00e9rica Latina em 2023\"}]},{\"@type\":\"WebSite\",\"@id\":\"https:\\\/\\\/latamjournalismreview.org\\\/pt-br\\\/#website\",\"url\":\"https:\\\/\\\/latamjournalismreview.org\\\/pt-br\\\/\",\"name\":\"LatAm Journalism Review\",\"description\":\"Digital magazine on journalism in Latin America\",\"publisher\":{\"@id\":\"https:\\\/\\\/latamjournalismreview.org\\\/pt-br\\\/#organization\"},\"potentialAction\":[{\"@type\":\"SearchAction\",\"target\":{\"@type\":\"EntryPoint\",\"urlTemplate\":\"https:\\\/\\\/latamjournalismreview.org\\\/pt-br\\\/?s={search_term_string}\"},\"query-input\":{\"@type\":\"PropertyValueSpecification\",\"valueRequired\":true,\"valueName\":\"search_term_string\"}}],\"inLanguage\":\"pt-BR\"},{\"@type\":\"Organization\",\"@id\":\"https:\\\/\\\/latamjournalismreview.org\\\/pt-br\\\/#organization\",\"name\":\"LatAm Journalism Review\",\"url\":\"https:\\\/\\\/latamjournalismreview.org\\\/pt-br\\\/\",\"logo\":{\"@type\":\"ImageObject\",\"inLanguage\":\"pt-BR\",\"@id\":\"https:\\\/\\\/latamjournalismreview.org\\\/pt-br\\\/#\\\/schema\\\/logo\\\/image\\\/\",\"url\":\"https:\\\/\\\/latamjournalismreview.org\\\/wp-content\\\/uploads\\\/2020\\\/05\\\/knight-latAm-review-logo.svg\",\"contentUrl\":\"https:\\\/\\\/latamjournalismreview.org\\\/wp-content\\\/uploads\\\/2020\\\/05\\\/knight-latAm-review-logo.svg\",\"width\":\"1024\",\"height\":\"1024\",\"caption\":\"LatAm Journalism Review\"},\"image\":{\"@id\":\"https:\\\/\\\/latamjournalismreview.org\\\/pt-br\\\/#\\\/schema\\\/logo\\\/image\\\/\"},\"sameAs\":[\"https:\\\/\\\/x.com\\\/LatAmJournalism\"]},{\"@type\":\"Person\",\"@id\":\"https:\\\/\\\/latamjournalismreview.org\\\/pt-br\\\/#\\\/schema\\\/person\\\/dcf6dcdd6226ac8d939e2796645d17c6\",\"name\":\"C\u00e9sar L\u00f3pez Linares\",\"description\":\"C\u00e9sar L\u00f3pez Linares began his career at the Mexican newspaper REFORMA as an entertainment and media co-editor. He has written for publications such as TODO Austin, Texas Music Magazine and The Austin Chronicle. C\u00e9sar has a Master's degree in Journalism from the University of Texas at Austin and a Bachelors degree in Communication from the National Autonomous University of Mexico. He previously wrote about innovation in journalism for the Gabo Foundation in Colombia and currently reports for the Knight Center's LatAmJournalism Review digital magazine. A native of Mexico City, C\u00e9sar has become a digital nomad combining content creation with his passion for travel. ________ C\u00e9sar L\u00f3pez Linares inici\u00f3 su carrera en el diario mexicano REFORMA como coeditor de entretenimiento y medios. Ha escrito para publicaciones como TODO Austin, Texas Music Magazine y The Austin Chronicle. C\u00e9sar tiene una Maestr\u00eda en Periodismo de la Universidad de Texas en Austin y una Licenciatura en Comunicaci\u00f3n de la Universidad Nacional Aut\u00f3noma de M\u00e9xico. Previamente escribi\u00f3 sobre innovaci\u00f3n en periodismo para la Fundaci\u00f3n Gabo en Colombia y actualmente escribe para la revista digital LatAmJournalism Review del Centro Knight. Originario de la Ciudad de M\u00e9xico, C\u00e9sar se ha convertido en un n\u00f3mada digital que combina la creaci\u00f3n de contenido con su pasi\u00f3n por viajar. _________ C\u00e9sar L\u00f3pez Linares come\u00e7ou sua carreira no jornal mexicano REFORMA como coeditor de entretenimento e m\u00eddia. Ele escreveu para publica\u00e7\u00f5es como TODO Austin, Texas Music Magazine e The Austin Chronicle. C\u00e9sar tem mestrado em jornalismo pela University of Texas em Austin e \u00e9 bacharel em comunica\u00e7\u00e3o pela Universidad Nacional Aut\u00f3noma de M\u00e9xico. Antes disso, ele escreveu sobre inova\u00e7\u00e3o no jornalismo para a Funda\u00e7\u00e3o Gabo na Col\u00f4mbia. Atualmente escreve para a revista digital LatAmJournalism Review do Centro Knight. Nascido na Cidade do M\u00e9xico, C\u00e9sar se tornou um n\u00f4made digital combinando a cria\u00e7\u00e3o de conte\u00fado com sua paix\u00e3o por viagens.\",\"sameAs\":[\"https:\\\/\\\/x.com\\\/cesarisch\"],\"url\":\"https:\\\/\\\/latamjournalismreview.org\\\/pt-br\\\/articles\\\/author\\\/cesar-lopez-linares\\\/\"}]}<\/script>\n<!-- \/ Yoast SEO Premium plugin. -->","yoast_head_json":{"title":"10 projetos de jornalismo latino-americano com impacto em 2023","description":"De intelig\u00eancia artificial a jogos interativos, esses 10 projetos de jornalismo feitos na Am\u00e9rica Latina causaram impacto em 2023.","robots":{"index":"index","follow":"follow","max-snippet":"max-snippet:-1","max-image-preview":"max-image-preview:large","max-video-preview":"max-video-preview:-1"},"canonical":"https:\/\/latamjournalismreview.org\/pt-br\/articles\/10-projetos-jornalisticos-inovadores-que-causaram-impacto-na-america-latina-em-2023\/","og_locale":"pt_BR","og_type":"article","og_title":"10 projetos jornal\u00edsticos inovadores que causaram impacto na Am\u00e9rica Latina em 2023","og_description":"De intelig\u00eancia artificial a jogos interativos, esses 10 projetos de jornalismo feitos na Am\u00e9rica Latina causaram impacto em 2023.","og_url":"https:\/\/latamjournalismreview.org\/pt-br\/articles\/10-projetos-jornalisticos-inovadores-que-causaram-impacto-na-america-latina-em-2023\/","og_site_name":"LatAm Journalism Review by the Knight Center","article_published_time":"2023-12-07T21:54:02+00:00","article_modified_time":"2023-12-07T21:56:27+00:00","og_image":[{"width":507,"height":340,"url":"https:\/\/latamjournalismreview.org\/wp-content\/uploads\/2023\/12\/FEATURED-Innovative-Projects-2023.png","type":"image\/png"}],"author":"C\u00e9sar L\u00f3pez Linares","twitter_card":"summary_large_image","twitter_creator":"@cesarisch","twitter_site":"@LatAmJournalism","twitter_misc":{"Written by":"C\u00e9sar L\u00f3pez Linares","Est. reading time":"16 minutos"},"schema":{"@context":"https:\/\/schema.org","@graph":[{"@type":"Article","@id":"https:\/\/latamjournalismreview.org\/pt-br\/articles\/10-projetos-jornalisticos-inovadores-que-causaram-impacto-na-america-latina-em-2023\/#article","isPartOf":{"@id":"https:\/\/latamjournalismreview.org\/pt-br\/articles\/10-projetos-jornalisticos-inovadores-que-causaram-impacto-na-america-latina-em-2023\/"},"author":{"name":"C\u00e9sar L\u00f3pez Linares","@id":"https:\/\/latamjournalismreview.org\/pt-br\/#\/schema\/person\/dcf6dcdd6226ac8d939e2796645d17c6"},"headline":"10 projetos jornal\u00edsticos inovadores que causaram impacto na Am\u00e9rica Latina em 2023","datePublished":"2023-12-07T21:54:02+00:00","dateModified":"2023-12-07T21:56:27+00:00","mainEntityOfPage":{"@id":"https:\/\/latamjournalismreview.org\/pt-br\/articles\/10-projetos-jornalisticos-inovadores-que-causaram-impacto-na-america-latina-em-2023\/"},"wordCount":3164,"publisher":{"@id":"https:\/\/latamjournalismreview.org\/pt-br\/#organization"},"image":{"@id":"https:\/\/latamjournalismreview.org\/pt-br\/articles\/10-projetos-jornalisticos-inovadores-que-causaram-impacto-na-america-latina-em-2023\/#primaryimage"},"thumbnailUrl":"https:\/\/latamjournalismreview.org\/wp-content\/uploads\/2023\/12\/FEATURED-Innovative-Projects-2023.png","keywords":["Inova\u00e7\u00e3o"],"articleSection":["Inova\u00e7\u00e3o"],"inLanguage":"pt-BR"},{"@type":"WebPage","@id":"https:\/\/latamjournalismreview.org\/pt-br\/articles\/10-projetos-jornalisticos-inovadores-que-causaram-impacto-na-america-latina-em-2023\/","url":"https:\/\/latamjournalismreview.org\/pt-br\/articles\/10-projetos-jornalisticos-inovadores-que-causaram-impacto-na-america-latina-em-2023\/","name":"10 projetos de jornalismo latino-americano com impacto em 2023","isPartOf":{"@id":"https:\/\/latamjournalismreview.org\/pt-br\/#website"},"primaryImageOfPage":{"@id":"https:\/\/latamjournalismreview.org\/pt-br\/articles\/10-projetos-jornalisticos-inovadores-que-causaram-impacto-na-america-latina-em-2023\/#primaryimage"},"image":{"@id":"https:\/\/latamjournalismreview.org\/pt-br\/articles\/10-projetos-jornalisticos-inovadores-que-causaram-impacto-na-america-latina-em-2023\/#primaryimage"},"thumbnailUrl":"https:\/\/latamjournalismreview.org\/wp-content\/uploads\/2023\/12\/FEATURED-Innovative-Projects-2023.png","datePublished":"2023-12-07T21:54:02+00:00","dateModified":"2023-12-07T21:56:27+00:00","description":"De intelig\u00eancia artificial a jogos interativos, esses 10 projetos de jornalismo feitos na Am\u00e9rica Latina causaram impacto em 2023.","breadcrumb":{"@id":"https:\/\/latamjournalismreview.org\/pt-br\/articles\/10-projetos-jornalisticos-inovadores-que-causaram-impacto-na-america-latina-em-2023\/#breadcrumb"},"inLanguage":"pt-BR","potentialAction":[{"@type":"ReadAction","target":["https:\/\/latamjournalismreview.org\/pt-br\/articles\/10-projetos-jornalisticos-inovadores-que-causaram-impacto-na-america-latina-em-2023\/"]}]},{"@type":"ImageObject","inLanguage":"pt-BR","@id":"https:\/\/latamjournalismreview.org\/pt-br\/articles\/10-projetos-jornalisticos-inovadores-que-causaram-impacto-na-america-latina-em-2023\/#primaryimage","url":"https:\/\/latamjournalismreview.org\/wp-content\/uploads\/2023\/12\/FEATURED-Innovative-Projects-2023.png","contentUrl":"https:\/\/latamjournalismreview.org\/wp-content\/uploads\/2023\/12\/FEATURED-Innovative-Projects-2023.png","width":507,"height":340,"caption":"Collage of abstract watercolor images depicting different events. (Photo: Created with artificial intelligence by Canva's Magic Media)"},{"@type":"BreadcrumbList","@id":"https:\/\/latamjournalismreview.org\/pt-br\/articles\/10-projetos-jornalisticos-inovadores-que-causaram-impacto-na-america-latina-em-2023\/#breadcrumb","itemListElement":[{"@type":"ListItem","position":1,"name":"Home","item":"https:\/\/latamjournalismreview.org\/pt-br\/"},{"@type":"ListItem","position":2,"name":"10 projetos jornal\u00edsticos inovadores que causaram impacto na Am\u00e9rica Latina em 2023"}]},{"@type":"WebSite","@id":"https:\/\/latamjournalismreview.org\/pt-br\/#website","url":"https:\/\/latamjournalismreview.org\/pt-br\/","name":"LatAm Journalism Review","description":"Digital magazine on journalism in Latin America","publisher":{"@id":"https:\/\/latamjournalismreview.org\/pt-br\/#organization"},"potentialAction":[{"@type":"SearchAction","target":{"@type":"EntryPoint","urlTemplate":"https:\/\/latamjournalismreview.org\/pt-br\/?s={search_term_string}"},"query-input":{"@type":"PropertyValueSpecification","valueRequired":true,"valueName":"search_term_string"}}],"inLanguage":"pt-BR"},{"@type":"Organization","@id":"https:\/\/latamjournalismreview.org\/pt-br\/#organization","name":"LatAm Journalism Review","url":"https:\/\/latamjournalismreview.org\/pt-br\/","logo":{"@type":"ImageObject","inLanguage":"pt-BR","@id":"https:\/\/latamjournalismreview.org\/pt-br\/#\/schema\/logo\/image\/","url":"https:\/\/latamjournalismreview.org\/wp-content\/uploads\/2020\/05\/knight-latAm-review-logo.svg","contentUrl":"https:\/\/latamjournalismreview.org\/wp-content\/uploads\/2020\/05\/knight-latAm-review-logo.svg","width":"1024","height":"1024","caption":"LatAm Journalism Review"},"image":{"@id":"https:\/\/latamjournalismreview.org\/pt-br\/#\/schema\/logo\/image\/"},"sameAs":["https:\/\/x.com\/LatAmJournalism"]},{"@type":"Person","@id":"https:\/\/latamjournalismreview.org\/pt-br\/#\/schema\/person\/dcf6dcdd6226ac8d939e2796645d17c6","name":"C\u00e9sar L\u00f3pez Linares","description":"C\u00e9sar L\u00f3pez Linares began his career at the Mexican newspaper REFORMA as an entertainment and media co-editor. He has written for publications such as TODO Austin, Texas Music Magazine and The Austin Chronicle. C\u00e9sar has a Master's degree in Journalism from the University of Texas at Austin and a Bachelors degree in Communication from the National Autonomous University of Mexico. He previously wrote about innovation in journalism for the Gabo Foundation in Colombia and currently reports for the Knight Center's LatAmJournalism Review digital magazine. A native of Mexico City, C\u00e9sar has become a digital nomad combining content creation with his passion for travel. ________ C\u00e9sar L\u00f3pez Linares inici\u00f3 su carrera en el diario mexicano REFORMA como coeditor de entretenimiento y medios. Ha escrito para publicaciones como TODO Austin, Texas Music Magazine y The Austin Chronicle. C\u00e9sar tiene una Maestr\u00eda en Periodismo de la Universidad de Texas en Austin y una Licenciatura en Comunicaci\u00f3n de la Universidad Nacional Aut\u00f3noma de M\u00e9xico. Previamente escribi\u00f3 sobre innovaci\u00f3n en periodismo para la Fundaci\u00f3n Gabo en Colombia y actualmente escribe para la revista digital LatAmJournalism Review del Centro Knight. Originario de la Ciudad de M\u00e9xico, C\u00e9sar se ha convertido en un n\u00f3mada digital que combina la creaci\u00f3n de contenido con su pasi\u00f3n por viajar. _________ C\u00e9sar L\u00f3pez Linares come\u00e7ou sua carreira no jornal mexicano REFORMA como coeditor de entretenimento e m\u00eddia. Ele escreveu para publica\u00e7\u00f5es como TODO Austin, Texas Music Magazine e The Austin Chronicle. C\u00e9sar tem mestrado em jornalismo pela University of Texas em Austin e \u00e9 bacharel em comunica\u00e7\u00e3o pela Universidad Nacional Aut\u00f3noma de M\u00e9xico. Antes disso, ele escreveu sobre inova\u00e7\u00e3o no jornalismo para a Funda\u00e7\u00e3o Gabo na Col\u00f4mbia. Atualmente escreve para a revista digital LatAmJournalism Review do Centro Knight. Nascido na Cidade do M\u00e9xico, C\u00e9sar se tornou um n\u00f4made digital combinando a cria\u00e7\u00e3o de conte\u00fado com sua paix\u00e3o por viagens.","sameAs":["https:\/\/x.com\/cesarisch"],"url":"https:\/\/latamjournalismreview.org\/pt-br\/articles\/author\/cesar-lopez-linares\/"}]}},"_links":{"self":[{"href":"https:\/\/latamjournalismreview.org\/pt-br\/wp-json\/wp\/v2\/posts\/82747","targetHints":{"allow":["GET"]}}],"collection":[{"href":"https:\/\/latamjournalismreview.org\/pt-br\/wp-json\/wp\/v2\/posts"}],"about":[{"href":"https:\/\/latamjournalismreview.org\/pt-br\/wp-json\/wp\/v2\/types\/post"}],"author":[{"embeddable":true,"href":"https:\/\/latamjournalismreview.org\/pt-br\/wp-json\/wp\/v2\/users\/19"}],"replies":[{"embeddable":true,"href":"https:\/\/latamjournalismreview.org\/pt-br\/wp-json\/wp\/v2\/comments?post=82747"}],"version-history":[{"count":3,"href":"https:\/\/latamjournalismreview.org\/pt-br\/wp-json\/wp\/v2\/posts\/82747\/revisions"}],"predecessor-version":[{"id":82750,"href":"https:\/\/latamjournalismreview.org\/pt-br\/wp-json\/wp\/v2\/posts\/82747\/revisions\/82750"}],"wp:featuredmedia":[{"embeddable":true,"href":"https:\/\/latamjournalismreview.org\/pt-br\/wp-json\/wp\/v2\/media\/82733"}],"wp:attachment":[{"href":"https:\/\/latamjournalismreview.org\/pt-br\/wp-json\/wp\/v2\/media?parent=82747"}],"wp:term":[{"taxonomy":"category","embeddable":true,"href":"https:\/\/latamjournalismreview.org\/pt-br\/wp-json\/wp\/v2\/categories?post=82747"},{"taxonomy":"post_tag","embeddable":true,"href":"https:\/\/latamjournalismreview.org\/pt-br\/wp-json\/wp\/v2\/tags?post=82747"},{"taxonomy":"author","embeddable":true,"href":"https:\/\/latamjournalismreview.org\/pt-br\/wp-json\/wp\/v2\/coauthors?post=82747"}],"curies":[{"name":"wp","href":"https:\/\/api.w.org\/{rel}","templated":true}]}}