{"id":83156,"date":"2023-12-19T15:37:46","date_gmt":"2023-12-19T21:37:46","guid":{"rendered":"https:\/\/latamjournalismreview.org\/?p=83156"},"modified":"2023-12-20T05:51:31","modified_gmt":"2023-12-20T11:51:31","slug":"revista-elementos-de-el-salvador-lanca-um-podcast-para-mostrar-o-lado-mais-humano-do-jornalismo","status":"publish","type":"post","link":"https:\/\/latamjournalismreview.org\/pt-br\/articles\/revista-elementos-de-el-salvador-lanca-um-podcast-para-mostrar-o-lado-mais-humano-do-jornalismo\/","title":{"rendered":"Revista Elementos, de El Salvador, lan\u00e7a um podcast para mostrar o lado mais humano do jornalismo"},"content":{"rendered":"<p><span style=\"font-weight: 400;\">Mostrar a face mais humana dos jornalistas e conectar suas hist\u00f3rias pessoais com as de seu p\u00fablico \u00e9 um dos desafios do novo podcast da Revista Elementos, de El Salvador.<\/span><\/p>\n<p><span style=\"font-weight: 400;\">Sob o t\u00edtulo <\/span><a href=\"https:\/\/open.spotify.com\/show\/53Ad25jqb5jgunTLegaqQf\"><span style=\"font-weight: 400;\">Miscel\u00e1neo<\/span><\/a><span style=\"font-weight: 400;\">, a equipe da revista especializada em jornalismo em profundidade publicou a primeira temporada de um podcast que narra a jornada de quatro jornalistas salvadorenhos.<\/span><\/p>\n<p><span style=\"font-weight: 400;\">\"Nos \u00faltimos anos, sob o governo atual, temos recebido muitos ataques do governo que fazem com que [jornalistas] pare\u00e7amos pessoas negativas. De fato, nos colocaram na mesma cesta que os membros da oposi\u00e7\u00e3o e nos fizeram parecer seus inimigos. Sempre mantendo o discurso do bem e do mal\", disse Maite Portillo, coordenadora multim\u00eddia da revista Elementos, \u00e0 <\/span><b>LatAm Journalism Review (LJR)<\/b><span style=\"font-weight: 400;\">.<\/span><\/p>\n<p><span style=\"font-weight: 400;\">Segundo Portillo, uma das motiva\u00e7\u00f5es para a cria\u00e7\u00e3o desse podcast \u00e9 contrabalan\u00e7ar os ataques \u00e0 imprensa salvadorenha e fazer com que \"o p\u00fablico veja que, al\u00e9m do personagem que investiga, al\u00e9m do personagem que reporta, h\u00e1 uma pessoa que tem uma hist\u00f3ria de vida e que sofre as consequ\u00eancias de querer fazer a coisa certa\".<\/span><\/p>\n<p><span style=\"font-weight: 400;\">A Associa\u00e7\u00e3o de Jornalistas de El Salvador denunciou que, sob o atual governo do presidente Nayib Bukele, <\/span><a href=\"https:\/\/latamjournalismreview.org\/pt-br\/news\/associacao-de-jornalistas-de-el-salvador-acusa-bukele-de-criminalizar-jornalismo\/\"><span style=\"font-weight: 400;\">a profiss\u00e3o de jornalista tem sido criminalizada<\/span><\/a><span style=\"font-weight: 400;\"> no pa\u00eds.<\/span><\/p>\n<p><span style=\"font-weight: 400;\">Al\u00e9m disso, de acordo com dados da associa\u00e7\u00e3o, em 2022 foi registrado um total de 147 viola\u00e7\u00f5es e 161 ataques a jornalistas. Sem contar os relatos de que <\/span><a href=\"https:\/\/latamjournalismreview.org\/pt-br\/articles\/apos-serem-espionados-jornalistas-de-el-faro-processam-fabricante-do-spyware-pegasus-nos-estados-unidos\/\"><span style=\"font-weight: 400;\">os telefones de 35 jornalistas e membros da sociedade civil foram infectados com o programa de spyware Pegasus<\/span><\/a><span style=\"font-weight: 400;\"> entre julho de 2020 e novembro de 2021.<\/span><\/p>\n<p>&nbsp;<\/p>\n<h3><span style=\"font-weight: 400;\">Experimentando narrativas e colabora\u00e7\u00e3o<\/span><\/h3>\n<p>&nbsp;<\/p>\n<p><span style=\"font-weight: 400;\">A <\/span><a href=\"https:\/\/revistaelementos.net\/nosotros\/\"><span style=\"font-weight: 400;\">Revista Elementos<\/span><\/a><span style=\"font-weight: 400;\"> foi fundada no final de 2021 pelos jornalistas Luis Canizales e David Ernesto P\u00e9rez e a ideia por tr\u00e1s de sua cria\u00e7\u00e3o, segundo Portillo, \u00e9 revelar e explicar, por meio de suas investiga\u00e7\u00f5es jornal\u00edsticas, o que est\u00e1 acontecendo em El Salvador.<\/span><\/p>\n<div id=\"attachment_83145\" style=\"width: 310px\" class=\"wp-caption alignleft\"><img loading=\"lazy\" decoding=\"async\" aria-describedby=\"caption-attachment-83145\" class=\"wp-image-83147 size-medium\" src=\"https:\/\/latamjournalismreview.org\/wp-content\/uploads\/2023\/12\/maite-portillo-coordinadora-multimedia-3-300x300.jpg\" alt=\"a young woman looking at the camara\" width=\"300\" height=\"300\" srcset=\"https:\/\/latamjournalismreview.org\/wp-content\/uploads\/2023\/12\/maite-portillo-coordinadora-multimedia-3-300x300.jpg 300w, https:\/\/latamjournalismreview.org\/wp-content\/uploads\/2023\/12\/maite-portillo-coordinadora-multimedia-3-150x150.jpg 150w, https:\/\/latamjournalismreview.org\/wp-content\/uploads\/2023\/12\/maite-portillo-coordinadora-multimedia-3-24x24.jpg 24w, https:\/\/latamjournalismreview.org\/wp-content\/uploads\/2023\/12\/maite-portillo-coordinadora-multimedia-3-48x48.jpg 48w, https:\/\/latamjournalismreview.org\/wp-content\/uploads\/2023\/12\/maite-portillo-coordinadora-multimedia-3-96x96.jpg 96w, https:\/\/latamjournalismreview.org\/wp-content\/uploads\/2023\/12\/maite-portillo-coordinadora-multimedia-3.jpg 500w\" sizes=\"auto, (max-width: 300px) 100vw, 300px\" \/><p id=\"caption-attachment-83145\" class=\"wp-caption-text\">Segundo Maite Portillo, coordenadora multim\u00eddia da revista Elementos, uma das motiva\u00e7\u00f5es para criar o podcast Miscel\u00e1neo \u00e9 combater os ataques que a imprensa salvadorenha tem sofrido (Foto: Revista Elementos)<\/p><\/div>\n<p><span style=\"font-weight: 400;\">Para realizar o podcast, eles contaram com o apoio da plataforma de ativismo digital <\/span><a href=\"https:\/\/www.inspiratorio.org\/\"><span style=\"font-weight: 400;\">Inspiratorio<\/span><\/a><span style=\"font-weight: 400;\"> (uma iniciativa da organiza\u00e7\u00e3o sem fins lucrativos <\/span><a href=\"https:\/\/somos-puentes.org\/\"><span style=\"font-weight: 400;\">Puentes<\/span><\/a><span style=\"font-weight: 400;\">, com sede na Col\u00f4mbia e na Espanha) que, por meio da segunda edi\u00e7\u00e3o de seu acampamento virtual para jornalistas, forneceu \u00e0 Revista Elementos financiamento e apoio para a elabora\u00e7\u00e3o, o desenvolvimento e a divulga\u00e7\u00e3o do podcast.<\/span><\/p>\n<p><span style=\"font-weight: 400;\">Paloma Mart\u00ednez, cocoordenadora da Intrasentido [organiza\u00e7\u00e3o parceira da Inspiratorio.org no M\u00e9xico], disse \u00e0 <\/span><b>LJR <\/b><span style=\"font-weight: 400;\">que eles criaram o acampamento virtual com o objetivo de promover a experimenta\u00e7\u00e3o de narrativas e a colabora\u00e7\u00e3o com jornalistas de v\u00e1rias partes da Am\u00e9rica Latina.<\/span><\/p>\n<p><span style=\"font-weight: 400;\">\u201cEste ano o acampamento foi realizado de 12 a 28 de setembro de 2023 e participaram jornalistas do M\u00e9xico, Equador, Argentina e El Salvador. A ideia \u00e9 que haja cinco semanas de treinamento para cinco organiza\u00e7\u00f5es, que receber\u00e3o um subs\u00eddio de US$ 5 mil para realizar seu trabalho. J\u00e1 estamos preparando o acampamento virtual do pr\u00f3ximo ano e a chamada para inscri\u00e7\u00f5es ser\u00e1 publicada no site do <\/span><a href=\"http:\/\/inspiratorio.org\"><span style=\"font-weight: 400;\">Inspiratorio<\/span><\/a><span style=\"font-weight: 400;\">.\u201d<\/span><\/p>\n<p><span style=\"font-weight: 400;\">Em seu site, <\/span><a href=\"http:\/\/inspiratorio.org\"><span style=\"font-weight: 400;\">Inspiratorio<\/span><\/a><span style=\"font-weight: 400;\"> afirma que, por meio da \u201ccria\u00e7\u00e3o coletiva de narrativas alternativas, diversas e esperan\u00e7osas, podemos desafiar os interesses dominantes que estabeleceram narrativas sobre o mundo, perpetuando e normalizando a injusti\u00e7a, a opress\u00e3o e a desigualdade. Em comunidade, \u00e9 poss\u00edvel reescrever essa hist\u00f3ria.\u201d<\/span><\/p>\n<p>&nbsp;<\/p>\n<h3><span style=\"font-weight: 400;\">Jornalistas como protagonistas<\/span><\/h3>\n<p>&nbsp;<\/p>\n<p><span style=\"font-weight: 400;\">Apesar de mais de 10 anos trabalhando como jornalista em El Salvador, esta \u00e9 a primeira vez que Astrid Mej\u00eda se atreve a contar sua hist\u00f3ria pessoal.<\/span><\/p>\n<p><span style=\"font-weight: 400;\">No podcast, ela faz uma viagem desde sua inf\u00e2ncia na \u00e1rea rural de Chalatenango, no norte de El Salvador, at\u00e9 se tornar uma jornalista de destaque especializada em futebol e lidar com os desafios enfrentados pelas mulheres no jornalismo esportivo.<\/span><\/p>\n<div id=\"attachment_83142\" style=\"width: 360px\" class=\"wp-caption alignright\"><img loading=\"lazy\" decoding=\"async\" aria-describedby=\"caption-attachment-83142\" class=\"wp-image-83144\" src=\"https:\/\/latamjournalismreview.org\/wp-content\/uploads\/2023\/12\/WhatsApp-Image-2023-12-19-at-3.11.10-PM-284x300.jpeg\" alt=\"a woman wearing a white shirt and a tie\" width=\"350\" height=\"370\" srcset=\"https:\/\/latamjournalismreview.org\/wp-content\/uploads\/2023\/12\/WhatsApp-Image-2023-12-19-at-3.11.10-PM-284x300.jpeg 284w, https:\/\/latamjournalismreview.org\/wp-content\/uploads\/2023\/12\/WhatsApp-Image-2023-12-19-at-3.11.10-PM-24x24.jpeg 24w, https:\/\/latamjournalismreview.org\/wp-content\/uploads\/2023\/12\/WhatsApp-Image-2023-12-19-at-3.11.10-PM.jpeg 547w\" sizes=\"auto, (max-width: 350px) 100vw, 350px\" \/><p id=\"caption-attachment-83142\" class=\"wp-caption-text\">\"Astrid Mej\u00eda, o futebol, o jornalismo e a luta de g\u00eanero em El Salvador\" \u00e9 um dos epis\u00f3dios da primeira temporada do Podcast Miscel\u00e1neo. (Imagem: Revista Elementos)<\/p><\/div>\n<p><span style=\"font-weight: 400;\">\"O que eu reprovo na carreira \u00e9 que ela mutilou muito do que eu sentia como f\u00e3 de esportes, especificamente de futebol. Quero dizer, ir ao campo como espectadora e depois ir ao campo como jornalista s\u00e3o experi\u00eancias totalmente diferentes. E se eu tivesse que escolher uma ou outra, eu escolheria a primeira\", disse Mej\u00eda no epis\u00f3dio intitulado \"Astrid Mej\u00eda, futebol, jornalismo e a luta de g\u00eanero em El Salvador\".\u00a0\u00a0<\/span><a href=\"https:\/\/open.spotify.com\/show\/53Ad25jqb5jgunTLegaqQf\"><br \/>\n<\/a><\/p>\n<p><span style=\"font-weight: 400;\">Mej\u00eda disse \u00e0 <\/span><b>LJR <\/b><span style=\"font-weight: 400;\">que, apesar de n\u00e3o estar acostumada a ser a protagonista das hist\u00f3rias, ela se sentiu muito \u00e0 vontade com a entrevista e as perguntas que lhe foram feitas.<\/span><a href=\"https:\/\/open.spotify.com\/show\/53Ad25jqb5jgunTLegaqQf\"><br \/>\n<\/a><\/p>\n<p><span style=\"font-weight: 400;\">\"\u00c9 necess\u00e1rio mostrar esse outro lado, porque corremos muito com essa ideia de que o jornalista \u00e9 c\u00e9tico, que nada permeia o jornalista. \u00c9 como remover um pouco dessa forma de pensar e mostrar esse nosso lado e dizer que voc\u00ea \u00e9 uma pessoa normal como qualquer outra, com uma hist\u00f3ria\", explicou Mej\u00eda. \"Outras pessoas tamb\u00e9m podem se ver refletidas em sua hist\u00f3ria e ouvir como foi dif\u00edcil para voc\u00ea alcan\u00e7ar certas coisas\", acrescentou.<\/span><a href=\"https:\/\/open.spotify.com\/show\/53Ad25jqb5jgunTLegaqQf\"><br \/>\n<\/a><\/p>\n<p><span style=\"font-weight: 400;\">Mas Mej\u00eda n\u00e3o \u00e9 a \u00fanica jornalista salvadorenha que se atreveu a participar do podcast. A primeira temporada do Miscel\u00e1neo tamb\u00e9m contou com depoimentos de <\/span><a href=\"https:\/\/open.spotify.com\/episode\/5e8BqUMQVq4Mgr2BAjCo2a\"><span style=\"font-weight: 400;\">Carlos Hern\u00e1ndez Cruz<\/span><\/a><span style=\"font-weight: 400;\">, jornalista que faz parte da comunidade LGBTQIA+; <\/span><a href=\"https:\/\/open.spotify.com\/episode\/4BaUsWzYrRlaOEmLHZsbQz\"><span style=\"font-weight: 400;\">M\u00f3nica Rodr\u00edguez<\/span><\/a><span style=\"font-weight: 400;\">, ex-jornalista de televis\u00e3o; e <\/span><a href=\"https:\/\/open.spotify.com\/episode\/0VlPw0l7IXn6dGGNDK1Xpv\"><span style=\"font-weight: 400;\">Metzi Martel<\/span><\/a><span style=\"font-weight: 400;\">, jornalista feminista.<\/span><a href=\"https:\/\/open.spotify.com\/show\/53Ad25jqb5jgunTLegaqQf\"><br \/>\n<\/a><\/p>\n<p><span style=\"font-weight: 400;\">Os criadores do podcast Miscel\u00e1neo levaram em m\u00e9dia dois meses para dar forma \u00e0s quatro hist\u00f3rias apresentadas na primeira temporada. Eles tamb\u00e9m querem fazer uma segunda temporada.<\/span><a href=\"https:\/\/open.spotify.com\/show\/53Ad25jqb5jgunTLegaqQf\"><br \/>\n<\/a><\/p>\n<p><span style=\"font-weight: 400;\">No entanto, no momento, est\u00e3o concentrados em promover a primeira temporada e esperam conversar com organiza\u00e7\u00f5es n\u00e3o governamentais no in\u00edcio do pr\u00f3ximo ano para divulgar as hist\u00f3rias publicadas.<\/span><a href=\"https:\/\/open.spotify.com\/show\/53Ad25jqb5jgunTLegaqQf\"><br \/>\n<\/a><\/p>\n<p><span style=\"font-weight: 400;\">\"Queremos mudar o discurso de \u00f3dio contra jornalistas, o discurso que diz que jornalistas s\u00e3o mentirosos e vendidos, para um discurso mais pr\u00f3ximo da realidade\", disse Portillo.<\/span><a href=\"https:\/\/open.spotify.com\/show\/53Ad25jqb5jgunTLegaqQf\"><br \/>\n<\/a><\/p>\n<p><span style=\"font-weight: 400;\">Miscel\u00e1neo foi lan\u00e7ado em novembro e est\u00e1 <\/span><a href=\"https:\/\/open.spotify.com\/show\/53Ad25jqb5jgunTLegaqQf\"><span style=\"font-weight: 400;\">dispon\u00edvel no Spotify<\/span><\/a><span style=\"font-weight: 400;\">.<\/span><\/p>\n<p>&nbsp;<\/p>\n","protected":false},"excerpt":{"rendered":"<p>A equipe da Revista Elementos publicou a primeira temporada do podcast Miscel\u00e1neo, que conta a hist\u00f3ria de quatro jornalistas salvadorenhos e busca mudar a narrativa governamental de criminaliza\u00e7\u00e3o da profiss\u00e3o.<\/p>\n","protected":false},"author":36,"featured_media":83151,"comment_status":"closed","ping_status":"closed","sticky":false,"template":"","format":"standard","meta":{"inline_featured_image":false,"footnotes":""},"categories":[1217],"tags":[1571],"coauthors":[2745],"class_list":["post-83156","post","type-post","status-publish","format-standard","has-post-thumbnail","hentry","category-inovacao-pt-br","tag-el-salvador-pt-br"],"acf":[],"yoast_head":"<!-- This site is optimized with the Yoast SEO Premium plugin v22.6 (Yoast SEO v27.4) - https:\/\/yoast.com\/product\/yoast-seo-premium-wordpress\/ -->\n<title>Revista Elementos, de El Salvador, lan\u00e7a um podcast para mostrar o lado mais humano do jornalismo - LatAm Journalism Review by the Knight Center<\/title>\n<meta name=\"description\" content=\"Revista Elementos, de El Salvador, lan\u00e7a um podcast para mostrar o lado mais humano do jornalismo Inova\u00e7\u00e3o. Latin American Journalism Review by The Knight Center at The University of Texas at Austin.\" \/>\n<meta name=\"robots\" content=\"index, follow, max-snippet:-1, max-image-preview:large, max-video-preview:-1\" \/>\n<link rel=\"canonical\" href=\"https:\/\/latamjournalismreview.org\/pt-br\/articles\/revista-elementos-de-el-salvador-lanca-um-podcast-para-mostrar-o-lado-mais-humano-do-jornalismo\/\" \/>\n<meta property=\"og:locale\" content=\"pt_BR\" \/>\n<meta property=\"og:type\" content=\"article\" \/>\n<meta property=\"og:title\" content=\"Revista Elementos, de El Salvador, lan\u00e7a um podcast para mostrar o lado mais humano do jornalismo\" \/>\n<meta property=\"og:description\" content=\"Revista Elementos, de El Salvador, lan\u00e7a um podcast para mostrar o lado mais humano do jornalismo Inova\u00e7\u00e3o. Latin American Journalism Review by The Knight Center at The University of Texas at Austin.\" \/>\n<meta property=\"og:url\" content=\"https:\/\/latamjournalismreview.org\/pt-br\/articles\/revista-elementos-de-el-salvador-lanca-um-podcast-para-mostrar-o-lado-mais-humano-do-jornalismo\/\" \/>\n<meta property=\"og:site_name\" content=\"LatAm Journalism Review by the Knight Center\" \/>\n<meta property=\"article:published_time\" content=\"2023-12-19T21:37:46+00:00\" \/>\n<meta property=\"article:modified_time\" content=\"2023-12-20T11:51:31+00:00\" \/>\n<meta property=\"og:image\" content=\"https:\/\/latamjournalismreview.org\/wp-content\/uploads\/2023\/12\/FEATUREDpodcastElSalvador.png\" \/>\n\t<meta property=\"og:image:width\" content=\"507\" \/>\n\t<meta property=\"og:image:height\" content=\"340\" \/>\n\t<meta property=\"og:image:type\" content=\"image\/png\" \/>\n<meta name=\"author\" content=\"Katherine Pennacchio\" \/>\n<meta name=\"twitter:card\" content=\"summary_large_image\" \/>\n<meta name=\"twitter:creator\" content=\"@kathypennacchio\" \/>\n<meta name=\"twitter:site\" content=\"@LatAmJournalism\" \/>\n<meta name=\"twitter:label1\" content=\"Written by\" \/>\n\t<meta name=\"twitter:data1\" content=\"Katherine Pennacchio\" \/>\n\t<meta name=\"twitter:label2\" content=\"Est. reading time\" \/>\n\t<meta name=\"twitter:data2\" content=\"5 minutos\" \/>\n<script type=\"application\/ld+json\" class=\"yoast-schema-graph\">{\"@context\":\"https:\\\/\\\/schema.org\",\"@graph\":[{\"@type\":\"Article\",\"@id\":\"https:\\\/\\\/latamjournalismreview.org\\\/pt-br\\\/articles\\\/revista-elementos-de-el-salvador-lanca-um-podcast-para-mostrar-o-lado-mais-humano-do-jornalismo\\\/#article\",\"isPartOf\":{\"@id\":\"https:\\\/\\\/latamjournalismreview.org\\\/pt-br\\\/articles\\\/revista-elementos-de-el-salvador-lanca-um-podcast-para-mostrar-o-lado-mais-humano-do-jornalismo\\\/\"},\"author\":{\"name\":\"Katherine Pennacchio\",\"@id\":\"https:\\\/\\\/latamjournalismreview.org\\\/pt-br\\\/#\\\/schema\\\/person\\\/35fb0fc8541711528b3683cd6bf42190\"},\"headline\":\"Revista Elementos, de El Salvador, lan\u00e7a um podcast para mostrar o lado mais humano do jornalismo\",\"datePublished\":\"2023-12-19T21:37:46+00:00\",\"dateModified\":\"2023-12-20T11:51:31+00:00\",\"mainEntityOfPage\":{\"@id\":\"https:\\\/\\\/latamjournalismreview.org\\\/pt-br\\\/articles\\\/revista-elementos-de-el-salvador-lanca-um-podcast-para-mostrar-o-lado-mais-humano-do-jornalismo\\\/\"},\"wordCount\":1059,\"publisher\":{\"@id\":\"https:\\\/\\\/latamjournalismreview.org\\\/pt-br\\\/#organization\"},\"image\":{\"@id\":\"https:\\\/\\\/latamjournalismreview.org\\\/pt-br\\\/articles\\\/revista-elementos-de-el-salvador-lanca-um-podcast-para-mostrar-o-lado-mais-humano-do-jornalismo\\\/#primaryimage\"},\"thumbnailUrl\":\"https:\\\/\\\/latamjournalismreview.org\\\/wp-content\\\/uploads\\\/2023\\\/12\\\/FEATUREDpodcastElSalvador.png\",\"keywords\":[\"El Salvador\"],\"articleSection\":[\"Inova\u00e7\u00e3o\"],\"inLanguage\":\"pt-BR\"},{\"@type\":\"WebPage\",\"@id\":\"https:\\\/\\\/latamjournalismreview.org\\\/pt-br\\\/articles\\\/revista-elementos-de-el-salvador-lanca-um-podcast-para-mostrar-o-lado-mais-humano-do-jornalismo\\\/\",\"url\":\"https:\\\/\\\/latamjournalismreview.org\\\/pt-br\\\/articles\\\/revista-elementos-de-el-salvador-lanca-um-podcast-para-mostrar-o-lado-mais-humano-do-jornalismo\\\/\",\"name\":\"Revista Elementos, de El Salvador, lan\u00e7a um podcast para mostrar o lado mais humano do jornalismo - LatAm Journalism Review by the Knight Center\",\"isPartOf\":{\"@id\":\"https:\\\/\\\/latamjournalismreview.org\\\/pt-br\\\/#website\"},\"primaryImageOfPage\":{\"@id\":\"https:\\\/\\\/latamjournalismreview.org\\\/pt-br\\\/articles\\\/revista-elementos-de-el-salvador-lanca-um-podcast-para-mostrar-o-lado-mais-humano-do-jornalismo\\\/#primaryimage\"},\"image\":{\"@id\":\"https:\\\/\\\/latamjournalismreview.org\\\/pt-br\\\/articles\\\/revista-elementos-de-el-salvador-lanca-um-podcast-para-mostrar-o-lado-mais-humano-do-jornalismo\\\/#primaryimage\"},\"thumbnailUrl\":\"https:\\\/\\\/latamjournalismreview.org\\\/wp-content\\\/uploads\\\/2023\\\/12\\\/FEATUREDpodcastElSalvador.png\",\"datePublished\":\"2023-12-19T21:37:46+00:00\",\"dateModified\":\"2023-12-20T11:51:31+00:00\",\"description\":\"Revista Elementos, de El Salvador, lan\u00e7a um podcast para mostrar o lado mais humano do jornalismo Inova\u00e7\u00e3o. Latin American Journalism Review by The Knight Center at The University of Texas at Austin.\",\"breadcrumb\":{\"@id\":\"https:\\\/\\\/latamjournalismreview.org\\\/pt-br\\\/articles\\\/revista-elementos-de-el-salvador-lanca-um-podcast-para-mostrar-o-lado-mais-humano-do-jornalismo\\\/#breadcrumb\"},\"inLanguage\":\"pt-BR\",\"potentialAction\":[{\"@type\":\"ReadAction\",\"target\":[\"https:\\\/\\\/latamjournalismreview.org\\\/pt-br\\\/articles\\\/revista-elementos-de-el-salvador-lanca-um-podcast-para-mostrar-o-lado-mais-humano-do-jornalismo\\\/\"]}]},{\"@type\":\"ImageObject\",\"inLanguage\":\"pt-BR\",\"@id\":\"https:\\\/\\\/latamjournalismreview.org\\\/pt-br\\\/articles\\\/revista-elementos-de-el-salvador-lanca-um-podcast-para-mostrar-o-lado-mais-humano-do-jornalismo\\\/#primaryimage\",\"url\":\"https:\\\/\\\/latamjournalismreview.org\\\/wp-content\\\/uploads\\\/2023\\\/12\\\/FEATUREDpodcastElSalvador.png\",\"contentUrl\":\"https:\\\/\\\/latamjournalismreview.org\\\/wp-content\\\/uploads\\\/2023\\\/12\\\/FEATUREDpodcastElSalvador.png\",\"width\":507,\"height\":340,\"caption\":\"Studio Podcast Microphone on Gray Background\"},{\"@type\":\"BreadcrumbList\",\"@id\":\"https:\\\/\\\/latamjournalismreview.org\\\/pt-br\\\/articles\\\/revista-elementos-de-el-salvador-lanca-um-podcast-para-mostrar-o-lado-mais-humano-do-jornalismo\\\/#breadcrumb\",\"itemListElement\":[{\"@type\":\"ListItem\",\"position\":1,\"name\":\"Home\",\"item\":\"https:\\\/\\\/latamjournalismreview.org\\\/pt-br\\\/\"},{\"@type\":\"ListItem\",\"position\":2,\"name\":\"Revista Elementos, de El Salvador, lan\u00e7a um podcast para mostrar o lado mais humano do jornalismo\"}]},{\"@type\":\"WebSite\",\"@id\":\"https:\\\/\\\/latamjournalismreview.org\\\/pt-br\\\/#website\",\"url\":\"https:\\\/\\\/latamjournalismreview.org\\\/pt-br\\\/\",\"name\":\"LatAm Journalism Review\",\"description\":\"Digital magazine on journalism in Latin America\",\"publisher\":{\"@id\":\"https:\\\/\\\/latamjournalismreview.org\\\/pt-br\\\/#organization\"},\"potentialAction\":[{\"@type\":\"SearchAction\",\"target\":{\"@type\":\"EntryPoint\",\"urlTemplate\":\"https:\\\/\\\/latamjournalismreview.org\\\/pt-br\\\/?s={search_term_string}\"},\"query-input\":{\"@type\":\"PropertyValueSpecification\",\"valueRequired\":true,\"valueName\":\"search_term_string\"}}],\"inLanguage\":\"pt-BR\"},{\"@type\":\"Organization\",\"@id\":\"https:\\\/\\\/latamjournalismreview.org\\\/pt-br\\\/#organization\",\"name\":\"LatAm Journalism Review\",\"url\":\"https:\\\/\\\/latamjournalismreview.org\\\/pt-br\\\/\",\"logo\":{\"@type\":\"ImageObject\",\"inLanguage\":\"pt-BR\",\"@id\":\"https:\\\/\\\/latamjournalismreview.org\\\/pt-br\\\/#\\\/schema\\\/logo\\\/image\\\/\",\"url\":\"https:\\\/\\\/latamjournalismreview.org\\\/wp-content\\\/uploads\\\/2020\\\/05\\\/knight-latAm-review-logo.svg\",\"contentUrl\":\"https:\\\/\\\/latamjournalismreview.org\\\/wp-content\\\/uploads\\\/2020\\\/05\\\/knight-latAm-review-logo.svg\",\"width\":\"1024\",\"height\":\"1024\",\"caption\":\"LatAm Journalism Review\"},\"image\":{\"@id\":\"https:\\\/\\\/latamjournalismreview.org\\\/pt-br\\\/#\\\/schema\\\/logo\\\/image\\\/\"},\"sameAs\":[\"https:\\\/\\\/x.com\\\/LatAmJournalism\"]},{\"@type\":\"Person\",\"@id\":\"https:\\\/\\\/latamjournalismreview.org\\\/pt-br\\\/#\\\/schema\\\/person\\\/35fb0fc8541711528b3683cd6bf42190\",\"name\":\"Katherine Pennacchio\",\"description\":\"Katherine Pennacchio is a Venezuelan journalist with a master's degree in Investigative, Data and Visualization Journalism from Unidad Editorial and the Rey Juan Carlos University of Madrid. Katherine is passionate about data analysis and currently works as a freelancer. ____ Katherine Pennacchio es una periodista venezolana con una maestr\u00eda en Periodismo de Investigaci\u00f3n, Datos y Visualizaci\u00f3n de la Unidad Editorial y la Universidad Rey Juan Carlos de Madrid. Katherine es una apasionada del an\u00e1lisis de datos y actualmente trabaja como independiente.\",\"sameAs\":[\"https:\\\/\\\/x.com\\\/kathypennacchio\"],\"url\":\"https:\\\/\\\/latamjournalismreview.org\\\/pt-br\\\/articles\\\/author\\\/katherine-pennacchio\\\/\"}]}<\/script>\n<!-- \/ Yoast SEO Premium plugin. -->","yoast_head_json":{"title":"Revista Elementos, de El Salvador, lan\u00e7a um podcast para mostrar o lado mais humano do jornalismo - LatAm Journalism Review by the Knight Center","description":"Revista Elementos, de El Salvador, lan\u00e7a um podcast para mostrar o lado mais humano do jornalismo Inova\u00e7\u00e3o. Latin American Journalism Review by The Knight Center at The University of Texas at Austin.","robots":{"index":"index","follow":"follow","max-snippet":"max-snippet:-1","max-image-preview":"max-image-preview:large","max-video-preview":"max-video-preview:-1"},"canonical":"https:\/\/latamjournalismreview.org\/pt-br\/articles\/revista-elementos-de-el-salvador-lanca-um-podcast-para-mostrar-o-lado-mais-humano-do-jornalismo\/","og_locale":"pt_BR","og_type":"article","og_title":"Revista Elementos, de El Salvador, lan\u00e7a um podcast para mostrar o lado mais humano do jornalismo","og_description":"Revista Elementos, de El Salvador, lan\u00e7a um podcast para mostrar o lado mais humano do jornalismo Inova\u00e7\u00e3o. Latin American Journalism Review by The Knight Center at The University of Texas at Austin.","og_url":"https:\/\/latamjournalismreview.org\/pt-br\/articles\/revista-elementos-de-el-salvador-lanca-um-podcast-para-mostrar-o-lado-mais-humano-do-jornalismo\/","og_site_name":"LatAm Journalism Review by the Knight Center","article_published_time":"2023-12-19T21:37:46+00:00","article_modified_time":"2023-12-20T11:51:31+00:00","og_image":[{"width":507,"height":340,"url":"https:\/\/latamjournalismreview.org\/wp-content\/uploads\/2023\/12\/FEATUREDpodcastElSalvador.png","type":"image\/png"}],"author":"Katherine Pennacchio","twitter_card":"summary_large_image","twitter_creator":"@kathypennacchio","twitter_site":"@LatAmJournalism","twitter_misc":{"Written by":"Katherine Pennacchio","Est. reading time":"5 minutos"},"schema":{"@context":"https:\/\/schema.org","@graph":[{"@type":"Article","@id":"https:\/\/latamjournalismreview.org\/pt-br\/articles\/revista-elementos-de-el-salvador-lanca-um-podcast-para-mostrar-o-lado-mais-humano-do-jornalismo\/#article","isPartOf":{"@id":"https:\/\/latamjournalismreview.org\/pt-br\/articles\/revista-elementos-de-el-salvador-lanca-um-podcast-para-mostrar-o-lado-mais-humano-do-jornalismo\/"},"author":{"name":"Katherine Pennacchio","@id":"https:\/\/latamjournalismreview.org\/pt-br\/#\/schema\/person\/35fb0fc8541711528b3683cd6bf42190"},"headline":"Revista Elementos, de El Salvador, lan\u00e7a um podcast para mostrar o lado mais humano do jornalismo","datePublished":"2023-12-19T21:37:46+00:00","dateModified":"2023-12-20T11:51:31+00:00","mainEntityOfPage":{"@id":"https:\/\/latamjournalismreview.org\/pt-br\/articles\/revista-elementos-de-el-salvador-lanca-um-podcast-para-mostrar-o-lado-mais-humano-do-jornalismo\/"},"wordCount":1059,"publisher":{"@id":"https:\/\/latamjournalismreview.org\/pt-br\/#organization"},"image":{"@id":"https:\/\/latamjournalismreview.org\/pt-br\/articles\/revista-elementos-de-el-salvador-lanca-um-podcast-para-mostrar-o-lado-mais-humano-do-jornalismo\/#primaryimage"},"thumbnailUrl":"https:\/\/latamjournalismreview.org\/wp-content\/uploads\/2023\/12\/FEATUREDpodcastElSalvador.png","keywords":["El Salvador"],"articleSection":["Inova\u00e7\u00e3o"],"inLanguage":"pt-BR"},{"@type":"WebPage","@id":"https:\/\/latamjournalismreview.org\/pt-br\/articles\/revista-elementos-de-el-salvador-lanca-um-podcast-para-mostrar-o-lado-mais-humano-do-jornalismo\/","url":"https:\/\/latamjournalismreview.org\/pt-br\/articles\/revista-elementos-de-el-salvador-lanca-um-podcast-para-mostrar-o-lado-mais-humano-do-jornalismo\/","name":"Revista Elementos, de El Salvador, lan\u00e7a um podcast para mostrar o lado mais humano do jornalismo - LatAm Journalism Review by the Knight Center","isPartOf":{"@id":"https:\/\/latamjournalismreview.org\/pt-br\/#website"},"primaryImageOfPage":{"@id":"https:\/\/latamjournalismreview.org\/pt-br\/articles\/revista-elementos-de-el-salvador-lanca-um-podcast-para-mostrar-o-lado-mais-humano-do-jornalismo\/#primaryimage"},"image":{"@id":"https:\/\/latamjournalismreview.org\/pt-br\/articles\/revista-elementos-de-el-salvador-lanca-um-podcast-para-mostrar-o-lado-mais-humano-do-jornalismo\/#primaryimage"},"thumbnailUrl":"https:\/\/latamjournalismreview.org\/wp-content\/uploads\/2023\/12\/FEATUREDpodcastElSalvador.png","datePublished":"2023-12-19T21:37:46+00:00","dateModified":"2023-12-20T11:51:31+00:00","description":"Revista Elementos, de El Salvador, lan\u00e7a um podcast para mostrar o lado mais humano do jornalismo Inova\u00e7\u00e3o. Latin American Journalism Review by The Knight Center at The University of Texas at Austin.","breadcrumb":{"@id":"https:\/\/latamjournalismreview.org\/pt-br\/articles\/revista-elementos-de-el-salvador-lanca-um-podcast-para-mostrar-o-lado-mais-humano-do-jornalismo\/#breadcrumb"},"inLanguage":"pt-BR","potentialAction":[{"@type":"ReadAction","target":["https:\/\/latamjournalismreview.org\/pt-br\/articles\/revista-elementos-de-el-salvador-lanca-um-podcast-para-mostrar-o-lado-mais-humano-do-jornalismo\/"]}]},{"@type":"ImageObject","inLanguage":"pt-BR","@id":"https:\/\/latamjournalismreview.org\/pt-br\/articles\/revista-elementos-de-el-salvador-lanca-um-podcast-para-mostrar-o-lado-mais-humano-do-jornalismo\/#primaryimage","url":"https:\/\/latamjournalismreview.org\/wp-content\/uploads\/2023\/12\/FEATUREDpodcastElSalvador.png","contentUrl":"https:\/\/latamjournalismreview.org\/wp-content\/uploads\/2023\/12\/FEATUREDpodcastElSalvador.png","width":507,"height":340,"caption":"Studio Podcast Microphone on Gray Background"},{"@type":"BreadcrumbList","@id":"https:\/\/latamjournalismreview.org\/pt-br\/articles\/revista-elementos-de-el-salvador-lanca-um-podcast-para-mostrar-o-lado-mais-humano-do-jornalismo\/#breadcrumb","itemListElement":[{"@type":"ListItem","position":1,"name":"Home","item":"https:\/\/latamjournalismreview.org\/pt-br\/"},{"@type":"ListItem","position":2,"name":"Revista Elementos, de El Salvador, lan\u00e7a um podcast para mostrar o lado mais humano do jornalismo"}]},{"@type":"WebSite","@id":"https:\/\/latamjournalismreview.org\/pt-br\/#website","url":"https:\/\/latamjournalismreview.org\/pt-br\/","name":"LatAm Journalism Review","description":"Digital magazine on journalism in Latin America","publisher":{"@id":"https:\/\/latamjournalismreview.org\/pt-br\/#organization"},"potentialAction":[{"@type":"SearchAction","target":{"@type":"EntryPoint","urlTemplate":"https:\/\/latamjournalismreview.org\/pt-br\/?s={search_term_string}"},"query-input":{"@type":"PropertyValueSpecification","valueRequired":true,"valueName":"search_term_string"}}],"inLanguage":"pt-BR"},{"@type":"Organization","@id":"https:\/\/latamjournalismreview.org\/pt-br\/#organization","name":"LatAm Journalism Review","url":"https:\/\/latamjournalismreview.org\/pt-br\/","logo":{"@type":"ImageObject","inLanguage":"pt-BR","@id":"https:\/\/latamjournalismreview.org\/pt-br\/#\/schema\/logo\/image\/","url":"https:\/\/latamjournalismreview.org\/wp-content\/uploads\/2020\/05\/knight-latAm-review-logo.svg","contentUrl":"https:\/\/latamjournalismreview.org\/wp-content\/uploads\/2020\/05\/knight-latAm-review-logo.svg","width":"1024","height":"1024","caption":"LatAm Journalism Review"},"image":{"@id":"https:\/\/latamjournalismreview.org\/pt-br\/#\/schema\/logo\/image\/"},"sameAs":["https:\/\/x.com\/LatAmJournalism"]},{"@type":"Person","@id":"https:\/\/latamjournalismreview.org\/pt-br\/#\/schema\/person\/35fb0fc8541711528b3683cd6bf42190","name":"Katherine Pennacchio","description":"Katherine Pennacchio is a Venezuelan journalist with a master's degree in Investigative, Data and Visualization Journalism from Unidad Editorial and the Rey Juan Carlos University of Madrid. Katherine is passionate about data analysis and currently works as a freelancer. ____ Katherine Pennacchio es una periodista venezolana con una maestr\u00eda en Periodismo de Investigaci\u00f3n, Datos y Visualizaci\u00f3n de la Unidad Editorial y la Universidad Rey Juan Carlos de Madrid. Katherine es una apasionada del an\u00e1lisis de datos y actualmente trabaja como independiente.","sameAs":["https:\/\/x.com\/kathypennacchio"],"url":"https:\/\/latamjournalismreview.org\/pt-br\/articles\/author\/katherine-pennacchio\/"}]}},"_links":{"self":[{"href":"https:\/\/latamjournalismreview.org\/pt-br\/wp-json\/wp\/v2\/posts\/83156","targetHints":{"allow":["GET"]}}],"collection":[{"href":"https:\/\/latamjournalismreview.org\/pt-br\/wp-json\/wp\/v2\/posts"}],"about":[{"href":"https:\/\/latamjournalismreview.org\/pt-br\/wp-json\/wp\/v2\/types\/post"}],"author":[{"embeddable":true,"href":"https:\/\/latamjournalismreview.org\/pt-br\/wp-json\/wp\/v2\/users\/36"}],"replies":[{"embeddable":true,"href":"https:\/\/latamjournalismreview.org\/pt-br\/wp-json\/wp\/v2\/comments?post=83156"}],"version-history":[{"count":3,"href":"https:\/\/latamjournalismreview.org\/pt-br\/wp-json\/wp\/v2\/posts\/83156\/revisions"}],"predecessor-version":[{"id":83173,"href":"https:\/\/latamjournalismreview.org\/pt-br\/wp-json\/wp\/v2\/posts\/83156\/revisions\/83173"}],"wp:featuredmedia":[{"embeddable":true,"href":"https:\/\/latamjournalismreview.org\/pt-br\/wp-json\/wp\/v2\/media\/83151"}],"wp:attachment":[{"href":"https:\/\/latamjournalismreview.org\/pt-br\/wp-json\/wp\/v2\/media?parent=83156"}],"wp:term":[{"taxonomy":"category","embeddable":true,"href":"https:\/\/latamjournalismreview.org\/pt-br\/wp-json\/wp\/v2\/categories?post=83156"},{"taxonomy":"post_tag","embeddable":true,"href":"https:\/\/latamjournalismreview.org\/pt-br\/wp-json\/wp\/v2\/tags?post=83156"},{"taxonomy":"author","embeddable":true,"href":"https:\/\/latamjournalismreview.org\/pt-br\/wp-json\/wp\/v2\/coauthors?post=83156"}],"curies":[{"name":"wp","href":"https:\/\/api.w.org\/{rel}","templated":true}]}}