{"id":83598,"date":"2024-01-16T17:02:59","date_gmt":"2024-01-16T23:02:59","guid":{"rendered":"https:\/\/latamjournalismreview.org\/?p=83598"},"modified":"2024-01-19T12:21:24","modified_gmt":"2024-01-19T18:21:24","slug":"o-problema-de-milei-e-com-os-jornalistas-nao-com-a-imprensa-em-si-5-perguntas-para-o-pesquisador-argentino-santiago-marino","status":"publish","type":"post","link":"https:\/\/latamjournalismreview.org\/pt-br\/articles\/o-problema-de-milei-e-com-os-jornalistas-nao-com-a-imprensa-em-si-5-perguntas-para-o-pesquisador-argentino-santiago-marino\/","title":{"rendered":"\u2018O problema de Milei \u00e9 com os jornalistas, n\u00e3o com a imprensa em si\u2019: 5 perguntas para o pesquisador argentino Santiago Marino"},"content":{"rendered":"<p><span style=\"font-weight: 400;\">Ao estilo de <\/span><a href=\"https:\/\/www.marca.com\/mx\/actualidad\/2023\/11\/23\/655fbaf2ca474127398b45e5.html\"><span style=\"font-weight: 400;\">Donald Trump e Jair Bolsonaro, a quem considera exemplos,<\/span><\/a><span style=\"font-weight: 400;\"> o novo presidente da Argentina, <\/span><a href=\"https:\/\/rsf.org\/es\/la-agresividad-de-javier-milei-hacia-la-prensa-es-una-se%C3%B1al-de-alerta-rsf-seguir%C3%A1-de-cerca-el\"><span style=\"font-weight: 400;\">Javier Milei, tem uma ret\u00f3rica abertamente hostil em rela\u00e7\u00e3o \u00e0 imprensa,<\/span><\/a><span style=\"font-weight: 400;\"> amplificada em redes sociais por seus seguidores.<\/span><\/p>\n<p><span style=\"font-weight: 400;\">Desde que tomou posse na Casa Rosada, no dia 10 de dezembro de 2023, essa hostilidade j\u00e1 se traduziu em a\u00e7\u00f5es. Uma das primeiras medidas anunciadas pelo governo foi <\/span><a href=\"https:\/\/www.infobae.com\/politica\/2023\/12\/27\/el-gobierno-oficializo-la-suspension-de-la-pauta-publicitaria\/\"><span style=\"font-weight: 400;\">o corte de fundos publicit\u00e1rios para a imprensa do poder Executivo em 2024<\/span><\/a><span style=\"font-weight: 400;\">. Al\u00e9m disso, um <\/span><a href=\"https:\/\/latamjournalismreview.org\/es\/news\/foro-de-periodismo-argentino-critica-al-portavoz-del-gobierno-de-milei-por-ridiculizar-el-trabajo-de-un-periodista\/\"><span style=\"font-weight: 400;\">porta-voz do governo tamb\u00e9m j\u00e1 foi acusado de destratar no m\u00ednimo um jornalista<\/span><\/a><span style=\"font-weight: 400;\">.<\/span><\/p>\n<p><span style=\"font-weight: 400;\">Essas medidas podem vir a ser sucedidas por outras que ainda n\u00e3o se concretizaram: <\/span><a href=\"https:\/\/reutersinstitute.politics.ox.ac.uk\/es\/news\/javier-milei-quiere-privatizar-los-medios-publicos-argentinos-pero-puede-lograrlo\"><span style=\"font-weight: 400;\">Milei, um autoproclamado anarcocapitalista, prometeu fechar todos os meios de comunica\u00e7\u00e3o p\u00fablicos na Argentina<\/span><\/a><span style=\"font-weight: 400;\">, acusando-os de serem \u201cmecanismos de propaganda\u201d.<\/span><\/p>\n<p><span style=\"font-weight: 400;\">Ao mesmo tempo em que carrega nas amea\u00e7as e nas palavras, o governo encontra dificuldades de seguir os protocolos da gest\u00e3o do Estado. Seu primeiro subsecret\u00e1rio de Meios, <\/span><a href=\"https:\/\/www.perfil.com\/noticias\/politica\/renuncio-el-subsecretario-de-prensa-de-milei-por-motivos-personales-y-pidio-perdon-por-muchos-desencuentros-a-los-periodistas.phtml\"><span style=\"font-weight: 400;\">Eduardo Roust, renunciou ainda na primeira semana do governo<\/span><\/a><span style=\"font-weight: 400;\">, sendo <\/span><a href=\"https:\/\/www.perfil.com\/noticias\/actualidad\/belen-stettler-renuncio-a-la-secretaria-de-comunicacion-y-sera-reemplazada-por-eduardo-serenellini.phtml\"><span style=\"font-weight: 400;\">seguido nos \u00faltimos de dezembro pela titular do \u00f3rg\u00e3o, Bel\u00e9n Stettler<\/span><\/a><span style=\"font-weight: 400;\">.<\/span><\/p>\n<p><span style=\"font-weight: 400;\">Para ajudar a pensar a rela\u00e7\u00e3o do governo Milei com o jornalismo, a <\/span><b>LatAm Journalism Review (LJR)<\/b><span style=\"font-weight: 400;\"> conversou com um destacado pesquisador argentino na \u00e1rea de pol\u00edticas de Comunica\u00e7\u00e3o:\u00a0 Santiago Marino, professor da Universidade Nacional de Quilmes e chefe de Trabalhos Pr\u00e1ticos sobre \u201cPol\u00edticas e Planejamento de Comunica\u00e7\u00e3o\u201d na Universidade de Buenos Aires.<\/span><\/p>\n<p><span style=\"font-weight: 400;\">Em parceria com Agust\u00edn Espada, Marino escreveu, no segundo semestre de 2023, para a Unesco<\/span><a href=\"https:\/\/unesdoc.unesco.org\/in\/documentViewer.xhtml?v=2.1.196&amp;id=p::usmarcdef_0000385253&amp;highlight=Author%3A%20%22Marino%2C%20Santiago%22&amp;file=\/in\/rest\/annotationSVC\/DownloadWatermarkedAttachment\/attach_import_3a6eef29-1c9d-4f58-8f17-89c9bc918388%3F_%3D385253spa.pdf&amp;locale=en&amp;multi=true&amp;ark=\/ark:\/48223\/pf0000385253\/PDF\/385253spa.pdf#%5B%7B%22num%22%3A96%2C%22gen%22%3A0%7D%2C%7B%22name%22%3A%22XYZ%22%7D%2C-124%2C842%2C0%5D\"><span style=\"font-weight: 400;\"> o estudo \u201cDesafios (e propostas) para a viabilidade da atividade jornal\u00edstica na Am\u00e9rica Latina\u201d<\/span><\/a><span style=\"font-weight: 400;\">.<\/span><\/p>\n<p><span style=\"font-weight: 400;\">Na conversa, ele reflete sobre os rumos das pol\u00edticas p\u00fablicas de comunica\u00e7\u00e3o Argentinas, sobre tens\u00f5es entre os meios e o presidente e tamb\u00e9m sobre o estado do jornalismo na regi\u00e3o como um todo.<\/span><\/p>\n<p><span style=\"font-weight: 400;\">Por motivos de clareza e tamanho, a entrevista abaixo foi editada.<\/span><\/p>\n<p><b>Desde antes das elei\u00e7\u00f5es, Milei mant\u00e9m uma rela\u00e7\u00e3o tensa com a imprensa. Isto foi verificado no primeiro dia de seu governo, quando jornalistas foram impedidos de <\/b><a href=\"https:\/\/www.france24.com\/es\/am%C3%A9rica-latina\/20231211-javier-milei-inaugura-sus-primeros-movimientos-como-presidente-de-argentina\"><b>assistir \u00e0 cerim\u00f3nia de inaugura\u00e7\u00e3o do Gabinete<\/b><\/a><b>. Na semana passada, houve um evento com o porta-voz presidencial, Manuel Adorni, que deu uma resposta sarc\u00e1stica a um jornalista. Outros epis\u00f3dios tamb\u00e9m incluem cortes na publicidade oficial. O que mais se pode esperar em termos da rela\u00e7\u00e3o do governo Milei com a m\u00eddia? Em termos de medidas pr\u00e1ticas, o que esperar?<\/b><b><br \/>\n<\/b><b><br \/>\n<\/b><span style=\"font-weight: 400;\">Na realidade, o problema que Milei tem \u00e9 com os jornalistas, n\u00e3o com a imprensa em si. Porque, entre outras coisas, Milei \u00e9 um produto midi\u00e1tico; ele vem da\u00ed, de uma gest\u00e3o de redes sociais muito bem sucedida, e de aproveitar os seus tra\u00e7os de personalidade, o seu carisma, de explorar a sua presen\u00e7a na televis\u00e3o. At\u00e9 h\u00e1 algum tempo, ele era palestrante em programas de televis\u00e3o na qualidade de \u201cespecialista em economia\u201d, para usar as suas pr\u00f3prias credenciais.<\/span><\/p>\n<p><span style=\"font-weight: 400;\">No entanto, em muito poucas ocasi\u00f5es foi exposto a entrevistas com jornalistas que n\u00e3o compartilham das suas ideias. Ele \u00e9 muito grato a dois jornalistas em particular: um \u00e9 um apresentador de televis\u00e3o, mais um <\/span><i><span style=\"font-weight: 400;\">showman<\/span><\/i><span style=\"font-weight: 400;\"> do que um jornalista s\u00e9rio: Alejandro Fantino, apresentador de um <\/span><i><span style=\"font-weight: 400;\">late show.<\/span><\/i><span style=\"font-weight: 400;\">E o outro \u00e9 <\/span><a href=\"https:\/\/es-us.finanzas.yahoo.com\/noticias\/eduardo-serenellini-secretario-medios-naci%C3%B3n-232900227.html\"><span style=\"font-weight: 400;\">um jornalista que acaba de ser nomeado Secret\u00e1rio de Comunica\u00e7\u00e3o P\u00fablica<\/span><\/a><span style=\"font-weight: 400;\">, [Eduardo Serenellini], jornalista que tem uma consultoria. Mais tarde, Milei tornou-se muito mais conhecida do que o pr\u00f3prio jornalista, que era um jornalista marginal em grandes meios de comunica\u00e7\u00e3o como o La Naci\u00f3n. Ele foi confirmado como secret\u00e1rio de Comunica\u00e7\u00e3o P\u00fablica ap\u00f3s defender o ajuste econ\u00f4mico, incluindo dizer <\/span><a href=\"https:\/\/www.youtube.com\/shorts\/Os_szXigOCg\"><span style=\"font-weight: 400;\">que, se algumas pessoas tivessem que comer uma vez por dia, isso era o que deveria ser suportado<\/span><\/a><span style=\"font-weight: 400;\">.<\/span><\/p>\n<p><span style=\"font-weight: 400;\">Portanto, n\u00e3o creio que ele tenha problemas com os meios de comunica\u00e7\u00e3o: ele tem problemas com os jornalistas, antes de mais nada. Em segundo lugar, \u00e9 uma pessoa que tem dificuldade em estabelecer di\u00e1logos com quem pensa diferente, que tem muita dificuldade em aceitar cr\u00edticas ou perguntas mais ou menos cr\u00edticas. O que mostra \u00e9 uma combina\u00e7\u00e3o de arrog\u00e2ncia, improvisa\u00e7\u00e3o e desconhecimento da gest\u00e3o do Estado. Gerir redes e plataformas de comunica\u00e7\u00e3o para conduzir uma campanha eleitoral, onde vale quase tudo, n\u00e3o significa o mesmo que ter as responsabilidades p\u00fablicas de gerir as contas nacionais do Estado.<\/span><\/p>\n<p><span style=\"font-weight: 400;\">Ent\u00e3o, n\u00e3o passou nem um m\u00eas e a gest\u00e3o governamental teve duas demiss\u00f5es significativas na \u00e1rea de comunica\u00e7\u00e3o: <\/span><a href=\"https:\/\/www.perfil.com\/noticias\/politica\/renuncio-el-subsecretario-de-prensa-de-milei-por-motivos-personales-y-pidio-perdon-por-muchos-desencuentros-a-los-periodistas.phtml\"><span style=\"font-weight: 400;\">seu primeiro subsecret\u00e1rio de Meios<\/span><\/a><span style=\"font-weight: 400;\"> e a <\/span><a href=\"https:\/\/www.perfil.com\/noticias\/actualidad\/belen-stettler-renuncio-a-la-secretaria-de-comunicacion-y-sera-reemplazada-por-eduardo-serenellini.phtml\"><span style=\"font-weight: 400;\">secret\u00e1ria de Comunica\u00e7\u00e3o P\u00fablica renunciaram<\/span><\/a><span style=\"font-weight: 400;\">. Ele teve um epis\u00f3dio de gerenciamento de redes oficiais como se fossem pessoais, de <\/span><a href=\"https:\/\/www.elobservador.com.uy\/nota\/inaki-gutierrez-dejo-de-manejar-las-redes-sociales-de-la-rosada-pero-seguira-con-el-tik-tok-de-javier-milei-202412171235\"><span style=\"font-weight: 400;\">um jovem que administrava a conta da Casa Rosada e que mudou de cargo<\/span><\/a><span style=\"font-weight: 400;\">, e agora o epis\u00f3dio do porta-voz presidencial.<\/span><\/p>\n<p><span style=\"font-weight: 400;\">Isto se combina com uma l\u00f3gica de tentativa de refunda\u00e7\u00e3o do Estado em geral e da Comunica\u00e7\u00e3o em particular. Isto tamb\u00e9m se manifesta at\u00e9 mesmo nas tentativas de marcos normativos que foram propostas. <\/span><a href=\"https:\/\/www.bbc.com\/mundo\/articles\/c6p17951dwno\"><span style=\"font-weight: 400;\">O decreto<\/span><\/a><span style=\"font-weight: 400;\"> e o <\/span><a href=\"https:\/\/www.cels.org.ar\/web\/2024\/01\/sobre-el-proyecto-de-ley-omnibus\/#:~:text=El%20proyecto%20propone%20declarar%20a,objetivo%20de%20un%20Estado%20m%C3%ADnimo.\"><span style=\"font-weight: 400;\">projeto de lei<\/span><\/a><span style=\"font-weight: 400;\"> [que o governo apresentou] s\u00e3o uma esp\u00e9cie de reforma constitucional disfar\u00e7ada de mudan\u00e7as regulat\u00f3rias.<\/span><\/p>\n<p><a href=\"https:\/\/reutersinstitute.politics.ox.ac.uk\/es\/news\/javier-milei-quiere-privatizar-los-medios-publicos-argentinos-pero-puede-lograrlo\"><b>Uma de suas propostas \u00e9 fechar os meios de comunica\u00e7\u00e3o p\u00fablicos<\/b><\/a><b>. Quais seriam as consequ\u00eancias desses fechamentos? Setores cr\u00edticos do anterior governo [de esquerda] afirmaram que estes meios de comunica\u00e7\u00e3o tinham um vi\u00e9s na sua cobertura. O que voc\u00ea pode esperar nessa \u00e1rea? Quais seriam as consequ\u00eancias se os meios p\u00fablicos fossem fechados? E voc\u00ea tamb\u00e9m acha que tais meios abriram espa\u00e7o para esse tipo de ataque?<\/b><\/p>\n<p><span style=\"font-weight: 400;\">\u00c9 imposs\u00edvel saber o que esperar. Este governo \u00e9 uma esp\u00e9cie de ensaio sobre a realidade; \u00e9 uma esp\u00e9cie de experi\u00eancia, tanto economicamente como em qualquer uma das \u00e1reas que pensamos. Isso implica que n\u00e3o tenho ideia do que esperar, mas \u00e9 poss\u00edvel esperar qualquer coisa.<\/span><\/p>\n<p><span style=\"font-weight: 400;\">Vejamos, vamos apoiar esta afirma\u00e7\u00e3o com provas: o presidente disse que, uma vez eleito, a primeira coisa que faria seria privatizar os meios de comunica\u00e7\u00e3o estatais. H\u00e1 alguns dias, o Ministro da Economia criticou um artigo jornal\u00edstico e pediu aos cidad\u00e3os que fossem informados apenas atrav\u00e9s dos meios de comunica\u00e7\u00e3o p\u00fablicos. H\u00e1 uma contradi\u00e7\u00e3o not\u00e1vel que deixa claros aquela improvisa\u00e7\u00e3o e despreparo que mencionei anteriormente.<\/span><\/p>\n<p><span style=\"font-weight: 400;\">A m\u00eddia estatal na Argentina \u00e9 historicamente pr\u00f3-governo. Isto tem acontecido desde 1951, quando surgiu a televis\u00e3o p\u00fablica, e desde 1937, quando surgiu a r\u00e1dio p\u00fablica; [isso acontece] especialmente na linha editorial pol\u00edtica e nas not\u00edcias. Mesmo assim, e isto n\u00e3o muda de acordo com cores pol\u00edticas diferentes, todos os meios de comunica\u00e7\u00e3o social foram governamentais, todos os governos tiveram meios de comunica\u00e7\u00e3o p\u00fablicos governamentais.<\/span><\/p>\n<p><span style=\"font-weight: 400;\">Agora, quanto \u00e0 quest\u00e3o do eventual impacto do fechamento dos meios de comunica\u00e7\u00e3o social, isto implica que nenhum meio de comunica\u00e7\u00e3o social no pa\u00eds ter\u00e1 mais cobertura nacional, porque os meios de comunica\u00e7\u00e3o estatais s\u00e3o centrais para a cobertura nacional, s\u00e3o os \u00fanicos que s\u00e3o federais. A R\u00e1dio Nacional [meio p\u00fablico] possui uma rede de emissoras em todo o pa\u00eds, que falta a qualquer outra emissora de Buenos Aires. O seu encerramento afetaria dramaticamente o pluralismo e a diversidade, porque reduziria toda a infocomunica\u00e7\u00e3o \u00e0 l\u00f3gica do mercado. A Argentina tem muito poucas cidades com mais de 500 mil habitantes que poderiam apoiar a m\u00eddia com financiamento privado. O efeito seria verdadeiramente dram\u00e1tico.<\/span><\/p>\n<p><b>De acordo com <\/b><a href=\"https:\/\/unesdoc.unesco.org\/in\/documentViewer.xhtml?v=2.1.196&amp;id=p::usmarcdef_0000385253&amp;highlight=Author%3A%20%22Marino%2C%20Santiago%22&amp;file=\/in\/rest\/annotationSVC\/DownloadWatermarkedAttachment\/attach_import_3a6eef29-1c9d-4f58-8f17-89c9bc918388%3F_%3D385253spa.pdf&amp;locale=en&amp;multi=true&amp;ark=\/ark:\/48223\/pf0000385253\/PDF\/385253spa.pdf#%5B%7B%22num%22%3A96%2C%22gen%22%3A0%7D%2C%7B%22name%22%3A%22XYZ%22%7D%2C-124%2C842%2C0%5D\"><b>um gr\u00e1fico que o senhor mesmo fez<\/b><\/a><b>, a publicidade oficial representa cerca de 5,7% do total dos recursos de m\u00eddia na Argentina. Qu\u00e3o graves s\u00e3o os cortes na sustentabilidade financeira dos meios de comunica\u00e7\u00e3o social?<\/b><\/p>\n<p><span style=\"font-weight: 400;\">Veja, isso depende de cada meio espec\u00edfico. Com efeito, estamos falando da publicidade do Executivo, e isso n\u00e3o inclui empresas nacionais que tamb\u00e9m s\u00e3o grandes anunciantes, como a Aerol\u00edneas Argentinas, o Banco de la Naci\u00f3n e organiza\u00e7\u00f5es descentralizadas como a ANSES [Administra\u00e7\u00e3o Nacional da Seguran\u00e7a Social].<\/span><\/p>\n<p><span style=\"font-weight: 400;\">Mas de qualquer forma, sim, dado que n\u00e3o existem muitos mecanismos difundidos na Argentina para promover a publicidade e a produ\u00e7\u00e3o de conte\u00fados, a publicidade oficial \u00e9 um elemento muito importante. Para alguns \u00f3rg\u00e3os de comunica\u00e7\u00e3o social, \u00e9 um lubrificante na rela\u00e7\u00e3o do Governo com os meios de comunica\u00e7\u00e3o social, e al\u00e9m disso, h\u00e1 o efeito de cont\u00e1gio que poder\u00e1 gerar a redu\u00e7\u00e3o do investimento publicit\u00e1rio por parte de outras unidades p\u00fablicas. \u00c9 tamb\u00e9m verdade que, embora o decreto tenha exclu\u00eddo as organiza\u00e7\u00f5es descentralizadas e as empresas p\u00fablicas que disp\u00f5em de meios, essas empresas podem vir a ser privatizadas, por isso n\u00e3o sabemos o que vai acontecer, mas o impacto seria muito significativo para o financiamento dos meios de comunica\u00e7\u00e3o social. .<\/span><\/p>\n<p><span style=\"font-weight: 400;\">N\u00e3o \u00e9 verdade que existam meios de comunica\u00e7\u00e3o social financiados a 100% pela publicidade. N\u00e3o \u00e9 assim, mas em alguns casos chega, por exemplo, a 40%. E h\u00e1 meios de comunica\u00e7\u00e3o em que a publicidade oficial representa 40% do seu financiamento. Ent\u00e3o, estamos diante de um cen\u00e1rio certamente complicado.<\/span><\/p>\n<p><b>E em termos de cobertura, como o senhor v\u00ea a situa\u00e7\u00e3o? O governo de Milei tem algumas diferen\u00e7as em rela\u00e7\u00e3o a outros governos ditos de direita radical populista como Trump ou Bolsonaro, porque tem uma dimens\u00e3o econ\u00f4mica muito predominante. Ent\u00e3o, do ponto de vista econ\u00f4mico, seria de esperar que meios de comunica\u00e7\u00e3o com um perfil mais liberal orienta\u00e7\u00e3o, assim como o Grupo Clar\u00edn, simpatizam com as propostas do governo. Por outro lado, a forma como est\u00e3o sendo propostas contradiz as pr\u00e1ticas processuais das democracias estabelecidas. Como voc\u00ea v\u00ea a tend\u00eancia de cobertura na Argentina?<\/b><\/p>\n<p><span style=\"font-weight: 400;\">Tamb\u00e9m em termos de cobertura, resta tudo por ver. Por um lado, na Argentina, os meios de comunica\u00e7\u00e3o com melhores resultados em termos de audi\u00eancia, sempre em todos os governos, s\u00e3o de oposi\u00e7\u00e3o. Neste contexto, espera-se que alguns meios de comunica\u00e7\u00e3o realinhem as suas linhas editoriais com base nisso, dado que n\u00e3o haver\u00e1, pelo menos at\u00e9 2024, uma verba oficial que possa funcionar como mecanismo de lubrifica\u00e7\u00e3o do relacionamento. Ou pelo menos n\u00e3o em termos oficiais: observa-se em termos de cobertura muitas publica\u00e7\u00f5es que poderiam se enquadrar na categoria de publicit\u00e1rias, digamos, artigos que s\u00e3o publicados sem assinatura, principalmente em portais de not\u00edcias, que falam, n\u00e3o sei, que o pre\u00e7o da carne caiu. Usam algum elemento para fazer o governo parecer bem. Em geral, tendo a pensar que esse \u00e9 o modelo que vamos seguir, mas ser\u00e1 mais ou menos marginal.<\/span><\/p>\n<p><span style=\"font-weight: 400;\">Depois h\u00e1 o outro problema central, que \u00e9 pensar o seguinte: o governo Milei concebe a comunica\u00e7\u00e3o como um neg\u00f3cio, tal como quase todas as atividades econ\u00f4micas. O problema \u00e9 que, na Argentina, os meios de comunica\u00e7\u00e3o est\u00e3o em crise e h\u00e1 muito tempo que n\u00e3o funcionam economicamente. Nenhum meio funciona economicamente. Se voc\u00ea se perguntar quem s\u00e3o os donos da m\u00eddia e quando a pergunta for respondida, voc\u00ea entende que esses donos t\u00eam a m\u00eddia para outra coisa, ou seja, t\u00eam que apoiar outros neg\u00f3cios. Pensemos no Grupo Clar\u00edn: sua principal fonte de receitas \u00e9 a presta\u00e7\u00e3o de servi\u00e7os de Internet e telefonia m\u00f3vel. Pensemos nos outros donos da televis\u00e3o aberta: o <\/span><a href=\"https:\/\/es.wikipedia.org\/wiki\/Grupo_Am%C3%A9rica\"><span style=\"font-weight: 400;\">Grupo Vila-Manzano<\/span><\/a><span style=\"font-weight: 400;\"> tem investimentos em petr\u00f3leo e \u00e9 dono de uma empresa prestadora de servi\u00e7os p\u00fablicos. Existem interesses na sa\u00fade privada. O mesmo para o <\/span><a href=\"https:\/\/es.wikipedia.org\/wiki\/Grupo_Indalo\"><span style=\"font-weight: 400;\">Grupo Indalo<\/span><\/a><span style=\"font-weight: 400;\">. O <\/span><a href=\"https:\/\/es.wikipedia.org\/wiki\/Grupo_Octubre\"><span style=\"font-weight: 400;\">Grupo Octubr<\/span><\/a><span style=\"font-weight: 400;\">e est\u00e1 nas m\u00e3os de um sindicato muito poderoso da cidade de Buenos Aires. Portanto, os meios de comunica\u00e7\u00e3o tamb\u00e9m s\u00e3o utilizados pelos seus propriet\u00e1rios para lubrificar as rela\u00e7\u00f5es com o Estado, a fim de obter benef\u00edcios indiretos.<\/span><\/p>\n<p><span style=\"font-weight: 400;\">Isso explica em parte porque \u00e9 que os meios de comunica\u00e7\u00e3o v\u00e3o agir para defender os seus interesses, sem d\u00favida. V\u00e3o defender os seus interesses e os seus interesses s\u00e3o econ\u00f4micos. Isto certamente ter\u00e1 impacto nas condi\u00e7\u00f5es de trabalho e na atividade jornal\u00edstica dos trabalhadores da comunica\u00e7\u00e3o social na Argentina, que j\u00e1 atravessam uma situa\u00e7\u00e3o dram\u00e1tica com um elevado n\u00edvel de flexibiliza\u00e7\u00e3o laboral e baixos sal\u00e1rios. E isto s\u00f3 se aprofundar\u00e1 num contexto em que o Estado tamb\u00e9m defenda que seja o mercado quem se autoregula.<\/span><\/p>\n<p><span style=\"font-weight: 400;\">Al\u00e9m disso, a Argentina tem um sistema de m\u00eddia altamente concentrado e com alta incid\u00eancia de capital estrangeiro, especificamente a Paramount dos Estados Unidos e o Grupo Slim mexicano. Na verdade, poder\u00edamos dizer que o principal benefici\u00e1rio das recentes medidas do Governo \u00e9 Slim. A\u00ed poder\u00edamos pensar no Grupo Werthein, que \u00e9 o grupo que tem a DirecTV na Am\u00e9rica Latina e onde h\u00e1, por exemplo, na Argentina, um conflito de interesses, porque o dono do Grupo Werthein vai ser nomeado, se for aprovado pelo Senado, como embaixador argentino nos Estados Unidos. Portanto, o que se percebe agora \u00e9 que, eliminados os limites da concentra\u00e7\u00e3o imobili\u00e1ria, o mercado foi incentivado a regular o sistema com a l\u00f3gica da oferta e da procura.<\/span><\/p>\n<p><span style=\"font-weight: 400;\">O que se pode pensar \u00e9 que a m\u00eddia comercial privada argentina estar\u00e1 \u00e0 merc\u00ea de ser comprada ou desaparecer. Se n\u00e3o houver escala econ\u00f3mica, n\u00e3o vai funcionar, dada a retirada do Estado e a falta de mecanismos de promo\u00e7\u00e3o planeados. Al\u00e9m disso, h\u00e1 propostas para dissolver os mecanismos existentes que s\u00e3o pol\u00edticas de Estado. A Argentina tem uma pol\u00edtica de promo\u00e7\u00e3o do cinema, por exemplo, que completa 30 anos este ano. E neste contexto, o projeto da Lei Omnibus prop\u00f5e praticamente o desfinanciamento total dessa pol\u00edtica.<\/span><\/p>\n<p><b>Uma pergunta sobre a regi\u00e3o para finalizar. Recentemente, o senhor escreveu em colabora\u00e7\u00e3o com um colega um <\/b><a href=\"https:\/\/unesdoc.unesco.org\/in\/documentViewer.xhtml?v=2.1.196&amp;id=p::usmarcdef_0000385253&amp;highlight=Author%3A%20%22Marino%2C%20Santiago%22&amp;file=\/in\/rest\/annotationSVC\/DownloadWatermarkedAttachment\/attach_import_3a6eef29-1c9d-4f58-8f17-89c9bc918388%3F_%3D385253spa.pdf&amp;locale=en&amp;multi=true&amp;ark=\/ark:\/48223\/pf0000385253\/PDF\/385253spa.pdf#%5B%7B%22num%22%3A96%2C%22gen%22%3A0%7D%2C%7B%22name%22%3A%22XYZ%22%7D%2C-124%2C842%2C0%5D\"><b>relat\u00f3rio para a UNESCO com recomenda\u00e7\u00f5es de pol\u00edticas p\u00fablicas para a regi\u00e3o<\/b><\/a><b>. S\u00e3o quatro recomenda\u00e7\u00f5es principais, e as duas primeiras referem-se ao pagamento pelas plataformas para a cria\u00e7\u00e3o de um Fundo de Promo\u00e7\u00e3o para produ\u00e7\u00e3o de conte\u00fado e jornalismo local, entre outras coisas. No entanto, do ponto de vista pol\u00edtico, isto parece ser um desafio, e as plataformas est\u00e3o a fazer um forte lobby contra essas propostas. Qu\u00e3o importante s\u00e3o estas pol\u00edticas, e o senhor acha que elas ser\u00e3o adotadas num futuro pr\u00f3ximo? Existe algum exemplo de pa\u00eds da regi\u00e3o onde poderia ser aprovado?<\/b><\/p>\n<p><span style=\"font-weight: 400;\">Considero que a import\u00e2ncia de aplicar pol\u00edticas como a proposta pela UNESCO em seus <\/span><i><span style=\"font-weight: 400;\">policy briefs<\/span><\/i><span style=\"font-weight: 400;\"> em geral, e quanto \u00e0 sustentabilidade que mencionamos em particular, \u00e9 superimportante. Parece-me central porque a crise do sistema midi\u00e1tico e do seu financiamento n\u00e3o \u00e9 uma crise da Argentina, do Brasil ou do Chile, \u00e9 uma crise geral, \u00e9 uma crise do sistema tradicional, que n\u00e3o consegue resolver a sua sobreviv\u00eancia. O modelo tradicional est\u00e1 em crise, o novo modelo ainda n\u00e3o encontrou um mecanismo claro de promo\u00e7\u00e3o e financiamento. Nesta transi\u00e7\u00e3o, se os Estados n\u00e3o tomarem decis\u00f5es para que as plataformas que se apropriam destas produ\u00e7\u00f5es contribuam para a sua gera\u00e7\u00e3o, n\u00e3o h\u00e1 futuro. De fato, isto \u00e9 t\u00e3o claro que a Uni\u00e3o Europeia est\u00e1 avan\u00e7ando claramente n\u00e3o apenas em regula\u00e7\u00e3o, mas tamb\u00e9m em estabelecer certos limites \u00e0 concentra\u00e7\u00e3o da propriedade, \u00e0 expans\u00e3o e ao controle dos conte\u00fados, e aos direitos da intimidade dos usu\u00e1rios, entre outros.\u00a0<\/span><\/p>\n<p><span style=\"font-weight: 400;\">Infelizmente n\u00e3o encontro nenhum pa\u00eds da regi\u00e3o com possibilidade de aplicar este tipo de mecanismos que a UNESCO prop\u00f5e e que s\u00e3o necess\u00e1rios aos pa\u00edses. Nem mesmo o governo de Lula parece estar caminhando nessa dire\u00e7\u00e3o. Talvez isso esteja apenas come\u00e7ando. Esta semana tomei conhecimento de uma decis\u00e3o do governo Lula que me parece central, que \u00e9 decidir cobrar um imposto sobre plataformas de jogos. Bem, isso seria necess\u00e1rio, um mecanismo de sa\u00fade p\u00fablica. Voc\u00ea poderia decidir o que fazer com o que arrecadar, o que \u00e9 muito dinheiro no Brasil, em particular. Poderiam ser implementadas medidas pol\u00edticas de preven\u00e7\u00e3o do jogo, entre outras coisas. Esse seria o caminho a seguir com o audiovisual. O audiovisual tem muito a contribuir para o desenvolvimento cultural nacional. Imagine a capacidade de produ\u00e7\u00e3o que o Brasil tem se cobrasse um percentual ou obrigasse a Netflix a produzir uma determinada quantidade de s\u00e9ries e filmes no pa\u00eds. O mesmo para a Argentina. Contudo, n\u00e3o vejo um cen\u00e1rio pol\u00edtico prop\u00edcio a este desenvolvimento na regi\u00e3o, infelizmente.<\/span><\/p>\n","protected":false},"excerpt":{"rendered":"<p>Ao estilo de Trump e Bolsonaro, o novo presidente da Argentina, Javier Milei, emprega uma ret\u00f3rica abertamente hostil \u00e0 imprensa. Desde que assumiu, esse discurso foi acompanhado por medidas concretas, como suspens\u00e3o das publicidade do Executivo na m\u00eddia. A LatAm Journalism Review entrevistou Santiago Marino, um destacado pesquisador argentinos em pol\u00edticas de comunica\u00e7\u00e3o, para entender a rela\u00e7\u00e3o do governo Milei com o jornalismo e as pol\u00edticas p\u00fablicas de comunica\u00e7\u00e3o na Argentina.<\/p>\n","protected":false},"author":63,"featured_media":83600,"comment_status":"closed","ping_status":"closed","sticky":false,"template":"","format":"standard","meta":{"inline_featured_image":false,"footnotes":""},"categories":[2382],"tags":[1425,1587,2089,1612],"coauthors":[2740],"class_list":["post-83598","post","type-post","status-publish","format-standard","has-post-thumbnail","hentry","category-5-perguntas","tag-argentina-pt-br","tag-concentracao-de-midia-pt-br","tag-pesquisa-academica","tag-sustentabilidade-pt-br"],"acf":[],"yoast_head":"<!-- This site is optimized with the Yoast SEO Premium plugin v22.6 (Yoast SEO v27.4) - https:\/\/yoast.com\/product\/yoast-seo-premium-wordpress\/ -->\n<title>\u2018O problema de Milei \u00e9 com os jornalistas, n\u00e3o com a imprensa em si\u2019: 5 perguntas para o pesquisador argentino Santiago Marino - LatAm Journalism Review by the Knight Center<\/title>\n<meta name=\"description\" content=\"\u2018O problema de Milei \u00e9 com os jornalistas, n\u00e3o com a imprensa em si\u2019: 5 perguntas para o pesquisador argentino Santiago Marino 5 PerguntasSantiago Marino, um destacado pesquisador argentino em pol\u00edticas de comunica\u00e7\u00e3o, discute a rela\u00e7\u00e3o do governo Milei com o jornalismo e as pol\u00edticas p\u00fablicas de comunica\u00e7\u00e3o na Argentina.\" \/>\n<meta name=\"robots\" content=\"index, follow, max-snippet:-1, max-image-preview:large, max-video-preview:-1\" \/>\n<link rel=\"canonical\" href=\"https:\/\/latamjournalismreview.org\/pt-br\/articles\/o-problema-de-milei-e-com-os-jornalistas-nao-com-a-imprensa-em-si-5-perguntas-para-o-pesquisador-argentino-santiago-marino\/\" \/>\n<meta property=\"og:locale\" content=\"pt_BR\" \/>\n<meta property=\"og:type\" content=\"article\" \/>\n<meta property=\"og:title\" content=\"\u2018O problema de Milei \u00e9 com os jornalistas, n\u00e3o com a imprensa em si\u2019: 5 perguntas para o pesquisador argentino Santiago Marino\" \/>\n<meta property=\"og:description\" content=\"\u2018O problema de Milei \u00e9 com os jornalistas, n\u00e3o com a imprensa em si\u2019: 5 perguntas para o pesquisador argentino Santiago Marino 5 PerguntasSantiago Marino, um destacado pesquisador argentino em pol\u00edticas de comunica\u00e7\u00e3o, discute a rela\u00e7\u00e3o do governo Milei com o jornalismo e as pol\u00edticas p\u00fablicas de comunica\u00e7\u00e3o na Argentina.\" \/>\n<meta property=\"og:url\" content=\"https:\/\/latamjournalismreview.org\/pt-br\/articles\/o-problema-de-milei-e-com-os-jornalistas-nao-com-a-imprensa-em-si-5-perguntas-para-o-pesquisador-argentino-santiago-marino\/\" \/>\n<meta property=\"og:site_name\" content=\"LatAm Journalism Review by the Knight Center\" \/>\n<meta property=\"article:published_time\" content=\"2024-01-16T23:02:59+00:00\" \/>\n<meta property=\"article:modified_time\" content=\"2024-01-19T18:21:24+00:00\" \/>\n<meta property=\"og:image\" content=\"https:\/\/latamjournalismreview.org\/wp-content\/uploads\/2024\/01\/49.png\" \/>\n\t<meta property=\"og:image:width\" content=\"507\" \/>\n\t<meta property=\"og:image:height\" content=\"340\" \/>\n\t<meta property=\"og:image:type\" content=\"image\/png\" \/>\n<meta name=\"author\" content=\"Andr\u00e9 Duchiade\" \/>\n<meta name=\"twitter:card\" content=\"summary_large_image\" \/>\n<meta name=\"twitter:creator\" content=\"@duchiadeandre\" \/>\n<meta name=\"twitter:site\" content=\"@LatAmJournalism\" \/>\n<meta name=\"twitter:label1\" content=\"Written by\" \/>\n\t<meta name=\"twitter:data1\" content=\"Andr\u00e9 Duchiade\" \/>\n\t<meta name=\"twitter:label2\" content=\"Est. reading time\" \/>\n\t<meta name=\"twitter:data2\" content=\"14 minutos\" \/>\n<script type=\"application\/ld+json\" class=\"yoast-schema-graph\">{\"@context\":\"https:\\\/\\\/schema.org\",\"@graph\":[{\"@type\":\"Article\",\"@id\":\"https:\\\/\\\/latamjournalismreview.org\\\/pt-br\\\/articles\\\/o-problema-de-milei-e-com-os-jornalistas-nao-com-a-imprensa-em-si-5-perguntas-para-o-pesquisador-argentino-santiago-marino\\\/#article\",\"isPartOf\":{\"@id\":\"https:\\\/\\\/latamjournalismreview.org\\\/pt-br\\\/articles\\\/o-problema-de-milei-e-com-os-jornalistas-nao-com-a-imprensa-em-si-5-perguntas-para-o-pesquisador-argentino-santiago-marino\\\/\"},\"author\":{\"name\":\"Andr\u00e9 Duchiade\",\"@id\":\"https:\\\/\\\/latamjournalismreview.org\\\/pt-br\\\/#\\\/schema\\\/person\\\/4a1fa2e1f971d8470c7b9fc6fe72468b\"},\"headline\":\"\u2018O problema de Milei \u00e9 com os jornalistas, n\u00e3o com a imprensa em si\u2019: 5 perguntas para o pesquisador argentino Santiago Marino\",\"datePublished\":\"2024-01-16T23:02:59+00:00\",\"dateModified\":\"2024-01-19T18:21:24+00:00\",\"mainEntityOfPage\":{\"@id\":\"https:\\\/\\\/latamjournalismreview.org\\\/pt-br\\\/articles\\\/o-problema-de-milei-e-com-os-jornalistas-nao-com-a-imprensa-em-si-5-perguntas-para-o-pesquisador-argentino-santiago-marino\\\/\"},\"wordCount\":2886,\"publisher\":{\"@id\":\"https:\\\/\\\/latamjournalismreview.org\\\/pt-br\\\/#organization\"},\"image\":{\"@id\":\"https:\\\/\\\/latamjournalismreview.org\\\/pt-br\\\/articles\\\/o-problema-de-milei-e-com-os-jornalistas-nao-com-a-imprensa-em-si-5-perguntas-para-o-pesquisador-argentino-santiago-marino\\\/#primaryimage\"},\"thumbnailUrl\":\"https:\\\/\\\/latamjournalismreview.org\\\/wp-content\\\/uploads\\\/2024\\\/01\\\/49.png\",\"keywords\":[\"Argentina\",\"Concentra\u00e7\u00e3o de m\u00eddia\",\"Pesquisa Acad\u00eamica\",\"Sustentabilidade\"],\"articleSection\":[\"5 Perguntas\"],\"inLanguage\":\"pt-BR\"},{\"@type\":\"WebPage\",\"@id\":\"https:\\\/\\\/latamjournalismreview.org\\\/pt-br\\\/articles\\\/o-problema-de-milei-e-com-os-jornalistas-nao-com-a-imprensa-em-si-5-perguntas-para-o-pesquisador-argentino-santiago-marino\\\/\",\"url\":\"https:\\\/\\\/latamjournalismreview.org\\\/pt-br\\\/articles\\\/o-problema-de-milei-e-com-os-jornalistas-nao-com-a-imprensa-em-si-5-perguntas-para-o-pesquisador-argentino-santiago-marino\\\/\",\"name\":\"\u2018O problema de Milei \u00e9 com os jornalistas, n\u00e3o com a imprensa em si\u2019: 5 perguntas para o pesquisador argentino Santiago Marino - LatAm Journalism Review by the Knight Center\",\"isPartOf\":{\"@id\":\"https:\\\/\\\/latamjournalismreview.org\\\/pt-br\\\/#website\"},\"primaryImageOfPage\":{\"@id\":\"https:\\\/\\\/latamjournalismreview.org\\\/pt-br\\\/articles\\\/o-problema-de-milei-e-com-os-jornalistas-nao-com-a-imprensa-em-si-5-perguntas-para-o-pesquisador-argentino-santiago-marino\\\/#primaryimage\"},\"image\":{\"@id\":\"https:\\\/\\\/latamjournalismreview.org\\\/pt-br\\\/articles\\\/o-problema-de-milei-e-com-os-jornalistas-nao-com-a-imprensa-em-si-5-perguntas-para-o-pesquisador-argentino-santiago-marino\\\/#primaryimage\"},\"thumbnailUrl\":\"https:\\\/\\\/latamjournalismreview.org\\\/wp-content\\\/uploads\\\/2024\\\/01\\\/49.png\",\"datePublished\":\"2024-01-16T23:02:59+00:00\",\"dateModified\":\"2024-01-19T18:21:24+00:00\",\"description\":\"\u2018O problema de Milei \u00e9 com os jornalistas, n\u00e3o com a imprensa em si\u2019: 5 perguntas para o pesquisador argentino Santiago Marino 5 PerguntasSantiago Marino, um destacado pesquisador argentino em pol\u00edticas de comunica\u00e7\u00e3o, discute a rela\u00e7\u00e3o do governo Milei com o jornalismo e as pol\u00edticas p\u00fablicas de comunica\u00e7\u00e3o na Argentina.\",\"breadcrumb\":{\"@id\":\"https:\\\/\\\/latamjournalismreview.org\\\/pt-br\\\/articles\\\/o-problema-de-milei-e-com-os-jornalistas-nao-com-a-imprensa-em-si-5-perguntas-para-o-pesquisador-argentino-santiago-marino\\\/#breadcrumb\"},\"inLanguage\":\"pt-BR\",\"potentialAction\":[{\"@type\":\"ReadAction\",\"target\":[\"https:\\\/\\\/latamjournalismreview.org\\\/pt-br\\\/articles\\\/o-problema-de-milei-e-com-os-jornalistas-nao-com-a-imprensa-em-si-5-perguntas-para-o-pesquisador-argentino-santiago-marino\\\/\"]}]},{\"@type\":\"ImageObject\",\"inLanguage\":\"pt-BR\",\"@id\":\"https:\\\/\\\/latamjournalismreview.org\\\/pt-br\\\/articles\\\/o-problema-de-milei-e-com-os-jornalistas-nao-com-a-imprensa-em-si-5-perguntas-para-o-pesquisador-argentino-santiago-marino\\\/#primaryimage\",\"url\":\"https:\\\/\\\/latamjournalismreview.org\\\/wp-content\\\/uploads\\\/2024\\\/01\\\/49.png\",\"contentUrl\":\"https:\\\/\\\/latamjournalismreview.org\\\/wp-content\\\/uploads\\\/2024\\\/01\\\/49.png\",\"width\":507,\"height\":340,\"caption\":\"Santiago Marino, pesquisador de m\u00eddia argentino (Foto: Reprodu\u00e7\u00e3o)\"},{\"@type\":\"BreadcrumbList\",\"@id\":\"https:\\\/\\\/latamjournalismreview.org\\\/pt-br\\\/articles\\\/o-problema-de-milei-e-com-os-jornalistas-nao-com-a-imprensa-em-si-5-perguntas-para-o-pesquisador-argentino-santiago-marino\\\/#breadcrumb\",\"itemListElement\":[{\"@type\":\"ListItem\",\"position\":1,\"name\":\"Home\",\"item\":\"https:\\\/\\\/latamjournalismreview.org\\\/pt-br\\\/\"},{\"@type\":\"ListItem\",\"position\":2,\"name\":\"\u2018O problema de Milei \u00e9 com os jornalistas, n\u00e3o com a imprensa em si\u2019: 5 perguntas para o pesquisador argentino Santiago Marino\"}]},{\"@type\":\"WebSite\",\"@id\":\"https:\\\/\\\/latamjournalismreview.org\\\/pt-br\\\/#website\",\"url\":\"https:\\\/\\\/latamjournalismreview.org\\\/pt-br\\\/\",\"name\":\"LatAm Journalism Review\",\"description\":\"Digital magazine on journalism in Latin America\",\"publisher\":{\"@id\":\"https:\\\/\\\/latamjournalismreview.org\\\/pt-br\\\/#organization\"},\"potentialAction\":[{\"@type\":\"SearchAction\",\"target\":{\"@type\":\"EntryPoint\",\"urlTemplate\":\"https:\\\/\\\/latamjournalismreview.org\\\/pt-br\\\/?s={search_term_string}\"},\"query-input\":{\"@type\":\"PropertyValueSpecification\",\"valueRequired\":true,\"valueName\":\"search_term_string\"}}],\"inLanguage\":\"pt-BR\"},{\"@type\":\"Organization\",\"@id\":\"https:\\\/\\\/latamjournalismreview.org\\\/pt-br\\\/#organization\",\"name\":\"LatAm Journalism Review\",\"url\":\"https:\\\/\\\/latamjournalismreview.org\\\/pt-br\\\/\",\"logo\":{\"@type\":\"ImageObject\",\"inLanguage\":\"pt-BR\",\"@id\":\"https:\\\/\\\/latamjournalismreview.org\\\/pt-br\\\/#\\\/schema\\\/logo\\\/image\\\/\",\"url\":\"https:\\\/\\\/latamjournalismreview.org\\\/wp-content\\\/uploads\\\/2020\\\/05\\\/knight-latAm-review-logo.svg\",\"contentUrl\":\"https:\\\/\\\/latamjournalismreview.org\\\/wp-content\\\/uploads\\\/2020\\\/05\\\/knight-latAm-review-logo.svg\",\"width\":\"1024\",\"height\":\"1024\",\"caption\":\"LatAm Journalism Review\"},\"image\":{\"@id\":\"https:\\\/\\\/latamjournalismreview.org\\\/pt-br\\\/#\\\/schema\\\/logo\\\/image\\\/\"},\"sameAs\":[\"https:\\\/\\\/x.com\\\/LatAmJournalism\"]},{\"@type\":\"Person\",\"@id\":\"https:\\\/\\\/latamjournalismreview.org\\\/pt-br\\\/#\\\/schema\\\/person\\\/4a1fa2e1f971d8470c7b9fc6fe72468b\",\"name\":\"Andr\u00e9 Duchiade\",\"description\":\"Andr\u00e9 Duchiade is a Brazilian journalist and translator based in Rio de Janeiro. Andr\u00e9 worked on the international politics desk at O Globo from 2018 to February 2023, and his stories have been published at The Scientific American, The Intercept, \u00c9poca, and Ag\u00eancia P\u00fablica de Jornalismo, among others. He is also a former Media Fellow at the Global Public Policy Institute (GPPi) in Berlin. Andr\u00e9 Duchiade es un periodista y traductor brasile\u00f1o que vive en R\u00edo de Janeiro. Andr\u00e9 trabaj\u00f3 en la redacci\u00f3n de pol\u00edtica internacional de O Globo entre 2018 y febrero de 2023, y se han publicado historias suyas en The Scientific American, The Intercept, \u00c9poca y Ag\u00eancia P\u00fablica de Jornalismo, entre otros. Tambi\u00e9n fue Media Fellow en el Global Public Policy Institute (GPPi) de Berl\u00edn. Andr\u00e9 Duchiade \u00e9 um jornalista e tradutor brasileiro que mora no Rio de Janeiro. Andr\u00e9 trabalhou como rep\u00f3rter na editoria de pol\u00edtica internacional de O Globo entre 2018 e fevereiro de 2023, e suas mat\u00e9ria foram publicadas em The Scientific American, The Intercept, \u00c9poca, Jornal do Brasil e Ag\u00eancia P\u00fablica de Jornalismo, entre outros. Ele tamb\u00e9m foi fellow de m\u00eddia no Global Public Policy Institute (GPPi) em Berlim em 2020 e 2021.\",\"sameAs\":[\"https:\\\/\\\/x.com\\\/duchiadeandre\"],\"url\":\"https:\\\/\\\/latamjournalismreview.org\\\/pt-br\\\/articles\\\/author\\\/andre-duchiade\\\/\"}]}<\/script>\n<!-- \/ Yoast SEO Premium plugin. -->","yoast_head_json":{"title":"\u2018O problema de Milei \u00e9 com os jornalistas, n\u00e3o com a imprensa em si\u2019: 5 perguntas para o pesquisador argentino Santiago Marino - LatAm Journalism Review by the Knight Center","description":"\u2018O problema de Milei \u00e9 com os jornalistas, n\u00e3o com a imprensa em si\u2019: 5 perguntas para o pesquisador argentino Santiago Marino 5 PerguntasSantiago Marino, um destacado pesquisador argentino em pol\u00edticas de comunica\u00e7\u00e3o, discute a rela\u00e7\u00e3o do governo Milei com o jornalismo e as pol\u00edticas p\u00fablicas de comunica\u00e7\u00e3o na Argentina.","robots":{"index":"index","follow":"follow","max-snippet":"max-snippet:-1","max-image-preview":"max-image-preview:large","max-video-preview":"max-video-preview:-1"},"canonical":"https:\/\/latamjournalismreview.org\/pt-br\/articles\/o-problema-de-milei-e-com-os-jornalistas-nao-com-a-imprensa-em-si-5-perguntas-para-o-pesquisador-argentino-santiago-marino\/","og_locale":"pt_BR","og_type":"article","og_title":"\u2018O problema de Milei \u00e9 com os jornalistas, n\u00e3o com a imprensa em si\u2019: 5 perguntas para o pesquisador argentino Santiago Marino","og_description":"\u2018O problema de Milei \u00e9 com os jornalistas, n\u00e3o com a imprensa em si\u2019: 5 perguntas para o pesquisador argentino Santiago Marino 5 PerguntasSantiago Marino, um destacado pesquisador argentino em pol\u00edticas de comunica\u00e7\u00e3o, discute a rela\u00e7\u00e3o do governo Milei com o jornalismo e as pol\u00edticas p\u00fablicas de comunica\u00e7\u00e3o na Argentina.","og_url":"https:\/\/latamjournalismreview.org\/pt-br\/articles\/o-problema-de-milei-e-com-os-jornalistas-nao-com-a-imprensa-em-si-5-perguntas-para-o-pesquisador-argentino-santiago-marino\/","og_site_name":"LatAm Journalism Review by the Knight Center","article_published_time":"2024-01-16T23:02:59+00:00","article_modified_time":"2024-01-19T18:21:24+00:00","og_image":[{"width":507,"height":340,"url":"https:\/\/latamjournalismreview.org\/wp-content\/uploads\/2024\/01\/49.png","type":"image\/png"}],"author":"Andr\u00e9 Duchiade","twitter_card":"summary_large_image","twitter_creator":"@duchiadeandre","twitter_site":"@LatAmJournalism","twitter_misc":{"Written by":"Andr\u00e9 Duchiade","Est. reading time":"14 minutos"},"schema":{"@context":"https:\/\/schema.org","@graph":[{"@type":"Article","@id":"https:\/\/latamjournalismreview.org\/pt-br\/articles\/o-problema-de-milei-e-com-os-jornalistas-nao-com-a-imprensa-em-si-5-perguntas-para-o-pesquisador-argentino-santiago-marino\/#article","isPartOf":{"@id":"https:\/\/latamjournalismreview.org\/pt-br\/articles\/o-problema-de-milei-e-com-os-jornalistas-nao-com-a-imprensa-em-si-5-perguntas-para-o-pesquisador-argentino-santiago-marino\/"},"author":{"name":"Andr\u00e9 Duchiade","@id":"https:\/\/latamjournalismreview.org\/pt-br\/#\/schema\/person\/4a1fa2e1f971d8470c7b9fc6fe72468b"},"headline":"\u2018O problema de Milei \u00e9 com os jornalistas, n\u00e3o com a imprensa em si\u2019: 5 perguntas para o pesquisador argentino Santiago Marino","datePublished":"2024-01-16T23:02:59+00:00","dateModified":"2024-01-19T18:21:24+00:00","mainEntityOfPage":{"@id":"https:\/\/latamjournalismreview.org\/pt-br\/articles\/o-problema-de-milei-e-com-os-jornalistas-nao-com-a-imprensa-em-si-5-perguntas-para-o-pesquisador-argentino-santiago-marino\/"},"wordCount":2886,"publisher":{"@id":"https:\/\/latamjournalismreview.org\/pt-br\/#organization"},"image":{"@id":"https:\/\/latamjournalismreview.org\/pt-br\/articles\/o-problema-de-milei-e-com-os-jornalistas-nao-com-a-imprensa-em-si-5-perguntas-para-o-pesquisador-argentino-santiago-marino\/#primaryimage"},"thumbnailUrl":"https:\/\/latamjournalismreview.org\/wp-content\/uploads\/2024\/01\/49.png","keywords":["Argentina","Concentra\u00e7\u00e3o de m\u00eddia","Pesquisa Acad\u00eamica","Sustentabilidade"],"articleSection":["5 Perguntas"],"inLanguage":"pt-BR"},{"@type":"WebPage","@id":"https:\/\/latamjournalismreview.org\/pt-br\/articles\/o-problema-de-milei-e-com-os-jornalistas-nao-com-a-imprensa-em-si-5-perguntas-para-o-pesquisador-argentino-santiago-marino\/","url":"https:\/\/latamjournalismreview.org\/pt-br\/articles\/o-problema-de-milei-e-com-os-jornalistas-nao-com-a-imprensa-em-si-5-perguntas-para-o-pesquisador-argentino-santiago-marino\/","name":"\u2018O problema de Milei \u00e9 com os jornalistas, n\u00e3o com a imprensa em si\u2019: 5 perguntas para o pesquisador argentino Santiago Marino - LatAm Journalism Review by the Knight Center","isPartOf":{"@id":"https:\/\/latamjournalismreview.org\/pt-br\/#website"},"primaryImageOfPage":{"@id":"https:\/\/latamjournalismreview.org\/pt-br\/articles\/o-problema-de-milei-e-com-os-jornalistas-nao-com-a-imprensa-em-si-5-perguntas-para-o-pesquisador-argentino-santiago-marino\/#primaryimage"},"image":{"@id":"https:\/\/latamjournalismreview.org\/pt-br\/articles\/o-problema-de-milei-e-com-os-jornalistas-nao-com-a-imprensa-em-si-5-perguntas-para-o-pesquisador-argentino-santiago-marino\/#primaryimage"},"thumbnailUrl":"https:\/\/latamjournalismreview.org\/wp-content\/uploads\/2024\/01\/49.png","datePublished":"2024-01-16T23:02:59+00:00","dateModified":"2024-01-19T18:21:24+00:00","description":"\u2018O problema de Milei \u00e9 com os jornalistas, n\u00e3o com a imprensa em si\u2019: 5 perguntas para o pesquisador argentino Santiago Marino 5 PerguntasSantiago Marino, um destacado pesquisador argentino em pol\u00edticas de comunica\u00e7\u00e3o, discute a rela\u00e7\u00e3o do governo Milei com o jornalismo e as pol\u00edticas p\u00fablicas de comunica\u00e7\u00e3o na Argentina.","breadcrumb":{"@id":"https:\/\/latamjournalismreview.org\/pt-br\/articles\/o-problema-de-milei-e-com-os-jornalistas-nao-com-a-imprensa-em-si-5-perguntas-para-o-pesquisador-argentino-santiago-marino\/#breadcrumb"},"inLanguage":"pt-BR","potentialAction":[{"@type":"ReadAction","target":["https:\/\/latamjournalismreview.org\/pt-br\/articles\/o-problema-de-milei-e-com-os-jornalistas-nao-com-a-imprensa-em-si-5-perguntas-para-o-pesquisador-argentino-santiago-marino\/"]}]},{"@type":"ImageObject","inLanguage":"pt-BR","@id":"https:\/\/latamjournalismreview.org\/pt-br\/articles\/o-problema-de-milei-e-com-os-jornalistas-nao-com-a-imprensa-em-si-5-perguntas-para-o-pesquisador-argentino-santiago-marino\/#primaryimage","url":"https:\/\/latamjournalismreview.org\/wp-content\/uploads\/2024\/01\/49.png","contentUrl":"https:\/\/latamjournalismreview.org\/wp-content\/uploads\/2024\/01\/49.png","width":507,"height":340,"caption":"Santiago Marino, pesquisador de m\u00eddia argentino (Foto: Reprodu\u00e7\u00e3o)"},{"@type":"BreadcrumbList","@id":"https:\/\/latamjournalismreview.org\/pt-br\/articles\/o-problema-de-milei-e-com-os-jornalistas-nao-com-a-imprensa-em-si-5-perguntas-para-o-pesquisador-argentino-santiago-marino\/#breadcrumb","itemListElement":[{"@type":"ListItem","position":1,"name":"Home","item":"https:\/\/latamjournalismreview.org\/pt-br\/"},{"@type":"ListItem","position":2,"name":"\u2018O problema de Milei \u00e9 com os jornalistas, n\u00e3o com a imprensa em si\u2019: 5 perguntas para o pesquisador argentino Santiago Marino"}]},{"@type":"WebSite","@id":"https:\/\/latamjournalismreview.org\/pt-br\/#website","url":"https:\/\/latamjournalismreview.org\/pt-br\/","name":"LatAm Journalism Review","description":"Digital magazine on journalism in Latin America","publisher":{"@id":"https:\/\/latamjournalismreview.org\/pt-br\/#organization"},"potentialAction":[{"@type":"SearchAction","target":{"@type":"EntryPoint","urlTemplate":"https:\/\/latamjournalismreview.org\/pt-br\/?s={search_term_string}"},"query-input":{"@type":"PropertyValueSpecification","valueRequired":true,"valueName":"search_term_string"}}],"inLanguage":"pt-BR"},{"@type":"Organization","@id":"https:\/\/latamjournalismreview.org\/pt-br\/#organization","name":"LatAm Journalism Review","url":"https:\/\/latamjournalismreview.org\/pt-br\/","logo":{"@type":"ImageObject","inLanguage":"pt-BR","@id":"https:\/\/latamjournalismreview.org\/pt-br\/#\/schema\/logo\/image\/","url":"https:\/\/latamjournalismreview.org\/wp-content\/uploads\/2020\/05\/knight-latAm-review-logo.svg","contentUrl":"https:\/\/latamjournalismreview.org\/wp-content\/uploads\/2020\/05\/knight-latAm-review-logo.svg","width":"1024","height":"1024","caption":"LatAm Journalism Review"},"image":{"@id":"https:\/\/latamjournalismreview.org\/pt-br\/#\/schema\/logo\/image\/"},"sameAs":["https:\/\/x.com\/LatAmJournalism"]},{"@type":"Person","@id":"https:\/\/latamjournalismreview.org\/pt-br\/#\/schema\/person\/4a1fa2e1f971d8470c7b9fc6fe72468b","name":"Andr\u00e9 Duchiade","description":"Andr\u00e9 Duchiade is a Brazilian journalist and translator based in Rio de Janeiro. Andr\u00e9 worked on the international politics desk at O Globo from 2018 to February 2023, and his stories have been published at The Scientific American, The Intercept, \u00c9poca, and Ag\u00eancia P\u00fablica de Jornalismo, among others. He is also a former Media Fellow at the Global Public Policy Institute (GPPi) in Berlin. Andr\u00e9 Duchiade es un periodista y traductor brasile\u00f1o que vive en R\u00edo de Janeiro. Andr\u00e9 trabaj\u00f3 en la redacci\u00f3n de pol\u00edtica internacional de O Globo entre 2018 y febrero de 2023, y se han publicado historias suyas en The Scientific American, The Intercept, \u00c9poca y Ag\u00eancia P\u00fablica de Jornalismo, entre otros. Tambi\u00e9n fue Media Fellow en el Global Public Policy Institute (GPPi) de Berl\u00edn. Andr\u00e9 Duchiade \u00e9 um jornalista e tradutor brasileiro que mora no Rio de Janeiro. Andr\u00e9 trabalhou como rep\u00f3rter na editoria de pol\u00edtica internacional de O Globo entre 2018 e fevereiro de 2023, e suas mat\u00e9ria foram publicadas em The Scientific American, The Intercept, \u00c9poca, Jornal do Brasil e Ag\u00eancia P\u00fablica de Jornalismo, entre outros. Ele tamb\u00e9m foi fellow de m\u00eddia no Global Public Policy Institute (GPPi) em Berlim em 2020 e 2021.","sameAs":["https:\/\/x.com\/duchiadeandre"],"url":"https:\/\/latamjournalismreview.org\/pt-br\/articles\/author\/andre-duchiade\/"}]}},"_links":{"self":[{"href":"https:\/\/latamjournalismreview.org\/pt-br\/wp-json\/wp\/v2\/posts\/83598","targetHints":{"allow":["GET"]}}],"collection":[{"href":"https:\/\/latamjournalismreview.org\/pt-br\/wp-json\/wp\/v2\/posts"}],"about":[{"href":"https:\/\/latamjournalismreview.org\/pt-br\/wp-json\/wp\/v2\/types\/post"}],"author":[{"embeddable":true,"href":"https:\/\/latamjournalismreview.org\/pt-br\/wp-json\/wp\/v2\/users\/63"}],"replies":[{"embeddable":true,"href":"https:\/\/latamjournalismreview.org\/pt-br\/wp-json\/wp\/v2\/comments?post=83598"}],"version-history":[{"count":5,"href":"https:\/\/latamjournalismreview.org\/pt-br\/wp-json\/wp\/v2\/posts\/83598\/revisions"}],"predecessor-version":[{"id":83776,"href":"https:\/\/latamjournalismreview.org\/pt-br\/wp-json\/wp\/v2\/posts\/83598\/revisions\/83776"}],"wp:featuredmedia":[{"embeddable":true,"href":"https:\/\/latamjournalismreview.org\/pt-br\/wp-json\/wp\/v2\/media\/83600"}],"wp:attachment":[{"href":"https:\/\/latamjournalismreview.org\/pt-br\/wp-json\/wp\/v2\/media?parent=83598"}],"wp:term":[{"taxonomy":"category","embeddable":true,"href":"https:\/\/latamjournalismreview.org\/pt-br\/wp-json\/wp\/v2\/categories?post=83598"},{"taxonomy":"post_tag","embeddable":true,"href":"https:\/\/latamjournalismreview.org\/pt-br\/wp-json\/wp\/v2\/tags?post=83598"},{"taxonomy":"author","embeddable":true,"href":"https:\/\/latamjournalismreview.org\/pt-br\/wp-json\/wp\/v2\/coauthors?post=83598"}],"curies":[{"name":"wp","href":"https:\/\/api.w.org\/{rel}","templated":true}]}}