{"id":84459,"date":"2024-02-14T13:27:22","date_gmt":"2024-02-14T19:27:22","guid":{"rendered":"https:\/\/latamjournalismreview.org\/?p=84459"},"modified":"2024-02-14T13:27:22","modified_gmt":"2024-02-14T19:27:22","slug":"jornalistas-temem-aumento-da-hostilidade-contra-a-imprensa-apos-reeleicao-de-bukele-em-el-salvador","status":"publish","type":"post","link":"https:\/\/latamjournalismreview.org\/pt-br\/articles\/jornalistas-temem-aumento-da-hostilidade-contra-a-imprensa-apos-reeleicao-de-bukele-em-el-salvador\/","title":{"rendered":"Jornalistas temem aumento da hostilidade contra a imprensa ap\u00f3s reelei\u00e7\u00e3o de Bukele em El Salvador"},"content":{"rendered":"<p><span style=\"font-weight: 400;\">O agravamento do ass\u00e9dio contra jornalistas, poss\u00edveis reformas legais para criminalizar o trabalho de informar e <\/span><span style=\"font-weight: 400;\">o aumento da autocensura est\u00e3o entre as poss\u00edveis consequ\u00eancias da reelei\u00e7\u00e3o de <\/span><span style=\"font-weight: 400;\">Nayib Bukele nas elei\u00e7\u00f5es presidenciais de El Salvador realizadas em 4 de Fevereiro, dizem <\/span><span style=\"font-weight: 400;\">jornalistas e organiza\u00e7\u00f5es internacionais de defesa da liberdade express\u00e3o.<\/span><\/p>\n<p><a href=\"https:\/\/www.bbc.com\/mundo\/articles\/c9w4r0kmw08o\"><span style=\"font-weight: 400;\">De acordo com dados preliminares<\/span><\/a><span style=\"font-weight: 400;\">, Bukele foi reeleito com ampla vantagem para o seu segundo mandato consecutivo na presid\u00eancia, apesar de v\u00e1rios analistas afirmarem que a <\/span><a href=\"https:\/\/elfaro.net\/es\/202402\/el_salvador\/27232\/bukele-se-proclama-reelecto-violando-la-constitucion-y-sin-resultados-oficiales\"><span style=\"font-weight: 400;\">reelei\u00e7\u00e3o foi inconstitucional<\/span><\/a><span style=\"font-weight: 400;\">.<\/span><\/p>\n<p><span style=\"font-weight: 400;\">\u201cN\u00f3s, como setor de jornalistas, n\u00e3o descartamos que este seja o in\u00edcio da ditadura, o fim de uma democracia fraca, de um governante que foi eleito em 2019 por meios democr\u00e1ticos, mas que instalou um processo autocr\u00e1tico\u201d, disse Ang\u00e9lica C\u00e1rcamo, presidente da Associa\u00e7\u00e3o de Jornalistas de El Salvador (APES) \u00e0 <\/span><b>LatAm Journalism Review (LJR)<\/b><span style=\"font-weight: 400;\">.<\/span><\/p>\n<p><a href=\"https:\/\/fundamedios.us\/la-libertad-de-prensa-es-clave-para-restablecer-la-democracia-en-el-salvador\/\"><span style=\"font-weight: 400;\">O processo eleitoral evidenciou a deteriora\u00e7\u00e3o das condi\u00e7\u00f5es para o exerc\u00edcio do jornalismo<\/span><\/a><span style=\"font-weight: 400;\"> e das garantias \u00e0 liberdade de express\u00e3o, de acordo com as organiza\u00e7\u00f5es Artigo 19 M\u00e9xico e Am\u00e9rica Central, Protection International Mesoam\u00e9rica, Rep\u00f3rteres Sem Fronteiras (RSF), Funda\u00e7\u00e3o para a Liberdade de Imprensa da Col\u00f4mbia (FLIP), Free Press Unlimited, Fundamedios, Vozes do Sul e o Comit\u00ea para a Prote\u00e7\u00e3o dos Jornalistas (CPJ), que publicaram uma declara\u00e7\u00e3o conjunta ap\u00f3s o an\u00fancio dos resultados preliminares das elei\u00e7\u00f5es.<\/span><\/p>\n<div id=\"attachment_84340\" style=\"width: 460px\" class=\"wp-caption alignleft\"><img loading=\"lazy\" decoding=\"async\" aria-describedby=\"caption-attachment-84340\" class=\"wp-image-84340\" src=\"https:\/\/latamjournalismreview.org\/wp-content\/uploads\/2024\/02\/El-Faro.png\" alt=\"Screenshot of Salvadoran media outlet El Faro's website.\" width=\"450\" height=\"384\" srcset=\"https:\/\/latamjournalismreview.org\/wp-content\/uploads\/2024\/02\/El-Faro.png 1570w, https:\/\/latamjournalismreview.org\/wp-content\/uploads\/2024\/02\/El-Faro-300x256.png 300w, https:\/\/latamjournalismreview.org\/wp-content\/uploads\/2024\/02\/El-Faro-1024x873.png 1024w, https:\/\/latamjournalismreview.org\/wp-content\/uploads\/2024\/02\/El-Faro-768x655.png 768w, https:\/\/latamjournalismreview.org\/wp-content\/uploads\/2024\/02\/El-Faro-1536x1309.png 1536w\" sizes=\"auto, (max-width: 450px) 100vw, 450px\" \/><p id=\"caption-attachment-84340\" class=\"wp-caption-text\">Bukele criticou a imprensa durante seu discurso de vit\u00f3ria (Foto: Captura de tela)<\/p><\/div>\n<p><span style=\"font-weight: 400;\">\u201cDiante do novo per\u00edodo de governo que se inicia em El Salvador, as organiza\u00e7\u00f5es e redes que assinam esta declara\u00e7\u00e3o fazem um chamado para o estabelecimento das condi\u00e7\u00f5es e garantias necess\u00e1rias para que os jornalistas possam realizar o seu trabalho, os cidad\u00e3os sejam informados e o papel do a m\u00eddia no fortalecimento da democracia seja reconhecido\u201d, diz o documento de 6 de fevereiro.<\/span><\/p>\n<p><span style=\"font-weight: 400;\">No entanto, jornalistas salvadorenhos temem que o segundo mandato de Bukele produza\u00a0 exatamente o oposto.<\/span><\/p>\n<p><span style=\"font-weight: 400;\">\u201c\u00c9 muito prov\u00e1vel que Bukele, se sentir que est\u00e1 perdendo popularidade, invista contra os meios de comunica\u00e7\u00e3o independentes que continuam a resistir, que haja medidas ou reformas legais que possam criminalizar o trabalho jornal\u00edstico com maior peso\u201d, disse C\u00e1rcamo.<\/span><\/p>\n<p><span style=\"font-weight: 400;\">Durante o dia das elei\u00e7\u00f5es, a APES registou pelo menos 173 ataques contra membros da imprensa, incluindo restri\u00e7\u00e3o do acesso de jornalistas aos locais de vota\u00e7\u00e3o, intimida\u00e7\u00e3o, ass\u00e9dio e declara\u00e7\u00f5es estigmatizantes por parte de autoridades p\u00fablicas. <\/span><a href=\"https:\/\/twitter.com\/apeselsalvador\/status\/1754541125149261978\"><span style=\"font-weight: 400;\">Segundo um relat\u00f3rio da associa\u00e7\u00e3o<\/span><\/a><span style=\"font-weight: 400;\">, os principais respons\u00e1veis \u200b\u200bpelos ataques foram agentes de seguran\u00e7a, membros de juntas eleitorais, seguidores de partidos pol\u00edticos, entre outros respons\u00e1veis.<\/span><\/p>\n<p><span style=\"font-weight: 400;\">Dos 173 ataques, 65 foram contra jornalistas do sexo masculino, 39 contra jornalistas do sexo feminino, 36 contra meios de comunica\u00e7\u00e3o social, 6 contra membros da APES e 27 contra outros membros e grupos de imprensa n\u00e3o identificados. Os departamentos com mais incidentes foram San Salvador, Usulut\u00e1n, Moraz\u00e1n e San Miguel.<\/span><\/p>\n<p><span style=\"font-weight: 400;\">Al\u00e9m disso, <\/span><a href=\"https:\/\/twitter.com\/radioyskl\/status\/1754211875707892209\"><span style=\"font-weight: 400;\">o escritor Carlos Bucio Borja foi preso ap\u00f3s ler em voz alta em um local de vota\u00e7\u00e3o os artigos da Constitui\u00e7\u00e3o <\/span><\/a><span style=\"font-weight: 400;\">de El Salvador que pro\u00edbem a reelei\u00e7\u00e3o de presidentes. V\u00e1rias organiza\u00e7\u00f5es consideraram a pris\u00e3o como<\/span><span style=\"font-weight: 400;\"> uma viola\u00e7\u00e3o da sua liberdade de express\u00e3o. Borja, <\/span><span style=\"font-weight: 400;\">acusado de desordem p\u00fablica, <\/span><a href=\"https:\/\/republica.gt\/actualidad\/el-salvador-el-escritor-bucio-borja-recupera-su-libertad-tras-arresto-20242717590\"><span style=\"font-weight: 400;\">foi solto em 7 de fevereiro<\/span><\/a><span style=\"font-weight: 400;\"> depois de 72 horas <\/span><a href=\"https:\/\/www.laprensagrafica.com\/elsalvador\/Escritor-sigue-en-El-Penalito-tras-su-captura-en-elecciones-20240206-0097.html\"><span style=\"font-weight: 400;\">no centro de deten\u00e7\u00e3o de San Salvador conhecido como \u201cEl Penalito\u201d<\/span><\/a><span style=\"font-weight: 400;\">.<\/span><\/p>\n<p><a href=\"https:\/\/www.laprensagrafica.com\/elsalvador\/Escritor-sigue-en-El-Penalito-tras-su-captura-en-elecciones-20240206-0097.html\"><span style=\"font-weight: 400;\">\u00a0<\/span><\/a><\/p>\n<p><span style=\"font-weight: 400;\">\u201cO escritor Carlos Bucio foi preso em um centro de vota\u00e7\u00e3o por ler a Constitui\u00e7\u00e3o que Bukele violou ao se reeleger presidente. As autoridades n\u00e3o forneceram informa\u00e7\u00f5es sobre sua captura. Exigimos sua liberta\u00e7\u00e3o imediata\u201d, <\/span><a href=\"https:\/\/twitter.com\/JuanitaGoe\/status\/1754580037112639504\"><span style=\"font-weight: 400;\">escreveu na rede social X Juanita Goebertus<\/span><\/a><span style=\"font-weight: 400;\">, diretora da Divis\u00e3o das Am\u00e9ricas da Human Rights Watch.<\/span><\/p>\n<p><span style=\"font-weight: 400;\">Na noite do dia das elei\u00e7\u00f5es, Bukele aproveitou o seu discurso perante milhares de apoiantes reunidos em frente ao Pal\u00e1cio Nacional para atacar a imprensa e quem o critica. <\/span><span style=\"font-weight: 400;\">Ele tamb\u00e9m <\/span><a href=\"https:\/\/efe.com\/mundo\/2024-02-05\/bukele-lacayos-prensa-espanola\/\"><span style=\"font-weight: 400;\">criticou correspondentes e enviados internacionais<\/span><\/a><span style=\"font-weight: 400;\"> e organiza\u00e7\u00f5es como a Organiza\u00e7\u00e3o dos Estados Americanos (OEA) e as Na\u00e7\u00f5es Unidas.<\/span><\/p>\n<p><span style=\"font-weight: 400;\">\u201cFicou claro para mim depois de seu discurso: o pr\u00f3ximo inimigo priorit\u00e1rio a ser destru\u00eddo por Bukele ser\u00e1 a imprensa independente\u201d, escreveu o<\/span><a href=\"https:\/\/twitter.com\/CronistaOscar\/status\/1754368352137392200\"><span style=\"font-weight: 400;\"> jornalista \u00d3scar Mart\u00ednez<\/span><\/a><span style=\"font-weight: 400;\">, editor-chefe do El Faro, meio de investiga\u00e7\u00e3o jornal\u00edstica digital independente que em 2023 <\/span><a href=\"https:\/\/latamjournalismreview.org\/es\/articles\/salimos-de-el-salvador-para-poder-seguir-en-el-salvador-como-el-faro-decidio-trasladar-su-administracion-a-costa-rica\/\"><span style=\"font-weight: 400;\">foi for\u00e7ado a mudar sua sede para a Costa Rica<\/span><\/a><span style=\"font-weight: 400;\"> ap\u00f3s ass\u00e9dio cont\u00ednuo e v\u00e1rios<\/span><span style=\"font-weight: 400;\"> casos relatados de <\/span><span style=\"font-weight: 400;\">espionagem<\/span><span style=\"font-weight: 400;\"> contra ele.<\/span><\/p>\n<h3><span style=\"font-weight: 400;\">Fazer jornalismo em regime de exce\u00e7\u00e3o<\/span><\/h3>\n<p><span style=\"font-weight: 400;\">O regime de emerg\u00eancia declarado por Bukele em 27 de mar\u00e7o de 2022 como parte de uma s\u00e9rie de medidas de combate \u00e0s gangues, e que foi prorrogado indefinidamente, <\/span><a href=\"https:\/\/www.es.amnesty.org\/en-que-estamos\/noticias\/noticia\/articulo\/el-salvador-a-un-ano-del-regimen-de-excepcion-las-autoridades-cometen-violaciones-derechos-humanos-de-forma-sistematica\/\"><span style=\"font-weight: 400;\">levou a viola\u00e7\u00f5es sistem\u00e1ticas dos direitos humanos<\/span><\/a><span style=\"font-weight: 400;\">, acusaram organiza\u00e7\u00f5es como a Anistia Internacional.<\/span><\/p>\n<p><span style=\"font-weight: 400;\">Segundo C\u00e1rcamo, para a APES, o<\/span><span style=\"font-weight: 400;\"> regime de exce\u00e7\u00e3o tem representado abusos de poder e maiores restri\u00e7\u00f5es \u00e0 pr\u00e1tica jornal\u00edstica, especialmente por parte de militares e agentes da Pol\u00edcia Nacional Civil, cuja presen\u00e7a nas ruas tem aumentado em decorr\u00eancia do dispositivo legal.<\/span><\/p>\n<p><span style=\"font-weight: 400;\">\u201cEstes soldados t\u00eam cada vez mais poder e autoridade para tomar decis\u00f5es que n\u00e3o lhes dizem respeito. A associa\u00e7\u00e3o tem relatado casos de restri\u00e7\u00f5es \u00e0 pr\u00e1tica jornal\u00edstica por parte destas pessoas que amea\u00e7am [jornalistas] se fizerem coberturas do lado de fora das pris\u00f5es ou mesmo por coisas t\u00e3o ris\u00edveis como tirar fotografias da constru\u00e7\u00e3o de um hospital\u201d, disse C\u00e1rcamo. \u201cEles amea\u00e7am apagar as imagens e v\u00eddeos, fazem buscas nos celulares pessoais. O abuso de poder \u00e9 algo que estas for\u00e7as est\u00e3o tornando mais constante e natural, e ningu\u00e9m, pelo menos no Estado, est\u00e1 tentando impedir isso\u201d.<\/span><\/p>\n<div id=\"attachment_84352\" style=\"width: 461px\" class=\"wp-caption alignright\"><img loading=\"lazy\" decoding=\"async\" aria-describedby=\"caption-attachment-84352\" id=\"longdesc-return-84352\" class=\"wp-image-84352\" tabindex=\"-1\" src=\"https:\/\/latamjournalismreview.org\/wp-content\/uploads\/2024\/02\/Vi\u0301ctor-Barahona.png\" alt=\"Salvadoran journalist V\u00edctor Barahona.\" width=\"451\" height=\"310\" longdesc=\"https:\/\/latamjournalismreview.org?longdesc=84352&amp;referrer=84338\" srcset=\"https:\/\/latamjournalismreview.org\/wp-content\/uploads\/2024\/02\/Vi\u0301ctor-Barahona.png 2167w, https:\/\/latamjournalismreview.org\/wp-content\/uploads\/2024\/02\/Vi\u0301ctor-Barahona-300x206.png 300w, https:\/\/latamjournalismreview.org\/wp-content\/uploads\/2024\/02\/Vi\u0301ctor-Barahona-1024x704.png 1024w, https:\/\/latamjournalismreview.org\/wp-content\/uploads\/2024\/02\/Vi\u0301ctor-Barahona-768x528.png 768w, https:\/\/latamjournalismreview.org\/wp-content\/uploads\/2024\/02\/Vi\u0301ctor-Barahona-1536x1056.png 1536w, https:\/\/latamjournalismreview.org\/wp-content\/uploads\/2024\/02\/Vi\u0301ctor-Barahona-2048x1408.png 2048w\" sizes=\"auto, (max-width: 451px) 100vw, 451px\" \/><p id=\"caption-attachment-84352\" class=\"wp-caption-text\">Em 2022, o jornalista de uma r\u00e1dio comunit\u00e1ria digital V\u00edctor Barahona foi preso acusado de \u201ccolaborar com gangues\u201d e permaneceu por mais de 11 meses (Foto: Captura de tela)<\/p><\/div>\n<p><span style=\"font-weight: 400;\">Em 2022, o jornalista de <\/span><span style=\"font-weight: 400;\">uma r\u00e1dio comunit\u00e1ria digital V\u00edctor Barahona<\/span> <a href=\"https:\/\/latamjournalismreview.org\/es\/news\/gremio-denuncia-torturas-a-periodista-en-carcel-de-el-salvador\/\"><span style=\"font-weight: 400;\">foi preso acusado de \u201ccolaborar com gangues\u201d<\/span><\/a><span style=\"font-weight: 400;\"> e permaneceu por mais de 11 meses em uma pris\u00e3o, onde diz ter sofrido torturas. A APES ent\u00e3o informou que a <\/span><a href=\"https:\/\/www.dw.com\/es\/apes-denuncia-torturas-a-periodista-en-c%C3%A1rcel-de-el-salvador\/a-66184826\"><span style=\"font-weight: 400;\">pris\u00e3o de Barahona ocorreu em condi\u00e7\u00f5es irregulares<\/span><\/a><span style=\"font-weight: 400;\"> e ele foi libertado sem qualquer documento de libera\u00e7\u00e3o.<\/span><\/p>\n<p><span style=\"font-weight: 400;\">Um m\u00eas ap\u00f3s a decreta\u00e7\u00e3o do regime de emerg\u00eancia, em abril de 2022, a <\/span><a href=\"https:\/\/latamjournalismreview.org\/pt-br\/news\/asamblea-legislativa-de-el-salvador-de-mayoria-oficialista-aprueba-penas-de-hasta-15-anos-de-carcel-por-informar-sobre-pandillas\/\"><span style=\"font-weight: 400;\">Assembleia Legislativa salvadorenha aprovou reformas na Lei de Proibi\u00e7\u00e3o de Gangues<\/span><\/a><span style=\"font-weight: 400;\">, que puniu quem espalhasse mensagens relacionadas a gangues com penas de 10 a 15 anos de pris\u00e3o. Estas altera\u00e7\u00f5es, <\/span><a href=\"https:\/\/www.dw.com\/es\/congreso-de-el-salvador-anula-parcialmente-reforma-mordaza\/a-67280720\"><span style=\"font-weight: 400;\">que foram parcialmente revogadas em<\/span><span style=\"font-weight: 400;\"> novembro<\/span><span style=\"font-weight: 400;\"> de 2023<\/span><\/a><span style=\"font-weight: 400;\">, foram descritas pela APES como \u201creformas da morda\u00e7a\u201d.<\/span><\/p>\n<p><span style=\"font-weight: 400;\">\u201cDurante todo o tempo em que [essa reforma] esteve em vigor, ela teve um efeito de medo contra a imprensa. \u00c9 por isso que para muitos a op\u00e7\u00e3o \u00e9 \u2018\u00e9 melhor eu me censurar para n\u00e3o ter problemas\u2019, e obviamente o que predomina \u00e9 a narrativa \u00fanica da vers\u00e3o oficial\u201d, disse C\u00e1rcamo.<\/span><\/p>\n<p><span style=\"font-weight: 400;\">Tamb\u00e9m como consequ\u00eancia deste efeito de medo, a APES teve que <\/span><a href=\"https:\/\/latamjournalismreview.org\/es\/news\/diez-periodistas-de-el-salvador-huyen-de-su-pais-para-evitar-persecucion-politica\/\"><span style=\"font-weight: 400;\">retirar 17 jornalistas do pa\u00eds entre 2022 e 2023<\/span><\/a><span style=\"font-weight: 400;\"> que eles estavam publicando artigos relacionados a gangues. Tr\u00eas desses 17, disse C\u00e1rcamo, permanecem fora de El Salvador porque n\u00e3o consideram vi\u00e1vel continuar a exercer a profiss\u00e3o em seu pa\u00eds, entre eles duas mulheres jornalistas.<\/span><\/p>\n<p><span style=\"font-weight: 400;\">Desde a entrada em vigor do regime de exce\u00e7\u00e3o, <\/span><a href=\"https:\/\/www.elsalvador.com\/noticias\/nacional\/regimen-excepcion-acceso-informacion-publica\/973255\/2022\/\"><span style=\"font-weight: 400;\">\u00a0\u00a0o acesso \u00e0 informa\u00e7\u00e3o p\u00fablica \u00e9 outro direito suspenso de fato<\/span><\/a><span style=\"font-weight: 400;\">, j\u00e1 que oficialmente a Lei de Acesso \u00e0 Informa\u00e7\u00e3o P\u00fablica, decretada em 2011, ainda est\u00e1 em vigor, segundo o jornalista Ricardo Avelar em coluna do El Diario de Hoy.<\/span><\/p>\n<p><span style=\"font-weight: 400;\">\u00a0<\/span><\/p>\n<p><span style=\"font-weight: 400;\">Isso<\/span><span style=\"font-weight: 400;\"> bloqueou quase completamente o acesso de jornalistas a dados p\u00fablicos, espa\u00e7os governamentais e autoridades, de acordo com a declara\u00e7\u00e3o conjunta que as organiza\u00e7\u00f5es de liberdade de imprensa <\/span><span style=\"font-weight: 400;\">publicaram ap\u00f3s as elei\u00e7\u00f5es.<\/span><\/p>\n<p><span style=\"font-weight: 400;\">No dia 8 de maio de 2011, durante o governo de Mauricio Funes \u2013 o primeiro mandat\u00e1rio de esquerda do pa\u00eds centro-americano \u2013, <\/span><a href=\"https:\/\/elfaro.net\/es\/201103\/noticias\/3672\/\"><span style=\"font-weight: 400;\">entrou em vigor a Lei de Acesso \u00e0 Informa\u00e7\u00e3o P\u00fablica de El Salvador<\/span><\/a><span style=\"font-weight: 400;\">, que incluiu a cria\u00e7\u00e3o do Instituto de Acesso \u00e0 Informa\u00e7\u00e3o P\u00fablica.<\/span><\/p>\n<p><span style=\"font-weight: 400;\">O regime de exce\u00e7\u00e3o enfraqueceu a democracia ao classificar a informa\u00e7\u00e3o p\u00fablica como \u201cconfidencial\u201d ou \u201creservada\u201d por quest\u00f5es de seguran\u00e7a nacional,\u00a0 <\/span><a href=\"https:\/\/www.wola.org\/es\/2022\/09\/corrupcion-estado-de-excepcion-el-salvador\/\"><span style=\"font-weight: 400;\">de acordo com uma declara\u00e7\u00e3o do Escrit\u00f3rio de Washington para Assuntos Latino-Americanos<\/span><\/a><span style=\"font-weight: 400;\"> (WOLA, por sua sigla em ingl\u00eas).<\/span><\/p>\n<p><span style=\"font-weight: 400;\">\u201cQuando este presidente [Bukele] chega ao governo, ele percebe que esta lei deve ser destru\u00edda. Ent\u00e3o come\u00e7a, de forma sutil, a bloquear o acesso \u00e0 informa\u00e7\u00e3o\u201d, disse \u00e0 <\/span><b>LJR<\/b><span style=\"font-weight: 400;\"> Luis Canizalez, jornalista e editor da revista especializada em jornalismo de profundidade Elementos. \u201cDesde que ele chegou ao governo, n\u00f3s, os meios de comunica\u00e7\u00e3o, os jornalistas, fizemos centenas de pedidos de informa\u00e7\u00e3o. A resposta inicial foi que se tratava de informa\u00e7\u00e3o confidencial. J\u00e1 nos \u00faltimos dois anos, eles nem te respondem. A lei n\u00e3o foi revogada, mas na pr\u00e1tica n\u00e3o funciona\u201d.<\/span><\/p>\n<p><span style=\"font-weight: 400;\">A APES tamb\u00e9m teme a<\/span><span style=\"font-weight: 400;\"> possibilidade da cria\u00e7\u00e3o de novas leis ou de reformas das j\u00e1 existentes para vigiar ou dificultar o trabalho dos meios de comunica\u00e7\u00e3o social ou das organiza\u00e7\u00f5es da sociedade civil. Tal \u00e9 o caso <\/span><a href=\"https:\/\/latamjournalismreview.org\/pt-br\/articles\/ley-de-agentes-extranjeros-de-el-salvador-asfixiaria-a-medios-periodisticos-independientes-y-organizaciones-de-derechos-humanos-segun-voces-criticas\/\"><span style=\"font-weight: 400;\">da lei sobre agentes estrangeiros que Bukele prop\u00f4s em 2021<\/span><\/a><span style=\"font-weight: 400;\">.<\/span><\/p>\n<p><span style=\"font-weight: 400;\">O projeto de lei pretendia exigir que as organiza\u00e7\u00f5es que recebem fundos do estrangeiro pagassem um imposto de 40% sobre cada transac\u00e7\u00e3o, incluindo os meios de comunica\u00e7\u00e3o independentes que s\u00e3o financiados com fundos de organiza\u00e7\u00f5es estrangeiras.<\/span><\/p>\n<p><span style=\"font-weight: 400;\">Ao apresentar o projeto de lei, o Ministro do Interior Juan Carlos Bidegain disse que<\/span><span style=\"font-weight: 400;\"> a lei <\/span><a href=\"https:\/\/apnews.com\/article\/cfa13e47218b6ba9db88996bb0ad0972\"><span style=\"font-weight: 400;\">\u201cpermitiria garantir a seguran\u00e7a, a soberania nacional e a estabilidade social e pol\u00edtica do pa\u00eds\u201d<\/span><\/a><span style=\"font-weight: 400;\">.<\/span><\/p>\n<p><a href=\"https:\/\/diario.elmundo.sv\/politica\/no-archivaran-ley-de-agentes-extranjeros-dice-presidente-de-asamblea\"><span style=\"font-weight: 400;\">A discuss\u00e3o da lei dos agentes estrangeiros<\/span><span style=\"font-weight: 400;\"> foi suspensa em 2022<\/span><\/a><span style=\"font-weight: 400;\"> ap\u00f3s press\u00e3o internacional.<\/span><\/p>\n<h3><span style=\"font-weight: 400;\">O que os jornalistas podem fazer?<\/span><\/h3>\n<p><span style=\"font-weight: 400;\">Ante a <\/span><span style=\"font-weight: 400;\">esperada <\/span><span style=\"font-weight: 400;\">continua\u00e7\u00e3o do ambiente hostil ao jornalismo que representa a reelei\u00e7\u00e3o de Bukele, C\u00e1rcamo disse que h\u00e1 medidas que os membros da imprensa poderiam tomar para se protegerem e enfrentarem os ataques. Algumas destas medidas s\u00e3o se reorganizarem, trabalharem de modo colaborativo e se filiarem sindicalmente.<\/span><\/p>\n<div id=\"attachment_84349\" style=\"width: 460px\" class=\"wp-caption alignleft\"><img loading=\"lazy\" decoding=\"async\" aria-describedby=\"caption-attachment-84349\" id=\"longdesc-return-84349\" class=\"wp-image-84349\" tabindex=\"-1\" src=\"https:\/\/latamjournalismreview.org\/wp-content\/uploads\/2024\/02\/Pandillas.png\" alt=\"Military elements arresting three shirtless men.\" width=\"450\" height=\"248\" longdesc=\"https:\/\/latamjournalismreview.org?longdesc=84349&amp;referrer=84338\" srcset=\"https:\/\/latamjournalismreview.org\/wp-content\/uploads\/2024\/02\/Pandillas.png 2874w, https:\/\/latamjournalismreview.org\/wp-content\/uploads\/2024\/02\/Pandillas-300x165.png 300w, https:\/\/latamjournalismreview.org\/wp-content\/uploads\/2024\/02\/Pandillas-1024x564.png 1024w, https:\/\/latamjournalismreview.org\/wp-content\/uploads\/2024\/02\/Pandillas-768x423.png 768w, https:\/\/latamjournalismreview.org\/wp-content\/uploads\/2024\/02\/Pandillas-1536x847.png 1536w, https:\/\/latamjournalismreview.org\/wp-content\/uploads\/2024\/02\/Pandillas-2048x1129.png 2048w\" sizes=\"auto, (max-width: 450px) 100vw, 450px\" \/><p id=\"caption-attachment-84349\" class=\"wp-caption-text\">O regime de exce\u00e7\u00e3o decretado por Bukele tem representado abusos de poder e maiores restri\u00e7\u00f5es ao exerc\u00edcio jornal\u00edstico, principalmente por parte de militares e agentes da Pol\u00edcia Nacional Civil (Foto: La Prensa Gr\u00e1fica Noticias de El Salvador, CC BY 3.0, via Wikimedia Commons)<\/p><\/div>\n<p><span style=\"font-weight: 400;\">\u201cA experi\u00eancia nos mostrou nos \u00faltimos meses que os exerc\u00edcios de jornalismo colaborativo t\u00eam um impacto muito maior, e isso \u00e9 algo que quem est\u00e1 no poder n\u00e3o gosta devido ao n\u00famero de pessoas que atinge\u201d, disse.<\/span><\/p>\n<p><span style=\"font-weight: 400;\">Canizalez concordou que aderir a sindicatos de jornalistas \u00e9 uma boa medida de prote\u00e7\u00e3o para os pequenos meios de comunica\u00e7\u00e3o independentes. Acrescentou ainda que manter registros de todos os casos de ataques, amea\u00e7as e ass\u00e9dio tamb\u00e9m \u00e9 uma boa pr\u00e1tica de prote\u00e7\u00e3o.<\/span><\/p>\n<p><span style=\"font-weight: 400;\">\u201cTem que haver uma s\u00e9rie de documenta\u00e7\u00e3o de fatos concretos que mostrem o que realmente est\u00e1 acontecendo\u201d, disse ele. \u201cTemos feito isso [na Revista Elementos]\u201d.<\/span><\/p>\n<p><span style=\"font-weight: 400;\">Continuar a contar com organiza\u00e7\u00f5es internacionais para proteger os jornalistas e tornar as viola\u00e7\u00f5es dos direitos humanos vis\u00edveis para a comunidade internacional s\u00e3o outras medidas recomendadas pela APES.<\/span><\/p>\n<p><span style=\"font-weight: 400;\">\u201cNos \u00faltimos meses, quem mais esteve na vanguarda da visibilidade da viola\u00e7\u00e3o dos direitos humanos e do questionamento atrav\u00e9s do trabalho jornal\u00edstico foi a imprensa\u201d, disse C\u00e1rcamo. \u201c\u00c9 como uma guerra e estamos na linha de frente. N\u00e3o temos mais aliados para isso. Uma imprensa independente que, diante do aparato de propaganda, est\u00e1 fazendo coisas interessantes, que obviamente n\u00e3o s\u00e3o confort\u00e1veis \u200b\u200bpara este tipo de figuras antidemocr\u00e1ticas\u201d.<\/span><\/p>\n","protected":false},"excerpt":{"rendered":"<p>Jornalistas de El Salvador e organiza\u00e7\u00f5es de defesa da liberdade de imprensa temem que, com a vit\u00f3ria esmagadora de Nayib Bukele na reelei\u00e7\u00e3o para a presid\u00eancia, o ass\u00e9dio contra jornalistas se agrave e reformas criminalizem o trabalho de informar no pa\u00eds.<\/p>\n","protected":false},"author":19,"featured_media":84348,"comment_status":"closed","ping_status":"closed","sticky":false,"template":"","format":"standard","meta":{"inline_featured_image":false,"footnotes":""},"categories":[1219],"tags":[1579,2473,1571],"coauthors":[2753],"class_list":["post-84459","post","type-post","status-publish","format-standard","has-post-thumbnail","hentry","category-liberdade-de-imprensa-pt-br","tag-assedio-pt-br","tag-autocensura","tag-el-salvador-pt-br"],"acf":[],"yoast_head":"<!-- This site is optimized with the Yoast SEO Premium plugin v22.6 (Yoast SEO v27.4) - https:\/\/yoast.com\/product\/yoast-seo-premium-wordpress\/ -->\n<title>Jornalistas temem aumento da hostilidade contra a imprensa ap\u00f3s reelei\u00e7\u00e3o de Bukele em El Salvador - LatAm Journalism Review by the Knight Center<\/title>\n<meta name=\"description\" content=\"Jornalistas temem aumento da hostilidade contra a imprensa ap\u00f3s reelei\u00e7\u00e3o de Bukele em El Salvador Liberdade de imprensa Jornalistas e organiza\u00e7\u00f5es de imprensa de El Salvador temem repress\u00e3o e at\u00e9 pris\u00e3o ap\u00f3s reelei\u00e7\u00e3o de Nayib Bukele.\" \/>\n<meta name=\"robots\" content=\"index, follow, max-snippet:-1, max-image-preview:large, max-video-preview:-1\" \/>\n<link rel=\"canonical\" href=\"https:\/\/latamjournalismreview.org\/pt-br\/articles\/jornalistas-temem-aumento-da-hostilidade-contra-a-imprensa-apos-reeleicao-de-bukele-em-el-salvador\/\" \/>\n<meta property=\"og:locale\" content=\"pt_BR\" \/>\n<meta property=\"og:type\" content=\"article\" \/>\n<meta property=\"og:title\" content=\"Jornalistas temem aumento da hostilidade contra a imprensa ap\u00f3s reelei\u00e7\u00e3o de Bukele em El Salvador\" \/>\n<meta property=\"og:description\" content=\"Jornalistas temem aumento da hostilidade contra a imprensa ap\u00f3s reelei\u00e7\u00e3o de Bukele em El Salvador Liberdade de imprensa Jornalistas e organiza\u00e7\u00f5es de imprensa de El Salvador temem repress\u00e3o e at\u00e9 pris\u00e3o ap\u00f3s reelei\u00e7\u00e3o de Nayib Bukele.\" \/>\n<meta property=\"og:url\" content=\"https:\/\/latamjournalismreview.org\/pt-br\/articles\/jornalistas-temem-aumento-da-hostilidade-contra-a-imprensa-apos-reeleicao-de-bukele-em-el-salvador\/\" \/>\n<meta property=\"og:site_name\" content=\"LatAm Journalism Review by the Knight Center\" \/>\n<meta property=\"article:published_time\" content=\"2024-02-14T19:27:22+00:00\" \/>\n<meta property=\"og:image\" content=\"https:\/\/latamjournalismreview.org\/wp-content\/uploads\/2024\/02\/FEATURED-El-Salvador.png\" \/>\n\t<meta property=\"og:image:width\" content=\"507\" \/>\n\t<meta property=\"og:image:height\" content=\"340\" \/>\n\t<meta property=\"og:image:type\" content=\"image\/png\" \/>\n<meta name=\"author\" content=\"C\u00e9sar L\u00f3pez Linares\" \/>\n<meta name=\"twitter:card\" content=\"summary_large_image\" \/>\n<meta name=\"twitter:creator\" content=\"@cesarisch\" \/>\n<meta name=\"twitter:site\" content=\"@LatAmJournalism\" \/>\n<meta name=\"twitter:label1\" content=\"Written by\" \/>\n\t<meta name=\"twitter:data1\" content=\"C\u00e9sar L\u00f3pez Linares\" \/>\n\t<meta name=\"twitter:label2\" content=\"Est. reading time\" \/>\n\t<meta name=\"twitter:data2\" content=\"10 minutos\" \/>\n<script type=\"application\/ld+json\" class=\"yoast-schema-graph\">{\"@context\":\"https:\\\/\\\/schema.org\",\"@graph\":[{\"@type\":\"Article\",\"@id\":\"https:\\\/\\\/latamjournalismreview.org\\\/pt-br\\\/articles\\\/jornalistas-temem-aumento-da-hostilidade-contra-a-imprensa-apos-reeleicao-de-bukele-em-el-salvador\\\/#article\",\"isPartOf\":{\"@id\":\"https:\\\/\\\/latamjournalismreview.org\\\/pt-br\\\/articles\\\/jornalistas-temem-aumento-da-hostilidade-contra-a-imprensa-apos-reeleicao-de-bukele-em-el-salvador\\\/\"},\"author\":{\"name\":\"C\u00e9sar L\u00f3pez Linares\",\"@id\":\"https:\\\/\\\/latamjournalismreview.org\\\/pt-br\\\/#\\\/schema\\\/person\\\/dcf6dcdd6226ac8d939e2796645d17c6\"},\"headline\":\"Jornalistas temem aumento da hostilidade contra a imprensa ap\u00f3s reelei\u00e7\u00e3o de Bukele em El Salvador\",\"datePublished\":\"2024-02-14T19:27:22+00:00\",\"mainEntityOfPage\":{\"@id\":\"https:\\\/\\\/latamjournalismreview.org\\\/pt-br\\\/articles\\\/jornalistas-temem-aumento-da-hostilidade-contra-a-imprensa-apos-reeleicao-de-bukele-em-el-salvador\\\/\"},\"wordCount\":2038,\"publisher\":{\"@id\":\"https:\\\/\\\/latamjournalismreview.org\\\/pt-br\\\/#organization\"},\"image\":{\"@id\":\"https:\\\/\\\/latamjournalismreview.org\\\/pt-br\\\/articles\\\/jornalistas-temem-aumento-da-hostilidade-contra-a-imprensa-apos-reeleicao-de-bukele-em-el-salvador\\\/#primaryimage\"},\"thumbnailUrl\":\"https:\\\/\\\/latamjournalismreview.org\\\/wp-content\\\/uploads\\\/2024\\\/02\\\/FEATURED-El-Salvador.png\",\"keywords\":[\"Ass\u00e9dio\",\"Autocensura\",\"El Salvador\"],\"articleSection\":[\"Liberdade de imprensa\"],\"inLanguage\":\"pt-BR\"},{\"@type\":\"WebPage\",\"@id\":\"https:\\\/\\\/latamjournalismreview.org\\\/pt-br\\\/articles\\\/jornalistas-temem-aumento-da-hostilidade-contra-a-imprensa-apos-reeleicao-de-bukele-em-el-salvador\\\/\",\"url\":\"https:\\\/\\\/latamjournalismreview.org\\\/pt-br\\\/articles\\\/jornalistas-temem-aumento-da-hostilidade-contra-a-imprensa-apos-reeleicao-de-bukele-em-el-salvador\\\/\",\"name\":\"Jornalistas temem aumento da hostilidade contra a imprensa ap\u00f3s reelei\u00e7\u00e3o de Bukele em El Salvador - LatAm Journalism Review by the Knight Center\",\"isPartOf\":{\"@id\":\"https:\\\/\\\/latamjournalismreview.org\\\/pt-br\\\/#website\"},\"primaryImageOfPage\":{\"@id\":\"https:\\\/\\\/latamjournalismreview.org\\\/pt-br\\\/articles\\\/jornalistas-temem-aumento-da-hostilidade-contra-a-imprensa-apos-reeleicao-de-bukele-em-el-salvador\\\/#primaryimage\"},\"image\":{\"@id\":\"https:\\\/\\\/latamjournalismreview.org\\\/pt-br\\\/articles\\\/jornalistas-temem-aumento-da-hostilidade-contra-a-imprensa-apos-reeleicao-de-bukele-em-el-salvador\\\/#primaryimage\"},\"thumbnailUrl\":\"https:\\\/\\\/latamjournalismreview.org\\\/wp-content\\\/uploads\\\/2024\\\/02\\\/FEATURED-El-Salvador.png\",\"datePublished\":\"2024-02-14T19:27:22+00:00\",\"description\":\"Jornalistas temem aumento da hostilidade contra a imprensa ap\u00f3s reelei\u00e7\u00e3o de Bukele em El Salvador Liberdade de imprensa Jornalistas e organiza\u00e7\u00f5es de imprensa de El Salvador temem repress\u00e3o e at\u00e9 pris\u00e3o ap\u00f3s reelei\u00e7\u00e3o de Nayib Bukele.\",\"breadcrumb\":{\"@id\":\"https:\\\/\\\/latamjournalismreview.org\\\/pt-br\\\/articles\\\/jornalistas-temem-aumento-da-hostilidade-contra-a-imprensa-apos-reeleicao-de-bukele-em-el-salvador\\\/#breadcrumb\"},\"inLanguage\":\"pt-BR\",\"potentialAction\":[{\"@type\":\"ReadAction\",\"target\":[\"https:\\\/\\\/latamjournalismreview.org\\\/pt-br\\\/articles\\\/jornalistas-temem-aumento-da-hostilidade-contra-a-imprensa-apos-reeleicao-de-bukele-em-el-salvador\\\/\"]}]},{\"@type\":\"ImageObject\",\"inLanguage\":\"pt-BR\",\"@id\":\"https:\\\/\\\/latamjournalismreview.org\\\/pt-br\\\/articles\\\/jornalistas-temem-aumento-da-hostilidade-contra-a-imprensa-apos-reeleicao-de-bukele-em-el-salvador\\\/#primaryimage\",\"url\":\"https:\\\/\\\/latamjournalismreview.org\\\/wp-content\\\/uploads\\\/2024\\\/02\\\/FEATURED-El-Salvador.png\",\"contentUrl\":\"https:\\\/\\\/latamjournalismreview.org\\\/wp-content\\\/uploads\\\/2024\\\/02\\\/FEATURED-El-Salvador.png\",\"width\":507,\"height\":340,\"caption\":\"Illustration depicting Salvadoran President Nayib Bukele holding a law book in front of several media microphones and a line of barbed wire, with the Salvadoran Presidential Palace as a background.\"},{\"@type\":\"BreadcrumbList\",\"@id\":\"https:\\\/\\\/latamjournalismreview.org\\\/pt-br\\\/articles\\\/jornalistas-temem-aumento-da-hostilidade-contra-a-imprensa-apos-reeleicao-de-bukele-em-el-salvador\\\/#breadcrumb\",\"itemListElement\":[{\"@type\":\"ListItem\",\"position\":1,\"name\":\"Home\",\"item\":\"https:\\\/\\\/latamjournalismreview.org\\\/pt-br\\\/\"},{\"@type\":\"ListItem\",\"position\":2,\"name\":\"Jornalistas temem aumento da hostilidade contra a imprensa ap\u00f3s reelei\u00e7\u00e3o de Bukele em El Salvador\"}]},{\"@type\":\"WebSite\",\"@id\":\"https:\\\/\\\/latamjournalismreview.org\\\/pt-br\\\/#website\",\"url\":\"https:\\\/\\\/latamjournalismreview.org\\\/pt-br\\\/\",\"name\":\"LatAm Journalism Review\",\"description\":\"Digital magazine on journalism in Latin America\",\"publisher\":{\"@id\":\"https:\\\/\\\/latamjournalismreview.org\\\/pt-br\\\/#organization\"},\"potentialAction\":[{\"@type\":\"SearchAction\",\"target\":{\"@type\":\"EntryPoint\",\"urlTemplate\":\"https:\\\/\\\/latamjournalismreview.org\\\/pt-br\\\/?s={search_term_string}\"},\"query-input\":{\"@type\":\"PropertyValueSpecification\",\"valueRequired\":true,\"valueName\":\"search_term_string\"}}],\"inLanguage\":\"pt-BR\"},{\"@type\":\"Organization\",\"@id\":\"https:\\\/\\\/latamjournalismreview.org\\\/pt-br\\\/#organization\",\"name\":\"LatAm Journalism Review\",\"url\":\"https:\\\/\\\/latamjournalismreview.org\\\/pt-br\\\/\",\"logo\":{\"@type\":\"ImageObject\",\"inLanguage\":\"pt-BR\",\"@id\":\"https:\\\/\\\/latamjournalismreview.org\\\/pt-br\\\/#\\\/schema\\\/logo\\\/image\\\/\",\"url\":\"https:\\\/\\\/latamjournalismreview.org\\\/wp-content\\\/uploads\\\/2020\\\/05\\\/knight-latAm-review-logo.svg\",\"contentUrl\":\"https:\\\/\\\/latamjournalismreview.org\\\/wp-content\\\/uploads\\\/2020\\\/05\\\/knight-latAm-review-logo.svg\",\"width\":\"1024\",\"height\":\"1024\",\"caption\":\"LatAm Journalism Review\"},\"image\":{\"@id\":\"https:\\\/\\\/latamjournalismreview.org\\\/pt-br\\\/#\\\/schema\\\/logo\\\/image\\\/\"},\"sameAs\":[\"https:\\\/\\\/x.com\\\/LatAmJournalism\"]},{\"@type\":\"Person\",\"@id\":\"https:\\\/\\\/latamjournalismreview.org\\\/pt-br\\\/#\\\/schema\\\/person\\\/dcf6dcdd6226ac8d939e2796645d17c6\",\"name\":\"C\u00e9sar L\u00f3pez Linares\",\"description\":\"C\u00e9sar L\u00f3pez Linares began his career at the Mexican newspaper REFORMA as an entertainment and media co-editor. He has written for publications such as TODO Austin, Texas Music Magazine and The Austin Chronicle. C\u00e9sar has a Master's degree in Journalism from the University of Texas at Austin and a Bachelors degree in Communication from the National Autonomous University of Mexico. He previously wrote about innovation in journalism for the Gabo Foundation in Colombia and currently reports for the Knight Center's LatAmJournalism Review digital magazine. A native of Mexico City, C\u00e9sar has become a digital nomad combining content creation with his passion for travel. ________ C\u00e9sar L\u00f3pez Linares inici\u00f3 su carrera en el diario mexicano REFORMA como coeditor de entretenimiento y medios. Ha escrito para publicaciones como TODO Austin, Texas Music Magazine y The Austin Chronicle. C\u00e9sar tiene una Maestr\u00eda en Periodismo de la Universidad de Texas en Austin y una Licenciatura en Comunicaci\u00f3n de la Universidad Nacional Aut\u00f3noma de M\u00e9xico. Previamente escribi\u00f3 sobre innovaci\u00f3n en periodismo para la Fundaci\u00f3n Gabo en Colombia y actualmente escribe para la revista digital LatAmJournalism Review del Centro Knight. Originario de la Ciudad de M\u00e9xico, C\u00e9sar se ha convertido en un n\u00f3mada digital que combina la creaci\u00f3n de contenido con su pasi\u00f3n por viajar. _________ C\u00e9sar L\u00f3pez Linares come\u00e7ou sua carreira no jornal mexicano REFORMA como coeditor de entretenimento e m\u00eddia. Ele escreveu para publica\u00e7\u00f5es como TODO Austin, Texas Music Magazine e The Austin Chronicle. C\u00e9sar tem mestrado em jornalismo pela University of Texas em Austin e \u00e9 bacharel em comunica\u00e7\u00e3o pela Universidad Nacional Aut\u00f3noma de M\u00e9xico. Antes disso, ele escreveu sobre inova\u00e7\u00e3o no jornalismo para a Funda\u00e7\u00e3o Gabo na Col\u00f4mbia. Atualmente escreve para a revista digital LatAmJournalism Review do Centro Knight. Nascido na Cidade do M\u00e9xico, C\u00e9sar se tornou um n\u00f4made digital combinando a cria\u00e7\u00e3o de conte\u00fado com sua paix\u00e3o por viagens.\",\"sameAs\":[\"https:\\\/\\\/x.com\\\/cesarisch\"],\"url\":\"https:\\\/\\\/latamjournalismreview.org\\\/pt-br\\\/articles\\\/author\\\/cesar-lopez-linares\\\/\"}]}<\/script>\n<!-- \/ Yoast SEO Premium plugin. -->","yoast_head_json":{"title":"Jornalistas temem aumento da hostilidade contra a imprensa ap\u00f3s reelei\u00e7\u00e3o de Bukele em El Salvador - LatAm Journalism Review by the Knight Center","description":"Jornalistas temem aumento da hostilidade contra a imprensa ap\u00f3s reelei\u00e7\u00e3o de Bukele em El Salvador Liberdade de imprensa Jornalistas e organiza\u00e7\u00f5es de imprensa de El Salvador temem repress\u00e3o e at\u00e9 pris\u00e3o ap\u00f3s reelei\u00e7\u00e3o de Nayib Bukele.","robots":{"index":"index","follow":"follow","max-snippet":"max-snippet:-1","max-image-preview":"max-image-preview:large","max-video-preview":"max-video-preview:-1"},"canonical":"https:\/\/latamjournalismreview.org\/pt-br\/articles\/jornalistas-temem-aumento-da-hostilidade-contra-a-imprensa-apos-reeleicao-de-bukele-em-el-salvador\/","og_locale":"pt_BR","og_type":"article","og_title":"Jornalistas temem aumento da hostilidade contra a imprensa ap\u00f3s reelei\u00e7\u00e3o de Bukele em El Salvador","og_description":"Jornalistas temem aumento da hostilidade contra a imprensa ap\u00f3s reelei\u00e7\u00e3o de Bukele em El Salvador Liberdade de imprensa Jornalistas e organiza\u00e7\u00f5es de imprensa de El Salvador temem repress\u00e3o e at\u00e9 pris\u00e3o ap\u00f3s reelei\u00e7\u00e3o de Nayib Bukele.","og_url":"https:\/\/latamjournalismreview.org\/pt-br\/articles\/jornalistas-temem-aumento-da-hostilidade-contra-a-imprensa-apos-reeleicao-de-bukele-em-el-salvador\/","og_site_name":"LatAm Journalism Review by the Knight Center","article_published_time":"2024-02-14T19:27:22+00:00","og_image":[{"width":507,"height":340,"url":"https:\/\/latamjournalismreview.org\/wp-content\/uploads\/2024\/02\/FEATURED-El-Salvador.png","type":"image\/png"}],"author":"C\u00e9sar L\u00f3pez Linares","twitter_card":"summary_large_image","twitter_creator":"@cesarisch","twitter_site":"@LatAmJournalism","twitter_misc":{"Written by":"C\u00e9sar L\u00f3pez Linares","Est. reading time":"10 minutos"},"schema":{"@context":"https:\/\/schema.org","@graph":[{"@type":"Article","@id":"https:\/\/latamjournalismreview.org\/pt-br\/articles\/jornalistas-temem-aumento-da-hostilidade-contra-a-imprensa-apos-reeleicao-de-bukele-em-el-salvador\/#article","isPartOf":{"@id":"https:\/\/latamjournalismreview.org\/pt-br\/articles\/jornalistas-temem-aumento-da-hostilidade-contra-a-imprensa-apos-reeleicao-de-bukele-em-el-salvador\/"},"author":{"name":"C\u00e9sar L\u00f3pez Linares","@id":"https:\/\/latamjournalismreview.org\/pt-br\/#\/schema\/person\/dcf6dcdd6226ac8d939e2796645d17c6"},"headline":"Jornalistas temem aumento da hostilidade contra a imprensa ap\u00f3s reelei\u00e7\u00e3o de Bukele em El Salvador","datePublished":"2024-02-14T19:27:22+00:00","mainEntityOfPage":{"@id":"https:\/\/latamjournalismreview.org\/pt-br\/articles\/jornalistas-temem-aumento-da-hostilidade-contra-a-imprensa-apos-reeleicao-de-bukele-em-el-salvador\/"},"wordCount":2038,"publisher":{"@id":"https:\/\/latamjournalismreview.org\/pt-br\/#organization"},"image":{"@id":"https:\/\/latamjournalismreview.org\/pt-br\/articles\/jornalistas-temem-aumento-da-hostilidade-contra-a-imprensa-apos-reeleicao-de-bukele-em-el-salvador\/#primaryimage"},"thumbnailUrl":"https:\/\/latamjournalismreview.org\/wp-content\/uploads\/2024\/02\/FEATURED-El-Salvador.png","keywords":["Ass\u00e9dio","Autocensura","El Salvador"],"articleSection":["Liberdade de imprensa"],"inLanguage":"pt-BR"},{"@type":"WebPage","@id":"https:\/\/latamjournalismreview.org\/pt-br\/articles\/jornalistas-temem-aumento-da-hostilidade-contra-a-imprensa-apos-reeleicao-de-bukele-em-el-salvador\/","url":"https:\/\/latamjournalismreview.org\/pt-br\/articles\/jornalistas-temem-aumento-da-hostilidade-contra-a-imprensa-apos-reeleicao-de-bukele-em-el-salvador\/","name":"Jornalistas temem aumento da hostilidade contra a imprensa ap\u00f3s reelei\u00e7\u00e3o de Bukele em El Salvador - LatAm Journalism Review by the Knight Center","isPartOf":{"@id":"https:\/\/latamjournalismreview.org\/pt-br\/#website"},"primaryImageOfPage":{"@id":"https:\/\/latamjournalismreview.org\/pt-br\/articles\/jornalistas-temem-aumento-da-hostilidade-contra-a-imprensa-apos-reeleicao-de-bukele-em-el-salvador\/#primaryimage"},"image":{"@id":"https:\/\/latamjournalismreview.org\/pt-br\/articles\/jornalistas-temem-aumento-da-hostilidade-contra-a-imprensa-apos-reeleicao-de-bukele-em-el-salvador\/#primaryimage"},"thumbnailUrl":"https:\/\/latamjournalismreview.org\/wp-content\/uploads\/2024\/02\/FEATURED-El-Salvador.png","datePublished":"2024-02-14T19:27:22+00:00","description":"Jornalistas temem aumento da hostilidade contra a imprensa ap\u00f3s reelei\u00e7\u00e3o de Bukele em El Salvador Liberdade de imprensa Jornalistas e organiza\u00e7\u00f5es de imprensa de El Salvador temem repress\u00e3o e at\u00e9 pris\u00e3o ap\u00f3s reelei\u00e7\u00e3o de Nayib Bukele.","breadcrumb":{"@id":"https:\/\/latamjournalismreview.org\/pt-br\/articles\/jornalistas-temem-aumento-da-hostilidade-contra-a-imprensa-apos-reeleicao-de-bukele-em-el-salvador\/#breadcrumb"},"inLanguage":"pt-BR","potentialAction":[{"@type":"ReadAction","target":["https:\/\/latamjournalismreview.org\/pt-br\/articles\/jornalistas-temem-aumento-da-hostilidade-contra-a-imprensa-apos-reeleicao-de-bukele-em-el-salvador\/"]}]},{"@type":"ImageObject","inLanguage":"pt-BR","@id":"https:\/\/latamjournalismreview.org\/pt-br\/articles\/jornalistas-temem-aumento-da-hostilidade-contra-a-imprensa-apos-reeleicao-de-bukele-em-el-salvador\/#primaryimage","url":"https:\/\/latamjournalismreview.org\/wp-content\/uploads\/2024\/02\/FEATURED-El-Salvador.png","contentUrl":"https:\/\/latamjournalismreview.org\/wp-content\/uploads\/2024\/02\/FEATURED-El-Salvador.png","width":507,"height":340,"caption":"Illustration depicting Salvadoran President Nayib Bukele holding a law book in front of several media microphones and a line of barbed wire, with the Salvadoran Presidential Palace as a background."},{"@type":"BreadcrumbList","@id":"https:\/\/latamjournalismreview.org\/pt-br\/articles\/jornalistas-temem-aumento-da-hostilidade-contra-a-imprensa-apos-reeleicao-de-bukele-em-el-salvador\/#breadcrumb","itemListElement":[{"@type":"ListItem","position":1,"name":"Home","item":"https:\/\/latamjournalismreview.org\/pt-br\/"},{"@type":"ListItem","position":2,"name":"Jornalistas temem aumento da hostilidade contra a imprensa ap\u00f3s reelei\u00e7\u00e3o de Bukele em El Salvador"}]},{"@type":"WebSite","@id":"https:\/\/latamjournalismreview.org\/pt-br\/#website","url":"https:\/\/latamjournalismreview.org\/pt-br\/","name":"LatAm Journalism Review","description":"Digital magazine on journalism in Latin America","publisher":{"@id":"https:\/\/latamjournalismreview.org\/pt-br\/#organization"},"potentialAction":[{"@type":"SearchAction","target":{"@type":"EntryPoint","urlTemplate":"https:\/\/latamjournalismreview.org\/pt-br\/?s={search_term_string}"},"query-input":{"@type":"PropertyValueSpecification","valueRequired":true,"valueName":"search_term_string"}}],"inLanguage":"pt-BR"},{"@type":"Organization","@id":"https:\/\/latamjournalismreview.org\/pt-br\/#organization","name":"LatAm Journalism Review","url":"https:\/\/latamjournalismreview.org\/pt-br\/","logo":{"@type":"ImageObject","inLanguage":"pt-BR","@id":"https:\/\/latamjournalismreview.org\/pt-br\/#\/schema\/logo\/image\/","url":"https:\/\/latamjournalismreview.org\/wp-content\/uploads\/2020\/05\/knight-latAm-review-logo.svg","contentUrl":"https:\/\/latamjournalismreview.org\/wp-content\/uploads\/2020\/05\/knight-latAm-review-logo.svg","width":"1024","height":"1024","caption":"LatAm Journalism Review"},"image":{"@id":"https:\/\/latamjournalismreview.org\/pt-br\/#\/schema\/logo\/image\/"},"sameAs":["https:\/\/x.com\/LatAmJournalism"]},{"@type":"Person","@id":"https:\/\/latamjournalismreview.org\/pt-br\/#\/schema\/person\/dcf6dcdd6226ac8d939e2796645d17c6","name":"C\u00e9sar L\u00f3pez Linares","description":"C\u00e9sar L\u00f3pez Linares began his career at the Mexican newspaper REFORMA as an entertainment and media co-editor. He has written for publications such as TODO Austin, Texas Music Magazine and The Austin Chronicle. C\u00e9sar has a Master's degree in Journalism from the University of Texas at Austin and a Bachelors degree in Communication from the National Autonomous University of Mexico. He previously wrote about innovation in journalism for the Gabo Foundation in Colombia and currently reports for the Knight Center's LatAmJournalism Review digital magazine. A native of Mexico City, C\u00e9sar has become a digital nomad combining content creation with his passion for travel. ________ C\u00e9sar L\u00f3pez Linares inici\u00f3 su carrera en el diario mexicano REFORMA como coeditor de entretenimiento y medios. Ha escrito para publicaciones como TODO Austin, Texas Music Magazine y The Austin Chronicle. C\u00e9sar tiene una Maestr\u00eda en Periodismo de la Universidad de Texas en Austin y una Licenciatura en Comunicaci\u00f3n de la Universidad Nacional Aut\u00f3noma de M\u00e9xico. Previamente escribi\u00f3 sobre innovaci\u00f3n en periodismo para la Fundaci\u00f3n Gabo en Colombia y actualmente escribe para la revista digital LatAmJournalism Review del Centro Knight. Originario de la Ciudad de M\u00e9xico, C\u00e9sar se ha convertido en un n\u00f3mada digital que combina la creaci\u00f3n de contenido con su pasi\u00f3n por viajar. _________ C\u00e9sar L\u00f3pez Linares come\u00e7ou sua carreira no jornal mexicano REFORMA como coeditor de entretenimento e m\u00eddia. Ele escreveu para publica\u00e7\u00f5es como TODO Austin, Texas Music Magazine e The Austin Chronicle. C\u00e9sar tem mestrado em jornalismo pela University of Texas em Austin e \u00e9 bacharel em comunica\u00e7\u00e3o pela Universidad Nacional Aut\u00f3noma de M\u00e9xico. Antes disso, ele escreveu sobre inova\u00e7\u00e3o no jornalismo para a Funda\u00e7\u00e3o Gabo na Col\u00f4mbia. Atualmente escreve para a revista digital LatAmJournalism Review do Centro Knight. Nascido na Cidade do M\u00e9xico, C\u00e9sar se tornou um n\u00f4made digital combinando a cria\u00e7\u00e3o de conte\u00fado com sua paix\u00e3o por viagens.","sameAs":["https:\/\/x.com\/cesarisch"],"url":"https:\/\/latamjournalismreview.org\/pt-br\/articles\/author\/cesar-lopez-linares\/"}]}},"_links":{"self":[{"href":"https:\/\/latamjournalismreview.org\/pt-br\/wp-json\/wp\/v2\/posts\/84459","targetHints":{"allow":["GET"]}}],"collection":[{"href":"https:\/\/latamjournalismreview.org\/pt-br\/wp-json\/wp\/v2\/posts"}],"about":[{"href":"https:\/\/latamjournalismreview.org\/pt-br\/wp-json\/wp\/v2\/types\/post"}],"author":[{"embeddable":true,"href":"https:\/\/latamjournalismreview.org\/pt-br\/wp-json\/wp\/v2\/users\/19"}],"replies":[{"embeddable":true,"href":"https:\/\/latamjournalismreview.org\/pt-br\/wp-json\/wp\/v2\/comments?post=84459"}],"version-history":[{"count":1,"href":"https:\/\/latamjournalismreview.org\/pt-br\/wp-json\/wp\/v2\/posts\/84459\/revisions"}],"predecessor-version":[{"id":84461,"href":"https:\/\/latamjournalismreview.org\/pt-br\/wp-json\/wp\/v2\/posts\/84459\/revisions\/84461"}],"wp:featuredmedia":[{"embeddable":true,"href":"https:\/\/latamjournalismreview.org\/pt-br\/wp-json\/wp\/v2\/media\/84348"}],"wp:attachment":[{"href":"https:\/\/latamjournalismreview.org\/pt-br\/wp-json\/wp\/v2\/media?parent=84459"}],"wp:term":[{"taxonomy":"category","embeddable":true,"href":"https:\/\/latamjournalismreview.org\/pt-br\/wp-json\/wp\/v2\/categories?post=84459"},{"taxonomy":"post_tag","embeddable":true,"href":"https:\/\/latamjournalismreview.org\/pt-br\/wp-json\/wp\/v2\/tags?post=84459"},{"taxonomy":"author","embeddable":true,"href":"https:\/\/latamjournalismreview.org\/pt-br\/wp-json\/wp\/v2\/coauthors?post=84459"}],"curies":[{"name":"wp","href":"https:\/\/api.w.org\/{rel}","templated":true}]}}