{"id":8498,"date":"2018-11-14T19:54:49","date_gmt":"2018-11-15T00:54:49","guid":{"rendered":"https:\/\/live-lajr.pantheonsite.io\/articles\/jornalista-salvadorenho-pode-ser-deportado-dos-eua-apos-conselho-negar-sua-apelacao\/"},"modified":"2020-07-09T18:17:32","modified_gmt":"2020-07-09T23:17:32","slug":"jornalista-salvadorenho-pode-ser-deportado-dos-eua-apos-conselho-negar-sua-apelacao","status":"publish","type":"post","link":"https:\/\/latamjournalismreview.org\/pt-br\/articles\/jornalista-salvadorenho-pode-ser-deportado-dos-eua-apos-conselho-negar-sua-apelacao\/","title":{"rendered":"Jornalista salvadorenho pode ser deportado dos EUA ap\u00f3s conselho negar sua apela\u00e7\u00e3o"},"content":{"rendered":"<p>Um jornalista salvadorenho que foi detido e preso pela imigra\u00e7\u00e3o dos EUA\u00a0enquanto cobria um protesto sobre imigra\u00e7\u00e3o pode agora enfrentar deporta\u00e7\u00e3o ap\u00f3s uma recusa do Conselho de Apela\u00e7\u00e3o de Imigra\u00e7\u00e3o (BIA, na sigla em ingl\u00eas).<\/p>\n<p>\u201cQuero dizer que agora minha situa\u00e7\u00e3o \u00e9 de perigo de deporta\u00e7\u00e3o para o meu pa\u00eds, quando sei perfeitamente que n\u00e3o posso voltar ao meu pa\u00eds. Tenho dito isso at\u00e9 a exaust\u00e3o e meus advogados disseram at\u00e9 a exaust\u00e3o, que h\u00e1 perigo se eu retornar ao meu pa\u00eds. Eu n\u00e3o posso\u00a0voltar\u201d, disse Manuel Dur\u00e1n Ortega a\u00a0rep\u00f3rteres em 13 de novembro, durante uma teleconfer\u00eancia da deten\u00e7\u00e3o no\u00a0<a style=\"font-size: 1em;\" href=\"https:\/\/www.ice.gov\/detention-facility\/lasalle-ice-processing-center\">Centro de Processamento La Salle<\/a><span style=\"font-size: 1em;\">.<\/span><\/p>\n<div style=\"width: 250px; font-size: 80%; text-align: left; float: right; padding-left: 10px; padding-right: 10px;\">\n<div style=\"width: 349px\" class=\"wp-caption alignnone\"><img loading=\"lazy\" decoding=\"async\" style=\"width: 250px;\" src=\"https:\/\/farm5.staticflickr.com\/4907\/32012897618_25f435094a_o.jpg\" alt=\"Manuel Dur\u00e1n\" width=\"339\" height=\"339\" \/><p class=\"wp-caption-text\">Manuel Dur\u00e1n (Facebook)<\/p><\/div>\n<\/div>\n<p>\u201cA partir do momento em que sa\u00ed do meu pa\u00eds, devido a persegui\u00e7\u00e3o, amea\u00e7as e ao\u00a0trabalho que desenvolvia como jornalista, sa\u00ed pensando, e acreditei com certeza, que os Estados Unidos eram o pa\u00eds certo para poder desenvolver minha profiss\u00e3o, por ser um pa\u00eds que respeitava o direito \u00e0 informa\u00e7\u00e3o, a liberdade de imprensa, e eu iria me sentir bem e apoiado fazendo meu trabalho aqui\u201d.<\/p>\n<p>Dur\u00e1n, propriet\u00e1rio e jornalista do site de not\u00edcias em espanhol Memphis Noticias, do Tennessee, fugiu de El Salvador em 2006 devido a <a href=\"http:\/\/rsf.org\/en\/news\/us-reporter-held-immigration-detention-center-one-month\" target=\"_blank\" rel=\"noopener noreferrer\">amea\u00e7as de morte<\/a>, segundo a organiza\u00e7\u00e3o Rep\u00f3rteres Sem Fronteiras (RSF).<\/p>\n<p>Em 3 de abril de 2018, ele foi <a href=\"http:\/\/Em 3 de abril de 2018, ele foi preso enquanto cobria um protesto contra as pol\u00edticas de imigra\u00e7\u00e3o dos EUA. O jornalista foi acusado de conduta desordeira e obstru\u00e7\u00e3o de uma rodovia, mas depois foram retirados e seu caso foi arquivado.\" target=\"_blank\" rel=\"noopener noreferrer\">preso enquanto cobria um protesto contra as pol\u00edticas de imigra\u00e7\u00e3o dos EUA<\/a>. O jornalista foi acusado de conduta desordeira e obstru\u00e7\u00e3o de uma rodovia, mas as acusa\u00e7\u00f5es depois foram retiradas e seu caso foi arquivado.<\/p>\n<p>No entanto, Dur\u00e1n foi entregue ao Departamento de Imigra\u00e7\u00e3o e Alf\u00e2ndega dos EUA (ICE, na sigla em ingl\u00eas) em 5 de abril. Ele est\u00e1 detido desde ent\u00e3o.<\/p>\n<p>O Southern Poverty Law Center (SPLC), que representa Dur\u00e1n junto com a organiza\u00e7\u00e3o Latino Memphis, disse que ele foi detido pelo ICE \u201c<a href=\"https:\/\/www.splcenter.org\/news\/2018\/04\/15\/splc-seeks-release-journalist-manuel-duran-whose-coverage-criticized-ice\">em retalia\u00e7\u00e3o por cobrir quest\u00f5es controversas relacionadas \u00e0 aplica\u00e7\u00e3o da lei no\u00a0Tennessee<\/a>.\u201d<\/p>\n<p>O SPLC disse que Dur\u00e1n reportou anteriormente sobre a pol\u00edcia local e o ICE e escreveu artigos cr\u00edticos sobre o sistema de deten\u00e7\u00e3o de imigra\u00e7\u00e3o.<\/p>\n<p>\"O caso de Manuel \u00e9 parte de um padr\u00e3o perturbador de\u00a0retalia\u00e7\u00e3o da ICE contra aqueles que falam sobre suas pol\u00edticas e pr\u00e1ticas\", disse Michelle Lapointe, advogada supervisora s\u00eanior\u00a0da organiza\u00e7\u00e3o, em uma teleconfer\u00eancia com rep\u00f3rteres.<\/p>\n<p>\u201cDurante esses sete meses e meio n\u00e3o foi f\u00e1cil viver essa experi\u00eancia, segundo a segundo, minuto a minuto, hora a hora, dia ap\u00f3s dia, semana ap\u00f3s semana, m\u00eas a m\u00eas. N\u00e3o foi f\u00e1cil\u201d, disse Dur\u00e1n. \u201cDesde o momento da minha pris\u00e3o, vejo a situa\u00e7\u00e3o e percebo que, ao fazer meu trabalho, estou passando por uma situa\u00e7\u00e3o muito dif\u00edcil, no entanto, sei que estou fazendo a coisa certa o tempo todo.\u201d<\/p>\n<p>Ele enfatizou que era dif\u00edcil ficar longe da comunidade que ele servia.<\/p>\n<p>Dur\u00e1n contou\u00a0a rep\u00f3rteres sobre a experi\u00eancia\u00a0da\u00a0deten\u00e7\u00e3o\u00a0que, segundo ele, incluiu uma transfer\u00eancia \"acorrentada como um criminoso\", comida ruim, condi\u00e7\u00f5es anti-higi\u00eanicas e quartos muito frios.<\/p>\n<p>Na Pine Prairie, na Louisiana, por exemplo, ele disse que n\u00e3o teve\u00a0papel higi\u00eanico por duas semanas.<\/p>\n<p>Bryan D. Cox, porta-voz da ICE, disse que \"todas as instala\u00e7\u00f5es de deten\u00e7\u00e3o da ICE est\u00e3o sujeitas a inspe\u00e7\u00f5es regulares, anunciadas e surpresas, e que o Centro de Processamento LaSalle da ICE sempre\u00a0operou\u00a0em conformidade com as rigorosas Normas de Deten\u00e7\u00e3o Nacional da ICE\".<\/p>\n<p>Ele acrescentou que h\u00e1 v\u00e1rios n\u00edveis de supervis\u00e3o para garantir ambientes seguros e humanos.<\/p>\n<p>Em abril, advogados de Dur\u00e1n entraram com uma peti\u00e7\u00e3o de habeas corpus, mas o Tribunal Distrital dos EUA do Distrito Ocidental da Louisiana negou a peti\u00e7\u00e3o em setembro.<\/p>\n<p>Eles tamb\u00e9m entraram com uma mo\u00e7\u00e3o para reabrir o processo com um tribunal de imigra\u00e7\u00e3o em Atlanta, Ge\u00f3rgia, disse Lapointe. Segundo a\u00a0advogada, em 2007, um tribunal de imigra\u00e7\u00e3o na Ge\u00f3rgia ordenou a remo\u00e7\u00e3o de Dur\u00e1n dos EUA. A\u00a0advogada\u00a0disse que queria reabrir o processo para que Dur\u00e1n pudesse pedir asilo, com base no fato de nunca ter recebido notifica\u00e7\u00e3o da audi\u00eancia de remo\u00e7\u00e3o em 2007,\u00a0e que as condi\u00e7\u00f5es para os jornalistas em El Salvador pioraram, acrescentou ela. Um juiz de imigra\u00e7\u00e3o negou a mo\u00e7\u00e3o.<\/p>\n<p>Eles apelaram para o BIA e receberam uma <a href=\"http:\/\/knightcenter.utexas.edu\/blog\/00-19727-emergency-deportation-suspended-salvadoran-journalist-detained-ice-two-months-ago-us\" target=\"_blank\" rel=\"noopener noreferrer\">suspens\u00e3o da\u00a0remo\u00e7\u00e3o do pa\u00eds em maio<\/a>, enquanto o conselho analisava o caso de Dur\u00e1n, explicou Lapointe. Organiza\u00e7\u00f5es da imprensa apresentaram \u00e0 corte um documento destacando as condi\u00e7\u00f5es para os jornalistas em El Salvador e os direitos da Primeira Emenda de Dur\u00e1n e seus leitores, de acordo com a advogada. Esse recurso <a href=\"http:\/\/www.commercialappeal.com\/story\/news\/2018\/11\/05\/manuel-duran-journalist-memphis-arrest-deportation\/1894775002\/\" target=\"_blank\" rel=\"noopener noreferrer\">foi negado<\/a> em 17 de outubro.<\/p>\n<p>Em 30 de outubro, eles entraram com uma peti\u00e7\u00e3o de revis\u00e3o no Tribunal de Apela\u00e7\u00f5es dos EUA para o D\u00e9cimo Primeiro Circuito, bem como uma mo\u00e7\u00e3o para\u00a0suspender\u00a0a deporta\u00e7\u00e3o, disse Lapointe. Essa a\u00e7\u00e3o est\u00e1 pendente.<\/p>\n<p>O objetivo final \u00e9 que o caso seja reaberto para que Dur\u00e1n possa solicitar asilo por meio de tribunais de imigra\u00e7\u00e3o, segundo a\u00a0advogada.<\/p>\n<p>Neste momento, a preocupa\u00e7\u00e3o \u00e9 a poss\u00edvel deporta\u00e7\u00e3o de Dur\u00e1n. Lapointe disse que eles esperam que a remo\u00e7\u00e3o de Dur\u00e1n \u201cocorra muito rapidamente\u201d; poderia acontecer dentro das pr\u00f3ximas duas semanas se o D\u00e9cimo Primeiro Circuito n\u00e3o emitir uma permiss\u00e3o de estadia. Ela explicou que, em maio, Dur\u00e1n foi transferido para uma instala\u00e7\u00e3o tempor\u00e1ria em Alexandria, Louisiana, e houve uma tentativa de deport\u00e1-lo, mas eles receberam uma permiss\u00e3o de estadia da BIA.<\/p>\n<p>Dur\u00e1n ainda est\u00e1 trabalhando enquanto est\u00e1 na deten\u00e7\u00e3o em Jena, Louisiana. Durante a teleconfer\u00eancia, ele contou aos jornalistas a respeito\u00a0das pessoas sobre cujas hist\u00f3rias ele espera poder escrever sobre um dia.<\/p>\n<p>O jornalista disse que veio para os EUA para contribuir.<\/p>\n<p>\"Eu n\u00e3o me considero uma pessoa que veio para c\u00e1, para este pa\u00eds, para subtrair\", disse ele. \"Pelo contr\u00e1rio, sinto que vim para acrescentar, para fazer grandes coisas para este pa\u00eds\".<\/p>\n<p>Dur\u00e1n n\u00e3o \u00e9 o \u00fanico jornalista da Am\u00e9rica Latina que fugiu para os EUA e est\u00e1 lutando contra a deporta\u00e7\u00e3o.<\/p>\n<p>O jornalista mexicano Emilio Guti\u00e9rrez Soto chegou aos EUA em 2008 depois de dizer que foi amea\u00e7ado de morte por\u00a0militares. Ele recentemente <a href=\"http:\/\/knightcenter.utexas.edu\/blog\/00-20277-i-must-implore-you-my-life-mexican-journalist-pleads-case-judge-he-seeks-asylum-us\" target=\"_blank\" rel=\"noopener noreferrer\">defendeu seu caso para um juiz de imigra\u00e7\u00e3o do Texas<\/a> pela segunda vez e est\u00e1 aguardando uma decis\u00e3o.<\/p>\n","protected":false},"excerpt":{"rendered":"<p>Um jornalista salvadorenho que foi detido e preso pela imigra\u00e7\u00e3o dos EUA enquanto cobria um protesto sobre imigra\u00e7\u00e3o pode agora enfrentar deporta\u00e7\u00e3o ap\u00f3s uma recusa do Conselho de Apela\u00e7\u00e3o de Imigra\u00e7\u00e3o (BIA, na sigla em ingl\u00eas).<\/p>\n","protected":false},"author":3,"featured_media":8494,"comment_status":"closed","ping_status":"closed","sticky":false,"template":"","format":"standard","meta":{"inline_featured_image":false,"footnotes":""},"categories":[1221],"tags":[1379,1571],"coauthors":[],"class_list":["post-8498","post","type-post","status-publish","format-standard","has-post-thumbnail","hentry","category-violencia-contra-jornalistas-pt-br","tag-casos-judiciais-pt-br","tag-el-salvador-pt-br"],"acf":[],"yoast_head":"<!-- This site is optimized with the Yoast SEO Premium plugin v22.6 (Yoast SEO v27.4) - https:\/\/yoast.com\/product\/yoast-seo-premium-wordpress\/ -->\n<title>Jornalista salvadorenho pode ser deportado dos EUA ap\u00f3s conselho negar sua apela\u00e7\u00e3o - LatAm Journalism Review by the Knight Center<\/title>\n<meta name=\"description\" content=\"Jornalista salvadorenho pode ser deportado dos EUA ap\u00f3s conselho negar sua apela\u00e7\u00e3o Viol\u00eancia contra jornalistas. Latin American Journalism Review by The Knight Center at The University of Texas at Austin.\" \/>\n<meta name=\"robots\" content=\"index, follow, max-snippet:-1, max-image-preview:large, max-video-preview:-1\" \/>\n<link rel=\"canonical\" href=\"https:\/\/latamjournalismreview.org\/pt-br\/articles\/jornalista-salvadorenho-pode-ser-deportado-dos-eua-apos-conselho-negar-sua-apelacao\/\" \/>\n<meta property=\"og:locale\" content=\"pt_BR\" \/>\n<meta property=\"og:type\" content=\"article\" \/>\n<meta property=\"og:title\" content=\"Jornalista salvadorenho pode ser deportado dos EUA ap\u00f3s conselho negar sua apela\u00e7\u00e3o\" \/>\n<meta property=\"og:description\" content=\"Jornalista salvadorenho pode ser deportado dos EUA ap\u00f3s conselho negar sua apela\u00e7\u00e3o Viol\u00eancia contra jornalistas. Latin American Journalism Review by The Knight Center at The University of Texas at Austin.\" \/>\n<meta property=\"og:url\" content=\"https:\/\/latamjournalismreview.org\/pt-br\/articles\/jornalista-salvadorenho-pode-ser-deportado-dos-eua-apos-conselho-negar-sua-apelacao\/\" \/>\n<meta property=\"og:site_name\" content=\"LatAm Journalism Review by the Knight Center\" \/>\n<meta property=\"article:published_time\" content=\"2018-11-15T00:54:49+00:00\" \/>\n<meta property=\"article:modified_time\" content=\"2020-07-09T23:17:32+00:00\" \/>\n<meta property=\"og:image\" content=\"https:\/\/latamjournalismreview.org\/wp-content\/uploads\/2020\/07\/Manuel-Dur\u00e1n-Facebook-1.png\" \/>\n\t<meta property=\"og:image:width\" content=\"507\" \/>\n\t<meta property=\"og:image:height\" content=\"340\" \/>\n\t<meta property=\"og:image:type\" content=\"image\/png\" \/>\n<meta name=\"author\" content=\"Teresa Mioli\" \/>\n<meta name=\"twitter:card\" content=\"summary_large_image\" \/>\n<meta name=\"twitter:creator\" content=\"@TeresaMioli\" \/>\n<meta name=\"twitter:site\" content=\"@LatAmJournalism\" \/>\n<meta name=\"twitter:label1\" content=\"Written by\" \/>\n\t<meta name=\"twitter:data1\" content=\"Teresa Mioli\" \/>\n\t<meta name=\"twitter:label2\" content=\"Est. reading time\" \/>\n\t<meta name=\"twitter:data2\" content=\"6 minutos\" \/>\n<script type=\"application\/ld+json\" class=\"yoast-schema-graph\">{\"@context\":\"https:\\\/\\\/schema.org\",\"@graph\":[{\"@type\":\"Article\",\"@id\":\"https:\\\/\\\/latamjournalismreview.org\\\/pt-br\\\/articles\\\/jornalista-salvadorenho-pode-ser-deportado-dos-eua-apos-conselho-negar-sua-apelacao\\\/#article\",\"isPartOf\":{\"@id\":\"https:\\\/\\\/latamjournalismreview.org\\\/pt-br\\\/articles\\\/jornalista-salvadorenho-pode-ser-deportado-dos-eua-apos-conselho-negar-sua-apelacao\\\/\"},\"author\":{\"name\":\"Teresa Mioli\",\"@id\":\"https:\\\/\\\/latamjournalismreview.org\\\/pt-br\\\/#\\\/schema\\\/person\\\/b83a4912f05c8178389e917d8d51de03\"},\"headline\":\"Jornalista salvadorenho pode ser deportado dos EUA ap\u00f3s conselho negar sua apela\u00e7\u00e3o\",\"datePublished\":\"2018-11-15T00:54:49+00:00\",\"dateModified\":\"2020-07-09T23:17:32+00:00\",\"mainEntityOfPage\":{\"@id\":\"https:\\\/\\\/latamjournalismreview.org\\\/pt-br\\\/articles\\\/jornalista-salvadorenho-pode-ser-deportado-dos-eua-apos-conselho-negar-sua-apelacao\\\/\"},\"wordCount\":1166,\"publisher\":{\"@id\":\"https:\\\/\\\/latamjournalismreview.org\\\/pt-br\\\/#organization\"},\"image\":{\"@id\":\"https:\\\/\\\/latamjournalismreview.org\\\/pt-br\\\/articles\\\/jornalista-salvadorenho-pode-ser-deportado-dos-eua-apos-conselho-negar-sua-apelacao\\\/#primaryimage\"},\"thumbnailUrl\":\"https:\\\/\\\/latamjournalismreview.org\\\/wp-content\\\/uploads\\\/2020\\\/07\\\/Manuel-Dur\u00e1n-Facebook-1.png\",\"keywords\":[\"Casos judiciais\",\"El Salvador\"],\"articleSection\":[\"Viol\u00eancia contra jornalistas\"],\"inLanguage\":\"pt-BR\"},{\"@type\":\"WebPage\",\"@id\":\"https:\\\/\\\/latamjournalismreview.org\\\/pt-br\\\/articles\\\/jornalista-salvadorenho-pode-ser-deportado-dos-eua-apos-conselho-negar-sua-apelacao\\\/\",\"url\":\"https:\\\/\\\/latamjournalismreview.org\\\/pt-br\\\/articles\\\/jornalista-salvadorenho-pode-ser-deportado-dos-eua-apos-conselho-negar-sua-apelacao\\\/\",\"name\":\"Jornalista salvadorenho pode ser deportado dos EUA ap\u00f3s conselho negar sua apela\u00e7\u00e3o - LatAm Journalism Review by the Knight Center\",\"isPartOf\":{\"@id\":\"https:\\\/\\\/latamjournalismreview.org\\\/pt-br\\\/#website\"},\"primaryImageOfPage\":{\"@id\":\"https:\\\/\\\/latamjournalismreview.org\\\/pt-br\\\/articles\\\/jornalista-salvadorenho-pode-ser-deportado-dos-eua-apos-conselho-negar-sua-apelacao\\\/#primaryimage\"},\"image\":{\"@id\":\"https:\\\/\\\/latamjournalismreview.org\\\/pt-br\\\/articles\\\/jornalista-salvadorenho-pode-ser-deportado-dos-eua-apos-conselho-negar-sua-apelacao\\\/#primaryimage\"},\"thumbnailUrl\":\"https:\\\/\\\/latamjournalismreview.org\\\/wp-content\\\/uploads\\\/2020\\\/07\\\/Manuel-Dur\u00e1n-Facebook-1.png\",\"datePublished\":\"2018-11-15T00:54:49+00:00\",\"dateModified\":\"2020-07-09T23:17:32+00:00\",\"description\":\"Jornalista salvadorenho pode ser deportado dos EUA ap\u00f3s conselho negar sua apela\u00e7\u00e3o Viol\u00eancia contra jornalistas. Latin American Journalism Review by The Knight Center at The University of Texas at Austin.\",\"breadcrumb\":{\"@id\":\"https:\\\/\\\/latamjournalismreview.org\\\/pt-br\\\/articles\\\/jornalista-salvadorenho-pode-ser-deportado-dos-eua-apos-conselho-negar-sua-apelacao\\\/#breadcrumb\"},\"inLanguage\":\"pt-BR\",\"potentialAction\":[{\"@type\":\"ReadAction\",\"target\":[\"https:\\\/\\\/latamjournalismreview.org\\\/pt-br\\\/articles\\\/jornalista-salvadorenho-pode-ser-deportado-dos-eua-apos-conselho-negar-sua-apelacao\\\/\"]}]},{\"@type\":\"ImageObject\",\"inLanguage\":\"pt-BR\",\"@id\":\"https:\\\/\\\/latamjournalismreview.org\\\/pt-br\\\/articles\\\/jornalista-salvadorenho-pode-ser-deportado-dos-eua-apos-conselho-negar-sua-apelacao\\\/#primaryimage\",\"url\":\"https:\\\/\\\/latamjournalismreview.org\\\/wp-content\\\/uploads\\\/2020\\\/07\\\/Manuel-Dur\u00e1n-Facebook-1.png\",\"contentUrl\":\"https:\\\/\\\/latamjournalismreview.org\\\/wp-content\\\/uploads\\\/2020\\\/07\\\/Manuel-Dur\u00e1n-Facebook-1.png\",\"width\":507,\"height\":340,\"caption\":\"Manuel Dur\u00e1n (Facebook) (1)\"},{\"@type\":\"BreadcrumbList\",\"@id\":\"https:\\\/\\\/latamjournalismreview.org\\\/pt-br\\\/articles\\\/jornalista-salvadorenho-pode-ser-deportado-dos-eua-apos-conselho-negar-sua-apelacao\\\/#breadcrumb\",\"itemListElement\":[{\"@type\":\"ListItem\",\"position\":1,\"name\":\"Home\",\"item\":\"https:\\\/\\\/latamjournalismreview.org\\\/pt-br\\\/\"},{\"@type\":\"ListItem\",\"position\":2,\"name\":\"Jornalista salvadorenho pode ser deportado dos EUA ap\u00f3s conselho negar sua apela\u00e7\u00e3o\"}]},{\"@type\":\"WebSite\",\"@id\":\"https:\\\/\\\/latamjournalismreview.org\\\/pt-br\\\/#website\",\"url\":\"https:\\\/\\\/latamjournalismreview.org\\\/pt-br\\\/\",\"name\":\"LatAm Journalism Review\",\"description\":\"Digital magazine on journalism in Latin America\",\"publisher\":{\"@id\":\"https:\\\/\\\/latamjournalismreview.org\\\/pt-br\\\/#organization\"},\"potentialAction\":[{\"@type\":\"SearchAction\",\"target\":{\"@type\":\"EntryPoint\",\"urlTemplate\":\"https:\\\/\\\/latamjournalismreview.org\\\/pt-br\\\/?s={search_term_string}\"},\"query-input\":{\"@type\":\"PropertyValueSpecification\",\"valueRequired\":true,\"valueName\":\"search_term_string\"}}],\"inLanguage\":\"pt-BR\"},{\"@type\":\"Organization\",\"@id\":\"https:\\\/\\\/latamjournalismreview.org\\\/pt-br\\\/#organization\",\"name\":\"LatAm Journalism Review\",\"url\":\"https:\\\/\\\/latamjournalismreview.org\\\/pt-br\\\/\",\"logo\":{\"@type\":\"ImageObject\",\"inLanguage\":\"pt-BR\",\"@id\":\"https:\\\/\\\/latamjournalismreview.org\\\/pt-br\\\/#\\\/schema\\\/logo\\\/image\\\/\",\"url\":\"https:\\\/\\\/latamjournalismreview.org\\\/wp-content\\\/uploads\\\/2020\\\/05\\\/knight-latAm-review-logo.svg\",\"contentUrl\":\"https:\\\/\\\/latamjournalismreview.org\\\/wp-content\\\/uploads\\\/2020\\\/05\\\/knight-latAm-review-logo.svg\",\"width\":\"1024\",\"height\":\"1024\",\"caption\":\"LatAm Journalism Review\"},\"image\":{\"@id\":\"https:\\\/\\\/latamjournalismreview.org\\\/pt-br\\\/#\\\/schema\\\/logo\\\/image\\\/\"},\"sameAs\":[\"https:\\\/\\\/x.com\\\/LatAmJournalism\"]},{\"@type\":\"Person\",\"@id\":\"https:\\\/\\\/latamjournalismreview.org\\\/pt-br\\\/#\\\/schema\\\/person\\\/b83a4912f05c8178389e917d8d51de03\",\"name\":\"Teresa Mioli\",\"description\":\"Teresa Mioli is the editorial manager for the Knight Center for Journalism in the Americas. She is interested in press freedom, democratization, and investigative journalism in Latin America and is dedicated to increasing awareness about the importance of independent news media to the health of democracies. She produces journalistic work with the aim of helping people to make informed decisions about their lives and societies and wants to make sure other journalists are able to do the same. She has Bachelors' degrees in Journalism and Plan II Honors (Liberal Arts) and a Master's degree in Latin American Studies, all from the University of Texas at Austin. She started her journalistic career at The Beaumont Enterprise in Southeast Texas where she last worked as a breaking news reporter. ______ Teresa Mioli es la directora editorial del Centro Knight para el Periodismo en las Am\u00e9ricas. Es una periodista con inter\u00e9s en la libertad de prensa, la democratizaci\u00f3n y el periodismo investigativo en Am\u00e9rica Latina y est\u00e1 dedicada a crear mayor consciencia sobre la importancia de los medios noticiosos independientes para la salud de las democracias. El objetivo de su trabajo period\u00edstico es ayudar las personas para que tomen decisiones informadas sobre sus vidas y sus sociedades, y busca que otros periodistas tengan la posibilidad de hacer lo mismo. Teresa tiene una licenciatura en Periodismo y Artes liberales (Plan II Honors), y una maestr\u00eda en Estudios Latinoamericanos, todos de la Universidad de Texas en Austin. Empez\u00f3 su carrera en periodismo en The Beaumont Enterprise al sureste de Texas, en donde recientemente trabaj\u00f3 como reportera de noticias de \u00faltima hora. Anteriormente ella fue la editora de LatAm Journalism Review del Centro Knight. ______ Teresa Mioli \u00e9 gerente editorial do Centro Knight para o Jornalismo nas Am\u00e9ricas. Ela se interessa por liberdade de imprensa, democratiza\u00e7\u00e3o e jornalismo investigativo na Am\u00e9rica Latina e se dedica a aumentar a conscientiza\u00e7\u00e3o sobre a import\u00e2ncia da m\u00eddia independente para a sa\u00fade das democracias. Ela produz trabalhos jornal\u00edsticos com o objetivo de ajudar as pessoas a tomarem decis\u00f5es informadas sobre suas vidas e sociedades e deseja garantir que outros jornalistas possam fazer o mesmo. Ela tem bacharelado em jornalismo e artes liberais e um mestrado em Estudos Latino-Americanos, todos pela Universidade do Texas em Austin. Ela come\u00e7ou sua carreira jornal\u00edstica na The Beaumont Enterprise no sudeste do Texas, onde trabalhou pela \u00faltima vez como rep\u00f3rter de not\u00edcias de \u00faltima hora.\",\"sameAs\":[\"https:\\\/\\\/x.com\\\/TeresaMioli\"],\"url\":\"https:\\\/\\\/latamjournalismreview.org\\\/pt-br\\\/articles\\\/author\\\/teresa-mioli\\\/\"}]}<\/script>\n<!-- \/ Yoast SEO Premium plugin. -->","yoast_head_json":{"title":"Jornalista salvadorenho pode ser deportado dos EUA ap\u00f3s conselho negar sua apela\u00e7\u00e3o - LatAm Journalism Review by the Knight Center","description":"Jornalista salvadorenho pode ser deportado dos EUA ap\u00f3s conselho negar sua apela\u00e7\u00e3o Viol\u00eancia contra jornalistas. Latin American Journalism Review by The Knight Center at The University of Texas at Austin.","robots":{"index":"index","follow":"follow","max-snippet":"max-snippet:-1","max-image-preview":"max-image-preview:large","max-video-preview":"max-video-preview:-1"},"canonical":"https:\/\/latamjournalismreview.org\/pt-br\/articles\/jornalista-salvadorenho-pode-ser-deportado-dos-eua-apos-conselho-negar-sua-apelacao\/","og_locale":"pt_BR","og_type":"article","og_title":"Jornalista salvadorenho pode ser deportado dos EUA ap\u00f3s conselho negar sua apela\u00e7\u00e3o","og_description":"Jornalista salvadorenho pode ser deportado dos EUA ap\u00f3s conselho negar sua apela\u00e7\u00e3o Viol\u00eancia contra jornalistas. Latin American Journalism Review by The Knight Center at The University of Texas at Austin.","og_url":"https:\/\/latamjournalismreview.org\/pt-br\/articles\/jornalista-salvadorenho-pode-ser-deportado-dos-eua-apos-conselho-negar-sua-apelacao\/","og_site_name":"LatAm Journalism Review by the Knight Center","article_published_time":"2018-11-15T00:54:49+00:00","article_modified_time":"2020-07-09T23:17:32+00:00","og_image":[{"width":507,"height":340,"url":"https:\/\/latamjournalismreview.org\/wp-content\/uploads\/2020\/07\/Manuel-Dur\u00e1n-Facebook-1.png","type":"image\/png"}],"author":"Teresa Mioli","twitter_card":"summary_large_image","twitter_creator":"@TeresaMioli","twitter_site":"@LatAmJournalism","twitter_misc":{"Written by":"Teresa Mioli","Est. reading time":"6 minutos"},"schema":{"@context":"https:\/\/schema.org","@graph":[{"@type":"Article","@id":"https:\/\/latamjournalismreview.org\/pt-br\/articles\/jornalista-salvadorenho-pode-ser-deportado-dos-eua-apos-conselho-negar-sua-apelacao\/#article","isPartOf":{"@id":"https:\/\/latamjournalismreview.org\/pt-br\/articles\/jornalista-salvadorenho-pode-ser-deportado-dos-eua-apos-conselho-negar-sua-apelacao\/"},"author":{"name":"Teresa Mioli","@id":"https:\/\/latamjournalismreview.org\/pt-br\/#\/schema\/person\/b83a4912f05c8178389e917d8d51de03"},"headline":"Jornalista salvadorenho pode ser deportado dos EUA ap\u00f3s conselho negar sua apela\u00e7\u00e3o","datePublished":"2018-11-15T00:54:49+00:00","dateModified":"2020-07-09T23:17:32+00:00","mainEntityOfPage":{"@id":"https:\/\/latamjournalismreview.org\/pt-br\/articles\/jornalista-salvadorenho-pode-ser-deportado-dos-eua-apos-conselho-negar-sua-apelacao\/"},"wordCount":1166,"publisher":{"@id":"https:\/\/latamjournalismreview.org\/pt-br\/#organization"},"image":{"@id":"https:\/\/latamjournalismreview.org\/pt-br\/articles\/jornalista-salvadorenho-pode-ser-deportado-dos-eua-apos-conselho-negar-sua-apelacao\/#primaryimage"},"thumbnailUrl":"https:\/\/latamjournalismreview.org\/wp-content\/uploads\/2020\/07\/Manuel-Dur\u00e1n-Facebook-1.png","keywords":["Casos judiciais","El Salvador"],"articleSection":["Viol\u00eancia contra jornalistas"],"inLanguage":"pt-BR"},{"@type":"WebPage","@id":"https:\/\/latamjournalismreview.org\/pt-br\/articles\/jornalista-salvadorenho-pode-ser-deportado-dos-eua-apos-conselho-negar-sua-apelacao\/","url":"https:\/\/latamjournalismreview.org\/pt-br\/articles\/jornalista-salvadorenho-pode-ser-deportado-dos-eua-apos-conselho-negar-sua-apelacao\/","name":"Jornalista salvadorenho pode ser deportado dos EUA ap\u00f3s conselho negar sua apela\u00e7\u00e3o - LatAm Journalism Review by the Knight Center","isPartOf":{"@id":"https:\/\/latamjournalismreview.org\/pt-br\/#website"},"primaryImageOfPage":{"@id":"https:\/\/latamjournalismreview.org\/pt-br\/articles\/jornalista-salvadorenho-pode-ser-deportado-dos-eua-apos-conselho-negar-sua-apelacao\/#primaryimage"},"image":{"@id":"https:\/\/latamjournalismreview.org\/pt-br\/articles\/jornalista-salvadorenho-pode-ser-deportado-dos-eua-apos-conselho-negar-sua-apelacao\/#primaryimage"},"thumbnailUrl":"https:\/\/latamjournalismreview.org\/wp-content\/uploads\/2020\/07\/Manuel-Dur\u00e1n-Facebook-1.png","datePublished":"2018-11-15T00:54:49+00:00","dateModified":"2020-07-09T23:17:32+00:00","description":"Jornalista salvadorenho pode ser deportado dos EUA ap\u00f3s conselho negar sua apela\u00e7\u00e3o Viol\u00eancia contra jornalistas. Latin American Journalism Review by The Knight Center at The University of Texas at Austin.","breadcrumb":{"@id":"https:\/\/latamjournalismreview.org\/pt-br\/articles\/jornalista-salvadorenho-pode-ser-deportado-dos-eua-apos-conselho-negar-sua-apelacao\/#breadcrumb"},"inLanguage":"pt-BR","potentialAction":[{"@type":"ReadAction","target":["https:\/\/latamjournalismreview.org\/pt-br\/articles\/jornalista-salvadorenho-pode-ser-deportado-dos-eua-apos-conselho-negar-sua-apelacao\/"]}]},{"@type":"ImageObject","inLanguage":"pt-BR","@id":"https:\/\/latamjournalismreview.org\/pt-br\/articles\/jornalista-salvadorenho-pode-ser-deportado-dos-eua-apos-conselho-negar-sua-apelacao\/#primaryimage","url":"https:\/\/latamjournalismreview.org\/wp-content\/uploads\/2020\/07\/Manuel-Dur\u00e1n-Facebook-1.png","contentUrl":"https:\/\/latamjournalismreview.org\/wp-content\/uploads\/2020\/07\/Manuel-Dur\u00e1n-Facebook-1.png","width":507,"height":340,"caption":"Manuel Dur\u00e1n (Facebook) (1)"},{"@type":"BreadcrumbList","@id":"https:\/\/latamjournalismreview.org\/pt-br\/articles\/jornalista-salvadorenho-pode-ser-deportado-dos-eua-apos-conselho-negar-sua-apelacao\/#breadcrumb","itemListElement":[{"@type":"ListItem","position":1,"name":"Home","item":"https:\/\/latamjournalismreview.org\/pt-br\/"},{"@type":"ListItem","position":2,"name":"Jornalista salvadorenho pode ser deportado dos EUA ap\u00f3s conselho negar sua apela\u00e7\u00e3o"}]},{"@type":"WebSite","@id":"https:\/\/latamjournalismreview.org\/pt-br\/#website","url":"https:\/\/latamjournalismreview.org\/pt-br\/","name":"LatAm Journalism Review","description":"Digital magazine on journalism in Latin America","publisher":{"@id":"https:\/\/latamjournalismreview.org\/pt-br\/#organization"},"potentialAction":[{"@type":"SearchAction","target":{"@type":"EntryPoint","urlTemplate":"https:\/\/latamjournalismreview.org\/pt-br\/?s={search_term_string}"},"query-input":{"@type":"PropertyValueSpecification","valueRequired":true,"valueName":"search_term_string"}}],"inLanguage":"pt-BR"},{"@type":"Organization","@id":"https:\/\/latamjournalismreview.org\/pt-br\/#organization","name":"LatAm Journalism Review","url":"https:\/\/latamjournalismreview.org\/pt-br\/","logo":{"@type":"ImageObject","inLanguage":"pt-BR","@id":"https:\/\/latamjournalismreview.org\/pt-br\/#\/schema\/logo\/image\/","url":"https:\/\/latamjournalismreview.org\/wp-content\/uploads\/2020\/05\/knight-latAm-review-logo.svg","contentUrl":"https:\/\/latamjournalismreview.org\/wp-content\/uploads\/2020\/05\/knight-latAm-review-logo.svg","width":"1024","height":"1024","caption":"LatAm Journalism Review"},"image":{"@id":"https:\/\/latamjournalismreview.org\/pt-br\/#\/schema\/logo\/image\/"},"sameAs":["https:\/\/x.com\/LatAmJournalism"]},{"@type":"Person","@id":"https:\/\/latamjournalismreview.org\/pt-br\/#\/schema\/person\/b83a4912f05c8178389e917d8d51de03","name":"Teresa Mioli","description":"Teresa Mioli is the editorial manager for the Knight Center for Journalism in the Americas. She is interested in press freedom, democratization, and investigative journalism in Latin America and is dedicated to increasing awareness about the importance of independent news media to the health of democracies. She produces journalistic work with the aim of helping people to make informed decisions about their lives and societies and wants to make sure other journalists are able to do the same. She has Bachelors' degrees in Journalism and Plan II Honors (Liberal Arts) and a Master's degree in Latin American Studies, all from the University of Texas at Austin. She started her journalistic career at The Beaumont Enterprise in Southeast Texas where she last worked as a breaking news reporter. ______ Teresa Mioli es la directora editorial del Centro Knight para el Periodismo en las Am\u00e9ricas. Es una periodista con inter\u00e9s en la libertad de prensa, la democratizaci\u00f3n y el periodismo investigativo en Am\u00e9rica Latina y est\u00e1 dedicada a crear mayor consciencia sobre la importancia de los medios noticiosos independientes para la salud de las democracias. El objetivo de su trabajo period\u00edstico es ayudar las personas para que tomen decisiones informadas sobre sus vidas y sus sociedades, y busca que otros periodistas tengan la posibilidad de hacer lo mismo. Teresa tiene una licenciatura en Periodismo y Artes liberales (Plan II Honors), y una maestr\u00eda en Estudios Latinoamericanos, todos de la Universidad de Texas en Austin. Empez\u00f3 su carrera en periodismo en The Beaumont Enterprise al sureste de Texas, en donde recientemente trabaj\u00f3 como reportera de noticias de \u00faltima hora. Anteriormente ella fue la editora de LatAm Journalism Review del Centro Knight. ______ Teresa Mioli \u00e9 gerente editorial do Centro Knight para o Jornalismo nas Am\u00e9ricas. Ela se interessa por liberdade de imprensa, democratiza\u00e7\u00e3o e jornalismo investigativo na Am\u00e9rica Latina e se dedica a aumentar a conscientiza\u00e7\u00e3o sobre a import\u00e2ncia da m\u00eddia independente para a sa\u00fade das democracias. Ela produz trabalhos jornal\u00edsticos com o objetivo de ajudar as pessoas a tomarem decis\u00f5es informadas sobre suas vidas e sociedades e deseja garantir que outros jornalistas possam fazer o mesmo. Ela tem bacharelado em jornalismo e artes liberais e um mestrado em Estudos Latino-Americanos, todos pela Universidade do Texas em Austin. Ela come\u00e7ou sua carreira jornal\u00edstica na The Beaumont Enterprise no sudeste do Texas, onde trabalhou pela \u00faltima vez como rep\u00f3rter de not\u00edcias de \u00faltima hora.","sameAs":["https:\/\/x.com\/TeresaMioli"],"url":"https:\/\/latamjournalismreview.org\/pt-br\/articles\/author\/teresa-mioli\/"}]}},"_links":{"self":[{"href":"https:\/\/latamjournalismreview.org\/pt-br\/wp-json\/wp\/v2\/posts\/8498","targetHints":{"allow":["GET"]}}],"collection":[{"href":"https:\/\/latamjournalismreview.org\/pt-br\/wp-json\/wp\/v2\/posts"}],"about":[{"href":"https:\/\/latamjournalismreview.org\/pt-br\/wp-json\/wp\/v2\/types\/post"}],"author":[{"embeddable":true,"href":"https:\/\/latamjournalismreview.org\/pt-br\/wp-json\/wp\/v2\/users\/3"}],"replies":[{"embeddable":true,"href":"https:\/\/latamjournalismreview.org\/pt-br\/wp-json\/wp\/v2\/comments?post=8498"}],"version-history":[{"count":1,"href":"https:\/\/latamjournalismreview.org\/pt-br\/wp-json\/wp\/v2\/posts\/8498\/revisions"}],"predecessor-version":[{"id":8500,"href":"https:\/\/latamjournalismreview.org\/pt-br\/wp-json\/wp\/v2\/posts\/8498\/revisions\/8500"}],"wp:featuredmedia":[{"embeddable":true,"href":"https:\/\/latamjournalismreview.org\/pt-br\/wp-json\/wp\/v2\/media\/8494"}],"wp:attachment":[{"href":"https:\/\/latamjournalismreview.org\/pt-br\/wp-json\/wp\/v2\/media?parent=8498"}],"wp:term":[{"taxonomy":"category","embeddable":true,"href":"https:\/\/latamjournalismreview.org\/pt-br\/wp-json\/wp\/v2\/categories?post=8498"},{"taxonomy":"post_tag","embeddable":true,"href":"https:\/\/latamjournalismreview.org\/pt-br\/wp-json\/wp\/v2\/tags?post=8498"},{"taxonomy":"author","embeddable":true,"href":"https:\/\/latamjournalismreview.org\/pt-br\/wp-json\/wp\/v2\/coauthors?post=8498"}],"curies":[{"name":"wp","href":"https:\/\/api.w.org\/{rel}","templated":true}]}}