{"id":85750,"date":"2024-03-27T11:26:47","date_gmt":"2024-03-27T16:26:47","guid":{"rendered":"https:\/\/latamjournalismreview.org\/?p=85750"},"modified":"2024-03-27T13:45:42","modified_gmt":"2024-03-27T18:45:42","slug":"faltam-tres-semanas-para-o-25o-isoj-e-as-inscricoes-fecham-em-breve","status":"publish","type":"post","link":"https:\/\/latamjournalismreview.org\/pt-br\/articles\/faltam-tres-semanas-para-o-25o-isoj-e-as-inscricoes-fecham-em-breve\/","title":{"rendered":"Faltam tr\u00eas semanas para o 25\u00ba ISOJ, e as inscri\u00e7\u00f5es para participa\u00e7\u00e3o presencial fecham em breve"},"content":{"rendered":"<div class=\"wp-block-image\"><img loading=\"lazy\" decoding=\"async\" class=\"size-medium wp-image-85744 alignleft\" src=\"https:\/\/latamjournalismreview.org\/wp-content\/uploads\/2024\/03\/ISOJ-25th-e1711556540365.png\" alt=\"ISOJ logo with burnt orange star\" width=\"219\" height=\"300\" \/><\/div>\n<p><span style=\"font-weight: 400;\">O tempo est\u00e1 se esgotando para se inscrever para a participa\u00e7\u00e3o presencial no 25\u00ba Simp\u00f3sio Internacional de Jornalismo Online (ISOJ), uma das principais confer\u00eancias do mundo a reunir executivos de m\u00eddia, jornalistas e acad\u00eamicos para discutir a evolu\u00e7\u00e3o do jornalismo digital. Garanta j\u00e1 sua vaga antes que as inscri\u00e7\u00f5es para a participa\u00e7\u00e3o presencial terminem em <\/span><b>4 de abril<\/b><span style=\"font-weight: 400;\">.<\/span><\/p>\n<p><span style=\"font-weight: 400;\">Ainda h\u00e1 alguns ingressos dispon\u00edveis, tanto para o <\/span><a href=\"https:\/\/isoj.org\/isoj-virtual-experience-goes-beyond-streaming-to-bring-the-conference-to-you\/\"><span style=\"font-weight: 400;\">Experi\u00eancia Virtual ISOJ<\/span><\/a><span style=\"font-weight: 400;\"> quanto para <\/span><a href=\"https:\/\/isoj.org\/ticket-information\"><span style=\"font-weight: 400;\">a participa\u00e7\u00e3o presencial<\/span><\/a><span style=\"font-weight: 400;\">. Mesmo assim, poderemos atingir a capacidade m\u00e1xima em breve, ent\u00e3o certifique-se de <\/span><a href=\"https:\/\/cvent.utexas.edu\/event\/20ec90ec-ed20-4cfb-9640-4b97dc9b0a51\/register\"><span style=\"font-weight: 400;\">garantir os seus ingressos<\/span><\/a><span style=\"font-weight: 400;\"> antes de <\/span><b>4 de abril<\/b><span style=\"font-weight: 400;\">!<\/span><\/p>\n<p><span style=\"font-weight: 400;\">Se voc\u00ea ainda n\u00e3o tiver certeza se a participa\u00e7\u00e3o presencial ou a <\/span><a href=\"https:\/\/isoj.org\/isoj-virtual-experience-goes-beyond-streaming-to-bring-the-conference-to-you\/\"><span style=\"font-weight: 400;\">Experi\u00eancia Virtual ISOJ<\/span><\/a><span style=\"font-weight: 400;\"> s\u00e3o para voc\u00ea, confira nossa <\/span><a href=\"https:\/\/isoj.org\/ticket-information\"><span style=\"font-weight: 400;\">mat\u00e9ria<\/span><\/a><span style=\"font-weight: 400;\"> que descreve o que cada um inclui.<\/span><\/p>\n<p><span style=\"font-weight: 400;\">Independentemente de voc\u00ea se juntar a n\u00f3s em Austin ou online, na celebra\u00e7\u00e3o do 25\u00ba anivers\u00e1rio do ISOJ, voc\u00ea ter\u00e1 a oportunidade de aprender e interagir com mais de <\/span><a href=\"https:\/\/isoj.org\/speakers-2024\"><span style=\"font-weight: 400;\">70 palestrantes<\/span><\/a><span style=\"font-weight: 400;\"> de meios de comunica\u00e7\u00e3o como The New York Times, Washington Post, BBC, CNN, CBS, Associated Press, Marshall Project e Texas Tribune, e organiza\u00e7\u00f5es como o grupo investigativo holand\u00eas Bellingcat, a Solutions Journalism Network e o Global Index on Responsible AI &amp; Global Data Barometer.<\/span><\/p>\n<p><a href=\"https:\/\/isoj.org\/program-2024\/\"><span style=\"font-weight: 400;\">Com uma impressionante lista<\/span><\/a><span style=\"font-weight: 400;\"> de palestrantes principais composta s\u00f3 por mulheres, bem como 10 pain\u00e9is cobrindo t\u00f3picos que v\u00e3o desde IA e cobertura eleitoral at\u00e9 OSINT e como alcan\u00e7ar o p\u00fablico jovem, o ISOJ ser\u00e1 uma experi\u00eancia imperd\u00edvel para qualquer jornalista ou estudioso de m\u00eddia.<\/span><\/p>\n<p><span style=\"font-weight: 400;\">N\u00e3o perca as <\/span><a href=\"https:\/\/isoj.org\/registered-attendees-can-now-sign-up-for-isoj-workshops-seats-are-limited\/\"><span style=\"font-weight: 400;\">cinco oficinas<\/span><\/a><span style=\"font-weight: 400;\"> e um tradicional <\/span><a href=\"https:\/\/isoj.org\/registered-attendees-can-now-sign-up-for-isoj-workshops-seats-are-limited\/\"><span style=\"font-weight: 400;\">caf\u00e9 da manh\u00e3 com sess\u00e3o de pesquisa<\/span><\/a><span style=\"font-weight: 400;\">, projetados para aprimorar sua compreens\u00e3o e aprimorar suas habilidades no atual cen\u00e1rio jornal\u00edstico em evolu\u00e7\u00e3o.<\/span><\/p>\n<p><span style=\"font-weight: 400;\">Se voc\u00ea estiver se juntando a n\u00f3s em Austin, certifique-se de confirmar presen\u00e7a <\/span><a href=\"https:\/\/isoj.org\/register-for-pre-isoj-screening-of-breaking-the-news-a-documentary-about-nonprofit-digital-news-startup-the-19th\/\"><span style=\"font-weight: 400;\">na sess\u00e3o pr\u00e9-ISOJ<\/span><\/a><span style=\"font-weight: 400;\"> de <\/span><i><span style=\"font-weight: 400;\">Breaking the News <\/span><\/i><span style=\"font-weight: 400;\">no dia 11 de abril<\/span><i><span style=\"font-weight: 400;\">, <\/span><\/i><span style=\"font-weight: 400;\">um document\u00e1rio sobre a startup de not\u00edcias digitais sem fins lucrativos The 19th*, seguido por uma sess\u00e3o de perguntas e respostas com Emily Ramshaw, cofundadora e CEO do The 19th*, e o moderador Sonal Shaw, CEO do The Texas Tribune.<\/span><\/p>\n<p><span style=\"font-weight: 400;\">Lembre-se, o prazo para <\/span><a href=\"https:\/\/cvent.utexas.edu\/event\/20ec90ec-ed20-4cfb-9640-4b97dc9b0a51\/register\"><span style=\"font-weight: 400;\">registro<\/span><\/a><span style=\"font-weight: 400;\"> para a participa\u00e7\u00e3o presencial no 25\u00ba anivers\u00e1rio da ISOJ \u00e9 <\/span><b>4 de abril<\/b><span style=\"font-weight: 400;\">, ent\u00e3o certifique-se de <\/span><a href=\"https:\/\/cvent.utexas.edu\/event\/20ec90ec-ed20-4cfb-9640-4b97dc9b0a51\/register\"><span style=\"font-weight: 400;\">garantir j\u00e1 o seu ingresso<\/span><\/a><span style=\"font-weight: 400;\">!<\/span><\/p>\n","protected":false},"excerpt":{"rendered":"<p>O tempo est\u00e1 se esgotando para se inscrever para a participa\u00e7\u00e3o presencial no 25\u00ba Simp\u00f3sio Internacional de Jornalismo Online (ISOJ), uma das principais confer\u00eancias do mundo a reunir executivos de m\u00eddia, jornalistas e acad\u00eamicos para discutir a evolu\u00e7\u00e3o do jornalismo digital. Garanta j\u00e1 sua vaga antes que as inscri\u00e7\u00f5es para a participa\u00e7\u00e3o presencial terminem em [&hellip;]<\/p>\n","protected":false},"author":68,"featured_media":85740,"comment_status":"closed","ping_status":"closed","sticky":false,"template":"","format":"standard","meta":{"inline_featured_image":false,"footnotes":""},"categories":[1346],"tags":[1593],"coauthors":[2747],"class_list":["post-85750","post","type-post","status-publish","format-standard","has-post-thumbnail","hentry","category-isoj-pt-br","tag-jornalismo-online-pt-br"],"acf":[],"yoast_head":"<!-- This site is optimized with the Yoast SEO Premium plugin v22.6 (Yoast SEO v27.4) - https:\/\/yoast.com\/product\/yoast-seo-premium-wordpress\/ -->\n<title>Faltam tr\u00eas semanas para o 25\u00ba ISOJ, e as inscri\u00e7\u00f5es para participa\u00e7\u00e3o presencial fecham em breve - LatAm Journalism Review by the Knight Center<\/title>\n<meta name=\"description\" content=\"Faltam tr\u00eas semanas para o 25\u00ba ISOJ, e as inscri\u00e7\u00f5es para participa\u00e7\u00e3o presencial fecham em breve ISOJ. Latin American Journalism Review by The Knight Center at The University of Texas at Austin.\" \/>\n<meta name=\"robots\" content=\"index, follow, max-snippet:-1, max-image-preview:large, max-video-preview:-1\" \/>\n<link rel=\"canonical\" href=\"https:\/\/latamjournalismreview.org\/pt-br\/articles\/faltam-tres-semanas-para-o-25o-isoj-e-as-inscricoes-fecham-em-breve\/\" \/>\n<meta property=\"og:locale\" content=\"pt_BR\" \/>\n<meta property=\"og:type\" content=\"article\" \/>\n<meta property=\"og:title\" content=\"Faltam tr\u00eas semanas para o 25\u00ba ISOJ, e as inscri\u00e7\u00f5es para participa\u00e7\u00e3o presencial fecham em breve\" \/>\n<meta property=\"og:description\" content=\"Faltam tr\u00eas semanas para o 25\u00ba ISOJ, e as inscri\u00e7\u00f5es para participa\u00e7\u00e3o presencial fecham em breve ISOJ. Latin American Journalism Review by The Knight Center at The University of Texas at Austin.\" \/>\n<meta property=\"og:url\" content=\"https:\/\/latamjournalismreview.org\/pt-br\/articles\/faltam-tres-semanas-para-o-25o-isoj-e-as-inscricoes-fecham-em-breve\/\" \/>\n<meta property=\"og:site_name\" content=\"LatAm Journalism Review by the Knight Center\" \/>\n<meta property=\"article:published_time\" content=\"2024-03-27T16:26:47+00:00\" \/>\n<meta property=\"article:modified_time\" content=\"2024-03-27T18:45:42+00:00\" \/>\n<meta property=\"og:image\" content=\"https:\/\/latamjournalismreview.org\/wp-content\/uploads\/2024\/03\/Featured-ISOJ-journal.png\" \/>\n\t<meta property=\"og:image:width\" content=\"507\" \/>\n\t<meta property=\"og:image:height\" content=\"340\" \/>\n\t<meta property=\"og:image:type\" content=\"image\/png\" \/>\n<meta name=\"author\" content=\"Hugo Ortiz\" \/>\n<meta name=\"twitter:card\" content=\"summary_large_image\" \/>\n<meta name=\"twitter:creator\" content=\"@LatAmJournalism\" \/>\n<meta name=\"twitter:site\" content=\"@LatAmJournalism\" \/>\n<meta name=\"twitter:label1\" content=\"Written by\" \/>\n\t<meta name=\"twitter:data1\" content=\"Hugo Ortiz\" \/>\n\t<meta name=\"twitter:label2\" content=\"Est. reading time\" \/>\n\t<meta name=\"twitter:data2\" content=\"2 minutos\" \/>\n<script type=\"application\/ld+json\" class=\"yoast-schema-graph\">{\"@context\":\"https:\\\/\\\/schema.org\",\"@graph\":[{\"@type\":\"Article\",\"@id\":\"https:\\\/\\\/latamjournalismreview.org\\\/pt-br\\\/articles\\\/faltam-tres-semanas-para-o-25o-isoj-e-as-inscricoes-fecham-em-breve\\\/#article\",\"isPartOf\":{\"@id\":\"https:\\\/\\\/latamjournalismreview.org\\\/pt-br\\\/articles\\\/faltam-tres-semanas-para-o-25o-isoj-e-as-inscricoes-fecham-em-breve\\\/\"},\"author\":{\"name\":\"Hugo Ortiz\",\"@id\":\"https:\\\/\\\/latamjournalismreview.org\\\/pt-br\\\/#\\\/schema\\\/person\\\/551451f2dbe5a9511d8124e25ccbcbc2\"},\"headline\":\"Faltam tr\u00eas semanas para o 25\u00ba ISOJ, e as inscri\u00e7\u00f5es para participa\u00e7\u00e3o presencial fecham em breve\",\"datePublished\":\"2024-03-27T16:26:47+00:00\",\"dateModified\":\"2024-03-27T18:45:42+00:00\",\"mainEntityOfPage\":{\"@id\":\"https:\\\/\\\/latamjournalismreview.org\\\/pt-br\\\/articles\\\/faltam-tres-semanas-para-o-25o-isoj-e-as-inscricoes-fecham-em-breve\\\/\"},\"wordCount\":420,\"publisher\":{\"@id\":\"https:\\\/\\\/latamjournalismreview.org\\\/pt-br\\\/#organization\"},\"image\":{\"@id\":\"https:\\\/\\\/latamjournalismreview.org\\\/pt-br\\\/articles\\\/faltam-tres-semanas-para-o-25o-isoj-e-as-inscricoes-fecham-em-breve\\\/#primaryimage\"},\"thumbnailUrl\":\"https:\\\/\\\/latamjournalismreview.org\\\/wp-content\\\/uploads\\\/2024\\\/03\\\/Featured-ISOJ-journal.png\",\"keywords\":[\"Jornalismo online\"],\"articleSection\":[\"ISOJ\"],\"inLanguage\":\"pt-BR\"},{\"@type\":\"WebPage\",\"@id\":\"https:\\\/\\\/latamjournalismreview.org\\\/pt-br\\\/articles\\\/faltam-tres-semanas-para-o-25o-isoj-e-as-inscricoes-fecham-em-breve\\\/\",\"url\":\"https:\\\/\\\/latamjournalismreview.org\\\/pt-br\\\/articles\\\/faltam-tres-semanas-para-o-25o-isoj-e-as-inscricoes-fecham-em-breve\\\/\",\"name\":\"Faltam tr\u00eas semanas para o 25\u00ba ISOJ, e as inscri\u00e7\u00f5es para participa\u00e7\u00e3o presencial fecham em breve - LatAm Journalism Review by the Knight Center\",\"isPartOf\":{\"@id\":\"https:\\\/\\\/latamjournalismreview.org\\\/pt-br\\\/#website\"},\"primaryImageOfPage\":{\"@id\":\"https:\\\/\\\/latamjournalismreview.org\\\/pt-br\\\/articles\\\/faltam-tres-semanas-para-o-25o-isoj-e-as-inscricoes-fecham-em-breve\\\/#primaryimage\"},\"image\":{\"@id\":\"https:\\\/\\\/latamjournalismreview.org\\\/pt-br\\\/articles\\\/faltam-tres-semanas-para-o-25o-isoj-e-as-inscricoes-fecham-em-breve\\\/#primaryimage\"},\"thumbnailUrl\":\"https:\\\/\\\/latamjournalismreview.org\\\/wp-content\\\/uploads\\\/2024\\\/03\\\/Featured-ISOJ-journal.png\",\"datePublished\":\"2024-03-27T16:26:47+00:00\",\"dateModified\":\"2024-03-27T18:45:42+00:00\",\"description\":\"Faltam tr\u00eas semanas para o 25\u00ba ISOJ, e as inscri\u00e7\u00f5es para participa\u00e7\u00e3o presencial fecham em breve ISOJ. Latin American Journalism Review by The Knight Center at The University of Texas at Austin.\",\"breadcrumb\":{\"@id\":\"https:\\\/\\\/latamjournalismreview.org\\\/pt-br\\\/articles\\\/faltam-tres-semanas-para-o-25o-isoj-e-as-inscricoes-fecham-em-breve\\\/#breadcrumb\"},\"inLanguage\":\"pt-BR\",\"potentialAction\":[{\"@type\":\"ReadAction\",\"target\":[\"https:\\\/\\\/latamjournalismreview.org\\\/pt-br\\\/articles\\\/faltam-tres-semanas-para-o-25o-isoj-e-as-inscricoes-fecham-em-breve\\\/\"]}]},{\"@type\":\"ImageObject\",\"inLanguage\":\"pt-BR\",\"@id\":\"https:\\\/\\\/latamjournalismreview.org\\\/pt-br\\\/articles\\\/faltam-tres-semanas-para-o-25o-isoj-e-as-inscricoes-fecham-em-breve\\\/#primaryimage\",\"url\":\"https:\\\/\\\/latamjournalismreview.org\\\/wp-content\\\/uploads\\\/2024\\\/03\\\/Featured-ISOJ-journal.png\",\"contentUrl\":\"https:\\\/\\\/latamjournalismreview.org\\\/wp-content\\\/uploads\\\/2024\\\/03\\\/Featured-ISOJ-journal.png\",\"width\":507,\"height\":340,\"caption\":\"notebooks with ISOJ logo on them\"},{\"@type\":\"BreadcrumbList\",\"@id\":\"https:\\\/\\\/latamjournalismreview.org\\\/pt-br\\\/articles\\\/faltam-tres-semanas-para-o-25o-isoj-e-as-inscricoes-fecham-em-breve\\\/#breadcrumb\",\"itemListElement\":[{\"@type\":\"ListItem\",\"position\":1,\"name\":\"Home\",\"item\":\"https:\\\/\\\/latamjournalismreview.org\\\/pt-br\\\/\"},{\"@type\":\"ListItem\",\"position\":2,\"name\":\"Faltam tr\u00eas semanas para o 25\u00ba ISOJ, e as inscri\u00e7\u00f5es para participa\u00e7\u00e3o presencial fecham em breve\"}]},{\"@type\":\"WebSite\",\"@id\":\"https:\\\/\\\/latamjournalismreview.org\\\/pt-br\\\/#website\",\"url\":\"https:\\\/\\\/latamjournalismreview.org\\\/pt-br\\\/\",\"name\":\"LatAm Journalism Review\",\"description\":\"Digital magazine on journalism in Latin America\",\"publisher\":{\"@id\":\"https:\\\/\\\/latamjournalismreview.org\\\/pt-br\\\/#organization\"},\"potentialAction\":[{\"@type\":\"SearchAction\",\"target\":{\"@type\":\"EntryPoint\",\"urlTemplate\":\"https:\\\/\\\/latamjournalismreview.org\\\/pt-br\\\/?s={search_term_string}\"},\"query-input\":{\"@type\":\"PropertyValueSpecification\",\"valueRequired\":true,\"valueName\":\"search_term_string\"}}],\"inLanguage\":\"pt-BR\"},{\"@type\":\"Organization\",\"@id\":\"https:\\\/\\\/latamjournalismreview.org\\\/pt-br\\\/#organization\",\"name\":\"LatAm Journalism Review\",\"url\":\"https:\\\/\\\/latamjournalismreview.org\\\/pt-br\\\/\",\"logo\":{\"@type\":\"ImageObject\",\"inLanguage\":\"pt-BR\",\"@id\":\"https:\\\/\\\/latamjournalismreview.org\\\/pt-br\\\/#\\\/schema\\\/logo\\\/image\\\/\",\"url\":\"https:\\\/\\\/latamjournalismreview.org\\\/wp-content\\\/uploads\\\/2020\\\/05\\\/knight-latAm-review-logo.svg\",\"contentUrl\":\"https:\\\/\\\/latamjournalismreview.org\\\/wp-content\\\/uploads\\\/2020\\\/05\\\/knight-latAm-review-logo.svg\",\"width\":\"1024\",\"height\":\"1024\",\"caption\":\"LatAm Journalism Review\"},\"image\":{\"@id\":\"https:\\\/\\\/latamjournalismreview.org\\\/pt-br\\\/#\\\/schema\\\/logo\\\/image\\\/\"},\"sameAs\":[\"https:\\\/\\\/x.com\\\/LatAmJournalism\"]},{\"@type\":\"Person\",\"@id\":\"https:\\\/\\\/latamjournalismreview.org\\\/pt-br\\\/#\\\/schema\\\/person\\\/551451f2dbe5a9511d8124e25ccbcbc2\",\"name\":\"Hugo Ortiz\",\"url\":\"https:\\\/\\\/latamjournalismreview.org\\\/pt-br\\\/articles\\\/author\\\/hugo-ortiz\\\/\"}]}<\/script>\n<!-- \/ Yoast SEO Premium plugin. -->","yoast_head_json":{"title":"Faltam tr\u00eas semanas para o 25\u00ba ISOJ, e as inscri\u00e7\u00f5es para participa\u00e7\u00e3o presencial fecham em breve - LatAm Journalism Review by the Knight Center","description":"Faltam tr\u00eas semanas para o 25\u00ba ISOJ, e as inscri\u00e7\u00f5es para participa\u00e7\u00e3o presencial fecham em breve ISOJ. Latin American Journalism Review by The Knight Center at The University of Texas at Austin.","robots":{"index":"index","follow":"follow","max-snippet":"max-snippet:-1","max-image-preview":"max-image-preview:large","max-video-preview":"max-video-preview:-1"},"canonical":"https:\/\/latamjournalismreview.org\/pt-br\/articles\/faltam-tres-semanas-para-o-25o-isoj-e-as-inscricoes-fecham-em-breve\/","og_locale":"pt_BR","og_type":"article","og_title":"Faltam tr\u00eas semanas para o 25\u00ba ISOJ, e as inscri\u00e7\u00f5es para participa\u00e7\u00e3o presencial fecham em breve","og_description":"Faltam tr\u00eas semanas para o 25\u00ba ISOJ, e as inscri\u00e7\u00f5es para participa\u00e7\u00e3o presencial fecham em breve ISOJ. Latin American Journalism Review by The Knight Center at The University of Texas at Austin.","og_url":"https:\/\/latamjournalismreview.org\/pt-br\/articles\/faltam-tres-semanas-para-o-25o-isoj-e-as-inscricoes-fecham-em-breve\/","og_site_name":"LatAm Journalism Review by the Knight Center","article_published_time":"2024-03-27T16:26:47+00:00","article_modified_time":"2024-03-27T18:45:42+00:00","og_image":[{"width":507,"height":340,"url":"https:\/\/latamjournalismreview.org\/wp-content\/uploads\/2024\/03\/Featured-ISOJ-journal.png","type":"image\/png"}],"author":"Hugo Ortiz","twitter_card":"summary_large_image","twitter_creator":"@LatAmJournalism","twitter_site":"@LatAmJournalism","twitter_misc":{"Written by":"Hugo Ortiz","Est. reading time":"2 minutos"},"schema":{"@context":"https:\/\/schema.org","@graph":[{"@type":"Article","@id":"https:\/\/latamjournalismreview.org\/pt-br\/articles\/faltam-tres-semanas-para-o-25o-isoj-e-as-inscricoes-fecham-em-breve\/#article","isPartOf":{"@id":"https:\/\/latamjournalismreview.org\/pt-br\/articles\/faltam-tres-semanas-para-o-25o-isoj-e-as-inscricoes-fecham-em-breve\/"},"author":{"name":"Hugo Ortiz","@id":"https:\/\/latamjournalismreview.org\/pt-br\/#\/schema\/person\/551451f2dbe5a9511d8124e25ccbcbc2"},"headline":"Faltam tr\u00eas semanas para o 25\u00ba ISOJ, e as inscri\u00e7\u00f5es para participa\u00e7\u00e3o presencial fecham em breve","datePublished":"2024-03-27T16:26:47+00:00","dateModified":"2024-03-27T18:45:42+00:00","mainEntityOfPage":{"@id":"https:\/\/latamjournalismreview.org\/pt-br\/articles\/faltam-tres-semanas-para-o-25o-isoj-e-as-inscricoes-fecham-em-breve\/"},"wordCount":420,"publisher":{"@id":"https:\/\/latamjournalismreview.org\/pt-br\/#organization"},"image":{"@id":"https:\/\/latamjournalismreview.org\/pt-br\/articles\/faltam-tres-semanas-para-o-25o-isoj-e-as-inscricoes-fecham-em-breve\/#primaryimage"},"thumbnailUrl":"https:\/\/latamjournalismreview.org\/wp-content\/uploads\/2024\/03\/Featured-ISOJ-journal.png","keywords":["Jornalismo online"],"articleSection":["ISOJ"],"inLanguage":"pt-BR"},{"@type":"WebPage","@id":"https:\/\/latamjournalismreview.org\/pt-br\/articles\/faltam-tres-semanas-para-o-25o-isoj-e-as-inscricoes-fecham-em-breve\/","url":"https:\/\/latamjournalismreview.org\/pt-br\/articles\/faltam-tres-semanas-para-o-25o-isoj-e-as-inscricoes-fecham-em-breve\/","name":"Faltam tr\u00eas semanas para o 25\u00ba ISOJ, e as inscri\u00e7\u00f5es para participa\u00e7\u00e3o presencial fecham em breve - LatAm Journalism Review by the Knight Center","isPartOf":{"@id":"https:\/\/latamjournalismreview.org\/pt-br\/#website"},"primaryImageOfPage":{"@id":"https:\/\/latamjournalismreview.org\/pt-br\/articles\/faltam-tres-semanas-para-o-25o-isoj-e-as-inscricoes-fecham-em-breve\/#primaryimage"},"image":{"@id":"https:\/\/latamjournalismreview.org\/pt-br\/articles\/faltam-tres-semanas-para-o-25o-isoj-e-as-inscricoes-fecham-em-breve\/#primaryimage"},"thumbnailUrl":"https:\/\/latamjournalismreview.org\/wp-content\/uploads\/2024\/03\/Featured-ISOJ-journal.png","datePublished":"2024-03-27T16:26:47+00:00","dateModified":"2024-03-27T18:45:42+00:00","description":"Faltam tr\u00eas semanas para o 25\u00ba ISOJ, e as inscri\u00e7\u00f5es para participa\u00e7\u00e3o presencial fecham em breve ISOJ. Latin American Journalism Review by The Knight Center at The University of Texas at Austin.","breadcrumb":{"@id":"https:\/\/latamjournalismreview.org\/pt-br\/articles\/faltam-tres-semanas-para-o-25o-isoj-e-as-inscricoes-fecham-em-breve\/#breadcrumb"},"inLanguage":"pt-BR","potentialAction":[{"@type":"ReadAction","target":["https:\/\/latamjournalismreview.org\/pt-br\/articles\/faltam-tres-semanas-para-o-25o-isoj-e-as-inscricoes-fecham-em-breve\/"]}]},{"@type":"ImageObject","inLanguage":"pt-BR","@id":"https:\/\/latamjournalismreview.org\/pt-br\/articles\/faltam-tres-semanas-para-o-25o-isoj-e-as-inscricoes-fecham-em-breve\/#primaryimage","url":"https:\/\/latamjournalismreview.org\/wp-content\/uploads\/2024\/03\/Featured-ISOJ-journal.png","contentUrl":"https:\/\/latamjournalismreview.org\/wp-content\/uploads\/2024\/03\/Featured-ISOJ-journal.png","width":507,"height":340,"caption":"notebooks with ISOJ logo on them"},{"@type":"BreadcrumbList","@id":"https:\/\/latamjournalismreview.org\/pt-br\/articles\/faltam-tres-semanas-para-o-25o-isoj-e-as-inscricoes-fecham-em-breve\/#breadcrumb","itemListElement":[{"@type":"ListItem","position":1,"name":"Home","item":"https:\/\/latamjournalismreview.org\/pt-br\/"},{"@type":"ListItem","position":2,"name":"Faltam tr\u00eas semanas para o 25\u00ba ISOJ, e as inscri\u00e7\u00f5es para participa\u00e7\u00e3o presencial fecham em breve"}]},{"@type":"WebSite","@id":"https:\/\/latamjournalismreview.org\/pt-br\/#website","url":"https:\/\/latamjournalismreview.org\/pt-br\/","name":"LatAm Journalism Review","description":"Digital magazine on journalism in Latin America","publisher":{"@id":"https:\/\/latamjournalismreview.org\/pt-br\/#organization"},"potentialAction":[{"@type":"SearchAction","target":{"@type":"EntryPoint","urlTemplate":"https:\/\/latamjournalismreview.org\/pt-br\/?s={search_term_string}"},"query-input":{"@type":"PropertyValueSpecification","valueRequired":true,"valueName":"search_term_string"}}],"inLanguage":"pt-BR"},{"@type":"Organization","@id":"https:\/\/latamjournalismreview.org\/pt-br\/#organization","name":"LatAm Journalism Review","url":"https:\/\/latamjournalismreview.org\/pt-br\/","logo":{"@type":"ImageObject","inLanguage":"pt-BR","@id":"https:\/\/latamjournalismreview.org\/pt-br\/#\/schema\/logo\/image\/","url":"https:\/\/latamjournalismreview.org\/wp-content\/uploads\/2020\/05\/knight-latAm-review-logo.svg","contentUrl":"https:\/\/latamjournalismreview.org\/wp-content\/uploads\/2020\/05\/knight-latAm-review-logo.svg","width":"1024","height":"1024","caption":"LatAm Journalism Review"},"image":{"@id":"https:\/\/latamjournalismreview.org\/pt-br\/#\/schema\/logo\/image\/"},"sameAs":["https:\/\/x.com\/LatAmJournalism"]},{"@type":"Person","@id":"https:\/\/latamjournalismreview.org\/pt-br\/#\/schema\/person\/551451f2dbe5a9511d8124e25ccbcbc2","name":"Hugo Ortiz","url":"https:\/\/latamjournalismreview.org\/pt-br\/articles\/author\/hugo-ortiz\/"}]}},"_links":{"self":[{"href":"https:\/\/latamjournalismreview.org\/pt-br\/wp-json\/wp\/v2\/posts\/85750","targetHints":{"allow":["GET"]}}],"collection":[{"href":"https:\/\/latamjournalismreview.org\/pt-br\/wp-json\/wp\/v2\/posts"}],"about":[{"href":"https:\/\/latamjournalismreview.org\/pt-br\/wp-json\/wp\/v2\/types\/post"}],"author":[{"embeddable":true,"href":"https:\/\/latamjournalismreview.org\/pt-br\/wp-json\/wp\/v2\/users\/68"}],"replies":[{"embeddable":true,"href":"https:\/\/latamjournalismreview.org\/pt-br\/wp-json\/wp\/v2\/comments?post=85750"}],"version-history":[{"count":3,"href":"https:\/\/latamjournalismreview.org\/pt-br\/wp-json\/wp\/v2\/posts\/85750\/revisions"}],"predecessor-version":[{"id":85776,"href":"https:\/\/latamjournalismreview.org\/pt-br\/wp-json\/wp\/v2\/posts\/85750\/revisions\/85776"}],"wp:featuredmedia":[{"embeddable":true,"href":"https:\/\/latamjournalismreview.org\/pt-br\/wp-json\/wp\/v2\/media\/85740"}],"wp:attachment":[{"href":"https:\/\/latamjournalismreview.org\/pt-br\/wp-json\/wp\/v2\/media?parent=85750"}],"wp:term":[{"taxonomy":"category","embeddable":true,"href":"https:\/\/latamjournalismreview.org\/pt-br\/wp-json\/wp\/v2\/categories?post=85750"},{"taxonomy":"post_tag","embeddable":true,"href":"https:\/\/latamjournalismreview.org\/pt-br\/wp-json\/wp\/v2\/tags?post=85750"},{"taxonomy":"author","embeddable":true,"href":"https:\/\/latamjournalismreview.org\/pt-br\/wp-json\/wp\/v2\/coauthors?post=85750"}],"curies":[{"name":"wp","href":"https:\/\/api.w.org\/{rel}","templated":true}]}}