{"id":86468,"date":"2024-04-17T13:41:40","date_gmt":"2024-04-17T18:41:40","guid":{"rendered":"https:\/\/latamjournalismreview.org\/?p=86468"},"modified":"2024-04-19T15:53:51","modified_gmt":"2024-04-19T20:53:51","slug":"jornalismo-local-e-de-solucoes-pode-ser-a-saida-para-a-polarizacao-dizem-painelistas-do-25o-isoj","status":"publish","type":"post","link":"https:\/\/latamjournalismreview.org\/pt-br\/articles\/jornalismo-local-e-de-solucoes-pode-ser-a-saida-para-a-polarizacao-dizem-painelistas-do-25o-isoj\/","title":{"rendered":"Jornalismo local e de solu\u00e7\u00f5es pode ser a sa\u00edda para a polariza\u00e7\u00e3o, dizem painelistas do 25\u00ba ISOJ"},"content":{"rendered":"<p>Em um mundo cada vez mais polarizado, o jornalismo pode oferecer uma maneira de enfrentar esse desafio? Para participantes do 25\u00ba Simp\u00f3sio Internacional de Jornalismo Online (ISOJ), produzir mais hist\u00f3rias de jornalismo de solu\u00e7\u00f5es, oferecer ao p\u00fablico espa\u00e7os para participar da vida p\u00fablica ou fazer reportagens com uma abordagem diferente do tipo \"eles x n\u00f3s\" fazem parte desse caminho.<\/p>\n<p><a href=\"https:\/\/isoj.org\/speakers-2024\/amy-mitchell\/\"><u>Amy Mitchell<\/u><\/a>, moderadora do painel \"Como o jornalismo e as plataformas devem abordar de forma construtiva o desafio global da polariza\u00e7\u00e3o?\", come\u00e7ou destacando que \"\u00e9 f\u00e1cil apontar o dedo para onde est\u00e1 o problema\", mas que, em vez disso, devemos olhar para onde est\u00e3o os pontos de converg\u00eancia para oferecer solu\u00e7\u00f5es. Mitchell \u00e9 diretora executiva fundadora do Center for News, Technology &amp; Innovation (CNTI).<\/p>\n<p><a href=\"https:\/\/isoj.org\/speakers-2024\/richard-gingras\/\"><u>Richard Gingras<\/u><\/a>, vice-presidente de not\u00edcias do Google, acredita que o foco nas necessidades de not\u00edcias das comunidades que \"transcendem a divis\u00e3o pol\u00edtica\" pode n\u00e3o apenas enfrentar o desafio da polariza\u00e7\u00e3o, mas tamb\u00e9m pode ser o caminho para \"encontrar sucesso e sustentabilidade nas not\u00edcias locais\".<\/p>\n<p>Nas \u00faltimas d\u00e9cadas, Gingras observou que as \u00e1reas em que as not\u00edcias locais encontraram sustentabilidade s\u00e3o aquelas em que a m\u00eddia adotou uma \"abordagem mais hol\u00edstica da comunidade\". A m\u00eddia, segundo ele, n\u00e3o deve se concentrar exclusivamente no jornalismo de presta\u00e7\u00e3o de contas \u2013 que \u00e9 importante, de acordo com Gingras \u2013 mas deve se concentrar em quest\u00f5es locais. Caso contr\u00e1rio, disse ele, a m\u00eddia est\u00e1 perdendo oportunidades em n\u00edvel local.<\/p>\n<p>\"Se voc\u00ea observar o tr\u00e1fego [de visitantes nos sites locais], os obitu\u00e1rios ainda s\u00e3o importantes \u2013 e, a prop\u00f3sito, as funer\u00e1rias anunciam. Os esportes locais s\u00e3o importantes, os eventos comunit\u00e1rios s\u00e3o importantes e eles atravessam a comunidade\", disse Gingras. \"Quando conversei com as pessoas que est\u00e3o indo bem, elas reconheceram que o que est\u00e3o fazendo ao fornecer essas informa\u00e7\u00f5es \u00e9 construir um tecido comunit\u00e1rio que atravessa a divis\u00e3o. E qu\u00e3o poderoso \u00e9 isso?\"<\/p>\n<p>De acordo com Gingras, a supera\u00e7\u00e3o da divis\u00e3o permite o envolvimento e a participa\u00e7\u00e3o do p\u00fablico nos meios de not\u00edcias. Isso tamb\u00e9m permitiria que a m\u00eddia local se afastasse da depend\u00eancia da filantropia para se sustentar.<\/p>\n<p>\"Como constru\u00edmos esse modelo sustent\u00e1vel que seja importante para a comunidade, que agregue valor \u00e0 comunidade e permita que ela se entenda e tenha uma ideia melhor de como abordar as quest\u00f5es mais complicadas de sua comunidade, que s\u00e3o de natureza pol\u00edtica?\", perguntou Gingras.<\/p>\n<p>&nbsp;<\/p>\n<div id=\"attachment_86449\" style=\"width: 710px\" class=\"wp-caption aligncenter\"><img loading=\"lazy\" decoding=\"async\" aria-describedby=\"caption-attachment-86449\" class=\"wp-image-86449\" src=\"https:\/\/latamjournalismreview.org\/wp-content\/uploads\/2024\/04\/53649933378_532ee6bd31_k-1024x683.jpg\" alt=\"Journalists in front of an audience during ISOJ\" width=\"700\" height=\"467\" srcset=\"https:\/\/latamjournalismreview.org\/wp-content\/uploads\/2024\/04\/53649933378_532ee6bd31_k-1024x683.jpg 1024w, https:\/\/latamjournalismreview.org\/wp-content\/uploads\/2024\/04\/53649933378_532ee6bd31_k-300x200.jpg 300w, https:\/\/latamjournalismreview.org\/wp-content\/uploads\/2024\/04\/53649933378_532ee6bd31_k-768x512.jpg 768w, https:\/\/latamjournalismreview.org\/wp-content\/uploads\/2024\/04\/53649933378_532ee6bd31_k-1536x1024.jpg 1536w, https:\/\/latamjournalismreview.org\/wp-content\/uploads\/2024\/04\/53649933378_532ee6bd31_k-350x234.jpg 350w, https:\/\/latamjournalismreview.org\/wp-content\/uploads\/2024\/04\/53649933378_532ee6bd31_k.jpg 2048w\" sizes=\"auto, (max-width: 700px) 100vw, 700px\" \/><p id=\"caption-attachment-86449\" class=\"wp-caption-text\">M\u00f3nica Guzm\u00e1n fala durante o painel \"Como o jornalismo e as plataformas devem abordar de forma construtiva o desafio global da polariza\u00e7\u00e3o?\" no 25\u00ba ISOJ. No palco tamb\u00e9m est\u00e3o Amy Mitchell, Tina Rosenberg, Richard Gingras e Sonal Shah. (Foto: Patricia Lim\/ Centro Knight)<\/p><\/div>\n<p>&nbsp;<\/p>\n<p>&nbsp;<\/p>\n<p>Outro ponto de Gingras est\u00e1 relacionado \u00e0 cria\u00e7\u00e3o de mundos \"n\u00f3s contra eles\", que a pr\u00f3pria m\u00eddia \u00e0s vezes ajuda a criar.<\/p>\n<p>\"O medo muda e endurece nossas percep\u00e7\u00f5es da realidade, nossas percep\u00e7\u00f5es de quem somos e como percebemos uns aos outros. O medo afasta os pa\u00edses dos princ\u00edpios democr\u00e1ticos e os leva a regimes autorit\u00e1rios\", disse Gingras sobre como a pol\u00edtica do medo tem sido usada como uma \"ferramenta poderosa\".<\/p>\n<p>Por essa mesma raz\u00e3o, os seres humanos se alinham \u00e0quelas pessoas \u2013 e \u00e0 m\u00eddia \u2013 que acompanham sua maneira de ver o mundo. Os seres humanos, continuou ele, s\u00e3o movidos mais pela emo\u00e7\u00e3o do que pela raz\u00e3o. E a m\u00eddia, por sua vez, aumentou sua oferta de opini\u00f5es em vez de conte\u00fado noticioso.<\/p>\n<p>\"Infelizmente, nossa esp\u00e9cie \u00e9 mais facilmente estimulada pela emo\u00e7\u00e3o do que pela raz\u00e3o. Preferimos que nossos preconceitos sejam confirmados. A afirma\u00e7\u00e3o \u00e9 mais satisfat\u00f3ria do que a informa\u00e7\u00e3o\", disse ele.<\/p>\n<p>Para Gingras, a m\u00eddia tem errado ao pensar que seu p\u00fablico pode diferenciar entre opini\u00e3o e informa\u00e7\u00e3o baseada em fatos.<\/p>\n<p>\"Se eles [o p\u00fablico] n\u00e3o concordarem com suas opini\u00f5es, n\u00e3o aceitar\u00e3o a cobertura baseada em fatos que voc\u00ea lhes d\u00e1\", disse ele.<\/p>\n<p>Ele tamb\u00e9m pediu uma an\u00e1lise de v\u00e1rios aspectos do jornalismo, como o tipo de linguagem utilizada. Por exemplo, a maneira como os crimes s\u00e3o relatados ou at\u00e9 mesmo os protestos. Esses \u00faltimos geralmente t\u00eam palavras relacionadas a fogo ou destrui\u00e7\u00e3o.<\/p>\n<p>Por fim, ele destacou que as perguntas que precisam fazer parte do debate n\u00e3o s\u00e3o direcionadas apenas \u00e0 m\u00eddia, mas \u00e0s plataformas e seus algoritmos.<\/p>\n<p>\"Como os algoritmos e o aprendizado de m\u00e1quina podem refletir fontes autorizadas e precisas e refletir a diversidade de normas e perspectivas em uma sociedade? Como podemos fornecer recursos que ajudem os usu\u00e1rios a entender como pensar e n\u00e3o ser percebidos como se estivessem dizendo a eles o que pensar? As respostas n\u00e3o s\u00e3o f\u00e1ceis. E n\u00e3o as encontraremos sem fazer perguntas dif\u00edceis\", disse ele.<\/p>\n<p><a href=\"https:\/\/isoj.org\/speakers-2024\/monica-guzman\/\"><u>Monica Guzman<\/u><\/a>, pesquisadora s\u00eanior de pr\u00e1ticas p\u00fablicas da Braver Angels, falou sobre diferentes projetos da organiza\u00e7\u00e3o sem fins lucrativos e suprapartid\u00e1ria que se concentra na despolariza\u00e7\u00e3o pol\u00edtica.<\/p>\n<p>Nos \u00faltimos anos, explicou ela, sentiu \"um chamado compulsivo\" para trabalhar em espa\u00e7os de conex\u00e3o, na \"constru\u00e7\u00e3o de pontes\". A quest\u00e3o se tornou t\u00e3o pessoal que ela escreveu o livro \"I Never Thought of It That Way\" (\u201cNunca pensei nisso dessa forma\u201d) com base em sua experi\u00eancia familiar: pais com vis\u00f5es pol\u00edticas totalmente opostas \u00e0s suas.<\/p>\n<p>No entanto, nessa jornada, ela descobriu que h\u00e1 pontos em comum. Um exerc\u00edcio que tamb\u00e9m pode ser replicado em n\u00edvel comunit\u00e1rio. Guzm\u00e1n disse que \"mesmo nas discord\u00e2ncias mais angustiantes, as pessoas conseguem esclarecer algo, n\u00e3o para mudar a opini\u00e3o das pessoas, mas para esclarecer algum entendimento\".<\/p>\n<p>Para Guzm\u00e1n, o principal problema que leva a essa polariza\u00e7\u00e3o \u00e9 o julgamento constante do outro sem estar realmente informado sobre o que o outro est\u00e1 pensando. \"Como podemos querer estar informados quando n\u00e3o estamos informados sobre o outro?\", disse ele.<\/p>\n<p>Ela explicou que seu trabalho lhe permitiu enxergar tr\u00eas caminhos que levam \u00e0 divis\u00e3o, que podem ser traduzidos como triagem (<em>sorting<\/em>), alteridade (<em>othering<\/em>) e isolamento (<em>siloing<\/em>). Os seres humanos tendem a se cercar de pessoas que pensam de forma semelhante a eles. Quando voc\u00ea est\u00e1 nesse grupo, come\u00e7a a colocar dist\u00e2ncia entre \"n\u00f3s e eles\". Por fim, cada pessoa fica isolada de outras perspectivas. Isso \u00e9 muito facilitado pela internet e pelas redes sociais que criam bolhas de pensamento.<\/p>\n<p>\"Isso restringe nossa vis\u00e3o do mundo e, ao mesmo tempo, nos convence de que estamos vendo o suficiente. Parte do problema \u00e9 que estamos t\u00e3o divididos que ficamos cegos\", disse Guzman. \"Acho que a pergunta que pode ser realmente revolucion\u00e1ria \u00e9: de que tipo de pessoas eu falo, mas nunca falo com elas?\u201d<\/p>\n<p>Para Guzm\u00e1n, o p\u00fablico deve ser convidado a responder exatamente a essa pergunta. Uma pergunta que ela considera especialmente importante porque esconde esta verdade inc\u00f4moda: \"neste mundo dividido, quem quer que esteja sub-representado em sua vida estar\u00e1 super-representado em sua imagina\u00e7\u00e3o\".<\/p>\n<p>A pesquisa de Guzman permitiu que ela estabelecesse sete maneiras de os indiv\u00edduos sa\u00edrem de suas imagina\u00e7\u00f5es e verem a realidade: 1) questionar suas certezas, 2) questionar seus medos, 3) questionar suas suposi\u00e7\u00f5es sobre outras pessoas, 4) questionar suposi\u00e7\u00f5es sobre motivos, 5) as pessoas s\u00f3 ouvem quando s\u00e3o ouvidas, 6) revelar experi\u00eancias (como uma pessoa chegou a pensar o que pensa) e 7) revelar seus valores.<\/p>\n<p>\"O que minha pesquisa conclui \u00e9 que todos n\u00f3s compartilhamos os mesmos valores, apenas os priorizamos de forma diferente\", disse Guzman.<\/p>\n<p>Para\u00a0<a href=\"https:\/\/isoj.org\/speakers-2024\/tina-rosenberg\/\"><u>Tina Rosenberg<\/u><\/a>, cofundadora da Solutions Journalism Network (Rede de Jornalismo de Solu\u00e7\u00f5es), as estrat\u00e9gias e os princ\u00edpios que podem ser dados para romper com a polariza\u00e7\u00e3o devem, antes de mais nada, se concentrar no jornalismo local. Portanto, a primeira li\u00e7\u00e3o \u00e9 salvar o jornalismo local.<\/p>\n<p>\"Quando as not\u00edcias locais desaparecem, as not\u00edcias nacionais entram em cena, e o que queremos, como disse Richard (Gingras), \u00e9 cobrir nossas comunidades desde o nascimento at\u00e9 o obitu\u00e1rio\", disse Rosenberg. \"\u00c9 algo que todos n\u00f3s temos em comum e que pode nos unir. Quando estivermos divididos, se n\u00e3o nacionalizarmos essas quest\u00f5es, se nos concentrarmos no que \u00e9 importante localmente, isso ajudar\u00e1 a nos despolarizar.\"<\/p>\n<p>Rosenberg explicou que as hist\u00f3rias de jornalismo de solu\u00e7\u00f5es permitem que a comunidade veja que as experi\u00eancias que funcionaram em outros lugares talvez possam funcionar em seu pr\u00f3prio pa\u00eds. O Seattle Times fez isso ao apresentar projetos em outros estados para melhorar a educa\u00e7\u00e3o, talvez uma das quest\u00f5es mais polarizadoras.<\/p>\n<p>Para Rosenberg, uma das vantagens do jornalismo de solu\u00e7\u00f5es \u00e9 a capacidade de informar al\u00e9m dos estere\u00f3tipos. Ela explicou que as comunidades marginalizadas s\u00e3o frequentemente cobertas por estere\u00f3tipos que tentam definir as comunidades.<\/p>\n<p>\"As pessoas querem se sentir refletidas e respeitadas pelas not\u00edcias e, quando isso n\u00e3o acontece, quando sentem que as elites da m\u00eddia as est\u00e3o menosprezando e humilhando, isso \u00e9 polarizador\", disse Rosenberg. \"Essa \u00e9 uma grande causa da polariza\u00e7\u00e3o em muitos pa\u00edses atualmente, especialmente nos Estados Unidos, pois as pessoas sentem que as elites as desprezam. E isso se expressa por meio da cobertura da m\u00eddia sobre suas comunidades. Temos de mudar isso.\u201d<\/p>\n<p>Uma maneira de mudar isso, explicou ela, \u00e9 observar o que as pessoas est\u00e3o fazendo para resolver seus pr\u00f3prios problemas em suas comunidades. No entanto, ela explicou que n\u00e3o se trata apenas de publicar hist\u00f3rias de solu\u00e7\u00f5es, mas de fornecer um \"balan\u00e7o\" da situa\u00e7\u00e3o.<\/p>\n<p>\"Voc\u00ea vai escrever sobre problemas, mas tamb\u00e9m devemos escrever sobre as pessoas como agentes, n\u00e3o como v\u00edtimas, n\u00e3o como perpetradoras, mas como agentes de suas pr\u00f3prias vidas. E acho que, dessa forma, a polariza\u00e7\u00e3o se reduz\", disse ela.<\/p>\n<p>A CEO do Texas Tribune,\u00a0<a href=\"https:\/\/isoj.org\/speakers-2024\/sonal-shah\/\"><u>Sonal Shah<\/u><\/a>, concentrou suas observa\u00e7\u00f5es em como as pessoas deixaram de confiar nas institui\u00e7\u00f5es e na democracia em geral, especialmente entre a gera\u00e7\u00e3o Z (pessoas nascidas entre 1995 e 2010). Isso, explicou Shah, deveria ser uma preocupa\u00e7\u00e3o para o jornalismo, j\u00e1 que o jornalismo est\u00e1 ligado \u00e0 democracia.<\/p>\n<p>Shah apresentou alguns n\u00fameros de uma\u00a0<a href=\"https:\/\/www.pewresearch.org\/global\/2024\/02\/28\/representative-democracy-remains-a-popular-ideal-but-people-around-the-world-are-critical-of-how-its-working\/\"><u>pesquisa global<\/u><\/a> sobre como 74% das pessoas acham que as autoridades eleitas n\u00e3o se importam com o que elas precisam. Nos EUA, 40% das pessoas acreditam que o sistema pol\u00edtico deve ser completamente reformulado.<\/p>\n<p>No entanto, a gera\u00e7\u00e3o Z acredita firmemente que tem o poder de mudar o pa\u00eds (76%), e 77% est\u00e3o procurando maneiras de se envolver de forma que possam ajudar na mudan\u00e7a.<\/p>\n<p>\"As pessoas acreditam em seu governo local. Elas n\u00e3o confiam no governo nacional, n\u00e3o confiam no governo estadual, mas confiam no governo local. As pessoas acreditam no jornalismo local porque querem saber como podem se envolver. Elas querem saber como se envolver\", disse Shah.\u00a0 \"Se quisermos que as pessoas participem, temos que entender como dar a elas maneiras de participar. N\u00e3o se trata apenas de votar.\u201d<\/p>\n<p>Shah convidou jornalistas e a m\u00eddia a encontrar pessoas dessa gera\u00e7\u00e3o onde elas est\u00e3o \u2013 nas plataformas \u2013 e conversar para que possam descobrir o que elas est\u00e3o procurando e como podem resolver isso. Especialmente porque essa gera\u00e7\u00e3o geralmente v\u00ea a m\u00eddia e os jornalistas como o elo entre eles e o governo.<\/p>\n<p>\"Mas se isso for verdade, como n\u00f3s, jornalistas, podemos pensar em democratizar o jornalismo para ajudar as pessoas?\", disse Shah, que afirmou que, embora haja muita polariza\u00e7\u00e3o nas plataformas, \"as pessoas tamb\u00e9m est\u00e3o procurando maneiras de se envolver e resolver problemas muito locais\".<\/p>\n<p>&nbsp;<\/p>\n<p><i>O <a href=\"https:\/\/isoj.org\/\" target=\"_blank\" rel=\"noopener noreferrer\"><u>ISOJ<\/u><\/a> \u00e9 uma confer\u00eancia global de jornalismo online organizada pelo\u00a0<a href=\"https:\/\/knightcenter.utexas.edu\/\" target=\"_blank\" rel=\"noopener noreferrer\"><u>Centro Knight para o Jornalismo nas Am\u00e9ricas<\/u><\/a> da Universidade do Texas em Austin. Em 2024, o evento comemora 25 anos reunindo jornalistas, executivos de m\u00eddia e acad\u00eamicos para discutir o impacto da revolu\u00e7\u00e3o digital no jornalismo.<\/i><\/p>\n","protected":false},"excerpt":{"rendered":"<p>Desde a produ\u00e7\u00e3o de mais mat\u00e9rias jornal\u00edsticas com solu\u00e7\u00f5es at\u00e9 a oferta de espa\u00e7os para o p\u00fablico participar da vida p\u00fablica, passando por reportagens com um enfoque diferente do \"eles x n\u00f3s\", painelistas do 25\u00ba ISOJ ofereceram caminhos para sair da polariza\u00e7\u00e3o global.<\/p>\n","protected":false},"author":13,"featured_media":86448,"comment_status":"closed","ping_status":"closed","sticky":false,"template":"","format":"standard","meta":{"inline_featured_image":false,"footnotes":""},"categories":[1346],"tags":[1599],"coauthors":[2741],"class_list":["post-86468","post","type-post","status-publish","format-standard","has-post-thumbnail","hentry","category-isoj-pt-br","tag-polarizacao-pt-br"],"acf":[],"yoast_head":"<!-- This site is optimized with the Yoast SEO Premium plugin v22.6 (Yoast SEO v27.4) - https:\/\/yoast.com\/product\/yoast-seo-premium-wordpress\/ -->\n<title>Jornalismo local e de solu\u00e7\u00f5es pode ser a sa\u00edda para a polariza\u00e7\u00e3o, dizem painelistas do 25\u00ba ISOJ - LatAm Journalism Review by the Knight Center<\/title>\n<meta name=\"description\" content=\"Jornalismo local e de solu\u00e7\u00f5es pode ser a sa\u00edda para a polariza\u00e7\u00e3o, dizem painelistas do 25\u00ba ISOJ ISOJ. Latin American Journalism Review by The Knight Center at The University of Texas at Austin.\" \/>\n<meta name=\"robots\" content=\"index, follow, max-snippet:-1, max-image-preview:large, max-video-preview:-1\" \/>\n<link rel=\"canonical\" href=\"https:\/\/latamjournalismreview.org\/pt-br\/articles\/jornalismo-local-e-de-solucoes-pode-ser-a-saida-para-a-polarizacao-dizem-painelistas-do-25o-isoj\/\" \/>\n<meta property=\"og:locale\" content=\"pt_BR\" \/>\n<meta property=\"og:type\" content=\"article\" \/>\n<meta property=\"og:title\" content=\"Jornalismo local e de solu\u00e7\u00f5es pode ser a sa\u00edda para a polariza\u00e7\u00e3o, dizem painelistas do 25\u00ba ISOJ\" \/>\n<meta property=\"og:description\" content=\"Jornalismo local e de solu\u00e7\u00f5es pode ser a sa\u00edda para a polariza\u00e7\u00e3o, dizem painelistas do 25\u00ba ISOJ ISOJ. Latin American Journalism Review by The Knight Center at The University of Texas at Austin.\" \/>\n<meta property=\"og:url\" content=\"https:\/\/latamjournalismreview.org\/pt-br\/articles\/jornalismo-local-e-de-solucoes-pode-ser-a-saida-para-a-polarizacao-dizem-painelistas-do-25o-isoj\/\" \/>\n<meta property=\"og:site_name\" content=\"LatAm Journalism Review by the Knight Center\" \/>\n<meta property=\"article:published_time\" content=\"2024-04-17T18:41:40+00:00\" \/>\n<meta property=\"article:modified_time\" content=\"2024-04-19T20:53:51+00:00\" \/>\n<meta property=\"og:image\" content=\"https:\/\/latamjournalismreview.org\/wp-content\/uploads\/2024\/04\/53649933378_532ee6bd31_k.jpg\" \/>\n\t<meta property=\"og:image:width\" content=\"2048\" \/>\n\t<meta property=\"og:image:height\" content=\"1365\" \/>\n\t<meta property=\"og:image:type\" content=\"image\/jpeg\" \/>\n<meta name=\"author\" content=\"Silvia Higuera\" \/>\n<meta name=\"twitter:card\" content=\"summary_large_image\" \/>\n<meta name=\"twitter:creator\" content=\"@shiguerita\" \/>\n<meta name=\"twitter:site\" content=\"@LatAmJournalism\" \/>\n<meta name=\"twitter:label1\" content=\"Written by\" \/>\n\t<meta name=\"twitter:data1\" content=\"Silvia Higuera\" \/>\n\t<meta name=\"twitter:label2\" content=\"Est. reading time\" \/>\n\t<meta name=\"twitter:data2\" content=\"10 minutos\" \/>\n<script type=\"application\/ld+json\" class=\"yoast-schema-graph\">{\"@context\":\"https:\\\/\\\/schema.org\",\"@graph\":[{\"@type\":\"Article\",\"@id\":\"https:\\\/\\\/latamjournalismreview.org\\\/pt-br\\\/articles\\\/jornalismo-local-e-de-solucoes-pode-ser-a-saida-para-a-polarizacao-dizem-painelistas-do-25o-isoj\\\/#article\",\"isPartOf\":{\"@id\":\"https:\\\/\\\/latamjournalismreview.org\\\/pt-br\\\/articles\\\/jornalismo-local-e-de-solucoes-pode-ser-a-saida-para-a-polarizacao-dizem-painelistas-do-25o-isoj\\\/\"},\"author\":{\"name\":\"Silvia Higuera\",\"@id\":\"https:\\\/\\\/latamjournalismreview.org\\\/pt-br\\\/#\\\/schema\\\/person\\\/eac7baa6afada0957e047be9fc15703a\"},\"headline\":\"Jornalismo local e de solu\u00e7\u00f5es pode ser a sa\u00edda para a polariza\u00e7\u00e3o, dizem painelistas do 25\u00ba ISOJ\",\"datePublished\":\"2024-04-17T18:41:40+00:00\",\"dateModified\":\"2024-04-19T20:53:51+00:00\",\"mainEntityOfPage\":{\"@id\":\"https:\\\/\\\/latamjournalismreview.org\\\/pt-br\\\/articles\\\/jornalismo-local-e-de-solucoes-pode-ser-a-saida-para-a-polarizacao-dizem-painelistas-do-25o-isoj\\\/\"},\"wordCount\":2086,\"publisher\":{\"@id\":\"https:\\\/\\\/latamjournalismreview.org\\\/pt-br\\\/#organization\"},\"image\":{\"@id\":\"https:\\\/\\\/latamjournalismreview.org\\\/pt-br\\\/articles\\\/jornalismo-local-e-de-solucoes-pode-ser-a-saida-para-a-polarizacao-dizem-painelistas-do-25o-isoj\\\/#primaryimage\"},\"thumbnailUrl\":\"https:\\\/\\\/latamjournalismreview.org\\\/wp-content\\\/uploads\\\/2024\\\/04\\\/53649933378_532ee6bd31_k.jpg\",\"keywords\":[\"Polariza\u00e7\u00e3o\"],\"articleSection\":[\"ISOJ\"],\"inLanguage\":\"pt-BR\"},{\"@type\":\"WebPage\",\"@id\":\"https:\\\/\\\/latamjournalismreview.org\\\/pt-br\\\/articles\\\/jornalismo-local-e-de-solucoes-pode-ser-a-saida-para-a-polarizacao-dizem-painelistas-do-25o-isoj\\\/\",\"url\":\"https:\\\/\\\/latamjournalismreview.org\\\/pt-br\\\/articles\\\/jornalismo-local-e-de-solucoes-pode-ser-a-saida-para-a-polarizacao-dizem-painelistas-do-25o-isoj\\\/\",\"name\":\"Jornalismo local e de solu\u00e7\u00f5es pode ser a sa\u00edda para a polariza\u00e7\u00e3o, dizem painelistas do 25\u00ba ISOJ - LatAm Journalism Review by the Knight Center\",\"isPartOf\":{\"@id\":\"https:\\\/\\\/latamjournalismreview.org\\\/pt-br\\\/#website\"},\"primaryImageOfPage\":{\"@id\":\"https:\\\/\\\/latamjournalismreview.org\\\/pt-br\\\/articles\\\/jornalismo-local-e-de-solucoes-pode-ser-a-saida-para-a-polarizacao-dizem-painelistas-do-25o-isoj\\\/#primaryimage\"},\"image\":{\"@id\":\"https:\\\/\\\/latamjournalismreview.org\\\/pt-br\\\/articles\\\/jornalismo-local-e-de-solucoes-pode-ser-a-saida-para-a-polarizacao-dizem-painelistas-do-25o-isoj\\\/#primaryimage\"},\"thumbnailUrl\":\"https:\\\/\\\/latamjournalismreview.org\\\/wp-content\\\/uploads\\\/2024\\\/04\\\/53649933378_532ee6bd31_k.jpg\",\"datePublished\":\"2024-04-17T18:41:40+00:00\",\"dateModified\":\"2024-04-19T20:53:51+00:00\",\"description\":\"Jornalismo local e de solu\u00e7\u00f5es pode ser a sa\u00edda para a polariza\u00e7\u00e3o, dizem painelistas do 25\u00ba ISOJ ISOJ. Latin American Journalism Review by The Knight Center at The University of Texas at Austin.\",\"breadcrumb\":{\"@id\":\"https:\\\/\\\/latamjournalismreview.org\\\/pt-br\\\/articles\\\/jornalismo-local-e-de-solucoes-pode-ser-a-saida-para-a-polarizacao-dizem-painelistas-do-25o-isoj\\\/#breadcrumb\"},\"inLanguage\":\"pt-BR\",\"potentialAction\":[{\"@type\":\"ReadAction\",\"target\":[\"https:\\\/\\\/latamjournalismreview.org\\\/pt-br\\\/articles\\\/jornalismo-local-e-de-solucoes-pode-ser-a-saida-para-a-polarizacao-dizem-painelistas-do-25o-isoj\\\/\"]}]},{\"@type\":\"ImageObject\",\"inLanguage\":\"pt-BR\",\"@id\":\"https:\\\/\\\/latamjournalismreview.org\\\/pt-br\\\/articles\\\/jornalismo-local-e-de-solucoes-pode-ser-a-saida-para-a-polarizacao-dizem-painelistas-do-25o-isoj\\\/#primaryimage\",\"url\":\"https:\\\/\\\/latamjournalismreview.org\\\/wp-content\\\/uploads\\\/2024\\\/04\\\/53649933378_532ee6bd31_k.jpg\",\"contentUrl\":\"https:\\\/\\\/latamjournalismreview.org\\\/wp-content\\\/uploads\\\/2024\\\/04\\\/53649933378_532ee6bd31_k.jpg\",\"width\":2048,\"height\":1365,\"caption\":\"\u201cHow should journalism and platforms constructively address the global challenge of polarization?\u201d Panel during the 25th ISOJ. (Patricia Lim\\\/Knight Center)\"},{\"@type\":\"BreadcrumbList\",\"@id\":\"https:\\\/\\\/latamjournalismreview.org\\\/pt-br\\\/articles\\\/jornalismo-local-e-de-solucoes-pode-ser-a-saida-para-a-polarizacao-dizem-painelistas-do-25o-isoj\\\/#breadcrumb\",\"itemListElement\":[{\"@type\":\"ListItem\",\"position\":1,\"name\":\"Home\",\"item\":\"https:\\\/\\\/latamjournalismreview.org\\\/pt-br\\\/\"},{\"@type\":\"ListItem\",\"position\":2,\"name\":\"Jornalismo local e de solu\u00e7\u00f5es pode ser a sa\u00edda para a polariza\u00e7\u00e3o, dizem painelistas do 25\u00ba ISOJ\"}]},{\"@type\":\"WebSite\",\"@id\":\"https:\\\/\\\/latamjournalismreview.org\\\/pt-br\\\/#website\",\"url\":\"https:\\\/\\\/latamjournalismreview.org\\\/pt-br\\\/\",\"name\":\"LatAm Journalism Review\",\"description\":\"Digital magazine on journalism in Latin America\",\"publisher\":{\"@id\":\"https:\\\/\\\/latamjournalismreview.org\\\/pt-br\\\/#organization\"},\"potentialAction\":[{\"@type\":\"SearchAction\",\"target\":{\"@type\":\"EntryPoint\",\"urlTemplate\":\"https:\\\/\\\/latamjournalismreview.org\\\/pt-br\\\/?s={search_term_string}\"},\"query-input\":{\"@type\":\"PropertyValueSpecification\",\"valueRequired\":true,\"valueName\":\"search_term_string\"}}],\"inLanguage\":\"pt-BR\"},{\"@type\":\"Organization\",\"@id\":\"https:\\\/\\\/latamjournalismreview.org\\\/pt-br\\\/#organization\",\"name\":\"LatAm Journalism Review\",\"url\":\"https:\\\/\\\/latamjournalismreview.org\\\/pt-br\\\/\",\"logo\":{\"@type\":\"ImageObject\",\"inLanguage\":\"pt-BR\",\"@id\":\"https:\\\/\\\/latamjournalismreview.org\\\/pt-br\\\/#\\\/schema\\\/logo\\\/image\\\/\",\"url\":\"https:\\\/\\\/latamjournalismreview.org\\\/wp-content\\\/uploads\\\/2020\\\/05\\\/knight-latAm-review-logo.svg\",\"contentUrl\":\"https:\\\/\\\/latamjournalismreview.org\\\/wp-content\\\/uploads\\\/2020\\\/05\\\/knight-latAm-review-logo.svg\",\"width\":\"1024\",\"height\":\"1024\",\"caption\":\"LatAm Journalism Review\"},\"image\":{\"@id\":\"https:\\\/\\\/latamjournalismreview.org\\\/pt-br\\\/#\\\/schema\\\/logo\\\/image\\\/\"},\"sameAs\":[\"https:\\\/\\\/x.com\\\/LatAmJournalism\"]},{\"@type\":\"Person\",\"@id\":\"https:\\\/\\\/latamjournalismreview.org\\\/pt-br\\\/#\\\/schema\\\/person\\\/eac7baa6afada0957e047be9fc15703a\",\"name\":\"Silvia Higuera\",\"description\":\"Silvia A. Higuera Fl\u00f3rez is a Colombian journalist interested in covering Latin American issues and human rights, especially the right to freedom of expression, and investigative journalism. She studied Social Communication and Journalism at Universidad Pontificia Bolivariana in Bucaramanga (Colombia), and received her Master's of Arts in Journalism from the University of Texas at Austin in 2015. She worked with the Office of the Special Rapporteur for Freedom of Expression of the Inter-American Commission on Human Rights (IACHR) under the Orlando Sierra fellowship during 2014. She also worked for the Colombian newspaper Vanguardia Liberal and wrote for different magazines about local, economic and public order issues. Her work has also appeared in The Miami Herald and El Nuevo Herald of Miami. Email: silvia.knightcenter@gmail.com Silvia A. Higuera Fl\u00f3rez es una periodista colombiana con inter\u00e9s period\u00edstico es Am\u00e9rica Latina y los derechos humanos, particularmente el derecho a la libertad de expresi\u00f3n, as\u00ed como el periodismo de investigaci\u00f3n. Estudi\u00f3 Comunicaci\u00f3n Social \u2013 Periodismo en la Universidad Pontificia Bolivariana de Bucaramanga (Colombia), y recibi\u00f3 su maestr\u00eda en Periodismo en la Universidad de Texas, en Austin en 2015. Trabaj\u00f3 para la Relator\u00eda Especial para la Libertad de Expresi\u00f3n de la Comisi\u00f3n Interamericana de Derechos Humanos (CIDH) en el marco de la beca Orlando Sierra, durante 2014. Tambi\u00e9n hizo parte del diario Vanguardia Liberal y escribi\u00f3 para otras revistas colombianas cubriendo fuentes locales, econ\u00f3micas y judiciales. Algunos de sus trabajos han aparecido en The Miami Herald y El Nuevo Herald de Miami. Silvia A. Higuera Fl\u00f3rez \u00e9 uma jornalista colombiana e seu interesse jornal\u00edstico \u00e9 a Am\u00e9rica Latina e os direitos humanos, nomeadamente o direito \u00e0 liberdade de express\u00e3o. Estudou Comunica\u00e7\u00e3o Social \u2013 Jornalismo na Universidade Pontif\u00edcia Bolivariana de Bucaramanga, na Col\u00f4mbia e completou seu mestrado em jornalismo na Universidade do Texas em Austin. Silvia trabalhou na Relatoria para a Liberdade de Express\u00e3o da CIDH pela bolsa Orlando Sierra, em 2014. Trabalhou para o jornal Vanguardia Liberal e escreveu para outras revistas colombianas cobrindo temas locais, econ\u00f4micas e judici\u00e1rias. Alguns de seus trabalhos apareceram no The Miami Herald e no El Nuevo Herald de Miami.\",\"sameAs\":[\"https:\\\/\\\/x.com\\\/shiguerita\"],\"url\":\"https:\\\/\\\/latamjournalismreview.org\\\/pt-br\\\/articles\\\/author\\\/silvia-higuera\\\/\"}]}<\/script>\n<!-- \/ Yoast SEO Premium plugin. -->","yoast_head_json":{"title":"Jornalismo local e de solu\u00e7\u00f5es pode ser a sa\u00edda para a polariza\u00e7\u00e3o, dizem painelistas do 25\u00ba ISOJ - LatAm Journalism Review by the Knight Center","description":"Jornalismo local e de solu\u00e7\u00f5es pode ser a sa\u00edda para a polariza\u00e7\u00e3o, dizem painelistas do 25\u00ba ISOJ ISOJ. Latin American Journalism Review by The Knight Center at The University of Texas at Austin.","robots":{"index":"index","follow":"follow","max-snippet":"max-snippet:-1","max-image-preview":"max-image-preview:large","max-video-preview":"max-video-preview:-1"},"canonical":"https:\/\/latamjournalismreview.org\/pt-br\/articles\/jornalismo-local-e-de-solucoes-pode-ser-a-saida-para-a-polarizacao-dizem-painelistas-do-25o-isoj\/","og_locale":"pt_BR","og_type":"article","og_title":"Jornalismo local e de solu\u00e7\u00f5es pode ser a sa\u00edda para a polariza\u00e7\u00e3o, dizem painelistas do 25\u00ba ISOJ","og_description":"Jornalismo local e de solu\u00e7\u00f5es pode ser a sa\u00edda para a polariza\u00e7\u00e3o, dizem painelistas do 25\u00ba ISOJ ISOJ. Latin American Journalism Review by The Knight Center at The University of Texas at Austin.","og_url":"https:\/\/latamjournalismreview.org\/pt-br\/articles\/jornalismo-local-e-de-solucoes-pode-ser-a-saida-para-a-polarizacao-dizem-painelistas-do-25o-isoj\/","og_site_name":"LatAm Journalism Review by the Knight Center","article_published_time":"2024-04-17T18:41:40+00:00","article_modified_time":"2024-04-19T20:53:51+00:00","og_image":[{"width":2048,"height":1365,"url":"https:\/\/latamjournalismreview.org\/wp-content\/uploads\/2024\/04\/53649933378_532ee6bd31_k.jpg","type":"image\/jpeg"}],"author":"Silvia Higuera","twitter_card":"summary_large_image","twitter_creator":"@shiguerita","twitter_site":"@LatAmJournalism","twitter_misc":{"Written by":"Silvia Higuera","Est. reading time":"10 minutos"},"schema":{"@context":"https:\/\/schema.org","@graph":[{"@type":"Article","@id":"https:\/\/latamjournalismreview.org\/pt-br\/articles\/jornalismo-local-e-de-solucoes-pode-ser-a-saida-para-a-polarizacao-dizem-painelistas-do-25o-isoj\/#article","isPartOf":{"@id":"https:\/\/latamjournalismreview.org\/pt-br\/articles\/jornalismo-local-e-de-solucoes-pode-ser-a-saida-para-a-polarizacao-dizem-painelistas-do-25o-isoj\/"},"author":{"name":"Silvia Higuera","@id":"https:\/\/latamjournalismreview.org\/pt-br\/#\/schema\/person\/eac7baa6afada0957e047be9fc15703a"},"headline":"Jornalismo local e de solu\u00e7\u00f5es pode ser a sa\u00edda para a polariza\u00e7\u00e3o, dizem painelistas do 25\u00ba ISOJ","datePublished":"2024-04-17T18:41:40+00:00","dateModified":"2024-04-19T20:53:51+00:00","mainEntityOfPage":{"@id":"https:\/\/latamjournalismreview.org\/pt-br\/articles\/jornalismo-local-e-de-solucoes-pode-ser-a-saida-para-a-polarizacao-dizem-painelistas-do-25o-isoj\/"},"wordCount":2086,"publisher":{"@id":"https:\/\/latamjournalismreview.org\/pt-br\/#organization"},"image":{"@id":"https:\/\/latamjournalismreview.org\/pt-br\/articles\/jornalismo-local-e-de-solucoes-pode-ser-a-saida-para-a-polarizacao-dizem-painelistas-do-25o-isoj\/#primaryimage"},"thumbnailUrl":"https:\/\/latamjournalismreview.org\/wp-content\/uploads\/2024\/04\/53649933378_532ee6bd31_k.jpg","keywords":["Polariza\u00e7\u00e3o"],"articleSection":["ISOJ"],"inLanguage":"pt-BR"},{"@type":"WebPage","@id":"https:\/\/latamjournalismreview.org\/pt-br\/articles\/jornalismo-local-e-de-solucoes-pode-ser-a-saida-para-a-polarizacao-dizem-painelistas-do-25o-isoj\/","url":"https:\/\/latamjournalismreview.org\/pt-br\/articles\/jornalismo-local-e-de-solucoes-pode-ser-a-saida-para-a-polarizacao-dizem-painelistas-do-25o-isoj\/","name":"Jornalismo local e de solu\u00e7\u00f5es pode ser a sa\u00edda para a polariza\u00e7\u00e3o, dizem painelistas do 25\u00ba ISOJ - LatAm Journalism Review by the Knight Center","isPartOf":{"@id":"https:\/\/latamjournalismreview.org\/pt-br\/#website"},"primaryImageOfPage":{"@id":"https:\/\/latamjournalismreview.org\/pt-br\/articles\/jornalismo-local-e-de-solucoes-pode-ser-a-saida-para-a-polarizacao-dizem-painelistas-do-25o-isoj\/#primaryimage"},"image":{"@id":"https:\/\/latamjournalismreview.org\/pt-br\/articles\/jornalismo-local-e-de-solucoes-pode-ser-a-saida-para-a-polarizacao-dizem-painelistas-do-25o-isoj\/#primaryimage"},"thumbnailUrl":"https:\/\/latamjournalismreview.org\/wp-content\/uploads\/2024\/04\/53649933378_532ee6bd31_k.jpg","datePublished":"2024-04-17T18:41:40+00:00","dateModified":"2024-04-19T20:53:51+00:00","description":"Jornalismo local e de solu\u00e7\u00f5es pode ser a sa\u00edda para a polariza\u00e7\u00e3o, dizem painelistas do 25\u00ba ISOJ ISOJ. Latin American Journalism Review by The Knight Center at The University of Texas at Austin.","breadcrumb":{"@id":"https:\/\/latamjournalismreview.org\/pt-br\/articles\/jornalismo-local-e-de-solucoes-pode-ser-a-saida-para-a-polarizacao-dizem-painelistas-do-25o-isoj\/#breadcrumb"},"inLanguage":"pt-BR","potentialAction":[{"@type":"ReadAction","target":["https:\/\/latamjournalismreview.org\/pt-br\/articles\/jornalismo-local-e-de-solucoes-pode-ser-a-saida-para-a-polarizacao-dizem-painelistas-do-25o-isoj\/"]}]},{"@type":"ImageObject","inLanguage":"pt-BR","@id":"https:\/\/latamjournalismreview.org\/pt-br\/articles\/jornalismo-local-e-de-solucoes-pode-ser-a-saida-para-a-polarizacao-dizem-painelistas-do-25o-isoj\/#primaryimage","url":"https:\/\/latamjournalismreview.org\/wp-content\/uploads\/2024\/04\/53649933378_532ee6bd31_k.jpg","contentUrl":"https:\/\/latamjournalismreview.org\/wp-content\/uploads\/2024\/04\/53649933378_532ee6bd31_k.jpg","width":2048,"height":1365,"caption":"\u201cHow should journalism and platforms constructively address the global challenge of polarization?\u201d Panel during the 25th ISOJ. (Patricia Lim\/Knight Center)"},{"@type":"BreadcrumbList","@id":"https:\/\/latamjournalismreview.org\/pt-br\/articles\/jornalismo-local-e-de-solucoes-pode-ser-a-saida-para-a-polarizacao-dizem-painelistas-do-25o-isoj\/#breadcrumb","itemListElement":[{"@type":"ListItem","position":1,"name":"Home","item":"https:\/\/latamjournalismreview.org\/pt-br\/"},{"@type":"ListItem","position":2,"name":"Jornalismo local e de solu\u00e7\u00f5es pode ser a sa\u00edda para a polariza\u00e7\u00e3o, dizem painelistas do 25\u00ba ISOJ"}]},{"@type":"WebSite","@id":"https:\/\/latamjournalismreview.org\/pt-br\/#website","url":"https:\/\/latamjournalismreview.org\/pt-br\/","name":"LatAm Journalism Review","description":"Digital magazine on journalism in Latin America","publisher":{"@id":"https:\/\/latamjournalismreview.org\/pt-br\/#organization"},"potentialAction":[{"@type":"SearchAction","target":{"@type":"EntryPoint","urlTemplate":"https:\/\/latamjournalismreview.org\/pt-br\/?s={search_term_string}"},"query-input":{"@type":"PropertyValueSpecification","valueRequired":true,"valueName":"search_term_string"}}],"inLanguage":"pt-BR"},{"@type":"Organization","@id":"https:\/\/latamjournalismreview.org\/pt-br\/#organization","name":"LatAm Journalism Review","url":"https:\/\/latamjournalismreview.org\/pt-br\/","logo":{"@type":"ImageObject","inLanguage":"pt-BR","@id":"https:\/\/latamjournalismreview.org\/pt-br\/#\/schema\/logo\/image\/","url":"https:\/\/latamjournalismreview.org\/wp-content\/uploads\/2020\/05\/knight-latAm-review-logo.svg","contentUrl":"https:\/\/latamjournalismreview.org\/wp-content\/uploads\/2020\/05\/knight-latAm-review-logo.svg","width":"1024","height":"1024","caption":"LatAm Journalism Review"},"image":{"@id":"https:\/\/latamjournalismreview.org\/pt-br\/#\/schema\/logo\/image\/"},"sameAs":["https:\/\/x.com\/LatAmJournalism"]},{"@type":"Person","@id":"https:\/\/latamjournalismreview.org\/pt-br\/#\/schema\/person\/eac7baa6afada0957e047be9fc15703a","name":"Silvia Higuera","description":"Silvia A. Higuera Fl\u00f3rez is a Colombian journalist interested in covering Latin American issues and human rights, especially the right to freedom of expression, and investigative journalism. She studied Social Communication and Journalism at Universidad Pontificia Bolivariana in Bucaramanga (Colombia), and received her Master's of Arts in Journalism from the University of Texas at Austin in 2015. She worked with the Office of the Special Rapporteur for Freedom of Expression of the Inter-American Commission on Human Rights (IACHR) under the Orlando Sierra fellowship during 2014. She also worked for the Colombian newspaper Vanguardia Liberal and wrote for different magazines about local, economic and public order issues. Her work has also appeared in The Miami Herald and El Nuevo Herald of Miami. Email: silvia.knightcenter@gmail.com Silvia A. Higuera Fl\u00f3rez es una periodista colombiana con inter\u00e9s period\u00edstico es Am\u00e9rica Latina y los derechos humanos, particularmente el derecho a la libertad de expresi\u00f3n, as\u00ed como el periodismo de investigaci\u00f3n. Estudi\u00f3 Comunicaci\u00f3n Social \u2013 Periodismo en la Universidad Pontificia Bolivariana de Bucaramanga (Colombia), y recibi\u00f3 su maestr\u00eda en Periodismo en la Universidad de Texas, en Austin en 2015. Trabaj\u00f3 para la Relator\u00eda Especial para la Libertad de Expresi\u00f3n de la Comisi\u00f3n Interamericana de Derechos Humanos (CIDH) en el marco de la beca Orlando Sierra, durante 2014. Tambi\u00e9n hizo parte del diario Vanguardia Liberal y escribi\u00f3 para otras revistas colombianas cubriendo fuentes locales, econ\u00f3micas y judiciales. Algunos de sus trabajos han aparecido en The Miami Herald y El Nuevo Herald de Miami. Silvia A. Higuera Fl\u00f3rez \u00e9 uma jornalista colombiana e seu interesse jornal\u00edstico \u00e9 a Am\u00e9rica Latina e os direitos humanos, nomeadamente o direito \u00e0 liberdade de express\u00e3o. Estudou Comunica\u00e7\u00e3o Social \u2013 Jornalismo na Universidade Pontif\u00edcia Bolivariana de Bucaramanga, na Col\u00f4mbia e completou seu mestrado em jornalismo na Universidade do Texas em Austin. Silvia trabalhou na Relatoria para a Liberdade de Express\u00e3o da CIDH pela bolsa Orlando Sierra, em 2014. Trabalhou para o jornal Vanguardia Liberal e escreveu para outras revistas colombianas cobrindo temas locais, econ\u00f4micas e judici\u00e1rias. Alguns de seus trabalhos apareceram no The Miami Herald e no El Nuevo Herald de Miami.","sameAs":["https:\/\/x.com\/shiguerita"],"url":"https:\/\/latamjournalismreview.org\/pt-br\/articles\/author\/silvia-higuera\/"}]}},"_links":{"self":[{"href":"https:\/\/latamjournalismreview.org\/pt-br\/wp-json\/wp\/v2\/posts\/86468","targetHints":{"allow":["GET"]}}],"collection":[{"href":"https:\/\/latamjournalismreview.org\/pt-br\/wp-json\/wp\/v2\/posts"}],"about":[{"href":"https:\/\/latamjournalismreview.org\/pt-br\/wp-json\/wp\/v2\/types\/post"}],"author":[{"embeddable":true,"href":"https:\/\/latamjournalismreview.org\/pt-br\/wp-json\/wp\/v2\/users\/13"}],"replies":[{"embeddable":true,"href":"https:\/\/latamjournalismreview.org\/pt-br\/wp-json\/wp\/v2\/comments?post=86468"}],"version-history":[{"count":5,"href":"https:\/\/latamjournalismreview.org\/pt-br\/wp-json\/wp\/v2\/posts\/86468\/revisions"}],"predecessor-version":[{"id":86599,"href":"https:\/\/latamjournalismreview.org\/pt-br\/wp-json\/wp\/v2\/posts\/86468\/revisions\/86599"}],"wp:featuredmedia":[{"embeddable":true,"href":"https:\/\/latamjournalismreview.org\/pt-br\/wp-json\/wp\/v2\/media\/86448"}],"wp:attachment":[{"href":"https:\/\/latamjournalismreview.org\/pt-br\/wp-json\/wp\/v2\/media?parent=86468"}],"wp:term":[{"taxonomy":"category","embeddable":true,"href":"https:\/\/latamjournalismreview.org\/pt-br\/wp-json\/wp\/v2\/categories?post=86468"},{"taxonomy":"post_tag","embeddable":true,"href":"https:\/\/latamjournalismreview.org\/pt-br\/wp-json\/wp\/v2\/tags?post=86468"},{"taxonomy":"author","embeddable":true,"href":"https:\/\/latamjournalismreview.org\/pt-br\/wp-json\/wp\/v2\/coauthors?post=86468"}],"curies":[{"name":"wp","href":"https:\/\/api.w.org\/{rel}","templated":true}]}}