{"id":86633,"date":"2024-04-22T10:13:51","date_gmt":"2024-04-22T15:13:51","guid":{"rendered":"https:\/\/latamjournalismreview.org\/?p=86633"},"modified":"2024-04-26T07:52:27","modified_gmt":"2024-04-26T12:52:27","slug":"internews-apresenta-projetos-com-abordagem-transfronteirica-para-fortalecer-ecossistemas-de-informacao-na-america-latina","status":"publish","type":"post","link":"https:\/\/latamjournalismreview.org\/pt-br\/articles\/internews-apresenta-projetos-com-abordagem-transfronteirica-para-fortalecer-ecossistemas-de-informacao-na-america-latina\/","title":{"rendered":"Internews apresenta projetos com abordagem transfronteiri\u00e7a para fortalecer ecossistemas de informa\u00e7\u00e3o na Am\u00e9rica Latina"},"content":{"rendered":"<p>O meio de comunica\u00e7\u00e3o digital nicaraguense Confidencial \u00e9 a prova de que as abordagens transfronteiri\u00e7as no jornalismo podem ser a salva\u00e7\u00e3o de um meio sob ataque, de acordo com Enrique Gasteazoro.<\/p>\n<p>Em dezembro de 2018, em meio a uma s\u00e9rie de medidas do regime do presidente Daniel Ortega em resposta a protestos sociais, o Confidencial sofreu a invas\u00e3o de sua reda\u00e7\u00e3o em Man\u00e1gua, a apreens\u00e3o de equipamentos e o ass\u00e9dio de v\u00e1rios de seus funcion\u00e1rios, incluindo seu fundador Carlos Fernando Chamorro.<\/p>\n<p>A reda\u00e7\u00e3o do Confidencial permaneceu ocupada por dois anos,\u00a0<a href=\"https:\/\/latamjournalismreview.org\/es\/news\/ortega-ejecuta-ultimo-acto-de-confiscacion-a-confidencial-en-nicaragua\/\"><u>at\u00e9 que em 2021 foi convertida em uma casa de assist\u00eancia em sa\u00fade materna administrada pelo Minist\u00e9rio da Sa\u00fade da Nicar\u00e1gua<\/u><\/a>. No entanto, o meio de comunica\u00e7\u00e3o sempre continuou a operar, com parte de sua equipe no ex\u00edlio.<\/p>\n<div id=\"attachment_86615\" style=\"width: 460px\" class=\"wp-caption alignleft\"><img loading=\"lazy\" decoding=\"async\" aria-describedby=\"caption-attachment-86615\" id=\"longdesc-return-86615\" class=\"wp-image-86615 \" tabindex=\"-1\" src=\"https:\/\/latamjournalismreview.org\/wp-content\/uploads\/2024\/04\/53653795728_ab0bbb4a35_o-scaled-e1713796698846.jpg\" alt=\"Internews representatives in the Americas speak during the 17th Ibero-American Colloquium on Digital Journalism in Austin, Texas. (Patricia Lim\/Knight Center)\" width=\"450\" height=\"280\" longdesc=\"https:\/\/latamjournalismreview.org?longdesc=86615&amp;referrer=86611\" srcset=\"https:\/\/latamjournalismreview.org\/wp-content\/uploads\/2024\/04\/53653795728_ab0bbb4a35_o-scaled-e1713796698846.jpg 2035w, https:\/\/latamjournalismreview.org\/wp-content\/uploads\/2024\/04\/53653795728_ab0bbb4a35_o-scaled-e1713796698846-300x187.jpg 300w, https:\/\/latamjournalismreview.org\/wp-content\/uploads\/2024\/04\/53653795728_ab0bbb4a35_o-scaled-e1713796698846-1024x638.jpg 1024w, https:\/\/latamjournalismreview.org\/wp-content\/uploads\/2024\/04\/53653795728_ab0bbb4a35_o-scaled-e1713796698846-768x478.jpg 768w, https:\/\/latamjournalismreview.org\/wp-content\/uploads\/2024\/04\/53653795728_ab0bbb4a35_o-scaled-e1713796698846-1536x956.jpg 1536w\" sizes=\"auto, (max-width: 450px) 100vw, 450px\" \/><p id=\"caption-attachment-86615\" class=\"wp-caption-text\">A equipe da Internews nas Am\u00e9ricas explicou como a organiza\u00e7\u00e3o trabalha para melhorar os ecossistemas de informa\u00e7\u00e3o na regi\u00e3o. (Foto: Patricia Lim\/Centro Knight)<\/p><\/div>\n<p>\"Estou absolutamente convencido de que as abordagens transfronteiri\u00e7as s\u00e3o fundamentais para a resili\u00eancia da m\u00eddia\", disse Gasteazoro durante sua apresenta\u00e7\u00e3o sobre abordagens transfronteiri\u00e7as para capacitar o jornalismo local e mitigar a desinforma\u00e7\u00e3o no 17\u00ba Col\u00f3quio Ibero-Americano de Jornalismo Digital.<\/p>\n<p>\"Para o Confidencial, foi realmente a chave de como o meio de comunica\u00e7\u00e3o sobreviveu e at\u00e9 evoluiu.\u201d<\/p>\n<p>Gasteazoro, que foi gerente geral de Confidencial entre 2017 e 2022, disse que a crise de 2018 na Nicar\u00e1gua encontrou o meio digital em um momento de romper os limites estabelecidos, como a fronteira entre neg\u00f3cios e jornalismo que existia nas d\u00e9cadas anteriores. O meio come\u00e7ou a aplicar uma abordagem de produto e princ\u00edpios de\u00a0<em>design thinking<\/em> \u00e0 maneira como fazia jornalismo e em seu relacionamento com seu p\u00fablico e anunciantes.<\/p>\n<p>\"O que a crise fez foi apenas acelerar o compromisso do meio com tudo isso\", disse Gasteazoro, que agora \u00e9 diretor de projetos nas Am\u00e9ricas da Internews, uma organiza\u00e7\u00e3o sem fins lucrativos que apoia a m\u00eddia independente em mais de 100 pa\u00edses em sua luta pela sustentabilidade contra a desinforma\u00e7\u00e3o.<\/p>\n<p>Gasteazoro participou do painel junto com seus colegas Julia Knoerr e Pablo Arcuri, associado s\u00eanior do programa e diretor regional das Am\u00e9ricas da Internews, respectivamente.<\/p>\n<p>Seu trabalho na Internews, disse Gasteazoro, \u00e9 ajudar outros meios de comunica\u00e7\u00e3o da regi\u00e3o a ultrapassar fonteiras al\u00e9m das geogr\u00e1ficas, como fez o Confidencial. Por exemplo, as fronteiras entre jornalismo e neg\u00f3cios, tecnologia ou formatos inovadores.<\/p>\n<p>Apresentou o Projeto Regional para a M\u00eddia da Am\u00e9rica Central, que visa promover uma abordagem colaborativa e transfronteiri\u00e7a na m\u00eddia independente e entre jornalistas da sub-regi\u00e3o. Isso para fortalecer a gest\u00e3o e o desenvolvimento de audi\u00eancias e a constru\u00e7\u00e3o de relacionamentos institucionais e colaborativos, que, segundo ele, s\u00e3o compet\u00eancias essenciais para a resili\u00eancia e a seguran\u00e7a dos ecossistemas de informa\u00e7\u00e3o.<\/p>\n<p>De acordo com Gasteazoro, \u00e9 essencial que a Confidencial aprenda com a m\u00eddia de outros pa\u00edses em situa\u00e7\u00f5es semelhantes, habilidades como gerenciar redes de rep\u00f3rteres clandestinos ou se preparar para leis que restringem a liberdade de express\u00e3o. Ele tamb\u00e9m destacou a import\u00e2ncia do meio salvadorenho El Faro para a sobreviv\u00eancia da Confidencial, e disse que o meio nicaraguense tem sido de grande apoio para que El Faro possa continuar a reportar sobre El Salvador,\u00a0<a href=\"https:\/\/latamjournalismreview.org\/es\/articles\/salimos-de-el-salvador-para-poder-seguir-en-el-salvador-como-el-faro-decidio-trasladar-su-administracion-a-costa-rica\/\"><u>agora da Costa Rica<\/u><\/a>.<\/p>\n<p>\"Esse projeto em particular tem um enorme potencial para fortalecer a resili\u00eancia e o impacto do ecossistema de m\u00eddia da Am\u00e9rica Central\", disse ele.<\/p>\n<p>Arcuri disse que a Internews trabalha para melhorar os ecossistemas de informa\u00e7\u00e3o que s\u00e3o compostos n\u00e3o apenas por ve\u00edculos de m\u00eddia, mas tamb\u00e9m por outros elementos, como cidad\u00e3os engajados, acesso aberto a not\u00edcias, diversidade de produtores de informa\u00e7\u00e3o, um ambiente legal favor\u00e1vel aos direitos, modelos de neg\u00f3cios vi\u00e1veis, informa\u00e7\u00f5es precisas e seguran\u00e7a para todos esses componentes.<\/p>\n<p>\"Essa democratiza\u00e7\u00e3o da m\u00eddia \u00e9 importante. Obviamente, reconhecemos muito bem a pr\u00e1tica do jornalismo, mas tamb\u00e9m acreditamos que todos t\u00eam o direito de consumir e produzir informa\u00e7\u00f5es\", disse Arcuri. \"A perspectiva que buscamos \u00e9 justamente melhorar a cria\u00e7\u00e3o de conte\u00fado para que haja conte\u00fado de qualidade, que seja verdadeiro e que tamb\u00e9m seja relevante para os consumidores.\u201d<\/p>\n<p>Arcuri disse que hoje na Am\u00e9rica Latina existe um modelo de jornalismo transfronteiri\u00e7o que surgiu quase por acaso, que \u00e9 o jornalismo no ex\u00edlio. Al\u00e9m do Confidencial e do El Faro, agora h\u00e1 meios de pelo menos cinco pa\u00edses trabalhando no ex\u00edlio, disse ele.<\/p>\n<p>\"[O jornalismo no ex\u00edlio] est\u00e1 apresentando novos desafios de como nos estabelecemos, como nos comunicamos, como continuamos a reportar do ex\u00edlio\", disse ele. \"Tamb\u00e9m estamos vendo muito sobre como h\u00e1 novas maneiras de inovar.\"<\/p>\n<div id=\"attachment_86619\" style=\"width: 460px\" class=\"wp-caption alignright\"><img loading=\"lazy\" decoding=\"async\" aria-describedby=\"caption-attachment-86619\" id=\"longdesc-return-86619\" class=\"wp-image-86619 \" tabindex=\"-1\" src=\"https:\/\/latamjournalismreview.org\/wp-content\/uploads\/2024\/04\/53653923729_ed3fd8e73e_o-scaled-e1713796741608.jpg\" alt=\"Internews journalists Pablo Arcuri, Enrique Gasteazoro and Julia Knoerr speak during the 17th Ibero-American Colloquium on Digital Journalism in Austin, Texas. (Patricia Lim\/Knight Center)\" width=\"450\" height=\"341\" longdesc=\"https:\/\/latamjournalismreview.org?longdesc=86619&amp;referrer=86611\" srcset=\"https:\/\/latamjournalismreview.org\/wp-content\/uploads\/2024\/04\/53653923729_ed3fd8e73e_o-scaled-e1713796741608.jpg 896w, https:\/\/latamjournalismreview.org\/wp-content\/uploads\/2024\/04\/53653923729_ed3fd8e73e_o-scaled-e1713796741608-300x227.jpg 300w, https:\/\/latamjournalismreview.org\/wp-content\/uploads\/2024\/04\/53653923729_ed3fd8e73e_o-scaled-e1713796741608-768x581.jpg 768w\" sizes=\"auto, (max-width: 450px) 100vw, 450px\" \/><p id=\"caption-attachment-86619\" class=\"wp-caption-text\">Enrique Gasteazoro disse estar convencido de que as abordagens transfronteiri\u00e7as s\u00e3o fundamentais para a resili\u00eancia dos meios de comunica\u00e7\u00e3o. (Foto: Patricia Lim\/Centro Knight)<\/p><\/div>\n<p>Sobre o papel dos cidad\u00e3os nos ecossistemas de informa\u00e7\u00e3o, Arcuri disse que a Internews percebe uma crise de credibilidade na m\u00eddia em quase todos os pa\u00edses da Am\u00e9rica Latina. A organiza\u00e7\u00e3o registra baixos \u00edndices de credibilidade de at\u00e9 15%, o que representa um fator que promove a desinforma\u00e7\u00e3o.<\/p>\n<p>\"No momento, h\u00e1 um div\u00f3rcio muito, muito forte entre a m\u00eddia e seu p\u00fablico\", disse ele. \"Apenas 15% das pessoas realmente acreditam no que est\u00e3o consumindo. E as que acreditam, \u00e0s vezes n\u00e3o confiam no meio em si, elas confiam em jornalistas espec\u00edficos desse meio.\"<\/p>\n<p>Arcuri disse que o trabalho da Internews na regi\u00e3o tamb\u00e9m inclui a promo\u00e7\u00e3o de estrat\u00e9gias para reconquistar a confian\u00e7a do p\u00fablico.<\/p>\n<p>Somado a isso est\u00e1 a crise de seguran\u00e7a que o jornalismo enfrenta na regi\u00e3o. A abordagem transfronteiri\u00e7a promovida pela Internews, disse Arcuri, inclui abordar a seguran\u00e7a dos jornalistas, n\u00e3o apenas a seguran\u00e7a f\u00edsica e digital, mas tamb\u00e9m a seguran\u00e7a psicoemocional.<\/p>\n<h3>Na esteira da desinforma\u00e7\u00e3o<\/h3>\n<p>A desinforma\u00e7\u00e3o \u00e9 um fen\u00f4meno que transcende as fronteiras geogr\u00e1ficas, tem\u00e1ticas e disciplinares, portanto, as abordagens transfronteiri\u00e7as ao jornalismo tamb\u00e9m enfatizam o combate ao impacto das not\u00edcias falsas e da desinforma\u00e7\u00e3o, disse Knoerr durante o painel.<\/p>\n<p>A associada s\u00eanior do programa da Internews disse que, no n\u00edvel hiperlocal, a desinforma\u00e7\u00e3o opera de forma diferente em cada comunidade, portanto, \u00e9 necess\u00e1ria uma estrat\u00e9gia regional colaborativa para combat\u00ea-la.<\/p>\n<p>Knoerr disse que a Internews est\u00e1 implementando o projeto Mitigando a Desinforma\u00e7\u00e3o na Am\u00e9rica Latina e no Caribe, que envolve a pesquisa dos ecossistemas de informa\u00e7\u00e3o de tr\u00eas popula\u00e7\u00f5es com altos n\u00edveis de desinforma\u00e7\u00e3o em Bol\u00edvia, El Salvador e Brasil.<\/p>\n<p>\"Estamos fazendo pesquisas sobre ecossistemas de informa\u00e7\u00e3o que servem de base para nossa abordagem de trabalho em n\u00edvel regional\", disse Knoerr. \"Todo esse trabalho est\u00e1 sendo feito em conjunto com organiza\u00e7\u00f5es locais que j\u00e1 t\u00eam a confian\u00e7a da comunidade e est\u00e3o muito pr\u00f3ximas do que est\u00e1 acontecendo.\u201d<\/p>\n<p>Algumas das tend\u00eancias que foram descobertas at\u00e9 agora no projeto s\u00e3o que os n\u00edveis de desinforma\u00e7\u00e3o nessas popula\u00e7\u00f5es aumentam em \u00e9pocas de crises sociopol\u00edticas, crises ambientais e per\u00edodos eleitorais, disse Knoerr. Eles tamb\u00e9m descobriram que os principais atores que geram desinforma\u00e7\u00e3o s\u00e3o figuras pol\u00edticas.<\/p>\n<p>A pesquisa, acrescentou ela, servir\u00e1 de base para a elabora\u00e7\u00e3o de estrat\u00e9gias e a\u00e7\u00f5es para mitigar a desinforma\u00e7\u00e3o. Em colabora\u00e7\u00e3o com organiza\u00e7\u00f5es locais e uma organiza\u00e7\u00e3o regional, eles buscar\u00e3o desenvolver campanhas de alfabetiza\u00e7\u00e3o na m\u00eddia e treinamentos para membros das comunidades afetadas sobre como a desinforma\u00e7\u00e3o opera e como identificar fontes espec\u00edficas de informa\u00e7\u00f5es falsas ou enganosas.<\/p>\n<p>\"Queremos capacitar membros da comunidade, jornalistas, defensores dos direitos humanos e l\u00edderes comunit\u00e1rios a consumir informa\u00e7\u00f5es de forma mais cr\u00edtica e a mitigar a desinforma\u00e7\u00e3o\", disse Knoerr.<\/p>\n<p>Arcuri disse que outro projeto da Internews em andamento \u00e9 um programa de treinamento para jornalistas sobre reportagens ambientais na Amaz\u00f4nia, que ser\u00e1 realizado em parceria com a CONNECTAS.<\/p>\n<p><em>O\u00a0<\/em><a href=\"https:\/\/isoj.org\/coloquio\/\"><em><u>Col\u00f3quio Ibero-Americano de Jornalismo Digital<\/u><\/em><\/a><em> \u00e9 um encontro anual de jornalistas da regi\u00e3o organizado pelo Centro Knight para o Jornalismo nas Am\u00e9ricas. Tradicionalmente, \u00e9 realizado no domingo seguinte ao encerramento do Simp\u00f3sio Internacional de Jornalismo Online (ISOJ) e, neste ano, foi realizado em 14 de abril. O v\u00eddeo com a grava\u00e7\u00e3o completa do 17<\/em><em><sup>o<\/sup><\/em><em> Col\u00f3quio\u00a0<\/em><a href=\"https:\/\/www.youtube.com\/watch?v=NPrmjKcN3cA\"><em><u>pode ser encontrado aqui<\/u><\/em><\/a><em>.<\/em><\/p>\n","protected":false},"excerpt":{"rendered":"<p>Parte da equipe da organiza\u00e7\u00e3o Internews que trabalha nas Am\u00e9ricas compartilhou no 17o Col\u00f3quio Ibero-Americano de Jornalismo Digital como as abordagens transfronteiri\u00e7as podem fortalecer o jornalismo local, mitigar a desinforma\u00e7\u00e3o e ajudar na sobreviv\u00eancia dos meios de comunica\u00e7\u00e3o.<\/p>\n","protected":false},"author":19,"featured_media":86621,"comment_status":"closed","ping_status":"closed","sticky":false,"template":"","format":"standard","meta":{"inline_featured_image":false,"footnotes":""},"categories":[2399],"tags":[1614],"coauthors":[2753],"class_list":["post-86633","post","type-post","status-publish","format-standard","has-post-thumbnail","hentry","category-coloquio","tag-jornalismo-transnacional-pt-br"],"acf":[],"yoast_head":"<!-- This site is optimized with the Yoast SEO Premium plugin v22.6 (Yoast SEO v27.4) - https:\/\/yoast.com\/product\/yoast-seo-premium-wordpress\/ -->\n<title>Internews apresenta projetos com abordagem transfronteiri\u00e7a para fortalecer ecossistemas de informa\u00e7\u00e3o na Am\u00e9rica Latina - LatAm Journalism Review by the Knight Center<\/title>\n<meta name=\"description\" content=\"Internews apresenta projetos com abordagem transfronteiri\u00e7a para fortalecer ecossistemas de informa\u00e7\u00e3o na Am\u00e9rica Latina Col\u00f3quio Iberoamericano. Latin American Journalism Review by The Knight Center at The University of Texas at Austin.\" \/>\n<meta name=\"robots\" content=\"index, follow, max-snippet:-1, max-image-preview:large, max-video-preview:-1\" \/>\n<link rel=\"canonical\" href=\"https:\/\/latamjournalismreview.org\/pt-br\/articles\/internews-apresenta-projetos-com-abordagem-transfronteirica-para-fortalecer-ecossistemas-de-informacao-na-america-latina\/\" \/>\n<meta property=\"og:locale\" content=\"pt_BR\" \/>\n<meta property=\"og:type\" content=\"article\" \/>\n<meta property=\"og:title\" content=\"Internews apresenta projetos com abordagem transfronteiri\u00e7a para fortalecer ecossistemas de informa\u00e7\u00e3o na Am\u00e9rica Latina\" \/>\n<meta property=\"og:description\" content=\"Internews apresenta projetos com abordagem transfronteiri\u00e7a para fortalecer ecossistemas de informa\u00e7\u00e3o na Am\u00e9rica Latina Col\u00f3quio Iberoamericano. Latin American Journalism Review by The Knight Center at The University of Texas at Austin.\" \/>\n<meta property=\"og:url\" content=\"https:\/\/latamjournalismreview.org\/pt-br\/articles\/internews-apresenta-projetos-com-abordagem-transfronteirica-para-fortalecer-ecossistemas-de-informacao-na-america-latina\/\" \/>\n<meta property=\"og:site_name\" content=\"LatAm Journalism Review by the Knight Center\" \/>\n<meta property=\"article:published_time\" content=\"2024-04-22T15:13:51+00:00\" \/>\n<meta property=\"article:modified_time\" content=\"2024-04-26T12:52:27+00:00\" \/>\n<meta property=\"og:image\" content=\"https:\/\/latamjournalismreview.org\/wp-content\/uploads\/2024\/04\/53653923729_ed3fd8e73e_o-scaled-e1713796741608.jpg\" \/>\n\t<meta property=\"og:image:width\" content=\"2560\" \/>\n\t<meta property=\"og:image:height\" content=\"1707\" \/>\n\t<meta property=\"og:image:type\" content=\"image\/jpeg\" \/>\n<meta name=\"author\" content=\"C\u00e9sar L\u00f3pez Linares\" \/>\n<meta name=\"twitter:card\" content=\"summary_large_image\" \/>\n<meta name=\"twitter:creator\" content=\"@cesarisch\" \/>\n<meta name=\"twitter:site\" content=\"@LatAmJournalism\" \/>\n<meta name=\"twitter:label1\" content=\"Written by\" \/>\n\t<meta name=\"twitter:data1\" content=\"C\u00e9sar L\u00f3pez Linares\" \/>\n\t<meta name=\"twitter:label2\" content=\"Est. reading time\" \/>\n\t<meta name=\"twitter:data2\" content=\"7 minutos\" \/>\n<script type=\"application\/ld+json\" class=\"yoast-schema-graph\">{\"@context\":\"https:\\\/\\\/schema.org\",\"@graph\":[{\"@type\":\"Article\",\"@id\":\"https:\\\/\\\/latamjournalismreview.org\\\/pt-br\\\/articles\\\/internews-apresenta-projetos-com-abordagem-transfronteirica-para-fortalecer-ecossistemas-de-informacao-na-america-latina\\\/#article\",\"isPartOf\":{\"@id\":\"https:\\\/\\\/latamjournalismreview.org\\\/pt-br\\\/articles\\\/internews-apresenta-projetos-com-abordagem-transfronteirica-para-fortalecer-ecossistemas-de-informacao-na-america-latina\\\/\"},\"author\":{\"name\":\"C\u00e9sar L\u00f3pez Linares\",\"@id\":\"https:\\\/\\\/latamjournalismreview.org\\\/pt-br\\\/#\\\/schema\\\/person\\\/dcf6dcdd6226ac8d939e2796645d17c6\"},\"headline\":\"Internews apresenta projetos com abordagem transfronteiri\u00e7a para fortalecer ecossistemas de informa\u00e7\u00e3o na Am\u00e9rica Latina\",\"datePublished\":\"2024-04-22T15:13:51+00:00\",\"dateModified\":\"2024-04-26T12:52:27+00:00\",\"mainEntityOfPage\":{\"@id\":\"https:\\\/\\\/latamjournalismreview.org\\\/pt-br\\\/articles\\\/internews-apresenta-projetos-com-abordagem-transfronteirica-para-fortalecer-ecossistemas-de-informacao-na-america-latina\\\/\"},\"wordCount\":1509,\"publisher\":{\"@id\":\"https:\\\/\\\/latamjournalismreview.org\\\/pt-br\\\/#organization\"},\"image\":{\"@id\":\"https:\\\/\\\/latamjournalismreview.org\\\/pt-br\\\/articles\\\/internews-apresenta-projetos-com-abordagem-transfronteirica-para-fortalecer-ecossistemas-de-informacao-na-america-latina\\\/#primaryimage\"},\"thumbnailUrl\":\"https:\\\/\\\/latamjournalismreview.org\\\/wp-content\\\/uploads\\\/2024\\\/04\\\/53653923729_ed3fd8e73e_o-scaled-e1713796741608.jpg\",\"keywords\":[\"Jornalismo transnacional\"],\"articleSection\":[\"Col\u00f3quio Iberoamericano\"],\"inLanguage\":\"pt-BR\"},{\"@type\":\"WebPage\",\"@id\":\"https:\\\/\\\/latamjournalismreview.org\\\/pt-br\\\/articles\\\/internews-apresenta-projetos-com-abordagem-transfronteirica-para-fortalecer-ecossistemas-de-informacao-na-america-latina\\\/\",\"url\":\"https:\\\/\\\/latamjournalismreview.org\\\/pt-br\\\/articles\\\/internews-apresenta-projetos-com-abordagem-transfronteirica-para-fortalecer-ecossistemas-de-informacao-na-america-latina\\\/\",\"name\":\"Internews apresenta projetos com abordagem transfronteiri\u00e7a para fortalecer ecossistemas de informa\u00e7\u00e3o na Am\u00e9rica Latina - LatAm Journalism Review by the Knight Center\",\"isPartOf\":{\"@id\":\"https:\\\/\\\/latamjournalismreview.org\\\/pt-br\\\/#website\"},\"primaryImageOfPage\":{\"@id\":\"https:\\\/\\\/latamjournalismreview.org\\\/pt-br\\\/articles\\\/internews-apresenta-projetos-com-abordagem-transfronteirica-para-fortalecer-ecossistemas-de-informacao-na-america-latina\\\/#primaryimage\"},\"image\":{\"@id\":\"https:\\\/\\\/latamjournalismreview.org\\\/pt-br\\\/articles\\\/internews-apresenta-projetos-com-abordagem-transfronteirica-para-fortalecer-ecossistemas-de-informacao-na-america-latina\\\/#primaryimage\"},\"thumbnailUrl\":\"https:\\\/\\\/latamjournalismreview.org\\\/wp-content\\\/uploads\\\/2024\\\/04\\\/53653923729_ed3fd8e73e_o-scaled-e1713796741608.jpg\",\"datePublished\":\"2024-04-22T15:13:51+00:00\",\"dateModified\":\"2024-04-26T12:52:27+00:00\",\"description\":\"Internews apresenta projetos com abordagem transfronteiri\u00e7a para fortalecer ecossistemas de informa\u00e7\u00e3o na Am\u00e9rica Latina Col\u00f3quio Iberoamericano. Latin American Journalism Review by The Knight Center at The University of Texas at Austin.\",\"breadcrumb\":{\"@id\":\"https:\\\/\\\/latamjournalismreview.org\\\/pt-br\\\/articles\\\/internews-apresenta-projetos-com-abordagem-transfronteirica-para-fortalecer-ecossistemas-de-informacao-na-america-latina\\\/#breadcrumb\"},\"inLanguage\":\"pt-BR\",\"potentialAction\":[{\"@type\":\"ReadAction\",\"target\":[\"https:\\\/\\\/latamjournalismreview.org\\\/pt-br\\\/articles\\\/internews-apresenta-projetos-com-abordagem-transfronteirica-para-fortalecer-ecossistemas-de-informacao-na-america-latina\\\/\"]}]},{\"@type\":\"ImageObject\",\"inLanguage\":\"pt-BR\",\"@id\":\"https:\\\/\\\/latamjournalismreview.org\\\/pt-br\\\/articles\\\/internews-apresenta-projetos-com-abordagem-transfronteirica-para-fortalecer-ecossistemas-de-informacao-na-america-latina\\\/#primaryimage\",\"url\":\"https:\\\/\\\/latamjournalismreview.org\\\/wp-content\\\/uploads\\\/2024\\\/04\\\/53653923729_ed3fd8e73e_o-scaled-e1713796741608.jpg\",\"contentUrl\":\"https:\\\/\\\/latamjournalismreview.org\\\/wp-content\\\/uploads\\\/2024\\\/04\\\/53653923729_ed3fd8e73e_o-scaled-e1713796741608.jpg\",\"width\":2560,\"height\":1707,\"caption\":\"Enfoques transfronterizos para empoderar al periodismo local y mitigar la desinformaci\u00f3n panel during 17\u00ba COLOQUIO IBEROAMERICANO DE PERIODISMO DIGITAL on April 14, 2024. Patricia Lim\\\/Knight Center\"},{\"@type\":\"BreadcrumbList\",\"@id\":\"https:\\\/\\\/latamjournalismreview.org\\\/pt-br\\\/articles\\\/internews-apresenta-projetos-com-abordagem-transfronteirica-para-fortalecer-ecossistemas-de-informacao-na-america-latina\\\/#breadcrumb\",\"itemListElement\":[{\"@type\":\"ListItem\",\"position\":1,\"name\":\"Home\",\"item\":\"https:\\\/\\\/latamjournalismreview.org\\\/pt-br\\\/\"},{\"@type\":\"ListItem\",\"position\":2,\"name\":\"Internews apresenta projetos com abordagem transfronteiri\u00e7a para fortalecer ecossistemas de informa\u00e7\u00e3o na Am\u00e9rica Latina\"}]},{\"@type\":\"WebSite\",\"@id\":\"https:\\\/\\\/latamjournalismreview.org\\\/pt-br\\\/#website\",\"url\":\"https:\\\/\\\/latamjournalismreview.org\\\/pt-br\\\/\",\"name\":\"LatAm Journalism Review\",\"description\":\"Digital magazine on journalism in Latin America\",\"publisher\":{\"@id\":\"https:\\\/\\\/latamjournalismreview.org\\\/pt-br\\\/#organization\"},\"potentialAction\":[{\"@type\":\"SearchAction\",\"target\":{\"@type\":\"EntryPoint\",\"urlTemplate\":\"https:\\\/\\\/latamjournalismreview.org\\\/pt-br\\\/?s={search_term_string}\"},\"query-input\":{\"@type\":\"PropertyValueSpecification\",\"valueRequired\":true,\"valueName\":\"search_term_string\"}}],\"inLanguage\":\"pt-BR\"},{\"@type\":\"Organization\",\"@id\":\"https:\\\/\\\/latamjournalismreview.org\\\/pt-br\\\/#organization\",\"name\":\"LatAm Journalism Review\",\"url\":\"https:\\\/\\\/latamjournalismreview.org\\\/pt-br\\\/\",\"logo\":{\"@type\":\"ImageObject\",\"inLanguage\":\"pt-BR\",\"@id\":\"https:\\\/\\\/latamjournalismreview.org\\\/pt-br\\\/#\\\/schema\\\/logo\\\/image\\\/\",\"url\":\"https:\\\/\\\/latamjournalismreview.org\\\/wp-content\\\/uploads\\\/2020\\\/05\\\/knight-latAm-review-logo.svg\",\"contentUrl\":\"https:\\\/\\\/latamjournalismreview.org\\\/wp-content\\\/uploads\\\/2020\\\/05\\\/knight-latAm-review-logo.svg\",\"width\":\"1024\",\"height\":\"1024\",\"caption\":\"LatAm Journalism Review\"},\"image\":{\"@id\":\"https:\\\/\\\/latamjournalismreview.org\\\/pt-br\\\/#\\\/schema\\\/logo\\\/image\\\/\"},\"sameAs\":[\"https:\\\/\\\/x.com\\\/LatAmJournalism\"]},{\"@type\":\"Person\",\"@id\":\"https:\\\/\\\/latamjournalismreview.org\\\/pt-br\\\/#\\\/schema\\\/person\\\/dcf6dcdd6226ac8d939e2796645d17c6\",\"name\":\"C\u00e9sar L\u00f3pez Linares\",\"description\":\"C\u00e9sar L\u00f3pez Linares began his career at the Mexican newspaper REFORMA as an entertainment and media co-editor. He has written for publications such as TODO Austin, Texas Music Magazine and The Austin Chronicle. C\u00e9sar has a Master's degree in Journalism from the University of Texas at Austin and a Bachelors degree in Communication from the National Autonomous University of Mexico. He previously wrote about innovation in journalism for the Gabo Foundation in Colombia and currently reports for the Knight Center's LatAmJournalism Review digital magazine. A native of Mexico City, C\u00e9sar has become a digital nomad combining content creation with his passion for travel. ________ C\u00e9sar L\u00f3pez Linares inici\u00f3 su carrera en el diario mexicano REFORMA como coeditor de entretenimiento y medios. Ha escrito para publicaciones como TODO Austin, Texas Music Magazine y The Austin Chronicle. C\u00e9sar tiene una Maestr\u00eda en Periodismo de la Universidad de Texas en Austin y una Licenciatura en Comunicaci\u00f3n de la Universidad Nacional Aut\u00f3noma de M\u00e9xico. Previamente escribi\u00f3 sobre innovaci\u00f3n en periodismo para la Fundaci\u00f3n Gabo en Colombia y actualmente escribe para la revista digital LatAmJournalism Review del Centro Knight. Originario de la Ciudad de M\u00e9xico, C\u00e9sar se ha convertido en un n\u00f3mada digital que combina la creaci\u00f3n de contenido con su pasi\u00f3n por viajar. _________ C\u00e9sar L\u00f3pez Linares come\u00e7ou sua carreira no jornal mexicano REFORMA como coeditor de entretenimento e m\u00eddia. Ele escreveu para publica\u00e7\u00f5es como TODO Austin, Texas Music Magazine e The Austin Chronicle. C\u00e9sar tem mestrado em jornalismo pela University of Texas em Austin e \u00e9 bacharel em comunica\u00e7\u00e3o pela Universidad Nacional Aut\u00f3noma de M\u00e9xico. Antes disso, ele escreveu sobre inova\u00e7\u00e3o no jornalismo para a Funda\u00e7\u00e3o Gabo na Col\u00f4mbia. Atualmente escreve para a revista digital LatAmJournalism Review do Centro Knight. Nascido na Cidade do M\u00e9xico, C\u00e9sar se tornou um n\u00f4made digital combinando a cria\u00e7\u00e3o de conte\u00fado com sua paix\u00e3o por viagens.\",\"sameAs\":[\"https:\\\/\\\/x.com\\\/cesarisch\"],\"url\":\"https:\\\/\\\/latamjournalismreview.org\\\/pt-br\\\/articles\\\/author\\\/cesar-lopez-linares\\\/\"}]}<\/script>\n<!-- \/ Yoast SEO Premium plugin. -->","yoast_head_json":{"title":"Internews apresenta projetos com abordagem transfronteiri\u00e7a para fortalecer ecossistemas de informa\u00e7\u00e3o na Am\u00e9rica Latina - LatAm Journalism Review by the Knight Center","description":"Internews apresenta projetos com abordagem transfronteiri\u00e7a para fortalecer ecossistemas de informa\u00e7\u00e3o na Am\u00e9rica Latina Col\u00f3quio Iberoamericano. Latin American Journalism Review by The Knight Center at The University of Texas at Austin.","robots":{"index":"index","follow":"follow","max-snippet":"max-snippet:-1","max-image-preview":"max-image-preview:large","max-video-preview":"max-video-preview:-1"},"canonical":"https:\/\/latamjournalismreview.org\/pt-br\/articles\/internews-apresenta-projetos-com-abordagem-transfronteirica-para-fortalecer-ecossistemas-de-informacao-na-america-latina\/","og_locale":"pt_BR","og_type":"article","og_title":"Internews apresenta projetos com abordagem transfronteiri\u00e7a para fortalecer ecossistemas de informa\u00e7\u00e3o na Am\u00e9rica Latina","og_description":"Internews apresenta projetos com abordagem transfronteiri\u00e7a para fortalecer ecossistemas de informa\u00e7\u00e3o na Am\u00e9rica Latina Col\u00f3quio Iberoamericano. Latin American Journalism Review by The Knight Center at The University of Texas at Austin.","og_url":"https:\/\/latamjournalismreview.org\/pt-br\/articles\/internews-apresenta-projetos-com-abordagem-transfronteirica-para-fortalecer-ecossistemas-de-informacao-na-america-latina\/","og_site_name":"LatAm Journalism Review by the Knight Center","article_published_time":"2024-04-22T15:13:51+00:00","article_modified_time":"2024-04-26T12:52:27+00:00","og_image":[{"width":2560,"height":1707,"url":"https:\/\/latamjournalismreview.org\/wp-content\/uploads\/2024\/04\/53653923729_ed3fd8e73e_o-scaled-e1713796741608.jpg","type":"image\/jpeg"}],"author":"C\u00e9sar L\u00f3pez Linares","twitter_card":"summary_large_image","twitter_creator":"@cesarisch","twitter_site":"@LatAmJournalism","twitter_misc":{"Written by":"C\u00e9sar L\u00f3pez Linares","Est. reading time":"7 minutos"},"schema":{"@context":"https:\/\/schema.org","@graph":[{"@type":"Article","@id":"https:\/\/latamjournalismreview.org\/pt-br\/articles\/internews-apresenta-projetos-com-abordagem-transfronteirica-para-fortalecer-ecossistemas-de-informacao-na-america-latina\/#article","isPartOf":{"@id":"https:\/\/latamjournalismreview.org\/pt-br\/articles\/internews-apresenta-projetos-com-abordagem-transfronteirica-para-fortalecer-ecossistemas-de-informacao-na-america-latina\/"},"author":{"name":"C\u00e9sar L\u00f3pez Linares","@id":"https:\/\/latamjournalismreview.org\/pt-br\/#\/schema\/person\/dcf6dcdd6226ac8d939e2796645d17c6"},"headline":"Internews apresenta projetos com abordagem transfronteiri\u00e7a para fortalecer ecossistemas de informa\u00e7\u00e3o na Am\u00e9rica Latina","datePublished":"2024-04-22T15:13:51+00:00","dateModified":"2024-04-26T12:52:27+00:00","mainEntityOfPage":{"@id":"https:\/\/latamjournalismreview.org\/pt-br\/articles\/internews-apresenta-projetos-com-abordagem-transfronteirica-para-fortalecer-ecossistemas-de-informacao-na-america-latina\/"},"wordCount":1509,"publisher":{"@id":"https:\/\/latamjournalismreview.org\/pt-br\/#organization"},"image":{"@id":"https:\/\/latamjournalismreview.org\/pt-br\/articles\/internews-apresenta-projetos-com-abordagem-transfronteirica-para-fortalecer-ecossistemas-de-informacao-na-america-latina\/#primaryimage"},"thumbnailUrl":"https:\/\/latamjournalismreview.org\/wp-content\/uploads\/2024\/04\/53653923729_ed3fd8e73e_o-scaled-e1713796741608.jpg","keywords":["Jornalismo transnacional"],"articleSection":["Col\u00f3quio Iberoamericano"],"inLanguage":"pt-BR"},{"@type":"WebPage","@id":"https:\/\/latamjournalismreview.org\/pt-br\/articles\/internews-apresenta-projetos-com-abordagem-transfronteirica-para-fortalecer-ecossistemas-de-informacao-na-america-latina\/","url":"https:\/\/latamjournalismreview.org\/pt-br\/articles\/internews-apresenta-projetos-com-abordagem-transfronteirica-para-fortalecer-ecossistemas-de-informacao-na-america-latina\/","name":"Internews apresenta projetos com abordagem transfronteiri\u00e7a para fortalecer ecossistemas de informa\u00e7\u00e3o na Am\u00e9rica Latina - LatAm Journalism Review by the Knight Center","isPartOf":{"@id":"https:\/\/latamjournalismreview.org\/pt-br\/#website"},"primaryImageOfPage":{"@id":"https:\/\/latamjournalismreview.org\/pt-br\/articles\/internews-apresenta-projetos-com-abordagem-transfronteirica-para-fortalecer-ecossistemas-de-informacao-na-america-latina\/#primaryimage"},"image":{"@id":"https:\/\/latamjournalismreview.org\/pt-br\/articles\/internews-apresenta-projetos-com-abordagem-transfronteirica-para-fortalecer-ecossistemas-de-informacao-na-america-latina\/#primaryimage"},"thumbnailUrl":"https:\/\/latamjournalismreview.org\/wp-content\/uploads\/2024\/04\/53653923729_ed3fd8e73e_o-scaled-e1713796741608.jpg","datePublished":"2024-04-22T15:13:51+00:00","dateModified":"2024-04-26T12:52:27+00:00","description":"Internews apresenta projetos com abordagem transfronteiri\u00e7a para fortalecer ecossistemas de informa\u00e7\u00e3o na Am\u00e9rica Latina Col\u00f3quio Iberoamericano. Latin American Journalism Review by The Knight Center at The University of Texas at Austin.","breadcrumb":{"@id":"https:\/\/latamjournalismreview.org\/pt-br\/articles\/internews-apresenta-projetos-com-abordagem-transfronteirica-para-fortalecer-ecossistemas-de-informacao-na-america-latina\/#breadcrumb"},"inLanguage":"pt-BR","potentialAction":[{"@type":"ReadAction","target":["https:\/\/latamjournalismreview.org\/pt-br\/articles\/internews-apresenta-projetos-com-abordagem-transfronteirica-para-fortalecer-ecossistemas-de-informacao-na-america-latina\/"]}]},{"@type":"ImageObject","inLanguage":"pt-BR","@id":"https:\/\/latamjournalismreview.org\/pt-br\/articles\/internews-apresenta-projetos-com-abordagem-transfronteirica-para-fortalecer-ecossistemas-de-informacao-na-america-latina\/#primaryimage","url":"https:\/\/latamjournalismreview.org\/wp-content\/uploads\/2024\/04\/53653923729_ed3fd8e73e_o-scaled-e1713796741608.jpg","contentUrl":"https:\/\/latamjournalismreview.org\/wp-content\/uploads\/2024\/04\/53653923729_ed3fd8e73e_o-scaled-e1713796741608.jpg","width":2560,"height":1707,"caption":"Enfoques transfronterizos para empoderar al periodismo local y mitigar la desinformaci\u00f3n panel during 17\u00ba COLOQUIO IBEROAMERICANO DE PERIODISMO DIGITAL on April 14, 2024. Patricia Lim\/Knight Center"},{"@type":"BreadcrumbList","@id":"https:\/\/latamjournalismreview.org\/pt-br\/articles\/internews-apresenta-projetos-com-abordagem-transfronteirica-para-fortalecer-ecossistemas-de-informacao-na-america-latina\/#breadcrumb","itemListElement":[{"@type":"ListItem","position":1,"name":"Home","item":"https:\/\/latamjournalismreview.org\/pt-br\/"},{"@type":"ListItem","position":2,"name":"Internews apresenta projetos com abordagem transfronteiri\u00e7a para fortalecer ecossistemas de informa\u00e7\u00e3o na Am\u00e9rica Latina"}]},{"@type":"WebSite","@id":"https:\/\/latamjournalismreview.org\/pt-br\/#website","url":"https:\/\/latamjournalismreview.org\/pt-br\/","name":"LatAm Journalism Review","description":"Digital magazine on journalism in Latin America","publisher":{"@id":"https:\/\/latamjournalismreview.org\/pt-br\/#organization"},"potentialAction":[{"@type":"SearchAction","target":{"@type":"EntryPoint","urlTemplate":"https:\/\/latamjournalismreview.org\/pt-br\/?s={search_term_string}"},"query-input":{"@type":"PropertyValueSpecification","valueRequired":true,"valueName":"search_term_string"}}],"inLanguage":"pt-BR"},{"@type":"Organization","@id":"https:\/\/latamjournalismreview.org\/pt-br\/#organization","name":"LatAm Journalism Review","url":"https:\/\/latamjournalismreview.org\/pt-br\/","logo":{"@type":"ImageObject","inLanguage":"pt-BR","@id":"https:\/\/latamjournalismreview.org\/pt-br\/#\/schema\/logo\/image\/","url":"https:\/\/latamjournalismreview.org\/wp-content\/uploads\/2020\/05\/knight-latAm-review-logo.svg","contentUrl":"https:\/\/latamjournalismreview.org\/wp-content\/uploads\/2020\/05\/knight-latAm-review-logo.svg","width":"1024","height":"1024","caption":"LatAm Journalism Review"},"image":{"@id":"https:\/\/latamjournalismreview.org\/pt-br\/#\/schema\/logo\/image\/"},"sameAs":["https:\/\/x.com\/LatAmJournalism"]},{"@type":"Person","@id":"https:\/\/latamjournalismreview.org\/pt-br\/#\/schema\/person\/dcf6dcdd6226ac8d939e2796645d17c6","name":"C\u00e9sar L\u00f3pez Linares","description":"C\u00e9sar L\u00f3pez Linares began his career at the Mexican newspaper REFORMA as an entertainment and media co-editor. He has written for publications such as TODO Austin, Texas Music Magazine and The Austin Chronicle. C\u00e9sar has a Master's degree in Journalism from the University of Texas at Austin and a Bachelors degree in Communication from the National Autonomous University of Mexico. He previously wrote about innovation in journalism for the Gabo Foundation in Colombia and currently reports for the Knight Center's LatAmJournalism Review digital magazine. A native of Mexico City, C\u00e9sar has become a digital nomad combining content creation with his passion for travel. ________ C\u00e9sar L\u00f3pez Linares inici\u00f3 su carrera en el diario mexicano REFORMA como coeditor de entretenimiento y medios. Ha escrito para publicaciones como TODO Austin, Texas Music Magazine y The Austin Chronicle. C\u00e9sar tiene una Maestr\u00eda en Periodismo de la Universidad de Texas en Austin y una Licenciatura en Comunicaci\u00f3n de la Universidad Nacional Aut\u00f3noma de M\u00e9xico. Previamente escribi\u00f3 sobre innovaci\u00f3n en periodismo para la Fundaci\u00f3n Gabo en Colombia y actualmente escribe para la revista digital LatAmJournalism Review del Centro Knight. Originario de la Ciudad de M\u00e9xico, C\u00e9sar se ha convertido en un n\u00f3mada digital que combina la creaci\u00f3n de contenido con su pasi\u00f3n por viajar. _________ C\u00e9sar L\u00f3pez Linares come\u00e7ou sua carreira no jornal mexicano REFORMA como coeditor de entretenimento e m\u00eddia. Ele escreveu para publica\u00e7\u00f5es como TODO Austin, Texas Music Magazine e The Austin Chronicle. C\u00e9sar tem mestrado em jornalismo pela University of Texas em Austin e \u00e9 bacharel em comunica\u00e7\u00e3o pela Universidad Nacional Aut\u00f3noma de M\u00e9xico. Antes disso, ele escreveu sobre inova\u00e7\u00e3o no jornalismo para a Funda\u00e7\u00e3o Gabo na Col\u00f4mbia. Atualmente escreve para a revista digital LatAmJournalism Review do Centro Knight. Nascido na Cidade do M\u00e9xico, C\u00e9sar se tornou um n\u00f4made digital combinando a cria\u00e7\u00e3o de conte\u00fado com sua paix\u00e3o por viagens.","sameAs":["https:\/\/x.com\/cesarisch"],"url":"https:\/\/latamjournalismreview.org\/pt-br\/articles\/author\/cesar-lopez-linares\/"}]}},"_links":{"self":[{"href":"https:\/\/latamjournalismreview.org\/pt-br\/wp-json\/wp\/v2\/posts\/86633","targetHints":{"allow":["GET"]}}],"collection":[{"href":"https:\/\/latamjournalismreview.org\/pt-br\/wp-json\/wp\/v2\/posts"}],"about":[{"href":"https:\/\/latamjournalismreview.org\/pt-br\/wp-json\/wp\/v2\/types\/post"}],"author":[{"embeddable":true,"href":"https:\/\/latamjournalismreview.org\/pt-br\/wp-json\/wp\/v2\/users\/19"}],"replies":[{"embeddable":true,"href":"https:\/\/latamjournalismreview.org\/pt-br\/wp-json\/wp\/v2\/comments?post=86633"}],"version-history":[{"count":4,"href":"https:\/\/latamjournalismreview.org\/pt-br\/wp-json\/wp\/v2\/posts\/86633\/revisions"}],"predecessor-version":[{"id":86832,"href":"https:\/\/latamjournalismreview.org\/pt-br\/wp-json\/wp\/v2\/posts\/86633\/revisions\/86832"}],"wp:featuredmedia":[{"embeddable":true,"href":"https:\/\/latamjournalismreview.org\/pt-br\/wp-json\/wp\/v2\/media\/86621"}],"wp:attachment":[{"href":"https:\/\/latamjournalismreview.org\/pt-br\/wp-json\/wp\/v2\/media?parent=86633"}],"wp:term":[{"taxonomy":"category","embeddable":true,"href":"https:\/\/latamjournalismreview.org\/pt-br\/wp-json\/wp\/v2\/categories?post=86633"},{"taxonomy":"post_tag","embeddable":true,"href":"https:\/\/latamjournalismreview.org\/pt-br\/wp-json\/wp\/v2\/tags?post=86633"},{"taxonomy":"author","embeddable":true,"href":"https:\/\/latamjournalismreview.org\/pt-br\/wp-json\/wp\/v2\/coauthors?post=86633"}],"curies":[{"name":"wp","href":"https:\/\/api.w.org\/{rel}","templated":true}]}}