{"id":87365,"date":"2024-05-15T12:47:27","date_gmt":"2024-05-15T17:47:27","guid":{"rendered":"https:\/\/latamjournalismreview.org\/?p=87365"},"modified":"2024-05-15T14:33:42","modified_gmt":"2024-05-15T19:33:42","slug":"como-proteger-o-bem-estar-e-a-seguranca-da-redacao-em-um-ambiente-hostil-editores-da-america-central-contam-suas-estrategias","status":"publish","type":"post","link":"https:\/\/latamjournalismreview.org\/pt-br\/articles\/como-proteger-o-bem-estar-e-a-seguranca-da-redacao-em-um-ambiente-hostil-editores-da-america-central-contam-suas-estrategias\/","title":{"rendered":"Como proteger o bem-estar e a seguran\u00e7a da reda\u00e7\u00e3o em um ambiente hostil? Editores da Am\u00e9rica Central contam suas estrat\u00e9gias"},"content":{"rendered":"<p><span style=\"font-weight: 400;\">Avaliar qual \u00e9 o risco de cada cobertura, construir la\u00e7os de confian\u00e7a plena entre editores e rep\u00f3rteres, contar com defesa jur\u00eddica e oferecer aten\u00e7\u00e3o psicol\u00f3gica s\u00e3o elementos fundamentais que editores e diretores de m\u00eddia devem considerar para poderem enfrentar os perigos, o ass\u00e9dio e a criminaliza\u00e7\u00e3o do jornalismo na Am\u00e9rica Latina atualmente.<\/span><\/p>\n<p><span style=\"font-weight: 400;\">Quem diz isso s\u00e3o Carlos Dada, cofundador e diretor do meio digital El Faro, de El Salvador, e Carlos Fernando Chamorro, fundador e diretor do Confidencial, de Nicar\u00e1gua, que participaram como palestrantes em pain\u00e9is sobre seguran\u00e7a e bem-estar de jornalistas no Festival Internacional de Jornalismo 2024, em Perugia, It\u00e1lia.<\/span><\/p>\n<p><span style=\"font-weight: 400;\">Para o El Faro, que desde sua funda\u00e7\u00e3o em 1998 enfrentou situa\u00e7\u00f5es de inseguran\u00e7a devido a suas coberturas de gangues, narcotr\u00e1fico e corrup\u00e7\u00e3o em El Salvador, a avalia\u00e7\u00e3o de risco foi crucial para proteger seus jornalistas. Dada disse que, em situa\u00e7\u00f5es de alto risco, a confian\u00e7a total entre editores e rep\u00f3rteres, assim como uma comunica\u00e7\u00e3o transparente, s\u00e3o elementos fundamentais para manter a equipe segura.<\/span><\/p>\n<p><span style=\"font-weight: 400;\">\"Nada funciona se n\u00e3o h\u00e1 confian\u00e7a entre editores e rep\u00f3rteres. Se voc\u00ea \u00e9 rep\u00f3rter e n\u00e3o confia no seu editor, n\u00e3o v\u00e1 a nenhum local de risco. E se voc\u00ea \u00e9 editor e n\u00e3o confia no seu rep\u00f3rter, ou n\u00e3o sabe como avaliar sua pr\u00f3pria seguran\u00e7a, n\u00e3o o deixe ir\", disse Dada durante sua participa\u00e7\u00e3o no painel \"A avalia\u00e7\u00e3o de risco pode manter os jornalistas mais seguros?\". \"\u00c9 preciso gerar confian\u00e7a, e isso requer tempo, \u00e9 claro\".<\/span><\/p>\n<p><span style=\"font-weight: 400;\">O jornalista explicou que a avalia\u00e7\u00e3o de risco no El Faro \u00e9 realizada por um comit\u00ea de emerg\u00eancia, que \u00e9 o respons\u00e1vel por tomar as decis\u00f5es relativas \u00e0 seguran\u00e7a dos membros da equipe em situa\u00e7\u00f5es de perigo. O rep\u00f3rter em risco deve confiar que as decis\u00f5es tomadas pelo comit\u00ea s\u00e3o as melhores para sua seguran\u00e7a e deve seguir suas instru\u00e7\u00f5es mesmo contra seus pr\u00f3prios instintos. Isso, disse Dada, \u00e9 muito dif\u00edcil de alcan\u00e7ar, mas uma vez que se consegue, \u00e9 bastante \u00fatil para garantir a integridade da equipe.<\/span><\/p>\n<p><span style=\"font-weight: 400;\">\"Quando voc\u00ea est\u00e1 submetido a grandes riscos ou amea\u00e7as, sua percep\u00e7\u00e3o desse risco quase nunca \u00e9 igual ao risco real. Geralmente \u00e9 maior ou menor, dependendo de como voc\u00ea se sente naquele dia\", disse Dada. \"Pareceu-nos que [o comit\u00ea de emerg\u00eancia] era a melhor solu\u00e7\u00e3o que poder\u00edamos encontrar para resolver o problema da percep\u00e7\u00e3o\".<\/span><\/p>\n<div id=\"attachment_87315\" style=\"width: 460px\" class=\"wp-caption alignleft\"><img loading=\"lazy\" decoding=\"async\" aria-describedby=\"caption-attachment-87315\" class=\"wp-image-87315\" src=\"https:\/\/latamjournalismreview.org\/wp-content\/uploads\/2024\/05\/Carlos-Dada-by-Francesco-Cuoccio-e1715713449168.jpeg\" alt=\"Salvadoran journalist Carlos Dada speaks during a panel at the International Journalism Festival 2024, in Perugia, Italy.\" width=\"450\" height=\"326\" srcset=\"https:\/\/latamjournalismreview.org\/wp-content\/uploads\/2024\/05\/Carlos-Dada-by-Francesco-Cuoccio-e1715713449168.jpeg 1760w, https:\/\/latamjournalismreview.org\/wp-content\/uploads\/2024\/05\/Carlos-Dada-by-Francesco-Cuoccio-e1715713449168-300x217.jpeg 300w, https:\/\/latamjournalismreview.org\/wp-content\/uploads\/2024\/05\/Carlos-Dada-by-Francesco-Cuoccio-e1715713449168-1024x741.jpeg 1024w, https:\/\/latamjournalismreview.org\/wp-content\/uploads\/2024\/05\/Carlos-Dada-by-Francesco-Cuoccio-e1715713449168-768x555.jpeg 768w, https:\/\/latamjournalismreview.org\/wp-content\/uploads\/2024\/05\/Carlos-Dada-by-Francesco-Cuoccio-e1715713449168-1536x1111.jpeg 1536w\" sizes=\"auto, (max-width: 450px) 100vw, 450px\" \/><p id=\"caption-attachment-87315\" class=\"wp-caption-text\">Carlos Dada mencionou que a avalia\u00e7\u00e3o de riscos no El Faro \u00e9 realizada por meio de um comit\u00ea de emerg\u00eancia. (Foto: Francesco Cuoccio - Licenciada sob CC BY-ND 4.0)<\/p><\/div>\n<p><span style=\"font-weight: 400;\">As conversas honestas entre editor e rep\u00f3rter antes das coberturas s\u00e3o fundamentais para construir essa rela\u00e7\u00e3o de confian\u00e7a, na qual o rep\u00f3rter confia sua vida ao editor, disse Dada. Uma vez que o rep\u00f3rter est\u00e1 no campo, pelo menos duas pessoas na reda\u00e7\u00e3o do El Faro fazem um monitoramento e acompanhamento permanente durante o tempo que dura a cobertura, acrescentou o jornalista.<\/span><\/p>\n<p><span style=\"font-weight: 400;\">Dada disse que a avalia\u00e7\u00e3o dos riscos e o monitoramento tamb\u00e9m devem fazer parte das medidas de prote\u00e7\u00e3o de jornalistas freelancers. Se esses n\u00e3o contam com um editor com quem mantenham contato estreito durante coberturas perigosas, devem passar a ter, disse o jornalista.<\/span><\/p>\n<p><span style=\"font-weight: 400;\">\"H\u00e1 muitos freelancers em El Salvador de quem somos amigos, que nos ligam quando v\u00e3o fazer algum trabalho. N\u00f3s os monitoramos e os aconselhamos, e funcionamos como sua t\u00e1bua de salva\u00e7\u00e3o\", disse. \"O fato de voc\u00ea ser freelancer n\u00e3o significa que voc\u00ea deve ir sozinho a essas coberturas de risco. Voc\u00ea precisa encontrar algu\u00e9m em quem confie para trabalhar como sua t\u00e1bua de salva\u00e7\u00e3o ou assessor de riscos nesses casos\".<\/span><\/p>\n<h3><span style=\"font-weight: 400;\">A sa\u00fade mental tamb\u00e9m \u00e9 priorit\u00e1ria<\/span><\/h3>\n<p><span style=\"font-weight: 400;\">\u00a0Dada contou que quando come\u00e7ou a buscar guias sobre como avaliar riscos em sua reda\u00e7\u00e3o, encontrou principalmente manuais de prote\u00e7\u00e3o a jornalistas dirigidos principalmente a m\u00eddias de pa\u00edses desenvolvidos, os quais n\u00e3o se adaptavam \u00e0 realidade salvadorenha.<\/span><\/p>\n<p><span style=\"font-weight: 400;\">Nos anos recentes, quando a polariza\u00e7\u00e3o em El Salvador se agravou, e durante os quais <\/span><a href=\"https:\/\/latamjournalismreview.org\/pt-br\/articles\/journalists-fear-renewed-hostility-towards-the-press-with-bukeles-re-election-in-el-salvador\/\"><span style=\"font-weight: 400;\">o governo do presidente Nayib Bukele tem apontado m\u00eddias e jornalistas como \"inimigos p\u00fablicos\"<\/span><\/a><span style=\"font-weight: 400;\">, os desafios e as amea\u00e7as contra a seguran\u00e7a dos jornalistas aumentaram, disse Dada.<\/span><\/p>\n<p><span style=\"font-weight: 400;\">Portanto, o El Faro teve que desenhar suas pr\u00f3prias estrat\u00e9gias de prote\u00e7\u00e3o, considerando, al\u00e9m da avalia\u00e7\u00e3o de riscos, outros elementos como a defesa legal, uma rede de apoio internacional e prote\u00e7\u00e3o psicol\u00f3gica. Quanto a este \u00faltimo item, Dada admitiu que \u00e9 o \u00e2mbito no qual sua reda\u00e7\u00e3o tem mais progressos a fazer.<\/span><\/p>\n<p><span style=\"font-weight: 400;\">\"Nos demos conta tarde de que isso [as coberturas de risco] tem efeitos psicol\u00f3gicos em n\u00f3s. Acho que foi a \u00faltima parte que realmente abordamos, e n\u00e3o acho que sejamos muito bons nisso ainda\", disse Dada. \"Acho que tamb\u00e9m \u00e9 uma quest\u00e3o geracional. Na minha gera\u00e7\u00e3o sempre fomos mais relutantes em aceitar que existem problemas psicol\u00f3gicos. Para as novas gera\u00e7\u00f5es isso \u00e9 mais natural, ent\u00e3o s\u00e3o eles que nos empurram a fazer algumas coisas\".<\/span><\/p>\n<p><span style=\"font-weight: 400;\">Dada disse que os membros da reda\u00e7\u00e3o do El Faro t\u00eam acesso a apoio psicol\u00f3gico se assim o requerem. E para os empregados que n\u00e3o se sentem confort\u00e1veis falando com profissionais da sa\u00fade mental, as conversas entre pares s\u00e3o outra forma efetiva de abordar os efeitos emocionais das coberturas, segundo o jornalista.<\/span><\/p>\n<p><span style=\"font-weight: 400;\">\"Eu simplesmente recomendaria a todo mundo que fizesse isso, ou\u00e7am a sua gente\", disse Dada. \"Voc\u00ea precisa que as pessoas tenham boa sa\u00fade emocional para fazer bem seu trabalho\".<\/span><\/p>\n<h3><span style=\"font-weight: 400;\">Quando a \u00fanica prote\u00e7\u00e3o poss\u00edvel \u00e9 o ex\u00edlio<\/span><\/h3>\n<p><span style=\"font-weight: 400;\">\u00a0Entre as medidas para proteger a seguran\u00e7a de um jornalista que enfrenta alguma amea\u00e7a por seu trabalho est\u00e1 sua realoca\u00e7\u00e3o tempor\u00e1ria, para a qual os meios de not\u00edcias podem recorrer a organiza\u00e7\u00f5es de apoio ao jornalismo.<\/span><\/p>\n<p><span style=\"font-weight: 400;\">Mas quando a amea\u00e7a \u00e9 maior, a realoca\u00e7\u00e3o pode se converter em ex\u00edlio permanente, e esse processo \u00e9 muito mais complexo de aguentar tanto para o jornalista quanto para o meio em que trabalha, segundo disse Chamorro durante sua participa\u00e7\u00e3o no painel \"Reda\u00e7\u00f5es que p\u00f5em o bem-estar dos jornalistas em primeiro lugar\".<\/span><\/p>\n<p><span style=\"font-weight: 400;\">Desde h\u00e1 cerca de tr\u00eas anos, <\/span><a href=\"https:\/\/elfaro.net\/es\/202303\/columnas\/26757\/como-hacer-periodismo-bajo-una-dictadura-lecciones-de-nicaragua\"><span style=\"font-weight: 400;\">toda a reda\u00e7\u00e3o do Confidencial, inclu\u00eddo Chamorro<\/span><\/a><span style=\"font-weight: 400;\">, trabalha desde o ex\u00edlio, depois de v\u00e1rios anos de ass\u00e9dio judicial por parte do regime do presidente da Nicar\u00e1gua, Daniel Ortega, que <\/span><a href=\"https:\/\/latamjournalismreview.org\/pt-br\/articles\/i-denounce-the-dictator-daniel-ortega-says-editor-carlos-chamorro-after-police-raid-newsroom-in-nicaragua\/\"><span style=\"font-weight: 400;\">incluiu a invas\u00e3o da reda\u00e7\u00e3o e confisca\u00e7\u00e3o de equipamento do meio em 2018<\/span><\/a><span style=\"font-weight: 400;\">.<\/span><\/p>\n<div id=\"attachment_87318\" style=\"width: 460px\" class=\"wp-caption alignright\"><img loading=\"lazy\" decoding=\"async\" aria-describedby=\"caption-attachment-87318\" class=\"wp-image-87318\" src=\"https:\/\/latamjournalismreview.org\/wp-content\/uploads\/2024\/05\/Carlos-Chamorro-by-Andrea-Marchi-e1715713537616.jpg\" alt=\"Nicaraguan journalist Carlos Fernando Chamorro speaks during a panel at the International Journalism Festival 2024, in Perugia, Italy.\" width=\"450\" height=\"426\" srcset=\"https:\/\/latamjournalismreview.org\/wp-content\/uploads\/2024\/05\/Carlos-Chamorro-by-Andrea-Marchi-e1715713537616.jpg 1110w, https:\/\/latamjournalismreview.org\/wp-content\/uploads\/2024\/05\/Carlos-Chamorro-by-Andrea-Marchi-e1715713537616-300x284.jpg 300w, https:\/\/latamjournalismreview.org\/wp-content\/uploads\/2024\/05\/Carlos-Chamorro-by-Andrea-Marchi-e1715713537616-1024x970.jpg 1024w, https:\/\/latamjournalismreview.org\/wp-content\/uploads\/2024\/05\/Carlos-Chamorro-by-Andrea-Marchi-e1715713537616-768x728.jpg 768w, https:\/\/latamjournalismreview.org\/wp-content\/uploads\/2024\/05\/Carlos-Chamorro-by-Andrea-Marchi-e1715713537616-24x24.jpg 24w\" sizes=\"auto, (max-width: 450px) 100vw, 450px\" \/><p id=\"caption-attachment-87318\" class=\"wp-caption-text\">Carlos Fernando Chamorro disse que a decis\u00e3o de um jornalista de sair em ex\u00edlio \u00e9 um processo queexige apoio e orienta\u00e7\u00e3o (Foto: Andrea Marchi - Licenciada sob CC BY-ND 4.0)<\/p><\/div>\n<p><span style=\"font-weight: 400;\">\"A decis\u00e3o final de se exilar para um jornalista \u00e9 muito dif\u00edcil. Passei por essa agonia v\u00e1rias semanas antes de tomar essa decis\u00e3o. Ningu\u00e9m pode te impor essa decis\u00e3o, voc\u00ea tem que chegar \u00e0 conclus\u00e3o de que voc\u00ea tem que ir, caso contr\u00e1rio eles te silenciar\u00e3o, ou voc\u00ea ir\u00e1 para a pris\u00e3o\", disse Chamorro. \"\u00c9 um processo volunt\u00e1rio que precisa de apoio, que precisa de orienta\u00e7\u00e3o, que precisa de persuas\u00e3o\".<\/span><\/p>\n<p><span style=\"font-weight: 400;\">O ex\u00edlio representa m\u00faltiplos desafios, como o sustento econ\u00f4mico do jornalista em um pa\u00eds estrangeiro, a separa\u00e7\u00e3o familiar e o processo de adapta\u00e7\u00e3o \u00e0 condi\u00e7\u00e3o permanente de estar exilado, disse Chamorro. No entanto, o jornalista considera que esses desafios valeram a pena, pois nenhum membro de sua reda\u00e7\u00e3o est\u00e1 na pris\u00e3o.<\/span><\/p>\n<p><span style=\"font-weight: 400;\">\"Tivemos sucesso quanto \u00e0 prote\u00e7\u00e3o de nossos jornalistas e nossas fontes. O segundo foi extremamente importante: como proporcionar canais de comunica\u00e7\u00e3o seguros para manter essa comunica\u00e7\u00e3o com as fontes, que tamb\u00e9m est\u00e3o criminalizadas\", disse Chamorro.<\/span><\/p>\n<p><span style=\"font-weight: 400;\">O jornalista disse que, antes da escalada de ataques contra a imprensa na Nicar\u00e1gua nos anos recentes, o Confidencial tinha um programa para monitorar o bem-estar de seus empregados diante de hostilidades como amea\u00e7as, ass\u00e9dio, bloqueio de acesso \u00e0 informa\u00e7\u00e3o ou espionagem. No entanto, trabalhando desde o ex\u00edlio, esse programa ficou superado, disse, e agora a prioridade \u00e9 preservar a liberdade e a integridade de seus jornalistas.<\/span><\/p>\n<p><span style=\"font-weight: 400;\">\"O significado de bem-estar mudou ao longo do tempo. Durante os tempos da chamada normalidade [...], fal\u00e1vamos de bem-estar focado sobretudo em compensa\u00e7\u00e3o econ\u00f4mica, apoio legal, esse tipo de coisa\", disse Chamorro. \"Quando passamos por um processo de criminaliza\u00e7\u00e3o, quando nossa reda\u00e7\u00e3o foi invadida pela pol\u00edcia, n\u00e3o uma, mas duas vezes, e quando ser jornalista se tornou um delito na Nicar\u00e1gua, o bem-estar para n\u00f3s se tornou equivalente a seguran\u00e7a, estabilidade, resist\u00eancia, resili\u00eancia\".<\/span><\/p>\n<p><span style=\"font-weight: 400;\">A capacidade de uma reda\u00e7\u00e3o para proporcionar seguran\u00e7a e bem-estar \u00e0 sua equipe \u00e9 limitada operando no ex\u00edlio, disse o jornalista. Por isso, eventualmente, v\u00e3o perdendo empregados que decidem migrar por conta pr\u00f3pria ou buscar outras op\u00e7\u00f5es de trabalho fora do jornalismo.<\/span><\/p>\n<p><span style=\"font-weight: 400;\">\"Houve alguns rep\u00f3rteres jovens que abandonaram nossa reda\u00e7\u00e3o muito cedo, porque diziam 'minha fam\u00edlia est\u00e1 me pressionando muito para que eu n\u00e3o fique nesta reda\u00e7\u00e3o porque \u00e9 arriscado, porque vou ser objeto de repres\u00e1lias'\", disse. \"Todas essas decis\u00f5es s\u00e3o volunt\u00e1rias, n\u00e3o se pode impor \u00e0s pessoas uma coisa ou outra\".<\/span><\/p>\n<p><span style=\"font-weight: 400;\">O jornalista disse que navegar a incerteza \u00e9 um dos maiores desafios no ex\u00edlio. N\u00e3o apenas a incerteza da opera\u00e7\u00e3o da reda\u00e7\u00e3o, mas tamb\u00e9m das circunst\u00e2ncias pol\u00edticas de seu pa\u00eds. Na Nicar\u00e1gua, disse, a ditadura est\u00e1 em um estado de fragilidade e uma transi\u00e7\u00e3o para a democracia poderia ocorrer a qualquer momento.<\/span><\/p>\n<p><span style=\"font-weight: 400;\">\"N\u00e3o sabemos o que vai acontecer depois. Trabalhamos para a semana, para hoje, para este ano de 2024, mas n\u00e3o temos or\u00e7amento para 2025, para 2026. N\u00e3o podemos pensar nem planejar a longo prazo\", disse Chamorro. \"O principal problema, eu diria, \u00e9 como se adaptar a uma condi\u00e7\u00e3o de incerteza e ex\u00edlio permanente. Isso poderia mudar de um dia para o outro, mas n\u00e3o sabemos quando chegar\u00e1 esse dia\".<\/span><\/p>\n<p><span style=\"font-weight: 400;\">Chamorro disse que a situa\u00e7\u00e3o do Confidencial n\u00e3o \u00e9 \u00fanica, mas que h\u00e1 outros meios de pa\u00edses como Cuba, Venezuela, El Salvador trabalhando desde o ex\u00edlio. Por isso, disse, \u00e9 necess\u00e1rio um novo paradigma para o jornalismo desde o ex\u00edlio que facilite a obten\u00e7\u00e3o de recursos e ofere\u00e7a certa estabilidade \u00e0s reda\u00e7\u00f5es que operam fora de seu pa\u00eds.<\/span><\/p>\n<p><span style=\"font-weight: 400;\">\"Isso requer, obviamente, seguran\u00e7a digital, canais de comunica\u00e7\u00e3o seguros, seguran\u00e7a, mas tamb\u00e9m permitir que os jornalistas tamb\u00e9m cres\u00e7am neste processo de incerteza\", disse.<\/span><\/p>\n<h3><span style=\"font-weight: 400;\">Defensores sob ataque<\/span><\/h3>\n<p><span style=\"font-weight: 400;\">Em v\u00e1rias partes do mundo, a lei est\u00e1 sendo usada cada vez mais como arma para silenciar o jornalismo e comprometer a liberdade, o bem-estar e a seguran\u00e7a econ\u00f4mica dos jornalistas. Advogados t\u00eam se tornado alvo de ataque de autoridades que buscam enfraquecer a defesa legal de um jornalista em um processo judicial.<\/span><\/p>\n<p><span style=\"font-weight: 400;\">Assim disseram os participantes do painel \"Defender os defensores: Protegendo a justi\u00e7a frente a batalhas legais\", entre os quais estava Jos\u00e9 Zamora, chefe de comunica\u00e7\u00e3o e impacto da Exile Content.<\/span><\/p>\n<div id=\"attachment_87321\" style=\"width: 460px\" class=\"wp-caption alignleft\"><img loading=\"lazy\" decoding=\"async\" aria-describedby=\"caption-attachment-87321\" class=\"wp-image-87321\" src=\"https:\/\/latamjournalismreview.org\/wp-content\/uploads\/2024\/05\/Jose-Zamor-by-Diego-Figone-e1715713893537.jpeg\" alt=\"Guatemalan activist Jos\u00e9 Zamora is seen on a screen during a panel at the International Journalism Festival 2024, in Perugia, Italy.\" width=\"450\" height=\"303\" srcset=\"https:\/\/latamjournalismreview.org\/wp-content\/uploads\/2024\/05\/Jose-Zamor-by-Diego-Figone-e1715713893537.jpeg 1405w, https:\/\/latamjournalismreview.org\/wp-content\/uploads\/2024\/05\/Jose-Zamor-by-Diego-Figone-e1715713893537-300x202.jpeg 300w, https:\/\/latamjournalismreview.org\/wp-content\/uploads\/2024\/05\/Jose-Zamor-by-Diego-Figone-e1715713893537-1024x690.jpeg 1024w, https:\/\/latamjournalismreview.org\/wp-content\/uploads\/2024\/05\/Jose-Zamor-by-Diego-Figone-e1715713893537-768x518.jpeg 768w, https:\/\/latamjournalismreview.org\/wp-content\/uploads\/2024\/05\/Jose-Zamor-by-Diego-Figone-e1715713893537-507x340.jpeg 507w\" sizes=\"auto, (max-width: 450px) 100vw, 450px\" \/><p id=\"caption-attachment-87321\" class=\"wp-caption-text\">Jos\u00e9 Zamora (na tela) falou remotamente sobre como os advogados de seu pai, o jornalista guatemalteco Jos\u00e9 Rub\u00e9n Zamora, t\u00eam sido perseguidos judicialmente. (Foto: Diego Figone - Licenciada sob CC BY-ND 4.0)<\/p><\/div>\n<p><span style=\"font-weight: 400;\">Zamora lidera a campanha pela libera\u00e7\u00e3o de seu pai, o jornalista guatemalteco Jos\u00e9 Rub\u00e9n Zamora, fundador do jornal elPeri\u00f3dico, que <\/span><a href=\"https:\/\/latamjournalismreview.org\/pt-br\/articles\/a-pesar-de-un-juicio-injusto-y-una-sentencia-revocada-periodista-guatemalteco-jose-ruben-zamora-sigue-en-prision\/\"><span style=\"font-weight: 400;\">est\u00e1 preso desde 2022 acusado de lavagem de dinheiro<\/span><\/a><span style=\"font-weight: 400;\">. Zamora, que participou do painel de forma remota, disse que o caso contra seu pai tem sido marcado por irregularidades e viola\u00e7\u00f5es de seus direitos, incluindo ass\u00e9dio e criminaliza\u00e7\u00e3o dos 10 advogados que teve durante todo o processo.<\/span><\/p>\n<p><span style=\"font-weight: 400;\">\"Todo o processo n\u00e3o apenas foi inventado, mas violaram todos seus direitos e um desses direitos \u00e9 o direito a uma defesa legal\", disse Zamora. \"Come\u00e7aram desde o primeiro dia, durante a primeira audi\u00eancia. O juiz disse que havia um caso contra seus advogados e que deveriam ser destitu\u00eddos imediatamente. Depois, esses primeiros advogados foram encarcerados durante quase duas semanas. Um deles falou abertamente que foi torturado\".<\/span><\/p>\n<p><span style=\"font-weight: 400;\">Zamora disse que o proceder da P<\/span><a href=\"https:\/\/www.plazapublica.com.gt\/content\/ley-de-aceptacion-de-cargos-admitir-responsabilidad-para-reducir-la-pena\"><span style=\"font-weight: 400;\">rocuradoria da Guatemala se beneficiou de uma lei pela qual os acusados que aceitem as acusa\u00e7\u00f5es contra si podem evitar ir \u00e0 pris\u00e3o<\/span><\/a><span style=\"font-weight: 400;\">. V\u00e1rios dos advogados de Jos\u00e9 Rub\u00e9n Zamora foram acusados de diferentes delitos e supostamente for\u00e7ados a aceitar suas acusa\u00e7\u00f5es sob efeitos dessa lei \u2013 alguns supostamente mediante tortura \u2013, disse Zamora.<\/span><\/p>\n<p><span style=\"font-weight: 400;\">\"Aceitaram suas acusa\u00e7\u00f5es para sair [da pris\u00e3o], o que realmente teve um impacto no processo do meu pai\", disse Zamora. \"Em termos de comunica\u00e7\u00e3o, isso \u00e9 algo que a Procuradoria sempre usa: 'seus advogados j\u00e1 aceitaram suas acusa\u00e7\u00f5es, ent\u00e3o ele certamente tamb\u00e9m \u00e9 culpado'\".<\/span><\/p>\n<p><span style=\"font-weight: 400;\">Essa t\u00e1tica das autoridades judiciais continuou at\u00e9 que nenhum advogado quisesse pegar o caso de seu pai porque sabiam das consequ\u00eancias que poderiam enfrentar, disse Zamora. Na \u00faltima parte do processo, o jornalista foi representado por advogados da defensoria p\u00fablica, os quais n\u00e3o estiveram isentos de acusa\u00e7\u00f5es e obst\u00e1culos ao seu trabalho.<\/span><\/p>\n<p><span style=\"font-weight: 400;\">Zamora detalhou que alguns dos advogados p\u00fablicos de seu pai sofreram ass\u00e9dio e demandas, enquanto outros foram removidos do caso de um dia para o outro.<\/span><\/p>\n<p><span style=\"font-weight: 400;\">\"De certo modo, fazem parte do sistema e o sistema est\u00e1 contra eles e tamb\u00e9m os ataca\", disse Zamora. \"A defensoria p\u00fablica fica muito nervosa em trabalhar conosco, porque o sistema est\u00e1 indo em cima deles. \u00c9 muito dif\u00edcil se comunicar com eles. Quando voc\u00ea tem um caso como este e todo o sistema e o Estado v\u00e3o atr\u00e1s de voc\u00ea, \u00e9 muito dif\u00edcil trabalhar se voc\u00ea n\u00e3o pode falar com seus advogados diariamente\".<\/span><\/p>\n","protected":false},"excerpt":{"rendered":"<p>Diretores de El Faro (El Salvador) e Confidencial (Nicar\u00e1gua) enfatizaram que a avalia\u00e7\u00e3o de riscos, a confian\u00e7a total entre editores e rep\u00f3rteres, a prote\u00e7\u00e3o legal e o apoio psicol\u00f3gico s\u00e3o elementos fundamentais para preservar o bem-estar e a seguran\u00e7a de suas equipes em ambientes de ass\u00e9dio, amea\u00e7as e criminaliza\u00e7\u00e3o.<\/p>\n","protected":false},"author":19,"featured_media":87329,"comment_status":"closed","ping_status":"closed","sticky":false,"template":"","format":"standard","meta":{"inline_featured_image":false,"footnotes":""},"categories":[1219],"tags":[1616,1571,1575,1458,1591,1609],"coauthors":[2753],"class_list":["post-87365","post","type-post","status-publish","format-standard","has-post-thumbnail","hentry","category-liberdade-de-imprensa-pt-br","tag-direitos-trabalhistas-pt-br","tag-el-salvador-pt-br","tag-exilio-pt-br","tag-guatemala-pt-br","tag-nicaragua-pt-br","tag-seguranca-e-protecao-pt-br"],"acf":[],"yoast_head":"<!-- This site is optimized with the Yoast SEO Premium plugin v22.6 (Yoast SEO v27.4) - https:\/\/yoast.com\/product\/yoast-seo-premium-wordpress\/ -->\n<title>Como proteger o bem-estar e a seguran\u00e7a da reda\u00e7\u00e3o em um ambiente hostil? Editores da Am\u00e9rica Central contam suas estrat\u00e9gias - LatAm Journalism Review by the Knight Center<\/title>\n<meta name=\"description\" content=\"Editores do El Faro, de El Salvador, e Confidencial, da Nicar\u00e1gua, contam quais medidas adotam para a prote\u00e7\u00e3o de seus jornalistas.\" \/>\n<meta name=\"robots\" content=\"index, follow, max-snippet:-1, max-image-preview:large, max-video-preview:-1\" \/>\n<link rel=\"canonical\" href=\"https:\/\/latamjournalismreview.org\/pt-br\/articles\/como-proteger-o-bem-estar-e-a-seguranca-da-redacao-em-um-ambiente-hostil-editores-da-america-central-contam-suas-estrategias\/\" \/>\n<meta property=\"og:locale\" content=\"pt_BR\" \/>\n<meta property=\"og:type\" content=\"article\" \/>\n<meta property=\"og:title\" content=\"Como proteger o bem-estar e a seguran\u00e7a da reda\u00e7\u00e3o em um ambiente hostil? Editores da Am\u00e9rica Central contam suas estrat\u00e9gias\" \/>\n<meta property=\"og:description\" content=\"Editores do El Faro, de El Salvador, e Confidencial, da Nicar\u00e1gua, contam quais medidas adotam para a prote\u00e7\u00e3o de seus jornalistas.\" \/>\n<meta property=\"og:url\" content=\"https:\/\/latamjournalismreview.org\/pt-br\/articles\/como-proteger-o-bem-estar-e-a-seguranca-da-redacao-em-um-ambiente-hostil-editores-da-america-central-contam-suas-estrategias\/\" \/>\n<meta property=\"og:site_name\" content=\"LatAm Journalism Review by the Knight Center\" \/>\n<meta property=\"article:published_time\" content=\"2024-05-15T17:47:27+00:00\" \/>\n<meta property=\"article:modified_time\" content=\"2024-05-15T19:33:42+00:00\" \/>\n<meta property=\"og:image\" content=\"https:\/\/latamjournalismreview.org\/wp-content\/uploads\/2024\/05\/Safety-and-wellbeing-2.png\" \/>\n\t<meta property=\"og:image:width\" content=\"507\" \/>\n\t<meta property=\"og:image:height\" content=\"340\" \/>\n\t<meta property=\"og:image:type\" content=\"image\/png\" \/>\n<meta name=\"author\" content=\"C\u00e9sar L\u00f3pez Linares\" \/>\n<meta name=\"twitter:card\" content=\"summary_large_image\" \/>\n<meta name=\"twitter:creator\" content=\"@cesarisch\" \/>\n<meta name=\"twitter:site\" content=\"@LatAmJournalism\" \/>\n<meta name=\"twitter:label1\" content=\"Written by\" \/>\n\t<meta name=\"twitter:data1\" content=\"C\u00e9sar L\u00f3pez Linares\" \/>\n\t<meta name=\"twitter:label2\" content=\"Est. reading time\" \/>\n\t<meta name=\"twitter:data2\" content=\"11 minutos\" \/>\n<script type=\"application\/ld+json\" class=\"yoast-schema-graph\">{\"@context\":\"https:\\\/\\\/schema.org\",\"@graph\":[{\"@type\":\"Article\",\"@id\":\"https:\\\/\\\/latamjournalismreview.org\\\/pt-br\\\/articles\\\/como-proteger-o-bem-estar-e-a-seguranca-da-redacao-em-um-ambiente-hostil-editores-da-america-central-contam-suas-estrategias\\\/#article\",\"isPartOf\":{\"@id\":\"https:\\\/\\\/latamjournalismreview.org\\\/pt-br\\\/articles\\\/como-proteger-o-bem-estar-e-a-seguranca-da-redacao-em-um-ambiente-hostil-editores-da-america-central-contam-suas-estrategias\\\/\"},\"author\":{\"name\":\"C\u00e9sar L\u00f3pez Linares\",\"@id\":\"https:\\\/\\\/latamjournalismreview.org\\\/pt-br\\\/#\\\/schema\\\/person\\\/dcf6dcdd6226ac8d939e2796645d17c6\"},\"headline\":\"Como proteger o bem-estar e a seguran\u00e7a da reda\u00e7\u00e3o em um ambiente hostil? Editores da Am\u00e9rica Central contam suas estrat\u00e9gias\",\"datePublished\":\"2024-05-15T17:47:27+00:00\",\"dateModified\":\"2024-05-15T19:33:42+00:00\",\"mainEntityOfPage\":{\"@id\":\"https:\\\/\\\/latamjournalismreview.org\\\/pt-br\\\/articles\\\/como-proteger-o-bem-estar-e-a-seguranca-da-redacao-em-um-ambiente-hostil-editores-da-america-central-contam-suas-estrategias\\\/\"},\"wordCount\":2432,\"publisher\":{\"@id\":\"https:\\\/\\\/latamjournalismreview.org\\\/pt-br\\\/#organization\"},\"image\":{\"@id\":\"https:\\\/\\\/latamjournalismreview.org\\\/pt-br\\\/articles\\\/como-proteger-o-bem-estar-e-a-seguranca-da-redacao-em-um-ambiente-hostil-editores-da-america-central-contam-suas-estrategias\\\/#primaryimage\"},\"thumbnailUrl\":\"https:\\\/\\\/latamjournalismreview.org\\\/wp-content\\\/uploads\\\/2024\\\/05\\\/Safety-and-wellbeing-2.png\",\"keywords\":{\"1\":\"Direitos trabalhistas\",\"2\":\"El Salvador\",\"3\":\"Ex\u00edlio\",\"4\":\"Guatemala\",\"5\":\"Nicar\u00e1gua\",\"6\":\"Seguran\u00e7a e prote\u00e7\u00e3o\"},\"articleSection\":[\"Liberdade de imprensa\"],\"inLanguage\":\"pt-BR\"},{\"@type\":\"WebPage\",\"@id\":\"https:\\\/\\\/latamjournalismreview.org\\\/pt-br\\\/articles\\\/como-proteger-o-bem-estar-e-a-seguranca-da-redacao-em-um-ambiente-hostil-editores-da-america-central-contam-suas-estrategias\\\/\",\"url\":\"https:\\\/\\\/latamjournalismreview.org\\\/pt-br\\\/articles\\\/como-proteger-o-bem-estar-e-a-seguranca-da-redacao-em-um-ambiente-hostil-editores-da-america-central-contam-suas-estrategias\\\/\",\"name\":\"Como proteger o bem-estar e a seguran\u00e7a da reda\u00e7\u00e3o em um ambiente hostil? Editores da Am\u00e9rica Central contam suas estrat\u00e9gias - LatAm Journalism Review by the Knight Center\",\"isPartOf\":{\"@id\":\"https:\\\/\\\/latamjournalismreview.org\\\/pt-br\\\/#website\"},\"primaryImageOfPage\":{\"@id\":\"https:\\\/\\\/latamjournalismreview.org\\\/pt-br\\\/articles\\\/como-proteger-o-bem-estar-e-a-seguranca-da-redacao-em-um-ambiente-hostil-editores-da-america-central-contam-suas-estrategias\\\/#primaryimage\"},\"image\":{\"@id\":\"https:\\\/\\\/latamjournalismreview.org\\\/pt-br\\\/articles\\\/como-proteger-o-bem-estar-e-a-seguranca-da-redacao-em-um-ambiente-hostil-editores-da-america-central-contam-suas-estrategias\\\/#primaryimage\"},\"thumbnailUrl\":\"https:\\\/\\\/latamjournalismreview.org\\\/wp-content\\\/uploads\\\/2024\\\/05\\\/Safety-and-wellbeing-2.png\",\"datePublished\":\"2024-05-15T17:47:27+00:00\",\"dateModified\":\"2024-05-15T19:33:42+00:00\",\"description\":\"Editores do El Faro, de El Salvador, e Confidencial, da Nicar\u00e1gua, contam quais medidas adotam para a prote\u00e7\u00e3o de seus jornalistas.\",\"breadcrumb\":{\"@id\":\"https:\\\/\\\/latamjournalismreview.org\\\/pt-br\\\/articles\\\/como-proteger-o-bem-estar-e-a-seguranca-da-redacao-em-um-ambiente-hostil-editores-da-america-central-contam-suas-estrategias\\\/#breadcrumb\"},\"inLanguage\":\"pt-BR\",\"potentialAction\":[{\"@type\":\"ReadAction\",\"target\":[\"https:\\\/\\\/latamjournalismreview.org\\\/pt-br\\\/articles\\\/como-proteger-o-bem-estar-e-a-seguranca-da-redacao-em-um-ambiente-hostil-editores-da-america-central-contam-suas-estrategias\\\/\"]}]},{\"@type\":\"ImageObject\",\"inLanguage\":\"pt-BR\",\"@id\":\"https:\\\/\\\/latamjournalismreview.org\\\/pt-br\\\/articles\\\/como-proteger-o-bem-estar-e-a-seguranca-da-redacao-em-um-ambiente-hostil-editores-da-america-central-contam-suas-estrategias\\\/#primaryimage\",\"url\":\"https:\\\/\\\/latamjournalismreview.org\\\/wp-content\\\/uploads\\\/2024\\\/05\\\/Safety-and-wellbeing-2.png\",\"contentUrl\":\"https:\\\/\\\/latamjournalismreview.org\\\/wp-content\\\/uploads\\\/2024\\\/05\\\/Safety-and-wellbeing-2.png\",\"width\":507,\"height\":340,\"caption\":\"A photographer wearing a press vest photographs a protest. (Photo: Canva)\"},{\"@type\":\"BreadcrumbList\",\"@id\":\"https:\\\/\\\/latamjournalismreview.org\\\/pt-br\\\/articles\\\/como-proteger-o-bem-estar-e-a-seguranca-da-redacao-em-um-ambiente-hostil-editores-da-america-central-contam-suas-estrategias\\\/#breadcrumb\",\"itemListElement\":[{\"@type\":\"ListItem\",\"position\":1,\"name\":\"Home\",\"item\":\"https:\\\/\\\/latamjournalismreview.org\\\/pt-br\\\/\"},{\"@type\":\"ListItem\",\"position\":2,\"name\":\"Como proteger o bem-estar e a seguran\u00e7a da reda\u00e7\u00e3o em um ambiente hostil? Editores da Am\u00e9rica Central contam suas estrat\u00e9gias\"}]},{\"@type\":\"WebSite\",\"@id\":\"https:\\\/\\\/latamjournalismreview.org\\\/pt-br\\\/#website\",\"url\":\"https:\\\/\\\/latamjournalismreview.org\\\/pt-br\\\/\",\"name\":\"LatAm Journalism Review\",\"description\":\"Digital magazine on journalism in Latin America\",\"publisher\":{\"@id\":\"https:\\\/\\\/latamjournalismreview.org\\\/pt-br\\\/#organization\"},\"potentialAction\":[{\"@type\":\"SearchAction\",\"target\":{\"@type\":\"EntryPoint\",\"urlTemplate\":\"https:\\\/\\\/latamjournalismreview.org\\\/pt-br\\\/?s={search_term_string}\"},\"query-input\":{\"@type\":\"PropertyValueSpecification\",\"valueRequired\":true,\"valueName\":\"search_term_string\"}}],\"inLanguage\":\"pt-BR\"},{\"@type\":\"Organization\",\"@id\":\"https:\\\/\\\/latamjournalismreview.org\\\/pt-br\\\/#organization\",\"name\":\"LatAm Journalism Review\",\"url\":\"https:\\\/\\\/latamjournalismreview.org\\\/pt-br\\\/\",\"logo\":{\"@type\":\"ImageObject\",\"inLanguage\":\"pt-BR\",\"@id\":\"https:\\\/\\\/latamjournalismreview.org\\\/pt-br\\\/#\\\/schema\\\/logo\\\/image\\\/\",\"url\":\"https:\\\/\\\/latamjournalismreview.org\\\/wp-content\\\/uploads\\\/2020\\\/05\\\/knight-latAm-review-logo.svg\",\"contentUrl\":\"https:\\\/\\\/latamjournalismreview.org\\\/wp-content\\\/uploads\\\/2020\\\/05\\\/knight-latAm-review-logo.svg\",\"width\":\"1024\",\"height\":\"1024\",\"caption\":\"LatAm Journalism Review\"},\"image\":{\"@id\":\"https:\\\/\\\/latamjournalismreview.org\\\/pt-br\\\/#\\\/schema\\\/logo\\\/image\\\/\"},\"sameAs\":[\"https:\\\/\\\/x.com\\\/LatAmJournalism\"]},{\"@type\":\"Person\",\"@id\":\"https:\\\/\\\/latamjournalismreview.org\\\/pt-br\\\/#\\\/schema\\\/person\\\/dcf6dcdd6226ac8d939e2796645d17c6\",\"name\":\"C\u00e9sar L\u00f3pez Linares\",\"description\":\"C\u00e9sar L\u00f3pez Linares began his career at the Mexican newspaper REFORMA as an entertainment and media co-editor. He has written for publications such as TODO Austin, Texas Music Magazine and The Austin Chronicle. C\u00e9sar has a Master's degree in Journalism from the University of Texas at Austin and a Bachelors degree in Communication from the National Autonomous University of Mexico. He previously wrote about innovation in journalism for the Gabo Foundation in Colombia and currently reports for the Knight Center's LatAmJournalism Review digital magazine. A native of Mexico City, C\u00e9sar has become a digital nomad combining content creation with his passion for travel. ________ C\u00e9sar L\u00f3pez Linares inici\u00f3 su carrera en el diario mexicano REFORMA como coeditor de entretenimiento y medios. Ha escrito para publicaciones como TODO Austin, Texas Music Magazine y The Austin Chronicle. C\u00e9sar tiene una Maestr\u00eda en Periodismo de la Universidad de Texas en Austin y una Licenciatura en Comunicaci\u00f3n de la Universidad Nacional Aut\u00f3noma de M\u00e9xico. Previamente escribi\u00f3 sobre innovaci\u00f3n en periodismo para la Fundaci\u00f3n Gabo en Colombia y actualmente escribe para la revista digital LatAmJournalism Review del Centro Knight. Originario de la Ciudad de M\u00e9xico, C\u00e9sar se ha convertido en un n\u00f3mada digital que combina la creaci\u00f3n de contenido con su pasi\u00f3n por viajar. _________ C\u00e9sar L\u00f3pez Linares come\u00e7ou sua carreira no jornal mexicano REFORMA como coeditor de entretenimento e m\u00eddia. Ele escreveu para publica\u00e7\u00f5es como TODO Austin, Texas Music Magazine e The Austin Chronicle. C\u00e9sar tem mestrado em jornalismo pela University of Texas em Austin e \u00e9 bacharel em comunica\u00e7\u00e3o pela Universidad Nacional Aut\u00f3noma de M\u00e9xico. Antes disso, ele escreveu sobre inova\u00e7\u00e3o no jornalismo para a Funda\u00e7\u00e3o Gabo na Col\u00f4mbia. Atualmente escreve para a revista digital LatAmJournalism Review do Centro Knight. Nascido na Cidade do M\u00e9xico, C\u00e9sar se tornou um n\u00f4made digital combinando a cria\u00e7\u00e3o de conte\u00fado com sua paix\u00e3o por viagens.\",\"sameAs\":[\"https:\\\/\\\/x.com\\\/cesarisch\"],\"url\":\"https:\\\/\\\/latamjournalismreview.org\\\/pt-br\\\/articles\\\/author\\\/cesar-lopez-linares\\\/\"}]}<\/script>\n<!-- \/ Yoast SEO Premium plugin. -->","yoast_head_json":{"title":"Como proteger o bem-estar e a seguran\u00e7a da reda\u00e7\u00e3o em um ambiente hostil? Editores da Am\u00e9rica Central contam suas estrat\u00e9gias - LatAm Journalism Review by the Knight Center","description":"Editores do El Faro, de El Salvador, e Confidencial, da Nicar\u00e1gua, contam quais medidas adotam para a prote\u00e7\u00e3o de seus jornalistas.","robots":{"index":"index","follow":"follow","max-snippet":"max-snippet:-1","max-image-preview":"max-image-preview:large","max-video-preview":"max-video-preview:-1"},"canonical":"https:\/\/latamjournalismreview.org\/pt-br\/articles\/como-proteger-o-bem-estar-e-a-seguranca-da-redacao-em-um-ambiente-hostil-editores-da-america-central-contam-suas-estrategias\/","og_locale":"pt_BR","og_type":"article","og_title":"Como proteger o bem-estar e a seguran\u00e7a da reda\u00e7\u00e3o em um ambiente hostil? Editores da Am\u00e9rica Central contam suas estrat\u00e9gias","og_description":"Editores do El Faro, de El Salvador, e Confidencial, da Nicar\u00e1gua, contam quais medidas adotam para a prote\u00e7\u00e3o de seus jornalistas.","og_url":"https:\/\/latamjournalismreview.org\/pt-br\/articles\/como-proteger-o-bem-estar-e-a-seguranca-da-redacao-em-um-ambiente-hostil-editores-da-america-central-contam-suas-estrategias\/","og_site_name":"LatAm Journalism Review by the Knight Center","article_published_time":"2024-05-15T17:47:27+00:00","article_modified_time":"2024-05-15T19:33:42+00:00","og_image":[{"width":507,"height":340,"url":"https:\/\/latamjournalismreview.org\/wp-content\/uploads\/2024\/05\/Safety-and-wellbeing-2.png","type":"image\/png"}],"author":"C\u00e9sar L\u00f3pez Linares","twitter_card":"summary_large_image","twitter_creator":"@cesarisch","twitter_site":"@LatAmJournalism","twitter_misc":{"Written by":"C\u00e9sar L\u00f3pez Linares","Est. reading time":"11 minutos"},"schema":{"@context":"https:\/\/schema.org","@graph":[{"@type":"Article","@id":"https:\/\/latamjournalismreview.org\/pt-br\/articles\/como-proteger-o-bem-estar-e-a-seguranca-da-redacao-em-um-ambiente-hostil-editores-da-america-central-contam-suas-estrategias\/#article","isPartOf":{"@id":"https:\/\/latamjournalismreview.org\/pt-br\/articles\/como-proteger-o-bem-estar-e-a-seguranca-da-redacao-em-um-ambiente-hostil-editores-da-america-central-contam-suas-estrategias\/"},"author":{"name":"C\u00e9sar L\u00f3pez Linares","@id":"https:\/\/latamjournalismreview.org\/pt-br\/#\/schema\/person\/dcf6dcdd6226ac8d939e2796645d17c6"},"headline":"Como proteger o bem-estar e a seguran\u00e7a da reda\u00e7\u00e3o em um ambiente hostil? Editores da Am\u00e9rica Central contam suas estrat\u00e9gias","datePublished":"2024-05-15T17:47:27+00:00","dateModified":"2024-05-15T19:33:42+00:00","mainEntityOfPage":{"@id":"https:\/\/latamjournalismreview.org\/pt-br\/articles\/como-proteger-o-bem-estar-e-a-seguranca-da-redacao-em-um-ambiente-hostil-editores-da-america-central-contam-suas-estrategias\/"},"wordCount":2432,"publisher":{"@id":"https:\/\/latamjournalismreview.org\/pt-br\/#organization"},"image":{"@id":"https:\/\/latamjournalismreview.org\/pt-br\/articles\/como-proteger-o-bem-estar-e-a-seguranca-da-redacao-em-um-ambiente-hostil-editores-da-america-central-contam-suas-estrategias\/#primaryimage"},"thumbnailUrl":"https:\/\/latamjournalismreview.org\/wp-content\/uploads\/2024\/05\/Safety-and-wellbeing-2.png","keywords":{"1":"Direitos trabalhistas","2":"El Salvador","3":"Ex\u00edlio","4":"Guatemala","5":"Nicar\u00e1gua","6":"Seguran\u00e7a e prote\u00e7\u00e3o"},"articleSection":["Liberdade de imprensa"],"inLanguage":"pt-BR"},{"@type":"WebPage","@id":"https:\/\/latamjournalismreview.org\/pt-br\/articles\/como-proteger-o-bem-estar-e-a-seguranca-da-redacao-em-um-ambiente-hostil-editores-da-america-central-contam-suas-estrategias\/","url":"https:\/\/latamjournalismreview.org\/pt-br\/articles\/como-proteger-o-bem-estar-e-a-seguranca-da-redacao-em-um-ambiente-hostil-editores-da-america-central-contam-suas-estrategias\/","name":"Como proteger o bem-estar e a seguran\u00e7a da reda\u00e7\u00e3o em um ambiente hostil? Editores da Am\u00e9rica Central contam suas estrat\u00e9gias - LatAm Journalism Review by the Knight Center","isPartOf":{"@id":"https:\/\/latamjournalismreview.org\/pt-br\/#website"},"primaryImageOfPage":{"@id":"https:\/\/latamjournalismreview.org\/pt-br\/articles\/como-proteger-o-bem-estar-e-a-seguranca-da-redacao-em-um-ambiente-hostil-editores-da-america-central-contam-suas-estrategias\/#primaryimage"},"image":{"@id":"https:\/\/latamjournalismreview.org\/pt-br\/articles\/como-proteger-o-bem-estar-e-a-seguranca-da-redacao-em-um-ambiente-hostil-editores-da-america-central-contam-suas-estrategias\/#primaryimage"},"thumbnailUrl":"https:\/\/latamjournalismreview.org\/wp-content\/uploads\/2024\/05\/Safety-and-wellbeing-2.png","datePublished":"2024-05-15T17:47:27+00:00","dateModified":"2024-05-15T19:33:42+00:00","description":"Editores do El Faro, de El Salvador, e Confidencial, da Nicar\u00e1gua, contam quais medidas adotam para a prote\u00e7\u00e3o de seus jornalistas.","breadcrumb":{"@id":"https:\/\/latamjournalismreview.org\/pt-br\/articles\/como-proteger-o-bem-estar-e-a-seguranca-da-redacao-em-um-ambiente-hostil-editores-da-america-central-contam-suas-estrategias\/#breadcrumb"},"inLanguage":"pt-BR","potentialAction":[{"@type":"ReadAction","target":["https:\/\/latamjournalismreview.org\/pt-br\/articles\/como-proteger-o-bem-estar-e-a-seguranca-da-redacao-em-um-ambiente-hostil-editores-da-america-central-contam-suas-estrategias\/"]}]},{"@type":"ImageObject","inLanguage":"pt-BR","@id":"https:\/\/latamjournalismreview.org\/pt-br\/articles\/como-proteger-o-bem-estar-e-a-seguranca-da-redacao-em-um-ambiente-hostil-editores-da-america-central-contam-suas-estrategias\/#primaryimage","url":"https:\/\/latamjournalismreview.org\/wp-content\/uploads\/2024\/05\/Safety-and-wellbeing-2.png","contentUrl":"https:\/\/latamjournalismreview.org\/wp-content\/uploads\/2024\/05\/Safety-and-wellbeing-2.png","width":507,"height":340,"caption":"A photographer wearing a press vest photographs a protest. (Photo: Canva)"},{"@type":"BreadcrumbList","@id":"https:\/\/latamjournalismreview.org\/pt-br\/articles\/como-proteger-o-bem-estar-e-a-seguranca-da-redacao-em-um-ambiente-hostil-editores-da-america-central-contam-suas-estrategias\/#breadcrumb","itemListElement":[{"@type":"ListItem","position":1,"name":"Home","item":"https:\/\/latamjournalismreview.org\/pt-br\/"},{"@type":"ListItem","position":2,"name":"Como proteger o bem-estar e a seguran\u00e7a da reda\u00e7\u00e3o em um ambiente hostil? Editores da Am\u00e9rica Central contam suas estrat\u00e9gias"}]},{"@type":"WebSite","@id":"https:\/\/latamjournalismreview.org\/pt-br\/#website","url":"https:\/\/latamjournalismreview.org\/pt-br\/","name":"LatAm Journalism Review","description":"Digital magazine on journalism in Latin America","publisher":{"@id":"https:\/\/latamjournalismreview.org\/pt-br\/#organization"},"potentialAction":[{"@type":"SearchAction","target":{"@type":"EntryPoint","urlTemplate":"https:\/\/latamjournalismreview.org\/pt-br\/?s={search_term_string}"},"query-input":{"@type":"PropertyValueSpecification","valueRequired":true,"valueName":"search_term_string"}}],"inLanguage":"pt-BR"},{"@type":"Organization","@id":"https:\/\/latamjournalismreview.org\/pt-br\/#organization","name":"LatAm Journalism Review","url":"https:\/\/latamjournalismreview.org\/pt-br\/","logo":{"@type":"ImageObject","inLanguage":"pt-BR","@id":"https:\/\/latamjournalismreview.org\/pt-br\/#\/schema\/logo\/image\/","url":"https:\/\/latamjournalismreview.org\/wp-content\/uploads\/2020\/05\/knight-latAm-review-logo.svg","contentUrl":"https:\/\/latamjournalismreview.org\/wp-content\/uploads\/2020\/05\/knight-latAm-review-logo.svg","width":"1024","height":"1024","caption":"LatAm Journalism Review"},"image":{"@id":"https:\/\/latamjournalismreview.org\/pt-br\/#\/schema\/logo\/image\/"},"sameAs":["https:\/\/x.com\/LatAmJournalism"]},{"@type":"Person","@id":"https:\/\/latamjournalismreview.org\/pt-br\/#\/schema\/person\/dcf6dcdd6226ac8d939e2796645d17c6","name":"C\u00e9sar L\u00f3pez Linares","description":"C\u00e9sar L\u00f3pez Linares began his career at the Mexican newspaper REFORMA as an entertainment and media co-editor. He has written for publications such as TODO Austin, Texas Music Magazine and The Austin Chronicle. C\u00e9sar has a Master's degree in Journalism from the University of Texas at Austin and a Bachelors degree in Communication from the National Autonomous University of Mexico. He previously wrote about innovation in journalism for the Gabo Foundation in Colombia and currently reports for the Knight Center's LatAmJournalism Review digital magazine. A native of Mexico City, C\u00e9sar has become a digital nomad combining content creation with his passion for travel. ________ C\u00e9sar L\u00f3pez Linares inici\u00f3 su carrera en el diario mexicano REFORMA como coeditor de entretenimiento y medios. Ha escrito para publicaciones como TODO Austin, Texas Music Magazine y The Austin Chronicle. C\u00e9sar tiene una Maestr\u00eda en Periodismo de la Universidad de Texas en Austin y una Licenciatura en Comunicaci\u00f3n de la Universidad Nacional Aut\u00f3noma de M\u00e9xico. Previamente escribi\u00f3 sobre innovaci\u00f3n en periodismo para la Fundaci\u00f3n Gabo en Colombia y actualmente escribe para la revista digital LatAmJournalism Review del Centro Knight. Originario de la Ciudad de M\u00e9xico, C\u00e9sar se ha convertido en un n\u00f3mada digital que combina la creaci\u00f3n de contenido con su pasi\u00f3n por viajar. _________ C\u00e9sar L\u00f3pez Linares come\u00e7ou sua carreira no jornal mexicano REFORMA como coeditor de entretenimento e m\u00eddia. Ele escreveu para publica\u00e7\u00f5es como TODO Austin, Texas Music Magazine e The Austin Chronicle. C\u00e9sar tem mestrado em jornalismo pela University of Texas em Austin e \u00e9 bacharel em comunica\u00e7\u00e3o pela Universidad Nacional Aut\u00f3noma de M\u00e9xico. Antes disso, ele escreveu sobre inova\u00e7\u00e3o no jornalismo para a Funda\u00e7\u00e3o Gabo na Col\u00f4mbia. Atualmente escreve para a revista digital LatAmJournalism Review do Centro Knight. Nascido na Cidade do M\u00e9xico, C\u00e9sar se tornou um n\u00f4made digital combinando a cria\u00e7\u00e3o de conte\u00fado com sua paix\u00e3o por viagens.","sameAs":["https:\/\/x.com\/cesarisch"],"url":"https:\/\/latamjournalismreview.org\/pt-br\/articles\/author\/cesar-lopez-linares\/"}]}},"_links":{"self":[{"href":"https:\/\/latamjournalismreview.org\/pt-br\/wp-json\/wp\/v2\/posts\/87365","targetHints":{"allow":["GET"]}}],"collection":[{"href":"https:\/\/latamjournalismreview.org\/pt-br\/wp-json\/wp\/v2\/posts"}],"about":[{"href":"https:\/\/latamjournalismreview.org\/pt-br\/wp-json\/wp\/v2\/types\/post"}],"author":[{"embeddable":true,"href":"https:\/\/latamjournalismreview.org\/pt-br\/wp-json\/wp\/v2\/users\/19"}],"replies":[{"embeddable":true,"href":"https:\/\/latamjournalismreview.org\/pt-br\/wp-json\/wp\/v2\/comments?post=87365"}],"version-history":[{"count":2,"href":"https:\/\/latamjournalismreview.org\/pt-br\/wp-json\/wp\/v2\/posts\/87365\/revisions"}],"predecessor-version":[{"id":87398,"href":"https:\/\/latamjournalismreview.org\/pt-br\/wp-json\/wp\/v2\/posts\/87365\/revisions\/87398"}],"wp:featuredmedia":[{"embeddable":true,"href":"https:\/\/latamjournalismreview.org\/pt-br\/wp-json\/wp\/v2\/media\/87329"}],"wp:attachment":[{"href":"https:\/\/latamjournalismreview.org\/pt-br\/wp-json\/wp\/v2\/media?parent=87365"}],"wp:term":[{"taxonomy":"category","embeddable":true,"href":"https:\/\/latamjournalismreview.org\/pt-br\/wp-json\/wp\/v2\/categories?post=87365"},{"taxonomy":"post_tag","embeddable":true,"href":"https:\/\/latamjournalismreview.org\/pt-br\/wp-json\/wp\/v2\/tags?post=87365"},{"taxonomy":"author","embeddable":true,"href":"https:\/\/latamjournalismreview.org\/pt-br\/wp-json\/wp\/v2\/coauthors?post=87365"}],"curies":[{"name":"wp","href":"https:\/\/api.w.org\/{rel}","templated":true}]}}