{"id":87754,"date":"2024-05-28T18:43:16","date_gmt":"2024-05-28T23:43:16","guid":{"rendered":"https:\/\/latamjournalismreview.org\/?p=87754"},"modified":"2024-05-28T18:44:07","modified_gmt":"2024-05-28T23:44:07","slug":"programa-de-formacao-busca-mudar-as-historias-de-violencia-na-america-latina-e-transcender-estereotipos-de-genero","status":"publish","type":"post","link":"https:\/\/latamjournalismreview.org\/pt-br\/articles\/programa-de-formacao-busca-mudar-as-historias-de-violencia-na-america-latina-e-transcender-estereotipos-de-genero\/","title":{"rendered":"Programa de forma\u00e7\u00e3o busca mudar as hist\u00f3rias de viol\u00eancia na Am\u00e9rica Latina e transcender estere\u00f3tipos de g\u00eanero"},"content":{"rendered":"<p><span style=\"font-weight: 400;\">Deixa o jornalismo sensacionalista de lado e ajudar no desenvolvimento de narrativas alternativas sob uma perspectiva de g\u00eanero faz parte da miss\u00e3o do <\/span><a href=\"https:\/\/cambialahistoria.info\/\"><span style=\"font-weight: 400;\">Cambia la Historia<\/span><\/a><span style=\"font-weight: 400;\">, um programa de forma\u00e7\u00e3o liderado pela <\/span><a href=\"https:\/\/akademie.dw.com\/es\/dw-akademie\/s-8137\"><span style=\"font-weight: 400;\">DW Akademie<\/span><\/a><span style=\"font-weight: 400;\"> e pelo meio salvadorenho feminista <\/span><a href=\"https:\/\/www.alharaca.sv\/\"><span style=\"font-weight: 400;\">Alharaca<\/span><\/a><span style=\"font-weight: 400;\">.<\/span><\/p>\n<p><span style=\"font-weight: 400;\">Durante seis semanas, jornalistas e editores de El Salvador, M\u00e9xico, Honduras, Col\u00f4mbia, Argentina e Chile receber\u00e3o forma\u00e7\u00e3o sobre diversos tipo de viol\u00eancia e sobre a constru\u00e7\u00e3o de estere\u00f3tipos de g\u00eanero na Am\u00e9rica Latina a partir de uma an\u00e1lise cr\u00edtica e interseccional. Ap\u00f3s essa etapa, 30 pessoas entre todos os participantes ter\u00e3o a oportunidade de obter financiamento e orienta\u00e7\u00e3o para realizar uma investiga\u00e7\u00e3o jornal\u00edstica.<\/span><\/p>\n<p><span style=\"font-weight: 400;\">O Cambia la Historia \u00e9 um projeto que surgiu em 2021 como iniciativa da DW Akademie, centro da Deutsche Welle para o desenvolvimento do jornalismo e dos meios de comunica\u00e7\u00e3o, que conta com financiamento do Minist\u00e9rio das Rela\u00e7\u00f5es Exteriores da Alemanha.<\/span><\/p>\n<p><span style=\"font-weight: 400;\">\"Basicamente, vimos que a viol\u00eancia contra as mulheres \u00e9 onipresente na Am\u00e9rica Latina e que, embora os meios de comunica\u00e7\u00e3o na regi\u00e3o falem da viol\u00eancia f\u00edsica, pouco se fala dos padr\u00f5es recorrentes e estruturais\", disse <\/span><b>\u00e0 LatAm Journalism Review (LJR)<\/b><span style=\"font-weight: 400;\"> Lena Gamper, coordenadora de projetos na DW Akademie.<\/span><\/p>\n<p><span style=\"font-weight: 400;\">\"Buscamos romper com os estere\u00f3tipos e, em seu lugar, desenvolver narrativas alternativas. Desde o in\u00edcio, temos essa ideia de trabalhar com o jornalismo de solu\u00e7\u00f5es ou o jornalismo construtivo, e dessa forma fornecer valor\", acrescentou.<\/span><\/p>\n<p><span style=\"font-weight: 400;\">A convocat\u00f3ria para a terceira edi\u00e7\u00e3o do programa estar\u00e1 aberta at\u00e9 o pr\u00f3ximo dia 9 de junho e, segundo comentaram as l\u00edderes do projeto, podem candidatar-se jornalistas e editores sem restri\u00e7\u00f5es de g\u00eanero. Quem for selecionado deve contar com um m\u00ednimo de cinco anos de experi\u00eancia profissional e ter pronto uma pauta inicial da hist\u00f3ria que deseja contar.<\/span><\/p>\n<p><span style=\"font-weight: 400;\">\"[Os participantes] devem ter abertura para o interc\u00e2mbio de conhecimentos e experi\u00eancias. Ter realmente interesse nesse tipo de tema e capacidade para poder aplic\u00e1-lo em suas coberturas di\u00e1rias, melhorando sua pr\u00e1tica jornal\u00edstica. A ideia \u00e9 que possam estender o conhecimento tamb\u00e9m a outros colegas\", explicou \u00e0 <\/span><b>LJR<\/b> <a href=\"https:\/\/www.alharaca.sv\/personas\/laura-aguirre\/\"><span style=\"font-weight: 400;\">Laura Aguirre<\/span><\/a><span style=\"font-weight: 400;\">, cofundadora da Alharaca.<\/span><\/p>\n<p><span style=\"font-weight: 400;\">Aguirre explicou que a Alharaca se uniu a este projeto em sua segunda edi\u00e7\u00e3o e decidiu repeti-lo este ano porque seu ve\u00edculo acredita ser importante visibilizar as viol\u00eancias de g\u00eanero na Am\u00e9rica Latina. Ainda mais do que isso, o Alharaca almeja mostrar como as v\u00edtimas dessas viol\u00eancias ainda podem encontrar maneiras criativas, organizativas e coletivas para enfrentar as dificuldades.<\/span><\/p>\n<p><span style=\"font-weight: 400;\">\"Sem que isso signifique, claro, que estamos idealizando nenhuma das situa\u00e7\u00f5es\", esclareceu Aguirre.<\/span><\/p>\n<h3><span style=\"font-weight: 400;\">Foco no jornalismo de solu\u00e7\u00f5es<\/span><\/h3>\n<p><span style=\"font-weight: 400;\">O \"Cambiar la Historia\", \u201cMudar a hist\u00f3ria em portugu\u00eas\u201d, \u00e9 um jogo de palavras que inclui n\u00e3o s\u00f3 mudar a forma como as hist\u00f3rias de viol\u00eancia t\u00eam sido contadas na Am\u00e9rica Latina, mas tamb\u00e9m refere-se \u00e0 busca por mudar o rumo da vida das v\u00edtimas que se abrem para contar as suas hist\u00f3rias, explicou Gamper.<\/span><\/p>\n<p><span style=\"font-weight: 400;\">Isso faz parte do enfoque de jornalismo construtivo ou de solu\u00e7\u00f5es que o programa tem. Busca-se fazer jornalismo com a inten\u00e7\u00e3o de mostrar como as pessoas continuam sendo agentes de suas vidas ao encontrar solu\u00e7\u00f5es. N\u00e3o se fala apenas do problema, mas das poss\u00edveis sa\u00eddas que podem ser v\u00e1lidas tamb\u00e9m para outras pessoas.<\/span><\/p>\n<div id=\"attachment_87747\" style=\"width: 410px\" class=\"wp-caption alignright\"><img loading=\"lazy\" decoding=\"async\" aria-describedby=\"caption-attachment-87747\" class=\"wp-image-87747\" src=\"https:\/\/latamjournalismreview.org\/wp-content\/uploads\/2024\/05\/Captura-de-Pantalla-2022-09-06-a-las-16.14.34-1-e1716927853325.png\" alt=\"zoom call\" width=\"400\" height=\"234\" \/><p id=\"caption-attachment-87747\" class=\"wp-caption-text\">ChatGPT Durante seis semanas, jornalistas e editores de El Salvador, M\u00e9xico, Honduras, Col\u00f4mbia, Argentina e Chile receber\u00e3o forma\u00e7\u00e3o sobre as viol\u00eancias e a constru\u00e7\u00e3o de estere\u00f3tipos de g\u00eanero na Am\u00e9rica Latina a partir de uma an\u00e1lise cr\u00edtica e interseccional. (Foto: DW Akademie)<\/p><\/div>\n<p><span style=\"font-weight: 400;\">O impacto do projeto j\u00e1 tem sido palp\u00e1vel. Na primeira edi\u00e7\u00e3o do programa, realizada em 2021, a jornalista mexicana Dulce Soto, do meio <\/span><a href=\"https:\/\/corrientealterna.unam.mx\/\"><span style=\"font-weight: 400;\">Corriente Alterna<\/span><\/a><span style=\"font-weight: 400;\">, publicou uma investiga\u00e7\u00e3o para visibilizar as viol\u00eancias que enfrentam as pessoas no sistema judicial no M\u00e9xico.<\/span><\/p>\n<p><span style=\"font-weight: 400;\">No reportagem \"<\/span><a href=\"https:\/\/cambialahistoria.info\/la-otra-prision\"><span style=\"font-weight: 400;\">As batalhas de Leo contra o sistema penal<\/span><\/a><span style=\"font-weight: 400;\">\", Soto relata a hist\u00f3ria de Leo, um homem trans que, apesar de ter recebido liberdade condicional, ainda estava na pris\u00e3o por n\u00e3o poder pagar a tornozeleira que lhe foi imposta como medida de vigil\u00e2ncia.<\/span><\/p>\n<p><span style=\"font-weight: 400;\">Horas ap\u00f3s a publica\u00e7\u00e3o da reportagem, <\/span><a href=\"https:\/\/corrientealterna.unam.mx\/derechos-humanos\/emplaza-juez-a-pagar-brazalete-electronico-a-leo\/\"><span style=\"font-weight: 400;\">um tribunal federal mexican<\/span><\/a><span style=\"font-weight: 400;\">o deu um prazo de tr\u00eas dias para que a autoridade respons\u00e1vel explicasse por que n\u00e3o havia sido concedida a tornozeleira a Leo. <\/span><a href=\"https:\/\/corrientealterna.unam.mx\/sin-categoria\/liberan-a-leo-el-hombre-trans-que-lucho-contra-el-sistema-penal\/\"><span style=\"font-weight: 400;\">No dia seguinte, ele foi libertad<\/span><\/a><span style=\"font-weight: 400;\">o.<\/span><\/p>\n<p><span style=\"font-weight: 400;\">\"Uma das raz\u00f5es pelas quais abrimos esta terceira edi\u00e7\u00e3o \u00e9 precisamente pelos impactos e o engajamento que tivemos nos pa\u00edses centro-americanos e pela boa recep\u00e7\u00e3o no ecossistema de m\u00eddia. Devido isso, esta terceira edi\u00e7\u00e3o foi ampliada para tr\u00eas pa\u00edses a mais, agora do Cone Sul\", disse Aguirre.<\/span><\/p>\n<p><span style=\"font-weight: 400;\">Os participantes das edi\u00e7\u00f5es anteriores investigaram temas que abrangem os direitos das mulheres com defici\u00eancia, abusos familiares, viol\u00eancias contra povos ind\u00edgenas, aborto e viol\u00eancia obst\u00e9trica, entre outros.<\/span><\/p>\n<p><span style=\"font-weight: 400;\">Eric Lemus \u00e9 um jornalista salvadorenho, da Revista Espacio, que participou da edi\u00e7\u00e3o de 2022 do \"Cambia la Historia\". <\/span><a href=\"https:\/\/cambialahistoria.info\/la-otra-prision\"><span style=\"font-weight: 400;\">Sua investiga\u00e7\u00e3o<\/span><\/a><span style=\"font-weight: 400;\"> concentrou-se em visibilizar como mulheres que sofrem emerg\u00eancias obst\u00e9tricas em El Salvador acabam indo do hospital para a pris\u00e3o. Essas mulheres s\u00e3o acusadas de terem praticado um aborto e denunciadas por homic\u00eddio qualificado.<\/span><\/p>\n<p><span style=\"font-weight: 400;\">\"A experi\u00eancia no meu ano foi imensamente produtiva porque eu n\u00e3o s\u00f3 tive assist\u00eancia editorial jornal\u00edstica, mas tamb\u00e9m tive um acompanhamento formativo com especialistas que me ensinaram a poder melhorar minha linguagem quando se trata de tem\u00e1ticas sens\u00edveis\", disse Lemus \u00e0 <\/span><b>LJR<\/b><span style=\"font-weight: 400;\">. \"Sem essa forma\u00e7\u00e3o, um jornalista pode incorrer na revitimiza\u00e7\u00e3o\", acrescentou.<\/span><\/p>\n<p><span style=\"font-weight: 400;\">Em sua reportagem, Lemus escolheu o formato de quadrinhos como elemento narrativo. Segundo contou, ele escolheu essa narrativa para diminuir a intensidade dos testemunhos e da hist\u00f3ria.<\/span><\/p>\n<p><span style=\"font-weight: 400;\">\"Queria poder explicar um drama t\u00e3o complexo usando os elementos inclu\u00eddos na t\u00e9cnica cinematogr\u00e1fica: a introdu\u00e7\u00e3o, o desenvolvimento e desfecho, e depois as conclus\u00f5es\", explicou o jornalista.<\/span><\/p>\n<p><span style=\"font-weight: 400;\">Lemus ressaltou a import\u00e2ncia de incluir temas que visibilizem as viol\u00eancias contra as mulheres na agenda p\u00fablica, j\u00e1 que, em sua perspectiva, essas hist\u00f3rias contra a popula\u00e7\u00e3o feminina t\u00eam um elemento distinto que \u00e9 \"a carga de \u00f3dio\", uma viol\u00eancia que reproduz estere\u00f3tipos, estigmas e preconceitos de g\u00eanero.<\/span><\/p>\n<h3><span style=\"font-weight: 400;\">Abrindo a conversa nas reda\u00e7\u00f5es<\/span><\/h3>\n<p><span style=\"font-weight: 400;\">A equipe do \"Cambia la Historia\" decidiu, neste 2024, adicionar pela primeira vez um espa\u00e7o especial para a forma\u00e7\u00e3o de editores em temas de viol\u00eancia e perspectiva de g\u00eanero na Am\u00e9rica Latina.<\/span><\/p>\n<p><span style=\"font-weight: 400;\">\"Estamos muito interessadas que essas pessoas que tomam decis\u00f5es dentro das reda\u00e7\u00f5es possam participar do programa. Temos consci\u00eancia de que \u00e9 muito dif\u00edcil promover mudan\u00e7as dentro das reda\u00e7\u00f5es se n\u00e3o houver uma conscientiza\u00e7\u00e3o e um desejo desses meios de comunica\u00e7\u00e3o de faz\u00ea-lo\", disse Aguirre.<\/span><\/p>\n<p><span style=\"font-weight: 400;\">Os editores passar\u00e3o pelo mesmo processo de forma\u00e7\u00e3o que os jornalistas participantes do programa. <\/span><a href=\"https:\/\/docs.google.com\/forms\/d\/e\/1FAIpQLSfMrCJEjg199KwLd_OlEUf8S3GrE5JL3X0RgRs6qa9Smoe1AQ\/viewform\"><span style=\"font-weight: 400;\">A convocat\u00f3ria de candidatura tamb\u00e9m encerra<\/span><\/a><span style=\"font-weight: 400;\"> em 9 de junho.<\/span><\/p>\n<p><span style=\"font-weight: 400;\">Segundo Aguirre, incluir editoras tamb\u00e9m veio da necessidade de abrir a conversa sobre viol\u00eancia de g\u00eanero em outros espa\u00e7os e diminuir o desconhecimento e o preconceito em torno do tema.<\/span><\/p>\n<p><span style=\"font-weight: 400;\">\"Queremos ter a oportunidade de abrir essas conversas com essas pessoas que t\u00eam a possibilidade de fazer mudan\u00e7as operacionais imediatas dentro das reda\u00e7\u00f5es\", disse Aguirre. \"Falar sobre perspectiva de g\u00eanero, falar sobre perspectiva inclusiva, \u00e9 realmente incluir a todos e todas, e isso significa um jornalismo melhor, mais abrangente, mais honesto, mais transparente\".<\/span><\/p>\n","protected":false},"excerpt":{"rendered":"<p>A DW Akademie e o ve\u00edculo feminista salvadorenho Alharaca lideram o \"Cambia la Historia\", um programa de forma\u00e7\u00e3o que busca ajudar no desenvolvimento de narrativas alternativas sob uma perspectiva de g\u00eanero. A convocat\u00f3ria para jornalistas e editores encerra no pr\u00f3ximo dia 9 de junho.<\/p>\n","protected":false},"author":36,"featured_media":87737,"comment_status":"closed","ping_status":"closed","sticky":false,"template":"","format":"standard","meta":{"inline_featured_image":false,"footnotes":""},"categories":[1353],"tags":[],"coauthors":[2745],"class_list":["post-87754","post","type-post","status-publish","format-standard","has-post-thumbnail","hentry","category-premios-e-oportunidades-pt-br"],"acf":[],"yoast_head":"<!-- This site is optimized with the Yoast SEO Premium plugin v22.6 (Yoast SEO v27.4) - https:\/\/yoast.com\/product\/yoast-seo-premium-wordpress\/ -->\n<title>Programa de forma\u00e7\u00e3o busca mudar as hist\u00f3rias de viol\u00eancia na Am\u00e9rica Latina e transcender estere\u00f3tipos de g\u00eanero - LatAm Journalism Review by the Knight Center<\/title>\n<meta name=\"description\" content=\"Conhe\u00e7a o &quot;Cambia la Historia&quot;, programa de forma\u00e7\u00e3o que busca desenvolver narrativas alternativas sob uma perspectiva de g\u00eanero.\" \/>\n<meta name=\"robots\" content=\"index, follow, max-snippet:-1, max-image-preview:large, max-video-preview:-1\" \/>\n<link rel=\"canonical\" href=\"https:\/\/latamjournalismreview.org\/pt-br\/articles\/programa-de-formacao-busca-mudar-as-historias-de-violencia-na-america-latina-e-transcender-estereotipos-de-genero\/\" \/>\n<meta property=\"og:locale\" content=\"pt_BR\" \/>\n<meta property=\"og:type\" content=\"article\" \/>\n<meta property=\"og:title\" content=\"Programa de forma\u00e7\u00e3o busca mudar as hist\u00f3rias de viol\u00eancia na Am\u00e9rica Latina e transcender estere\u00f3tipos de g\u00eanero\" \/>\n<meta property=\"og:description\" content=\"Conhe\u00e7a o &quot;Cambia la Historia&quot;, programa de forma\u00e7\u00e3o que busca desenvolver narrativas alternativas sob uma perspectiva de g\u00eanero.\" \/>\n<meta property=\"og:url\" content=\"https:\/\/latamjournalismreview.org\/pt-br\/articles\/programa-de-formacao-busca-mudar-as-historias-de-violencia-na-america-latina-e-transcender-estereotipos-de-genero\/\" \/>\n<meta property=\"og:site_name\" content=\"LatAm Journalism Review by the Knight Center\" \/>\n<meta property=\"article:published_time\" content=\"2024-05-28T23:43:16+00:00\" \/>\n<meta property=\"article:modified_time\" content=\"2024-05-28T23:44:07+00:00\" \/>\n<meta property=\"og:image\" content=\"https:\/\/latamjournalismreview.org\/wp-content\/uploads\/2024\/05\/FeaturedCambialahistoria.png\" \/>\n\t<meta property=\"og:image:width\" content=\"507\" \/>\n\t<meta property=\"og:image:height\" content=\"340\" \/>\n\t<meta property=\"og:image:type\" content=\"image\/png\" \/>\n<meta name=\"author\" content=\"Katherine Pennacchio\" \/>\n<meta name=\"twitter:card\" content=\"summary_large_image\" \/>\n<meta name=\"twitter:creator\" content=\"@kathypennacchio\" \/>\n<meta name=\"twitter:site\" content=\"@LatAmJournalism\" \/>\n<meta name=\"twitter:label1\" content=\"Written by\" \/>\n\t<meta name=\"twitter:data1\" content=\"Katherine Pennacchio\" \/>\n\t<meta name=\"twitter:label2\" content=\"Est. reading time\" \/>\n\t<meta name=\"twitter:data2\" content=\"6 minutos\" \/>\n<script type=\"application\/ld+json\" class=\"yoast-schema-graph\">{\"@context\":\"https:\\\/\\\/schema.org\",\"@graph\":[{\"@type\":\"Article\",\"@id\":\"https:\\\/\\\/latamjournalismreview.org\\\/pt-br\\\/articles\\\/programa-de-formacao-busca-mudar-as-historias-de-violencia-na-america-latina-e-transcender-estereotipos-de-genero\\\/#article\",\"isPartOf\":{\"@id\":\"https:\\\/\\\/latamjournalismreview.org\\\/pt-br\\\/articles\\\/programa-de-formacao-busca-mudar-as-historias-de-violencia-na-america-latina-e-transcender-estereotipos-de-genero\\\/\"},\"author\":{\"name\":\"Katherine Pennacchio\",\"@id\":\"https:\\\/\\\/latamjournalismreview.org\\\/pt-br\\\/#\\\/schema\\\/person\\\/35fb0fc8541711528b3683cd6bf42190\"},\"headline\":\"Programa de forma\u00e7\u00e3o busca mudar as hist\u00f3rias de viol\u00eancia na Am\u00e9rica Latina e transcender estere\u00f3tipos de g\u00eanero\",\"datePublished\":\"2024-05-28T23:43:16+00:00\",\"dateModified\":\"2024-05-28T23:44:07+00:00\",\"mainEntityOfPage\":{\"@id\":\"https:\\\/\\\/latamjournalismreview.org\\\/pt-br\\\/articles\\\/programa-de-formacao-busca-mudar-as-historias-de-violencia-na-america-latina-e-transcender-estereotipos-de-genero\\\/\"},\"wordCount\":1343,\"publisher\":{\"@id\":\"https:\\\/\\\/latamjournalismreview.org\\\/pt-br\\\/#organization\"},\"image\":{\"@id\":\"https:\\\/\\\/latamjournalismreview.org\\\/pt-br\\\/articles\\\/programa-de-formacao-busca-mudar-as-historias-de-violencia-na-america-latina-e-transcender-estereotipos-de-genero\\\/#primaryimage\"},\"thumbnailUrl\":\"https:\\\/\\\/latamjournalismreview.org\\\/wp-content\\\/uploads\\\/2024\\\/05\\\/FeaturedCambialahistoria.png\",\"articleSection\":[\"Pr\u00eamios e oportunidades\"],\"inLanguage\":\"pt-BR\"},{\"@type\":\"WebPage\",\"@id\":\"https:\\\/\\\/latamjournalismreview.org\\\/pt-br\\\/articles\\\/programa-de-formacao-busca-mudar-as-historias-de-violencia-na-america-latina-e-transcender-estereotipos-de-genero\\\/\",\"url\":\"https:\\\/\\\/latamjournalismreview.org\\\/pt-br\\\/articles\\\/programa-de-formacao-busca-mudar-as-historias-de-violencia-na-america-latina-e-transcender-estereotipos-de-genero\\\/\",\"name\":\"Programa de forma\u00e7\u00e3o busca mudar as hist\u00f3rias de viol\u00eancia na Am\u00e9rica Latina e transcender estere\u00f3tipos de g\u00eanero - LatAm Journalism Review by the Knight Center\",\"isPartOf\":{\"@id\":\"https:\\\/\\\/latamjournalismreview.org\\\/pt-br\\\/#website\"},\"primaryImageOfPage\":{\"@id\":\"https:\\\/\\\/latamjournalismreview.org\\\/pt-br\\\/articles\\\/programa-de-formacao-busca-mudar-as-historias-de-violencia-na-america-latina-e-transcender-estereotipos-de-genero\\\/#primaryimage\"},\"image\":{\"@id\":\"https:\\\/\\\/latamjournalismreview.org\\\/pt-br\\\/articles\\\/programa-de-formacao-busca-mudar-as-historias-de-violencia-na-america-latina-e-transcender-estereotipos-de-genero\\\/#primaryimage\"},\"thumbnailUrl\":\"https:\\\/\\\/latamjournalismreview.org\\\/wp-content\\\/uploads\\\/2024\\\/05\\\/FeaturedCambialahistoria.png\",\"datePublished\":\"2024-05-28T23:43:16+00:00\",\"dateModified\":\"2024-05-28T23:44:07+00:00\",\"description\":\"Conhe\u00e7a o \\\"Cambia la Historia\\\", programa de forma\u00e7\u00e3o que busca desenvolver narrativas alternativas sob uma perspectiva de g\u00eanero.\",\"breadcrumb\":{\"@id\":\"https:\\\/\\\/latamjournalismreview.org\\\/pt-br\\\/articles\\\/programa-de-formacao-busca-mudar-as-historias-de-violencia-na-america-latina-e-transcender-estereotipos-de-genero\\\/#breadcrumb\"},\"inLanguage\":\"pt-BR\",\"potentialAction\":[{\"@type\":\"ReadAction\",\"target\":[\"https:\\\/\\\/latamjournalismreview.org\\\/pt-br\\\/articles\\\/programa-de-formacao-busca-mudar-as-historias-de-violencia-na-america-latina-e-transcender-estereotipos-de-genero\\\/\"]}]},{\"@type\":\"ImageObject\",\"inLanguage\":\"pt-BR\",\"@id\":\"https:\\\/\\\/latamjournalismreview.org\\\/pt-br\\\/articles\\\/programa-de-formacao-busca-mudar-as-historias-de-violencia-na-america-latina-e-transcender-estereotipos-de-genero\\\/#primaryimage\",\"url\":\"https:\\\/\\\/latamjournalismreview.org\\\/wp-content\\\/uploads\\\/2024\\\/05\\\/FeaturedCambialahistoria.png\",\"contentUrl\":\"https:\\\/\\\/latamjournalismreview.org\\\/wp-content\\\/uploads\\\/2024\\\/05\\\/FeaturedCambialahistoria.png\",\"width\":507,\"height\":340,\"caption\":\"woman shouting through megaphone\"},{\"@type\":\"BreadcrumbList\",\"@id\":\"https:\\\/\\\/latamjournalismreview.org\\\/pt-br\\\/articles\\\/programa-de-formacao-busca-mudar-as-historias-de-violencia-na-america-latina-e-transcender-estereotipos-de-genero\\\/#breadcrumb\",\"itemListElement\":[{\"@type\":\"ListItem\",\"position\":1,\"name\":\"Home\",\"item\":\"https:\\\/\\\/latamjournalismreview.org\\\/pt-br\\\/\"},{\"@type\":\"ListItem\",\"position\":2,\"name\":\"Programa de forma\u00e7\u00e3o busca mudar as hist\u00f3rias de viol\u00eancia na Am\u00e9rica Latina e transcender estere\u00f3tipos de g\u00eanero\"}]},{\"@type\":\"WebSite\",\"@id\":\"https:\\\/\\\/latamjournalismreview.org\\\/pt-br\\\/#website\",\"url\":\"https:\\\/\\\/latamjournalismreview.org\\\/pt-br\\\/\",\"name\":\"LatAm Journalism Review\",\"description\":\"Digital magazine on journalism in Latin America\",\"publisher\":{\"@id\":\"https:\\\/\\\/latamjournalismreview.org\\\/pt-br\\\/#organization\"},\"potentialAction\":[{\"@type\":\"SearchAction\",\"target\":{\"@type\":\"EntryPoint\",\"urlTemplate\":\"https:\\\/\\\/latamjournalismreview.org\\\/pt-br\\\/?s={search_term_string}\"},\"query-input\":{\"@type\":\"PropertyValueSpecification\",\"valueRequired\":true,\"valueName\":\"search_term_string\"}}],\"inLanguage\":\"pt-BR\"},{\"@type\":\"Organization\",\"@id\":\"https:\\\/\\\/latamjournalismreview.org\\\/pt-br\\\/#organization\",\"name\":\"LatAm Journalism Review\",\"url\":\"https:\\\/\\\/latamjournalismreview.org\\\/pt-br\\\/\",\"logo\":{\"@type\":\"ImageObject\",\"inLanguage\":\"pt-BR\",\"@id\":\"https:\\\/\\\/latamjournalismreview.org\\\/pt-br\\\/#\\\/schema\\\/logo\\\/image\\\/\",\"url\":\"https:\\\/\\\/latamjournalismreview.org\\\/wp-content\\\/uploads\\\/2020\\\/05\\\/knight-latAm-review-logo.svg\",\"contentUrl\":\"https:\\\/\\\/latamjournalismreview.org\\\/wp-content\\\/uploads\\\/2020\\\/05\\\/knight-latAm-review-logo.svg\",\"width\":\"1024\",\"height\":\"1024\",\"caption\":\"LatAm Journalism Review\"},\"image\":{\"@id\":\"https:\\\/\\\/latamjournalismreview.org\\\/pt-br\\\/#\\\/schema\\\/logo\\\/image\\\/\"},\"sameAs\":[\"https:\\\/\\\/x.com\\\/LatAmJournalism\"]},{\"@type\":\"Person\",\"@id\":\"https:\\\/\\\/latamjournalismreview.org\\\/pt-br\\\/#\\\/schema\\\/person\\\/35fb0fc8541711528b3683cd6bf42190\",\"name\":\"Katherine Pennacchio\",\"description\":\"Katherine Pennacchio is a Venezuelan journalist with a master's degree in Investigative, Data and Visualization Journalism from Unidad Editorial and the Rey Juan Carlos University of Madrid. Katherine is passionate about data analysis and currently works as a freelancer. ____ Katherine Pennacchio es una periodista venezolana con una maestr\u00eda en Periodismo de Investigaci\u00f3n, Datos y Visualizaci\u00f3n de la Unidad Editorial y la Universidad Rey Juan Carlos de Madrid. Katherine es una apasionada del an\u00e1lisis de datos y actualmente trabaja como independiente.\",\"sameAs\":[\"https:\\\/\\\/x.com\\\/kathypennacchio\"],\"url\":\"https:\\\/\\\/latamjournalismreview.org\\\/pt-br\\\/articles\\\/author\\\/katherine-pennacchio\\\/\"}]}<\/script>\n<!-- \/ Yoast SEO Premium plugin. -->","yoast_head_json":{"title":"Programa de forma\u00e7\u00e3o busca mudar as hist\u00f3rias de viol\u00eancia na Am\u00e9rica Latina e transcender estere\u00f3tipos de g\u00eanero - LatAm Journalism Review by the Knight Center","description":"Conhe\u00e7a o \"Cambia la Historia\", programa de forma\u00e7\u00e3o que busca desenvolver narrativas alternativas sob uma perspectiva de g\u00eanero.","robots":{"index":"index","follow":"follow","max-snippet":"max-snippet:-1","max-image-preview":"max-image-preview:large","max-video-preview":"max-video-preview:-1"},"canonical":"https:\/\/latamjournalismreview.org\/pt-br\/articles\/programa-de-formacao-busca-mudar-as-historias-de-violencia-na-america-latina-e-transcender-estereotipos-de-genero\/","og_locale":"pt_BR","og_type":"article","og_title":"Programa de forma\u00e7\u00e3o busca mudar as hist\u00f3rias de viol\u00eancia na Am\u00e9rica Latina e transcender estere\u00f3tipos de g\u00eanero","og_description":"Conhe\u00e7a o \"Cambia la Historia\", programa de forma\u00e7\u00e3o que busca desenvolver narrativas alternativas sob uma perspectiva de g\u00eanero.","og_url":"https:\/\/latamjournalismreview.org\/pt-br\/articles\/programa-de-formacao-busca-mudar-as-historias-de-violencia-na-america-latina-e-transcender-estereotipos-de-genero\/","og_site_name":"LatAm Journalism Review by the Knight Center","article_published_time":"2024-05-28T23:43:16+00:00","article_modified_time":"2024-05-28T23:44:07+00:00","og_image":[{"width":507,"height":340,"url":"https:\/\/latamjournalismreview.org\/wp-content\/uploads\/2024\/05\/FeaturedCambialahistoria.png","type":"image\/png"}],"author":"Katherine Pennacchio","twitter_card":"summary_large_image","twitter_creator":"@kathypennacchio","twitter_site":"@LatAmJournalism","twitter_misc":{"Written by":"Katherine Pennacchio","Est. reading time":"6 minutos"},"schema":{"@context":"https:\/\/schema.org","@graph":[{"@type":"Article","@id":"https:\/\/latamjournalismreview.org\/pt-br\/articles\/programa-de-formacao-busca-mudar-as-historias-de-violencia-na-america-latina-e-transcender-estereotipos-de-genero\/#article","isPartOf":{"@id":"https:\/\/latamjournalismreview.org\/pt-br\/articles\/programa-de-formacao-busca-mudar-as-historias-de-violencia-na-america-latina-e-transcender-estereotipos-de-genero\/"},"author":{"name":"Katherine Pennacchio","@id":"https:\/\/latamjournalismreview.org\/pt-br\/#\/schema\/person\/35fb0fc8541711528b3683cd6bf42190"},"headline":"Programa de forma\u00e7\u00e3o busca mudar as hist\u00f3rias de viol\u00eancia na Am\u00e9rica Latina e transcender estere\u00f3tipos de g\u00eanero","datePublished":"2024-05-28T23:43:16+00:00","dateModified":"2024-05-28T23:44:07+00:00","mainEntityOfPage":{"@id":"https:\/\/latamjournalismreview.org\/pt-br\/articles\/programa-de-formacao-busca-mudar-as-historias-de-violencia-na-america-latina-e-transcender-estereotipos-de-genero\/"},"wordCount":1343,"publisher":{"@id":"https:\/\/latamjournalismreview.org\/pt-br\/#organization"},"image":{"@id":"https:\/\/latamjournalismreview.org\/pt-br\/articles\/programa-de-formacao-busca-mudar-as-historias-de-violencia-na-america-latina-e-transcender-estereotipos-de-genero\/#primaryimage"},"thumbnailUrl":"https:\/\/latamjournalismreview.org\/wp-content\/uploads\/2024\/05\/FeaturedCambialahistoria.png","articleSection":["Pr\u00eamios e oportunidades"],"inLanguage":"pt-BR"},{"@type":"WebPage","@id":"https:\/\/latamjournalismreview.org\/pt-br\/articles\/programa-de-formacao-busca-mudar-as-historias-de-violencia-na-america-latina-e-transcender-estereotipos-de-genero\/","url":"https:\/\/latamjournalismreview.org\/pt-br\/articles\/programa-de-formacao-busca-mudar-as-historias-de-violencia-na-america-latina-e-transcender-estereotipos-de-genero\/","name":"Programa de forma\u00e7\u00e3o busca mudar as hist\u00f3rias de viol\u00eancia na Am\u00e9rica Latina e transcender estere\u00f3tipos de g\u00eanero - LatAm Journalism Review by the Knight Center","isPartOf":{"@id":"https:\/\/latamjournalismreview.org\/pt-br\/#website"},"primaryImageOfPage":{"@id":"https:\/\/latamjournalismreview.org\/pt-br\/articles\/programa-de-formacao-busca-mudar-as-historias-de-violencia-na-america-latina-e-transcender-estereotipos-de-genero\/#primaryimage"},"image":{"@id":"https:\/\/latamjournalismreview.org\/pt-br\/articles\/programa-de-formacao-busca-mudar-as-historias-de-violencia-na-america-latina-e-transcender-estereotipos-de-genero\/#primaryimage"},"thumbnailUrl":"https:\/\/latamjournalismreview.org\/wp-content\/uploads\/2024\/05\/FeaturedCambialahistoria.png","datePublished":"2024-05-28T23:43:16+00:00","dateModified":"2024-05-28T23:44:07+00:00","description":"Conhe\u00e7a o \"Cambia la Historia\", programa de forma\u00e7\u00e3o que busca desenvolver narrativas alternativas sob uma perspectiva de g\u00eanero.","breadcrumb":{"@id":"https:\/\/latamjournalismreview.org\/pt-br\/articles\/programa-de-formacao-busca-mudar-as-historias-de-violencia-na-america-latina-e-transcender-estereotipos-de-genero\/#breadcrumb"},"inLanguage":"pt-BR","potentialAction":[{"@type":"ReadAction","target":["https:\/\/latamjournalismreview.org\/pt-br\/articles\/programa-de-formacao-busca-mudar-as-historias-de-violencia-na-america-latina-e-transcender-estereotipos-de-genero\/"]}]},{"@type":"ImageObject","inLanguage":"pt-BR","@id":"https:\/\/latamjournalismreview.org\/pt-br\/articles\/programa-de-formacao-busca-mudar-as-historias-de-violencia-na-america-latina-e-transcender-estereotipos-de-genero\/#primaryimage","url":"https:\/\/latamjournalismreview.org\/wp-content\/uploads\/2024\/05\/FeaturedCambialahistoria.png","contentUrl":"https:\/\/latamjournalismreview.org\/wp-content\/uploads\/2024\/05\/FeaturedCambialahistoria.png","width":507,"height":340,"caption":"woman shouting through megaphone"},{"@type":"BreadcrumbList","@id":"https:\/\/latamjournalismreview.org\/pt-br\/articles\/programa-de-formacao-busca-mudar-as-historias-de-violencia-na-america-latina-e-transcender-estereotipos-de-genero\/#breadcrumb","itemListElement":[{"@type":"ListItem","position":1,"name":"Home","item":"https:\/\/latamjournalismreview.org\/pt-br\/"},{"@type":"ListItem","position":2,"name":"Programa de forma\u00e7\u00e3o busca mudar as hist\u00f3rias de viol\u00eancia na Am\u00e9rica Latina e transcender estere\u00f3tipos de g\u00eanero"}]},{"@type":"WebSite","@id":"https:\/\/latamjournalismreview.org\/pt-br\/#website","url":"https:\/\/latamjournalismreview.org\/pt-br\/","name":"LatAm Journalism Review","description":"Digital magazine on journalism in Latin America","publisher":{"@id":"https:\/\/latamjournalismreview.org\/pt-br\/#organization"},"potentialAction":[{"@type":"SearchAction","target":{"@type":"EntryPoint","urlTemplate":"https:\/\/latamjournalismreview.org\/pt-br\/?s={search_term_string}"},"query-input":{"@type":"PropertyValueSpecification","valueRequired":true,"valueName":"search_term_string"}}],"inLanguage":"pt-BR"},{"@type":"Organization","@id":"https:\/\/latamjournalismreview.org\/pt-br\/#organization","name":"LatAm Journalism Review","url":"https:\/\/latamjournalismreview.org\/pt-br\/","logo":{"@type":"ImageObject","inLanguage":"pt-BR","@id":"https:\/\/latamjournalismreview.org\/pt-br\/#\/schema\/logo\/image\/","url":"https:\/\/latamjournalismreview.org\/wp-content\/uploads\/2020\/05\/knight-latAm-review-logo.svg","contentUrl":"https:\/\/latamjournalismreview.org\/wp-content\/uploads\/2020\/05\/knight-latAm-review-logo.svg","width":"1024","height":"1024","caption":"LatAm Journalism Review"},"image":{"@id":"https:\/\/latamjournalismreview.org\/pt-br\/#\/schema\/logo\/image\/"},"sameAs":["https:\/\/x.com\/LatAmJournalism"]},{"@type":"Person","@id":"https:\/\/latamjournalismreview.org\/pt-br\/#\/schema\/person\/35fb0fc8541711528b3683cd6bf42190","name":"Katherine Pennacchio","description":"Katherine Pennacchio is a Venezuelan journalist with a master's degree in Investigative, Data and Visualization Journalism from Unidad Editorial and the Rey Juan Carlos University of Madrid. Katherine is passionate about data analysis and currently works as a freelancer. ____ Katherine Pennacchio es una periodista venezolana con una maestr\u00eda en Periodismo de Investigaci\u00f3n, Datos y Visualizaci\u00f3n de la Unidad Editorial y la Universidad Rey Juan Carlos de Madrid. Katherine es una apasionada del an\u00e1lisis de datos y actualmente trabaja como independiente.","sameAs":["https:\/\/x.com\/kathypennacchio"],"url":"https:\/\/latamjournalismreview.org\/pt-br\/articles\/author\/katherine-pennacchio\/"}]}},"_links":{"self":[{"href":"https:\/\/latamjournalismreview.org\/pt-br\/wp-json\/wp\/v2\/posts\/87754","targetHints":{"allow":["GET"]}}],"collection":[{"href":"https:\/\/latamjournalismreview.org\/pt-br\/wp-json\/wp\/v2\/posts"}],"about":[{"href":"https:\/\/latamjournalismreview.org\/pt-br\/wp-json\/wp\/v2\/types\/post"}],"author":[{"embeddable":true,"href":"https:\/\/latamjournalismreview.org\/pt-br\/wp-json\/wp\/v2\/users\/36"}],"replies":[{"embeddable":true,"href":"https:\/\/latamjournalismreview.org\/pt-br\/wp-json\/wp\/v2\/comments?post=87754"}],"version-history":[{"count":2,"href":"https:\/\/latamjournalismreview.org\/pt-br\/wp-json\/wp\/v2\/posts\/87754\/revisions"}],"predecessor-version":[{"id":87756,"href":"https:\/\/latamjournalismreview.org\/pt-br\/wp-json\/wp\/v2\/posts\/87754\/revisions\/87756"}],"wp:featuredmedia":[{"embeddable":true,"href":"https:\/\/latamjournalismreview.org\/pt-br\/wp-json\/wp\/v2\/media\/87737"}],"wp:attachment":[{"href":"https:\/\/latamjournalismreview.org\/pt-br\/wp-json\/wp\/v2\/media?parent=87754"}],"wp:term":[{"taxonomy":"category","embeddable":true,"href":"https:\/\/latamjournalismreview.org\/pt-br\/wp-json\/wp\/v2\/categories?post=87754"},{"taxonomy":"post_tag","embeddable":true,"href":"https:\/\/latamjournalismreview.org\/pt-br\/wp-json\/wp\/v2\/tags?post=87754"},{"taxonomy":"author","embeddable":true,"href":"https:\/\/latamjournalismreview.org\/pt-br\/wp-json\/wp\/v2\/coauthors?post=87754"}],"curies":[{"name":"wp","href":"https:\/\/api.w.org\/{rel}","templated":true}]}}