{"id":88625,"date":"2024-06-25T17:45:23","date_gmt":"2024-06-25T22:45:23","guid":{"rendered":"https:\/\/latamjournalismreview.org\/?p=88625"},"modified":"2024-06-25T17:45:23","modified_gmt":"2024-06-25T22:45:23","slug":"fundo-internacional-abre-convocatoria-para-financiar-meios-independentes-latino-americanas-em-suas-estrategias-de-audiencia","status":"publish","type":"post","link":"https:\/\/latamjournalismreview.org\/pt-br\/articles\/fundo-internacional-abre-convocatoria-para-financiar-meios-independentes-latino-americanas-em-suas-estrategias-de-audiencia\/","title":{"rendered":"Fundo internacional abre convocat\u00f3ria para financiar meios independentes latino-americanas em suas estrat\u00e9gias de audi\u00eancia"},"content":{"rendered":"<p><span style=\"font-weight: 400;\">Um dos maiores desafios atuais dos meios de comunica\u00e7\u00e3o independentes latino-americanas \u00e9 a sustentabilidade. O F<\/span><a href=\"https:\/\/ifpim.org\/\"><span style=\"font-weight: 400;\">undo Internacional para Meios de Interesse P\u00fablico (IFPIM)<\/span><\/a><span style=\"font-weight: 400;\">, com uma nova convocat\u00f3ria de financiamento, busca apoiar os ve\u00edculos em suas estrat\u00e9gias de audi\u00eancia e tem uma nova convocat\u00f3ria aberta para meios de interesse p\u00fablico.<\/span><\/p>\n<p><span style=\"font-weight: 400;\">At\u00e9 1\u00ba de julho, meios independentes da Argentina, Brasil, Bol\u00edvia, Col\u00f4mbia, Costa Rica, Equador e Paraguai podem participar da <\/span><a href=\"https:\/\/opencall.ifpim.org\/\"><span style=\"font-weight: 400;\">convocat\u00f3ria do IFPIM<\/span><\/a><span style=\"font-weight: 400;\"> e obter financiamento por um per\u00edodo de 24 meses. Outros pa\u00edses da \u00c1frica, Oriente M\u00e9dio, Europa Oriental, \u00c1sia e Pac\u00edfico tamb\u00e9m podem participar. O IFPIM \u00e9 um fundo global e multilateral para apoiar os meios de interesse p\u00fablico e estar\u00e1 oferecendo pelo menos US$ 5 milh\u00f5es em subs\u00eddios a n\u00edvel mundial.<\/span><\/p>\n<p><span style=\"font-weight: 400;\">De acordo com o fundo, <\/span><a href=\"https:\/\/latamjournalismreview.org\/pt-br\/articles\/without-a-strong-and-healthy-media-ecosystem-there-can-be-no-strong-and-healthy-democracies-vanina-berghella\/\"><span style=\"font-weight: 400;\">um meio de interesse p\u00fablico<\/span><\/a><span style=\"font-weight: 400;\"> consiste naquele que existe para informar o p\u00fablico e ajudar a garantir que o poder preste contas. Esses meios tamb\u00e9m se caracterizam por fornecerem informa\u00e7\u00f5es baseadas em fatos de maneira confi\u00e1vel; por estarem comprometidos com a busca demonstr\u00e1vel da verdade; e por serem editorialmente independentes e transparentes sobre seus processos, finan\u00e7as e pol\u00edticas internas.<\/span><\/p>\n<p><span style=\"font-weight: 400;\">Esta \u00e9 a segunda vez que o IFPIM abre uma convocat\u00f3ria desse tipo. Na primeira ocasi\u00e3o, 11 organiza\u00e7\u00f5es de m\u00eddia foram as primeiras benefici\u00e1rias do fundo.<\/span><\/p>\n<p><span style=\"font-weight: 400;\">\u201cO Fundo Internacional lan\u00e7ou uma convocat\u00f3ria aberta \u2018piloto\u2019 em 2022, elaborada para come\u00e7ar a disponibilizar recursos financeiros muito necess\u00e1rios, construir a infraestrutura de concess\u00e3o de subs\u00eddios do fundo e coletar aprendizados iniciais sobre modelos potenciais para fomentar ambientes midi\u00e1ticos mais saud\u00e1veis, mais inclusivos e mais resilientes\u201d, disse \u00e0 <\/span><b>LatAm Journalism Review (LJR)<\/b><span style=\"font-weight: 400;\"> Tommaso Di Robilant, coordenador estrat\u00e9gico da convocat\u00f3ria do IFPIM.<\/span><\/p>\n<p><span style=\"font-weight: 400;\">Naquele ano, duas organiza\u00e7\u00f5es de m\u00eddia da Am\u00e9rica Latina receberam financiamento: <\/span><a href=\"https:\/\/mutante.org\/\"><span style=\"font-weight: 400;\">Mutante<\/span><\/a><span style=\"font-weight: 400;\"> e <\/span><a href=\"https:\/\/voragine.co\/\"><span style=\"font-weight: 400;\">Vor\u00e1gine<\/span><\/a><span style=\"font-weight: 400;\">, ambas da Col\u00f4mbia.<\/span><\/p>\n<p><span style=\"font-weight: 400;\">A Mutante, plataforma que defende o jornalismo participativo, usou o dinheiro obtido para lan\u00e7ar uma nova unidade de produ\u00e7\u00e3o de conte\u00fados chamada Est\u00fadio Mutante que cobre temas de interesse p\u00fablico como mudan\u00e7a clim\u00e1tica, g\u00eanero e direitos sexuais e reprodutivos, entre outros.<\/span><\/p>\n<p><span style=\"font-weight: 400;\">\u201cEm 2023, seu primeiro ano de opera\u00e7\u00e3o, o Est\u00fadio Mutante conseguiu ser autossustent\u00e1vel e abrir conversas dif\u00edceis, mas muito relevantes para o nosso contexto. O Est\u00fadio arrecadou US$ 43 mil que permitiram cobrir seus custos e gerar um excedente de 10%\u201d, disse \u00e0 <\/span><b>LJR <\/b><span style=\"font-weight: 400;\">Juan Camilo Maldonado, diretor do Mutante.<\/span><\/p>\n<p><span style=\"font-weight: 400;\">\u201cDurante o per\u00edodo em que tivemos o acompanhamento e apoio do IFPIM, fomos premiados com o <\/span><a href=\"https:\/\/mutante.org\/contenidos\/un-premio-rey-de-espana-para-el-periodismo-mutante\/\"><span style=\"font-weight: 400;\">Pr\u00eamio Rei da Espanha como melhor ve\u00edculo ibero-americano<\/span><\/a><span style=\"font-weight: 400;\">. O apoio do fundo, n\u00e3o apenas ao Est\u00fadio, mas tamb\u00e9m a outras linhas de trabalho do Mutante, fez com que nossa equipe alcan\u00e7asse consist\u00eancia suficiente para produzir o trabalho que durante o \u00faltimo ano e meio nos levou ao Pr\u00eamio Rei da Espanha\u201d, acrescentou Maldonado.<\/span><\/p>\n<div id=\"attachment_88602\" style=\"width: 410px\" class=\"wp-caption alignleft\"><img loading=\"lazy\" decoding=\"async\" aria-describedby=\"caption-attachment-88602\" class=\"wp-image-88602\" src=\"https:\/\/latamjournalismreview.org\/wp-content\/uploads\/2024\/06\/RF_Premios_Rey_de_Espana_20240603_10_CasarealEspana-300x200.jpg\" alt=\"an award ceremony\" width=\"400\" height=\"267\" srcset=\"https:\/\/latamjournalismreview.org\/wp-content\/uploads\/2024\/06\/RF_Premios_Rey_de_Espana_20240603_10_CasarealEspana-300x200.jpg 300w, https:\/\/latamjournalismreview.org\/wp-content\/uploads\/2024\/06\/RF_Premios_Rey_de_Espana_20240603_10_CasarealEspana-1024x682.jpg 1024w, https:\/\/latamjournalismreview.org\/wp-content\/uploads\/2024\/06\/RF_Premios_Rey_de_Espana_20240603_10_CasarealEspana-768x512.jpg 768w, https:\/\/latamjournalismreview.org\/wp-content\/uploads\/2024\/06\/RF_Premios_Rey_de_Espana_20240603_10_CasarealEspana-507x340.jpg 507w, https:\/\/latamjournalismreview.org\/wp-content\/uploads\/2024\/06\/RF_Premios_Rey_de_Espana_20240603_10_CasarealEspana-350x234.jpg 350w, https:\/\/latamjournalismreview.org\/wp-content\/uploads\/2024\/06\/RF_Premios_Rey_de_Espana_20240603_10_CasarealEspana.jpg 1400w\" sizes=\"auto, (max-width: 400px) 100vw, 400px\" \/><p id=\"caption-attachment-88602\" class=\"wp-caption-text\">Equipe do Mutante, da Col\u00f4mbia, recebendo o Pr\u00eamio Rey de Espanha como melhor meio ibero-americano de 2024 (Foto: Casa Real Espanhola)<\/p><\/div>\n<p><span style=\"font-weight: 400;\">Por outro lado, o Vor\u00e1gine, que se especializa em investiga\u00e7\u00f5es sobre viola\u00e7\u00f5es de direitos humanos e corrup\u00e7\u00e3o, p\u00f4de experimentar, gra\u00e7as ao fundo, novos formatos de redes sociais baseados em v\u00eddeos. Segundo Di Robilant, o alcance do Vor\u00e1gine aumentou significativamente entre as audi\u00eancias mais jovens.<\/span><\/p>\n<p><span style=\"font-weight: 400;\">\u201cDesde essa primeira convocat\u00f3ria aberta, aceleramos enormemente nossas atividades de concess\u00e3o de subs\u00eddios, atrav\u00e9s de financiamentos diretos. Nossa carteira agora inclui mais de <\/span><a href=\"https:\/\/ifpim.org\/our-grantees\/\"><span style=\"font-weight: 400;\">40 organiza\u00e7\u00f5es e meios independentes<\/span><\/a><span style=\"font-weight: 400;\"> ao redor do mundo que realizam um trabalho fundamental para informar o p\u00fablico nos pa\u00edses onde operam, e est\u00e1 crescendo rapidamente\u201d, disse Di Robilant. \u201cEm 2023, outros meios da regi\u00e3o se incorporaram \u00e0 nossa carteira. Estes s\u00e3o <\/span><a href=\"https:\/\/vozdeguanacaste.com\/\"><span style=\"font-weight: 400;\">La Voz de Guanacaste<\/span><\/a><span style=\"font-weight: 400;\"> (Costa Rica), <\/span><a href=\"https:\/\/www.lagaceta.com.ar\/\"><span style=\"font-weight: 400;\">La Gaceta de Tucum\u00e1n<\/span><\/a><span style=\"font-weight: 400;\"> (Argentina), <\/span><a href=\"https:\/\/cuestionpublica.com\/\"><span style=\"font-weight: 400;\">Cuesti\u00f3n P\u00fablica<\/span><\/a><span style=\"font-weight: 400;\"> (Col\u00f4mbia), <\/span><a href=\"https:\/\/www.elconfidencial.com\/\"><span style=\"font-weight: 400;\">Confidencial<\/span><\/a><span style=\"font-weight: 400;\"> (Nicar\u00e1gua) e <\/span><a href=\"https:\/\/elsurti.com\/\"><span style=\"font-weight: 400;\">El Surti<\/span><\/a><span style=\"font-weight: 400;\"> (Paraguai)\u201d.<\/span><\/p>\n<h3><span style=\"font-weight: 400;\">Estrat\u00e9gia de audi\u00eancia<\/span><\/h3>\n<p><span style=\"font-weight: 400;\">Para participar desta convocat\u00f3ria, os meios que se inscreverem devem cumprir certos requisitos. Em primeiro lugar, devem ser uma organiza\u00e7\u00e3o legalmente estabelecida. Segundo, deve ser um meio de interesse p\u00fablico e ter custos anuais totais de pelo menos US$ 300 mil no \u00faltimo ano fiscal. Tamb\u00e9m deve existir e ter publicado continuamente h\u00e1 no m\u00ednimo tr\u00eas anos e n\u00e3o ter distribu\u00eddo dividendos aos acionistas nos \u00faltimos tr\u00eas anos. Al\u00e9m disso, precisam ter uma receita l\u00edquida inferior a 5% das receitas totais (m\u00e9dia de tr\u00eas anos) e uma reserva de caixa inferior a 12 meses.<\/span><\/p>\n<p><span style=\"font-weight: 400;\">Este ano, os meios devem usar o financiamento concedido com o objetivo de estabelecer estrat\u00e9gias concretas e realiz\u00e1veis em torno de suas audi\u00eancias. Para o IFPIM, a realiza\u00e7\u00e3o de a\u00e7\u00f5es estrat\u00e9gicas \u00e9 fundamental para o crescimento e a sustentabilidade dos meios.<\/span><\/p>\n<div id=\"attachment_88596\" style=\"width: 410px\" class=\"wp-caption alignright\"><img loading=\"lazy\" decoding=\"async\" aria-describedby=\"caption-attachment-88596\" class=\"wp-image-88596\" src=\"https:\/\/latamjournalismreview.org\/wp-content\/uploads\/2024\/06\/vanina-berghella-coloquioPatriciaLimKnightCenter-300x201.jpg\" alt=\"a woman talking to an audience\" width=\"400\" height=\"268\" srcset=\"https:\/\/latamjournalismreview.org\/wp-content\/uploads\/2024\/06\/vanina-berghella-coloquioPatriciaLimKnightCenter-300x201.jpg 300w, https:\/\/latamjournalismreview.org\/wp-content\/uploads\/2024\/06\/vanina-berghella-coloquioPatriciaLimKnightCenter-350x234.jpg 350w, https:\/\/latamjournalismreview.org\/wp-content\/uploads\/2024\/06\/vanina-berghella-coloquioPatriciaLimKnightCenter.jpg 507w\" sizes=\"auto, (max-width: 400px) 100vw, 400px\" \/><p id=\"caption-attachment-88596\" class=\"wp-caption-text\">\"O conhecimento da audi\u00eancia \u00e9 um ativo valioso e os ve\u00edculos sabem disso\", disse Vanina Berghella, diretora regional para Am\u00e9rica Latina e Caribe do IFPIM (Foto: Patricia Lim\/Centro Knight)<\/p><\/div>\n<p><span style=\"font-weight: 400;\">Algumas dessas estrat\u00e9gias podem envolver atividades relacionadas \u00e0 compreens\u00e3o da audi\u00eancia, \u00e0 identifica\u00e7\u00e3o de segmentos e \u00e0 expans\u00e3o ou aprofundamento do di\u00e1logo entre o p\u00fablico e os jornalistas.<\/span><\/p>\n<p><span style=\"font-weight: 400;\">\u201cHoje mais do que nunca, as audi\u00eancias se mostram diversas, ativas, participativas e com m\u00faltiplos interesses, pelo que se faz necess\u00e1rio aprofundar no conhecimento de seu comportamento para poder servi-las da forma mais completa e eficiente poss\u00edvel\u201d, disse \u00e0 <\/span><b>LJR<\/b><span style=\"font-weight: 400;\"> Vanina Berghella, diretora regional para Am\u00e9rica Latina e Caribe do IFPIM.<\/span><\/p>\n<p><span style=\"font-weight: 400;\">Berghella tamb\u00e9m esclareceu que, embora o foco desta convocat\u00f3ria esteja em escolher propostas que contenham uma estrat\u00e9gia de audi\u00eancias valiosa para as m\u00eddias e seu p\u00fablico, o financiamento tamb\u00e9m permitir\u00e1 cobrir outras necessidades estruturais dos ve\u00edculos selecionados. O fundo dar\u00e1 maior aten\u00e7\u00e3o a organiza\u00e7\u00f5es de not\u00edcias que priorizem suas audi\u00eancias e que busquem criar conversas em duas dire\u00e7\u00f5es, ouvindo e respondendo \u00e0s necessidades e inquietudes das comunidades que servem.<\/span><\/p>\n<p><span style=\"font-weight: 400;\">\u201cO conhecimento da audi\u00eancia \u00e9 um ativo valioso e os ve\u00edculos sabem disso. A partir dessa compreens\u00e3o, eles podem n\u00e3o apenas criar conte\u00fados de interesse, mas tamb\u00e9m fornecer servi\u00e7os, desenvolver novos produtos e, em \u00faltima an\u00e1lise, fidelizar seu p\u00fablico\u201d, acrescentou Berghella.<\/span><\/p>\n","protected":false},"excerpt":{"rendered":"<p>O Fundo Internacional para Meios de Interesse P\u00fablico (IFPIM) oferece apoio a meios de comunica\u00e7\u00e3o a servi\u00e7o do p\u00fablico em suas estrat\u00e9gias de audi\u00eancia. At\u00e9 1\u00ba de julho, ve\u00edculos independentes de Argentina, Brasil, Bol\u00edvia, Col\u00f4mbia, Costa Rica, Equador e Paraguai podem participar da convocat\u00f3ria do IFPIM e obter financiamento por 24 meses.<\/p>\n","protected":false},"author":36,"featured_media":88607,"comment_status":"closed","ping_status":"closed","sticky":false,"template":"","format":"standard","meta":{"inline_featured_image":false,"footnotes":""},"categories":[1353],"tags":[1612],"coauthors":[2745],"class_list":["post-88625","post","type-post","status-publish","format-standard","has-post-thumbnail","hentry","category-premios-e-oportunidades-pt-br","tag-sustentabilidade-pt-br"],"acf":[],"yoast_head":"<!-- This site is optimized with the Yoast SEO Premium plugin v22.6 (Yoast SEO v27.4) - https:\/\/yoast.com\/product\/yoast-seo-premium-wordpress\/ -->\n<title>Fundo internacional abre convocat\u00f3ria para financiar meios independentes latino-americanas em suas estrat\u00e9gias de audi\u00eancia - LatAm Journalism Review by the Knight Center<\/title>\n<meta name=\"description\" content=\"Ve\u00edculos independentes latino-americanos podem participar da convocat\u00f3ria do fundo IFPIM e obter financiamento por 24 meses.\" \/>\n<meta name=\"robots\" content=\"index, follow, max-snippet:-1, max-image-preview:large, max-video-preview:-1\" \/>\n<link rel=\"canonical\" href=\"https:\/\/latamjournalismreview.org\/pt-br\/articles\/fundo-internacional-abre-convocatoria-para-financiar-meios-independentes-latino-americanas-em-suas-estrategias-de-audiencia\/\" \/>\n<meta property=\"og:locale\" content=\"pt_BR\" \/>\n<meta property=\"og:type\" content=\"article\" \/>\n<meta property=\"og:title\" content=\"Fundo internacional abre convocat\u00f3ria para financiar meios independentes latino-americanas em suas estrat\u00e9gias de audi\u00eancia\" \/>\n<meta property=\"og:description\" content=\"Ve\u00edculos independentes latino-americanos podem participar da convocat\u00f3ria do fundo IFPIM e obter financiamento por 24 meses.\" \/>\n<meta property=\"og:url\" content=\"https:\/\/latamjournalismreview.org\/pt-br\/articles\/fundo-internacional-abre-convocatoria-para-financiar-meios-independentes-latino-americanas-em-suas-estrategias-de-audiencia\/\" \/>\n<meta property=\"og:site_name\" content=\"LatAm Journalism Review by the Knight Center\" \/>\n<meta property=\"article:published_time\" content=\"2024-06-25T22:45:23+00:00\" \/>\n<meta property=\"og:image\" content=\"https:\/\/latamjournalismreview.org\/wp-content\/uploads\/2024\/06\/FEATUREDIFPIM.png\" \/>\n\t<meta property=\"og:image:width\" content=\"507\" \/>\n\t<meta property=\"og:image:height\" content=\"340\" \/>\n\t<meta property=\"og:image:type\" content=\"image\/png\" \/>\n<meta name=\"author\" content=\"Katherine Pennacchio\" \/>\n<meta name=\"twitter:card\" content=\"summary_large_image\" \/>\n<meta name=\"twitter:creator\" content=\"@kathypennacchio\" \/>\n<meta name=\"twitter:site\" content=\"@LatAmJournalism\" \/>\n<meta name=\"twitter:label1\" content=\"Written by\" \/>\n\t<meta name=\"twitter:data1\" content=\"Katherine Pennacchio\" \/>\n\t<meta name=\"twitter:label2\" content=\"Est. reading time\" \/>\n\t<meta name=\"twitter:data2\" content=\"6 minutos\" \/>\n<script type=\"application\/ld+json\" class=\"yoast-schema-graph\">{\"@context\":\"https:\\\/\\\/schema.org\",\"@graph\":[{\"@type\":\"Article\",\"@id\":\"https:\\\/\\\/latamjournalismreview.org\\\/pt-br\\\/articles\\\/fundo-internacional-abre-convocatoria-para-financiar-meios-independentes-latino-americanas-em-suas-estrategias-de-audiencia\\\/#article\",\"isPartOf\":{\"@id\":\"https:\\\/\\\/latamjournalismreview.org\\\/pt-br\\\/articles\\\/fundo-internacional-abre-convocatoria-para-financiar-meios-independentes-latino-americanas-em-suas-estrategias-de-audiencia\\\/\"},\"author\":{\"name\":\"Katherine Pennacchio\",\"@id\":\"https:\\\/\\\/latamjournalismreview.org\\\/pt-br\\\/#\\\/schema\\\/person\\\/35fb0fc8541711528b3683cd6bf42190\"},\"headline\":\"Fundo internacional abre convocat\u00f3ria para financiar meios independentes latino-americanas em suas estrat\u00e9gias de audi\u00eancia\",\"datePublished\":\"2024-06-25T22:45:23+00:00\",\"mainEntityOfPage\":{\"@id\":\"https:\\\/\\\/latamjournalismreview.org\\\/pt-br\\\/articles\\\/fundo-internacional-abre-convocatoria-para-financiar-meios-independentes-latino-americanas-em-suas-estrategias-de-audiencia\\\/\"},\"wordCount\":1115,\"publisher\":{\"@id\":\"https:\\\/\\\/latamjournalismreview.org\\\/pt-br\\\/#organization\"},\"image\":{\"@id\":\"https:\\\/\\\/latamjournalismreview.org\\\/pt-br\\\/articles\\\/fundo-internacional-abre-convocatoria-para-financiar-meios-independentes-latino-americanas-em-suas-estrategias-de-audiencia\\\/#primaryimage\"},\"thumbnailUrl\":\"https:\\\/\\\/latamjournalismreview.org\\\/wp-content\\\/uploads\\\/2024\\\/06\\\/FEATUREDIFPIM.png\",\"keywords\":[\"Sustentabilidade\"],\"articleSection\":[\"Pr\u00eamios e oportunidades\"],\"inLanguage\":\"pt-BR\"},{\"@type\":\"WebPage\",\"@id\":\"https:\\\/\\\/latamjournalismreview.org\\\/pt-br\\\/articles\\\/fundo-internacional-abre-convocatoria-para-financiar-meios-independentes-latino-americanas-em-suas-estrategias-de-audiencia\\\/\",\"url\":\"https:\\\/\\\/latamjournalismreview.org\\\/pt-br\\\/articles\\\/fundo-internacional-abre-convocatoria-para-financiar-meios-independentes-latino-americanas-em-suas-estrategias-de-audiencia\\\/\",\"name\":\"Fundo internacional abre convocat\u00f3ria para financiar meios independentes latino-americanas em suas estrat\u00e9gias de audi\u00eancia - LatAm Journalism Review by the Knight Center\",\"isPartOf\":{\"@id\":\"https:\\\/\\\/latamjournalismreview.org\\\/pt-br\\\/#website\"},\"primaryImageOfPage\":{\"@id\":\"https:\\\/\\\/latamjournalismreview.org\\\/pt-br\\\/articles\\\/fundo-internacional-abre-convocatoria-para-financiar-meios-independentes-latino-americanas-em-suas-estrategias-de-audiencia\\\/#primaryimage\"},\"image\":{\"@id\":\"https:\\\/\\\/latamjournalismreview.org\\\/pt-br\\\/articles\\\/fundo-internacional-abre-convocatoria-para-financiar-meios-independentes-latino-americanas-em-suas-estrategias-de-audiencia\\\/#primaryimage\"},\"thumbnailUrl\":\"https:\\\/\\\/latamjournalismreview.org\\\/wp-content\\\/uploads\\\/2024\\\/06\\\/FEATUREDIFPIM.png\",\"datePublished\":\"2024-06-25T22:45:23+00:00\",\"description\":\"Ve\u00edculos independentes latino-americanos podem participar da convocat\u00f3ria do fundo IFPIM e obter financiamento por 24 meses.\",\"breadcrumb\":{\"@id\":\"https:\\\/\\\/latamjournalismreview.org\\\/pt-br\\\/articles\\\/fundo-internacional-abre-convocatoria-para-financiar-meios-independentes-latino-americanas-em-suas-estrategias-de-audiencia\\\/#breadcrumb\"},\"inLanguage\":\"pt-BR\",\"potentialAction\":[{\"@type\":\"ReadAction\",\"target\":[\"https:\\\/\\\/latamjournalismreview.org\\\/pt-br\\\/articles\\\/fundo-internacional-abre-convocatoria-para-financiar-meios-independentes-latino-americanas-em-suas-estrategias-de-audiencia\\\/\"]}]},{\"@type\":\"ImageObject\",\"inLanguage\":\"pt-BR\",\"@id\":\"https:\\\/\\\/latamjournalismreview.org\\\/pt-br\\\/articles\\\/fundo-internacional-abre-convocatoria-para-financiar-meios-independentes-latino-americanas-em-suas-estrategias-de-audiencia\\\/#primaryimage\",\"url\":\"https:\\\/\\\/latamjournalismreview.org\\\/wp-content\\\/uploads\\\/2024\\\/06\\\/FEATUREDIFPIM.png\",\"contentUrl\":\"https:\\\/\\\/latamjournalismreview.org\\\/wp-content\\\/uploads\\\/2024\\\/06\\\/FEATUREDIFPIM.png\",\"width\":507,\"height\":340,\"caption\":\"journalist recording a selfie video with smartphone\"},{\"@type\":\"BreadcrumbList\",\"@id\":\"https:\\\/\\\/latamjournalismreview.org\\\/pt-br\\\/articles\\\/fundo-internacional-abre-convocatoria-para-financiar-meios-independentes-latino-americanas-em-suas-estrategias-de-audiencia\\\/#breadcrumb\",\"itemListElement\":[{\"@type\":\"ListItem\",\"position\":1,\"name\":\"Home\",\"item\":\"https:\\\/\\\/latamjournalismreview.org\\\/pt-br\\\/\"},{\"@type\":\"ListItem\",\"position\":2,\"name\":\"Fundo internacional abre convocat\u00f3ria para financiar meios independentes latino-americanas em suas estrat\u00e9gias de audi\u00eancia\"}]},{\"@type\":\"WebSite\",\"@id\":\"https:\\\/\\\/latamjournalismreview.org\\\/pt-br\\\/#website\",\"url\":\"https:\\\/\\\/latamjournalismreview.org\\\/pt-br\\\/\",\"name\":\"LatAm Journalism Review\",\"description\":\"Digital magazine on journalism in Latin America\",\"publisher\":{\"@id\":\"https:\\\/\\\/latamjournalismreview.org\\\/pt-br\\\/#organization\"},\"potentialAction\":[{\"@type\":\"SearchAction\",\"target\":{\"@type\":\"EntryPoint\",\"urlTemplate\":\"https:\\\/\\\/latamjournalismreview.org\\\/pt-br\\\/?s={search_term_string}\"},\"query-input\":{\"@type\":\"PropertyValueSpecification\",\"valueRequired\":true,\"valueName\":\"search_term_string\"}}],\"inLanguage\":\"pt-BR\"},{\"@type\":\"Organization\",\"@id\":\"https:\\\/\\\/latamjournalismreview.org\\\/pt-br\\\/#organization\",\"name\":\"LatAm Journalism Review\",\"url\":\"https:\\\/\\\/latamjournalismreview.org\\\/pt-br\\\/\",\"logo\":{\"@type\":\"ImageObject\",\"inLanguage\":\"pt-BR\",\"@id\":\"https:\\\/\\\/latamjournalismreview.org\\\/pt-br\\\/#\\\/schema\\\/logo\\\/image\\\/\",\"url\":\"https:\\\/\\\/latamjournalismreview.org\\\/wp-content\\\/uploads\\\/2020\\\/05\\\/knight-latAm-review-logo.svg\",\"contentUrl\":\"https:\\\/\\\/latamjournalismreview.org\\\/wp-content\\\/uploads\\\/2020\\\/05\\\/knight-latAm-review-logo.svg\",\"width\":\"1024\",\"height\":\"1024\",\"caption\":\"LatAm Journalism Review\"},\"image\":{\"@id\":\"https:\\\/\\\/latamjournalismreview.org\\\/pt-br\\\/#\\\/schema\\\/logo\\\/image\\\/\"},\"sameAs\":[\"https:\\\/\\\/x.com\\\/LatAmJournalism\"]},{\"@type\":\"Person\",\"@id\":\"https:\\\/\\\/latamjournalismreview.org\\\/pt-br\\\/#\\\/schema\\\/person\\\/35fb0fc8541711528b3683cd6bf42190\",\"name\":\"Katherine Pennacchio\",\"description\":\"Katherine Pennacchio is a Venezuelan journalist with a master's degree in Investigative, Data and Visualization Journalism from Unidad Editorial and the Rey Juan Carlos University of Madrid. Katherine is passionate about data analysis and currently works as a freelancer. ____ Katherine Pennacchio es una periodista venezolana con una maestr\u00eda en Periodismo de Investigaci\u00f3n, Datos y Visualizaci\u00f3n de la Unidad Editorial y la Universidad Rey Juan Carlos de Madrid. Katherine es una apasionada del an\u00e1lisis de datos y actualmente trabaja como independiente.\",\"sameAs\":[\"https:\\\/\\\/x.com\\\/kathypennacchio\"],\"url\":\"https:\\\/\\\/latamjournalismreview.org\\\/pt-br\\\/articles\\\/author\\\/katherine-pennacchio\\\/\"}]}<\/script>\n<!-- \/ Yoast SEO Premium plugin. -->","yoast_head_json":{"title":"Fundo internacional abre convocat\u00f3ria para financiar meios independentes latino-americanas em suas estrat\u00e9gias de audi\u00eancia - LatAm Journalism Review by the Knight Center","description":"Ve\u00edculos independentes latino-americanos podem participar da convocat\u00f3ria do fundo IFPIM e obter financiamento por 24 meses.","robots":{"index":"index","follow":"follow","max-snippet":"max-snippet:-1","max-image-preview":"max-image-preview:large","max-video-preview":"max-video-preview:-1"},"canonical":"https:\/\/latamjournalismreview.org\/pt-br\/articles\/fundo-internacional-abre-convocatoria-para-financiar-meios-independentes-latino-americanas-em-suas-estrategias-de-audiencia\/","og_locale":"pt_BR","og_type":"article","og_title":"Fundo internacional abre convocat\u00f3ria para financiar meios independentes latino-americanas em suas estrat\u00e9gias de audi\u00eancia","og_description":"Ve\u00edculos independentes latino-americanos podem participar da convocat\u00f3ria do fundo IFPIM e obter financiamento por 24 meses.","og_url":"https:\/\/latamjournalismreview.org\/pt-br\/articles\/fundo-internacional-abre-convocatoria-para-financiar-meios-independentes-latino-americanas-em-suas-estrategias-de-audiencia\/","og_site_name":"LatAm Journalism Review by the Knight Center","article_published_time":"2024-06-25T22:45:23+00:00","og_image":[{"width":507,"height":340,"url":"https:\/\/latamjournalismreview.org\/wp-content\/uploads\/2024\/06\/FEATUREDIFPIM.png","type":"image\/png"}],"author":"Katherine Pennacchio","twitter_card":"summary_large_image","twitter_creator":"@kathypennacchio","twitter_site":"@LatAmJournalism","twitter_misc":{"Written by":"Katherine Pennacchio","Est. reading time":"6 minutos"},"schema":{"@context":"https:\/\/schema.org","@graph":[{"@type":"Article","@id":"https:\/\/latamjournalismreview.org\/pt-br\/articles\/fundo-internacional-abre-convocatoria-para-financiar-meios-independentes-latino-americanas-em-suas-estrategias-de-audiencia\/#article","isPartOf":{"@id":"https:\/\/latamjournalismreview.org\/pt-br\/articles\/fundo-internacional-abre-convocatoria-para-financiar-meios-independentes-latino-americanas-em-suas-estrategias-de-audiencia\/"},"author":{"name":"Katherine Pennacchio","@id":"https:\/\/latamjournalismreview.org\/pt-br\/#\/schema\/person\/35fb0fc8541711528b3683cd6bf42190"},"headline":"Fundo internacional abre convocat\u00f3ria para financiar meios independentes latino-americanas em suas estrat\u00e9gias de audi\u00eancia","datePublished":"2024-06-25T22:45:23+00:00","mainEntityOfPage":{"@id":"https:\/\/latamjournalismreview.org\/pt-br\/articles\/fundo-internacional-abre-convocatoria-para-financiar-meios-independentes-latino-americanas-em-suas-estrategias-de-audiencia\/"},"wordCount":1115,"publisher":{"@id":"https:\/\/latamjournalismreview.org\/pt-br\/#organization"},"image":{"@id":"https:\/\/latamjournalismreview.org\/pt-br\/articles\/fundo-internacional-abre-convocatoria-para-financiar-meios-independentes-latino-americanas-em-suas-estrategias-de-audiencia\/#primaryimage"},"thumbnailUrl":"https:\/\/latamjournalismreview.org\/wp-content\/uploads\/2024\/06\/FEATUREDIFPIM.png","keywords":["Sustentabilidade"],"articleSection":["Pr\u00eamios e oportunidades"],"inLanguage":"pt-BR"},{"@type":"WebPage","@id":"https:\/\/latamjournalismreview.org\/pt-br\/articles\/fundo-internacional-abre-convocatoria-para-financiar-meios-independentes-latino-americanas-em-suas-estrategias-de-audiencia\/","url":"https:\/\/latamjournalismreview.org\/pt-br\/articles\/fundo-internacional-abre-convocatoria-para-financiar-meios-independentes-latino-americanas-em-suas-estrategias-de-audiencia\/","name":"Fundo internacional abre convocat\u00f3ria para financiar meios independentes latino-americanas em suas estrat\u00e9gias de audi\u00eancia - LatAm Journalism Review by the Knight Center","isPartOf":{"@id":"https:\/\/latamjournalismreview.org\/pt-br\/#website"},"primaryImageOfPage":{"@id":"https:\/\/latamjournalismreview.org\/pt-br\/articles\/fundo-internacional-abre-convocatoria-para-financiar-meios-independentes-latino-americanas-em-suas-estrategias-de-audiencia\/#primaryimage"},"image":{"@id":"https:\/\/latamjournalismreview.org\/pt-br\/articles\/fundo-internacional-abre-convocatoria-para-financiar-meios-independentes-latino-americanas-em-suas-estrategias-de-audiencia\/#primaryimage"},"thumbnailUrl":"https:\/\/latamjournalismreview.org\/wp-content\/uploads\/2024\/06\/FEATUREDIFPIM.png","datePublished":"2024-06-25T22:45:23+00:00","description":"Ve\u00edculos independentes latino-americanos podem participar da convocat\u00f3ria do fundo IFPIM e obter financiamento por 24 meses.","breadcrumb":{"@id":"https:\/\/latamjournalismreview.org\/pt-br\/articles\/fundo-internacional-abre-convocatoria-para-financiar-meios-independentes-latino-americanas-em-suas-estrategias-de-audiencia\/#breadcrumb"},"inLanguage":"pt-BR","potentialAction":[{"@type":"ReadAction","target":["https:\/\/latamjournalismreview.org\/pt-br\/articles\/fundo-internacional-abre-convocatoria-para-financiar-meios-independentes-latino-americanas-em-suas-estrategias-de-audiencia\/"]}]},{"@type":"ImageObject","inLanguage":"pt-BR","@id":"https:\/\/latamjournalismreview.org\/pt-br\/articles\/fundo-internacional-abre-convocatoria-para-financiar-meios-independentes-latino-americanas-em-suas-estrategias-de-audiencia\/#primaryimage","url":"https:\/\/latamjournalismreview.org\/wp-content\/uploads\/2024\/06\/FEATUREDIFPIM.png","contentUrl":"https:\/\/latamjournalismreview.org\/wp-content\/uploads\/2024\/06\/FEATUREDIFPIM.png","width":507,"height":340,"caption":"journalist recording a selfie video with smartphone"},{"@type":"BreadcrumbList","@id":"https:\/\/latamjournalismreview.org\/pt-br\/articles\/fundo-internacional-abre-convocatoria-para-financiar-meios-independentes-latino-americanas-em-suas-estrategias-de-audiencia\/#breadcrumb","itemListElement":[{"@type":"ListItem","position":1,"name":"Home","item":"https:\/\/latamjournalismreview.org\/pt-br\/"},{"@type":"ListItem","position":2,"name":"Fundo internacional abre convocat\u00f3ria para financiar meios independentes latino-americanas em suas estrat\u00e9gias de audi\u00eancia"}]},{"@type":"WebSite","@id":"https:\/\/latamjournalismreview.org\/pt-br\/#website","url":"https:\/\/latamjournalismreview.org\/pt-br\/","name":"LatAm Journalism Review","description":"Digital magazine on journalism in Latin America","publisher":{"@id":"https:\/\/latamjournalismreview.org\/pt-br\/#organization"},"potentialAction":[{"@type":"SearchAction","target":{"@type":"EntryPoint","urlTemplate":"https:\/\/latamjournalismreview.org\/pt-br\/?s={search_term_string}"},"query-input":{"@type":"PropertyValueSpecification","valueRequired":true,"valueName":"search_term_string"}}],"inLanguage":"pt-BR"},{"@type":"Organization","@id":"https:\/\/latamjournalismreview.org\/pt-br\/#organization","name":"LatAm Journalism Review","url":"https:\/\/latamjournalismreview.org\/pt-br\/","logo":{"@type":"ImageObject","inLanguage":"pt-BR","@id":"https:\/\/latamjournalismreview.org\/pt-br\/#\/schema\/logo\/image\/","url":"https:\/\/latamjournalismreview.org\/wp-content\/uploads\/2020\/05\/knight-latAm-review-logo.svg","contentUrl":"https:\/\/latamjournalismreview.org\/wp-content\/uploads\/2020\/05\/knight-latAm-review-logo.svg","width":"1024","height":"1024","caption":"LatAm Journalism Review"},"image":{"@id":"https:\/\/latamjournalismreview.org\/pt-br\/#\/schema\/logo\/image\/"},"sameAs":["https:\/\/x.com\/LatAmJournalism"]},{"@type":"Person","@id":"https:\/\/latamjournalismreview.org\/pt-br\/#\/schema\/person\/35fb0fc8541711528b3683cd6bf42190","name":"Katherine Pennacchio","description":"Katherine Pennacchio is a Venezuelan journalist with a master's degree in Investigative, Data and Visualization Journalism from Unidad Editorial and the Rey Juan Carlos University of Madrid. Katherine is passionate about data analysis and currently works as a freelancer. ____ Katherine Pennacchio es una periodista venezolana con una maestr\u00eda en Periodismo de Investigaci\u00f3n, Datos y Visualizaci\u00f3n de la Unidad Editorial y la Universidad Rey Juan Carlos de Madrid. Katherine es una apasionada del an\u00e1lisis de datos y actualmente trabaja como independiente.","sameAs":["https:\/\/x.com\/kathypennacchio"],"url":"https:\/\/latamjournalismreview.org\/pt-br\/articles\/author\/katherine-pennacchio\/"}]}},"_links":{"self":[{"href":"https:\/\/latamjournalismreview.org\/pt-br\/wp-json\/wp\/v2\/posts\/88625","targetHints":{"allow":["GET"]}}],"collection":[{"href":"https:\/\/latamjournalismreview.org\/pt-br\/wp-json\/wp\/v2\/posts"}],"about":[{"href":"https:\/\/latamjournalismreview.org\/pt-br\/wp-json\/wp\/v2\/types\/post"}],"author":[{"embeddable":true,"href":"https:\/\/latamjournalismreview.org\/pt-br\/wp-json\/wp\/v2\/users\/36"}],"replies":[{"embeddable":true,"href":"https:\/\/latamjournalismreview.org\/pt-br\/wp-json\/wp\/v2\/comments?post=88625"}],"version-history":[{"count":1,"href":"https:\/\/latamjournalismreview.org\/pt-br\/wp-json\/wp\/v2\/posts\/88625\/revisions"}],"predecessor-version":[{"id":88626,"href":"https:\/\/latamjournalismreview.org\/pt-br\/wp-json\/wp\/v2\/posts\/88625\/revisions\/88626"}],"wp:featuredmedia":[{"embeddable":true,"href":"https:\/\/latamjournalismreview.org\/pt-br\/wp-json\/wp\/v2\/media\/88607"}],"wp:attachment":[{"href":"https:\/\/latamjournalismreview.org\/pt-br\/wp-json\/wp\/v2\/media?parent=88625"}],"wp:term":[{"taxonomy":"category","embeddable":true,"href":"https:\/\/latamjournalismreview.org\/pt-br\/wp-json\/wp\/v2\/categories?post=88625"},{"taxonomy":"post_tag","embeddable":true,"href":"https:\/\/latamjournalismreview.org\/pt-br\/wp-json\/wp\/v2\/tags?post=88625"},{"taxonomy":"author","embeddable":true,"href":"https:\/\/latamjournalismreview.org\/pt-br\/wp-json\/wp\/v2\/coauthors?post=88625"}],"curies":[{"name":"wp","href":"https:\/\/api.w.org\/{rel}","templated":true}]}}