{"id":92794,"date":"2024-11-01T14:08:58","date_gmt":"2024-11-01T19:08:58","guid":{"rendered":"https:\/\/latamjournalismreview.org\/?p=92794"},"modified":"2024-11-01T14:12:51","modified_gmt":"2024-11-01T19:12:51","slug":"da-redacao-ao-palco-jornalistas-mexicanos-contam-suas-historias-de-resiliencia-por-meio-das-artes-cenicas","status":"publish","type":"post","link":"https:\/\/latamjournalismreview.org\/pt-br\/articles\/da-redacao-ao-palco-jornalistas-mexicanos-contam-suas-historias-de-resiliencia-por-meio-das-artes-cenicas\/","title":{"rendered":"Da reda\u00e7\u00e3o ao palco: jornalistas mexicanos contam suas hist\u00f3rias de resili\u00eancia por meio das artes c\u00eanicas"},"content":{"rendered":"<p>Desde o assassinato do\u00a0<a href=\"https:\/\/latamjournalismreview.org\/es\/articles\/galardonado-periodista-y-escritor-mexicano-que-cubria-el-narcotrafico-fue-asesinado-en-sinaloa\/\"><u>jornalista mexicano Javier Valdez em 2017<\/u><\/a>, sua colega e esposa por 27 anos, Griselda Triana, tem estado em todos os tipos de plataformas defendendo as fam\u00edlias de jornalistas assassinados ou desaparecidos.<\/p>\n<p>Este ano, Triana acrescentou o teatro a essa lista.<\/p>\n<p>\u201cLas periodistas cuentan\u201d (\u201cAs jornalistas contam\u201d) \u00e9 um projeto da companhia teatral mexicana Teatro L\u00ednea de Sombra, em alian\u00e7a com o meio nativo digital independente Elefante Blanco, do estado de Tamaulipas. O projeto busca aumentar a conscientiza\u00e7\u00e3o sobre as diferentes situa\u00e7\u00f5es pelas quais os jornalistas no M\u00e9xico est\u00e3o passando a partir de uma abordagem teatral na qual o jornalismo, a arte e o ativismo convergem.<\/p>\n<p>\u201cEstamos desenvolvendo estrat\u00e9gias al\u00e9m do jornalismo para continuar fazendo jornalismo e para continuar cuidando uns dos outros\u201d, disse Carlos Manuel Ju\u00e1rez, diretor do Elefante Blanco e outro dos jornalistas no palco, \u00e0 <strong>LatAm Journalism Review (LJR)<\/strong>.<\/p>\n<p>&nbsp;<\/p>\n<div id=\"attachment_92767\" style=\"width: 510px\" class=\"wp-caption aligncenter\"><img loading=\"lazy\" decoding=\"async\" aria-describedby=\"caption-attachment-92767\" class=\"wp-image-92767 \" src=\"https:\/\/latamjournalismreview.org\/wp-content\/uploads\/2024\/10\/WhatsApp-Image-2024-10-10-at-10.56.58\u202fp.m.jpeg\" alt=\"Mexican journalist and activist Griselda Triana speaks during the stage production \u201cThe journalists tell\u201d, in Mexico City.\" width=\"500\" height=\"334\" srcset=\"https:\/\/latamjournalismreview.org\/wp-content\/uploads\/2024\/10\/WhatsApp-Image-2024-10-10-at-10.56.58\u202fp.m.jpeg 1280w, https:\/\/latamjournalismreview.org\/wp-content\/uploads\/2024\/10\/WhatsApp-Image-2024-10-10-at-10.56.58\u202fp.m-300x200.jpeg 300w, https:\/\/latamjournalismreview.org\/wp-content\/uploads\/2024\/10\/WhatsApp-Image-2024-10-10-at-10.56.58\u202fp.m-1024x683.jpeg 1024w, https:\/\/latamjournalismreview.org\/wp-content\/uploads\/2024\/10\/WhatsApp-Image-2024-10-10-at-10.56.58\u202fp.m-768x512.jpeg 768w, https:\/\/latamjournalismreview.org\/wp-content\/uploads\/2024\/10\/WhatsApp-Image-2024-10-10-at-10.56.58\u202fp.m-507x340.jpeg 507w, https:\/\/latamjournalismreview.org\/wp-content\/uploads\/2024\/10\/WhatsApp-Image-2024-10-10-at-10.56.58\u202fp.m-350x234.jpeg 350w\" sizes=\"auto, (max-width: 500px) 100vw, 500px\" \/><p id=\"caption-attachment-92767\" class=\"wp-caption-text\">Griselda Triana fala sobre como reconstruir a vida ap\u00f3s ser v\u00edtima colateral de um crime contra a liberdade de imprensa.\u00a0 (Foto: Sandra Perdomo)<\/p><\/div>\n<p>&nbsp;<\/p>\n<p>A produ\u00e7\u00e3o \u00e9 estrelada por um grupo de oito jornalistas que narram no palco experi\u00eancias de suas vidas no jornalismo, que retratam diferentes aspectos do que significa trabalhar na profiss\u00e3o no M\u00e9xico, em meio a todos os tipos de hostilidades.<\/p>\n<p>Triana e Ju\u00e1rez s\u00e3o dois dos oito jornalistas do elenco, que estreou em outubro deste ano com quatro apresenta\u00e7\u00f5es na Cidade do M\u00e9xico. O grupo \u00e9 completado por Blanche Petrich, Reyna Haydee Ram\u00edrez, M\u00f3nica Gonz\u00e1lez, Marcela Turati, Marcos Vizcarra e F\u00e9lix M\u00e1rquez.<\/p>\n<p>Em sua narra\u00e7\u00e3o, Triana fala sobre como ela reconstr\u00f3i e d\u00e1 um novo significado \u00e0 sua vida depois de ser v\u00edtima indireta de um crime contra a liberdade de express\u00e3o no M\u00e9xico.<\/p>\n<p>\u201cEu digo que sou uma mulher de muita sorte porque minhas redes de apoio foram ativadas desde o momento em que Javier foi assassinado. Minhas redes de apoio s\u00e3o justamente colegas jornalistas que est\u00e3o em todo o pa\u00eds, que estiveram muito pr\u00f3ximos de mim e de minha fam\u00edlia\u201d, disse Triana \u00e0\u00a0<strong>LJR<\/strong>, \u201dMas minhas condi\u00e7\u00f5es s\u00e3o muito diferentes das da maioria das fam\u00edlias de jornalistas assassinados e desaparecidos. Eu gostaria que as fam\u00edlias que passaram pela mesma situa\u00e7\u00e3o pudessem ter o mesmo acompanhamento\u201d.<\/p>\n<p>Em seu discurso, que dura aproximadamente 15 minutos, Triana tamb\u00e9m conta como sua busca por justi\u00e7a pelo assassinato de Valdez a levou a se tornar uma defensora dos direitos humanos. Atualmente, ela \u00e9 a coordenadora nacional da\u00a0<a href=\"https:\/\/latamjournalismreview.org\/es\/articles\/red-tejidos-solidarios-ofrece-apoyo-crucial-a-familias-de-periodistas-asesinados-y-desaparecidos-en-mexico\/\"><u>rede Tejidos Solidarios<\/u><\/a>, que oferece apoio \u00e0s fam\u00edlias de jornalistas assassinados e desaparecidos. Triana tamb\u00e9m fala sobre como a indigna\u00e7\u00e3o com a falta de justi\u00e7a \u00e9 um fator recorrente entre a maioria das fam\u00edlias de jornalistas assassinados.<\/p>\n<p>\u201c\u00c9 uma quest\u00e3o que atravessa o jornalismo: eles s\u00e3o assassinados ou desaparecem e n\u00f3s \u00e9 que somos deixados para tr\u00e1s. A maioria das fam\u00edlias passou pelo processo sozinha, invis\u00edvel, abandonada pelas institui\u00e7\u00f5es respons\u00e1veis pela busca de justi\u00e7a\u201d, disse Triana. \u201cO que todos n\u00f3s queremos \u00e9 justi\u00e7a e, para isso, as fam\u00edlias precisam ser o melhor que puderem. Portanto, falo sobre essa parte nesta pe\u00e7a, na qual \u00e9 minha vez de encerrar\u201d.<\/p>\n<p>\u201cLas periodistas cuentan\u201d faz parte de um programa maior do Teatro L\u00ednea de Sombra chamado \u201cFragmentos de verdad\u201d, sob a ideia de que jornalistas e ativistas trabalham na busca de algum tipo de verdade, disse Eduardo Bernal, membro da companhia, \u00e0\u00a0<strong>LJR<\/strong>.<\/p>\n<p>\u201cFragmentos de verdad\u201d come\u00e7ou em 2022 com a instala\u00e7\u00e3o art\u00edstica \u201cZona Clausurada\u201d, tamb\u00e9m feita em conjunto com o Elefante Blanco, que foi um primeiro exerc\u00edcio de aproxima\u00e7\u00e3o do jornalismo com a arte e o ativismo. Esse projeto abordou o fen\u00f4meno do desaparecimento for\u00e7ado no M\u00e9xico e a tomada de territ\u00f3rios pelo crime organizado com elementos de performance, uma investiga\u00e7\u00e3o jornal\u00edstica e um filme de m\u00e9dia-metragem, entre outros.<\/p>\n<div id=\"attachment_92770\" style=\"width: 458px\" class=\"wp-caption alignleft\"><img loading=\"lazy\" decoding=\"async\" aria-describedby=\"caption-attachment-92770\" class=\"wp-image-92770 \" src=\"https:\/\/latamjournalismreview.org\/wp-content\/uploads\/2024\/10\/WhatsApp-Image-2024-10-10-at-10.57.31\u202fp.m.jpeg\" alt=\"Mexican journalist Marcos Vizcarra speaks during the stage production \u201cThe journalists tell\u201d, in Mexico City.\" width=\"448\" height=\"299\" srcset=\"https:\/\/latamjournalismreview.org\/wp-content\/uploads\/2024\/10\/WhatsApp-Image-2024-10-10-at-10.57.31\u202fp.m.jpeg 1280w, https:\/\/latamjournalismreview.org\/wp-content\/uploads\/2024\/10\/WhatsApp-Image-2024-10-10-at-10.57.31\u202fp.m-300x200.jpeg 300w, https:\/\/latamjournalismreview.org\/wp-content\/uploads\/2024\/10\/WhatsApp-Image-2024-10-10-at-10.57.31\u202fp.m-1024x683.jpeg 1024w, https:\/\/latamjournalismreview.org\/wp-content\/uploads\/2024\/10\/WhatsApp-Image-2024-10-10-at-10.57.31\u202fp.m-768x512.jpeg 768w, https:\/\/latamjournalismreview.org\/wp-content\/uploads\/2024\/10\/WhatsApp-Image-2024-10-10-at-10.57.31\u202fp.m-507x340.jpeg 507w, https:\/\/latamjournalismreview.org\/wp-content\/uploads\/2024\/10\/WhatsApp-Image-2024-10-10-at-10.57.31\u202fp.m-350x234.jpeg 350w\" sizes=\"auto, (max-width: 448px) 100vw, 448px\" \/><p id=\"caption-attachment-92770\" class=\"wp-caption-text\">Marcos Vizcarra conta como seu jardim foi um ref\u00fagio da viol\u00eancia que ele viveu como jornalista em Culiac\u00e1n, Sinaloa. (Foto: Sandra Perdomo)<\/p><\/div>\n<p>\u201cLas periodistas cuentan\u201d tamb\u00e9m \u00e9 um projeto de performance multidisciplinar, embora, nesse caso, ele se concentre especificamente nas diferentes faces do jornalismo no M\u00e9xico.<\/p>\n<p>\u201cEncontramos muitas afinidades entre a ideia de jornalismo investigativo e o que agora queremos delinear como 'teatro investigativo'\u201d, disse Bernal. \u201cNeste \u00faltimo trabalho ['Las periodistas cuentan'], falamos sobre jornalismo porque \u00e9 um assunto que nos interessa muito e porque o jornalismo no M\u00e9xico de hoje se tornou muito importante.\u201d<\/p>\n<p>Os participantes de \u201cLas periodistas cuentan\u201d concordam que n\u00e3o se trata de uma pe\u00e7a de teatro propriamente dita, nem de uma s\u00e9rie de apresenta\u00e7\u00f5es individuais. Trata-se de um trabalho de palco que n\u00e3o se baseia em dramaturgia, mas nas experi\u00eancias reais de seus protagonistas.<\/p>\n<p>Ju\u00e1rez descreveu o projeto como \u201cuma explora\u00e7\u00e3o do jornalismo por meio das artes c\u00eanicas\u201d.<\/p>\n<p>\u201cEste ano come\u00e7amos a trabalhar pensando em falar sobre as diferentes formas de viver o jornalismo, a partir de diferentes fontes, das diferentes situa\u00e7\u00f5es que nos aconteceram, de resist\u00eancia ao abandono do jornalismo\u201d, disse ele. \u201cTamb\u00e9m estamos falando sobre as estrat\u00e9gias que cada um de n\u00f3s adotou para poder continuar fazendo jornalismo ou para continuar apoiando a liberdade de express\u00e3o para que ela n\u00e3o decline ainda mais\u201d.<\/p>\n<h3>Hist\u00f3rias em contexto<\/h3>\n<p>O t\u00edtulo \u201cLas periodistas cuentan\u201d (onde \u201clas\u201d se refere a pessoas jornalistas) \u00e9 um jogo de palavras em que o verbo \u201ccuentan\u201d se refere a jornalistas contando suas hist\u00f3rias, mas tamb\u00e9m \u00e0 ideia de que esses profissionais s\u00e3o importantes, explicou Bernal, como uma forma de reivindicar o trabalho dos membros da imprensa.<\/p>\n<p>Os temas das hist\u00f3rias no palco s\u00e3o variados, assim como os tons e estilos de cada narrativa. A interven\u00e7\u00e3o de Ju\u00e1rez trata de seu processo psicol\u00f3gico ap\u00f3s ter sido amea\u00e7ado por seu trabalho jornal\u00edstico em 2017, a fim de separar em sua mente o jornalista que cobre a viol\u00eancia da pessoa que vivencia essa mesma viol\u00eancia. Reyna Haydee Ram\u00edrez \u2013\u00a0<a href=\"https:\/\/latamjournalismreview.org\/es\/news\/articulo-19-denuncia-campana-de-difamacion-contra-la-periodista-reyna-haydee-por-cuestionamientos-a-amlo-en-mexico\/\"><u>que foi v\u00edtima de viol\u00eancia digital ap\u00f3s questionar diretamente o ex-presidente Andr\u00e9s Manuel L\u00f3pez Obrador<\/u><\/a> \u2013 narra de forma c\u00f4mica como foi participar de uma das famosas confer\u00eancias matinais do ex-presidente.<\/p>\n<p>A parte c\u00eanica busca acrescentar \u00e0s narrativas o contexto pessoal de cada jornalista, disse Alicia Laguna, produtora executiva do projeto e diretora art\u00edstica do Teatro L\u00ednea de Sombra, \u00e0\u00a0<strong>LJR<\/strong>.<\/p>\n<p>\u201cS\u00e3o interven\u00e7\u00f5es em um espa\u00e7o c\u00eanico que projetamos e facilitamos. S\u00e3o hist\u00f3rias de vida pessoais, do contexto do jornalista\u201d, disse Laguna.<\/p>\n<p>Assim, F\u00e9lix M\u00e1rquez, um\u00a0<a href=\"https:\/\/latamjournalismreview.org\/es\/news\/fotografos-de-chile-colombia-y-mexico-estan-entre-los-ganadores-del-pulitzer-por-fotorreportaje-de-ap-sobre-migracion\/\"><u>fotojornalista da equipe da Associated Press que ganhou o Pr\u00eamio Pulitzer deste ano<\/u><\/a> na categoria Fotojornalismo, usa parte de seu arquivo fotogr\u00e1fico para contar sua hist\u00f3ria. Um grupo de plantas acompanha Marcos Vizcarra, que conta como seu jardim representou uma fuga da\u00a0<a href=\"https:\/\/latamjournalismreview.org\/es\/articles\/periodistas-sufren-amenazas-con-armas-y-robo-de-vehiculos-y-equipo-durante-disturbios-por-arresto-de-capo-en-culiacan-mexico\/\"><u>viol\u00eancia que ele vivenciou como jornalista em Culiac\u00e1n<\/u><\/a>, Sinaloa.<\/p>\n<p>Marcela Turati faz uma apresenta\u00e7\u00e3o audiovisual e conta a hist\u00f3ria de uma oficina de seguran\u00e7a para jornalistas que ela criou. Triana entra no palco com um aguachile, um prato de frutos do mar t\u00edpico da costa oeste do M\u00e9xico, que ela prepara minutos antes de sua interven\u00e7\u00e3o e entrega ao p\u00fablico no final da apresenta\u00e7\u00e3o.<\/p>\n<div id=\"attachment_92773\" style=\"width: 461px\" class=\"wp-caption alignright\"><img loading=\"lazy\" decoding=\"async\" aria-describedby=\"caption-attachment-92773\" class=\"wp-image-92773 \" src=\"https:\/\/latamjournalismreview.org\/wp-content\/uploads\/2024\/10\/WhatsApp-Image-2024-10-10-at-10.57.45\u202fp.m.jpeg\" alt=\"Mexican journalist Carlos Manuel Ju\u00e1rez speaks during the stage production \u201cThe journalists tell\u201d, in Mexico City.\" width=\"451\" height=\"301\" srcset=\"https:\/\/latamjournalismreview.org\/wp-content\/uploads\/2024\/10\/WhatsApp-Image-2024-10-10-at-10.57.45\u202fp.m.jpeg 1280w, https:\/\/latamjournalismreview.org\/wp-content\/uploads\/2024\/10\/WhatsApp-Image-2024-10-10-at-10.57.45\u202fp.m-300x200.jpeg 300w, https:\/\/latamjournalismreview.org\/wp-content\/uploads\/2024\/10\/WhatsApp-Image-2024-10-10-at-10.57.45\u202fp.m-1024x683.jpeg 1024w, https:\/\/latamjournalismreview.org\/wp-content\/uploads\/2024\/10\/WhatsApp-Image-2024-10-10-at-10.57.45\u202fp.m-768x512.jpeg 768w, https:\/\/latamjournalismreview.org\/wp-content\/uploads\/2024\/10\/WhatsApp-Image-2024-10-10-at-10.57.45\u202fp.m-507x340.jpeg 507w, https:\/\/latamjournalismreview.org\/wp-content\/uploads\/2024\/10\/WhatsApp-Image-2024-10-10-at-10.57.45\u202fp.m-350x234.jpeg 350w\" sizes=\"auto, (max-width: 451px) 100vw, 451px\" \/><p id=\"caption-attachment-92773\" class=\"wp-caption-text\">Carlos Manuel Ju\u00e1rez \u00e9 diretor de Elefante Blanco, meio digital que organiza o projeto com a companhia Teatro L\u00ednea de Sombra. (Foto: Sandra Perdomo)<\/p><\/div>\n<p>Diferentemente de outros trabalhos teatrais, \u201cLas periodistas cuentan\u201d n\u00e3o usa um roteiro tradicional, nem houve ensaios antes da estreia, disse Laguna. Entretanto, houve reuni\u00f5es pr\u00e9vias em que os participantes se organizaram e o diretor, Jorge Vargas, elaborou um roteiro t\u00e9cnico. Os jornalistas, acrescentou Laguna, tiveram a possibilidade de construir suas interven\u00e7\u00f5es livremente, tendo o tempo como \u00fanico limite.<\/p>\n<p>\u201cO que h\u00e1 em 'Las periodistas cuentan' \u00e9 um espa\u00e7o de liberdade para falar, pensar e colocar ali o que cada um deles quisesse\u201d, disse Laguna. \u201cEst\u00e1vamos apenas procurando que isso acontecesse, algo realmente espont\u00e2neo. No in\u00edcio, h\u00e1 um narrador que diz que essa pe\u00e7a n\u00e3o foi ensaiada. \u00c9 uma improvisa\u00e7\u00e3o, o que n\u00e3o significa que seja improvisada. Jorge elabora uma base e um esbo\u00e7o geral, e eles s\u00f3 sabem em que ponto entram.\u201d<\/p>\n<h3>Sem papel de v\u00edtima<\/h3>\n<p>Em um momento em que o jornalismo est\u00e1 sob constante ataque e descr\u00e9dito no M\u00e9xico, um projeto como \u201cLas periodistas cuentan\u201d \u00e9 um exerc\u00edcio de sinceridade com o p\u00fablico, disse Ju\u00e1rez.<\/p>\n<p>\u201cAcho que levar o jornalismo para fora das reda\u00e7\u00f5es \u00e9 muito importante agora. E esse encontro com o p\u00fablico tamb\u00e9m \u00e9 importante\u201d, disse ele. \u201cVale muito a pena, diante da crise do jornalismo, que o p\u00fablico saiba quem somos n\u00f3s que fazemos jornalismo e que somos iguais a eles.\u201d<\/p>\n<p>Embora as hist\u00f3rias que comp\u00f5em a pe\u00e7a teatral tenham em comum o fato de envolverem eventos dif\u00edceis e at\u00e9 tr\u00e1gicos, Ju\u00e1rez deixou claro que o projeto n\u00e3o \u00e9 um exerc\u00edcio de vitimiza\u00e7\u00e3o, mas uma forma de reivindica\u00e7\u00e3o e defesa da profiss\u00e3o.<\/p>\n<p>\u201cN\u00e3o \u00e9 um exerc\u00edcio para se fazer de v\u00edtima, \u00e9 um exerc\u00edcio para reivindicar que muitos de n\u00f3s assumimos o que significa defender a liberdade de express\u00e3o, fazer jornalismo\u201d, disse Ju\u00e1rez. \u201cN\u00e3o se trata de ser v\u00edtima, mas de ser cada vez mais estrat\u00e9gico, assumindo e aumentando a conscientiza\u00e7\u00e3o.<\/p>\n<p>O p\u00fablico que assistiu \u00e0s apresenta\u00e7\u00f5es de \u201cLas periodistas cuentan\u201d em outubro era composto principalmente de pessoas da profiss\u00e3o de jornalista, bem como de organiza\u00e7\u00f5es de direitos humanos. Mas a companhia est\u00e1 buscando atingir outros p\u00fablicos e, por isso, est\u00e1 em negocia\u00e7\u00f5es para apresentar a pe\u00e7a em outros palcos.<\/p>\n<div id=\"attachment_92777\" style=\"width: 330px\" class=\"wp-caption alignleft\"><img loading=\"lazy\" decoding=\"async\" aria-describedby=\"caption-attachment-92777\" class=\"wp-image-92777 \" src=\"https:\/\/latamjournalismreview.org\/wp-content\/uploads\/2024\/10\/WhatsApp-Image-2024-10-30-at-4.12.16\u202fp.m.jpeg\" alt=\"Poster promoting the &quot;The journalist tell&quot; stage production. \" width=\"320\" height=\"400\" srcset=\"https:\/\/latamjournalismreview.org\/wp-content\/uploads\/2024\/10\/WhatsApp-Image-2024-10-30-at-4.12.16\u202fp.m.jpeg 1024w, https:\/\/latamjournalismreview.org\/wp-content\/uploads\/2024\/10\/WhatsApp-Image-2024-10-30-at-4.12.16\u202fp.m-240x300.jpeg 240w, https:\/\/latamjournalismreview.org\/wp-content\/uploads\/2024\/10\/WhatsApp-Image-2024-10-30-at-4.12.16\u202fp.m-819x1024.jpeg 819w, https:\/\/latamjournalismreview.org\/wp-content\/uploads\/2024\/10\/WhatsApp-Image-2024-10-30-at-4.12.16\u202fp.m-768x960.jpeg 768w\" sizes=\"auto, (max-width: 320px) 100vw, 320px\" \/><p id=\"caption-attachment-92777\" class=\"wp-caption-text\">O espet\u00e1culo ser\u00e1 apresentado no Festival LATAM de Meios Digitais e Jornalismo em 8 de novembro na Cidade do M\u00e9xico. (Imagem: Divulga\u00e7\u00e3o\/Teatro L\u00ednea de Sombra)<\/p><\/div>\n<p>O projeto ser\u00e1 apresentado novamente em 8 de novembro como parte do Festival LATAM de Meios Digitais e Jornalismo, organizado pela organiza\u00e7\u00e3o Factual, em parceria com a DW Akademie. Juarez disse que eles n\u00e3o descartam a possibilidade de integrar outros jornalistas ao elenco para que possam se alternar em futuras apresenta\u00e7\u00f5es.<\/p>\n<p>Para Triana, quanto mais diversificado for o p\u00fablico que as hist\u00f3rias de \u201cLas periodistas cuentan\u201d alcan\u00e7arem, mais consci\u00eancia ser\u00e1 gerada sobre as situa\u00e7\u00f5es pelas quais os jornalistas passam.<\/p>\n<p>\u201cSe todos esses anos recentes me ensinaram alguma coisa, \u00e9 que n\u00e3o podemos desperdi\u00e7ar nenhuma plataforma, nenhum espa\u00e7o, nenhum f\u00f3rum a partir do qual possamos aumentar a conscientiza\u00e7\u00e3o entre outros p\u00fablicos, como o p\u00fablico de teatro, mas tamb\u00e9m entre as pessoas que v\u00e3o a uma passeata ou a um protesto\u201d, disse Triana. \u201cTemos que estar em todos os espa\u00e7os para falar sobre o que acontece com os jornalistas.\u201d<\/p>\n<p>&nbsp;<\/p>\n","protected":false},"excerpt":{"rendered":"<p>\u201cLas periodistas cuentan\u201d, um projeto da companhia teatral Teatro L\u00ednea de Sombra e do meio independente Elefante Blanco, busca aumentar a conscientiza\u00e7\u00e3o sobre a situa\u00e7\u00e3o da imprensa no M\u00e9xico.<\/p>\n","protected":false},"author":19,"featured_media":92763,"comment_status":"closed","ping_status":"closed","sticky":false,"template":"","format":"standard","meta":{"inline_featured_image":false,"footnotes":""},"categories":[1221],"tags":[1534,2432,1394],"coauthors":[2753],"class_list":["post-92794","post","type-post","status-publish","format-standard","has-post-thumbnail","hentry","category-violencia-contra-jornalistas-pt-br","tag-ataques-contra-jornalistas-pt-br","tag-inovacao","tag-mexico-pt-br"],"acf":[],"yoast_head":"<!-- This site is optimized with the Yoast SEO Premium plugin v22.6 (Yoast SEO v27.4) - https:\/\/yoast.com\/product\/yoast-seo-premium-wordpress\/ -->\n<title>Jornalistas mexicanos contam suas hist\u00f3rias no teatro<\/title>\n<meta name=\"description\" content=\"Oito jornalistas mexicanos contam suas hist\u00f3rias no espet\u00e1culo teatral \u201cLas periodistas cuentan\u201d.\" \/>\n<meta name=\"robots\" content=\"index, follow, max-snippet:-1, max-image-preview:large, max-video-preview:-1\" \/>\n<link rel=\"canonical\" href=\"https:\/\/latamjournalismreview.org\/pt-br\/articles\/da-redacao-ao-palco-jornalistas-mexicanos-contam-suas-historias-de-resiliencia-por-meio-das-artes-cenicas\/\" \/>\n<meta property=\"og:locale\" content=\"pt_BR\" \/>\n<meta property=\"og:type\" content=\"article\" \/>\n<meta property=\"og:title\" content=\"Da reda\u00e7\u00e3o ao palco: jornalistas mexicanos contam suas hist\u00f3rias de resili\u00eancia por meio das artes c\u00eanicas\" \/>\n<meta property=\"og:description\" content=\"Oito jornalistas mexicanos contam suas hist\u00f3rias no espet\u00e1culo teatral \u201cLas periodistas cuentan\u201d.\" \/>\n<meta property=\"og:url\" content=\"https:\/\/latamjournalismreview.org\/pt-br\/articles\/da-redacao-ao-palco-jornalistas-mexicanos-contam-suas-historias-de-resiliencia-por-meio-das-artes-cenicas\/\" \/>\n<meta property=\"og:site_name\" content=\"LatAm Journalism Review by the Knight Center\" \/>\n<meta property=\"article:published_time\" content=\"2024-11-01T19:08:58+00:00\" \/>\n<meta property=\"article:modified_time\" content=\"2024-11-01T19:12:51+00:00\" \/>\n<meta property=\"og:image\" content=\"https:\/\/latamjournalismreview.org\/wp-content\/uploads\/2024\/10\/FEATURED-Las-Periodistas-Cuentan.png\" \/>\n\t<meta property=\"og:image:width\" content=\"507\" \/>\n\t<meta property=\"og:image:height\" content=\"340\" \/>\n\t<meta property=\"og:image:type\" content=\"image\/png\" \/>\n<meta name=\"author\" content=\"C\u00e9sar L\u00f3pez Linares\" \/>\n<meta name=\"twitter:card\" content=\"summary_large_image\" \/>\n<meta name=\"twitter:creator\" content=\"@cesarisch\" \/>\n<meta name=\"twitter:site\" content=\"@LatAmJournalism\" \/>\n<meta name=\"twitter:label1\" content=\"Written by\" \/>\n\t<meta name=\"twitter:data1\" content=\"C\u00e9sar L\u00f3pez Linares\" \/>\n\t<meta name=\"twitter:label2\" content=\"Est. reading time\" \/>\n\t<meta name=\"twitter:data2\" content=\"9 minutos\" \/>\n<script type=\"application\/ld+json\" class=\"yoast-schema-graph\">{\"@context\":\"https:\\\/\\\/schema.org\",\"@graph\":[{\"@type\":\"Article\",\"@id\":\"https:\\\/\\\/latamjournalismreview.org\\\/pt-br\\\/articles\\\/da-redacao-ao-palco-jornalistas-mexicanos-contam-suas-historias-de-resiliencia-por-meio-das-artes-cenicas\\\/#article\",\"isPartOf\":{\"@id\":\"https:\\\/\\\/latamjournalismreview.org\\\/pt-br\\\/articles\\\/da-redacao-ao-palco-jornalistas-mexicanos-contam-suas-historias-de-resiliencia-por-meio-das-artes-cenicas\\\/\"},\"author\":{\"name\":\"C\u00e9sar L\u00f3pez Linares\",\"@id\":\"https:\\\/\\\/latamjournalismreview.org\\\/pt-br\\\/#\\\/schema\\\/person\\\/dcf6dcdd6226ac8d939e2796645d17c6\"},\"headline\":\"Da reda\u00e7\u00e3o ao palco: jornalistas mexicanos contam suas hist\u00f3rias de resili\u00eancia por meio das artes c\u00eanicas\",\"datePublished\":\"2024-11-01T19:08:58+00:00\",\"dateModified\":\"2024-11-01T19:12:51+00:00\",\"mainEntityOfPage\":{\"@id\":\"https:\\\/\\\/latamjournalismreview.org\\\/pt-br\\\/articles\\\/da-redacao-ao-palco-jornalistas-mexicanos-contam-suas-historias-de-resiliencia-por-meio-das-artes-cenicas\\\/\"},\"wordCount\":1934,\"publisher\":{\"@id\":\"https:\\\/\\\/latamjournalismreview.org\\\/pt-br\\\/#organization\"},\"image\":{\"@id\":\"https:\\\/\\\/latamjournalismreview.org\\\/pt-br\\\/articles\\\/da-redacao-ao-palco-jornalistas-mexicanos-contam-suas-historias-de-resiliencia-por-meio-das-artes-cenicas\\\/#primaryimage\"},\"thumbnailUrl\":\"https:\\\/\\\/latamjournalismreview.org\\\/wp-content\\\/uploads\\\/2024\\\/10\\\/FEATURED-Las-Periodistas-Cuentan.png\",\"keywords\":[\"Ataques contra jornalistas\",\"Inova\u00e7\u00e3o\",\"M\u00e9xico\"],\"articleSection\":[\"Viol\u00eancia contra jornalistas\"],\"inLanguage\":\"pt-BR\"},{\"@type\":\"WebPage\",\"@id\":\"https:\\\/\\\/latamjournalismreview.org\\\/pt-br\\\/articles\\\/da-redacao-ao-palco-jornalistas-mexicanos-contam-suas-historias-de-resiliencia-por-meio-das-artes-cenicas\\\/\",\"url\":\"https:\\\/\\\/latamjournalismreview.org\\\/pt-br\\\/articles\\\/da-redacao-ao-palco-jornalistas-mexicanos-contam-suas-historias-de-resiliencia-por-meio-das-artes-cenicas\\\/\",\"name\":\"Jornalistas mexicanos contam suas hist\u00f3rias no teatro\",\"isPartOf\":{\"@id\":\"https:\\\/\\\/latamjournalismreview.org\\\/pt-br\\\/#website\"},\"primaryImageOfPage\":{\"@id\":\"https:\\\/\\\/latamjournalismreview.org\\\/pt-br\\\/articles\\\/da-redacao-ao-palco-jornalistas-mexicanos-contam-suas-historias-de-resiliencia-por-meio-das-artes-cenicas\\\/#primaryimage\"},\"image\":{\"@id\":\"https:\\\/\\\/latamjournalismreview.org\\\/pt-br\\\/articles\\\/da-redacao-ao-palco-jornalistas-mexicanos-contam-suas-historias-de-resiliencia-por-meio-das-artes-cenicas\\\/#primaryimage\"},\"thumbnailUrl\":\"https:\\\/\\\/latamjournalismreview.org\\\/wp-content\\\/uploads\\\/2024\\\/10\\\/FEATURED-Las-Periodistas-Cuentan.png\",\"datePublished\":\"2024-11-01T19:08:58+00:00\",\"dateModified\":\"2024-11-01T19:12:51+00:00\",\"description\":\"Oito jornalistas mexicanos contam suas hist\u00f3rias no espet\u00e1culo teatral \u201cLas periodistas cuentan\u201d.\",\"breadcrumb\":{\"@id\":\"https:\\\/\\\/latamjournalismreview.org\\\/pt-br\\\/articles\\\/da-redacao-ao-palco-jornalistas-mexicanos-contam-suas-historias-de-resiliencia-por-meio-das-artes-cenicas\\\/#breadcrumb\"},\"inLanguage\":\"pt-BR\",\"potentialAction\":[{\"@type\":\"ReadAction\",\"target\":[\"https:\\\/\\\/latamjournalismreview.org\\\/pt-br\\\/articles\\\/da-redacao-ao-palco-jornalistas-mexicanos-contam-suas-historias-de-resiliencia-por-meio-das-artes-cenicas\\\/\"]}]},{\"@type\":\"ImageObject\",\"inLanguage\":\"pt-BR\",\"@id\":\"https:\\\/\\\/latamjournalismreview.org\\\/pt-br\\\/articles\\\/da-redacao-ao-palco-jornalistas-mexicanos-contam-suas-historias-de-resiliencia-por-meio-das-artes-cenicas\\\/#primaryimage\",\"url\":\"https:\\\/\\\/latamjournalismreview.org\\\/wp-content\\\/uploads\\\/2024\\\/10\\\/FEATURED-Las-Periodistas-Cuentan.png\",\"contentUrl\":\"https:\\\/\\\/latamjournalismreview.org\\\/wp-content\\\/uploads\\\/2024\\\/10\\\/FEATURED-Las-Periodistas-Cuentan.png\",\"width\":507,\"height\":340,\"caption\":\"Mexican journalist Marcela Turati speaks during the stage production \u201cThe journalists tell\u201d, in Mexico City. (Photo: Sandra Perdomo)\"},{\"@type\":\"BreadcrumbList\",\"@id\":\"https:\\\/\\\/latamjournalismreview.org\\\/pt-br\\\/articles\\\/da-redacao-ao-palco-jornalistas-mexicanos-contam-suas-historias-de-resiliencia-por-meio-das-artes-cenicas\\\/#breadcrumb\",\"itemListElement\":[{\"@type\":\"ListItem\",\"position\":1,\"name\":\"Home\",\"item\":\"https:\\\/\\\/latamjournalismreview.org\\\/pt-br\\\/\"},{\"@type\":\"ListItem\",\"position\":2,\"name\":\"Da reda\u00e7\u00e3o ao palco: jornalistas mexicanos contam suas hist\u00f3rias de resili\u00eancia por meio das artes c\u00eanicas\"}]},{\"@type\":\"WebSite\",\"@id\":\"https:\\\/\\\/latamjournalismreview.org\\\/pt-br\\\/#website\",\"url\":\"https:\\\/\\\/latamjournalismreview.org\\\/pt-br\\\/\",\"name\":\"LatAm Journalism Review\",\"description\":\"Digital magazine on journalism in Latin America\",\"publisher\":{\"@id\":\"https:\\\/\\\/latamjournalismreview.org\\\/pt-br\\\/#organization\"},\"potentialAction\":[{\"@type\":\"SearchAction\",\"target\":{\"@type\":\"EntryPoint\",\"urlTemplate\":\"https:\\\/\\\/latamjournalismreview.org\\\/pt-br\\\/?s={search_term_string}\"},\"query-input\":{\"@type\":\"PropertyValueSpecification\",\"valueRequired\":true,\"valueName\":\"search_term_string\"}}],\"inLanguage\":\"pt-BR\"},{\"@type\":\"Organization\",\"@id\":\"https:\\\/\\\/latamjournalismreview.org\\\/pt-br\\\/#organization\",\"name\":\"LatAm Journalism Review\",\"url\":\"https:\\\/\\\/latamjournalismreview.org\\\/pt-br\\\/\",\"logo\":{\"@type\":\"ImageObject\",\"inLanguage\":\"pt-BR\",\"@id\":\"https:\\\/\\\/latamjournalismreview.org\\\/pt-br\\\/#\\\/schema\\\/logo\\\/image\\\/\",\"url\":\"https:\\\/\\\/latamjournalismreview.org\\\/wp-content\\\/uploads\\\/2020\\\/05\\\/knight-latAm-review-logo.svg\",\"contentUrl\":\"https:\\\/\\\/latamjournalismreview.org\\\/wp-content\\\/uploads\\\/2020\\\/05\\\/knight-latAm-review-logo.svg\",\"width\":\"1024\",\"height\":\"1024\",\"caption\":\"LatAm Journalism Review\"},\"image\":{\"@id\":\"https:\\\/\\\/latamjournalismreview.org\\\/pt-br\\\/#\\\/schema\\\/logo\\\/image\\\/\"},\"sameAs\":[\"https:\\\/\\\/x.com\\\/LatAmJournalism\"]},{\"@type\":\"Person\",\"@id\":\"https:\\\/\\\/latamjournalismreview.org\\\/pt-br\\\/#\\\/schema\\\/person\\\/dcf6dcdd6226ac8d939e2796645d17c6\",\"name\":\"C\u00e9sar L\u00f3pez Linares\",\"description\":\"C\u00e9sar L\u00f3pez Linares began his career at the Mexican newspaper REFORMA as an entertainment and media co-editor. He has written for publications such as TODO Austin, Texas Music Magazine and The Austin Chronicle. C\u00e9sar has a Master's degree in Journalism from the University of Texas at Austin and a Bachelors degree in Communication from the National Autonomous University of Mexico. He previously wrote about innovation in journalism for the Gabo Foundation in Colombia and currently reports for the Knight Center's LatAmJournalism Review digital magazine. A native of Mexico City, C\u00e9sar has become a digital nomad combining content creation with his passion for travel. ________ C\u00e9sar L\u00f3pez Linares inici\u00f3 su carrera en el diario mexicano REFORMA como coeditor de entretenimiento y medios. Ha escrito para publicaciones como TODO Austin, Texas Music Magazine y The Austin Chronicle. C\u00e9sar tiene una Maestr\u00eda en Periodismo de la Universidad de Texas en Austin y una Licenciatura en Comunicaci\u00f3n de la Universidad Nacional Aut\u00f3noma de M\u00e9xico. Previamente escribi\u00f3 sobre innovaci\u00f3n en periodismo para la Fundaci\u00f3n Gabo en Colombia y actualmente escribe para la revista digital LatAmJournalism Review del Centro Knight. Originario de la Ciudad de M\u00e9xico, C\u00e9sar se ha convertido en un n\u00f3mada digital que combina la creaci\u00f3n de contenido con su pasi\u00f3n por viajar. _________ C\u00e9sar L\u00f3pez Linares come\u00e7ou sua carreira no jornal mexicano REFORMA como coeditor de entretenimento e m\u00eddia. Ele escreveu para publica\u00e7\u00f5es como TODO Austin, Texas Music Magazine e The Austin Chronicle. C\u00e9sar tem mestrado em jornalismo pela University of Texas em Austin e \u00e9 bacharel em comunica\u00e7\u00e3o pela Universidad Nacional Aut\u00f3noma de M\u00e9xico. Antes disso, ele escreveu sobre inova\u00e7\u00e3o no jornalismo para a Funda\u00e7\u00e3o Gabo na Col\u00f4mbia. Atualmente escreve para a revista digital LatAmJournalism Review do Centro Knight. Nascido na Cidade do M\u00e9xico, C\u00e9sar se tornou um n\u00f4made digital combinando a cria\u00e7\u00e3o de conte\u00fado com sua paix\u00e3o por viagens.\",\"sameAs\":[\"https:\\\/\\\/x.com\\\/cesarisch\"],\"url\":\"https:\\\/\\\/latamjournalismreview.org\\\/pt-br\\\/articles\\\/author\\\/cesar-lopez-linares\\\/\"}]}<\/script>\n<!-- \/ Yoast SEO Premium plugin. -->","yoast_head_json":{"title":"Jornalistas mexicanos contam suas hist\u00f3rias no teatro","description":"Oito jornalistas mexicanos contam suas hist\u00f3rias no espet\u00e1culo teatral \u201cLas periodistas cuentan\u201d.","robots":{"index":"index","follow":"follow","max-snippet":"max-snippet:-1","max-image-preview":"max-image-preview:large","max-video-preview":"max-video-preview:-1"},"canonical":"https:\/\/latamjournalismreview.org\/pt-br\/articles\/da-redacao-ao-palco-jornalistas-mexicanos-contam-suas-historias-de-resiliencia-por-meio-das-artes-cenicas\/","og_locale":"pt_BR","og_type":"article","og_title":"Da reda\u00e7\u00e3o ao palco: jornalistas mexicanos contam suas hist\u00f3rias de resili\u00eancia por meio das artes c\u00eanicas","og_description":"Oito jornalistas mexicanos contam suas hist\u00f3rias no espet\u00e1culo teatral \u201cLas periodistas cuentan\u201d.","og_url":"https:\/\/latamjournalismreview.org\/pt-br\/articles\/da-redacao-ao-palco-jornalistas-mexicanos-contam-suas-historias-de-resiliencia-por-meio-das-artes-cenicas\/","og_site_name":"LatAm Journalism Review by the Knight Center","article_published_time":"2024-11-01T19:08:58+00:00","article_modified_time":"2024-11-01T19:12:51+00:00","og_image":[{"width":507,"height":340,"url":"https:\/\/latamjournalismreview.org\/wp-content\/uploads\/2024\/10\/FEATURED-Las-Periodistas-Cuentan.png","type":"image\/png"}],"author":"C\u00e9sar L\u00f3pez Linares","twitter_card":"summary_large_image","twitter_creator":"@cesarisch","twitter_site":"@LatAmJournalism","twitter_misc":{"Written by":"C\u00e9sar L\u00f3pez Linares","Est. reading time":"9 minutos"},"schema":{"@context":"https:\/\/schema.org","@graph":[{"@type":"Article","@id":"https:\/\/latamjournalismreview.org\/pt-br\/articles\/da-redacao-ao-palco-jornalistas-mexicanos-contam-suas-historias-de-resiliencia-por-meio-das-artes-cenicas\/#article","isPartOf":{"@id":"https:\/\/latamjournalismreview.org\/pt-br\/articles\/da-redacao-ao-palco-jornalistas-mexicanos-contam-suas-historias-de-resiliencia-por-meio-das-artes-cenicas\/"},"author":{"name":"C\u00e9sar L\u00f3pez Linares","@id":"https:\/\/latamjournalismreview.org\/pt-br\/#\/schema\/person\/dcf6dcdd6226ac8d939e2796645d17c6"},"headline":"Da reda\u00e7\u00e3o ao palco: jornalistas mexicanos contam suas hist\u00f3rias de resili\u00eancia por meio das artes c\u00eanicas","datePublished":"2024-11-01T19:08:58+00:00","dateModified":"2024-11-01T19:12:51+00:00","mainEntityOfPage":{"@id":"https:\/\/latamjournalismreview.org\/pt-br\/articles\/da-redacao-ao-palco-jornalistas-mexicanos-contam-suas-historias-de-resiliencia-por-meio-das-artes-cenicas\/"},"wordCount":1934,"publisher":{"@id":"https:\/\/latamjournalismreview.org\/pt-br\/#organization"},"image":{"@id":"https:\/\/latamjournalismreview.org\/pt-br\/articles\/da-redacao-ao-palco-jornalistas-mexicanos-contam-suas-historias-de-resiliencia-por-meio-das-artes-cenicas\/#primaryimage"},"thumbnailUrl":"https:\/\/latamjournalismreview.org\/wp-content\/uploads\/2024\/10\/FEATURED-Las-Periodistas-Cuentan.png","keywords":["Ataques contra jornalistas","Inova\u00e7\u00e3o","M\u00e9xico"],"articleSection":["Viol\u00eancia contra jornalistas"],"inLanguage":"pt-BR"},{"@type":"WebPage","@id":"https:\/\/latamjournalismreview.org\/pt-br\/articles\/da-redacao-ao-palco-jornalistas-mexicanos-contam-suas-historias-de-resiliencia-por-meio-das-artes-cenicas\/","url":"https:\/\/latamjournalismreview.org\/pt-br\/articles\/da-redacao-ao-palco-jornalistas-mexicanos-contam-suas-historias-de-resiliencia-por-meio-das-artes-cenicas\/","name":"Jornalistas mexicanos contam suas hist\u00f3rias no teatro","isPartOf":{"@id":"https:\/\/latamjournalismreview.org\/pt-br\/#website"},"primaryImageOfPage":{"@id":"https:\/\/latamjournalismreview.org\/pt-br\/articles\/da-redacao-ao-palco-jornalistas-mexicanos-contam-suas-historias-de-resiliencia-por-meio-das-artes-cenicas\/#primaryimage"},"image":{"@id":"https:\/\/latamjournalismreview.org\/pt-br\/articles\/da-redacao-ao-palco-jornalistas-mexicanos-contam-suas-historias-de-resiliencia-por-meio-das-artes-cenicas\/#primaryimage"},"thumbnailUrl":"https:\/\/latamjournalismreview.org\/wp-content\/uploads\/2024\/10\/FEATURED-Las-Periodistas-Cuentan.png","datePublished":"2024-11-01T19:08:58+00:00","dateModified":"2024-11-01T19:12:51+00:00","description":"Oito jornalistas mexicanos contam suas hist\u00f3rias no espet\u00e1culo teatral \u201cLas periodistas cuentan\u201d.","breadcrumb":{"@id":"https:\/\/latamjournalismreview.org\/pt-br\/articles\/da-redacao-ao-palco-jornalistas-mexicanos-contam-suas-historias-de-resiliencia-por-meio-das-artes-cenicas\/#breadcrumb"},"inLanguage":"pt-BR","potentialAction":[{"@type":"ReadAction","target":["https:\/\/latamjournalismreview.org\/pt-br\/articles\/da-redacao-ao-palco-jornalistas-mexicanos-contam-suas-historias-de-resiliencia-por-meio-das-artes-cenicas\/"]}]},{"@type":"ImageObject","inLanguage":"pt-BR","@id":"https:\/\/latamjournalismreview.org\/pt-br\/articles\/da-redacao-ao-palco-jornalistas-mexicanos-contam-suas-historias-de-resiliencia-por-meio-das-artes-cenicas\/#primaryimage","url":"https:\/\/latamjournalismreview.org\/wp-content\/uploads\/2024\/10\/FEATURED-Las-Periodistas-Cuentan.png","contentUrl":"https:\/\/latamjournalismreview.org\/wp-content\/uploads\/2024\/10\/FEATURED-Las-Periodistas-Cuentan.png","width":507,"height":340,"caption":"Mexican journalist Marcela Turati speaks during the stage production \u201cThe journalists tell\u201d, in Mexico City. (Photo: Sandra Perdomo)"},{"@type":"BreadcrumbList","@id":"https:\/\/latamjournalismreview.org\/pt-br\/articles\/da-redacao-ao-palco-jornalistas-mexicanos-contam-suas-historias-de-resiliencia-por-meio-das-artes-cenicas\/#breadcrumb","itemListElement":[{"@type":"ListItem","position":1,"name":"Home","item":"https:\/\/latamjournalismreview.org\/pt-br\/"},{"@type":"ListItem","position":2,"name":"Da reda\u00e7\u00e3o ao palco: jornalistas mexicanos contam suas hist\u00f3rias de resili\u00eancia por meio das artes c\u00eanicas"}]},{"@type":"WebSite","@id":"https:\/\/latamjournalismreview.org\/pt-br\/#website","url":"https:\/\/latamjournalismreview.org\/pt-br\/","name":"LatAm Journalism Review","description":"Digital magazine on journalism in Latin America","publisher":{"@id":"https:\/\/latamjournalismreview.org\/pt-br\/#organization"},"potentialAction":[{"@type":"SearchAction","target":{"@type":"EntryPoint","urlTemplate":"https:\/\/latamjournalismreview.org\/pt-br\/?s={search_term_string}"},"query-input":{"@type":"PropertyValueSpecification","valueRequired":true,"valueName":"search_term_string"}}],"inLanguage":"pt-BR"},{"@type":"Organization","@id":"https:\/\/latamjournalismreview.org\/pt-br\/#organization","name":"LatAm Journalism Review","url":"https:\/\/latamjournalismreview.org\/pt-br\/","logo":{"@type":"ImageObject","inLanguage":"pt-BR","@id":"https:\/\/latamjournalismreview.org\/pt-br\/#\/schema\/logo\/image\/","url":"https:\/\/latamjournalismreview.org\/wp-content\/uploads\/2020\/05\/knight-latAm-review-logo.svg","contentUrl":"https:\/\/latamjournalismreview.org\/wp-content\/uploads\/2020\/05\/knight-latAm-review-logo.svg","width":"1024","height":"1024","caption":"LatAm Journalism Review"},"image":{"@id":"https:\/\/latamjournalismreview.org\/pt-br\/#\/schema\/logo\/image\/"},"sameAs":["https:\/\/x.com\/LatAmJournalism"]},{"@type":"Person","@id":"https:\/\/latamjournalismreview.org\/pt-br\/#\/schema\/person\/dcf6dcdd6226ac8d939e2796645d17c6","name":"C\u00e9sar L\u00f3pez Linares","description":"C\u00e9sar L\u00f3pez Linares began his career at the Mexican newspaper REFORMA as an entertainment and media co-editor. He has written for publications such as TODO Austin, Texas Music Magazine and The Austin Chronicle. C\u00e9sar has a Master's degree in Journalism from the University of Texas at Austin and a Bachelors degree in Communication from the National Autonomous University of Mexico. He previously wrote about innovation in journalism for the Gabo Foundation in Colombia and currently reports for the Knight Center's LatAmJournalism Review digital magazine. A native of Mexico City, C\u00e9sar has become a digital nomad combining content creation with his passion for travel. ________ C\u00e9sar L\u00f3pez Linares inici\u00f3 su carrera en el diario mexicano REFORMA como coeditor de entretenimiento y medios. Ha escrito para publicaciones como TODO Austin, Texas Music Magazine y The Austin Chronicle. C\u00e9sar tiene una Maestr\u00eda en Periodismo de la Universidad de Texas en Austin y una Licenciatura en Comunicaci\u00f3n de la Universidad Nacional Aut\u00f3noma de M\u00e9xico. Previamente escribi\u00f3 sobre innovaci\u00f3n en periodismo para la Fundaci\u00f3n Gabo en Colombia y actualmente escribe para la revista digital LatAmJournalism Review del Centro Knight. Originario de la Ciudad de M\u00e9xico, C\u00e9sar se ha convertido en un n\u00f3mada digital que combina la creaci\u00f3n de contenido con su pasi\u00f3n por viajar. _________ C\u00e9sar L\u00f3pez Linares come\u00e7ou sua carreira no jornal mexicano REFORMA como coeditor de entretenimento e m\u00eddia. Ele escreveu para publica\u00e7\u00f5es como TODO Austin, Texas Music Magazine e The Austin Chronicle. C\u00e9sar tem mestrado em jornalismo pela University of Texas em Austin e \u00e9 bacharel em comunica\u00e7\u00e3o pela Universidad Nacional Aut\u00f3noma de M\u00e9xico. Antes disso, ele escreveu sobre inova\u00e7\u00e3o no jornalismo para a Funda\u00e7\u00e3o Gabo na Col\u00f4mbia. Atualmente escreve para a revista digital LatAmJournalism Review do Centro Knight. Nascido na Cidade do M\u00e9xico, C\u00e9sar se tornou um n\u00f4made digital combinando a cria\u00e7\u00e3o de conte\u00fado com sua paix\u00e3o por viagens.","sameAs":["https:\/\/x.com\/cesarisch"],"url":"https:\/\/latamjournalismreview.org\/pt-br\/articles\/author\/cesar-lopez-linares\/"}]}},"_links":{"self":[{"href":"https:\/\/latamjournalismreview.org\/pt-br\/wp-json\/wp\/v2\/posts\/92794","targetHints":{"allow":["GET"]}}],"collection":[{"href":"https:\/\/latamjournalismreview.org\/pt-br\/wp-json\/wp\/v2\/posts"}],"about":[{"href":"https:\/\/latamjournalismreview.org\/pt-br\/wp-json\/wp\/v2\/types\/post"}],"author":[{"embeddable":true,"href":"https:\/\/latamjournalismreview.org\/pt-br\/wp-json\/wp\/v2\/users\/19"}],"replies":[{"embeddable":true,"href":"https:\/\/latamjournalismreview.org\/pt-br\/wp-json\/wp\/v2\/comments?post=92794"}],"version-history":[{"count":3,"href":"https:\/\/latamjournalismreview.org\/pt-br\/wp-json\/wp\/v2\/posts\/92794\/revisions"}],"predecessor-version":[{"id":92798,"href":"https:\/\/latamjournalismreview.org\/pt-br\/wp-json\/wp\/v2\/posts\/92794\/revisions\/92798"}],"wp:featuredmedia":[{"embeddable":true,"href":"https:\/\/latamjournalismreview.org\/pt-br\/wp-json\/wp\/v2\/media\/92763"}],"wp:attachment":[{"href":"https:\/\/latamjournalismreview.org\/pt-br\/wp-json\/wp\/v2\/media?parent=92794"}],"wp:term":[{"taxonomy":"category","embeddable":true,"href":"https:\/\/latamjournalismreview.org\/pt-br\/wp-json\/wp\/v2\/categories?post=92794"},{"taxonomy":"post_tag","embeddable":true,"href":"https:\/\/latamjournalismreview.org\/pt-br\/wp-json\/wp\/v2\/tags?post=92794"},{"taxonomy":"author","embeddable":true,"href":"https:\/\/latamjournalismreview.org\/pt-br\/wp-json\/wp\/v2\/coauthors?post=92794"}],"curies":[{"name":"wp","href":"https:\/\/api.w.org\/{rel}","templated":true}]}}