{"id":9328,"date":"2018-07-01T17:14:39","date_gmt":"2018-07-01T22:14:39","guid":{"rendered":"https:\/\/live-lajr.pantheonsite.io\/articles\/reporter-policial-mexicano-que-havia-sido-ameacado-e-assassinado-em-quintana-roo-pouco-antes-de-eleicoes-gerais\/"},"modified":"2020-07-25T09:20:39","modified_gmt":"2020-07-25T14:20:39","slug":"reporter-policial-mexicano-que-havia-sido-ameacado-e-assassinado-em-quintana-roo-pouco-antes-de-eleicoes-gerais","status":"publish","type":"post","link":"https:\/\/latamjournalismreview.org\/pt-br\/articles\/reporter-policial-mexicano-que-havia-sido-ameacado-e-assassinado-em-quintana-roo-pouco-antes-de-eleicoes-gerais\/","title":{"rendered":"Rep\u00f3rter policial mexicano que havia sido amea\u00e7ado \u00e9 assassinado em Quintana Roo pouco antes de elei\u00e7\u00f5es gerais"},"content":{"rendered":"<p dir=\"ltr\">O rep\u00f3rter policial Jos\u00e9 Guadalupe Chan Dzib foi baleado e morto em um bar no Estado de Quintana Roo, pouco antes das elei\u00e7\u00f5es gerais no M\u00e9xico.<\/p>\n<div style=\"width: 400px; font-size: 80%; text-align: left; float: right; padding-left: 10px; padding-right: 10px;\">\n<div style=\"width: 2058px\" class=\"wp-caption alignnone\"><img loading=\"lazy\" decoding=\"async\" style=\"width: 400px;\" src=\"https:\/\/farm2.staticflickr.com\/1763\/41303791850_ae8c2b8654_o.jpg\" alt=\"Jos\u00e9 Guadalupe Chan Dzib \" width=\"2048\" height=\"1536\" \/><p class=\"wp-caption-text\">Jos\u00e9 Guadalupe Chan Dzib (Facebook)<\/p><\/div>\n<\/div>\n<p dir=\"ltr\">Chan, correspondente do seman\u00e1rio Playa Not\u00edcias Aqu\u00ed y Ahora e El T\u00e1bano,<a href=\"http:\/\/www.eluniversal.com.mx\/estados\/asesinan-reportero-en-bar-de-felipe-carrillo-puerto-quintana-roo\"> foi morto no munic\u00edpio maia Felipe Carrillo Puerto<\/a> em 29 de junho.<\/p>\n<p dir=\"ltr\"><a href=\"https:\/\/www.crhoy.com\/mundo\/asesinan-a-periodista-en-comunidad-indigena-de-mexico\/\">Chan disse recentemente que recebeu amea\u00e7as por telefone<\/a>, de acordo com o que o diretor do Playa News disse \u00e0 AFP. O diretor acrescentou que o assassinato pode estar ligado ao trabalho do rep\u00f3rter policial.<\/p>\n<p dir=\"ltr\">A \u00faltima coisa que o jornalista cobriu foi o assassinato de um simpatizante do Partido Revolucion\u00e1rio Institucional (PRI), disse a AFP.<\/p>\n<p dir=\"ltr\">Al\u00e9m disso, Balbina Flores, representante do M\u00e9xico da Rep\u00f3rteres Sem Fronteiras (RSF, na sigla em franc\u00eas), disse que o jornalista tentou buscar prote\u00e7\u00e3o depois de receber amea\u00e7as, segundo a AFP.<\/p>\n<p dir=\"ltr\">Playa News Aqu\u00ed y Ahora <a href=\"https:\/\/www.facebook.com\/semanarioplayanews\/\">protestou contra o assassinato de Chan<\/a> atrav\u00e9s de sua p\u00e1gina no Facebook e exigiu uma investiga\u00e7\u00e3o do assassinato. Os colegas tamb\u00e9m protestaram em frente ao edif\u00edcio municipal na manh\u00e3 de 30 de junho, <a href=\"https:\/\/www.facebook.com\/semanarioplayanews\/\">pedindo justi\u00e7a para Chan e prote\u00e7\u00e3o para eles<\/a>.<\/p>\n<p dir=\"ltr\">A Procuradoria Geral do Estado de Quintana Roo informou que o Minist\u00e9rio P\u00fablico <a href=\"https:\/\/www.facebook.com\/FGEQuintanaRoo\/photos\/a.1658350847789354.1073741828.1619911721633267\/2031080133849755\/?type=3&amp;theater\">abriu uma investiga\u00e7\u00e3o por homic\u00eddio agravado de um jornalista<\/a> que reconheceu com as iniciais J.G.C.D.<\/p>\n<p dir=\"ltr\">A viol\u00eancia antes das elei\u00e7\u00f5es federais, regionais e locais em 1\u00ba de julho atingiu n\u00edveis sem precedentes. O instituto de consultoria Etellekt relata que <a href=\"https:\/\/www.dw.com\/en\/mexico-election-campaign-tainted-by-political-violence\/a-44425931\">130 pol\u00edticos e candidatos foram mortos no pa\u00eds desde setembro do ano passado<\/a>.<\/p>\n<p dir=\"ltr\">Luis Gordillo, diretor de La Bandera Noticias, <a href=\"https:\/\/articulo19.org\/intento-de-asesinato-al-director-de-la-bandera-noticias\/\">foi interceptado a caminho de casa e atingido por disparos em Guanajuato em 25 de junho<\/a>, mas sobreviveu, de acordo com organiza\u00e7\u00e3o por liberdade de express\u00e3o Artigo 19 do M\u00e9xico. \"Estou preocupado porque essas pessoas me disseram que voltariam para acabar comigo\", disse Gordillo, de acordo com o Artigo 19, que relatou que houve uma falha mec\u00e2nica com a arma usada.<\/p>\n<p dir=\"ltr\">A Artigo 19 do M\u00e9xico informou que registrou 83 agress\u00f5es contra jornalistas <a href=\"https:\/\/informaterompeelmiedo.mx\/\">desde que ativou sua rede #RompeElMiedo antes das elei\u00e7\u00f5es<\/a>. A rede e plataforma visa garantir o livre fluxo de informa\u00e7\u00f5es durante as elei\u00e7\u00f5es, bem como a prote\u00e7\u00e3o dos jornalistas. Al\u00e9m de <a href=\"https:\/\/twitter.com\/RompeMiedo\">denunciar tentativas de restringir a liberdade de express\u00e3o<\/a>, a rede oferece dicas para jornalistas que cobrem as elei\u00e7\u00f5es.<\/p>\n<p dir=\"ltr\">O Comit\u00ea para a Prote\u00e7\u00e3o dos Jornalistas (CPJ) <a href=\"https:\/\/cpj.org\/2018\/06\/cpj-safety-advisory-covering-elections-in-mexico.php\">emitiu diretrizes de seguran\u00e7a<\/a> para os trabalhadores da imprensa que cobrem as elei\u00e7\u00f5es no pa\u00eds e tamb\u00e9m tem um email para os jornalistas que est\u00e3o feridos ou precisam de assist\u00eancia: report_violation@cpj.org.<\/p>\n<p dir=\"ltr\">A Comiss\u00e3o Nacional de Direitos Humanos (CNDH) disse que <a href=\"http:\/\/www.cndh.org.mx\/sites\/all\/doc\/Comunicados\/2018\/Com_2018_189.pdf\">pediu aos governos de todos os Estados mexicanos que garantam condi\u00e7\u00f5es para os jornalistas<\/a> realizarem seu trabalho com seguran\u00e7a. Acrescentou que \"enviou pedidos de medidas cautelares aos Secret\u00e1rios de Governo das 32 entidades federativas\".<\/p>\n","protected":false},"excerpt":{"rendered":"<p>O rep\u00f3rter policial Jos\u00e9 Guadalupe Chan Dzib foi baleado e morto em um bar no Estado de Quintana Roo, pouco antes das elei\u00e7\u00f5es gerais no M\u00e9xico.<\/p>\n","protected":false},"author":3,"featured_media":9322,"comment_status":"closed","ping_status":"closed","sticky":false,"template":"","format":"standard","meta":{"inline_featured_image":false,"footnotes":""},"categories":[1221],"tags":[1552,1394,1615],"coauthors":[],"class_list":["post-9328","post","type-post","status-publish","format-standard","has-post-thumbnail","hentry","category-violencia-contra-jornalistas-pt-br","tag-assassinatos-de-jornalistas-pt-br","tag-mexico-pt-br","tag-violencia-contra-jornalistas-pt-br"],"acf":[],"yoast_head":"<!-- This site is optimized with the Yoast SEO Premium plugin v22.6 (Yoast SEO v27.4) - https:\/\/yoast.com\/product\/yoast-seo-premium-wordpress\/ -->\n<title>Rep\u00f3rter policial mexicano que havia sido amea\u00e7ado \u00e9 assassinado em Quintana Roo pouco antes de elei\u00e7\u00f5es gerais - LatAm Journalism Review by the Knight Center<\/title>\n<meta name=\"description\" content=\"Rep\u00f3rter policial mexicano que havia sido amea\u00e7ado \u00e9 assassinado em Quintana Roo pouco antes de elei\u00e7\u00f5es gerais Viol\u00eancia contra jornalistas. Latin American Journalism Review by The Knight Center at The University of Texas at Austin.\" \/>\n<meta name=\"robots\" content=\"index, follow, max-snippet:-1, max-image-preview:large, max-video-preview:-1\" \/>\n<link rel=\"canonical\" href=\"https:\/\/latamjournalismreview.org\/pt-br\/articles\/reporter-policial-mexicano-que-havia-sido-ameacado-e-assassinado-em-quintana-roo-pouco-antes-de-eleicoes-gerais\/\" \/>\n<meta property=\"og:locale\" content=\"pt_BR\" \/>\n<meta property=\"og:type\" content=\"article\" \/>\n<meta property=\"og:title\" content=\"Rep\u00f3rter policial mexicano que havia sido amea\u00e7ado \u00e9 assassinado em Quintana Roo pouco antes de elei\u00e7\u00f5es gerais\" \/>\n<meta property=\"og:description\" content=\"Rep\u00f3rter policial mexicano que havia sido amea\u00e7ado \u00e9 assassinado em Quintana Roo pouco antes de elei\u00e7\u00f5es gerais Viol\u00eancia contra jornalistas. Latin American Journalism Review by The Knight Center at The University of Texas at Austin.\" \/>\n<meta property=\"og:url\" content=\"https:\/\/latamjournalismreview.org\/pt-br\/articles\/reporter-policial-mexicano-que-havia-sido-ameacado-e-assassinado-em-quintana-roo-pouco-antes-de-eleicoes-gerais\/\" \/>\n<meta property=\"og:site_name\" content=\"LatAm Journalism Review by the Knight Center\" \/>\n<meta property=\"article:published_time\" content=\"2018-07-01T22:14:39+00:00\" \/>\n<meta property=\"article:modified_time\" content=\"2020-07-25T14:20:39+00:00\" \/>\n<meta property=\"og:image\" content=\"https:\/\/latamjournalismreview.org\/wp-content\/uploads\/2020\/07\/Jos\u00e9-Guadalupe-Chan-Dzib-Facebook.png\" \/>\n\t<meta property=\"og:image:width\" content=\"507\" \/>\n\t<meta property=\"og:image:height\" content=\"340\" \/>\n\t<meta property=\"og:image:type\" content=\"image\/png\" \/>\n<meta name=\"author\" content=\"Teresa Mioli\" \/>\n<meta name=\"twitter:card\" content=\"summary_large_image\" \/>\n<meta name=\"twitter:creator\" content=\"@TeresaMioli\" \/>\n<meta name=\"twitter:site\" content=\"@LatAmJournalism\" \/>\n<meta name=\"twitter:label1\" content=\"Written by\" \/>\n\t<meta name=\"twitter:data1\" content=\"Teresa Mioli\" \/>\n\t<meta name=\"twitter:label2\" content=\"Est. reading time\" \/>\n\t<meta name=\"twitter:data2\" content=\"3 minutos\" \/>\n<script type=\"application\/ld+json\" class=\"yoast-schema-graph\">{\"@context\":\"https:\\\/\\\/schema.org\",\"@graph\":[{\"@type\":\"Article\",\"@id\":\"https:\\\/\\\/latamjournalismreview.org\\\/pt-br\\\/articles\\\/reporter-policial-mexicano-que-havia-sido-ameacado-e-assassinado-em-quintana-roo-pouco-antes-de-eleicoes-gerais\\\/#article\",\"isPartOf\":{\"@id\":\"https:\\\/\\\/latamjournalismreview.org\\\/pt-br\\\/articles\\\/reporter-policial-mexicano-que-havia-sido-ameacado-e-assassinado-em-quintana-roo-pouco-antes-de-eleicoes-gerais\\\/\"},\"author\":{\"name\":\"Teresa Mioli\",\"@id\":\"https:\\\/\\\/latamjournalismreview.org\\\/pt-br\\\/#\\\/schema\\\/person\\\/b83a4912f05c8178389e917d8d51de03\"},\"headline\":\"Rep\u00f3rter policial mexicano que havia sido amea\u00e7ado \u00e9 assassinado em Quintana Roo pouco antes de elei\u00e7\u00f5es gerais\",\"datePublished\":\"2018-07-01T22:14:39+00:00\",\"dateModified\":\"2020-07-25T14:20:39+00:00\",\"mainEntityOfPage\":{\"@id\":\"https:\\\/\\\/latamjournalismreview.org\\\/pt-br\\\/articles\\\/reporter-policial-mexicano-que-havia-sido-ameacado-e-assassinado-em-quintana-roo-pouco-antes-de-eleicoes-gerais\\\/\"},\"wordCount\":539,\"publisher\":{\"@id\":\"https:\\\/\\\/latamjournalismreview.org\\\/pt-br\\\/#organization\"},\"image\":{\"@id\":\"https:\\\/\\\/latamjournalismreview.org\\\/pt-br\\\/articles\\\/reporter-policial-mexicano-que-havia-sido-ameacado-e-assassinado-em-quintana-roo-pouco-antes-de-eleicoes-gerais\\\/#primaryimage\"},\"thumbnailUrl\":\"https:\\\/\\\/latamjournalismreview.org\\\/wp-content\\\/uploads\\\/2020\\\/07\\\/Jos\u00e9-Guadalupe-Chan-Dzib-Facebook.png\",\"keywords\":[\"Assassinatos de jornalistas\",\"M\u00e9xico\",\"Viol\u00eancia contra jornalistas\"],\"articleSection\":[\"Viol\u00eancia contra jornalistas\"],\"inLanguage\":\"pt-BR\"},{\"@type\":\"WebPage\",\"@id\":\"https:\\\/\\\/latamjournalismreview.org\\\/pt-br\\\/articles\\\/reporter-policial-mexicano-que-havia-sido-ameacado-e-assassinado-em-quintana-roo-pouco-antes-de-eleicoes-gerais\\\/\",\"url\":\"https:\\\/\\\/latamjournalismreview.org\\\/pt-br\\\/articles\\\/reporter-policial-mexicano-que-havia-sido-ameacado-e-assassinado-em-quintana-roo-pouco-antes-de-eleicoes-gerais\\\/\",\"name\":\"Rep\u00f3rter policial mexicano que havia sido amea\u00e7ado \u00e9 assassinado em Quintana Roo pouco antes de elei\u00e7\u00f5es gerais - LatAm Journalism Review by the Knight Center\",\"isPartOf\":{\"@id\":\"https:\\\/\\\/latamjournalismreview.org\\\/pt-br\\\/#website\"},\"primaryImageOfPage\":{\"@id\":\"https:\\\/\\\/latamjournalismreview.org\\\/pt-br\\\/articles\\\/reporter-policial-mexicano-que-havia-sido-ameacado-e-assassinado-em-quintana-roo-pouco-antes-de-eleicoes-gerais\\\/#primaryimage\"},\"image\":{\"@id\":\"https:\\\/\\\/latamjournalismreview.org\\\/pt-br\\\/articles\\\/reporter-policial-mexicano-que-havia-sido-ameacado-e-assassinado-em-quintana-roo-pouco-antes-de-eleicoes-gerais\\\/#primaryimage\"},\"thumbnailUrl\":\"https:\\\/\\\/latamjournalismreview.org\\\/wp-content\\\/uploads\\\/2020\\\/07\\\/Jos\u00e9-Guadalupe-Chan-Dzib-Facebook.png\",\"datePublished\":\"2018-07-01T22:14:39+00:00\",\"dateModified\":\"2020-07-25T14:20:39+00:00\",\"description\":\"Rep\u00f3rter policial mexicano que havia sido amea\u00e7ado \u00e9 assassinado em Quintana Roo pouco antes de elei\u00e7\u00f5es gerais Viol\u00eancia contra jornalistas. Latin American Journalism Review by The Knight Center at The University of Texas at Austin.\",\"breadcrumb\":{\"@id\":\"https:\\\/\\\/latamjournalismreview.org\\\/pt-br\\\/articles\\\/reporter-policial-mexicano-que-havia-sido-ameacado-e-assassinado-em-quintana-roo-pouco-antes-de-eleicoes-gerais\\\/#breadcrumb\"},\"inLanguage\":\"pt-BR\",\"potentialAction\":[{\"@type\":\"ReadAction\",\"target\":[\"https:\\\/\\\/latamjournalismreview.org\\\/pt-br\\\/articles\\\/reporter-policial-mexicano-que-havia-sido-ameacado-e-assassinado-em-quintana-roo-pouco-antes-de-eleicoes-gerais\\\/\"]}]},{\"@type\":\"ImageObject\",\"inLanguage\":\"pt-BR\",\"@id\":\"https:\\\/\\\/latamjournalismreview.org\\\/pt-br\\\/articles\\\/reporter-policial-mexicano-que-havia-sido-ameacado-e-assassinado-em-quintana-roo-pouco-antes-de-eleicoes-gerais\\\/#primaryimage\",\"url\":\"https:\\\/\\\/latamjournalismreview.org\\\/wp-content\\\/uploads\\\/2020\\\/07\\\/Jos\u00e9-Guadalupe-Chan-Dzib-Facebook.png\",\"contentUrl\":\"https:\\\/\\\/latamjournalismreview.org\\\/wp-content\\\/uploads\\\/2020\\\/07\\\/Jos\u00e9-Guadalupe-Chan-Dzib-Facebook.png\",\"width\":507,\"height\":340,\"caption\":\"Jos\u00e9 Guadalupe Chan Dzib (Facebook)\"},{\"@type\":\"BreadcrumbList\",\"@id\":\"https:\\\/\\\/latamjournalismreview.org\\\/pt-br\\\/articles\\\/reporter-policial-mexicano-que-havia-sido-ameacado-e-assassinado-em-quintana-roo-pouco-antes-de-eleicoes-gerais\\\/#breadcrumb\",\"itemListElement\":[{\"@type\":\"ListItem\",\"position\":1,\"name\":\"Home\",\"item\":\"https:\\\/\\\/latamjournalismreview.org\\\/pt-br\\\/\"},{\"@type\":\"ListItem\",\"position\":2,\"name\":\"Rep\u00f3rter policial mexicano que havia sido amea\u00e7ado \u00e9 assassinado em Quintana Roo pouco antes de elei\u00e7\u00f5es gerais\"}]},{\"@type\":\"WebSite\",\"@id\":\"https:\\\/\\\/latamjournalismreview.org\\\/pt-br\\\/#website\",\"url\":\"https:\\\/\\\/latamjournalismreview.org\\\/pt-br\\\/\",\"name\":\"LatAm Journalism Review\",\"description\":\"Digital magazine on journalism in Latin America\",\"publisher\":{\"@id\":\"https:\\\/\\\/latamjournalismreview.org\\\/pt-br\\\/#organization\"},\"potentialAction\":[{\"@type\":\"SearchAction\",\"target\":{\"@type\":\"EntryPoint\",\"urlTemplate\":\"https:\\\/\\\/latamjournalismreview.org\\\/pt-br\\\/?s={search_term_string}\"},\"query-input\":{\"@type\":\"PropertyValueSpecification\",\"valueRequired\":true,\"valueName\":\"search_term_string\"}}],\"inLanguage\":\"pt-BR\"},{\"@type\":\"Organization\",\"@id\":\"https:\\\/\\\/latamjournalismreview.org\\\/pt-br\\\/#organization\",\"name\":\"LatAm Journalism Review\",\"url\":\"https:\\\/\\\/latamjournalismreview.org\\\/pt-br\\\/\",\"logo\":{\"@type\":\"ImageObject\",\"inLanguage\":\"pt-BR\",\"@id\":\"https:\\\/\\\/latamjournalismreview.org\\\/pt-br\\\/#\\\/schema\\\/logo\\\/image\\\/\",\"url\":\"https:\\\/\\\/latamjournalismreview.org\\\/wp-content\\\/uploads\\\/2020\\\/05\\\/knight-latAm-review-logo.svg\",\"contentUrl\":\"https:\\\/\\\/latamjournalismreview.org\\\/wp-content\\\/uploads\\\/2020\\\/05\\\/knight-latAm-review-logo.svg\",\"width\":\"1024\",\"height\":\"1024\",\"caption\":\"LatAm Journalism Review\"},\"image\":{\"@id\":\"https:\\\/\\\/latamjournalismreview.org\\\/pt-br\\\/#\\\/schema\\\/logo\\\/image\\\/\"},\"sameAs\":[\"https:\\\/\\\/x.com\\\/LatAmJournalism\"]},{\"@type\":\"Person\",\"@id\":\"https:\\\/\\\/latamjournalismreview.org\\\/pt-br\\\/#\\\/schema\\\/person\\\/b83a4912f05c8178389e917d8d51de03\",\"name\":\"Teresa Mioli\",\"description\":\"Teresa Mioli is the editorial manager for the Knight Center for Journalism in the Americas. She is interested in press freedom, democratization, and investigative journalism in Latin America and is dedicated to increasing awareness about the importance of independent news media to the health of democracies. She produces journalistic work with the aim of helping people to make informed decisions about their lives and societies and wants to make sure other journalists are able to do the same. She has Bachelors' degrees in Journalism and Plan II Honors (Liberal Arts) and a Master's degree in Latin American Studies, all from the University of Texas at Austin. She started her journalistic career at The Beaumont Enterprise in Southeast Texas where she last worked as a breaking news reporter. ______ Teresa Mioli es la directora editorial del Centro Knight para el Periodismo en las Am\u00e9ricas. Es una periodista con inter\u00e9s en la libertad de prensa, la democratizaci\u00f3n y el periodismo investigativo en Am\u00e9rica Latina y est\u00e1 dedicada a crear mayor consciencia sobre la importancia de los medios noticiosos independientes para la salud de las democracias. El objetivo de su trabajo period\u00edstico es ayudar las personas para que tomen decisiones informadas sobre sus vidas y sus sociedades, y busca que otros periodistas tengan la posibilidad de hacer lo mismo. Teresa tiene una licenciatura en Periodismo y Artes liberales (Plan II Honors), y una maestr\u00eda en Estudios Latinoamericanos, todos de la Universidad de Texas en Austin. Empez\u00f3 su carrera en periodismo en The Beaumont Enterprise al sureste de Texas, en donde recientemente trabaj\u00f3 como reportera de noticias de \u00faltima hora. Anteriormente ella fue la editora de LatAm Journalism Review del Centro Knight. ______ Teresa Mioli \u00e9 gerente editorial do Centro Knight para o Jornalismo nas Am\u00e9ricas. Ela se interessa por liberdade de imprensa, democratiza\u00e7\u00e3o e jornalismo investigativo na Am\u00e9rica Latina e se dedica a aumentar a conscientiza\u00e7\u00e3o sobre a import\u00e2ncia da m\u00eddia independente para a sa\u00fade das democracias. Ela produz trabalhos jornal\u00edsticos com o objetivo de ajudar as pessoas a tomarem decis\u00f5es informadas sobre suas vidas e sociedades e deseja garantir que outros jornalistas possam fazer o mesmo. Ela tem bacharelado em jornalismo e artes liberais e um mestrado em Estudos Latino-Americanos, todos pela Universidade do Texas em Austin. Ela come\u00e7ou sua carreira jornal\u00edstica na The Beaumont Enterprise no sudeste do Texas, onde trabalhou pela \u00faltima vez como rep\u00f3rter de not\u00edcias de \u00faltima hora.\",\"sameAs\":[\"https:\\\/\\\/x.com\\\/TeresaMioli\"],\"url\":\"https:\\\/\\\/latamjournalismreview.org\\\/pt-br\\\/articles\\\/author\\\/teresa-mioli\\\/\"}]}<\/script>\n<!-- \/ Yoast SEO Premium plugin. -->","yoast_head_json":{"title":"Rep\u00f3rter policial mexicano que havia sido amea\u00e7ado \u00e9 assassinado em Quintana Roo pouco antes de elei\u00e7\u00f5es gerais - LatAm Journalism Review by the Knight Center","description":"Rep\u00f3rter policial mexicano que havia sido amea\u00e7ado \u00e9 assassinado em Quintana Roo pouco antes de elei\u00e7\u00f5es gerais Viol\u00eancia contra jornalistas. Latin American Journalism Review by The Knight Center at The University of Texas at Austin.","robots":{"index":"index","follow":"follow","max-snippet":"max-snippet:-1","max-image-preview":"max-image-preview:large","max-video-preview":"max-video-preview:-1"},"canonical":"https:\/\/latamjournalismreview.org\/pt-br\/articles\/reporter-policial-mexicano-que-havia-sido-ameacado-e-assassinado-em-quintana-roo-pouco-antes-de-eleicoes-gerais\/","og_locale":"pt_BR","og_type":"article","og_title":"Rep\u00f3rter policial mexicano que havia sido amea\u00e7ado \u00e9 assassinado em Quintana Roo pouco antes de elei\u00e7\u00f5es gerais","og_description":"Rep\u00f3rter policial mexicano que havia sido amea\u00e7ado \u00e9 assassinado em Quintana Roo pouco antes de elei\u00e7\u00f5es gerais Viol\u00eancia contra jornalistas. Latin American Journalism Review by The Knight Center at The University of Texas at Austin.","og_url":"https:\/\/latamjournalismreview.org\/pt-br\/articles\/reporter-policial-mexicano-que-havia-sido-ameacado-e-assassinado-em-quintana-roo-pouco-antes-de-eleicoes-gerais\/","og_site_name":"LatAm Journalism Review by the Knight Center","article_published_time":"2018-07-01T22:14:39+00:00","article_modified_time":"2020-07-25T14:20:39+00:00","og_image":[{"width":507,"height":340,"url":"https:\/\/latamjournalismreview.org\/wp-content\/uploads\/2020\/07\/Jos\u00e9-Guadalupe-Chan-Dzib-Facebook.png","type":"image\/png"}],"author":"Teresa Mioli","twitter_card":"summary_large_image","twitter_creator":"@TeresaMioli","twitter_site":"@LatAmJournalism","twitter_misc":{"Written by":"Teresa Mioli","Est. reading time":"3 minutos"},"schema":{"@context":"https:\/\/schema.org","@graph":[{"@type":"Article","@id":"https:\/\/latamjournalismreview.org\/pt-br\/articles\/reporter-policial-mexicano-que-havia-sido-ameacado-e-assassinado-em-quintana-roo-pouco-antes-de-eleicoes-gerais\/#article","isPartOf":{"@id":"https:\/\/latamjournalismreview.org\/pt-br\/articles\/reporter-policial-mexicano-que-havia-sido-ameacado-e-assassinado-em-quintana-roo-pouco-antes-de-eleicoes-gerais\/"},"author":{"name":"Teresa Mioli","@id":"https:\/\/latamjournalismreview.org\/pt-br\/#\/schema\/person\/b83a4912f05c8178389e917d8d51de03"},"headline":"Rep\u00f3rter policial mexicano que havia sido amea\u00e7ado \u00e9 assassinado em Quintana Roo pouco antes de elei\u00e7\u00f5es gerais","datePublished":"2018-07-01T22:14:39+00:00","dateModified":"2020-07-25T14:20:39+00:00","mainEntityOfPage":{"@id":"https:\/\/latamjournalismreview.org\/pt-br\/articles\/reporter-policial-mexicano-que-havia-sido-ameacado-e-assassinado-em-quintana-roo-pouco-antes-de-eleicoes-gerais\/"},"wordCount":539,"publisher":{"@id":"https:\/\/latamjournalismreview.org\/pt-br\/#organization"},"image":{"@id":"https:\/\/latamjournalismreview.org\/pt-br\/articles\/reporter-policial-mexicano-que-havia-sido-ameacado-e-assassinado-em-quintana-roo-pouco-antes-de-eleicoes-gerais\/#primaryimage"},"thumbnailUrl":"https:\/\/latamjournalismreview.org\/wp-content\/uploads\/2020\/07\/Jos\u00e9-Guadalupe-Chan-Dzib-Facebook.png","keywords":["Assassinatos de jornalistas","M\u00e9xico","Viol\u00eancia contra jornalistas"],"articleSection":["Viol\u00eancia contra jornalistas"],"inLanguage":"pt-BR"},{"@type":"WebPage","@id":"https:\/\/latamjournalismreview.org\/pt-br\/articles\/reporter-policial-mexicano-que-havia-sido-ameacado-e-assassinado-em-quintana-roo-pouco-antes-de-eleicoes-gerais\/","url":"https:\/\/latamjournalismreview.org\/pt-br\/articles\/reporter-policial-mexicano-que-havia-sido-ameacado-e-assassinado-em-quintana-roo-pouco-antes-de-eleicoes-gerais\/","name":"Rep\u00f3rter policial mexicano que havia sido amea\u00e7ado \u00e9 assassinado em Quintana Roo pouco antes de elei\u00e7\u00f5es gerais - LatAm Journalism Review by the Knight Center","isPartOf":{"@id":"https:\/\/latamjournalismreview.org\/pt-br\/#website"},"primaryImageOfPage":{"@id":"https:\/\/latamjournalismreview.org\/pt-br\/articles\/reporter-policial-mexicano-que-havia-sido-ameacado-e-assassinado-em-quintana-roo-pouco-antes-de-eleicoes-gerais\/#primaryimage"},"image":{"@id":"https:\/\/latamjournalismreview.org\/pt-br\/articles\/reporter-policial-mexicano-que-havia-sido-ameacado-e-assassinado-em-quintana-roo-pouco-antes-de-eleicoes-gerais\/#primaryimage"},"thumbnailUrl":"https:\/\/latamjournalismreview.org\/wp-content\/uploads\/2020\/07\/Jos\u00e9-Guadalupe-Chan-Dzib-Facebook.png","datePublished":"2018-07-01T22:14:39+00:00","dateModified":"2020-07-25T14:20:39+00:00","description":"Rep\u00f3rter policial mexicano que havia sido amea\u00e7ado \u00e9 assassinado em Quintana Roo pouco antes de elei\u00e7\u00f5es gerais Viol\u00eancia contra jornalistas. Latin American Journalism Review by The Knight Center at The University of Texas at Austin.","breadcrumb":{"@id":"https:\/\/latamjournalismreview.org\/pt-br\/articles\/reporter-policial-mexicano-que-havia-sido-ameacado-e-assassinado-em-quintana-roo-pouco-antes-de-eleicoes-gerais\/#breadcrumb"},"inLanguage":"pt-BR","potentialAction":[{"@type":"ReadAction","target":["https:\/\/latamjournalismreview.org\/pt-br\/articles\/reporter-policial-mexicano-que-havia-sido-ameacado-e-assassinado-em-quintana-roo-pouco-antes-de-eleicoes-gerais\/"]}]},{"@type":"ImageObject","inLanguage":"pt-BR","@id":"https:\/\/latamjournalismreview.org\/pt-br\/articles\/reporter-policial-mexicano-que-havia-sido-ameacado-e-assassinado-em-quintana-roo-pouco-antes-de-eleicoes-gerais\/#primaryimage","url":"https:\/\/latamjournalismreview.org\/wp-content\/uploads\/2020\/07\/Jos\u00e9-Guadalupe-Chan-Dzib-Facebook.png","contentUrl":"https:\/\/latamjournalismreview.org\/wp-content\/uploads\/2020\/07\/Jos\u00e9-Guadalupe-Chan-Dzib-Facebook.png","width":507,"height":340,"caption":"Jos\u00e9 Guadalupe Chan Dzib (Facebook)"},{"@type":"BreadcrumbList","@id":"https:\/\/latamjournalismreview.org\/pt-br\/articles\/reporter-policial-mexicano-que-havia-sido-ameacado-e-assassinado-em-quintana-roo-pouco-antes-de-eleicoes-gerais\/#breadcrumb","itemListElement":[{"@type":"ListItem","position":1,"name":"Home","item":"https:\/\/latamjournalismreview.org\/pt-br\/"},{"@type":"ListItem","position":2,"name":"Rep\u00f3rter policial mexicano que havia sido amea\u00e7ado \u00e9 assassinado em Quintana Roo pouco antes de elei\u00e7\u00f5es gerais"}]},{"@type":"WebSite","@id":"https:\/\/latamjournalismreview.org\/pt-br\/#website","url":"https:\/\/latamjournalismreview.org\/pt-br\/","name":"LatAm Journalism Review","description":"Digital magazine on journalism in Latin America","publisher":{"@id":"https:\/\/latamjournalismreview.org\/pt-br\/#organization"},"potentialAction":[{"@type":"SearchAction","target":{"@type":"EntryPoint","urlTemplate":"https:\/\/latamjournalismreview.org\/pt-br\/?s={search_term_string}"},"query-input":{"@type":"PropertyValueSpecification","valueRequired":true,"valueName":"search_term_string"}}],"inLanguage":"pt-BR"},{"@type":"Organization","@id":"https:\/\/latamjournalismreview.org\/pt-br\/#organization","name":"LatAm Journalism Review","url":"https:\/\/latamjournalismreview.org\/pt-br\/","logo":{"@type":"ImageObject","inLanguage":"pt-BR","@id":"https:\/\/latamjournalismreview.org\/pt-br\/#\/schema\/logo\/image\/","url":"https:\/\/latamjournalismreview.org\/wp-content\/uploads\/2020\/05\/knight-latAm-review-logo.svg","contentUrl":"https:\/\/latamjournalismreview.org\/wp-content\/uploads\/2020\/05\/knight-latAm-review-logo.svg","width":"1024","height":"1024","caption":"LatAm Journalism Review"},"image":{"@id":"https:\/\/latamjournalismreview.org\/pt-br\/#\/schema\/logo\/image\/"},"sameAs":["https:\/\/x.com\/LatAmJournalism"]},{"@type":"Person","@id":"https:\/\/latamjournalismreview.org\/pt-br\/#\/schema\/person\/b83a4912f05c8178389e917d8d51de03","name":"Teresa Mioli","description":"Teresa Mioli is the editorial manager for the Knight Center for Journalism in the Americas. She is interested in press freedom, democratization, and investigative journalism in Latin America and is dedicated to increasing awareness about the importance of independent news media to the health of democracies. She produces journalistic work with the aim of helping people to make informed decisions about their lives and societies and wants to make sure other journalists are able to do the same. She has Bachelors' degrees in Journalism and Plan II Honors (Liberal Arts) and a Master's degree in Latin American Studies, all from the University of Texas at Austin. She started her journalistic career at The Beaumont Enterprise in Southeast Texas where she last worked as a breaking news reporter. ______ Teresa Mioli es la directora editorial del Centro Knight para el Periodismo en las Am\u00e9ricas. Es una periodista con inter\u00e9s en la libertad de prensa, la democratizaci\u00f3n y el periodismo investigativo en Am\u00e9rica Latina y est\u00e1 dedicada a crear mayor consciencia sobre la importancia de los medios noticiosos independientes para la salud de las democracias. El objetivo de su trabajo period\u00edstico es ayudar las personas para que tomen decisiones informadas sobre sus vidas y sus sociedades, y busca que otros periodistas tengan la posibilidad de hacer lo mismo. Teresa tiene una licenciatura en Periodismo y Artes liberales (Plan II Honors), y una maestr\u00eda en Estudios Latinoamericanos, todos de la Universidad de Texas en Austin. Empez\u00f3 su carrera en periodismo en The Beaumont Enterprise al sureste de Texas, en donde recientemente trabaj\u00f3 como reportera de noticias de \u00faltima hora. Anteriormente ella fue la editora de LatAm Journalism Review del Centro Knight. ______ Teresa Mioli \u00e9 gerente editorial do Centro Knight para o Jornalismo nas Am\u00e9ricas. Ela se interessa por liberdade de imprensa, democratiza\u00e7\u00e3o e jornalismo investigativo na Am\u00e9rica Latina e se dedica a aumentar a conscientiza\u00e7\u00e3o sobre a import\u00e2ncia da m\u00eddia independente para a sa\u00fade das democracias. Ela produz trabalhos jornal\u00edsticos com o objetivo de ajudar as pessoas a tomarem decis\u00f5es informadas sobre suas vidas e sociedades e deseja garantir que outros jornalistas possam fazer o mesmo. Ela tem bacharelado em jornalismo e artes liberais e um mestrado em Estudos Latino-Americanos, todos pela Universidade do Texas em Austin. Ela come\u00e7ou sua carreira jornal\u00edstica na The Beaumont Enterprise no sudeste do Texas, onde trabalhou pela \u00faltima vez como rep\u00f3rter de not\u00edcias de \u00faltima hora.","sameAs":["https:\/\/x.com\/TeresaMioli"],"url":"https:\/\/latamjournalismreview.org\/pt-br\/articles\/author\/teresa-mioli\/"}]}},"_links":{"self":[{"href":"https:\/\/latamjournalismreview.org\/pt-br\/wp-json\/wp\/v2\/posts\/9328","targetHints":{"allow":["GET"]}}],"collection":[{"href":"https:\/\/latamjournalismreview.org\/pt-br\/wp-json\/wp\/v2\/posts"}],"about":[{"href":"https:\/\/latamjournalismreview.org\/pt-br\/wp-json\/wp\/v2\/types\/post"}],"author":[{"embeddable":true,"href":"https:\/\/latamjournalismreview.org\/pt-br\/wp-json\/wp\/v2\/users\/3"}],"replies":[{"embeddable":true,"href":"https:\/\/latamjournalismreview.org\/pt-br\/wp-json\/wp\/v2\/comments?post=9328"}],"version-history":[{"count":1,"href":"https:\/\/latamjournalismreview.org\/pt-br\/wp-json\/wp\/v2\/posts\/9328\/revisions"}],"predecessor-version":[{"id":9329,"href":"https:\/\/latamjournalismreview.org\/pt-br\/wp-json\/wp\/v2\/posts\/9328\/revisions\/9329"}],"wp:featuredmedia":[{"embeddable":true,"href":"https:\/\/latamjournalismreview.org\/pt-br\/wp-json\/wp\/v2\/media\/9322"}],"wp:attachment":[{"href":"https:\/\/latamjournalismreview.org\/pt-br\/wp-json\/wp\/v2\/media?parent=9328"}],"wp:term":[{"taxonomy":"category","embeddable":true,"href":"https:\/\/latamjournalismreview.org\/pt-br\/wp-json\/wp\/v2\/categories?post=9328"},{"taxonomy":"post_tag","embeddable":true,"href":"https:\/\/latamjournalismreview.org\/pt-br\/wp-json\/wp\/v2\/tags?post=9328"},{"taxonomy":"author","embeddable":true,"href":"https:\/\/latamjournalismreview.org\/pt-br\/wp-json\/wp\/v2\/coauthors?post=9328"}],"curies":[{"name":"wp","href":"https:\/\/api.w.org\/{rel}","templated":true}]}}