{"id":9417,"date":"2018-06-27T17:34:17","date_gmt":"2018-06-27T22:34:17","guid":{"rendered":"https:\/\/live-lajr.pantheonsite.io\/articles\/demissao-de-jornalista-carmen-aristegui-foi-ilegal-confirma-tribunal-federal-mexicano\/"},"modified":"2020-07-27T22:44:28","modified_gmt":"2020-07-28T03:44:28","slug":"demissao-de-jornalista-carmen-aristegui-foi-ilegal-confirma-tribunal-federal-mexicano","status":"publish","type":"post","link":"https:\/\/latamjournalismreview.org\/pt-br\/articles\/demissao-de-jornalista-carmen-aristegui-foi-ilegal-confirma-tribunal-federal-mexicano\/","title":{"rendered":"Demiss\u00e3o de jornalista Carmen Aristegui foi ilegal, confirma tribunal federal mexicano"},"content":{"rendered":"<p dir=\"ltr\">Tr\u00eas anos depois de ter sido tirada do ar, um tribunal federal mexicano decidiu que a demiss\u00e3o de Carmen Aristegui do grupo de r\u00e1dio MVS foi ilegal. Em 21 de junho, os tr\u00eas magistrados do S\u00e9timo Tribunal Colegiado em Mat\u00e9ria Civil confirmaram uma decis\u00e3o anterior afirmando que <a href=\"https:\/\/aristeguinoticias.com\/2106\/mexico\/terminacion-de-contrato-mvs-aristegui-es-ilegal-y-violo-la-ley-tribunal-colegiado\/\">o cancelamento do contrato com a comunicadora pela empresa \"foi \u00a0ilegal e impr\u00f3prio\"<\/a>, segundo o portal Aristegui Noticias.<\/p>\n<div style=\"width: 300px; font-size: 80%; text-align: left; float: right; padding-left: 10px; padding-right: 10px;\">\n<div style=\"width: 2794px\" class=\"wp-caption alignnone\"><a href=\"https:\/\/www.flickr.com\/photos\/utknightcenter\/30659820952\/in\/photostream\/\" target=\"_blank\" rel=\"noopener noreferrer\"><img loading=\"lazy\" decoding=\"async\" style=\"width: 300px;\" src=\"https:\/\/c1.staticflickr.com\/6\/5776\/30659820952_76f25785ae_o.jpg\" alt=\"A jornalista Carmen Aristegui visitou a UT Austin em\u00a02016 para dar uma palestra sobre a democracia no M\u00e9xico. \" width=\"2784\" height=\"2442\" \/><\/a><p class=\"wp-caption-text\">A jornalista Carmen Aristegui visitou a UT Austin em\u00a02016 para dar uma palestra sobre a democracia no M\u00e9xico. (Foto:\u00a0Erick Vega)<\/p><\/div>\n<\/div>\n<p dir=\"ltr\">Em conversa com Aristegui em 21 de junho, Xavier Cortina, um dos advogados da jornalista, revelou a decis\u00e3o do tribunal, na qual <a href=\"https:\/\/aristeguinoticias.com\/2106\/mexico\/terminacion-de-contrato-mvs-aristegui-es-ilegal-y-violo-la-ley-tribunal-colegiado\/\">os magistrados determinaram que a empresa \"n\u00e3o tinha motivos para tir\u00e1-la do ar\"<\/a>, como explicou. Na verdade, para Cortina, isso significa que o contrato ainda \u00e9 v\u00e1lido. \"No m\u00ednimo, eles lhe devem 10 meses no ar\", disse o advogado a Aristegui.<\/p>\n<p dir=\"ltr\">Embora a jornalista tenha dito que estava satisfeita com a decis\u00e3o, ela disse que a ilegalidade de sua demiss\u00e3o era algo que \"j\u00e1 sab\u00edamos\". Ela enfatizou que, por causa disso, ela e sua equipe passaram metade do mandato do presidente Enrique Pe\u00f1a Nieto \"fora da r\u00e1dio mexicana\", em um ato que ela chama de \"censura\".<\/p>\n<p dir=\"ltr\">Para Aristegui, o \"ponto de ruptura\" entre sua equipe e o grupo MVS foi a investiga\u00e7\u00e3o jornal\u00edstica conhecida como \"<a href=\"https:\/\/aristeguinoticias.com\/0911\/mexico\/la-casa-blanca-de-enrique-pena-nieto\/\">A Casa Branca de Enrique Pe\u00f1a Nieto<\/a>\" conduzida pela Unidade de Investiga\u00e7\u00f5es Especiais do Noticias MVS Primera Emisi\u00f3n que Aristegui liderou e dirigiu por seis anos. A reportagem revelou um suposto conflito de interesses por parte de Pe\u00f1a Nieto com um empreiteiro contratado pelo Estado que construiu uma resid\u00eancia de um milh\u00e3o de d\u00f3lares para o l\u00edder e sua fam\u00edlia.<\/p>\n<p dir=\"ltr\">Aristegui <a href=\"https:\/\/knightcenter.utexas.edu\/blog\/00-16006-dismissal-carmen-aristegui-stirs-controversy-mexico\">foi demitida em 15 de mar\u00e7o de 2015, ap\u00f3s exigir a reintegra\u00e7\u00e3o de seus colegas Irving Huerta e Daniel Liz\u00e1rraga<\/a>, demitidos tr\u00eas dias antes. De acordo com a empresa, Huerta e Liz\u00e1rraga, que trabalharam na investiga\u00e7\u00e3o da \"Casa Branca\", <a href=\"https:\/\/knightcenter.utexas.edu\/es\/blog\/00-15963-rechazo-en-mexico-por-despido-de-dos-periodistas-en-medio-de-alegaciones-de-intentos-d\">foram demitidos por \"abuso de confian\u00e7a\"<\/a> depois que expressaram seu apoio \u00e0 ent\u00e3o rec\u00e9m-lan\u00e7ada plataforma de not\u00edcias Mexicoleaks sem autoriza\u00e7\u00e3o da MVS.<\/p>\n<p dir=\"ltr\">Apesar dessa explica\u00e7\u00e3o, suas demiss\u00f5es causaram pol\u00eamica devido a sua suposta rela\u00e7\u00e3o com seu trabalho jornal\u00edstico. A controv\u00e9rsia cresceu com a demiss\u00e3o de Aristegui, e at\u00e9 <a href=\"https:\/\/knightcenter.utexas.edu\/blog\/00-16006-dismissal-carmen-aristegui-stirs-controversy-mexico\">levou a manifesta\u00e7\u00f5es nas ruas do M\u00e9xico<\/a>, bem como <a href=\"https:\/\/knightcenter.utexas.edu\/blog\/00-16192-mexican-journalist-carmen-aristegui-loses-court-battle-return-radio-describes-ruling-d\">mandados de amparo feitos por cidad\u00e3os<\/a>.<\/p>\n<p dir=\"ltr\">Desde sua demiss\u00e3o, Aristegui anunciou que iria empreender uma \"batalha legal\" pela liberdade de express\u00e3o. Ela entrou com um processo, que foi admitido por <a href=\"https:\/\/knightcenter.utexas.edu\/blog\/00-16192-mexican-journalist-carmen-aristegui-loses-court-battle-return-radio-describes-ruling-d\">um juiz que concedeu a ela um amparo e cinco medidas cautelares<\/a>, incluindo o pagamento do sal\u00e1rio da apresentadora desde que ela foi demitida, bem como a continuidade de seu contrato.<\/p>\n<p dir=\"ltr\">No entanto, <a href=\"https:\/\/knightcenter.utexas.edu\/blog\/00-16192-mexican-journalist-carmen-aristegui-loses-court-battle-return-radio-describes-ruling-d\">em julho de 2015, um tribunal federal indeferiu esse amparo<\/a>, que encerrou sua luta perante a justi\u00e7a mexicana. Diante dessa rejei\u00e7\u00e3o, a jornalista apresentou seu caso perante a Comiss\u00e3o Interamericana de Direitos Humanos (CIDH), que ainda n\u00e3o deu uma resposta.<\/p>\n<p dir=\"ltr\">A MVS apresentou uma queixa comercial contra Aristegui acusando-a de ter usado a marca do grupo de m\u00eddia sem permiss\u00e3o para apoiar a plataforma Mexicoleaks.<\/p>\n<p dir=\"ltr\">Em <a href=\"https:\/\/knightcenter.utexas.edu\/blog\/00-18654-mexican-judge-rules-neither-journalist-carmen-aristegui-nor-mvs-must-pay-damages-case-\">julho de 2017, um juiz determinou que a MVS agiu de forma inadequada<\/a> ao demitir Aristegui e que nem ela nem sua equipe haviam agido ilegalmente. Por esse motivo, ele n\u00e3o concedeu nenhuma compensa\u00e7\u00e3o \u00e0 empresa. A MVS recorreu desta decis\u00e3o. A recente decis\u00e3o judicial confirmando a ilegalidade de sua demiss\u00e3o \u00e9 a resposta a este recurso.<\/p>\n<p dir=\"ltr\">Embora a equipe de Aristegui n\u00e3o tenha retornado \u00e0 r\u00e1dio mexicana, <a href=\"https:\/\/knightcenter.utexas.edu\/blog\/00-17922-expelled-mexican-radio-after-%25E2%2580%259Cblow-censorship%25E2%2580%259D-carmen-aristegui%25E2%2580%2599s-show-returns-interne\">em janeiro de 2017 a jornalista lan\u00e7ou seu programa chamado \"Aristegui En Vivo\"<\/a>, desta vez a partir de uma plataforma digital.<\/p>\n<p dir=\"ltr\"><strong>Aristegui ir\u00e1 \u00e0 Suprema Corte<\/strong><\/p>\n<p dir=\"ltr\">Em outra decis\u00e3o, o mesmo tribunal que confirmou a ilegalidade da demiss\u00e3o de Aristegui <a href=\"https:\/\/aristeguinoticias.com\/2106\/mexico\/terminacion-de-contrato-mvs-aristegui-es-ilegal-y-violo-la-ley-tribunal-colegiado\/\">ratificou outra decis\u00e3o que condenou a jornalista por danos morais<\/a> em preju\u00edzo de Joaqu\u00edn Vargas Guajardo, dono da empresa MVS, devido a um pr\u00f3logo que a jornalista escreveu, informou Aristegui Noticias.<\/p>\n<p dir=\"ltr\">No pr\u00f3logo do livro \u201cLa Casa Blanca de Pe\u00f1a Nieto, la historia que cimbr\u00f3 un gobierno\u201d (\u201cA Casa Branca de Pe\u00f1a Nieto, a hist\u00f3ria que abalou um governo\u201d), Aristegui escreveu que Vargas Guajardo \"outrora galante e corajoso, sucumbiu \u00e0s press\u00f5es do poder\", referindo-se ao conflito que Aristegui disse que terminou na demiss\u00e3o dela e de sua equipe.<\/p>\n<p dir=\"ltr\">Embora a Corte n\u00e3o tenha determinado nenhum tipo de compensa\u00e7\u00e3o para Vargas Guajardo e MVS, concedeu-lhes o amparo para <a href=\"https:\/\/aristeguinoticias.com\/2106\/mexico\/terminacion-de-contrato-mvs-aristegui-es-ilegal-y-violo-la-ley-tribunal-colegiado\/\">escolher a parte da senten\u00e7a que deveria ser publicada em futuras edi\u00e7\u00f5es do livro<\/a>, caso o julgamento seja final, o site adicionou .<\/p>\n<p dir=\"ltr\">Um dos advogados da jornalista disse que esta decis\u00e3o ser\u00e1 contestada e que o caso ser\u00e1 levado \u00e0 Suprema Corte do pa\u00eds. Segundo o grupo de advogados, h\u00e1 contradi\u00e7\u00f5es sobre a interpreta\u00e7\u00e3o do direito \u00e0 liberdade de express\u00e3o nesta senten\u00e7a, por exemplo, um dos magistrados compara um pr\u00f3logo com uma coluna de opini\u00e3o, que n\u00e3o est\u00e1 sujeita a julgamento.<\/p>\n<p dir=\"ltr\">O <strong>Centro Knight<\/strong> tentou contatar o S\u00e9timo Tribunal Colegiado em Mat\u00e9ria Civil para acessar as senten\u00e7as, mas nos foi dito que n\u00e3o est\u00e3o dispon\u00edveis para revis\u00e3o p\u00fablica. Al\u00e9m disso, o <strong>Centro Knight<\/strong> contatou o grupo MVS para descobrir sua posi\u00e7\u00e3o sobre essas duas senten\u00e7as, mas ningu\u00e9m estava autorizado a falar sobre o assunto.<\/p>\n","protected":false},"excerpt":{"rendered":"<p>Tr\u00eas anos depois de ter sido tirada do ar, um tribunal federal mexicano decidiu que a demiss\u00e3o de Carmen Aristegui do grupo de r\u00e1dio MVS foi ilegal. <\/p>\n","protected":false},"author":13,"featured_media":9412,"comment_status":"closed","ping_status":"closed","sticky":false,"template":"","format":"standard","meta":{"inline_featured_image":false,"footnotes":""},"categories":[1219],"tags":[1379,1394],"coauthors":[],"class_list":["post-9417","post","type-post","status-publish","format-standard","has-post-thumbnail","hentry","category-liberdade-de-imprensa-pt-br","tag-casos-judiciais-pt-br","tag-mexico-pt-br"],"acf":[],"yoast_head":"<!-- This site is optimized with the Yoast SEO Premium plugin v22.6 (Yoast SEO v27.4) - https:\/\/yoast.com\/product\/yoast-seo-premium-wordpress\/ -->\n<title>Demiss\u00e3o de jornalista Carmen Aristegui foi ilegal, confirma tribunal federal mexicano - LatAm Journalism Review by the Knight Center<\/title>\n<meta name=\"description\" content=\"Demiss\u00e3o de jornalista Carmen Aristegui foi ilegal, confirma tribunal federal mexicano Liberdade de imprensa. Latin American Journalism Review by The Knight Center at The University of Texas at Austin.\" \/>\n<meta name=\"robots\" content=\"index, follow, max-snippet:-1, max-image-preview:large, max-video-preview:-1\" \/>\n<link rel=\"canonical\" href=\"https:\/\/latamjournalismreview.org\/pt-br\/articles\/demissao-de-jornalista-carmen-aristegui-foi-ilegal-confirma-tribunal-federal-mexicano\/\" \/>\n<meta property=\"og:locale\" content=\"pt_BR\" \/>\n<meta property=\"og:type\" content=\"article\" \/>\n<meta property=\"og:title\" content=\"Demiss\u00e3o de jornalista Carmen Aristegui foi ilegal, confirma tribunal federal mexicano\" \/>\n<meta property=\"og:description\" content=\"Demiss\u00e3o de jornalista Carmen Aristegui foi ilegal, confirma tribunal federal mexicano Liberdade de imprensa. Latin American Journalism Review by The Knight Center at The University of Texas at Austin.\" \/>\n<meta property=\"og:url\" content=\"https:\/\/latamjournalismreview.org\/pt-br\/articles\/demissao-de-jornalista-carmen-aristegui-foi-ilegal-confirma-tribunal-federal-mexicano\/\" \/>\n<meta property=\"og:site_name\" content=\"LatAm Journalism Review by the Knight Center\" \/>\n<meta property=\"article:published_time\" content=\"2018-06-27T22:34:17+00:00\" \/>\n<meta property=\"article:modified_time\" content=\"2020-07-28T03:44:28+00:00\" \/>\n<meta property=\"og:image\" content=\"https:\/\/latamjournalismreview.org\/wp-content\/uploads\/2020\/07\/La-periodista-Carmen-Aristegui-visit\u00f3-UT-Austin-en-2016-para-dar-una-charla-sobre-la-democracia-en-M\u00e9xico..png\" \/>\n\t<meta property=\"og:image:width\" content=\"507\" \/>\n\t<meta property=\"og:image:height\" content=\"340\" \/>\n\t<meta property=\"og:image:type\" content=\"image\/png\" \/>\n<meta name=\"author\" content=\"Silvia Higuera\" \/>\n<meta name=\"twitter:card\" content=\"summary_large_image\" \/>\n<meta name=\"twitter:creator\" content=\"@shiguerita\" \/>\n<meta name=\"twitter:site\" content=\"@LatAmJournalism\" \/>\n<meta name=\"twitter:label1\" content=\"Written by\" \/>\n\t<meta name=\"twitter:data1\" content=\"Silvia Higuera\" \/>\n\t<meta name=\"twitter:label2\" content=\"Est. reading time\" \/>\n\t<meta name=\"twitter:data2\" content=\"5 minutos\" \/>\n<script type=\"application\/ld+json\" class=\"yoast-schema-graph\">{\"@context\":\"https:\\\/\\\/schema.org\",\"@graph\":[{\"@type\":\"Article\",\"@id\":\"https:\\\/\\\/latamjournalismreview.org\\\/pt-br\\\/articles\\\/demissao-de-jornalista-carmen-aristegui-foi-ilegal-confirma-tribunal-federal-mexicano\\\/#article\",\"isPartOf\":{\"@id\":\"https:\\\/\\\/latamjournalismreview.org\\\/pt-br\\\/articles\\\/demissao-de-jornalista-carmen-aristegui-foi-ilegal-confirma-tribunal-federal-mexicano\\\/\"},\"author\":{\"name\":\"Silvia Higuera\",\"@id\":\"https:\\\/\\\/latamjournalismreview.org\\\/pt-br\\\/#\\\/schema\\\/person\\\/eac7baa6afada0957e047be9fc15703a\"},\"headline\":\"Demiss\u00e3o de jornalista Carmen Aristegui foi ilegal, confirma tribunal federal mexicano\",\"datePublished\":\"2018-06-27T22:34:17+00:00\",\"dateModified\":\"2020-07-28T03:44:28+00:00\",\"mainEntityOfPage\":{\"@id\":\"https:\\\/\\\/latamjournalismreview.org\\\/pt-br\\\/articles\\\/demissao-de-jornalista-carmen-aristegui-foi-ilegal-confirma-tribunal-federal-mexicano\\\/\"},\"wordCount\":967,\"publisher\":{\"@id\":\"https:\\\/\\\/latamjournalismreview.org\\\/pt-br\\\/#organization\"},\"image\":{\"@id\":\"https:\\\/\\\/latamjournalismreview.org\\\/pt-br\\\/articles\\\/demissao-de-jornalista-carmen-aristegui-foi-ilegal-confirma-tribunal-federal-mexicano\\\/#primaryimage\"},\"thumbnailUrl\":\"https:\\\/\\\/latamjournalismreview.org\\\/wp-content\\\/uploads\\\/2020\\\/07\\\/La-periodista-Carmen-Aristegui-visit\u00f3-UT-Austin-en-2016-para-dar-una-charla-sobre-la-democracia-en-M\u00e9xico..png\",\"keywords\":[\"Casos judiciais\",\"M\u00e9xico\"],\"articleSection\":[\"Liberdade de imprensa\"],\"inLanguage\":\"pt-BR\"},{\"@type\":\"WebPage\",\"@id\":\"https:\\\/\\\/latamjournalismreview.org\\\/pt-br\\\/articles\\\/demissao-de-jornalista-carmen-aristegui-foi-ilegal-confirma-tribunal-federal-mexicano\\\/\",\"url\":\"https:\\\/\\\/latamjournalismreview.org\\\/pt-br\\\/articles\\\/demissao-de-jornalista-carmen-aristegui-foi-ilegal-confirma-tribunal-federal-mexicano\\\/\",\"name\":\"Demiss\u00e3o de jornalista Carmen Aristegui foi ilegal, confirma tribunal federal mexicano - LatAm Journalism Review by the Knight Center\",\"isPartOf\":{\"@id\":\"https:\\\/\\\/latamjournalismreview.org\\\/pt-br\\\/#website\"},\"primaryImageOfPage\":{\"@id\":\"https:\\\/\\\/latamjournalismreview.org\\\/pt-br\\\/articles\\\/demissao-de-jornalista-carmen-aristegui-foi-ilegal-confirma-tribunal-federal-mexicano\\\/#primaryimage\"},\"image\":{\"@id\":\"https:\\\/\\\/latamjournalismreview.org\\\/pt-br\\\/articles\\\/demissao-de-jornalista-carmen-aristegui-foi-ilegal-confirma-tribunal-federal-mexicano\\\/#primaryimage\"},\"thumbnailUrl\":\"https:\\\/\\\/latamjournalismreview.org\\\/wp-content\\\/uploads\\\/2020\\\/07\\\/La-periodista-Carmen-Aristegui-visit\u00f3-UT-Austin-en-2016-para-dar-una-charla-sobre-la-democracia-en-M\u00e9xico..png\",\"datePublished\":\"2018-06-27T22:34:17+00:00\",\"dateModified\":\"2020-07-28T03:44:28+00:00\",\"description\":\"Demiss\u00e3o de jornalista Carmen Aristegui foi ilegal, confirma tribunal federal mexicano Liberdade de imprensa. Latin American Journalism Review by The Knight Center at The University of Texas at Austin.\",\"breadcrumb\":{\"@id\":\"https:\\\/\\\/latamjournalismreview.org\\\/pt-br\\\/articles\\\/demissao-de-jornalista-carmen-aristegui-foi-ilegal-confirma-tribunal-federal-mexicano\\\/#breadcrumb\"},\"inLanguage\":\"pt-BR\",\"potentialAction\":[{\"@type\":\"ReadAction\",\"target\":[\"https:\\\/\\\/latamjournalismreview.org\\\/pt-br\\\/articles\\\/demissao-de-jornalista-carmen-aristegui-foi-ilegal-confirma-tribunal-federal-mexicano\\\/\"]}]},{\"@type\":\"ImageObject\",\"inLanguage\":\"pt-BR\",\"@id\":\"https:\\\/\\\/latamjournalismreview.org\\\/pt-br\\\/articles\\\/demissao-de-jornalista-carmen-aristegui-foi-ilegal-confirma-tribunal-federal-mexicano\\\/#primaryimage\",\"url\":\"https:\\\/\\\/latamjournalismreview.org\\\/wp-content\\\/uploads\\\/2020\\\/07\\\/La-periodista-Carmen-Aristegui-visit\u00f3-UT-Austin-en-2016-para-dar-una-charla-sobre-la-democracia-en-M\u00e9xico..png\",\"contentUrl\":\"https:\\\/\\\/latamjournalismreview.org\\\/wp-content\\\/uploads\\\/2020\\\/07\\\/La-periodista-Carmen-Aristegui-visit\u00f3-UT-Austin-en-2016-para-dar-una-charla-sobre-la-democracia-en-M\u00e9xico..png\",\"width\":507,\"height\":340,\"caption\":\"La periodista Carmen Aristegui visit\u00f3 UT Austin en 2016 para dar una charla sobre la democracia en M\u00e9xico. (Foto: Erick Vega).\"},{\"@type\":\"BreadcrumbList\",\"@id\":\"https:\\\/\\\/latamjournalismreview.org\\\/pt-br\\\/articles\\\/demissao-de-jornalista-carmen-aristegui-foi-ilegal-confirma-tribunal-federal-mexicano\\\/#breadcrumb\",\"itemListElement\":[{\"@type\":\"ListItem\",\"position\":1,\"name\":\"Home\",\"item\":\"https:\\\/\\\/latamjournalismreview.org\\\/pt-br\\\/\"},{\"@type\":\"ListItem\",\"position\":2,\"name\":\"Demiss\u00e3o de jornalista Carmen Aristegui foi ilegal, confirma tribunal federal mexicano\"}]},{\"@type\":\"WebSite\",\"@id\":\"https:\\\/\\\/latamjournalismreview.org\\\/pt-br\\\/#website\",\"url\":\"https:\\\/\\\/latamjournalismreview.org\\\/pt-br\\\/\",\"name\":\"LatAm Journalism Review\",\"description\":\"Digital magazine on journalism in Latin America\",\"publisher\":{\"@id\":\"https:\\\/\\\/latamjournalismreview.org\\\/pt-br\\\/#organization\"},\"potentialAction\":[{\"@type\":\"SearchAction\",\"target\":{\"@type\":\"EntryPoint\",\"urlTemplate\":\"https:\\\/\\\/latamjournalismreview.org\\\/pt-br\\\/?s={search_term_string}\"},\"query-input\":{\"@type\":\"PropertyValueSpecification\",\"valueRequired\":true,\"valueName\":\"search_term_string\"}}],\"inLanguage\":\"pt-BR\"},{\"@type\":\"Organization\",\"@id\":\"https:\\\/\\\/latamjournalismreview.org\\\/pt-br\\\/#organization\",\"name\":\"LatAm Journalism Review\",\"url\":\"https:\\\/\\\/latamjournalismreview.org\\\/pt-br\\\/\",\"logo\":{\"@type\":\"ImageObject\",\"inLanguage\":\"pt-BR\",\"@id\":\"https:\\\/\\\/latamjournalismreview.org\\\/pt-br\\\/#\\\/schema\\\/logo\\\/image\\\/\",\"url\":\"https:\\\/\\\/latamjournalismreview.org\\\/wp-content\\\/uploads\\\/2020\\\/05\\\/knight-latAm-review-logo.svg\",\"contentUrl\":\"https:\\\/\\\/latamjournalismreview.org\\\/wp-content\\\/uploads\\\/2020\\\/05\\\/knight-latAm-review-logo.svg\",\"width\":\"1024\",\"height\":\"1024\",\"caption\":\"LatAm Journalism Review\"},\"image\":{\"@id\":\"https:\\\/\\\/latamjournalismreview.org\\\/pt-br\\\/#\\\/schema\\\/logo\\\/image\\\/\"},\"sameAs\":[\"https:\\\/\\\/x.com\\\/LatAmJournalism\"]},{\"@type\":\"Person\",\"@id\":\"https:\\\/\\\/latamjournalismreview.org\\\/pt-br\\\/#\\\/schema\\\/person\\\/eac7baa6afada0957e047be9fc15703a\",\"name\":\"Silvia Higuera\",\"description\":\"Silvia A. Higuera Fl\u00f3rez is a Colombian journalist interested in covering Latin American issues and human rights, especially the right to freedom of expression, and investigative journalism. She studied Social Communication and Journalism at Universidad Pontificia Bolivariana in Bucaramanga (Colombia), and received her Master's of Arts in Journalism from the University of Texas at Austin in 2015. She worked with the Office of the Special Rapporteur for Freedom of Expression of the Inter-American Commission on Human Rights (IACHR) under the Orlando Sierra fellowship during 2014. She also worked for the Colombian newspaper Vanguardia Liberal and wrote for different magazines about local, economic and public order issues. Her work has also appeared in The Miami Herald and El Nuevo Herald of Miami. Email: silvia.knightcenter@gmail.com Silvia A. Higuera Fl\u00f3rez es una periodista colombiana con inter\u00e9s period\u00edstico es Am\u00e9rica Latina y los derechos humanos, particularmente el derecho a la libertad de expresi\u00f3n, as\u00ed como el periodismo de investigaci\u00f3n. Estudi\u00f3 Comunicaci\u00f3n Social \u2013 Periodismo en la Universidad Pontificia Bolivariana de Bucaramanga (Colombia), y recibi\u00f3 su maestr\u00eda en Periodismo en la Universidad de Texas, en Austin en 2015. Trabaj\u00f3 para la Relator\u00eda Especial para la Libertad de Expresi\u00f3n de la Comisi\u00f3n Interamericana de Derechos Humanos (CIDH) en el marco de la beca Orlando Sierra, durante 2014. Tambi\u00e9n hizo parte del diario Vanguardia Liberal y escribi\u00f3 para otras revistas colombianas cubriendo fuentes locales, econ\u00f3micas y judiciales. Algunos de sus trabajos han aparecido en The Miami Herald y El Nuevo Herald de Miami. Silvia A. Higuera Fl\u00f3rez \u00e9 uma jornalista colombiana e seu interesse jornal\u00edstico \u00e9 a Am\u00e9rica Latina e os direitos humanos, nomeadamente o direito \u00e0 liberdade de express\u00e3o. Estudou Comunica\u00e7\u00e3o Social \u2013 Jornalismo na Universidade Pontif\u00edcia Bolivariana de Bucaramanga, na Col\u00f4mbia e completou seu mestrado em jornalismo na Universidade do Texas em Austin. Silvia trabalhou na Relatoria para a Liberdade de Express\u00e3o da CIDH pela bolsa Orlando Sierra, em 2014. Trabalhou para o jornal Vanguardia Liberal e escreveu para outras revistas colombianas cobrindo temas locais, econ\u00f4micas e judici\u00e1rias. Alguns de seus trabalhos apareceram no The Miami Herald e no El Nuevo Herald de Miami.\",\"sameAs\":[\"https:\\\/\\\/x.com\\\/shiguerita\"],\"url\":\"https:\\\/\\\/latamjournalismreview.org\\\/pt-br\\\/articles\\\/author\\\/silvia-higuera\\\/\"}]}<\/script>\n<!-- \/ Yoast SEO Premium plugin. -->","yoast_head_json":{"title":"Demiss\u00e3o de jornalista Carmen Aristegui foi ilegal, confirma tribunal federal mexicano - LatAm Journalism Review by the Knight Center","description":"Demiss\u00e3o de jornalista Carmen Aristegui foi ilegal, confirma tribunal federal mexicano Liberdade de imprensa. Latin American Journalism Review by The Knight Center at The University of Texas at Austin.","robots":{"index":"index","follow":"follow","max-snippet":"max-snippet:-1","max-image-preview":"max-image-preview:large","max-video-preview":"max-video-preview:-1"},"canonical":"https:\/\/latamjournalismreview.org\/pt-br\/articles\/demissao-de-jornalista-carmen-aristegui-foi-ilegal-confirma-tribunal-federal-mexicano\/","og_locale":"pt_BR","og_type":"article","og_title":"Demiss\u00e3o de jornalista Carmen Aristegui foi ilegal, confirma tribunal federal mexicano","og_description":"Demiss\u00e3o de jornalista Carmen Aristegui foi ilegal, confirma tribunal federal mexicano Liberdade de imprensa. Latin American Journalism Review by The Knight Center at The University of Texas at Austin.","og_url":"https:\/\/latamjournalismreview.org\/pt-br\/articles\/demissao-de-jornalista-carmen-aristegui-foi-ilegal-confirma-tribunal-federal-mexicano\/","og_site_name":"LatAm Journalism Review by the Knight Center","article_published_time":"2018-06-27T22:34:17+00:00","article_modified_time":"2020-07-28T03:44:28+00:00","og_image":[{"width":507,"height":340,"url":"https:\/\/latamjournalismreview.org\/wp-content\/uploads\/2020\/07\/La-periodista-Carmen-Aristegui-visit\u00f3-UT-Austin-en-2016-para-dar-una-charla-sobre-la-democracia-en-M\u00e9xico..png","type":"image\/png"}],"author":"Silvia Higuera","twitter_card":"summary_large_image","twitter_creator":"@shiguerita","twitter_site":"@LatAmJournalism","twitter_misc":{"Written by":"Silvia Higuera","Est. reading time":"5 minutos"},"schema":{"@context":"https:\/\/schema.org","@graph":[{"@type":"Article","@id":"https:\/\/latamjournalismreview.org\/pt-br\/articles\/demissao-de-jornalista-carmen-aristegui-foi-ilegal-confirma-tribunal-federal-mexicano\/#article","isPartOf":{"@id":"https:\/\/latamjournalismreview.org\/pt-br\/articles\/demissao-de-jornalista-carmen-aristegui-foi-ilegal-confirma-tribunal-federal-mexicano\/"},"author":{"name":"Silvia Higuera","@id":"https:\/\/latamjournalismreview.org\/pt-br\/#\/schema\/person\/eac7baa6afada0957e047be9fc15703a"},"headline":"Demiss\u00e3o de jornalista Carmen Aristegui foi ilegal, confirma tribunal federal mexicano","datePublished":"2018-06-27T22:34:17+00:00","dateModified":"2020-07-28T03:44:28+00:00","mainEntityOfPage":{"@id":"https:\/\/latamjournalismreview.org\/pt-br\/articles\/demissao-de-jornalista-carmen-aristegui-foi-ilegal-confirma-tribunal-federal-mexicano\/"},"wordCount":967,"publisher":{"@id":"https:\/\/latamjournalismreview.org\/pt-br\/#organization"},"image":{"@id":"https:\/\/latamjournalismreview.org\/pt-br\/articles\/demissao-de-jornalista-carmen-aristegui-foi-ilegal-confirma-tribunal-federal-mexicano\/#primaryimage"},"thumbnailUrl":"https:\/\/latamjournalismreview.org\/wp-content\/uploads\/2020\/07\/La-periodista-Carmen-Aristegui-visit\u00f3-UT-Austin-en-2016-para-dar-una-charla-sobre-la-democracia-en-M\u00e9xico..png","keywords":["Casos judiciais","M\u00e9xico"],"articleSection":["Liberdade de imprensa"],"inLanguage":"pt-BR"},{"@type":"WebPage","@id":"https:\/\/latamjournalismreview.org\/pt-br\/articles\/demissao-de-jornalista-carmen-aristegui-foi-ilegal-confirma-tribunal-federal-mexicano\/","url":"https:\/\/latamjournalismreview.org\/pt-br\/articles\/demissao-de-jornalista-carmen-aristegui-foi-ilegal-confirma-tribunal-federal-mexicano\/","name":"Demiss\u00e3o de jornalista Carmen Aristegui foi ilegal, confirma tribunal federal mexicano - LatAm Journalism Review by the Knight Center","isPartOf":{"@id":"https:\/\/latamjournalismreview.org\/pt-br\/#website"},"primaryImageOfPage":{"@id":"https:\/\/latamjournalismreview.org\/pt-br\/articles\/demissao-de-jornalista-carmen-aristegui-foi-ilegal-confirma-tribunal-federal-mexicano\/#primaryimage"},"image":{"@id":"https:\/\/latamjournalismreview.org\/pt-br\/articles\/demissao-de-jornalista-carmen-aristegui-foi-ilegal-confirma-tribunal-federal-mexicano\/#primaryimage"},"thumbnailUrl":"https:\/\/latamjournalismreview.org\/wp-content\/uploads\/2020\/07\/La-periodista-Carmen-Aristegui-visit\u00f3-UT-Austin-en-2016-para-dar-una-charla-sobre-la-democracia-en-M\u00e9xico..png","datePublished":"2018-06-27T22:34:17+00:00","dateModified":"2020-07-28T03:44:28+00:00","description":"Demiss\u00e3o de jornalista Carmen Aristegui foi ilegal, confirma tribunal federal mexicano Liberdade de imprensa. Latin American Journalism Review by The Knight Center at The University of Texas at Austin.","breadcrumb":{"@id":"https:\/\/latamjournalismreview.org\/pt-br\/articles\/demissao-de-jornalista-carmen-aristegui-foi-ilegal-confirma-tribunal-federal-mexicano\/#breadcrumb"},"inLanguage":"pt-BR","potentialAction":[{"@type":"ReadAction","target":["https:\/\/latamjournalismreview.org\/pt-br\/articles\/demissao-de-jornalista-carmen-aristegui-foi-ilegal-confirma-tribunal-federal-mexicano\/"]}]},{"@type":"ImageObject","inLanguage":"pt-BR","@id":"https:\/\/latamjournalismreview.org\/pt-br\/articles\/demissao-de-jornalista-carmen-aristegui-foi-ilegal-confirma-tribunal-federal-mexicano\/#primaryimage","url":"https:\/\/latamjournalismreview.org\/wp-content\/uploads\/2020\/07\/La-periodista-Carmen-Aristegui-visit\u00f3-UT-Austin-en-2016-para-dar-una-charla-sobre-la-democracia-en-M\u00e9xico..png","contentUrl":"https:\/\/latamjournalismreview.org\/wp-content\/uploads\/2020\/07\/La-periodista-Carmen-Aristegui-visit\u00f3-UT-Austin-en-2016-para-dar-una-charla-sobre-la-democracia-en-M\u00e9xico..png","width":507,"height":340,"caption":"La periodista Carmen Aristegui visit\u00f3 UT Austin en 2016 para dar una charla sobre la democracia en M\u00e9xico. (Foto: Erick Vega)."},{"@type":"BreadcrumbList","@id":"https:\/\/latamjournalismreview.org\/pt-br\/articles\/demissao-de-jornalista-carmen-aristegui-foi-ilegal-confirma-tribunal-federal-mexicano\/#breadcrumb","itemListElement":[{"@type":"ListItem","position":1,"name":"Home","item":"https:\/\/latamjournalismreview.org\/pt-br\/"},{"@type":"ListItem","position":2,"name":"Demiss\u00e3o de jornalista Carmen Aristegui foi ilegal, confirma tribunal federal mexicano"}]},{"@type":"WebSite","@id":"https:\/\/latamjournalismreview.org\/pt-br\/#website","url":"https:\/\/latamjournalismreview.org\/pt-br\/","name":"LatAm Journalism Review","description":"Digital magazine on journalism in Latin America","publisher":{"@id":"https:\/\/latamjournalismreview.org\/pt-br\/#organization"},"potentialAction":[{"@type":"SearchAction","target":{"@type":"EntryPoint","urlTemplate":"https:\/\/latamjournalismreview.org\/pt-br\/?s={search_term_string}"},"query-input":{"@type":"PropertyValueSpecification","valueRequired":true,"valueName":"search_term_string"}}],"inLanguage":"pt-BR"},{"@type":"Organization","@id":"https:\/\/latamjournalismreview.org\/pt-br\/#organization","name":"LatAm Journalism Review","url":"https:\/\/latamjournalismreview.org\/pt-br\/","logo":{"@type":"ImageObject","inLanguage":"pt-BR","@id":"https:\/\/latamjournalismreview.org\/pt-br\/#\/schema\/logo\/image\/","url":"https:\/\/latamjournalismreview.org\/wp-content\/uploads\/2020\/05\/knight-latAm-review-logo.svg","contentUrl":"https:\/\/latamjournalismreview.org\/wp-content\/uploads\/2020\/05\/knight-latAm-review-logo.svg","width":"1024","height":"1024","caption":"LatAm Journalism Review"},"image":{"@id":"https:\/\/latamjournalismreview.org\/pt-br\/#\/schema\/logo\/image\/"},"sameAs":["https:\/\/x.com\/LatAmJournalism"]},{"@type":"Person","@id":"https:\/\/latamjournalismreview.org\/pt-br\/#\/schema\/person\/eac7baa6afada0957e047be9fc15703a","name":"Silvia Higuera","description":"Silvia A. Higuera Fl\u00f3rez is a Colombian journalist interested in covering Latin American issues and human rights, especially the right to freedom of expression, and investigative journalism. She studied Social Communication and Journalism at Universidad Pontificia Bolivariana in Bucaramanga (Colombia), and received her Master's of Arts in Journalism from the University of Texas at Austin in 2015. She worked with the Office of the Special Rapporteur for Freedom of Expression of the Inter-American Commission on Human Rights (IACHR) under the Orlando Sierra fellowship during 2014. She also worked for the Colombian newspaper Vanguardia Liberal and wrote for different magazines about local, economic and public order issues. Her work has also appeared in The Miami Herald and El Nuevo Herald of Miami. Email: silvia.knightcenter@gmail.com Silvia A. Higuera Fl\u00f3rez es una periodista colombiana con inter\u00e9s period\u00edstico es Am\u00e9rica Latina y los derechos humanos, particularmente el derecho a la libertad de expresi\u00f3n, as\u00ed como el periodismo de investigaci\u00f3n. Estudi\u00f3 Comunicaci\u00f3n Social \u2013 Periodismo en la Universidad Pontificia Bolivariana de Bucaramanga (Colombia), y recibi\u00f3 su maestr\u00eda en Periodismo en la Universidad de Texas, en Austin en 2015. Trabaj\u00f3 para la Relator\u00eda Especial para la Libertad de Expresi\u00f3n de la Comisi\u00f3n Interamericana de Derechos Humanos (CIDH) en el marco de la beca Orlando Sierra, durante 2014. Tambi\u00e9n hizo parte del diario Vanguardia Liberal y escribi\u00f3 para otras revistas colombianas cubriendo fuentes locales, econ\u00f3micas y judiciales. Algunos de sus trabajos han aparecido en The Miami Herald y El Nuevo Herald de Miami. Silvia A. Higuera Fl\u00f3rez \u00e9 uma jornalista colombiana e seu interesse jornal\u00edstico \u00e9 a Am\u00e9rica Latina e os direitos humanos, nomeadamente o direito \u00e0 liberdade de express\u00e3o. Estudou Comunica\u00e7\u00e3o Social \u2013 Jornalismo na Universidade Pontif\u00edcia Bolivariana de Bucaramanga, na Col\u00f4mbia e completou seu mestrado em jornalismo na Universidade do Texas em Austin. Silvia trabalhou na Relatoria para a Liberdade de Express\u00e3o da CIDH pela bolsa Orlando Sierra, em 2014. Trabalhou para o jornal Vanguardia Liberal e escreveu para outras revistas colombianas cobrindo temas locais, econ\u00f4micas e judici\u00e1rias. Alguns de seus trabalhos apareceram no The Miami Herald e no El Nuevo Herald de Miami.","sameAs":["https:\/\/x.com\/shiguerita"],"url":"https:\/\/latamjournalismreview.org\/pt-br\/articles\/author\/silvia-higuera\/"}]}},"_links":{"self":[{"href":"https:\/\/latamjournalismreview.org\/pt-br\/wp-json\/wp\/v2\/posts\/9417","targetHints":{"allow":["GET"]}}],"collection":[{"href":"https:\/\/latamjournalismreview.org\/pt-br\/wp-json\/wp\/v2\/posts"}],"about":[{"href":"https:\/\/latamjournalismreview.org\/pt-br\/wp-json\/wp\/v2\/types\/post"}],"author":[{"embeddable":true,"href":"https:\/\/latamjournalismreview.org\/pt-br\/wp-json\/wp\/v2\/users\/13"}],"replies":[{"embeddable":true,"href":"https:\/\/latamjournalismreview.org\/pt-br\/wp-json\/wp\/v2\/comments?post=9417"}],"version-history":[{"count":1,"href":"https:\/\/latamjournalismreview.org\/pt-br\/wp-json\/wp\/v2\/posts\/9417\/revisions"}],"predecessor-version":[{"id":9418,"href":"https:\/\/latamjournalismreview.org\/pt-br\/wp-json\/wp\/v2\/posts\/9417\/revisions\/9418"}],"wp:featuredmedia":[{"embeddable":true,"href":"https:\/\/latamjournalismreview.org\/pt-br\/wp-json\/wp\/v2\/media\/9412"}],"wp:attachment":[{"href":"https:\/\/latamjournalismreview.org\/pt-br\/wp-json\/wp\/v2\/media?parent=9417"}],"wp:term":[{"taxonomy":"category","embeddable":true,"href":"https:\/\/latamjournalismreview.org\/pt-br\/wp-json\/wp\/v2\/categories?post=9417"},{"taxonomy":"post_tag","embeddable":true,"href":"https:\/\/latamjournalismreview.org\/pt-br\/wp-json\/wp\/v2\/tags?post=9417"},{"taxonomy":"author","embeddable":true,"href":"https:\/\/latamjournalismreview.org\/pt-br\/wp-json\/wp\/v2\/coauthors?post=9417"}],"curies":[{"name":"wp","href":"https:\/\/api.w.org\/{rel}","templated":true}]}}