{"id":94301,"date":"2025-01-15T15:00:59","date_gmt":"2025-01-15T21:00:59","guid":{"rendered":"https:\/\/latamjournalismreview.org\/?p=94301"},"modified":"2025-01-15T15:00:59","modified_gmt":"2025-01-15T21:00:59","slug":"jornalistas-venezuelanos-detidos-e-censurados-durante-a-posse-de-maduro","status":"publish","type":"post","link":"https:\/\/latamjournalismreview.org\/pt-br\/articles\/jornalistas-venezuelanos-detidos-e-censurados-durante-a-posse-de-maduro\/","title":{"rendered":"Jornalistas venezuelanos detidos e censurados durante a posse de Maduro"},"content":{"rendered":"<p><span style=\"font-weight: 400;\">\"N\u00e3o tenho informa\u00e7\u00f5es de onde ele est\u00e1, n\u00e3o sei se ele est\u00e1 recebendo alimenta\u00e7\u00e3o, n\u00e3o sei se ele est\u00e1 recebendo os medicamentos. Carlos necessita de cuidados permanentes que n\u00e3o sabemos se est\u00e1 recebendo, portanto sua sa\u00fade est\u00e1 em risco\", <\/span><a href=\"https:\/\/x.com\/oveprisiones\/status\/1878455688286101851\"><span style=\"font-weight: 400;\">afirmou em um \u00e1udio compartilhado com a imprensa<\/span><\/a><span style=\"font-weight: 400;\"> Mabel Calder\u00edn, esposa do jornalista e defensor dos direitos humanos venezuelano Carlos Correa, desaparecido desde 7 de janeiro.<\/span><\/p>\n<p><span style=\"font-weight: 400;\">O desaparecimento do jornalista ocorreu no contexto da posse de Nicol\u00e1s Maduro para um terceiro mandato como presidente da Venezuela. A posse aconteceu apesar de as autoridades eleitorais venezuelanas n\u00e3o terem publicado as atas oficiais ou os resultados das elei\u00e7\u00f5es realizadas em julho de 2024.<\/span><\/p>\n<p><span style=\"font-weight: 400;\">Nos dias anteriores e posteriores \u00e0 posse, ocorrida no dia 10 de janeiro, aumentou a repress\u00e3o contra jornalistas. Organiza\u00e7\u00f5es jornal\u00edsticas do pa\u00eds relataram a pris\u00e3o de pelo menos quatro profissionais de imprensa nos \u00faltimos dias, que se somam a <\/span><a href=\"https:\/\/x.com\/sntpvenezuela\/status\/1878155782392344627\"><span style=\"font-weight: 400;\">outros tr\u00eas que seguem detidos desde que as elei\u00e7\u00f5es foram realizadas<\/span><\/a><span style=\"font-weight: 400;\">.<\/span><\/p>\n<p><span style=\"font-weight: 400;\">Ao menos cinco ataques tamb\u00e9m foram registrados.<\/span><\/p>\n<div id=\"attachment_94212\" style=\"width: 360px\" class=\"wp-caption alignleft\"><img loading=\"lazy\" decoding=\"async\" aria-describedby=\"caption-attachment-94212\" class=\"wp-image-94212\" src=\"https:\/\/latamjournalismreview.org\/wp-content\/uploads\/2025\/01\/descarga-4.jpg\" alt=\"man in a suit talking\" width=\"350\" height=\"197\" \/><p id=\"caption-attachment-94212\" class=\"wp-caption-text\">Carlos Correa, jornalista e defensor dos direitos humanos venezuelano, est\u00e1 desaparecido desde 7 de janeiro. (Foto: Espacio P\u00fablico)<\/p><\/div>\n<h3><span style=\"font-weight: 400;\">Onde est\u00e1 Carlos?<\/span><\/h3>\n<p><span style=\"font-weight: 400;\">Correa foi obrigado a entrar em um ve\u00edculo sem placa, no centro da capital venezuelana, depois de ter sido interceptado por cinco supostos funcion\u00e1rios encapuzados, segundo a Espacio P\u00fablico, organiza\u00e7\u00e3o dedicada \u00e0 defesa da liberdade de express\u00e3o na Venezuela, da qual Correa \u00e9 diretor executivo.<\/span><\/p>\n<p><span style=\"font-weight: 400;\">Membros do regime venezuelano confirmaram que ele est\u00e1 detido. O Ministro das Rela\u00e7\u00f5es Interiores, Justi\u00e7a e Paz, Diosdado Cabello, disse que Correa faz parte de um \"plano de conspira\u00e7\u00e3o\" e atacou ONGs na Venezuela, indicando que s\u00e3o \"lavadoras de dinheiro que usam recursos dos contribuintes dos Estados Unidos para conspirar contra o governo\".<\/span><\/p>\n<p><span style=\"font-weight: 400;\">A Comiss\u00e3o Interamericana de Direitos Humanos <\/span><a href=\"https:\/\/www.oas.org\/en\/IACHR\/jsForm\/?File=\/es\/cidh\/prensa\/comunicados\/2025\/010.asp&amp;utm_content=country-ven&amp;utm_term=class-mc\"><span style=\"font-weight: 400;\">concedeu medidas cautelares a Correa<\/span><\/a><span style=\"font-weight: 400;\"> em 10 de janeiro, ap\u00f3s considerar que se encontrava em \"situa\u00e7\u00e3o grave e urgente\".<\/span><\/p>\n<h3><span style=\"font-weight: 400;\">Pris\u00f5es em Maracaibo<\/span><\/h3>\n<p><span style=\"font-weight: 400;\">Em Maracaibo, cidade localizada no oeste da Venezuela, o Col\u00e9gio Nacional de Jornalistas (CNP) relatou o maior n\u00famero de pris\u00f5es de jornalistas nos \u00faltimos dias.<\/span><\/p>\n<p><span style=\"font-weight: 400;\">Tr\u00eas jornalistas foram presos enquanto cobriam uma manifesta\u00e7\u00e3o convocada pela oposi\u00e7\u00e3o no dia 9 de janeiro.<\/span><\/p>\n<p><span style=\"font-weight: 400;\">O jornalista e professor universit\u00e1rio Edinson Castro disse \u00e0 <\/span><b>LatAm Journalim Review (LJR) <\/b><span style=\"font-weight: 400;\">que estava a um quarteir\u00e3o da manifesta\u00e7\u00e3o filmando pessoas que corriam ap\u00f3s serem reprimidas com bombas de g\u00e1s lacrimog\u00eaneo. Nesse momento foi confrontado por um membro da pol\u00edcia nacional.<\/span><\/p>\n<p><span style=\"font-weight: 400;\">\"Fui insultado pelo policial enquanto ele reclamava comigo por gravar, como se isso fosse crime. N\u00e3o importa se voc\u00ea cometeu um crime ou n\u00e3o, a \u00fanica coisa que importa \u00e9 se eles consideram isso dessa forma\", disse Castro \u00e0 <\/span><b>LJR<\/b><span style=\"font-weight: 400;\">. \"Ent\u00e3o eles me colocaram na viatura e continuaram me dizendo coisas atrozes\".<\/span><\/p>\n<p><span style=\"font-weight: 400;\">Castro foi detido durante 13 horas e depois libertado sem acusa\u00e7\u00f5es.<\/span><\/p>\n<p><span style=\"font-weight: 400;\">O jornalista Leandro Palmar e a t\u00e9cnica audiovisual Belises Salvador, da R\u00e1dio Luz FM, <\/span><a href=\"https:\/\/x.com\/VPITV\/status\/1877852791659524402\"><span style=\"font-weight: 400;\">tamb\u00e9m foram presos durante a manifesta\u00e7\u00e3o<\/span><\/a><span style=\"font-weight: 400;\">. No entanto, n\u00e3o tiveram o mesmo destino de Castro.<\/span><\/p>\n<p><span style=\"font-weight: 400;\">\"Eles os pegaram \u00e0 for\u00e7a e os colocaram em uma caminhonete que a Guarda Nacional usa para levar os detidos\", disse \u00e0 <\/span><b>LJR <\/b><span style=\"font-weight: 400;\">Joanna Barboza, diretora do CNP Zulia.<\/span><\/p>\n<p><span style=\"font-weight: 400;\">Em 11 de janeiro, os presos foram apresentados aos tribunais criminais de Maracaibo e o juiz respons\u00e1vel ordenou a priva\u00e7\u00e3o de liberdade de ambos. Os crimes dos quais pretendem acus\u00e1-los s\u00e3o terrorismo, associa\u00e7\u00e3o criminosa, incita\u00e7\u00e3o ao \u00f3dio e perturba\u00e7\u00e3o da ordem p\u00fablica, disse Barboza.<\/span><\/p>\n<p><span style=\"font-weight: 400;\">Barboza tamb\u00e9m cobriu a manifesta\u00e7\u00e3o de 9 de janeiro em Maracaibo, para o programa <\/span><a href=\"https:\/\/www.instagram.com\/frecuencianoticias\/\"><span style=\"font-weight: 400;\">Frecuencia Noticias<\/span><\/a><span style=\"font-weight: 400;\"> da r\u00e1dio Fe y Alegr\u00eda 88.1FM, e foi atacada junto com seu colega Felipe L\u00f3pez.<\/span><\/p>\n<p><span style=\"font-weight: 400;\">\"Eu sempre me identifiquei como jornalista, mas um membro da pol\u00edcia nacional me agrediu violentamente, derrubou meu celular enquanto eu gravava e esmagou o microfone sem fio com a bota\", disse Barboza.<\/span><\/p>\n<p><span style=\"font-weight: 400;\">\"E bateram no meu colega, uma pancada, como dizemos na Venezuela, na perna direita. O golpe foi forte e n\u00e3o houve necessidade porque em nenhum momento resistimos\", acrescentou.<\/span><\/p>\n<h3><span style=\"font-weight: 400;\">Outros casos<\/span><\/h3>\n<p><span style=\"font-weight: 400;\">No dia 9 de janeiro, o jornalista Julio Balza Maldonado, que faz parte da equipe de Comunica\u00e7\u00e3o do Vente Venezuela, partido pol\u00edtico fundado pela l\u00edder da oposi\u00e7\u00e3o Mar\u00eda Corina Machado, tamb\u00e9m foi preso, mas na capital venezuelana.<\/span><\/p>\n<p><span style=\"font-weight: 400;\">A fam\u00edlia de Balza disse ao Sindicato Nacional dos Trabalhadores da Imprensa (SNTP) que n\u00e3o sabe seu paradeiro nem as condi\u00e7\u00f5es de sua deten\u00e7\u00e3o.<\/span><\/p>\n<p><span style=\"font-weight: 400;\">\"Ele foi preso saindo da marcha de Mar\u00eda Corina. Ele, como assessor de imprensa, foi com o irm\u00e3o e foram abordados por alguns encapuzados que os levaram embora. Eles libertaram meu outro filho; deixaram-no, n\u00e3o sabemos onde, n\u00e3o sabemos as condi\u00e7\u00f5es dele, n\u00e3o sabemos de nada\", disse Rosa Marlene Maldonado, m\u00e3e do jornalista, em um <\/span><a href=\"https:\/\/x.com\/sntpvenezuela\/status\/1877874458687406299\"><span style=\"font-weight: 400;\">v\u00eddeo transmitido pelo SNTP<\/span><\/a><span style=\"font-weight: 400;\">.<\/span><\/p>\n<p><span style=\"font-weight: 400;\">O Sindicato tamb\u00e9m denunciou impedimentos \u00e0 cobertura da proclama\u00e7\u00e3o de Maduro em 10 de janeiro.<\/span><\/p>\n<p><span style=\"font-weight: 400;\">Os jornalistas credenciados foram obrigados a permanecer no Pal\u00e1cio Presidencial e apenas os cinegrafistas foram transferidos para a Assembleia Nacional, onde ocorreu a posse.<\/span><\/p>\n<div id=\"attachment_94215\" style=\"width: 258px\" class=\"wp-caption alignright\"><img loading=\"lazy\" decoding=\"async\" aria-describedby=\"caption-attachment-94215\" class=\"wp-image-94215 size-medium\" src=\"https:\/\/latamjournalismreview.org\/wp-content\/uploads\/2025\/01\/Gg95HPtXgAAOUTb-e1736809675220.jpg\" alt=\"screenshot tiktok video\" width=\"248\" height=\"300\" srcset=\"https:\/\/latamjournalismreview.org\/wp-content\/uploads\/2025\/01\/Gg95HPtXgAAOUTb-e1736809675220.jpg 1080w, https:\/\/latamjournalismreview.org\/wp-content\/uploads\/2025\/01\/Gg95HPtXgAAOUTb-e1736809675220-248x300.jpg 248w, https:\/\/latamjournalismreview.org\/wp-content\/uploads\/2025\/01\/Gg95HPtXgAAOUTb-e1736809675220-846x1024.jpg 846w, https:\/\/latamjournalismreview.org\/wp-content\/uploads\/2025\/01\/Gg95HPtXgAAOUTb-e1736809675220-768x929.jpg 768w\" sizes=\"auto, (max-width: 248px) 100vw, 248px\" \/><p id=\"caption-attachment-94215\" class=\"wp-caption-text\">O jornalista Leandro Palmar e a t\u00e9cnica audiovisual Belises Salvador, da r\u00e1dio universit\u00e1ria R\u00e1dio Luz FM, foram detidos em 9 de janeiro. (Foto: Captura de tela)<\/p><\/div>\n<p><span style=\"font-weight: 400;\">O Instituto de Imprensa e Sociedade da Venezuela informou que outros tr\u00eas jornalistas foram atacados em todo o pa\u00eds durante as manifesta\u00e7\u00f5es de 9 de janeiro.<\/span><\/p>\n<p><span style=\"font-weight: 400;\">Segundo o instituto, em Maracay, estado de Aragua, alguns motociclistas abordaram o jornalista<\/span><a href=\"https:\/\/x.com\/ipysvenezuela\/status\/1877392695351456142?t=RYV8imnzx66Jb2NG01W6WQ&amp;s=19\"><span style=\"font-weight: 400;\"> Reynaldo Campins<\/span><\/a><span style=\"font-weight: 400;\"> para pedir que lhes entregasse o seu celular.<\/span><\/p>\n<p><span style=\"font-weight: 400;\">Por sua vez, em Carabobo, um membro da Guarda Nacional roubou o celular do jornalista <\/span><a href=\"https:\/\/x.com\/ipysvenezuela\/status\/1877483841041957313?s=48&amp;t=7-f3UVakjAIwyXyarn2TOw\"><span style=\"font-weight: 400;\">Randolfo Branco <\/span><\/a><span style=\"font-weight: 400;\">enquanto fazia uma transmiss\u00e3o ao vivo. E no estado de T\u00e1chira, o locutor Frank Daza, diretor da R\u00e1dio Binacional Informativa, foi agredido por indiv\u00edduos n\u00e3o identificados enquanto cobria um com\u00edcio da oposi\u00e7\u00e3o.<\/span><\/p>\n<h3><span style=\"font-weight: 400;\">Bloqueios de Internet<\/span><\/h3>\n<p><span style=\"font-weight: 400;\">A organiza\u00e7\u00e3o venezuelana em defesa dos direitos digitais<\/span><a href=\"https:\/\/vesinfiltro.com\/\"><span style=\"font-weight: 400;\"> VE sin Filtro informou<\/span><\/a><span style=\"font-weight: 400;\"> que o TikTok sofreu bloqueios em todos os principais provedores de internet da Venezuela dias antes da posse. Os bloqueios duraram entre 6 e 8 horas.<\/span><\/p>\n<p><span style=\"font-weight: 400;\">Eles tamb\u00e9m relataram o bloqueio de sites de pelo menos 21 servi\u00e7os VPN.<\/span><\/p>\n<p><span style=\"font-weight: 400;\">\"Isso ocorre, como em ocasi\u00f5es anteriores, por ordem do regulador de telecomunica\u00e7\u00f5es da Venezuela, a Conatel, com a inten\u00e7\u00e3o de impedir seu uso no pa\u00eds\", disse a o<\/span><a href=\"https:\/\/vesinfiltro.com\/noticias\/2025-01-09_bloqueos\/\"><span style=\"font-weight: 400;\">rganiza\u00e7\u00e3o em nota em seu site<\/span><\/a><span style=\"font-weight: 400;\">.<\/span><\/p>\n<p><span style=\"font-weight: 400;\">A organiza\u00e7\u00e3o relatou o bloqueio de 33 servidores DNS p\u00fablicos, incluindo os mais conhecidos como Google Public DNS (8.8.8.8) e 1.1.1.1 da Cloudflare. Essa t\u00e9cnica dificulta o acesso dos usu\u00e1rios \u00e0 internet e a determinados sites, disse a VE sin Filtro.<\/span><\/p>\n<p><span style=\"font-weight: 400;\">Por sua vez, o observat\u00f3rio de bloqueio da Internet NetBlocks informou, em sua conta no Twitter, que em 10 de janeiro, enquanto Maduro tomava posse, <\/span><a href=\"https:\/\/x.com\/netblocks\/status\/1877890775406575711\"><span style=\"font-weight: 400;\">o acesso ao aplicativo de mensagens Telegram<\/span><\/a><span style=\"font-weight: 400;\"> foi interrompido e os usu\u00e1rios tiveram problemas para acessar o servi\u00e7o.<\/span><\/p>\n","protected":false},"excerpt":{"rendered":"<p>O desaparecimento de Carlos Correa, defensor da liberdade de express\u00e3o, e o bloqueio generalizado do TikTok indicam uma escalada da repress\u00e3o no in\u00edcio do terceiro mandato de Nicol\u00e1s Maduro.<\/p>\n","protected":false},"author":36,"featured_media":94271,"comment_status":"closed","ping_status":"closed","sticky":false,"template":"","format":"standard","meta":{"inline_featured_image":false,"footnotes":""},"categories":[1221],"tags":[1402],"coauthors":[2745],"class_list":["post-94301","post","type-post","status-publish","format-standard","has-post-thumbnail","hentry","category-violencia-contra-jornalistas-pt-br","tag-venezuela-pt-br"],"acf":[],"yoast_head":"<!-- This site is optimized with the Yoast SEO Premium plugin v22.6 (Yoast SEO v27.4) - https:\/\/yoast.com\/product\/yoast-seo-premium-wordpress\/ -->\n<title>Jornalistas venezuelanos detidos e censurados durante a posse de Maduro - LatAm Journalism Review by the Knight Center<\/title>\n<meta name=\"description\" content=\"Dsaparecimento de Carlos Correa e bloqueio generalizado do TikTok indicam mais repress\u00e3o no in\u00edcio do terceiro mandato de Nicol\u00e1s Maduro.\" \/>\n<meta name=\"robots\" content=\"index, follow, max-snippet:-1, max-image-preview:large, max-video-preview:-1\" \/>\n<link rel=\"canonical\" href=\"https:\/\/latamjournalismreview.org\/pt-br\/articles\/jornalistas-venezuelanos-detidos-e-censurados-durante-a-posse-de-maduro\/\" \/>\n<meta property=\"og:locale\" content=\"pt_BR\" \/>\n<meta property=\"og:type\" content=\"article\" \/>\n<meta property=\"og:title\" content=\"Jornalistas venezuelanos detidos e censurados durante a posse de Maduro\" \/>\n<meta property=\"og:description\" content=\"Dsaparecimento de Carlos Correa e bloqueio generalizado do TikTok indicam mais repress\u00e3o no in\u00edcio do terceiro mandato de Nicol\u00e1s Maduro.\" \/>\n<meta property=\"og:url\" content=\"https:\/\/latamjournalismreview.org\/pt-br\/articles\/jornalistas-venezuelanos-detidos-e-censurados-durante-a-posse-de-maduro\/\" \/>\n<meta property=\"og:site_name\" content=\"LatAm Journalism Review by the Knight Center\" \/>\n<meta property=\"article:published_time\" content=\"2025-01-15T21:00:59+00:00\" \/>\n<meta property=\"og:image\" content=\"https:\/\/latamjournalismreview.org\/wp-content\/uploads\/2025\/01\/AP-PHOTO-Venezuela-Protests.png\" \/>\n\t<meta property=\"og:image:width\" content=\"507\" \/>\n\t<meta property=\"og:image:height\" content=\"340\" \/>\n\t<meta property=\"og:image:type\" content=\"image\/png\" \/>\n<meta name=\"author\" content=\"Katherine Pennacchio\" \/>\n<meta name=\"twitter:card\" content=\"summary_large_image\" \/>\n<meta name=\"twitter:creator\" content=\"@kathypennacchio\" \/>\n<meta name=\"twitter:site\" content=\"@LatAmJournalism\" \/>\n<meta name=\"twitter:label1\" content=\"Written by\" \/>\n\t<meta name=\"twitter:data1\" content=\"Katherine Pennacchio\" \/>\n\t<meta name=\"twitter:label2\" content=\"Est. reading time\" \/>\n\t<meta name=\"twitter:data2\" content=\"6 minutos\" \/>\n<script type=\"application\/ld+json\" class=\"yoast-schema-graph\">{\"@context\":\"https:\\\/\\\/schema.org\",\"@graph\":[{\"@type\":\"Article\",\"@id\":\"https:\\\/\\\/latamjournalismreview.org\\\/pt-br\\\/articles\\\/jornalistas-venezuelanos-detidos-e-censurados-durante-a-posse-de-maduro\\\/#article\",\"isPartOf\":{\"@id\":\"https:\\\/\\\/latamjournalismreview.org\\\/pt-br\\\/articles\\\/jornalistas-venezuelanos-detidos-e-censurados-durante-a-posse-de-maduro\\\/\"},\"author\":{\"name\":\"Katherine Pennacchio\",\"@id\":\"https:\\\/\\\/latamjournalismreview.org\\\/pt-br\\\/#\\\/schema\\\/person\\\/35fb0fc8541711528b3683cd6bf42190\"},\"headline\":\"Jornalistas venezuelanos detidos e censurados durante a posse de Maduro\",\"datePublished\":\"2025-01-15T21:00:59+00:00\",\"mainEntityOfPage\":{\"@id\":\"https:\\\/\\\/latamjournalismreview.org\\\/pt-br\\\/articles\\\/jornalistas-venezuelanos-detidos-e-censurados-durante-a-posse-de-maduro\\\/\"},\"wordCount\":1225,\"publisher\":{\"@id\":\"https:\\\/\\\/latamjournalismreview.org\\\/pt-br\\\/#organization\"},\"image\":{\"@id\":\"https:\\\/\\\/latamjournalismreview.org\\\/pt-br\\\/articles\\\/jornalistas-venezuelanos-detidos-e-censurados-durante-a-posse-de-maduro\\\/#primaryimage\"},\"thumbnailUrl\":\"https:\\\/\\\/latamjournalismreview.org\\\/wp-content\\\/uploads\\\/2025\\\/01\\\/AP-PHOTO-Venezuela-Protests.png\",\"keywords\":[\"Venezuela\"],\"articleSection\":[\"Viol\u00eancia Contra Jornalistas\"],\"inLanguage\":\"pt-BR\"},{\"@type\":\"WebPage\",\"@id\":\"https:\\\/\\\/latamjournalismreview.org\\\/pt-br\\\/articles\\\/jornalistas-venezuelanos-detidos-e-censurados-durante-a-posse-de-maduro\\\/\",\"url\":\"https:\\\/\\\/latamjournalismreview.org\\\/pt-br\\\/articles\\\/jornalistas-venezuelanos-detidos-e-censurados-durante-a-posse-de-maduro\\\/\",\"name\":\"Jornalistas venezuelanos detidos e censurados durante a posse de Maduro - LatAm Journalism Review by the Knight Center\",\"isPartOf\":{\"@id\":\"https:\\\/\\\/latamjournalismreview.org\\\/pt-br\\\/#website\"},\"primaryImageOfPage\":{\"@id\":\"https:\\\/\\\/latamjournalismreview.org\\\/pt-br\\\/articles\\\/jornalistas-venezuelanos-detidos-e-censurados-durante-a-posse-de-maduro\\\/#primaryimage\"},\"image\":{\"@id\":\"https:\\\/\\\/latamjournalismreview.org\\\/pt-br\\\/articles\\\/jornalistas-venezuelanos-detidos-e-censurados-durante-a-posse-de-maduro\\\/#primaryimage\"},\"thumbnailUrl\":\"https:\\\/\\\/latamjournalismreview.org\\\/wp-content\\\/uploads\\\/2025\\\/01\\\/AP-PHOTO-Venezuela-Protests.png\",\"datePublished\":\"2025-01-15T21:00:59+00:00\",\"description\":\"Dsaparecimento de Carlos Correa e bloqueio generalizado do TikTok indicam mais repress\u00e3o no in\u00edcio do terceiro mandato de Nicol\u00e1s Maduro.\",\"breadcrumb\":{\"@id\":\"https:\\\/\\\/latamjournalismreview.org\\\/pt-br\\\/articles\\\/jornalistas-venezuelanos-detidos-e-censurados-durante-a-posse-de-maduro\\\/#breadcrumb\"},\"inLanguage\":\"pt-BR\",\"potentialAction\":[{\"@type\":\"ReadAction\",\"target\":[\"https:\\\/\\\/latamjournalismreview.org\\\/pt-br\\\/articles\\\/jornalistas-venezuelanos-detidos-e-censurados-durante-a-posse-de-maduro\\\/\"]}]},{\"@type\":\"ImageObject\",\"inLanguage\":\"pt-BR\",\"@id\":\"https:\\\/\\\/latamjournalismreview.org\\\/pt-br\\\/articles\\\/jornalistas-venezuelanos-detidos-e-censurados-durante-a-posse-de-maduro\\\/#primaryimage\",\"url\":\"https:\\\/\\\/latamjournalismreview.org\\\/wp-content\\\/uploads\\\/2025\\\/01\\\/AP-PHOTO-Venezuela-Protests.png\",\"contentUrl\":\"https:\\\/\\\/latamjournalismreview.org\\\/wp-content\\\/uploads\\\/2025\\\/01\\\/AP-PHOTO-Venezuela-Protests.png\",\"width\":507,\"height\":340,\"caption\":\"In Caracas, Venezuela, opposition demonstrators shout slogans against the police during a protest against the re-inauguration of authoritarian President Maduro. Opposition leader Machado had called for the rally. (Photo by: Jesus Vargas\\\/picture-alliance\\\/dpa\\\/AP Images)\"},{\"@type\":\"BreadcrumbList\",\"@id\":\"https:\\\/\\\/latamjournalismreview.org\\\/pt-br\\\/articles\\\/jornalistas-venezuelanos-detidos-e-censurados-durante-a-posse-de-maduro\\\/#breadcrumb\",\"itemListElement\":[{\"@type\":\"ListItem\",\"position\":1,\"name\":\"Home\",\"item\":\"https:\\\/\\\/latamjournalismreview.org\\\/pt-br\\\/\"},{\"@type\":\"ListItem\",\"position\":2,\"name\":\"Jornalistas venezuelanos detidos e censurados durante a posse de Maduro\"}]},{\"@type\":\"WebSite\",\"@id\":\"https:\\\/\\\/latamjournalismreview.org\\\/pt-br\\\/#website\",\"url\":\"https:\\\/\\\/latamjournalismreview.org\\\/pt-br\\\/\",\"name\":\"LatAm Journalism Review\",\"description\":\"Digital magazine on journalism in Latin America\",\"publisher\":{\"@id\":\"https:\\\/\\\/latamjournalismreview.org\\\/pt-br\\\/#organization\"},\"potentialAction\":[{\"@type\":\"SearchAction\",\"target\":{\"@type\":\"EntryPoint\",\"urlTemplate\":\"https:\\\/\\\/latamjournalismreview.org\\\/pt-br\\\/?s={search_term_string}\"},\"query-input\":{\"@type\":\"PropertyValueSpecification\",\"valueRequired\":true,\"valueName\":\"search_term_string\"}}],\"inLanguage\":\"pt-BR\"},{\"@type\":\"Organization\",\"@id\":\"https:\\\/\\\/latamjournalismreview.org\\\/pt-br\\\/#organization\",\"name\":\"LatAm Journalism Review\",\"url\":\"https:\\\/\\\/latamjournalismreview.org\\\/pt-br\\\/\",\"logo\":{\"@type\":\"ImageObject\",\"inLanguage\":\"pt-BR\",\"@id\":\"https:\\\/\\\/latamjournalismreview.org\\\/pt-br\\\/#\\\/schema\\\/logo\\\/image\\\/\",\"url\":\"https:\\\/\\\/latamjournalismreview.org\\\/wp-content\\\/uploads\\\/2020\\\/05\\\/knight-latAm-review-logo.svg\",\"contentUrl\":\"https:\\\/\\\/latamjournalismreview.org\\\/wp-content\\\/uploads\\\/2020\\\/05\\\/knight-latAm-review-logo.svg\",\"width\":\"1024\",\"height\":\"1024\",\"caption\":\"LatAm Journalism Review\"},\"image\":{\"@id\":\"https:\\\/\\\/latamjournalismreview.org\\\/pt-br\\\/#\\\/schema\\\/logo\\\/image\\\/\"},\"sameAs\":[\"https:\\\/\\\/x.com\\\/LatAmJournalism\"]},{\"@type\":\"Person\",\"@id\":\"https:\\\/\\\/latamjournalismreview.org\\\/pt-br\\\/#\\\/schema\\\/person\\\/35fb0fc8541711528b3683cd6bf42190\",\"name\":\"Katherine Pennacchio\",\"description\":\"Katherine Pennacchio is a Venezuelan journalist with a master's degree in Investigative, Data and Visualization Journalism from Unidad Editorial and the Rey Juan Carlos University of Madrid. Katherine is passionate about data analysis and currently works as a freelancer. ____ Katherine Pennacchio es una periodista venezolana con una maestr\u00eda en Periodismo de Investigaci\u00f3n, Datos y Visualizaci\u00f3n de la Unidad Editorial y la Universidad Rey Juan Carlos de Madrid. Katherine es una apasionada del an\u00e1lisis de datos y actualmente trabaja como independiente.\",\"sameAs\":[\"https:\\\/\\\/x.com\\\/kathypennacchio\"],\"url\":\"https:\\\/\\\/latamjournalismreview.org\\\/pt-br\\\/articles\\\/author\\\/katherine-pennacchio\\\/\"}]}<\/script>\n<!-- \/ Yoast SEO Premium plugin. -->","yoast_head_json":{"title":"Jornalistas venezuelanos detidos e censurados durante a posse de Maduro - LatAm Journalism Review by the Knight Center","description":"Dsaparecimento de Carlos Correa e bloqueio generalizado do TikTok indicam mais repress\u00e3o no in\u00edcio do terceiro mandato de Nicol\u00e1s Maduro.","robots":{"index":"index","follow":"follow","max-snippet":"max-snippet:-1","max-image-preview":"max-image-preview:large","max-video-preview":"max-video-preview:-1"},"canonical":"https:\/\/latamjournalismreview.org\/pt-br\/articles\/jornalistas-venezuelanos-detidos-e-censurados-durante-a-posse-de-maduro\/","og_locale":"pt_BR","og_type":"article","og_title":"Jornalistas venezuelanos detidos e censurados durante a posse de Maduro","og_description":"Dsaparecimento de Carlos Correa e bloqueio generalizado do TikTok indicam mais repress\u00e3o no in\u00edcio do terceiro mandato de Nicol\u00e1s Maduro.","og_url":"https:\/\/latamjournalismreview.org\/pt-br\/articles\/jornalistas-venezuelanos-detidos-e-censurados-durante-a-posse-de-maduro\/","og_site_name":"LatAm Journalism Review by the Knight Center","article_published_time":"2025-01-15T21:00:59+00:00","og_image":[{"width":507,"height":340,"url":"https:\/\/latamjournalismreview.org\/wp-content\/uploads\/2025\/01\/AP-PHOTO-Venezuela-Protests.png","type":"image\/png"}],"author":"Katherine Pennacchio","twitter_card":"summary_large_image","twitter_creator":"@kathypennacchio","twitter_site":"@LatAmJournalism","twitter_misc":{"Written by":"Katherine Pennacchio","Est. reading time":"6 minutos"},"schema":{"@context":"https:\/\/schema.org","@graph":[{"@type":"Article","@id":"https:\/\/latamjournalismreview.org\/pt-br\/articles\/jornalistas-venezuelanos-detidos-e-censurados-durante-a-posse-de-maduro\/#article","isPartOf":{"@id":"https:\/\/latamjournalismreview.org\/pt-br\/articles\/jornalistas-venezuelanos-detidos-e-censurados-durante-a-posse-de-maduro\/"},"author":{"name":"Katherine Pennacchio","@id":"https:\/\/latamjournalismreview.org\/pt-br\/#\/schema\/person\/35fb0fc8541711528b3683cd6bf42190"},"headline":"Jornalistas venezuelanos detidos e censurados durante a posse de Maduro","datePublished":"2025-01-15T21:00:59+00:00","mainEntityOfPage":{"@id":"https:\/\/latamjournalismreview.org\/pt-br\/articles\/jornalistas-venezuelanos-detidos-e-censurados-durante-a-posse-de-maduro\/"},"wordCount":1225,"publisher":{"@id":"https:\/\/latamjournalismreview.org\/pt-br\/#organization"},"image":{"@id":"https:\/\/latamjournalismreview.org\/pt-br\/articles\/jornalistas-venezuelanos-detidos-e-censurados-durante-a-posse-de-maduro\/#primaryimage"},"thumbnailUrl":"https:\/\/latamjournalismreview.org\/wp-content\/uploads\/2025\/01\/AP-PHOTO-Venezuela-Protests.png","keywords":["Venezuela"],"articleSection":["Viol\u00eancia Contra Jornalistas"],"inLanguage":"pt-BR"},{"@type":"WebPage","@id":"https:\/\/latamjournalismreview.org\/pt-br\/articles\/jornalistas-venezuelanos-detidos-e-censurados-durante-a-posse-de-maduro\/","url":"https:\/\/latamjournalismreview.org\/pt-br\/articles\/jornalistas-venezuelanos-detidos-e-censurados-durante-a-posse-de-maduro\/","name":"Jornalistas venezuelanos detidos e censurados durante a posse de Maduro - LatAm Journalism Review by the Knight Center","isPartOf":{"@id":"https:\/\/latamjournalismreview.org\/pt-br\/#website"},"primaryImageOfPage":{"@id":"https:\/\/latamjournalismreview.org\/pt-br\/articles\/jornalistas-venezuelanos-detidos-e-censurados-durante-a-posse-de-maduro\/#primaryimage"},"image":{"@id":"https:\/\/latamjournalismreview.org\/pt-br\/articles\/jornalistas-venezuelanos-detidos-e-censurados-durante-a-posse-de-maduro\/#primaryimage"},"thumbnailUrl":"https:\/\/latamjournalismreview.org\/wp-content\/uploads\/2025\/01\/AP-PHOTO-Venezuela-Protests.png","datePublished":"2025-01-15T21:00:59+00:00","description":"Dsaparecimento de Carlos Correa e bloqueio generalizado do TikTok indicam mais repress\u00e3o no in\u00edcio do terceiro mandato de Nicol\u00e1s Maduro.","breadcrumb":{"@id":"https:\/\/latamjournalismreview.org\/pt-br\/articles\/jornalistas-venezuelanos-detidos-e-censurados-durante-a-posse-de-maduro\/#breadcrumb"},"inLanguage":"pt-BR","potentialAction":[{"@type":"ReadAction","target":["https:\/\/latamjournalismreview.org\/pt-br\/articles\/jornalistas-venezuelanos-detidos-e-censurados-durante-a-posse-de-maduro\/"]}]},{"@type":"ImageObject","inLanguage":"pt-BR","@id":"https:\/\/latamjournalismreview.org\/pt-br\/articles\/jornalistas-venezuelanos-detidos-e-censurados-durante-a-posse-de-maduro\/#primaryimage","url":"https:\/\/latamjournalismreview.org\/wp-content\/uploads\/2025\/01\/AP-PHOTO-Venezuela-Protests.png","contentUrl":"https:\/\/latamjournalismreview.org\/wp-content\/uploads\/2025\/01\/AP-PHOTO-Venezuela-Protests.png","width":507,"height":340,"caption":"In Caracas, Venezuela, opposition demonstrators shout slogans against the police during a protest against the re-inauguration of authoritarian President Maduro. Opposition leader Machado had called for the rally. (Photo by: Jesus Vargas\/picture-alliance\/dpa\/AP Images)"},{"@type":"BreadcrumbList","@id":"https:\/\/latamjournalismreview.org\/pt-br\/articles\/jornalistas-venezuelanos-detidos-e-censurados-durante-a-posse-de-maduro\/#breadcrumb","itemListElement":[{"@type":"ListItem","position":1,"name":"Home","item":"https:\/\/latamjournalismreview.org\/pt-br\/"},{"@type":"ListItem","position":2,"name":"Jornalistas venezuelanos detidos e censurados durante a posse de Maduro"}]},{"@type":"WebSite","@id":"https:\/\/latamjournalismreview.org\/pt-br\/#website","url":"https:\/\/latamjournalismreview.org\/pt-br\/","name":"LatAm Journalism Review","description":"Digital magazine on journalism in Latin America","publisher":{"@id":"https:\/\/latamjournalismreview.org\/pt-br\/#organization"},"potentialAction":[{"@type":"SearchAction","target":{"@type":"EntryPoint","urlTemplate":"https:\/\/latamjournalismreview.org\/pt-br\/?s={search_term_string}"},"query-input":{"@type":"PropertyValueSpecification","valueRequired":true,"valueName":"search_term_string"}}],"inLanguage":"pt-BR"},{"@type":"Organization","@id":"https:\/\/latamjournalismreview.org\/pt-br\/#organization","name":"LatAm Journalism Review","url":"https:\/\/latamjournalismreview.org\/pt-br\/","logo":{"@type":"ImageObject","inLanguage":"pt-BR","@id":"https:\/\/latamjournalismreview.org\/pt-br\/#\/schema\/logo\/image\/","url":"https:\/\/latamjournalismreview.org\/wp-content\/uploads\/2020\/05\/knight-latAm-review-logo.svg","contentUrl":"https:\/\/latamjournalismreview.org\/wp-content\/uploads\/2020\/05\/knight-latAm-review-logo.svg","width":"1024","height":"1024","caption":"LatAm Journalism Review"},"image":{"@id":"https:\/\/latamjournalismreview.org\/pt-br\/#\/schema\/logo\/image\/"},"sameAs":["https:\/\/x.com\/LatAmJournalism"]},{"@type":"Person","@id":"https:\/\/latamjournalismreview.org\/pt-br\/#\/schema\/person\/35fb0fc8541711528b3683cd6bf42190","name":"Katherine Pennacchio","description":"Katherine Pennacchio is a Venezuelan journalist with a master's degree in Investigative, Data and Visualization Journalism from Unidad Editorial and the Rey Juan Carlos University of Madrid. Katherine is passionate about data analysis and currently works as a freelancer. ____ Katherine Pennacchio es una periodista venezolana con una maestr\u00eda en Periodismo de Investigaci\u00f3n, Datos y Visualizaci\u00f3n de la Unidad Editorial y la Universidad Rey Juan Carlos de Madrid. Katherine es una apasionada del an\u00e1lisis de datos y actualmente trabaja como independiente.","sameAs":["https:\/\/x.com\/kathypennacchio"],"url":"https:\/\/latamjournalismreview.org\/pt-br\/articles\/author\/katherine-pennacchio\/"}]}},"_links":{"self":[{"href":"https:\/\/latamjournalismreview.org\/pt-br\/wp-json\/wp\/v2\/posts\/94301","targetHints":{"allow":["GET"]}}],"collection":[{"href":"https:\/\/latamjournalismreview.org\/pt-br\/wp-json\/wp\/v2\/posts"}],"about":[{"href":"https:\/\/latamjournalismreview.org\/pt-br\/wp-json\/wp\/v2\/types\/post"}],"author":[{"embeddable":true,"href":"https:\/\/latamjournalismreview.org\/pt-br\/wp-json\/wp\/v2\/users\/36"}],"replies":[{"embeddable":true,"href":"https:\/\/latamjournalismreview.org\/pt-br\/wp-json\/wp\/v2\/comments?post=94301"}],"version-history":[{"count":1,"href":"https:\/\/latamjournalismreview.org\/pt-br\/wp-json\/wp\/v2\/posts\/94301\/revisions"}],"predecessor-version":[{"id":94307,"href":"https:\/\/latamjournalismreview.org\/pt-br\/wp-json\/wp\/v2\/posts\/94301\/revisions\/94307"}],"wp:featuredmedia":[{"embeddable":true,"href":"https:\/\/latamjournalismreview.org\/pt-br\/wp-json\/wp\/v2\/media\/94271"}],"wp:attachment":[{"href":"https:\/\/latamjournalismreview.org\/pt-br\/wp-json\/wp\/v2\/media?parent=94301"}],"wp:term":[{"taxonomy":"category","embeddable":true,"href":"https:\/\/latamjournalismreview.org\/pt-br\/wp-json\/wp\/v2\/categories?post=94301"},{"taxonomy":"post_tag","embeddable":true,"href":"https:\/\/latamjournalismreview.org\/pt-br\/wp-json\/wp\/v2\/tags?post=94301"},{"taxonomy":"author","embeddable":true,"href":"https:\/\/latamjournalismreview.org\/pt-br\/wp-json\/wp\/v2\/coauthors?post=94301"}],"curies":[{"name":"wp","href":"https:\/\/api.w.org\/{rel}","templated":true}]}}